{"id":75842,"date":"2025-05-04T15:42:12","date_gmt":"2025-05-04T12:42:12","guid":{"rendered":"https:\/\/denizcankizil.tr\/uncategorized-tr\/konya-karatayda-hizmetler-konusuldu\/"},"modified":"2025-05-04T15:42:12","modified_gmt":"2025-05-04T12:42:12","slug":"konya-karatayda-hizmetler-konusuldu","status":"publish","type":"post","link":"https:\/\/denizcankizil.tr\/en\/haberler\/gundem\/konya-karatayda-hizmetler-konusuldu\/","title":{"rendered":"Konya Karatay&#8217;da hizmetler konu\u015fuldu"},"content":{"rendered":"<p>Karatay Belediye Ba\u015fkan\u0131 Hasan K\u0131lca, AK Parti Yerel Y\u00f6netimler Ba\u015fkanl\u0131\u011f\u0131\u2019n\u0131n d\u00fczenledi\u011fi \u201cVatanda\u015f Soruyor, Ba\u015fkan Cevapl\u0131yor\u201d program\u0131 kapsam\u0131nda Sedirler ve Ulubatl\u0131 Hasan Mahallelerinde vatanda\u015flarla bir araya geldi.KONYA (\u0130GFA) &#8211; AK Parti Yerel Y\u00f6netimler Ba\u015fkanl\u0131\u011f\u0131 taraf\u0131ndan e\u015f zamanl\u0131 olarak T\u00fcrkiye genelinde d\u00fczenlenen bu bulu\u015fmalar\u0131n Karatay aya\u011f\u0131, Konya B\u00fcy\u00fck\u015fehir Belediye Ba\u015fkan\u0131 U\u011fur \u0130brahim Altay\u2019\u0131n da kat\u0131l\u0131m\u0131yla ger\u00e7ekle\u015ftirildi. Programa ayr\u0131ca AK Parti Karatay \u0130l\u00e7e Ba\u015fkan\u0131 Akif Demirci, il\u00e7e y\u00f6netimi, meclis \u00fcyeleri, belediye ba\u015fkan yard\u0131mc\u0131lar\u0131, birim m\u00fcd\u00fcrleri ve \u00e7ok say\u0131da vatanda\u015f kat\u0131ld\u0131.Toplant\u0131da, Karatay\u2019da bug\u00fcne kadar hayata ge\u00e7irilen projeler ile \u00f6n\u00fcm\u00fczdeki d\u00f6neme dair hedefler ayr\u0131nt\u0131l\u0131 bir \u015fekilde anlat\u0131ld\u0131. Vatanda\u015flar da taleplerini ve \u00f6nerilerini do\u011frudan yetkililere iletti.<\/p>\n<p>KILCA: \u201cEN B\u00dcY\u00dcK PROJEM\u0130Z G\u00d6N\u00dcLLERE G\u0130RMEK\u201d<br \/>\nBa\u015fkan Hasan K\u0131lca, Sedirler ve Ulubatl\u0131 Hasan mahallelerinde ger\u00e7ekle\u015ftirilen yat\u0131r\u0131mlar hakk\u0131nda bilgi vererek, \u201cSedirler Mahallemiz her ge\u00e7en g\u00fcn de\u011fi\u015fiyor, geli\u015fiyor. Daha yap\u0131lacak \u00e7ok i\u015fimiz var. Park s\u00f6z\u00fcm\u00fcz\u00fc tuttuk, m\u00fclkiyet sorunu olan alanlarda \u00e7\u00f6z\u00fcm sa\u011flad\u0131k. \u015eimdi ise b\u00fcy\u00fck bir konut kooperatifi kurarak yeni in\u015faatlara ba\u015flayaca\u011f\u0131z. Karatay Sedir Park Konut Yap\u0131 Kooperatifi kurarak in\u015faatlar\u0131n\u0131 h\u0131zl\u0131 bir \u015fekilde devam ediyor. \u00a0Yak\u0131nda 220 daireyi hak sahiplerine teslim edece\u011fiz\u201d dedi.K\u0131lca, il\u00e7ede her ya\u015f grubuna y\u00f6nelik hizmetlerin s\u00fcrd\u00fc\u011f\u00fcn\u00fc belirterek, \u201cEmekliler i\u00e7in Emekli Kona\u011f\u0131, \u00e7ocuklar\u0131m\u0131z i\u00e7in Bilgi Evi, ucuz ve kaliteli ekmek i\u00e7in ekmek b\u00fcfeleri, gen\u00e7lerimize spor salonlar\u0131, k\u00fct\u00fcphaneler, hal\u0131 sahalar kazand\u0131r\u0131yoruz. T\u00fcrkiye\u2019nin en b\u00fcy\u00fck Engelsiz Ya\u015fam Merkezi\u2019ni ve g\u00fcnde 10 bin ki\u015fiye yemek \u00e7\u0131karabilecek bir a\u015fevi in\u015fa ettik\u201d ifadelerini kulland\u0131.<br \/>\n\u201cHER MAHALLEYE H\u0130ZMET G\u00d6T\u00dcRMEK \u0130\u00c7\u0130N \u00c7ALI\u015eIYORUZ\u201d<br \/>\nK\u0131lca, g\u00f6reve geldikleri g\u00fcnden bu yana Karatay\u2019\u0131n d\u00f6rt bir yan\u0131na hizmet ula\u015ft\u0131rma gayretinde olduklar\u0131n\u0131 s\u00f6yleyerek, \u201cBu b\u00f6lgede eski evler vard\u0131, biz buraya park yapt\u0131k. Devam\u0131nda Trafik E\u011fitim Park\u0131\u2019n\u0131 kazand\u0131rd\u0131k. Ulubatl\u0131 Hasan Mahallemize Konya\u2019n\u0131n en b\u00fcy\u00fck tenis kortunu yapt\u0131k. Ayr\u0131ca 2 adet Kafe Karatay \u015fubesi ve yeni parklar da mahallemize de\u011fer katt\u0131\u201d dedi.<\/p>\n<p>\u201cKARATAY, YA\u015eANAB\u0130L\u0130RL\u0130K SIRALAMASINDA Y\u00dcKSEL\u0130YOR\u201d<br \/>\nKaratay\u2019\u0131n geli\u015fimine b\u00fcy\u00fck katk\u0131 sunduklar\u0131n\u0131 ifade eden Ba\u015fkan K\u0131lca, \u201cSanayi ve Teknoloji Bakanl\u0131\u011f\u0131\u2019n\u0131n verilerine g\u00f6re, g\u00f6reve geldi\u011fimizde Karatay 922 il\u00e7e aras\u0131nda 200\u2019\u00fcnc\u00fc s\u0131radayken bug\u00fcn 82\u2019nci s\u0131raya y\u00fckseldi. Bu ba\u015far\u0131 hepimizin\u201d \u015feklinde konu\u015ftu.<br \/>\n\u201cKARATAY, \u00dcRET\u0130M\u0130N MERKEZ\u0130 OLUYOR\u201d<br \/>\nK\u0131lca, Karatay\u2019\u0131n tar\u0131m, turizm ve art\u0131k sanayinin merkezi oldu\u011funu belirterek, \u201cFevzi \u00c7akmak Mahallemizin neredeyse tamam\u0131 sanayi b\u00f6lgesine d\u00f6n\u00fc\u015ft\u00fc. 70\u2019in \u00fczerinde sanayi sitesiyle Karatay, \u00fcretimin ba\u015fkenti olma yolunda ilerliyor. Biz de sanayicimizin ve esnaf\u0131m\u0131z\u0131n yan\u0131nda olmaya devam ediyoruz\u201d dedi.<br \/>\nDEM\u0130RC\u0130: \u201cVATANDA\u015eLA BULU\u015eMALARIMIZ S\u00dcRECEK\u201d<br \/>\nAK Parti Karatay \u0130l\u00e7e Ba\u015fkan\u0131 Akif Demirci de yapt\u0131\u011f\u0131 a\u00e7\u0131klamada, \u201cBu programla vatanda\u015flar\u0131m\u0131z belediye ba\u015fkan\u0131m\u0131za do\u011frudan ula\u015farak d\u00fc\u015f\u00fcncelerini payla\u015fma f\u0131rsat\u0131 buluyor. \u015eimdiye kadar farkl\u0131 mahallelerde yapt\u0131\u011f\u0131m\u0131z bu bulu\u015fmalar, \u00f6n\u00fcm\u00fczdeki s\u00fcre\u00e7te de s\u00fcrecek\u201d ifadelerini kulland\u0131.<br \/>\nALTAY: \u201cS\u0130ZLERLE HER ZAMAN \u0130\u00c7 \u0130\u00c7EY\u0130Z\u201d<br \/>\nKonya B\u00fcy\u00fck\u015fehir Belediye Ba\u015fkan\u0131 U\u011fur \u0130brahim Altay ise, \u201cBizler sadece bu programlarda de\u011fil, her zaman sizlerle birlikteyiz. Hem\u015fehrilerimizi dinliyor, \u015fehrimizi birlikte y\u00f6netiyoruz. Bizim bereketimiz birlik ve beraberli\u011fimiz. Karatay Belediye Ba\u015fkan\u0131m\u0131za ve eme\u011fi ge\u00e7en herkese te\u015fekk\u00fcr ediyorum\u201d diye konu\u015ftu.\u00a0<\/p>\n<p>\u200bKaratay Belediye Ba\u015fkan\u0131 Hasan K\u0131lca, AK Parti Yerel Y\u00f6netimler Ba\u015fkanl\u0131\u011f\u0131\u2019n\u0131n d\u00fczenledi\u011fi \u201cVatanda\u015f Soruyor, Ba\u015fkan Cevapl\u0131yor\u201d program\u0131 kapsam\u0131nda Sedirler ve Ulubatl\u0131 Hasan Mahallelerinde vatanda\u015flarla bir araya geldi.KONYA (\u0130GFA) &#8211; AK Parti Yerel Y\u00f6netimler Ba\u015fkanl\u0131\u011f\u0131 taraf\u0131ndan e\u015f zamanl\u0131 olarak T\u00fcrkiye genelinde d\u00fczenlenen bu bulu\u015fmalar\u0131n Karatay aya\u011f\u0131, Konya B\u00fcy\u00fck\u015fehir Belediye Ba\u015fkan\u0131 U\u011fur \u0130brahim Altay\u2019\u0131n da kat\u0131l\u0131m\u0131yla ger\u00e7ekle\u015ftirildi. Programa ayr\u0131ca AK Parti Karatay \u0130l\u00e7e Ba\u015fkan\u0131 Akif Demirci, il\u00e7e y\u00f6netimi, meclis \u00fcyeleri, belediye ba\u015fkan yard\u0131mc\u0131lar\u0131, birim m\u00fcd\u00fcrleri ve \u00e7ok say\u0131da vatanda\u015f kat\u0131ld\u0131.Toplant\u0131da, Karatay\u2019da bug\u00fcne kadar hayata ge\u00e7irilen projeler ile \u00f6n\u00fcm\u00fczdeki d\u00f6neme dair hedefler ayr\u0131nt\u0131l\u0131 bir \u015fekilde anlat\u0131ld\u0131. Vatanda\u015flar da taleplerini ve \u00f6nerilerini do\u011frudan yetkililere iletti.<\/p>\n<p>KILCA: \u201cEN B\u00dcY\u00dcK PROJEM\u0130Z G\u00d6N\u00dcLLERE G\u0130RMEK\u201d<br \/>\nBa\u015fkan Hasan K\u0131lca, Sedirler ve Ulubatl\u0131 Hasan mahallelerinde ger\u00e7ekle\u015ftirilen yat\u0131r\u0131mlar hakk\u0131nda bilgi vererek, \u201cSedirler Mahallemiz her ge\u00e7en g\u00fcn de\u011fi\u015fiyor, geli\u015fiyor. Daha yap\u0131lacak \u00e7ok i\u015fimiz var. Park s\u00f6z\u00fcm\u00fcz\u00fc tuttuk, m\u00fclkiyet sorunu olan alanlarda \u00e7\u00f6z\u00fcm sa\u011flad\u0131k. \u015eimdi ise b\u00fcy\u00fck bir konut kooperatifi kurarak yeni in\u015faatlara ba\u015flayaca\u011f\u0131z. Karatay Sedir Park Konut Yap\u0131 Kooperatifi kurarak in\u015faatlar\u0131n\u0131 h\u0131zl\u0131 bir \u015fekilde devam ediyor. \u00a0Yak\u0131nda 220 daireyi hak sahiplerine teslim edece\u011fiz\u201d dedi.K\u0131lca, il\u00e7ede her ya\u015f grubuna y\u00f6nelik hizmetlerin s\u00fcrd\u00fc\u011f\u00fcn\u00fc belirterek, \u201cEmekliler i\u00e7in Emekli Kona\u011f\u0131, \u00e7ocuklar\u0131m\u0131z i\u00e7in Bilgi Evi, ucuz ve kaliteli ekmek i\u00e7in ekmek b\u00fcfeleri, gen\u00e7lerimize spor salonlar\u0131, k\u00fct\u00fcphaneler, hal\u0131 sahalar kazand\u0131r\u0131yoruz. T\u00fcrkiye\u2019nin en b\u00fcy\u00fck Engelsiz Ya\u015fam Merkezi\u2019ni ve g\u00fcnde 10 bin ki\u015fiye yemek \u00e7\u0131karabilecek bir a\u015fevi in\u015fa ettik\u201d ifadelerini kulland\u0131.<br \/>\n\u201cHER MAHALLEYE H\u0130ZMET G\u00d6T\u00dcRMEK \u0130\u00c7\u0130N \u00c7ALI\u015eIYORUZ\u201d<br \/>\nK\u0131lca, g\u00f6reve geldikleri g\u00fcnden bu yana Karatay\u2019\u0131n d\u00f6rt bir yan\u0131na hizmet ula\u015ft\u0131rma gayretinde olduklar\u0131n\u0131 s\u00f6yleyerek, \u201cBu b\u00f6lgede eski evler vard\u0131, biz buraya park yapt\u0131k. Devam\u0131nda Trafik E\u011fitim Park\u0131\u2019n\u0131 kazand\u0131rd\u0131k. Ulubatl\u0131 Hasan Mahallemize Konya\u2019n\u0131n en b\u00fcy\u00fck tenis kortunu yapt\u0131k. Ayr\u0131ca 2 adet Kafe Karatay \u015fubesi ve yeni parklar da mahallemize de\u011fer katt\u0131\u201d dedi.<\/p>\n<p>\u201cKARATAY, YA\u015eANAB\u0130L\u0130RL\u0130K SIRALAMASINDA Y\u00dcKSEL\u0130YOR\u201d<br \/>\nKaratay\u2019\u0131n geli\u015fimine b\u00fcy\u00fck katk\u0131 sunduklar\u0131n\u0131 ifade eden Ba\u015fkan K\u0131lca, \u201cSanayi ve Teknoloji Bakanl\u0131\u011f\u0131\u2019n\u0131n verilerine g\u00f6re, g\u00f6reve geldi\u011fimizde Karatay 922 il\u00e7e aras\u0131nda 200\u2019\u00fcnc\u00fc s\u0131radayken bug\u00fcn 82\u2019nci s\u0131raya y\u00fckseldi. Bu ba\u015far\u0131 hepimizin\u201d \u015feklinde konu\u015ftu.<br \/>\n\u201cKARATAY, \u00dcRET\u0130M\u0130N MERKEZ\u0130 OLUYOR\u201d<br \/>\nK\u0131lca, Karatay\u2019\u0131n tar\u0131m, turizm ve art\u0131k sanayinin merkezi oldu\u011funu belirterek, \u201cFevzi \u00c7akmak Mahallemizin neredeyse tamam\u0131 sanayi b\u00f6lgesine d\u00f6n\u00fc\u015ft\u00fc. 70\u2019in \u00fczerinde sanayi sitesiyle Karatay, \u00fcretimin ba\u015fkenti olma yolunda ilerliyor. Biz de sanayicimizin ve esnaf\u0131m\u0131z\u0131n yan\u0131nda olmaya devam ediyoruz\u201d dedi.<br \/>\nDEM\u0130RC\u0130: \u201cVATANDA\u015eLA BULU\u015eMALARIMIZ S\u00dcRECEK\u201d<br \/>\nAK Parti Karatay \u0130l\u00e7e Ba\u015fkan\u0131 Akif Demirci de yapt\u0131\u011f\u0131 a\u00e7\u0131klamada, \u201cBu programla vatanda\u015flar\u0131m\u0131z belediye ba\u015fkan\u0131m\u0131za do\u011frudan ula\u015farak d\u00fc\u015f\u00fcncelerini payla\u015fma f\u0131rsat\u0131 buluyor. \u015eimdiye kadar farkl\u0131 mahallelerde yapt\u0131\u011f\u0131m\u0131z bu bulu\u015fmalar, \u00f6n\u00fcm\u00fczdeki s\u00fcre\u00e7te de s\u00fcrecek\u201d ifadelerini kulland\u0131.<br \/>\nALTAY: \u201cS\u0130ZLERLE HER ZAMAN \u0130\u00c7 \u0130\u00c7EY\u0130Z\u201d<br \/>\nKonya B\u00fcy\u00fck\u015fehir Belediye Ba\u015fkan\u0131 U\u011fur \u0130brahim Altay ise, \u201cBizler sadece bu programlarda de\u011fil, her zaman sizlerle birlikteyiz. Hem\u015fehrilerimizi dinliyor, \u015fehrimizi birlikte y\u00f6netiyoruz. Bizim bereketimiz birlik ve beraberli\u011fimiz. Karatay Belediye Ba\u015fkan\u0131m\u0131za ve eme\u011fi ge\u00e7en herkese te\u015fekk\u00fcr ediyorum\u201d diye konu\u015ftu.\u00a0\u00a0<\/p>\n<p>\u200bHaberin Al\u0131nt\u0131land\u0131\u011f\u0131 Kaynak: www.iskenderun.org<\/p>","protected":false},"excerpt":{"rendered":"<p>Karatay Belediye Ba\u015fkan\u0131 Hasan K\u0131lca, AK Parti Yerel Y\u00f6netimler Ba\u015fkanl\u0131\u011f\u0131\u2019n\u0131n d\u00fczenledi\u011fi \u201cVatanda\u015f Soruyor, Ba\u015fkan Cevapl\u0131yor\u201d program\u0131 kapsam\u0131nda Sedirler ve Ulubatl\u0131 Hasan Mahallelerinde vatanda\u015flarla bir araya geldi.KONYA (\u0130GFA) &#8211; AK Parti Yerel Y\u00f6netimler Ba\u015fkanl\u0131\u011f\u0131 taraf\u0131ndan e\u015f zamanl\u0131 olarak T\u00fcrkiye genelinde d\u00fczenlenen bu bulu\u015fmalar\u0131n Karatay aya\u011f\u0131, Konya B\u00fcy\u00fck\u015fehir Belediye Ba\u015fkan\u0131 U\u011fur \u0130brahim Altay\u2019\u0131n da kat\u0131l\u0131m\u0131yla ger\u00e7ekle\u015ftirildi. Programa ayr\u0131ca AK Parti Karatay \u0130l\u00e7e Ba\u015fkan\u0131 Akif Demirci, il\u00e7e y\u00f6netimi, meclis \u00fcyeleri, belediye ba\u015fkan yard\u0131mc\u0131lar\u0131, birim m\u00fcd\u00fcrleri ve \u00e7ok say\u0131da vatanda\u015f kat\u0131ld\u0131.Toplant\u0131da, Karatay\u2019da bug\u00fcne kadar hayata ge\u00e7irilen projeler ile \u00f6n\u00fcm\u00fczdeki d\u00f6neme dair hedefler ayr\u0131nt\u0131l\u0131 bir \u015fekilde anlat\u0131ld\u0131. Vatanda\u015flar da taleplerini ve \u00f6nerilerini do\u011frudan yetkililere iletti. KILCA: \u201cEN B\u00dcY\u00dcK PROJEM\u0130Z G\u00d6N\u00dcLLERE G\u0130RMEK\u201d Ba\u015fkan Hasan K\u0131lca, Sedirler ve Ulubatl\u0131 Hasan mahallelerinde ger\u00e7ekle\u015ftirilen yat\u0131r\u0131mlar hakk\u0131nda bilgi vererek, \u201cSedirler Mahallemiz her ge\u00e7en g\u00fcn de\u011fi\u015fiyor, geli\u015fiyor. Daha yap\u0131lacak \u00e7ok i\u015fimiz var. Park s\u00f6z\u00fcm\u00fcz\u00fc tuttuk, m\u00fclkiyet sorunu olan alanlarda \u00e7\u00f6z\u00fcm sa\u011flad\u0131k. \u015eimdi ise b\u00fcy\u00fck bir konut kooperatifi kurarak yeni in\u015faatlara ba\u015flayaca\u011f\u0131z. Karatay Sedir Park Konut Yap\u0131 Kooperatifi kurarak in\u015faatlar\u0131n\u0131 h\u0131zl\u0131 bir \u015fekilde devam ediyor. \u00a0Yak\u0131nda 220 daireyi hak sahiplerine teslim edece\u011fiz\u201d dedi.K\u0131lca, il\u00e7ede her ya\u015f grubuna y\u00f6nelik hizmetlerin s\u00fcrd\u00fc\u011f\u00fcn\u00fc belirterek, \u201cEmekliler i\u00e7in Emekli Kona\u011f\u0131, \u00e7ocuklar\u0131m\u0131z i\u00e7in Bilgi Evi, ucuz ve kaliteli ekmek i\u00e7in ekmek b\u00fcfeleri, gen\u00e7lerimize spor salonlar\u0131, k\u00fct\u00fcphaneler, hal\u0131 sahalar &hellip;<\/p>","protected":false},"author":1,"featured_media":0,"comment_status":"","ping_status":"open","sticky":false,"template":"","format":"standard","meta":{"_acf_changed":false,"footnotes":""},"categories":[24],"tags":[],"class_list":["post-75842","post","type-post","status-publish","format-standard","has-post-thumbnail","hentry","category-gundem"],"acf":[],"yoast_head":"<!-- This site is optimized with the Yoast SEO Premium plugin v26.6 (Yoast SEO v27.1.1) - https:\/\/yoast.com\/product\/yoast-seo-premium-wordpress\/ -->\n<title>Konya Karatay&#039;da hizmetler konu\u015fuldu - Av. Deniz Can K\u0131z\u0131l<\/title>\n<meta name=\"robots\" content=\"index, follow, max-snippet:-1, max-image-preview:large, max-video-preview:-1\" \/>\n<link rel=\"canonical\" href=\"http:\/\/denizcankizil.tr\/en\/haberler\/gundem\/konya-karatayda-hizmetler-konusuldu\/\" \/>\n<meta property=\"og:locale\" content=\"en_GB\" \/>\n<meta property=\"og:type\" content=\"article\" \/>\n<meta property=\"og:title\" content=\"Konya Karatay&#039;da hizmetler konu\u015fuldu\" \/>\n<meta property=\"og:description\" content=\"Karatay Belediye Ba\u015fkan\u0131 Hasan K\u0131lca, AK Parti Yerel Y\u00f6netimler Ba\u015fkanl\u0131\u011f\u0131\u2019n\u0131n d\u00fczenledi\u011fi \u201cVatanda\u015f Soruyor, Ba\u015fkan Cevapl\u0131yor\u201d program\u0131 kapsam\u0131nda Sedirler ve Ulubatl\u0131 Hasan Mahallelerinde vatanda\u015flarla bir araya geldi.KONYA (\u0130GFA) &#8211; AK Parti Yerel Y\u00f6netimler Ba\u015fkanl\u0131\u011f\u0131 taraf\u0131ndan e\u015f zamanl\u0131 olarak T\u00fcrkiye genelinde d\u00fczenlenen bu bulu\u015fmalar\u0131n Karatay aya\u011f\u0131, Konya B\u00fcy\u00fck\u015fehir Belediye Ba\u015fkan\u0131 U\u011fur \u0130brahim Altay\u2019\u0131n da kat\u0131l\u0131m\u0131yla ger\u00e7ekle\u015ftirildi. Programa ayr\u0131ca AK Parti Karatay \u0130l\u00e7e Ba\u015fkan\u0131 Akif Demirci, il\u00e7e y\u00f6netimi, meclis \u00fcyeleri, belediye ba\u015fkan yard\u0131mc\u0131lar\u0131, birim m\u00fcd\u00fcrleri ve \u00e7ok say\u0131da vatanda\u015f kat\u0131ld\u0131.Toplant\u0131da, Karatay\u2019da bug\u00fcne kadar hayata ge\u00e7irilen projeler ile \u00f6n\u00fcm\u00fczdeki d\u00f6neme dair hedefler ayr\u0131nt\u0131l\u0131 bir \u015fekilde anlat\u0131ld\u0131. Vatanda\u015flar da taleplerini ve \u00f6nerilerini do\u011frudan yetkililere iletti. KILCA: \u201cEN B\u00dcY\u00dcK PROJEM\u0130Z G\u00d6N\u00dcLLERE G\u0130RMEK\u201d Ba\u015fkan Hasan K\u0131lca, Sedirler ve Ulubatl\u0131 Hasan mahallelerinde ger\u00e7ekle\u015ftirilen yat\u0131r\u0131mlar hakk\u0131nda bilgi vererek, \u201cSedirler Mahallemiz her ge\u00e7en g\u00fcn de\u011fi\u015fiyor, geli\u015fiyor. Daha yap\u0131lacak \u00e7ok i\u015fimiz var. Park s\u00f6z\u00fcm\u00fcz\u00fc tuttuk, m\u00fclkiyet sorunu olan alanlarda \u00e7\u00f6z\u00fcm sa\u011flad\u0131k. \u015eimdi ise b\u00fcy\u00fck bir konut kooperatifi kurarak yeni in\u015faatlara ba\u015flayaca\u011f\u0131z. Karatay Sedir Park Konut Yap\u0131 Kooperatifi kurarak in\u015faatlar\u0131n\u0131 h\u0131zl\u0131 bir \u015fekilde devam ediyor. \u00a0Yak\u0131nda 220 daireyi hak sahiplerine teslim edece\u011fiz\u201d dedi.K\u0131lca, il\u00e7ede her ya\u015f grubuna y\u00f6nelik hizmetlerin s\u00fcrd\u00fc\u011f\u00fcn\u00fc belirterek, \u201cEmekliler i\u00e7in Emekli Kona\u011f\u0131, \u00e7ocuklar\u0131m\u0131z i\u00e7in Bilgi Evi, ucuz ve kaliteli ekmek i\u00e7in ekmek b\u00fcfeleri, gen\u00e7lerimize spor salonlar\u0131, k\u00fct\u00fcphaneler, hal\u0131 sahalar &hellip;\" \/>\n<meta property=\"og:url\" content=\"http:\/\/denizcankizil.tr\/en\/haberler\/gundem\/konya-karatayda-hizmetler-konusuldu\/\" \/>\n<meta property=\"og:site_name\" content=\"Av. Deniz Can K\u0131z\u0131l\" \/>\n<meta property=\"article:published_time\" content=\"2025-05-04T12:42:12+00:00\" \/>\n<meta name=\"author\" content=\"admin\" \/>\n<meta name=\"twitter:card\" content=\"summary_large_image\" \/>\n<meta name=\"twitter:label1\" content=\"Written by\" \/>\n\t<meta name=\"twitter:data1\" content=\"admin\" \/>\n\t<meta name=\"twitter:label2\" content=\"Estimated reading time\" \/>\n\t<meta name=\"twitter:data2\" content=\"7 minutes\" \/>\n<script type=\"application\/ld+json\" class=\"yoast-schema-graph\">{\"@context\":\"https:\/\/schema.org\",\"@graph\":[{\"@type\":\"Article\",\"@id\":\"http:\/\/denizcankizil.tr\/uk\/haberler\/gundem\/konya-karatayda-hizmetler-konusuldu\/#article\",\"isPartOf\":{\"@id\":\"http:\/\/denizcankizil.tr\/uk\/haberler\/gundem\/konya-karatayda-hizmetler-konusuldu\/\"},\"author\":{\"name\":\"admin\",\"@id\":\"https:\/\/denizcankizil.tr\/de\/#\/schema\/person\/be3c05fe6a12686905512445d8185489\"},\"headline\":\"Konya Karatay&#8217;da hizmetler konu\u015fuldu\",\"datePublished\":\"2025-05-04T12:42:12+00:00\",\"mainEntityOfPage\":{\"@id\":\"http:\/\/denizcankizil.tr\/uk\/haberler\/gundem\/konya-karatayda-hizmetler-konusuldu\/\"},\"wordCount\":1348,\"publisher\":{\"@id\":\"https:\/\/denizcankizil.tr\/de\/#organization\"},\"articleSection\":[\"G\u00fcndem\"],\"inLanguage\":\"en-GB\"},{\"@type\":\"WebPage\",\"@id\":\"http:\/\/denizcankizil.tr\/uk\/haberler\/gundem\/konya-karatayda-hizmetler-konusuldu\/\",\"url\":\"http:\/\/denizcankizil.tr\/uk\/haberler\/gundem\/konya-karatayda-hizmetler-konusuldu\/\",\"name\":\"Konya Karatay'da hizmetler konu\u015fuldu - Av. Deniz Can K\u0131z\u0131l\",\"isPartOf\":{\"@id\":\"https:\/\/denizcankizil.tr\/de\/#website\"},\"datePublished\":\"2025-05-04T12:42:12+00:00\",\"breadcrumb\":{\"@id\":\"http:\/\/denizcankizil.tr\/uk\/haberler\/gundem\/konya-karatayda-hizmetler-konusuldu\/#breadcrumb\"},\"inLanguage\":\"en-GB\",\"potentialAction\":[{\"@type\":\"ReadAction\",\"target\":[\"http:\/\/denizcankizil.tr\/uk\/haberler\/gundem\/konya-karatayda-hizmetler-konusuldu\/\"]}]},{\"@type\":\"BreadcrumbList\",\"@id\":\"http:\/\/denizcankizil.tr\/uk\/haberler\/gundem\/konya-karatayda-hizmetler-konusuldu\/#breadcrumb\",\"itemListElement\":[{\"@type\":\"ListItem\",\"position\":1,\"name\":\"Home\",\"item\":\"https:\/\/denizcankizil.tr\/de\/\"},{\"@type\":\"ListItem\",\"position\":2,\"name\":\"Konya Karatay&#8217;da hizmetler konu\u015fuldu\"}]},{\"@type\":\"WebSite\",\"@id\":\"https:\/\/denizcankizil.tr\/de\/#website\",\"url\":\"https:\/\/denizcankizil.tr\/de\/\",\"name\":\"Av. Deniz Can K\u0131z\u0131l\",\"description\":\"Avukat Deniz Can K\u0131z\u0131l Antalya Barosu\",\"publisher\":{\"@id\":\"https:\/\/denizcankizil.tr\/de\/#organization\"},\"potentialAction\":[{\"@type\":\"SearchAction\",\"target\":{\"@type\":\"EntryPoint\",\"urlTemplate\":\"https:\/\/denizcankizil.tr\/de\/?s={search_term_string}\"},\"query-input\":{\"@type\":\"PropertyValueSpecification\",\"valueRequired\":true,\"valueName\":\"search_term_string\"}}],\"inLanguage\":\"en-GB\"},{\"@type\":\"Organization\",\"@id\":\"https:\/\/denizcankizil.tr\/de\/#organization\",\"name\":\"Av. Deniz Can K\u0131z\u0131l\",\"url\":\"https:\/\/denizcankizil.tr\/de\/\",\"logo\":{\"@type\":\"ImageObject\",\"inLanguage\":\"en-GB\",\"@id\":\"https:\/\/denizcankizil.tr\/de\/#\/schema\/logo\/image\/\",\"url\":\"https:\/\/denizcankizil.tr\/wp-content\/uploads\/2024\/10\/siyah-logo-svg.svg\",\"contentUrl\":\"https:\/\/denizcankizil.tr\/wp-content\/uploads\/2024\/10\/siyah-logo-svg.svg\",\"width\":1080,\"height\":1080,\"caption\":\"Av. Deniz Can K\u0131z\u0131l\"},\"image\":{\"@id\":\"https:\/\/denizcankizil.tr\/de\/#\/schema\/logo\/image\/\"}},{\"@type\":\"Person\",\"@id\":\"https:\/\/denizcankizil.tr\/de\/#\/schema\/person\/be3c05fe6a12686905512445d8185489\",\"name\":\"admin\",\"image\":{\"@type\":\"ImageObject\",\"inLanguage\":\"en-GB\",\"@id\":\"https:\/\/denizcankizil.tr\/de\/#\/schema\/person\/image\/\",\"url\":\"https:\/\/secure.gravatar.com\/avatar\/c1fce94c830dc79107e174f890d7210541c4a63e8e5d816341794a2151c9d58c?s=96&d=mm&r=g\",\"contentUrl\":\"https:\/\/secure.gravatar.com\/avatar\/c1fce94c830dc79107e174f890d7210541c4a63e8e5d816341794a2151c9d58c?s=96&d=mm&r=g\",\"caption\":\"admin\"},\"sameAs\":[\"http:\/\/denizcankizil.tr\"],\"url\":\"https:\/\/www.iskenderun.org\/konya-karatayda-hizmetler-konusuldu\"}]}<\/script>\n<!-- \/ Yoast SEO Premium plugin. -->","yoast_head_json":{"title":"Konya Karatay'da hizmetler konu\u015fuldu - Av. Deniz Can K\u0131z\u0131l","robots":{"index":"index","follow":"follow","max-snippet":"max-snippet:-1","max-image-preview":"max-image-preview:large","max-video-preview":"max-video-preview:-1"},"canonical":"http:\/\/denizcankizil.tr\/en\/haberler\/gundem\/konya-karatayda-hizmetler-konusuldu\/","og_locale":"en_GB","og_type":"article","og_title":"Konya Karatay'da hizmetler konu\u015fuldu","og_description":"Karatay Belediye Ba\u015fkan\u0131 Hasan K\u0131lca, AK Parti Yerel Y\u00f6netimler Ba\u015fkanl\u0131\u011f\u0131\u2019n\u0131n d\u00fczenledi\u011fi \u201cVatanda\u015f Soruyor, Ba\u015fkan Cevapl\u0131yor\u201d program\u0131 kapsam\u0131nda Sedirler ve Ulubatl\u0131 Hasan Mahallelerinde vatanda\u015flarla bir araya geldi.KONYA (\u0130GFA) &#8211; AK Parti Yerel Y\u00f6netimler Ba\u015fkanl\u0131\u011f\u0131 taraf\u0131ndan e\u015f zamanl\u0131 olarak T\u00fcrkiye genelinde d\u00fczenlenen bu bulu\u015fmalar\u0131n Karatay aya\u011f\u0131, Konya B\u00fcy\u00fck\u015fehir Belediye Ba\u015fkan\u0131 U\u011fur \u0130brahim Altay\u2019\u0131n da kat\u0131l\u0131m\u0131yla ger\u00e7ekle\u015ftirildi. Programa ayr\u0131ca AK Parti Karatay \u0130l\u00e7e Ba\u015fkan\u0131 Akif Demirci, il\u00e7e y\u00f6netimi, meclis \u00fcyeleri, belediye ba\u015fkan yard\u0131mc\u0131lar\u0131, birim m\u00fcd\u00fcrleri ve \u00e7ok say\u0131da vatanda\u015f kat\u0131ld\u0131.Toplant\u0131da, Karatay\u2019da bug\u00fcne kadar hayata ge\u00e7irilen projeler ile \u00f6n\u00fcm\u00fczdeki d\u00f6neme dair hedefler ayr\u0131nt\u0131l\u0131 bir \u015fekilde anlat\u0131ld\u0131. Vatanda\u015flar da taleplerini ve \u00f6nerilerini do\u011frudan yetkililere iletti. KILCA: \u201cEN B\u00dcY\u00dcK PROJEM\u0130Z G\u00d6N\u00dcLLERE G\u0130RMEK\u201d Ba\u015fkan Hasan K\u0131lca, Sedirler ve Ulubatl\u0131 Hasan mahallelerinde ger\u00e7ekle\u015ftirilen yat\u0131r\u0131mlar hakk\u0131nda bilgi vererek, \u201cSedirler Mahallemiz her ge\u00e7en g\u00fcn de\u011fi\u015fiyor, geli\u015fiyor. Daha yap\u0131lacak \u00e7ok i\u015fimiz var. Park s\u00f6z\u00fcm\u00fcz\u00fc tuttuk, m\u00fclkiyet sorunu olan alanlarda \u00e7\u00f6z\u00fcm sa\u011flad\u0131k. \u015eimdi ise b\u00fcy\u00fck bir konut kooperatifi kurarak yeni in\u015faatlara ba\u015flayaca\u011f\u0131z. Karatay Sedir Park Konut Yap\u0131 Kooperatifi kurarak in\u015faatlar\u0131n\u0131 h\u0131zl\u0131 bir \u015fekilde devam ediyor. \u00a0Yak\u0131nda 220 daireyi hak sahiplerine teslim edece\u011fiz\u201d dedi.K\u0131lca, il\u00e7ede her ya\u015f grubuna y\u00f6nelik hizmetlerin s\u00fcrd\u00fc\u011f\u00fcn\u00fc belirterek, \u201cEmekliler i\u00e7in Emekli Kona\u011f\u0131, \u00e7ocuklar\u0131m\u0131z i\u00e7in Bilgi Evi, ucuz ve kaliteli ekmek i\u00e7in ekmek b\u00fcfeleri, gen\u00e7lerimize spor salonlar\u0131, k\u00fct\u00fcphaneler, hal\u0131 sahalar &hellip;","og_url":"http:\/\/denizcankizil.tr\/en\/haberler\/gundem\/konya-karatayda-hizmetler-konusuldu\/","og_site_name":"Av. Deniz Can K\u0131z\u0131l","article_published_time":"2025-05-04T12:42:12+00:00","author":"admin","twitter_card":"summary_large_image","twitter_misc":{"Written by":"admin","Estimated reading time":"7 minutes"},"schema":{"@context":"https:\/\/schema.org","@graph":[{"@type":"Article","@id":"http:\/\/denizcankizil.tr\/uk\/haberler\/gundem\/konya-karatayda-hizmetler-konusuldu\/#article","isPartOf":{"@id":"http:\/\/denizcankizil.tr\/uk\/haberler\/gundem\/konya-karatayda-hizmetler-konusuldu\/"},"author":{"name":"admin","@id":"https:\/\/denizcankizil.tr\/de\/#\/schema\/person\/be3c05fe6a12686905512445d8185489"},"headline":"Konya Karatay&#8217;da hizmetler konu\u015fuldu","datePublished":"2025-05-04T12:42:12+00:00","mainEntityOfPage":{"@id":"http:\/\/denizcankizil.tr\/uk\/haberler\/gundem\/konya-karatayda-hizmetler-konusuldu\/"},"wordCount":1348,"publisher":{"@id":"https:\/\/denizcankizil.tr\/de\/#organization"},"articleSection":["G\u00fcndem"],"inLanguage":"en-GB"},{"@type":"WebPage","@id":"http:\/\/denizcankizil.tr\/uk\/haberler\/gundem\/konya-karatayda-hizmetler-konusuldu\/","url":"http:\/\/denizcankizil.tr\/uk\/haberler\/gundem\/konya-karatayda-hizmetler-konusuldu\/","name":"Konya Karatay'da hizmetler konu\u015fuldu - Av. Deniz Can K\u0131z\u0131l","isPartOf":{"@id":"https:\/\/denizcankizil.tr\/de\/#website"},"datePublished":"2025-05-04T12:42:12+00:00","breadcrumb":{"@id":"http:\/\/denizcankizil.tr\/uk\/haberler\/gundem\/konya-karatayda-hizmetler-konusuldu\/#breadcrumb"},"inLanguage":"en-GB","potentialAction":[{"@type":"ReadAction","target":["http:\/\/denizcankizil.tr\/uk\/haberler\/gundem\/konya-karatayda-hizmetler-konusuldu\/"]}]},{"@type":"BreadcrumbList","@id":"http:\/\/denizcankizil.tr\/uk\/haberler\/gundem\/konya-karatayda-hizmetler-konusuldu\/#breadcrumb","itemListElement":[{"@type":"ListItem","position":1,"name":"Home","item":"https:\/\/denizcankizil.tr\/de\/"},{"@type":"ListItem","position":2,"name":"Konya Karatay&#8217;da hizmetler konu\u015fuldu"}]},{"@type":"WebSite","@id":"https:\/\/denizcankizil.tr\/de\/#website","url":"https:\/\/denizcankizil.tr\/de\/","name":"Av. Deniz Can K\u0131z\u0131l","description":"Avukat Deniz Can K\u0131z\u0131l Antalya Barosu","publisher":{"@id":"https:\/\/denizcankizil.tr\/de\/#organization"},"potentialAction":[{"@type":"SearchAction","target":{"@type":"EntryPoint","urlTemplate":"https:\/\/denizcankizil.tr\/de\/?s={search_term_string}"},"query-input":{"@type":"PropertyValueSpecification","valueRequired":true,"valueName":"search_term_string"}}],"inLanguage":"en-GB"},{"@type":"Organization","@id":"https:\/\/denizcankizil.tr\/de\/#organization","name":"Av. Deniz Can K\u0131z\u0131l","url":"https:\/\/denizcankizil.tr\/de\/","logo":{"@type":"ImageObject","inLanguage":"en-GB","@id":"https:\/\/denizcankizil.tr\/de\/#\/schema\/logo\/image\/","url":"https:\/\/denizcankizil.tr\/wp-content\/uploads\/2024\/10\/siyah-logo-svg.svg","contentUrl":"https:\/\/denizcankizil.tr\/wp-content\/uploads\/2024\/10\/siyah-logo-svg.svg","width":1080,"height":1080,"caption":"Av. Deniz Can K\u0131z\u0131l"},"image":{"@id":"https:\/\/denizcankizil.tr\/de\/#\/schema\/logo\/image\/"}},{"@type":"Person","@id":"https:\/\/denizcankizil.tr\/de\/#\/schema\/person\/be3c05fe6a12686905512445d8185489","name":"admin","image":{"@type":"ImageObject","inLanguage":"en-GB","@id":"https:\/\/denizcankizil.tr\/de\/#\/schema\/person\/image\/","url":"https:\/\/secure.gravatar.com\/avatar\/c1fce94c830dc79107e174f890d7210541c4a63e8e5d816341794a2151c9d58c?s=96&d=mm&r=g","contentUrl":"https:\/\/secure.gravatar.com\/avatar\/c1fce94c830dc79107e174f890d7210541c4a63e8e5d816341794a2151c9d58c?s=96&d=mm&r=g","caption":"admin"},"sameAs":["http:\/\/denizcankizil.tr"],"url":"https:\/\/www.iskenderun.org\/konya-karatayda-hizmetler-konusuldu"}]}},"_links":{"self":[{"href":"https:\/\/denizcankizil.tr\/en\/wp-json\/wp\/v2\/posts\/75842","targetHints":{"allow":["GET"]}}],"collection":[{"href":"https:\/\/denizcankizil.tr\/en\/wp-json\/wp\/v2\/posts"}],"about":[{"href":"https:\/\/denizcankizil.tr\/en\/wp-json\/wp\/v2\/types\/post"}],"author":[{"embeddable":true,"href":"https:\/\/denizcankizil.tr\/en\/wp-json\/wp\/v2\/users\/1"}],"replies":[{"embeddable":true,"href":"https:\/\/denizcankizil.tr\/en\/wp-json\/wp\/v2\/comments?post=75842"}],"version-history":[{"count":0,"href":"https:\/\/denizcankizil.tr\/en\/wp-json\/wp\/v2\/posts\/75842\/revisions"}],"wp:attachment":[{"href":"https:\/\/denizcankizil.tr\/en\/wp-json\/wp\/v2\/media?parent=75842"}],"wp:term":[{"taxonomy":"category","embeddable":true,"href":"https:\/\/denizcankizil.tr\/en\/wp-json\/wp\/v2\/categories?post=75842"},{"taxonomy":"post_tag","embeddable":true,"href":"https:\/\/denizcankizil.tr\/en\/wp-json\/wp\/v2\/tags?post=75842"}],"curies":[{"name":"wp","href":"https:\/\/api.w.org\/{rel}","templated":true}]}}