{"id":74744,"date":"2025-05-03T14:42:32","date_gmt":"2025-05-03T11:42:32","guid":{"rendered":"https:\/\/denizcankizil.tr\/uncategorized-tr\/aydin-buyuksehir-belediyespora-yeni-pasor-gizem-misra-asci\/"},"modified":"2025-05-03T14:42:32","modified_gmt":"2025-05-03T11:42:32","slug":"aydin-buyuksehir-belediyespora-yeni-pasor-gizem-misra-asci","status":"publish","type":"post","link":"https:\/\/denizcankizil.tr\/en\/haberler\/gundem\/aydin-buyuksehir-belediyespora-yeni-pasor-gizem-misra-asci\/","title":{"rendered":"Ayd\u0131n B\u00fcy\u00fck\u015fehir Belediyespor\u2019a yeni pas\u00f6r: Gizem M\u0131sra A\u015f\u00e7\u0131"},"content":{"rendered":"<p>Vodafone Sultanlar Ligi tak\u0131mlar\u0131ndan Ayd\u0131n B\u00fcy\u00fck\u015fehir Belediyespor, son olarak Aras Kargo\u2019da forma giyen 1998 do\u011fumlu pas\u00f6r Gizem M\u0131sra A\u015f\u00e7\u0131\u2019y\u0131 kadrosuna katt\u0131.<\/p>\n<p>\u200bVodafone Sultanlar Ligi tak\u0131mlar\u0131ndan Ayd\u0131n B\u00fcy\u00fck\u015fehir Belediyespor, son olarak Aras Kargo\u2019da forma giyen 1998 do\u011fumlu pas\u00f6r Gizem M\u0131sra A\u015f\u00e7\u0131\u2019y\u0131 kadrosuna katt\u0131.\u00a0<\/p>\n<p>\u200bHaberin Al\u0131nt\u0131land\u0131\u011f\u0131 Kaynak: www.iskenderun.org<\/p>","protected":false},"excerpt":{"rendered":"<p>Vodafone Sultanlar Ligi tak\u0131mlar\u0131ndan Ayd\u0131n B\u00fcy\u00fck\u015fehir Belediyespor, son olarak Aras Kargo\u2019da forma giyen 1998 do\u011fumlu pas\u00f6r Gizem M\u0131sra A\u015f\u00e7\u0131\u2019y\u0131 kadrosuna katt\u0131. \u200bVodafone Sultanlar Ligi tak\u0131mlar\u0131ndan Ayd\u0131n B\u00fcy\u00fck\u015fehir Belediyespor, son olarak Aras Kargo\u2019da forma giyen 1998 do\u011fumlu pas\u00f6r Gizem M\u0131sra A\u015f\u00e7\u0131\u2019y\u0131 kadrosuna katt\u0131.\u00a0 \u200bHaberin Al\u0131nt\u0131land\u0131\u011f\u0131 Kaynak: www.iskenderun.org<\/p>","protected":false},"author":1,"featured_media":0,"comment_status":"","ping_status":"open","sticky":false,"template":"","format":"standard","meta":{"_acf_changed":false,"footnotes":""},"categories":[24],"tags":[],"class_list":["post-74744","post","type-post","status-publish","format-standard","has-post-thumbnail","hentry","category-gundem"],"acf":[],"yoast_head":"<!-- This site is optimized with the Yoast SEO Premium plugin v26.6 (Yoast SEO v27.1.1) - https:\/\/yoast.com\/product\/yoast-seo-premium-wordpress\/ -->\n<title>Ayd\u0131n B\u00fcy\u00fck\u015fehir Belediyespor\u2019a yeni pas\u00f6r: Gizem M\u0131sra A\u015f\u00e7\u0131 - Av. Deniz Can K\u0131z\u0131l<\/title>\n<meta name=\"robots\" content=\"index, follow, max-snippet:-1, max-image-preview:large, max-video-preview:-1\" \/>\n<link rel=\"canonical\" href=\"https:\/\/denizcankizil.tr\/en\/haberler\/gundem\/aydin-buyuksehir-belediyespora-yeni-pasor-gizem-misra-asci\/\" \/>\n<meta property=\"og:locale\" content=\"en_GB\" \/>\n<meta property=\"og:type\" content=\"article\" \/>\n<meta property=\"og:title\" content=\"Ayd\u0131n B\u00fcy\u00fck\u015fehir Belediyespor\u2019a yeni pas\u00f6r: Gizem M\u0131sra A\u015f\u00e7\u0131\" \/>\n<meta property=\"og:description\" content=\"Vodafone Sultanlar Ligi tak\u0131mlar\u0131ndan Ayd\u0131n B\u00fcy\u00fck\u015fehir Belediyespor, son olarak Aras Kargo\u2019da forma giyen 1998 do\u011fumlu pas\u00f6r Gizem M\u0131sra A\u015f\u00e7\u0131\u2019y\u0131 kadrosuna katt\u0131. \u200bVodafone Sultanlar Ligi tak\u0131mlar\u0131ndan Ayd\u0131n B\u00fcy\u00fck\u015fehir Belediyespor, son olarak Aras Kargo\u2019da forma giyen 1998 do\u011fumlu pas\u00f6r Gizem M\u0131sra A\u015f\u00e7\u0131\u2019y\u0131 kadrosuna katt\u0131.\u00a0 \u200bHaberin Al\u0131nt\u0131land\u0131\u011f\u0131 Kaynak: www.iskenderun.org\" \/>\n<meta property=\"og:url\" content=\"https:\/\/denizcankizil.tr\/en\/haberler\/gundem\/aydin-buyuksehir-belediyespora-yeni-pasor-gizem-misra-asci\/\" \/>\n<meta property=\"og:site_name\" content=\"Av. Deniz Can K\u0131z\u0131l\" \/>\n<meta property=\"article:published_time\" content=\"2025-05-03T11:42:32+00:00\" \/>\n<meta name=\"author\" content=\"admin\" \/>\n<meta name=\"twitter:card\" content=\"summary_large_image\" \/>\n<meta name=\"twitter:label1\" content=\"Written by\" \/>\n\t<meta name=\"twitter:data1\" content=\"admin\" \/>\n<script type=\"application\/ld+json\" class=\"yoast-schema-graph\">{\"@context\":\"https:\/\/schema.org\",\"@graph\":[{\"@type\":\"Article\",\"@id\":\"https:\/\/denizcankizil.tr\/en\/haberler\/gundem\/aydin-buyuksehir-belediyespora-yeni-pasor-gizem-misra-asci\/#article\",\"isPartOf\":{\"@id\":\"https:\/\/denizcankizil.tr\/en\/haberler\/gundem\/aydin-buyuksehir-belediyespora-yeni-pasor-gizem-misra-asci\/\"},\"author\":{\"name\":\"admin\",\"@id\":\"https:\/\/denizcankizil.tr\/de\/#\/schema\/person\/be3c05fe6a12686905512445d8185489\"},\"headline\":\"Ayd\u0131n B\u00fcy\u00fck\u015fehir Belediyespor\u2019a yeni pas\u00f6r: Gizem M\u0131sra A\u015f\u00e7\u0131\",\"datePublished\":\"2025-05-03T11:42:32+00:00\",\"mainEntityOfPage\":{\"@id\":\"https:\/\/denizcankizil.tr\/en\/haberler\/gundem\/aydin-buyuksehir-belediyespora-yeni-pasor-gizem-misra-asci\/\"},\"wordCount\":85,\"publisher\":{\"@id\":\"https:\/\/denizcankizil.tr\/de\/#organization\"},\"articleSection\":[\"G\u00fcndem\"],\"inLanguage\":\"en-GB\"},{\"@type\":\"WebPage\",\"@id\":\"https:\/\/denizcankizil.tr\/en\/haberler\/gundem\/aydin-buyuksehir-belediyespora-yeni-pasor-gizem-misra-asci\/\",\"url\":\"https:\/\/denizcankizil.tr\/en\/haberler\/gundem\/aydin-buyuksehir-belediyespora-yeni-pasor-gizem-misra-asci\/\",\"name\":\"Ayd\u0131n B\u00fcy\u00fck\u015fehir Belediyespor\u2019a yeni pas\u00f6r: Gizem M\u0131sra A\u015f\u00e7\u0131 - Av. Deniz Can K\u0131z\u0131l\",\"isPartOf\":{\"@id\":\"https:\/\/denizcankizil.tr\/de\/#website\"},\"datePublished\":\"2025-05-03T11:42:32+00:00\",\"breadcrumb\":{\"@id\":\"https:\/\/denizcankizil.tr\/en\/haberler\/gundem\/aydin-buyuksehir-belediyespora-yeni-pasor-gizem-misra-asci\/#breadcrumb\"},\"inLanguage\":\"en-GB\",\"potentialAction\":[{\"@type\":\"ReadAction\",\"target\":[\"https:\/\/denizcankizil.tr\/en\/haberler\/gundem\/aydin-buyuksehir-belediyespora-yeni-pasor-gizem-misra-asci\/\"]}]},{\"@type\":\"BreadcrumbList\",\"@id\":\"https:\/\/denizcankizil.tr\/en\/haberler\/gundem\/aydin-buyuksehir-belediyespora-yeni-pasor-gizem-misra-asci\/#breadcrumb\",\"itemListElement\":[{\"@type\":\"ListItem\",\"position\":1,\"name\":\"Home\",\"item\":\"https:\/\/denizcankizil.tr\/de\/\"},{\"@type\":\"ListItem\",\"position\":2,\"name\":\"Ayd\u0131n B\u00fcy\u00fck\u015fehir Belediyespor\u2019a yeni pas\u00f6r: Gizem M\u0131sra A\u015f\u00e7\u0131\"}]},{\"@type\":\"WebSite\",\"@id\":\"https:\/\/denizcankizil.tr\/de\/#website\",\"url\":\"https:\/\/denizcankizil.tr\/de\/\",\"name\":\"Av. Deniz Can K\u0131z\u0131l\",\"description\":\"Avukat Deniz Can K\u0131z\u0131l Antalya Barosu\",\"publisher\":{\"@id\":\"https:\/\/denizcankizil.tr\/de\/#organization\"},\"potentialAction\":[{\"@type\":\"SearchAction\",\"target\":{\"@type\":\"EntryPoint\",\"urlTemplate\":\"https:\/\/denizcankizil.tr\/de\/?s={search_term_string}\"},\"query-input\":{\"@type\":\"PropertyValueSpecification\",\"valueRequired\":true,\"valueName\":\"search_term_string\"}}],\"inLanguage\":\"en-GB\"},{\"@type\":\"Organization\",\"@id\":\"https:\/\/denizcankizil.tr\/de\/#organization\",\"name\":\"Av. Deniz Can K\u0131z\u0131l\",\"url\":\"https:\/\/denizcankizil.tr\/de\/\",\"logo\":{\"@type\":\"ImageObject\",\"inLanguage\":\"en-GB\",\"@id\":\"https:\/\/denizcankizil.tr\/de\/#\/schema\/logo\/image\/\",\"url\":\"https:\/\/denizcankizil.tr\/wp-content\/uploads\/2024\/10\/siyah-logo-svg.svg\",\"contentUrl\":\"https:\/\/denizcankizil.tr\/wp-content\/uploads\/2024\/10\/siyah-logo-svg.svg\",\"width\":1080,\"height\":1080,\"caption\":\"Av. Deniz Can K\u0131z\u0131l\"},\"image\":{\"@id\":\"https:\/\/denizcankizil.tr\/de\/#\/schema\/logo\/image\/\"}},{\"@type\":\"Person\",\"@id\":\"https:\/\/denizcankizil.tr\/de\/#\/schema\/person\/be3c05fe6a12686905512445d8185489\",\"name\":\"admin\",\"image\":{\"@type\":\"ImageObject\",\"inLanguage\":\"en-GB\",\"@id\":\"https:\/\/denizcankizil.tr\/de\/#\/schema\/person\/image\/\",\"url\":\"https:\/\/secure.gravatar.com\/avatar\/c1fce94c830dc79107e174f890d7210541c4a63e8e5d816341794a2151c9d58c?s=96&d=mm&r=g\",\"contentUrl\":\"https:\/\/secure.gravatar.com\/avatar\/c1fce94c830dc79107e174f890d7210541c4a63e8e5d816341794a2151c9d58c?s=96&d=mm&r=g\",\"caption\":\"admin\"},\"sameAs\":[\"http:\/\/denizcankizil.tr\"],\"url\":\"https:\/\/www.iskenderun.org\/aydin-buyuksehir-belediyespora-yeni-pasor-gizem-misra-asci\"}]}<\/script>\n<!-- \/ Yoast SEO Premium plugin. -->","yoast_head_json":{"title":"Ayd\u0131n B\u00fcy\u00fck\u015fehir Belediyespor\u2019a yeni pas\u00f6r: Gizem M\u0131sra A\u015f\u00e7\u0131 - Av. Deniz Can K\u0131z\u0131l","robots":{"index":"index","follow":"follow","max-snippet":"max-snippet:-1","max-image-preview":"max-image-preview:large","max-video-preview":"max-video-preview:-1"},"canonical":"https:\/\/denizcankizil.tr\/en\/haberler\/gundem\/aydin-buyuksehir-belediyespora-yeni-pasor-gizem-misra-asci\/","og_locale":"en_GB","og_type":"article","og_title":"Ayd\u0131n B\u00fcy\u00fck\u015fehir Belediyespor\u2019a yeni pas\u00f6r: Gizem M\u0131sra A\u015f\u00e7\u0131","og_description":"Vodafone Sultanlar Ligi tak\u0131mlar\u0131ndan Ayd\u0131n B\u00fcy\u00fck\u015fehir Belediyespor, son olarak Aras Kargo\u2019da forma giyen 1998 do\u011fumlu pas\u00f6r Gizem M\u0131sra A\u015f\u00e7\u0131\u2019y\u0131 kadrosuna katt\u0131. \u200bVodafone Sultanlar Ligi tak\u0131mlar\u0131ndan Ayd\u0131n B\u00fcy\u00fck\u015fehir Belediyespor, son olarak Aras Kargo\u2019da forma giyen 1998 do\u011fumlu pas\u00f6r Gizem M\u0131sra A\u015f\u00e7\u0131\u2019y\u0131 kadrosuna katt\u0131.\u00a0 \u200bHaberin Al\u0131nt\u0131land\u0131\u011f\u0131 Kaynak: www.iskenderun.org","og_url":"https:\/\/denizcankizil.tr\/en\/haberler\/gundem\/aydin-buyuksehir-belediyespora-yeni-pasor-gizem-misra-asci\/","og_site_name":"Av. Deniz Can K\u0131z\u0131l","article_published_time":"2025-05-03T11:42:32+00:00","author":"admin","twitter_card":"summary_large_image","twitter_misc":{"Written by":"admin"},"schema":{"@context":"https:\/\/schema.org","@graph":[{"@type":"Article","@id":"https:\/\/denizcankizil.tr\/en\/haberler\/gundem\/aydin-buyuksehir-belediyespora-yeni-pasor-gizem-misra-asci\/#article","isPartOf":{"@id":"https:\/\/denizcankizil.tr\/en\/haberler\/gundem\/aydin-buyuksehir-belediyespora-yeni-pasor-gizem-misra-asci\/"},"author":{"name":"admin","@id":"https:\/\/denizcankizil.tr\/de\/#\/schema\/person\/be3c05fe6a12686905512445d8185489"},"headline":"Ayd\u0131n B\u00fcy\u00fck\u015fehir Belediyespor\u2019a yeni pas\u00f6r: Gizem M\u0131sra A\u015f\u00e7\u0131","datePublished":"2025-05-03T11:42:32+00:00","mainEntityOfPage":{"@id":"https:\/\/denizcankizil.tr\/en\/haberler\/gundem\/aydin-buyuksehir-belediyespora-yeni-pasor-gizem-misra-asci\/"},"wordCount":85,"publisher":{"@id":"https:\/\/denizcankizil.tr\/de\/#organization"},"articleSection":["G\u00fcndem"],"inLanguage":"en-GB"},{"@type":"WebPage","@id":"https:\/\/denizcankizil.tr\/en\/haberler\/gundem\/aydin-buyuksehir-belediyespora-yeni-pasor-gizem-misra-asci\/","url":"https:\/\/denizcankizil.tr\/en\/haberler\/gundem\/aydin-buyuksehir-belediyespora-yeni-pasor-gizem-misra-asci\/","name":"Ayd\u0131n B\u00fcy\u00fck\u015fehir Belediyespor\u2019a yeni pas\u00f6r: Gizem M\u0131sra A\u015f\u00e7\u0131 - Av. Deniz Can K\u0131z\u0131l","isPartOf":{"@id":"https:\/\/denizcankizil.tr\/de\/#website"},"datePublished":"2025-05-03T11:42:32+00:00","breadcrumb":{"@id":"https:\/\/denizcankizil.tr\/en\/haberler\/gundem\/aydin-buyuksehir-belediyespora-yeni-pasor-gizem-misra-asci\/#breadcrumb"},"inLanguage":"en-GB","potentialAction":[{"@type":"ReadAction","target":["https:\/\/denizcankizil.tr\/en\/haberler\/gundem\/aydin-buyuksehir-belediyespora-yeni-pasor-gizem-misra-asci\/"]}]},{"@type":"BreadcrumbList","@id":"https:\/\/denizcankizil.tr\/en\/haberler\/gundem\/aydin-buyuksehir-belediyespora-yeni-pasor-gizem-misra-asci\/#breadcrumb","itemListElement":[{"@type":"ListItem","position":1,"name":"Home","item":"https:\/\/denizcankizil.tr\/de\/"},{"@type":"ListItem","position":2,"name":"Ayd\u0131n B\u00fcy\u00fck\u015fehir Belediyespor\u2019a yeni pas\u00f6r: Gizem M\u0131sra A\u015f\u00e7\u0131"}]},{"@type":"WebSite","@id":"https:\/\/denizcankizil.tr\/de\/#website","url":"https:\/\/denizcankizil.tr\/de\/","name":"Av. Deniz Can K\u0131z\u0131l","description":"Avukat Deniz Can K\u0131z\u0131l Antalya Barosu","publisher":{"@id":"https:\/\/denizcankizil.tr\/de\/#organization"},"potentialAction":[{"@type":"SearchAction","target":{"@type":"EntryPoint","urlTemplate":"https:\/\/denizcankizil.tr\/de\/?s={search_term_string}"},"query-input":{"@type":"PropertyValueSpecification","valueRequired":true,"valueName":"search_term_string"}}],"inLanguage":"en-GB"},{"@type":"Organization","@id":"https:\/\/denizcankizil.tr\/de\/#organization","name":"Av. Deniz Can K\u0131z\u0131l","url":"https:\/\/denizcankizil.tr\/de\/","logo":{"@type":"ImageObject","inLanguage":"en-GB","@id":"https:\/\/denizcankizil.tr\/de\/#\/schema\/logo\/image\/","url":"https:\/\/denizcankizil.tr\/wp-content\/uploads\/2024\/10\/siyah-logo-svg.svg","contentUrl":"https:\/\/denizcankizil.tr\/wp-content\/uploads\/2024\/10\/siyah-logo-svg.svg","width":1080,"height":1080,"caption":"Av. Deniz Can K\u0131z\u0131l"},"image":{"@id":"https:\/\/denizcankizil.tr\/de\/#\/schema\/logo\/image\/"}},{"@type":"Person","@id":"https:\/\/denizcankizil.tr\/de\/#\/schema\/person\/be3c05fe6a12686905512445d8185489","name":"admin","image":{"@type":"ImageObject","inLanguage":"en-GB","@id":"https:\/\/denizcankizil.tr\/de\/#\/schema\/person\/image\/","url":"https:\/\/secure.gravatar.com\/avatar\/c1fce94c830dc79107e174f890d7210541c4a63e8e5d816341794a2151c9d58c?s=96&d=mm&r=g","contentUrl":"https:\/\/secure.gravatar.com\/avatar\/c1fce94c830dc79107e174f890d7210541c4a63e8e5d816341794a2151c9d58c?s=96&d=mm&r=g","caption":"admin"},"sameAs":["http:\/\/denizcankizil.tr"],"url":"https:\/\/www.iskenderun.org\/aydin-buyuksehir-belediyespora-yeni-pasor-gizem-misra-asci"}]}},"_links":{"self":[{"href":"https:\/\/denizcankizil.tr\/en\/wp-json\/wp\/v2\/posts\/74744","targetHints":{"allow":["GET"]}}],"collection":[{"href":"https:\/\/denizcankizil.tr\/en\/wp-json\/wp\/v2\/posts"}],"about":[{"href":"https:\/\/denizcankizil.tr\/en\/wp-json\/wp\/v2\/types\/post"}],"author":[{"embeddable":true,"href":"https:\/\/denizcankizil.tr\/en\/wp-json\/wp\/v2\/users\/1"}],"replies":[{"embeddable":true,"href":"https:\/\/denizcankizil.tr\/en\/wp-json\/wp\/v2\/comments?post=74744"}],"version-history":[{"count":0,"href":"https:\/\/denizcankizil.tr\/en\/wp-json\/wp\/v2\/posts\/74744\/revisions"}],"wp:attachment":[{"href":"https:\/\/denizcankizil.tr\/en\/wp-json\/wp\/v2\/media?parent=74744"}],"wp:term":[{"taxonomy":"category","embeddable":true,"href":"https:\/\/denizcankizil.tr\/en\/wp-json\/wp\/v2\/categories?post=74744"},{"taxonomy":"post_tag","embeddable":true,"href":"https:\/\/denizcankizil.tr\/en\/wp-json\/wp\/v2\/tags?post=74744"}],"curies":[{"name":"wp","href":"https:\/\/api.w.org\/{rel}","templated":true}]}}