{"id":74565,"date":"2025-05-03T11:41:36","date_gmt":"2025-05-03T08:41:36","guid":{"rendered":"https:\/\/denizcankizil.tr\/uncategorized-tr\/alanyaspor-ile-alku-arasinda-isbirligi-protokolu\/"},"modified":"2025-05-03T11:41:36","modified_gmt":"2025-05-03T08:41:36","slug":"alanyaspor-ile-alku-arasinda-isbirligi-protokolu","status":"publish","type":"post","link":"https:\/\/denizcankizil.tr\/en\/haberler\/antalya\/alanyaspor-ile-alku-arasinda-isbirligi-protokolu\/","title":{"rendered":"Alanyaspor ile ALK\u00dc aras\u0131nda i\u015fbirli\u011fi protokol\u00fc"},"content":{"rendered":"<p>Alanyaspor Ba\u015fkan\u0131 Hasan \u00c7avu\u015fo\u011flu ve ALK\u00dc Rekt\u00f6r\u00fc Prof. Dr. Kenan Ahmet T\u00fcrkdo\u011fan&#8217;\u0131n imzalad\u0131\u011f\u0131 protokol kapsam\u0131nda kul\u00fcb\u00fcm\u00fcz\u00fcn profesyonel ve akademi sporcular\u0131n\u0131n performans \u00f6l\u00e7\u00fcm ve testlerinin yap\u0131lmas\u0131, sporcular\u0131n geli\u015fimlerinin takibi i\u00e7in veri taban\u0131 olu\u015fturulmas\u0131, antrenman rehberli\u011fi sa\u011flanmas\u0131, antren\u00f6r e\u011fitim programlar\u0131n\u0131n ve geli\u015fim seminerlerinin ger\u00e7ekle\u015ftirilmesinde akademik deste\u011fin sa\u011flanmas\u0131 ama\u00e7lan\u0131yor. \u0130\u015f birli\u011fi kapsam\u0131nda ayr\u0131ca \u00fcniversite \u00f6\u011frencilerine kul\u00fcb\u00fcm\u00fcz \u00e7at\u0131s\u0131 alt\u0131nda staj imkan\u0131 sa\u011flanmas\u0131 ve Alanya&#8217;da oynanacak ma\u00e7lar\u0131 \u00fcniversite \u00f6\u011frencilerinin izleyebilmeleri de sa\u011flanaca\u011f\u0131 \u00f6\u011frenildi.<\/p>\n<p>Cengiz Aydo\u011fan Tesislerinde d\u00fczenlenen imza t\u00f6renine ALK\u00dc Spor Bilimleri Dekan\u0131 Prof. Dr. Hamdi Alper G\u00fcng\u00f6rm\u00fc\u015f, dekan yard\u0131mc\u0131lar\u0131 Dr. \u00d6\u011fr. \u00dcyesi Elvan Deniz G\u00fcm\u00fc\u015f ve ayn\u0131 zamanda Spor Bilimleri Uygulama ve Ara\u015ft\u0131rma Merkezi (ASBAM) M\u00fcd\u00fcr\u00fc de olan dekan yard\u0131mc\u0131s\u0131 Prof. Dr. I\u015f\u0131k Bayraktar ile fak\u00fcltenin \u00f6\u011fretim \u00fcyeleri de kat\u0131ld\u0131.<br \/>\nProtokol\u00fcn imzalanmas\u0131n\u0131n ard\u0131ndan Alanyaspor Ba\u015fkan\u0131 Hasan \u00c7avu\u015fo\u011flu, Rekt\u00f6r T\u00fcrkdo\u011fan&#8217;a forma hediye etti. Rekt\u00f6r T\u00fcrkdo\u011fan ise Ba\u015fkan \u00c7avu\u015fo\u011flu&#8217;na ALK\u00dc&#8217;n\u00fcn kurulu\u015funun 10. y\u0131l etkinlikleri kapsam\u0131nda, e\u011fitime ve \u00fcniversiteye verdi\u011fi destekten dolay\u0131 te\u015fekk\u00fcr belgesi verdi. ALK\u00dc heyeti ziyaret sonunda yar\u0131n oynanacak Bellona Kayserispor ma\u00e7\u0131nda tak\u0131m\u0131m\u0131za destek vereceklerini belirterek ba\u015far\u0131lar diledi.<\/p>\n<p>Kaynak: www.kanalv.com.tr Haber Sitesinden Al\u0131nm\u0131\u015ft\u0131r.<\/p>","protected":false},"excerpt":{"rendered":"<p>Alanyaspor Ba\u015fkan\u0131 Hasan \u00c7avu\u015fo\u011flu ve ALK\u00dc Rekt\u00f6r\u00fc Prof. Dr. Kenan Ahmet T\u00fcrkdo\u011fan&#8217;\u0131n imzalad\u0131\u011f\u0131 protokol kapsam\u0131nda kul\u00fcb\u00fcm\u00fcz\u00fcn profesyonel ve akademi sporcular\u0131n\u0131n performans \u00f6l\u00e7\u00fcm ve testlerinin yap\u0131lmas\u0131, sporcular\u0131n geli\u015fimlerinin takibi i\u00e7in veri taban\u0131 olu\u015fturulmas\u0131, antrenman rehberli\u011fi sa\u011flanmas\u0131, antren\u00f6r e\u011fitim programlar\u0131n\u0131n ve geli\u015fim seminerlerinin ger\u00e7ekle\u015ftirilmesinde akademik deste\u011fin sa\u011flanmas\u0131 ama\u00e7lan\u0131yor. \u0130\u015f birli\u011fi kapsam\u0131nda ayr\u0131ca \u00fcniversite \u00f6\u011frencilerine kul\u00fcb\u00fcm\u00fcz \u00e7at\u0131s\u0131 alt\u0131nda staj imkan\u0131 sa\u011flanmas\u0131 ve Alanya&#8217;da oynanacak ma\u00e7lar\u0131 \u00fcniversite \u00f6\u011frencilerinin izleyebilmeleri de sa\u011flanaca\u011f\u0131 \u00f6\u011frenildi. Cengiz Aydo\u011fan Tesislerinde d\u00fczenlenen imza t\u00f6renine ALK\u00dc Spor Bilimleri Dekan\u0131 Prof. Dr. Hamdi Alper G\u00fcng\u00f6rm\u00fc\u015f, dekan yard\u0131mc\u0131lar\u0131 Dr. \u00d6\u011fr. \u00dcyesi Elvan Deniz G\u00fcm\u00fc\u015f ve ayn\u0131 zamanda Spor Bilimleri Uygulama ve Ara\u015ft\u0131rma Merkezi (ASBAM) M\u00fcd\u00fcr\u00fc de olan dekan yard\u0131mc\u0131s\u0131 Prof. Dr. I\u015f\u0131k Bayraktar ile fak\u00fcltenin \u00f6\u011fretim \u00fcyeleri de kat\u0131ld\u0131. Protokol\u00fcn imzalanmas\u0131n\u0131n ard\u0131ndan Alanyaspor Ba\u015fkan\u0131 Hasan \u00c7avu\u015fo\u011flu, Rekt\u00f6r T\u00fcrkdo\u011fan&#8217;a forma hediye etti. Rekt\u00f6r T\u00fcrkdo\u011fan ise Ba\u015fkan \u00c7avu\u015fo\u011flu&#8217;na ALK\u00dc&#8217;n\u00fcn kurulu\u015funun 10. y\u0131l etkinlikleri kapsam\u0131nda, e\u011fitime ve \u00fcniversiteye verdi\u011fi destekten dolay\u0131 te\u015fekk\u00fcr belgesi verdi. ALK\u00dc heyeti ziyaret sonunda yar\u0131n oynanacak Bellona Kayserispor ma\u00e7\u0131nda tak\u0131m\u0131m\u0131za destek vereceklerini belirterek ba\u015far\u0131lar diledi. Kaynak: www.kanalv.com.tr Haber Sitesinden Al\u0131nm\u0131\u015ft\u0131r.<\/p>","protected":false},"author":4,"featured_media":74566,"comment_status":"","ping_status":"open","sticky":false,"template":"","format":"standard","meta":{"_acf_changed":false,"footnotes":""},"categories":[26],"tags":[],"class_list":["post-74565","post","type-post","status-publish","format-standard","has-post-thumbnail","hentry","category-antalya"],"acf":[],"yoast_head":"<!-- This site is optimized with the Yoast SEO Premium plugin v26.6 (Yoast SEO v27.1.1) - https:\/\/yoast.com\/product\/yoast-seo-premium-wordpress\/ -->\n<title>Alanyaspor ile ALK\u00dc aras\u0131nda i\u015fbirli\u011fi protokol\u00fc - Av. Deniz Can K\u0131z\u0131l<\/title>\n<meta name=\"robots\" content=\"index, follow, max-snippet:-1, max-image-preview:large, max-video-preview:-1\" \/>\n<link rel=\"canonical\" href=\"https:\/\/denizcankizil.tr\/en\/haberler\/antalya\/alanyaspor-ile-alku-arasinda-isbirligi-protokolu\/\" \/>\n<meta property=\"og:locale\" content=\"en_GB\" \/>\n<meta property=\"og:type\" content=\"article\" \/>\n<meta property=\"og:title\" content=\"Alanyaspor ile ALK\u00dc aras\u0131nda i\u015fbirli\u011fi protokol\u00fc\" \/>\n<meta property=\"og:description\" content=\"Alanyaspor Ba\u015fkan\u0131 Hasan \u00c7avu\u015fo\u011flu ve ALK\u00dc Rekt\u00f6r\u00fc Prof. Dr. Kenan Ahmet T\u00fcrkdo\u011fan&#8217;\u0131n imzalad\u0131\u011f\u0131 protokol kapsam\u0131nda kul\u00fcb\u00fcm\u00fcz\u00fcn profesyonel ve akademi sporcular\u0131n\u0131n performans \u00f6l\u00e7\u00fcm ve testlerinin yap\u0131lmas\u0131, sporcular\u0131n geli\u015fimlerinin takibi i\u00e7in veri taban\u0131 olu\u015fturulmas\u0131, antrenman rehberli\u011fi sa\u011flanmas\u0131, antren\u00f6r e\u011fitim programlar\u0131n\u0131n ve geli\u015fim seminerlerinin ger\u00e7ekle\u015ftirilmesinde akademik deste\u011fin sa\u011flanmas\u0131 ama\u00e7lan\u0131yor. \u0130\u015f birli\u011fi kapsam\u0131nda ayr\u0131ca \u00fcniversite \u00f6\u011frencilerine kul\u00fcb\u00fcm\u00fcz \u00e7at\u0131s\u0131 alt\u0131nda staj imkan\u0131 sa\u011flanmas\u0131 ve Alanya&#8217;da oynanacak ma\u00e7lar\u0131 \u00fcniversite \u00f6\u011frencilerinin izleyebilmeleri de sa\u011flanaca\u011f\u0131 \u00f6\u011frenildi. Cengiz Aydo\u011fan Tesislerinde d\u00fczenlenen imza t\u00f6renine ALK\u00dc Spor Bilimleri Dekan\u0131 Prof. Dr. Hamdi Alper G\u00fcng\u00f6rm\u00fc\u015f, dekan yard\u0131mc\u0131lar\u0131 Dr. \u00d6\u011fr. \u00dcyesi Elvan Deniz G\u00fcm\u00fc\u015f ve ayn\u0131 zamanda Spor Bilimleri Uygulama ve Ara\u015ft\u0131rma Merkezi (ASBAM) M\u00fcd\u00fcr\u00fc de olan dekan yard\u0131mc\u0131s\u0131 Prof. Dr. I\u015f\u0131k Bayraktar ile fak\u00fcltenin \u00f6\u011fretim \u00fcyeleri de kat\u0131ld\u0131. Protokol\u00fcn imzalanmas\u0131n\u0131n ard\u0131ndan Alanyaspor Ba\u015fkan\u0131 Hasan \u00c7avu\u015fo\u011flu, Rekt\u00f6r T\u00fcrkdo\u011fan&#8217;a forma hediye etti. Rekt\u00f6r T\u00fcrkdo\u011fan ise Ba\u015fkan \u00c7avu\u015fo\u011flu&#8217;na ALK\u00dc&#8217;n\u00fcn kurulu\u015funun 10. y\u0131l etkinlikleri kapsam\u0131nda, e\u011fitime ve \u00fcniversiteye verdi\u011fi destekten dolay\u0131 te\u015fekk\u00fcr belgesi verdi. ALK\u00dc heyeti ziyaret sonunda yar\u0131n oynanacak Bellona Kayserispor ma\u00e7\u0131nda tak\u0131m\u0131m\u0131za destek vereceklerini belirterek ba\u015far\u0131lar diledi. Kaynak: www.kanalv.com.tr Haber Sitesinden Al\u0131nm\u0131\u015ft\u0131r.\" \/>\n<meta property=\"og:url\" content=\"https:\/\/denizcankizil.tr\/en\/haberler\/antalya\/alanyaspor-ile-alku-arasinda-isbirligi-protokolu\/\" \/>\n<meta property=\"og:site_name\" content=\"Av. Deniz Can K\u0131z\u0131l\" \/>\n<meta property=\"article:published_time\" content=\"2025-05-03T08:41:36+00:00\" \/>\n<meta property=\"og:image\" content=\"https:\/\/denizcankizil.tr\/wp-content\/uploads\/2025\/05\/6135-01-FHiCXK.jpg\" \/>\n\t<meta property=\"og:image:width\" content=\"1280\" \/>\n\t<meta property=\"og:image:height\" content=\"720\" \/>\n\t<meta property=\"og:image:type\" content=\"image\/jpeg\" \/>\n<meta name=\"author\" content=\"Av. Deniz Can K\u0131z\u0131l\" \/>\n<meta name=\"twitter:card\" content=\"summary_large_image\" \/>\n<meta name=\"twitter:label1\" content=\"Written by\" \/>\n\t<meta name=\"twitter:data1\" content=\"Av. Deniz Can K\u0131z\u0131l\" \/>\n\t<meta name=\"twitter:label2\" content=\"Estimated reading time\" \/>\n\t<meta name=\"twitter:data2\" content=\"1 minute\" \/>\n<script type=\"application\/ld+json\" class=\"yoast-schema-graph\">{\"@context\":\"https:\/\/schema.org\",\"@graph\":[{\"@type\":\"Article\",\"@id\":\"https:\/\/denizcankizil.tr\/en\/haberler\/antalya\/alanyaspor-ile-alku-arasinda-isbirligi-protokolu\/#article\",\"isPartOf\":{\"@id\":\"https:\/\/denizcankizil.tr\/en\/haberler\/antalya\/alanyaspor-ile-alku-arasinda-isbirligi-protokolu\/\"},\"author\":{\"name\":\"Av. Deniz Can K\u0131z\u0131l\",\"@id\":\"https:\/\/denizcankizil.tr\/de\/#\/schema\/person\/5dc1b22991bd7ac833867c10afc9b0ff\"},\"headline\":\"Alanyaspor ile ALK\u00dc aras\u0131nda i\u015fbirli\u011fi protokol\u00fc\",\"datePublished\":\"2025-05-03T08:41:36+00:00\",\"mainEntityOfPage\":{\"@id\":\"https:\/\/denizcankizil.tr\/en\/haberler\/antalya\/alanyaspor-ile-alku-arasinda-isbirligi-protokolu\/\"},\"wordCount\":277,\"publisher\":{\"@id\":\"https:\/\/denizcankizil.tr\/de\/#organization\"},\"image\":{\"@id\":\"https:\/\/denizcankizil.tr\/en\/haberler\/antalya\/alanyaspor-ile-alku-arasinda-isbirligi-protokolu\/#primaryimage\"},\"thumbnailUrl\":\"https:\/\/denizcankizil.tr\/wp-content\/uploads\/2025\/05\/6135-01-FHiCXK.jpg\",\"articleSection\":[\"Antalya\"],\"inLanguage\":\"en-GB\"},{\"@type\":\"WebPage\",\"@id\":\"https:\/\/denizcankizil.tr\/en\/haberler\/antalya\/alanyaspor-ile-alku-arasinda-isbirligi-protokolu\/\",\"url\":\"https:\/\/denizcankizil.tr\/en\/haberler\/antalya\/alanyaspor-ile-alku-arasinda-isbirligi-protokolu\/\",\"name\":\"Alanyaspor ile ALK\u00dc aras\u0131nda i\u015fbirli\u011fi protokol\u00fc - Av. Deniz Can K\u0131z\u0131l\",\"isPartOf\":{\"@id\":\"https:\/\/denizcankizil.tr\/de\/#website\"},\"primaryImageOfPage\":{\"@id\":\"https:\/\/denizcankizil.tr\/en\/haberler\/antalya\/alanyaspor-ile-alku-arasinda-isbirligi-protokolu\/#primaryimage\"},\"image\":{\"@id\":\"https:\/\/denizcankizil.tr\/en\/haberler\/antalya\/alanyaspor-ile-alku-arasinda-isbirligi-protokolu\/#primaryimage\"},\"thumbnailUrl\":\"https:\/\/denizcankizil.tr\/wp-content\/uploads\/2025\/05\/6135-01-FHiCXK.jpg\",\"datePublished\":\"2025-05-03T08:41:36+00:00\",\"breadcrumb\":{\"@id\":\"https:\/\/denizcankizil.tr\/en\/haberler\/antalya\/alanyaspor-ile-alku-arasinda-isbirligi-protokolu\/#breadcrumb\"},\"inLanguage\":\"en-GB\",\"potentialAction\":[{\"@type\":\"ReadAction\",\"target\":[\"https:\/\/denizcankizil.tr\/en\/haberler\/antalya\/alanyaspor-ile-alku-arasinda-isbirligi-protokolu\/\"]}]},{\"@type\":\"ImageObject\",\"inLanguage\":\"en-GB\",\"@id\":\"https:\/\/denizcankizil.tr\/en\/haberler\/antalya\/alanyaspor-ile-alku-arasinda-isbirligi-protokolu\/#primaryimage\",\"url\":\"https:\/\/denizcankizil.tr\/wp-content\/uploads\/2025\/05\/6135-01-FHiCXK.jpg\",\"contentUrl\":\"https:\/\/denizcankizil.tr\/wp-content\/uploads\/2025\/05\/6135-01-FHiCXK.jpg\",\"width\":1280,\"height\":720},{\"@type\":\"BreadcrumbList\",\"@id\":\"https:\/\/denizcankizil.tr\/en\/haberler\/antalya\/alanyaspor-ile-alku-arasinda-isbirligi-protokolu\/#breadcrumb\",\"itemListElement\":[{\"@type\":\"ListItem\",\"position\":1,\"name\":\"Home\",\"item\":\"https:\/\/denizcankizil.tr\/de\/\"},{\"@type\":\"ListItem\",\"position\":2,\"name\":\"Alanyaspor ile ALK\u00dc aras\u0131nda i\u015fbirli\u011fi protokol\u00fc\"}]},{\"@type\":\"WebSite\",\"@id\":\"https:\/\/denizcankizil.tr\/de\/#website\",\"url\":\"https:\/\/denizcankizil.tr\/de\/\",\"name\":\"Av. Deniz Can K\u0131z\u0131l\",\"description\":\"Avukat Deniz Can K\u0131z\u0131l Antalya Barosu\",\"publisher\":{\"@id\":\"https:\/\/denizcankizil.tr\/de\/#organization\"},\"potentialAction\":[{\"@type\":\"SearchAction\",\"target\":{\"@type\":\"EntryPoint\",\"urlTemplate\":\"https:\/\/denizcankizil.tr\/de\/?s={search_term_string}\"},\"query-input\":{\"@type\":\"PropertyValueSpecification\",\"valueRequired\":true,\"valueName\":\"search_term_string\"}}],\"inLanguage\":\"en-GB\"},{\"@type\":\"Organization\",\"@id\":\"https:\/\/denizcankizil.tr\/de\/#organization\",\"name\":\"Av. Deniz Can K\u0131z\u0131l\",\"url\":\"https:\/\/denizcankizil.tr\/de\/\",\"logo\":{\"@type\":\"ImageObject\",\"inLanguage\":\"en-GB\",\"@id\":\"https:\/\/denizcankizil.tr\/de\/#\/schema\/logo\/image\/\",\"url\":\"https:\/\/denizcankizil.tr\/wp-content\/uploads\/2024\/10\/siyah-logo-svg.svg\",\"contentUrl\":\"https:\/\/denizcankizil.tr\/wp-content\/uploads\/2024\/10\/siyah-logo-svg.svg\",\"width\":1080,\"height\":1080,\"caption\":\"Av. Deniz Can K\u0131z\u0131l\"},\"image\":{\"@id\":\"https:\/\/denizcankizil.tr\/de\/#\/schema\/logo\/image\/\"}},{\"@type\":\"Person\",\"@id\":\"https:\/\/denizcankizil.tr\/de\/#\/schema\/person\/5dc1b22991bd7ac833867c10afc9b0ff\",\"name\":\"Av. Deniz Can K\u0131z\u0131l\",\"image\":{\"@type\":\"ImageObject\",\"inLanguage\":\"en-GB\",\"@id\":\"https:\/\/denizcankizil.tr\/de\/#\/schema\/person\/image\/\",\"url\":\"https:\/\/secure.gravatar.com\/avatar\/a0b128fb9855c79efc976d5640eedb31dc35ec297594d6016d2cf7c60e975bb6?s=96&d=mm&r=g\",\"contentUrl\":\"https:\/\/secure.gravatar.com\/avatar\/a0b128fb9855c79efc976d5640eedb31dc35ec297594d6016d2cf7c60e975bb6?s=96&d=mm&r=g\",\"caption\":\"Av. Deniz Can K\u0131z\u0131l\"},\"sameAs\":[\"http:\/\/www.denizcankizil.tr\"],\"url\":\"https:\/\/denizcankizil.tr\/en\/author\/denizcankizil\/\"}]}<\/script>\n<!-- \/ Yoast SEO Premium plugin. -->","yoast_head_json":{"title":"Alanyaspor ile ALK\u00dc aras\u0131nda i\u015fbirli\u011fi protokol\u00fc - Av. Deniz Can K\u0131z\u0131l","robots":{"index":"index","follow":"follow","max-snippet":"max-snippet:-1","max-image-preview":"max-image-preview:large","max-video-preview":"max-video-preview:-1"},"canonical":"https:\/\/denizcankizil.tr\/en\/haberler\/antalya\/alanyaspor-ile-alku-arasinda-isbirligi-protokolu\/","og_locale":"en_GB","og_type":"article","og_title":"Alanyaspor ile ALK\u00dc aras\u0131nda i\u015fbirli\u011fi protokol\u00fc","og_description":"Alanyaspor Ba\u015fkan\u0131 Hasan \u00c7avu\u015fo\u011flu ve ALK\u00dc Rekt\u00f6r\u00fc Prof. Dr. Kenan Ahmet T\u00fcrkdo\u011fan&#8217;\u0131n imzalad\u0131\u011f\u0131 protokol kapsam\u0131nda kul\u00fcb\u00fcm\u00fcz\u00fcn profesyonel ve akademi sporcular\u0131n\u0131n performans \u00f6l\u00e7\u00fcm ve testlerinin yap\u0131lmas\u0131, sporcular\u0131n geli\u015fimlerinin takibi i\u00e7in veri taban\u0131 olu\u015fturulmas\u0131, antrenman rehberli\u011fi sa\u011flanmas\u0131, antren\u00f6r e\u011fitim programlar\u0131n\u0131n ve geli\u015fim seminerlerinin ger\u00e7ekle\u015ftirilmesinde akademik deste\u011fin sa\u011flanmas\u0131 ama\u00e7lan\u0131yor. \u0130\u015f birli\u011fi kapsam\u0131nda ayr\u0131ca \u00fcniversite \u00f6\u011frencilerine kul\u00fcb\u00fcm\u00fcz \u00e7at\u0131s\u0131 alt\u0131nda staj imkan\u0131 sa\u011flanmas\u0131 ve Alanya&#8217;da oynanacak ma\u00e7lar\u0131 \u00fcniversite \u00f6\u011frencilerinin izleyebilmeleri de sa\u011flanaca\u011f\u0131 \u00f6\u011frenildi. Cengiz Aydo\u011fan Tesislerinde d\u00fczenlenen imza t\u00f6renine ALK\u00dc Spor Bilimleri Dekan\u0131 Prof. Dr. Hamdi Alper G\u00fcng\u00f6rm\u00fc\u015f, dekan yard\u0131mc\u0131lar\u0131 Dr. \u00d6\u011fr. \u00dcyesi Elvan Deniz G\u00fcm\u00fc\u015f ve ayn\u0131 zamanda Spor Bilimleri Uygulama ve Ara\u015ft\u0131rma Merkezi (ASBAM) M\u00fcd\u00fcr\u00fc de olan dekan yard\u0131mc\u0131s\u0131 Prof. Dr. I\u015f\u0131k Bayraktar ile fak\u00fcltenin \u00f6\u011fretim \u00fcyeleri de kat\u0131ld\u0131. Protokol\u00fcn imzalanmas\u0131n\u0131n ard\u0131ndan Alanyaspor Ba\u015fkan\u0131 Hasan \u00c7avu\u015fo\u011flu, Rekt\u00f6r T\u00fcrkdo\u011fan&#8217;a forma hediye etti. Rekt\u00f6r T\u00fcrkdo\u011fan ise Ba\u015fkan \u00c7avu\u015fo\u011flu&#8217;na ALK\u00dc&#8217;n\u00fcn kurulu\u015funun 10. y\u0131l etkinlikleri kapsam\u0131nda, e\u011fitime ve \u00fcniversiteye verdi\u011fi destekten dolay\u0131 te\u015fekk\u00fcr belgesi verdi. ALK\u00dc heyeti ziyaret sonunda yar\u0131n oynanacak Bellona Kayserispor ma\u00e7\u0131nda tak\u0131m\u0131m\u0131za destek vereceklerini belirterek ba\u015far\u0131lar diledi. Kaynak: www.kanalv.com.tr Haber Sitesinden Al\u0131nm\u0131\u015ft\u0131r.","og_url":"https:\/\/denizcankizil.tr\/en\/haberler\/antalya\/alanyaspor-ile-alku-arasinda-isbirligi-protokolu\/","og_site_name":"Av. Deniz Can K\u0131z\u0131l","article_published_time":"2025-05-03T08:41:36+00:00","og_image":[{"width":1280,"height":720,"url":"https:\/\/denizcankizil.tr\/wp-content\/uploads\/2025\/05\/6135-01-FHiCXK.jpg","type":"image\/jpeg"}],"author":"Av. Deniz Can K\u0131z\u0131l","twitter_card":"summary_large_image","twitter_misc":{"Written by":"Av. Deniz Can K\u0131z\u0131l","Estimated reading time":"1 minute"},"schema":{"@context":"https:\/\/schema.org","@graph":[{"@type":"Article","@id":"https:\/\/denizcankizil.tr\/en\/haberler\/antalya\/alanyaspor-ile-alku-arasinda-isbirligi-protokolu\/#article","isPartOf":{"@id":"https:\/\/denizcankizil.tr\/en\/haberler\/antalya\/alanyaspor-ile-alku-arasinda-isbirligi-protokolu\/"},"author":{"name":"Av. Deniz Can K\u0131z\u0131l","@id":"https:\/\/denizcankizil.tr\/de\/#\/schema\/person\/5dc1b22991bd7ac833867c10afc9b0ff"},"headline":"Alanyaspor ile ALK\u00dc aras\u0131nda i\u015fbirli\u011fi protokol\u00fc","datePublished":"2025-05-03T08:41:36+00:00","mainEntityOfPage":{"@id":"https:\/\/denizcankizil.tr\/en\/haberler\/antalya\/alanyaspor-ile-alku-arasinda-isbirligi-protokolu\/"},"wordCount":277,"publisher":{"@id":"https:\/\/denizcankizil.tr\/de\/#organization"},"image":{"@id":"https:\/\/denizcankizil.tr\/en\/haberler\/antalya\/alanyaspor-ile-alku-arasinda-isbirligi-protokolu\/#primaryimage"},"thumbnailUrl":"https:\/\/denizcankizil.tr\/wp-content\/uploads\/2025\/05\/6135-01-FHiCXK.jpg","articleSection":["Antalya"],"inLanguage":"en-GB"},{"@type":"WebPage","@id":"https:\/\/denizcankizil.tr\/en\/haberler\/antalya\/alanyaspor-ile-alku-arasinda-isbirligi-protokolu\/","url":"https:\/\/denizcankizil.tr\/en\/haberler\/antalya\/alanyaspor-ile-alku-arasinda-isbirligi-protokolu\/","name":"Alanyaspor ile ALK\u00dc aras\u0131nda i\u015fbirli\u011fi protokol\u00fc - Av. Deniz Can K\u0131z\u0131l","isPartOf":{"@id":"https:\/\/denizcankizil.tr\/de\/#website"},"primaryImageOfPage":{"@id":"https:\/\/denizcankizil.tr\/en\/haberler\/antalya\/alanyaspor-ile-alku-arasinda-isbirligi-protokolu\/#primaryimage"},"image":{"@id":"https:\/\/denizcankizil.tr\/en\/haberler\/antalya\/alanyaspor-ile-alku-arasinda-isbirligi-protokolu\/#primaryimage"},"thumbnailUrl":"https:\/\/denizcankizil.tr\/wp-content\/uploads\/2025\/05\/6135-01-FHiCXK.jpg","datePublished":"2025-05-03T08:41:36+00:00","breadcrumb":{"@id":"https:\/\/denizcankizil.tr\/en\/haberler\/antalya\/alanyaspor-ile-alku-arasinda-isbirligi-protokolu\/#breadcrumb"},"inLanguage":"en-GB","potentialAction":[{"@type":"ReadAction","target":["https:\/\/denizcankizil.tr\/en\/haberler\/antalya\/alanyaspor-ile-alku-arasinda-isbirligi-protokolu\/"]}]},{"@type":"ImageObject","inLanguage":"en-GB","@id":"https:\/\/denizcankizil.tr\/en\/haberler\/antalya\/alanyaspor-ile-alku-arasinda-isbirligi-protokolu\/#primaryimage","url":"https:\/\/denizcankizil.tr\/wp-content\/uploads\/2025\/05\/6135-01-FHiCXK.jpg","contentUrl":"https:\/\/denizcankizil.tr\/wp-content\/uploads\/2025\/05\/6135-01-FHiCXK.jpg","width":1280,"height":720},{"@type":"BreadcrumbList","@id":"https:\/\/denizcankizil.tr\/en\/haberler\/antalya\/alanyaspor-ile-alku-arasinda-isbirligi-protokolu\/#breadcrumb","itemListElement":[{"@type":"ListItem","position":1,"name":"Home","item":"https:\/\/denizcankizil.tr\/de\/"},{"@type":"ListItem","position":2,"name":"Alanyaspor ile ALK\u00dc aras\u0131nda i\u015fbirli\u011fi protokol\u00fc"}]},{"@type":"WebSite","@id":"https:\/\/denizcankizil.tr\/de\/#website","url":"https:\/\/denizcankizil.tr\/de\/","name":"Av. Deniz Can K\u0131z\u0131l","description":"Avukat Deniz Can K\u0131z\u0131l Antalya Barosu","publisher":{"@id":"https:\/\/denizcankizil.tr\/de\/#organization"},"potentialAction":[{"@type":"SearchAction","target":{"@type":"EntryPoint","urlTemplate":"https:\/\/denizcankizil.tr\/de\/?s={search_term_string}"},"query-input":{"@type":"PropertyValueSpecification","valueRequired":true,"valueName":"search_term_string"}}],"inLanguage":"en-GB"},{"@type":"Organization","@id":"https:\/\/denizcankizil.tr\/de\/#organization","name":"Av. Deniz Can K\u0131z\u0131l","url":"https:\/\/denizcankizil.tr\/de\/","logo":{"@type":"ImageObject","inLanguage":"en-GB","@id":"https:\/\/denizcankizil.tr\/de\/#\/schema\/logo\/image\/","url":"https:\/\/denizcankizil.tr\/wp-content\/uploads\/2024\/10\/siyah-logo-svg.svg","contentUrl":"https:\/\/denizcankizil.tr\/wp-content\/uploads\/2024\/10\/siyah-logo-svg.svg","width":1080,"height":1080,"caption":"Av. Deniz Can K\u0131z\u0131l"},"image":{"@id":"https:\/\/denizcankizil.tr\/de\/#\/schema\/logo\/image\/"}},{"@type":"Person","@id":"https:\/\/denizcankizil.tr\/de\/#\/schema\/person\/5dc1b22991bd7ac833867c10afc9b0ff","name":"Av. Deniz Can K\u0131z\u0131l","image":{"@type":"ImageObject","inLanguage":"en-GB","@id":"https:\/\/denizcankizil.tr\/de\/#\/schema\/person\/image\/","url":"https:\/\/secure.gravatar.com\/avatar\/a0b128fb9855c79efc976d5640eedb31dc35ec297594d6016d2cf7c60e975bb6?s=96&d=mm&r=g","contentUrl":"https:\/\/secure.gravatar.com\/avatar\/a0b128fb9855c79efc976d5640eedb31dc35ec297594d6016d2cf7c60e975bb6?s=96&d=mm&r=g","caption":"Av. Deniz Can K\u0131z\u0131l"},"sameAs":["http:\/\/www.denizcankizil.tr"],"url":"https:\/\/denizcankizil.tr\/en\/author\/denizcankizil\/"}]}},"_links":{"self":[{"href":"https:\/\/denizcankizil.tr\/en\/wp-json\/wp\/v2\/posts\/74565","targetHints":{"allow":["GET"]}}],"collection":[{"href":"https:\/\/denizcankizil.tr\/en\/wp-json\/wp\/v2\/posts"}],"about":[{"href":"https:\/\/denizcankizil.tr\/en\/wp-json\/wp\/v2\/types\/post"}],"author":[{"embeddable":true,"href":"https:\/\/denizcankizil.tr\/en\/wp-json\/wp\/v2\/users\/4"}],"replies":[{"embeddable":true,"href":"https:\/\/denizcankizil.tr\/en\/wp-json\/wp\/v2\/comments?post=74565"}],"version-history":[{"count":0,"href":"https:\/\/denizcankizil.tr\/en\/wp-json\/wp\/v2\/posts\/74565\/revisions"}],"wp:featuredmedia":[{"embeddable":true,"href":"https:\/\/denizcankizil.tr\/en\/wp-json\/wp\/v2\/media\/74566"}],"wp:attachment":[{"href":"https:\/\/denizcankizil.tr\/en\/wp-json\/wp\/v2\/media?parent=74565"}],"wp:term":[{"taxonomy":"category","embeddable":true,"href":"https:\/\/denizcankizil.tr\/en\/wp-json\/wp\/v2\/categories?post=74565"},{"taxonomy":"post_tag","embeddable":true,"href":"https:\/\/denizcankizil.tr\/en\/wp-json\/wp\/v2\/tags?post=74565"}],"curies":[{"name":"wp","href":"https:\/\/api.w.org\/{rel}","templated":true}]}}