{"id":7445,"date":"2024-10-24T11:41:52","date_gmt":"2024-10-24T08:41:52","guid":{"rendered":"https:\/\/denizcankizil.tr\/uncategorized-tr\/cumhurbaskani-erdogan-hicbir-ser-odagi-emellerine-ulasamayacak\/"},"modified":"2025-03-16T00:46:10","modified_gmt":"2025-03-15T21:46:10","slug":"cumhurbaskani-erdogan-hicbir-ser-odagi-emellerine-ulasamayacak","status":"publish","type":"post","link":"https:\/\/denizcankizil.tr\/en\/haberler\/gundem\/cumhurbaskani-erdogan-hicbir-ser-odagi-emellerine-ulasamayacak\/","title":{"rendered":"Cumhurba\u015fkan\u0131 Erdo\u011fan: Hi\u00e7bir \u015fer oda\u011f\u0131 emellerine ula\u015famayacak"},"content":{"rendered":"<p>Cumhurba\u015fkan\u0131 Recep Tayyip Erdo\u011fan, sosyal medya hesab\u0131ndan, T\u00fcrk Havac\u0131l\u0131k ve Uzay Sanayii Anonim \u015eirketi\u2019nin (TUSA\u015e) Kahramankazan&#8217;daki yerle\u015fkesini hedef alan ter\u00f6r sald\u0131r\u0131s\u0131na ili\u015fkin a\u00e7\u0131klamada bulundu.ANKARA (\u0130GFA) &#8211;\u00a0 Cumhurba\u015fkan\u0131 Erdo\u011fan, TUSA\u015e&#8217;a y\u00f6nelik ter\u00f6r eylemi dolay\u0131s\u0131yla sosyal medya hesab\u0131ndan payla\u015f\u0131mda bulundu.<br \/>\nCumhurba\u015fkan\u0131 Erdo\u011fan, T\u00fcrk savunma sanayisinin lokomotif kurulu\u015flar\u0131ndan olan TUSA\u015e&#8217;a y\u00f6nelik d\u00fczenlenen ter\u00f6r eyleminin &#8216;tam ba\u011f\u0131ms\u0131z T\u00fcrkiye&#8217; idealimizin timsali olan savunma at\u0131l\u0131mlar\u0131m\u0131z\u0131 hedef alan al\u00e7ak\u00e7a bir sald\u0131r\u0131 oldu\u011funun alt\u0131n\u0131 \u00e7izdi.<br \/>\nTer\u00f6r eyleminin ilk an\u0131ndan itibaren g\u00fcvenlik kuvvetlerimiz olaya s\u00fcratle m\u00fcdahalede bulunmu\u015f ve ter\u00f6ristleri etkisiz h\u00e2le getirildi\u011fini ifade eden Cumhurba\u015fkan\u0131 Erdo\u011fan, &#8220;Milletimiz \u015funu bilsin ki T\u00fcrkiye&#8217;ye uzanan kirli eller mutlaka k\u0131r\u0131lacak, g\u00fcvenli\u011fimize kasteden hi\u00e7bir yap\u0131, hi\u00e7bir ter\u00f6r \u00f6rg\u00fct\u00fc, hi\u00e7bir \u015fer oda\u011f\u0131 emellerine ula\u015famayacakt\u0131r. Her t\u00fcrl\u00fc ter\u00f6r tehdidiyle ve destek\u00e7ileriyle m\u00fccadelemiz azimle kararl\u0131l\u0131kla ve \u00e7ok boyutlu bir \u015fekilde devam edecektir. Kalle\u015f ter\u00f6r eyleminde \u015fehit olan karde\u015flerimize Allah&#8217;tan rahmet niyaz ediyor, yaral\u0131lar\u0131m\u0131za acil \u015fifalar diliyorum. Savunma sanayimizin gurur kayna\u011f\u0131 TUSA\u015e&#8217;\u0131m\u0131z\u0131n fedak\u00e2r \u00e7al\u0131\u015fanlar\u0131na ve milletimize ge\u00e7mi\u015f olsun dileklerimi iletiyorum.&#8221; ifadelerini kulland\u0131.<\/p>\n<p>\u200bCumhurba\u015fkan\u0131 Recep Tayyip Erdo\u011fan, sosyal medya hesab\u0131ndan, T\u00fcrk Havac\u0131l\u0131k ve Uzay Sanayii Anonim \u015eirketi\u2019nin (TUSA\u015e) Kahramankazan&#8217;daki yerle\u015fkesini hedef alan ter\u00f6r sald\u0131r\u0131s\u0131na ili\u015fkin a\u00e7\u0131klamada bulundu\u00a0<\/p>\n<p>\u200bHaberin Al\u0131nt\u0131land\u0131\u011f\u0131 Kaynak: www.iskenderun.org<\/p>","protected":false},"excerpt":{"rendered":"<p>Cumhurba\u015fkan\u0131 Recep Tayyip Erdo\u011fan, sosyal medya hesab\u0131ndan, T\u00fcrk Havac\u0131l\u0131k ve Uzay Sanayii Anonim \u015eirketi\u2019nin (TUSA\u015e) Kahramankazan&#8217;daki yerle\u015fkesini hedef alan ter\u00f6r sald\u0131r\u0131s\u0131na ili\u015fkin a\u00e7\u0131klamada bulundu.ANKARA (\u0130GFA) &#8211;\u00a0 Cumhurba\u015fkan\u0131 Erdo\u011fan, TUSA\u015e&#8217;a y\u00f6nelik ter\u00f6r eylemi dolay\u0131s\u0131yla sosyal medya hesab\u0131ndan payla\u015f\u0131mda bulundu. Cumhurba\u015fkan\u0131 Erdo\u011fan, T\u00fcrk savunma sanayisinin lokomotif kurulu\u015flar\u0131ndan olan TUSA\u015e&#8217;a y\u00f6nelik d\u00fczenlenen ter\u00f6r eyleminin &#8216;tam ba\u011f\u0131ms\u0131z T\u00fcrkiye&#8217; idealimizin timsali olan savunma at\u0131l\u0131mlar\u0131m\u0131z\u0131 hedef alan al\u00e7ak\u00e7a bir sald\u0131r\u0131 oldu\u011funun alt\u0131n\u0131 \u00e7izdi. Ter\u00f6r eyleminin ilk an\u0131ndan itibaren g\u00fcvenlik kuvvetlerimiz olaya s\u00fcratle m\u00fcdahalede bulunmu\u015f ve ter\u00f6ristleri etkisiz h\u00e2le getirildi\u011fini ifade eden Cumhurba\u015fkan\u0131 Erdo\u011fan, &#8220;Milletimiz \u015funu bilsin ki T\u00fcrkiye&#8217;ye uzanan kirli eller mutlaka k\u0131r\u0131lacak, g\u00fcvenli\u011fimize kasteden hi\u00e7bir yap\u0131, hi\u00e7bir ter\u00f6r \u00f6rg\u00fct\u00fc, hi\u00e7bir \u015fer oda\u011f\u0131 emellerine ula\u015famayacakt\u0131r. Her t\u00fcrl\u00fc ter\u00f6r tehdidiyle ve destek\u00e7ileriyle m\u00fccadelemiz azimle kararl\u0131l\u0131kla ve \u00e7ok boyutlu bir \u015fekilde devam edecektir. Kalle\u015f ter\u00f6r eyleminde \u015fehit olan karde\u015flerimize Allah&#8217;tan rahmet niyaz ediyor, yaral\u0131lar\u0131m\u0131za acil \u015fifalar diliyorum. Savunma sanayimizin gurur kayna\u011f\u0131 TUSA\u015e&#8217;\u0131m\u0131z\u0131n fedak\u00e2r \u00e7al\u0131\u015fanlar\u0131na ve milletimize ge\u00e7mi\u015f olsun dileklerimi iletiyorum.&#8221; ifadelerini kulland\u0131. \u200bCumhurba\u015fkan\u0131 Recep Tayyip Erdo\u011fan, sosyal medya hesab\u0131ndan, T\u00fcrk Havac\u0131l\u0131k ve Uzay Sanayii Anonim \u015eirketi\u2019nin (TUSA\u015e) Kahramankazan&#8217;daki yerle\u015fkesini hedef alan ter\u00f6r sald\u0131r\u0131s\u0131na ili\u015fkin a\u00e7\u0131klamada bulundu\u00a0 \u200bHaberin Al\u0131nt\u0131land\u0131\u011f\u0131 Kaynak: www.iskenderun.org<\/p>","protected":false},"author":2,"featured_media":0,"comment_status":"closed","ping_status":"open","sticky":false,"template":"","format":"standard","meta":{"_acf_changed":false,"footnotes":""},"categories":[24,535],"tags":[],"class_list":["post-7445","post","type-post","status-publish","format-standard","has-post-thumbnail","hentry","category-gundem","category-uncategorized-tr"],"acf":[],"yoast_head":"<!-- This site is optimized with the Yoast SEO Premium plugin v26.6 (Yoast SEO v27.1.1) - https:\/\/yoast.com\/product\/yoast-seo-premium-wordpress\/ -->\n<title>Cumhurba\u015fkan\u0131 Erdo\u011fan: Hi\u00e7bir \u015fer oda\u011f\u0131 emellerine ula\u015famayacak - Av. Deniz Can K\u0131z\u0131l<\/title>\n<meta name=\"robots\" content=\"index, follow, max-snippet:-1, max-image-preview:large, max-video-preview:-1\" \/>\n<link rel=\"canonical\" href=\"https:\/\/denizcankizil.tr\/en\/haberler\/gundem\/cumhurbaskani-erdogan-hicbir-ser-odagi-emellerine-ulasamayacak\/\" \/>\n<meta property=\"og:locale\" content=\"en_GB\" \/>\n<meta property=\"og:type\" content=\"article\" \/>\n<meta property=\"og:title\" content=\"Cumhurba\u015fkan\u0131 Erdo\u011fan: Hi\u00e7bir \u015fer oda\u011f\u0131 emellerine ula\u015famayacak\" \/>\n<meta property=\"og:description\" content=\"Cumhurba\u015fkan\u0131 Recep Tayyip Erdo\u011fan, sosyal medya hesab\u0131ndan, T\u00fcrk Havac\u0131l\u0131k ve Uzay Sanayii Anonim \u015eirketi\u2019nin (TUSA\u015e) Kahramankazan&#8217;daki yerle\u015fkesini hedef alan ter\u00f6r sald\u0131r\u0131s\u0131na ili\u015fkin a\u00e7\u0131klamada bulundu.ANKARA (\u0130GFA) &#8211;\u00a0 Cumhurba\u015fkan\u0131 Erdo\u011fan, TUSA\u015e&#8217;a y\u00f6nelik ter\u00f6r eylemi dolay\u0131s\u0131yla sosyal medya hesab\u0131ndan payla\u015f\u0131mda bulundu. Cumhurba\u015fkan\u0131 Erdo\u011fan, T\u00fcrk savunma sanayisinin lokomotif kurulu\u015flar\u0131ndan olan TUSA\u015e&#8217;a y\u00f6nelik d\u00fczenlenen ter\u00f6r eyleminin &#8216;tam ba\u011f\u0131ms\u0131z T\u00fcrkiye&#8217; idealimizin timsali olan savunma at\u0131l\u0131mlar\u0131m\u0131z\u0131 hedef alan al\u00e7ak\u00e7a bir sald\u0131r\u0131 oldu\u011funun alt\u0131n\u0131 \u00e7izdi. Ter\u00f6r eyleminin ilk an\u0131ndan itibaren g\u00fcvenlik kuvvetlerimiz olaya s\u00fcratle m\u00fcdahalede bulunmu\u015f ve ter\u00f6ristleri etkisiz h\u00e2le getirildi\u011fini ifade eden Cumhurba\u015fkan\u0131 Erdo\u011fan, &#8220;Milletimiz \u015funu bilsin ki T\u00fcrkiye&#8217;ye uzanan kirli eller mutlaka k\u0131r\u0131lacak, g\u00fcvenli\u011fimize kasteden hi\u00e7bir yap\u0131, hi\u00e7bir ter\u00f6r \u00f6rg\u00fct\u00fc, hi\u00e7bir \u015fer oda\u011f\u0131 emellerine ula\u015famayacakt\u0131r. Her t\u00fcrl\u00fc ter\u00f6r tehdidiyle ve destek\u00e7ileriyle m\u00fccadelemiz azimle kararl\u0131l\u0131kla ve \u00e7ok boyutlu bir \u015fekilde devam edecektir. Kalle\u015f ter\u00f6r eyleminde \u015fehit olan karde\u015flerimize Allah&#8217;tan rahmet niyaz ediyor, yaral\u0131lar\u0131m\u0131za acil \u015fifalar diliyorum. Savunma sanayimizin gurur kayna\u011f\u0131 TUSA\u015e&#8217;\u0131m\u0131z\u0131n fedak\u00e2r \u00e7al\u0131\u015fanlar\u0131na ve milletimize ge\u00e7mi\u015f olsun dileklerimi iletiyorum.&#8221; ifadelerini kulland\u0131. \u200bCumhurba\u015fkan\u0131 Recep Tayyip Erdo\u011fan, sosyal medya hesab\u0131ndan, T\u00fcrk Havac\u0131l\u0131k ve Uzay Sanayii Anonim \u015eirketi\u2019nin (TUSA\u015e) Kahramankazan&#8217;daki yerle\u015fkesini hedef alan ter\u00f6r sald\u0131r\u0131s\u0131na ili\u015fkin a\u00e7\u0131klamada bulundu\u00a0 \u200bHaberin Al\u0131nt\u0131land\u0131\u011f\u0131 Kaynak: www.iskenderun.org\" \/>\n<meta property=\"og:url\" content=\"https:\/\/denizcankizil.tr\/en\/haberler\/gundem\/cumhurbaskani-erdogan-hicbir-ser-odagi-emellerine-ulasamayacak\/\" \/>\n<meta property=\"og:site_name\" content=\"Av. Deniz Can K\u0131z\u0131l\" \/>\n<meta property=\"article:published_time\" content=\"2024-10-24T08:41:52+00:00\" \/>\n<meta property=\"article:modified_time\" content=\"2025-03-15T21:46:10+00:00\" \/>\n<meta name=\"author\" content=\"www.hukukihaber .net\" \/>\n<meta name=\"twitter:card\" content=\"summary_large_image\" \/>\n<meta name=\"twitter:label1\" content=\"Written by\" \/>\n\t<meta name=\"twitter:data1\" content=\"www.hukukihaber .net\" \/>\n\t<meta name=\"twitter:label2\" content=\"Estimated reading time\" \/>\n\t<meta name=\"twitter:data2\" content=\"1 minute\" \/>\n<script type=\"application\/ld+json\" class=\"yoast-schema-graph\">{\"@context\":\"https:\/\/schema.org\",\"@graph\":[{\"@type\":\"Article\",\"@id\":\"https:\/\/denizcankizil.tr\/en\/haberler\/gundem\/cumhurbaskani-erdogan-hicbir-ser-odagi-emellerine-ulasamayacak\/#article\",\"isPartOf\":{\"@id\":\"https:\/\/denizcankizil.tr\/en\/haberler\/gundem\/cumhurbaskani-erdogan-hicbir-ser-odagi-emellerine-ulasamayacak\/\"},\"author\":{\"name\":\"www.hukukihaber .net\",\"@id\":\"https:\/\/denizcankizil.tr\/de\/#\/schema\/person\/ee8d1a7e569af69c394b149657373d7c\"},\"headline\":\"Cumhurba\u015fkan\u0131 Erdo\u011fan: Hi\u00e7bir \u015fer oda\u011f\u0131 emellerine ula\u015famayacak\",\"datePublished\":\"2024-10-24T08:41:52+00:00\",\"dateModified\":\"2025-03-15T21:46:10+00:00\",\"mainEntityOfPage\":{\"@id\":\"https:\/\/denizcankizil.tr\/en\/haberler\/gundem\/cumhurbaskani-erdogan-hicbir-ser-odagi-emellerine-ulasamayacak\/\"},\"wordCount\":300,\"publisher\":{\"@id\":\"https:\/\/denizcankizil.tr\/de\/#organization\"},\"articleSection\":[\"G\u00fcndem\",\"Uncategorized\"],\"inLanguage\":\"en-GB\"},{\"@type\":\"WebPage\",\"@id\":\"https:\/\/denizcankizil.tr\/en\/haberler\/gundem\/cumhurbaskani-erdogan-hicbir-ser-odagi-emellerine-ulasamayacak\/\",\"url\":\"https:\/\/denizcankizil.tr\/en\/haberler\/gundem\/cumhurbaskani-erdogan-hicbir-ser-odagi-emellerine-ulasamayacak\/\",\"name\":\"Cumhurba\u015fkan\u0131 Erdo\u011fan: Hi\u00e7bir \u015fer oda\u011f\u0131 emellerine ula\u015famayacak - Av. Deniz Can K\u0131z\u0131l\",\"isPartOf\":{\"@id\":\"https:\/\/denizcankizil.tr\/de\/#website\"},\"datePublished\":\"2024-10-24T08:41:52+00:00\",\"dateModified\":\"2025-03-15T21:46:10+00:00\",\"breadcrumb\":{\"@id\":\"https:\/\/denizcankizil.tr\/en\/haberler\/gundem\/cumhurbaskani-erdogan-hicbir-ser-odagi-emellerine-ulasamayacak\/#breadcrumb\"},\"inLanguage\":\"en-GB\",\"potentialAction\":[{\"@type\":\"ReadAction\",\"target\":[\"https:\/\/denizcankizil.tr\/en\/haberler\/gundem\/cumhurbaskani-erdogan-hicbir-ser-odagi-emellerine-ulasamayacak\/\"]}]},{\"@type\":\"BreadcrumbList\",\"@id\":\"https:\/\/denizcankizil.tr\/en\/haberler\/gundem\/cumhurbaskani-erdogan-hicbir-ser-odagi-emellerine-ulasamayacak\/#breadcrumb\",\"itemListElement\":[{\"@type\":\"ListItem\",\"position\":1,\"name\":\"Home\",\"item\":\"https:\/\/denizcankizil.tr\/de\/\"},{\"@type\":\"ListItem\",\"position\":2,\"name\":\"Cumhurba\u015fkan\u0131 Erdo\u011fan: Hi\u00e7bir \u015fer oda\u011f\u0131 emellerine ula\u015famayacak\"}]},{\"@type\":\"WebSite\",\"@id\":\"https:\/\/denizcankizil.tr\/de\/#website\",\"url\":\"https:\/\/denizcankizil.tr\/de\/\",\"name\":\"Av. Deniz Can K\u0131z\u0131l\",\"description\":\"Avukat Deniz Can K\u0131z\u0131l Antalya Barosu\",\"publisher\":{\"@id\":\"https:\/\/denizcankizil.tr\/de\/#organization\"},\"potentialAction\":[{\"@type\":\"SearchAction\",\"target\":{\"@type\":\"EntryPoint\",\"urlTemplate\":\"https:\/\/denizcankizil.tr\/de\/?s={search_term_string}\"},\"query-input\":{\"@type\":\"PropertyValueSpecification\",\"valueRequired\":true,\"valueName\":\"search_term_string\"}}],\"inLanguage\":\"en-GB\"},{\"@type\":\"Organization\",\"@id\":\"https:\/\/denizcankizil.tr\/de\/#organization\",\"name\":\"Av. Deniz Can K\u0131z\u0131l\",\"url\":\"https:\/\/denizcankizil.tr\/de\/\",\"logo\":{\"@type\":\"ImageObject\",\"inLanguage\":\"en-GB\",\"@id\":\"https:\/\/denizcankizil.tr\/de\/#\/schema\/logo\/image\/\",\"url\":\"https:\/\/denizcankizil.tr\/wp-content\/uploads\/2024\/10\/siyah-logo-svg.svg\",\"contentUrl\":\"https:\/\/denizcankizil.tr\/wp-content\/uploads\/2024\/10\/siyah-logo-svg.svg\",\"width\":1080,\"height\":1080,\"caption\":\"Av. Deniz Can K\u0131z\u0131l\"},\"image\":{\"@id\":\"https:\/\/denizcankizil.tr\/de\/#\/schema\/logo\/image\/\"}},{\"@type\":\"Person\",\"@id\":\"https:\/\/denizcankizil.tr\/de\/#\/schema\/person\/ee8d1a7e569af69c394b149657373d7c\",\"name\":\"www.hukukihaber .net\",\"image\":{\"@type\":\"ImageObject\",\"inLanguage\":\"en-GB\",\"@id\":\"https:\/\/denizcankizil.tr\/de\/#\/schema\/person\/image\/\",\"url\":\"https:\/\/secure.gravatar.com\/avatar\/24a421031e14edd04885d60c1a11a8021184a2ed5e7477881edb09ec996193ab?s=96&d=mm&r=g\",\"contentUrl\":\"https:\/\/secure.gravatar.com\/avatar\/24a421031e14edd04885d60c1a11a8021184a2ed5e7477881edb09ec996193ab?s=96&d=mm&r=g\",\"caption\":\"www.hukukihaber .net\"},\"url\":\"https:\/\/www.iskenderun.org\/cumhurbaskani-erdogan-hicbir-ser-odagi-emellerine-ulasamayacak\"}]}<\/script>\n<!-- \/ Yoast SEO Premium plugin. -->","yoast_head_json":{"title":"Cumhurba\u015fkan\u0131 Erdo\u011fan: Hi\u00e7bir \u015fer oda\u011f\u0131 emellerine ula\u015famayacak - Av. Deniz Can K\u0131z\u0131l","robots":{"index":"index","follow":"follow","max-snippet":"max-snippet:-1","max-image-preview":"max-image-preview:large","max-video-preview":"max-video-preview:-1"},"canonical":"https:\/\/denizcankizil.tr\/en\/haberler\/gundem\/cumhurbaskani-erdogan-hicbir-ser-odagi-emellerine-ulasamayacak\/","og_locale":"en_GB","og_type":"article","og_title":"Cumhurba\u015fkan\u0131 Erdo\u011fan: Hi\u00e7bir \u015fer oda\u011f\u0131 emellerine ula\u015famayacak","og_description":"Cumhurba\u015fkan\u0131 Recep Tayyip Erdo\u011fan, sosyal medya hesab\u0131ndan, T\u00fcrk Havac\u0131l\u0131k ve Uzay Sanayii Anonim \u015eirketi\u2019nin (TUSA\u015e) Kahramankazan&#8217;daki yerle\u015fkesini hedef alan ter\u00f6r sald\u0131r\u0131s\u0131na ili\u015fkin a\u00e7\u0131klamada bulundu.ANKARA (\u0130GFA) &#8211;\u00a0 Cumhurba\u015fkan\u0131 Erdo\u011fan, TUSA\u015e&#8217;a y\u00f6nelik ter\u00f6r eylemi dolay\u0131s\u0131yla sosyal medya hesab\u0131ndan payla\u015f\u0131mda bulundu. Cumhurba\u015fkan\u0131 Erdo\u011fan, T\u00fcrk savunma sanayisinin lokomotif kurulu\u015flar\u0131ndan olan TUSA\u015e&#8217;a y\u00f6nelik d\u00fczenlenen ter\u00f6r eyleminin &#8216;tam ba\u011f\u0131ms\u0131z T\u00fcrkiye&#8217; idealimizin timsali olan savunma at\u0131l\u0131mlar\u0131m\u0131z\u0131 hedef alan al\u00e7ak\u00e7a bir sald\u0131r\u0131 oldu\u011funun alt\u0131n\u0131 \u00e7izdi. Ter\u00f6r eyleminin ilk an\u0131ndan itibaren g\u00fcvenlik kuvvetlerimiz olaya s\u00fcratle m\u00fcdahalede bulunmu\u015f ve ter\u00f6ristleri etkisiz h\u00e2le getirildi\u011fini ifade eden Cumhurba\u015fkan\u0131 Erdo\u011fan, &#8220;Milletimiz \u015funu bilsin ki T\u00fcrkiye&#8217;ye uzanan kirli eller mutlaka k\u0131r\u0131lacak, g\u00fcvenli\u011fimize kasteden hi\u00e7bir yap\u0131, hi\u00e7bir ter\u00f6r \u00f6rg\u00fct\u00fc, hi\u00e7bir \u015fer oda\u011f\u0131 emellerine ula\u015famayacakt\u0131r. Her t\u00fcrl\u00fc ter\u00f6r tehdidiyle ve destek\u00e7ileriyle m\u00fccadelemiz azimle kararl\u0131l\u0131kla ve \u00e7ok boyutlu bir \u015fekilde devam edecektir. Kalle\u015f ter\u00f6r eyleminde \u015fehit olan karde\u015flerimize Allah&#8217;tan rahmet niyaz ediyor, yaral\u0131lar\u0131m\u0131za acil \u015fifalar diliyorum. Savunma sanayimizin gurur kayna\u011f\u0131 TUSA\u015e&#8217;\u0131m\u0131z\u0131n fedak\u00e2r \u00e7al\u0131\u015fanlar\u0131na ve milletimize ge\u00e7mi\u015f olsun dileklerimi iletiyorum.&#8221; ifadelerini kulland\u0131. \u200bCumhurba\u015fkan\u0131 Recep Tayyip Erdo\u011fan, sosyal medya hesab\u0131ndan, T\u00fcrk Havac\u0131l\u0131k ve Uzay Sanayii Anonim \u015eirketi\u2019nin (TUSA\u015e) Kahramankazan&#8217;daki yerle\u015fkesini hedef alan ter\u00f6r sald\u0131r\u0131s\u0131na ili\u015fkin a\u00e7\u0131klamada bulundu\u00a0 \u200bHaberin Al\u0131nt\u0131land\u0131\u011f\u0131 Kaynak: www.iskenderun.org","og_url":"https:\/\/denizcankizil.tr\/en\/haberler\/gundem\/cumhurbaskani-erdogan-hicbir-ser-odagi-emellerine-ulasamayacak\/","og_site_name":"Av. Deniz Can K\u0131z\u0131l","article_published_time":"2024-10-24T08:41:52+00:00","article_modified_time":"2025-03-15T21:46:10+00:00","author":"www.hukukihaber .net","twitter_card":"summary_large_image","twitter_misc":{"Written by":"www.hukukihaber .net","Estimated reading time":"1 minute"},"schema":{"@context":"https:\/\/schema.org","@graph":[{"@type":"Article","@id":"https:\/\/denizcankizil.tr\/en\/haberler\/gundem\/cumhurbaskani-erdogan-hicbir-ser-odagi-emellerine-ulasamayacak\/#article","isPartOf":{"@id":"https:\/\/denizcankizil.tr\/en\/haberler\/gundem\/cumhurbaskani-erdogan-hicbir-ser-odagi-emellerine-ulasamayacak\/"},"author":{"name":"www.hukukihaber .net","@id":"https:\/\/denizcankizil.tr\/de\/#\/schema\/person\/ee8d1a7e569af69c394b149657373d7c"},"headline":"Cumhurba\u015fkan\u0131 Erdo\u011fan: Hi\u00e7bir \u015fer oda\u011f\u0131 emellerine ula\u015famayacak","datePublished":"2024-10-24T08:41:52+00:00","dateModified":"2025-03-15T21:46:10+00:00","mainEntityOfPage":{"@id":"https:\/\/denizcankizil.tr\/en\/haberler\/gundem\/cumhurbaskani-erdogan-hicbir-ser-odagi-emellerine-ulasamayacak\/"},"wordCount":300,"publisher":{"@id":"https:\/\/denizcankizil.tr\/de\/#organization"},"articleSection":["G\u00fcndem","Uncategorized"],"inLanguage":"en-GB"},{"@type":"WebPage","@id":"https:\/\/denizcankizil.tr\/en\/haberler\/gundem\/cumhurbaskani-erdogan-hicbir-ser-odagi-emellerine-ulasamayacak\/","url":"https:\/\/denizcankizil.tr\/en\/haberler\/gundem\/cumhurbaskani-erdogan-hicbir-ser-odagi-emellerine-ulasamayacak\/","name":"Cumhurba\u015fkan\u0131 Erdo\u011fan: Hi\u00e7bir \u015fer oda\u011f\u0131 emellerine ula\u015famayacak - Av. Deniz Can K\u0131z\u0131l","isPartOf":{"@id":"https:\/\/denizcankizil.tr\/de\/#website"},"datePublished":"2024-10-24T08:41:52+00:00","dateModified":"2025-03-15T21:46:10+00:00","breadcrumb":{"@id":"https:\/\/denizcankizil.tr\/en\/haberler\/gundem\/cumhurbaskani-erdogan-hicbir-ser-odagi-emellerine-ulasamayacak\/#breadcrumb"},"inLanguage":"en-GB","potentialAction":[{"@type":"ReadAction","target":["https:\/\/denizcankizil.tr\/en\/haberler\/gundem\/cumhurbaskani-erdogan-hicbir-ser-odagi-emellerine-ulasamayacak\/"]}]},{"@type":"BreadcrumbList","@id":"https:\/\/denizcankizil.tr\/en\/haberler\/gundem\/cumhurbaskani-erdogan-hicbir-ser-odagi-emellerine-ulasamayacak\/#breadcrumb","itemListElement":[{"@type":"ListItem","position":1,"name":"Home","item":"https:\/\/denizcankizil.tr\/de\/"},{"@type":"ListItem","position":2,"name":"Cumhurba\u015fkan\u0131 Erdo\u011fan: Hi\u00e7bir \u015fer oda\u011f\u0131 emellerine ula\u015famayacak"}]},{"@type":"WebSite","@id":"https:\/\/denizcankizil.tr\/de\/#website","url":"https:\/\/denizcankizil.tr\/de\/","name":"Av. Deniz Can K\u0131z\u0131l","description":"Avukat Deniz Can K\u0131z\u0131l Antalya Barosu","publisher":{"@id":"https:\/\/denizcankizil.tr\/de\/#organization"},"potentialAction":[{"@type":"SearchAction","target":{"@type":"EntryPoint","urlTemplate":"https:\/\/denizcankizil.tr\/de\/?s={search_term_string}"},"query-input":{"@type":"PropertyValueSpecification","valueRequired":true,"valueName":"search_term_string"}}],"inLanguage":"en-GB"},{"@type":"Organization","@id":"https:\/\/denizcankizil.tr\/de\/#organization","name":"Av. Deniz Can K\u0131z\u0131l","url":"https:\/\/denizcankizil.tr\/de\/","logo":{"@type":"ImageObject","inLanguage":"en-GB","@id":"https:\/\/denizcankizil.tr\/de\/#\/schema\/logo\/image\/","url":"https:\/\/denizcankizil.tr\/wp-content\/uploads\/2024\/10\/siyah-logo-svg.svg","contentUrl":"https:\/\/denizcankizil.tr\/wp-content\/uploads\/2024\/10\/siyah-logo-svg.svg","width":1080,"height":1080,"caption":"Av. Deniz Can K\u0131z\u0131l"},"image":{"@id":"https:\/\/denizcankizil.tr\/de\/#\/schema\/logo\/image\/"}},{"@type":"Person","@id":"https:\/\/denizcankizil.tr\/de\/#\/schema\/person\/ee8d1a7e569af69c394b149657373d7c","name":"www.hukukihaber.net","image":{"@type":"ImageObject","inLanguage":"en-GB","@id":"https:\/\/denizcankizil.tr\/de\/#\/schema\/person\/image\/","url":"https:\/\/secure.gravatar.com\/avatar\/24a421031e14edd04885d60c1a11a8021184a2ed5e7477881edb09ec996193ab?s=96&d=mm&r=g","contentUrl":"https:\/\/secure.gravatar.com\/avatar\/24a421031e14edd04885d60c1a11a8021184a2ed5e7477881edb09ec996193ab?s=96&d=mm&r=g","caption":"www.hukukihaber .net"},"url":"https:\/\/www.iskenderun.org\/cumhurbaskani-erdogan-hicbir-ser-odagi-emellerine-ulasamayacak"}]}},"_links":{"self":[{"href":"https:\/\/denizcankizil.tr\/en\/wp-json\/wp\/v2\/posts\/7445","targetHints":{"allow":["GET"]}}],"collection":[{"href":"https:\/\/denizcankizil.tr\/en\/wp-json\/wp\/v2\/posts"}],"about":[{"href":"https:\/\/denizcankizil.tr\/en\/wp-json\/wp\/v2\/types\/post"}],"author":[{"embeddable":true,"href":"https:\/\/denizcankizil.tr\/en\/wp-json\/wp\/v2\/users\/2"}],"replies":[{"embeddable":true,"href":"https:\/\/denizcankizil.tr\/en\/wp-json\/wp\/v2\/comments?post=7445"}],"version-history":[{"count":1,"href":"https:\/\/denizcankizil.tr\/en\/wp-json\/wp\/v2\/posts\/7445\/revisions"}],"predecessor-version":[{"id":35998,"href":"https:\/\/denizcankizil.tr\/en\/wp-json\/wp\/v2\/posts\/7445\/revisions\/35998"}],"wp:attachment":[{"href":"https:\/\/denizcankizil.tr\/en\/wp-json\/wp\/v2\/media?parent=7445"}],"wp:term":[{"taxonomy":"category","embeddable":true,"href":"https:\/\/denizcankizil.tr\/en\/wp-json\/wp\/v2\/categories?post=7445"},{"taxonomy":"post_tag","embeddable":true,"href":"https:\/\/denizcankizil.tr\/en\/wp-json\/wp\/v2\/tags?post=7445"}],"curies":[{"name":"wp","href":"https:\/\/api.w.org\/{rel}","templated":true}]}}