{"id":7441,"date":"2024-10-24T11:41:51","date_gmt":"2024-10-24T08:41:51","guid":{"rendered":"https:\/\/denizcankizil.tr\/uncategorized-tr\/tbmm-bebek-olumlerini-arastiracak\/"},"modified":"2024-10-24T11:41:51","modified_gmt":"2024-10-24T08:41:51","slug":"tbmm-bebek-olumlerini-arastiracak","status":"publish","type":"post","link":"https:\/\/denizcankizil.tr\/en\/haberler\/gundem\/tbmm-bebek-olumlerini-arastiracak\/","title":{"rendered":"TBMM bebek \u00f6l\u00fcmlerini ara\u015ft\u0131racak"},"content":{"rendered":"<p>Baz\u0131 \u00f6zel sa\u011fl\u0131k kurulu\u015flar\u0131nda ya\u015fanan bebek \u00f6l\u00fcmlerinin t\u00fcm y\u00f6nleriyle ara\u015ft\u0131r\u0131lmas\u0131 amac\u0131yla siyasi partilerin ortak \u00f6nerisiyle TBMM&#8217;de Ara\u015ft\u0131rma Komisyonu kurulmas\u0131na y\u00f6nelik karar bug\u00fcnk\u00fc Resmi Gazete&#8217;de yay\u0131mland\u0131.ANKARA (\u0130GFA) &#8211; TBMM, 22 Ekim 2024 tarihli oturumunda siyasi parti gruplar\u0131n\u0131n ortak \u00f6nerisiyle Mecliste Ara\u015ft\u0131rma Komisyonu Kurulmas\u0131n\u0131 g\u00f6r\u00fc\u015fm\u00fc\u015ft\u00fc.<br \/>\nBaz\u0131 \u00d6zel Sa\u011fl\u0131k Kurulu\u015flar\u0131nda Ya\u015fanan Bebek \u00d6l\u00fcmlerinin T\u00fcm Y\u00f6nleriyle Ara\u015ft\u0131r\u0131lmas\u0131, \u00d6zel Sa\u011fl\u0131k Kurulu\u015flar\u0131n\u0131n Yenido\u011fan, \u00c7ocuk Engelli Ve Ya\u015fl\u0131lara \u0130lgili Bak\u0131m Servislerindeki Uygulamalar\u0131n\u0131n Ve Mevzuat\u0131n \u0130ncelenerek Al\u0131nmas\u0131 Gereken Tedbirlerin Belirlenmesi Amac\u0131yla Bir Meclis Ara\u015ft\u0131rma Komisyonu Kurulmas\u0131na Dair Karar\u0131 TBMM&#8217;de kabul edilmi\u015fti.<br \/>\nS\u00f6z konusu Meclis Ara\u015ft\u0131rma Komisyonu Kurulmas\u0131&#8217;na y\u00f6nelik karar bug\u00fcnk\u00fc Resmi Gazete&#8217;de yay\u0131mland\u0131.\u00a0<br \/>\nBuna g\u00f6re\u00a022 \u00fcyeden olu\u015facak komisyonun \u00e7al\u0131\u015fma s\u00fcresi 3 ay olacak ve gerekti\u011finde Ankara d\u0131\u015f\u0131nda da \u00e7al\u0131\u015fabilecek.<\/p>\n<p>\u200bBaz\u0131 \u00f6zel sa\u011fl\u0131k kurulu\u015flar\u0131nda ya\u015fanan bebek \u00f6l\u00fcmlerinin t\u00fcm y\u00f6nleriyle ara\u015ft\u0131r\u0131lmas\u0131 amac\u0131yla siyasi partilerin ortak \u00f6nerisiyle TBMM&#8217;de Ara\u015ft\u0131rma Komisyonu kurulmas\u0131na y\u00f6nelik karar bug\u00fcnk\u00fc Resmi Gazete&#8217;de yay\u0131mland\u0131\u00a0<\/p>\n<p>\u200bHaberin Al\u0131nt\u0131land\u0131\u011f\u0131 Kaynak: www.iskenderun.org<\/p>","protected":false},"excerpt":{"rendered":"<p>Baz\u0131 \u00f6zel sa\u011fl\u0131k kurulu\u015flar\u0131nda ya\u015fanan bebek \u00f6l\u00fcmlerinin t\u00fcm y\u00f6nleriyle ara\u015ft\u0131r\u0131lmas\u0131 amac\u0131yla siyasi partilerin ortak \u00f6nerisiyle TBMM&#8217;de Ara\u015ft\u0131rma Komisyonu kurulmas\u0131na y\u00f6nelik karar bug\u00fcnk\u00fc Resmi Gazete&#8217;de yay\u0131mland\u0131.ANKARA (\u0130GFA) &#8211; TBMM, 22 Ekim 2024 tarihli oturumunda siyasi parti gruplar\u0131n\u0131n ortak \u00f6nerisiyle Mecliste Ara\u015ft\u0131rma Komisyonu Kurulmas\u0131n\u0131 g\u00f6r\u00fc\u015fm\u00fc\u015ft\u00fc. Baz\u0131 \u00d6zel Sa\u011fl\u0131k Kurulu\u015flar\u0131nda Ya\u015fanan Bebek \u00d6l\u00fcmlerinin T\u00fcm Y\u00f6nleriyle Ara\u015ft\u0131r\u0131lmas\u0131, \u00d6zel Sa\u011fl\u0131k Kurulu\u015flar\u0131n\u0131n Yenido\u011fan, \u00c7ocuk Engelli Ve Ya\u015fl\u0131lara \u0130lgili Bak\u0131m Servislerindeki Uygulamalar\u0131n\u0131n Ve Mevzuat\u0131n \u0130ncelenerek Al\u0131nmas\u0131 Gereken Tedbirlerin Belirlenmesi Amac\u0131yla Bir Meclis Ara\u015ft\u0131rma Komisyonu Kurulmas\u0131na Dair Karar\u0131 TBMM&#8217;de kabul edilmi\u015fti. S\u00f6z konusu Meclis Ara\u015ft\u0131rma Komisyonu Kurulmas\u0131&#8217;na y\u00f6nelik karar bug\u00fcnk\u00fc Resmi Gazete&#8217;de yay\u0131mland\u0131.\u00a0 Buna g\u00f6re\u00a022 \u00fcyeden olu\u015facak komisyonun \u00e7al\u0131\u015fma s\u00fcresi 3 ay olacak ve gerekti\u011finde Ankara d\u0131\u015f\u0131nda da \u00e7al\u0131\u015fabilecek. \u200bBaz\u0131 \u00f6zel sa\u011fl\u0131k kurulu\u015flar\u0131nda ya\u015fanan bebek \u00f6l\u00fcmlerinin t\u00fcm y\u00f6nleriyle ara\u015ft\u0131r\u0131lmas\u0131 amac\u0131yla siyasi partilerin ortak \u00f6nerisiyle TBMM&#8217;de Ara\u015ft\u0131rma Komisyonu kurulmas\u0131na y\u00f6nelik karar bug\u00fcnk\u00fc Resmi Gazete&#8217;de yay\u0131mland\u0131\u00a0 \u200bHaberin Al\u0131nt\u0131land\u0131\u011f\u0131 Kaynak: www.iskenderun.org<\/p>","protected":false},"author":0,"featured_media":0,"comment_status":"open","ping_status":"open","sticky":false,"template":"","format":"standard","meta":{"_acf_changed":false,"footnotes":""},"categories":[24,535],"tags":[],"class_list":["post-7441","post","type-post","status-publish","format-standard","has-post-thumbnail","hentry","category-gundem","category-uncategorized-tr"],"acf":[],"yoast_head":"<!-- This site is optimized with the Yoast SEO Premium plugin v26.6 (Yoast SEO v27.1.1) - https:\/\/yoast.com\/product\/yoast-seo-premium-wordpress\/ -->\n<title>TBMM bebek \u00f6l\u00fcmlerini ara\u015ft\u0131racak - Av. Deniz Can K\u0131z\u0131l<\/title>\n<meta name=\"robots\" content=\"index, follow, max-snippet:-1, max-image-preview:large, max-video-preview:-1\" \/>\n<link rel=\"canonical\" href=\"https:\/\/denizcankizil.tr\/en\/haberler\/gundem\/tbmm-bebek-olumlerini-arastiracak\/\" \/>\n<meta property=\"og:locale\" content=\"en_GB\" \/>\n<meta property=\"og:type\" content=\"article\" \/>\n<meta property=\"og:title\" content=\"TBMM bebek \u00f6l\u00fcmlerini ara\u015ft\u0131racak\" \/>\n<meta property=\"og:description\" content=\"Baz\u0131 \u00f6zel sa\u011fl\u0131k kurulu\u015flar\u0131nda ya\u015fanan bebek \u00f6l\u00fcmlerinin t\u00fcm y\u00f6nleriyle ara\u015ft\u0131r\u0131lmas\u0131 amac\u0131yla siyasi partilerin ortak \u00f6nerisiyle TBMM&#8217;de Ara\u015ft\u0131rma Komisyonu kurulmas\u0131na y\u00f6nelik karar bug\u00fcnk\u00fc Resmi Gazete&#8217;de yay\u0131mland\u0131.ANKARA (\u0130GFA) &#8211; TBMM, 22 Ekim 2024 tarihli oturumunda siyasi parti gruplar\u0131n\u0131n ortak \u00f6nerisiyle Mecliste Ara\u015ft\u0131rma Komisyonu Kurulmas\u0131n\u0131 g\u00f6r\u00fc\u015fm\u00fc\u015ft\u00fc. Baz\u0131 \u00d6zel Sa\u011fl\u0131k Kurulu\u015flar\u0131nda Ya\u015fanan Bebek \u00d6l\u00fcmlerinin T\u00fcm Y\u00f6nleriyle Ara\u015ft\u0131r\u0131lmas\u0131, \u00d6zel Sa\u011fl\u0131k Kurulu\u015flar\u0131n\u0131n Yenido\u011fan, \u00c7ocuk Engelli Ve Ya\u015fl\u0131lara \u0130lgili Bak\u0131m Servislerindeki Uygulamalar\u0131n\u0131n Ve Mevzuat\u0131n \u0130ncelenerek Al\u0131nmas\u0131 Gereken Tedbirlerin Belirlenmesi Amac\u0131yla Bir Meclis Ara\u015ft\u0131rma Komisyonu Kurulmas\u0131na Dair Karar\u0131 TBMM&#8217;de kabul edilmi\u015fti. S\u00f6z konusu Meclis Ara\u015ft\u0131rma Komisyonu Kurulmas\u0131&#8217;na y\u00f6nelik karar bug\u00fcnk\u00fc Resmi Gazete&#8217;de yay\u0131mland\u0131.\u00a0 Buna g\u00f6re\u00a022 \u00fcyeden olu\u015facak komisyonun \u00e7al\u0131\u015fma s\u00fcresi 3 ay olacak ve gerekti\u011finde Ankara d\u0131\u015f\u0131nda da \u00e7al\u0131\u015fabilecek. \u200bBaz\u0131 \u00f6zel sa\u011fl\u0131k kurulu\u015flar\u0131nda ya\u015fanan bebek \u00f6l\u00fcmlerinin t\u00fcm y\u00f6nleriyle ara\u015ft\u0131r\u0131lmas\u0131 amac\u0131yla siyasi partilerin ortak \u00f6nerisiyle TBMM&#8217;de Ara\u015ft\u0131rma Komisyonu kurulmas\u0131na y\u00f6nelik karar bug\u00fcnk\u00fc Resmi Gazete&#8217;de yay\u0131mland\u0131\u00a0 \u200bHaberin Al\u0131nt\u0131land\u0131\u011f\u0131 Kaynak: www.iskenderun.org\" \/>\n<meta property=\"og:url\" content=\"https:\/\/denizcankizil.tr\/en\/haberler\/gundem\/tbmm-bebek-olumlerini-arastiracak\/\" \/>\n<meta property=\"og:site_name\" content=\"Av. Deniz Can K\u0131z\u0131l\" \/>\n<meta property=\"article:published_time\" content=\"2024-10-24T08:41:51+00:00\" \/>\n<meta name=\"twitter:card\" content=\"summary_large_image\" \/>\n<meta name=\"twitter:label1\" content=\"Estimated reading time\" \/>\n\t<meta name=\"twitter:data1\" content=\"1 minute\" \/>\n<script type=\"application\/ld+json\" class=\"yoast-schema-graph\">{\"@context\":\"https:\/\/schema.org\",\"@graph\":[{\"@type\":\"Article\",\"@id\":\"https:\/\/denizcankizil.tr\/en\/haberler\/gundem\/tbmm-bebek-olumlerini-arastiracak\/#article\",\"isPartOf\":{\"@id\":\"https:\/\/denizcankizil.tr\/en\/haberler\/gundem\/tbmm-bebek-olumlerini-arastiracak\/\"},\"author\":{\"name\":\"\",\"@id\":\"\"},\"headline\":\"TBMM bebek \u00f6l\u00fcmlerini ara\u015ft\u0131racak\",\"datePublished\":\"2024-10-24T08:41:51+00:00\",\"mainEntityOfPage\":{\"@id\":\"https:\/\/denizcankizil.tr\/en\/haberler\/gundem\/tbmm-bebek-olumlerini-arastiracak\/\"},\"wordCount\":242,\"commentCount\":0,\"publisher\":{\"@id\":\"https:\/\/denizcankizil.tr\/#organization\"},\"articleSection\":[\"G\u00fcndem\",\"Uncategorized\"],\"inLanguage\":\"en-GB\",\"potentialAction\":[{\"@type\":\"CommentAction\",\"name\":\"Comment\",\"target\":[\"https:\/\/denizcankizil.tr\/en\/haberler\/gundem\/tbmm-bebek-olumlerini-arastiracak\/#respond\"]}]},{\"@type\":\"WebPage\",\"@id\":\"https:\/\/denizcankizil.tr\/en\/haberler\/gundem\/tbmm-bebek-olumlerini-arastiracak\/\",\"url\":\"https:\/\/denizcankizil.tr\/en\/haberler\/gundem\/tbmm-bebek-olumlerini-arastiracak\/\",\"name\":\"TBMM bebek \u00f6l\u00fcmlerini ara\u015ft\u0131racak - Av. Deniz Can K\u0131z\u0131l\",\"isPartOf\":{\"@id\":\"https:\/\/denizcankizil.tr\/#website\"},\"datePublished\":\"2024-10-24T08:41:51+00:00\",\"breadcrumb\":{\"@id\":\"https:\/\/denizcankizil.tr\/en\/haberler\/gundem\/tbmm-bebek-olumlerini-arastiracak\/#breadcrumb\"},\"inLanguage\":\"en-GB\",\"potentialAction\":[{\"@type\":\"ReadAction\",\"target\":[\"https:\/\/denizcankizil.tr\/en\/haberler\/gundem\/tbmm-bebek-olumlerini-arastiracak\/\"]}]},{\"@type\":\"BreadcrumbList\",\"@id\":\"https:\/\/denizcankizil.tr\/en\/haberler\/gundem\/tbmm-bebek-olumlerini-arastiracak\/#breadcrumb\",\"itemListElement\":[{\"@type\":\"ListItem\",\"position\":1,\"name\":\"Home\",\"item\":\"https:\/\/denizcankizil.tr\/de\/\"},{\"@type\":\"ListItem\",\"position\":2,\"name\":\"TBMM bebek \u00f6l\u00fcmlerini ara\u015ft\u0131racak\"}]},{\"@type\":\"WebSite\",\"@id\":\"https:\/\/denizcankizil.tr\/#website\",\"url\":\"https:\/\/denizcankizil.tr\/\",\"name\":\"Av. Deniz Can K\u0131z\u0131l\",\"description\":\"Avukat Deniz Can K\u0131z\u0131l Antalya Barosu\",\"publisher\":{\"@id\":\"https:\/\/denizcankizil.tr\/#organization\"},\"potentialAction\":[{\"@type\":\"SearchAction\",\"target\":{\"@type\":\"EntryPoint\",\"urlTemplate\":\"https:\/\/denizcankizil.tr\/?s={search_term_string}\"},\"query-input\":{\"@type\":\"PropertyValueSpecification\",\"valueRequired\":true,\"valueName\":\"search_term_string\"}}],\"inLanguage\":\"en-GB\"},{\"@type\":\"Organization\",\"@id\":\"https:\/\/denizcankizil.tr\/#organization\",\"name\":\"Av. Deniz Can K\u0131z\u0131l\",\"url\":\"https:\/\/denizcankizil.tr\/\",\"logo\":{\"@type\":\"ImageObject\",\"inLanguage\":\"en-GB\",\"@id\":\"https:\/\/denizcankizil.tr\/#\/schema\/logo\/image\/\",\"url\":\"https:\/\/denizcankizil.tr\/wp-content\/uploads\/2024\/10\/siyah-logo-svg.svg\",\"contentUrl\":\"https:\/\/denizcankizil.tr\/wp-content\/uploads\/2024\/10\/siyah-logo-svg.svg\",\"width\":1080,\"height\":1080,\"caption\":\"Av. Deniz Can K\u0131z\u0131l\"},\"image\":{\"@id\":\"https:\/\/denizcankizil.tr\/#\/schema\/logo\/image\/\"}}]}<\/script>\n<!-- \/ Yoast SEO Premium plugin. -->","yoast_head_json":{"title":"TBMM bebek \u00f6l\u00fcmlerini ara\u015ft\u0131racak - Av. Deniz Can K\u0131z\u0131l","robots":{"index":"index","follow":"follow","max-snippet":"max-snippet:-1","max-image-preview":"max-image-preview:large","max-video-preview":"max-video-preview:-1"},"canonical":"https:\/\/denizcankizil.tr\/en\/haberler\/gundem\/tbmm-bebek-olumlerini-arastiracak\/","og_locale":"en_GB","og_type":"article","og_title":"TBMM bebek \u00f6l\u00fcmlerini ara\u015ft\u0131racak","og_description":"Baz\u0131 \u00f6zel sa\u011fl\u0131k kurulu\u015flar\u0131nda ya\u015fanan bebek \u00f6l\u00fcmlerinin t\u00fcm y\u00f6nleriyle ara\u015ft\u0131r\u0131lmas\u0131 amac\u0131yla siyasi partilerin ortak \u00f6nerisiyle TBMM&#8217;de Ara\u015ft\u0131rma Komisyonu kurulmas\u0131na y\u00f6nelik karar bug\u00fcnk\u00fc Resmi Gazete&#8217;de yay\u0131mland\u0131.ANKARA (\u0130GFA) &#8211; TBMM, 22 Ekim 2024 tarihli oturumunda siyasi parti gruplar\u0131n\u0131n ortak \u00f6nerisiyle Mecliste Ara\u015ft\u0131rma Komisyonu Kurulmas\u0131n\u0131 g\u00f6r\u00fc\u015fm\u00fc\u015ft\u00fc. Baz\u0131 \u00d6zel Sa\u011fl\u0131k Kurulu\u015flar\u0131nda Ya\u015fanan Bebek \u00d6l\u00fcmlerinin T\u00fcm Y\u00f6nleriyle Ara\u015ft\u0131r\u0131lmas\u0131, \u00d6zel Sa\u011fl\u0131k Kurulu\u015flar\u0131n\u0131n Yenido\u011fan, \u00c7ocuk Engelli Ve Ya\u015fl\u0131lara \u0130lgili Bak\u0131m Servislerindeki Uygulamalar\u0131n\u0131n Ve Mevzuat\u0131n \u0130ncelenerek Al\u0131nmas\u0131 Gereken Tedbirlerin Belirlenmesi Amac\u0131yla Bir Meclis Ara\u015ft\u0131rma Komisyonu Kurulmas\u0131na Dair Karar\u0131 TBMM&#8217;de kabul edilmi\u015fti. S\u00f6z konusu Meclis Ara\u015ft\u0131rma Komisyonu Kurulmas\u0131&#8217;na y\u00f6nelik karar bug\u00fcnk\u00fc Resmi Gazete&#8217;de yay\u0131mland\u0131.\u00a0 Buna g\u00f6re\u00a022 \u00fcyeden olu\u015facak komisyonun \u00e7al\u0131\u015fma s\u00fcresi 3 ay olacak ve gerekti\u011finde Ankara d\u0131\u015f\u0131nda da \u00e7al\u0131\u015fabilecek. \u200bBaz\u0131 \u00f6zel sa\u011fl\u0131k kurulu\u015flar\u0131nda ya\u015fanan bebek \u00f6l\u00fcmlerinin t\u00fcm y\u00f6nleriyle ara\u015ft\u0131r\u0131lmas\u0131 amac\u0131yla siyasi partilerin ortak \u00f6nerisiyle TBMM&#8217;de Ara\u015ft\u0131rma Komisyonu kurulmas\u0131na y\u00f6nelik karar bug\u00fcnk\u00fc Resmi Gazete&#8217;de yay\u0131mland\u0131\u00a0 \u200bHaberin Al\u0131nt\u0131land\u0131\u011f\u0131 Kaynak: www.iskenderun.org","og_url":"https:\/\/denizcankizil.tr\/en\/haberler\/gundem\/tbmm-bebek-olumlerini-arastiracak\/","og_site_name":"Av. Deniz Can K\u0131z\u0131l","article_published_time":"2024-10-24T08:41:51+00:00","twitter_card":"summary_large_image","twitter_misc":{"Estimated reading time":"1 minute"},"schema":{"@context":"https:\/\/schema.org","@graph":[{"@type":"Article","@id":"https:\/\/denizcankizil.tr\/en\/haberler\/gundem\/tbmm-bebek-olumlerini-arastiracak\/#article","isPartOf":{"@id":"https:\/\/denizcankizil.tr\/en\/haberler\/gundem\/tbmm-bebek-olumlerini-arastiracak\/"},"author":{"name":"","@id":""},"headline":"TBMM bebek \u00f6l\u00fcmlerini ara\u015ft\u0131racak","datePublished":"2024-10-24T08:41:51+00:00","mainEntityOfPage":{"@id":"https:\/\/denizcankizil.tr\/en\/haberler\/gundem\/tbmm-bebek-olumlerini-arastiracak\/"},"wordCount":242,"commentCount":0,"publisher":{"@id":"https:\/\/denizcankizil.tr\/#organization"},"articleSection":["G\u00fcndem","Uncategorized"],"inLanguage":"en-GB","potentialAction":[{"@type":"CommentAction","name":"Comment","target":["https:\/\/denizcankizil.tr\/en\/haberler\/gundem\/tbmm-bebek-olumlerini-arastiracak\/#respond"]}]},{"@type":"WebPage","@id":"https:\/\/denizcankizil.tr\/en\/haberler\/gundem\/tbmm-bebek-olumlerini-arastiracak\/","url":"https:\/\/denizcankizil.tr\/en\/haberler\/gundem\/tbmm-bebek-olumlerini-arastiracak\/","name":"TBMM bebek \u00f6l\u00fcmlerini ara\u015ft\u0131racak - Av. Deniz Can K\u0131z\u0131l","isPartOf":{"@id":"https:\/\/denizcankizil.tr\/#website"},"datePublished":"2024-10-24T08:41:51+00:00","breadcrumb":{"@id":"https:\/\/denizcankizil.tr\/en\/haberler\/gundem\/tbmm-bebek-olumlerini-arastiracak\/#breadcrumb"},"inLanguage":"en-GB","potentialAction":[{"@type":"ReadAction","target":["https:\/\/denizcankizil.tr\/en\/haberler\/gundem\/tbmm-bebek-olumlerini-arastiracak\/"]}]},{"@type":"BreadcrumbList","@id":"https:\/\/denizcankizil.tr\/en\/haberler\/gundem\/tbmm-bebek-olumlerini-arastiracak\/#breadcrumb","itemListElement":[{"@type":"ListItem","position":1,"name":"Home","item":"https:\/\/denizcankizil.tr\/de\/"},{"@type":"ListItem","position":2,"name":"TBMM bebek \u00f6l\u00fcmlerini ara\u015ft\u0131racak"}]},{"@type":"WebSite","@id":"https:\/\/denizcankizil.tr\/#website","url":"https:\/\/denizcankizil.tr\/","name":"Av. Deniz Can K\u0131z\u0131l","description":"Avukat Deniz Can K\u0131z\u0131l Antalya Barosu","publisher":{"@id":"https:\/\/denizcankizil.tr\/#organization"},"potentialAction":[{"@type":"SearchAction","target":{"@type":"EntryPoint","urlTemplate":"https:\/\/denizcankizil.tr\/?s={search_term_string}"},"query-input":{"@type":"PropertyValueSpecification","valueRequired":true,"valueName":"search_term_string"}}],"inLanguage":"en-GB"},{"@type":"Organization","@id":"https:\/\/denizcankizil.tr\/#organization","name":"Av. Deniz Can K\u0131z\u0131l","url":"https:\/\/denizcankizil.tr\/","logo":{"@type":"ImageObject","inLanguage":"en-GB","@id":"https:\/\/denizcankizil.tr\/#\/schema\/logo\/image\/","url":"https:\/\/denizcankizil.tr\/wp-content\/uploads\/2024\/10\/siyah-logo-svg.svg","contentUrl":"https:\/\/denizcankizil.tr\/wp-content\/uploads\/2024\/10\/siyah-logo-svg.svg","width":1080,"height":1080,"caption":"Av. Deniz Can K\u0131z\u0131l"},"image":{"@id":"https:\/\/denizcankizil.tr\/#\/schema\/logo\/image\/"}}]}},"_links":{"self":[{"href":"https:\/\/denizcankizil.tr\/en\/wp-json\/wp\/v2\/posts\/7441","targetHints":{"allow":["GET"]}}],"collection":[{"href":"https:\/\/denizcankizil.tr\/en\/wp-json\/wp\/v2\/posts"}],"about":[{"href":"https:\/\/denizcankizil.tr\/en\/wp-json\/wp\/v2\/types\/post"}],"replies":[{"embeddable":true,"href":"https:\/\/denizcankizil.tr\/en\/wp-json\/wp\/v2\/comments?post=7441"}],"version-history":[{"count":0,"href":"https:\/\/denizcankizil.tr\/en\/wp-json\/wp\/v2\/posts\/7441\/revisions"}],"wp:attachment":[{"href":"https:\/\/denizcankizil.tr\/en\/wp-json\/wp\/v2\/media?parent=7441"}],"wp:term":[{"taxonomy":"category","embeddable":true,"href":"https:\/\/denizcankizil.tr\/en\/wp-json\/wp\/v2\/categories?post=7441"},{"taxonomy":"post_tag","embeddable":true,"href":"https:\/\/denizcankizil.tr\/en\/wp-json\/wp\/v2\/tags?post=7441"}],"curies":[{"name":"wp","href":"https:\/\/api.w.org\/{rel}","templated":true}]}}