{"id":73844,"date":"2025-05-02T18:41:28","date_gmt":"2025-05-02T15:41:28","guid":{"rendered":"https:\/\/denizcankizil.tr\/uncategorized-tr\/antalyada-oda-baskanina-saldiri-iddiasi-karsi-taraftan-iddialara-cevap-geldi\/"},"modified":"2025-05-02T18:41:28","modified_gmt":"2025-05-02T15:41:28","slug":"antalyada-oda-baskanina-saldiri-iddiasi-karsi-taraftan-iddialara-cevap-geldi","status":"publish","type":"post","link":"https:\/\/denizcankizil.tr\/en\/haberler\/gundem\/antalyada-oda-baskanina-saldiri-iddiasi-karsi-taraftan-iddialara-cevap-geldi\/","title":{"rendered":"Antalya\u2019da oda ba\u015fkan\u0131na sald\u0131r\u0131 iddias\u0131! Kar\u015f\u0131 taraftan iddialara cevap geldi"},"content":{"rendered":"<p>Antalya Biriket\u00e7iler Nalburiyeciler \u0130n\u015faat Malzemecileri ve Hafriyat\u00e7\u0131lar Esnaf Odas\u0131 \u00d6zg\u00fcr Bucakl\u0131, yakla\u015f\u0131k 20 ki\u015filik bir grubun sald\u0131r\u0131s\u0131na u\u011frad\u0131\u011f\u0131 iddia edildi. \u0130ddialar\u0131n ard\u0131ndan bir a\u00e7\u0131klama yapan eski y\u00f6netimden Halil Efe \u00c7evik, \u201c\u00d6zg\u00fcr Bucakl\u0131\u2019n\u0131n bulundu\u011fu i\u015fyerine hi\u00e7 girilmedi ve m\u00fcdahale edilmedi\u201d s\u00f6zlerine yer verdi.<\/p>\n<p>&#8220;M\u00dcDAHALE ED\u0130LMED\u0130&#8221;<\/p>\n<p>Hakk\u0131nda ger\u00e7ek d\u0131\u015f\u0131 iddialar\u0131n yer ald\u0131\u011f\u0131n\u0131 s\u00f6zlerine ekleyen \u00c7evik, \u201cD\u00fcn gece saatlerinde taraf\u0131ma mevcut oda ba\u015fkan\u0131 olan \u00d6zg\u00fcr Bucakl\u0131 taraf\u0131ndan tehdit ve hakaret i\u00e7erikli a\u011f\u0131r tahrik yaratan mesajlar g\u00f6nderildi. Ad\u0131 ge\u00e7en oda ba\u015fkan\u0131 konum atarak beni \u015eafak Mahallesinde bir i\u015f yerine \u00e7a\u011f\u0131rd\u0131. Ben, o\u011flum ve 3 tan\u0131d\u0131\u011f\u0131m ile bahsi ge\u00e7en yere gitmi\u015f isek de \u00d6zg\u00fcr Bucakl\u0131\u2019n\u0131n bulundu\u011fu i\u015fyerine hi\u00e7 girilmemi\u015f ve m\u00fcdahale edilmedi\u201d dedi.<\/p>\n<p>&#8220;20 K\u0130\u015e\u0130 YOKTU&#8221; A\u00c7IKLAMASI<\/p>\n<p>\u00c7evik, \u201cHaber kanallar\u0131nda 20 ki\u015fi ile ta\u015fl\u0131 sopal\u0131 bir lin\u00e7 giri\u015fimi yap\u0131lm\u0131\u015f gibi g\u00f6sterilmeye \u00e7al\u0131\u015f\u0131ld\u0131\u011f\u0131na dikkat \u00e7eken \u00c7evik, &#8220;Fakat bu haber tamam\u0131 ile yalandan ibarettir. Elimizde bulunan kamera kay\u0131tlar\u0131 savc\u0131l\u0131k makam\u0131 ile payla\u015f\u0131ld\u0131. Gerek i\u015fyerinin i\u00e7indeki gerek sokaktaki kamera g\u00f6r\u00fcnt\u00fclerinde \u00d6zg\u00fcr Bucakl\u0131 ile hi\u00e7 temas edilmedi\u011fi, kendisine y\u00f6nelik bir sald\u0131r\u0131da bulunulmad\u0131\u011f\u0131, ta\u015fl\u0131 sopal\u0131 20 ki\u015finin bulunmad\u0131\u011f\u0131 g\u00f6r\u00fcl\u00fcyor.\u201d s\u00f6zlerine yer verdi.<\/p>\n<p>B\u0130R TAKIM \u0130DD\u0130ALAR<\/p>\n<p>Olay an\u0131na y\u00f6nelik bir tak\u0131m iddialarda bulunan \u00c7evik, \u201cAksine g\u00f6r\u00fcnt\u00fclerde fazlaca alkol ald\u0131\u011f\u0131 anla\u015f\u0131lan oda ba\u015fkan\u0131n\u0131n bizi \u00e7a\u011f\u0131rd\u0131\u011f\u0131 i\u015fyerinin i\u00e7inde oturmakta iken silah\u0131n\u0131 doldurdu\u011fu, devlet kurumlar\u0131ndaki tan\u0131d\u0131klar\u0131n\u0131 ileri s\u00fcrerek kolluk kuvvetlerini \u00e7a\u011f\u0131rd\u0131\u011f\u0131, planl\u0131 bir \u015fekilde taraf\u0131m\u0131z\u0131 dezavantajl\u0131 g\u00f6stermek i\u00e7in davrand\u0131\u011f\u0131 g\u00f6r\u00fclmektedir. Bu g\u00f6r\u00fcnt\u00fcler de kamuoyu ve meslekta\u015flar\u0131m\u0131z ile yak\u0131nda payla\u015f\u0131lacak.\u201d dedi.<\/p>\n<p>&#8220;KARAKOLA G\u00d6T\u00dcR\u00dcLD\u00dcK&#8221;<\/p>\n<p>Olaylar\u0131n ard\u0131ndan t\u00fcm taraflar\u0131n karakola gitti\u011fini payla\u015fan \u00c7evik, \u201cBizler ve polis ekipleri sokakta iken oda ba\u015fkan\u0131n\u0131n \u015fof\u00f6r\u00fc yan\u0131nda kimli\u011fi belirsiz ki\u015filer ile bir ara\u00e7tan inip taraf\u0131m\u0131za sald\u0131rm\u0131\u015f, \u00e7\u0131kan arbede neticesinde t\u00fcm taraflar ifade vermek \u00fczere karakola y\u00f6nlendirildi. Karakolun bah\u00e7esinde \u00d6zg\u00fcr Bucakl\u0131 ta\u015f\u0131makta oldu\u011fu silah\u0131n\u0131 \u00e7ekmi\u015f, personelin m\u00fcdahalesi ile elinden d\u00fc\u015f\u00fcrd\u00fc. Buna dair kamera g\u00f6r\u00fcnt\u00fcleri de savc\u0131l\u0131k makam\u0131nca celbedilecek\u201d a\u00e7\u0131klamas\u0131na yer verdi.<\/p>\n<p>&#8220;G\u00d6R\u00dcNT\u00dcLER\u0130 PAYLA\u015eACA\u011eIZ&#8221;<\/p>\n<p>Eri\u015fim engeli i\u00e7in gerekli ba\u015fvurular\u0131n yap\u0131ld\u0131\u011f\u0131n\u0131 belirten \u00c7evik, \u201cA\u00e7\u0131klamaya \u00e7al\u0131\u015ft\u0131\u011f\u0131m\u0131z \u00fczere, hakaret ve tehditlerle tahrik edilmi\u015f olmam\u0131z sebebi ile \u00e7a\u011f\u0131rd\u0131\u011f\u0131 adrese gitmemiz neticesinde sald\u0131r\u0131ya u\u011frayan taraf biz olmam\u0131za ra\u011fmen tam tersi bizim taraf\u0131m\u0131zdan bir lin\u00e7 giri\u015fiminde bulunulmu\u015f gibi yans\u0131tan haber kanallar\u0131 ve yetkilileri hakk\u0131nda gerekli su\u00e7 duyurular\u0131 yap\u0131lm\u0131\u015f, eri\u015fim engeli i\u00e7in ba\u015fvurular yap\u0131ld\u0131. Sorumlular\u0131n gereken cezay\u0131 almas\u0131 i\u00e7in yasal s\u00fcre\u00e7ler ba\u015flat\u0131ld\u0131. Adli mercilere t\u00fcm delillerimiz sunuldu oldu\u011fu gibi ger\u00e7e\u011fi t\u00fcm y\u00f6nleri ile a\u00e7\u0131k\u00e7a ortaya koyan g\u00f6r\u00fcnt\u00fcleri de yak\u0131nda payla\u015faca\u011f\u0131z.\u201d dedi.<\/p>\n<p>\u200bAntalya Biriket\u00e7iler Nalburiyeciler \u0130n\u015faat Malzemecileri ve Hafriyat\u00e7\u0131lar Esnaf Odas\u0131 \u00d6zg\u00fcr Bucakl\u0131\u2019n\u0131n gece saatlerinde sald\u0131r\u0131ya u\u011frad\u0131\u011f\u0131 iddia edildi. Su\u00e7lamalar\u0131n merkezinde yer alan eski y\u00f6netimden Halil Efe \u00c7evik bir a\u00e7\u0131klama yaparak iddialara cevap verdi.\u00a0<\/p>\n<p>\u200bHaberin Al\u0131nt\u0131land\u0131\u011f\u0131 Kaynak: www.antalyakorfez.com<\/p>","protected":false},"excerpt":{"rendered":"<p>Antalya Biriket\u00e7iler Nalburiyeciler \u0130n\u015faat Malzemecileri ve Hafriyat\u00e7\u0131lar Esnaf Odas\u0131 \u00d6zg\u00fcr Bucakl\u0131, yakla\u015f\u0131k 20 ki\u015filik bir grubun sald\u0131r\u0131s\u0131na u\u011frad\u0131\u011f\u0131 iddia edildi. \u0130ddialar\u0131n ard\u0131ndan bir a\u00e7\u0131klama yapan eski y\u00f6netimden Halil Efe \u00c7evik, \u201c\u00d6zg\u00fcr Bucakl\u0131\u2019n\u0131n bulundu\u011fu i\u015fyerine hi\u00e7 girilmedi ve m\u00fcdahale edilmedi\u201d s\u00f6zlerine yer verdi. &#8220;M\u00dcDAHALE ED\u0130LMED\u0130&#8221; Hakk\u0131nda ger\u00e7ek d\u0131\u015f\u0131 iddialar\u0131n yer ald\u0131\u011f\u0131n\u0131 s\u00f6zlerine ekleyen \u00c7evik, \u201cD\u00fcn gece saatlerinde taraf\u0131ma mevcut oda ba\u015fkan\u0131 olan \u00d6zg\u00fcr Bucakl\u0131 taraf\u0131ndan tehdit ve hakaret i\u00e7erikli a\u011f\u0131r tahrik yaratan mesajlar g\u00f6nderildi. Ad\u0131 ge\u00e7en oda ba\u015fkan\u0131 konum atarak beni \u015eafak Mahallesinde bir i\u015f yerine \u00e7a\u011f\u0131rd\u0131. Ben, o\u011flum ve 3 tan\u0131d\u0131\u011f\u0131m ile bahsi ge\u00e7en yere gitmi\u015f isek de \u00d6zg\u00fcr Bucakl\u0131\u2019n\u0131n bulundu\u011fu i\u015fyerine hi\u00e7 girilmemi\u015f ve m\u00fcdahale edilmedi\u201d dedi. &#8220;20 K\u0130\u015e\u0130 YOKTU&#8221; A\u00c7IKLAMASI \u00c7evik, \u201cHaber kanallar\u0131nda 20 ki\u015fi ile ta\u015fl\u0131 sopal\u0131 bir lin\u00e7 giri\u015fimi yap\u0131lm\u0131\u015f gibi g\u00f6sterilmeye \u00e7al\u0131\u015f\u0131ld\u0131\u011f\u0131na dikkat \u00e7eken \u00c7evik, &#8220;Fakat bu haber tamam\u0131 ile yalandan ibarettir. Elimizde bulunan kamera kay\u0131tlar\u0131 savc\u0131l\u0131k makam\u0131 ile payla\u015f\u0131ld\u0131. Gerek i\u015fyerinin i\u00e7indeki gerek sokaktaki kamera g\u00f6r\u00fcnt\u00fclerinde \u00d6zg\u00fcr Bucakl\u0131 ile hi\u00e7 temas edilmedi\u011fi, kendisine y\u00f6nelik bir sald\u0131r\u0131da bulunulmad\u0131\u011f\u0131, ta\u015fl\u0131 sopal\u0131 20 ki\u015finin bulunmad\u0131\u011f\u0131 g\u00f6r\u00fcl\u00fcyor.\u201d s\u00f6zlerine yer verdi. B\u0130R TAKIM \u0130DD\u0130ALAR Olay an\u0131na y\u00f6nelik bir tak\u0131m iddialarda bulunan \u00c7evik, \u201cAksine g\u00f6r\u00fcnt\u00fclerde fazlaca alkol ald\u0131\u011f\u0131 anla\u015f\u0131lan oda ba\u015fkan\u0131n\u0131n bizi \u00e7a\u011f\u0131rd\u0131\u011f\u0131 i\u015fyerinin i\u00e7inde oturmakta iken silah\u0131n\u0131 doldurdu\u011fu, devlet &hellip;<\/p>","protected":false},"author":5,"featured_media":0,"comment_status":"","ping_status":"open","sticky":false,"template":"","format":"standard","meta":{"_acf_changed":false,"footnotes":""},"categories":[24],"tags":[],"class_list":["post-73844","post","type-post","status-publish","format-standard","has-post-thumbnail","hentry","category-gundem"],"acf":[],"yoast_head":"<!-- This site is optimized with the Yoast SEO Premium plugin v26.6 (Yoast SEO v27.1.1) - https:\/\/yoast.com\/product\/yoast-seo-premium-wordpress\/ -->\n<title>Antalya\u2019da oda ba\u015fkan\u0131na sald\u0131r\u0131 iddias\u0131! Kar\u015f\u0131 taraftan iddialara cevap geldi - Av. Deniz Can K\u0131z\u0131l<\/title>\n<meta name=\"robots\" content=\"index, follow, max-snippet:-1, max-image-preview:large, max-video-preview:-1\" \/>\n<link rel=\"canonical\" href=\"https:\/\/denizcankizil.tr\/en\/haberler\/gundem\/antalyada-oda-baskanina-saldiri-iddiasi-karsi-taraftan-iddialara-cevap-geldi\/\" \/>\n<meta property=\"og:locale\" content=\"en_GB\" \/>\n<meta property=\"og:type\" content=\"article\" \/>\n<meta property=\"og:title\" content=\"Antalya\u2019da oda ba\u015fkan\u0131na sald\u0131r\u0131 iddias\u0131! Kar\u015f\u0131 taraftan iddialara cevap geldi\" \/>\n<meta property=\"og:description\" content=\"Antalya Biriket\u00e7iler Nalburiyeciler \u0130n\u015faat Malzemecileri ve Hafriyat\u00e7\u0131lar Esnaf Odas\u0131 \u00d6zg\u00fcr Bucakl\u0131, yakla\u015f\u0131k 20 ki\u015filik bir grubun sald\u0131r\u0131s\u0131na u\u011frad\u0131\u011f\u0131 iddia edildi. \u0130ddialar\u0131n ard\u0131ndan bir a\u00e7\u0131klama yapan eski y\u00f6netimden Halil Efe \u00c7evik, \u201c\u00d6zg\u00fcr Bucakl\u0131\u2019n\u0131n bulundu\u011fu i\u015fyerine hi\u00e7 girilmedi ve m\u00fcdahale edilmedi\u201d s\u00f6zlerine yer verdi. &#8220;M\u00dcDAHALE ED\u0130LMED\u0130&#8221; Hakk\u0131nda ger\u00e7ek d\u0131\u015f\u0131 iddialar\u0131n yer ald\u0131\u011f\u0131n\u0131 s\u00f6zlerine ekleyen \u00c7evik, \u201cD\u00fcn gece saatlerinde taraf\u0131ma mevcut oda ba\u015fkan\u0131 olan \u00d6zg\u00fcr Bucakl\u0131 taraf\u0131ndan tehdit ve hakaret i\u00e7erikli a\u011f\u0131r tahrik yaratan mesajlar g\u00f6nderildi. Ad\u0131 ge\u00e7en oda ba\u015fkan\u0131 konum atarak beni \u015eafak Mahallesinde bir i\u015f yerine \u00e7a\u011f\u0131rd\u0131. Ben, o\u011flum ve 3 tan\u0131d\u0131\u011f\u0131m ile bahsi ge\u00e7en yere gitmi\u015f isek de \u00d6zg\u00fcr Bucakl\u0131\u2019n\u0131n bulundu\u011fu i\u015fyerine hi\u00e7 girilmemi\u015f ve m\u00fcdahale edilmedi\u201d dedi. &#8220;20 K\u0130\u015e\u0130 YOKTU&#8221; A\u00c7IKLAMASI \u00c7evik, \u201cHaber kanallar\u0131nda 20 ki\u015fi ile ta\u015fl\u0131 sopal\u0131 bir lin\u00e7 giri\u015fimi yap\u0131lm\u0131\u015f gibi g\u00f6sterilmeye \u00e7al\u0131\u015f\u0131ld\u0131\u011f\u0131na dikkat \u00e7eken \u00c7evik, &#8220;Fakat bu haber tamam\u0131 ile yalandan ibarettir. Elimizde bulunan kamera kay\u0131tlar\u0131 savc\u0131l\u0131k makam\u0131 ile payla\u015f\u0131ld\u0131. Gerek i\u015fyerinin i\u00e7indeki gerek sokaktaki kamera g\u00f6r\u00fcnt\u00fclerinde \u00d6zg\u00fcr Bucakl\u0131 ile hi\u00e7 temas edilmedi\u011fi, kendisine y\u00f6nelik bir sald\u0131r\u0131da bulunulmad\u0131\u011f\u0131, ta\u015fl\u0131 sopal\u0131 20 ki\u015finin bulunmad\u0131\u011f\u0131 g\u00f6r\u00fcl\u00fcyor.\u201d s\u00f6zlerine yer verdi. B\u0130R TAKIM \u0130DD\u0130ALAR Olay an\u0131na y\u00f6nelik bir tak\u0131m iddialarda bulunan \u00c7evik, \u201cAksine g\u00f6r\u00fcnt\u00fclerde fazlaca alkol ald\u0131\u011f\u0131 anla\u015f\u0131lan oda ba\u015fkan\u0131n\u0131n bizi \u00e7a\u011f\u0131rd\u0131\u011f\u0131 i\u015fyerinin i\u00e7inde oturmakta iken silah\u0131n\u0131 doldurdu\u011fu, devlet &hellip;\" \/>\n<meta property=\"og:url\" content=\"https:\/\/denizcankizil.tr\/en\/haberler\/gundem\/antalyada-oda-baskanina-saldiri-iddiasi-karsi-taraftan-iddialara-cevap-geldi\/\" \/>\n<meta property=\"og:site_name\" content=\"Av. Deniz Can K\u0131z\u0131l\" \/>\n<meta property=\"article:published_time\" content=\"2025-05-02T15:41:28+00:00\" \/>\n<meta name=\"author\" content=\"Antalya K\u00f6rfez\" \/>\n<meta name=\"twitter:card\" content=\"summary_large_image\" \/>\n<meta name=\"twitter:label1\" content=\"Written by\" \/>\n\t<meta name=\"twitter:data1\" content=\"Antalya K\u00f6rfez\" \/>\n\t<meta name=\"twitter:label2\" content=\"Estimated reading time\" \/>\n\t<meta name=\"twitter:data2\" content=\"3 minutes\" \/>\n<script type=\"application\/ld+json\" class=\"yoast-schema-graph\">{\"@context\":\"https:\/\/schema.org\",\"@graph\":[{\"@type\":\"Article\",\"@id\":\"https:\/\/denizcankizil.tr\/en\/haberler\/gundem\/antalyada-oda-baskanina-saldiri-iddiasi-karsi-taraftan-iddialara-cevap-geldi\/#article\",\"isPartOf\":{\"@id\":\"https:\/\/denizcankizil.tr\/en\/haberler\/gundem\/antalyada-oda-baskanina-saldiri-iddiasi-karsi-taraftan-iddialara-cevap-geldi\/\"},\"author\":{\"name\":\"Antalya K\u00f6rfez\",\"@id\":\"https:\/\/denizcankizil.tr\/de\/#\/schema\/person\/e1eb71bb4dd684d46563f0af307e1234\"},\"headline\":\"Antalya\u2019da oda ba\u015fkan\u0131na sald\u0131r\u0131 iddias\u0131! Kar\u015f\u0131 taraftan iddialara cevap geldi\",\"datePublished\":\"2025-05-02T15:41:28+00:00\",\"mainEntityOfPage\":{\"@id\":\"https:\/\/denizcankizil.tr\/en\/haberler\/gundem\/antalyada-oda-baskanina-saldiri-iddiasi-karsi-taraftan-iddialara-cevap-geldi\/\"},\"wordCount\":638,\"publisher\":{\"@id\":\"https:\/\/denizcankizil.tr\/de\/#organization\"},\"articleSection\":[\"G\u00fcndem\"],\"inLanguage\":\"en-GB\"},{\"@type\":\"WebPage\",\"@id\":\"https:\/\/denizcankizil.tr\/en\/haberler\/gundem\/antalyada-oda-baskanina-saldiri-iddiasi-karsi-taraftan-iddialara-cevap-geldi\/\",\"url\":\"https:\/\/denizcankizil.tr\/en\/haberler\/gundem\/antalyada-oda-baskanina-saldiri-iddiasi-karsi-taraftan-iddialara-cevap-geldi\/\",\"name\":\"Antalya\u2019da oda ba\u015fkan\u0131na sald\u0131r\u0131 iddias\u0131! Kar\u015f\u0131 taraftan iddialara cevap geldi - Av. Deniz Can K\u0131z\u0131l\",\"isPartOf\":{\"@id\":\"https:\/\/denizcankizil.tr\/de\/#website\"},\"datePublished\":\"2025-05-02T15:41:28+00:00\",\"breadcrumb\":{\"@id\":\"https:\/\/denizcankizil.tr\/en\/haberler\/gundem\/antalyada-oda-baskanina-saldiri-iddiasi-karsi-taraftan-iddialara-cevap-geldi\/#breadcrumb\"},\"inLanguage\":\"en-GB\",\"potentialAction\":[{\"@type\":\"ReadAction\",\"target\":[\"https:\/\/denizcankizil.tr\/en\/haberler\/gundem\/antalyada-oda-baskanina-saldiri-iddiasi-karsi-taraftan-iddialara-cevap-geldi\/\"]}]},{\"@type\":\"BreadcrumbList\",\"@id\":\"https:\/\/denizcankizil.tr\/en\/haberler\/gundem\/antalyada-oda-baskanina-saldiri-iddiasi-karsi-taraftan-iddialara-cevap-geldi\/#breadcrumb\",\"itemListElement\":[{\"@type\":\"ListItem\",\"position\":1,\"name\":\"Home\",\"item\":\"https:\/\/denizcankizil.tr\/de\/\"},{\"@type\":\"ListItem\",\"position\":2,\"name\":\"Antalya\u2019da oda ba\u015fkan\u0131na sald\u0131r\u0131 iddias\u0131! Kar\u015f\u0131 taraftan iddialara cevap geldi\"}]},{\"@type\":\"WebSite\",\"@id\":\"https:\/\/denizcankizil.tr\/de\/#website\",\"url\":\"https:\/\/denizcankizil.tr\/de\/\",\"name\":\"Av. Deniz Can K\u0131z\u0131l\",\"description\":\"Avukat Deniz Can K\u0131z\u0131l Antalya Barosu\",\"publisher\":{\"@id\":\"https:\/\/denizcankizil.tr\/de\/#organization\"},\"potentialAction\":[{\"@type\":\"SearchAction\",\"target\":{\"@type\":\"EntryPoint\",\"urlTemplate\":\"https:\/\/denizcankizil.tr\/de\/?s={search_term_string}\"},\"query-input\":{\"@type\":\"PropertyValueSpecification\",\"valueRequired\":true,\"valueName\":\"search_term_string\"}}],\"inLanguage\":\"en-GB\"},{\"@type\":\"Organization\",\"@id\":\"https:\/\/denizcankizil.tr\/de\/#organization\",\"name\":\"Av. Deniz Can K\u0131z\u0131l\",\"url\":\"https:\/\/denizcankizil.tr\/de\/\",\"logo\":{\"@type\":\"ImageObject\",\"inLanguage\":\"en-GB\",\"@id\":\"https:\/\/denizcankizil.tr\/de\/#\/schema\/logo\/image\/\",\"url\":\"https:\/\/denizcankizil.tr\/wp-content\/uploads\/2024\/10\/siyah-logo-svg.svg\",\"contentUrl\":\"https:\/\/denizcankizil.tr\/wp-content\/uploads\/2024\/10\/siyah-logo-svg.svg\",\"width\":1080,\"height\":1080,\"caption\":\"Av. Deniz Can K\u0131z\u0131l\"},\"image\":{\"@id\":\"https:\/\/denizcankizil.tr\/de\/#\/schema\/logo\/image\/\"}},{\"@type\":\"Person\",\"@id\":\"https:\/\/denizcankizil.tr\/de\/#\/schema\/person\/e1eb71bb4dd684d46563f0af307e1234\",\"name\":\"Antalya K\u00f6rfez\",\"image\":{\"@type\":\"ImageObject\",\"inLanguage\":\"en-GB\",\"@id\":\"https:\/\/denizcankizil.tr\/de\/#\/schema\/person\/image\/\",\"url\":\"https:\/\/secure.gravatar.com\/avatar\/42b01982558a48a0b501fdcab6a408d3717ea5919095ee2e67b0e521799c5905?s=96&d=mm&r=g\",\"contentUrl\":\"https:\/\/secure.gravatar.com\/avatar\/42b01982558a48a0b501fdcab6a408d3717ea5919095ee2e67b0e521799c5905?s=96&d=mm&r=g\",\"caption\":\"Antalya K\u00f6rfez\"},\"sameAs\":[\"http:\/\/www.antalyakorfez.com\"],\"url\":\"https:\/\/www.antalyakorfez.com\/antalyada-oda-baskanina-saldiri-iddiasi-karsi-taraftan-iddialara-cevap-geldi\"}]}<\/script>\n<!-- \/ Yoast SEO Premium plugin. -->","yoast_head_json":{"title":"Antalya\u2019da oda ba\u015fkan\u0131na sald\u0131r\u0131 iddias\u0131! Kar\u015f\u0131 taraftan iddialara cevap geldi - Av. Deniz Can K\u0131z\u0131l","robots":{"index":"index","follow":"follow","max-snippet":"max-snippet:-1","max-image-preview":"max-image-preview:large","max-video-preview":"max-video-preview:-1"},"canonical":"https:\/\/denizcankizil.tr\/en\/haberler\/gundem\/antalyada-oda-baskanina-saldiri-iddiasi-karsi-taraftan-iddialara-cevap-geldi\/","og_locale":"en_GB","og_type":"article","og_title":"Antalya\u2019da oda ba\u015fkan\u0131na sald\u0131r\u0131 iddias\u0131! Kar\u015f\u0131 taraftan iddialara cevap geldi","og_description":"Antalya Biriket\u00e7iler Nalburiyeciler \u0130n\u015faat Malzemecileri ve Hafriyat\u00e7\u0131lar Esnaf Odas\u0131 \u00d6zg\u00fcr Bucakl\u0131, yakla\u015f\u0131k 20 ki\u015filik bir grubun sald\u0131r\u0131s\u0131na u\u011frad\u0131\u011f\u0131 iddia edildi. \u0130ddialar\u0131n ard\u0131ndan bir a\u00e7\u0131klama yapan eski y\u00f6netimden Halil Efe \u00c7evik, \u201c\u00d6zg\u00fcr Bucakl\u0131\u2019n\u0131n bulundu\u011fu i\u015fyerine hi\u00e7 girilmedi ve m\u00fcdahale edilmedi\u201d s\u00f6zlerine yer verdi. &#8220;M\u00dcDAHALE ED\u0130LMED\u0130&#8221; Hakk\u0131nda ger\u00e7ek d\u0131\u015f\u0131 iddialar\u0131n yer ald\u0131\u011f\u0131n\u0131 s\u00f6zlerine ekleyen \u00c7evik, \u201cD\u00fcn gece saatlerinde taraf\u0131ma mevcut oda ba\u015fkan\u0131 olan \u00d6zg\u00fcr Bucakl\u0131 taraf\u0131ndan tehdit ve hakaret i\u00e7erikli a\u011f\u0131r tahrik yaratan mesajlar g\u00f6nderildi. Ad\u0131 ge\u00e7en oda ba\u015fkan\u0131 konum atarak beni \u015eafak Mahallesinde bir i\u015f yerine \u00e7a\u011f\u0131rd\u0131. Ben, o\u011flum ve 3 tan\u0131d\u0131\u011f\u0131m ile bahsi ge\u00e7en yere gitmi\u015f isek de \u00d6zg\u00fcr Bucakl\u0131\u2019n\u0131n bulundu\u011fu i\u015fyerine hi\u00e7 girilmemi\u015f ve m\u00fcdahale edilmedi\u201d dedi. &#8220;20 K\u0130\u015e\u0130 YOKTU&#8221; A\u00c7IKLAMASI \u00c7evik, \u201cHaber kanallar\u0131nda 20 ki\u015fi ile ta\u015fl\u0131 sopal\u0131 bir lin\u00e7 giri\u015fimi yap\u0131lm\u0131\u015f gibi g\u00f6sterilmeye \u00e7al\u0131\u015f\u0131ld\u0131\u011f\u0131na dikkat \u00e7eken \u00c7evik, &#8220;Fakat bu haber tamam\u0131 ile yalandan ibarettir. Elimizde bulunan kamera kay\u0131tlar\u0131 savc\u0131l\u0131k makam\u0131 ile payla\u015f\u0131ld\u0131. Gerek i\u015fyerinin i\u00e7indeki gerek sokaktaki kamera g\u00f6r\u00fcnt\u00fclerinde \u00d6zg\u00fcr Bucakl\u0131 ile hi\u00e7 temas edilmedi\u011fi, kendisine y\u00f6nelik bir sald\u0131r\u0131da bulunulmad\u0131\u011f\u0131, ta\u015fl\u0131 sopal\u0131 20 ki\u015finin bulunmad\u0131\u011f\u0131 g\u00f6r\u00fcl\u00fcyor.\u201d s\u00f6zlerine yer verdi. B\u0130R TAKIM \u0130DD\u0130ALAR Olay an\u0131na y\u00f6nelik bir tak\u0131m iddialarda bulunan \u00c7evik, \u201cAksine g\u00f6r\u00fcnt\u00fclerde fazlaca alkol ald\u0131\u011f\u0131 anla\u015f\u0131lan oda ba\u015fkan\u0131n\u0131n bizi \u00e7a\u011f\u0131rd\u0131\u011f\u0131 i\u015fyerinin i\u00e7inde oturmakta iken silah\u0131n\u0131 doldurdu\u011fu, devlet &hellip;","og_url":"https:\/\/denizcankizil.tr\/en\/haberler\/gundem\/antalyada-oda-baskanina-saldiri-iddiasi-karsi-taraftan-iddialara-cevap-geldi\/","og_site_name":"Av. Deniz Can K\u0131z\u0131l","article_published_time":"2025-05-02T15:41:28+00:00","author":"Antalya K\u00f6rfez","twitter_card":"summary_large_image","twitter_misc":{"Written by":"Antalya K\u00f6rfez","Estimated reading time":"3 minutes"},"schema":{"@context":"https:\/\/schema.org","@graph":[{"@type":"Article","@id":"https:\/\/denizcankizil.tr\/en\/haberler\/gundem\/antalyada-oda-baskanina-saldiri-iddiasi-karsi-taraftan-iddialara-cevap-geldi\/#article","isPartOf":{"@id":"https:\/\/denizcankizil.tr\/en\/haberler\/gundem\/antalyada-oda-baskanina-saldiri-iddiasi-karsi-taraftan-iddialara-cevap-geldi\/"},"author":{"name":"Antalya K\u00f6rfez","@id":"https:\/\/denizcankizil.tr\/de\/#\/schema\/person\/e1eb71bb4dd684d46563f0af307e1234"},"headline":"Antalya\u2019da oda ba\u015fkan\u0131na sald\u0131r\u0131 iddias\u0131! Kar\u015f\u0131 taraftan iddialara cevap geldi","datePublished":"2025-05-02T15:41:28+00:00","mainEntityOfPage":{"@id":"https:\/\/denizcankizil.tr\/en\/haberler\/gundem\/antalyada-oda-baskanina-saldiri-iddiasi-karsi-taraftan-iddialara-cevap-geldi\/"},"wordCount":638,"publisher":{"@id":"https:\/\/denizcankizil.tr\/de\/#organization"},"articleSection":["G\u00fcndem"],"inLanguage":"en-GB"},{"@type":"WebPage","@id":"https:\/\/denizcankizil.tr\/en\/haberler\/gundem\/antalyada-oda-baskanina-saldiri-iddiasi-karsi-taraftan-iddialara-cevap-geldi\/","url":"https:\/\/denizcankizil.tr\/en\/haberler\/gundem\/antalyada-oda-baskanina-saldiri-iddiasi-karsi-taraftan-iddialara-cevap-geldi\/","name":"Antalya\u2019da oda ba\u015fkan\u0131na sald\u0131r\u0131 iddias\u0131! Kar\u015f\u0131 taraftan iddialara cevap geldi - Av. Deniz Can K\u0131z\u0131l","isPartOf":{"@id":"https:\/\/denizcankizil.tr\/de\/#website"},"datePublished":"2025-05-02T15:41:28+00:00","breadcrumb":{"@id":"https:\/\/denizcankizil.tr\/en\/haberler\/gundem\/antalyada-oda-baskanina-saldiri-iddiasi-karsi-taraftan-iddialara-cevap-geldi\/#breadcrumb"},"inLanguage":"en-GB","potentialAction":[{"@type":"ReadAction","target":["https:\/\/denizcankizil.tr\/en\/haberler\/gundem\/antalyada-oda-baskanina-saldiri-iddiasi-karsi-taraftan-iddialara-cevap-geldi\/"]}]},{"@type":"BreadcrumbList","@id":"https:\/\/denizcankizil.tr\/en\/haberler\/gundem\/antalyada-oda-baskanina-saldiri-iddiasi-karsi-taraftan-iddialara-cevap-geldi\/#breadcrumb","itemListElement":[{"@type":"ListItem","position":1,"name":"Home","item":"https:\/\/denizcankizil.tr\/de\/"},{"@type":"ListItem","position":2,"name":"Antalya\u2019da oda ba\u015fkan\u0131na sald\u0131r\u0131 iddias\u0131! Kar\u015f\u0131 taraftan iddialara cevap geldi"}]},{"@type":"WebSite","@id":"https:\/\/denizcankizil.tr\/de\/#website","url":"https:\/\/denizcankizil.tr\/de\/","name":"Av. Deniz Can K\u0131z\u0131l","description":"Avukat Deniz Can K\u0131z\u0131l Antalya Barosu","publisher":{"@id":"https:\/\/denizcankizil.tr\/de\/#organization"},"potentialAction":[{"@type":"SearchAction","target":{"@type":"EntryPoint","urlTemplate":"https:\/\/denizcankizil.tr\/de\/?s={search_term_string}"},"query-input":{"@type":"PropertyValueSpecification","valueRequired":true,"valueName":"search_term_string"}}],"inLanguage":"en-GB"},{"@type":"Organization","@id":"https:\/\/denizcankizil.tr\/de\/#organization","name":"Av. Deniz Can K\u0131z\u0131l","url":"https:\/\/denizcankizil.tr\/de\/","logo":{"@type":"ImageObject","inLanguage":"en-GB","@id":"https:\/\/denizcankizil.tr\/de\/#\/schema\/logo\/image\/","url":"https:\/\/denizcankizil.tr\/wp-content\/uploads\/2024\/10\/siyah-logo-svg.svg","contentUrl":"https:\/\/denizcankizil.tr\/wp-content\/uploads\/2024\/10\/siyah-logo-svg.svg","width":1080,"height":1080,"caption":"Av. Deniz Can K\u0131z\u0131l"},"image":{"@id":"https:\/\/denizcankizil.tr\/de\/#\/schema\/logo\/image\/"}},{"@type":"Person","@id":"https:\/\/denizcankizil.tr\/de\/#\/schema\/person\/e1eb71bb4dd684d46563f0af307e1234","name":"Antalya K\u00f6rfez","image":{"@type":"ImageObject","inLanguage":"en-GB","@id":"https:\/\/denizcankizil.tr\/de\/#\/schema\/person\/image\/","url":"https:\/\/secure.gravatar.com\/avatar\/42b01982558a48a0b501fdcab6a408d3717ea5919095ee2e67b0e521799c5905?s=96&d=mm&r=g","contentUrl":"https:\/\/secure.gravatar.com\/avatar\/42b01982558a48a0b501fdcab6a408d3717ea5919095ee2e67b0e521799c5905?s=96&d=mm&r=g","caption":"Antalya K\u00f6rfez"},"sameAs":["http:\/\/www.antalyakorfez.com"],"url":"https:\/\/www.antalyakorfez.com\/antalyada-oda-baskanina-saldiri-iddiasi-karsi-taraftan-iddialara-cevap-geldi"}]}},"_links":{"self":[{"href":"https:\/\/denizcankizil.tr\/en\/wp-json\/wp\/v2\/posts\/73844","targetHints":{"allow":["GET"]}}],"collection":[{"href":"https:\/\/denizcankizil.tr\/en\/wp-json\/wp\/v2\/posts"}],"about":[{"href":"https:\/\/denizcankizil.tr\/en\/wp-json\/wp\/v2\/types\/post"}],"author":[{"embeddable":true,"href":"https:\/\/denizcankizil.tr\/en\/wp-json\/wp\/v2\/users\/5"}],"replies":[{"embeddable":true,"href":"https:\/\/denizcankizil.tr\/en\/wp-json\/wp\/v2\/comments?post=73844"}],"version-history":[{"count":0,"href":"https:\/\/denizcankizil.tr\/en\/wp-json\/wp\/v2\/posts\/73844\/revisions"}],"wp:attachment":[{"href":"https:\/\/denizcankizil.tr\/en\/wp-json\/wp\/v2\/media?parent=73844"}],"wp:term":[{"taxonomy":"category","embeddable":true,"href":"https:\/\/denizcankizil.tr\/en\/wp-json\/wp\/v2\/categories?post=73844"},{"taxonomy":"post_tag","embeddable":true,"href":"https:\/\/denizcankizil.tr\/en\/wp-json\/wp\/v2\/tags?post=73844"}],"curies":[{"name":"wp","href":"https:\/\/api.w.org\/{rel}","templated":true}]}}