{"id":73801,"date":"2025-05-02T17:41:24","date_gmt":"2025-05-02T14:41:24","guid":{"rendered":"https:\/\/denizcankizil.tr\/uncategorized-tr\/kavgada-uzman-cavus-agir-yaralandi\/"},"modified":"2025-05-02T17:41:24","modified_gmt":"2025-05-02T14:41:24","slug":"kavgada-uzman-cavus-agir-yaralandi","status":"publish","type":"post","link":"https:\/\/denizcankizil.tr\/en\/haberler\/antalya\/kavgada-uzman-cavus-agir-yaralandi\/","title":{"rendered":"Kavgada uzman \u00e7avu\u015f a\u011f\u0131r yaraland\u0131"},"content":{"rendered":"<p>Olay, gece saatlerinde Hasyurt Mahallesi&#8217;ndeki bir e\u011flence merkezinde ya\u015fand\u0131. G\u00f6rev yeri Kumluca olan ve ismi a\u00e7\u0131klanmayan uzman \u00e7avu\u015f, bir arkada\u015f\u0131yla e\u011flence merkezine geldi. Uzman \u00e7avu\u015f, yan\u0131nda bulunan tabancas\u0131n\u0131 masan\u0131n \u00fczerine b\u0131rakt\u0131. Masada oturan arkada\u015f\u0131n\u0131n oynamas\u0131 sonucu silah\u0131n ate\u015f ald\u0131 ve i\u00e7eride bulunan iki ki\u015fi hafif \u015fekilde yaraland\u0131.<\/p>\n<p>Silah\u0131n ate\u015f almas\u0131n\u0131n ard\u0131ndan ya\u015fanan tart\u0131\u015fma k\u0131sa s\u00fcrede b\u00fcy\u00fcyerek kavgaya d\u00f6n\u00fc\u015ft\u00fc. Toplam 7 ki\u015finin kar\u0131\u015ft\u0131\u011f\u0131 kavgada, uzman \u00e7avu\u015f a\u011f\u0131r yaraland\u0131. Olay yerine sevk edilen sa\u011fl\u0131k ekipleri taraf\u0131ndan hastaneye kald\u0131r\u0131lan uzman \u00e7avu\u015fun yo\u011fun bak\u0131m \u00fcnitesinde tedavisinin s\u00fcrd\u00fc\u011f\u00fc ve hayati tehlikesinin devam etti\u011fi bildirildi.<\/p>\n<p>7 K\u0130\u015e\u0130 G\u00d6ZALTINDA<\/p>\n<p>Olayla ilgili Finike Cumhuriyet Ba\u015fsavc\u0131l\u0131\u011f\u0131 taraf\u0131ndan soru\u015fturma ba\u015flat\u0131ld\u0131. Soru\u015fturma kapsam\u0131nda 7 ki\u015fi g\u00f6zalt\u0131na al\u0131nd\u0131. G\u00f6zalt\u0131na al\u0131nan \u015f\u00fcpheliler, ifadelerinin ard\u0131ndan adliyeye sevk edildi. Cumhuriyet Savc\u0131s\u0131 taraf\u0131ndan ifadeleri al\u0131nan \u015f\u00fcpheliler, tutuklama talebiyle Sulh Ceza Hakimli\u011fi\u2019ne sevk edildi.<\/p>\n<p>Kaynak: www.kanalv.com.tr Haber Sitesinden Al\u0131nm\u0131\u015ft\u0131r.<\/p>","protected":false},"excerpt":{"rendered":"<p>Olay, gece saatlerinde Hasyurt Mahallesi&#8217;ndeki bir e\u011flence merkezinde ya\u015fand\u0131. G\u00f6rev yeri Kumluca olan ve ismi a\u00e7\u0131klanmayan uzman \u00e7avu\u015f, bir arkada\u015f\u0131yla e\u011flence merkezine geldi. Uzman \u00e7avu\u015f, yan\u0131nda bulunan tabancas\u0131n\u0131 masan\u0131n \u00fczerine b\u0131rakt\u0131. Masada oturan arkada\u015f\u0131n\u0131n oynamas\u0131 sonucu silah\u0131n ate\u015f ald\u0131 ve i\u00e7eride bulunan iki ki\u015fi hafif \u015fekilde yaraland\u0131. Silah\u0131n ate\u015f almas\u0131n\u0131n ard\u0131ndan ya\u015fanan tart\u0131\u015fma k\u0131sa s\u00fcrede b\u00fcy\u00fcyerek kavgaya d\u00f6n\u00fc\u015ft\u00fc. Toplam 7 ki\u015finin kar\u0131\u015ft\u0131\u011f\u0131 kavgada, uzman \u00e7avu\u015f a\u011f\u0131r yaraland\u0131. Olay yerine sevk edilen sa\u011fl\u0131k ekipleri taraf\u0131ndan hastaneye kald\u0131r\u0131lan uzman \u00e7avu\u015fun yo\u011fun bak\u0131m \u00fcnitesinde tedavisinin s\u00fcrd\u00fc\u011f\u00fc ve hayati tehlikesinin devam etti\u011fi bildirildi. 7 K\u0130\u015e\u0130 G\u00d6ZALTINDA Olayla ilgili Finike Cumhuriyet Ba\u015fsavc\u0131l\u0131\u011f\u0131 taraf\u0131ndan soru\u015fturma ba\u015flat\u0131ld\u0131. Soru\u015fturma kapsam\u0131nda 7 ki\u015fi g\u00f6zalt\u0131na al\u0131nd\u0131. G\u00f6zalt\u0131na al\u0131nan \u015f\u00fcpheliler, ifadelerinin ard\u0131ndan adliyeye sevk edildi. Cumhuriyet Savc\u0131s\u0131 taraf\u0131ndan ifadeleri al\u0131nan \u015f\u00fcpheliler, tutuklama talebiyle Sulh Ceza Hakimli\u011fi\u2019ne sevk edildi. Kaynak: www.kanalv.com.tr Haber Sitesinden Al\u0131nm\u0131\u015ft\u0131r.<\/p>","protected":false},"author":4,"featured_media":73802,"comment_status":"","ping_status":"open","sticky":false,"template":"","format":"standard","meta":{"_acf_changed":false,"footnotes":""},"categories":[26],"tags":[],"class_list":["post-73801","post","type-post","status-publish","format-standard","has-post-thumbnail","hentry","category-antalya"],"acf":[],"yoast_head":"<!-- This site is optimized with the Yoast SEO Premium plugin v26.6 (Yoast SEO v27.1.1) - https:\/\/yoast.com\/product\/yoast-seo-premium-wordpress\/ -->\n<title>Kavgada uzman \u00e7avu\u015f a\u011f\u0131r yaraland\u0131 - Av. Deniz Can K\u0131z\u0131l<\/title>\n<meta name=\"robots\" content=\"index, follow, max-snippet:-1, max-image-preview:large, max-video-preview:-1\" \/>\n<link rel=\"canonical\" href=\"https:\/\/denizcankizil.tr\/en\/haberler\/antalya\/kavgada-uzman-cavus-agir-yaralandi\/\" \/>\n<meta property=\"og:locale\" content=\"en_GB\" \/>\n<meta property=\"og:type\" content=\"article\" \/>\n<meta property=\"og:title\" content=\"Kavgada uzman \u00e7avu\u015f a\u011f\u0131r yaraland\u0131\" \/>\n<meta property=\"og:description\" content=\"Olay, gece saatlerinde Hasyurt Mahallesi&#8217;ndeki bir e\u011flence merkezinde ya\u015fand\u0131. G\u00f6rev yeri Kumluca olan ve ismi a\u00e7\u0131klanmayan uzman \u00e7avu\u015f, bir arkada\u015f\u0131yla e\u011flence merkezine geldi. Uzman \u00e7avu\u015f, yan\u0131nda bulunan tabancas\u0131n\u0131 masan\u0131n \u00fczerine b\u0131rakt\u0131. Masada oturan arkada\u015f\u0131n\u0131n oynamas\u0131 sonucu silah\u0131n ate\u015f ald\u0131 ve i\u00e7eride bulunan iki ki\u015fi hafif \u015fekilde yaraland\u0131. Silah\u0131n ate\u015f almas\u0131n\u0131n ard\u0131ndan ya\u015fanan tart\u0131\u015fma k\u0131sa s\u00fcrede b\u00fcy\u00fcyerek kavgaya d\u00f6n\u00fc\u015ft\u00fc. Toplam 7 ki\u015finin kar\u0131\u015ft\u0131\u011f\u0131 kavgada, uzman \u00e7avu\u015f a\u011f\u0131r yaraland\u0131. Olay yerine sevk edilen sa\u011fl\u0131k ekipleri taraf\u0131ndan hastaneye kald\u0131r\u0131lan uzman \u00e7avu\u015fun yo\u011fun bak\u0131m \u00fcnitesinde tedavisinin s\u00fcrd\u00fc\u011f\u00fc ve hayati tehlikesinin devam etti\u011fi bildirildi. 7 K\u0130\u015e\u0130 G\u00d6ZALTINDA Olayla ilgili Finike Cumhuriyet Ba\u015fsavc\u0131l\u0131\u011f\u0131 taraf\u0131ndan soru\u015fturma ba\u015flat\u0131ld\u0131. Soru\u015fturma kapsam\u0131nda 7 ki\u015fi g\u00f6zalt\u0131na al\u0131nd\u0131. G\u00f6zalt\u0131na al\u0131nan \u015f\u00fcpheliler, ifadelerinin ard\u0131ndan adliyeye sevk edildi. Cumhuriyet Savc\u0131s\u0131 taraf\u0131ndan ifadeleri al\u0131nan \u015f\u00fcpheliler, tutuklama talebiyle Sulh Ceza Hakimli\u011fi\u2019ne sevk edildi. Kaynak: www.kanalv.com.tr Haber Sitesinden Al\u0131nm\u0131\u015ft\u0131r.\" \/>\n<meta property=\"og:url\" content=\"https:\/\/denizcankizil.tr\/en\/haberler\/antalya\/kavgada-uzman-cavus-agir-yaralandi\/\" \/>\n<meta property=\"og:site_name\" content=\"Av. Deniz Can K\u0131z\u0131l\" \/>\n<meta property=\"article:published_time\" content=\"2025-05-02T14:41:24+00:00\" \/>\n<meta property=\"og:image\" content=\"https:\/\/denizcankizil.tr\/wp-content\/uploads\/2025\/05\/6128-01-hNySaI.jpg\" \/>\n\t<meta property=\"og:image:width\" content=\"1280\" \/>\n\t<meta property=\"og:image:height\" content=\"720\" \/>\n\t<meta property=\"og:image:type\" content=\"image\/jpeg\" \/>\n<meta name=\"author\" content=\"Av. Deniz Can K\u0131z\u0131l\" \/>\n<meta name=\"twitter:card\" content=\"summary_large_image\" \/>\n<meta name=\"twitter:label1\" content=\"Written by\" \/>\n\t<meta name=\"twitter:data1\" content=\"Av. Deniz Can K\u0131z\u0131l\" \/>\n\t<meta name=\"twitter:label2\" content=\"Estimated reading time\" \/>\n\t<meta name=\"twitter:data2\" content=\"1 minute\" \/>\n<script type=\"application\/ld+json\" class=\"yoast-schema-graph\">{\"@context\":\"https:\/\/schema.org\",\"@graph\":[{\"@type\":\"Article\",\"@id\":\"https:\/\/denizcankizil.tr\/en\/haberler\/antalya\/kavgada-uzman-cavus-agir-yaralandi\/#article\",\"isPartOf\":{\"@id\":\"https:\/\/denizcankizil.tr\/en\/haberler\/antalya\/kavgada-uzman-cavus-agir-yaralandi\/\"},\"author\":{\"name\":\"Av. Deniz Can K\u0131z\u0131l\",\"@id\":\"https:\/\/denizcankizil.tr\/#\/schema\/person\/5dc1b22991bd7ac833867c10afc9b0ff\"},\"headline\":\"Kavgada uzman \u00e7avu\u015f a\u011f\u0131r yaraland\u0131\",\"datePublished\":\"2025-05-02T14:41:24+00:00\",\"mainEntityOfPage\":{\"@id\":\"https:\/\/denizcankizil.tr\/en\/haberler\/antalya\/kavgada-uzman-cavus-agir-yaralandi\/\"},\"wordCount\":204,\"publisher\":{\"@id\":\"https:\/\/denizcankizil.tr\/#organization\"},\"image\":{\"@id\":\"https:\/\/denizcankizil.tr\/en\/haberler\/antalya\/kavgada-uzman-cavus-agir-yaralandi\/#primaryimage\"},\"thumbnailUrl\":\"https:\/\/denizcankizil.tr\/wp-content\/uploads\/2025\/05\/6128-01-hNySaI.jpg\",\"articleSection\":[\"Antalya\"],\"inLanguage\":\"en-GB\"},{\"@type\":\"WebPage\",\"@id\":\"https:\/\/denizcankizil.tr\/en\/haberler\/antalya\/kavgada-uzman-cavus-agir-yaralandi\/\",\"url\":\"https:\/\/denizcankizil.tr\/en\/haberler\/antalya\/kavgada-uzman-cavus-agir-yaralandi\/\",\"name\":\"Kavgada uzman \u00e7avu\u015f a\u011f\u0131r yaraland\u0131 - Av. Deniz Can K\u0131z\u0131l\",\"isPartOf\":{\"@id\":\"https:\/\/denizcankizil.tr\/#website\"},\"primaryImageOfPage\":{\"@id\":\"https:\/\/denizcankizil.tr\/en\/haberler\/antalya\/kavgada-uzman-cavus-agir-yaralandi\/#primaryimage\"},\"image\":{\"@id\":\"https:\/\/denizcankizil.tr\/en\/haberler\/antalya\/kavgada-uzman-cavus-agir-yaralandi\/#primaryimage\"},\"thumbnailUrl\":\"https:\/\/denizcankizil.tr\/wp-content\/uploads\/2025\/05\/6128-01-hNySaI.jpg\",\"datePublished\":\"2025-05-02T14:41:24+00:00\",\"breadcrumb\":{\"@id\":\"https:\/\/denizcankizil.tr\/en\/haberler\/antalya\/kavgada-uzman-cavus-agir-yaralandi\/#breadcrumb\"},\"inLanguage\":\"en-GB\",\"potentialAction\":[{\"@type\":\"ReadAction\",\"target\":[\"https:\/\/denizcankizil.tr\/en\/haberler\/antalya\/kavgada-uzman-cavus-agir-yaralandi\/\"]}]},{\"@type\":\"ImageObject\",\"inLanguage\":\"en-GB\",\"@id\":\"https:\/\/denizcankizil.tr\/en\/haberler\/antalya\/kavgada-uzman-cavus-agir-yaralandi\/#primaryimage\",\"url\":\"https:\/\/denizcankizil.tr\/wp-content\/uploads\/2025\/05\/6128-01-hNySaI.jpg\",\"contentUrl\":\"https:\/\/denizcankizil.tr\/wp-content\/uploads\/2025\/05\/6128-01-hNySaI.jpg\",\"width\":1280,\"height\":720},{\"@type\":\"BreadcrumbList\",\"@id\":\"https:\/\/denizcankizil.tr\/en\/haberler\/antalya\/kavgada-uzman-cavus-agir-yaralandi\/#breadcrumb\",\"itemListElement\":[{\"@type\":\"ListItem\",\"position\":1,\"name\":\"Home\",\"item\":\"https:\/\/denizcankizil.tr\/de\/\"},{\"@type\":\"ListItem\",\"position\":2,\"name\":\"Kavgada uzman \u00e7avu\u015f a\u011f\u0131r yaraland\u0131\"}]},{\"@type\":\"WebSite\",\"@id\":\"https:\/\/denizcankizil.tr\/#website\",\"url\":\"https:\/\/denizcankizil.tr\/\",\"name\":\"Av. Deniz Can K\u0131z\u0131l\",\"description\":\"Avukat Deniz Can K\u0131z\u0131l Antalya Barosu\",\"publisher\":{\"@id\":\"https:\/\/denizcankizil.tr\/#organization\"},\"potentialAction\":[{\"@type\":\"SearchAction\",\"target\":{\"@type\":\"EntryPoint\",\"urlTemplate\":\"https:\/\/denizcankizil.tr\/?s={search_term_string}\"},\"query-input\":{\"@type\":\"PropertyValueSpecification\",\"valueRequired\":true,\"valueName\":\"search_term_string\"}}],\"inLanguage\":\"en-GB\"},{\"@type\":\"Organization\",\"@id\":\"https:\/\/denizcankizil.tr\/#organization\",\"name\":\"Av. Deniz Can K\u0131z\u0131l\",\"url\":\"https:\/\/denizcankizil.tr\/\",\"logo\":{\"@type\":\"ImageObject\",\"inLanguage\":\"en-GB\",\"@id\":\"https:\/\/denizcankizil.tr\/#\/schema\/logo\/image\/\",\"url\":\"https:\/\/denizcankizil.tr\/wp-content\/uploads\/2024\/10\/siyah-logo-svg.svg\",\"contentUrl\":\"https:\/\/denizcankizil.tr\/wp-content\/uploads\/2024\/10\/siyah-logo-svg.svg\",\"width\":1080,\"height\":1080,\"caption\":\"Av. Deniz Can K\u0131z\u0131l\"},\"image\":{\"@id\":\"https:\/\/denizcankizil.tr\/#\/schema\/logo\/image\/\"}},{\"@type\":\"Person\",\"@id\":\"https:\/\/denizcankizil.tr\/#\/schema\/person\/5dc1b22991bd7ac833867c10afc9b0ff\",\"name\":\"Av. Deniz Can K\u0131z\u0131l\",\"image\":{\"@type\":\"ImageObject\",\"inLanguage\":\"en-GB\",\"@id\":\"https:\/\/denizcankizil.tr\/#\/schema\/person\/image\/\",\"url\":\"https:\/\/secure.gravatar.com\/avatar\/a0b128fb9855c79efc976d5640eedb31dc35ec297594d6016d2cf7c60e975bb6?s=96&d=mm&r=g\",\"contentUrl\":\"https:\/\/secure.gravatar.com\/avatar\/a0b128fb9855c79efc976d5640eedb31dc35ec297594d6016d2cf7c60e975bb6?s=96&d=mm&r=g\",\"caption\":\"Av. Deniz Can K\u0131z\u0131l\"},\"sameAs\":[\"http:\/\/www.denizcankizil.tr\"],\"url\":\"https:\/\/denizcankizil.tr\/en\/author\/denizcankizil\/\"}]}<\/script>\n<!-- \/ Yoast SEO Premium plugin. -->","yoast_head_json":{"title":"Kavgada uzman \u00e7avu\u015f a\u011f\u0131r yaraland\u0131 - Av. Deniz Can K\u0131z\u0131l","robots":{"index":"index","follow":"follow","max-snippet":"max-snippet:-1","max-image-preview":"max-image-preview:large","max-video-preview":"max-video-preview:-1"},"canonical":"https:\/\/denizcankizil.tr\/en\/haberler\/antalya\/kavgada-uzman-cavus-agir-yaralandi\/","og_locale":"en_GB","og_type":"article","og_title":"Kavgada uzman \u00e7avu\u015f a\u011f\u0131r yaraland\u0131","og_description":"Olay, gece saatlerinde Hasyurt Mahallesi&#8217;ndeki bir e\u011flence merkezinde ya\u015fand\u0131. G\u00f6rev yeri Kumluca olan ve ismi a\u00e7\u0131klanmayan uzman \u00e7avu\u015f, bir arkada\u015f\u0131yla e\u011flence merkezine geldi. Uzman \u00e7avu\u015f, yan\u0131nda bulunan tabancas\u0131n\u0131 masan\u0131n \u00fczerine b\u0131rakt\u0131. Masada oturan arkada\u015f\u0131n\u0131n oynamas\u0131 sonucu silah\u0131n ate\u015f ald\u0131 ve i\u00e7eride bulunan iki ki\u015fi hafif \u015fekilde yaraland\u0131. Silah\u0131n ate\u015f almas\u0131n\u0131n ard\u0131ndan ya\u015fanan tart\u0131\u015fma k\u0131sa s\u00fcrede b\u00fcy\u00fcyerek kavgaya d\u00f6n\u00fc\u015ft\u00fc. Toplam 7 ki\u015finin kar\u0131\u015ft\u0131\u011f\u0131 kavgada, uzman \u00e7avu\u015f a\u011f\u0131r yaraland\u0131. Olay yerine sevk edilen sa\u011fl\u0131k ekipleri taraf\u0131ndan hastaneye kald\u0131r\u0131lan uzman \u00e7avu\u015fun yo\u011fun bak\u0131m \u00fcnitesinde tedavisinin s\u00fcrd\u00fc\u011f\u00fc ve hayati tehlikesinin devam etti\u011fi bildirildi. 7 K\u0130\u015e\u0130 G\u00d6ZALTINDA Olayla ilgili Finike Cumhuriyet Ba\u015fsavc\u0131l\u0131\u011f\u0131 taraf\u0131ndan soru\u015fturma ba\u015flat\u0131ld\u0131. Soru\u015fturma kapsam\u0131nda 7 ki\u015fi g\u00f6zalt\u0131na al\u0131nd\u0131. G\u00f6zalt\u0131na al\u0131nan \u015f\u00fcpheliler, ifadelerinin ard\u0131ndan adliyeye sevk edildi. Cumhuriyet Savc\u0131s\u0131 taraf\u0131ndan ifadeleri al\u0131nan \u015f\u00fcpheliler, tutuklama talebiyle Sulh Ceza Hakimli\u011fi\u2019ne sevk edildi. Kaynak: www.kanalv.com.tr Haber Sitesinden Al\u0131nm\u0131\u015ft\u0131r.","og_url":"https:\/\/denizcankizil.tr\/en\/haberler\/antalya\/kavgada-uzman-cavus-agir-yaralandi\/","og_site_name":"Av. Deniz Can K\u0131z\u0131l","article_published_time":"2025-05-02T14:41:24+00:00","og_image":[{"width":1280,"height":720,"url":"https:\/\/denizcankizil.tr\/wp-content\/uploads\/2025\/05\/6128-01-hNySaI.jpg","type":"image\/jpeg"}],"author":"Av. Deniz Can K\u0131z\u0131l","twitter_card":"summary_large_image","twitter_misc":{"Written by":"Av. Deniz Can K\u0131z\u0131l","Estimated reading time":"1 minute"},"schema":{"@context":"https:\/\/schema.org","@graph":[{"@type":"Article","@id":"https:\/\/denizcankizil.tr\/en\/haberler\/antalya\/kavgada-uzman-cavus-agir-yaralandi\/#article","isPartOf":{"@id":"https:\/\/denizcankizil.tr\/en\/haberler\/antalya\/kavgada-uzman-cavus-agir-yaralandi\/"},"author":{"name":"Av. Deniz Can K\u0131z\u0131l","@id":"https:\/\/denizcankizil.tr\/#\/schema\/person\/5dc1b22991bd7ac833867c10afc9b0ff"},"headline":"Kavgada uzman \u00e7avu\u015f a\u011f\u0131r yaraland\u0131","datePublished":"2025-05-02T14:41:24+00:00","mainEntityOfPage":{"@id":"https:\/\/denizcankizil.tr\/en\/haberler\/antalya\/kavgada-uzman-cavus-agir-yaralandi\/"},"wordCount":204,"publisher":{"@id":"https:\/\/denizcankizil.tr\/#organization"},"image":{"@id":"https:\/\/denizcankizil.tr\/en\/haberler\/antalya\/kavgada-uzman-cavus-agir-yaralandi\/#primaryimage"},"thumbnailUrl":"https:\/\/denizcankizil.tr\/wp-content\/uploads\/2025\/05\/6128-01-hNySaI.jpg","articleSection":["Antalya"],"inLanguage":"en-GB"},{"@type":"WebPage","@id":"https:\/\/denizcankizil.tr\/en\/haberler\/antalya\/kavgada-uzman-cavus-agir-yaralandi\/","url":"https:\/\/denizcankizil.tr\/en\/haberler\/antalya\/kavgada-uzman-cavus-agir-yaralandi\/","name":"Kavgada uzman \u00e7avu\u015f a\u011f\u0131r yaraland\u0131 - Av. Deniz Can K\u0131z\u0131l","isPartOf":{"@id":"https:\/\/denizcankizil.tr\/#website"},"primaryImageOfPage":{"@id":"https:\/\/denizcankizil.tr\/en\/haberler\/antalya\/kavgada-uzman-cavus-agir-yaralandi\/#primaryimage"},"image":{"@id":"https:\/\/denizcankizil.tr\/en\/haberler\/antalya\/kavgada-uzman-cavus-agir-yaralandi\/#primaryimage"},"thumbnailUrl":"https:\/\/denizcankizil.tr\/wp-content\/uploads\/2025\/05\/6128-01-hNySaI.jpg","datePublished":"2025-05-02T14:41:24+00:00","breadcrumb":{"@id":"https:\/\/denizcankizil.tr\/en\/haberler\/antalya\/kavgada-uzman-cavus-agir-yaralandi\/#breadcrumb"},"inLanguage":"en-GB","potentialAction":[{"@type":"ReadAction","target":["https:\/\/denizcankizil.tr\/en\/haberler\/antalya\/kavgada-uzman-cavus-agir-yaralandi\/"]}]},{"@type":"ImageObject","inLanguage":"en-GB","@id":"https:\/\/denizcankizil.tr\/en\/haberler\/antalya\/kavgada-uzman-cavus-agir-yaralandi\/#primaryimage","url":"https:\/\/denizcankizil.tr\/wp-content\/uploads\/2025\/05\/6128-01-hNySaI.jpg","contentUrl":"https:\/\/denizcankizil.tr\/wp-content\/uploads\/2025\/05\/6128-01-hNySaI.jpg","width":1280,"height":720},{"@type":"BreadcrumbList","@id":"https:\/\/denizcankizil.tr\/en\/haberler\/antalya\/kavgada-uzman-cavus-agir-yaralandi\/#breadcrumb","itemListElement":[{"@type":"ListItem","position":1,"name":"Home","item":"https:\/\/denizcankizil.tr\/de\/"},{"@type":"ListItem","position":2,"name":"Kavgada uzman \u00e7avu\u015f a\u011f\u0131r yaraland\u0131"}]},{"@type":"WebSite","@id":"https:\/\/denizcankizil.tr\/#website","url":"https:\/\/denizcankizil.tr\/","name":"Av. Deniz Can K\u0131z\u0131l","description":"Avukat Deniz Can K\u0131z\u0131l Antalya Barosu","publisher":{"@id":"https:\/\/denizcankizil.tr\/#organization"},"potentialAction":[{"@type":"SearchAction","target":{"@type":"EntryPoint","urlTemplate":"https:\/\/denizcankizil.tr\/?s={search_term_string}"},"query-input":{"@type":"PropertyValueSpecification","valueRequired":true,"valueName":"search_term_string"}}],"inLanguage":"en-GB"},{"@type":"Organization","@id":"https:\/\/denizcankizil.tr\/#organization","name":"Av. Deniz Can K\u0131z\u0131l","url":"https:\/\/denizcankizil.tr\/","logo":{"@type":"ImageObject","inLanguage":"en-GB","@id":"https:\/\/denizcankizil.tr\/#\/schema\/logo\/image\/","url":"https:\/\/denizcankizil.tr\/wp-content\/uploads\/2024\/10\/siyah-logo-svg.svg","contentUrl":"https:\/\/denizcankizil.tr\/wp-content\/uploads\/2024\/10\/siyah-logo-svg.svg","width":1080,"height":1080,"caption":"Av. Deniz Can K\u0131z\u0131l"},"image":{"@id":"https:\/\/denizcankizil.tr\/#\/schema\/logo\/image\/"}},{"@type":"Person","@id":"https:\/\/denizcankizil.tr\/#\/schema\/person\/5dc1b22991bd7ac833867c10afc9b0ff","name":"Av. Deniz Can K\u0131z\u0131l","image":{"@type":"ImageObject","inLanguage":"en-GB","@id":"https:\/\/denizcankizil.tr\/#\/schema\/person\/image\/","url":"https:\/\/secure.gravatar.com\/avatar\/a0b128fb9855c79efc976d5640eedb31dc35ec297594d6016d2cf7c60e975bb6?s=96&d=mm&r=g","contentUrl":"https:\/\/secure.gravatar.com\/avatar\/a0b128fb9855c79efc976d5640eedb31dc35ec297594d6016d2cf7c60e975bb6?s=96&d=mm&r=g","caption":"Av. Deniz Can K\u0131z\u0131l"},"sameAs":["http:\/\/www.denizcankizil.tr"],"url":"https:\/\/denizcankizil.tr\/en\/author\/denizcankizil\/"}]}},"_links":{"self":[{"href":"https:\/\/denizcankizil.tr\/en\/wp-json\/wp\/v2\/posts\/73801","targetHints":{"allow":["GET"]}}],"collection":[{"href":"https:\/\/denizcankizil.tr\/en\/wp-json\/wp\/v2\/posts"}],"about":[{"href":"https:\/\/denizcankizil.tr\/en\/wp-json\/wp\/v2\/types\/post"}],"author":[{"embeddable":true,"href":"https:\/\/denizcankizil.tr\/en\/wp-json\/wp\/v2\/users\/4"}],"replies":[{"embeddable":true,"href":"https:\/\/denizcankizil.tr\/en\/wp-json\/wp\/v2\/comments?post=73801"}],"version-history":[{"count":0,"href":"https:\/\/denizcankizil.tr\/en\/wp-json\/wp\/v2\/posts\/73801\/revisions"}],"wp:featuredmedia":[{"embeddable":true,"href":"https:\/\/denizcankizil.tr\/en\/wp-json\/wp\/v2\/media\/73802"}],"wp:attachment":[{"href":"https:\/\/denizcankizil.tr\/en\/wp-json\/wp\/v2\/media?parent=73801"}],"wp:term":[{"taxonomy":"category","embeddable":true,"href":"https:\/\/denizcankizil.tr\/en\/wp-json\/wp\/v2\/categories?post=73801"},{"taxonomy":"post_tag","embeddable":true,"href":"https:\/\/denizcankizil.tr\/en\/wp-json\/wp\/v2\/tags?post=73801"}],"curies":[{"name":"wp","href":"https:\/\/api.w.org\/{rel}","templated":true}]}}