{"id":73503,"date":"2025-05-02T10:48:00","date_gmt":"2025-05-02T07:48:00","guid":{"rendered":"https:\/\/denizcankizil.tr\/uncategorized-tr\/aymnin-2021-234-basvuru-numarali-karari\/"},"modified":"2025-05-02T10:48:00","modified_gmt":"2025-05-02T07:48:00","slug":"aymnin-2021-234-basvuru-numarali-karari","status":"publish","type":"post","link":"https:\/\/denizcankizil.tr\/en\/hukukihaber\/aymnin-2021-234-basvuru-numarali-karari\/","title":{"rendered":"AYM&#8217;nin 2021\/234 ba\u015fvuru numaral\u0131 karar\u0131"},"content":{"rendered":"<p>T\u00dcRK\u0130YE CUMHUR\u0130YET\u0130<\/p>\n<p>   ANAYASA MAHKEMES\u0130<\/p>\n<p>   \u00a0<\/p>\n<p>   \u00a0<\/p>\n<p>   \u0130K\u0130NC\u0130 B\u00d6L\u00dcM<\/p>\n<p>   \u00a0<\/p>\n<p>   KARAR<\/p>\n<p>   \u00a0<\/p>\n<p>   S. \u00c7. BA\u015eVURUSU<\/p>\n<p>   (Ba\u015fvuru Numaras\u0131: 2021\/234)<\/p>\n<p>   \u00a0<\/p>\n<p>   Karar Tarihi: 27\/2\/2025<\/p>\n<p>   \u0130K\u0130NC\u0130 B\u00d6L\u00dcM<\/p>\n<p>   \u00a0<\/p>\n<p>   KARAR<\/p>\n<p>   \u00a0<\/p>\n<p>\u00a0<\/p>\n<p>   Ba\u015fkan<\/p>\n<p>   :<\/p>\n<p>   Basri BA\u011eCI<\/p>\n<p>   \u00dcyeler<\/p>\n<p>   :<\/p>\n<p>   Engin YILDIRIM<\/p>\n<p>   \u00a0<\/p>\n<p>   \u00a0<\/p>\n<p>   R\u0131dvan G\u00dcLE\u00c7<\/p>\n<p>   \u00a0<\/p>\n<p>   \u00a0<\/p>\n<p>   Kenan YA\u015eAR<\/p>\n<p>   \u00a0<\/p>\n<p>   \u00a0<\/p>\n<p>   Metin KIRATLI<\/p>\n<p>   Raport\u00f6r<\/p>\n<p>   :<\/p>\n<p>   Mehmet ALTUND\u0130\u015e<\/p>\n<p>   Ba\u015fvurucu<\/p>\n<p>   :<\/p>\n<p>   Vekilleri<\/p>\n<p>   :<\/p>\n<p>   1. Av. Elifnur BADAKCI<\/p>\n<p>   \u00a0<\/p>\n<p>   \u00a0<\/p>\n<p>   2. Av. G\u00f6k\u00e7e \u0130rem \u00d6ZYETG\u0130N<\/p>\n<p>\u00a0<\/p>\n<p>I. BA\u015eVURUNUN \u00d6ZET\u0130<\/p>\n<p>1. Ba\u015fvuru, eczane ile yap\u0131lan s\u00f6zle\u015fmenin feshedilmesi nedeniyle \u00f6zel hayata sayg\u0131 hakk\u0131n\u0131n ihlal edildi\u011fi iddias\u0131na ili\u015fkindir.<\/p>\n<p>2. Ba\u015fvurucu, Samsun&#8217;da faaliyet g\u00f6steren eczanenin sahibi ve mesul m\u00fcd\u00fcr\u00fc olarak Sosyal G\u00fcvenlik Kurumu (SGK) Kapsam\u0131ndaki Ki\u015filerin T\u00fcrk Eczac\u0131lar Birli\u011fi (TEB) \u00dcyesi Eczanelerden \u0130la\u00e7 Teminine \u0130li\u015fkin Protokol (Protokol) kapsam\u0131nda TEB ile imzalad\u0131\u011f\u0131 tip s\u00f6zle\u015fme uyar\u0131nca SGK kapsam\u0131ndaki hastalara ila\u00e7 sat\u0131\u015f\u0131 yapmaktad\u0131r.<\/p>\n<p>3. SGK taraf\u0131ndan 25\/11\/2016 tarihinde MEDULA (Sa\u011fl\u0131k Bakanl\u0131\u011f\u0131 taraf\u0131ndan daha kolay ila\u00e7 al\u0131nmas\u0131 amac\u0131yla olu\u015fturulan bir program) sisteminin kapat\u0131larak protokol\u00fcn &#8220;Taraflar bir ay \u00f6nceden yaz\u0131l\u0131 bildirimde bulunmak \u015fart\u0131yla s\u00f6zle\u015fmeyi her zaman feshedebilir.&#8221; \u015feklindeki 5.1. maddesi uyar\u0131nca s\u00f6zle\u015fmenin yaz\u0131n\u0131n tebli\u011f tarihinden itibaren bir ay sonra feshedilece\u011fi bildirilmi\u015ftir.<\/p>\n<p>4. Ba\u015fvurucu, s\u00f6zle\u015fmenin fesih i\u015fleminin iptali i\u00e7in 14\/7\/2017 tarihinde Ankara 6. Asliye Hukuk Mahkemesinde (Mahkeme) dava a\u00e7m\u0131\u015ft\u0131r. Dava dilek\u00e7esinde tip s\u00f6zle\u015fmenin hangi h\u00e2llerde feshedilece\u011finin protokol\u00fcn 5.1. maddesinde d\u00fczenlendi\u011fi ancak SGK taraf\u0131ndan g\u00f6nderilen yaz\u0131da bu maddede say\u0131lan sebeplerden hi\u00e7birine yer verilmemesi nedeniyle savunma hakk\u0131n\u0131n engellendi\u011fini ileri s\u00fcrm\u00fc\u015ft\u00fcr. Ayr\u0131ca hakk\u0131nda s\u00f6zle\u015fmeyi etkileyebilecek soru\u015fturma ve kovu\u015fturma yap\u0131lmad\u0131\u011f\u0131 gibi disiplin cezas\u0131 da verilmedi\u011fini vurgulam\u0131\u015f; MEDULA sisteminin kapat\u0131lmas\u0131 olumsuz sonu\u00e7lar do\u011furaca\u011f\u0131ndan an\u0131lan sistemin tedbiren a\u00e7\u0131lmas\u0131 ve fesih i\u015fleminin iptalini talep etmi\u015ftir.<\/p>\n<p>5. Mahkeme 21\/6\/2018 tarihinde davan\u0131n reddine karar vermi\u015ftir. Karar istinaf ve temyiz a\u015famalar\u0131ndan ge\u00e7erek kesinle\u015fmi\u015ftir.<\/p>\n<p>6. Ba\u015fvurucu, nihai karar\u0131 26\/11\/2020 tarihinde \u00f6\u011frenmi\u015f; 25\/12\/2020 tarihinde bireysel ba\u015fvuruda bulunmu\u015ftur.<\/p>\n<p>7. Ba\u015fvurunun kabul edilebilirlik ve esas incelemesinin B\u00f6l\u00fcm taraf\u0131ndan yap\u0131lmas\u0131na karar verilmi\u015ftir.<\/p>\n<p>II. DE\u011eERLEND\u0130RME<\/p>\n<p>8. Ba\u015fvurucu; somut hi\u00e7bir neden bulunmaks\u0131z\u0131n ger\u00e7ekle\u015ftirilen fesih i\u015fleminin hukuka ayk\u0131r\u0131 oldu\u011funu, yarg\u0131lama a\u015famas\u0131nda yarg\u0131 mercilerince soyut ve genel ge\u00e7er ifadeler ile ret karar\u0131 verildi\u011fini belirtmi\u015ftir. MEDULA sisteminin kapat\u0131lmas\u0131 nedeniyle ila\u00e7 sat\u0131\u015f\u0131 yapamad\u0131\u011f\u0131n\u0131 ifade eden ba\u015fvurucu, gelirinin tamam\u0131na yak\u0131n\u0131n\u0131 kaybetti\u011fi gibi \u015fahsi ve mesleki itibar\u0131n\u0131n da zedelendi\u011fini vurgulayarak gerek\u00e7eli karar hakk\u0131n\u0131n, maddi ve manevi varl\u0131\u011f\u0131n korunmas\u0131 ve geli\u015ftirilmesi hakk\u0131n\u0131n, \u00e7al\u0131\u015fma hakk\u0131n\u0131n, ya\u015fama hakk\u0131n\u0131n, m\u00fclkiyet hakk\u0131n\u0131n ve \u00f6zel hayata sayg\u0131 hakk\u0131n\u0131n ihlal edildi\u011fini ileri s\u00fcrm\u00fc\u015ft\u00fcr. Adalet Bakanl\u0131\u011f\u0131 (Bakanl\u0131k) g\u00f6r\u00fc\u015f\u00fcnde, ba\u015fvurucunun ileri s\u00fcrd\u00fc\u011f\u00fc iddialar\u0131n kanun yolu \u015fik\u00e2yeti niteli\u011finde olup olmad\u0131\u011f\u0131n\u0131n yap\u0131lacak kabul edilebilirlik incelemesinde dikkate al\u0131nmas\u0131 gerekti\u011fi bildirilmi\u015ftir. Ba\u015fvurucu Bakanl\u0131\u011f\u0131n g\u00f6r\u00fc\u015f\u00fcne kar\u015f\u0131 \u00f6nceki beyanlar\u0131n\u0131 yinelemi\u015ftir.<\/p>\n<p>9. Ba\u015fvuru, \u00f6zel hayata sayg\u0131 hakk\u0131 kapsam\u0131nda incelenmi\u015ftir.<\/p>\n<p>10. Mesleki hayata y\u00f6nelik tedbirlerin ya da m\u00fcdahalelerin hangi durumlarda \u00f6zel hayat ba\u011flam\u0131nda uygulanabilir oldu\u011fu hususunda belirlenen \u00f6l\u00e7\u00fctler C.A. (3) ([GK], B. No: 2018\/10286, 2\/7\/2020, \u00a7\u00a7 90-96) karar\u0131nda a\u00e7\u0131klanm\u0131\u015ft\u0131r. Bununla birlikte Anayasa Mahkemesi Mustafa Aky\u0131ld\u0131z ([2. B.], B. No: 2020\/23302, 2\/10\/2024, \u00a7\u00a7 29-30) karar\u0131nda SGK ile yap\u0131lan protokol kapsam\u0131nda tip s\u00f6zle\u015fmesinin feshedilmesi \u015feklindeki uygulaman\u0131n ba\u015fvurucunun mesle\u011fi \u00e7er\u00e7evesinde ili\u015fki kurabilme ve geli\u015ftirebilme imk\u00e2n\u0131n\u0131n \u00f6nemli \u00f6l\u00e7\u00fcde zay\u0131flamas\u0131na, mesle\u011fini devam ettirebilmesi, sosyal ve mesleki itibar\u0131n\u0131 koruyabilmesi a\u00e7\u0131s\u0131ndan ciddi sonu\u00e7lar do\u011furmas\u0131na yol a\u00e7aca\u011f\u0131 kabul edilerek sonuca dayal\u0131 olarak \u00f6zel hayata sayg\u0131 hakk\u0131 kapsam\u0131nda incelenebilir bulmu\u015ftur. Somut ba\u015fvuruda da an\u0131lan tespitten ayr\u0131lmay\u0131 gerektiren bir durum olmad\u0131\u011f\u0131 anla\u015f\u0131lm\u0131\u015ft\u0131r.<\/p>\n<p>11. A\u00e7\u0131k\u00e7a dayanaktan yoksun olmad\u0131\u011f\u0131 ve kabul edilemezli\u011fine karar verilmesini gerektirecek ba\u015fka bir neden bulunmad\u0131\u011f\u0131 anla\u015f\u0131ld\u0131\u011f\u0131ndan \u00f6zel hayata sayg\u0131 hakk\u0131n\u0131n ihlal edildi\u011fine ili\u015fkin iddian\u0131n kabul edilebilir oldu\u011funa karar verilmesi gerekir. <\/p>\n<p>12. S\u00f6zle\u015fmenin feshedilmesinin \u00f6zel hayata sayg\u0131 hakk\u0131na m\u00fcdahale olu\u015fturdu\u011fu, an\u0131lan m\u00fcdahalenin kanuni dayana\u011f\u0131 ile me\u015fru amac\u0131n\u0131n mevcut oldu\u011fu kabul edilmi\u015ftir (Mustafa Aky\u0131ld\u0131z, \u00a7\u00a7 36-38).<\/p>\n<p>13. Anayasa Mahkemesi ba\u015fvuru konusunu inceledi\u011fi an\u0131lan kararda, eczac\u0131l\u0131k faaliyetinin \u00f6z\u00fcnde bir serbest meslek olmas\u0131na ra\u011fmen sa\u011fl\u0131k hizmetlerinin yerine getirilmesine arac\u0131l\u0131k etmesi itibar\u0131yla bu faaliyetin kamusal y\u00f6n\u00fc de oldu\u011fu, mesle\u011fin belirtilen \u00f6zelli\u011fi nedeniyle di\u011fer mesleklerden farkl\u0131 kurallar ve denetleme y\u00f6ntemlerine tabi olmas\u0131n\u0131n ola\u011fanoldu\u011funu kabul etmi\u015ftir. Bununla beraber her durumda mesle\u011fin ifas\u0131na ili\u015fkin kurallar\u0131n, uygulamalar\u0131n ve tedbirlerin esaslar\u0131n\u0131n a\u00e7\u0131k\u00e7a mevzuatta d\u00fczenlenmesi gerekti\u011fi, mesle\u011fin ifas\u0131n\u0131n imk\u00e2ns\u0131z h\u00e2le getirilmesi ya da meslek sahibine \u00f6l\u00e7\u00fcs\u00fcz k\u00fclfet y\u00fcklenmesi h\u00e2linde mesle\u011fe yap\u0131lan m\u00fcdahalenin somut olaya g\u00f6re temel hak ve \u00f6zg\u00fcrl\u00fckleri ihlal edebilece\u011fi vurgulanm\u0131\u015ft\u0131r (Mustafa Aky\u0131ld\u0131z, \u00a7 48).<\/p>\n<p>14. Ayr\u0131ca Anayasa Mahkemesi tip s\u00f6zle\u015fmesi ve MEDULA sisteminin niteli\u011fini irdeleyerek \u00f6z\u00fcnde serbest meslek olan eczac\u0131l\u0131\u011f\u0131n esasen bu s\u00f6zle\u015fmeler \u00e7er\u00e7evesinde etkili bir \u015fekilde ifa edilebilir bir meslek oldu\u011fu, MEDULA sistemine eri\u015fimin eczanelerin ticari faaliyetlerinin devam\u0131 i\u00e7in elzem oldu\u011fu sonucuna ula\u015fm\u0131\u015ft\u0131r. Sonu\u00e7 olarak gerek fesih i\u015flemini ger\u00e7ekle\u015ftiren SGK taraf\u0131ndan verilen kararda gerekse yarg\u0131 mercilerince verilen kararlarda, fesih y\u00f6n\u00fcnde kullan\u0131lan takdir yetkisinin kanuni dayanaklar\u0131n\u0131n g\u00f6sterilmesi, m\u00fcdahalenin nedenlerine ve ba\u015fvurucunun mesle\u011fi \u00fczerindeki etkilerine ili\u015fkin bireyselle\u015ftirilmi\u015f g\u00fc\u00e7l\u00fc ve yeterli gerek\u00e7e sunulmas\u0131n\u0131n gereklilik arz etti\u011fi vurguland\u0131ktan sonra somut olayda bu gereklili\u011fin yerine getirilmedi\u011fi tespit edilerek \u00f6zel hayata sayg\u0131 hakk\u0131n\u0131nihlal edildi\u011fine karar verilmi\u015ftir (Mustafa Aky\u0131ld\u0131z, \u00a7\u00a7 49-51).<\/p>\n<p>15. Somut olayda SGK taraf\u0131ndan ba\u015fvurucuya g\u00f6nderilen 25\/11\/2016 tarihli yaz\u0131 ile protokol\u00fcn 5.1. maddesi uyar\u0131nca yaz\u0131n\u0131n tebli\u011f tarihinden itibaren bir ay sonra s\u00f6zle\u015fmenin feshedilece\u011fi bildirilmi\u015ftir. Mahkemelerce an\u0131lan hukuki ili\u015fkinin Protokol&#8217;\u00fcn 5.1. maddesi gere\u011fince yaln\u0131zca bir ay \u00f6nceden bildirimde bulunularak ve herhangi bir sebep g\u00f6sterilmeden feshedilebilece\u011fi sonucuna ula\u015f\u0131lm\u0131\u015ft\u0131r. Protokol&#8217;\u00fcn 5. maddesinin bir b\u00fct\u00fcn olarak ele al\u0131nmas\u0131 durumunda g\u00f6r\u00fclece\u011fi \u00fczere ba\u015fvurucudan -takdire ba\u011fl\u0131 olmaks\u0131z\u0131n- savunma istenece\u011fine ili\u015fkin d\u00fczenlemeler bulundu\u011fu gibi maddenin devam\u0131nda hangi h\u00e2llerde fesih i\u015fleminin ger\u00e7ekle\u015ftirilece\u011fi ve ceza verilece\u011fine dair ayr\u0131nt\u0131l\u0131 h\u00fck\u00fcmler bulunmaktad\u0131r. Oysa yarg\u0131 mercileri taraf\u0131ndan fesih i\u015fleminin usul\u00fc ve nedenleri de\u011ferlendirilmemi\u015f idarenin takdir yetkisini kullan\u0131rken bu yetkinin keyf\u00ee \u015fekilde kullan\u0131lmas\u0131n\u0131 \u00f6nleyecek bir yarg\u0131sal denetim yap\u0131lmam\u0131\u015ft\u0131r.<\/p>\n<p>16. Sonu\u00e7 olarak gerek mahkemelerce gerekse fesih i\u015flemini ger\u00e7ekle\u015ftiren SGK taraf\u0131ndan takdir yetkisini denetlemeye elveri\u015fli olacak \u015fekilde m\u00fcdahalenin nedenlerine ve ba\u015fvurucunun mesle\u011fi \u00fczerindeki etkilerine ili\u015fkin bireyselle\u015ftirilmi\u015f, g\u00fc\u00e7l\u00fc ve yeterli gerek\u00e7e sunma konusundaki gerekliliklerin yerine getirilmedi\u011fi g\u00f6r\u00fclm\u00fc\u015ft\u00fcr. Dolay\u0131s\u0131yla an\u0131lan kararda var\u0131lan sonu\u00e7tan ayr\u0131lmay\u0131 gerektiren bir durum olmad\u0131\u011f\u0131 anla\u015f\u0131lmaktad\u0131r.<\/p>\n<p>17. A\u00e7\u0131klanan gerek\u00e7elerle Anayasa&#8217;n\u0131n 20. maddesinde g\u00fcvence alt\u0131na al\u0131nan \u00f6zel hayata sayg\u0131 hakk\u0131n\u0131n ihlal edildi\u011fine karar verilmesi gerekir.<\/p>\n<p>III. G\u0130DER\u0130M <\/p>\n<p>18. Ba\u015fvurucu, ihlalin tespiti, yarg\u0131laman\u0131n yenilenmesi ve tazminata h\u00fckmedilmesi talebinde bulunmu\u015ftur.<\/p>\n<p>19. Ba\u015fvuruda tespit edilen hak ihlalinin sonu\u00e7lar\u0131n\u0131n ortadan kald\u0131r\u0131lmas\u0131 i\u00e7in yeniden yarg\u0131lama yap\u0131lmas\u0131nda hukuki yarar bulunmaktad\u0131r. Bu kapsamda karar\u0131n g\u00f6nderildi\u011fi yarg\u0131 mercilerince yap\u0131lmas\u0131 gereken i\u015f, yeniden yarg\u0131lama i\u015flemlerini ba\u015flatmak ve Anayasa Mahkemesini ihlal sonucuna ula\u015ft\u0131ran nedenleri gideren, ihlal karar\u0131nda belirtilen ilkelere uygun yeni bir karar vermektir (30\/3\/2011 tarihli ve 6216 say\u0131l\u0131 Anayasa Mahkemesinin Kurulu\u015fu ve Yarg\u0131lama Usulleri Hakk\u0131nda Kanun&#8217;un 50. maddesinin (2) numaral\u0131 f\u0131kras\u0131nda d\u00fczenlenen bireysel ba\u015fvuruya \u00f6zg\u00fc yeniden yarg\u0131lama kurumunun \u00f6zelliklerine ili\u015fkin kapsaml\u0131 a\u00e7\u0131klamalar i\u00e7in bkz. Mehmet Do\u011fan [GK], B. No: 2014\/8875, 7\/6\/2018, \u00a7\u00a7 54-60; Alig\u00fcl Alkaya ve di\u011ferleri (2), B. No: 2016\/12506, 7\/11\/2019, \u00a7\u00a7 53-60, 66; Kadri Enis Berbero\u011flu (3) [GK], B. No: 2020\/32949, 21\/1\/2021, \u00a7\u00a7 93-100).<\/p>\n<p>20. \u00d6te yandan hak ihlali karar\u0131ndan Anayasa Mahkemesinin davan\u0131n sonucuyla ilgili olarak bir tutum sergiledi\u011fi sonucu \u00e7\u0131kar\u0131lmamal\u0131d\u0131r. Anayasa Mahkemesince verilen hak ihlali karar\u0131 uyu\u015fmazl\u0131\u011f\u0131n sonu\u00e7lar\u0131ndan ba\u011f\u0131ms\u0131z olup davan\u0131n kabul\u00fcne, reddine ya da ba\u015fka bir karar verilmesi gerekti\u011fi anlam\u0131na gelmemektedir. Kural olarak yarg\u0131laman\u0131n her a\u015famas\u0131nda oldu\u011fu gibi ihlalin sonu\u00e7lar\u0131n\u0131 gidermek \u00fczere yeniden yap\u0131lacak yarg\u0131lama sonunda da delillerin dava ile ili\u015fkisini kurma ve bunlar\u0131 de\u011ferlendirip sonu\u00e7 \u00e7\u0131karma yetkisi ilgili mahkemelere aittir.<\/p>\n<p>21. \u0130hlalin ve sonu\u00e7lar\u0131n\u0131n ortadan kald\u0131r\u0131lmas\u0131 i\u00e7in ihlalin tespitinin ve yeniden yarg\u0131lama yap\u0131lmas\u0131n\u0131n yeterli giderim sa\u011flayaca\u011f\u0131 anla\u015f\u0131ld\u0131\u011f\u0131ndan tazminat talebinin reddine karar verilmesi gerekir.<\/p>\n<p>IV. H\u00dcK\u00dcM<\/p>\n<p>A\u00e7\u0131klanan gerek\u00e7elerle;<\/p>\n<p>A. \u00d6zel hayata sayg\u0131 hakk\u0131n\u0131n ihlal edildi\u011fine ili\u015fkin iddian\u0131n KABUL ED\u0130LEB\u0130L\u0130R OLDU\u011eUNA,<\/p>\n<p>B. Anayasa\u2019n\u0131n 20. maddesinde g\u00fcvence alt\u0131na al\u0131nan \u00f6zel hayata sayg\u0131 hakk\u0131n\u0131n \u0130HLAL ED\u0130LD\u0130\u011e\u0130NE,<\/p>\n<p>C. Karar\u0131n bir \u00f6rne\u011finin \u00f6zel hayata sayg\u0131 hakk\u0131n\u0131n ihlalinin sonu\u00e7lar\u0131n\u0131n ortadan kald\u0131r\u0131lmas\u0131 i\u00e7in yeniden yarg\u0131lama yap\u0131lmas\u0131 amac\u0131yla Ankara 6. Asliye Hukuk Mahkemesine (E.2017\/329, K.2018\/387) G\u00d6NDER\u0130LMES\u0130NE,<\/p>\n<p>D. Ba\u015fvurucunun tazminat taleplerinin REDD\u0130NE,<\/p>\n<p>E. 446,90 TL har\u00e7 ve 30.000 TL vek\u00e2let \u00fccretinden olu\u015fan toplam 30.446,90 TL yarg\u0131lama giderinin ba\u015fvurucuya \u00d6DENMES\u0130NE,<\/p>\n<p>F. \u00d6demelerin karar\u0131n tebli\u011fini takiben ba\u015fvurucunun Hazine ve Maliye Bakanl\u0131\u011f\u0131na ba\u015fvuru tarihinden itibaren d\u00f6rt ay i\u00e7inde yap\u0131lmas\u0131na, \u00f6demede gecikme olmas\u0131 h\u00e2linde bu s\u00fcrenin sona erdi\u011fi tarihten \u00f6deme tarihine kadar ge\u00e7en s\u00fcre i\u00e7in YASAL FA\u0130Z UYGULANMASINA,<\/p>\n<p>G. Karar\u0131n bir \u00f6rne\u011finin Adalet Bakanl\u0131\u011f\u0131na G\u00d6NDER\u0130LMES\u0130NE 27\/2\/2025 tarihinde OYB\u0130RL\u0130\u011e\u0130YLE karar verildi.<\/p>\n<p>\u200bAnayasa Mahkemesi&#8217;nin 27\/2\/2025 tarihli ve 2021\/234 ba\u015fvuru numaral\u0131 karar\u0131\u00a0Hukuki Haber<\/p>\n<p>Haberin Al\u0131nt\u0131land\u0131\u011f\u0131 Kaynak: www.hukukihaber.net<\/p>","protected":false},"excerpt":{"rendered":"<p>T\u00dcRK\u0130YE CUMHUR\u0130YET\u0130 ANAYASA MAHKEMES\u0130 \u00a0 \u00a0 \u0130K\u0130NC\u0130 B\u00d6L\u00dcM \u00a0 KARAR \u00a0 S. \u00c7. BA\u015eVURUSU (Ba\u015fvuru Numaras\u0131: 2021\/234) \u00a0 Karar Tarihi: 27\/2\/2025 \u0130K\u0130NC\u0130 B\u00d6L\u00dcM \u00a0 KARAR \u00a0 \u00a0 Ba\u015fkan : Basri BA\u011eCI \u00dcyeler : Engin YILDIRIM \u00a0 \u00a0 R\u0131dvan G\u00dcLE\u00c7 \u00a0 \u00a0 Kenan YA\u015eAR \u00a0 \u00a0 Metin KIRATLI Raport\u00f6r : Mehmet ALTUND\u0130\u015e Ba\u015fvurucu : Vekilleri : 1. Av. Elifnur BADAKCI \u00a0 \u00a0 2. Av. G\u00f6k\u00e7e \u0130rem \u00d6ZYETG\u0130N \u00a0 I. BA\u015eVURUNUN \u00d6ZET\u0130 1. Ba\u015fvuru, eczane ile yap\u0131lan s\u00f6zle\u015fmenin feshedilmesi nedeniyle \u00f6zel hayata sayg\u0131 hakk\u0131n\u0131n ihlal edildi\u011fi iddias\u0131na ili\u015fkindir. 2. Ba\u015fvurucu, Samsun&#8217;da faaliyet g\u00f6steren eczanenin sahibi ve mesul m\u00fcd\u00fcr\u00fc olarak Sosyal G\u00fcvenlik Kurumu (SGK) Kapsam\u0131ndaki Ki\u015filerin T\u00fcrk Eczac\u0131lar Birli\u011fi (TEB) \u00dcyesi Eczanelerden \u0130la\u00e7 Teminine \u0130li\u015fkin Protokol (Protokol) kapsam\u0131nda TEB ile imzalad\u0131\u011f\u0131 tip s\u00f6zle\u015fme uyar\u0131nca SGK kapsam\u0131ndaki hastalara ila\u00e7 sat\u0131\u015f\u0131 yapmaktad\u0131r. 3. SGK taraf\u0131ndan 25\/11\/2016 tarihinde MEDULA (Sa\u011fl\u0131k Bakanl\u0131\u011f\u0131 taraf\u0131ndan daha kolay ila\u00e7 al\u0131nmas\u0131 amac\u0131yla olu\u015fturulan bir program) sisteminin kapat\u0131larak protokol\u00fcn &#8220;Taraflar bir ay \u00f6nceden yaz\u0131l\u0131 bildirimde bulunmak \u015fart\u0131yla s\u00f6zle\u015fmeyi her zaman feshedebilir.&#8221; \u015feklindeki 5.1. maddesi uyar\u0131nca s\u00f6zle\u015fmenin yaz\u0131n\u0131n tebli\u011f tarihinden itibaren bir ay sonra feshedilece\u011fi bildirilmi\u015ftir. 4. Ba\u015fvurucu, s\u00f6zle\u015fmenin fesih i\u015fleminin iptali i\u00e7in 14\/7\/2017 tarihinde Ankara 6. Asliye Hukuk Mahkemesinde (Mahkeme) dava a\u00e7m\u0131\u015ft\u0131r. Dava dilek\u00e7esinde tip s\u00f6zle\u015fmenin hangi h\u00e2llerde feshedilece\u011finin protokol\u00fcn 5.1. maddesinde &hellip;<\/p>","protected":false},"author":3,"featured_media":0,"comment_status":"","ping_status":"open","sticky":false,"template":"","format":"standard","meta":{"_acf_changed":false,"footnotes":""},"categories":[27],"tags":[],"class_list":["post-73503","post","type-post","status-publish","format-standard","has-post-thumbnail","hentry","category-hukukihaber"],"acf":[],"yoast_head":"<!-- This site is optimized with the Yoast SEO Premium plugin v26.6 (Yoast SEO v27.1.1) - https:\/\/yoast.com\/product\/yoast-seo-premium-wordpress\/ -->\n<title>AYM&#039;nin 2021\/234 ba\u015fvuru numaral\u0131 karar\u0131 - Av. Deniz Can K\u0131z\u0131l<\/title>\n<meta name=\"robots\" content=\"index, follow, max-snippet:-1, max-image-preview:large, max-video-preview:-1\" \/>\n<link rel=\"canonical\" href=\"https:\/\/denizcankizil.tr\/en\/hukukihaber\/aymnin-2021-234-basvuru-numarali-karari\/\" \/>\n<meta property=\"og:locale\" content=\"en_GB\" \/>\n<meta property=\"og:type\" content=\"article\" \/>\n<meta property=\"og:title\" content=\"AYM&#039;nin 2021\/234 ba\u015fvuru numaral\u0131 karar\u0131\" \/>\n<meta property=\"og:description\" content=\"T\u00dcRK\u0130YE CUMHUR\u0130YET\u0130 ANAYASA MAHKEMES\u0130 \u00a0 \u00a0 \u0130K\u0130NC\u0130 B\u00d6L\u00dcM \u00a0 KARAR \u00a0 S. \u00c7. BA\u015eVURUSU (Ba\u015fvuru Numaras\u0131: 2021\/234) \u00a0 Karar Tarihi: 27\/2\/2025 \u0130K\u0130NC\u0130 B\u00d6L\u00dcM \u00a0 KARAR \u00a0 \u00a0 Ba\u015fkan : Basri BA\u011eCI \u00dcyeler : Engin YILDIRIM \u00a0 \u00a0 R\u0131dvan G\u00dcLE\u00c7 \u00a0 \u00a0 Kenan YA\u015eAR \u00a0 \u00a0 Metin KIRATLI Raport\u00f6r : Mehmet ALTUND\u0130\u015e Ba\u015fvurucu : Vekilleri : 1. Av. Elifnur BADAKCI \u00a0 \u00a0 2. Av. G\u00f6k\u00e7e \u0130rem \u00d6ZYETG\u0130N \u00a0 I. BA\u015eVURUNUN \u00d6ZET\u0130 1. Ba\u015fvuru, eczane ile yap\u0131lan s\u00f6zle\u015fmenin feshedilmesi nedeniyle \u00f6zel hayata sayg\u0131 hakk\u0131n\u0131n ihlal edildi\u011fi iddias\u0131na ili\u015fkindir. 2. Ba\u015fvurucu, Samsun&#8217;da faaliyet g\u00f6steren eczanenin sahibi ve mesul m\u00fcd\u00fcr\u00fc olarak Sosyal G\u00fcvenlik Kurumu (SGK) Kapsam\u0131ndaki Ki\u015filerin T\u00fcrk Eczac\u0131lar Birli\u011fi (TEB) \u00dcyesi Eczanelerden \u0130la\u00e7 Teminine \u0130li\u015fkin Protokol (Protokol) kapsam\u0131nda TEB ile imzalad\u0131\u011f\u0131 tip s\u00f6zle\u015fme uyar\u0131nca SGK kapsam\u0131ndaki hastalara ila\u00e7 sat\u0131\u015f\u0131 yapmaktad\u0131r. 3. SGK taraf\u0131ndan 25\/11\/2016 tarihinde MEDULA (Sa\u011fl\u0131k Bakanl\u0131\u011f\u0131 taraf\u0131ndan daha kolay ila\u00e7 al\u0131nmas\u0131 amac\u0131yla olu\u015fturulan bir program) sisteminin kapat\u0131larak protokol\u00fcn &#8220;Taraflar bir ay \u00f6nceden yaz\u0131l\u0131 bildirimde bulunmak \u015fart\u0131yla s\u00f6zle\u015fmeyi her zaman feshedebilir.&#8221; \u015feklindeki 5.1. maddesi uyar\u0131nca s\u00f6zle\u015fmenin yaz\u0131n\u0131n tebli\u011f tarihinden itibaren bir ay sonra feshedilece\u011fi bildirilmi\u015ftir. 4. Ba\u015fvurucu, s\u00f6zle\u015fmenin fesih i\u015fleminin iptali i\u00e7in 14\/7\/2017 tarihinde Ankara 6. Asliye Hukuk Mahkemesinde (Mahkeme) dava a\u00e7m\u0131\u015ft\u0131r. Dava dilek\u00e7esinde tip s\u00f6zle\u015fmenin hangi h\u00e2llerde feshedilece\u011finin protokol\u00fcn 5.1. maddesinde &hellip;\" \/>\n<meta property=\"og:url\" content=\"https:\/\/denizcankizil.tr\/en\/hukukihaber\/aymnin-2021-234-basvuru-numarali-karari\/\" \/>\n<meta property=\"og:site_name\" content=\"Av. Deniz Can K\u0131z\u0131l\" \/>\n<meta property=\"article:published_time\" content=\"2025-05-02T07:48:00+00:00\" \/>\n<meta name=\"author\" content=\"Hukuki Haber.net\" \/>\n<meta name=\"twitter:card\" content=\"summary_large_image\" \/>\n<meta name=\"twitter:label1\" content=\"Written by\" \/>\n\t<meta name=\"twitter:data1\" content=\"Hukuki Haber.net\" \/>\n\t<meta name=\"twitter:label2\" content=\"Estimated reading time\" \/>\n\t<meta name=\"twitter:data2\" content=\"9 minutes\" \/>\n<script type=\"application\/ld+json\" class=\"yoast-schema-graph\">{\"@context\":\"https:\/\/schema.org\",\"@graph\":[{\"@type\":\"Article\",\"@id\":\"https:\/\/denizcankizil.tr\/uk\/hukukihaber\/aymnin-2021-234-basvuru-numarali-karari\/#article\",\"isPartOf\":{\"@id\":\"https:\/\/denizcankizil.tr\/uk\/hukukihaber\/aymnin-2021-234-basvuru-numarali-karari\/\"},\"author\":{\"name\":\"Hukuki Haber.net\",\"@id\":\"https:\/\/denizcankizil.tr\/#\/schema\/person\/001a271de994a0aa3f90eea084424822\"},\"headline\":\"AYM&#8217;nin 2021\/234 ba\u015fvuru numaral\u0131 karar\u0131\",\"datePublished\":\"2025-05-02T07:48:00+00:00\",\"mainEntityOfPage\":{\"@id\":\"https:\/\/denizcankizil.tr\/uk\/hukukihaber\/aymnin-2021-234-basvuru-numarali-karari\/\"},\"wordCount\":1812,\"publisher\":{\"@id\":\"https:\/\/denizcankizil.tr\/#organization\"},\"articleSection\":[\"Hukuki Haberler\"],\"inLanguage\":\"en-GB\"},{\"@type\":\"WebPage\",\"@id\":\"https:\/\/denizcankizil.tr\/uk\/hukukihaber\/aymnin-2021-234-basvuru-numarali-karari\/\",\"url\":\"https:\/\/denizcankizil.tr\/uk\/hukukihaber\/aymnin-2021-234-basvuru-numarali-karari\/\",\"name\":\"AYM'nin 2021\/234 ba\u015fvuru numaral\u0131 karar\u0131 - Av. Deniz Can K\u0131z\u0131l\",\"isPartOf\":{\"@id\":\"https:\/\/denizcankizil.tr\/#website\"},\"datePublished\":\"2025-05-02T07:48:00+00:00\",\"breadcrumb\":{\"@id\":\"https:\/\/denizcankizil.tr\/uk\/hukukihaber\/aymnin-2021-234-basvuru-numarali-karari\/#breadcrumb\"},\"inLanguage\":\"en-GB\",\"potentialAction\":[{\"@type\":\"ReadAction\",\"target\":[\"https:\/\/denizcankizil.tr\/uk\/hukukihaber\/aymnin-2021-234-basvuru-numarali-karari\/\"]}]},{\"@type\":\"BreadcrumbList\",\"@id\":\"https:\/\/denizcankizil.tr\/uk\/hukukihaber\/aymnin-2021-234-basvuru-numarali-karari\/#breadcrumb\",\"itemListElement\":[{\"@type\":\"ListItem\",\"position\":1,\"name\":\"Home\",\"item\":\"https:\/\/denizcankizil.tr\/uk\/\"},{\"@type\":\"ListItem\",\"position\":2,\"name\":\"AYM&#8217;nin 2021\/234 ba\u015fvuru numaral\u0131 karar\u0131\"}]},{\"@type\":\"WebSite\",\"@id\":\"https:\/\/denizcankizil.tr\/#website\",\"url\":\"https:\/\/denizcankizil.tr\/\",\"name\":\"Av. Deniz Can K\u0131z\u0131l\",\"description\":\"Avukat Deniz Can K\u0131z\u0131l Antalya Barosu\",\"publisher\":{\"@id\":\"https:\/\/denizcankizil.tr\/#organization\"},\"potentialAction\":[{\"@type\":\"SearchAction\",\"target\":{\"@type\":\"EntryPoint\",\"urlTemplate\":\"https:\/\/denizcankizil.tr\/?s={search_term_string}\"},\"query-input\":{\"@type\":\"PropertyValueSpecification\",\"valueRequired\":true,\"valueName\":\"search_term_string\"}}],\"inLanguage\":\"en-GB\"},{\"@type\":\"Organization\",\"@id\":\"https:\/\/denizcankizil.tr\/#organization\",\"name\":\"Av. Deniz Can K\u0131z\u0131l\",\"url\":\"https:\/\/denizcankizil.tr\/\",\"logo\":{\"@type\":\"ImageObject\",\"inLanguage\":\"en-GB\",\"@id\":\"https:\/\/denizcankizil.tr\/#\/schema\/logo\/image\/\",\"url\":\"https:\/\/denizcankizil.tr\/wp-content\/uploads\/2024\/10\/siyah-logo-svg.svg\",\"contentUrl\":\"https:\/\/denizcankizil.tr\/wp-content\/uploads\/2024\/10\/siyah-logo-svg.svg\",\"width\":1080,\"height\":1080,\"caption\":\"Av. Deniz Can K\u0131z\u0131l\"},\"image\":{\"@id\":\"https:\/\/denizcankizil.tr\/#\/schema\/logo\/image\/\"}},{\"@type\":\"Person\",\"@id\":\"https:\/\/denizcankizil.tr\/#\/schema\/person\/001a271de994a0aa3f90eea084424822\",\"name\":\"Hukuki Haber.net\",\"image\":{\"@type\":\"ImageObject\",\"inLanguage\":\"en-GB\",\"@id\":\"https:\/\/denizcankizil.tr\/#\/schema\/person\/image\/\",\"url\":\"https:\/\/secure.gravatar.com\/avatar\/57d8a49151495586611a149d29fc42865b951dc053a84709a3172ccb5abf3118?s=96&d=mm&r=g\",\"contentUrl\":\"https:\/\/secure.gravatar.com\/avatar\/57d8a49151495586611a149d29fc42865b951dc053a84709a3172ccb5abf3118?s=96&d=mm&r=g\",\"caption\":\"Hukuki Haber.net\"},\"sameAs\":[\"http:\/\/www.hukukihaber.net\"],\"url\":\"https:\/\/denizcankizil.tr\/en\/author\/hukukihabernet\/\"}]}<\/script>\n<!-- \/ Yoast SEO Premium plugin. -->","yoast_head_json":{"title":"AYM'nin 2021\/234 ba\u015fvuru numaral\u0131 karar\u0131 - Av. Deniz Can K\u0131z\u0131l","robots":{"index":"index","follow":"follow","max-snippet":"max-snippet:-1","max-image-preview":"max-image-preview:large","max-video-preview":"max-video-preview:-1"},"canonical":"https:\/\/denizcankizil.tr\/en\/hukukihaber\/aymnin-2021-234-basvuru-numarali-karari\/","og_locale":"en_GB","og_type":"article","og_title":"AYM'nin 2021\/234 ba\u015fvuru numaral\u0131 karar\u0131","og_description":"T\u00dcRK\u0130YE CUMHUR\u0130YET\u0130 ANAYASA MAHKEMES\u0130 \u00a0 \u00a0 \u0130K\u0130NC\u0130 B\u00d6L\u00dcM \u00a0 KARAR \u00a0 S. \u00c7. BA\u015eVURUSU (Ba\u015fvuru Numaras\u0131: 2021\/234) \u00a0 Karar Tarihi: 27\/2\/2025 \u0130K\u0130NC\u0130 B\u00d6L\u00dcM \u00a0 KARAR \u00a0 \u00a0 Ba\u015fkan : Basri BA\u011eCI \u00dcyeler : Engin YILDIRIM \u00a0 \u00a0 R\u0131dvan G\u00dcLE\u00c7 \u00a0 \u00a0 Kenan YA\u015eAR \u00a0 \u00a0 Metin KIRATLI Raport\u00f6r : Mehmet ALTUND\u0130\u015e Ba\u015fvurucu : Vekilleri : 1. Av. Elifnur BADAKCI \u00a0 \u00a0 2. Av. G\u00f6k\u00e7e \u0130rem \u00d6ZYETG\u0130N \u00a0 I. BA\u015eVURUNUN \u00d6ZET\u0130 1. Ba\u015fvuru, eczane ile yap\u0131lan s\u00f6zle\u015fmenin feshedilmesi nedeniyle \u00f6zel hayata sayg\u0131 hakk\u0131n\u0131n ihlal edildi\u011fi iddias\u0131na ili\u015fkindir. 2. Ba\u015fvurucu, Samsun&#8217;da faaliyet g\u00f6steren eczanenin sahibi ve mesul m\u00fcd\u00fcr\u00fc olarak Sosyal G\u00fcvenlik Kurumu (SGK) Kapsam\u0131ndaki Ki\u015filerin T\u00fcrk Eczac\u0131lar Birli\u011fi (TEB) \u00dcyesi Eczanelerden \u0130la\u00e7 Teminine \u0130li\u015fkin Protokol (Protokol) kapsam\u0131nda TEB ile imzalad\u0131\u011f\u0131 tip s\u00f6zle\u015fme uyar\u0131nca SGK kapsam\u0131ndaki hastalara ila\u00e7 sat\u0131\u015f\u0131 yapmaktad\u0131r. 3. SGK taraf\u0131ndan 25\/11\/2016 tarihinde MEDULA (Sa\u011fl\u0131k Bakanl\u0131\u011f\u0131 taraf\u0131ndan daha kolay ila\u00e7 al\u0131nmas\u0131 amac\u0131yla olu\u015fturulan bir program) sisteminin kapat\u0131larak protokol\u00fcn &#8220;Taraflar bir ay \u00f6nceden yaz\u0131l\u0131 bildirimde bulunmak \u015fart\u0131yla s\u00f6zle\u015fmeyi her zaman feshedebilir.&#8221; \u015feklindeki 5.1. maddesi uyar\u0131nca s\u00f6zle\u015fmenin yaz\u0131n\u0131n tebli\u011f tarihinden itibaren bir ay sonra feshedilece\u011fi bildirilmi\u015ftir. 4. Ba\u015fvurucu, s\u00f6zle\u015fmenin fesih i\u015fleminin iptali i\u00e7in 14\/7\/2017 tarihinde Ankara 6. Asliye Hukuk Mahkemesinde (Mahkeme) dava a\u00e7m\u0131\u015ft\u0131r. Dava dilek\u00e7esinde tip s\u00f6zle\u015fmenin hangi h\u00e2llerde feshedilece\u011finin protokol\u00fcn 5.1. maddesinde &hellip;","og_url":"https:\/\/denizcankizil.tr\/en\/hukukihaber\/aymnin-2021-234-basvuru-numarali-karari\/","og_site_name":"Av. Deniz Can K\u0131z\u0131l","article_published_time":"2025-05-02T07:48:00+00:00","author":"Hukuki Haber.net","twitter_card":"summary_large_image","twitter_misc":{"Written by":"Hukuki Haber.net","Estimated reading time":"9 minutes"},"schema":{"@context":"https:\/\/schema.org","@graph":[{"@type":"Article","@id":"https:\/\/denizcankizil.tr\/uk\/hukukihaber\/aymnin-2021-234-basvuru-numarali-karari\/#article","isPartOf":{"@id":"https:\/\/denizcankizil.tr\/uk\/hukukihaber\/aymnin-2021-234-basvuru-numarali-karari\/"},"author":{"name":"Hukuki Haber.net","@id":"https:\/\/denizcankizil.tr\/#\/schema\/person\/001a271de994a0aa3f90eea084424822"},"headline":"AYM&#8217;nin 2021\/234 ba\u015fvuru numaral\u0131 karar\u0131","datePublished":"2025-05-02T07:48:00+00:00","mainEntityOfPage":{"@id":"https:\/\/denizcankizil.tr\/uk\/hukukihaber\/aymnin-2021-234-basvuru-numarali-karari\/"},"wordCount":1812,"publisher":{"@id":"https:\/\/denizcankizil.tr\/#organization"},"articleSection":["Hukuki Haberler"],"inLanguage":"en-GB"},{"@type":"WebPage","@id":"https:\/\/denizcankizil.tr\/uk\/hukukihaber\/aymnin-2021-234-basvuru-numarali-karari\/","url":"https:\/\/denizcankizil.tr\/uk\/hukukihaber\/aymnin-2021-234-basvuru-numarali-karari\/","name":"AYM'nin 2021\/234 ba\u015fvuru numaral\u0131 karar\u0131 - Av. Deniz Can K\u0131z\u0131l","isPartOf":{"@id":"https:\/\/denizcankizil.tr\/#website"},"datePublished":"2025-05-02T07:48:00+00:00","breadcrumb":{"@id":"https:\/\/denizcankizil.tr\/uk\/hukukihaber\/aymnin-2021-234-basvuru-numarali-karari\/#breadcrumb"},"inLanguage":"en-GB","potentialAction":[{"@type":"ReadAction","target":["https:\/\/denizcankizil.tr\/uk\/hukukihaber\/aymnin-2021-234-basvuru-numarali-karari\/"]}]},{"@type":"BreadcrumbList","@id":"https:\/\/denizcankizil.tr\/uk\/hukukihaber\/aymnin-2021-234-basvuru-numarali-karari\/#breadcrumb","itemListElement":[{"@type":"ListItem","position":1,"name":"Home","item":"https:\/\/denizcankizil.tr\/uk\/"},{"@type":"ListItem","position":2,"name":"AYM&#8217;nin 2021\/234 ba\u015fvuru numaral\u0131 karar\u0131"}]},{"@type":"WebSite","@id":"https:\/\/denizcankizil.tr\/#website","url":"https:\/\/denizcankizil.tr\/","name":"Av. Deniz Can K\u0131z\u0131l","description":"Avukat Deniz Can K\u0131z\u0131l Antalya Barosu","publisher":{"@id":"https:\/\/denizcankizil.tr\/#organization"},"potentialAction":[{"@type":"SearchAction","target":{"@type":"EntryPoint","urlTemplate":"https:\/\/denizcankizil.tr\/?s={search_term_string}"},"query-input":{"@type":"PropertyValueSpecification","valueRequired":true,"valueName":"search_term_string"}}],"inLanguage":"en-GB"},{"@type":"Organization","@id":"https:\/\/denizcankizil.tr\/#organization","name":"Av. Deniz Can K\u0131z\u0131l","url":"https:\/\/denizcankizil.tr\/","logo":{"@type":"ImageObject","inLanguage":"en-GB","@id":"https:\/\/denizcankizil.tr\/#\/schema\/logo\/image\/","url":"https:\/\/denizcankizil.tr\/wp-content\/uploads\/2024\/10\/siyah-logo-svg.svg","contentUrl":"https:\/\/denizcankizil.tr\/wp-content\/uploads\/2024\/10\/siyah-logo-svg.svg","width":1080,"height":1080,"caption":"Av. Deniz Can K\u0131z\u0131l"},"image":{"@id":"https:\/\/denizcankizil.tr\/#\/schema\/logo\/image\/"}},{"@type":"Person","@id":"https:\/\/denizcankizil.tr\/#\/schema\/person\/001a271de994a0aa3f90eea084424822","name":"Hukuki Haber.net","image":{"@type":"ImageObject","inLanguage":"en-GB","@id":"https:\/\/denizcankizil.tr\/#\/schema\/person\/image\/","url":"https:\/\/secure.gravatar.com\/avatar\/57d8a49151495586611a149d29fc42865b951dc053a84709a3172ccb5abf3118?s=96&d=mm&r=g","contentUrl":"https:\/\/secure.gravatar.com\/avatar\/57d8a49151495586611a149d29fc42865b951dc053a84709a3172ccb5abf3118?s=96&d=mm&r=g","caption":"Hukuki Haber.net"},"sameAs":["http:\/\/www.hukukihaber.net"],"url":"https:\/\/denizcankizil.tr\/en\/author\/hukukihabernet\/"}]}},"_links":{"self":[{"href":"https:\/\/denizcankizil.tr\/en\/wp-json\/wp\/v2\/posts\/73503","targetHints":{"allow":["GET"]}}],"collection":[{"href":"https:\/\/denizcankizil.tr\/en\/wp-json\/wp\/v2\/posts"}],"about":[{"href":"https:\/\/denizcankizil.tr\/en\/wp-json\/wp\/v2\/types\/post"}],"author":[{"embeddable":true,"href":"https:\/\/denizcankizil.tr\/en\/wp-json\/wp\/v2\/users\/3"}],"replies":[{"embeddable":true,"href":"https:\/\/denizcankizil.tr\/en\/wp-json\/wp\/v2\/comments?post=73503"}],"version-history":[{"count":0,"href":"https:\/\/denizcankizil.tr\/en\/wp-json\/wp\/v2\/posts\/73503\/revisions"}],"wp:attachment":[{"href":"https:\/\/denizcankizil.tr\/en\/wp-json\/wp\/v2\/media?parent=73503"}],"wp:term":[{"taxonomy":"category","embeddable":true,"href":"https:\/\/denizcankizil.tr\/en\/wp-json\/wp\/v2\/categories?post=73503"},{"taxonomy":"post_tag","embeddable":true,"href":"https:\/\/denizcankizil.tr\/en\/wp-json\/wp\/v2\/tags?post=73503"}],"curies":[{"name":"wp","href":"https:\/\/api.w.org\/{rel}","templated":true}]}}