{"id":73448,"date":"2025-05-02T10:42:00","date_gmt":"2025-05-02T07:42:00","guid":{"rendered":"https:\/\/denizcankizil.tr\/uncategorized-tr\/gazipasada-zincirleme-kaza\/"},"modified":"2025-05-02T10:42:00","modified_gmt":"2025-05-02T07:42:00","slug":"gazipasada-zincirleme-kaza","status":"publish","type":"post","link":"https:\/\/denizcankizil.tr\/en\/haberler\/antalya\/gazipasada-zincirleme-kaza\/","title":{"rendered":"Gazipa\u015fa&#8217;da zincirleme kaza"},"content":{"rendered":"<p>Kaza, saat 18.30 s\u0131ralar\u0131nda Milli Egemenlik Bulvar\u0131 D-400 Karayolu \u00fczerinde meydana geldi. Edinilen bilgiye g\u00f6re, Alanya istikametinden Gazipa\u015fa istikametine seyir halinde olan \u0130.A. idaresindeki 07 C 50040 plakal\u0131 servis midib\u00fcs\u00fc, k\u0131rm\u0131z\u0131 \u0131\u015f\u0131kta bekleyen yabanc\u0131 uyruklu P.K.S.\u2019nin kulland\u0131\u011f\u0131 07 BSY 020 plakal\u0131 otomobile arkadan \u00e7arpt\u0131. \u00c7arpman\u0131n etkisiyle hareket eden otomobil, \u00f6n\u00fcnde bulunan M.K. idaresindeki 07 BDL 689 plakal\u0131 otomobile \u00e7arpt\u0131. Zincirleme kazada, 07 BSY 020 plakal\u0131 otomobilin s\u00fcr\u00fcc\u00fcs\u00fc P.K.S. ve 07 BDL 689 plakal\u0131 otomobilde yolcu olarak bulunan M.N.K. ile N.K. isimli \u00e7ocuklar hafif \u015fekilde yaraland\u0131. \u0130hbar verilmesi \u00fczerine olay yerine polis ve sa\u011fl\u0131k ekipleri sevk edildi. \u0130lk m\u00fcdahaleleri olay yerinde yap\u0131lan yaral\u0131lar, ambulansla Gazipa\u015fa Devlet Hastanesine kald\u0131r\u0131larak tedavi alt\u0131na al\u0131nd\u0131.<br \/>\nPolis, kazayla ilgili inceleme ba\u015flatt\u0131.<\/p>\n<p>Kaynak: www.kanalv.com.tr Haber Sitesinden Al\u0131nm\u0131\u015ft\u0131r.<\/p>","protected":false},"excerpt":{"rendered":"<p>Kaza, saat 18.30 s\u0131ralar\u0131nda Milli Egemenlik Bulvar\u0131 D-400 Karayolu \u00fczerinde meydana geldi. Edinilen bilgiye g\u00f6re, Alanya istikametinden Gazipa\u015fa istikametine seyir halinde olan \u0130.A. idaresindeki 07 C 50040 plakal\u0131 servis midib\u00fcs\u00fc, k\u0131rm\u0131z\u0131 \u0131\u015f\u0131kta bekleyen yabanc\u0131 uyruklu P.K.S.\u2019nin kulland\u0131\u011f\u0131 07 BSY 020 plakal\u0131 otomobile arkadan \u00e7arpt\u0131. \u00c7arpman\u0131n etkisiyle hareket eden otomobil, \u00f6n\u00fcnde bulunan M.K. idaresindeki 07 BDL 689 plakal\u0131 otomobile \u00e7arpt\u0131. Zincirleme kazada, 07 BSY 020 plakal\u0131 otomobilin s\u00fcr\u00fcc\u00fcs\u00fc P.K.S. ve 07 BDL 689 plakal\u0131 otomobilde yolcu olarak bulunan M.N.K. ile N.K. isimli \u00e7ocuklar hafif \u015fekilde yaraland\u0131. \u0130hbar verilmesi \u00fczerine olay yerine polis ve sa\u011fl\u0131k ekipleri sevk edildi. \u0130lk m\u00fcdahaleleri olay yerinde yap\u0131lan yaral\u0131lar, ambulansla Gazipa\u015fa Devlet Hastanesine kald\u0131r\u0131larak tedavi alt\u0131na al\u0131nd\u0131. Polis, kazayla ilgili inceleme ba\u015flatt\u0131. Kaynak: www.kanalv.com.tr Haber Sitesinden Al\u0131nm\u0131\u015ft\u0131r.<\/p>","protected":false},"author":4,"featured_media":73449,"comment_status":"","ping_status":"open","sticky":false,"template":"","format":"standard","meta":{"_acf_changed":false,"footnotes":""},"categories":[26],"tags":[],"class_list":["post-73448","post","type-post","status-publish","format-standard","has-post-thumbnail","hentry","category-antalya"],"acf":[],"yoast_head":"<!-- This site is optimized with the Yoast SEO Premium plugin v26.6 (Yoast SEO v27.1.1) - https:\/\/yoast.com\/product\/yoast-seo-premium-wordpress\/ -->\n<title>Gazipa\u015fa&#039;da zincirleme kaza - Av. Deniz Can K\u0131z\u0131l<\/title>\n<meta name=\"robots\" content=\"index, follow, max-snippet:-1, max-image-preview:large, max-video-preview:-1\" \/>\n<link rel=\"canonical\" href=\"https:\/\/denizcankizil.tr\/en\/haberler\/antalya\/gazipasada-zincirleme-kaza\/\" \/>\n<meta property=\"og:locale\" content=\"en_GB\" \/>\n<meta property=\"og:type\" content=\"article\" \/>\n<meta property=\"og:title\" content=\"Gazipa\u015fa&#039;da zincirleme kaza\" \/>\n<meta property=\"og:description\" content=\"Kaza, saat 18.30 s\u0131ralar\u0131nda Milli Egemenlik Bulvar\u0131 D-400 Karayolu \u00fczerinde meydana geldi. Edinilen bilgiye g\u00f6re, Alanya istikametinden Gazipa\u015fa istikametine seyir halinde olan \u0130.A. idaresindeki 07 C 50040 plakal\u0131 servis midib\u00fcs\u00fc, k\u0131rm\u0131z\u0131 \u0131\u015f\u0131kta bekleyen yabanc\u0131 uyruklu P.K.S.\u2019nin kulland\u0131\u011f\u0131 07 BSY 020 plakal\u0131 otomobile arkadan \u00e7arpt\u0131. \u00c7arpman\u0131n etkisiyle hareket eden otomobil, \u00f6n\u00fcnde bulunan M.K. idaresindeki 07 BDL 689 plakal\u0131 otomobile \u00e7arpt\u0131. Zincirleme kazada, 07 BSY 020 plakal\u0131 otomobilin s\u00fcr\u00fcc\u00fcs\u00fc P.K.S. ve 07 BDL 689 plakal\u0131 otomobilde yolcu olarak bulunan M.N.K. ile N.K. isimli \u00e7ocuklar hafif \u015fekilde yaraland\u0131. \u0130hbar verilmesi \u00fczerine olay yerine polis ve sa\u011fl\u0131k ekipleri sevk edildi. \u0130lk m\u00fcdahaleleri olay yerinde yap\u0131lan yaral\u0131lar, ambulansla Gazipa\u015fa Devlet Hastanesine kald\u0131r\u0131larak tedavi alt\u0131na al\u0131nd\u0131. Polis, kazayla ilgili inceleme ba\u015flatt\u0131. Kaynak: www.kanalv.com.tr Haber Sitesinden Al\u0131nm\u0131\u015ft\u0131r.\" \/>\n<meta property=\"og:url\" content=\"https:\/\/denizcankizil.tr\/en\/haberler\/antalya\/gazipasada-zincirleme-kaza\/\" \/>\n<meta property=\"og:site_name\" content=\"Av. Deniz Can K\u0131z\u0131l\" \/>\n<meta property=\"article:published_time\" content=\"2025-05-02T07:42:00+00:00\" \/>\n<meta property=\"og:image\" content=\"https:\/\/denizcankizil.tr\/wp-content\/uploads\/2025\/05\/6109-01-kNa1Dd.jpg\" \/>\n\t<meta property=\"og:image:width\" content=\"1280\" \/>\n\t<meta property=\"og:image:height\" content=\"720\" \/>\n\t<meta property=\"og:image:type\" content=\"image\/jpeg\" \/>\n<meta name=\"author\" content=\"Av. Deniz Can K\u0131z\u0131l\" \/>\n<meta name=\"twitter:card\" content=\"summary_large_image\" \/>\n<meta name=\"twitter:label1\" content=\"Written by\" \/>\n\t<meta name=\"twitter:data1\" content=\"Av. Deniz Can K\u0131z\u0131l\" \/>\n\t<meta name=\"twitter:label2\" content=\"Estimated reading time\" \/>\n\t<meta name=\"twitter:data2\" content=\"1 minute\" \/>\n<script type=\"application\/ld+json\" class=\"yoast-schema-graph\">{\"@context\":\"https:\/\/schema.org\",\"@graph\":[{\"@type\":\"Article\",\"@id\":\"https:\/\/denizcankizil.tr\/en\/haberler\/antalya\/gazipasada-zincirleme-kaza\/#article\",\"isPartOf\":{\"@id\":\"https:\/\/denizcankizil.tr\/en\/haberler\/antalya\/gazipasada-zincirleme-kaza\/\"},\"author\":{\"name\":\"Av. Deniz Can K\u0131z\u0131l\",\"@id\":\"https:\/\/denizcankizil.tr\/de\/#\/schema\/person\/5dc1b22991bd7ac833867c10afc9b0ff\"},\"headline\":\"Gazipa\u015fa&#8217;da zincirleme kaza\",\"datePublished\":\"2025-05-02T07:42:00+00:00\",\"mainEntityOfPage\":{\"@id\":\"https:\/\/denizcankizil.tr\/en\/haberler\/antalya\/gazipasada-zincirleme-kaza\/\"},\"wordCount\":152,\"publisher\":{\"@id\":\"https:\/\/denizcankizil.tr\/de\/#organization\"},\"image\":{\"@id\":\"https:\/\/denizcankizil.tr\/en\/haberler\/antalya\/gazipasada-zincirleme-kaza\/#primaryimage\"},\"thumbnailUrl\":\"https:\/\/denizcankizil.tr\/wp-content\/uploads\/2025\/05\/6109-01-kNa1Dd.jpg\",\"articleSection\":[\"Antalya\"],\"inLanguage\":\"en-GB\"},{\"@type\":\"WebPage\",\"@id\":\"https:\/\/denizcankizil.tr\/en\/haberler\/antalya\/gazipasada-zincirleme-kaza\/\",\"url\":\"https:\/\/denizcankizil.tr\/en\/haberler\/antalya\/gazipasada-zincirleme-kaza\/\",\"name\":\"Gazipa\u015fa'da zincirleme kaza - Av. Deniz Can K\u0131z\u0131l\",\"isPartOf\":{\"@id\":\"https:\/\/denizcankizil.tr\/de\/#website\"},\"primaryImageOfPage\":{\"@id\":\"https:\/\/denizcankizil.tr\/en\/haberler\/antalya\/gazipasada-zincirleme-kaza\/#primaryimage\"},\"image\":{\"@id\":\"https:\/\/denizcankizil.tr\/en\/haberler\/antalya\/gazipasada-zincirleme-kaza\/#primaryimage\"},\"thumbnailUrl\":\"https:\/\/denizcankizil.tr\/wp-content\/uploads\/2025\/05\/6109-01-kNa1Dd.jpg\",\"datePublished\":\"2025-05-02T07:42:00+00:00\",\"breadcrumb\":{\"@id\":\"https:\/\/denizcankizil.tr\/en\/haberler\/antalya\/gazipasada-zincirleme-kaza\/#breadcrumb\"},\"inLanguage\":\"en-GB\",\"potentialAction\":[{\"@type\":\"ReadAction\",\"target\":[\"https:\/\/denizcankizil.tr\/en\/haberler\/antalya\/gazipasada-zincirleme-kaza\/\"]}]},{\"@type\":\"ImageObject\",\"inLanguage\":\"en-GB\",\"@id\":\"https:\/\/denizcankizil.tr\/en\/haberler\/antalya\/gazipasada-zincirleme-kaza\/#primaryimage\",\"url\":\"https:\/\/denizcankizil.tr\/wp-content\/uploads\/2025\/05\/6109-01-kNa1Dd.jpg\",\"contentUrl\":\"https:\/\/denizcankizil.tr\/wp-content\/uploads\/2025\/05\/6109-01-kNa1Dd.jpg\",\"width\":1280,\"height\":720},{\"@type\":\"BreadcrumbList\",\"@id\":\"https:\/\/denizcankizil.tr\/en\/haberler\/antalya\/gazipasada-zincirleme-kaza\/#breadcrumb\",\"itemListElement\":[{\"@type\":\"ListItem\",\"position\":1,\"name\":\"Home\",\"item\":\"https:\/\/denizcankizil.tr\/de\/\"},{\"@type\":\"ListItem\",\"position\":2,\"name\":\"Gazipa\u015fa&#8217;da zincirleme kaza\"}]},{\"@type\":\"WebSite\",\"@id\":\"https:\/\/denizcankizil.tr\/de\/#website\",\"url\":\"https:\/\/denizcankizil.tr\/de\/\",\"name\":\"Av. Deniz Can K\u0131z\u0131l\",\"description\":\"Avukat Deniz Can K\u0131z\u0131l Antalya Barosu\",\"publisher\":{\"@id\":\"https:\/\/denizcankizil.tr\/de\/#organization\"},\"potentialAction\":[{\"@type\":\"SearchAction\",\"target\":{\"@type\":\"EntryPoint\",\"urlTemplate\":\"https:\/\/denizcankizil.tr\/de\/?s={search_term_string}\"},\"query-input\":{\"@type\":\"PropertyValueSpecification\",\"valueRequired\":true,\"valueName\":\"search_term_string\"}}],\"inLanguage\":\"en-GB\"},{\"@type\":\"Organization\",\"@id\":\"https:\/\/denizcankizil.tr\/de\/#organization\",\"name\":\"Av. Deniz Can K\u0131z\u0131l\",\"url\":\"https:\/\/denizcankizil.tr\/de\/\",\"logo\":{\"@type\":\"ImageObject\",\"inLanguage\":\"en-GB\",\"@id\":\"https:\/\/denizcankizil.tr\/de\/#\/schema\/logo\/image\/\",\"url\":\"https:\/\/denizcankizil.tr\/wp-content\/uploads\/2024\/10\/siyah-logo-svg.svg\",\"contentUrl\":\"https:\/\/denizcankizil.tr\/wp-content\/uploads\/2024\/10\/siyah-logo-svg.svg\",\"width\":1080,\"height\":1080,\"caption\":\"Av. Deniz Can K\u0131z\u0131l\"},\"image\":{\"@id\":\"https:\/\/denizcankizil.tr\/de\/#\/schema\/logo\/image\/\"}},{\"@type\":\"Person\",\"@id\":\"https:\/\/denizcankizil.tr\/de\/#\/schema\/person\/5dc1b22991bd7ac833867c10afc9b0ff\",\"name\":\"Av. Deniz Can K\u0131z\u0131l\",\"image\":{\"@type\":\"ImageObject\",\"inLanguage\":\"en-GB\",\"@id\":\"https:\/\/denizcankizil.tr\/de\/#\/schema\/person\/image\/\",\"url\":\"https:\/\/secure.gravatar.com\/avatar\/a0b128fb9855c79efc976d5640eedb31dc35ec297594d6016d2cf7c60e975bb6?s=96&d=mm&r=g\",\"contentUrl\":\"https:\/\/secure.gravatar.com\/avatar\/a0b128fb9855c79efc976d5640eedb31dc35ec297594d6016d2cf7c60e975bb6?s=96&d=mm&r=g\",\"caption\":\"Av. Deniz Can K\u0131z\u0131l\"},\"sameAs\":[\"http:\/\/www.denizcankizil.tr\"],\"url\":\"https:\/\/denizcankizil.tr\/en\/author\/denizcankizil\/\"}]}<\/script>\n<!-- \/ Yoast SEO Premium plugin. -->","yoast_head_json":{"title":"Gazipa\u015fa'da zincirleme kaza - Av. Deniz Can K\u0131z\u0131l","robots":{"index":"index","follow":"follow","max-snippet":"max-snippet:-1","max-image-preview":"max-image-preview:large","max-video-preview":"max-video-preview:-1"},"canonical":"https:\/\/denizcankizil.tr\/en\/haberler\/antalya\/gazipasada-zincirleme-kaza\/","og_locale":"en_GB","og_type":"article","og_title":"Gazipa\u015fa'da zincirleme kaza","og_description":"Kaza, saat 18.30 s\u0131ralar\u0131nda Milli Egemenlik Bulvar\u0131 D-400 Karayolu \u00fczerinde meydana geldi. Edinilen bilgiye g\u00f6re, Alanya istikametinden Gazipa\u015fa istikametine seyir halinde olan \u0130.A. idaresindeki 07 C 50040 plakal\u0131 servis midib\u00fcs\u00fc, k\u0131rm\u0131z\u0131 \u0131\u015f\u0131kta bekleyen yabanc\u0131 uyruklu P.K.S.\u2019nin kulland\u0131\u011f\u0131 07 BSY 020 plakal\u0131 otomobile arkadan \u00e7arpt\u0131. \u00c7arpman\u0131n etkisiyle hareket eden otomobil, \u00f6n\u00fcnde bulunan M.K. idaresindeki 07 BDL 689 plakal\u0131 otomobile \u00e7arpt\u0131. Zincirleme kazada, 07 BSY 020 plakal\u0131 otomobilin s\u00fcr\u00fcc\u00fcs\u00fc P.K.S. ve 07 BDL 689 plakal\u0131 otomobilde yolcu olarak bulunan M.N.K. ile N.K. isimli \u00e7ocuklar hafif \u015fekilde yaraland\u0131. \u0130hbar verilmesi \u00fczerine olay yerine polis ve sa\u011fl\u0131k ekipleri sevk edildi. \u0130lk m\u00fcdahaleleri olay yerinde yap\u0131lan yaral\u0131lar, ambulansla Gazipa\u015fa Devlet Hastanesine kald\u0131r\u0131larak tedavi alt\u0131na al\u0131nd\u0131. Polis, kazayla ilgili inceleme ba\u015flatt\u0131. Kaynak: www.kanalv.com.tr Haber Sitesinden Al\u0131nm\u0131\u015ft\u0131r.","og_url":"https:\/\/denizcankizil.tr\/en\/haberler\/antalya\/gazipasada-zincirleme-kaza\/","og_site_name":"Av. Deniz Can K\u0131z\u0131l","article_published_time":"2025-05-02T07:42:00+00:00","og_image":[{"width":1280,"height":720,"url":"https:\/\/denizcankizil.tr\/wp-content\/uploads\/2025\/05\/6109-01-kNa1Dd.jpg","type":"image\/jpeg"}],"author":"Av. Deniz Can K\u0131z\u0131l","twitter_card":"summary_large_image","twitter_misc":{"Written by":"Av. Deniz Can K\u0131z\u0131l","Estimated reading time":"1 minute"},"schema":{"@context":"https:\/\/schema.org","@graph":[{"@type":"Article","@id":"https:\/\/denizcankizil.tr\/en\/haberler\/antalya\/gazipasada-zincirleme-kaza\/#article","isPartOf":{"@id":"https:\/\/denizcankizil.tr\/en\/haberler\/antalya\/gazipasada-zincirleme-kaza\/"},"author":{"name":"Av. Deniz Can K\u0131z\u0131l","@id":"https:\/\/denizcankizil.tr\/de\/#\/schema\/person\/5dc1b22991bd7ac833867c10afc9b0ff"},"headline":"Gazipa\u015fa&#8217;da zincirleme kaza","datePublished":"2025-05-02T07:42:00+00:00","mainEntityOfPage":{"@id":"https:\/\/denizcankizil.tr\/en\/haberler\/antalya\/gazipasada-zincirleme-kaza\/"},"wordCount":152,"publisher":{"@id":"https:\/\/denizcankizil.tr\/de\/#organization"},"image":{"@id":"https:\/\/denizcankizil.tr\/en\/haberler\/antalya\/gazipasada-zincirleme-kaza\/#primaryimage"},"thumbnailUrl":"https:\/\/denizcankizil.tr\/wp-content\/uploads\/2025\/05\/6109-01-kNa1Dd.jpg","articleSection":["Antalya"],"inLanguage":"en-GB"},{"@type":"WebPage","@id":"https:\/\/denizcankizil.tr\/en\/haberler\/antalya\/gazipasada-zincirleme-kaza\/","url":"https:\/\/denizcankizil.tr\/en\/haberler\/antalya\/gazipasada-zincirleme-kaza\/","name":"Gazipa\u015fa'da zincirleme kaza - Av. Deniz Can K\u0131z\u0131l","isPartOf":{"@id":"https:\/\/denizcankizil.tr\/de\/#website"},"primaryImageOfPage":{"@id":"https:\/\/denizcankizil.tr\/en\/haberler\/antalya\/gazipasada-zincirleme-kaza\/#primaryimage"},"image":{"@id":"https:\/\/denizcankizil.tr\/en\/haberler\/antalya\/gazipasada-zincirleme-kaza\/#primaryimage"},"thumbnailUrl":"https:\/\/denizcankizil.tr\/wp-content\/uploads\/2025\/05\/6109-01-kNa1Dd.jpg","datePublished":"2025-05-02T07:42:00+00:00","breadcrumb":{"@id":"https:\/\/denizcankizil.tr\/en\/haberler\/antalya\/gazipasada-zincirleme-kaza\/#breadcrumb"},"inLanguage":"en-GB","potentialAction":[{"@type":"ReadAction","target":["https:\/\/denizcankizil.tr\/en\/haberler\/antalya\/gazipasada-zincirleme-kaza\/"]}]},{"@type":"ImageObject","inLanguage":"en-GB","@id":"https:\/\/denizcankizil.tr\/en\/haberler\/antalya\/gazipasada-zincirleme-kaza\/#primaryimage","url":"https:\/\/denizcankizil.tr\/wp-content\/uploads\/2025\/05\/6109-01-kNa1Dd.jpg","contentUrl":"https:\/\/denizcankizil.tr\/wp-content\/uploads\/2025\/05\/6109-01-kNa1Dd.jpg","width":1280,"height":720},{"@type":"BreadcrumbList","@id":"https:\/\/denizcankizil.tr\/en\/haberler\/antalya\/gazipasada-zincirleme-kaza\/#breadcrumb","itemListElement":[{"@type":"ListItem","position":1,"name":"Home","item":"https:\/\/denizcankizil.tr\/de\/"},{"@type":"ListItem","position":2,"name":"Gazipa\u015fa&#8217;da zincirleme kaza"}]},{"@type":"WebSite","@id":"https:\/\/denizcankizil.tr\/de\/#website","url":"https:\/\/denizcankizil.tr\/de\/","name":"Av. Deniz Can K\u0131z\u0131l","description":"Avukat Deniz Can K\u0131z\u0131l Antalya Barosu","publisher":{"@id":"https:\/\/denizcankizil.tr\/de\/#organization"},"potentialAction":[{"@type":"SearchAction","target":{"@type":"EntryPoint","urlTemplate":"https:\/\/denizcankizil.tr\/de\/?s={search_term_string}"},"query-input":{"@type":"PropertyValueSpecification","valueRequired":true,"valueName":"search_term_string"}}],"inLanguage":"en-GB"},{"@type":"Organization","@id":"https:\/\/denizcankizil.tr\/de\/#organization","name":"Av. Deniz Can K\u0131z\u0131l","url":"https:\/\/denizcankizil.tr\/de\/","logo":{"@type":"ImageObject","inLanguage":"en-GB","@id":"https:\/\/denizcankizil.tr\/de\/#\/schema\/logo\/image\/","url":"https:\/\/denizcankizil.tr\/wp-content\/uploads\/2024\/10\/siyah-logo-svg.svg","contentUrl":"https:\/\/denizcankizil.tr\/wp-content\/uploads\/2024\/10\/siyah-logo-svg.svg","width":1080,"height":1080,"caption":"Av. Deniz Can K\u0131z\u0131l"},"image":{"@id":"https:\/\/denizcankizil.tr\/de\/#\/schema\/logo\/image\/"}},{"@type":"Person","@id":"https:\/\/denizcankizil.tr\/de\/#\/schema\/person\/5dc1b22991bd7ac833867c10afc9b0ff","name":"Av. Deniz Can K\u0131z\u0131l","image":{"@type":"ImageObject","inLanguage":"en-GB","@id":"https:\/\/denizcankizil.tr\/de\/#\/schema\/person\/image\/","url":"https:\/\/secure.gravatar.com\/avatar\/a0b128fb9855c79efc976d5640eedb31dc35ec297594d6016d2cf7c60e975bb6?s=96&d=mm&r=g","contentUrl":"https:\/\/secure.gravatar.com\/avatar\/a0b128fb9855c79efc976d5640eedb31dc35ec297594d6016d2cf7c60e975bb6?s=96&d=mm&r=g","caption":"Av. Deniz Can K\u0131z\u0131l"},"sameAs":["http:\/\/www.denizcankizil.tr"],"url":"https:\/\/denizcankizil.tr\/en\/author\/denizcankizil\/"}]}},"_links":{"self":[{"href":"https:\/\/denizcankizil.tr\/en\/wp-json\/wp\/v2\/posts\/73448","targetHints":{"allow":["GET"]}}],"collection":[{"href":"https:\/\/denizcankizil.tr\/en\/wp-json\/wp\/v2\/posts"}],"about":[{"href":"https:\/\/denizcankizil.tr\/en\/wp-json\/wp\/v2\/types\/post"}],"author":[{"embeddable":true,"href":"https:\/\/denizcankizil.tr\/en\/wp-json\/wp\/v2\/users\/4"}],"replies":[{"embeddable":true,"href":"https:\/\/denizcankizil.tr\/en\/wp-json\/wp\/v2\/comments?post=73448"}],"version-history":[{"count":0,"href":"https:\/\/denizcankizil.tr\/en\/wp-json\/wp\/v2\/posts\/73448\/revisions"}],"wp:featuredmedia":[{"embeddable":true,"href":"https:\/\/denizcankizil.tr\/en\/wp-json\/wp\/v2\/media\/73449"}],"wp:attachment":[{"href":"https:\/\/denizcankizil.tr\/en\/wp-json\/wp\/v2\/media?parent=73448"}],"wp:term":[{"taxonomy":"category","embeddable":true,"href":"https:\/\/denizcankizil.tr\/en\/wp-json\/wp\/v2\/categories?post=73448"},{"taxonomy":"post_tag","embeddable":true,"href":"https:\/\/denizcankizil.tr\/en\/wp-json\/wp\/v2\/tags?post=73448"}],"curies":[{"name":"wp","href":"https:\/\/api.w.org\/{rel}","templated":true}]}}