{"id":72863,"date":"2025-05-01T21:41:57","date_gmt":"2025-05-01T18:41:57","guid":{"rendered":"https:\/\/denizcankizil.tr\/uncategorized-tr\/1-mayis-gosterilerinde-gozalti-sayisi-aciklandi-istanbulda-gergin-kutlama\/"},"modified":"2025-05-01T21:41:57","modified_gmt":"2025-05-01T18:41:57","slug":"1-mayis-gosterilerinde-gozalti-sayisi-aciklandi-istanbulda-gergin-kutlama","status":"publish","type":"post","link":"https:\/\/denizcankizil.tr\/en\/haberler\/gundem\/1-mayis-gosterilerinde-gozalti-sayisi-aciklandi-istanbulda-gergin-kutlama\/","title":{"rendered":"1 May\u0131s g\u00f6sterilerinde g\u00f6zalt\u0131 say\u0131s\u0131 a\u00e7\u0131kland\u0131! \u0130stanbul\u2019da gergin kutlama"},"content":{"rendered":"<p>\u0130\u00e7i\u015fleri Bakan\u0131 Ali Yerlikaya, 1 May\u0131s Emek ve Dayan\u0131\u015fma G\u00fcn\u00fc&#8217;ne ili\u015fkin resmi verilerini payla\u015ft\u0131. T\u00fcrkiye genelinde 286 bin 584 ki\u015finin kat\u0131ld\u0131\u011f\u0131 212 etkinli\u011fin b\u00fcy\u00fck oranda huzur i\u00e7inde tamamland\u0131\u011f\u0131n\u0131 belirten Yerlikaya, \u0130stanbul, Tokat ve Van&#8217;da toplam 409 ki\u015finin 2911 Say\u0131l\u0131 Toplant\u0131 ve G\u00f6steri Y\u00fcr\u00fcy\u00fc\u015fleri Kanunu&#8217;na muhalefet gerek\u00e7esiyle g\u00f6zalt\u0131na al\u0131nd\u0131\u011f\u0131n\u0131 duyurdu.<\/p>\n<p>TAKS\u0130M&#8217;E \u00c7ELENK, KAZANCI YOKU\u015eU&#8217;NA KARANF\u0130L <\/p>\n<p>Yerlikaya a\u00e7\u0131klamas\u0131nda, \u0130stanbul&#8217;da Taksim Meydan\u0131&#8217;na y\u00f6nelik \u00e7elenk b\u0131rakma ve Kazanc\u0131 Yoku\u015fu&#8217;na karanfil b\u0131rakma etkinli\u011finin de sendikalar\u0131n organizasyonuyla ger\u00e7ekle\u015fti\u011fini belirtti. Bu kapsamda 13 etkinlikte toplam 817 ki\u015finin yer ald\u0131\u011f\u0131n\u0131 aktard\u0131.<\/p>\n<p>122 B\u0130N POL\u0130S G\u00d6REV BA\u015eINDAYDI <\/p>\n<p>1 May\u0131s&#8217;\u0131n g\u00fcvenlik a\u00e7\u0131s\u0131ndan sorunsuz ge\u00e7irilmesi i\u00e7in \u00fclke genelinde 122 bin 777 polisin g\u00f6rev yapt\u0131\u011f\u0131n\u0131 belirten Yerlikaya, t\u00fcm g\u00fcvenlik g\u00fc\u00e7lerine te\u015fekk\u00fcr ederek, &#8220;B\u00fcy\u00fck bir \u00f6zveri ve fedakarl\u0131k g\u00f6revlerini ifa eden t\u00fcm kahraman polislerimize y\u00fcrekten te\u015fekk\u00fcr ediyorum&#8221; dedi.<\/p>\n<p>\u200b\u0130\u00e7i\u015fleri Bakan\u0131 Ali Yerlikaya, 1 May\u0131s Emek ve Dayan\u0131\u015fma G\u00fcn\u00fc&#8217;nde 78 ilde 286 bini a\u015fk\u0131n vatanda\u015f\u0131n kat\u0131l\u0131m\u0131yla 212 etkinlik d\u00fczenlendi\u011fini, \u0130stanbul ba\u015fta olmak \u00fczere \u00fc\u00e7 ilde toplam 409 ki\u015finin g\u00f6zalt\u0131na al\u0131nd\u0131\u011f\u0131n\u0131 a\u00e7\u0131klad\u0131.\u00a0<\/p>\n<p>\u200bHaberin Al\u0131nt\u0131land\u0131\u011f\u0131 Kaynak: www.antalyakorfez.com<\/p>","protected":false},"excerpt":{"rendered":"<p>\u0130\u00e7i\u015fleri Bakan\u0131 Ali Yerlikaya, 1 May\u0131s Emek ve Dayan\u0131\u015fma G\u00fcn\u00fc&#8217;ne ili\u015fkin resmi verilerini payla\u015ft\u0131. T\u00fcrkiye genelinde 286 bin 584 ki\u015finin kat\u0131ld\u0131\u011f\u0131 212 etkinli\u011fin b\u00fcy\u00fck oranda huzur i\u00e7inde tamamland\u0131\u011f\u0131n\u0131 belirten Yerlikaya, \u0130stanbul, Tokat ve Van&#8217;da toplam 409 ki\u015finin 2911 Say\u0131l\u0131 Toplant\u0131 ve G\u00f6steri Y\u00fcr\u00fcy\u00fc\u015fleri Kanunu&#8217;na muhalefet gerek\u00e7esiyle g\u00f6zalt\u0131na al\u0131nd\u0131\u011f\u0131n\u0131 duyurdu. TAKS\u0130M&#8217;E \u00c7ELENK, KAZANCI YOKU\u015eU&#8217;NA KARANF\u0130L Yerlikaya a\u00e7\u0131klamas\u0131nda, \u0130stanbul&#8217;da Taksim Meydan\u0131&#8217;na y\u00f6nelik \u00e7elenk b\u0131rakma ve Kazanc\u0131 Yoku\u015fu&#8217;na karanfil b\u0131rakma etkinli\u011finin de sendikalar\u0131n organizasyonuyla ger\u00e7ekle\u015fti\u011fini belirtti. Bu kapsamda 13 etkinlikte toplam 817 ki\u015finin yer ald\u0131\u011f\u0131n\u0131 aktard\u0131. 122 B\u0130N POL\u0130S G\u00d6REV BA\u015eINDAYDI 1 May\u0131s&#8217;\u0131n g\u00fcvenlik a\u00e7\u0131s\u0131ndan sorunsuz ge\u00e7irilmesi i\u00e7in \u00fclke genelinde 122 bin 777 polisin g\u00f6rev yapt\u0131\u011f\u0131n\u0131 belirten Yerlikaya, t\u00fcm g\u00fcvenlik g\u00fc\u00e7lerine te\u015fekk\u00fcr ederek, &#8220;B\u00fcy\u00fck bir \u00f6zveri ve fedakarl\u0131k g\u00f6revlerini ifa eden t\u00fcm kahraman polislerimize y\u00fcrekten te\u015fekk\u00fcr ediyorum&#8221; dedi. \u200b\u0130\u00e7i\u015fleri Bakan\u0131 Ali Yerlikaya, 1 May\u0131s Emek ve Dayan\u0131\u015fma G\u00fcn\u00fc&#8217;nde 78 ilde 286 bini a\u015fk\u0131n vatanda\u015f\u0131n kat\u0131l\u0131m\u0131yla 212 etkinlik d\u00fczenlendi\u011fini, \u0130stanbul ba\u015fta olmak \u00fczere \u00fc\u00e7 ilde toplam 409 ki\u015finin g\u00f6zalt\u0131na al\u0131nd\u0131\u011f\u0131n\u0131 a\u00e7\u0131klad\u0131.\u00a0 \u200bHaberin Al\u0131nt\u0131land\u0131\u011f\u0131 Kaynak: www.antalyakorfez.com<\/p>","protected":false},"author":5,"featured_media":0,"comment_status":"","ping_status":"open","sticky":false,"template":"","format":"standard","meta":{"_acf_changed":false,"footnotes":""},"categories":[24],"tags":[],"class_list":["post-72863","post","type-post","status-publish","format-standard","has-post-thumbnail","hentry","category-gundem"],"acf":[],"yoast_head":"<!-- This site is optimized with the Yoast SEO Premium plugin v26.6 (Yoast SEO v27.1.1) - https:\/\/yoast.com\/product\/yoast-seo-premium-wordpress\/ -->\n<title>1 May\u0131s g\u00f6sterilerinde g\u00f6zalt\u0131 say\u0131s\u0131 a\u00e7\u0131kland\u0131! \u0130stanbul\u2019da gergin kutlama - Av. Deniz Can K\u0131z\u0131l<\/title>\n<meta name=\"robots\" content=\"index, follow, max-snippet:-1, max-image-preview:large, max-video-preview:-1\" \/>\n<link rel=\"canonical\" href=\"https:\/\/denizcankizil.tr\/en\/haberler\/gundem\/1-mayis-gosterilerinde-gozalti-sayisi-aciklandi-istanbulda-gergin-kutlama\/\" \/>\n<meta property=\"og:locale\" content=\"en_GB\" \/>\n<meta property=\"og:type\" content=\"article\" \/>\n<meta property=\"og:title\" content=\"1 May\u0131s g\u00f6sterilerinde g\u00f6zalt\u0131 say\u0131s\u0131 a\u00e7\u0131kland\u0131! \u0130stanbul\u2019da gergin kutlama\" \/>\n<meta property=\"og:description\" content=\"\u0130\u00e7i\u015fleri Bakan\u0131 Ali Yerlikaya, 1 May\u0131s Emek ve Dayan\u0131\u015fma G\u00fcn\u00fc&#8217;ne ili\u015fkin resmi verilerini payla\u015ft\u0131. T\u00fcrkiye genelinde 286 bin 584 ki\u015finin kat\u0131ld\u0131\u011f\u0131 212 etkinli\u011fin b\u00fcy\u00fck oranda huzur i\u00e7inde tamamland\u0131\u011f\u0131n\u0131 belirten Yerlikaya, \u0130stanbul, Tokat ve Van&#8217;da toplam 409 ki\u015finin 2911 Say\u0131l\u0131 Toplant\u0131 ve G\u00f6steri Y\u00fcr\u00fcy\u00fc\u015fleri Kanunu&#8217;na muhalefet gerek\u00e7esiyle g\u00f6zalt\u0131na al\u0131nd\u0131\u011f\u0131n\u0131 duyurdu. TAKS\u0130M&#8217;E \u00c7ELENK, KAZANCI YOKU\u015eU&#8217;NA KARANF\u0130L Yerlikaya a\u00e7\u0131klamas\u0131nda, \u0130stanbul&#8217;da Taksim Meydan\u0131&#8217;na y\u00f6nelik \u00e7elenk b\u0131rakma ve Kazanc\u0131 Yoku\u015fu&#8217;na karanfil b\u0131rakma etkinli\u011finin de sendikalar\u0131n organizasyonuyla ger\u00e7ekle\u015fti\u011fini belirtti. Bu kapsamda 13 etkinlikte toplam 817 ki\u015finin yer ald\u0131\u011f\u0131n\u0131 aktard\u0131. 122 B\u0130N POL\u0130S G\u00d6REV BA\u015eINDAYDI 1 May\u0131s&#8217;\u0131n g\u00fcvenlik a\u00e7\u0131s\u0131ndan sorunsuz ge\u00e7irilmesi i\u00e7in \u00fclke genelinde 122 bin 777 polisin g\u00f6rev yapt\u0131\u011f\u0131n\u0131 belirten Yerlikaya, t\u00fcm g\u00fcvenlik g\u00fc\u00e7lerine te\u015fekk\u00fcr ederek, &#8220;B\u00fcy\u00fck bir \u00f6zveri ve fedakarl\u0131k g\u00f6revlerini ifa eden t\u00fcm kahraman polislerimize y\u00fcrekten te\u015fekk\u00fcr ediyorum&#8221; dedi. \u200b\u0130\u00e7i\u015fleri Bakan\u0131 Ali Yerlikaya, 1 May\u0131s Emek ve Dayan\u0131\u015fma G\u00fcn\u00fc&#8217;nde 78 ilde 286 bini a\u015fk\u0131n vatanda\u015f\u0131n kat\u0131l\u0131m\u0131yla 212 etkinlik d\u00fczenlendi\u011fini, \u0130stanbul ba\u015fta olmak \u00fczere \u00fc\u00e7 ilde toplam 409 ki\u015finin g\u00f6zalt\u0131na al\u0131nd\u0131\u011f\u0131n\u0131 a\u00e7\u0131klad\u0131.\u00a0 \u200bHaberin Al\u0131nt\u0131land\u0131\u011f\u0131 Kaynak: www.antalyakorfez.com\" \/>\n<meta property=\"og:url\" content=\"https:\/\/denizcankizil.tr\/en\/haberler\/gundem\/1-mayis-gosterilerinde-gozalti-sayisi-aciklandi-istanbulda-gergin-kutlama\/\" \/>\n<meta property=\"og:site_name\" content=\"Av. Deniz Can K\u0131z\u0131l\" \/>\n<meta property=\"article:published_time\" content=\"2025-05-01T18:41:57+00:00\" \/>\n<meta name=\"author\" content=\"Antalya K\u00f6rfez\" \/>\n<meta name=\"twitter:card\" content=\"summary_large_image\" \/>\n<meta name=\"twitter:label1\" content=\"Written by\" \/>\n\t<meta name=\"twitter:data1\" content=\"Antalya K\u00f6rfez\" \/>\n\t<meta name=\"twitter:label2\" content=\"Estimated reading time\" \/>\n\t<meta name=\"twitter:data2\" content=\"1 minute\" \/>\n<script type=\"application\/ld+json\" class=\"yoast-schema-graph\">{\"@context\":\"https:\/\/schema.org\",\"@graph\":[{\"@type\":\"Article\",\"@id\":\"https:\/\/denizcankizil.tr\/ru\/haberler\/gundem\/1-mayis-gosterilerinde-gozalti-sayisi-aciklandi-istanbulda-gergin-kutlama\/#article\",\"isPartOf\":{\"@id\":\"https:\/\/denizcankizil.tr\/ru\/haberler\/gundem\/1-mayis-gosterilerinde-gozalti-sayisi-aciklandi-istanbulda-gergin-kutlama\/\"},\"author\":{\"name\":\"Antalya K\u00f6rfez\",\"@id\":\"https:\/\/denizcankizil.tr\/de\/#\/schema\/person\/e1eb71bb4dd684d46563f0af307e1234\"},\"headline\":\"1 May\u0131s g\u00f6sterilerinde g\u00f6zalt\u0131 say\u0131s\u0131 a\u00e7\u0131kland\u0131! \u0130stanbul\u2019da gergin kutlama\",\"datePublished\":\"2025-05-01T18:41:57+00:00\",\"mainEntityOfPage\":{\"@id\":\"https:\/\/denizcankizil.tr\/ru\/haberler\/gundem\/1-mayis-gosterilerinde-gozalti-sayisi-aciklandi-istanbulda-gergin-kutlama\/\"},\"wordCount\":256,\"publisher\":{\"@id\":\"https:\/\/denizcankizil.tr\/de\/#organization\"},\"articleSection\":[\"G\u00fcndem\"],\"inLanguage\":\"en-GB\"},{\"@type\":\"WebPage\",\"@id\":\"https:\/\/denizcankizil.tr\/ru\/haberler\/gundem\/1-mayis-gosterilerinde-gozalti-sayisi-aciklandi-istanbulda-gergin-kutlama\/\",\"url\":\"https:\/\/denizcankizil.tr\/ru\/haberler\/gundem\/1-mayis-gosterilerinde-gozalti-sayisi-aciklandi-istanbulda-gergin-kutlama\/\",\"name\":\"1 May\u0131s g\u00f6sterilerinde g\u00f6zalt\u0131 say\u0131s\u0131 a\u00e7\u0131kland\u0131! \u0130stanbul\u2019da gergin kutlama - Av. Deniz Can K\u0131z\u0131l\",\"isPartOf\":{\"@id\":\"https:\/\/denizcankizil.tr\/de\/#website\"},\"datePublished\":\"2025-05-01T18:41:57+00:00\",\"breadcrumb\":{\"@id\":\"https:\/\/denizcankizil.tr\/ru\/haberler\/gundem\/1-mayis-gosterilerinde-gozalti-sayisi-aciklandi-istanbulda-gergin-kutlama\/#breadcrumb\"},\"inLanguage\":\"en-GB\",\"potentialAction\":[{\"@type\":\"ReadAction\",\"target\":[\"https:\/\/denizcankizil.tr\/ru\/haberler\/gundem\/1-mayis-gosterilerinde-gozalti-sayisi-aciklandi-istanbulda-gergin-kutlama\/\"]}]},{\"@type\":\"BreadcrumbList\",\"@id\":\"https:\/\/denizcankizil.tr\/ru\/haberler\/gundem\/1-mayis-gosterilerinde-gozalti-sayisi-aciklandi-istanbulda-gergin-kutlama\/#breadcrumb\",\"itemListElement\":[{\"@type\":\"ListItem\",\"position\":1,\"name\":\"Home\",\"item\":\"https:\/\/denizcankizil.tr\/de\/\"},{\"@type\":\"ListItem\",\"position\":2,\"name\":\"1 May\u0131s g\u00f6sterilerinde g\u00f6zalt\u0131 say\u0131s\u0131 a\u00e7\u0131kland\u0131! \u0130stanbul\u2019da gergin kutlama\"}]},{\"@type\":\"WebSite\",\"@id\":\"https:\/\/denizcankizil.tr\/de\/#website\",\"url\":\"https:\/\/denizcankizil.tr\/de\/\",\"name\":\"Av. Deniz Can K\u0131z\u0131l\",\"description\":\"Avukat Deniz Can K\u0131z\u0131l Antalya Barosu\",\"publisher\":{\"@id\":\"https:\/\/denizcankizil.tr\/de\/#organization\"},\"potentialAction\":[{\"@type\":\"SearchAction\",\"target\":{\"@type\":\"EntryPoint\",\"urlTemplate\":\"https:\/\/denizcankizil.tr\/de\/?s={search_term_string}\"},\"query-input\":{\"@type\":\"PropertyValueSpecification\",\"valueRequired\":true,\"valueName\":\"search_term_string\"}}],\"inLanguage\":\"en-GB\"},{\"@type\":\"Organization\",\"@id\":\"https:\/\/denizcankizil.tr\/de\/#organization\",\"name\":\"Av. Deniz Can K\u0131z\u0131l\",\"url\":\"https:\/\/denizcankizil.tr\/de\/\",\"logo\":{\"@type\":\"ImageObject\",\"inLanguage\":\"en-GB\",\"@id\":\"https:\/\/denizcankizil.tr\/de\/#\/schema\/logo\/image\/\",\"url\":\"https:\/\/denizcankizil.tr\/wp-content\/uploads\/2024\/10\/siyah-logo-svg.svg\",\"contentUrl\":\"https:\/\/denizcankizil.tr\/wp-content\/uploads\/2024\/10\/siyah-logo-svg.svg\",\"width\":1080,\"height\":1080,\"caption\":\"Av. Deniz Can K\u0131z\u0131l\"},\"image\":{\"@id\":\"https:\/\/denizcankizil.tr\/de\/#\/schema\/logo\/image\/\"}},{\"@type\":\"Person\",\"@id\":\"https:\/\/denizcankizil.tr\/de\/#\/schema\/person\/e1eb71bb4dd684d46563f0af307e1234\",\"name\":\"Antalya K\u00f6rfez\",\"image\":{\"@type\":\"ImageObject\",\"inLanguage\":\"en-GB\",\"@id\":\"https:\/\/denizcankizil.tr\/de\/#\/schema\/person\/image\/\",\"url\":\"https:\/\/secure.gravatar.com\/avatar\/42b01982558a48a0b501fdcab6a408d3717ea5919095ee2e67b0e521799c5905?s=96&d=mm&r=g\",\"contentUrl\":\"https:\/\/secure.gravatar.com\/avatar\/42b01982558a48a0b501fdcab6a408d3717ea5919095ee2e67b0e521799c5905?s=96&d=mm&r=g\",\"caption\":\"Antalya K\u00f6rfez\"},\"sameAs\":[\"http:\/\/www.antalyakorfez.com\"],\"url\":\"https:\/\/www.antalyakorfez.com\/1-mayis-gosterilerinde-gozalti-sayisi-aciklandi-istanbulda-gergin-kutlama\"}]}<\/script>\n<!-- \/ Yoast SEO Premium plugin. -->","yoast_head_json":{"title":"1 May\u0131s g\u00f6sterilerinde g\u00f6zalt\u0131 say\u0131s\u0131 a\u00e7\u0131kland\u0131! \u0130stanbul\u2019da gergin kutlama - Av. Deniz Can K\u0131z\u0131l","robots":{"index":"index","follow":"follow","max-snippet":"max-snippet:-1","max-image-preview":"max-image-preview:large","max-video-preview":"max-video-preview:-1"},"canonical":"https:\/\/denizcankizil.tr\/en\/haberler\/gundem\/1-mayis-gosterilerinde-gozalti-sayisi-aciklandi-istanbulda-gergin-kutlama\/","og_locale":"en_GB","og_type":"article","og_title":"1 May\u0131s g\u00f6sterilerinde g\u00f6zalt\u0131 say\u0131s\u0131 a\u00e7\u0131kland\u0131! \u0130stanbul\u2019da gergin kutlama","og_description":"\u0130\u00e7i\u015fleri Bakan\u0131 Ali Yerlikaya, 1 May\u0131s Emek ve Dayan\u0131\u015fma G\u00fcn\u00fc&#8217;ne ili\u015fkin resmi verilerini payla\u015ft\u0131. T\u00fcrkiye genelinde 286 bin 584 ki\u015finin kat\u0131ld\u0131\u011f\u0131 212 etkinli\u011fin b\u00fcy\u00fck oranda huzur i\u00e7inde tamamland\u0131\u011f\u0131n\u0131 belirten Yerlikaya, \u0130stanbul, Tokat ve Van&#8217;da toplam 409 ki\u015finin 2911 Say\u0131l\u0131 Toplant\u0131 ve G\u00f6steri Y\u00fcr\u00fcy\u00fc\u015fleri Kanunu&#8217;na muhalefet gerek\u00e7esiyle g\u00f6zalt\u0131na al\u0131nd\u0131\u011f\u0131n\u0131 duyurdu. TAKS\u0130M&#8217;E \u00c7ELENK, KAZANCI YOKU\u015eU&#8217;NA KARANF\u0130L Yerlikaya a\u00e7\u0131klamas\u0131nda, \u0130stanbul&#8217;da Taksim Meydan\u0131&#8217;na y\u00f6nelik \u00e7elenk b\u0131rakma ve Kazanc\u0131 Yoku\u015fu&#8217;na karanfil b\u0131rakma etkinli\u011finin de sendikalar\u0131n organizasyonuyla ger\u00e7ekle\u015fti\u011fini belirtti. Bu kapsamda 13 etkinlikte toplam 817 ki\u015finin yer ald\u0131\u011f\u0131n\u0131 aktard\u0131. 122 B\u0130N POL\u0130S G\u00d6REV BA\u015eINDAYDI 1 May\u0131s&#8217;\u0131n g\u00fcvenlik a\u00e7\u0131s\u0131ndan sorunsuz ge\u00e7irilmesi i\u00e7in \u00fclke genelinde 122 bin 777 polisin g\u00f6rev yapt\u0131\u011f\u0131n\u0131 belirten Yerlikaya, t\u00fcm g\u00fcvenlik g\u00fc\u00e7lerine te\u015fekk\u00fcr ederek, &#8220;B\u00fcy\u00fck bir \u00f6zveri ve fedakarl\u0131k g\u00f6revlerini ifa eden t\u00fcm kahraman polislerimize y\u00fcrekten te\u015fekk\u00fcr ediyorum&#8221; dedi. \u200b\u0130\u00e7i\u015fleri Bakan\u0131 Ali Yerlikaya, 1 May\u0131s Emek ve Dayan\u0131\u015fma G\u00fcn\u00fc&#8217;nde 78 ilde 286 bini a\u015fk\u0131n vatanda\u015f\u0131n kat\u0131l\u0131m\u0131yla 212 etkinlik d\u00fczenlendi\u011fini, \u0130stanbul ba\u015fta olmak \u00fczere \u00fc\u00e7 ilde toplam 409 ki\u015finin g\u00f6zalt\u0131na al\u0131nd\u0131\u011f\u0131n\u0131 a\u00e7\u0131klad\u0131.\u00a0 \u200bHaberin Al\u0131nt\u0131land\u0131\u011f\u0131 Kaynak: www.antalyakorfez.com","og_url":"https:\/\/denizcankizil.tr\/en\/haberler\/gundem\/1-mayis-gosterilerinde-gozalti-sayisi-aciklandi-istanbulda-gergin-kutlama\/","og_site_name":"Av. Deniz Can K\u0131z\u0131l","article_published_time":"2025-05-01T18:41:57+00:00","author":"Antalya K\u00f6rfez","twitter_card":"summary_large_image","twitter_misc":{"Written by":"Antalya K\u00f6rfez","Estimated reading time":"1 minute"},"schema":{"@context":"https:\/\/schema.org","@graph":[{"@type":"Article","@id":"https:\/\/denizcankizil.tr\/ru\/haberler\/gundem\/1-mayis-gosterilerinde-gozalti-sayisi-aciklandi-istanbulda-gergin-kutlama\/#article","isPartOf":{"@id":"https:\/\/denizcankizil.tr\/ru\/haberler\/gundem\/1-mayis-gosterilerinde-gozalti-sayisi-aciklandi-istanbulda-gergin-kutlama\/"},"author":{"name":"Antalya K\u00f6rfez","@id":"https:\/\/denizcankizil.tr\/de\/#\/schema\/person\/e1eb71bb4dd684d46563f0af307e1234"},"headline":"1 May\u0131s g\u00f6sterilerinde g\u00f6zalt\u0131 say\u0131s\u0131 a\u00e7\u0131kland\u0131! \u0130stanbul\u2019da gergin kutlama","datePublished":"2025-05-01T18:41:57+00:00","mainEntityOfPage":{"@id":"https:\/\/denizcankizil.tr\/ru\/haberler\/gundem\/1-mayis-gosterilerinde-gozalti-sayisi-aciklandi-istanbulda-gergin-kutlama\/"},"wordCount":256,"publisher":{"@id":"https:\/\/denizcankizil.tr\/de\/#organization"},"articleSection":["G\u00fcndem"],"inLanguage":"en-GB"},{"@type":"WebPage","@id":"https:\/\/denizcankizil.tr\/ru\/haberler\/gundem\/1-mayis-gosterilerinde-gozalti-sayisi-aciklandi-istanbulda-gergin-kutlama\/","url":"https:\/\/denizcankizil.tr\/ru\/haberler\/gundem\/1-mayis-gosterilerinde-gozalti-sayisi-aciklandi-istanbulda-gergin-kutlama\/","name":"1 May\u0131s g\u00f6sterilerinde g\u00f6zalt\u0131 say\u0131s\u0131 a\u00e7\u0131kland\u0131! \u0130stanbul\u2019da gergin kutlama - Av. Deniz Can K\u0131z\u0131l","isPartOf":{"@id":"https:\/\/denizcankizil.tr\/de\/#website"},"datePublished":"2025-05-01T18:41:57+00:00","breadcrumb":{"@id":"https:\/\/denizcankizil.tr\/ru\/haberler\/gundem\/1-mayis-gosterilerinde-gozalti-sayisi-aciklandi-istanbulda-gergin-kutlama\/#breadcrumb"},"inLanguage":"en-GB","potentialAction":[{"@type":"ReadAction","target":["https:\/\/denizcankizil.tr\/ru\/haberler\/gundem\/1-mayis-gosterilerinde-gozalti-sayisi-aciklandi-istanbulda-gergin-kutlama\/"]}]},{"@type":"BreadcrumbList","@id":"https:\/\/denizcankizil.tr\/ru\/haberler\/gundem\/1-mayis-gosterilerinde-gozalti-sayisi-aciklandi-istanbulda-gergin-kutlama\/#breadcrumb","itemListElement":[{"@type":"ListItem","position":1,"name":"Home","item":"https:\/\/denizcankizil.tr\/de\/"},{"@type":"ListItem","position":2,"name":"1 May\u0131s g\u00f6sterilerinde g\u00f6zalt\u0131 say\u0131s\u0131 a\u00e7\u0131kland\u0131! \u0130stanbul\u2019da gergin kutlama"}]},{"@type":"WebSite","@id":"https:\/\/denizcankizil.tr\/de\/#website","url":"https:\/\/denizcankizil.tr\/de\/","name":"Av. Deniz Can K\u0131z\u0131l","description":"Avukat Deniz Can K\u0131z\u0131l Antalya Barosu","publisher":{"@id":"https:\/\/denizcankizil.tr\/de\/#organization"},"potentialAction":[{"@type":"SearchAction","target":{"@type":"EntryPoint","urlTemplate":"https:\/\/denizcankizil.tr\/de\/?s={search_term_string}"},"query-input":{"@type":"PropertyValueSpecification","valueRequired":true,"valueName":"search_term_string"}}],"inLanguage":"en-GB"},{"@type":"Organization","@id":"https:\/\/denizcankizil.tr\/de\/#organization","name":"Av. Deniz Can K\u0131z\u0131l","url":"https:\/\/denizcankizil.tr\/de\/","logo":{"@type":"ImageObject","inLanguage":"en-GB","@id":"https:\/\/denizcankizil.tr\/de\/#\/schema\/logo\/image\/","url":"https:\/\/denizcankizil.tr\/wp-content\/uploads\/2024\/10\/siyah-logo-svg.svg","contentUrl":"https:\/\/denizcankizil.tr\/wp-content\/uploads\/2024\/10\/siyah-logo-svg.svg","width":1080,"height":1080,"caption":"Av. Deniz Can K\u0131z\u0131l"},"image":{"@id":"https:\/\/denizcankizil.tr\/de\/#\/schema\/logo\/image\/"}},{"@type":"Person","@id":"https:\/\/denizcankizil.tr\/de\/#\/schema\/person\/e1eb71bb4dd684d46563f0af307e1234","name":"Antalya K\u00f6rfez","image":{"@type":"ImageObject","inLanguage":"en-GB","@id":"https:\/\/denizcankizil.tr\/de\/#\/schema\/person\/image\/","url":"https:\/\/secure.gravatar.com\/avatar\/42b01982558a48a0b501fdcab6a408d3717ea5919095ee2e67b0e521799c5905?s=96&d=mm&r=g","contentUrl":"https:\/\/secure.gravatar.com\/avatar\/42b01982558a48a0b501fdcab6a408d3717ea5919095ee2e67b0e521799c5905?s=96&d=mm&r=g","caption":"Antalya K\u00f6rfez"},"sameAs":["http:\/\/www.antalyakorfez.com"],"url":"https:\/\/www.antalyakorfez.com\/1-mayis-gosterilerinde-gozalti-sayisi-aciklandi-istanbulda-gergin-kutlama"}]}},"_links":{"self":[{"href":"https:\/\/denizcankizil.tr\/en\/wp-json\/wp\/v2\/posts\/72863","targetHints":{"allow":["GET"]}}],"collection":[{"href":"https:\/\/denizcankizil.tr\/en\/wp-json\/wp\/v2\/posts"}],"about":[{"href":"https:\/\/denizcankizil.tr\/en\/wp-json\/wp\/v2\/types\/post"}],"author":[{"embeddable":true,"href":"https:\/\/denizcankizil.tr\/en\/wp-json\/wp\/v2\/users\/5"}],"replies":[{"embeddable":true,"href":"https:\/\/denizcankizil.tr\/en\/wp-json\/wp\/v2\/comments?post=72863"}],"version-history":[{"count":0,"href":"https:\/\/denizcankizil.tr\/en\/wp-json\/wp\/v2\/posts\/72863\/revisions"}],"wp:attachment":[{"href":"https:\/\/denizcankizil.tr\/en\/wp-json\/wp\/v2\/media?parent=72863"}],"wp:term":[{"taxonomy":"category","embeddable":true,"href":"https:\/\/denizcankizil.tr\/en\/wp-json\/wp\/v2\/categories?post=72863"},{"taxonomy":"post_tag","embeddable":true,"href":"https:\/\/denizcankizil.tr\/en\/wp-json\/wp\/v2\/tags?post=72863"}],"curies":[{"name":"wp","href":"https:\/\/api.w.org\/{rel}","templated":true}]}}