{"id":72741,"date":"2025-05-01T18:41:21","date_gmt":"2025-05-01T15:41:21","guid":{"rendered":"https:\/\/denizcankizil.tr\/uncategorized-tr\/antalyada-habersiz-demokrasi-olmaz-diyen-gazeteciler-1-mayista-meydandaydi\/"},"modified":"2025-05-01T18:41:21","modified_gmt":"2025-05-01T15:41:21","slug":"antalyada-habersiz-demokrasi-olmaz-diyen-gazeteciler-1-mayista-meydandaydi","status":"publish","type":"post","link":"https:\/\/denizcankizil.tr\/en\/haberler\/gundem\/antalyada-habersiz-demokrasi-olmaz-diyen-gazeteciler-1-mayista-meydandaydi\/","title":{"rendered":"Antalya&#8217;da \u201cHabersiz demokrasi olmaz\u201d diyen gazeteciler 1 May\u0131s\u2019ta meydandayd\u0131"},"content":{"rendered":"<p>Antalya\u2019da 1 May\u0131s Emek ve Dayan\u0131\u015fma G\u00fcn\u00fc, geni\u015f kat\u0131l\u0131ml\u0131 bir y\u00fcr\u00fcy\u00fc\u015fle kutland\u0131. Antalya M\u00fczesi \u00f6n\u00fcnde toplanan sendikalar, siyasi partiler, meslek \u00f6rg\u00fctleri ve kitle \u00f6rg\u00fctleri kortejler halinde Cumhuriyet Meydan\u0131\u2019na y\u00fcr\u00fcrken, bas\u0131n emek\u00e7ileri de alanlardayd\u0131. \u00c7a\u011fda\u015f Gazeteciler Derne\u011fi (\u00c7GD) Akdeniz \u015eubesi \u00e7at\u0131s\u0131 alt\u0131nda y\u00fcr\u00fcyen gazeteciler, y\u00fcr\u00fcy\u00fc\u015f boyunca ta\u015f\u0131d\u0131klar\u0131 d\u00f6vizler ve att\u0131klar\u0131 sloganlarla bas\u0131n \u00f6zg\u00fcrl\u00fc\u011f\u00fc m\u00fccadelesine dikkat \u00e7ekti.<\/p>\n<p>\u201cSANS\u00dcRE, BASKIYA KAR\u015eI HALKIN HABER ALMA HAKKI \u0130\u00c7\u0130N BURADAYIZ\u201d<\/p>\n<p>\u201c\u00d6zg\u00fcr bas\u0131n susmayacak\u201d, \u201cHabersiz demokrasi olmaz\u201d, \u201c\u00d6zg\u00fcr bas\u0131n demokratik T\u00fcrkiye\u201d sloganlar\u0131yla y\u00fcr\u00fcyen gazeteciler, iktidar bask\u0131s\u0131, sans\u00fcr yasalar\u0131, oto sans\u00fcr ortam\u0131 ve artan gazeteci tutuklamalar\u0131na kar\u015f\u0131 ses y\u00fckseltti. Gazeteciler, ta\u015f\u0131d\u0131klar\u0131 \u201cBas\u0131n susturulamaz\u201d, \u201cHalk i\u00e7in gazetecilik su\u00e7 de\u011fildir\u201d d\u00f6vizleriyle mesleki haklar\u0131n\u0131n ve kamuoyunun haber alma hakk\u0131n\u0131n alt\u0131n\u0131 \u00e7izdi.<\/p>\n<p>\u00c7a\u011fda\u015f Gazeteciler Derne\u011fi Akdeniz \u015eube Ba\u015fkan\u0131 Ceren Deniz, gazetecilerin \u00f6zg\u00fcr habercilik yapamad\u0131\u011f\u0131n\u0131 s\u00f6yledi. Deniz \u015f\u00f6yle konu\u015ftu:<\/p>\n<p>\u201cGazetecili\u011fin su\u00e7 gibi g\u00f6sterildi\u011fi, halk\u0131n ger\u00e7ekleri \u00f6\u011frenme hakk\u0131n\u0131n sistematik bi\u00e7imde engellendi\u011fi bir d\u00f6nemde ya\u015f\u0131yoruz. Bizler halk\u0131n haber alma hakk\u0131n\u0131 savunuyor, eme\u011fin sesini k\u0131san karanl\u0131\u011fa kar\u015f\u0131 kalemimizle direniyoruz. Sans\u00fcr yasalar\u0131, ekonomik bask\u0131lar ve fiziksel tehditler bizi y\u0131ld\u0131ramaz. 1 May\u0131s\u2019ta alanlarday\u0131z \u00e7\u00fcnk\u00fc habersiz demokrasi olmaz.\u201d<\/p>\n<p>GAZETEC\u0130LERDEN DAYANI\u015eMA \u00c7A\u011eRISI<\/p>\n<p>Gazeteciler, mesleki haklar\u0131 kadar toplumun t\u00fcm kesimlerinin \u00f6zg\u00fcrl\u00fck ve adalet talepleriyle de ortakla\u015ft\u0131klar\u0131n\u0131 ifade etti. Bas\u0131n emek\u00e7ileri, t\u00fcm yurtta\u015flar\u0131 bask\u0131 ortam\u0131na kar\u015f\u0131 dayan\u0131\u015fmaya, \u00f6zg\u00fcrl\u00fck ve demokrasi i\u00e7in m\u00fccadeleye \u00e7a\u011f\u0131rd\u0131. 1 May\u0131s y\u00fcr\u00fcy\u00fc\u015f\u00fcne kat\u0131lan gazeteciler, Cumhuriyet Meydan\u0131\u2019nda miting alan\u0131nda da meslek \u00f6rg\u00fctleriyle birlikte yer ald\u0131. Etkinlik, m\u00fczik dinletileri ve halaylarla devam ederken \u00c7a\u011fda\u015f Gazeteciler Derne\u011fi Akdeniz \u015eubesi \u00fcyeleri, \u201cKalemimiz susmaz, ger\u00e7ekleri yazmaya devam edece\u011fiz\u201d mesaj\u0131 verdi.<\/p>\n<p>\u200bAntalya&#8217;da gazeteciler 1 May\u0131s Emek ve Dayan\u0131\u015fma G\u00fcn\u00fc\u2019nde \u00c7a\u011fda\u015f Gazeteciler Derne\u011fi Akdeniz \u015eubesi \u00e7at\u0131s\u0131 alt\u0131nda y\u00fcr\u00fcd\u00fc. Gazeteciler, Antalya M\u00fczesi&#8217;nden ba\u015flay\u0131p, Cumhuriyet Meydan\u0131&#8217;nda sona eren y\u00fcr\u00fcy\u00fc\u015fte, \u201c\u00d6zg\u00fcr bas\u0131n susmayacak\u201d ve \u201cHabersiz demokrasi olmaz\u201d sloganlar\u0131 att\u0131\u00a0<\/p>\n<p>\u200bHaberin Al\u0131nt\u0131land\u0131\u011f\u0131 Kaynak: www.antalyakorfez.com<\/p>","protected":false},"excerpt":{"rendered":"<p>Antalya\u2019da 1 May\u0131s Emek ve Dayan\u0131\u015fma G\u00fcn\u00fc, geni\u015f kat\u0131l\u0131ml\u0131 bir y\u00fcr\u00fcy\u00fc\u015fle kutland\u0131. Antalya M\u00fczesi \u00f6n\u00fcnde toplanan sendikalar, siyasi partiler, meslek \u00f6rg\u00fctleri ve kitle \u00f6rg\u00fctleri kortejler halinde Cumhuriyet Meydan\u0131\u2019na y\u00fcr\u00fcrken, bas\u0131n emek\u00e7ileri de alanlardayd\u0131. \u00c7a\u011fda\u015f Gazeteciler Derne\u011fi (\u00c7GD) Akdeniz \u015eubesi \u00e7at\u0131s\u0131 alt\u0131nda y\u00fcr\u00fcyen gazeteciler, y\u00fcr\u00fcy\u00fc\u015f boyunca ta\u015f\u0131d\u0131klar\u0131 d\u00f6vizler ve att\u0131klar\u0131 sloganlarla bas\u0131n \u00f6zg\u00fcrl\u00fc\u011f\u00fc m\u00fccadelesine dikkat \u00e7ekti. \u201cSANS\u00dcRE, BASKIYA KAR\u015eI HALKIN HABER ALMA HAKKI \u0130\u00c7\u0130N BURADAYIZ\u201d \u201c\u00d6zg\u00fcr bas\u0131n susmayacak\u201d, \u201cHabersiz demokrasi olmaz\u201d, \u201c\u00d6zg\u00fcr bas\u0131n demokratik T\u00fcrkiye\u201d sloganlar\u0131yla y\u00fcr\u00fcyen gazeteciler, iktidar bask\u0131s\u0131, sans\u00fcr yasalar\u0131, oto sans\u00fcr ortam\u0131 ve artan gazeteci tutuklamalar\u0131na kar\u015f\u0131 ses y\u00fckseltti. Gazeteciler, ta\u015f\u0131d\u0131klar\u0131 \u201cBas\u0131n susturulamaz\u201d, \u201cHalk i\u00e7in gazetecilik su\u00e7 de\u011fildir\u201d d\u00f6vizleriyle mesleki haklar\u0131n\u0131n ve kamuoyunun haber alma hakk\u0131n\u0131n alt\u0131n\u0131 \u00e7izdi. \u00c7a\u011fda\u015f Gazeteciler Derne\u011fi Akdeniz \u015eube Ba\u015fkan\u0131 Ceren Deniz, gazetecilerin \u00f6zg\u00fcr habercilik yapamad\u0131\u011f\u0131n\u0131 s\u00f6yledi. Deniz \u015f\u00f6yle konu\u015ftu: \u201cGazetecili\u011fin su\u00e7 gibi g\u00f6sterildi\u011fi, halk\u0131n ger\u00e7ekleri \u00f6\u011frenme hakk\u0131n\u0131n sistematik bi\u00e7imde engellendi\u011fi bir d\u00f6nemde ya\u015f\u0131yoruz. Bizler halk\u0131n haber alma hakk\u0131n\u0131 savunuyor, eme\u011fin sesini k\u0131san karanl\u0131\u011fa kar\u015f\u0131 kalemimizle direniyoruz. Sans\u00fcr yasalar\u0131, ekonomik bask\u0131lar ve fiziksel tehditler bizi y\u0131ld\u0131ramaz. 1 May\u0131s\u2019ta alanlarday\u0131z \u00e7\u00fcnk\u00fc habersiz demokrasi olmaz.\u201d GAZETEC\u0130LERDEN DAYANI\u015eMA \u00c7A\u011eRISI Gazeteciler, mesleki haklar\u0131 kadar toplumun t\u00fcm kesimlerinin \u00f6zg\u00fcrl\u00fck ve adalet talepleriyle de ortakla\u015ft\u0131klar\u0131n\u0131 ifade etti. Bas\u0131n emek\u00e7ileri, t\u00fcm yurtta\u015flar\u0131 bask\u0131 ortam\u0131na kar\u015f\u0131 dayan\u0131\u015fmaya, \u00f6zg\u00fcrl\u00fck ve demokrasi i\u00e7in m\u00fccadeleye &hellip;<\/p>","protected":false},"author":5,"featured_media":0,"comment_status":"","ping_status":"open","sticky":false,"template":"","format":"standard","meta":{"_acf_changed":false,"footnotes":""},"categories":[24],"tags":[],"class_list":["post-72741","post","type-post","status-publish","format-standard","has-post-thumbnail","hentry","category-gundem"],"acf":[],"yoast_head":"<!-- This site is optimized with the Yoast SEO Premium plugin v26.6 (Yoast SEO v27.1.1) - https:\/\/yoast.com\/product\/yoast-seo-premium-wordpress\/ -->\n<title>Antalya&#039;da \u201cHabersiz demokrasi olmaz\u201d diyen gazeteciler 1 May\u0131s\u2019ta meydandayd\u0131 - Av. Deniz Can K\u0131z\u0131l<\/title>\n<meta name=\"robots\" content=\"index, follow, max-snippet:-1, max-image-preview:large, max-video-preview:-1\" \/>\n<link rel=\"canonical\" href=\"https:\/\/denizcankizil.tr\/en\/haberler\/gundem\/antalyada-habersiz-demokrasi-olmaz-diyen-gazeteciler-1-mayista-meydandaydi\/\" \/>\n<meta property=\"og:locale\" content=\"en_GB\" \/>\n<meta property=\"og:type\" content=\"article\" \/>\n<meta property=\"og:title\" content=\"Antalya&#039;da \u201cHabersiz demokrasi olmaz\u201d diyen gazeteciler 1 May\u0131s\u2019ta meydandayd\u0131\" \/>\n<meta property=\"og:description\" content=\"Antalya\u2019da 1 May\u0131s Emek ve Dayan\u0131\u015fma G\u00fcn\u00fc, geni\u015f kat\u0131l\u0131ml\u0131 bir y\u00fcr\u00fcy\u00fc\u015fle kutland\u0131. Antalya M\u00fczesi \u00f6n\u00fcnde toplanan sendikalar, siyasi partiler, meslek \u00f6rg\u00fctleri ve kitle \u00f6rg\u00fctleri kortejler halinde Cumhuriyet Meydan\u0131\u2019na y\u00fcr\u00fcrken, bas\u0131n emek\u00e7ileri de alanlardayd\u0131. \u00c7a\u011fda\u015f Gazeteciler Derne\u011fi (\u00c7GD) Akdeniz \u015eubesi \u00e7at\u0131s\u0131 alt\u0131nda y\u00fcr\u00fcyen gazeteciler, y\u00fcr\u00fcy\u00fc\u015f boyunca ta\u015f\u0131d\u0131klar\u0131 d\u00f6vizler ve att\u0131klar\u0131 sloganlarla bas\u0131n \u00f6zg\u00fcrl\u00fc\u011f\u00fc m\u00fccadelesine dikkat \u00e7ekti. \u201cSANS\u00dcRE, BASKIYA KAR\u015eI HALKIN HABER ALMA HAKKI \u0130\u00c7\u0130N BURADAYIZ\u201d \u201c\u00d6zg\u00fcr bas\u0131n susmayacak\u201d, \u201cHabersiz demokrasi olmaz\u201d, \u201c\u00d6zg\u00fcr bas\u0131n demokratik T\u00fcrkiye\u201d sloganlar\u0131yla y\u00fcr\u00fcyen gazeteciler, iktidar bask\u0131s\u0131, sans\u00fcr yasalar\u0131, oto sans\u00fcr ortam\u0131 ve artan gazeteci tutuklamalar\u0131na kar\u015f\u0131 ses y\u00fckseltti. Gazeteciler, ta\u015f\u0131d\u0131klar\u0131 \u201cBas\u0131n susturulamaz\u201d, \u201cHalk i\u00e7in gazetecilik su\u00e7 de\u011fildir\u201d d\u00f6vizleriyle mesleki haklar\u0131n\u0131n ve kamuoyunun haber alma hakk\u0131n\u0131n alt\u0131n\u0131 \u00e7izdi. \u00c7a\u011fda\u015f Gazeteciler Derne\u011fi Akdeniz \u015eube Ba\u015fkan\u0131 Ceren Deniz, gazetecilerin \u00f6zg\u00fcr habercilik yapamad\u0131\u011f\u0131n\u0131 s\u00f6yledi. Deniz \u015f\u00f6yle konu\u015ftu: \u201cGazetecili\u011fin su\u00e7 gibi g\u00f6sterildi\u011fi, halk\u0131n ger\u00e7ekleri \u00f6\u011frenme hakk\u0131n\u0131n sistematik bi\u00e7imde engellendi\u011fi bir d\u00f6nemde ya\u015f\u0131yoruz. Bizler halk\u0131n haber alma hakk\u0131n\u0131 savunuyor, eme\u011fin sesini k\u0131san karanl\u0131\u011fa kar\u015f\u0131 kalemimizle direniyoruz. Sans\u00fcr yasalar\u0131, ekonomik bask\u0131lar ve fiziksel tehditler bizi y\u0131ld\u0131ramaz. 1 May\u0131s\u2019ta alanlarday\u0131z \u00e7\u00fcnk\u00fc habersiz demokrasi olmaz.\u201d GAZETEC\u0130LERDEN DAYANI\u015eMA \u00c7A\u011eRISI Gazeteciler, mesleki haklar\u0131 kadar toplumun t\u00fcm kesimlerinin \u00f6zg\u00fcrl\u00fck ve adalet talepleriyle de ortakla\u015ft\u0131klar\u0131n\u0131 ifade etti. Bas\u0131n emek\u00e7ileri, t\u00fcm yurtta\u015flar\u0131 bask\u0131 ortam\u0131na kar\u015f\u0131 dayan\u0131\u015fmaya, \u00f6zg\u00fcrl\u00fck ve demokrasi i\u00e7in m\u00fccadeleye &hellip;\" \/>\n<meta property=\"og:url\" content=\"https:\/\/denizcankizil.tr\/en\/haberler\/gundem\/antalyada-habersiz-demokrasi-olmaz-diyen-gazeteciler-1-mayista-meydandaydi\/\" \/>\n<meta property=\"og:site_name\" content=\"Av. Deniz Can K\u0131z\u0131l\" \/>\n<meta property=\"article:published_time\" content=\"2025-05-01T15:41:21+00:00\" \/>\n<meta name=\"author\" content=\"Antalya K\u00f6rfez\" \/>\n<meta name=\"twitter:card\" content=\"summary_large_image\" \/>\n<meta name=\"twitter:label1\" content=\"Written by\" \/>\n\t<meta name=\"twitter:data1\" content=\"Antalya K\u00f6rfez\" \/>\n\t<meta name=\"twitter:label2\" content=\"Estimated reading time\" \/>\n\t<meta name=\"twitter:data2\" content=\"2 minutes\" \/>\n<script type=\"application\/ld+json\" class=\"yoast-schema-graph\">{\"@context\":\"https:\/\/schema.org\",\"@graph\":[{\"@type\":\"Article\",\"@id\":\"https:\/\/denizcankizil.tr\/en\/haberler\/gundem\/antalyada-habersiz-demokrasi-olmaz-diyen-gazeteciler-1-mayista-meydandaydi\/#article\",\"isPartOf\":{\"@id\":\"https:\/\/denizcankizil.tr\/en\/haberler\/gundem\/antalyada-habersiz-demokrasi-olmaz-diyen-gazeteciler-1-mayista-meydandaydi\/\"},\"author\":{\"name\":\"Antalya K\u00f6rfez\",\"@id\":\"https:\/\/denizcankizil.tr\/de\/#\/schema\/person\/e1eb71bb4dd684d46563f0af307e1234\"},\"headline\":\"Antalya&#8217;da \u201cHabersiz demokrasi olmaz\u201d diyen gazeteciler 1 May\u0131s\u2019ta meydandayd\u0131\",\"datePublished\":\"2025-05-01T15:41:21+00:00\",\"mainEntityOfPage\":{\"@id\":\"https:\/\/denizcankizil.tr\/en\/haberler\/gundem\/antalyada-habersiz-demokrasi-olmaz-diyen-gazeteciler-1-mayista-meydandaydi\/\"},\"wordCount\":429,\"publisher\":{\"@id\":\"https:\/\/denizcankizil.tr\/de\/#organization\"},\"articleSection\":[\"G\u00fcndem\"],\"inLanguage\":\"en-GB\"},{\"@type\":\"WebPage\",\"@id\":\"https:\/\/denizcankizil.tr\/en\/haberler\/gundem\/antalyada-habersiz-demokrasi-olmaz-diyen-gazeteciler-1-mayista-meydandaydi\/\",\"url\":\"https:\/\/denizcankizil.tr\/en\/haberler\/gundem\/antalyada-habersiz-demokrasi-olmaz-diyen-gazeteciler-1-mayista-meydandaydi\/\",\"name\":\"Antalya'da \u201cHabersiz demokrasi olmaz\u201d diyen gazeteciler 1 May\u0131s\u2019ta meydandayd\u0131 - Av. Deniz Can K\u0131z\u0131l\",\"isPartOf\":{\"@id\":\"https:\/\/denizcankizil.tr\/de\/#website\"},\"datePublished\":\"2025-05-01T15:41:21+00:00\",\"breadcrumb\":{\"@id\":\"https:\/\/denizcankizil.tr\/en\/haberler\/gundem\/antalyada-habersiz-demokrasi-olmaz-diyen-gazeteciler-1-mayista-meydandaydi\/#breadcrumb\"},\"inLanguage\":\"en-GB\",\"potentialAction\":[{\"@type\":\"ReadAction\",\"target\":[\"https:\/\/denizcankizil.tr\/en\/haberler\/gundem\/antalyada-habersiz-demokrasi-olmaz-diyen-gazeteciler-1-mayista-meydandaydi\/\"]}]},{\"@type\":\"BreadcrumbList\",\"@id\":\"https:\/\/denizcankizil.tr\/en\/haberler\/gundem\/antalyada-habersiz-demokrasi-olmaz-diyen-gazeteciler-1-mayista-meydandaydi\/#breadcrumb\",\"itemListElement\":[{\"@type\":\"ListItem\",\"position\":1,\"name\":\"Home\",\"item\":\"https:\/\/denizcankizil.tr\/de\/\"},{\"@type\":\"ListItem\",\"position\":2,\"name\":\"Antalya&#8217;da \u201cHabersiz demokrasi olmaz\u201d diyen gazeteciler 1 May\u0131s\u2019ta meydandayd\u0131\"}]},{\"@type\":\"WebSite\",\"@id\":\"https:\/\/denizcankizil.tr\/de\/#website\",\"url\":\"https:\/\/denizcankizil.tr\/de\/\",\"name\":\"Av. Deniz Can K\u0131z\u0131l\",\"description\":\"Avukat Deniz Can K\u0131z\u0131l Antalya Barosu\",\"publisher\":{\"@id\":\"https:\/\/denizcankizil.tr\/de\/#organization\"},\"potentialAction\":[{\"@type\":\"SearchAction\",\"target\":{\"@type\":\"EntryPoint\",\"urlTemplate\":\"https:\/\/denizcankizil.tr\/de\/?s={search_term_string}\"},\"query-input\":{\"@type\":\"PropertyValueSpecification\",\"valueRequired\":true,\"valueName\":\"search_term_string\"}}],\"inLanguage\":\"en-GB\"},{\"@type\":\"Organization\",\"@id\":\"https:\/\/denizcankizil.tr\/de\/#organization\",\"name\":\"Av. Deniz Can K\u0131z\u0131l\",\"url\":\"https:\/\/denizcankizil.tr\/de\/\",\"logo\":{\"@type\":\"ImageObject\",\"inLanguage\":\"en-GB\",\"@id\":\"https:\/\/denizcankizil.tr\/de\/#\/schema\/logo\/image\/\",\"url\":\"https:\/\/denizcankizil.tr\/wp-content\/uploads\/2024\/10\/siyah-logo-svg.svg\",\"contentUrl\":\"https:\/\/denizcankizil.tr\/wp-content\/uploads\/2024\/10\/siyah-logo-svg.svg\",\"width\":1080,\"height\":1080,\"caption\":\"Av. Deniz Can K\u0131z\u0131l\"},\"image\":{\"@id\":\"https:\/\/denizcankizil.tr\/de\/#\/schema\/logo\/image\/\"}},{\"@type\":\"Person\",\"@id\":\"https:\/\/denizcankizil.tr\/de\/#\/schema\/person\/e1eb71bb4dd684d46563f0af307e1234\",\"name\":\"Antalya K\u00f6rfez\",\"image\":{\"@type\":\"ImageObject\",\"inLanguage\":\"en-GB\",\"@id\":\"https:\/\/denizcankizil.tr\/de\/#\/schema\/person\/image\/\",\"url\":\"https:\/\/secure.gravatar.com\/avatar\/42b01982558a48a0b501fdcab6a408d3717ea5919095ee2e67b0e521799c5905?s=96&d=mm&r=g\",\"contentUrl\":\"https:\/\/secure.gravatar.com\/avatar\/42b01982558a48a0b501fdcab6a408d3717ea5919095ee2e67b0e521799c5905?s=96&d=mm&r=g\",\"caption\":\"Antalya K\u00f6rfez\"},\"sameAs\":[\"http:\/\/www.antalyakorfez.com\"],\"url\":\"https:\/\/www.antalyakorfez.com\/antalyada-habersiz-demokrasi-olmaz-diyen-gazeteciler-1-mayista-meydandaydi\"}]}<\/script>\n<!-- \/ Yoast SEO Premium plugin. -->","yoast_head_json":{"title":"Antalya'da \u201cHabersiz demokrasi olmaz\u201d diyen gazeteciler 1 May\u0131s\u2019ta meydandayd\u0131 - Av. Deniz Can K\u0131z\u0131l","robots":{"index":"index","follow":"follow","max-snippet":"max-snippet:-1","max-image-preview":"max-image-preview:large","max-video-preview":"max-video-preview:-1"},"canonical":"https:\/\/denizcankizil.tr\/en\/haberler\/gundem\/antalyada-habersiz-demokrasi-olmaz-diyen-gazeteciler-1-mayista-meydandaydi\/","og_locale":"en_GB","og_type":"article","og_title":"Antalya'da \u201cHabersiz demokrasi olmaz\u201d diyen gazeteciler 1 May\u0131s\u2019ta meydandayd\u0131","og_description":"Antalya\u2019da 1 May\u0131s Emek ve Dayan\u0131\u015fma G\u00fcn\u00fc, geni\u015f kat\u0131l\u0131ml\u0131 bir y\u00fcr\u00fcy\u00fc\u015fle kutland\u0131. Antalya M\u00fczesi \u00f6n\u00fcnde toplanan sendikalar, siyasi partiler, meslek \u00f6rg\u00fctleri ve kitle \u00f6rg\u00fctleri kortejler halinde Cumhuriyet Meydan\u0131\u2019na y\u00fcr\u00fcrken, bas\u0131n emek\u00e7ileri de alanlardayd\u0131. \u00c7a\u011fda\u015f Gazeteciler Derne\u011fi (\u00c7GD) Akdeniz \u015eubesi \u00e7at\u0131s\u0131 alt\u0131nda y\u00fcr\u00fcyen gazeteciler, y\u00fcr\u00fcy\u00fc\u015f boyunca ta\u015f\u0131d\u0131klar\u0131 d\u00f6vizler ve att\u0131klar\u0131 sloganlarla bas\u0131n \u00f6zg\u00fcrl\u00fc\u011f\u00fc m\u00fccadelesine dikkat \u00e7ekti. \u201cSANS\u00dcRE, BASKIYA KAR\u015eI HALKIN HABER ALMA HAKKI \u0130\u00c7\u0130N BURADAYIZ\u201d \u201c\u00d6zg\u00fcr bas\u0131n susmayacak\u201d, \u201cHabersiz demokrasi olmaz\u201d, \u201c\u00d6zg\u00fcr bas\u0131n demokratik T\u00fcrkiye\u201d sloganlar\u0131yla y\u00fcr\u00fcyen gazeteciler, iktidar bask\u0131s\u0131, sans\u00fcr yasalar\u0131, oto sans\u00fcr ortam\u0131 ve artan gazeteci tutuklamalar\u0131na kar\u015f\u0131 ses y\u00fckseltti. Gazeteciler, ta\u015f\u0131d\u0131klar\u0131 \u201cBas\u0131n susturulamaz\u201d, \u201cHalk i\u00e7in gazetecilik su\u00e7 de\u011fildir\u201d d\u00f6vizleriyle mesleki haklar\u0131n\u0131n ve kamuoyunun haber alma hakk\u0131n\u0131n alt\u0131n\u0131 \u00e7izdi. \u00c7a\u011fda\u015f Gazeteciler Derne\u011fi Akdeniz \u015eube Ba\u015fkan\u0131 Ceren Deniz, gazetecilerin \u00f6zg\u00fcr habercilik yapamad\u0131\u011f\u0131n\u0131 s\u00f6yledi. Deniz \u015f\u00f6yle konu\u015ftu: \u201cGazetecili\u011fin su\u00e7 gibi g\u00f6sterildi\u011fi, halk\u0131n ger\u00e7ekleri \u00f6\u011frenme hakk\u0131n\u0131n sistematik bi\u00e7imde engellendi\u011fi bir d\u00f6nemde ya\u015f\u0131yoruz. Bizler halk\u0131n haber alma hakk\u0131n\u0131 savunuyor, eme\u011fin sesini k\u0131san karanl\u0131\u011fa kar\u015f\u0131 kalemimizle direniyoruz. Sans\u00fcr yasalar\u0131, ekonomik bask\u0131lar ve fiziksel tehditler bizi y\u0131ld\u0131ramaz. 1 May\u0131s\u2019ta alanlarday\u0131z \u00e7\u00fcnk\u00fc habersiz demokrasi olmaz.\u201d GAZETEC\u0130LERDEN DAYANI\u015eMA \u00c7A\u011eRISI Gazeteciler, mesleki haklar\u0131 kadar toplumun t\u00fcm kesimlerinin \u00f6zg\u00fcrl\u00fck ve adalet talepleriyle de ortakla\u015ft\u0131klar\u0131n\u0131 ifade etti. Bas\u0131n emek\u00e7ileri, t\u00fcm yurtta\u015flar\u0131 bask\u0131 ortam\u0131na kar\u015f\u0131 dayan\u0131\u015fmaya, \u00f6zg\u00fcrl\u00fck ve demokrasi i\u00e7in m\u00fccadeleye &hellip;","og_url":"https:\/\/denizcankizil.tr\/en\/haberler\/gundem\/antalyada-habersiz-demokrasi-olmaz-diyen-gazeteciler-1-mayista-meydandaydi\/","og_site_name":"Av. Deniz Can K\u0131z\u0131l","article_published_time":"2025-05-01T15:41:21+00:00","author":"Antalya K\u00f6rfez","twitter_card":"summary_large_image","twitter_misc":{"Written by":"Antalya K\u00f6rfez","Estimated reading time":"2 minutes"},"schema":{"@context":"https:\/\/schema.org","@graph":[{"@type":"Article","@id":"https:\/\/denizcankizil.tr\/en\/haberler\/gundem\/antalyada-habersiz-demokrasi-olmaz-diyen-gazeteciler-1-mayista-meydandaydi\/#article","isPartOf":{"@id":"https:\/\/denizcankizil.tr\/en\/haberler\/gundem\/antalyada-habersiz-demokrasi-olmaz-diyen-gazeteciler-1-mayista-meydandaydi\/"},"author":{"name":"Antalya K\u00f6rfez","@id":"https:\/\/denizcankizil.tr\/de\/#\/schema\/person\/e1eb71bb4dd684d46563f0af307e1234"},"headline":"Antalya&#8217;da \u201cHabersiz demokrasi olmaz\u201d diyen gazeteciler 1 May\u0131s\u2019ta meydandayd\u0131","datePublished":"2025-05-01T15:41:21+00:00","mainEntityOfPage":{"@id":"https:\/\/denizcankizil.tr\/en\/haberler\/gundem\/antalyada-habersiz-demokrasi-olmaz-diyen-gazeteciler-1-mayista-meydandaydi\/"},"wordCount":429,"publisher":{"@id":"https:\/\/denizcankizil.tr\/de\/#organization"},"articleSection":["G\u00fcndem"],"inLanguage":"en-GB"},{"@type":"WebPage","@id":"https:\/\/denizcankizil.tr\/en\/haberler\/gundem\/antalyada-habersiz-demokrasi-olmaz-diyen-gazeteciler-1-mayista-meydandaydi\/","url":"https:\/\/denizcankizil.tr\/en\/haberler\/gundem\/antalyada-habersiz-demokrasi-olmaz-diyen-gazeteciler-1-mayista-meydandaydi\/","name":"Antalya'da \u201cHabersiz demokrasi olmaz\u201d diyen gazeteciler 1 May\u0131s\u2019ta meydandayd\u0131 - Av. Deniz Can K\u0131z\u0131l","isPartOf":{"@id":"https:\/\/denizcankizil.tr\/de\/#website"},"datePublished":"2025-05-01T15:41:21+00:00","breadcrumb":{"@id":"https:\/\/denizcankizil.tr\/en\/haberler\/gundem\/antalyada-habersiz-demokrasi-olmaz-diyen-gazeteciler-1-mayista-meydandaydi\/#breadcrumb"},"inLanguage":"en-GB","potentialAction":[{"@type":"ReadAction","target":["https:\/\/denizcankizil.tr\/en\/haberler\/gundem\/antalyada-habersiz-demokrasi-olmaz-diyen-gazeteciler-1-mayista-meydandaydi\/"]}]},{"@type":"BreadcrumbList","@id":"https:\/\/denizcankizil.tr\/en\/haberler\/gundem\/antalyada-habersiz-demokrasi-olmaz-diyen-gazeteciler-1-mayista-meydandaydi\/#breadcrumb","itemListElement":[{"@type":"ListItem","position":1,"name":"Home","item":"https:\/\/denizcankizil.tr\/de\/"},{"@type":"ListItem","position":2,"name":"Antalya&#8217;da \u201cHabersiz demokrasi olmaz\u201d diyen gazeteciler 1 May\u0131s\u2019ta meydandayd\u0131"}]},{"@type":"WebSite","@id":"https:\/\/denizcankizil.tr\/de\/#website","url":"https:\/\/denizcankizil.tr\/de\/","name":"Av. Deniz Can K\u0131z\u0131l","description":"Avukat Deniz Can K\u0131z\u0131l Antalya Barosu","publisher":{"@id":"https:\/\/denizcankizil.tr\/de\/#organization"},"potentialAction":[{"@type":"SearchAction","target":{"@type":"EntryPoint","urlTemplate":"https:\/\/denizcankizil.tr\/de\/?s={search_term_string}"},"query-input":{"@type":"PropertyValueSpecification","valueRequired":true,"valueName":"search_term_string"}}],"inLanguage":"en-GB"},{"@type":"Organization","@id":"https:\/\/denizcankizil.tr\/de\/#organization","name":"Av. Deniz Can K\u0131z\u0131l","url":"https:\/\/denizcankizil.tr\/de\/","logo":{"@type":"ImageObject","inLanguage":"en-GB","@id":"https:\/\/denizcankizil.tr\/de\/#\/schema\/logo\/image\/","url":"https:\/\/denizcankizil.tr\/wp-content\/uploads\/2024\/10\/siyah-logo-svg.svg","contentUrl":"https:\/\/denizcankizil.tr\/wp-content\/uploads\/2024\/10\/siyah-logo-svg.svg","width":1080,"height":1080,"caption":"Av. Deniz Can K\u0131z\u0131l"},"image":{"@id":"https:\/\/denizcankizil.tr\/de\/#\/schema\/logo\/image\/"}},{"@type":"Person","@id":"https:\/\/denizcankizil.tr\/de\/#\/schema\/person\/e1eb71bb4dd684d46563f0af307e1234","name":"Antalya K\u00f6rfez","image":{"@type":"ImageObject","inLanguage":"en-GB","@id":"https:\/\/denizcankizil.tr\/de\/#\/schema\/person\/image\/","url":"https:\/\/secure.gravatar.com\/avatar\/42b01982558a48a0b501fdcab6a408d3717ea5919095ee2e67b0e521799c5905?s=96&d=mm&r=g","contentUrl":"https:\/\/secure.gravatar.com\/avatar\/42b01982558a48a0b501fdcab6a408d3717ea5919095ee2e67b0e521799c5905?s=96&d=mm&r=g","caption":"Antalya K\u00f6rfez"},"sameAs":["http:\/\/www.antalyakorfez.com"],"url":"https:\/\/www.antalyakorfez.com\/antalyada-habersiz-demokrasi-olmaz-diyen-gazeteciler-1-mayista-meydandaydi"}]}},"_links":{"self":[{"href":"https:\/\/denizcankizil.tr\/en\/wp-json\/wp\/v2\/posts\/72741","targetHints":{"allow":["GET"]}}],"collection":[{"href":"https:\/\/denizcankizil.tr\/en\/wp-json\/wp\/v2\/posts"}],"about":[{"href":"https:\/\/denizcankizil.tr\/en\/wp-json\/wp\/v2\/types\/post"}],"author":[{"embeddable":true,"href":"https:\/\/denizcankizil.tr\/en\/wp-json\/wp\/v2\/users\/5"}],"replies":[{"embeddable":true,"href":"https:\/\/denizcankizil.tr\/en\/wp-json\/wp\/v2\/comments?post=72741"}],"version-history":[{"count":0,"href":"https:\/\/denizcankizil.tr\/en\/wp-json\/wp\/v2\/posts\/72741\/revisions"}],"wp:attachment":[{"href":"https:\/\/denizcankizil.tr\/en\/wp-json\/wp\/v2\/media?parent=72741"}],"wp:term":[{"taxonomy":"category","embeddable":true,"href":"https:\/\/denizcankizil.tr\/en\/wp-json\/wp\/v2\/categories?post=72741"},{"taxonomy":"post_tag","embeddable":true,"href":"https:\/\/denizcankizil.tr\/en\/wp-json\/wp\/v2\/tags?post=72741"}],"curies":[{"name":"wp","href":"https:\/\/api.w.org\/{rel}","templated":true}]}}