{"id":72739,"date":"2025-05-01T18:41:19","date_gmt":"2025-05-01T15:41:19","guid":{"rendered":"https:\/\/denizcankizil.tr\/uncategorized-tr\/antalya-serikte-deprem-mi-oldu-baskan-bocek-mesaj-yayinladi\/"},"modified":"2025-05-01T18:41:19","modified_gmt":"2025-05-01T15:41:19","slug":"antalya-serikte-deprem-mi-oldu-baskan-bocek-mesaj-yayinladi","status":"publish","type":"post","link":"https:\/\/denizcankizil.tr\/en\/haberler\/gundem\/antalya-serikte-deprem-mi-oldu-baskan-bocek-mesaj-yayinladi\/","title":{"rendered":"Antalya Serik\u2019te deprem mi oldu? Ba\u015fkan B\u00f6cek mesaj yay\u0131nlad\u0131"},"content":{"rendered":"<p>Antalya&#8217;n\u0131n Serik il\u00e7esi Hac\u0131osmanlar Mahallesi&#8217;nde bug\u00fcn saat 17.43&#8217;te 4.0 b\u00fcy\u00fckl\u00fc\u011f\u00fcnde bir deprem meydana geldi. AFAD verilerine g\u00f6re depremin derinli\u011fi 98 kilometre olarak \u00f6l\u00e7\u00fcld\u00fc. Deprem, \u00e7evre illerde de hafif hissedildi. \u0130lk belirlemelere g\u00f6re herhangi bir can veya mal kayb\u0131 ya\u015fanmad\u0131.<\/p>\n<p>BA\u015eKAN B\u00d6CEK: &#8220;GE\u00c7M\u0130\u015e OLSUN ANTALYA&#8217;M&#8221;<\/p>\n<p>Depremin ard\u0131ndan Antalya B\u00fcy\u00fck\u015fehir Belediye Ba\u015fkan\u0131 Muhittin B\u00f6cek sosyal medya hesab\u0131ndan bir a\u00e7\u0131klama yapt\u0131. B\u00f6cek, &#8220;Antalya Serik\u2019te meydana gelen depremden etkilenen t\u00fcm vatanda\u015flar\u0131m\u0131za ge\u00e7mi\u015f olsun dileklerimi iletiyorum. \u015eu an i\u00e7in ekiplerimize bildirilen herhangi bir olumsuz ihbar bulunmamaktad\u0131r. Ge\u00e7mi\u015f olsun Antalya\u2019m&#8221; ifadelerini kulland\u0131.<\/p>\n<p>Yetkililer, vatanda\u015flar\u0131 resmi kaynaklar\u0131 takip etmeleri ve pani\u011fe kap\u0131lmamalar\u0131 konusunda uyard\u0131.<\/p>\n<p>\u200bAntalya&#8217;n\u0131n Serik il\u00e7esinde 4.0 b\u00fcy\u00fckl\u00fc\u011f\u00fcnde bir deprem meydana geldi\u011fi bildirildi. Antalya B\u00fcy\u00fck\u015fehir Belediye Ba\u015fkan\u0131 Muhittin B\u00f6cek, &#8220;Ge\u00e7mi\u015f olsun Antalya&#8217;m&#8221; mesaj\u0131 payla\u015ft\u0131.\u00a0<\/p>\n<p>\u200bHaberin Al\u0131nt\u0131land\u0131\u011f\u0131 Kaynak: www.antalyakorfez.com<\/p>","protected":false},"excerpt":{"rendered":"<p>Antalya&#8217;n\u0131n Serik il\u00e7esi Hac\u0131osmanlar Mahallesi&#8217;nde bug\u00fcn saat 17.43&#8217;te 4.0 b\u00fcy\u00fckl\u00fc\u011f\u00fcnde bir deprem meydana geldi. AFAD verilerine g\u00f6re depremin derinli\u011fi 98 kilometre olarak \u00f6l\u00e7\u00fcld\u00fc. Deprem, \u00e7evre illerde de hafif hissedildi. \u0130lk belirlemelere g\u00f6re herhangi bir can veya mal kayb\u0131 ya\u015fanmad\u0131. BA\u015eKAN B\u00d6CEK: &#8220;GE\u00c7M\u0130\u015e OLSUN ANTALYA&#8217;M&#8221; Depremin ard\u0131ndan Antalya B\u00fcy\u00fck\u015fehir Belediye Ba\u015fkan\u0131 Muhittin B\u00f6cek sosyal medya hesab\u0131ndan bir a\u00e7\u0131klama yapt\u0131. B\u00f6cek, &#8220;Antalya Serik\u2019te meydana gelen depremden etkilenen t\u00fcm vatanda\u015flar\u0131m\u0131za ge\u00e7mi\u015f olsun dileklerimi iletiyorum. \u015eu an i\u00e7in ekiplerimize bildirilen herhangi bir olumsuz ihbar bulunmamaktad\u0131r. Ge\u00e7mi\u015f olsun Antalya\u2019m&#8221; ifadelerini kulland\u0131. Yetkililer, vatanda\u015flar\u0131 resmi kaynaklar\u0131 takip etmeleri ve pani\u011fe kap\u0131lmamalar\u0131 konusunda uyard\u0131. \u200bAntalya&#8217;n\u0131n Serik il\u00e7esinde 4.0 b\u00fcy\u00fckl\u00fc\u011f\u00fcnde bir deprem meydana geldi\u011fi bildirildi. Antalya B\u00fcy\u00fck\u015fehir Belediye Ba\u015fkan\u0131 Muhittin B\u00f6cek, &#8220;Ge\u00e7mi\u015f olsun Antalya&#8217;m&#8221; mesaj\u0131 payla\u015ft\u0131.\u00a0 \u200bHaberin Al\u0131nt\u0131land\u0131\u011f\u0131 Kaynak: www.antalyakorfez.com<\/p>","protected":false},"author":5,"featured_media":0,"comment_status":"","ping_status":"open","sticky":false,"template":"","format":"standard","meta":{"_acf_changed":false,"footnotes":""},"categories":[24],"tags":[],"class_list":["post-72739","post","type-post","status-publish","format-standard","has-post-thumbnail","hentry","category-gundem"],"acf":[],"yoast_head":"<!-- This site is optimized with the Yoast SEO Premium plugin v26.6 (Yoast SEO v27.1.1) - https:\/\/yoast.com\/product\/yoast-seo-premium-wordpress\/ -->\n<title>Antalya Serik\u2019te deprem mi oldu? Ba\u015fkan B\u00f6cek mesaj yay\u0131nlad\u0131 - Av. Deniz Can K\u0131z\u0131l<\/title>\n<meta name=\"robots\" content=\"index, follow, max-snippet:-1, max-image-preview:large, max-video-preview:-1\" \/>\n<link rel=\"canonical\" href=\"https:\/\/denizcankizil.tr\/en\/haberler\/gundem\/antalya-serikte-deprem-mi-oldu-baskan-bocek-mesaj-yayinladi\/\" \/>\n<meta property=\"og:locale\" content=\"en_GB\" \/>\n<meta property=\"og:type\" content=\"article\" \/>\n<meta property=\"og:title\" content=\"Antalya Serik\u2019te deprem mi oldu? Ba\u015fkan B\u00f6cek mesaj yay\u0131nlad\u0131\" \/>\n<meta property=\"og:description\" content=\"Antalya&#8217;n\u0131n Serik il\u00e7esi Hac\u0131osmanlar Mahallesi&#8217;nde bug\u00fcn saat 17.43&#8217;te 4.0 b\u00fcy\u00fckl\u00fc\u011f\u00fcnde bir deprem meydana geldi. AFAD verilerine g\u00f6re depremin derinli\u011fi 98 kilometre olarak \u00f6l\u00e7\u00fcld\u00fc. Deprem, \u00e7evre illerde de hafif hissedildi. \u0130lk belirlemelere g\u00f6re herhangi bir can veya mal kayb\u0131 ya\u015fanmad\u0131. BA\u015eKAN B\u00d6CEK: &#8220;GE\u00c7M\u0130\u015e OLSUN ANTALYA&#8217;M&#8221; Depremin ard\u0131ndan Antalya B\u00fcy\u00fck\u015fehir Belediye Ba\u015fkan\u0131 Muhittin B\u00f6cek sosyal medya hesab\u0131ndan bir a\u00e7\u0131klama yapt\u0131. B\u00f6cek, &#8220;Antalya Serik\u2019te meydana gelen depremden etkilenen t\u00fcm vatanda\u015flar\u0131m\u0131za ge\u00e7mi\u015f olsun dileklerimi iletiyorum. \u015eu an i\u00e7in ekiplerimize bildirilen herhangi bir olumsuz ihbar bulunmamaktad\u0131r. Ge\u00e7mi\u015f olsun Antalya\u2019m&#8221; ifadelerini kulland\u0131. Yetkililer, vatanda\u015flar\u0131 resmi kaynaklar\u0131 takip etmeleri ve pani\u011fe kap\u0131lmamalar\u0131 konusunda uyard\u0131. \u200bAntalya&#8217;n\u0131n Serik il\u00e7esinde 4.0 b\u00fcy\u00fckl\u00fc\u011f\u00fcnde bir deprem meydana geldi\u011fi bildirildi. Antalya B\u00fcy\u00fck\u015fehir Belediye Ba\u015fkan\u0131 Muhittin B\u00f6cek, &#8220;Ge\u00e7mi\u015f olsun Antalya&#8217;m&#8221; mesaj\u0131 payla\u015ft\u0131.\u00a0 \u200bHaberin Al\u0131nt\u0131land\u0131\u011f\u0131 Kaynak: www.antalyakorfez.com\" \/>\n<meta property=\"og:url\" content=\"https:\/\/denizcankizil.tr\/en\/haberler\/gundem\/antalya-serikte-deprem-mi-oldu-baskan-bocek-mesaj-yayinladi\/\" \/>\n<meta property=\"og:site_name\" content=\"Av. Deniz Can K\u0131z\u0131l\" \/>\n<meta property=\"article:published_time\" content=\"2025-05-01T15:41:19+00:00\" \/>\n<meta name=\"author\" content=\"Antalya K\u00f6rfez\" \/>\n<meta name=\"twitter:card\" content=\"summary_large_image\" \/>\n<meta name=\"twitter:label1\" content=\"Written by\" \/>\n\t<meta name=\"twitter:data1\" content=\"Antalya K\u00f6rfez\" \/>\n\t<meta name=\"twitter:label2\" content=\"Estimated reading time\" \/>\n\t<meta name=\"twitter:data2\" content=\"1 minute\" \/>\n<script type=\"application\/ld+json\" class=\"yoast-schema-graph\">{\"@context\":\"https:\/\/schema.org\",\"@graph\":[{\"@type\":\"Article\",\"@id\":\"https:\/\/denizcankizil.tr\/en\/haberler\/gundem\/antalya-serikte-deprem-mi-oldu-baskan-bocek-mesaj-yayinladi\/#article\",\"isPartOf\":{\"@id\":\"https:\/\/denizcankizil.tr\/en\/haberler\/gundem\/antalya-serikte-deprem-mi-oldu-baskan-bocek-mesaj-yayinladi\/\"},\"author\":{\"name\":\"Antalya K\u00f6rfez\",\"@id\":\"https:\/\/denizcankizil.tr\/#\/schema\/person\/e1eb71bb4dd684d46563f0af307e1234\"},\"headline\":\"Antalya Serik\u2019te deprem mi oldu? Ba\u015fkan B\u00f6cek mesaj yay\u0131nlad\u0131\",\"datePublished\":\"2025-05-01T15:41:19+00:00\",\"mainEntityOfPage\":{\"@id\":\"https:\/\/denizcankizil.tr\/en\/haberler\/gundem\/antalya-serikte-deprem-mi-oldu-baskan-bocek-mesaj-yayinladi\/\"},\"wordCount\":191,\"publisher\":{\"@id\":\"https:\/\/denizcankizil.tr\/#organization\"},\"articleSection\":[\"G\u00fcndem\"],\"inLanguage\":\"en-GB\"},{\"@type\":\"WebPage\",\"@id\":\"https:\/\/denizcankizil.tr\/en\/haberler\/gundem\/antalya-serikte-deprem-mi-oldu-baskan-bocek-mesaj-yayinladi\/\",\"url\":\"https:\/\/denizcankizil.tr\/en\/haberler\/gundem\/antalya-serikte-deprem-mi-oldu-baskan-bocek-mesaj-yayinladi\/\",\"name\":\"Antalya Serik\u2019te deprem mi oldu? Ba\u015fkan B\u00f6cek mesaj yay\u0131nlad\u0131 - Av. Deniz Can K\u0131z\u0131l\",\"isPartOf\":{\"@id\":\"https:\/\/denizcankizil.tr\/#website\"},\"datePublished\":\"2025-05-01T15:41:19+00:00\",\"breadcrumb\":{\"@id\":\"https:\/\/denizcankizil.tr\/en\/haberler\/gundem\/antalya-serikte-deprem-mi-oldu-baskan-bocek-mesaj-yayinladi\/#breadcrumb\"},\"inLanguage\":\"en-GB\",\"potentialAction\":[{\"@type\":\"ReadAction\",\"target\":[\"https:\/\/denizcankizil.tr\/en\/haberler\/gundem\/antalya-serikte-deprem-mi-oldu-baskan-bocek-mesaj-yayinladi\/\"]}]},{\"@type\":\"BreadcrumbList\",\"@id\":\"https:\/\/denizcankizil.tr\/en\/haberler\/gundem\/antalya-serikte-deprem-mi-oldu-baskan-bocek-mesaj-yayinladi\/#breadcrumb\",\"itemListElement\":[{\"@type\":\"ListItem\",\"position\":1,\"name\":\"Home\",\"item\":\"https:\/\/denizcankizil.tr\/de\/\"},{\"@type\":\"ListItem\",\"position\":2,\"name\":\"Antalya Serik\u2019te deprem mi oldu? Ba\u015fkan B\u00f6cek mesaj yay\u0131nlad\u0131\"}]},{\"@type\":\"WebSite\",\"@id\":\"https:\/\/denizcankizil.tr\/#website\",\"url\":\"https:\/\/denizcankizil.tr\/\",\"name\":\"Av. Deniz Can K\u0131z\u0131l\",\"description\":\"Avukat Deniz Can K\u0131z\u0131l Antalya Barosu\",\"publisher\":{\"@id\":\"https:\/\/denizcankizil.tr\/#organization\"},\"potentialAction\":[{\"@type\":\"SearchAction\",\"target\":{\"@type\":\"EntryPoint\",\"urlTemplate\":\"https:\/\/denizcankizil.tr\/?s={search_term_string}\"},\"query-input\":{\"@type\":\"PropertyValueSpecification\",\"valueRequired\":true,\"valueName\":\"search_term_string\"}}],\"inLanguage\":\"en-GB\"},{\"@type\":\"Organization\",\"@id\":\"https:\/\/denizcankizil.tr\/#organization\",\"name\":\"Av. Deniz Can K\u0131z\u0131l\",\"url\":\"https:\/\/denizcankizil.tr\/\",\"logo\":{\"@type\":\"ImageObject\",\"inLanguage\":\"en-GB\",\"@id\":\"https:\/\/denizcankizil.tr\/#\/schema\/logo\/image\/\",\"url\":\"https:\/\/denizcankizil.tr\/wp-content\/uploads\/2024\/10\/siyah-logo-svg.svg\",\"contentUrl\":\"https:\/\/denizcankizil.tr\/wp-content\/uploads\/2024\/10\/siyah-logo-svg.svg\",\"width\":1080,\"height\":1080,\"caption\":\"Av. Deniz Can K\u0131z\u0131l\"},\"image\":{\"@id\":\"https:\/\/denizcankizil.tr\/#\/schema\/logo\/image\/\"}},{\"@type\":\"Person\",\"@id\":\"https:\/\/denizcankizil.tr\/#\/schema\/person\/e1eb71bb4dd684d46563f0af307e1234\",\"name\":\"Antalya K\u00f6rfez\",\"image\":{\"@type\":\"ImageObject\",\"inLanguage\":\"en-GB\",\"@id\":\"https:\/\/denizcankizil.tr\/#\/schema\/person\/image\/\",\"url\":\"https:\/\/secure.gravatar.com\/avatar\/42b01982558a48a0b501fdcab6a408d3717ea5919095ee2e67b0e521799c5905?s=96&d=mm&r=g\",\"contentUrl\":\"https:\/\/secure.gravatar.com\/avatar\/42b01982558a48a0b501fdcab6a408d3717ea5919095ee2e67b0e521799c5905?s=96&d=mm&r=g\",\"caption\":\"Antalya K\u00f6rfez\"},\"sameAs\":[\"http:\/\/www.antalyakorfez.com\"],\"url\":\"https:\/\/www.antalyakorfez.com\/antalya-serikte-deprem-mi-oldu-baskan-bocek-mesaj-yayinladi\"}]}<\/script>\n<!-- \/ Yoast SEO Premium plugin. -->","yoast_head_json":{"title":"Antalya Serik\u2019te deprem mi oldu? Ba\u015fkan B\u00f6cek mesaj yay\u0131nlad\u0131 - Av. Deniz Can K\u0131z\u0131l","robots":{"index":"index","follow":"follow","max-snippet":"max-snippet:-1","max-image-preview":"max-image-preview:large","max-video-preview":"max-video-preview:-1"},"canonical":"https:\/\/denizcankizil.tr\/en\/haberler\/gundem\/antalya-serikte-deprem-mi-oldu-baskan-bocek-mesaj-yayinladi\/","og_locale":"en_GB","og_type":"article","og_title":"Antalya Serik\u2019te deprem mi oldu? Ba\u015fkan B\u00f6cek mesaj yay\u0131nlad\u0131","og_description":"Antalya&#8217;n\u0131n Serik il\u00e7esi Hac\u0131osmanlar Mahallesi&#8217;nde bug\u00fcn saat 17.43&#8217;te 4.0 b\u00fcy\u00fckl\u00fc\u011f\u00fcnde bir deprem meydana geldi. AFAD verilerine g\u00f6re depremin derinli\u011fi 98 kilometre olarak \u00f6l\u00e7\u00fcld\u00fc. Deprem, \u00e7evre illerde de hafif hissedildi. \u0130lk belirlemelere g\u00f6re herhangi bir can veya mal kayb\u0131 ya\u015fanmad\u0131. BA\u015eKAN B\u00d6CEK: &#8220;GE\u00c7M\u0130\u015e OLSUN ANTALYA&#8217;M&#8221; Depremin ard\u0131ndan Antalya B\u00fcy\u00fck\u015fehir Belediye Ba\u015fkan\u0131 Muhittin B\u00f6cek sosyal medya hesab\u0131ndan bir a\u00e7\u0131klama yapt\u0131. B\u00f6cek, &#8220;Antalya Serik\u2019te meydana gelen depremden etkilenen t\u00fcm vatanda\u015flar\u0131m\u0131za ge\u00e7mi\u015f olsun dileklerimi iletiyorum. \u015eu an i\u00e7in ekiplerimize bildirilen herhangi bir olumsuz ihbar bulunmamaktad\u0131r. Ge\u00e7mi\u015f olsun Antalya\u2019m&#8221; ifadelerini kulland\u0131. Yetkililer, vatanda\u015flar\u0131 resmi kaynaklar\u0131 takip etmeleri ve pani\u011fe kap\u0131lmamalar\u0131 konusunda uyard\u0131. \u200bAntalya&#8217;n\u0131n Serik il\u00e7esinde 4.0 b\u00fcy\u00fckl\u00fc\u011f\u00fcnde bir deprem meydana geldi\u011fi bildirildi. Antalya B\u00fcy\u00fck\u015fehir Belediye Ba\u015fkan\u0131 Muhittin B\u00f6cek, &#8220;Ge\u00e7mi\u015f olsun Antalya&#8217;m&#8221; mesaj\u0131 payla\u015ft\u0131.\u00a0 \u200bHaberin Al\u0131nt\u0131land\u0131\u011f\u0131 Kaynak: www.antalyakorfez.com","og_url":"https:\/\/denizcankizil.tr\/en\/haberler\/gundem\/antalya-serikte-deprem-mi-oldu-baskan-bocek-mesaj-yayinladi\/","og_site_name":"Av. Deniz Can K\u0131z\u0131l","article_published_time":"2025-05-01T15:41:19+00:00","author":"Antalya K\u00f6rfez","twitter_card":"summary_large_image","twitter_misc":{"Written by":"Antalya K\u00f6rfez","Estimated reading time":"1 minute"},"schema":{"@context":"https:\/\/schema.org","@graph":[{"@type":"Article","@id":"https:\/\/denizcankizil.tr\/en\/haberler\/gundem\/antalya-serikte-deprem-mi-oldu-baskan-bocek-mesaj-yayinladi\/#article","isPartOf":{"@id":"https:\/\/denizcankizil.tr\/en\/haberler\/gundem\/antalya-serikte-deprem-mi-oldu-baskan-bocek-mesaj-yayinladi\/"},"author":{"name":"Antalya K\u00f6rfez","@id":"https:\/\/denizcankizil.tr\/#\/schema\/person\/e1eb71bb4dd684d46563f0af307e1234"},"headline":"Antalya Serik\u2019te deprem mi oldu? Ba\u015fkan B\u00f6cek mesaj yay\u0131nlad\u0131","datePublished":"2025-05-01T15:41:19+00:00","mainEntityOfPage":{"@id":"https:\/\/denizcankizil.tr\/en\/haberler\/gundem\/antalya-serikte-deprem-mi-oldu-baskan-bocek-mesaj-yayinladi\/"},"wordCount":191,"publisher":{"@id":"https:\/\/denizcankizil.tr\/#organization"},"articleSection":["G\u00fcndem"],"inLanguage":"en-GB"},{"@type":"WebPage","@id":"https:\/\/denizcankizil.tr\/en\/haberler\/gundem\/antalya-serikte-deprem-mi-oldu-baskan-bocek-mesaj-yayinladi\/","url":"https:\/\/denizcankizil.tr\/en\/haberler\/gundem\/antalya-serikte-deprem-mi-oldu-baskan-bocek-mesaj-yayinladi\/","name":"Antalya Serik\u2019te deprem mi oldu? Ba\u015fkan B\u00f6cek mesaj yay\u0131nlad\u0131 - Av. Deniz Can K\u0131z\u0131l","isPartOf":{"@id":"https:\/\/denizcankizil.tr\/#website"},"datePublished":"2025-05-01T15:41:19+00:00","breadcrumb":{"@id":"https:\/\/denizcankizil.tr\/en\/haberler\/gundem\/antalya-serikte-deprem-mi-oldu-baskan-bocek-mesaj-yayinladi\/#breadcrumb"},"inLanguage":"en-GB","potentialAction":[{"@type":"ReadAction","target":["https:\/\/denizcankizil.tr\/en\/haberler\/gundem\/antalya-serikte-deprem-mi-oldu-baskan-bocek-mesaj-yayinladi\/"]}]},{"@type":"BreadcrumbList","@id":"https:\/\/denizcankizil.tr\/en\/haberler\/gundem\/antalya-serikte-deprem-mi-oldu-baskan-bocek-mesaj-yayinladi\/#breadcrumb","itemListElement":[{"@type":"ListItem","position":1,"name":"Home","item":"https:\/\/denizcankizil.tr\/de\/"},{"@type":"ListItem","position":2,"name":"Antalya Serik\u2019te deprem mi oldu? Ba\u015fkan B\u00f6cek mesaj yay\u0131nlad\u0131"}]},{"@type":"WebSite","@id":"https:\/\/denizcankizil.tr\/#website","url":"https:\/\/denizcankizil.tr\/","name":"Av. Deniz Can K\u0131z\u0131l","description":"Avukat Deniz Can K\u0131z\u0131l Antalya Barosu","publisher":{"@id":"https:\/\/denizcankizil.tr\/#organization"},"potentialAction":[{"@type":"SearchAction","target":{"@type":"EntryPoint","urlTemplate":"https:\/\/denizcankizil.tr\/?s={search_term_string}"},"query-input":{"@type":"PropertyValueSpecification","valueRequired":true,"valueName":"search_term_string"}}],"inLanguage":"en-GB"},{"@type":"Organization","@id":"https:\/\/denizcankizil.tr\/#organization","name":"Av. Deniz Can K\u0131z\u0131l","url":"https:\/\/denizcankizil.tr\/","logo":{"@type":"ImageObject","inLanguage":"en-GB","@id":"https:\/\/denizcankizil.tr\/#\/schema\/logo\/image\/","url":"https:\/\/denizcankizil.tr\/wp-content\/uploads\/2024\/10\/siyah-logo-svg.svg","contentUrl":"https:\/\/denizcankizil.tr\/wp-content\/uploads\/2024\/10\/siyah-logo-svg.svg","width":1080,"height":1080,"caption":"Av. Deniz Can K\u0131z\u0131l"},"image":{"@id":"https:\/\/denizcankizil.tr\/#\/schema\/logo\/image\/"}},{"@type":"Person","@id":"https:\/\/denizcankizil.tr\/#\/schema\/person\/e1eb71bb4dd684d46563f0af307e1234","name":"Antalya K\u00f6rfez","image":{"@type":"ImageObject","inLanguage":"en-GB","@id":"https:\/\/denizcankizil.tr\/#\/schema\/person\/image\/","url":"https:\/\/secure.gravatar.com\/avatar\/42b01982558a48a0b501fdcab6a408d3717ea5919095ee2e67b0e521799c5905?s=96&d=mm&r=g","contentUrl":"https:\/\/secure.gravatar.com\/avatar\/42b01982558a48a0b501fdcab6a408d3717ea5919095ee2e67b0e521799c5905?s=96&d=mm&r=g","caption":"Antalya K\u00f6rfez"},"sameAs":["http:\/\/www.antalyakorfez.com"],"url":"https:\/\/www.antalyakorfez.com\/antalya-serikte-deprem-mi-oldu-baskan-bocek-mesaj-yayinladi"}]}},"_links":{"self":[{"href":"https:\/\/denizcankizil.tr\/en\/wp-json\/wp\/v2\/posts\/72739","targetHints":{"allow":["GET"]}}],"collection":[{"href":"https:\/\/denizcankizil.tr\/en\/wp-json\/wp\/v2\/posts"}],"about":[{"href":"https:\/\/denizcankizil.tr\/en\/wp-json\/wp\/v2\/types\/post"}],"author":[{"embeddable":true,"href":"https:\/\/denizcankizil.tr\/en\/wp-json\/wp\/v2\/users\/5"}],"replies":[{"embeddable":true,"href":"https:\/\/denizcankizil.tr\/en\/wp-json\/wp\/v2\/comments?post=72739"}],"version-history":[{"count":0,"href":"https:\/\/denizcankizil.tr\/en\/wp-json\/wp\/v2\/posts\/72739\/revisions"}],"wp:attachment":[{"href":"https:\/\/denizcankizil.tr\/en\/wp-json\/wp\/v2\/media?parent=72739"}],"wp:term":[{"taxonomy":"category","embeddable":true,"href":"https:\/\/denizcankizil.tr\/en\/wp-json\/wp\/v2\/categories?post=72739"},{"taxonomy":"post_tag","embeddable":true,"href":"https:\/\/denizcankizil.tr\/en\/wp-json\/wp\/v2\/tags?post=72739"}],"curies":[{"name":"wp","href":"https:\/\/api.w.org\/{rel}","templated":true}]}}