{"id":72730,"date":"2025-05-01T17:42:09","date_gmt":"2025-05-01T14:42:09","guid":{"rendered":"https:\/\/denizcankizil.tr\/uncategorized-tr\/sakaryada-5-mahallenin-kaptaj-sistemi-yenileniyor\/"},"modified":"2025-05-01T17:42:09","modified_gmt":"2025-05-01T14:42:09","slug":"sakaryada-5-mahallenin-kaptaj-sistemi-yenileniyor","status":"publish","type":"post","link":"https:\/\/denizcankizil.tr\/en\/haberler\/gundem\/sakaryada-5-mahallenin-kaptaj-sistemi-yenileniyor\/","title":{"rendered":"Sakarya&#8217;da 5 mahallenin kaptaj sistemi yenileniyor"},"content":{"rendered":"<p>SASK\u0130, Karasu ve Kocaali\u2019de hayata ge\u00e7irece\u011fi kaptaj yenileme i\u015flemi ile yaz aylar\u0131nda artan n\u00fcfusun i\u00e7me suyu ihtiya\u00e7lar\u0131na kal\u0131c\u0131 \u00e7\u00f6z\u00fcmler getiriyor.SAKARYA (\u0130GFA) &#8211;\u00a0Sakarya B\u00fcy\u00fck\u015fehir Belediyesi Su ve Kanalizasyon \u0130daresi (SASK\u0130), Karasu ve Kocaali il\u00e7elerinin su temininde verimlili\u011fi art\u0131rmak i\u00e7in \u00e7al\u0131\u015fmalar\u0131na h\u0131z kesmedendevam ediyor.<br \/>\nK\u00fcpl\u00fck, K\u0131z\u0131lc\u0131kl\u0131, Karanl\u0131kdere, S\u00fcng\u00fct ve Yuval\u0131dere mahallelerinde yenilenecek olan kaptaj tipi su alma yap\u0131lar\u0131yla, b\u00f6lgenin uzun vadeli i\u00e7me suyu ihtiyac\u0131 kar\u015f\u0131lanacak.Eski yap\u0131lar\u0131n yerine in\u015fa edilmek \u00fczere olu\u015fturulan 10 yeni prekast kaptaj odas\u0131 ile kaynaktan iletim hatt\u0131na ula\u015fan i\u00e7me suyu daha verimli bir \u015fekilde depolanacak.<br \/>\nKesintisiz ve su temini hedefleniyor<br \/>\nYeni kaptaj sistemleri sayesinde suyun kaynaktan itibaren daha kontroll\u00fc ve kay\u0131ps\u0131z bir \u015fekilde abonelere ula\u015ft\u0131r\u0131lmas\u0131 sa\u011flanacak. \u00d6mr\u00fcn\u00fc tamamlayan eski sistemlerin yerine ge\u00e7ecek yeni yap\u0131larla birlikte su israf\u0131n\u0131n da \u00f6n\u00fcne ge\u00e7ilecek. Yap\u0131m\u0131 tamamlanan kaptaj odalar\u0131n\u0131n ba\u011flant\u0131lar\u0131 ise \u00f6n\u00fcm\u00fczdeki g\u00fcnlerde ba\u015flayacak.<\/p>\n<p>\u201cSuya verdi\u011fimiz de\u011fer, gelece\u011fimize yat\u0131r\u0131md\u0131r\u201d<br \/>\n\u0130malat\u0131 tamamlanan odalar\u0131 yerinde inceleyen SASK\u0130 Genel M\u00fcd\u00fcr\u00fc Yi\u011fit Turan,\u201cKuzey b\u00f6lgemizde \u00f6zellikle yaz aylar\u0131nda artan n\u00fcfusla birlikte i\u00e7mesuyu ihtiyac\u0131na kar\u015f\u0131l\u0131k verecek yat\u0131r\u0131mlar\u0131 hayata ge\u00e7iriyoruz. Eski kaptajlar\u0131in\u015fa etti\u011fimiz 10 adet yeni prekast kaptaj ile de\u011fi\u015ftirerek i\u00e7me suyunu daha d\u00fczenli bir \u015fekilde iletim hatlar\u0131na ula\u015ft\u0131raca\u011f\u0131z.Yeni kaptaj odalar\u0131n\u0131n montaj\u0131na \u00f6n\u00fcm\u00fczdeki g\u00fcnlerde ba\u015flayaca\u011f\u0131z. Bu \u015fehir hepimizin, suya verdi\u011fimiz de\u011fer gelece\u011fimize yapt\u0131\u011f\u0131m\u0131zen \u00f6nemli yat\u0131r\u0131md\u0131r\u201d ifadelerini kulland\u0131.<\/p>\n<p>\u200bSASK\u0130, Karasu ve Kocaali\u2019de hayata ge\u00e7irece\u011fi kaptaj yenileme i\u015flemi ile yaz aylar\u0131nda artan n\u00fcfusun i\u00e7me suyu ihtiya\u00e7lar\u0131na kal\u0131c\u0131 \u00e7\u00f6z\u00fcmler getiriyor.SAKARYA (\u0130GFA) &#8211;\u00a0Sakarya B\u00fcy\u00fck\u015fehir Belediyesi Su ve Kanalizasyon \u0130daresi (SASK\u0130), Karasu ve Kocaali il\u00e7elerinin su temininde verimlili\u011fi art\u0131rmak i\u00e7in \u00e7al\u0131\u015fmalar\u0131na h\u0131z kesmedendevam ediyor.<br \/>\nK\u00fcpl\u00fck, K\u0131z\u0131lc\u0131kl\u0131, Karanl\u0131kdere, S\u00fcng\u00fct ve Yuval\u0131dere mahallelerinde yenilenecek olan kaptaj tipi su alma yap\u0131lar\u0131yla, b\u00f6lgenin uzun vadeli i\u00e7me suyu ihtiyac\u0131 kar\u015f\u0131lanacak.Eski yap\u0131lar\u0131n yerine in\u015fa edilmek \u00fczere olu\u015fturulan 10 yeni prekast kaptaj odas\u0131 ile kaynaktan iletim hatt\u0131na ula\u015fan i\u00e7me suyu daha verimli bir \u015fekilde depolanacak.<br \/>\nKesintisiz ve su temini hedefleniyor<br \/>\nYeni kaptaj sistemleri sayesinde suyun kaynaktan itibaren daha kontroll\u00fc ve kay\u0131ps\u0131z bir \u015fekilde abonelere ula\u015ft\u0131r\u0131lmas\u0131 sa\u011flanacak. \u00d6mr\u00fcn\u00fc tamamlayan eski sistemlerin yerine ge\u00e7ecek yeni yap\u0131larla birlikte su israf\u0131n\u0131n da \u00f6n\u00fcne ge\u00e7ilecek. Yap\u0131m\u0131 tamamlanan kaptaj odalar\u0131n\u0131n ba\u011flant\u0131lar\u0131 ise \u00f6n\u00fcm\u00fczdeki g\u00fcnlerde ba\u015flayacak.<\/p>\n<p>\u201cSuya verdi\u011fimiz de\u011fer, gelece\u011fimize yat\u0131r\u0131md\u0131r\u201d<br \/>\n\u0130malat\u0131 tamamlanan odalar\u0131 yerinde inceleyen SASK\u0130 Genel M\u00fcd\u00fcr\u00fc Yi\u011fit Turan,\u201cKuzey b\u00f6lgemizde \u00f6zellikle yaz aylar\u0131nda artan n\u00fcfusla birlikte i\u00e7mesuyu ihtiyac\u0131na kar\u015f\u0131l\u0131k verecek yat\u0131r\u0131mlar\u0131 hayata ge\u00e7iriyoruz. Eski kaptajlar\u0131in\u015fa etti\u011fimiz 10 adet yeni prekast kaptaj ile de\u011fi\u015ftirerek i\u00e7me suyunu daha d\u00fczenli bir \u015fekilde iletim hatlar\u0131na ula\u015ft\u0131raca\u011f\u0131z.Yeni kaptaj odalar\u0131n\u0131n montaj\u0131na \u00f6n\u00fcm\u00fczdeki g\u00fcnlerde ba\u015flayaca\u011f\u0131z. Bu \u015fehir hepimizin, suya verdi\u011fimiz de\u011fer gelece\u011fimize yapt\u0131\u011f\u0131m\u0131zen \u00f6nemli yat\u0131r\u0131md\u0131r\u201d ifadelerini kulland\u0131.\u00a0<\/p>\n<p>\u200bHaberin Al\u0131nt\u0131land\u0131\u011f\u0131 Kaynak: www.iskenderun.org<\/p>","protected":false},"excerpt":{"rendered":"<p>SASK\u0130, Karasu ve Kocaali\u2019de hayata ge\u00e7irece\u011fi kaptaj yenileme i\u015flemi ile yaz aylar\u0131nda artan n\u00fcfusun i\u00e7me suyu ihtiya\u00e7lar\u0131na kal\u0131c\u0131 \u00e7\u00f6z\u00fcmler getiriyor.SAKARYA (\u0130GFA) &#8211;\u00a0Sakarya B\u00fcy\u00fck\u015fehir Belediyesi Su ve Kanalizasyon \u0130daresi (SASK\u0130), Karasu ve Kocaali il\u00e7elerinin su temininde verimlili\u011fi art\u0131rmak i\u00e7in \u00e7al\u0131\u015fmalar\u0131na h\u0131z kesmedendevam ediyor. K\u00fcpl\u00fck, K\u0131z\u0131lc\u0131kl\u0131, Karanl\u0131kdere, S\u00fcng\u00fct ve Yuval\u0131dere mahallelerinde yenilenecek olan kaptaj tipi su alma yap\u0131lar\u0131yla, b\u00f6lgenin uzun vadeli i\u00e7me suyu ihtiyac\u0131 kar\u015f\u0131lanacak.Eski yap\u0131lar\u0131n yerine in\u015fa edilmek \u00fczere olu\u015fturulan 10 yeni prekast kaptaj odas\u0131 ile kaynaktan iletim hatt\u0131na ula\u015fan i\u00e7me suyu daha verimli bir \u015fekilde depolanacak. Kesintisiz ve su temini hedefleniyor Yeni kaptaj sistemleri sayesinde suyun kaynaktan itibaren daha kontroll\u00fc ve kay\u0131ps\u0131z bir \u015fekilde abonelere ula\u015ft\u0131r\u0131lmas\u0131 sa\u011flanacak. \u00d6mr\u00fcn\u00fc tamamlayan eski sistemlerin yerine ge\u00e7ecek yeni yap\u0131larla birlikte su israf\u0131n\u0131n da \u00f6n\u00fcne ge\u00e7ilecek. Yap\u0131m\u0131 tamamlanan kaptaj odalar\u0131n\u0131n ba\u011flant\u0131lar\u0131 ise \u00f6n\u00fcm\u00fczdeki g\u00fcnlerde ba\u015flayacak. \u201cSuya verdi\u011fimiz de\u011fer, gelece\u011fimize yat\u0131r\u0131md\u0131r\u201d \u0130malat\u0131 tamamlanan odalar\u0131 yerinde inceleyen SASK\u0130 Genel M\u00fcd\u00fcr\u00fc Yi\u011fit Turan,\u201cKuzey b\u00f6lgemizde \u00f6zellikle yaz aylar\u0131nda artan n\u00fcfusla birlikte i\u00e7mesuyu ihtiyac\u0131na kar\u015f\u0131l\u0131k verecek yat\u0131r\u0131mlar\u0131 hayata ge\u00e7iriyoruz. Eski kaptajlar\u0131in\u015fa etti\u011fimiz 10 adet yeni prekast kaptaj ile de\u011fi\u015ftirerek i\u00e7me suyunu daha d\u00fczenli bir \u015fekilde iletim hatlar\u0131na ula\u015ft\u0131raca\u011f\u0131z.Yeni kaptaj odalar\u0131n\u0131n montaj\u0131na \u00f6n\u00fcm\u00fczdeki g\u00fcnlerde ba\u015flayaca\u011f\u0131z. Bu \u015fehir hepimizin, suya verdi\u011fimiz de\u011fer gelece\u011fimize yapt\u0131\u011f\u0131m\u0131zen \u00f6nemli yat\u0131r\u0131md\u0131r\u201d ifadelerini kulland\u0131. \u200bSASK\u0130, Karasu ve Kocaali\u2019de &hellip;<\/p>","protected":false},"author":1,"featured_media":0,"comment_status":"","ping_status":"open","sticky":false,"template":"","format":"standard","meta":{"_acf_changed":false,"footnotes":""},"categories":[24],"tags":[],"class_list":["post-72730","post","type-post","status-publish","format-standard","has-post-thumbnail","hentry","category-gundem"],"acf":[],"yoast_head":"<!-- This site is optimized with the Yoast SEO Premium plugin v26.6 (Yoast SEO v27.1.1) - https:\/\/yoast.com\/product\/yoast-seo-premium-wordpress\/ -->\n<title>Sakarya&#039;da 5 mahallenin kaptaj sistemi yenileniyor - Av. Deniz Can K\u0131z\u0131l<\/title>\n<meta name=\"robots\" content=\"index, follow, max-snippet:-1, max-image-preview:large, max-video-preview:-1\" \/>\n<link rel=\"canonical\" href=\"https:\/\/denizcankizil.tr\/en\/haberler\/gundem\/sakaryada-5-mahallenin-kaptaj-sistemi-yenileniyor\/\" \/>\n<meta property=\"og:locale\" content=\"en_GB\" \/>\n<meta property=\"og:type\" content=\"article\" \/>\n<meta property=\"og:title\" content=\"Sakarya&#039;da 5 mahallenin kaptaj sistemi yenileniyor\" \/>\n<meta property=\"og:description\" content=\"SASK\u0130, Karasu ve Kocaali\u2019de hayata ge\u00e7irece\u011fi kaptaj yenileme i\u015flemi ile yaz aylar\u0131nda artan n\u00fcfusun i\u00e7me suyu ihtiya\u00e7lar\u0131na kal\u0131c\u0131 \u00e7\u00f6z\u00fcmler getiriyor.SAKARYA (\u0130GFA) &#8211;\u00a0Sakarya B\u00fcy\u00fck\u015fehir Belediyesi Su ve Kanalizasyon \u0130daresi (SASK\u0130), Karasu ve Kocaali il\u00e7elerinin su temininde verimlili\u011fi art\u0131rmak i\u00e7in \u00e7al\u0131\u015fmalar\u0131na h\u0131z kesmedendevam ediyor. K\u00fcpl\u00fck, K\u0131z\u0131lc\u0131kl\u0131, Karanl\u0131kdere, S\u00fcng\u00fct ve Yuval\u0131dere mahallelerinde yenilenecek olan kaptaj tipi su alma yap\u0131lar\u0131yla, b\u00f6lgenin uzun vadeli i\u00e7me suyu ihtiyac\u0131 kar\u015f\u0131lanacak.Eski yap\u0131lar\u0131n yerine in\u015fa edilmek \u00fczere olu\u015fturulan 10 yeni prekast kaptaj odas\u0131 ile kaynaktan iletim hatt\u0131na ula\u015fan i\u00e7me suyu daha verimli bir \u015fekilde depolanacak. Kesintisiz ve su temini hedefleniyor Yeni kaptaj sistemleri sayesinde suyun kaynaktan itibaren daha kontroll\u00fc ve kay\u0131ps\u0131z bir \u015fekilde abonelere ula\u015ft\u0131r\u0131lmas\u0131 sa\u011flanacak. \u00d6mr\u00fcn\u00fc tamamlayan eski sistemlerin yerine ge\u00e7ecek yeni yap\u0131larla birlikte su israf\u0131n\u0131n da \u00f6n\u00fcne ge\u00e7ilecek. Yap\u0131m\u0131 tamamlanan kaptaj odalar\u0131n\u0131n ba\u011flant\u0131lar\u0131 ise \u00f6n\u00fcm\u00fczdeki g\u00fcnlerde ba\u015flayacak. \u201cSuya verdi\u011fimiz de\u011fer, gelece\u011fimize yat\u0131r\u0131md\u0131r\u201d \u0130malat\u0131 tamamlanan odalar\u0131 yerinde inceleyen SASK\u0130 Genel M\u00fcd\u00fcr\u00fc Yi\u011fit Turan,\u201cKuzey b\u00f6lgemizde \u00f6zellikle yaz aylar\u0131nda artan n\u00fcfusla birlikte i\u00e7mesuyu ihtiyac\u0131na kar\u015f\u0131l\u0131k verecek yat\u0131r\u0131mlar\u0131 hayata ge\u00e7iriyoruz. Eski kaptajlar\u0131in\u015fa etti\u011fimiz 10 adet yeni prekast kaptaj ile de\u011fi\u015ftirerek i\u00e7me suyunu daha d\u00fczenli bir \u015fekilde iletim hatlar\u0131na ula\u015ft\u0131raca\u011f\u0131z.Yeni kaptaj odalar\u0131n\u0131n montaj\u0131na \u00f6n\u00fcm\u00fczdeki g\u00fcnlerde ba\u015flayaca\u011f\u0131z. Bu \u015fehir hepimizin, suya verdi\u011fimiz de\u011fer gelece\u011fimize yapt\u0131\u011f\u0131m\u0131zen \u00f6nemli yat\u0131r\u0131md\u0131r\u201d ifadelerini kulland\u0131. \u200bSASK\u0130, Karasu ve Kocaali\u2019de &hellip;\" \/>\n<meta property=\"og:url\" content=\"https:\/\/denizcankizil.tr\/en\/haberler\/gundem\/sakaryada-5-mahallenin-kaptaj-sistemi-yenileniyor\/\" \/>\n<meta property=\"og:site_name\" content=\"Av. Deniz Can K\u0131z\u0131l\" \/>\n<meta property=\"article:published_time\" content=\"2025-05-01T14:42:09+00:00\" \/>\n<meta name=\"author\" content=\"admin\" \/>\n<meta name=\"twitter:card\" content=\"summary_large_image\" \/>\n<meta name=\"twitter:label1\" content=\"Written by\" \/>\n\t<meta name=\"twitter:data1\" content=\"admin\" \/>\n\t<meta name=\"twitter:label2\" content=\"Estimated reading time\" \/>\n\t<meta name=\"twitter:data2\" content=\"3 minutes\" \/>\n<script type=\"application\/ld+json\" class=\"yoast-schema-graph\">{\"@context\":\"https:\/\/schema.org\",\"@graph\":[{\"@type\":\"Article\",\"@id\":\"https:\/\/denizcankizil.tr\/ru\/haberler\/gundem\/sakaryada-5-mahallenin-kaptaj-sistemi-yenileniyor\/#article\",\"isPartOf\":{\"@id\":\"https:\/\/denizcankizil.tr\/ru\/haberler\/gundem\/sakaryada-5-mahallenin-kaptaj-sistemi-yenileniyor\/\"},\"author\":{\"name\":\"admin\",\"@id\":\"https:\/\/denizcankizil.tr\/de\/#\/schema\/person\/be3c05fe6a12686905512445d8185489\"},\"headline\":\"Sakarya&#8217;da 5 mahallenin kaptaj sistemi yenileniyor\",\"datePublished\":\"2025-05-01T14:42:09+00:00\",\"mainEntityOfPage\":{\"@id\":\"https:\/\/denizcankizil.tr\/ru\/haberler\/gundem\/sakaryada-5-mahallenin-kaptaj-sistemi-yenileniyor\/\"},\"wordCount\":632,\"publisher\":{\"@id\":\"https:\/\/denizcankizil.tr\/de\/#organization\"},\"articleSection\":[\"G\u00fcndem\"],\"inLanguage\":\"en-GB\"},{\"@type\":\"WebPage\",\"@id\":\"https:\/\/denizcankizil.tr\/ru\/haberler\/gundem\/sakaryada-5-mahallenin-kaptaj-sistemi-yenileniyor\/\",\"url\":\"https:\/\/denizcankizil.tr\/ru\/haberler\/gundem\/sakaryada-5-mahallenin-kaptaj-sistemi-yenileniyor\/\",\"name\":\"Sakarya'da 5 mahallenin kaptaj sistemi yenileniyor - Av. Deniz Can K\u0131z\u0131l\",\"isPartOf\":{\"@id\":\"https:\/\/denizcankizil.tr\/de\/#website\"},\"datePublished\":\"2025-05-01T14:42:09+00:00\",\"breadcrumb\":{\"@id\":\"https:\/\/denizcankizil.tr\/ru\/haberler\/gundem\/sakaryada-5-mahallenin-kaptaj-sistemi-yenileniyor\/#breadcrumb\"},\"inLanguage\":\"en-GB\",\"potentialAction\":[{\"@type\":\"ReadAction\",\"target\":[\"https:\/\/denizcankizil.tr\/ru\/haberler\/gundem\/sakaryada-5-mahallenin-kaptaj-sistemi-yenileniyor\/\"]}]},{\"@type\":\"BreadcrumbList\",\"@id\":\"https:\/\/denizcankizil.tr\/ru\/haberler\/gundem\/sakaryada-5-mahallenin-kaptaj-sistemi-yenileniyor\/#breadcrumb\",\"itemListElement\":[{\"@type\":\"ListItem\",\"position\":1,\"name\":\"Home\",\"item\":\"https:\/\/denizcankizil.tr\/de\/\"},{\"@type\":\"ListItem\",\"position\":2,\"name\":\"Sakarya&#8217;da 5 mahallenin kaptaj sistemi yenileniyor\"}]},{\"@type\":\"WebSite\",\"@id\":\"https:\/\/denizcankizil.tr\/de\/#website\",\"url\":\"https:\/\/denizcankizil.tr\/de\/\",\"name\":\"Av. Deniz Can K\u0131z\u0131l\",\"description\":\"Avukat Deniz Can K\u0131z\u0131l Antalya Barosu\",\"publisher\":{\"@id\":\"https:\/\/denizcankizil.tr\/de\/#organization\"},\"potentialAction\":[{\"@type\":\"SearchAction\",\"target\":{\"@type\":\"EntryPoint\",\"urlTemplate\":\"https:\/\/denizcankizil.tr\/de\/?s={search_term_string}\"},\"query-input\":{\"@type\":\"PropertyValueSpecification\",\"valueRequired\":true,\"valueName\":\"search_term_string\"}}],\"inLanguage\":\"en-GB\"},{\"@type\":\"Organization\",\"@id\":\"https:\/\/denizcankizil.tr\/de\/#organization\",\"name\":\"Av. Deniz Can K\u0131z\u0131l\",\"url\":\"https:\/\/denizcankizil.tr\/de\/\",\"logo\":{\"@type\":\"ImageObject\",\"inLanguage\":\"en-GB\",\"@id\":\"https:\/\/denizcankizil.tr\/de\/#\/schema\/logo\/image\/\",\"url\":\"https:\/\/denizcankizil.tr\/wp-content\/uploads\/2024\/10\/siyah-logo-svg.svg\",\"contentUrl\":\"https:\/\/denizcankizil.tr\/wp-content\/uploads\/2024\/10\/siyah-logo-svg.svg\",\"width\":1080,\"height\":1080,\"caption\":\"Av. Deniz Can K\u0131z\u0131l\"},\"image\":{\"@id\":\"https:\/\/denizcankizil.tr\/de\/#\/schema\/logo\/image\/\"}},{\"@type\":\"Person\",\"@id\":\"https:\/\/denizcankizil.tr\/de\/#\/schema\/person\/be3c05fe6a12686905512445d8185489\",\"name\":\"admin\",\"image\":{\"@type\":\"ImageObject\",\"inLanguage\":\"en-GB\",\"@id\":\"https:\/\/denizcankizil.tr\/de\/#\/schema\/person\/image\/\",\"url\":\"https:\/\/secure.gravatar.com\/avatar\/c1fce94c830dc79107e174f890d7210541c4a63e8e5d816341794a2151c9d58c?s=96&d=mm&r=g\",\"contentUrl\":\"https:\/\/secure.gravatar.com\/avatar\/c1fce94c830dc79107e174f890d7210541c4a63e8e5d816341794a2151c9d58c?s=96&d=mm&r=g\",\"caption\":\"admin\"},\"sameAs\":[\"http:\/\/denizcankizil.tr\"],\"url\":\"https:\/\/www.iskenderun.org\/sakaryada-5-mahallenin-kaptaj-sistemi-yenileniyor\"}]}<\/script>\n<!-- \/ Yoast SEO Premium plugin. -->","yoast_head_json":{"title":"Sakarya'da 5 mahallenin kaptaj sistemi yenileniyor - Av. Deniz Can K\u0131z\u0131l","robots":{"index":"index","follow":"follow","max-snippet":"max-snippet:-1","max-image-preview":"max-image-preview:large","max-video-preview":"max-video-preview:-1"},"canonical":"https:\/\/denizcankizil.tr\/en\/haberler\/gundem\/sakaryada-5-mahallenin-kaptaj-sistemi-yenileniyor\/","og_locale":"en_GB","og_type":"article","og_title":"Sakarya'da 5 mahallenin kaptaj sistemi yenileniyor","og_description":"SASK\u0130, Karasu ve Kocaali\u2019de hayata ge\u00e7irece\u011fi kaptaj yenileme i\u015flemi ile yaz aylar\u0131nda artan n\u00fcfusun i\u00e7me suyu ihtiya\u00e7lar\u0131na kal\u0131c\u0131 \u00e7\u00f6z\u00fcmler getiriyor.SAKARYA (\u0130GFA) &#8211;\u00a0Sakarya B\u00fcy\u00fck\u015fehir Belediyesi Su ve Kanalizasyon \u0130daresi (SASK\u0130), Karasu ve Kocaali il\u00e7elerinin su temininde verimlili\u011fi art\u0131rmak i\u00e7in \u00e7al\u0131\u015fmalar\u0131na h\u0131z kesmedendevam ediyor. K\u00fcpl\u00fck, K\u0131z\u0131lc\u0131kl\u0131, Karanl\u0131kdere, S\u00fcng\u00fct ve Yuval\u0131dere mahallelerinde yenilenecek olan kaptaj tipi su alma yap\u0131lar\u0131yla, b\u00f6lgenin uzun vadeli i\u00e7me suyu ihtiyac\u0131 kar\u015f\u0131lanacak.Eski yap\u0131lar\u0131n yerine in\u015fa edilmek \u00fczere olu\u015fturulan 10 yeni prekast kaptaj odas\u0131 ile kaynaktan iletim hatt\u0131na ula\u015fan i\u00e7me suyu daha verimli bir \u015fekilde depolanacak. Kesintisiz ve su temini hedefleniyor Yeni kaptaj sistemleri sayesinde suyun kaynaktan itibaren daha kontroll\u00fc ve kay\u0131ps\u0131z bir \u015fekilde abonelere ula\u015ft\u0131r\u0131lmas\u0131 sa\u011flanacak. \u00d6mr\u00fcn\u00fc tamamlayan eski sistemlerin yerine ge\u00e7ecek yeni yap\u0131larla birlikte su israf\u0131n\u0131n da \u00f6n\u00fcne ge\u00e7ilecek. Yap\u0131m\u0131 tamamlanan kaptaj odalar\u0131n\u0131n ba\u011flant\u0131lar\u0131 ise \u00f6n\u00fcm\u00fczdeki g\u00fcnlerde ba\u015flayacak. \u201cSuya verdi\u011fimiz de\u011fer, gelece\u011fimize yat\u0131r\u0131md\u0131r\u201d \u0130malat\u0131 tamamlanan odalar\u0131 yerinde inceleyen SASK\u0130 Genel M\u00fcd\u00fcr\u00fc Yi\u011fit Turan,\u201cKuzey b\u00f6lgemizde \u00f6zellikle yaz aylar\u0131nda artan n\u00fcfusla birlikte i\u00e7mesuyu ihtiyac\u0131na kar\u015f\u0131l\u0131k verecek yat\u0131r\u0131mlar\u0131 hayata ge\u00e7iriyoruz. Eski kaptajlar\u0131in\u015fa etti\u011fimiz 10 adet yeni prekast kaptaj ile de\u011fi\u015ftirerek i\u00e7me suyunu daha d\u00fczenli bir \u015fekilde iletim hatlar\u0131na ula\u015ft\u0131raca\u011f\u0131z.Yeni kaptaj odalar\u0131n\u0131n montaj\u0131na \u00f6n\u00fcm\u00fczdeki g\u00fcnlerde ba\u015flayaca\u011f\u0131z. Bu \u015fehir hepimizin, suya verdi\u011fimiz de\u011fer gelece\u011fimize yapt\u0131\u011f\u0131m\u0131zen \u00f6nemli yat\u0131r\u0131md\u0131r\u201d ifadelerini kulland\u0131. \u200bSASK\u0130, Karasu ve Kocaali\u2019de &hellip;","og_url":"https:\/\/denizcankizil.tr\/en\/haberler\/gundem\/sakaryada-5-mahallenin-kaptaj-sistemi-yenileniyor\/","og_site_name":"Av. Deniz Can K\u0131z\u0131l","article_published_time":"2025-05-01T14:42:09+00:00","author":"admin","twitter_card":"summary_large_image","twitter_misc":{"Written by":"admin","Estimated reading time":"3 minutes"},"schema":{"@context":"https:\/\/schema.org","@graph":[{"@type":"Article","@id":"https:\/\/denizcankizil.tr\/ru\/haberler\/gundem\/sakaryada-5-mahallenin-kaptaj-sistemi-yenileniyor\/#article","isPartOf":{"@id":"https:\/\/denizcankizil.tr\/ru\/haberler\/gundem\/sakaryada-5-mahallenin-kaptaj-sistemi-yenileniyor\/"},"author":{"name":"admin","@id":"https:\/\/denizcankizil.tr\/de\/#\/schema\/person\/be3c05fe6a12686905512445d8185489"},"headline":"Sakarya&#8217;da 5 mahallenin kaptaj sistemi yenileniyor","datePublished":"2025-05-01T14:42:09+00:00","mainEntityOfPage":{"@id":"https:\/\/denizcankizil.tr\/ru\/haberler\/gundem\/sakaryada-5-mahallenin-kaptaj-sistemi-yenileniyor\/"},"wordCount":632,"publisher":{"@id":"https:\/\/denizcankizil.tr\/de\/#organization"},"articleSection":["G\u00fcndem"],"inLanguage":"en-GB"},{"@type":"WebPage","@id":"https:\/\/denizcankizil.tr\/ru\/haberler\/gundem\/sakaryada-5-mahallenin-kaptaj-sistemi-yenileniyor\/","url":"https:\/\/denizcankizil.tr\/ru\/haberler\/gundem\/sakaryada-5-mahallenin-kaptaj-sistemi-yenileniyor\/","name":"Sakarya'da 5 mahallenin kaptaj sistemi yenileniyor - Av. Deniz Can K\u0131z\u0131l","isPartOf":{"@id":"https:\/\/denizcankizil.tr\/de\/#website"},"datePublished":"2025-05-01T14:42:09+00:00","breadcrumb":{"@id":"https:\/\/denizcankizil.tr\/ru\/haberler\/gundem\/sakaryada-5-mahallenin-kaptaj-sistemi-yenileniyor\/#breadcrumb"},"inLanguage":"en-GB","potentialAction":[{"@type":"ReadAction","target":["https:\/\/denizcankizil.tr\/ru\/haberler\/gundem\/sakaryada-5-mahallenin-kaptaj-sistemi-yenileniyor\/"]}]},{"@type":"BreadcrumbList","@id":"https:\/\/denizcankizil.tr\/ru\/haberler\/gundem\/sakaryada-5-mahallenin-kaptaj-sistemi-yenileniyor\/#breadcrumb","itemListElement":[{"@type":"ListItem","position":1,"name":"Home","item":"https:\/\/denizcankizil.tr\/de\/"},{"@type":"ListItem","position":2,"name":"Sakarya&#8217;da 5 mahallenin kaptaj sistemi yenileniyor"}]},{"@type":"WebSite","@id":"https:\/\/denizcankizil.tr\/de\/#website","url":"https:\/\/denizcankizil.tr\/de\/","name":"Av. Deniz Can K\u0131z\u0131l","description":"Avukat Deniz Can K\u0131z\u0131l Antalya Barosu","publisher":{"@id":"https:\/\/denizcankizil.tr\/de\/#organization"},"potentialAction":[{"@type":"SearchAction","target":{"@type":"EntryPoint","urlTemplate":"https:\/\/denizcankizil.tr\/de\/?s={search_term_string}"},"query-input":{"@type":"PropertyValueSpecification","valueRequired":true,"valueName":"search_term_string"}}],"inLanguage":"en-GB"},{"@type":"Organization","@id":"https:\/\/denizcankizil.tr\/de\/#organization","name":"Av. Deniz Can K\u0131z\u0131l","url":"https:\/\/denizcankizil.tr\/de\/","logo":{"@type":"ImageObject","inLanguage":"en-GB","@id":"https:\/\/denizcankizil.tr\/de\/#\/schema\/logo\/image\/","url":"https:\/\/denizcankizil.tr\/wp-content\/uploads\/2024\/10\/siyah-logo-svg.svg","contentUrl":"https:\/\/denizcankizil.tr\/wp-content\/uploads\/2024\/10\/siyah-logo-svg.svg","width":1080,"height":1080,"caption":"Av. Deniz Can K\u0131z\u0131l"},"image":{"@id":"https:\/\/denizcankizil.tr\/de\/#\/schema\/logo\/image\/"}},{"@type":"Person","@id":"https:\/\/denizcankizil.tr\/de\/#\/schema\/person\/be3c05fe6a12686905512445d8185489","name":"admin","image":{"@type":"ImageObject","inLanguage":"en-GB","@id":"https:\/\/denizcankizil.tr\/de\/#\/schema\/person\/image\/","url":"https:\/\/secure.gravatar.com\/avatar\/c1fce94c830dc79107e174f890d7210541c4a63e8e5d816341794a2151c9d58c?s=96&d=mm&r=g","contentUrl":"https:\/\/secure.gravatar.com\/avatar\/c1fce94c830dc79107e174f890d7210541c4a63e8e5d816341794a2151c9d58c?s=96&d=mm&r=g","caption":"admin"},"sameAs":["http:\/\/denizcankizil.tr"],"url":"https:\/\/www.iskenderun.org\/sakaryada-5-mahallenin-kaptaj-sistemi-yenileniyor"}]}},"_links":{"self":[{"href":"https:\/\/denizcankizil.tr\/en\/wp-json\/wp\/v2\/posts\/72730","targetHints":{"allow":["GET"]}}],"collection":[{"href":"https:\/\/denizcankizil.tr\/en\/wp-json\/wp\/v2\/posts"}],"about":[{"href":"https:\/\/denizcankizil.tr\/en\/wp-json\/wp\/v2\/types\/post"}],"author":[{"embeddable":true,"href":"https:\/\/denizcankizil.tr\/en\/wp-json\/wp\/v2\/users\/1"}],"replies":[{"embeddable":true,"href":"https:\/\/denizcankizil.tr\/en\/wp-json\/wp\/v2\/comments?post=72730"}],"version-history":[{"count":0,"href":"https:\/\/denizcankizil.tr\/en\/wp-json\/wp\/v2\/posts\/72730\/revisions"}],"wp:attachment":[{"href":"https:\/\/denizcankizil.tr\/en\/wp-json\/wp\/v2\/media?parent=72730"}],"wp:term":[{"taxonomy":"category","embeddable":true,"href":"https:\/\/denizcankizil.tr\/en\/wp-json\/wp\/v2\/categories?post=72730"},{"taxonomy":"post_tag","embeddable":true,"href":"https:\/\/denizcankizil.tr\/en\/wp-json\/wp\/v2\/tags?post=72730"}],"curies":[{"name":"wp","href":"https:\/\/api.w.org\/{rel}","templated":true}]}}