{"id":72344,"date":"2025-05-01T10:41:57","date_gmt":"2025-05-01T07:41:57","guid":{"rendered":"https:\/\/denizcankizil.tr\/uncategorized-tr\/pencereye-cikan-sahis-ekiplere-zor-anlar-yasatti\/"},"modified":"2025-05-01T10:41:57","modified_gmt":"2025-05-01T07:41:57","slug":"pencereye-cikan-sahis-ekiplere-zor-anlar-yasatti","status":"publish","type":"post","link":"https:\/\/denizcankizil.tr\/en\/haberler\/antalya\/pencereye-cikan-sahis-ekiplere-zor-anlar-yasatti\/","title":{"rendered":"Pencereye \u00e7\u0131kan \u015fah\u0131s ekiplere zor anlar ya\u015fatt\u0131"},"content":{"rendered":"<p>Olay, saat 13.00 s\u0131ralar\u0131nda Kepez il\u00e7esi Yeni Mahalle 2421 sokak \u00fczerinde bulunan 3 katl\u0131 bir apartman\u0131n 3. Kat dubleksinde meydana geldi. Edinilen bilgiye g\u00f6re, isminin Murat oldu\u011fu \u00f6\u011frenilen \u015fah\u0131s ikamette kimsenin bulunmad\u0131\u011f\u0131 s\u0131rada ailesi ile birlikte oturdu\u011fu dairenin dubleks kat\u0131ndaki odan\u0131n penceresine \u00e7\u0131kt\u0131. \u00c7evredekilere ba\u011f\u0131r\u0131p \u00e7a\u011f\u0131rmaya ba\u015flayan ve kendini ataca\u011f\u0131n\u0131 s\u00f6yleyen \u015fahs\u0131 g\u00f6renler durumu 112 Acil \u00c7a\u011fr\u0131 Merkezi&#8217;ne bildirdi.<\/p>\n<p>Ambulansa binmek istemedi<br \/>\n\u0130hbar \u00fczerine verilen adrese polis, itfaiye ve sa\u011fl\u0131k ekipleri g\u00f6nderildi. Adrese gelen ekipler pencere cam\u0131ndan sark\u0131p tehlikeli hareketler yapan \u015fahs\u0131 ikna etmek i\u00e7in uzun s\u00fcre dil d\u00f6kt\u00fc. Gen\u00e7, polis ekiplerinin apartman\u0131n teras kat\u0131ndan yapt\u0131klar\u0131 g\u00f6r\u00fc\u015fmenin ard\u0131ndan eyleminden vazge\u00e7erek a\u015fa\u011f\u0131ya indi. Olay yerinde haz\u0131r bulunan ambulansa bindirilen gen\u00e7, polis ekipleri taraf\u0131ndan ifadesi al\u0131nmak \u00fczere polis merkezine g\u00f6t\u00fcr\u00fcld\u00fc.<\/p>\n<p>Kaynak: www.kanalv.com.tr Haber Sitesinden Al\u0131nm\u0131\u015ft\u0131r.<\/p>","protected":false},"excerpt":{"rendered":"<p>Olay, saat 13.00 s\u0131ralar\u0131nda Kepez il\u00e7esi Yeni Mahalle 2421 sokak \u00fczerinde bulunan 3 katl\u0131 bir apartman\u0131n 3. Kat dubleksinde meydana geldi. Edinilen bilgiye g\u00f6re, isminin Murat oldu\u011fu \u00f6\u011frenilen \u015fah\u0131s ikamette kimsenin bulunmad\u0131\u011f\u0131 s\u0131rada ailesi ile birlikte oturdu\u011fu dairenin dubleks kat\u0131ndaki odan\u0131n penceresine \u00e7\u0131kt\u0131. \u00c7evredekilere ba\u011f\u0131r\u0131p \u00e7a\u011f\u0131rmaya ba\u015flayan ve kendini ataca\u011f\u0131n\u0131 s\u00f6yleyen \u015fahs\u0131 g\u00f6renler durumu 112 Acil \u00c7a\u011fr\u0131 Merkezi&#8217;ne bildirdi. Ambulansa binmek istemedi \u0130hbar \u00fczerine verilen adrese polis, itfaiye ve sa\u011fl\u0131k ekipleri g\u00f6nderildi. Adrese gelen ekipler pencere cam\u0131ndan sark\u0131p tehlikeli hareketler yapan \u015fahs\u0131 ikna etmek i\u00e7in uzun s\u00fcre dil d\u00f6kt\u00fc. Gen\u00e7, polis ekiplerinin apartman\u0131n teras kat\u0131ndan yapt\u0131klar\u0131 g\u00f6r\u00fc\u015fmenin ard\u0131ndan eyleminden vazge\u00e7erek a\u015fa\u011f\u0131ya indi. Olay yerinde haz\u0131r bulunan ambulansa bindirilen gen\u00e7, polis ekipleri taraf\u0131ndan ifadesi al\u0131nmak \u00fczere polis merkezine g\u00f6t\u00fcr\u00fcld\u00fc. Kaynak: www.kanalv.com.tr Haber Sitesinden Al\u0131nm\u0131\u015ft\u0131r.<\/p>","protected":false},"author":4,"featured_media":72345,"comment_status":"","ping_status":"open","sticky":false,"template":"","format":"standard","meta":{"_acf_changed":false,"footnotes":""},"categories":[26],"tags":[],"class_list":["post-72344","post","type-post","status-publish","format-standard","has-post-thumbnail","hentry","category-antalya"],"acf":[],"yoast_head":"<!-- This site is optimized with the Yoast SEO Premium plugin v26.6 (Yoast SEO v27.1.1) - https:\/\/yoast.com\/product\/yoast-seo-premium-wordpress\/ -->\n<title>Pencereye \u00e7\u0131kan \u015fah\u0131s ekiplere zor anlar ya\u015fatt\u0131 - Av. Deniz Can K\u0131z\u0131l<\/title>\n<meta name=\"robots\" content=\"index, follow, max-snippet:-1, max-image-preview:large, max-video-preview:-1\" \/>\n<link rel=\"canonical\" href=\"https:\/\/denizcankizil.tr\/en\/haberler\/antalya\/pencereye-cikan-sahis-ekiplere-zor-anlar-yasatti\/\" \/>\n<meta property=\"og:locale\" content=\"en_GB\" \/>\n<meta property=\"og:type\" content=\"article\" \/>\n<meta property=\"og:title\" content=\"Pencereye \u00e7\u0131kan \u015fah\u0131s ekiplere zor anlar ya\u015fatt\u0131\" \/>\n<meta property=\"og:description\" content=\"Olay, saat 13.00 s\u0131ralar\u0131nda Kepez il\u00e7esi Yeni Mahalle 2421 sokak \u00fczerinde bulunan 3 katl\u0131 bir apartman\u0131n 3. Kat dubleksinde meydana geldi. Edinilen bilgiye g\u00f6re, isminin Murat oldu\u011fu \u00f6\u011frenilen \u015fah\u0131s ikamette kimsenin bulunmad\u0131\u011f\u0131 s\u0131rada ailesi ile birlikte oturdu\u011fu dairenin dubleks kat\u0131ndaki odan\u0131n penceresine \u00e7\u0131kt\u0131. \u00c7evredekilere ba\u011f\u0131r\u0131p \u00e7a\u011f\u0131rmaya ba\u015flayan ve kendini ataca\u011f\u0131n\u0131 s\u00f6yleyen \u015fahs\u0131 g\u00f6renler durumu 112 Acil \u00c7a\u011fr\u0131 Merkezi&#8217;ne bildirdi. Ambulansa binmek istemedi \u0130hbar \u00fczerine verilen adrese polis, itfaiye ve sa\u011fl\u0131k ekipleri g\u00f6nderildi. Adrese gelen ekipler pencere cam\u0131ndan sark\u0131p tehlikeli hareketler yapan \u015fahs\u0131 ikna etmek i\u00e7in uzun s\u00fcre dil d\u00f6kt\u00fc. Gen\u00e7, polis ekiplerinin apartman\u0131n teras kat\u0131ndan yapt\u0131klar\u0131 g\u00f6r\u00fc\u015fmenin ard\u0131ndan eyleminden vazge\u00e7erek a\u015fa\u011f\u0131ya indi. Olay yerinde haz\u0131r bulunan ambulansa bindirilen gen\u00e7, polis ekipleri taraf\u0131ndan ifadesi al\u0131nmak \u00fczere polis merkezine g\u00f6t\u00fcr\u00fcld\u00fc. Kaynak: www.kanalv.com.tr Haber Sitesinden Al\u0131nm\u0131\u015ft\u0131r.\" \/>\n<meta property=\"og:url\" content=\"https:\/\/denizcankizil.tr\/en\/haberler\/antalya\/pencereye-cikan-sahis-ekiplere-zor-anlar-yasatti\/\" \/>\n<meta property=\"og:site_name\" content=\"Av. Deniz Can K\u0131z\u0131l\" \/>\n<meta property=\"article:published_time\" content=\"2025-05-01T07:41:57+00:00\" \/>\n<meta property=\"og:image\" content=\"https:\/\/denizcankizil.tr\/wp-content\/uploads\/2025\/05\/6089-01-eA1GiO.jpg\" \/>\n\t<meta property=\"og:image:width\" content=\"1280\" \/>\n\t<meta property=\"og:image:height\" content=\"720\" \/>\n\t<meta property=\"og:image:type\" content=\"image\/jpeg\" \/>\n<meta name=\"author\" content=\"Av. Deniz Can K\u0131z\u0131l\" \/>\n<meta name=\"twitter:card\" content=\"summary_large_image\" \/>\n<meta name=\"twitter:label1\" content=\"Written by\" \/>\n\t<meta name=\"twitter:data1\" content=\"Av. Deniz Can K\u0131z\u0131l\" \/>\n\t<meta name=\"twitter:label2\" content=\"Estimated reading time\" \/>\n\t<meta name=\"twitter:data2\" content=\"1 minute\" \/>\n<script type=\"application\/ld+json\" class=\"yoast-schema-graph\">{\"@context\":\"https:\/\/schema.org\",\"@graph\":[{\"@type\":\"Article\",\"@id\":\"https:\/\/denizcankizil.tr\/de\/haberler\/antalya\/pencereye-cikan-sahis-ekiplere-zor-anlar-yasatti\/#article\",\"isPartOf\":{\"@id\":\"https:\/\/denizcankizil.tr\/de\/haberler\/antalya\/pencereye-cikan-sahis-ekiplere-zor-anlar-yasatti\/\"},\"author\":{\"name\":\"Av. Deniz Can K\u0131z\u0131l\",\"@id\":\"https:\/\/denizcankizil.tr\/de\/#\/schema\/person\/5dc1b22991bd7ac833867c10afc9b0ff\"},\"headline\":\"Pencereye \u00e7\u0131kan \u015fah\u0131s ekiplere zor anlar ya\u015fatt\u0131\",\"datePublished\":\"2025-05-01T07:41:57+00:00\",\"mainEntityOfPage\":{\"@id\":\"https:\/\/denizcankizil.tr\/de\/haberler\/antalya\/pencereye-cikan-sahis-ekiplere-zor-anlar-yasatti\/\"},\"wordCount\":176,\"publisher\":{\"@id\":\"https:\/\/denizcankizil.tr\/de\/#organization\"},\"image\":{\"@id\":\"https:\/\/denizcankizil.tr\/de\/haberler\/antalya\/pencereye-cikan-sahis-ekiplere-zor-anlar-yasatti\/#primaryimage\"},\"thumbnailUrl\":\"https:\/\/denizcankizil.tr\/wp-content\/uploads\/2025\/05\/6089-01-eA1GiO.jpg\",\"articleSection\":[\"Antalya\"],\"inLanguage\":\"en-GB\"},{\"@type\":\"WebPage\",\"@id\":\"https:\/\/denizcankizil.tr\/de\/haberler\/antalya\/pencereye-cikan-sahis-ekiplere-zor-anlar-yasatti\/\",\"url\":\"https:\/\/denizcankizil.tr\/de\/haberler\/antalya\/pencereye-cikan-sahis-ekiplere-zor-anlar-yasatti\/\",\"name\":\"Pencereye \u00e7\u0131kan \u015fah\u0131s ekiplere zor anlar ya\u015fatt\u0131 - Av. Deniz Can K\u0131z\u0131l\",\"isPartOf\":{\"@id\":\"https:\/\/denizcankizil.tr\/de\/#website\"},\"primaryImageOfPage\":{\"@id\":\"https:\/\/denizcankizil.tr\/de\/haberler\/antalya\/pencereye-cikan-sahis-ekiplere-zor-anlar-yasatti\/#primaryimage\"},\"image\":{\"@id\":\"https:\/\/denizcankizil.tr\/de\/haberler\/antalya\/pencereye-cikan-sahis-ekiplere-zor-anlar-yasatti\/#primaryimage\"},\"thumbnailUrl\":\"https:\/\/denizcankizil.tr\/wp-content\/uploads\/2025\/05\/6089-01-eA1GiO.jpg\",\"datePublished\":\"2025-05-01T07:41:57+00:00\",\"breadcrumb\":{\"@id\":\"https:\/\/denizcankizil.tr\/de\/haberler\/antalya\/pencereye-cikan-sahis-ekiplere-zor-anlar-yasatti\/#breadcrumb\"},\"inLanguage\":\"en-GB\",\"potentialAction\":[{\"@type\":\"ReadAction\",\"target\":[\"https:\/\/denizcankizil.tr\/de\/haberler\/antalya\/pencereye-cikan-sahis-ekiplere-zor-anlar-yasatti\/\"]}]},{\"@type\":\"ImageObject\",\"inLanguage\":\"en-GB\",\"@id\":\"https:\/\/denizcankizil.tr\/de\/haberler\/antalya\/pencereye-cikan-sahis-ekiplere-zor-anlar-yasatti\/#primaryimage\",\"url\":\"https:\/\/denizcankizil.tr\/wp-content\/uploads\/2025\/05\/6089-01-eA1GiO.jpg\",\"contentUrl\":\"https:\/\/denizcankizil.tr\/wp-content\/uploads\/2025\/05\/6089-01-eA1GiO.jpg\",\"width\":1280,\"height\":720},{\"@type\":\"BreadcrumbList\",\"@id\":\"https:\/\/denizcankizil.tr\/de\/haberler\/antalya\/pencereye-cikan-sahis-ekiplere-zor-anlar-yasatti\/#breadcrumb\",\"itemListElement\":[{\"@type\":\"ListItem\",\"position\":1,\"name\":\"Home\",\"item\":\"https:\/\/denizcankizil.tr\/de\/\"},{\"@type\":\"ListItem\",\"position\":2,\"name\":\"Pencereye \u00e7\u0131kan \u015fah\u0131s ekiplere zor anlar ya\u015fatt\u0131\"}]},{\"@type\":\"WebSite\",\"@id\":\"https:\/\/denizcankizil.tr\/de\/#website\",\"url\":\"https:\/\/denizcankizil.tr\/de\/\",\"name\":\"Av. Deniz Can K\u0131z\u0131l\",\"description\":\"Avukat Deniz Can K\u0131z\u0131l Antalya Barosu\",\"publisher\":{\"@id\":\"https:\/\/denizcankizil.tr\/de\/#organization\"},\"potentialAction\":[{\"@type\":\"SearchAction\",\"target\":{\"@type\":\"EntryPoint\",\"urlTemplate\":\"https:\/\/denizcankizil.tr\/de\/?s={search_term_string}\"},\"query-input\":{\"@type\":\"PropertyValueSpecification\",\"valueRequired\":true,\"valueName\":\"search_term_string\"}}],\"inLanguage\":\"en-GB\"},{\"@type\":\"Organization\",\"@id\":\"https:\/\/denizcankizil.tr\/de\/#organization\",\"name\":\"Av. Deniz Can K\u0131z\u0131l\",\"url\":\"https:\/\/denizcankizil.tr\/de\/\",\"logo\":{\"@type\":\"ImageObject\",\"inLanguage\":\"en-GB\",\"@id\":\"https:\/\/denizcankizil.tr\/de\/#\/schema\/logo\/image\/\",\"url\":\"https:\/\/denizcankizil.tr\/wp-content\/uploads\/2024\/10\/siyah-logo-svg.svg\",\"contentUrl\":\"https:\/\/denizcankizil.tr\/wp-content\/uploads\/2024\/10\/siyah-logo-svg.svg\",\"width\":1080,\"height\":1080,\"caption\":\"Av. Deniz Can K\u0131z\u0131l\"},\"image\":{\"@id\":\"https:\/\/denizcankizil.tr\/de\/#\/schema\/logo\/image\/\"}},{\"@type\":\"Person\",\"@id\":\"https:\/\/denizcankizil.tr\/de\/#\/schema\/person\/5dc1b22991bd7ac833867c10afc9b0ff\",\"name\":\"Av. Deniz Can K\u0131z\u0131l\",\"image\":{\"@type\":\"ImageObject\",\"inLanguage\":\"en-GB\",\"@id\":\"https:\/\/denizcankizil.tr\/de\/#\/schema\/person\/image\/\",\"url\":\"https:\/\/secure.gravatar.com\/avatar\/a0b128fb9855c79efc976d5640eedb31dc35ec297594d6016d2cf7c60e975bb6?s=96&d=mm&r=g\",\"contentUrl\":\"https:\/\/secure.gravatar.com\/avatar\/a0b128fb9855c79efc976d5640eedb31dc35ec297594d6016d2cf7c60e975bb6?s=96&d=mm&r=g\",\"caption\":\"Av. Deniz Can K\u0131z\u0131l\"},\"sameAs\":[\"http:\/\/www.denizcankizil.tr\"],\"url\":\"https:\/\/denizcankizil.tr\/en\/author\/denizcankizil\/\"}]}<\/script>\n<!-- \/ Yoast SEO Premium plugin. -->","yoast_head_json":{"title":"Pencereye \u00e7\u0131kan \u015fah\u0131s ekiplere zor anlar ya\u015fatt\u0131 - Av. Deniz Can K\u0131z\u0131l","robots":{"index":"index","follow":"follow","max-snippet":"max-snippet:-1","max-image-preview":"max-image-preview:large","max-video-preview":"max-video-preview:-1"},"canonical":"https:\/\/denizcankizil.tr\/en\/haberler\/antalya\/pencereye-cikan-sahis-ekiplere-zor-anlar-yasatti\/","og_locale":"en_GB","og_type":"article","og_title":"Pencereye \u00e7\u0131kan \u015fah\u0131s ekiplere zor anlar ya\u015fatt\u0131","og_description":"Olay, saat 13.00 s\u0131ralar\u0131nda Kepez il\u00e7esi Yeni Mahalle 2421 sokak \u00fczerinde bulunan 3 katl\u0131 bir apartman\u0131n 3. Kat dubleksinde meydana geldi. Edinilen bilgiye g\u00f6re, isminin Murat oldu\u011fu \u00f6\u011frenilen \u015fah\u0131s ikamette kimsenin bulunmad\u0131\u011f\u0131 s\u0131rada ailesi ile birlikte oturdu\u011fu dairenin dubleks kat\u0131ndaki odan\u0131n penceresine \u00e7\u0131kt\u0131. \u00c7evredekilere ba\u011f\u0131r\u0131p \u00e7a\u011f\u0131rmaya ba\u015flayan ve kendini ataca\u011f\u0131n\u0131 s\u00f6yleyen \u015fahs\u0131 g\u00f6renler durumu 112 Acil \u00c7a\u011fr\u0131 Merkezi&#8217;ne bildirdi. Ambulansa binmek istemedi \u0130hbar \u00fczerine verilen adrese polis, itfaiye ve sa\u011fl\u0131k ekipleri g\u00f6nderildi. Adrese gelen ekipler pencere cam\u0131ndan sark\u0131p tehlikeli hareketler yapan \u015fahs\u0131 ikna etmek i\u00e7in uzun s\u00fcre dil d\u00f6kt\u00fc. Gen\u00e7, polis ekiplerinin apartman\u0131n teras kat\u0131ndan yapt\u0131klar\u0131 g\u00f6r\u00fc\u015fmenin ard\u0131ndan eyleminden vazge\u00e7erek a\u015fa\u011f\u0131ya indi. Olay yerinde haz\u0131r bulunan ambulansa bindirilen gen\u00e7, polis ekipleri taraf\u0131ndan ifadesi al\u0131nmak \u00fczere polis merkezine g\u00f6t\u00fcr\u00fcld\u00fc. Kaynak: www.kanalv.com.tr Haber Sitesinden Al\u0131nm\u0131\u015ft\u0131r.","og_url":"https:\/\/denizcankizil.tr\/en\/haberler\/antalya\/pencereye-cikan-sahis-ekiplere-zor-anlar-yasatti\/","og_site_name":"Av. Deniz Can K\u0131z\u0131l","article_published_time":"2025-05-01T07:41:57+00:00","og_image":[{"width":1280,"height":720,"url":"https:\/\/denizcankizil.tr\/wp-content\/uploads\/2025\/05\/6089-01-eA1GiO.jpg","type":"image\/jpeg"}],"author":"Av. Deniz Can K\u0131z\u0131l","twitter_card":"summary_large_image","twitter_misc":{"Written by":"Av. Deniz Can K\u0131z\u0131l","Estimated reading time":"1 minute"},"schema":{"@context":"https:\/\/schema.org","@graph":[{"@type":"Article","@id":"https:\/\/denizcankizil.tr\/de\/haberler\/antalya\/pencereye-cikan-sahis-ekiplere-zor-anlar-yasatti\/#article","isPartOf":{"@id":"https:\/\/denizcankizil.tr\/de\/haberler\/antalya\/pencereye-cikan-sahis-ekiplere-zor-anlar-yasatti\/"},"author":{"name":"Av. Deniz Can K\u0131z\u0131l","@id":"https:\/\/denizcankizil.tr\/de\/#\/schema\/person\/5dc1b22991bd7ac833867c10afc9b0ff"},"headline":"Pencereye \u00e7\u0131kan \u015fah\u0131s ekiplere zor anlar ya\u015fatt\u0131","datePublished":"2025-05-01T07:41:57+00:00","mainEntityOfPage":{"@id":"https:\/\/denizcankizil.tr\/de\/haberler\/antalya\/pencereye-cikan-sahis-ekiplere-zor-anlar-yasatti\/"},"wordCount":176,"publisher":{"@id":"https:\/\/denizcankizil.tr\/de\/#organization"},"image":{"@id":"https:\/\/denizcankizil.tr\/de\/haberler\/antalya\/pencereye-cikan-sahis-ekiplere-zor-anlar-yasatti\/#primaryimage"},"thumbnailUrl":"https:\/\/denizcankizil.tr\/wp-content\/uploads\/2025\/05\/6089-01-eA1GiO.jpg","articleSection":["Antalya"],"inLanguage":"en-GB"},{"@type":"WebPage","@id":"https:\/\/denizcankizil.tr\/de\/haberler\/antalya\/pencereye-cikan-sahis-ekiplere-zor-anlar-yasatti\/","url":"https:\/\/denizcankizil.tr\/de\/haberler\/antalya\/pencereye-cikan-sahis-ekiplere-zor-anlar-yasatti\/","name":"Pencereye \u00e7\u0131kan \u015fah\u0131s ekiplere zor anlar ya\u015fatt\u0131 - Av. Deniz Can K\u0131z\u0131l","isPartOf":{"@id":"https:\/\/denizcankizil.tr\/de\/#website"},"primaryImageOfPage":{"@id":"https:\/\/denizcankizil.tr\/de\/haberler\/antalya\/pencereye-cikan-sahis-ekiplere-zor-anlar-yasatti\/#primaryimage"},"image":{"@id":"https:\/\/denizcankizil.tr\/de\/haberler\/antalya\/pencereye-cikan-sahis-ekiplere-zor-anlar-yasatti\/#primaryimage"},"thumbnailUrl":"https:\/\/denizcankizil.tr\/wp-content\/uploads\/2025\/05\/6089-01-eA1GiO.jpg","datePublished":"2025-05-01T07:41:57+00:00","breadcrumb":{"@id":"https:\/\/denizcankizil.tr\/de\/haberler\/antalya\/pencereye-cikan-sahis-ekiplere-zor-anlar-yasatti\/#breadcrumb"},"inLanguage":"en-GB","potentialAction":[{"@type":"ReadAction","target":["https:\/\/denizcankizil.tr\/de\/haberler\/antalya\/pencereye-cikan-sahis-ekiplere-zor-anlar-yasatti\/"]}]},{"@type":"ImageObject","inLanguage":"en-GB","@id":"https:\/\/denizcankizil.tr\/de\/haberler\/antalya\/pencereye-cikan-sahis-ekiplere-zor-anlar-yasatti\/#primaryimage","url":"https:\/\/denizcankizil.tr\/wp-content\/uploads\/2025\/05\/6089-01-eA1GiO.jpg","contentUrl":"https:\/\/denizcankizil.tr\/wp-content\/uploads\/2025\/05\/6089-01-eA1GiO.jpg","width":1280,"height":720},{"@type":"BreadcrumbList","@id":"https:\/\/denizcankizil.tr\/de\/haberler\/antalya\/pencereye-cikan-sahis-ekiplere-zor-anlar-yasatti\/#breadcrumb","itemListElement":[{"@type":"ListItem","position":1,"name":"Home","item":"https:\/\/denizcankizil.tr\/de\/"},{"@type":"ListItem","position":2,"name":"Pencereye \u00e7\u0131kan \u015fah\u0131s ekiplere zor anlar ya\u015fatt\u0131"}]},{"@type":"WebSite","@id":"https:\/\/denizcankizil.tr\/de\/#website","url":"https:\/\/denizcankizil.tr\/de\/","name":"Av. Deniz Can K\u0131z\u0131l","description":"Avukat Deniz Can K\u0131z\u0131l Antalya Barosu","publisher":{"@id":"https:\/\/denizcankizil.tr\/de\/#organization"},"potentialAction":[{"@type":"SearchAction","target":{"@type":"EntryPoint","urlTemplate":"https:\/\/denizcankizil.tr\/de\/?s={search_term_string}"},"query-input":{"@type":"PropertyValueSpecification","valueRequired":true,"valueName":"search_term_string"}}],"inLanguage":"en-GB"},{"@type":"Organization","@id":"https:\/\/denizcankizil.tr\/de\/#organization","name":"Av. Deniz Can K\u0131z\u0131l","url":"https:\/\/denizcankizil.tr\/de\/","logo":{"@type":"ImageObject","inLanguage":"en-GB","@id":"https:\/\/denizcankizil.tr\/de\/#\/schema\/logo\/image\/","url":"https:\/\/denizcankizil.tr\/wp-content\/uploads\/2024\/10\/siyah-logo-svg.svg","contentUrl":"https:\/\/denizcankizil.tr\/wp-content\/uploads\/2024\/10\/siyah-logo-svg.svg","width":1080,"height":1080,"caption":"Av. Deniz Can K\u0131z\u0131l"},"image":{"@id":"https:\/\/denizcankizil.tr\/de\/#\/schema\/logo\/image\/"}},{"@type":"Person","@id":"https:\/\/denizcankizil.tr\/de\/#\/schema\/person\/5dc1b22991bd7ac833867c10afc9b0ff","name":"Av. Deniz Can K\u0131z\u0131l","image":{"@type":"ImageObject","inLanguage":"en-GB","@id":"https:\/\/denizcankizil.tr\/de\/#\/schema\/person\/image\/","url":"https:\/\/secure.gravatar.com\/avatar\/a0b128fb9855c79efc976d5640eedb31dc35ec297594d6016d2cf7c60e975bb6?s=96&d=mm&r=g","contentUrl":"https:\/\/secure.gravatar.com\/avatar\/a0b128fb9855c79efc976d5640eedb31dc35ec297594d6016d2cf7c60e975bb6?s=96&d=mm&r=g","caption":"Av. Deniz Can K\u0131z\u0131l"},"sameAs":["http:\/\/www.denizcankizil.tr"],"url":"https:\/\/denizcankizil.tr\/en\/author\/denizcankizil\/"}]}},"_links":{"self":[{"href":"https:\/\/denizcankizil.tr\/en\/wp-json\/wp\/v2\/posts\/72344","targetHints":{"allow":["GET"]}}],"collection":[{"href":"https:\/\/denizcankizil.tr\/en\/wp-json\/wp\/v2\/posts"}],"about":[{"href":"https:\/\/denizcankizil.tr\/en\/wp-json\/wp\/v2\/types\/post"}],"author":[{"embeddable":true,"href":"https:\/\/denizcankizil.tr\/en\/wp-json\/wp\/v2\/users\/4"}],"replies":[{"embeddable":true,"href":"https:\/\/denizcankizil.tr\/en\/wp-json\/wp\/v2\/comments?post=72344"}],"version-history":[{"count":0,"href":"https:\/\/denizcankizil.tr\/en\/wp-json\/wp\/v2\/posts\/72344\/revisions"}],"wp:featuredmedia":[{"embeddable":true,"href":"https:\/\/denizcankizil.tr\/en\/wp-json\/wp\/v2\/media\/72345"}],"wp:attachment":[{"href":"https:\/\/denizcankizil.tr\/en\/wp-json\/wp\/v2\/media?parent=72344"}],"wp:term":[{"taxonomy":"category","embeddable":true,"href":"https:\/\/denizcankizil.tr\/en\/wp-json\/wp\/v2\/categories?post=72344"},{"taxonomy":"post_tag","embeddable":true,"href":"https:\/\/denizcankizil.tr\/en\/wp-json\/wp\/v2\/tags?post=72344"}],"curies":[{"name":"wp","href":"https:\/\/api.w.org\/{rel}","templated":true}]}}