{"id":71631,"date":"2025-04-30T16:42:28","date_gmt":"2025-04-30T13:42:28","guid":{"rendered":"https:\/\/denizcankizil.tr\/uncategorized-tr\/65-arac-trafikten-men-edildi\/"},"modified":"2025-04-30T16:42:28","modified_gmt":"2025-04-30T13:42:28","slug":"65-arac-trafikten-men-edildi","status":"publish","type":"post","link":"https:\/\/denizcankizil.tr\/en\/haberler\/gundem\/65-arac-trafikten-men-edildi\/","title":{"rendered":"65 ara\u00e7 trafikten men edildi"},"content":{"rendered":"<p>Polis ekipleri taraf\u0131ndan \u0130skenderun il\u00e7esinde 20 Nisan ile 27 Nisan tarihleri aras\u0131nda standart d\u0131\u015f\u0131 plaka takan ve \u00e7evreyi rahats\u0131z edecek \u015fekilde g\u00fcr\u00fclt\u00fc \u00e7\u0131karan ve kamunun huzurunu bozan motosiklet s\u00fcr\u00fcc\u00fclerine y\u00f6nelik denetim yap\u0131ld\u0131. Yap\u0131lan denetimlerde; 4 bin 134 adet ara\u00e7 ve s\u00fcr\u00fcc\u00fc kontrol edilirken 385 ara\u00e7 ve motosiklet s\u00fcr\u00fcc\u00fcs\u00fcne toplamda 4 milyon 599 bin 438 TL trafik idari para cezas\u0131 uyguland\u0131. Ayr\u0131ca, 44&#8217;\u00fc motosiklet olmak \u00fczere 65 adet ara\u00e7 trafikten men edildi ve 6 adet s\u00fcr\u00fcc\u00fc belgesi daimi iptal edildi. Denetimlerde ara\u00e7 plakalar\u0131n\u0131 yara band\u0131 ba\u015fta olmak \u00fczere \u00e7e\u015fitli y\u00f6ntemlerle kapatanlar da yapt\u0131klar\u0131yla hayrete d\u00fc\u015f\u00fcrd\u00fcler.<\/p>\n<p>\u200b\u0130skenderun&#8217;da yap\u0131lan denetimlerde, ara\u00e7 s\u00fcr\u00fcc\u00fcleri standart d\u0131\u015f\u0131 plaka kullanmaktan dolay\u0131 toplamda 4 milyon 599 bin TL trafik cezas\u0131 ile kar\u015f\u0131la\u015ft\u0131. Denetimlerde 65 ara\u00e7 trafikten men edildi.\u00a0<\/p>\n<p>\u200bHaberin Al\u0131nt\u0131land\u0131\u011f\u0131 Kaynak: www.iskenderun.org<\/p>","protected":false},"excerpt":{"rendered":"<p>Polis ekipleri taraf\u0131ndan \u0130skenderun il\u00e7esinde 20 Nisan ile 27 Nisan tarihleri aras\u0131nda standart d\u0131\u015f\u0131 plaka takan ve \u00e7evreyi rahats\u0131z edecek \u015fekilde g\u00fcr\u00fclt\u00fc \u00e7\u0131karan ve kamunun huzurunu bozan motosiklet s\u00fcr\u00fcc\u00fclerine y\u00f6nelik denetim yap\u0131ld\u0131. Yap\u0131lan denetimlerde; 4 bin 134 adet ara\u00e7 ve s\u00fcr\u00fcc\u00fc kontrol edilirken 385 ara\u00e7 ve motosiklet s\u00fcr\u00fcc\u00fcs\u00fcne toplamda 4 milyon 599 bin 438 TL trafik idari para cezas\u0131 uyguland\u0131. Ayr\u0131ca, 44&#8217;\u00fc motosiklet olmak \u00fczere 65 adet ara\u00e7 trafikten men edildi ve 6 adet s\u00fcr\u00fcc\u00fc belgesi daimi iptal edildi. Denetimlerde ara\u00e7 plakalar\u0131n\u0131 yara band\u0131 ba\u015fta olmak \u00fczere \u00e7e\u015fitli y\u00f6ntemlerle kapatanlar da yapt\u0131klar\u0131yla hayrete d\u00fc\u015f\u00fcrd\u00fcler. \u200b\u0130skenderun&#8217;da yap\u0131lan denetimlerde, ara\u00e7 s\u00fcr\u00fcc\u00fcleri standart d\u0131\u015f\u0131 plaka kullanmaktan dolay\u0131 toplamda 4 milyon 599 bin TL trafik cezas\u0131 ile kar\u015f\u0131la\u015ft\u0131. Denetimlerde 65 ara\u00e7 trafikten men edildi.\u00a0 \u200bHaberin Al\u0131nt\u0131land\u0131\u011f\u0131 Kaynak: www.iskenderun.org<\/p>","protected":false},"author":1,"featured_media":0,"comment_status":"","ping_status":"open","sticky":false,"template":"","format":"standard","meta":{"_acf_changed":false,"footnotes":""},"categories":[24],"tags":[],"class_list":["post-71631","post","type-post","status-publish","format-standard","has-post-thumbnail","hentry","category-gundem"],"acf":[],"yoast_head":"<!-- This site is optimized with the Yoast SEO Premium plugin v26.6 (Yoast SEO v27.1.1) - https:\/\/yoast.com\/product\/yoast-seo-premium-wordpress\/ -->\n<title>65 ara\u00e7 trafikten men edildi - Av. Deniz Can K\u0131z\u0131l<\/title>\n<meta name=\"robots\" content=\"index, follow, max-snippet:-1, max-image-preview:large, max-video-preview:-1\" \/>\n<link rel=\"canonical\" href=\"https:\/\/denizcankizil.tr\/en\/haberler\/gundem\/65-arac-trafikten-men-edildi\/\" \/>\n<meta property=\"og:locale\" content=\"en_GB\" \/>\n<meta property=\"og:type\" content=\"article\" \/>\n<meta property=\"og:title\" content=\"65 ara\u00e7 trafikten men edildi\" \/>\n<meta property=\"og:description\" content=\"Polis ekipleri taraf\u0131ndan \u0130skenderun il\u00e7esinde 20 Nisan ile 27 Nisan tarihleri aras\u0131nda standart d\u0131\u015f\u0131 plaka takan ve \u00e7evreyi rahats\u0131z edecek \u015fekilde g\u00fcr\u00fclt\u00fc \u00e7\u0131karan ve kamunun huzurunu bozan motosiklet s\u00fcr\u00fcc\u00fclerine y\u00f6nelik denetim yap\u0131ld\u0131. Yap\u0131lan denetimlerde; 4 bin 134 adet ara\u00e7 ve s\u00fcr\u00fcc\u00fc kontrol edilirken 385 ara\u00e7 ve motosiklet s\u00fcr\u00fcc\u00fcs\u00fcne toplamda 4 milyon 599 bin 438 TL trafik idari para cezas\u0131 uyguland\u0131. Ayr\u0131ca, 44&#8217;\u00fc motosiklet olmak \u00fczere 65 adet ara\u00e7 trafikten men edildi ve 6 adet s\u00fcr\u00fcc\u00fc belgesi daimi iptal edildi. Denetimlerde ara\u00e7 plakalar\u0131n\u0131 yara band\u0131 ba\u015fta olmak \u00fczere \u00e7e\u015fitli y\u00f6ntemlerle kapatanlar da yapt\u0131klar\u0131yla hayrete d\u00fc\u015f\u00fcrd\u00fcler. \u200b\u0130skenderun&#8217;da yap\u0131lan denetimlerde, ara\u00e7 s\u00fcr\u00fcc\u00fcleri standart d\u0131\u015f\u0131 plaka kullanmaktan dolay\u0131 toplamda 4 milyon 599 bin TL trafik cezas\u0131 ile kar\u015f\u0131la\u015ft\u0131. Denetimlerde 65 ara\u00e7 trafikten men edildi.\u00a0 \u200bHaberin Al\u0131nt\u0131land\u0131\u011f\u0131 Kaynak: www.iskenderun.org\" \/>\n<meta property=\"og:url\" content=\"https:\/\/denizcankizil.tr\/en\/haberler\/gundem\/65-arac-trafikten-men-edildi\/\" \/>\n<meta property=\"og:site_name\" content=\"Av. Deniz Can K\u0131z\u0131l\" \/>\n<meta property=\"article:published_time\" content=\"2025-04-30T13:42:28+00:00\" \/>\n<meta name=\"author\" content=\"admin\" \/>\n<meta name=\"twitter:card\" content=\"summary_large_image\" \/>\n<meta name=\"twitter:label1\" content=\"Written by\" \/>\n\t<meta name=\"twitter:data1\" content=\"admin\" \/>\n\t<meta name=\"twitter:label2\" content=\"Estimated reading time\" \/>\n\t<meta name=\"twitter:data2\" content=\"1 minute\" \/>\n<script type=\"application\/ld+json\" class=\"yoast-schema-graph\">{\"@context\":\"https:\/\/schema.org\",\"@graph\":[{\"@type\":\"Article\",\"@id\":\"https:\/\/denizcankizil.tr\/en\/haberler\/gundem\/65-arac-trafikten-men-edildi\/#article\",\"isPartOf\":{\"@id\":\"https:\/\/denizcankizil.tr\/en\/haberler\/gundem\/65-arac-trafikten-men-edildi\/\"},\"author\":{\"name\":\"admin\",\"@id\":\"https:\/\/denizcankizil.tr\/de\/#\/schema\/person\/be3c05fe6a12686905512445d8185489\"},\"headline\":\"65 ara\u00e7 trafikten men edildi\",\"datePublished\":\"2025-04-30T13:42:28+00:00\",\"mainEntityOfPage\":{\"@id\":\"https:\/\/denizcankizil.tr\/en\/haberler\/gundem\/65-arac-trafikten-men-edildi\/\"},\"wordCount\":154,\"publisher\":{\"@id\":\"https:\/\/denizcankizil.tr\/de\/#organization\"},\"articleSection\":[\"G\u00fcndem\"],\"inLanguage\":\"en-GB\"},{\"@type\":\"WebPage\",\"@id\":\"https:\/\/denizcankizil.tr\/en\/haberler\/gundem\/65-arac-trafikten-men-edildi\/\",\"url\":\"https:\/\/denizcankizil.tr\/en\/haberler\/gundem\/65-arac-trafikten-men-edildi\/\",\"name\":\"65 ara\u00e7 trafikten men edildi - Av. Deniz Can K\u0131z\u0131l\",\"isPartOf\":{\"@id\":\"https:\/\/denizcankizil.tr\/de\/#website\"},\"datePublished\":\"2025-04-30T13:42:28+00:00\",\"breadcrumb\":{\"@id\":\"https:\/\/denizcankizil.tr\/en\/haberler\/gundem\/65-arac-trafikten-men-edildi\/#breadcrumb\"},\"inLanguage\":\"en-GB\",\"potentialAction\":[{\"@type\":\"ReadAction\",\"target\":[\"https:\/\/denizcankizil.tr\/en\/haberler\/gundem\/65-arac-trafikten-men-edildi\/\"]}]},{\"@type\":\"BreadcrumbList\",\"@id\":\"https:\/\/denizcankizil.tr\/en\/haberler\/gundem\/65-arac-trafikten-men-edildi\/#breadcrumb\",\"itemListElement\":[{\"@type\":\"ListItem\",\"position\":1,\"name\":\"Home\",\"item\":\"https:\/\/denizcankizil.tr\/de\/\"},{\"@type\":\"ListItem\",\"position\":2,\"name\":\"65 ara\u00e7 trafikten men edildi\"}]},{\"@type\":\"WebSite\",\"@id\":\"https:\/\/denizcankizil.tr\/de\/#website\",\"url\":\"https:\/\/denizcankizil.tr\/de\/\",\"name\":\"Av. Deniz Can K\u0131z\u0131l\",\"description\":\"Avukat Deniz Can K\u0131z\u0131l Antalya Barosu\",\"publisher\":{\"@id\":\"https:\/\/denizcankizil.tr\/de\/#organization\"},\"potentialAction\":[{\"@type\":\"SearchAction\",\"target\":{\"@type\":\"EntryPoint\",\"urlTemplate\":\"https:\/\/denizcankizil.tr\/de\/?s={search_term_string}\"},\"query-input\":{\"@type\":\"PropertyValueSpecification\",\"valueRequired\":true,\"valueName\":\"search_term_string\"}}],\"inLanguage\":\"en-GB\"},{\"@type\":\"Organization\",\"@id\":\"https:\/\/denizcankizil.tr\/de\/#organization\",\"name\":\"Av. Deniz Can K\u0131z\u0131l\",\"url\":\"https:\/\/denizcankizil.tr\/de\/\",\"logo\":{\"@type\":\"ImageObject\",\"inLanguage\":\"en-GB\",\"@id\":\"https:\/\/denizcankizil.tr\/de\/#\/schema\/logo\/image\/\",\"url\":\"https:\/\/denizcankizil.tr\/wp-content\/uploads\/2024\/10\/siyah-logo-svg.svg\",\"contentUrl\":\"https:\/\/denizcankizil.tr\/wp-content\/uploads\/2024\/10\/siyah-logo-svg.svg\",\"width\":1080,\"height\":1080,\"caption\":\"Av. Deniz Can K\u0131z\u0131l\"},\"image\":{\"@id\":\"https:\/\/denizcankizil.tr\/de\/#\/schema\/logo\/image\/\"}},{\"@type\":\"Person\",\"@id\":\"https:\/\/denizcankizil.tr\/de\/#\/schema\/person\/be3c05fe6a12686905512445d8185489\",\"name\":\"admin\",\"image\":{\"@type\":\"ImageObject\",\"inLanguage\":\"en-GB\",\"@id\":\"https:\/\/denizcankizil.tr\/de\/#\/schema\/person\/image\/\",\"url\":\"https:\/\/secure.gravatar.com\/avatar\/c1fce94c830dc79107e174f890d7210541c4a63e8e5d816341794a2151c9d58c?s=96&d=mm&r=g\",\"contentUrl\":\"https:\/\/secure.gravatar.com\/avatar\/c1fce94c830dc79107e174f890d7210541c4a63e8e5d816341794a2151c9d58c?s=96&d=mm&r=g\",\"caption\":\"admin\"},\"sameAs\":[\"http:\/\/denizcankizil.tr\"],\"url\":\"https:\/\/www.iskenderun.org\/65-arac-trafikten-men-edildi\"}]}<\/script>\n<!-- \/ Yoast SEO Premium plugin. -->","yoast_head_json":{"title":"65 ara\u00e7 trafikten men edildi - Av. Deniz Can K\u0131z\u0131l","robots":{"index":"index","follow":"follow","max-snippet":"max-snippet:-1","max-image-preview":"max-image-preview:large","max-video-preview":"max-video-preview:-1"},"canonical":"https:\/\/denizcankizil.tr\/en\/haberler\/gundem\/65-arac-trafikten-men-edildi\/","og_locale":"en_GB","og_type":"article","og_title":"65 ara\u00e7 trafikten men edildi","og_description":"Polis ekipleri taraf\u0131ndan \u0130skenderun il\u00e7esinde 20 Nisan ile 27 Nisan tarihleri aras\u0131nda standart d\u0131\u015f\u0131 plaka takan ve \u00e7evreyi rahats\u0131z edecek \u015fekilde g\u00fcr\u00fclt\u00fc \u00e7\u0131karan ve kamunun huzurunu bozan motosiklet s\u00fcr\u00fcc\u00fclerine y\u00f6nelik denetim yap\u0131ld\u0131. Yap\u0131lan denetimlerde; 4 bin 134 adet ara\u00e7 ve s\u00fcr\u00fcc\u00fc kontrol edilirken 385 ara\u00e7 ve motosiklet s\u00fcr\u00fcc\u00fcs\u00fcne toplamda 4 milyon 599 bin 438 TL trafik idari para cezas\u0131 uyguland\u0131. Ayr\u0131ca, 44&#8217;\u00fc motosiklet olmak \u00fczere 65 adet ara\u00e7 trafikten men edildi ve 6 adet s\u00fcr\u00fcc\u00fc belgesi daimi iptal edildi. Denetimlerde ara\u00e7 plakalar\u0131n\u0131 yara band\u0131 ba\u015fta olmak \u00fczere \u00e7e\u015fitli y\u00f6ntemlerle kapatanlar da yapt\u0131klar\u0131yla hayrete d\u00fc\u015f\u00fcrd\u00fcler. \u200b\u0130skenderun&#8217;da yap\u0131lan denetimlerde, ara\u00e7 s\u00fcr\u00fcc\u00fcleri standart d\u0131\u015f\u0131 plaka kullanmaktan dolay\u0131 toplamda 4 milyon 599 bin TL trafik cezas\u0131 ile kar\u015f\u0131la\u015ft\u0131. Denetimlerde 65 ara\u00e7 trafikten men edildi.\u00a0 \u200bHaberin Al\u0131nt\u0131land\u0131\u011f\u0131 Kaynak: www.iskenderun.org","og_url":"https:\/\/denizcankizil.tr\/en\/haberler\/gundem\/65-arac-trafikten-men-edildi\/","og_site_name":"Av. Deniz Can K\u0131z\u0131l","article_published_time":"2025-04-30T13:42:28+00:00","author":"admin","twitter_card":"summary_large_image","twitter_misc":{"Written by":"admin","Estimated reading time":"1 minute"},"schema":{"@context":"https:\/\/schema.org","@graph":[{"@type":"Article","@id":"https:\/\/denizcankizil.tr\/en\/haberler\/gundem\/65-arac-trafikten-men-edildi\/#article","isPartOf":{"@id":"https:\/\/denizcankizil.tr\/en\/haberler\/gundem\/65-arac-trafikten-men-edildi\/"},"author":{"name":"admin","@id":"https:\/\/denizcankizil.tr\/de\/#\/schema\/person\/be3c05fe6a12686905512445d8185489"},"headline":"65 ara\u00e7 trafikten men edildi","datePublished":"2025-04-30T13:42:28+00:00","mainEntityOfPage":{"@id":"https:\/\/denizcankizil.tr\/en\/haberler\/gundem\/65-arac-trafikten-men-edildi\/"},"wordCount":154,"publisher":{"@id":"https:\/\/denizcankizil.tr\/de\/#organization"},"articleSection":["G\u00fcndem"],"inLanguage":"en-GB"},{"@type":"WebPage","@id":"https:\/\/denizcankizil.tr\/en\/haberler\/gundem\/65-arac-trafikten-men-edildi\/","url":"https:\/\/denizcankizil.tr\/en\/haberler\/gundem\/65-arac-trafikten-men-edildi\/","name":"65 ara\u00e7 trafikten men edildi - Av. Deniz Can K\u0131z\u0131l","isPartOf":{"@id":"https:\/\/denizcankizil.tr\/de\/#website"},"datePublished":"2025-04-30T13:42:28+00:00","breadcrumb":{"@id":"https:\/\/denizcankizil.tr\/en\/haberler\/gundem\/65-arac-trafikten-men-edildi\/#breadcrumb"},"inLanguage":"en-GB","potentialAction":[{"@type":"ReadAction","target":["https:\/\/denizcankizil.tr\/en\/haberler\/gundem\/65-arac-trafikten-men-edildi\/"]}]},{"@type":"BreadcrumbList","@id":"https:\/\/denizcankizil.tr\/en\/haberler\/gundem\/65-arac-trafikten-men-edildi\/#breadcrumb","itemListElement":[{"@type":"ListItem","position":1,"name":"Home","item":"https:\/\/denizcankizil.tr\/de\/"},{"@type":"ListItem","position":2,"name":"65 ara\u00e7 trafikten men edildi"}]},{"@type":"WebSite","@id":"https:\/\/denizcankizil.tr\/de\/#website","url":"https:\/\/denizcankizil.tr\/de\/","name":"Av. Deniz Can K\u0131z\u0131l","description":"Avukat Deniz Can K\u0131z\u0131l Antalya Barosu","publisher":{"@id":"https:\/\/denizcankizil.tr\/de\/#organization"},"potentialAction":[{"@type":"SearchAction","target":{"@type":"EntryPoint","urlTemplate":"https:\/\/denizcankizil.tr\/de\/?s={search_term_string}"},"query-input":{"@type":"PropertyValueSpecification","valueRequired":true,"valueName":"search_term_string"}}],"inLanguage":"en-GB"},{"@type":"Organization","@id":"https:\/\/denizcankizil.tr\/de\/#organization","name":"Av. Deniz Can K\u0131z\u0131l","url":"https:\/\/denizcankizil.tr\/de\/","logo":{"@type":"ImageObject","inLanguage":"en-GB","@id":"https:\/\/denizcankizil.tr\/de\/#\/schema\/logo\/image\/","url":"https:\/\/denizcankizil.tr\/wp-content\/uploads\/2024\/10\/siyah-logo-svg.svg","contentUrl":"https:\/\/denizcankizil.tr\/wp-content\/uploads\/2024\/10\/siyah-logo-svg.svg","width":1080,"height":1080,"caption":"Av. Deniz Can K\u0131z\u0131l"},"image":{"@id":"https:\/\/denizcankizil.tr\/de\/#\/schema\/logo\/image\/"}},{"@type":"Person","@id":"https:\/\/denizcankizil.tr\/de\/#\/schema\/person\/be3c05fe6a12686905512445d8185489","name":"admin","image":{"@type":"ImageObject","inLanguage":"en-GB","@id":"https:\/\/denizcankizil.tr\/de\/#\/schema\/person\/image\/","url":"https:\/\/secure.gravatar.com\/avatar\/c1fce94c830dc79107e174f890d7210541c4a63e8e5d816341794a2151c9d58c?s=96&d=mm&r=g","contentUrl":"https:\/\/secure.gravatar.com\/avatar\/c1fce94c830dc79107e174f890d7210541c4a63e8e5d816341794a2151c9d58c?s=96&d=mm&r=g","caption":"admin"},"sameAs":["http:\/\/denizcankizil.tr"],"url":"https:\/\/www.iskenderun.org\/65-arac-trafikten-men-edildi"}]}},"_links":{"self":[{"href":"https:\/\/denizcankizil.tr\/en\/wp-json\/wp\/v2\/posts\/71631","targetHints":{"allow":["GET"]}}],"collection":[{"href":"https:\/\/denizcankizil.tr\/en\/wp-json\/wp\/v2\/posts"}],"about":[{"href":"https:\/\/denizcankizil.tr\/en\/wp-json\/wp\/v2\/types\/post"}],"author":[{"embeddable":true,"href":"https:\/\/denizcankizil.tr\/en\/wp-json\/wp\/v2\/users\/1"}],"replies":[{"embeddable":true,"href":"https:\/\/denizcankizil.tr\/en\/wp-json\/wp\/v2\/comments?post=71631"}],"version-history":[{"count":0,"href":"https:\/\/denizcankizil.tr\/en\/wp-json\/wp\/v2\/posts\/71631\/revisions"}],"wp:attachment":[{"href":"https:\/\/denizcankizil.tr\/en\/wp-json\/wp\/v2\/media?parent=71631"}],"wp:term":[{"taxonomy":"category","embeddable":true,"href":"https:\/\/denizcankizil.tr\/en\/wp-json\/wp\/v2\/categories?post=71631"},{"taxonomy":"post_tag","embeddable":true,"href":"https:\/\/denizcankizil.tr\/en\/wp-json\/wp\/v2\/tags?post=71631"}],"curies":[{"name":"wp","href":"https:\/\/api.w.org\/{rel}","templated":true}]}}