{"id":71584,"date":"2025-04-30T16:41:14","date_gmt":"2025-04-30T13:41:14","guid":{"rendered":"https:\/\/denizcankizil.tr\/uncategorized-tr\/kepez-kitap-fuari-6-gununde\/"},"modified":"2025-04-30T16:41:14","modified_gmt":"2025-04-30T13:41:14","slug":"kepez-kitap-fuari-6-gununde","status":"publish","type":"post","link":"https:\/\/denizcankizil.tr\/en\/haberler\/antalya\/kepez-kitap-fuari-6-gununde\/","title":{"rendered":"Kepez Kitap Fuar\u0131 6. g\u00fcn\u00fcnde"},"content":{"rendered":"<p>Kepez Belediyesi ev sahipli\u011finde Mimar Sinan Kongre Merkezi\u2019nde 25 Nisan\u2019da kap\u0131lar\u0131n\u0131 a\u00e7an fuar, her ge\u00e7en g\u00fcn artan kat\u0131l\u0131mla adeta bir k\u00fclt\u00fcr \u015f\u00f6lenine d\u00f6n\u00fc\u015ft\u00fc. Fuarda her ya\u015ftan ziyaret\u00e7i, yay\u0131nevlerinin sundu\u011fu binlerce kitapla bulu\u015furken, s\u00f6yle\u015fi ve imza etkinlikleri de b\u00fcy\u00fck ilgi g\u00f6rd\u00fc. Antalya\u2019n\u0131n d\u00f6rt bir yan\u0131ndan gelen okurlar, fuar alan\u0131n\u0131 h\u0131ncah\u0131n\u00e7 doldurdu. &#8220;Sayfalar de\u011fi\u015fir, de\u011fi\u015ftirir&#8221; temas\u0131yla d\u00fczenlenen fuar, \u00f6zellikle \u00e7ocuklar ve gen\u00e7ler taraf\u0131ndan yo\u011fun ilgi g\u00f6r\u00fcyor. 250\u2019ye yak\u0131n yay\u0131nevi ve yakla\u015f\u0131k 100 yazar\u0131n kat\u0131l\u0131m g\u00f6sterdi\u011fi etkinlik, her ya\u015f grubuna hitap eden i\u00e7erikleriyle dikkat \u00e7ekiyor. Fuar, 4 May\u0131s\u2019a kadar her g\u00fcn 09.00-19.00 saatleri aras\u0131nda kitapseverleri a\u011f\u0131rlamaya devam edecek.<br \/>\n1 May\u0131s \u00c7ar\u015famba g\u00fcn\u00fc, Kepez Kitap Fuar\u0131 birbirinden de\u011ferli yazarlar\u0131n kat\u0131l\u0131m\u0131yla ger\u00e7ekle\u015fecek s\u00f6yle\u015fi ve imza g\u00fcnlerine sahne olacak. Mimar Sinan Kongre Merkezi\u2019nde saat 14.00\u2019te \u0130nci Aral, &#8220;T\u00fcrkiye G\u00fcndemi ve Edebiyat&#8221; konulu s\u00f6yle\u015fisiyle okurlarla bulu\u015facak. Saat 15.00\u2019te Saniye Bencik Kangal &#8220;\u00c7ocu\u011fumun Beyninde Neler Oluyor&#8221;, saat 16.00\u2019da ise Dilek Cesur &#8220;Rota Yeniden Olu\u015fturuluyor&#8221; ba\u015fl\u0131kl\u0131 s\u00f6yle\u015fisiyle okurlar\u0131n kar\u015f\u0131s\u0131nda olacak.<\/p>\n<p>Kaynak: www.kanalv.com.tr Haber Sitesinden Al\u0131nm\u0131\u015ft\u0131r.<\/p>","protected":false},"excerpt":{"rendered":"<p>Kepez Belediyesi ev sahipli\u011finde Mimar Sinan Kongre Merkezi\u2019nde 25 Nisan\u2019da kap\u0131lar\u0131n\u0131 a\u00e7an fuar, her ge\u00e7en g\u00fcn artan kat\u0131l\u0131mla adeta bir k\u00fclt\u00fcr \u015f\u00f6lenine d\u00f6n\u00fc\u015ft\u00fc. Fuarda her ya\u015ftan ziyaret\u00e7i, yay\u0131nevlerinin sundu\u011fu binlerce kitapla bulu\u015furken, s\u00f6yle\u015fi ve imza etkinlikleri de b\u00fcy\u00fck ilgi g\u00f6rd\u00fc. Antalya\u2019n\u0131n d\u00f6rt bir yan\u0131ndan gelen okurlar, fuar alan\u0131n\u0131 h\u0131ncah\u0131n\u00e7 doldurdu. &#8220;Sayfalar de\u011fi\u015fir, de\u011fi\u015ftirir&#8221; temas\u0131yla d\u00fczenlenen fuar, \u00f6zellikle \u00e7ocuklar ve gen\u00e7ler taraf\u0131ndan yo\u011fun ilgi g\u00f6r\u00fcyor. 250\u2019ye yak\u0131n yay\u0131nevi ve yakla\u015f\u0131k 100 yazar\u0131n kat\u0131l\u0131m g\u00f6sterdi\u011fi etkinlik, her ya\u015f grubuna hitap eden i\u00e7erikleriyle dikkat \u00e7ekiyor. Fuar, 4 May\u0131s\u2019a kadar her g\u00fcn 09.00-19.00 saatleri aras\u0131nda kitapseverleri a\u011f\u0131rlamaya devam edecek. 1 May\u0131s \u00c7ar\u015famba g\u00fcn\u00fc, Kepez Kitap Fuar\u0131 birbirinden de\u011ferli yazarlar\u0131n kat\u0131l\u0131m\u0131yla ger\u00e7ekle\u015fecek s\u00f6yle\u015fi ve imza g\u00fcnlerine sahne olacak. Mimar Sinan Kongre Merkezi\u2019nde saat 14.00\u2019te \u0130nci Aral, &#8220;T\u00fcrkiye G\u00fcndemi ve Edebiyat&#8221; konulu s\u00f6yle\u015fisiyle okurlarla bulu\u015facak. Saat 15.00\u2019te Saniye Bencik Kangal &#8220;\u00c7ocu\u011fumun Beyninde Neler Oluyor&#8221;, saat 16.00\u2019da ise Dilek Cesur &#8220;Rota Yeniden Olu\u015fturuluyor&#8221; ba\u015fl\u0131kl\u0131 s\u00f6yle\u015fisiyle okurlar\u0131n kar\u015f\u0131s\u0131nda olacak. Kaynak: www.kanalv.com.tr Haber Sitesinden Al\u0131nm\u0131\u015ft\u0131r.<\/p>","protected":false},"author":4,"featured_media":71585,"comment_status":"","ping_status":"open","sticky":false,"template":"","format":"standard","meta":{"_acf_changed":false,"footnotes":""},"categories":[26],"tags":[],"class_list":["post-71584","post","type-post","status-publish","format-standard","has-post-thumbnail","hentry","category-antalya"],"acf":[],"yoast_head":"<!-- This site is optimized with the Yoast SEO Premium plugin v26.6 (Yoast SEO v27.1.1) - https:\/\/yoast.com\/product\/yoast-seo-premium-wordpress\/ -->\n<title>Kepez Kitap Fuar\u0131 6. g\u00fcn\u00fcnde - Av. Deniz Can K\u0131z\u0131l<\/title>\n<meta name=\"robots\" content=\"index, follow, max-snippet:-1, max-image-preview:large, max-video-preview:-1\" \/>\n<link rel=\"canonical\" href=\"https:\/\/denizcankizil.tr\/en\/haberler\/antalya\/kepez-kitap-fuari-6-gununde\/\" \/>\n<meta property=\"og:locale\" content=\"en_GB\" \/>\n<meta property=\"og:type\" content=\"article\" \/>\n<meta property=\"og:title\" content=\"Kepez Kitap Fuar\u0131 6. g\u00fcn\u00fcnde\" \/>\n<meta property=\"og:description\" content=\"Kepez Belediyesi ev sahipli\u011finde Mimar Sinan Kongre Merkezi\u2019nde 25 Nisan\u2019da kap\u0131lar\u0131n\u0131 a\u00e7an fuar, her ge\u00e7en g\u00fcn artan kat\u0131l\u0131mla adeta bir k\u00fclt\u00fcr \u015f\u00f6lenine d\u00f6n\u00fc\u015ft\u00fc. Fuarda her ya\u015ftan ziyaret\u00e7i, yay\u0131nevlerinin sundu\u011fu binlerce kitapla bulu\u015furken, s\u00f6yle\u015fi ve imza etkinlikleri de b\u00fcy\u00fck ilgi g\u00f6rd\u00fc. Antalya\u2019n\u0131n d\u00f6rt bir yan\u0131ndan gelen okurlar, fuar alan\u0131n\u0131 h\u0131ncah\u0131n\u00e7 doldurdu. &#8220;Sayfalar de\u011fi\u015fir, de\u011fi\u015ftirir&#8221; temas\u0131yla d\u00fczenlenen fuar, \u00f6zellikle \u00e7ocuklar ve gen\u00e7ler taraf\u0131ndan yo\u011fun ilgi g\u00f6r\u00fcyor. 250\u2019ye yak\u0131n yay\u0131nevi ve yakla\u015f\u0131k 100 yazar\u0131n kat\u0131l\u0131m g\u00f6sterdi\u011fi etkinlik, her ya\u015f grubuna hitap eden i\u00e7erikleriyle dikkat \u00e7ekiyor. Fuar, 4 May\u0131s\u2019a kadar her g\u00fcn 09.00-19.00 saatleri aras\u0131nda kitapseverleri a\u011f\u0131rlamaya devam edecek. 1 May\u0131s \u00c7ar\u015famba g\u00fcn\u00fc, Kepez Kitap Fuar\u0131 birbirinden de\u011ferli yazarlar\u0131n kat\u0131l\u0131m\u0131yla ger\u00e7ekle\u015fecek s\u00f6yle\u015fi ve imza g\u00fcnlerine sahne olacak. Mimar Sinan Kongre Merkezi\u2019nde saat 14.00\u2019te \u0130nci Aral, &#8220;T\u00fcrkiye G\u00fcndemi ve Edebiyat&#8221; konulu s\u00f6yle\u015fisiyle okurlarla bulu\u015facak. Saat 15.00\u2019te Saniye Bencik Kangal &#8220;\u00c7ocu\u011fumun Beyninde Neler Oluyor&#8221;, saat 16.00\u2019da ise Dilek Cesur &#8220;Rota Yeniden Olu\u015fturuluyor&#8221; ba\u015fl\u0131kl\u0131 s\u00f6yle\u015fisiyle okurlar\u0131n kar\u015f\u0131s\u0131nda olacak. Kaynak: www.kanalv.com.tr Haber Sitesinden Al\u0131nm\u0131\u015ft\u0131r.\" \/>\n<meta property=\"og:url\" content=\"https:\/\/denizcankizil.tr\/en\/haberler\/antalya\/kepez-kitap-fuari-6-gununde\/\" \/>\n<meta property=\"og:site_name\" content=\"Av. Deniz Can K\u0131z\u0131l\" \/>\n<meta property=\"article:published_time\" content=\"2025-04-30T13:41:14+00:00\" \/>\n<meta property=\"og:image\" content=\"https:\/\/denizcankizil.tr\/wp-content\/uploads\/2025\/04\/6085-01-FxMfJl.jpg\" \/>\n\t<meta property=\"og:image:width\" content=\"1280\" \/>\n\t<meta property=\"og:image:height\" content=\"720\" \/>\n\t<meta property=\"og:image:type\" content=\"image\/jpeg\" \/>\n<meta name=\"author\" content=\"Av. Deniz Can K\u0131z\u0131l\" \/>\n<meta name=\"twitter:card\" content=\"summary_large_image\" \/>\n<meta name=\"twitter:label1\" content=\"Written by\" \/>\n\t<meta name=\"twitter:data1\" content=\"Av. Deniz Can K\u0131z\u0131l\" \/>\n\t<meta name=\"twitter:label2\" content=\"Estimated reading time\" \/>\n\t<meta name=\"twitter:data2\" content=\"1 minute\" \/>\n<script type=\"application\/ld+json\" class=\"yoast-schema-graph\">{\"@context\":\"https:\/\/schema.org\",\"@graph\":[{\"@type\":\"Article\",\"@id\":\"https:\/\/denizcankizil.tr\/uk\/haberler\/antalya\/kepez-kitap-fuari-6-gununde\/#article\",\"isPartOf\":{\"@id\":\"https:\/\/denizcankizil.tr\/uk\/haberler\/antalya\/kepez-kitap-fuari-6-gununde\/\"},\"author\":{\"name\":\"Av. Deniz Can K\u0131z\u0131l\",\"@id\":\"https:\/\/denizcankizil.tr\/de\/#\/schema\/person\/5dc1b22991bd7ac833867c10afc9b0ff\"},\"headline\":\"Kepez Kitap Fuar\u0131 6. g\u00fcn\u00fcnde\",\"datePublished\":\"2025-04-30T13:41:14+00:00\",\"mainEntityOfPage\":{\"@id\":\"https:\/\/denizcankizil.tr\/uk\/haberler\/antalya\/kepez-kitap-fuari-6-gununde\/\"},\"wordCount\":248,\"publisher\":{\"@id\":\"https:\/\/denizcankizil.tr\/de\/#organization\"},\"image\":{\"@id\":\"https:\/\/denizcankizil.tr\/uk\/haberler\/antalya\/kepez-kitap-fuari-6-gununde\/#primaryimage\"},\"thumbnailUrl\":\"https:\/\/denizcankizil.tr\/wp-content\/uploads\/2025\/04\/6085-01-FxMfJl.jpg\",\"articleSection\":[\"Antalya\"],\"inLanguage\":\"en-GB\"},{\"@type\":\"WebPage\",\"@id\":\"https:\/\/denizcankizil.tr\/uk\/haberler\/antalya\/kepez-kitap-fuari-6-gununde\/\",\"url\":\"https:\/\/denizcankizil.tr\/uk\/haberler\/antalya\/kepez-kitap-fuari-6-gununde\/\",\"name\":\"Kepez Kitap Fuar\u0131 6. g\u00fcn\u00fcnde - Av. Deniz Can K\u0131z\u0131l\",\"isPartOf\":{\"@id\":\"https:\/\/denizcankizil.tr\/de\/#website\"},\"primaryImageOfPage\":{\"@id\":\"https:\/\/denizcankizil.tr\/uk\/haberler\/antalya\/kepez-kitap-fuari-6-gununde\/#primaryimage\"},\"image\":{\"@id\":\"https:\/\/denizcankizil.tr\/uk\/haberler\/antalya\/kepez-kitap-fuari-6-gununde\/#primaryimage\"},\"thumbnailUrl\":\"https:\/\/denizcankizil.tr\/wp-content\/uploads\/2025\/04\/6085-01-FxMfJl.jpg\",\"datePublished\":\"2025-04-30T13:41:14+00:00\",\"breadcrumb\":{\"@id\":\"https:\/\/denizcankizil.tr\/uk\/haberler\/antalya\/kepez-kitap-fuari-6-gununde\/#breadcrumb\"},\"inLanguage\":\"en-GB\",\"potentialAction\":[{\"@type\":\"ReadAction\",\"target\":[\"https:\/\/denizcankizil.tr\/uk\/haberler\/antalya\/kepez-kitap-fuari-6-gununde\/\"]}]},{\"@type\":\"ImageObject\",\"inLanguage\":\"en-GB\",\"@id\":\"https:\/\/denizcankizil.tr\/uk\/haberler\/antalya\/kepez-kitap-fuari-6-gununde\/#primaryimage\",\"url\":\"https:\/\/denizcankizil.tr\/wp-content\/uploads\/2025\/04\/6085-01-FxMfJl.jpg\",\"contentUrl\":\"https:\/\/denizcankizil.tr\/wp-content\/uploads\/2025\/04\/6085-01-FxMfJl.jpg\",\"width\":1280,\"height\":720},{\"@type\":\"BreadcrumbList\",\"@id\":\"https:\/\/denizcankizil.tr\/uk\/haberler\/antalya\/kepez-kitap-fuari-6-gununde\/#breadcrumb\",\"itemListElement\":[{\"@type\":\"ListItem\",\"position\":1,\"name\":\"Home\",\"item\":\"https:\/\/denizcankizil.tr\/de\/\"},{\"@type\":\"ListItem\",\"position\":2,\"name\":\"Kepez Kitap Fuar\u0131 6. g\u00fcn\u00fcnde\"}]},{\"@type\":\"WebSite\",\"@id\":\"https:\/\/denizcankizil.tr\/de\/#website\",\"url\":\"https:\/\/denizcankizil.tr\/de\/\",\"name\":\"Av. Deniz Can K\u0131z\u0131l\",\"description\":\"Avukat Deniz Can K\u0131z\u0131l Antalya Barosu\",\"publisher\":{\"@id\":\"https:\/\/denizcankizil.tr\/de\/#organization\"},\"potentialAction\":[{\"@type\":\"SearchAction\",\"target\":{\"@type\":\"EntryPoint\",\"urlTemplate\":\"https:\/\/denizcankizil.tr\/de\/?s={search_term_string}\"},\"query-input\":{\"@type\":\"PropertyValueSpecification\",\"valueRequired\":true,\"valueName\":\"search_term_string\"}}],\"inLanguage\":\"en-GB\"},{\"@type\":\"Organization\",\"@id\":\"https:\/\/denizcankizil.tr\/de\/#organization\",\"name\":\"Av. Deniz Can K\u0131z\u0131l\",\"url\":\"https:\/\/denizcankizil.tr\/de\/\",\"logo\":{\"@type\":\"ImageObject\",\"inLanguage\":\"en-GB\",\"@id\":\"https:\/\/denizcankizil.tr\/de\/#\/schema\/logo\/image\/\",\"url\":\"https:\/\/denizcankizil.tr\/wp-content\/uploads\/2024\/10\/siyah-logo-svg.svg\",\"contentUrl\":\"https:\/\/denizcankizil.tr\/wp-content\/uploads\/2024\/10\/siyah-logo-svg.svg\",\"width\":1080,\"height\":1080,\"caption\":\"Av. Deniz Can K\u0131z\u0131l\"},\"image\":{\"@id\":\"https:\/\/denizcankizil.tr\/de\/#\/schema\/logo\/image\/\"}},{\"@type\":\"Person\",\"@id\":\"https:\/\/denizcankizil.tr\/de\/#\/schema\/person\/5dc1b22991bd7ac833867c10afc9b0ff\",\"name\":\"Av. Deniz Can K\u0131z\u0131l\",\"image\":{\"@type\":\"ImageObject\",\"inLanguage\":\"en-GB\",\"@id\":\"https:\/\/denizcankizil.tr\/de\/#\/schema\/person\/image\/\",\"url\":\"https:\/\/secure.gravatar.com\/avatar\/a0b128fb9855c79efc976d5640eedb31dc35ec297594d6016d2cf7c60e975bb6?s=96&d=mm&r=g\",\"contentUrl\":\"https:\/\/secure.gravatar.com\/avatar\/a0b128fb9855c79efc976d5640eedb31dc35ec297594d6016d2cf7c60e975bb6?s=96&d=mm&r=g\",\"caption\":\"Av. Deniz Can K\u0131z\u0131l\"},\"sameAs\":[\"http:\/\/www.denizcankizil.tr\"],\"url\":\"https:\/\/denizcankizil.tr\/en\/author\/denizcankizil\/\"}]}<\/script>\n<!-- \/ Yoast SEO Premium plugin. -->","yoast_head_json":{"title":"Kepez Kitap Fuar\u0131 6. g\u00fcn\u00fcnde - Av. Deniz Can K\u0131z\u0131l","robots":{"index":"index","follow":"follow","max-snippet":"max-snippet:-1","max-image-preview":"max-image-preview:large","max-video-preview":"max-video-preview:-1"},"canonical":"https:\/\/denizcankizil.tr\/en\/haberler\/antalya\/kepez-kitap-fuari-6-gununde\/","og_locale":"en_GB","og_type":"article","og_title":"Kepez Kitap Fuar\u0131 6. g\u00fcn\u00fcnde","og_description":"Kepez Belediyesi ev sahipli\u011finde Mimar Sinan Kongre Merkezi\u2019nde 25 Nisan\u2019da kap\u0131lar\u0131n\u0131 a\u00e7an fuar, her ge\u00e7en g\u00fcn artan kat\u0131l\u0131mla adeta bir k\u00fclt\u00fcr \u015f\u00f6lenine d\u00f6n\u00fc\u015ft\u00fc. Fuarda her ya\u015ftan ziyaret\u00e7i, yay\u0131nevlerinin sundu\u011fu binlerce kitapla bulu\u015furken, s\u00f6yle\u015fi ve imza etkinlikleri de b\u00fcy\u00fck ilgi g\u00f6rd\u00fc. Antalya\u2019n\u0131n d\u00f6rt bir yan\u0131ndan gelen okurlar, fuar alan\u0131n\u0131 h\u0131ncah\u0131n\u00e7 doldurdu. &#8220;Sayfalar de\u011fi\u015fir, de\u011fi\u015ftirir&#8221; temas\u0131yla d\u00fczenlenen fuar, \u00f6zellikle \u00e7ocuklar ve gen\u00e7ler taraf\u0131ndan yo\u011fun ilgi g\u00f6r\u00fcyor. 250\u2019ye yak\u0131n yay\u0131nevi ve yakla\u015f\u0131k 100 yazar\u0131n kat\u0131l\u0131m g\u00f6sterdi\u011fi etkinlik, her ya\u015f grubuna hitap eden i\u00e7erikleriyle dikkat \u00e7ekiyor. Fuar, 4 May\u0131s\u2019a kadar her g\u00fcn 09.00-19.00 saatleri aras\u0131nda kitapseverleri a\u011f\u0131rlamaya devam edecek. 1 May\u0131s \u00c7ar\u015famba g\u00fcn\u00fc, Kepez Kitap Fuar\u0131 birbirinden de\u011ferli yazarlar\u0131n kat\u0131l\u0131m\u0131yla ger\u00e7ekle\u015fecek s\u00f6yle\u015fi ve imza g\u00fcnlerine sahne olacak. Mimar Sinan Kongre Merkezi\u2019nde saat 14.00\u2019te \u0130nci Aral, &#8220;T\u00fcrkiye G\u00fcndemi ve Edebiyat&#8221; konulu s\u00f6yle\u015fisiyle okurlarla bulu\u015facak. Saat 15.00\u2019te Saniye Bencik Kangal &#8220;\u00c7ocu\u011fumun Beyninde Neler Oluyor&#8221;, saat 16.00\u2019da ise Dilek Cesur &#8220;Rota Yeniden Olu\u015fturuluyor&#8221; ba\u015fl\u0131kl\u0131 s\u00f6yle\u015fisiyle okurlar\u0131n kar\u015f\u0131s\u0131nda olacak. Kaynak: www.kanalv.com.tr Haber Sitesinden Al\u0131nm\u0131\u015ft\u0131r.","og_url":"https:\/\/denizcankizil.tr\/en\/haberler\/antalya\/kepez-kitap-fuari-6-gununde\/","og_site_name":"Av. Deniz Can K\u0131z\u0131l","article_published_time":"2025-04-30T13:41:14+00:00","og_image":[{"width":1280,"height":720,"url":"https:\/\/denizcankizil.tr\/wp-content\/uploads\/2025\/04\/6085-01-FxMfJl.jpg","type":"image\/jpeg"}],"author":"Av. Deniz Can K\u0131z\u0131l","twitter_card":"summary_large_image","twitter_misc":{"Written by":"Av. Deniz Can K\u0131z\u0131l","Estimated reading time":"1 minute"},"schema":{"@context":"https:\/\/schema.org","@graph":[{"@type":"Article","@id":"https:\/\/denizcankizil.tr\/uk\/haberler\/antalya\/kepez-kitap-fuari-6-gununde\/#article","isPartOf":{"@id":"https:\/\/denizcankizil.tr\/uk\/haberler\/antalya\/kepez-kitap-fuari-6-gununde\/"},"author":{"name":"Av. Deniz Can K\u0131z\u0131l","@id":"https:\/\/denizcankizil.tr\/de\/#\/schema\/person\/5dc1b22991bd7ac833867c10afc9b0ff"},"headline":"Kepez Kitap Fuar\u0131 6. g\u00fcn\u00fcnde","datePublished":"2025-04-30T13:41:14+00:00","mainEntityOfPage":{"@id":"https:\/\/denizcankizil.tr\/uk\/haberler\/antalya\/kepez-kitap-fuari-6-gununde\/"},"wordCount":248,"publisher":{"@id":"https:\/\/denizcankizil.tr\/de\/#organization"},"image":{"@id":"https:\/\/denizcankizil.tr\/uk\/haberler\/antalya\/kepez-kitap-fuari-6-gununde\/#primaryimage"},"thumbnailUrl":"https:\/\/denizcankizil.tr\/wp-content\/uploads\/2025\/04\/6085-01-FxMfJl.jpg","articleSection":["Antalya"],"inLanguage":"en-GB"},{"@type":"WebPage","@id":"https:\/\/denizcankizil.tr\/uk\/haberler\/antalya\/kepez-kitap-fuari-6-gununde\/","url":"https:\/\/denizcankizil.tr\/uk\/haberler\/antalya\/kepez-kitap-fuari-6-gununde\/","name":"Kepez Kitap Fuar\u0131 6. g\u00fcn\u00fcnde - Av. Deniz Can K\u0131z\u0131l","isPartOf":{"@id":"https:\/\/denizcankizil.tr\/de\/#website"},"primaryImageOfPage":{"@id":"https:\/\/denizcankizil.tr\/uk\/haberler\/antalya\/kepez-kitap-fuari-6-gununde\/#primaryimage"},"image":{"@id":"https:\/\/denizcankizil.tr\/uk\/haberler\/antalya\/kepez-kitap-fuari-6-gununde\/#primaryimage"},"thumbnailUrl":"https:\/\/denizcankizil.tr\/wp-content\/uploads\/2025\/04\/6085-01-FxMfJl.jpg","datePublished":"2025-04-30T13:41:14+00:00","breadcrumb":{"@id":"https:\/\/denizcankizil.tr\/uk\/haberler\/antalya\/kepez-kitap-fuari-6-gununde\/#breadcrumb"},"inLanguage":"en-GB","potentialAction":[{"@type":"ReadAction","target":["https:\/\/denizcankizil.tr\/uk\/haberler\/antalya\/kepez-kitap-fuari-6-gununde\/"]}]},{"@type":"ImageObject","inLanguage":"en-GB","@id":"https:\/\/denizcankizil.tr\/uk\/haberler\/antalya\/kepez-kitap-fuari-6-gununde\/#primaryimage","url":"https:\/\/denizcankizil.tr\/wp-content\/uploads\/2025\/04\/6085-01-FxMfJl.jpg","contentUrl":"https:\/\/denizcankizil.tr\/wp-content\/uploads\/2025\/04\/6085-01-FxMfJl.jpg","width":1280,"height":720},{"@type":"BreadcrumbList","@id":"https:\/\/denizcankizil.tr\/uk\/haberler\/antalya\/kepez-kitap-fuari-6-gununde\/#breadcrumb","itemListElement":[{"@type":"ListItem","position":1,"name":"Home","item":"https:\/\/denizcankizil.tr\/de\/"},{"@type":"ListItem","position":2,"name":"Kepez Kitap Fuar\u0131 6. g\u00fcn\u00fcnde"}]},{"@type":"WebSite","@id":"https:\/\/denizcankizil.tr\/de\/#website","url":"https:\/\/denizcankizil.tr\/de\/","name":"Av. Deniz Can K\u0131z\u0131l","description":"Avukat Deniz Can K\u0131z\u0131l Antalya Barosu","publisher":{"@id":"https:\/\/denizcankizil.tr\/de\/#organization"},"potentialAction":[{"@type":"SearchAction","target":{"@type":"EntryPoint","urlTemplate":"https:\/\/denizcankizil.tr\/de\/?s={search_term_string}"},"query-input":{"@type":"PropertyValueSpecification","valueRequired":true,"valueName":"search_term_string"}}],"inLanguage":"en-GB"},{"@type":"Organization","@id":"https:\/\/denizcankizil.tr\/de\/#organization","name":"Av. Deniz Can K\u0131z\u0131l","url":"https:\/\/denizcankizil.tr\/de\/","logo":{"@type":"ImageObject","inLanguage":"en-GB","@id":"https:\/\/denizcankizil.tr\/de\/#\/schema\/logo\/image\/","url":"https:\/\/denizcankizil.tr\/wp-content\/uploads\/2024\/10\/siyah-logo-svg.svg","contentUrl":"https:\/\/denizcankizil.tr\/wp-content\/uploads\/2024\/10\/siyah-logo-svg.svg","width":1080,"height":1080,"caption":"Av. Deniz Can K\u0131z\u0131l"},"image":{"@id":"https:\/\/denizcankizil.tr\/de\/#\/schema\/logo\/image\/"}},{"@type":"Person","@id":"https:\/\/denizcankizil.tr\/de\/#\/schema\/person\/5dc1b22991bd7ac833867c10afc9b0ff","name":"Av. Deniz Can K\u0131z\u0131l","image":{"@type":"ImageObject","inLanguage":"en-GB","@id":"https:\/\/denizcankizil.tr\/de\/#\/schema\/person\/image\/","url":"https:\/\/secure.gravatar.com\/avatar\/a0b128fb9855c79efc976d5640eedb31dc35ec297594d6016d2cf7c60e975bb6?s=96&d=mm&r=g","contentUrl":"https:\/\/secure.gravatar.com\/avatar\/a0b128fb9855c79efc976d5640eedb31dc35ec297594d6016d2cf7c60e975bb6?s=96&d=mm&r=g","caption":"Av. Deniz Can K\u0131z\u0131l"},"sameAs":["http:\/\/www.denizcankizil.tr"],"url":"https:\/\/denizcankizil.tr\/en\/author\/denizcankizil\/"}]}},"_links":{"self":[{"href":"https:\/\/denizcankizil.tr\/en\/wp-json\/wp\/v2\/posts\/71584","targetHints":{"allow":["GET"]}}],"collection":[{"href":"https:\/\/denizcankizil.tr\/en\/wp-json\/wp\/v2\/posts"}],"about":[{"href":"https:\/\/denizcankizil.tr\/en\/wp-json\/wp\/v2\/types\/post"}],"author":[{"embeddable":true,"href":"https:\/\/denizcankizil.tr\/en\/wp-json\/wp\/v2\/users\/4"}],"replies":[{"embeddable":true,"href":"https:\/\/denizcankizil.tr\/en\/wp-json\/wp\/v2\/comments?post=71584"}],"version-history":[{"count":0,"href":"https:\/\/denizcankizil.tr\/en\/wp-json\/wp\/v2\/posts\/71584\/revisions"}],"wp:featuredmedia":[{"embeddable":true,"href":"https:\/\/denizcankizil.tr\/en\/wp-json\/wp\/v2\/media\/71585"}],"wp:attachment":[{"href":"https:\/\/denizcankizil.tr\/en\/wp-json\/wp\/v2\/media?parent=71584"}],"wp:term":[{"taxonomy":"category","embeddable":true,"href":"https:\/\/denizcankizil.tr\/en\/wp-json\/wp\/v2\/categories?post=71584"},{"taxonomy":"post_tag","embeddable":true,"href":"https:\/\/denizcankizil.tr\/en\/wp-json\/wp\/v2\/tags?post=71584"}],"curies":[{"name":"wp","href":"https:\/\/api.w.org\/{rel}","templated":true}]}}