{"id":71240,"date":"2025-04-30T09:42:29","date_gmt":"2025-04-30T06:42:29","guid":{"rendered":"https:\/\/denizcankizil.tr\/uncategorized-tr\/tur-2025in-kralice-etabi-sahneye-cikiyor-30-nisanda-tum-gozler-kiranda-olacak\/"},"modified":"2025-04-30T09:42:29","modified_gmt":"2025-04-30T06:42:29","slug":"tur-2025in-kralice-etabi-sahneye-cikiyor-30-nisanda-tum-gozler-kiranda-olacak","status":"publish","type":"post","link":"https:\/\/denizcankizil.tr\/en\/haberler\/gundem\/tur-2025in-kralice-etabi-sahneye-cikiyor-30-nisanda-tum-gozler-kiranda-olacak\/","title":{"rendered":"TUR 2025\u2019in Krali\u00e7e Etab\u0131 sahneye \u00e7\u0131k\u0131yor!     30 Nisan\u2019da t\u00fcm g\u00f6zler K\u0131ran\u2019da olacak"},"content":{"rendered":"<p>60. Cumhurba\u015fkanl\u0131\u011f\u0131 T\u00fcrkiye Bisiklet Turu\u2019nda Marmaris\u2019ten start alacak olan 115,4 kilometrelik 4. etap, \u00a0Akyaka\u2019n\u0131n K\u0131ran mevkiinde zirve fini\u015fiyle tamamlanacak.<\/p>\n<p>\u200b60. Cumhurba\u015fkanl\u0131\u011f\u0131 T\u00fcrkiye Bisiklet Turu\u2019nda Marmaris\u2019ten start alacak olan 115,4 kilometrelik 4. etap, \u00a0Akyaka\u2019n\u0131n K\u0131ran mevkiinde zirve fini\u015fiyle tamamlanacak.\u00a0<\/p>\n<p>\u200bHaberin Al\u0131nt\u0131land\u0131\u011f\u0131 Kaynak: www.iskenderun.org<\/p>","protected":false},"excerpt":{"rendered":"<p>60. Cumhurba\u015fkanl\u0131\u011f\u0131 T\u00fcrkiye Bisiklet Turu\u2019nda Marmaris\u2019ten start alacak olan 115,4 kilometrelik 4. etap, \u00a0Akyaka\u2019n\u0131n K\u0131ran mevkiinde zirve fini\u015fiyle tamamlanacak. \u200b60. Cumhurba\u015fkanl\u0131\u011f\u0131 T\u00fcrkiye Bisiklet Turu\u2019nda Marmaris\u2019ten start alacak olan 115,4 kilometrelik 4. etap, \u00a0Akyaka\u2019n\u0131n K\u0131ran mevkiinde zirve fini\u015fiyle tamamlanacak.\u00a0 \u200bHaberin Al\u0131nt\u0131land\u0131\u011f\u0131 Kaynak: www.iskenderun.org<\/p>","protected":false},"author":1,"featured_media":0,"comment_status":"","ping_status":"open","sticky":false,"template":"","format":"standard","meta":{"_acf_changed":false,"footnotes":""},"categories":[24],"tags":[],"class_list":["post-71240","post","type-post","status-publish","format-standard","has-post-thumbnail","hentry","category-gundem"],"acf":[],"yoast_head":"<!-- This site is optimized with the Yoast SEO Premium plugin v26.6 (Yoast SEO v27.1.1) - https:\/\/yoast.com\/product\/yoast-seo-premium-wordpress\/ -->\n<title>TUR 2025\u2019in Krali\u00e7e Etab\u0131 sahneye \u00e7\u0131k\u0131yor!   30 Nisan\u2019da t\u00fcm g\u00f6zler K\u0131ran\u2019da olacak - Av. Deniz Can K\u0131z\u0131l<\/title>\n<meta name=\"robots\" content=\"index, follow, max-snippet:-1, max-image-preview:large, max-video-preview:-1\" \/>\n<link rel=\"canonical\" href=\"https:\/\/denizcankizil.tr\/en\/haberler\/gundem\/tur-2025in-kralice-etabi-sahneye-cikiyor-30-nisanda-tum-gozler-kiranda-olacak\/\" \/>\n<meta property=\"og:locale\" content=\"en_GB\" \/>\n<meta property=\"og:type\" content=\"article\" \/>\n<meta property=\"og:title\" content=\"TUR 2025\u2019in Krali\u00e7e Etab\u0131 sahneye \u00e7\u0131k\u0131yor!   30 Nisan\u2019da t\u00fcm g\u00f6zler K\u0131ran\u2019da olacak\" \/>\n<meta property=\"og:description\" content=\"60. Cumhurba\u015fkanl\u0131\u011f\u0131 T\u00fcrkiye Bisiklet Turu\u2019nda Marmaris\u2019ten start alacak olan 115,4 kilometrelik 4. etap, \u00a0Akyaka\u2019n\u0131n K\u0131ran mevkiinde zirve fini\u015fiyle tamamlanacak. \u200b60. Cumhurba\u015fkanl\u0131\u011f\u0131 T\u00fcrkiye Bisiklet Turu\u2019nda Marmaris\u2019ten start alacak olan 115,4 kilometrelik 4. etap, \u00a0Akyaka\u2019n\u0131n K\u0131ran mevkiinde zirve fini\u015fiyle tamamlanacak.\u00a0 \u200bHaberin Al\u0131nt\u0131land\u0131\u011f\u0131 Kaynak: www.iskenderun.org\" \/>\n<meta property=\"og:url\" content=\"https:\/\/denizcankizil.tr\/en\/haberler\/gundem\/tur-2025in-kralice-etabi-sahneye-cikiyor-30-nisanda-tum-gozler-kiranda-olacak\/\" \/>\n<meta property=\"og:site_name\" content=\"Av. Deniz Can K\u0131z\u0131l\" \/>\n<meta property=\"article:published_time\" content=\"2025-04-30T06:42:29+00:00\" \/>\n<meta name=\"author\" content=\"admin\" \/>\n<meta name=\"twitter:card\" content=\"summary_large_image\" \/>\n<meta name=\"twitter:label1\" content=\"Written by\" \/>\n\t<meta name=\"twitter:data1\" content=\"admin\" \/>\n<script type=\"application\/ld+json\" class=\"yoast-schema-graph\">{\"@context\":\"https:\/\/schema.org\",\"@graph\":[{\"@type\":\"Article\",\"@id\":\"https:\/\/denizcankizil.tr\/en\/haberler\/gundem\/tur-2025in-kralice-etabi-sahneye-cikiyor-30-nisanda-tum-gozler-kiranda-olacak\/#article\",\"isPartOf\":{\"@id\":\"https:\/\/denizcankizil.tr\/en\/haberler\/gundem\/tur-2025in-kralice-etabi-sahneye-cikiyor-30-nisanda-tum-gozler-kiranda-olacak\/\"},\"author\":{\"name\":\"admin\",\"@id\":\"https:\/\/denizcankizil.tr\/de\/#\/schema\/person\/be3c05fe6a12686905512445d8185489\"},\"headline\":\"TUR 2025\u2019in Krali\u00e7e Etab\u0131 sahneye \u00e7\u0131k\u0131yor! 30 Nisan\u2019da t\u00fcm g\u00f6zler K\u0131ran\u2019da olacak\",\"datePublished\":\"2025-04-30T06:42:29+00:00\",\"mainEntityOfPage\":{\"@id\":\"https:\/\/denizcankizil.tr\/en\/haberler\/gundem\/tur-2025in-kralice-etabi-sahneye-cikiyor-30-nisanda-tum-gozler-kiranda-olacak\/\"},\"wordCount\":74,\"publisher\":{\"@id\":\"https:\/\/denizcankizil.tr\/de\/#organization\"},\"articleSection\":[\"G\u00fcndem\"],\"inLanguage\":\"en-GB\"},{\"@type\":\"WebPage\",\"@id\":\"https:\/\/denizcankizil.tr\/en\/haberler\/gundem\/tur-2025in-kralice-etabi-sahneye-cikiyor-30-nisanda-tum-gozler-kiranda-olacak\/\",\"url\":\"https:\/\/denizcankizil.tr\/en\/haberler\/gundem\/tur-2025in-kralice-etabi-sahneye-cikiyor-30-nisanda-tum-gozler-kiranda-olacak\/\",\"name\":\"TUR 2025\u2019in Krali\u00e7e Etab\u0131 sahneye \u00e7\u0131k\u0131yor! 30 Nisan\u2019da t\u00fcm g\u00f6zler K\u0131ran\u2019da olacak - Av. Deniz Can K\u0131z\u0131l\",\"isPartOf\":{\"@id\":\"https:\/\/denizcankizil.tr\/de\/#website\"},\"datePublished\":\"2025-04-30T06:42:29+00:00\",\"breadcrumb\":{\"@id\":\"https:\/\/denizcankizil.tr\/en\/haberler\/gundem\/tur-2025in-kralice-etabi-sahneye-cikiyor-30-nisanda-tum-gozler-kiranda-olacak\/#breadcrumb\"},\"inLanguage\":\"en-GB\",\"potentialAction\":[{\"@type\":\"ReadAction\",\"target\":[\"https:\/\/denizcankizil.tr\/en\/haberler\/gundem\/tur-2025in-kralice-etabi-sahneye-cikiyor-30-nisanda-tum-gozler-kiranda-olacak\/\"]}]},{\"@type\":\"BreadcrumbList\",\"@id\":\"https:\/\/denizcankizil.tr\/en\/haberler\/gundem\/tur-2025in-kralice-etabi-sahneye-cikiyor-30-nisanda-tum-gozler-kiranda-olacak\/#breadcrumb\",\"itemListElement\":[{\"@type\":\"ListItem\",\"position\":1,\"name\":\"Home\",\"item\":\"https:\/\/denizcankizil.tr\/de\/\"},{\"@type\":\"ListItem\",\"position\":2,\"name\":\"TUR 2025\u2019in Krali\u00e7e Etab\u0131 sahneye \u00e7\u0131k\u0131yor! 30 Nisan\u2019da t\u00fcm g\u00f6zler K\u0131ran\u2019da olacak\"}]},{\"@type\":\"WebSite\",\"@id\":\"https:\/\/denizcankizil.tr\/de\/#website\",\"url\":\"https:\/\/denizcankizil.tr\/de\/\",\"name\":\"Av. Deniz Can K\u0131z\u0131l\",\"description\":\"Avukat Deniz Can K\u0131z\u0131l Antalya Barosu\",\"publisher\":{\"@id\":\"https:\/\/denizcankizil.tr\/de\/#organization\"},\"potentialAction\":[{\"@type\":\"SearchAction\",\"target\":{\"@type\":\"EntryPoint\",\"urlTemplate\":\"https:\/\/denizcankizil.tr\/de\/?s={search_term_string}\"},\"query-input\":{\"@type\":\"PropertyValueSpecification\",\"valueRequired\":true,\"valueName\":\"search_term_string\"}}],\"inLanguage\":\"en-GB\"},{\"@type\":\"Organization\",\"@id\":\"https:\/\/denizcankizil.tr\/de\/#organization\",\"name\":\"Av. Deniz Can K\u0131z\u0131l\",\"url\":\"https:\/\/denizcankizil.tr\/de\/\",\"logo\":{\"@type\":\"ImageObject\",\"inLanguage\":\"en-GB\",\"@id\":\"https:\/\/denizcankizil.tr\/de\/#\/schema\/logo\/image\/\",\"url\":\"https:\/\/denizcankizil.tr\/wp-content\/uploads\/2024\/10\/siyah-logo-svg.svg\",\"contentUrl\":\"https:\/\/denizcankizil.tr\/wp-content\/uploads\/2024\/10\/siyah-logo-svg.svg\",\"width\":1080,\"height\":1080,\"caption\":\"Av. Deniz Can K\u0131z\u0131l\"},\"image\":{\"@id\":\"https:\/\/denizcankizil.tr\/de\/#\/schema\/logo\/image\/\"}},{\"@type\":\"Person\",\"@id\":\"https:\/\/denizcankizil.tr\/de\/#\/schema\/person\/be3c05fe6a12686905512445d8185489\",\"name\":\"admin\",\"image\":{\"@type\":\"ImageObject\",\"inLanguage\":\"en-GB\",\"@id\":\"https:\/\/denizcankizil.tr\/de\/#\/schema\/person\/image\/\",\"url\":\"https:\/\/secure.gravatar.com\/avatar\/c1fce94c830dc79107e174f890d7210541c4a63e8e5d816341794a2151c9d58c?s=96&d=mm&r=g\",\"contentUrl\":\"https:\/\/secure.gravatar.com\/avatar\/c1fce94c830dc79107e174f890d7210541c4a63e8e5d816341794a2151c9d58c?s=96&d=mm&r=g\",\"caption\":\"admin\"},\"sameAs\":[\"http:\/\/denizcankizil.tr\"],\"url\":\"https:\/\/www.iskenderun.org\/tur-2025in-kralice-etabi-sahneye-cikiyor-30-nisanda-tum-gozler-kiranda-olacak\"}]}<\/script>\n<!-- \/ Yoast SEO Premium plugin. -->","yoast_head_json":{"title":"TUR 2025\u2019in Krali\u00e7e Etab\u0131 sahneye \u00e7\u0131k\u0131yor!   30 Nisan\u2019da t\u00fcm g\u00f6zler K\u0131ran\u2019da olacak - Av. Deniz Can K\u0131z\u0131l","robots":{"index":"index","follow":"follow","max-snippet":"max-snippet:-1","max-image-preview":"max-image-preview:large","max-video-preview":"max-video-preview:-1"},"canonical":"https:\/\/denizcankizil.tr\/en\/haberler\/gundem\/tur-2025in-kralice-etabi-sahneye-cikiyor-30-nisanda-tum-gozler-kiranda-olacak\/","og_locale":"en_GB","og_type":"article","og_title":"TUR 2025\u2019in Krali\u00e7e Etab\u0131 sahneye \u00e7\u0131k\u0131yor!   30 Nisan\u2019da t\u00fcm g\u00f6zler K\u0131ran\u2019da olacak","og_description":"60. Cumhurba\u015fkanl\u0131\u011f\u0131 T\u00fcrkiye Bisiklet Turu\u2019nda Marmaris\u2019ten start alacak olan 115,4 kilometrelik 4. etap, \u00a0Akyaka\u2019n\u0131n K\u0131ran mevkiinde zirve fini\u015fiyle tamamlanacak. \u200b60. Cumhurba\u015fkanl\u0131\u011f\u0131 T\u00fcrkiye Bisiklet Turu\u2019nda Marmaris\u2019ten start alacak olan 115,4 kilometrelik 4. etap, \u00a0Akyaka\u2019n\u0131n K\u0131ran mevkiinde zirve fini\u015fiyle tamamlanacak.\u00a0 \u200bHaberin Al\u0131nt\u0131land\u0131\u011f\u0131 Kaynak: www.iskenderun.org","og_url":"https:\/\/denizcankizil.tr\/en\/haberler\/gundem\/tur-2025in-kralice-etabi-sahneye-cikiyor-30-nisanda-tum-gozler-kiranda-olacak\/","og_site_name":"Av. Deniz Can K\u0131z\u0131l","article_published_time":"2025-04-30T06:42:29+00:00","author":"admin","twitter_card":"summary_large_image","twitter_misc":{"Written by":"admin"},"schema":{"@context":"https:\/\/schema.org","@graph":[{"@type":"Article","@id":"https:\/\/denizcankizil.tr\/en\/haberler\/gundem\/tur-2025in-kralice-etabi-sahneye-cikiyor-30-nisanda-tum-gozler-kiranda-olacak\/#article","isPartOf":{"@id":"https:\/\/denizcankizil.tr\/en\/haberler\/gundem\/tur-2025in-kralice-etabi-sahneye-cikiyor-30-nisanda-tum-gozler-kiranda-olacak\/"},"author":{"name":"admin","@id":"https:\/\/denizcankizil.tr\/de\/#\/schema\/person\/be3c05fe6a12686905512445d8185489"},"headline":"TUR 2025\u2019in Krali\u00e7e Etab\u0131 sahneye \u00e7\u0131k\u0131yor! 30 Nisan\u2019da t\u00fcm g\u00f6zler K\u0131ran\u2019da olacak","datePublished":"2025-04-30T06:42:29+00:00","mainEntityOfPage":{"@id":"https:\/\/denizcankizil.tr\/en\/haberler\/gundem\/tur-2025in-kralice-etabi-sahneye-cikiyor-30-nisanda-tum-gozler-kiranda-olacak\/"},"wordCount":74,"publisher":{"@id":"https:\/\/denizcankizil.tr\/de\/#organization"},"articleSection":["G\u00fcndem"],"inLanguage":"en-GB"},{"@type":"WebPage","@id":"https:\/\/denizcankizil.tr\/en\/haberler\/gundem\/tur-2025in-kralice-etabi-sahneye-cikiyor-30-nisanda-tum-gozler-kiranda-olacak\/","url":"https:\/\/denizcankizil.tr\/en\/haberler\/gundem\/tur-2025in-kralice-etabi-sahneye-cikiyor-30-nisanda-tum-gozler-kiranda-olacak\/","name":"TUR 2025\u2019in Krali\u00e7e Etab\u0131 sahneye \u00e7\u0131k\u0131yor! 30 Nisan\u2019da t\u00fcm g\u00f6zler K\u0131ran\u2019da olacak - Av. Deniz Can K\u0131z\u0131l","isPartOf":{"@id":"https:\/\/denizcankizil.tr\/de\/#website"},"datePublished":"2025-04-30T06:42:29+00:00","breadcrumb":{"@id":"https:\/\/denizcankizil.tr\/en\/haberler\/gundem\/tur-2025in-kralice-etabi-sahneye-cikiyor-30-nisanda-tum-gozler-kiranda-olacak\/#breadcrumb"},"inLanguage":"en-GB","potentialAction":[{"@type":"ReadAction","target":["https:\/\/denizcankizil.tr\/en\/haberler\/gundem\/tur-2025in-kralice-etabi-sahneye-cikiyor-30-nisanda-tum-gozler-kiranda-olacak\/"]}]},{"@type":"BreadcrumbList","@id":"https:\/\/denizcankizil.tr\/en\/haberler\/gundem\/tur-2025in-kralice-etabi-sahneye-cikiyor-30-nisanda-tum-gozler-kiranda-olacak\/#breadcrumb","itemListElement":[{"@type":"ListItem","position":1,"name":"Home","item":"https:\/\/denizcankizil.tr\/de\/"},{"@type":"ListItem","position":2,"name":"TUR 2025\u2019in Krali\u00e7e Etab\u0131 sahneye \u00e7\u0131k\u0131yor! 30 Nisan\u2019da t\u00fcm g\u00f6zler K\u0131ran\u2019da olacak"}]},{"@type":"WebSite","@id":"https:\/\/denizcankizil.tr\/de\/#website","url":"https:\/\/denizcankizil.tr\/de\/","name":"Av. Deniz Can K\u0131z\u0131l","description":"Avukat Deniz Can K\u0131z\u0131l Antalya Barosu","publisher":{"@id":"https:\/\/denizcankizil.tr\/de\/#organization"},"potentialAction":[{"@type":"SearchAction","target":{"@type":"EntryPoint","urlTemplate":"https:\/\/denizcankizil.tr\/de\/?s={search_term_string}"},"query-input":{"@type":"PropertyValueSpecification","valueRequired":true,"valueName":"search_term_string"}}],"inLanguage":"en-GB"},{"@type":"Organization","@id":"https:\/\/denizcankizil.tr\/de\/#organization","name":"Av. Deniz Can K\u0131z\u0131l","url":"https:\/\/denizcankizil.tr\/de\/","logo":{"@type":"ImageObject","inLanguage":"en-GB","@id":"https:\/\/denizcankizil.tr\/de\/#\/schema\/logo\/image\/","url":"https:\/\/denizcankizil.tr\/wp-content\/uploads\/2024\/10\/siyah-logo-svg.svg","contentUrl":"https:\/\/denizcankizil.tr\/wp-content\/uploads\/2024\/10\/siyah-logo-svg.svg","width":1080,"height":1080,"caption":"Av. Deniz Can K\u0131z\u0131l"},"image":{"@id":"https:\/\/denizcankizil.tr\/de\/#\/schema\/logo\/image\/"}},{"@type":"Person","@id":"https:\/\/denizcankizil.tr\/de\/#\/schema\/person\/be3c05fe6a12686905512445d8185489","name":"admin","image":{"@type":"ImageObject","inLanguage":"en-GB","@id":"https:\/\/denizcankizil.tr\/de\/#\/schema\/person\/image\/","url":"https:\/\/secure.gravatar.com\/avatar\/c1fce94c830dc79107e174f890d7210541c4a63e8e5d816341794a2151c9d58c?s=96&d=mm&r=g","contentUrl":"https:\/\/secure.gravatar.com\/avatar\/c1fce94c830dc79107e174f890d7210541c4a63e8e5d816341794a2151c9d58c?s=96&d=mm&r=g","caption":"admin"},"sameAs":["http:\/\/denizcankizil.tr"],"url":"https:\/\/www.iskenderun.org\/tur-2025in-kralice-etabi-sahneye-cikiyor-30-nisanda-tum-gozler-kiranda-olacak"}]}},"_links":{"self":[{"href":"https:\/\/denizcankizil.tr\/en\/wp-json\/wp\/v2\/posts\/71240","targetHints":{"allow":["GET"]}}],"collection":[{"href":"https:\/\/denizcankizil.tr\/en\/wp-json\/wp\/v2\/posts"}],"about":[{"href":"https:\/\/denizcankizil.tr\/en\/wp-json\/wp\/v2\/types\/post"}],"author":[{"embeddable":true,"href":"https:\/\/denizcankizil.tr\/en\/wp-json\/wp\/v2\/users\/1"}],"replies":[{"embeddable":true,"href":"https:\/\/denizcankizil.tr\/en\/wp-json\/wp\/v2\/comments?post=71240"}],"version-history":[{"count":0,"href":"https:\/\/denizcankizil.tr\/en\/wp-json\/wp\/v2\/posts\/71240\/revisions"}],"wp:attachment":[{"href":"https:\/\/denizcankizil.tr\/en\/wp-json\/wp\/v2\/media?parent=71240"}],"wp:term":[{"taxonomy":"category","embeddable":true,"href":"https:\/\/denizcankizil.tr\/en\/wp-json\/wp\/v2\/categories?post=71240"},{"taxonomy":"post_tag","embeddable":true,"href":"https:\/\/denizcankizil.tr\/en\/wp-json\/wp\/v2\/tags?post=71240"}],"curies":[{"name":"wp","href":"https:\/\/api.w.org\/{rel}","templated":true}]}}