{"id":7109,"date":"2024-10-23T14:41:34","date_gmt":"2024-10-23T11:41:34","guid":{"rendered":"https:\/\/denizcankizil.tr\/uncategorized-tr\/zubeyde-hanimin-mutfagi-karsiyakada-sergilenecek\/"},"modified":"2024-10-23T14:41:34","modified_gmt":"2024-10-23T11:41:34","slug":"zubeyde-hanimin-mutfagi-karsiyakada-sergilenecek","status":"publish","type":"post","link":"https:\/\/denizcankizil.tr\/en\/haberler\/gundem\/zubeyde-hanimin-mutfagi-karsiyakada-sergilenecek\/","title":{"rendered":"\u2018Z\u00fcbeyde Han\u0131m\u2019\u0131n Mutfa\u011f\u0131\u2019 Kar\u015f\u0131yaka\u2019da sergilenecek"},"content":{"rendered":"<p>Kar\u015f\u0131yaka Belediyesi taraf\u0131ndan Cumhuriyet Bayram\u0131 etkinlikleri kapsam\u0131nda d\u00fczenlenen \u201cZ\u00fcbeyde Han\u0131m\u2019\u0131n Mutfa\u011f\u0131 Sergisi\u201d, 25 Ekim\u2019de Cordelion Mutfak Sanatlar\u0131 Merkezi\u2019nde a\u00e7\u0131l\u0131yor.<\/p>\n<p>\u200bKar\u015f\u0131yaka Belediyesi taraf\u0131ndan Cumhuriyet Bayram\u0131 etkinlikleri kapsam\u0131nda d\u00fczenlenen \u201cZ\u00fcbeyde Han\u0131m\u2019\u0131n Mutfa\u011f\u0131 Sergisi\u201d, 25 Ekim\u2019de Cordelion Mutfak Sanatlar\u0131 Merkezi\u2019nde a\u00e7\u0131l\u0131yor.\u00a0<\/p>\n<p>\u200bHaberin Al\u0131nt\u0131land\u0131\u011f\u0131 Kaynak: www.iskenderun.org<\/p>","protected":false},"excerpt":{"rendered":"<p>Kar\u015f\u0131yaka Belediyesi taraf\u0131ndan Cumhuriyet Bayram\u0131 etkinlikleri kapsam\u0131nda d\u00fczenlenen \u201cZ\u00fcbeyde Han\u0131m\u2019\u0131n Mutfa\u011f\u0131 Sergisi\u201d, 25 Ekim\u2019de Cordelion Mutfak Sanatlar\u0131 Merkezi\u2019nde a\u00e7\u0131l\u0131yor. \u200bKar\u015f\u0131yaka Belediyesi taraf\u0131ndan Cumhuriyet Bayram\u0131 etkinlikleri kapsam\u0131nda d\u00fczenlenen \u201cZ\u00fcbeyde Han\u0131m\u2019\u0131n Mutfa\u011f\u0131 Sergisi\u201d, 25 Ekim\u2019de Cordelion Mutfak Sanatlar\u0131 Merkezi\u2019nde a\u00e7\u0131l\u0131yor.\u00a0 \u200bHaberin Al\u0131nt\u0131land\u0131\u011f\u0131 Kaynak: www.iskenderun.org<\/p>","protected":false},"author":0,"featured_media":0,"comment_status":"open","ping_status":"open","sticky":false,"template":"","format":"standard","meta":{"_acf_changed":false,"footnotes":""},"categories":[24,535],"tags":[],"class_list":["post-7109","post","type-post","status-publish","format-standard","has-post-thumbnail","hentry","category-gundem","category-uncategorized-tr"],"acf":[],"yoast_head":"<!-- This site is optimized with the Yoast SEO Premium plugin v26.6 (Yoast SEO v27.1.1) - https:\/\/yoast.com\/product\/yoast-seo-premium-wordpress\/ -->\n<title>\u2018Z\u00fcbeyde Han\u0131m\u2019\u0131n Mutfa\u011f\u0131\u2019 Kar\u015f\u0131yaka\u2019da sergilenecek - Av. Deniz Can K\u0131z\u0131l<\/title>\n<meta name=\"robots\" content=\"index, follow, max-snippet:-1, max-image-preview:large, max-video-preview:-1\" \/>\n<link rel=\"canonical\" href=\"https:\/\/denizcankizil.tr\/en\/haberler\/gundem\/zubeyde-hanimin-mutfagi-karsiyakada-sergilenecek\/\" \/>\n<meta property=\"og:locale\" content=\"en_GB\" \/>\n<meta property=\"og:type\" content=\"article\" \/>\n<meta property=\"og:title\" content=\"\u2018Z\u00fcbeyde Han\u0131m\u2019\u0131n Mutfa\u011f\u0131\u2019 Kar\u015f\u0131yaka\u2019da sergilenecek\" \/>\n<meta property=\"og:description\" content=\"Kar\u015f\u0131yaka Belediyesi taraf\u0131ndan Cumhuriyet Bayram\u0131 etkinlikleri kapsam\u0131nda d\u00fczenlenen \u201cZ\u00fcbeyde Han\u0131m\u2019\u0131n Mutfa\u011f\u0131 Sergisi\u201d, 25 Ekim\u2019de Cordelion Mutfak Sanatlar\u0131 Merkezi\u2019nde a\u00e7\u0131l\u0131yor. \u200bKar\u015f\u0131yaka Belediyesi taraf\u0131ndan Cumhuriyet Bayram\u0131 etkinlikleri kapsam\u0131nda d\u00fczenlenen \u201cZ\u00fcbeyde Han\u0131m\u2019\u0131n Mutfa\u011f\u0131 Sergisi\u201d, 25 Ekim\u2019de Cordelion Mutfak Sanatlar\u0131 Merkezi\u2019nde a\u00e7\u0131l\u0131yor.\u00a0 \u200bHaberin Al\u0131nt\u0131land\u0131\u011f\u0131 Kaynak: www.iskenderun.org\" \/>\n<meta property=\"og:url\" content=\"https:\/\/denizcankizil.tr\/en\/haberler\/gundem\/zubeyde-hanimin-mutfagi-karsiyakada-sergilenecek\/\" \/>\n<meta property=\"og:site_name\" content=\"Av. Deniz Can K\u0131z\u0131l\" \/>\n<meta property=\"article:published_time\" content=\"2024-10-23T11:41:34+00:00\" \/>\n<meta name=\"twitter:card\" content=\"summary_large_image\" \/>\n<script type=\"application\/ld+json\" class=\"yoast-schema-graph\">{\"@context\":\"https:\/\/schema.org\",\"@graph\":[{\"@type\":\"Article\",\"@id\":\"https:\/\/denizcankizil.tr\/en\/haberler\/gundem\/zubeyde-hanimin-mutfagi-karsiyakada-sergilenecek\/#article\",\"isPartOf\":{\"@id\":\"https:\/\/denizcankizil.tr\/en\/haberler\/gundem\/zubeyde-hanimin-mutfagi-karsiyakada-sergilenecek\/\"},\"author\":{\"name\":\"\",\"@id\":\"\"},\"headline\":\"\u2018Z\u00fcbeyde Han\u0131m\u2019\u0131n Mutfa\u011f\u0131\u2019 Kar\u015f\u0131yaka\u2019da sergilenecek\",\"datePublished\":\"2024-10-23T11:41:34+00:00\",\"mainEntityOfPage\":{\"@id\":\"https:\/\/denizcankizil.tr\/en\/haberler\/gundem\/zubeyde-hanimin-mutfagi-karsiyakada-sergilenecek\/\"},\"wordCount\":76,\"commentCount\":0,\"publisher\":{\"@id\":\"https:\/\/denizcankizil.tr\/#organization\"},\"articleSection\":[\"G\u00fcndem\",\"Uncategorized\"],\"inLanguage\":\"en-GB\",\"potentialAction\":[{\"@type\":\"CommentAction\",\"name\":\"Comment\",\"target\":[\"https:\/\/denizcankizil.tr\/en\/haberler\/gundem\/zubeyde-hanimin-mutfagi-karsiyakada-sergilenecek\/#respond\"]}]},{\"@type\":\"WebPage\",\"@id\":\"https:\/\/denizcankizil.tr\/en\/haberler\/gundem\/zubeyde-hanimin-mutfagi-karsiyakada-sergilenecek\/\",\"url\":\"https:\/\/denizcankizil.tr\/en\/haberler\/gundem\/zubeyde-hanimin-mutfagi-karsiyakada-sergilenecek\/\",\"name\":\"\u2018Z\u00fcbeyde Han\u0131m\u2019\u0131n Mutfa\u011f\u0131\u2019 Kar\u015f\u0131yaka\u2019da sergilenecek - Av. Deniz Can K\u0131z\u0131l\",\"isPartOf\":{\"@id\":\"https:\/\/denizcankizil.tr\/#website\"},\"datePublished\":\"2024-10-23T11:41:34+00:00\",\"breadcrumb\":{\"@id\":\"https:\/\/denizcankizil.tr\/en\/haberler\/gundem\/zubeyde-hanimin-mutfagi-karsiyakada-sergilenecek\/#breadcrumb\"},\"inLanguage\":\"en-GB\",\"potentialAction\":[{\"@type\":\"ReadAction\",\"target\":[\"https:\/\/denizcankizil.tr\/en\/haberler\/gundem\/zubeyde-hanimin-mutfagi-karsiyakada-sergilenecek\/\"]}]},{\"@type\":\"BreadcrumbList\",\"@id\":\"https:\/\/denizcankizil.tr\/en\/haberler\/gundem\/zubeyde-hanimin-mutfagi-karsiyakada-sergilenecek\/#breadcrumb\",\"itemListElement\":[{\"@type\":\"ListItem\",\"position\":1,\"name\":\"Home\",\"item\":\"https:\/\/denizcankizil.tr\/de\/\"},{\"@type\":\"ListItem\",\"position\":2,\"name\":\"\u2018Z\u00fcbeyde Han\u0131m\u2019\u0131n Mutfa\u011f\u0131\u2019 Kar\u015f\u0131yaka\u2019da sergilenecek\"}]},{\"@type\":\"WebSite\",\"@id\":\"https:\/\/denizcankizil.tr\/#website\",\"url\":\"https:\/\/denizcankizil.tr\/\",\"name\":\"Av. Deniz Can K\u0131z\u0131l\",\"description\":\"Avukat Deniz Can K\u0131z\u0131l Antalya Barosu\",\"publisher\":{\"@id\":\"https:\/\/denizcankizil.tr\/#organization\"},\"potentialAction\":[{\"@type\":\"SearchAction\",\"target\":{\"@type\":\"EntryPoint\",\"urlTemplate\":\"https:\/\/denizcankizil.tr\/?s={search_term_string}\"},\"query-input\":{\"@type\":\"PropertyValueSpecification\",\"valueRequired\":true,\"valueName\":\"search_term_string\"}}],\"inLanguage\":\"en-GB\"},{\"@type\":\"Organization\",\"@id\":\"https:\/\/denizcankizil.tr\/#organization\",\"name\":\"Av. Deniz Can K\u0131z\u0131l\",\"url\":\"https:\/\/denizcankizil.tr\/\",\"logo\":{\"@type\":\"ImageObject\",\"inLanguage\":\"en-GB\",\"@id\":\"https:\/\/denizcankizil.tr\/#\/schema\/logo\/image\/\",\"url\":\"https:\/\/denizcankizil.tr\/wp-content\/uploads\/2024\/10\/siyah-logo-svg.svg\",\"contentUrl\":\"https:\/\/denizcankizil.tr\/wp-content\/uploads\/2024\/10\/siyah-logo-svg.svg\",\"width\":1080,\"height\":1080,\"caption\":\"Av. Deniz Can K\u0131z\u0131l\"},\"image\":{\"@id\":\"https:\/\/denizcankizil.tr\/#\/schema\/logo\/image\/\"}}]}<\/script>\n<!-- \/ Yoast SEO Premium plugin. -->","yoast_head_json":{"title":"\u2018Z\u00fcbeyde Han\u0131m\u2019\u0131n Mutfa\u011f\u0131\u2019 Kar\u015f\u0131yaka\u2019da sergilenecek - Av. Deniz Can K\u0131z\u0131l","robots":{"index":"index","follow":"follow","max-snippet":"max-snippet:-1","max-image-preview":"max-image-preview:large","max-video-preview":"max-video-preview:-1"},"canonical":"https:\/\/denizcankizil.tr\/en\/haberler\/gundem\/zubeyde-hanimin-mutfagi-karsiyakada-sergilenecek\/","og_locale":"en_GB","og_type":"article","og_title":"\u2018Z\u00fcbeyde Han\u0131m\u2019\u0131n Mutfa\u011f\u0131\u2019 Kar\u015f\u0131yaka\u2019da sergilenecek","og_description":"Kar\u015f\u0131yaka Belediyesi taraf\u0131ndan Cumhuriyet Bayram\u0131 etkinlikleri kapsam\u0131nda d\u00fczenlenen \u201cZ\u00fcbeyde Han\u0131m\u2019\u0131n Mutfa\u011f\u0131 Sergisi\u201d, 25 Ekim\u2019de Cordelion Mutfak Sanatlar\u0131 Merkezi\u2019nde a\u00e7\u0131l\u0131yor. \u200bKar\u015f\u0131yaka Belediyesi taraf\u0131ndan Cumhuriyet Bayram\u0131 etkinlikleri kapsam\u0131nda d\u00fczenlenen \u201cZ\u00fcbeyde Han\u0131m\u2019\u0131n Mutfa\u011f\u0131 Sergisi\u201d, 25 Ekim\u2019de Cordelion Mutfak Sanatlar\u0131 Merkezi\u2019nde a\u00e7\u0131l\u0131yor.\u00a0 \u200bHaberin Al\u0131nt\u0131land\u0131\u011f\u0131 Kaynak: www.iskenderun.org","og_url":"https:\/\/denizcankizil.tr\/en\/haberler\/gundem\/zubeyde-hanimin-mutfagi-karsiyakada-sergilenecek\/","og_site_name":"Av. Deniz Can K\u0131z\u0131l","article_published_time":"2024-10-23T11:41:34+00:00","twitter_card":"summary_large_image","schema":{"@context":"https:\/\/schema.org","@graph":[{"@type":"Article","@id":"https:\/\/denizcankizil.tr\/en\/haberler\/gundem\/zubeyde-hanimin-mutfagi-karsiyakada-sergilenecek\/#article","isPartOf":{"@id":"https:\/\/denizcankizil.tr\/en\/haberler\/gundem\/zubeyde-hanimin-mutfagi-karsiyakada-sergilenecek\/"},"author":{"name":"","@id":""},"headline":"\u2018Z\u00fcbeyde Han\u0131m\u2019\u0131n Mutfa\u011f\u0131\u2019 Kar\u015f\u0131yaka\u2019da sergilenecek","datePublished":"2024-10-23T11:41:34+00:00","mainEntityOfPage":{"@id":"https:\/\/denizcankizil.tr\/en\/haberler\/gundem\/zubeyde-hanimin-mutfagi-karsiyakada-sergilenecek\/"},"wordCount":76,"commentCount":0,"publisher":{"@id":"https:\/\/denizcankizil.tr\/#organization"},"articleSection":["G\u00fcndem","Uncategorized"],"inLanguage":"en-GB","potentialAction":[{"@type":"CommentAction","name":"Comment","target":["https:\/\/denizcankizil.tr\/en\/haberler\/gundem\/zubeyde-hanimin-mutfagi-karsiyakada-sergilenecek\/#respond"]}]},{"@type":"WebPage","@id":"https:\/\/denizcankizil.tr\/en\/haberler\/gundem\/zubeyde-hanimin-mutfagi-karsiyakada-sergilenecek\/","url":"https:\/\/denizcankizil.tr\/en\/haberler\/gundem\/zubeyde-hanimin-mutfagi-karsiyakada-sergilenecek\/","name":"\u2018Z\u00fcbeyde Han\u0131m\u2019\u0131n Mutfa\u011f\u0131\u2019 Kar\u015f\u0131yaka\u2019da sergilenecek - Av. Deniz Can K\u0131z\u0131l","isPartOf":{"@id":"https:\/\/denizcankizil.tr\/#website"},"datePublished":"2024-10-23T11:41:34+00:00","breadcrumb":{"@id":"https:\/\/denizcankizil.tr\/en\/haberler\/gundem\/zubeyde-hanimin-mutfagi-karsiyakada-sergilenecek\/#breadcrumb"},"inLanguage":"en-GB","potentialAction":[{"@type":"ReadAction","target":["https:\/\/denizcankizil.tr\/en\/haberler\/gundem\/zubeyde-hanimin-mutfagi-karsiyakada-sergilenecek\/"]}]},{"@type":"BreadcrumbList","@id":"https:\/\/denizcankizil.tr\/en\/haberler\/gundem\/zubeyde-hanimin-mutfagi-karsiyakada-sergilenecek\/#breadcrumb","itemListElement":[{"@type":"ListItem","position":1,"name":"Home","item":"https:\/\/denizcankizil.tr\/de\/"},{"@type":"ListItem","position":2,"name":"\u2018Z\u00fcbeyde Han\u0131m\u2019\u0131n Mutfa\u011f\u0131\u2019 Kar\u015f\u0131yaka\u2019da sergilenecek"}]},{"@type":"WebSite","@id":"https:\/\/denizcankizil.tr\/#website","url":"https:\/\/denizcankizil.tr\/","name":"Av. Deniz Can K\u0131z\u0131l","description":"Avukat Deniz Can K\u0131z\u0131l Antalya Barosu","publisher":{"@id":"https:\/\/denizcankizil.tr\/#organization"},"potentialAction":[{"@type":"SearchAction","target":{"@type":"EntryPoint","urlTemplate":"https:\/\/denizcankizil.tr\/?s={search_term_string}"},"query-input":{"@type":"PropertyValueSpecification","valueRequired":true,"valueName":"search_term_string"}}],"inLanguage":"en-GB"},{"@type":"Organization","@id":"https:\/\/denizcankizil.tr\/#organization","name":"Av. Deniz Can K\u0131z\u0131l","url":"https:\/\/denizcankizil.tr\/","logo":{"@type":"ImageObject","inLanguage":"en-GB","@id":"https:\/\/denizcankizil.tr\/#\/schema\/logo\/image\/","url":"https:\/\/denizcankizil.tr\/wp-content\/uploads\/2024\/10\/siyah-logo-svg.svg","contentUrl":"https:\/\/denizcankizil.tr\/wp-content\/uploads\/2024\/10\/siyah-logo-svg.svg","width":1080,"height":1080,"caption":"Av. Deniz Can K\u0131z\u0131l"},"image":{"@id":"https:\/\/denizcankizil.tr\/#\/schema\/logo\/image\/"}}]}},"_links":{"self":[{"href":"https:\/\/denizcankizil.tr\/en\/wp-json\/wp\/v2\/posts\/7109","targetHints":{"allow":["GET"]}}],"collection":[{"href":"https:\/\/denizcankizil.tr\/en\/wp-json\/wp\/v2\/posts"}],"about":[{"href":"https:\/\/denizcankizil.tr\/en\/wp-json\/wp\/v2\/types\/post"}],"replies":[{"embeddable":true,"href":"https:\/\/denizcankizil.tr\/en\/wp-json\/wp\/v2\/comments?post=7109"}],"version-history":[{"count":0,"href":"https:\/\/denizcankizil.tr\/en\/wp-json\/wp\/v2\/posts\/7109\/revisions"}],"wp:attachment":[{"href":"https:\/\/denizcankizil.tr\/en\/wp-json\/wp\/v2\/media?parent=7109"}],"wp:term":[{"taxonomy":"category","embeddable":true,"href":"https:\/\/denizcankizil.tr\/en\/wp-json\/wp\/v2\/categories?post=7109"},{"taxonomy":"post_tag","embeddable":true,"href":"https:\/\/denizcankizil.tr\/en\/wp-json\/wp\/v2\/tags?post=7109"}],"curies":[{"name":"wp","href":"https:\/\/api.w.org\/{rel}","templated":true}]}}