{"id":7082,"date":"2024-10-23T13:41:26","date_gmt":"2024-10-23T10:41:26","guid":{"rendered":"https:\/\/denizcankizil.tr\/uncategorized-tr\/maltepe-sureyyapasa-carsisi-icin-duzenlenen-protokol-toreninde-konustu\/"},"modified":"2024-10-23T13:41:26","modified_gmt":"2024-10-23T10:41:26","slug":"maltepe-sureyyapasa-carsisi-icin-duzenlenen-protokol-toreninde-konustu","status":"publish","type":"post","link":"https:\/\/denizcankizil.tr\/en\/haberler\/gundem\/maltepe-sureyyapasa-carsisi-icin-duzenlenen-protokol-toreninde-konustu\/","title":{"rendered":"Maltepe S\u00fcreyyapa\u015fa \u00c7ar\u015f\u0131s\u0131 \u0130\u00e7in D\u00fczenlenen Protokol T\u00f6reninde Konu\u015ftu"},"content":{"rendered":"<p>\u0130stanbul B\u00fcy\u00fck\u015fehir Belediyesi (\u0130BB) i\u015ftiraki Bo\u011fazi\u00e7i Y\u00f6netim A.\u015e. ve Maltepe Belediyesi aras\u0131nda, uzun y\u0131llar vatanda\u015flar\u0131n kamusal faydas\u0131ndan mahrum kald\u0131\u011f\u0131 S\u00fcreyyapa\u015fa \u00c7ar\u015f\u0131s\u0131\u2019n\u0131n profesyonel y\u00f6netimi i\u00e7in protokol imzaland\u0131.<\/p>\n<p>\u200b\u0130stanbul B\u00fcy\u00fck\u015fehir Belediyesi (\u0130BB) i\u015ftiraki Bo\u011fazi\u00e7i Y\u00f6netim A.\u015e. ve Maltepe Belediyesi aras\u0131nda, uzun y\u0131llar vatanda\u015flar\u0131n kamusal faydas\u0131ndan mahrum kald\u0131\u011f\u0131 S\u00fcreyyapa\u015fa \u00c7ar\u015f\u0131s\u0131\u2019n\u0131n profesyonel y\u00f6netimi i\u00e7in protokol imzaland\u0131.\u00a0<\/p>\n<p>\u200bHaberin Al\u0131nt\u0131land\u0131\u011f\u0131 Kaynak: www.iskenderun.org<\/p>","protected":false},"excerpt":{"rendered":"<p>\u0130stanbul B\u00fcy\u00fck\u015fehir Belediyesi (\u0130BB) i\u015ftiraki Bo\u011fazi\u00e7i Y\u00f6netim A.\u015e. ve Maltepe Belediyesi aras\u0131nda, uzun y\u0131llar vatanda\u015flar\u0131n kamusal faydas\u0131ndan mahrum kald\u0131\u011f\u0131 S\u00fcreyyapa\u015fa \u00c7ar\u015f\u0131s\u0131\u2019n\u0131n profesyonel y\u00f6netimi i\u00e7in protokol imzaland\u0131. \u200b\u0130stanbul B\u00fcy\u00fck\u015fehir Belediyesi (\u0130BB) i\u015ftiraki Bo\u011fazi\u00e7i Y\u00f6netim A.\u015e. ve Maltepe Belediyesi aras\u0131nda, uzun y\u0131llar vatanda\u015flar\u0131n kamusal faydas\u0131ndan mahrum kald\u0131\u011f\u0131 S\u00fcreyyapa\u015fa \u00c7ar\u015f\u0131s\u0131\u2019n\u0131n profesyonel y\u00f6netimi i\u00e7in protokol imzaland\u0131.\u00a0 \u200bHaberin Al\u0131nt\u0131land\u0131\u011f\u0131 Kaynak: www.iskenderun.org<\/p>","protected":false},"author":0,"featured_media":0,"comment_status":"open","ping_status":"open","sticky":false,"template":"","format":"standard","meta":{"_acf_changed":false,"footnotes":""},"categories":[24,535],"tags":[],"class_list":["post-7082","post","type-post","status-publish","format-standard","has-post-thumbnail","hentry","category-gundem","category-uncategorized-tr"],"acf":[],"yoast_head":"<!-- This site is optimized with the Yoast SEO Premium plugin v26.6 (Yoast SEO v27.1.1) - https:\/\/yoast.com\/product\/yoast-seo-premium-wordpress\/ -->\n<title>Maltepe S\u00fcreyyapa\u015fa \u00c7ar\u015f\u0131s\u0131 \u0130\u00e7in D\u00fczenlenen Protokol T\u00f6reninde Konu\u015ftu - Av. Deniz Can K\u0131z\u0131l<\/title>\n<meta name=\"robots\" content=\"index, follow, max-snippet:-1, max-image-preview:large, max-video-preview:-1\" \/>\n<link rel=\"canonical\" href=\"https:\/\/denizcankizil.tr\/en\/haberler\/gundem\/maltepe-sureyyapasa-carsisi-icin-duzenlenen-protokol-toreninde-konustu\/\" \/>\n<meta property=\"og:locale\" content=\"en_GB\" \/>\n<meta property=\"og:type\" content=\"article\" \/>\n<meta property=\"og:title\" content=\"Maltepe S\u00fcreyyapa\u015fa \u00c7ar\u015f\u0131s\u0131 \u0130\u00e7in D\u00fczenlenen Protokol T\u00f6reninde Konu\u015ftu\" \/>\n<meta property=\"og:description\" content=\"\u0130stanbul B\u00fcy\u00fck\u015fehir Belediyesi (\u0130BB) i\u015ftiraki Bo\u011fazi\u00e7i Y\u00f6netim A.\u015e. ve Maltepe Belediyesi aras\u0131nda, uzun y\u0131llar vatanda\u015flar\u0131n kamusal faydas\u0131ndan mahrum kald\u0131\u011f\u0131 S\u00fcreyyapa\u015fa \u00c7ar\u015f\u0131s\u0131\u2019n\u0131n profesyonel y\u00f6netimi i\u00e7in protokol imzaland\u0131. \u200b\u0130stanbul B\u00fcy\u00fck\u015fehir Belediyesi (\u0130BB) i\u015ftiraki Bo\u011fazi\u00e7i Y\u00f6netim A.\u015e. ve Maltepe Belediyesi aras\u0131nda, uzun y\u0131llar vatanda\u015flar\u0131n kamusal faydas\u0131ndan mahrum kald\u0131\u011f\u0131 S\u00fcreyyapa\u015fa \u00c7ar\u015f\u0131s\u0131\u2019n\u0131n profesyonel y\u00f6netimi i\u00e7in protokol imzaland\u0131.\u00a0 \u200bHaberin Al\u0131nt\u0131land\u0131\u011f\u0131 Kaynak: www.iskenderun.org\" \/>\n<meta property=\"og:url\" content=\"https:\/\/denizcankizil.tr\/en\/haberler\/gundem\/maltepe-sureyyapasa-carsisi-icin-duzenlenen-protokol-toreninde-konustu\/\" \/>\n<meta property=\"og:site_name\" content=\"Av. Deniz Can K\u0131z\u0131l\" \/>\n<meta property=\"article:published_time\" content=\"2024-10-23T10:41:26+00:00\" \/>\n<meta name=\"twitter:card\" content=\"summary_large_image\" \/>\n<script type=\"application\/ld+json\" class=\"yoast-schema-graph\">{\"@context\":\"https:\/\/schema.org\",\"@graph\":[{\"@type\":\"Article\",\"@id\":\"https:\/\/denizcankizil.tr\/en\/haberler\/gundem\/maltepe-sureyyapasa-carsisi-icin-duzenlenen-protokol-toreninde-konustu\/#article\",\"isPartOf\":{\"@id\":\"https:\/\/denizcankizil.tr\/en\/haberler\/gundem\/maltepe-sureyyapasa-carsisi-icin-duzenlenen-protokol-toreninde-konustu\/\"},\"author\":{\"name\":\"\",\"@id\":\"\"},\"headline\":\"Maltepe S\u00fcreyyapa\u015fa \u00c7ar\u015f\u0131s\u0131 \u0130\u00e7in D\u00fczenlenen Protokol T\u00f6reninde Konu\u015ftu\",\"datePublished\":\"2024-10-23T10:41:26+00:00\",\"mainEntityOfPage\":{\"@id\":\"https:\/\/denizcankizil.tr\/en\/haberler\/gundem\/maltepe-sureyyapasa-carsisi-icin-duzenlenen-protokol-toreninde-konustu\/\"},\"wordCount\":112,\"commentCount\":0,\"publisher\":{\"@id\":\"https:\/\/denizcankizil.tr\/#organization\"},\"articleSection\":[\"G\u00fcndem\",\"Uncategorized\"],\"inLanguage\":\"en-GB\",\"potentialAction\":[{\"@type\":\"CommentAction\",\"name\":\"Comment\",\"target\":[\"https:\/\/denizcankizil.tr\/en\/haberler\/gundem\/maltepe-sureyyapasa-carsisi-icin-duzenlenen-protokol-toreninde-konustu\/#respond\"]}]},{\"@type\":\"WebPage\",\"@id\":\"https:\/\/denizcankizil.tr\/en\/haberler\/gundem\/maltepe-sureyyapasa-carsisi-icin-duzenlenen-protokol-toreninde-konustu\/\",\"url\":\"https:\/\/denizcankizil.tr\/en\/haberler\/gundem\/maltepe-sureyyapasa-carsisi-icin-duzenlenen-protokol-toreninde-konustu\/\",\"name\":\"Maltepe S\u00fcreyyapa\u015fa \u00c7ar\u015f\u0131s\u0131 \u0130\u00e7in D\u00fczenlenen Protokol T\u00f6reninde Konu\u015ftu - Av. Deniz Can K\u0131z\u0131l\",\"isPartOf\":{\"@id\":\"https:\/\/denizcankizil.tr\/#website\"},\"datePublished\":\"2024-10-23T10:41:26+00:00\",\"breadcrumb\":{\"@id\":\"https:\/\/denizcankizil.tr\/en\/haberler\/gundem\/maltepe-sureyyapasa-carsisi-icin-duzenlenen-protokol-toreninde-konustu\/#breadcrumb\"},\"inLanguage\":\"en-GB\",\"potentialAction\":[{\"@type\":\"ReadAction\",\"target\":[\"https:\/\/denizcankizil.tr\/en\/haberler\/gundem\/maltepe-sureyyapasa-carsisi-icin-duzenlenen-protokol-toreninde-konustu\/\"]}]},{\"@type\":\"BreadcrumbList\",\"@id\":\"https:\/\/denizcankizil.tr\/en\/haberler\/gundem\/maltepe-sureyyapasa-carsisi-icin-duzenlenen-protokol-toreninde-konustu\/#breadcrumb\",\"itemListElement\":[{\"@type\":\"ListItem\",\"position\":1,\"name\":\"Home\",\"item\":\"https:\/\/denizcankizil.tr\/de\/\"},{\"@type\":\"ListItem\",\"position\":2,\"name\":\"Maltepe S\u00fcreyyapa\u015fa \u00c7ar\u015f\u0131s\u0131 \u0130\u00e7in D\u00fczenlenen Protokol T\u00f6reninde Konu\u015ftu\"}]},{\"@type\":\"WebSite\",\"@id\":\"https:\/\/denizcankizil.tr\/#website\",\"url\":\"https:\/\/denizcankizil.tr\/\",\"name\":\"Av. Deniz Can K\u0131z\u0131l\",\"description\":\"Avukat Deniz Can K\u0131z\u0131l Antalya Barosu\",\"publisher\":{\"@id\":\"https:\/\/denizcankizil.tr\/#organization\"},\"potentialAction\":[{\"@type\":\"SearchAction\",\"target\":{\"@type\":\"EntryPoint\",\"urlTemplate\":\"https:\/\/denizcankizil.tr\/?s={search_term_string}\"},\"query-input\":{\"@type\":\"PropertyValueSpecification\",\"valueRequired\":true,\"valueName\":\"search_term_string\"}}],\"inLanguage\":\"en-GB\"},{\"@type\":\"Organization\",\"@id\":\"https:\/\/denizcankizil.tr\/#organization\",\"name\":\"Av. Deniz Can K\u0131z\u0131l\",\"url\":\"https:\/\/denizcankizil.tr\/\",\"logo\":{\"@type\":\"ImageObject\",\"inLanguage\":\"en-GB\",\"@id\":\"https:\/\/denizcankizil.tr\/#\/schema\/logo\/image\/\",\"url\":\"https:\/\/denizcankizil.tr\/wp-content\/uploads\/2024\/10\/siyah-logo-svg.svg\",\"contentUrl\":\"https:\/\/denizcankizil.tr\/wp-content\/uploads\/2024\/10\/siyah-logo-svg.svg\",\"width\":1080,\"height\":1080,\"caption\":\"Av. Deniz Can K\u0131z\u0131l\"},\"image\":{\"@id\":\"https:\/\/denizcankizil.tr\/#\/schema\/logo\/image\/\"}}]}<\/script>\n<!-- \/ Yoast SEO Premium plugin. -->","yoast_head_json":{"title":"Maltepe S\u00fcreyyapa\u015fa \u00c7ar\u015f\u0131s\u0131 \u0130\u00e7in D\u00fczenlenen Protokol T\u00f6reninde Konu\u015ftu - Av. Deniz Can K\u0131z\u0131l","robots":{"index":"index","follow":"follow","max-snippet":"max-snippet:-1","max-image-preview":"max-image-preview:large","max-video-preview":"max-video-preview:-1"},"canonical":"https:\/\/denizcankizil.tr\/en\/haberler\/gundem\/maltepe-sureyyapasa-carsisi-icin-duzenlenen-protokol-toreninde-konustu\/","og_locale":"en_GB","og_type":"article","og_title":"Maltepe S\u00fcreyyapa\u015fa \u00c7ar\u015f\u0131s\u0131 \u0130\u00e7in D\u00fczenlenen Protokol T\u00f6reninde Konu\u015ftu","og_description":"\u0130stanbul B\u00fcy\u00fck\u015fehir Belediyesi (\u0130BB) i\u015ftiraki Bo\u011fazi\u00e7i Y\u00f6netim A.\u015e. ve Maltepe Belediyesi aras\u0131nda, uzun y\u0131llar vatanda\u015flar\u0131n kamusal faydas\u0131ndan mahrum kald\u0131\u011f\u0131 S\u00fcreyyapa\u015fa \u00c7ar\u015f\u0131s\u0131\u2019n\u0131n profesyonel y\u00f6netimi i\u00e7in protokol imzaland\u0131. \u200b\u0130stanbul B\u00fcy\u00fck\u015fehir Belediyesi (\u0130BB) i\u015ftiraki Bo\u011fazi\u00e7i Y\u00f6netim A.\u015e. ve Maltepe Belediyesi aras\u0131nda, uzun y\u0131llar vatanda\u015flar\u0131n kamusal faydas\u0131ndan mahrum kald\u0131\u011f\u0131 S\u00fcreyyapa\u015fa \u00c7ar\u015f\u0131s\u0131\u2019n\u0131n profesyonel y\u00f6netimi i\u00e7in protokol imzaland\u0131.\u00a0 \u200bHaberin Al\u0131nt\u0131land\u0131\u011f\u0131 Kaynak: www.iskenderun.org","og_url":"https:\/\/denizcankizil.tr\/en\/haberler\/gundem\/maltepe-sureyyapasa-carsisi-icin-duzenlenen-protokol-toreninde-konustu\/","og_site_name":"Av. Deniz Can K\u0131z\u0131l","article_published_time":"2024-10-23T10:41:26+00:00","twitter_card":"summary_large_image","schema":{"@context":"https:\/\/schema.org","@graph":[{"@type":"Article","@id":"https:\/\/denizcankizil.tr\/en\/haberler\/gundem\/maltepe-sureyyapasa-carsisi-icin-duzenlenen-protokol-toreninde-konustu\/#article","isPartOf":{"@id":"https:\/\/denizcankizil.tr\/en\/haberler\/gundem\/maltepe-sureyyapasa-carsisi-icin-duzenlenen-protokol-toreninde-konustu\/"},"author":{"name":"","@id":""},"headline":"Maltepe S\u00fcreyyapa\u015fa \u00c7ar\u015f\u0131s\u0131 \u0130\u00e7in D\u00fczenlenen Protokol T\u00f6reninde Konu\u015ftu","datePublished":"2024-10-23T10:41:26+00:00","mainEntityOfPage":{"@id":"https:\/\/denizcankizil.tr\/en\/haberler\/gundem\/maltepe-sureyyapasa-carsisi-icin-duzenlenen-protokol-toreninde-konustu\/"},"wordCount":112,"commentCount":0,"publisher":{"@id":"https:\/\/denizcankizil.tr\/#organization"},"articleSection":["G\u00fcndem","Uncategorized"],"inLanguage":"en-GB","potentialAction":[{"@type":"CommentAction","name":"Comment","target":["https:\/\/denizcankizil.tr\/en\/haberler\/gundem\/maltepe-sureyyapasa-carsisi-icin-duzenlenen-protokol-toreninde-konustu\/#respond"]}]},{"@type":"WebPage","@id":"https:\/\/denizcankizil.tr\/en\/haberler\/gundem\/maltepe-sureyyapasa-carsisi-icin-duzenlenen-protokol-toreninde-konustu\/","url":"https:\/\/denizcankizil.tr\/en\/haberler\/gundem\/maltepe-sureyyapasa-carsisi-icin-duzenlenen-protokol-toreninde-konustu\/","name":"Maltepe S\u00fcreyyapa\u015fa \u00c7ar\u015f\u0131s\u0131 \u0130\u00e7in D\u00fczenlenen Protokol T\u00f6reninde Konu\u015ftu - Av. Deniz Can K\u0131z\u0131l","isPartOf":{"@id":"https:\/\/denizcankizil.tr\/#website"},"datePublished":"2024-10-23T10:41:26+00:00","breadcrumb":{"@id":"https:\/\/denizcankizil.tr\/en\/haberler\/gundem\/maltepe-sureyyapasa-carsisi-icin-duzenlenen-protokol-toreninde-konustu\/#breadcrumb"},"inLanguage":"en-GB","potentialAction":[{"@type":"ReadAction","target":["https:\/\/denizcankizil.tr\/en\/haberler\/gundem\/maltepe-sureyyapasa-carsisi-icin-duzenlenen-protokol-toreninde-konustu\/"]}]},{"@type":"BreadcrumbList","@id":"https:\/\/denizcankizil.tr\/en\/haberler\/gundem\/maltepe-sureyyapasa-carsisi-icin-duzenlenen-protokol-toreninde-konustu\/#breadcrumb","itemListElement":[{"@type":"ListItem","position":1,"name":"Home","item":"https:\/\/denizcankizil.tr\/de\/"},{"@type":"ListItem","position":2,"name":"Maltepe S\u00fcreyyapa\u015fa \u00c7ar\u015f\u0131s\u0131 \u0130\u00e7in D\u00fczenlenen Protokol T\u00f6reninde Konu\u015ftu"}]},{"@type":"WebSite","@id":"https:\/\/denizcankizil.tr\/#website","url":"https:\/\/denizcankizil.tr\/","name":"Av. Deniz Can K\u0131z\u0131l","description":"Avukat Deniz Can K\u0131z\u0131l Antalya Barosu","publisher":{"@id":"https:\/\/denizcankizil.tr\/#organization"},"potentialAction":[{"@type":"SearchAction","target":{"@type":"EntryPoint","urlTemplate":"https:\/\/denizcankizil.tr\/?s={search_term_string}"},"query-input":{"@type":"PropertyValueSpecification","valueRequired":true,"valueName":"search_term_string"}}],"inLanguage":"en-GB"},{"@type":"Organization","@id":"https:\/\/denizcankizil.tr\/#organization","name":"Av. Deniz Can K\u0131z\u0131l","url":"https:\/\/denizcankizil.tr\/","logo":{"@type":"ImageObject","inLanguage":"en-GB","@id":"https:\/\/denizcankizil.tr\/#\/schema\/logo\/image\/","url":"https:\/\/denizcankizil.tr\/wp-content\/uploads\/2024\/10\/siyah-logo-svg.svg","contentUrl":"https:\/\/denizcankizil.tr\/wp-content\/uploads\/2024\/10\/siyah-logo-svg.svg","width":1080,"height":1080,"caption":"Av. Deniz Can K\u0131z\u0131l"},"image":{"@id":"https:\/\/denizcankizil.tr\/#\/schema\/logo\/image\/"}}]}},"_links":{"self":[{"href":"https:\/\/denizcankizil.tr\/en\/wp-json\/wp\/v2\/posts\/7082","targetHints":{"allow":["GET"]}}],"collection":[{"href":"https:\/\/denizcankizil.tr\/en\/wp-json\/wp\/v2\/posts"}],"about":[{"href":"https:\/\/denizcankizil.tr\/en\/wp-json\/wp\/v2\/types\/post"}],"replies":[{"embeddable":true,"href":"https:\/\/denizcankizil.tr\/en\/wp-json\/wp\/v2\/comments?post=7082"}],"version-history":[{"count":0,"href":"https:\/\/denizcankizil.tr\/en\/wp-json\/wp\/v2\/posts\/7082\/revisions"}],"wp:attachment":[{"href":"https:\/\/denizcankizil.tr\/en\/wp-json\/wp\/v2\/media?parent=7082"}],"wp:term":[{"taxonomy":"category","embeddable":true,"href":"https:\/\/denizcankizil.tr\/en\/wp-json\/wp\/v2\/categories?post=7082"},{"taxonomy":"post_tag","embeddable":true,"href":"https:\/\/denizcankizil.tr\/en\/wp-json\/wp\/v2\/tags?post=7082"}],"curies":[{"name":"wp","href":"https:\/\/api.w.org\/{rel}","templated":true}]}}