{"id":70705,"date":"2025-04-29T22:41:21","date_gmt":"2025-04-29T19:41:21","guid":{"rendered":"https:\/\/denizcankizil.tr\/uncategorized-tr\/antalyada-460-yeni-proje-yolda\/"},"modified":"2025-04-29T22:41:21","modified_gmt":"2025-04-29T19:41:21","slug":"antalyada-460-yeni-proje-yolda","status":"publish","type":"post","link":"https:\/\/denizcankizil.tr\/en\/haberler\/gundem\/antalyada-460-yeni-proje-yolda\/","title":{"rendered":"Antalya&#8217;da 460 yeni proje yolda!"},"content":{"rendered":"<p>Antalya&#8217;da y\u0131l\u0131n ikinci \u0130l Koordinasyon Kurulu Toplant\u0131s\u0131, Vali Hulusi \u015eahin ba\u015fkanl\u0131\u011f\u0131nda Milli E\u011fitim M\u00fcd\u00fcrl\u00fc\u011f\u00fc&#8217;nde ger\u00e7ekle\u015ftirildi. Yat\u0131r\u0131mlar\u0131n seyri, \u00e7evresel sorunlar, ula\u015f\u0131m altyap\u0131s\u0131 ve g\u0131da g\u00fcvenli\u011fi gibi ba\u015fl\u0131klarda yap\u0131lan sunumlarda, \u015fehrin gelece\u011fine y\u00f6n verecek kritik de\u011ferlendirmeler ve projeksiyonlar masaya yat\u0131r\u0131ld\u0131. Toplant\u0131da Antalya Valili\u011fi, bilim kurulu ve ilgili kamu kurumlar\u0131n\u0131n sahadaki duruma dair g\u00fcncel verileri payla\u015f\u0131ld\u0131.<\/p>\n<p>&#8220;460 PROJEN\u0130N 362 ADET\u0130 GENEL VE \u00d6ZEL B\u00dcT\u00c7EL\u0130 KURULU\u015eLARLA, 134 ADET\u0130 \u0130SE BELED\u0130YE \u0130MKANLARIYLA Y\u00dcR\u00dcT\u00dcL\u00dcYOR&#8221;<\/p>\n<p>Vali Hulusi \u015eahin, Antalya \u0130l Koordinasyon Kurulu Toplant\u0131s\u0131&#8217;nda yapt\u0131\u011f\u0131 konu\u015fmada, il genelindeki yat\u0131r\u0131mlara ve projelerin mevcut durumuna ili\u015fkin detayl\u0131 bilgi verdi. Vali \u015eahin, 2025 y\u0131l\u0131 Mart ay\u0131 sonu itibar\u0131yla Antalya&#8217;da toplam 460 proje \u00fczerinde \u00e7al\u0131\u015fmalar y\u00fcr\u00fct\u00fcld\u00fc\u011f\u00fcn\u00fc belirtti. Bu projelerin 326 adedinin genel ve \u00f6zel b\u00fct\u00e7eli kurulu\u015flarca, 134 adedinin ise belediyelerin imkanlar\u0131yla y\u00fcr\u00fct\u00fcld\u00fc\u011f\u00fcn\u00fc ifade etti.<\/p>\n<p>PROJELER\u0130N TOPLAM BEDEL\u0130 147 M\u0130LYAR L\u0130RAYI A\u015eTI <\/p>\n<p>Vali \u015eahin, s\u00f6z konusu projelerin toplam bedelinin 147 milyar 398 milyon lira oldu\u011funu, 2025 y\u0131l\u0131 \u00f6deneklerinin ise 25 milyar 372 milyon lira olarak belirlendi\u011fini kaydetti. Mart ay\u0131 sonu itibar\u0131yla 4 milyar 207 milyon liral\u0131k harcama yap\u0131ld\u0131\u011f\u0131n\u0131 ve y\u00fczde 17 nakdi ger\u00e7ekle\u015fme oran\u0131na ula\u015f\u0131ld\u0131\u011f\u0131n\u0131 s\u00f6yledi.<\/p>\n<p>Genel ve \u00f6zel b\u00fct\u00e7eli kurulu\u015flarca y\u00fcr\u00fct\u00fclen 326 projenin toplam bedelinin 129 milyar 810 milyon lira oldu\u011funu aktaran \u015eahin, 2025 y\u0131l\u0131 i\u00e7in bu projelere ayr\u0131lan \u00f6denek tutar\u0131n\u0131n 16 milyar 937 milyon lira oldu\u011funu, Mart ay\u0131 sonu itibar\u0131yla 2 milyar 581 milyon lira harcama yap\u0131larak y\u00fczde 15 nakdi ger\u00e7ekle\u015fme sa\u011fland\u0131\u011f\u0131n\u0131 ifade etti.<\/p>\n<p>&#8220;BELED\u0130YE PROJELER\u0130N\u0130N TOPLAM BEDEL\u0130 17 M\u0130LYARI A\u015eTI&#8221;<\/p>\n<p>Belediyeler taraf\u0131ndan y\u00fcr\u00fct\u00fclen 134 projenin toplam bedelinin 17 milyar 587 milyon lira oldu\u011funu belirten Vali \u015eahin, bu projelerin 2025 y\u0131l\u0131 \u00f6deneklerinin toplam 8 milyar 435 milyon lira oldu\u011funu, Mart ay\u0131 sonuna kadar 1 milyar 626 milyon lira harcama yap\u0131ld\u0131\u011f\u0131n\u0131 ve y\u00fczde 19 nakdi ger\u00e7ekle\u015fme sa\u011fland\u0131\u011f\u0131n\u0131 kaydetti.<\/p>\n<p>&#8220;HARCAMA EN \u00c7OK ULA\u015eTIRMA-HABERLE\u015eME SEKT\u00d6R\u00dcNE YAPILDI&#8221; <\/p>\n<p>Vali \u015eahin, yat\u0131r\u0131mc\u0131 kurulu\u015flar ve belediyelerce yap\u0131lan harcamalar i\u00e7erisinde en b\u00fcy\u00fck pay\u0131n 1 milyar 725 milyon lira ile di\u011fer kamu hizmetleri sekt\u00f6r\u00fcne ait oldu\u011funu, bunu s\u0131ras\u0131yla 1 milyar 421 milyon lira ile Ula\u015ft\u0131rma-Haberle\u015fme sekt\u00f6r\u00fc ve 380 milyon lira ile E\u011fitim sekt\u00f6r\u00fcn\u00fcn takip etti\u011fini s\u00f6yledi.<\/p>\n<p>460 PROJEDEN 35&#8217;\u0130 TAMAMLANDI<\/p>\n<p>460 adet projeden 35&#8217;inin tamamlanarak hizmete al\u0131nd\u0131\u011f\u0131n\u0131, 300 projenin \u00e7al\u0131\u015fmalar\u0131n\u0131n devam etti\u011fini, 68 projenin ihale a\u015famas\u0131nda oldu\u011funu ve 57 projeye hen\u00fcz ba\u015flanmad\u0131\u011f\u0131n\u0131 belirten Vali \u015eahin, projelerin s\u00fcrd\u00fcr\u00fclebilirlik ilkesine uygun \u015fekilde y\u00fcr\u00fct\u00fclmesinin \u00f6nemine dikkat \u00e7ekti.<\/p>\n<p>Vali \u015eahin, \u00e7evrenin korunmas\u0131n\u0131n, su, toprak, deniz ve havan\u0131n korunmas\u0131n\u0131n esas al\u0131nmas\u0131 gerekti\u011fini vurgulayarak, s\u00fcrd\u00fcr\u00fclebilir kalk\u0131nman\u0131n temel ilke olmas\u0131 gerekti\u011fini s\u00f6yledi. \u015eahin, &#8220;Ne yapacaksak ona g\u00f6re yapal\u0131m. \u0130mar yapaca\u011f\u0131z, ona g\u00f6re yapal\u0131m. \u0130n\u015faat yapaca\u011f\u0131z, ona g\u00f6re. Yol yapaca\u011f\u0131z, ona g\u00f6re yapal\u0131m. Yapt\u0131\u011f\u0131m\u0131z hamlelerin ileriki sonu\u00e7lar\u0131n\u0131 bug\u00fcnden hesap edelim. Kaba taslak gitmenin bir alemi yok. \u00d6l\u00e7elim, bi\u00e7elim. Ondan sonra hareket edelim. Aksi takdirde 20-30 sene sonra torunlar\u0131m\u0131z bunlar ne yapm\u0131\u015flar diye bize in\u015fallah k\u00f6t\u00fc bir \u015fey s\u00f6ylemezler&#8221; ifadelerini kulland\u0131.<\/p>\n<p>D\u00dcDEN \u00c7AYI ALARM VER\u0130YOR <\/p>\n<p>Antalya&#8217;n\u0131n temel su kaynaklar\u0131ndan biri olan D\u00fcden \u00c7ay\u0131&#8217;ndaki kirlilik sorununa kar\u015f\u0131 Antalya Valili\u011fi onay\u0131yla olu\u015fturulan D\u00fcden \u00c7ay\u0131 Bilim Kurulu \u00e7al\u0131\u015fmalar\u0131n\u0131 tamamlad\u0131. Antalya \u0130l Koordinasyon Kurulu Toplant\u0131s\u0131&#8217;nda Bilim Kurulu ad\u0131na sunum yapan Akdeniz \u00dcniversitesi \u00c7evre M\u00fchendisli\u011fi B\u00f6l\u00fcm\u00fc emekli \u00f6\u011fretim \u00fcyesi Prof. Dr. B\u00fclent Topkaya, \u00e7ay\u0131n mevcut durumu, kirlilik kaynaklar\u0131 ve \u00e7\u00f6z\u00fcm \u00f6nerilerine ili\u015fkin kapsaml\u0131 bir de\u011ferlendirme sundu.<\/p>\n<p>1995&#8217;TEN BU YANAN S\u00dcREGELEN K\u0130RL\u0130L\u0130K R\u0130SK\u0130<\/p>\n<p>D\u00fcden \u00c7ay\u0131 Bilim Kurulu, 13 May\u0131s 2024 tarihinde Antalya \u0130l Su Kurulu toplant\u0131s\u0131nda al\u0131nan karar do\u011frultusunda kurulmu\u015f, 4 Aral\u0131k 2024 tarihli Antalya Valili\u011fi oluru ile resmiyet kazanm\u0131\u015ft\u0131. Kurul, ASAT, DS\u0130, \u00c7evre \u015eehircilik ve \u0130klim De\u011fi\u015fikli\u011fi \u0130l M\u00fcd\u00fcrl\u00fc\u011f\u00fc ile belediyelerden sa\u011flanan veriler, mevcut bilimsel raporlar ve sahada yap\u0131lan arazi incelemeleri do\u011frultusunda \u00e7al\u0131\u015fmalar\u0131n\u0131 y\u00fcr\u00fctt\u00fc. Sunumda, 1995 y\u0131l\u0131nda yap\u0131lan \u00e7al\u0131\u015fmalarda K\u0131rkg\u00f6z kaynaklar\u0131 ile kent aras\u0131nda kalan b\u00f6lgelerdeki yo\u011fun tar\u0131msal ve end\u00fcstriyel geli\u015fmenin, Antalya&#8217;n\u0131n temel su kaynaklar\u0131n\u0131 geri d\u00f6n\u00fclmesi m\u00fcmk\u00fcn olmayan bi\u00e7imde kirletebilece\u011fi y\u00f6n\u00fcnde uyar\u0131larda bulunuldu\u011fu hat\u0131rlat\u0131ld\u0131. Yeralt\u0131 su kaynaklar\u0131n\u0131n ortalama 100 y\u0131l gibi uzun bir yenilenme s\u00fcresine sahip oldu\u011fu, bu nedenle kimyasal kirlenmenin \u00e7ok ge\u00e7 fark edilebilece\u011fi ve su niteli\u011finin geri d\u00f6nd\u00fcr\u00fclemez \u015fekilde bozulabilece\u011fi vurguland\u0131.<\/p>\n<p>ANTALYA&#8217;DAK\u0130 BAZI FAAL\u0130YETLER YERALTI SULARINI TEHD\u0130T ED\u0130YOR <\/p>\n<p>D\u00fcden \u00c7ay\u0131&#8217;na y\u00f6nelik \u00f6nceki ara\u015ft\u0131rmalarda da \u00e7ay\u0131n Akdeniz&#8217;e yo\u011fun besin maddesi, kat\u0131 madde ve koliform bakteri ta\u015f\u0131d\u0131\u011f\u0131, kanalizasyon sistemine ba\u011fl\u0131 olmayan k\u00fc\u00e7\u00fck yerle\u015fimlerin ve ta\u015f\u0131mac\u0131l\u0131k faaliyetlerinin yeralt\u0131 sular\u0131n\u0131 tehdit etti\u011fi tespit edildi. 2019 y\u0131l\u0131 \u00f6l\u00e7\u00fcmlerinde Varsak Kanal\u0131&#8217;nda su kalitesinin &#8220;k\u00f6t\u00fc&#8221;, D\u00fcdenba\u015f\u0131 ile \u015eelale aras\u0131ndaki b\u00f6lgede ise &#8220;\u00e7ok k\u00f6t\u00fc&#8221; seviyede oldu\u011fu belirlendi. 2023 y\u0131l\u0131nda yap\u0131lan Su Kalite \u0130ndeks analizlerinde de D\u00fcden \u00c7ay\u0131&#8217;n\u0131n genel su kalitesinin &#8220;k\u00f6t\u00fc&#8221; s\u0131n\u0131f\u0131nda yer ald\u0131\u011f\u0131 ortaya kondu.<\/p>\n<p>K\u0130RLENMEN\u0130N BA\u015eLICA KAYNAKLARI BEL\u0130RLEND\u0130 <\/p>\n<p>Bilim Kurulu, D\u00fcden \u00c7ay\u0131&#8217;ndaki kirlenmenin ana kaynaklar\u0131 aras\u0131nda traverten plato \u00fczerindeki sanayi tesisleri, tar\u0131m alanlar\u0131, geri d\u00f6n\u00fc\u015f\u00fcm i\u015fletmeleri, vah\u015fi \u00e7\u00f6p d\u00f6k\u00fcm alanlar\u0131 ve kanalizasyona ba\u011fl\u0131 olmayan yerle\u015fimlerin bulundu\u011funu a\u00e7\u0131klad\u0131. Yeralt\u0131 suyu ile do\u011frudan ba\u011flant\u0131l\u0131 d\u00fcdenlere at\u0131lan evsel at\u0131klar, sanayi at\u0131klar\u0131 ve tar\u0131msal kirlili\u011fin, \u00e7ay\u0131n ekosistemi i\u00e7in ciddi tehdit olu\u015fturdu\u011fu belirtildi.<\/p>\n<p>\u00c7\u00d6Z\u00dcM \u00d6NER\u0130LER\u0130 SUNULDU <\/p>\n<p>Sunumda \u00e7\u00f6z\u00fcm \u00f6nerileri s\u00fcre gruplar\u0131 halinde sunuldu. Acil \u00f6nlemler kapsam\u0131nda, 0-1 ay i\u00e7inde d\u00fcden sahalar\u0131ndaki vah\u015fi \u015fekilde b\u0131rak\u0131lm\u0131\u015f t\u00fcm at\u0131klar\u0131n kald\u0131r\u0131lmas\u0131 ve tekrar\u0131n\u0131n \u00f6nlenmesi gerekti\u011fi ifade edildi. Ayr\u0131ca kurumlar aras\u0131 koordinasyonun sa\u011flanmas\u0131, sorumlu bir kurumun belirlenmesi, farkl\u0131 kurumlardan gelen izleme verilerinin birle\u015ftirilmesi ve havzadaki kirletici kaynaklara ili\u015fkin veri taban\u0131 olu\u015fturulmas\u0131 gibi k\u0131sa vadeli (0-6 ay) ad\u0131mlar \u00f6nerildi. \u0130zleme noktalar\u0131n\u0131n belirlenmesi ve su kalite analizlerinin yap\u0131laca\u011f\u0131 kurumun se\u00e7ilmesi de k\u0131sa s\u00fcrede hayata ge\u00e7irilmesi planlanan di\u011fer ba\u015fl\u0131klar aras\u0131nda yer ald\u0131.<br \/>\nOrta vadede, 6 ay ile 1 y\u0131l aras\u0131nda pasif \u00f6rnekleyicilerle izleme \u00e7al\u0131\u015fmalar\u0131n\u0131n d\u00fczenli \u015fekilde y\u00fcr\u00fct\u00fclmesi, izleme noktalar\u0131n\u0131n art\u0131r\u0131lmas\u0131 ve \u00e7evrim i\u00e7i izleme a\u011f\u0131 kurulmas\u0131 \u00f6ng\u00f6r\u00fcld\u00fc. Bu s\u00fcre\u00e7te elde edilecek sonu\u00e7lar\u0131n d\u00fczenli olarak de\u011ferlendirilip payla\u015f\u0131lmas\u0131 gerekti\u011fi vurguland\u0131.<\/p>\n<p>Uzun vadede ise, 1 y\u0131l ve sonras\u0131nda Antalya Havzas\u0131 genelinde s\u00fcrd\u00fcr\u00fclebilir kurumlar aras\u0131 i\u015f birli\u011fi a\u011f\u0131n\u0131n olu\u015fturulmas\u0131, D\u00fcden \u00c7ay\u0131 \u00f6zelinde \u00e7evrim i\u00e7i izleme sisteminin devreye al\u0131nmas\u0131 ve hurdac\u0131l\u0131k ile geri d\u00f6n\u00fc\u015f\u00fcm sekt\u00f6rleri i\u00e7in \u00e7evresel etkilerin kontrol alt\u0131na al\u0131nabilece\u011fi faaliyet b\u00f6lgelerinin tan\u0131mlanmas\u0131 \u00f6nerildi.<\/p>\n<p>N\u00dcFUS ARTI\u015eI VE \u0130KL\u0130M DE\u011e\u0130\u015e\u0130KL\u0130\u011e\u0130 D\u0130KKATE ALINMALI <\/p>\n<p>Prof. Dr. B\u00fclent Topkaya, Bilim Kurulu ad\u0131na yapt\u0131\u011f\u0131 sunumun sonunda, Antalya&#8217;n\u0131n traverten platosu \u00fczerindeki su kaynaklar\u0131n\u0131n korunabilmesi i\u00e7in iklim de\u011fi\u015fikli\u011finin ve artan n\u00fcfusun olu\u015fturaca\u011f\u0131 bask\u0131lar\u0131n dikkate al\u0131narak b\u00fct\u00fcnc\u00fcl bir havza y\u00f6netimi stratejisinin geli\u015ftirilmesinin b\u00fcy\u00fck \u00f6nem ta\u015f\u0131d\u0131\u011f\u0131n\u0131 vurgulad\u0131. Topkaya, belirlenen \u00f6nlemlerin a\u015famal\u0131 \u015fekilde uygulanmas\u0131yla hem D\u00fcden \u00c7ay\u0131&#8217;n\u0131n hem de Antalya&#8217;n\u0131n su g\u00fcvenli\u011finin gelecekte korunabilece\u011fini ifade etti.<\/p>\n<p>ANTALYA&#8217;DA ULA\u015eTIRMA YATIRIMLARI S\u00dcR\u00dcYOR <\/p>\n<p>Ula\u015ft\u0131rma ve Altyap\u0131 Bakanl\u0131\u011f\u0131 VI. B\u00f6lge M\u00fcd\u00fcrl\u00fc\u011f\u00fc taraf\u0131ndan Antalya \u0130l Koordinasyon Kurulu Toplant\u0131s\u0131&#8217;nda b\u00f6lgedeki ula\u015ft\u0131rma ve altyap\u0131 yat\u0131r\u0131mlar\u0131na ili\u015fkin kapsaml\u0131 bir sunum ger\u00e7ekle\u015ftirildi. VI. B\u00f6lge M\u00fcd\u00fcr\u00fc Serhan \u00d6zkanl\u0131 taraf\u0131ndan yap\u0131lan sunumda, Antalya, Burdur, Isparta ve Afyonkarahisar illerini kapsayan b\u00f6lge m\u00fcd\u00fcrl\u00fc\u011f\u00fcn\u00fcn \u00e7al\u0131\u015fmalar\u0131na ili\u015fkin g\u00fcncel bilgiler payla\u015f\u0131ld\u0131.<\/p>\n<p>\u00d6zkanl\u0131, Antalya ilinin sahil \u015feridi uzunlu\u011funun 640 kilometre oldu\u011funu belirterek, halihaz\u0131rda i\u015fletilmekte olan 14 k\u0131y\u0131 yap\u0131s\u0131n\u0131n bulundu\u011funu, 5 k\u0131y\u0131 yap\u0131s\u0131n\u0131n ise planlama ve proje a\u015famas\u0131nda oldu\u011funu s\u00f6yledi. Gazipa\u015fa Yat Liman\u0131&#8217;n\u0131n 7 Ekim 2024 tarihinden bu yana i\u015fletildi\u011fini ve toplam 308 yat kapasitesine sahip oldu\u011funu ifade eden \u00d6zkanl\u0131, Alanya Yat Liman\u0131&#8217;n\u0131n 2010 y\u0131l\u0131ndan bu yana hizmet verdi\u011fini ve 447 yat kapasiteli oldu\u011funu, Ka\u015f Yat Liman\u0131&#8217;n\u0131n ise 25 Nisan 2011&#8217;den bu yana 600 yat kapasiteli olarak faaliyet g\u00f6sterdi\u011fini aktard\u0131.<\/p>\n<p>DEMRE YAT L\u0130MANI 750 YAT KAPAS\u0130TEL\u0130 <\/p>\n<p>Devam eden yat\u0131r\u0131mlar kapsam\u0131nda Demre Yat Liman\u0131 \u00fcstyap\u0131 i\u015flerinin tamamland\u0131\u011f\u0131n\u0131 belirten \u00d6zkanl\u0131, liman\u0131n altyap\u0131s\u0131n\u0131n 2017 y\u0131l\u0131nda genel b\u00fct\u00e7eden sa\u011flanan yakla\u015f\u0131k 732 milyon TL&#8217;lik yat\u0131r\u0131mla tamamland\u0131\u011f\u0131n\u0131 ve 2023 y\u0131l\u0131nda yer teslimi yap\u0131larak \u00fcstyap\u0131 \u00e7al\u0131\u015fmalar\u0131na ba\u015fland\u0131\u011f\u0131n\u0131 ifade etti. \u00dcstyap\u0131, peyzaj d\u00fczenlemeleri ve vin\u00e7 montajlar\u0131 tamamlanan Demre Yat Liman\u0131&#8217;n\u0131n 750 yat kapasiteli oldu\u011funu ve a\u00e7\u0131l\u0131\u015f i\u00e7in kabul a\u015famas\u0131nda bulundu\u011funu bildirdi.<\/p>\n<p>\u00d6zkanl\u0131, Demre Kalek\u00f6y Gezi Tekneleri Y\u00fczer \u0130skelesi projesine de de\u011finerek, b\u00f6lgede ge\u00e7mi\u015fte yerel imkanlarla yap\u0131lan iskelelerin yerine, belediyenin \u00c7ED raporu \u00e7al\u0131\u015fmalar\u0131n\u0131 tamamlamas\u0131yla birlikte 20 milyon TL \u00f6denekle yeni bir y\u00fczer iskele projesinin hayata ge\u00e7irildi\u011fini, Aral\u0131k 2024&#8217;te yer teslimi yap\u0131ld\u0131\u011f\u0131n\u0131 ve beton imalatlar\u0131n\u0131n tamamland\u0131\u011f\u0131n\u0131 s\u00f6yledi. Do\u011fal sit alan\u0131 olmas\u0131 nedeniyle tahsis s\u00fcrecinin tamamlanmas\u0131n\u0131n ard\u0131ndan imalatlar\u0131n sahaya indirilece\u011fini ve sezona yeti\u015ftirilmesinin hedeflendi\u011fini belirtti.<\/p>\n<p>PROJEN\u0130N YATIRIM BEDEL\u0130 502 M\u0130LYON L\u0130RA <\/p>\n<p>Aksu \u00c7ay\u0131 Bat\u0131 Sahili K\u0131y\u0131 Koruma Mahmuzlar\u0131 projesi kapsam\u0131nda Kundu b\u00f6lgesinde ya\u015fanan k\u0131y\u0131 erozyonuna y\u00f6nelik analiz raporu haz\u0131rland\u0131\u011f\u0131n\u0131 belirten \u00d6zkanl\u0131, k\u0131y\u0131ya dik 5 adet mahmuz ve suni kum beslemesi yap\u0131lmas\u0131na karar verildi\u011fini, imar plan\u0131 ve \u00c7ED raporlar\u0131n\u0131n onayland\u0131\u011f\u0131n\u0131, gerekli \u00f6deneklerin tahsis edildi\u011fini ve ihalenin k\u0131sa s\u00fcrede ger\u00e7ekle\u015ftirilece\u011fini ifade etti.<br \/>\nAlanya Bal\u0131k\u00e7\u0131 Bar\u0131na\u011f\u0131 Bat\u0131 R\u0131ht\u0131m\u0131&#8217;nda 240 metrelik b\u00f6l\u00fcmde hasar tespit edildi\u011fini belirten \u00d6zkanl\u0131, genel m\u00fcd\u00fcrl\u00fck\u00e7e 40 milyon TL b\u00fct\u00e7eyle ihale s\u00fcrecine ge\u00e7ilece\u011fini s\u00f6yledi. Planlanan yat\u0131r\u0131mlar aras\u0131nda T\u00fcrkler Tekne Bar\u0131na\u011f\u0131&#8217;n\u0131n da bulundu\u011funu aktaran \u00d6zkanl\u0131, Alanya T\u00fcrkler mevkiinde planlanan proje i\u00e7in imar planlar\u0131n\u0131n, projelerin ve \u00c7ED raporlar\u0131n\u0131n tamamland\u0131\u011f\u0131n\u0131 ancak tasarruf tedbirleri nedeniyle hen\u00fcz yat\u0131r\u0131m program\u0131na al\u0131namad\u0131\u011f\u0131n\u0131, bu y\u0131l tekrar teklif edilece\u011fini bildirdi. Projenin yat\u0131r\u0131m bedelinin 502 milyon lira oldu\u011funu kaydetti.<\/p>\n<p>&#8220;B\u00d6LGEN\u0130N \u0130HT\u0130YA\u00c7LARINA Y\u00d6NEL\u0130K YEN\u0130 PROJELER GEL\u0130\u015eMEYE DEVAM ED\u0130YOR&#8221;<\/p>\n<p>Kalei\u00e7i Yat Liman\u0131 i\u00e7in ise bir koruma mendire\u011fi yap\u0131labilirli\u011fine y\u00f6nelik \u00e7al\u0131\u015fmalar\u0131n s\u00fcrd\u00fc\u011f\u00fcn\u00fc belirten \u00d6zkanl\u0131, b\u00f6lgede deniz derinli\u011finin 30 ila 35 metre aras\u0131nda de\u011fi\u015fti\u011fini, bu nedenle dolgu \u015feklinde bir mendirek yap\u0131m\u0131n\u0131n m\u00fcmk\u00fcn olmad\u0131\u011f\u0131n\u0131 aktard\u0131. Bu \u015fartlar alt\u0131nda kaz\u0131kl\u0131 yap\u0131 alternatiflerinin de\u011ferlendirildi\u011fini, dalga de\u011ferlerine g\u00f6re tasar\u0131m \u00e7al\u0131\u015fmas\u0131 y\u00fcr\u00fct\u00fcld\u00fc\u011f\u00fcn\u00fc ve teknik olarak yap\u0131labilirli\u011fin netle\u015fmesi sonras\u0131nda di\u011fer a\u015famalar\u0131n de\u011ferlendirilece\u011fini ifade etti. \u00d6zkanl\u0131 ayr\u0131ca, koruma mendire\u011fi \u00e7al\u0131\u015fmas\u0131n\u0131n sonu\u00e7lanmas\u0131 halinde mevcut mendireklerin onar\u0131m\u0131n\u0131n da bu kapsamda ele al\u0131nabilece\u011fini s\u00f6yledi.<br \/>\nSunumun sonunda Serhan \u00d6zkanl\u0131, VI. B\u00f6lge M\u00fcd\u00fcrl\u00fc\u011f\u00fc olarak Antalya ve \u00e7evresinde ula\u015ft\u0131rma ve altyap\u0131 yat\u0131r\u0131mlar\u0131n\u0131 h\u0131zla s\u00fcrd\u00fcrd\u00fcklerini ve b\u00f6lgenin ihtiya\u00e7lar\u0131na y\u00f6nelik yeni projeler geli\u015ftirmeye devam ettiklerini ifade etti.<\/p>\n<p>T\u00dc\u0130K, 24 YIL SONRA TARIM SAYIMI YAPACAK <\/p>\n<p>T\u00fcrkiye \u0130statistik Kurumu (T\u00dc\u0130K) Antalya B\u00f6lge M\u00fcd\u00fcr\u00fc Erg\u00fcn Erta\u015f, Antalya \u0130l Koordinasyon Kurulu Toplant\u0131s\u0131&#8217;nda yapt\u0131\u011f\u0131 sunumda, 2025 y\u0131l\u0131nda T\u00fcrkiye genelinde uzun bir aradan sonra genel tar\u0131m say\u0131m\u0131 ger\u00e7ekle\u015ftirilece\u011fini a\u00e7\u0131klad\u0131. Erta\u015f, bu y\u0131l\u0131n ikinci yar\u0131s\u0131ndan itibaren genel tar\u0131m say\u0131m\u0131n\u0131n yap\u0131lmas\u0131n\u0131n g\u00fcndemde oldu\u011funu belirterek, s\u00fcrecin Cumhurba\u015fkanl\u0131\u011f\u0131 genelgesi ile ba\u015flat\u0131laca\u011f\u0131n\u0131, genelgenin imza a\u015famas\u0131nda oldu\u011funu ve k\u0131sa s\u00fcre i\u00e7inde yay\u0131mlanmas\u0131n\u0131n beklendi\u011fini s\u00f6yledi.<\/p>\n<p>&#8220;D\u00dcNYADA GENEL TARIM SAYIMLARI 10 YILDA B\u0130R YAPILIYOR&#8221;<\/p>\n<p>D\u00fcnyada genel tar\u0131m say\u0131mlar\u0131n\u0131n normalde her 10 y\u0131lda bir yap\u0131ld\u0131\u011f\u0131n\u0131 hat\u0131rlatan Erta\u015f, T\u00fcrkiye&#8217;nin en son 2001 y\u0131l\u0131nda tar\u0131m say\u0131m\u0131 ger\u00e7ekle\u015ftirdi\u011fini, bu nedenle 2025 y\u0131l\u0131nda yap\u0131lacak say\u0131m\u0131n 24 y\u0131l aradan sonra ger\u00e7ekle\u015ftirilecek ilk genel tar\u0131m say\u0131m\u0131 olaca\u011f\u0131n\u0131 ifade etti. Tar\u0131m say\u0131m\u0131n\u0131n, g\u0131da arz g\u00fcvenli\u011fini sa\u011flamak, jeopolitik risklere kar\u015f\u0131 \u00f6nlem almak ve tar\u0131msal ara\u015ft\u0131rmalara sa\u011flam veri temeli olu\u015fturmak a\u00e7\u0131s\u0131ndan b\u00fcy\u00fck \u00f6nem ta\u015f\u0131d\u0131\u011f\u0131n\u0131 vurgulad\u0131.<\/p>\n<p>&#8220;M\u0130KROD\u00dcZEYDE VER\u0130 ELDE ETMEK M\u00dcMK\u00dcN OLACAK&#8221;<\/p>\n<p>Erta\u015f, \u015fu anda tar\u0131msal verilerin \u00e7o\u011funlukla il\u00e7e d\u00fczeyinde derlenebildi\u011fini, yap\u0131lacak say\u0131mla birlikte parsel ve i\u015fletme baz\u0131nda mikro d\u00fczeyde veri elde etmenin m\u00fcmk\u00fcn olaca\u011f\u0131n\u0131 s\u00f6yledi. Tar\u0131m say\u0131m\u0131 sayesinde daha sa\u011fl\u0131kl\u0131 \u00fcretim planlamas\u0131 yap\u0131labilece\u011fini, i\u015flenmeyen tar\u0131m alanlar\u0131n\u0131n \u00fcretime kazand\u0131r\u0131labilece\u011fini ve farkl\u0131 kurumlar\u0131n ortak kullanabilece\u011fi g\u00fcvenilir bir veri taban\u0131 olu\u015fturulabilece\u011fini belirtti.<\/p>\n<p>SAYIM \u0130K\u0130 A\u015eAMADAN OLU\u015eACAK<\/p>\n<p>Yap\u0131lacak genel tar\u0131m say\u0131m\u0131n\u0131n iki a\u015famadan olu\u015faca\u011f\u0131n\u0131 belirten Erta\u015f, ilk a\u015famada mevcut tar\u0131m parsellerinin tar\u0131msal i\u015fletmelerle e\u015fle\u015ftirilece\u011fini, ikinci a\u015famada ise belirlenen i\u015fletmelerle anket uygulamalar\u0131n\u0131n ger\u00e7ekle\u015ftirilece\u011fini ifade etti. \u0130lk a\u015famadaki parsel e\u015fle\u015ftirme \u00e7al\u0131\u015fmalar\u0131n\u0131n Tar\u0131m ve Orman Bakanl\u0131\u011f\u0131 il ve il\u00e7e m\u00fcd\u00fcrl\u00fckleri taraf\u0131ndan y\u00fcr\u00fct\u00fcld\u00fc\u011f\u00fcn\u00fc ve Nisan ay\u0131 sonuna kadar tamamlanmas\u0131n\u0131n hedeflendi\u011fini aktard\u0131.<\/p>\n<p>\u00c7ALI\u015eMA 6 AY \u0130\u00c7ER\u0130S\u0130NDE TAMAMLANACAK <\/p>\n<p>\u00c7al\u0131\u015fman\u0131n 1 Temmuz 2025 tarihinde ba\u015flamas\u0131 ve 6 ay i\u00e7erisinde tamamlanmas\u0131 planlan\u0131yor. Erta\u015f, yakla\u015f\u0131k 4 bin personelin g\u00f6rev alaca\u011f\u0131 \u00e7al\u0131\u015fmada hem Tar\u0131m ve Orman Bakanl\u0131\u011f\u0131 personelinin hem de T\u00dc\u0130K taraf\u0131ndan istihdam edilecek personelin g\u00f6rev yapaca\u011f\u0131n\u0131 belirtti. \u00c7al\u0131\u015fman\u0131n yakla\u015f\u0131k 900 milyon liral\u0131k bir b\u00fct\u00e7eyle y\u00fcr\u00fct\u00fclece\u011fini kaydetti.<\/p>\n<p>VER\u0130LER 2026 YILININ \u0130K\u0130NC\u0130 YARISINDAN \u0130T\u0130BAREN A\u00c7IKLANACAK <\/p>\n<p>Erta\u015f, genel tar\u0131m say\u0131m\u0131 sonucunda elde edilecek verilerle tar\u0131msal \u00fcretim planlamas\u0131n\u0131n daha etkili yap\u0131labilece\u011fini, \u00fcr\u00fcn baz\u0131nda maliyet, fiyat ve katma de\u011fer analizlerinin ger\u00e7ekle\u015ftirilebilece\u011fini s\u00f6yledi. Tohumdan sofraya kadar t\u00fcm tar\u0131msal de\u011fer zincirlerinin izlenebilir hale gelece\u011fini vurgulayan Erta\u015f, say\u0131m sonu\u00e7lar\u0131n\u0131n 2026 y\u0131l\u0131n\u0131n ikinci yar\u0131s\u0131ndan itibaren yay\u0131mlanmaya ba\u015flanaca\u011f\u0131n\u0131 ifade etti.<\/p>\n<p>\u200bAntalya \u0130l Koordinasyon Kurulu Toplant\u0131s\u0131&#8217;nda 147 milyar liral\u0131k yat\u0131r\u0131mla Antalya&#8217;n\u0131n ula\u015f\u0131m, tar\u0131m ve \u00e7evresinin d\u00f6n\u00fc\u015ft\u00fcr\u00fclece\u011fi a\u00e7\u0131kland\u0131. Ula\u015ft\u0131rma ve Altyap\u0131 Bakanl\u0131\u011f\u0131 ba\u015fta olmak \u00fczere \u00e7e\u015fitli kurumlarca y\u00fcr\u00fct\u00fclen projeler kapsam\u0131nda, DS\u0130 D\u00fcden \u00c7ay\u0131&#8217;ndaki kirlili\u011fe kar\u015f\u0131 \u00f6nlem alacak, T\u00dc\u0130K ise 24 y\u0131l aradan sonra kentte tar\u0131m say\u0131m\u0131 ger\u00e7ekle\u015ftirecek.\u00a0<\/p>\n<p>\u200bHaberin Al\u0131nt\u0131land\u0131\u011f\u0131 Kaynak: www.antalyakorfez.com<\/p>","protected":false},"excerpt":{"rendered":"<p>Antalya&#8217;da y\u0131l\u0131n ikinci \u0130l Koordinasyon Kurulu Toplant\u0131s\u0131, Vali Hulusi \u015eahin ba\u015fkanl\u0131\u011f\u0131nda Milli E\u011fitim M\u00fcd\u00fcrl\u00fc\u011f\u00fc&#8217;nde ger\u00e7ekle\u015ftirildi. Yat\u0131r\u0131mlar\u0131n seyri, \u00e7evresel sorunlar, ula\u015f\u0131m altyap\u0131s\u0131 ve g\u0131da g\u00fcvenli\u011fi gibi ba\u015fl\u0131klarda yap\u0131lan sunumlarda, \u015fehrin gelece\u011fine y\u00f6n verecek kritik de\u011ferlendirmeler ve projeksiyonlar masaya yat\u0131r\u0131ld\u0131. Toplant\u0131da Antalya Valili\u011fi, bilim kurulu ve ilgili kamu kurumlar\u0131n\u0131n sahadaki duruma dair g\u00fcncel verileri payla\u015f\u0131ld\u0131. &#8220;460 PROJEN\u0130N 362 ADET\u0130 GENEL VE \u00d6ZEL B\u00dcT\u00c7EL\u0130 KURULU\u015eLARLA, 134 ADET\u0130 \u0130SE BELED\u0130YE \u0130MKANLARIYLA Y\u00dcR\u00dcT\u00dcL\u00dcYOR&#8221; Vali Hulusi \u015eahin, Antalya \u0130l Koordinasyon Kurulu Toplant\u0131s\u0131&#8217;nda yapt\u0131\u011f\u0131 konu\u015fmada, il genelindeki yat\u0131r\u0131mlara ve projelerin mevcut durumuna ili\u015fkin detayl\u0131 bilgi verdi. Vali \u015eahin, 2025 y\u0131l\u0131 Mart ay\u0131 sonu itibar\u0131yla Antalya&#8217;da toplam 460 proje \u00fczerinde \u00e7al\u0131\u015fmalar y\u00fcr\u00fct\u00fcld\u00fc\u011f\u00fcn\u00fc belirtti. Bu projelerin 326 adedinin genel ve \u00f6zel b\u00fct\u00e7eli kurulu\u015flarca, 134 adedinin ise belediyelerin imkanlar\u0131yla y\u00fcr\u00fct\u00fcld\u00fc\u011f\u00fcn\u00fc ifade etti. PROJELER\u0130N TOPLAM BEDEL\u0130 147 M\u0130LYAR L\u0130RAYI A\u015eTI Vali \u015eahin, s\u00f6z konusu projelerin toplam bedelinin 147 milyar 398 milyon lira oldu\u011funu, 2025 y\u0131l\u0131 \u00f6deneklerinin ise 25 milyar 372 milyon lira olarak belirlendi\u011fini kaydetti. Mart ay\u0131 sonu itibar\u0131yla 4 milyar 207 milyon liral\u0131k harcama yap\u0131ld\u0131\u011f\u0131n\u0131 ve y\u00fczde 17 nakdi ger\u00e7ekle\u015fme oran\u0131na ula\u015f\u0131ld\u0131\u011f\u0131n\u0131 s\u00f6yledi. Genel ve \u00f6zel b\u00fct\u00e7eli kurulu\u015flarca y\u00fcr\u00fct\u00fclen 326 projenin toplam bedelinin 129 milyar 810 milyon lira oldu\u011funu aktaran \u015eahin, 2025 y\u0131l\u0131 i\u00e7in bu projelere ayr\u0131lan \u00f6denek tutar\u0131n\u0131n 16 &hellip;<\/p>","protected":false},"author":5,"featured_media":0,"comment_status":"","ping_status":"open","sticky":false,"template":"","format":"standard","meta":{"_acf_changed":false,"footnotes":""},"categories":[24],"tags":[],"class_list":["post-70705","post","type-post","status-publish","format-standard","has-post-thumbnail","hentry","category-gundem"],"acf":[],"yoast_head":"<!-- This site is optimized with the Yoast SEO Premium plugin v26.6 (Yoast SEO v27.1.1) - https:\/\/yoast.com\/product\/yoast-seo-premium-wordpress\/ -->\n<title>Antalya&#039;da 460 yeni proje yolda! - Av. Deniz Can K\u0131z\u0131l<\/title>\n<meta name=\"robots\" content=\"index, follow, max-snippet:-1, max-image-preview:large, max-video-preview:-1\" \/>\n<link rel=\"canonical\" href=\"https:\/\/denizcankizil.tr\/en\/haberler\/gundem\/antalyada-460-yeni-proje-yolda\/\" \/>\n<meta property=\"og:locale\" content=\"en_GB\" \/>\n<meta property=\"og:type\" content=\"article\" \/>\n<meta property=\"og:title\" content=\"Antalya&#039;da 460 yeni proje yolda!\" \/>\n<meta property=\"og:description\" content=\"Antalya&#8217;da y\u0131l\u0131n ikinci \u0130l Koordinasyon Kurulu Toplant\u0131s\u0131, Vali Hulusi \u015eahin ba\u015fkanl\u0131\u011f\u0131nda Milli E\u011fitim M\u00fcd\u00fcrl\u00fc\u011f\u00fc&#8217;nde ger\u00e7ekle\u015ftirildi. Yat\u0131r\u0131mlar\u0131n seyri, \u00e7evresel sorunlar, ula\u015f\u0131m altyap\u0131s\u0131 ve g\u0131da g\u00fcvenli\u011fi gibi ba\u015fl\u0131klarda yap\u0131lan sunumlarda, \u015fehrin gelece\u011fine y\u00f6n verecek kritik de\u011ferlendirmeler ve projeksiyonlar masaya yat\u0131r\u0131ld\u0131. Toplant\u0131da Antalya Valili\u011fi, bilim kurulu ve ilgili kamu kurumlar\u0131n\u0131n sahadaki duruma dair g\u00fcncel verileri payla\u015f\u0131ld\u0131. &#8220;460 PROJEN\u0130N 362 ADET\u0130 GENEL VE \u00d6ZEL B\u00dcT\u00c7EL\u0130 KURULU\u015eLARLA, 134 ADET\u0130 \u0130SE BELED\u0130YE \u0130MKANLARIYLA Y\u00dcR\u00dcT\u00dcL\u00dcYOR&#8221; Vali Hulusi \u015eahin, Antalya \u0130l Koordinasyon Kurulu Toplant\u0131s\u0131&#8217;nda yapt\u0131\u011f\u0131 konu\u015fmada, il genelindeki yat\u0131r\u0131mlara ve projelerin mevcut durumuna ili\u015fkin detayl\u0131 bilgi verdi. Vali \u015eahin, 2025 y\u0131l\u0131 Mart ay\u0131 sonu itibar\u0131yla Antalya&#8217;da toplam 460 proje \u00fczerinde \u00e7al\u0131\u015fmalar y\u00fcr\u00fct\u00fcld\u00fc\u011f\u00fcn\u00fc belirtti. Bu projelerin 326 adedinin genel ve \u00f6zel b\u00fct\u00e7eli kurulu\u015flarca, 134 adedinin ise belediyelerin imkanlar\u0131yla y\u00fcr\u00fct\u00fcld\u00fc\u011f\u00fcn\u00fc ifade etti. PROJELER\u0130N TOPLAM BEDEL\u0130 147 M\u0130LYAR L\u0130RAYI A\u015eTI Vali \u015eahin, s\u00f6z konusu projelerin toplam bedelinin 147 milyar 398 milyon lira oldu\u011funu, 2025 y\u0131l\u0131 \u00f6deneklerinin ise 25 milyar 372 milyon lira olarak belirlendi\u011fini kaydetti. Mart ay\u0131 sonu itibar\u0131yla 4 milyar 207 milyon liral\u0131k harcama yap\u0131ld\u0131\u011f\u0131n\u0131 ve y\u00fczde 17 nakdi ger\u00e7ekle\u015fme oran\u0131na ula\u015f\u0131ld\u0131\u011f\u0131n\u0131 s\u00f6yledi. Genel ve \u00f6zel b\u00fct\u00e7eli kurulu\u015flarca y\u00fcr\u00fct\u00fclen 326 projenin toplam bedelinin 129 milyar 810 milyon lira oldu\u011funu aktaran \u015eahin, 2025 y\u0131l\u0131 i\u00e7in bu projelere ayr\u0131lan \u00f6denek tutar\u0131n\u0131n 16 &hellip;\" \/>\n<meta property=\"og:url\" content=\"https:\/\/denizcankizil.tr\/en\/haberler\/gundem\/antalyada-460-yeni-proje-yolda\/\" \/>\n<meta property=\"og:site_name\" content=\"Av. Deniz Can K\u0131z\u0131l\" \/>\n<meta property=\"article:published_time\" content=\"2025-04-29T19:41:21+00:00\" \/>\n<meta name=\"author\" content=\"Antalya K\u00f6rfez\" \/>\n<meta name=\"twitter:card\" content=\"summary_large_image\" \/>\n<meta name=\"twitter:label1\" content=\"Written by\" \/>\n\t<meta name=\"twitter:data1\" content=\"Antalya K\u00f6rfez\" \/>\n\t<meta name=\"twitter:label2\" content=\"Estimated reading time\" \/>\n\t<meta name=\"twitter:data2\" content=\"14 minutes\" \/>\n<script type=\"application\/ld+json\" class=\"yoast-schema-graph\">{\"@context\":\"https:\/\/schema.org\",\"@graph\":[{\"@type\":\"Article\",\"@id\":\"https:\/\/denizcankizil.tr\/en\/haberler\/gundem\/antalyada-460-yeni-proje-yolda\/#article\",\"isPartOf\":{\"@id\":\"https:\/\/denizcankizil.tr\/en\/haberler\/gundem\/antalyada-460-yeni-proje-yolda\/\"},\"author\":{\"name\":\"Antalya K\u00f6rfez\",\"@id\":\"https:\/\/denizcankizil.tr\/#\/schema\/person\/e1eb71bb4dd684d46563f0af307e1234\"},\"headline\":\"Antalya&#8217;da 460 yeni proje yolda!\",\"datePublished\":\"2025-04-29T19:41:21+00:00\",\"mainEntityOfPage\":{\"@id\":\"https:\/\/denizcankizil.tr\/en\/haberler\/gundem\/antalyada-460-yeni-proje-yolda\/\"},\"wordCount\":2803,\"publisher\":{\"@id\":\"https:\/\/denizcankizil.tr\/#organization\"},\"articleSection\":[\"G\u00fcndem\"],\"inLanguage\":\"en-GB\"},{\"@type\":\"WebPage\",\"@id\":\"https:\/\/denizcankizil.tr\/en\/haberler\/gundem\/antalyada-460-yeni-proje-yolda\/\",\"url\":\"https:\/\/denizcankizil.tr\/en\/haberler\/gundem\/antalyada-460-yeni-proje-yolda\/\",\"name\":\"Antalya'da 460 yeni proje yolda! - Av. Deniz Can K\u0131z\u0131l\",\"isPartOf\":{\"@id\":\"https:\/\/denizcankizil.tr\/#website\"},\"datePublished\":\"2025-04-29T19:41:21+00:00\",\"breadcrumb\":{\"@id\":\"https:\/\/denizcankizil.tr\/en\/haberler\/gundem\/antalyada-460-yeni-proje-yolda\/#breadcrumb\"},\"inLanguage\":\"en-GB\",\"potentialAction\":[{\"@type\":\"ReadAction\",\"target\":[\"https:\/\/denizcankizil.tr\/en\/haberler\/gundem\/antalyada-460-yeni-proje-yolda\/\"]}]},{\"@type\":\"BreadcrumbList\",\"@id\":\"https:\/\/denizcankizil.tr\/en\/haberler\/gundem\/antalyada-460-yeni-proje-yolda\/#breadcrumb\",\"itemListElement\":[{\"@type\":\"ListItem\",\"position\":1,\"name\":\"Home\",\"item\":\"https:\/\/denizcankizil.tr\/de\/\"},{\"@type\":\"ListItem\",\"position\":2,\"name\":\"Antalya&#8217;da 460 yeni proje yolda!\"}]},{\"@type\":\"WebSite\",\"@id\":\"https:\/\/denizcankizil.tr\/#website\",\"url\":\"https:\/\/denizcankizil.tr\/\",\"name\":\"Av. Deniz Can K\u0131z\u0131l\",\"description\":\"Avukat Deniz Can K\u0131z\u0131l Antalya Barosu\",\"publisher\":{\"@id\":\"https:\/\/denizcankizil.tr\/#organization\"},\"potentialAction\":[{\"@type\":\"SearchAction\",\"target\":{\"@type\":\"EntryPoint\",\"urlTemplate\":\"https:\/\/denizcankizil.tr\/?s={search_term_string}\"},\"query-input\":{\"@type\":\"PropertyValueSpecification\",\"valueRequired\":true,\"valueName\":\"search_term_string\"}}],\"inLanguage\":\"en-GB\"},{\"@type\":\"Organization\",\"@id\":\"https:\/\/denizcankizil.tr\/#organization\",\"name\":\"Av. Deniz Can K\u0131z\u0131l\",\"url\":\"https:\/\/denizcankizil.tr\/\",\"logo\":{\"@type\":\"ImageObject\",\"inLanguage\":\"en-GB\",\"@id\":\"https:\/\/denizcankizil.tr\/#\/schema\/logo\/image\/\",\"url\":\"https:\/\/denizcankizil.tr\/wp-content\/uploads\/2024\/10\/siyah-logo-svg.svg\",\"contentUrl\":\"https:\/\/denizcankizil.tr\/wp-content\/uploads\/2024\/10\/siyah-logo-svg.svg\",\"width\":1080,\"height\":1080,\"caption\":\"Av. Deniz Can K\u0131z\u0131l\"},\"image\":{\"@id\":\"https:\/\/denizcankizil.tr\/#\/schema\/logo\/image\/\"}},{\"@type\":\"Person\",\"@id\":\"https:\/\/denizcankizil.tr\/#\/schema\/person\/e1eb71bb4dd684d46563f0af307e1234\",\"name\":\"Antalya K\u00f6rfez\",\"image\":{\"@type\":\"ImageObject\",\"inLanguage\":\"en-GB\",\"@id\":\"https:\/\/denizcankizil.tr\/#\/schema\/person\/image\/\",\"url\":\"https:\/\/secure.gravatar.com\/avatar\/42b01982558a48a0b501fdcab6a408d3717ea5919095ee2e67b0e521799c5905?s=96&d=mm&r=g\",\"contentUrl\":\"https:\/\/secure.gravatar.com\/avatar\/42b01982558a48a0b501fdcab6a408d3717ea5919095ee2e67b0e521799c5905?s=96&d=mm&r=g\",\"caption\":\"Antalya K\u00f6rfez\"},\"sameAs\":[\"http:\/\/www.antalyakorfez.com\"],\"url\":\"https:\/\/www.antalyakorfez.com\/antalyada-460-yeni-proje-yolda\"}]}<\/script>\n<!-- \/ Yoast SEO Premium plugin. -->","yoast_head_json":{"title":"Antalya'da 460 yeni proje yolda! - Av. Deniz Can K\u0131z\u0131l","robots":{"index":"index","follow":"follow","max-snippet":"max-snippet:-1","max-image-preview":"max-image-preview:large","max-video-preview":"max-video-preview:-1"},"canonical":"https:\/\/denizcankizil.tr\/en\/haberler\/gundem\/antalyada-460-yeni-proje-yolda\/","og_locale":"en_GB","og_type":"article","og_title":"Antalya'da 460 yeni proje yolda!","og_description":"Antalya&#8217;da y\u0131l\u0131n ikinci \u0130l Koordinasyon Kurulu Toplant\u0131s\u0131, Vali Hulusi \u015eahin ba\u015fkanl\u0131\u011f\u0131nda Milli E\u011fitim M\u00fcd\u00fcrl\u00fc\u011f\u00fc&#8217;nde ger\u00e7ekle\u015ftirildi. Yat\u0131r\u0131mlar\u0131n seyri, \u00e7evresel sorunlar, ula\u015f\u0131m altyap\u0131s\u0131 ve g\u0131da g\u00fcvenli\u011fi gibi ba\u015fl\u0131klarda yap\u0131lan sunumlarda, \u015fehrin gelece\u011fine y\u00f6n verecek kritik de\u011ferlendirmeler ve projeksiyonlar masaya yat\u0131r\u0131ld\u0131. Toplant\u0131da Antalya Valili\u011fi, bilim kurulu ve ilgili kamu kurumlar\u0131n\u0131n sahadaki duruma dair g\u00fcncel verileri payla\u015f\u0131ld\u0131. &#8220;460 PROJEN\u0130N 362 ADET\u0130 GENEL VE \u00d6ZEL B\u00dcT\u00c7EL\u0130 KURULU\u015eLARLA, 134 ADET\u0130 \u0130SE BELED\u0130YE \u0130MKANLARIYLA Y\u00dcR\u00dcT\u00dcL\u00dcYOR&#8221; Vali Hulusi \u015eahin, Antalya \u0130l Koordinasyon Kurulu Toplant\u0131s\u0131&#8217;nda yapt\u0131\u011f\u0131 konu\u015fmada, il genelindeki yat\u0131r\u0131mlara ve projelerin mevcut durumuna ili\u015fkin detayl\u0131 bilgi verdi. Vali \u015eahin, 2025 y\u0131l\u0131 Mart ay\u0131 sonu itibar\u0131yla Antalya&#8217;da toplam 460 proje \u00fczerinde \u00e7al\u0131\u015fmalar y\u00fcr\u00fct\u00fcld\u00fc\u011f\u00fcn\u00fc belirtti. Bu projelerin 326 adedinin genel ve \u00f6zel b\u00fct\u00e7eli kurulu\u015flarca, 134 adedinin ise belediyelerin imkanlar\u0131yla y\u00fcr\u00fct\u00fcld\u00fc\u011f\u00fcn\u00fc ifade etti. PROJELER\u0130N TOPLAM BEDEL\u0130 147 M\u0130LYAR L\u0130RAYI A\u015eTI Vali \u015eahin, s\u00f6z konusu projelerin toplam bedelinin 147 milyar 398 milyon lira oldu\u011funu, 2025 y\u0131l\u0131 \u00f6deneklerinin ise 25 milyar 372 milyon lira olarak belirlendi\u011fini kaydetti. Mart ay\u0131 sonu itibar\u0131yla 4 milyar 207 milyon liral\u0131k harcama yap\u0131ld\u0131\u011f\u0131n\u0131 ve y\u00fczde 17 nakdi ger\u00e7ekle\u015fme oran\u0131na ula\u015f\u0131ld\u0131\u011f\u0131n\u0131 s\u00f6yledi. Genel ve \u00f6zel b\u00fct\u00e7eli kurulu\u015flarca y\u00fcr\u00fct\u00fclen 326 projenin toplam bedelinin 129 milyar 810 milyon lira oldu\u011funu aktaran \u015eahin, 2025 y\u0131l\u0131 i\u00e7in bu projelere ayr\u0131lan \u00f6denek tutar\u0131n\u0131n 16 &hellip;","og_url":"https:\/\/denizcankizil.tr\/en\/haberler\/gundem\/antalyada-460-yeni-proje-yolda\/","og_site_name":"Av. Deniz Can K\u0131z\u0131l","article_published_time":"2025-04-29T19:41:21+00:00","author":"Antalya K\u00f6rfez","twitter_card":"summary_large_image","twitter_misc":{"Written by":"Antalya K\u00f6rfez","Estimated reading time":"14 minutes"},"schema":{"@context":"https:\/\/schema.org","@graph":[{"@type":"Article","@id":"https:\/\/denizcankizil.tr\/en\/haberler\/gundem\/antalyada-460-yeni-proje-yolda\/#article","isPartOf":{"@id":"https:\/\/denizcankizil.tr\/en\/haberler\/gundem\/antalyada-460-yeni-proje-yolda\/"},"author":{"name":"Antalya K\u00f6rfez","@id":"https:\/\/denizcankizil.tr\/#\/schema\/person\/e1eb71bb4dd684d46563f0af307e1234"},"headline":"Antalya&#8217;da 460 yeni proje yolda!","datePublished":"2025-04-29T19:41:21+00:00","mainEntityOfPage":{"@id":"https:\/\/denizcankizil.tr\/en\/haberler\/gundem\/antalyada-460-yeni-proje-yolda\/"},"wordCount":2803,"publisher":{"@id":"https:\/\/denizcankizil.tr\/#organization"},"articleSection":["G\u00fcndem"],"inLanguage":"en-GB"},{"@type":"WebPage","@id":"https:\/\/denizcankizil.tr\/en\/haberler\/gundem\/antalyada-460-yeni-proje-yolda\/","url":"https:\/\/denizcankizil.tr\/en\/haberler\/gundem\/antalyada-460-yeni-proje-yolda\/","name":"Antalya'da 460 yeni proje yolda! - Av. Deniz Can K\u0131z\u0131l","isPartOf":{"@id":"https:\/\/denizcankizil.tr\/#website"},"datePublished":"2025-04-29T19:41:21+00:00","breadcrumb":{"@id":"https:\/\/denizcankizil.tr\/en\/haberler\/gundem\/antalyada-460-yeni-proje-yolda\/#breadcrumb"},"inLanguage":"en-GB","potentialAction":[{"@type":"ReadAction","target":["https:\/\/denizcankizil.tr\/en\/haberler\/gundem\/antalyada-460-yeni-proje-yolda\/"]}]},{"@type":"BreadcrumbList","@id":"https:\/\/denizcankizil.tr\/en\/haberler\/gundem\/antalyada-460-yeni-proje-yolda\/#breadcrumb","itemListElement":[{"@type":"ListItem","position":1,"name":"Home","item":"https:\/\/denizcankizil.tr\/de\/"},{"@type":"ListItem","position":2,"name":"Antalya&#8217;da 460 yeni proje yolda!"}]},{"@type":"WebSite","@id":"https:\/\/denizcankizil.tr\/#website","url":"https:\/\/denizcankizil.tr\/","name":"Av. Deniz Can K\u0131z\u0131l","description":"Avukat Deniz Can K\u0131z\u0131l Antalya Barosu","publisher":{"@id":"https:\/\/denizcankizil.tr\/#organization"},"potentialAction":[{"@type":"SearchAction","target":{"@type":"EntryPoint","urlTemplate":"https:\/\/denizcankizil.tr\/?s={search_term_string}"},"query-input":{"@type":"PropertyValueSpecification","valueRequired":true,"valueName":"search_term_string"}}],"inLanguage":"en-GB"},{"@type":"Organization","@id":"https:\/\/denizcankizil.tr\/#organization","name":"Av. Deniz Can K\u0131z\u0131l","url":"https:\/\/denizcankizil.tr\/","logo":{"@type":"ImageObject","inLanguage":"en-GB","@id":"https:\/\/denizcankizil.tr\/#\/schema\/logo\/image\/","url":"https:\/\/denizcankizil.tr\/wp-content\/uploads\/2024\/10\/siyah-logo-svg.svg","contentUrl":"https:\/\/denizcankizil.tr\/wp-content\/uploads\/2024\/10\/siyah-logo-svg.svg","width":1080,"height":1080,"caption":"Av. Deniz Can K\u0131z\u0131l"},"image":{"@id":"https:\/\/denizcankizil.tr\/#\/schema\/logo\/image\/"}},{"@type":"Person","@id":"https:\/\/denizcankizil.tr\/#\/schema\/person\/e1eb71bb4dd684d46563f0af307e1234","name":"Antalya K\u00f6rfez","image":{"@type":"ImageObject","inLanguage":"en-GB","@id":"https:\/\/denizcankizil.tr\/#\/schema\/person\/image\/","url":"https:\/\/secure.gravatar.com\/avatar\/42b01982558a48a0b501fdcab6a408d3717ea5919095ee2e67b0e521799c5905?s=96&d=mm&r=g","contentUrl":"https:\/\/secure.gravatar.com\/avatar\/42b01982558a48a0b501fdcab6a408d3717ea5919095ee2e67b0e521799c5905?s=96&d=mm&r=g","caption":"Antalya K\u00f6rfez"},"sameAs":["http:\/\/www.antalyakorfez.com"],"url":"https:\/\/www.antalyakorfez.com\/antalyada-460-yeni-proje-yolda"}]}},"_links":{"self":[{"href":"https:\/\/denizcankizil.tr\/en\/wp-json\/wp\/v2\/posts\/70705","targetHints":{"allow":["GET"]}}],"collection":[{"href":"https:\/\/denizcankizil.tr\/en\/wp-json\/wp\/v2\/posts"}],"about":[{"href":"https:\/\/denizcankizil.tr\/en\/wp-json\/wp\/v2\/types\/post"}],"author":[{"embeddable":true,"href":"https:\/\/denizcankizil.tr\/en\/wp-json\/wp\/v2\/users\/5"}],"replies":[{"embeddable":true,"href":"https:\/\/denizcankizil.tr\/en\/wp-json\/wp\/v2\/comments?post=70705"}],"version-history":[{"count":0,"href":"https:\/\/denizcankizil.tr\/en\/wp-json\/wp\/v2\/posts\/70705\/revisions"}],"wp:attachment":[{"href":"https:\/\/denizcankizil.tr\/en\/wp-json\/wp\/v2\/media?parent=70705"}],"wp:term":[{"taxonomy":"category","embeddable":true,"href":"https:\/\/denizcankizil.tr\/en\/wp-json\/wp\/v2\/categories?post=70705"},{"taxonomy":"post_tag","embeddable":true,"href":"https:\/\/denizcankizil.tr\/en\/wp-json\/wp\/v2\/tags?post=70705"}],"curies":[{"name":"wp","href":"https:\/\/api.w.org\/{rel}","templated":true}]}}