{"id":70703,"date":"2025-04-29T22:41:19","date_gmt":"2025-04-29T19:41:19","guid":{"rendered":"https:\/\/denizcankizil.tr\/uncategorized-tr\/ayse-barim-hakkinda-agir-suclama-30-yila-kadar-hapis-istemi\/"},"modified":"2025-04-29T22:41:19","modified_gmt":"2025-04-29T19:41:19","slug":"ayse-barim-hakkinda-agir-suclama-30-yila-kadar-hapis-istemi","status":"publish","type":"post","link":"https:\/\/denizcankizil.tr\/en\/haberler\/gundem\/ayse-barim-hakkinda-agir-suclama-30-yila-kadar-hapis-istemi\/","title":{"rendered":"Ay\u015fe Bar\u0131m hakk\u0131nda a\u011f\u0131r su\u00e7lama: 30 y\u0131la kadar hapis istemi!"},"content":{"rendered":"<p>\u0130stanbul Cumhuriyet Ba\u015fsavc\u0131l\u0131\u011f\u0131, menajer Ay\u015fe Bar\u0131m&#8217;\u0131n 2013 y\u0131l\u0131nda Taksim Gezi Park\u0131 eylemlerine kat\u0131ld\u0131\u011f\u0131na dair sosyal medyada yer alan iddialar \u00fczerine ba\u015flatt\u0131\u011f\u0131 soru\u015fturmay\u0131 tamamlad\u0131. \u0130stanbul Cumhuriyet Ba\u015fsavc\u0131l\u0131\u011f\u0131n haz\u0131rlad\u0131\u011f\u0131 171 sayfal\u0131k iddianamede, tutuklu Ay\u015fe Bar\u0131m&#8217;\u0131n &#8220;cebir ve \u015fiddet kullanarak T\u00fcrkiye Cumhuriyeti H\u00fck\u00fcmetini ortadan kald\u0131rmaya veya g\u00f6revlerini yapmas\u0131n\u0131 k\u0131smen veya tamamen engellemeye te\u015febb\u00fcse yard\u0131m etme&#8221; su\u00e7undan 22 y\u0131l 6 aydan 30 y\u0131la kadar hapsi istendi. \u0130ddianame, \u0130stanbul 26. A\u011f\u0131r Ceza Mahkemesi&#8217;ne g\u00f6nderildi.<\/p>\n<p>\u0130DD\u0130ANAMEDE, BARIM&#8217;IN \u00c7\u0130\u011eDEM MATER UTKU, OSMAN KAVALA VE MEHMET AL\u0130 ALABORA \u0130LE G\u00d6R\u00dc\u015eMELER\u0130NE YER VER\u0130LD\u0130 <\/p>\n<p>\u0130ddianamenin ilk b\u00f6l\u00fcm\u00fcnde, Gezi Park\u0131 olaylar\u0131n\u0131n geli\u015fim s\u00fcreci ve \u015f\u00fcpheli Emine Ay\u015fe Bar\u0131m\u2019\u0131n organizat\u00f6r olarak ili\u015fkide bulundu\u011fu ki\u015filerin yarg\u0131 s\u00fcrecindeki konumlar\u0131na yer verildi. \u0130kinci b\u00f6l\u00fcmde, Bar\u0131m&#8217;\u0131n eylemleri ve sahadaki \u015fiddet olaylar\u0131na etkisi anlat\u0131ld\u0131. Son b\u00f6l\u00fcmde ise ya\u015fanan \u015fiddet olaylar\u0131yla ilgili tespitler do\u011frultusunda hukuki de\u011ferlendirmelere yer verildi.<\/p>\n<p>\u0130ddianamede, Bar\u0131m&#8217;\u0131n Gezi Park\u0131 eylemlerine kat\u0131ld\u0131\u011f\u0131na dair g\u00f6r\u00fcnt\u00fcler ile dava kapsam\u0131nda h\u00fck\u00fcm giyen \u00c7i\u011fdem Mater Utku ve Osman Kavala ile firari Mehmet Ali Alabora aras\u0131ndaki telefon g\u00f6r\u00fc\u015fmeleri, mesajla\u015fmalar ve HTS kay\u0131tlar\u0131na yer verildi. \u0130ddianamede, Bar\u0131m\u2019\u0131n silahl\u0131 ter\u00f6r \u00f6rg\u00fct\u00fc y\u00f6neticisi ve \u00fcyeli\u011finden i\u015flem g\u00f6ren ki\u015filerle irtibat kurdu\u011fu, ayr\u0131ca menajerlik \u015firketi arac\u0131l\u0131\u011f\u0131yla sanat\u00e7\u0131lar\u0131 Gezi Park\u0131 olaylar\u0131na y\u00f6nlendirdi\u011fi \u00f6ne s\u00fcr\u00fcld\u00fc.<\/p>\n<p>&#8220;GEZ\u0130 PARKI OLAYLARI KEND\u0130L\u0130\u011e\u0130NDEN GEL\u0130\u015eMED\u0130, PLANLI VE \u00d6RG\u00dcTL\u00dc \u015eEK\u0130LDE Y\u00dcR\u00dcT\u00dcLD\u00dc&#8221;<\/p>\n<p>\u0130ddianamede Ay\u015fe Bar\u0131m hakk\u0131nda yap\u0131lan hukuki de\u011ferlendirmede, Gezi Park\u0131 olaylar\u0131n\u0131n kendili\u011finden geli\u015fmedi\u011fi, planl\u0131 ve \u00f6rg\u00fctl\u00fc \u015fekilde y\u00fcr\u00fct\u00fcld\u00fc\u011f\u00fc vurguland\u0131. Bar\u0131m\u2019\u0131n, halk\u0131n sempatisini kazanma potansiyeli y\u00fcksek sanat\u00e7\u0131 ve oyuncular ad\u0131na sosyal medya ve sahada planlama, organizasyon ve y\u00f6nlendirme faaliyetlerinde bulundu\u011fu belirtildi.<\/p>\n<p>Bar\u0131m\u2019\u0131n, Gezi Park\u0131 olaylar\u0131 \u00f6ncesinde ana akt\u00f6rlerle herhangi bir HTS ba\u011flant\u0131s\u0131 bulunmazken, olaylar\u0131n haz\u0131rl\u0131k ve ba\u015flang\u0131\u00e7 s\u00fcrecinde bu ki\u015filerle s\u0131k s\u0131k ve sistemli \u015fekilde ileti\u015fim kurdu\u011fu kaydedildi. Bu g\u00f6r\u00fc\u015fmelerin tesad\u00fcfi say\u0131lamayaca\u011f\u0131 ifade edildi. G\u00f6r\u00fcn\u00fc\u015fte demokratik hak ve protesto olarak sunulan eylemlerin, asl\u0131nda T\u00fcrkiye genelinde kaos ve karga\u015fa yaratma, h\u00fck\u00fcmeti devirmeye ya da g\u00f6revini engellemeye y\u00f6nelik bir kalk\u0131\u015fma amac\u0131 ta\u015f\u0131d\u0131\u011f\u0131na dikkat \u00e7ekildi.<\/p>\n<p>Ba\u015fsavc\u0131l\u0131k, \u015f\u00fcpheli Ay\u015fe Bar\u0131m&#8217;\u0131n &#8220;T\u00fcrkiye Cumhuriyeti H\u00fck\u00fcmetini Ortadan Kald\u0131rmaya veya G\u00f6revini Yapmas\u0131n\u0131 Engellemeye Te\u015febb\u00fcs etmeye&#8221; su\u00e7unu i\u015fledi\u011fine kanaat getirildi\u011fini belirterek, 22 y\u0131l 6 aydan 30 y\u0131la kadar hapisle cezaland\u0131r\u0131lmas\u0131n\u0131 talep etti.<\/p>\n<p>\u200bGezi Park\u0131 eylemlerine kat\u0131ld\u0131\u011f\u0131 gerek\u00e7esiyle tutuklanan menajer Ay\u015fe Bar\u0131m hakk\u0131nda &#8220;h\u00fck\u00fcmeti ortadan kald\u0131rmaya te\u015febb\u00fcse yard\u0131m&#8221; su\u00e7lamas\u0131yla 22 y\u0131l 6 aydan 30 y\u0131la kadar hapis istemiyle iddianame haz\u0131rland\u0131\u00a0<\/p>\n<p>\u200bHaberin Al\u0131nt\u0131land\u0131\u011f\u0131 Kaynak: www.antalyakorfez.com<\/p>","protected":false},"excerpt":{"rendered":"<p>\u0130stanbul Cumhuriyet Ba\u015fsavc\u0131l\u0131\u011f\u0131, menajer Ay\u015fe Bar\u0131m&#8217;\u0131n 2013 y\u0131l\u0131nda Taksim Gezi Park\u0131 eylemlerine kat\u0131ld\u0131\u011f\u0131na dair sosyal medyada yer alan iddialar \u00fczerine ba\u015flatt\u0131\u011f\u0131 soru\u015fturmay\u0131 tamamlad\u0131. \u0130stanbul Cumhuriyet Ba\u015fsavc\u0131l\u0131\u011f\u0131n haz\u0131rlad\u0131\u011f\u0131 171 sayfal\u0131k iddianamede, tutuklu Ay\u015fe Bar\u0131m&#8217;\u0131n &#8220;cebir ve \u015fiddet kullanarak T\u00fcrkiye Cumhuriyeti H\u00fck\u00fcmetini ortadan kald\u0131rmaya veya g\u00f6revlerini yapmas\u0131n\u0131 k\u0131smen veya tamamen engellemeye te\u015febb\u00fcse yard\u0131m etme&#8221; su\u00e7undan 22 y\u0131l 6 aydan 30 y\u0131la kadar hapsi istendi. \u0130ddianame, \u0130stanbul 26. A\u011f\u0131r Ceza Mahkemesi&#8217;ne g\u00f6nderildi. \u0130DD\u0130ANAMEDE, BARIM&#8217;IN \u00c7\u0130\u011eDEM MATER UTKU, OSMAN KAVALA VE MEHMET AL\u0130 ALABORA \u0130LE G\u00d6R\u00dc\u015eMELER\u0130NE YER VER\u0130LD\u0130 \u0130ddianamenin ilk b\u00f6l\u00fcm\u00fcnde, Gezi Park\u0131 olaylar\u0131n\u0131n geli\u015fim s\u00fcreci ve \u015f\u00fcpheli Emine Ay\u015fe Bar\u0131m\u2019\u0131n organizat\u00f6r olarak ili\u015fkide bulundu\u011fu ki\u015filerin yarg\u0131 s\u00fcrecindeki konumlar\u0131na yer verildi. \u0130kinci b\u00f6l\u00fcmde, Bar\u0131m&#8217;\u0131n eylemleri ve sahadaki \u015fiddet olaylar\u0131na etkisi anlat\u0131ld\u0131. Son b\u00f6l\u00fcmde ise ya\u015fanan \u015fiddet olaylar\u0131yla ilgili tespitler do\u011frultusunda hukuki de\u011ferlendirmelere yer verildi. \u0130ddianamede, Bar\u0131m&#8217;\u0131n Gezi Park\u0131 eylemlerine kat\u0131ld\u0131\u011f\u0131na dair g\u00f6r\u00fcnt\u00fcler ile dava kapsam\u0131nda h\u00fck\u00fcm giyen \u00c7i\u011fdem Mater Utku ve Osman Kavala ile firari Mehmet Ali Alabora aras\u0131ndaki telefon g\u00f6r\u00fc\u015fmeleri, mesajla\u015fmalar ve HTS kay\u0131tlar\u0131na yer verildi. \u0130ddianamede, Bar\u0131m\u2019\u0131n silahl\u0131 ter\u00f6r \u00f6rg\u00fct\u00fc y\u00f6neticisi ve \u00fcyeli\u011finden i\u015flem g\u00f6ren ki\u015filerle irtibat kurdu\u011fu, ayr\u0131ca menajerlik \u015firketi arac\u0131l\u0131\u011f\u0131yla sanat\u00e7\u0131lar\u0131 Gezi Park\u0131 olaylar\u0131na y\u00f6nlendirdi\u011fi \u00f6ne s\u00fcr\u00fcld\u00fc. &#8220;GEZ\u0130 PARKI OLAYLARI KEND\u0130L\u0130\u011e\u0130NDEN GEL\u0130\u015eMED\u0130, PLANLI VE \u00d6RG\u00dcTL\u00dc \u015eEK\u0130LDE Y\u00dcR\u00dcT\u00dcLD\u00dc&#8221; \u0130ddianamede Ay\u015fe Bar\u0131m &hellip;<\/p>","protected":false},"author":5,"featured_media":0,"comment_status":"","ping_status":"open","sticky":false,"template":"","format":"standard","meta":{"_acf_changed":false,"footnotes":""},"categories":[24],"tags":[],"class_list":["post-70703","post","type-post","status-publish","format-standard","has-post-thumbnail","hentry","category-gundem"],"acf":[],"yoast_head":"<!-- This site is optimized with the Yoast SEO Premium plugin v26.6 (Yoast SEO v27.1.1) - https:\/\/yoast.com\/product\/yoast-seo-premium-wordpress\/ -->\n<title>Ay\u015fe Bar\u0131m hakk\u0131nda a\u011f\u0131r su\u00e7lama: 30 y\u0131la kadar hapis istemi! - Av. Deniz Can K\u0131z\u0131l<\/title>\n<meta name=\"robots\" content=\"index, follow, max-snippet:-1, max-image-preview:large, max-video-preview:-1\" \/>\n<link rel=\"canonical\" href=\"http:\/\/denizcankizil.tr\/en\/haberler\/gundem\/ayse-barim-hakkinda-agir-suclama-30-yila-kadar-hapis-istemi\/\" \/>\n<meta property=\"og:locale\" content=\"en_GB\" \/>\n<meta property=\"og:type\" content=\"article\" \/>\n<meta property=\"og:title\" content=\"Ay\u015fe Bar\u0131m hakk\u0131nda a\u011f\u0131r su\u00e7lama: 30 y\u0131la kadar hapis istemi!\" \/>\n<meta property=\"og:description\" content=\"\u0130stanbul Cumhuriyet Ba\u015fsavc\u0131l\u0131\u011f\u0131, menajer Ay\u015fe Bar\u0131m&#8217;\u0131n 2013 y\u0131l\u0131nda Taksim Gezi Park\u0131 eylemlerine kat\u0131ld\u0131\u011f\u0131na dair sosyal medyada yer alan iddialar \u00fczerine ba\u015flatt\u0131\u011f\u0131 soru\u015fturmay\u0131 tamamlad\u0131. \u0130stanbul Cumhuriyet Ba\u015fsavc\u0131l\u0131\u011f\u0131n haz\u0131rlad\u0131\u011f\u0131 171 sayfal\u0131k iddianamede, tutuklu Ay\u015fe Bar\u0131m&#8217;\u0131n &#8220;cebir ve \u015fiddet kullanarak T\u00fcrkiye Cumhuriyeti H\u00fck\u00fcmetini ortadan kald\u0131rmaya veya g\u00f6revlerini yapmas\u0131n\u0131 k\u0131smen veya tamamen engellemeye te\u015febb\u00fcse yard\u0131m etme&#8221; su\u00e7undan 22 y\u0131l 6 aydan 30 y\u0131la kadar hapsi istendi. \u0130ddianame, \u0130stanbul 26. A\u011f\u0131r Ceza Mahkemesi&#8217;ne g\u00f6nderildi. \u0130DD\u0130ANAMEDE, BARIM&#8217;IN \u00c7\u0130\u011eDEM MATER UTKU, OSMAN KAVALA VE MEHMET AL\u0130 ALABORA \u0130LE G\u00d6R\u00dc\u015eMELER\u0130NE YER VER\u0130LD\u0130 \u0130ddianamenin ilk b\u00f6l\u00fcm\u00fcnde, Gezi Park\u0131 olaylar\u0131n\u0131n geli\u015fim s\u00fcreci ve \u015f\u00fcpheli Emine Ay\u015fe Bar\u0131m\u2019\u0131n organizat\u00f6r olarak ili\u015fkide bulundu\u011fu ki\u015filerin yarg\u0131 s\u00fcrecindeki konumlar\u0131na yer verildi. \u0130kinci b\u00f6l\u00fcmde, Bar\u0131m&#8217;\u0131n eylemleri ve sahadaki \u015fiddet olaylar\u0131na etkisi anlat\u0131ld\u0131. Son b\u00f6l\u00fcmde ise ya\u015fanan \u015fiddet olaylar\u0131yla ilgili tespitler do\u011frultusunda hukuki de\u011ferlendirmelere yer verildi. \u0130ddianamede, Bar\u0131m&#8217;\u0131n Gezi Park\u0131 eylemlerine kat\u0131ld\u0131\u011f\u0131na dair g\u00f6r\u00fcnt\u00fcler ile dava kapsam\u0131nda h\u00fck\u00fcm giyen \u00c7i\u011fdem Mater Utku ve Osman Kavala ile firari Mehmet Ali Alabora aras\u0131ndaki telefon g\u00f6r\u00fc\u015fmeleri, mesajla\u015fmalar ve HTS kay\u0131tlar\u0131na yer verildi. \u0130ddianamede, Bar\u0131m\u2019\u0131n silahl\u0131 ter\u00f6r \u00f6rg\u00fct\u00fc y\u00f6neticisi ve \u00fcyeli\u011finden i\u015flem g\u00f6ren ki\u015filerle irtibat kurdu\u011fu, ayr\u0131ca menajerlik \u015firketi arac\u0131l\u0131\u011f\u0131yla sanat\u00e7\u0131lar\u0131 Gezi Park\u0131 olaylar\u0131na y\u00f6nlendirdi\u011fi \u00f6ne s\u00fcr\u00fcld\u00fc. &#8220;GEZ\u0130 PARKI OLAYLARI KEND\u0130L\u0130\u011e\u0130NDEN GEL\u0130\u015eMED\u0130, PLANLI VE \u00d6RG\u00dcTL\u00dc \u015eEK\u0130LDE Y\u00dcR\u00dcT\u00dcLD\u00dc&#8221; \u0130ddianamede Ay\u015fe Bar\u0131m &hellip;\" \/>\n<meta property=\"og:url\" content=\"http:\/\/denizcankizil.tr\/en\/haberler\/gundem\/ayse-barim-hakkinda-agir-suclama-30-yila-kadar-hapis-istemi\/\" \/>\n<meta property=\"og:site_name\" content=\"Av. Deniz Can K\u0131z\u0131l\" \/>\n<meta property=\"article:published_time\" content=\"2025-04-29T19:41:19+00:00\" \/>\n<meta name=\"author\" content=\"Antalya K\u00f6rfez\" \/>\n<meta name=\"twitter:card\" content=\"summary_large_image\" \/>\n<meta name=\"twitter:label1\" content=\"Written by\" \/>\n\t<meta name=\"twitter:data1\" content=\"Antalya K\u00f6rfez\" \/>\n\t<meta name=\"twitter:label2\" content=\"Estimated reading time\" \/>\n\t<meta name=\"twitter:data2\" content=\"3 minutes\" \/>\n<script type=\"application\/ld+json\" class=\"yoast-schema-graph\">{\"@context\":\"https:\/\/schema.org\",\"@graph\":[{\"@type\":\"Article\",\"@id\":\"http:\/\/denizcankizil.tr\/haberler\/gundem\/ayse-barim-hakkinda-agir-suclama-30-yila-kadar-hapis-istemi\/#article\",\"isPartOf\":{\"@id\":\"http:\/\/denizcankizil.tr\/haberler\/gundem\/ayse-barim-hakkinda-agir-suclama-30-yila-kadar-hapis-istemi\/\"},\"author\":{\"name\":\"Antalya K\u00f6rfez\",\"@id\":\"https:\/\/denizcankizil.tr\/de\/#\/schema\/person\/e1eb71bb4dd684d46563f0af307e1234\"},\"headline\":\"Ay\u015fe Bar\u0131m hakk\u0131nda a\u011f\u0131r su\u00e7lama: 30 y\u0131la kadar hapis istemi!\",\"datePublished\":\"2025-04-29T19:41:19+00:00\",\"mainEntityOfPage\":{\"@id\":\"http:\/\/denizcankizil.tr\/haberler\/gundem\/ayse-barim-hakkinda-agir-suclama-30-yila-kadar-hapis-istemi\/\"},\"wordCount\":571,\"publisher\":{\"@id\":\"https:\/\/denizcankizil.tr\/de\/#organization\"},\"articleSection\":[\"G\u00fcndem\"],\"inLanguage\":\"en-GB\"},{\"@type\":\"WebPage\",\"@id\":\"http:\/\/denizcankizil.tr\/haberler\/gundem\/ayse-barim-hakkinda-agir-suclama-30-yila-kadar-hapis-istemi\/\",\"url\":\"http:\/\/denizcankizil.tr\/haberler\/gundem\/ayse-barim-hakkinda-agir-suclama-30-yila-kadar-hapis-istemi\/\",\"name\":\"Ay\u015fe Bar\u0131m hakk\u0131nda a\u011f\u0131r su\u00e7lama: 30 y\u0131la kadar hapis istemi! - Av. Deniz Can K\u0131z\u0131l\",\"isPartOf\":{\"@id\":\"https:\/\/denizcankizil.tr\/de\/#website\"},\"datePublished\":\"2025-04-29T19:41:19+00:00\",\"breadcrumb\":{\"@id\":\"http:\/\/denizcankizil.tr\/haberler\/gundem\/ayse-barim-hakkinda-agir-suclama-30-yila-kadar-hapis-istemi\/#breadcrumb\"},\"inLanguage\":\"en-GB\",\"potentialAction\":[{\"@type\":\"ReadAction\",\"target\":[\"http:\/\/denizcankizil.tr\/haberler\/gundem\/ayse-barim-hakkinda-agir-suclama-30-yila-kadar-hapis-istemi\/\"]}]},{\"@type\":\"BreadcrumbList\",\"@id\":\"http:\/\/denizcankizil.tr\/haberler\/gundem\/ayse-barim-hakkinda-agir-suclama-30-yila-kadar-hapis-istemi\/#breadcrumb\",\"itemListElement\":[{\"@type\":\"ListItem\",\"position\":1,\"name\":\"Home\",\"item\":\"https:\/\/denizcankizil.tr\/de\/\"},{\"@type\":\"ListItem\",\"position\":2,\"name\":\"Ay\u015fe Bar\u0131m hakk\u0131nda a\u011f\u0131r su\u00e7lama: 30 y\u0131la kadar hapis istemi!\"}]},{\"@type\":\"WebSite\",\"@id\":\"https:\/\/denizcankizil.tr\/de\/#website\",\"url\":\"https:\/\/denizcankizil.tr\/de\/\",\"name\":\"Av. Deniz Can K\u0131z\u0131l\",\"description\":\"Avukat Deniz Can K\u0131z\u0131l Antalya Barosu\",\"publisher\":{\"@id\":\"https:\/\/denizcankizil.tr\/de\/#organization\"},\"potentialAction\":[{\"@type\":\"SearchAction\",\"target\":{\"@type\":\"EntryPoint\",\"urlTemplate\":\"https:\/\/denizcankizil.tr\/de\/?s={search_term_string}\"},\"query-input\":{\"@type\":\"PropertyValueSpecification\",\"valueRequired\":true,\"valueName\":\"search_term_string\"}}],\"inLanguage\":\"en-GB\"},{\"@type\":\"Organization\",\"@id\":\"https:\/\/denizcankizil.tr\/de\/#organization\",\"name\":\"Av. Deniz Can K\u0131z\u0131l\",\"url\":\"https:\/\/denizcankizil.tr\/de\/\",\"logo\":{\"@type\":\"ImageObject\",\"inLanguage\":\"en-GB\",\"@id\":\"https:\/\/denizcankizil.tr\/de\/#\/schema\/logo\/image\/\",\"url\":\"https:\/\/denizcankizil.tr\/wp-content\/uploads\/2024\/10\/siyah-logo-svg.svg\",\"contentUrl\":\"https:\/\/denizcankizil.tr\/wp-content\/uploads\/2024\/10\/siyah-logo-svg.svg\",\"width\":1080,\"height\":1080,\"caption\":\"Av. Deniz Can K\u0131z\u0131l\"},\"image\":{\"@id\":\"https:\/\/denizcankizil.tr\/de\/#\/schema\/logo\/image\/\"}},{\"@type\":\"Person\",\"@id\":\"https:\/\/denizcankizil.tr\/de\/#\/schema\/person\/e1eb71bb4dd684d46563f0af307e1234\",\"name\":\"Antalya K\u00f6rfez\",\"image\":{\"@type\":\"ImageObject\",\"inLanguage\":\"en-GB\",\"@id\":\"https:\/\/denizcankizil.tr\/de\/#\/schema\/person\/image\/\",\"url\":\"https:\/\/secure.gravatar.com\/avatar\/42b01982558a48a0b501fdcab6a408d3717ea5919095ee2e67b0e521799c5905?s=96&d=mm&r=g\",\"contentUrl\":\"https:\/\/secure.gravatar.com\/avatar\/42b01982558a48a0b501fdcab6a408d3717ea5919095ee2e67b0e521799c5905?s=96&d=mm&r=g\",\"caption\":\"Antalya K\u00f6rfez\"},\"sameAs\":[\"http:\/\/www.antalyakorfez.com\"],\"url\":\"https:\/\/www.antalyakorfez.com\/ayse-barim-hakkinda-agir-suclama-30-yila-kadar-hapis-istemi\"}]}<\/script>\n<!-- \/ Yoast SEO Premium plugin. -->","yoast_head_json":{"title":"Ay\u015fe Bar\u0131m hakk\u0131nda a\u011f\u0131r su\u00e7lama: 30 y\u0131la kadar hapis istemi! - Av. Deniz Can K\u0131z\u0131l","robots":{"index":"index","follow":"follow","max-snippet":"max-snippet:-1","max-image-preview":"max-image-preview:large","max-video-preview":"max-video-preview:-1"},"canonical":"http:\/\/denizcankizil.tr\/en\/haberler\/gundem\/ayse-barim-hakkinda-agir-suclama-30-yila-kadar-hapis-istemi\/","og_locale":"en_GB","og_type":"article","og_title":"Ay\u015fe Bar\u0131m hakk\u0131nda a\u011f\u0131r su\u00e7lama: 30 y\u0131la kadar hapis istemi!","og_description":"\u0130stanbul Cumhuriyet Ba\u015fsavc\u0131l\u0131\u011f\u0131, menajer Ay\u015fe Bar\u0131m&#8217;\u0131n 2013 y\u0131l\u0131nda Taksim Gezi Park\u0131 eylemlerine kat\u0131ld\u0131\u011f\u0131na dair sosyal medyada yer alan iddialar \u00fczerine ba\u015flatt\u0131\u011f\u0131 soru\u015fturmay\u0131 tamamlad\u0131. \u0130stanbul Cumhuriyet Ba\u015fsavc\u0131l\u0131\u011f\u0131n haz\u0131rlad\u0131\u011f\u0131 171 sayfal\u0131k iddianamede, tutuklu Ay\u015fe Bar\u0131m&#8217;\u0131n &#8220;cebir ve \u015fiddet kullanarak T\u00fcrkiye Cumhuriyeti H\u00fck\u00fcmetini ortadan kald\u0131rmaya veya g\u00f6revlerini yapmas\u0131n\u0131 k\u0131smen veya tamamen engellemeye te\u015febb\u00fcse yard\u0131m etme&#8221; su\u00e7undan 22 y\u0131l 6 aydan 30 y\u0131la kadar hapsi istendi. \u0130ddianame, \u0130stanbul 26. A\u011f\u0131r Ceza Mahkemesi&#8217;ne g\u00f6nderildi. \u0130DD\u0130ANAMEDE, BARIM&#8217;IN \u00c7\u0130\u011eDEM MATER UTKU, OSMAN KAVALA VE MEHMET AL\u0130 ALABORA \u0130LE G\u00d6R\u00dc\u015eMELER\u0130NE YER VER\u0130LD\u0130 \u0130ddianamenin ilk b\u00f6l\u00fcm\u00fcnde, Gezi Park\u0131 olaylar\u0131n\u0131n geli\u015fim s\u00fcreci ve \u015f\u00fcpheli Emine Ay\u015fe Bar\u0131m\u2019\u0131n organizat\u00f6r olarak ili\u015fkide bulundu\u011fu ki\u015filerin yarg\u0131 s\u00fcrecindeki konumlar\u0131na yer verildi. \u0130kinci b\u00f6l\u00fcmde, Bar\u0131m&#8217;\u0131n eylemleri ve sahadaki \u015fiddet olaylar\u0131na etkisi anlat\u0131ld\u0131. Son b\u00f6l\u00fcmde ise ya\u015fanan \u015fiddet olaylar\u0131yla ilgili tespitler do\u011frultusunda hukuki de\u011ferlendirmelere yer verildi. \u0130ddianamede, Bar\u0131m&#8217;\u0131n Gezi Park\u0131 eylemlerine kat\u0131ld\u0131\u011f\u0131na dair g\u00f6r\u00fcnt\u00fcler ile dava kapsam\u0131nda h\u00fck\u00fcm giyen \u00c7i\u011fdem Mater Utku ve Osman Kavala ile firari Mehmet Ali Alabora aras\u0131ndaki telefon g\u00f6r\u00fc\u015fmeleri, mesajla\u015fmalar ve HTS kay\u0131tlar\u0131na yer verildi. \u0130ddianamede, Bar\u0131m\u2019\u0131n silahl\u0131 ter\u00f6r \u00f6rg\u00fct\u00fc y\u00f6neticisi ve \u00fcyeli\u011finden i\u015flem g\u00f6ren ki\u015filerle irtibat kurdu\u011fu, ayr\u0131ca menajerlik \u015firketi arac\u0131l\u0131\u011f\u0131yla sanat\u00e7\u0131lar\u0131 Gezi Park\u0131 olaylar\u0131na y\u00f6nlendirdi\u011fi \u00f6ne s\u00fcr\u00fcld\u00fc. &#8220;GEZ\u0130 PARKI OLAYLARI KEND\u0130L\u0130\u011e\u0130NDEN GEL\u0130\u015eMED\u0130, PLANLI VE \u00d6RG\u00dcTL\u00dc \u015eEK\u0130LDE Y\u00dcR\u00dcT\u00dcLD\u00dc&#8221; \u0130ddianamede Ay\u015fe Bar\u0131m &hellip;","og_url":"http:\/\/denizcankizil.tr\/en\/haberler\/gundem\/ayse-barim-hakkinda-agir-suclama-30-yila-kadar-hapis-istemi\/","og_site_name":"Av. Deniz Can K\u0131z\u0131l","article_published_time":"2025-04-29T19:41:19+00:00","author":"Antalya K\u00f6rfez","twitter_card":"summary_large_image","twitter_misc":{"Written by":"Antalya K\u00f6rfez","Estimated reading time":"3 minutes"},"schema":{"@context":"https:\/\/schema.org","@graph":[{"@type":"Article","@id":"http:\/\/denizcankizil.tr\/haberler\/gundem\/ayse-barim-hakkinda-agir-suclama-30-yila-kadar-hapis-istemi\/#article","isPartOf":{"@id":"http:\/\/denizcankizil.tr\/haberler\/gundem\/ayse-barim-hakkinda-agir-suclama-30-yila-kadar-hapis-istemi\/"},"author":{"name":"Antalya K\u00f6rfez","@id":"https:\/\/denizcankizil.tr\/de\/#\/schema\/person\/e1eb71bb4dd684d46563f0af307e1234"},"headline":"Ay\u015fe Bar\u0131m hakk\u0131nda a\u011f\u0131r su\u00e7lama: 30 y\u0131la kadar hapis istemi!","datePublished":"2025-04-29T19:41:19+00:00","mainEntityOfPage":{"@id":"http:\/\/denizcankizil.tr\/haberler\/gundem\/ayse-barim-hakkinda-agir-suclama-30-yila-kadar-hapis-istemi\/"},"wordCount":571,"publisher":{"@id":"https:\/\/denizcankizil.tr\/de\/#organization"},"articleSection":["G\u00fcndem"],"inLanguage":"en-GB"},{"@type":"WebPage","@id":"http:\/\/denizcankizil.tr\/haberler\/gundem\/ayse-barim-hakkinda-agir-suclama-30-yila-kadar-hapis-istemi\/","url":"http:\/\/denizcankizil.tr\/haberler\/gundem\/ayse-barim-hakkinda-agir-suclama-30-yila-kadar-hapis-istemi\/","name":"Ay\u015fe Bar\u0131m hakk\u0131nda a\u011f\u0131r su\u00e7lama: 30 y\u0131la kadar hapis istemi! - Av. Deniz Can K\u0131z\u0131l","isPartOf":{"@id":"https:\/\/denizcankizil.tr\/de\/#website"},"datePublished":"2025-04-29T19:41:19+00:00","breadcrumb":{"@id":"http:\/\/denizcankizil.tr\/haberler\/gundem\/ayse-barim-hakkinda-agir-suclama-30-yila-kadar-hapis-istemi\/#breadcrumb"},"inLanguage":"en-GB","potentialAction":[{"@type":"ReadAction","target":["http:\/\/denizcankizil.tr\/haberler\/gundem\/ayse-barim-hakkinda-agir-suclama-30-yila-kadar-hapis-istemi\/"]}]},{"@type":"BreadcrumbList","@id":"http:\/\/denizcankizil.tr\/haberler\/gundem\/ayse-barim-hakkinda-agir-suclama-30-yila-kadar-hapis-istemi\/#breadcrumb","itemListElement":[{"@type":"ListItem","position":1,"name":"Home","item":"https:\/\/denizcankizil.tr\/de\/"},{"@type":"ListItem","position":2,"name":"Ay\u015fe Bar\u0131m hakk\u0131nda a\u011f\u0131r su\u00e7lama: 30 y\u0131la kadar hapis istemi!"}]},{"@type":"WebSite","@id":"https:\/\/denizcankizil.tr\/de\/#website","url":"https:\/\/denizcankizil.tr\/de\/","name":"Av. Deniz Can K\u0131z\u0131l","description":"Avukat Deniz Can K\u0131z\u0131l Antalya Barosu","publisher":{"@id":"https:\/\/denizcankizil.tr\/de\/#organization"},"potentialAction":[{"@type":"SearchAction","target":{"@type":"EntryPoint","urlTemplate":"https:\/\/denizcankizil.tr\/de\/?s={search_term_string}"},"query-input":{"@type":"PropertyValueSpecification","valueRequired":true,"valueName":"search_term_string"}}],"inLanguage":"en-GB"},{"@type":"Organization","@id":"https:\/\/denizcankizil.tr\/de\/#organization","name":"Av. Deniz Can K\u0131z\u0131l","url":"https:\/\/denizcankizil.tr\/de\/","logo":{"@type":"ImageObject","inLanguage":"en-GB","@id":"https:\/\/denizcankizil.tr\/de\/#\/schema\/logo\/image\/","url":"https:\/\/denizcankizil.tr\/wp-content\/uploads\/2024\/10\/siyah-logo-svg.svg","contentUrl":"https:\/\/denizcankizil.tr\/wp-content\/uploads\/2024\/10\/siyah-logo-svg.svg","width":1080,"height":1080,"caption":"Av. Deniz Can K\u0131z\u0131l"},"image":{"@id":"https:\/\/denizcankizil.tr\/de\/#\/schema\/logo\/image\/"}},{"@type":"Person","@id":"https:\/\/denizcankizil.tr\/de\/#\/schema\/person\/e1eb71bb4dd684d46563f0af307e1234","name":"Antalya K\u00f6rfez","image":{"@type":"ImageObject","inLanguage":"en-GB","@id":"https:\/\/denizcankizil.tr\/de\/#\/schema\/person\/image\/","url":"https:\/\/secure.gravatar.com\/avatar\/42b01982558a48a0b501fdcab6a408d3717ea5919095ee2e67b0e521799c5905?s=96&d=mm&r=g","contentUrl":"https:\/\/secure.gravatar.com\/avatar\/42b01982558a48a0b501fdcab6a408d3717ea5919095ee2e67b0e521799c5905?s=96&d=mm&r=g","caption":"Antalya K\u00f6rfez"},"sameAs":["http:\/\/www.antalyakorfez.com"],"url":"https:\/\/www.antalyakorfez.com\/ayse-barim-hakkinda-agir-suclama-30-yila-kadar-hapis-istemi"}]}},"_links":{"self":[{"href":"https:\/\/denizcankizil.tr\/en\/wp-json\/wp\/v2\/posts\/70703","targetHints":{"allow":["GET"]}}],"collection":[{"href":"https:\/\/denizcankizil.tr\/en\/wp-json\/wp\/v2\/posts"}],"about":[{"href":"https:\/\/denizcankizil.tr\/en\/wp-json\/wp\/v2\/types\/post"}],"author":[{"embeddable":true,"href":"https:\/\/denizcankizil.tr\/en\/wp-json\/wp\/v2\/users\/5"}],"replies":[{"embeddable":true,"href":"https:\/\/denizcankizil.tr\/en\/wp-json\/wp\/v2\/comments?post=70703"}],"version-history":[{"count":0,"href":"https:\/\/denizcankizil.tr\/en\/wp-json\/wp\/v2\/posts\/70703\/revisions"}],"wp:attachment":[{"href":"https:\/\/denizcankizil.tr\/en\/wp-json\/wp\/v2\/media?parent=70703"}],"wp:term":[{"taxonomy":"category","embeddable":true,"href":"https:\/\/denizcankizil.tr\/en\/wp-json\/wp\/v2\/categories?post=70703"},{"taxonomy":"post_tag","embeddable":true,"href":"https:\/\/denizcankizil.tr\/en\/wp-json\/wp\/v2\/tags?post=70703"}],"curies":[{"name":"wp","href":"https:\/\/api.w.org\/{rel}","templated":true}]}}