{"id":70125,"date":"2025-04-29T10:41:24","date_gmt":"2025-04-29T07:41:24","guid":{"rendered":"https:\/\/denizcankizil.tr\/uncategorized-tr\/kumlucada-yoruk-atesi\/"},"modified":"2025-04-29T10:41:24","modified_gmt":"2025-04-29T07:41:24","slug":"kumlucada-yoruk-atesi","status":"publish","type":"post","link":"https:\/\/denizcankizil.tr\/en\/haberler\/antalya\/kumlucada-yoruk-atesi\/","title":{"rendered":"Kumluca&#8217;da Y\u00f6r\u00fck ate\u015fi"},"content":{"rendered":"<p>Festival i\u00e7in kurulan Y\u00f6r\u00fck oalar\u0131 yerle\u015fkesinde ota\u011f\u0131n \u00f6n\u00fcnde Kumlucal\u0131 Y\u00f6r\u00fckler taraf\u0131ndan y\u00fcz y\u0131llard\u0131r s\u00fcren birlik, beraberlik ve dayan\u0131\u015fman\u0131n simgesi olarak ate\u015f yak\u0131ld\u0131. Kumluca Kaymakam\u0131 Bahad\u0131r G\u00fcne\u015f ve Belediye Ba\u015fkan\u0131 Mesut Avc\u0131o\u011flu \u00f6nderli\u011findeki etkinli\u011fe, daire amirleri, siyasi parti il\u00e7e ba\u015fkanlar\u0131, sivil toplum kurulu\u015fu temsilcileri, mahalle muhtarlar\u0131 ile \u00e7ok say\u0131da vatanda\u015f kat\u0131ld\u0131. Halk oyunu ekibi g\u00f6steri yapt\u0131. Etkinli\u011fe kat\u0131lanlar y\u00f6resel elbise, e\u015fya ve tar\u0131m aletlerinin sergilendi\u011fi \u00e7ad\u0131rlar\u0131 gezdi. Belediye Ba\u015fkan\u0131 Mesut Avc\u0131o\u011flu, &#8220;Y\u00f6r\u00fck k\u00fclt\u00fcr\u00fcm\u00fcz\u00fc geli\u015ftirmek, gelecek nesillere ta\u015f\u0131mak ve onlara tan\u0131tmak ad\u0131na bu etkinlikleri yap\u0131yoruz. Her y\u0131l \u00fczerine koyarak gelene\u011fimizi zenginle\u015ftirmek i\u00e7in \u00e7abal\u0131yoruz&#8221; dedi.<\/p>\n<p>Kaynak: www.kanalv.com.tr Haber Sitesinden Al\u0131nm\u0131\u015ft\u0131r.<\/p>","protected":false},"excerpt":{"rendered":"<p>Festival i\u00e7in kurulan Y\u00f6r\u00fck oalar\u0131 yerle\u015fkesinde ota\u011f\u0131n \u00f6n\u00fcnde Kumlucal\u0131 Y\u00f6r\u00fckler taraf\u0131ndan y\u00fcz y\u0131llard\u0131r s\u00fcren birlik, beraberlik ve dayan\u0131\u015fman\u0131n simgesi olarak ate\u015f yak\u0131ld\u0131. Kumluca Kaymakam\u0131 Bahad\u0131r G\u00fcne\u015f ve Belediye Ba\u015fkan\u0131 Mesut Avc\u0131o\u011flu \u00f6nderli\u011findeki etkinli\u011fe, daire amirleri, siyasi parti il\u00e7e ba\u015fkanlar\u0131, sivil toplum kurulu\u015fu temsilcileri, mahalle muhtarlar\u0131 ile \u00e7ok say\u0131da vatanda\u015f kat\u0131ld\u0131. Halk oyunu ekibi g\u00f6steri yapt\u0131. Etkinli\u011fe kat\u0131lanlar y\u00f6resel elbise, e\u015fya ve tar\u0131m aletlerinin sergilendi\u011fi \u00e7ad\u0131rlar\u0131 gezdi. Belediye Ba\u015fkan\u0131 Mesut Avc\u0131o\u011flu, &#8220;Y\u00f6r\u00fck k\u00fclt\u00fcr\u00fcm\u00fcz\u00fc geli\u015ftirmek, gelecek nesillere ta\u015f\u0131mak ve onlara tan\u0131tmak ad\u0131na bu etkinlikleri yap\u0131yoruz. Her y\u0131l \u00fczerine koyarak gelene\u011fimizi zenginle\u015ftirmek i\u00e7in \u00e7abal\u0131yoruz&#8221; dedi. Kaynak: www.kanalv.com.tr Haber Sitesinden Al\u0131nm\u0131\u015ft\u0131r.<\/p>","protected":false},"author":4,"featured_media":70126,"comment_status":"","ping_status":"open","sticky":false,"template":"","format":"standard","meta":{"_acf_changed":false,"footnotes":""},"categories":[26],"tags":[],"class_list":["post-70125","post","type-post","status-publish","format-standard","has-post-thumbnail","hentry","category-antalya"],"acf":[],"yoast_head":"<!-- This site is optimized with the Yoast SEO Premium plugin v26.6 (Yoast SEO v27.1.1) - https:\/\/yoast.com\/product\/yoast-seo-premium-wordpress\/ -->\n<title>Kumluca&#039;da Y\u00f6r\u00fck ate\u015fi - Av. Deniz Can K\u0131z\u0131l<\/title>\n<meta name=\"robots\" content=\"index, follow, max-snippet:-1, max-image-preview:large, max-video-preview:-1\" \/>\n<link rel=\"canonical\" href=\"https:\/\/denizcankizil.tr\/en\/haberler\/antalya\/kumlucada-yoruk-atesi\/\" \/>\n<meta property=\"og:locale\" content=\"en_GB\" \/>\n<meta property=\"og:type\" content=\"article\" \/>\n<meta property=\"og:title\" content=\"Kumluca&#039;da Y\u00f6r\u00fck ate\u015fi\" \/>\n<meta property=\"og:description\" content=\"Festival i\u00e7in kurulan Y\u00f6r\u00fck oalar\u0131 yerle\u015fkesinde ota\u011f\u0131n \u00f6n\u00fcnde Kumlucal\u0131 Y\u00f6r\u00fckler taraf\u0131ndan y\u00fcz y\u0131llard\u0131r s\u00fcren birlik, beraberlik ve dayan\u0131\u015fman\u0131n simgesi olarak ate\u015f yak\u0131ld\u0131. Kumluca Kaymakam\u0131 Bahad\u0131r G\u00fcne\u015f ve Belediye Ba\u015fkan\u0131 Mesut Avc\u0131o\u011flu \u00f6nderli\u011findeki etkinli\u011fe, daire amirleri, siyasi parti il\u00e7e ba\u015fkanlar\u0131, sivil toplum kurulu\u015fu temsilcileri, mahalle muhtarlar\u0131 ile \u00e7ok say\u0131da vatanda\u015f kat\u0131ld\u0131. Halk oyunu ekibi g\u00f6steri yapt\u0131. Etkinli\u011fe kat\u0131lanlar y\u00f6resel elbise, e\u015fya ve tar\u0131m aletlerinin sergilendi\u011fi \u00e7ad\u0131rlar\u0131 gezdi. Belediye Ba\u015fkan\u0131 Mesut Avc\u0131o\u011flu, &#8220;Y\u00f6r\u00fck k\u00fclt\u00fcr\u00fcm\u00fcz\u00fc geli\u015ftirmek, gelecek nesillere ta\u015f\u0131mak ve onlara tan\u0131tmak ad\u0131na bu etkinlikleri yap\u0131yoruz. Her y\u0131l \u00fczerine koyarak gelene\u011fimizi zenginle\u015ftirmek i\u00e7in \u00e7abal\u0131yoruz&#8221; dedi. Kaynak: www.kanalv.com.tr Haber Sitesinden Al\u0131nm\u0131\u015ft\u0131r.\" \/>\n<meta property=\"og:url\" content=\"https:\/\/denizcankizil.tr\/en\/haberler\/antalya\/kumlucada-yoruk-atesi\/\" \/>\n<meta property=\"og:site_name\" content=\"Av. Deniz Can K\u0131z\u0131l\" \/>\n<meta property=\"article:published_time\" content=\"2025-04-29T07:41:24+00:00\" \/>\n<meta property=\"og:image\" content=\"https:\/\/denizcankizil.tr\/wp-content\/uploads\/2025\/04\/6049-01-q6OFOb.jpg\" \/>\n\t<meta property=\"og:image:width\" content=\"1280\" \/>\n\t<meta property=\"og:image:height\" content=\"720\" \/>\n\t<meta property=\"og:image:type\" content=\"image\/jpeg\" \/>\n<meta name=\"author\" content=\"Av. Deniz Can K\u0131z\u0131l\" \/>\n<meta name=\"twitter:card\" content=\"summary_large_image\" \/>\n<meta name=\"twitter:label1\" content=\"Written by\" \/>\n\t<meta name=\"twitter:data1\" content=\"Av. Deniz Can K\u0131z\u0131l\" \/>\n\t<meta name=\"twitter:label2\" content=\"Estimated reading time\" \/>\n\t<meta name=\"twitter:data2\" content=\"1 minute\" \/>\n<script type=\"application\/ld+json\" class=\"yoast-schema-graph\">{\"@context\":\"https:\/\/schema.org\",\"@graph\":[{\"@type\":\"Article\",\"@id\":\"https:\/\/denizcankizil.tr\/en\/haberler\/antalya\/kumlucada-yoruk-atesi\/#article\",\"isPartOf\":{\"@id\":\"https:\/\/denizcankizil.tr\/en\/haberler\/antalya\/kumlucada-yoruk-atesi\/\"},\"author\":{\"name\":\"Av. Deniz Can K\u0131z\u0131l\",\"@id\":\"https:\/\/denizcankizil.tr\/de\/#\/schema\/person\/5dc1b22991bd7ac833867c10afc9b0ff\"},\"headline\":\"Kumluca&#8217;da Y\u00f6r\u00fck ate\u015fi\",\"datePublished\":\"2025-04-29T07:41:24+00:00\",\"mainEntityOfPage\":{\"@id\":\"https:\/\/denizcankizil.tr\/en\/haberler\/antalya\/kumlucada-yoruk-atesi\/\"},\"wordCount\":165,\"publisher\":{\"@id\":\"https:\/\/denizcankizil.tr\/de\/#organization\"},\"image\":{\"@id\":\"https:\/\/denizcankizil.tr\/en\/haberler\/antalya\/kumlucada-yoruk-atesi\/#primaryimage\"},\"thumbnailUrl\":\"https:\/\/denizcankizil.tr\/wp-content\/uploads\/2025\/04\/6049-01-q6OFOb.jpg\",\"articleSection\":[\"Antalya\"],\"inLanguage\":\"en-GB\"},{\"@type\":\"WebPage\",\"@id\":\"https:\/\/denizcankizil.tr\/en\/haberler\/antalya\/kumlucada-yoruk-atesi\/\",\"url\":\"https:\/\/denizcankizil.tr\/en\/haberler\/antalya\/kumlucada-yoruk-atesi\/\",\"name\":\"Kumluca'da Y\u00f6r\u00fck ate\u015fi - Av. Deniz Can K\u0131z\u0131l\",\"isPartOf\":{\"@id\":\"https:\/\/denizcankizil.tr\/de\/#website\"},\"primaryImageOfPage\":{\"@id\":\"https:\/\/denizcankizil.tr\/en\/haberler\/antalya\/kumlucada-yoruk-atesi\/#primaryimage\"},\"image\":{\"@id\":\"https:\/\/denizcankizil.tr\/en\/haberler\/antalya\/kumlucada-yoruk-atesi\/#primaryimage\"},\"thumbnailUrl\":\"https:\/\/denizcankizil.tr\/wp-content\/uploads\/2025\/04\/6049-01-q6OFOb.jpg\",\"datePublished\":\"2025-04-29T07:41:24+00:00\",\"breadcrumb\":{\"@id\":\"https:\/\/denizcankizil.tr\/en\/haberler\/antalya\/kumlucada-yoruk-atesi\/#breadcrumb\"},\"inLanguage\":\"en-GB\",\"potentialAction\":[{\"@type\":\"ReadAction\",\"target\":[\"https:\/\/denizcankizil.tr\/en\/haberler\/antalya\/kumlucada-yoruk-atesi\/\"]}]},{\"@type\":\"ImageObject\",\"inLanguage\":\"en-GB\",\"@id\":\"https:\/\/denizcankizil.tr\/en\/haberler\/antalya\/kumlucada-yoruk-atesi\/#primaryimage\",\"url\":\"https:\/\/denizcankizil.tr\/wp-content\/uploads\/2025\/04\/6049-01-q6OFOb.jpg\",\"contentUrl\":\"https:\/\/denizcankizil.tr\/wp-content\/uploads\/2025\/04\/6049-01-q6OFOb.jpg\",\"width\":1280,\"height\":720},{\"@type\":\"BreadcrumbList\",\"@id\":\"https:\/\/denizcankizil.tr\/en\/haberler\/antalya\/kumlucada-yoruk-atesi\/#breadcrumb\",\"itemListElement\":[{\"@type\":\"ListItem\",\"position\":1,\"name\":\"Home\",\"item\":\"https:\/\/denizcankizil.tr\/de\/\"},{\"@type\":\"ListItem\",\"position\":2,\"name\":\"Kumluca&#8217;da Y\u00f6r\u00fck ate\u015fi\"}]},{\"@type\":\"WebSite\",\"@id\":\"https:\/\/denizcankizil.tr\/de\/#website\",\"url\":\"https:\/\/denizcankizil.tr\/de\/\",\"name\":\"Av. Deniz Can K\u0131z\u0131l\",\"description\":\"Avukat Deniz Can K\u0131z\u0131l Antalya Barosu\",\"publisher\":{\"@id\":\"https:\/\/denizcankizil.tr\/de\/#organization\"},\"potentialAction\":[{\"@type\":\"SearchAction\",\"target\":{\"@type\":\"EntryPoint\",\"urlTemplate\":\"https:\/\/denizcankizil.tr\/de\/?s={search_term_string}\"},\"query-input\":{\"@type\":\"PropertyValueSpecification\",\"valueRequired\":true,\"valueName\":\"search_term_string\"}}],\"inLanguage\":\"en-GB\"},{\"@type\":\"Organization\",\"@id\":\"https:\/\/denizcankizil.tr\/de\/#organization\",\"name\":\"Av. Deniz Can K\u0131z\u0131l\",\"url\":\"https:\/\/denizcankizil.tr\/de\/\",\"logo\":{\"@type\":\"ImageObject\",\"inLanguage\":\"en-GB\",\"@id\":\"https:\/\/denizcankizil.tr\/de\/#\/schema\/logo\/image\/\",\"url\":\"https:\/\/denizcankizil.tr\/wp-content\/uploads\/2024\/10\/siyah-logo-svg.svg\",\"contentUrl\":\"https:\/\/denizcankizil.tr\/wp-content\/uploads\/2024\/10\/siyah-logo-svg.svg\",\"width\":1080,\"height\":1080,\"caption\":\"Av. Deniz Can K\u0131z\u0131l\"},\"image\":{\"@id\":\"https:\/\/denizcankizil.tr\/de\/#\/schema\/logo\/image\/\"}},{\"@type\":\"Person\",\"@id\":\"https:\/\/denizcankizil.tr\/de\/#\/schema\/person\/5dc1b22991bd7ac833867c10afc9b0ff\",\"name\":\"Av. Deniz Can K\u0131z\u0131l\",\"image\":{\"@type\":\"ImageObject\",\"inLanguage\":\"en-GB\",\"@id\":\"https:\/\/denizcankizil.tr\/de\/#\/schema\/person\/image\/\",\"url\":\"https:\/\/secure.gravatar.com\/avatar\/a0b128fb9855c79efc976d5640eedb31dc35ec297594d6016d2cf7c60e975bb6?s=96&d=mm&r=g\",\"contentUrl\":\"https:\/\/secure.gravatar.com\/avatar\/a0b128fb9855c79efc976d5640eedb31dc35ec297594d6016d2cf7c60e975bb6?s=96&d=mm&r=g\",\"caption\":\"Av. Deniz Can K\u0131z\u0131l\"},\"sameAs\":[\"http:\/\/www.denizcankizil.tr\"],\"url\":\"https:\/\/denizcankizil.tr\/en\/author\/denizcankizil\/\"}]}<\/script>\n<!-- \/ Yoast SEO Premium plugin. -->","yoast_head_json":{"title":"Kumluca'da Y\u00f6r\u00fck ate\u015fi - Av. Deniz Can K\u0131z\u0131l","robots":{"index":"index","follow":"follow","max-snippet":"max-snippet:-1","max-image-preview":"max-image-preview:large","max-video-preview":"max-video-preview:-1"},"canonical":"https:\/\/denizcankizil.tr\/en\/haberler\/antalya\/kumlucada-yoruk-atesi\/","og_locale":"en_GB","og_type":"article","og_title":"Kumluca'da Y\u00f6r\u00fck ate\u015fi","og_description":"Festival i\u00e7in kurulan Y\u00f6r\u00fck oalar\u0131 yerle\u015fkesinde ota\u011f\u0131n \u00f6n\u00fcnde Kumlucal\u0131 Y\u00f6r\u00fckler taraf\u0131ndan y\u00fcz y\u0131llard\u0131r s\u00fcren birlik, beraberlik ve dayan\u0131\u015fman\u0131n simgesi olarak ate\u015f yak\u0131ld\u0131. Kumluca Kaymakam\u0131 Bahad\u0131r G\u00fcne\u015f ve Belediye Ba\u015fkan\u0131 Mesut Avc\u0131o\u011flu \u00f6nderli\u011findeki etkinli\u011fe, daire amirleri, siyasi parti il\u00e7e ba\u015fkanlar\u0131, sivil toplum kurulu\u015fu temsilcileri, mahalle muhtarlar\u0131 ile \u00e7ok say\u0131da vatanda\u015f kat\u0131ld\u0131. Halk oyunu ekibi g\u00f6steri yapt\u0131. Etkinli\u011fe kat\u0131lanlar y\u00f6resel elbise, e\u015fya ve tar\u0131m aletlerinin sergilendi\u011fi \u00e7ad\u0131rlar\u0131 gezdi. Belediye Ba\u015fkan\u0131 Mesut Avc\u0131o\u011flu, &#8220;Y\u00f6r\u00fck k\u00fclt\u00fcr\u00fcm\u00fcz\u00fc geli\u015ftirmek, gelecek nesillere ta\u015f\u0131mak ve onlara tan\u0131tmak ad\u0131na bu etkinlikleri yap\u0131yoruz. Her y\u0131l \u00fczerine koyarak gelene\u011fimizi zenginle\u015ftirmek i\u00e7in \u00e7abal\u0131yoruz&#8221; dedi. Kaynak: www.kanalv.com.tr Haber Sitesinden Al\u0131nm\u0131\u015ft\u0131r.","og_url":"https:\/\/denizcankizil.tr\/en\/haberler\/antalya\/kumlucada-yoruk-atesi\/","og_site_name":"Av. Deniz Can K\u0131z\u0131l","article_published_time":"2025-04-29T07:41:24+00:00","og_image":[{"width":1280,"height":720,"url":"https:\/\/denizcankizil.tr\/wp-content\/uploads\/2025\/04\/6049-01-q6OFOb.jpg","type":"image\/jpeg"}],"author":"Av. Deniz Can K\u0131z\u0131l","twitter_card":"summary_large_image","twitter_misc":{"Written by":"Av. Deniz Can K\u0131z\u0131l","Estimated reading time":"1 minute"},"schema":{"@context":"https:\/\/schema.org","@graph":[{"@type":"Article","@id":"https:\/\/denizcankizil.tr\/en\/haberler\/antalya\/kumlucada-yoruk-atesi\/#article","isPartOf":{"@id":"https:\/\/denizcankizil.tr\/en\/haberler\/antalya\/kumlucada-yoruk-atesi\/"},"author":{"name":"Av. Deniz Can K\u0131z\u0131l","@id":"https:\/\/denizcankizil.tr\/de\/#\/schema\/person\/5dc1b22991bd7ac833867c10afc9b0ff"},"headline":"Kumluca&#8217;da Y\u00f6r\u00fck ate\u015fi","datePublished":"2025-04-29T07:41:24+00:00","mainEntityOfPage":{"@id":"https:\/\/denizcankizil.tr\/en\/haberler\/antalya\/kumlucada-yoruk-atesi\/"},"wordCount":165,"publisher":{"@id":"https:\/\/denizcankizil.tr\/de\/#organization"},"image":{"@id":"https:\/\/denizcankizil.tr\/en\/haberler\/antalya\/kumlucada-yoruk-atesi\/#primaryimage"},"thumbnailUrl":"https:\/\/denizcankizil.tr\/wp-content\/uploads\/2025\/04\/6049-01-q6OFOb.jpg","articleSection":["Antalya"],"inLanguage":"en-GB"},{"@type":"WebPage","@id":"https:\/\/denizcankizil.tr\/en\/haberler\/antalya\/kumlucada-yoruk-atesi\/","url":"https:\/\/denizcankizil.tr\/en\/haberler\/antalya\/kumlucada-yoruk-atesi\/","name":"Kumluca'da Y\u00f6r\u00fck ate\u015fi - Av. Deniz Can K\u0131z\u0131l","isPartOf":{"@id":"https:\/\/denizcankizil.tr\/de\/#website"},"primaryImageOfPage":{"@id":"https:\/\/denizcankizil.tr\/en\/haberler\/antalya\/kumlucada-yoruk-atesi\/#primaryimage"},"image":{"@id":"https:\/\/denizcankizil.tr\/en\/haberler\/antalya\/kumlucada-yoruk-atesi\/#primaryimage"},"thumbnailUrl":"https:\/\/denizcankizil.tr\/wp-content\/uploads\/2025\/04\/6049-01-q6OFOb.jpg","datePublished":"2025-04-29T07:41:24+00:00","breadcrumb":{"@id":"https:\/\/denizcankizil.tr\/en\/haberler\/antalya\/kumlucada-yoruk-atesi\/#breadcrumb"},"inLanguage":"en-GB","potentialAction":[{"@type":"ReadAction","target":["https:\/\/denizcankizil.tr\/en\/haberler\/antalya\/kumlucada-yoruk-atesi\/"]}]},{"@type":"ImageObject","inLanguage":"en-GB","@id":"https:\/\/denizcankizil.tr\/en\/haberler\/antalya\/kumlucada-yoruk-atesi\/#primaryimage","url":"https:\/\/denizcankizil.tr\/wp-content\/uploads\/2025\/04\/6049-01-q6OFOb.jpg","contentUrl":"https:\/\/denizcankizil.tr\/wp-content\/uploads\/2025\/04\/6049-01-q6OFOb.jpg","width":1280,"height":720},{"@type":"BreadcrumbList","@id":"https:\/\/denizcankizil.tr\/en\/haberler\/antalya\/kumlucada-yoruk-atesi\/#breadcrumb","itemListElement":[{"@type":"ListItem","position":1,"name":"Home","item":"https:\/\/denizcankizil.tr\/de\/"},{"@type":"ListItem","position":2,"name":"Kumluca&#8217;da Y\u00f6r\u00fck ate\u015fi"}]},{"@type":"WebSite","@id":"https:\/\/denizcankizil.tr\/de\/#website","url":"https:\/\/denizcankizil.tr\/de\/","name":"Av. Deniz Can K\u0131z\u0131l","description":"Avukat Deniz Can K\u0131z\u0131l Antalya Barosu","publisher":{"@id":"https:\/\/denizcankizil.tr\/de\/#organization"},"potentialAction":[{"@type":"SearchAction","target":{"@type":"EntryPoint","urlTemplate":"https:\/\/denizcankizil.tr\/de\/?s={search_term_string}"},"query-input":{"@type":"PropertyValueSpecification","valueRequired":true,"valueName":"search_term_string"}}],"inLanguage":"en-GB"},{"@type":"Organization","@id":"https:\/\/denizcankizil.tr\/de\/#organization","name":"Av. Deniz Can K\u0131z\u0131l","url":"https:\/\/denizcankizil.tr\/de\/","logo":{"@type":"ImageObject","inLanguage":"en-GB","@id":"https:\/\/denizcankizil.tr\/de\/#\/schema\/logo\/image\/","url":"https:\/\/denizcankizil.tr\/wp-content\/uploads\/2024\/10\/siyah-logo-svg.svg","contentUrl":"https:\/\/denizcankizil.tr\/wp-content\/uploads\/2024\/10\/siyah-logo-svg.svg","width":1080,"height":1080,"caption":"Av. Deniz Can K\u0131z\u0131l"},"image":{"@id":"https:\/\/denizcankizil.tr\/de\/#\/schema\/logo\/image\/"}},{"@type":"Person","@id":"https:\/\/denizcankizil.tr\/de\/#\/schema\/person\/5dc1b22991bd7ac833867c10afc9b0ff","name":"Av. Deniz Can K\u0131z\u0131l","image":{"@type":"ImageObject","inLanguage":"en-GB","@id":"https:\/\/denizcankizil.tr\/de\/#\/schema\/person\/image\/","url":"https:\/\/secure.gravatar.com\/avatar\/a0b128fb9855c79efc976d5640eedb31dc35ec297594d6016d2cf7c60e975bb6?s=96&d=mm&r=g","contentUrl":"https:\/\/secure.gravatar.com\/avatar\/a0b128fb9855c79efc976d5640eedb31dc35ec297594d6016d2cf7c60e975bb6?s=96&d=mm&r=g","caption":"Av. Deniz Can K\u0131z\u0131l"},"sameAs":["http:\/\/www.denizcankizil.tr"],"url":"https:\/\/denizcankizil.tr\/en\/author\/denizcankizil\/"}]}},"_links":{"self":[{"href":"https:\/\/denizcankizil.tr\/en\/wp-json\/wp\/v2\/posts\/70125","targetHints":{"allow":["GET"]}}],"collection":[{"href":"https:\/\/denizcankizil.tr\/en\/wp-json\/wp\/v2\/posts"}],"about":[{"href":"https:\/\/denizcankizil.tr\/en\/wp-json\/wp\/v2\/types\/post"}],"author":[{"embeddable":true,"href":"https:\/\/denizcankizil.tr\/en\/wp-json\/wp\/v2\/users\/4"}],"replies":[{"embeddable":true,"href":"https:\/\/denizcankizil.tr\/en\/wp-json\/wp\/v2\/comments?post=70125"}],"version-history":[{"count":0,"href":"https:\/\/denizcankizil.tr\/en\/wp-json\/wp\/v2\/posts\/70125\/revisions"}],"wp:featuredmedia":[{"embeddable":true,"href":"https:\/\/denizcankizil.tr\/en\/wp-json\/wp\/v2\/media\/70126"}],"wp:attachment":[{"href":"https:\/\/denizcankizil.tr\/en\/wp-json\/wp\/v2\/media?parent=70125"}],"wp:term":[{"taxonomy":"category","embeddable":true,"href":"https:\/\/denizcankizil.tr\/en\/wp-json\/wp\/v2\/categories?post=70125"},{"taxonomy":"post_tag","embeddable":true,"href":"https:\/\/denizcankizil.tr\/en\/wp-json\/wp\/v2\/tags?post=70125"}],"curies":[{"name":"wp","href":"https:\/\/api.w.org\/{rel}","templated":true}]}}