{"id":70079,"date":"2025-04-29T09:41:30","date_gmt":"2025-04-29T06:41:30","guid":{"rendered":"https:\/\/denizcankizil.tr\/uncategorized-tr\/turkiye-bisiklet-turunda-kemer-kalkan-etabini-tibor-del-grosso-kazandi\/"},"modified":"2025-04-29T09:41:30","modified_gmt":"2025-04-29T06:41:30","slug":"turkiye-bisiklet-turunda-kemer-kalkan-etabini-tibor-del-grosso-kazandi","status":"publish","type":"post","link":"https:\/\/denizcankizil.tr\/en\/haberler\/antalya\/turkiye-bisiklet-turunda-kemer-kalkan-etabini-tibor-del-grosso-kazandi\/","title":{"rendered":"T\u00fcrkiye Bisiklet Turu&#8217;nda Kemer &#8211; Kalkan etab\u0131n\u0131 Tibor Del Grosso kazand\u0131"},"content":{"rendered":"<p>60. Cumhurba\u015fkanl\u0131\u011f\u0131 T\u00fcrkiye Bisiklet Turu ikinci g\u00fcn\u00fcnde Antalya &#8211; Kalkan etab\u0131yla devam etti. Antalya Spordan Sorumlu Vali Yard\u0131mc\u0131s\u0131 Tahsin Aksu, Kemer Kaymakam\u0131 Ahmet Solmaz, Antalya Gen\u00e7lik Spor \u0130l M\u00fcd\u00fcr\u00fc Yavuz G\u00fcrhan, Bisiklet Federasyonu Ba\u015fkan\u0131 Emin M\u00fcft\u00fco\u011flu, Asba\u015fkan Metin Cengiz, Asba\u015fkan Yunus Alperen Ayar, Bisiklet Federasyonu Y\u00f6netim Kurulu \u00dcyesi Onur \u015eahin ve Genel Sekreter Sedat F\u0131rat&#8217;\u0131n kat\u0131l\u0131m\u0131 ile saat 12.00&#8217;de Kemer Olbia Park \u00f6n\u00fcnden verilen startla bisiklet\u00e7iler zorlu etaba ba\u015flad\u0131.<\/p>\n<p>Mayolar sahiplerini buldu<br \/>\nYar\u0131\u015fta turkuaz mayoyu kazanan Tibor Del Grosso&#8217;ya mayoyu T\u00fcrkiye Bisiklet Federasyonu Ba\u015fkan\u0131 Emin M\u00fcft\u00fco\u011flu ve Antalya Gen\u00e7lik ve Spor \u0130l M\u00fcd\u00fcr\u00fc Yavuz G\u00fcrhan verdi. Ye\u015fil mayoyu elde eden Jon Aberasturi, mayosunu Bisiklet Federasyonu Asba\u015fkan\u0131 Metin Cengiz&#8217;in ellerinden ald\u0131. Beyaz mayoyu ise Willem Smit&#8217;e \u0130\u00e7i\u015fleri Bakanl\u0131\u011f\u0131 \u0130ller \u0130daresi Genel M\u00fcd\u00fcr Yard\u0131mc\u0131s\u0131 Kemalettin Sakin teslim etti. K\u0131rm\u0131z\u0131 mayoyu kazanan Vinzent Dorn da mayosunu T\u00fcrkiye Bisiklet Federasyonu Denetleme Kurulu Ba\u015fkan\u0131 Abdurrahman Ar\u0131c\u0131 verdi.<br \/>\n60. Cumhurba\u015fkanl\u0131\u011f\u0131 T\u00fcrkiye Bisiklet Turuna yar\u0131n yar\u0131\u015f\u0131n en uzun etab\u0131 olan 175.9 kilometrelik Fethiye-Marmaris aras\u0131ndaki yar\u0131\u015f ile devam edilecek.<\/p>\n<p>Kaynak: www.kanalv.com.tr Haber Sitesinden Al\u0131nm\u0131\u015ft\u0131r.<\/p>","protected":false},"excerpt":{"rendered":"<p>60. Cumhurba\u015fkanl\u0131\u011f\u0131 T\u00fcrkiye Bisiklet Turu ikinci g\u00fcn\u00fcnde Antalya &#8211; Kalkan etab\u0131yla devam etti. Antalya Spordan Sorumlu Vali Yard\u0131mc\u0131s\u0131 Tahsin Aksu, Kemer Kaymakam\u0131 Ahmet Solmaz, Antalya Gen\u00e7lik Spor \u0130l M\u00fcd\u00fcr\u00fc Yavuz G\u00fcrhan, Bisiklet Federasyonu Ba\u015fkan\u0131 Emin M\u00fcft\u00fco\u011flu, Asba\u015fkan Metin Cengiz, Asba\u015fkan Yunus Alperen Ayar, Bisiklet Federasyonu Y\u00f6netim Kurulu \u00dcyesi Onur \u015eahin ve Genel Sekreter Sedat F\u0131rat&#8217;\u0131n kat\u0131l\u0131m\u0131 ile saat 12.00&#8217;de Kemer Olbia Park \u00f6n\u00fcnden verilen startla bisiklet\u00e7iler zorlu etaba ba\u015flad\u0131. Mayolar sahiplerini buldu Yar\u0131\u015fta turkuaz mayoyu kazanan Tibor Del Grosso&#8217;ya mayoyu T\u00fcrkiye Bisiklet Federasyonu Ba\u015fkan\u0131 Emin M\u00fcft\u00fco\u011flu ve Antalya Gen\u00e7lik ve Spor \u0130l M\u00fcd\u00fcr\u00fc Yavuz G\u00fcrhan verdi. Ye\u015fil mayoyu elde eden Jon Aberasturi, mayosunu Bisiklet Federasyonu Asba\u015fkan\u0131 Metin Cengiz&#8217;in ellerinden ald\u0131. Beyaz mayoyu ise Willem Smit&#8217;e \u0130\u00e7i\u015fleri Bakanl\u0131\u011f\u0131 \u0130ller \u0130daresi Genel M\u00fcd\u00fcr Yard\u0131mc\u0131s\u0131 Kemalettin Sakin teslim etti. K\u0131rm\u0131z\u0131 mayoyu kazanan Vinzent Dorn da mayosunu T\u00fcrkiye Bisiklet Federasyonu Denetleme Kurulu Ba\u015fkan\u0131 Abdurrahman Ar\u0131c\u0131 verdi. 60. Cumhurba\u015fkanl\u0131\u011f\u0131 T\u00fcrkiye Bisiklet Turuna yar\u0131n yar\u0131\u015f\u0131n en uzun etab\u0131 olan 175.9 kilometrelik Fethiye-Marmaris aras\u0131ndaki yar\u0131\u015f ile devam edilecek. Kaynak: www.kanalv.com.tr Haber Sitesinden Al\u0131nm\u0131\u015ft\u0131r.<\/p>","protected":false},"author":4,"featured_media":70080,"comment_status":"","ping_status":"open","sticky":false,"template":"","format":"standard","meta":{"_acf_changed":false,"footnotes":""},"categories":[26],"tags":[],"class_list":["post-70079","post","type-post","status-publish","format-standard","has-post-thumbnail","hentry","category-antalya"],"acf":[],"yoast_head":"<!-- This site is optimized with the Yoast SEO Premium plugin v26.6 (Yoast SEO v27.1.1) - https:\/\/yoast.com\/product\/yoast-seo-premium-wordpress\/ -->\n<title>T\u00fcrkiye Bisiklet Turu&#039;nda Kemer - Kalkan etab\u0131n\u0131 Tibor Del Grosso kazand\u0131 - Av. Deniz Can K\u0131z\u0131l<\/title>\n<meta name=\"robots\" content=\"index, follow, max-snippet:-1, max-image-preview:large, max-video-preview:-1\" \/>\n<link rel=\"canonical\" href=\"https:\/\/denizcankizil.tr\/en\/haberler\/antalya\/turkiye-bisiklet-turunda-kemer-kalkan-etabini-tibor-del-grosso-kazandi\/\" \/>\n<meta property=\"og:locale\" content=\"en_GB\" \/>\n<meta property=\"og:type\" content=\"article\" \/>\n<meta property=\"og:title\" content=\"T\u00fcrkiye Bisiklet Turu&#039;nda Kemer - Kalkan etab\u0131n\u0131 Tibor Del Grosso kazand\u0131\" \/>\n<meta property=\"og:description\" content=\"60. Cumhurba\u015fkanl\u0131\u011f\u0131 T\u00fcrkiye Bisiklet Turu ikinci g\u00fcn\u00fcnde Antalya &#8211; Kalkan etab\u0131yla devam etti. Antalya Spordan Sorumlu Vali Yard\u0131mc\u0131s\u0131 Tahsin Aksu, Kemer Kaymakam\u0131 Ahmet Solmaz, Antalya Gen\u00e7lik Spor \u0130l M\u00fcd\u00fcr\u00fc Yavuz G\u00fcrhan, Bisiklet Federasyonu Ba\u015fkan\u0131 Emin M\u00fcft\u00fco\u011flu, Asba\u015fkan Metin Cengiz, Asba\u015fkan Yunus Alperen Ayar, Bisiklet Federasyonu Y\u00f6netim Kurulu \u00dcyesi Onur \u015eahin ve Genel Sekreter Sedat F\u0131rat&#8217;\u0131n kat\u0131l\u0131m\u0131 ile saat 12.00&#8217;de Kemer Olbia Park \u00f6n\u00fcnden verilen startla bisiklet\u00e7iler zorlu etaba ba\u015flad\u0131. Mayolar sahiplerini buldu Yar\u0131\u015fta turkuaz mayoyu kazanan Tibor Del Grosso&#8217;ya mayoyu T\u00fcrkiye Bisiklet Federasyonu Ba\u015fkan\u0131 Emin M\u00fcft\u00fco\u011flu ve Antalya Gen\u00e7lik ve Spor \u0130l M\u00fcd\u00fcr\u00fc Yavuz G\u00fcrhan verdi. Ye\u015fil mayoyu elde eden Jon Aberasturi, mayosunu Bisiklet Federasyonu Asba\u015fkan\u0131 Metin Cengiz&#8217;in ellerinden ald\u0131. Beyaz mayoyu ise Willem Smit&#8217;e \u0130\u00e7i\u015fleri Bakanl\u0131\u011f\u0131 \u0130ller \u0130daresi Genel M\u00fcd\u00fcr Yard\u0131mc\u0131s\u0131 Kemalettin Sakin teslim etti. K\u0131rm\u0131z\u0131 mayoyu kazanan Vinzent Dorn da mayosunu T\u00fcrkiye Bisiklet Federasyonu Denetleme Kurulu Ba\u015fkan\u0131 Abdurrahman Ar\u0131c\u0131 verdi. 60. Cumhurba\u015fkanl\u0131\u011f\u0131 T\u00fcrkiye Bisiklet Turuna yar\u0131n yar\u0131\u015f\u0131n en uzun etab\u0131 olan 175.9 kilometrelik Fethiye-Marmaris aras\u0131ndaki yar\u0131\u015f ile devam edilecek. Kaynak: www.kanalv.com.tr Haber Sitesinden Al\u0131nm\u0131\u015ft\u0131r.\" \/>\n<meta property=\"og:url\" content=\"https:\/\/denizcankizil.tr\/en\/haberler\/antalya\/turkiye-bisiklet-turunda-kemer-kalkan-etabini-tibor-del-grosso-kazandi\/\" \/>\n<meta property=\"og:site_name\" content=\"Av. Deniz Can K\u0131z\u0131l\" \/>\n<meta property=\"article:published_time\" content=\"2025-04-29T06:41:30+00:00\" \/>\n<meta property=\"og:image\" content=\"https:\/\/denizcankizil.tr\/wp-content\/uploads\/2025\/04\/6045-01-Zk73eW.jpg\" \/>\n\t<meta property=\"og:image:width\" content=\"1280\" \/>\n\t<meta property=\"og:image:height\" content=\"720\" \/>\n\t<meta property=\"og:image:type\" content=\"image\/jpeg\" \/>\n<meta name=\"author\" content=\"Av. Deniz Can K\u0131z\u0131l\" \/>\n<meta name=\"twitter:card\" content=\"summary_large_image\" \/>\n<meta name=\"twitter:label1\" content=\"Written by\" \/>\n\t<meta name=\"twitter:data1\" content=\"Av. Deniz Can K\u0131z\u0131l\" \/>\n\t<meta name=\"twitter:label2\" content=\"Estimated reading time\" \/>\n\t<meta name=\"twitter:data2\" content=\"1 minute\" \/>\n<script type=\"application\/ld+json\" class=\"yoast-schema-graph\">{\"@context\":\"https:\/\/schema.org\",\"@graph\":[{\"@type\":\"Article\",\"@id\":\"https:\/\/denizcankizil.tr\/ru\/haberler\/antalya\/turkiye-bisiklet-turunda-kemer-kalkan-etabini-tibor-del-grosso-kazandi\/#article\",\"isPartOf\":{\"@id\":\"https:\/\/denizcankizil.tr\/ru\/haberler\/antalya\/turkiye-bisiklet-turunda-kemer-kalkan-etabini-tibor-del-grosso-kazandi\/\"},\"author\":{\"name\":\"Av. Deniz Can K\u0131z\u0131l\",\"@id\":\"https:\/\/denizcankizil.tr\/de\/#\/schema\/person\/5dc1b22991bd7ac833867c10afc9b0ff\"},\"headline\":\"T\u00fcrkiye Bisiklet Turu&#8217;nda Kemer &#8211; Kalkan etab\u0131n\u0131 Tibor Del Grosso kazand\u0131\",\"datePublished\":\"2025-04-29T06:41:30+00:00\",\"mainEntityOfPage\":{\"@id\":\"https:\/\/denizcankizil.tr\/ru\/haberler\/antalya\/turkiye-bisiklet-turunda-kemer-kalkan-etabini-tibor-del-grosso-kazandi\/\"},\"wordCount\":238,\"publisher\":{\"@id\":\"https:\/\/denizcankizil.tr\/de\/#organization\"},\"image\":{\"@id\":\"https:\/\/denizcankizil.tr\/ru\/haberler\/antalya\/turkiye-bisiklet-turunda-kemer-kalkan-etabini-tibor-del-grosso-kazandi\/#primaryimage\"},\"thumbnailUrl\":\"https:\/\/denizcankizil.tr\/wp-content\/uploads\/2025\/04\/6045-01-Zk73eW.jpg\",\"articleSection\":[\"Antalya\"],\"inLanguage\":\"en-GB\"},{\"@type\":\"WebPage\",\"@id\":\"https:\/\/denizcankizil.tr\/ru\/haberler\/antalya\/turkiye-bisiklet-turunda-kemer-kalkan-etabini-tibor-del-grosso-kazandi\/\",\"url\":\"https:\/\/denizcankizil.tr\/ru\/haberler\/antalya\/turkiye-bisiklet-turunda-kemer-kalkan-etabini-tibor-del-grosso-kazandi\/\",\"name\":\"T\u00fcrkiye Bisiklet Turu'nda Kemer - Kalkan etab\u0131n\u0131 Tibor Del Grosso kazand\u0131 - Av. Deniz Can K\u0131z\u0131l\",\"isPartOf\":{\"@id\":\"https:\/\/denizcankizil.tr\/de\/#website\"},\"primaryImageOfPage\":{\"@id\":\"https:\/\/denizcankizil.tr\/ru\/haberler\/antalya\/turkiye-bisiklet-turunda-kemer-kalkan-etabini-tibor-del-grosso-kazandi\/#primaryimage\"},\"image\":{\"@id\":\"https:\/\/denizcankizil.tr\/ru\/haberler\/antalya\/turkiye-bisiklet-turunda-kemer-kalkan-etabini-tibor-del-grosso-kazandi\/#primaryimage\"},\"thumbnailUrl\":\"https:\/\/denizcankizil.tr\/wp-content\/uploads\/2025\/04\/6045-01-Zk73eW.jpg\",\"datePublished\":\"2025-04-29T06:41:30+00:00\",\"breadcrumb\":{\"@id\":\"https:\/\/denizcankizil.tr\/ru\/haberler\/antalya\/turkiye-bisiklet-turunda-kemer-kalkan-etabini-tibor-del-grosso-kazandi\/#breadcrumb\"},\"inLanguage\":\"en-GB\",\"potentialAction\":[{\"@type\":\"ReadAction\",\"target\":[\"https:\/\/denizcankizil.tr\/ru\/haberler\/antalya\/turkiye-bisiklet-turunda-kemer-kalkan-etabini-tibor-del-grosso-kazandi\/\"]}]},{\"@type\":\"ImageObject\",\"inLanguage\":\"en-GB\",\"@id\":\"https:\/\/denizcankizil.tr\/ru\/haberler\/antalya\/turkiye-bisiklet-turunda-kemer-kalkan-etabini-tibor-del-grosso-kazandi\/#primaryimage\",\"url\":\"https:\/\/denizcankizil.tr\/wp-content\/uploads\/2025\/04\/6045-01-Zk73eW.jpg\",\"contentUrl\":\"https:\/\/denizcankizil.tr\/wp-content\/uploads\/2025\/04\/6045-01-Zk73eW.jpg\",\"width\":1280,\"height\":720},{\"@type\":\"BreadcrumbList\",\"@id\":\"https:\/\/denizcankizil.tr\/ru\/haberler\/antalya\/turkiye-bisiklet-turunda-kemer-kalkan-etabini-tibor-del-grosso-kazandi\/#breadcrumb\",\"itemListElement\":[{\"@type\":\"ListItem\",\"position\":1,\"name\":\"Home\",\"item\":\"https:\/\/denizcankizil.tr\/de\/\"},{\"@type\":\"ListItem\",\"position\":2,\"name\":\"T\u00fcrkiye Bisiklet Turu&#8217;nda Kemer &#8211; Kalkan etab\u0131n\u0131 Tibor Del Grosso kazand\u0131\"}]},{\"@type\":\"WebSite\",\"@id\":\"https:\/\/denizcankizil.tr\/de\/#website\",\"url\":\"https:\/\/denizcankizil.tr\/de\/\",\"name\":\"Av. Deniz Can K\u0131z\u0131l\",\"description\":\"Avukat Deniz Can K\u0131z\u0131l Antalya Barosu\",\"publisher\":{\"@id\":\"https:\/\/denizcankizil.tr\/de\/#organization\"},\"potentialAction\":[{\"@type\":\"SearchAction\",\"target\":{\"@type\":\"EntryPoint\",\"urlTemplate\":\"https:\/\/denizcankizil.tr\/de\/?s={search_term_string}\"},\"query-input\":{\"@type\":\"PropertyValueSpecification\",\"valueRequired\":true,\"valueName\":\"search_term_string\"}}],\"inLanguage\":\"en-GB\"},{\"@type\":\"Organization\",\"@id\":\"https:\/\/denizcankizil.tr\/de\/#organization\",\"name\":\"Av. Deniz Can K\u0131z\u0131l\",\"url\":\"https:\/\/denizcankizil.tr\/de\/\",\"logo\":{\"@type\":\"ImageObject\",\"inLanguage\":\"en-GB\",\"@id\":\"https:\/\/denizcankizil.tr\/de\/#\/schema\/logo\/image\/\",\"url\":\"https:\/\/denizcankizil.tr\/wp-content\/uploads\/2024\/10\/siyah-logo-svg.svg\",\"contentUrl\":\"https:\/\/denizcankizil.tr\/wp-content\/uploads\/2024\/10\/siyah-logo-svg.svg\",\"width\":1080,\"height\":1080,\"caption\":\"Av. Deniz Can K\u0131z\u0131l\"},\"image\":{\"@id\":\"https:\/\/denizcankizil.tr\/de\/#\/schema\/logo\/image\/\"}},{\"@type\":\"Person\",\"@id\":\"https:\/\/denizcankizil.tr\/de\/#\/schema\/person\/5dc1b22991bd7ac833867c10afc9b0ff\",\"name\":\"Av. Deniz Can K\u0131z\u0131l\",\"image\":{\"@type\":\"ImageObject\",\"inLanguage\":\"en-GB\",\"@id\":\"https:\/\/denizcankizil.tr\/de\/#\/schema\/person\/image\/\",\"url\":\"https:\/\/secure.gravatar.com\/avatar\/a0b128fb9855c79efc976d5640eedb31dc35ec297594d6016d2cf7c60e975bb6?s=96&d=mm&r=g\",\"contentUrl\":\"https:\/\/secure.gravatar.com\/avatar\/a0b128fb9855c79efc976d5640eedb31dc35ec297594d6016d2cf7c60e975bb6?s=96&d=mm&r=g\",\"caption\":\"Av. Deniz Can K\u0131z\u0131l\"},\"sameAs\":[\"http:\/\/www.denizcankizil.tr\"],\"url\":\"https:\/\/denizcankizil.tr\/en\/author\/denizcankizil\/\"}]}<\/script>\n<!-- \/ Yoast SEO Premium plugin. -->","yoast_head_json":{"title":"T\u00fcrkiye Bisiklet Turu'nda Kemer - Kalkan etab\u0131n\u0131 Tibor Del Grosso kazand\u0131 - Av. Deniz Can K\u0131z\u0131l","robots":{"index":"index","follow":"follow","max-snippet":"max-snippet:-1","max-image-preview":"max-image-preview:large","max-video-preview":"max-video-preview:-1"},"canonical":"https:\/\/denizcankizil.tr\/en\/haberler\/antalya\/turkiye-bisiklet-turunda-kemer-kalkan-etabini-tibor-del-grosso-kazandi\/","og_locale":"en_GB","og_type":"article","og_title":"T\u00fcrkiye Bisiklet Turu'nda Kemer - Kalkan etab\u0131n\u0131 Tibor Del Grosso kazand\u0131","og_description":"60. Cumhurba\u015fkanl\u0131\u011f\u0131 T\u00fcrkiye Bisiklet Turu ikinci g\u00fcn\u00fcnde Antalya &#8211; Kalkan etab\u0131yla devam etti. Antalya Spordan Sorumlu Vali Yard\u0131mc\u0131s\u0131 Tahsin Aksu, Kemer Kaymakam\u0131 Ahmet Solmaz, Antalya Gen\u00e7lik Spor \u0130l M\u00fcd\u00fcr\u00fc Yavuz G\u00fcrhan, Bisiklet Federasyonu Ba\u015fkan\u0131 Emin M\u00fcft\u00fco\u011flu, Asba\u015fkan Metin Cengiz, Asba\u015fkan Yunus Alperen Ayar, Bisiklet Federasyonu Y\u00f6netim Kurulu \u00dcyesi Onur \u015eahin ve Genel Sekreter Sedat F\u0131rat&#8217;\u0131n kat\u0131l\u0131m\u0131 ile saat 12.00&#8217;de Kemer Olbia Park \u00f6n\u00fcnden verilen startla bisiklet\u00e7iler zorlu etaba ba\u015flad\u0131. Mayolar sahiplerini buldu Yar\u0131\u015fta turkuaz mayoyu kazanan Tibor Del Grosso&#8217;ya mayoyu T\u00fcrkiye Bisiklet Federasyonu Ba\u015fkan\u0131 Emin M\u00fcft\u00fco\u011flu ve Antalya Gen\u00e7lik ve Spor \u0130l M\u00fcd\u00fcr\u00fc Yavuz G\u00fcrhan verdi. Ye\u015fil mayoyu elde eden Jon Aberasturi, mayosunu Bisiklet Federasyonu Asba\u015fkan\u0131 Metin Cengiz&#8217;in ellerinden ald\u0131. Beyaz mayoyu ise Willem Smit&#8217;e \u0130\u00e7i\u015fleri Bakanl\u0131\u011f\u0131 \u0130ller \u0130daresi Genel M\u00fcd\u00fcr Yard\u0131mc\u0131s\u0131 Kemalettin Sakin teslim etti. K\u0131rm\u0131z\u0131 mayoyu kazanan Vinzent Dorn da mayosunu T\u00fcrkiye Bisiklet Federasyonu Denetleme Kurulu Ba\u015fkan\u0131 Abdurrahman Ar\u0131c\u0131 verdi. 60. Cumhurba\u015fkanl\u0131\u011f\u0131 T\u00fcrkiye Bisiklet Turuna yar\u0131n yar\u0131\u015f\u0131n en uzun etab\u0131 olan 175.9 kilometrelik Fethiye-Marmaris aras\u0131ndaki yar\u0131\u015f ile devam edilecek. Kaynak: www.kanalv.com.tr Haber Sitesinden Al\u0131nm\u0131\u015ft\u0131r.","og_url":"https:\/\/denizcankizil.tr\/en\/haberler\/antalya\/turkiye-bisiklet-turunda-kemer-kalkan-etabini-tibor-del-grosso-kazandi\/","og_site_name":"Av. Deniz Can K\u0131z\u0131l","article_published_time":"2025-04-29T06:41:30+00:00","og_image":[{"width":1280,"height":720,"url":"https:\/\/denizcankizil.tr\/wp-content\/uploads\/2025\/04\/6045-01-Zk73eW.jpg","type":"image\/jpeg"}],"author":"Av. Deniz Can K\u0131z\u0131l","twitter_card":"summary_large_image","twitter_misc":{"Written by":"Av. Deniz Can K\u0131z\u0131l","Estimated reading time":"1 minute"},"schema":{"@context":"https:\/\/schema.org","@graph":[{"@type":"Article","@id":"https:\/\/denizcankizil.tr\/ru\/haberler\/antalya\/turkiye-bisiklet-turunda-kemer-kalkan-etabini-tibor-del-grosso-kazandi\/#article","isPartOf":{"@id":"https:\/\/denizcankizil.tr\/ru\/haberler\/antalya\/turkiye-bisiklet-turunda-kemer-kalkan-etabini-tibor-del-grosso-kazandi\/"},"author":{"name":"Av. Deniz Can K\u0131z\u0131l","@id":"https:\/\/denizcankizil.tr\/de\/#\/schema\/person\/5dc1b22991bd7ac833867c10afc9b0ff"},"headline":"T\u00fcrkiye Bisiklet Turu&#8217;nda Kemer &#8211; Kalkan etab\u0131n\u0131 Tibor Del Grosso kazand\u0131","datePublished":"2025-04-29T06:41:30+00:00","mainEntityOfPage":{"@id":"https:\/\/denizcankizil.tr\/ru\/haberler\/antalya\/turkiye-bisiklet-turunda-kemer-kalkan-etabini-tibor-del-grosso-kazandi\/"},"wordCount":238,"publisher":{"@id":"https:\/\/denizcankizil.tr\/de\/#organization"},"image":{"@id":"https:\/\/denizcankizil.tr\/ru\/haberler\/antalya\/turkiye-bisiklet-turunda-kemer-kalkan-etabini-tibor-del-grosso-kazandi\/#primaryimage"},"thumbnailUrl":"https:\/\/denizcankizil.tr\/wp-content\/uploads\/2025\/04\/6045-01-Zk73eW.jpg","articleSection":["Antalya"],"inLanguage":"en-GB"},{"@type":"WebPage","@id":"https:\/\/denizcankizil.tr\/ru\/haberler\/antalya\/turkiye-bisiklet-turunda-kemer-kalkan-etabini-tibor-del-grosso-kazandi\/","url":"https:\/\/denizcankizil.tr\/ru\/haberler\/antalya\/turkiye-bisiklet-turunda-kemer-kalkan-etabini-tibor-del-grosso-kazandi\/","name":"T\u00fcrkiye Bisiklet Turu'nda Kemer - Kalkan etab\u0131n\u0131 Tibor Del Grosso kazand\u0131 - Av. Deniz Can K\u0131z\u0131l","isPartOf":{"@id":"https:\/\/denizcankizil.tr\/de\/#website"},"primaryImageOfPage":{"@id":"https:\/\/denizcankizil.tr\/ru\/haberler\/antalya\/turkiye-bisiklet-turunda-kemer-kalkan-etabini-tibor-del-grosso-kazandi\/#primaryimage"},"image":{"@id":"https:\/\/denizcankizil.tr\/ru\/haberler\/antalya\/turkiye-bisiklet-turunda-kemer-kalkan-etabini-tibor-del-grosso-kazandi\/#primaryimage"},"thumbnailUrl":"https:\/\/denizcankizil.tr\/wp-content\/uploads\/2025\/04\/6045-01-Zk73eW.jpg","datePublished":"2025-04-29T06:41:30+00:00","breadcrumb":{"@id":"https:\/\/denizcankizil.tr\/ru\/haberler\/antalya\/turkiye-bisiklet-turunda-kemer-kalkan-etabini-tibor-del-grosso-kazandi\/#breadcrumb"},"inLanguage":"en-GB","potentialAction":[{"@type":"ReadAction","target":["https:\/\/denizcankizil.tr\/ru\/haberler\/antalya\/turkiye-bisiklet-turunda-kemer-kalkan-etabini-tibor-del-grosso-kazandi\/"]}]},{"@type":"ImageObject","inLanguage":"en-GB","@id":"https:\/\/denizcankizil.tr\/ru\/haberler\/antalya\/turkiye-bisiklet-turunda-kemer-kalkan-etabini-tibor-del-grosso-kazandi\/#primaryimage","url":"https:\/\/denizcankizil.tr\/wp-content\/uploads\/2025\/04\/6045-01-Zk73eW.jpg","contentUrl":"https:\/\/denizcankizil.tr\/wp-content\/uploads\/2025\/04\/6045-01-Zk73eW.jpg","width":1280,"height":720},{"@type":"BreadcrumbList","@id":"https:\/\/denizcankizil.tr\/ru\/haberler\/antalya\/turkiye-bisiklet-turunda-kemer-kalkan-etabini-tibor-del-grosso-kazandi\/#breadcrumb","itemListElement":[{"@type":"ListItem","position":1,"name":"Home","item":"https:\/\/denizcankizil.tr\/de\/"},{"@type":"ListItem","position":2,"name":"T\u00fcrkiye Bisiklet Turu&#8217;nda Kemer &#8211; Kalkan etab\u0131n\u0131 Tibor Del Grosso kazand\u0131"}]},{"@type":"WebSite","@id":"https:\/\/denizcankizil.tr\/de\/#website","url":"https:\/\/denizcankizil.tr\/de\/","name":"Av. Deniz Can K\u0131z\u0131l","description":"Avukat Deniz Can K\u0131z\u0131l Antalya Barosu","publisher":{"@id":"https:\/\/denizcankizil.tr\/de\/#organization"},"potentialAction":[{"@type":"SearchAction","target":{"@type":"EntryPoint","urlTemplate":"https:\/\/denizcankizil.tr\/de\/?s={search_term_string}"},"query-input":{"@type":"PropertyValueSpecification","valueRequired":true,"valueName":"search_term_string"}}],"inLanguage":"en-GB"},{"@type":"Organization","@id":"https:\/\/denizcankizil.tr\/de\/#organization","name":"Av. Deniz Can K\u0131z\u0131l","url":"https:\/\/denizcankizil.tr\/de\/","logo":{"@type":"ImageObject","inLanguage":"en-GB","@id":"https:\/\/denizcankizil.tr\/de\/#\/schema\/logo\/image\/","url":"https:\/\/denizcankizil.tr\/wp-content\/uploads\/2024\/10\/siyah-logo-svg.svg","contentUrl":"https:\/\/denizcankizil.tr\/wp-content\/uploads\/2024\/10\/siyah-logo-svg.svg","width":1080,"height":1080,"caption":"Av. Deniz Can K\u0131z\u0131l"},"image":{"@id":"https:\/\/denizcankizil.tr\/de\/#\/schema\/logo\/image\/"}},{"@type":"Person","@id":"https:\/\/denizcankizil.tr\/de\/#\/schema\/person\/5dc1b22991bd7ac833867c10afc9b0ff","name":"Av. Deniz Can K\u0131z\u0131l","image":{"@type":"ImageObject","inLanguage":"en-GB","@id":"https:\/\/denizcankizil.tr\/de\/#\/schema\/person\/image\/","url":"https:\/\/secure.gravatar.com\/avatar\/a0b128fb9855c79efc976d5640eedb31dc35ec297594d6016d2cf7c60e975bb6?s=96&d=mm&r=g","contentUrl":"https:\/\/secure.gravatar.com\/avatar\/a0b128fb9855c79efc976d5640eedb31dc35ec297594d6016d2cf7c60e975bb6?s=96&d=mm&r=g","caption":"Av. Deniz Can K\u0131z\u0131l"},"sameAs":["http:\/\/www.denizcankizil.tr"],"url":"https:\/\/denizcankizil.tr\/en\/author\/denizcankizil\/"}]}},"_links":{"self":[{"href":"https:\/\/denizcankizil.tr\/en\/wp-json\/wp\/v2\/posts\/70079","targetHints":{"allow":["GET"]}}],"collection":[{"href":"https:\/\/denizcankizil.tr\/en\/wp-json\/wp\/v2\/posts"}],"about":[{"href":"https:\/\/denizcankizil.tr\/en\/wp-json\/wp\/v2\/types\/post"}],"author":[{"embeddable":true,"href":"https:\/\/denizcankizil.tr\/en\/wp-json\/wp\/v2\/users\/4"}],"replies":[{"embeddable":true,"href":"https:\/\/denizcankizil.tr\/en\/wp-json\/wp\/v2\/comments?post=70079"}],"version-history":[{"count":0,"href":"https:\/\/denizcankizil.tr\/en\/wp-json\/wp\/v2\/posts\/70079\/revisions"}],"wp:featuredmedia":[{"embeddable":true,"href":"https:\/\/denizcankizil.tr\/en\/wp-json\/wp\/v2\/media\/70080"}],"wp:attachment":[{"href":"https:\/\/denizcankizil.tr\/en\/wp-json\/wp\/v2\/media?parent=70079"}],"wp:term":[{"taxonomy":"category","embeddable":true,"href":"https:\/\/denizcankizil.tr\/en\/wp-json\/wp\/v2\/categories?post=70079"},{"taxonomy":"post_tag","embeddable":true,"href":"https:\/\/denizcankizil.tr\/en\/wp-json\/wp\/v2\/tags?post=70079"}],"curies":[{"name":"wp","href":"https:\/\/api.w.org\/{rel}","templated":true}]}}