{"id":69501,"date":"2025-04-28T19:42:07","date_gmt":"2025-04-28T16:42:07","guid":{"rendered":"https:\/\/denizcankizil.tr\/uncategorized-tr\/eczane-teknisyenleri-gunu-anitkabirde-kutlandi\/"},"modified":"2025-04-28T19:42:07","modified_gmt":"2025-04-28T16:42:07","slug":"eczane-teknisyenleri-gunu-anitkabirde-kutlandi","status":"publish","type":"post","link":"https:\/\/denizcankizil.tr\/en\/haberler\/gundem\/eczane-teknisyenleri-gunu-anitkabirde-kutlandi\/","title":{"rendered":"Eczane Teknisyenleri G\u00fcn\u00fc An\u0131tkabir\u2019de Kutland\u0131"},"content":{"rendered":"<p>Konfederasyon Ba\u015fkan\u0131 Erkan Ersan \u00f6nc\u00fcl\u00fc\u011f\u00fcnde ger\u00e7ekle\u015fen etkinli\u011fe; Eczane Teknisyenleri Akdeniz Federasyonu Ba\u015fkan\u0131 Cemal \u00c7elik\u2019in yan\u0131 s\u0131ra yedi farkl\u0131 federasyon ba\u015fkan\u0131 da kat\u0131ld\u0131. Ba\u015fkent Ankara\u2019da bir araya gelen teknisyenler, An\u0131tkabir\u2019de Aslanl\u0131 Yol\u2019dan y\u00fcr\u00fcyerek mozoleye ula\u015ft\u0131. Konfederasyon ad\u0131na Atat\u00fcrk\u2019\u00fcn mozolesine \u00e7elenk sunumu ger\u00e7ekle\u015ftirildi. T\u00f6ren, sayg\u0131 duru\u015fu ve \u0130stiklal Mar\u015f\u0131 ile devam etti.<\/p>\n<p>\u201cAtam\u0131z\u0131n Huzurunda Kutlamay\u0131 Tercih Ettik\u201d<\/p>\n<p>Etkinli\u011fe ili\u015fkin a\u00e7\u0131klamalarda bulunan Akdeniz Federasyonu ve \u0130skenderun Eczane Teknisyenleri Derne\u011fi Ba\u015fkan\u0131 Cemal \u00c7elik, bu y\u0131lki kutlamay\u0131 \u00f6zel bir anlamla ger\u00e7ekle\u015ftirdiklerini vurgulad\u0131. \u00c7elik, \u201cHer y\u0131l co\u015fkuyla kutlad\u0131\u011f\u0131m\u0131z Eczane Teknisyenleri G\u00fcn\u00fcn\u00fc bu y\u0131l konfederasyon, federasyon ve derneklerimizin ortak karar\u0131yla An\u0131tkabir\u2019de, Atam\u0131z\u0131n huzurunda ger\u00e7ekle\u015ftirdik. Muhte\u015fem bir kat\u0131l\u0131m ve co\u015fkulu bir atmosferle bu anlaml\u0131 g\u00fcn\u00fc ta\u00e7land\u0131rd\u0131k. T\u00fcm \u0130skenderun, Hatay ve Akdeniz B\u00f6lgesi&#8217;ndeki meslekta\u015flar\u0131m\u0131n g\u00fcn\u00fcn\u00fc kutluyorum,\u201d dedi.<\/p>\n<p>An\u0131tkabir&#8217;deki t\u00f6rende birlik ve mesleki dayan\u0131\u015fma mesajlar\u0131 verilirken, teknisyenler ad\u0131na g\u00fc\u00e7l\u00fc bir kurumsal duru\u015f sergilendi.<\/p>\n<p>\u200bEczane Teknisyenleri ve Teknikerleri Konfederasyonu, 25 Nisan Eczane Teknisyenleri G\u00fcn\u00fc\u2019n\u00fc An\u0131tkabir\u2019de anlaml\u0131 bir etkinlikle kutlad\u0131. T\u00fcrkiye genelinden federasyon ba\u015fkanlar\u0131 ve \u00e7ok say\u0131da meslekta\u015f, Ulu \u00d6nder Mustafa Kemal Atat\u00fcrk\u2019\u00fcn manevi huzuruna \u00e7\u0131kt\u0131.\u00a0<\/p>\n<p>\u200bHaberin Al\u0131nt\u0131land\u0131\u011f\u0131 Kaynak: www.iskenderun.org<\/p>","protected":false},"excerpt":{"rendered":"<p>Konfederasyon Ba\u015fkan\u0131 Erkan Ersan \u00f6nc\u00fcl\u00fc\u011f\u00fcnde ger\u00e7ekle\u015fen etkinli\u011fe; Eczane Teknisyenleri Akdeniz Federasyonu Ba\u015fkan\u0131 Cemal \u00c7elik\u2019in yan\u0131 s\u0131ra yedi farkl\u0131 federasyon ba\u015fkan\u0131 da kat\u0131ld\u0131. Ba\u015fkent Ankara\u2019da bir araya gelen teknisyenler, An\u0131tkabir\u2019de Aslanl\u0131 Yol\u2019dan y\u00fcr\u00fcyerek mozoleye ula\u015ft\u0131. Konfederasyon ad\u0131na Atat\u00fcrk\u2019\u00fcn mozolesine \u00e7elenk sunumu ger\u00e7ekle\u015ftirildi. T\u00f6ren, sayg\u0131 duru\u015fu ve \u0130stiklal Mar\u015f\u0131 ile devam etti. \u201cAtam\u0131z\u0131n Huzurunda Kutlamay\u0131 Tercih Ettik\u201d Etkinli\u011fe ili\u015fkin a\u00e7\u0131klamalarda bulunan Akdeniz Federasyonu ve \u0130skenderun Eczane Teknisyenleri Derne\u011fi Ba\u015fkan\u0131 Cemal \u00c7elik, bu y\u0131lki kutlamay\u0131 \u00f6zel bir anlamla ger\u00e7ekle\u015ftirdiklerini vurgulad\u0131. \u00c7elik, \u201cHer y\u0131l co\u015fkuyla kutlad\u0131\u011f\u0131m\u0131z Eczane Teknisyenleri G\u00fcn\u00fcn\u00fc bu y\u0131l konfederasyon, federasyon ve derneklerimizin ortak karar\u0131yla An\u0131tkabir\u2019de, Atam\u0131z\u0131n huzurunda ger\u00e7ekle\u015ftirdik. Muhte\u015fem bir kat\u0131l\u0131m ve co\u015fkulu bir atmosferle bu anlaml\u0131 g\u00fcn\u00fc ta\u00e7land\u0131rd\u0131k. T\u00fcm \u0130skenderun, Hatay ve Akdeniz B\u00f6lgesi&#8217;ndeki meslekta\u015flar\u0131m\u0131n g\u00fcn\u00fcn\u00fc kutluyorum,\u201d dedi. An\u0131tkabir&#8217;deki t\u00f6rende birlik ve mesleki dayan\u0131\u015fma mesajlar\u0131 verilirken, teknisyenler ad\u0131na g\u00fc\u00e7l\u00fc bir kurumsal duru\u015f sergilendi. \u200bEczane Teknisyenleri ve Teknikerleri Konfederasyonu, 25 Nisan Eczane Teknisyenleri G\u00fcn\u00fc\u2019n\u00fc An\u0131tkabir\u2019de anlaml\u0131 bir etkinlikle kutlad\u0131. T\u00fcrkiye genelinden federasyon ba\u015fkanlar\u0131 ve \u00e7ok say\u0131da meslekta\u015f, Ulu \u00d6nder Mustafa Kemal Atat\u00fcrk\u2019\u00fcn manevi huzuruna \u00e7\u0131kt\u0131.\u00a0 \u200bHaberin Al\u0131nt\u0131land\u0131\u011f\u0131 Kaynak: www.iskenderun.org<\/p>","protected":false},"author":1,"featured_media":0,"comment_status":"","ping_status":"open","sticky":false,"template":"","format":"standard","meta":{"_acf_changed":false,"footnotes":""},"categories":[24],"tags":[],"class_list":["post-69501","post","type-post","status-publish","format-standard","has-post-thumbnail","hentry","category-gundem"],"acf":[],"yoast_head":"<!-- This site is optimized with the Yoast SEO Premium plugin v26.6 (Yoast SEO v27.1.1) - https:\/\/yoast.com\/product\/yoast-seo-premium-wordpress\/ -->\n<title>Eczane Teknisyenleri G\u00fcn\u00fc An\u0131tkabir\u2019de Kutland\u0131 - Av. Deniz Can K\u0131z\u0131l<\/title>\n<meta name=\"robots\" content=\"index, follow, max-snippet:-1, max-image-preview:large, max-video-preview:-1\" \/>\n<link rel=\"canonical\" href=\"https:\/\/denizcankizil.tr\/en\/haberler\/gundem\/eczane-teknisyenleri-gunu-anitkabirde-kutlandi\/\" \/>\n<meta property=\"og:locale\" content=\"en_GB\" \/>\n<meta property=\"og:type\" content=\"article\" \/>\n<meta property=\"og:title\" content=\"Eczane Teknisyenleri G\u00fcn\u00fc An\u0131tkabir\u2019de Kutland\u0131\" \/>\n<meta property=\"og:description\" content=\"Konfederasyon Ba\u015fkan\u0131 Erkan Ersan \u00f6nc\u00fcl\u00fc\u011f\u00fcnde ger\u00e7ekle\u015fen etkinli\u011fe; Eczane Teknisyenleri Akdeniz Federasyonu Ba\u015fkan\u0131 Cemal \u00c7elik\u2019in yan\u0131 s\u0131ra yedi farkl\u0131 federasyon ba\u015fkan\u0131 da kat\u0131ld\u0131. Ba\u015fkent Ankara\u2019da bir araya gelen teknisyenler, An\u0131tkabir\u2019de Aslanl\u0131 Yol\u2019dan y\u00fcr\u00fcyerek mozoleye ula\u015ft\u0131. Konfederasyon ad\u0131na Atat\u00fcrk\u2019\u00fcn mozolesine \u00e7elenk sunumu ger\u00e7ekle\u015ftirildi. T\u00f6ren, sayg\u0131 duru\u015fu ve \u0130stiklal Mar\u015f\u0131 ile devam etti. \u201cAtam\u0131z\u0131n Huzurunda Kutlamay\u0131 Tercih Ettik\u201d Etkinli\u011fe ili\u015fkin a\u00e7\u0131klamalarda bulunan Akdeniz Federasyonu ve \u0130skenderun Eczane Teknisyenleri Derne\u011fi Ba\u015fkan\u0131 Cemal \u00c7elik, bu y\u0131lki kutlamay\u0131 \u00f6zel bir anlamla ger\u00e7ekle\u015ftirdiklerini vurgulad\u0131. \u00c7elik, \u201cHer y\u0131l co\u015fkuyla kutlad\u0131\u011f\u0131m\u0131z Eczane Teknisyenleri G\u00fcn\u00fcn\u00fc bu y\u0131l konfederasyon, federasyon ve derneklerimizin ortak karar\u0131yla An\u0131tkabir\u2019de, Atam\u0131z\u0131n huzurunda ger\u00e7ekle\u015ftirdik. Muhte\u015fem bir kat\u0131l\u0131m ve co\u015fkulu bir atmosferle bu anlaml\u0131 g\u00fcn\u00fc ta\u00e7land\u0131rd\u0131k. T\u00fcm \u0130skenderun, Hatay ve Akdeniz B\u00f6lgesi&#8217;ndeki meslekta\u015flar\u0131m\u0131n g\u00fcn\u00fcn\u00fc kutluyorum,\u201d dedi. An\u0131tkabir&#8217;deki t\u00f6rende birlik ve mesleki dayan\u0131\u015fma mesajlar\u0131 verilirken, teknisyenler ad\u0131na g\u00fc\u00e7l\u00fc bir kurumsal duru\u015f sergilendi. \u200bEczane Teknisyenleri ve Teknikerleri Konfederasyonu, 25 Nisan Eczane Teknisyenleri G\u00fcn\u00fc\u2019n\u00fc An\u0131tkabir\u2019de anlaml\u0131 bir etkinlikle kutlad\u0131. T\u00fcrkiye genelinden federasyon ba\u015fkanlar\u0131 ve \u00e7ok say\u0131da meslekta\u015f, Ulu \u00d6nder Mustafa Kemal Atat\u00fcrk\u2019\u00fcn manevi huzuruna \u00e7\u0131kt\u0131.\u00a0 \u200bHaberin Al\u0131nt\u0131land\u0131\u011f\u0131 Kaynak: www.iskenderun.org\" \/>\n<meta property=\"og:url\" content=\"https:\/\/denizcankizil.tr\/en\/haberler\/gundem\/eczane-teknisyenleri-gunu-anitkabirde-kutlandi\/\" \/>\n<meta property=\"og:site_name\" content=\"Av. Deniz Can K\u0131z\u0131l\" \/>\n<meta property=\"article:published_time\" content=\"2025-04-28T16:42:07+00:00\" \/>\n<meta name=\"author\" content=\"admin\" \/>\n<meta name=\"twitter:card\" content=\"summary_large_image\" \/>\n<meta name=\"twitter:label1\" content=\"Written by\" \/>\n\t<meta name=\"twitter:data1\" content=\"admin\" \/>\n\t<meta name=\"twitter:label2\" content=\"Estimated reading time\" \/>\n\t<meta name=\"twitter:data2\" content=\"1 minute\" \/>\n<script type=\"application\/ld+json\" class=\"yoast-schema-graph\">{\"@context\":\"https:\/\/schema.org\",\"@graph\":[{\"@type\":\"Article\",\"@id\":\"https:\/\/denizcankizil.tr\/en\/haberler\/gundem\/eczane-teknisyenleri-gunu-anitkabirde-kutlandi\/#article\",\"isPartOf\":{\"@id\":\"https:\/\/denizcankizil.tr\/en\/haberler\/gundem\/eczane-teknisyenleri-gunu-anitkabirde-kutlandi\/\"},\"author\":{\"name\":\"admin\",\"@id\":\"https:\/\/denizcankizil.tr\/de\/#\/schema\/person\/be3c05fe6a12686905512445d8185489\"},\"headline\":\"Eczane Teknisyenleri G\u00fcn\u00fc An\u0131tkabir\u2019de Kutland\u0131\",\"datePublished\":\"2025-04-28T16:42:07+00:00\",\"mainEntityOfPage\":{\"@id\":\"https:\/\/denizcankizil.tr\/en\/haberler\/gundem\/eczane-teknisyenleri-gunu-anitkabirde-kutlandi\/\"},\"wordCount\":260,\"publisher\":{\"@id\":\"https:\/\/denizcankizil.tr\/de\/#organization\"},\"articleSection\":[\"G\u00fcndem\"],\"inLanguage\":\"en-GB\"},{\"@type\":\"WebPage\",\"@id\":\"https:\/\/denizcankizil.tr\/en\/haberler\/gundem\/eczane-teknisyenleri-gunu-anitkabirde-kutlandi\/\",\"url\":\"https:\/\/denizcankizil.tr\/en\/haberler\/gundem\/eczane-teknisyenleri-gunu-anitkabirde-kutlandi\/\",\"name\":\"Eczane Teknisyenleri G\u00fcn\u00fc An\u0131tkabir\u2019de Kutland\u0131 - Av. Deniz Can K\u0131z\u0131l\",\"isPartOf\":{\"@id\":\"https:\/\/denizcankizil.tr\/de\/#website\"},\"datePublished\":\"2025-04-28T16:42:07+00:00\",\"breadcrumb\":{\"@id\":\"https:\/\/denizcankizil.tr\/en\/haberler\/gundem\/eczane-teknisyenleri-gunu-anitkabirde-kutlandi\/#breadcrumb\"},\"inLanguage\":\"en-GB\",\"potentialAction\":[{\"@type\":\"ReadAction\",\"target\":[\"https:\/\/denizcankizil.tr\/en\/haberler\/gundem\/eczane-teknisyenleri-gunu-anitkabirde-kutlandi\/\"]}]},{\"@type\":\"BreadcrumbList\",\"@id\":\"https:\/\/denizcankizil.tr\/en\/haberler\/gundem\/eczane-teknisyenleri-gunu-anitkabirde-kutlandi\/#breadcrumb\",\"itemListElement\":[{\"@type\":\"ListItem\",\"position\":1,\"name\":\"Home\",\"item\":\"https:\/\/denizcankizil.tr\/de\/\"},{\"@type\":\"ListItem\",\"position\":2,\"name\":\"Eczane Teknisyenleri G\u00fcn\u00fc An\u0131tkabir\u2019de Kutland\u0131\"}]},{\"@type\":\"WebSite\",\"@id\":\"https:\/\/denizcankizil.tr\/de\/#website\",\"url\":\"https:\/\/denizcankizil.tr\/de\/\",\"name\":\"Av. Deniz Can K\u0131z\u0131l\",\"description\":\"Avukat Deniz Can K\u0131z\u0131l Antalya Barosu\",\"publisher\":{\"@id\":\"https:\/\/denizcankizil.tr\/de\/#organization\"},\"potentialAction\":[{\"@type\":\"SearchAction\",\"target\":{\"@type\":\"EntryPoint\",\"urlTemplate\":\"https:\/\/denizcankizil.tr\/de\/?s={search_term_string}\"},\"query-input\":{\"@type\":\"PropertyValueSpecification\",\"valueRequired\":true,\"valueName\":\"search_term_string\"}}],\"inLanguage\":\"en-GB\"},{\"@type\":\"Organization\",\"@id\":\"https:\/\/denizcankizil.tr\/de\/#organization\",\"name\":\"Av. Deniz Can K\u0131z\u0131l\",\"url\":\"https:\/\/denizcankizil.tr\/de\/\",\"logo\":{\"@type\":\"ImageObject\",\"inLanguage\":\"en-GB\",\"@id\":\"https:\/\/denizcankizil.tr\/de\/#\/schema\/logo\/image\/\",\"url\":\"https:\/\/denizcankizil.tr\/wp-content\/uploads\/2024\/10\/siyah-logo-svg.svg\",\"contentUrl\":\"https:\/\/denizcankizil.tr\/wp-content\/uploads\/2024\/10\/siyah-logo-svg.svg\",\"width\":1080,\"height\":1080,\"caption\":\"Av. Deniz Can K\u0131z\u0131l\"},\"image\":{\"@id\":\"https:\/\/denizcankizil.tr\/de\/#\/schema\/logo\/image\/\"}},{\"@type\":\"Person\",\"@id\":\"https:\/\/denizcankizil.tr\/de\/#\/schema\/person\/be3c05fe6a12686905512445d8185489\",\"name\":\"admin\",\"image\":{\"@type\":\"ImageObject\",\"inLanguage\":\"en-GB\",\"@id\":\"https:\/\/denizcankizil.tr\/de\/#\/schema\/person\/image\/\",\"url\":\"https:\/\/secure.gravatar.com\/avatar\/c1fce94c830dc79107e174f890d7210541c4a63e8e5d816341794a2151c9d58c?s=96&d=mm&r=g\",\"contentUrl\":\"https:\/\/secure.gravatar.com\/avatar\/c1fce94c830dc79107e174f890d7210541c4a63e8e5d816341794a2151c9d58c?s=96&d=mm&r=g\",\"caption\":\"admin\"},\"sameAs\":[\"http:\/\/denizcankizil.tr\"],\"url\":\"https:\/\/www.iskenderun.org\/eczane-teknisyenleri-gunu-anitkabirde-kutlandi\"}]}<\/script>\n<!-- \/ Yoast SEO Premium plugin. -->","yoast_head_json":{"title":"Eczane Teknisyenleri G\u00fcn\u00fc An\u0131tkabir\u2019de Kutland\u0131 - Av. Deniz Can K\u0131z\u0131l","robots":{"index":"index","follow":"follow","max-snippet":"max-snippet:-1","max-image-preview":"max-image-preview:large","max-video-preview":"max-video-preview:-1"},"canonical":"https:\/\/denizcankizil.tr\/en\/haberler\/gundem\/eczane-teknisyenleri-gunu-anitkabirde-kutlandi\/","og_locale":"en_GB","og_type":"article","og_title":"Eczane Teknisyenleri G\u00fcn\u00fc An\u0131tkabir\u2019de Kutland\u0131","og_description":"Konfederasyon Ba\u015fkan\u0131 Erkan Ersan \u00f6nc\u00fcl\u00fc\u011f\u00fcnde ger\u00e7ekle\u015fen etkinli\u011fe; Eczane Teknisyenleri Akdeniz Federasyonu Ba\u015fkan\u0131 Cemal \u00c7elik\u2019in yan\u0131 s\u0131ra yedi farkl\u0131 federasyon ba\u015fkan\u0131 da kat\u0131ld\u0131. Ba\u015fkent Ankara\u2019da bir araya gelen teknisyenler, An\u0131tkabir\u2019de Aslanl\u0131 Yol\u2019dan y\u00fcr\u00fcyerek mozoleye ula\u015ft\u0131. Konfederasyon ad\u0131na Atat\u00fcrk\u2019\u00fcn mozolesine \u00e7elenk sunumu ger\u00e7ekle\u015ftirildi. T\u00f6ren, sayg\u0131 duru\u015fu ve \u0130stiklal Mar\u015f\u0131 ile devam etti. \u201cAtam\u0131z\u0131n Huzurunda Kutlamay\u0131 Tercih Ettik\u201d Etkinli\u011fe ili\u015fkin a\u00e7\u0131klamalarda bulunan Akdeniz Federasyonu ve \u0130skenderun Eczane Teknisyenleri Derne\u011fi Ba\u015fkan\u0131 Cemal \u00c7elik, bu y\u0131lki kutlamay\u0131 \u00f6zel bir anlamla ger\u00e7ekle\u015ftirdiklerini vurgulad\u0131. \u00c7elik, \u201cHer y\u0131l co\u015fkuyla kutlad\u0131\u011f\u0131m\u0131z Eczane Teknisyenleri G\u00fcn\u00fcn\u00fc bu y\u0131l konfederasyon, federasyon ve derneklerimizin ortak karar\u0131yla An\u0131tkabir\u2019de, Atam\u0131z\u0131n huzurunda ger\u00e7ekle\u015ftirdik. Muhte\u015fem bir kat\u0131l\u0131m ve co\u015fkulu bir atmosferle bu anlaml\u0131 g\u00fcn\u00fc ta\u00e7land\u0131rd\u0131k. T\u00fcm \u0130skenderun, Hatay ve Akdeniz B\u00f6lgesi&#8217;ndeki meslekta\u015flar\u0131m\u0131n g\u00fcn\u00fcn\u00fc kutluyorum,\u201d dedi. An\u0131tkabir&#8217;deki t\u00f6rende birlik ve mesleki dayan\u0131\u015fma mesajlar\u0131 verilirken, teknisyenler ad\u0131na g\u00fc\u00e7l\u00fc bir kurumsal duru\u015f sergilendi. \u200bEczane Teknisyenleri ve Teknikerleri Konfederasyonu, 25 Nisan Eczane Teknisyenleri G\u00fcn\u00fc\u2019n\u00fc An\u0131tkabir\u2019de anlaml\u0131 bir etkinlikle kutlad\u0131. T\u00fcrkiye genelinden federasyon ba\u015fkanlar\u0131 ve \u00e7ok say\u0131da meslekta\u015f, Ulu \u00d6nder Mustafa Kemal Atat\u00fcrk\u2019\u00fcn manevi huzuruna \u00e7\u0131kt\u0131.\u00a0 \u200bHaberin Al\u0131nt\u0131land\u0131\u011f\u0131 Kaynak: www.iskenderun.org","og_url":"https:\/\/denizcankizil.tr\/en\/haberler\/gundem\/eczane-teknisyenleri-gunu-anitkabirde-kutlandi\/","og_site_name":"Av. Deniz Can K\u0131z\u0131l","article_published_time":"2025-04-28T16:42:07+00:00","author":"admin","twitter_card":"summary_large_image","twitter_misc":{"Written by":"admin","Estimated reading time":"1 minute"},"schema":{"@context":"https:\/\/schema.org","@graph":[{"@type":"Article","@id":"https:\/\/denizcankizil.tr\/en\/haberler\/gundem\/eczane-teknisyenleri-gunu-anitkabirde-kutlandi\/#article","isPartOf":{"@id":"https:\/\/denizcankizil.tr\/en\/haberler\/gundem\/eczane-teknisyenleri-gunu-anitkabirde-kutlandi\/"},"author":{"name":"admin","@id":"https:\/\/denizcankizil.tr\/de\/#\/schema\/person\/be3c05fe6a12686905512445d8185489"},"headline":"Eczane Teknisyenleri G\u00fcn\u00fc An\u0131tkabir\u2019de Kutland\u0131","datePublished":"2025-04-28T16:42:07+00:00","mainEntityOfPage":{"@id":"https:\/\/denizcankizil.tr\/en\/haberler\/gundem\/eczane-teknisyenleri-gunu-anitkabirde-kutlandi\/"},"wordCount":260,"publisher":{"@id":"https:\/\/denizcankizil.tr\/de\/#organization"},"articleSection":["G\u00fcndem"],"inLanguage":"en-GB"},{"@type":"WebPage","@id":"https:\/\/denizcankizil.tr\/en\/haberler\/gundem\/eczane-teknisyenleri-gunu-anitkabirde-kutlandi\/","url":"https:\/\/denizcankizil.tr\/en\/haberler\/gundem\/eczane-teknisyenleri-gunu-anitkabirde-kutlandi\/","name":"Eczane Teknisyenleri G\u00fcn\u00fc An\u0131tkabir\u2019de Kutland\u0131 - Av. Deniz Can K\u0131z\u0131l","isPartOf":{"@id":"https:\/\/denizcankizil.tr\/de\/#website"},"datePublished":"2025-04-28T16:42:07+00:00","breadcrumb":{"@id":"https:\/\/denizcankizil.tr\/en\/haberler\/gundem\/eczane-teknisyenleri-gunu-anitkabirde-kutlandi\/#breadcrumb"},"inLanguage":"en-GB","potentialAction":[{"@type":"ReadAction","target":["https:\/\/denizcankizil.tr\/en\/haberler\/gundem\/eczane-teknisyenleri-gunu-anitkabirde-kutlandi\/"]}]},{"@type":"BreadcrumbList","@id":"https:\/\/denizcankizil.tr\/en\/haberler\/gundem\/eczane-teknisyenleri-gunu-anitkabirde-kutlandi\/#breadcrumb","itemListElement":[{"@type":"ListItem","position":1,"name":"Home","item":"https:\/\/denizcankizil.tr\/de\/"},{"@type":"ListItem","position":2,"name":"Eczane Teknisyenleri G\u00fcn\u00fc An\u0131tkabir\u2019de Kutland\u0131"}]},{"@type":"WebSite","@id":"https:\/\/denizcankizil.tr\/de\/#website","url":"https:\/\/denizcankizil.tr\/de\/","name":"Av. Deniz Can K\u0131z\u0131l","description":"Avukat Deniz Can K\u0131z\u0131l Antalya Barosu","publisher":{"@id":"https:\/\/denizcankizil.tr\/de\/#organization"},"potentialAction":[{"@type":"SearchAction","target":{"@type":"EntryPoint","urlTemplate":"https:\/\/denizcankizil.tr\/de\/?s={search_term_string}"},"query-input":{"@type":"PropertyValueSpecification","valueRequired":true,"valueName":"search_term_string"}}],"inLanguage":"en-GB"},{"@type":"Organization","@id":"https:\/\/denizcankizil.tr\/de\/#organization","name":"Av. Deniz Can K\u0131z\u0131l","url":"https:\/\/denizcankizil.tr\/de\/","logo":{"@type":"ImageObject","inLanguage":"en-GB","@id":"https:\/\/denizcankizil.tr\/de\/#\/schema\/logo\/image\/","url":"https:\/\/denizcankizil.tr\/wp-content\/uploads\/2024\/10\/siyah-logo-svg.svg","contentUrl":"https:\/\/denizcankizil.tr\/wp-content\/uploads\/2024\/10\/siyah-logo-svg.svg","width":1080,"height":1080,"caption":"Av. Deniz Can K\u0131z\u0131l"},"image":{"@id":"https:\/\/denizcankizil.tr\/de\/#\/schema\/logo\/image\/"}},{"@type":"Person","@id":"https:\/\/denizcankizil.tr\/de\/#\/schema\/person\/be3c05fe6a12686905512445d8185489","name":"admin","image":{"@type":"ImageObject","inLanguage":"en-GB","@id":"https:\/\/denizcankizil.tr\/de\/#\/schema\/person\/image\/","url":"https:\/\/secure.gravatar.com\/avatar\/c1fce94c830dc79107e174f890d7210541c4a63e8e5d816341794a2151c9d58c?s=96&d=mm&r=g","contentUrl":"https:\/\/secure.gravatar.com\/avatar\/c1fce94c830dc79107e174f890d7210541c4a63e8e5d816341794a2151c9d58c?s=96&d=mm&r=g","caption":"admin"},"sameAs":["http:\/\/denizcankizil.tr"],"url":"https:\/\/www.iskenderun.org\/eczane-teknisyenleri-gunu-anitkabirde-kutlandi"}]}},"_links":{"self":[{"href":"https:\/\/denizcankizil.tr\/en\/wp-json\/wp\/v2\/posts\/69501","targetHints":{"allow":["GET"]}}],"collection":[{"href":"https:\/\/denizcankizil.tr\/en\/wp-json\/wp\/v2\/posts"}],"about":[{"href":"https:\/\/denizcankizil.tr\/en\/wp-json\/wp\/v2\/types\/post"}],"author":[{"embeddable":true,"href":"https:\/\/denizcankizil.tr\/en\/wp-json\/wp\/v2\/users\/1"}],"replies":[{"embeddable":true,"href":"https:\/\/denizcankizil.tr\/en\/wp-json\/wp\/v2\/comments?post=69501"}],"version-history":[{"count":0,"href":"https:\/\/denizcankizil.tr\/en\/wp-json\/wp\/v2\/posts\/69501\/revisions"}],"wp:attachment":[{"href":"https:\/\/denizcankizil.tr\/en\/wp-json\/wp\/v2\/media?parent=69501"}],"wp:term":[{"taxonomy":"category","embeddable":true,"href":"https:\/\/denizcankizil.tr\/en\/wp-json\/wp\/v2\/categories?post=69501"},{"taxonomy":"post_tag","embeddable":true,"href":"https:\/\/denizcankizil.tr\/en\/wp-json\/wp\/v2\/tags?post=69501"}],"curies":[{"name":"wp","href":"https:\/\/api.w.org\/{rel}","templated":true}]}}