{"id":69319,"date":"2025-04-28T15:43:11","date_gmt":"2025-04-28T12:43:11","guid":{"rendered":"https:\/\/denizcankizil.tr\/uncategorized-tr\/adimlar-cocuklar-icin-nitelikli-egitim-destegine-donustu\/"},"modified":"2025-04-28T15:43:11","modified_gmt":"2025-04-28T12:43:11","slug":"adimlar-cocuklar-icin-nitelikli-egitim-destegine-donustu","status":"publish","type":"post","link":"https:\/\/denizcankizil.tr\/en\/haberler\/gundem\/adimlar-cocuklar-icin-nitelikli-egitim-destegine-donustu\/","title":{"rendered":"Ad\u0131mlar \u00e7ocuklar i\u00e7in nitelikli e\u011fitim deste\u011fine d\u00f6n\u00fc\u015ft\u00fc"},"content":{"rendered":"<p>\u201cBir \u00c7ocuk De\u011fi\u015fir, T\u00fcrkiye Geli\u015fir\u201d mottosuyla Cumhuriyetin ilke ve de\u011ferlerine sahip, \u00e7a\u011fda\u015f nesillerin yeti\u015fmesi i\u00e7in T\u00fcrkiye genelindeki etkinlik noktalar\u0131nda \u00e7ocuklara nitelikli e\u011fitim deste\u011fi sunan T\u00fcrkiye E\u011fitim G\u00f6n\u00fcll\u00fcleri Vakf\u0131 (TEGV), bu y\u0131l 27 Nisan\u2019da d\u00fczenlenen T\u00fcrkiye \u0130\u015f Bankas\u0131 20. \u0130stanbul Yar\u0131 Maratonu ko\u015fusuna kat\u0131ld\u0131.<\/p>\n<p>\u200b\u201cBir \u00c7ocuk De\u011fi\u015fir, T\u00fcrkiye Geli\u015fir\u201d mottosuyla Cumhuriyetin ilke ve de\u011ferlerine sahip, \u00e7a\u011fda\u015f nesillerin yeti\u015fmesi i\u00e7in T\u00fcrkiye genelindeki etkinlik noktalar\u0131nda \u00e7ocuklara nitelikli e\u011fitim deste\u011fi sunan T\u00fcrkiye E\u011fitim G\u00f6n\u00fcll\u00fcleri Vakf\u0131 (TEGV), bu y\u0131l 27 Nisan\u2019da d\u00fczenlenen T\u00fcrkiye \u0130\u015f Bankas\u0131 20. \u0130stanbul Yar\u0131 Maratonu ko\u015fusuna kat\u0131ld\u0131.\u00a0<\/p>\n<p>\u200bHaberin Al\u0131nt\u0131land\u0131\u011f\u0131 Kaynak: www.iskenderun.org<\/p>","protected":false},"excerpt":{"rendered":"<p>\u201cBir \u00c7ocuk De\u011fi\u015fir, T\u00fcrkiye Geli\u015fir\u201d mottosuyla Cumhuriyetin ilke ve de\u011ferlerine sahip, \u00e7a\u011fda\u015f nesillerin yeti\u015fmesi i\u00e7in T\u00fcrkiye genelindeki etkinlik noktalar\u0131nda \u00e7ocuklara nitelikli e\u011fitim deste\u011fi sunan T\u00fcrkiye E\u011fitim G\u00f6n\u00fcll\u00fcleri Vakf\u0131 (TEGV), bu y\u0131l 27 Nisan\u2019da d\u00fczenlenen T\u00fcrkiye \u0130\u015f Bankas\u0131 20. \u0130stanbul Yar\u0131 Maratonu ko\u015fusuna kat\u0131ld\u0131. \u200b\u201cBir \u00c7ocuk De\u011fi\u015fir, T\u00fcrkiye Geli\u015fir\u201d mottosuyla Cumhuriyetin ilke ve de\u011ferlerine sahip, \u00e7a\u011fda\u015f nesillerin yeti\u015fmesi i\u00e7in T\u00fcrkiye genelindeki etkinlik noktalar\u0131nda \u00e7ocuklara nitelikli e\u011fitim deste\u011fi sunan T\u00fcrkiye E\u011fitim G\u00f6n\u00fcll\u00fcleri Vakf\u0131 (TEGV), bu y\u0131l 27 Nisan\u2019da d\u00fczenlenen T\u00fcrkiye \u0130\u015f Bankas\u0131 20. \u0130stanbul Yar\u0131 Maratonu ko\u015fusuna kat\u0131ld\u0131.\u00a0 \u200bHaberin Al\u0131nt\u0131land\u0131\u011f\u0131 Kaynak: www.iskenderun.org<\/p>","protected":false},"author":1,"featured_media":0,"comment_status":"","ping_status":"open","sticky":false,"template":"","format":"standard","meta":{"_acf_changed":false,"footnotes":""},"categories":[24],"tags":[],"class_list":["post-69319","post","type-post","status-publish","format-standard","has-post-thumbnail","hentry","category-gundem"],"acf":[],"yoast_head":"<!-- This site is optimized with the Yoast SEO Premium plugin v26.6 (Yoast SEO v27.1.1) - https:\/\/yoast.com\/product\/yoast-seo-premium-wordpress\/ -->\n<title>Ad\u0131mlar \u00e7ocuklar i\u00e7in nitelikli e\u011fitim deste\u011fine d\u00f6n\u00fc\u015ft\u00fc - Av. Deniz Can K\u0131z\u0131l<\/title>\n<meta name=\"robots\" content=\"index, follow, max-snippet:-1, max-image-preview:large, max-video-preview:-1\" \/>\n<link rel=\"canonical\" href=\"https:\/\/denizcankizil.tr\/en\/haberler\/gundem\/adimlar-cocuklar-icin-nitelikli-egitim-destegine-donustu\/\" \/>\n<meta property=\"og:locale\" content=\"en_GB\" \/>\n<meta property=\"og:type\" content=\"article\" \/>\n<meta property=\"og:title\" content=\"Ad\u0131mlar \u00e7ocuklar i\u00e7in nitelikli e\u011fitim deste\u011fine d\u00f6n\u00fc\u015ft\u00fc\" \/>\n<meta property=\"og:description\" content=\"\u201cBir \u00c7ocuk De\u011fi\u015fir, T\u00fcrkiye Geli\u015fir\u201d mottosuyla Cumhuriyetin ilke ve de\u011ferlerine sahip, \u00e7a\u011fda\u015f nesillerin yeti\u015fmesi i\u00e7in T\u00fcrkiye genelindeki etkinlik noktalar\u0131nda \u00e7ocuklara nitelikli e\u011fitim deste\u011fi sunan T\u00fcrkiye E\u011fitim G\u00f6n\u00fcll\u00fcleri Vakf\u0131 (TEGV), bu y\u0131l 27 Nisan\u2019da d\u00fczenlenen T\u00fcrkiye \u0130\u015f Bankas\u0131 20. \u0130stanbul Yar\u0131 Maratonu ko\u015fusuna kat\u0131ld\u0131. \u200b\u201cBir \u00c7ocuk De\u011fi\u015fir, T\u00fcrkiye Geli\u015fir\u201d mottosuyla Cumhuriyetin ilke ve de\u011ferlerine sahip, \u00e7a\u011fda\u015f nesillerin yeti\u015fmesi i\u00e7in T\u00fcrkiye genelindeki etkinlik noktalar\u0131nda \u00e7ocuklara nitelikli e\u011fitim deste\u011fi sunan T\u00fcrkiye E\u011fitim G\u00f6n\u00fcll\u00fcleri Vakf\u0131 (TEGV), bu y\u0131l 27 Nisan\u2019da d\u00fczenlenen T\u00fcrkiye \u0130\u015f Bankas\u0131 20. \u0130stanbul Yar\u0131 Maratonu ko\u015fusuna kat\u0131ld\u0131.\u00a0 \u200bHaberin Al\u0131nt\u0131land\u0131\u011f\u0131 Kaynak: www.iskenderun.org\" \/>\n<meta property=\"og:url\" content=\"https:\/\/denizcankizil.tr\/en\/haberler\/gundem\/adimlar-cocuklar-icin-nitelikli-egitim-destegine-donustu\/\" \/>\n<meta property=\"og:site_name\" content=\"Av. Deniz Can K\u0131z\u0131l\" \/>\n<meta property=\"article:published_time\" content=\"2025-04-28T12:43:11+00:00\" \/>\n<meta name=\"author\" content=\"admin\" \/>\n<meta name=\"twitter:card\" content=\"summary_large_image\" \/>\n<meta name=\"twitter:label1\" content=\"Written by\" \/>\n\t<meta name=\"twitter:data1\" content=\"admin\" \/>\n\t<meta name=\"twitter:label2\" content=\"Estimated reading time\" \/>\n\t<meta name=\"twitter:data2\" content=\"1 minute\" \/>\n<script type=\"application\/ld+json\" class=\"yoast-schema-graph\">{\"@context\":\"https:\/\/schema.org\",\"@graph\":[{\"@type\":\"Article\",\"@id\":\"https:\/\/denizcankizil.tr\/en\/haberler\/gundem\/adimlar-cocuklar-icin-nitelikli-egitim-destegine-donustu\/#article\",\"isPartOf\":{\"@id\":\"https:\/\/denizcankizil.tr\/en\/haberler\/gundem\/adimlar-cocuklar-icin-nitelikli-egitim-destegine-donustu\/\"},\"author\":{\"name\":\"admin\",\"@id\":\"https:\/\/denizcankizil.tr\/de\/#\/schema\/person\/be3c05fe6a12686905512445d8185489\"},\"headline\":\"Ad\u0131mlar \u00e7ocuklar i\u00e7in nitelikli e\u011fitim deste\u011fine d\u00f6n\u00fc\u015ft\u00fc\",\"datePublished\":\"2025-04-28T12:43:11+00:00\",\"mainEntityOfPage\":{\"@id\":\"https:\/\/denizcankizil.tr\/en\/haberler\/gundem\/adimlar-cocuklar-icin-nitelikli-egitim-destegine-donustu\/\"},\"wordCount\":147,\"publisher\":{\"@id\":\"https:\/\/denizcankizil.tr\/de\/#organization\"},\"articleSection\":[\"G\u00fcndem\"],\"inLanguage\":\"en-GB\"},{\"@type\":\"WebPage\",\"@id\":\"https:\/\/denizcankizil.tr\/en\/haberler\/gundem\/adimlar-cocuklar-icin-nitelikli-egitim-destegine-donustu\/\",\"url\":\"https:\/\/denizcankizil.tr\/en\/haberler\/gundem\/adimlar-cocuklar-icin-nitelikli-egitim-destegine-donustu\/\",\"name\":\"Ad\u0131mlar \u00e7ocuklar i\u00e7in nitelikli e\u011fitim deste\u011fine d\u00f6n\u00fc\u015ft\u00fc - Av. Deniz Can K\u0131z\u0131l\",\"isPartOf\":{\"@id\":\"https:\/\/denizcankizil.tr\/de\/#website\"},\"datePublished\":\"2025-04-28T12:43:11+00:00\",\"breadcrumb\":{\"@id\":\"https:\/\/denizcankizil.tr\/en\/haberler\/gundem\/adimlar-cocuklar-icin-nitelikli-egitim-destegine-donustu\/#breadcrumb\"},\"inLanguage\":\"en-GB\",\"potentialAction\":[{\"@type\":\"ReadAction\",\"target\":[\"https:\/\/denizcankizil.tr\/en\/haberler\/gundem\/adimlar-cocuklar-icin-nitelikli-egitim-destegine-donustu\/\"]}]},{\"@type\":\"BreadcrumbList\",\"@id\":\"https:\/\/denizcankizil.tr\/en\/haberler\/gundem\/adimlar-cocuklar-icin-nitelikli-egitim-destegine-donustu\/#breadcrumb\",\"itemListElement\":[{\"@type\":\"ListItem\",\"position\":1,\"name\":\"Home\",\"item\":\"https:\/\/denizcankizil.tr\/de\/\"},{\"@type\":\"ListItem\",\"position\":2,\"name\":\"Ad\u0131mlar \u00e7ocuklar i\u00e7in nitelikli e\u011fitim deste\u011fine d\u00f6n\u00fc\u015ft\u00fc\"}]},{\"@type\":\"WebSite\",\"@id\":\"https:\/\/denizcankizil.tr\/de\/#website\",\"url\":\"https:\/\/denizcankizil.tr\/de\/\",\"name\":\"Av. Deniz Can K\u0131z\u0131l\",\"description\":\"Avukat Deniz Can K\u0131z\u0131l Antalya Barosu\",\"publisher\":{\"@id\":\"https:\/\/denizcankizil.tr\/de\/#organization\"},\"potentialAction\":[{\"@type\":\"SearchAction\",\"target\":{\"@type\":\"EntryPoint\",\"urlTemplate\":\"https:\/\/denizcankizil.tr\/de\/?s={search_term_string}\"},\"query-input\":{\"@type\":\"PropertyValueSpecification\",\"valueRequired\":true,\"valueName\":\"search_term_string\"}}],\"inLanguage\":\"en-GB\"},{\"@type\":\"Organization\",\"@id\":\"https:\/\/denizcankizil.tr\/de\/#organization\",\"name\":\"Av. Deniz Can K\u0131z\u0131l\",\"url\":\"https:\/\/denizcankizil.tr\/de\/\",\"logo\":{\"@type\":\"ImageObject\",\"inLanguage\":\"en-GB\",\"@id\":\"https:\/\/denizcankizil.tr\/de\/#\/schema\/logo\/image\/\",\"url\":\"https:\/\/denizcankizil.tr\/wp-content\/uploads\/2024\/10\/siyah-logo-svg.svg\",\"contentUrl\":\"https:\/\/denizcankizil.tr\/wp-content\/uploads\/2024\/10\/siyah-logo-svg.svg\",\"width\":1080,\"height\":1080,\"caption\":\"Av. Deniz Can K\u0131z\u0131l\"},\"image\":{\"@id\":\"https:\/\/denizcankizil.tr\/de\/#\/schema\/logo\/image\/\"}},{\"@type\":\"Person\",\"@id\":\"https:\/\/denizcankizil.tr\/de\/#\/schema\/person\/be3c05fe6a12686905512445d8185489\",\"name\":\"admin\",\"image\":{\"@type\":\"ImageObject\",\"inLanguage\":\"en-GB\",\"@id\":\"https:\/\/denizcankizil.tr\/de\/#\/schema\/person\/image\/\",\"url\":\"https:\/\/secure.gravatar.com\/avatar\/c1fce94c830dc79107e174f890d7210541c4a63e8e5d816341794a2151c9d58c?s=96&d=mm&r=g\",\"contentUrl\":\"https:\/\/secure.gravatar.com\/avatar\/c1fce94c830dc79107e174f890d7210541c4a63e8e5d816341794a2151c9d58c?s=96&d=mm&r=g\",\"caption\":\"admin\"},\"sameAs\":[\"http:\/\/denizcankizil.tr\"],\"url\":\"https:\/\/www.iskenderun.org\/adimlar-cocuklar-icin-nitelikli-egitim-destegine-donustu\"}]}<\/script>\n<!-- \/ Yoast SEO Premium plugin. -->","yoast_head_json":{"title":"Ad\u0131mlar \u00e7ocuklar i\u00e7in nitelikli e\u011fitim deste\u011fine d\u00f6n\u00fc\u015ft\u00fc - Av. Deniz Can K\u0131z\u0131l","robots":{"index":"index","follow":"follow","max-snippet":"max-snippet:-1","max-image-preview":"max-image-preview:large","max-video-preview":"max-video-preview:-1"},"canonical":"https:\/\/denizcankizil.tr\/en\/haberler\/gundem\/adimlar-cocuklar-icin-nitelikli-egitim-destegine-donustu\/","og_locale":"en_GB","og_type":"article","og_title":"Ad\u0131mlar \u00e7ocuklar i\u00e7in nitelikli e\u011fitim deste\u011fine d\u00f6n\u00fc\u015ft\u00fc","og_description":"\u201cBir \u00c7ocuk De\u011fi\u015fir, T\u00fcrkiye Geli\u015fir\u201d mottosuyla Cumhuriyetin ilke ve de\u011ferlerine sahip, \u00e7a\u011fda\u015f nesillerin yeti\u015fmesi i\u00e7in T\u00fcrkiye genelindeki etkinlik noktalar\u0131nda \u00e7ocuklara nitelikli e\u011fitim deste\u011fi sunan T\u00fcrkiye E\u011fitim G\u00f6n\u00fcll\u00fcleri Vakf\u0131 (TEGV), bu y\u0131l 27 Nisan\u2019da d\u00fczenlenen T\u00fcrkiye \u0130\u015f Bankas\u0131 20. \u0130stanbul Yar\u0131 Maratonu ko\u015fusuna kat\u0131ld\u0131. \u200b\u201cBir \u00c7ocuk De\u011fi\u015fir, T\u00fcrkiye Geli\u015fir\u201d mottosuyla Cumhuriyetin ilke ve de\u011ferlerine sahip, \u00e7a\u011fda\u015f nesillerin yeti\u015fmesi i\u00e7in T\u00fcrkiye genelindeki etkinlik noktalar\u0131nda \u00e7ocuklara nitelikli e\u011fitim deste\u011fi sunan T\u00fcrkiye E\u011fitim G\u00f6n\u00fcll\u00fcleri Vakf\u0131 (TEGV), bu y\u0131l 27 Nisan\u2019da d\u00fczenlenen T\u00fcrkiye \u0130\u015f Bankas\u0131 20. \u0130stanbul Yar\u0131 Maratonu ko\u015fusuna kat\u0131ld\u0131.\u00a0 \u200bHaberin Al\u0131nt\u0131land\u0131\u011f\u0131 Kaynak: www.iskenderun.org","og_url":"https:\/\/denizcankizil.tr\/en\/haberler\/gundem\/adimlar-cocuklar-icin-nitelikli-egitim-destegine-donustu\/","og_site_name":"Av. Deniz Can K\u0131z\u0131l","article_published_time":"2025-04-28T12:43:11+00:00","author":"admin","twitter_card":"summary_large_image","twitter_misc":{"Written by":"admin","Estimated reading time":"1 minute"},"schema":{"@context":"https:\/\/schema.org","@graph":[{"@type":"Article","@id":"https:\/\/denizcankizil.tr\/en\/haberler\/gundem\/adimlar-cocuklar-icin-nitelikli-egitim-destegine-donustu\/#article","isPartOf":{"@id":"https:\/\/denizcankizil.tr\/en\/haberler\/gundem\/adimlar-cocuklar-icin-nitelikli-egitim-destegine-donustu\/"},"author":{"name":"admin","@id":"https:\/\/denizcankizil.tr\/de\/#\/schema\/person\/be3c05fe6a12686905512445d8185489"},"headline":"Ad\u0131mlar \u00e7ocuklar i\u00e7in nitelikli e\u011fitim deste\u011fine d\u00f6n\u00fc\u015ft\u00fc","datePublished":"2025-04-28T12:43:11+00:00","mainEntityOfPage":{"@id":"https:\/\/denizcankizil.tr\/en\/haberler\/gundem\/adimlar-cocuklar-icin-nitelikli-egitim-destegine-donustu\/"},"wordCount":147,"publisher":{"@id":"https:\/\/denizcankizil.tr\/de\/#organization"},"articleSection":["G\u00fcndem"],"inLanguage":"en-GB"},{"@type":"WebPage","@id":"https:\/\/denizcankizil.tr\/en\/haberler\/gundem\/adimlar-cocuklar-icin-nitelikli-egitim-destegine-donustu\/","url":"https:\/\/denizcankizil.tr\/en\/haberler\/gundem\/adimlar-cocuklar-icin-nitelikli-egitim-destegine-donustu\/","name":"Ad\u0131mlar \u00e7ocuklar i\u00e7in nitelikli e\u011fitim deste\u011fine d\u00f6n\u00fc\u015ft\u00fc - Av. Deniz Can K\u0131z\u0131l","isPartOf":{"@id":"https:\/\/denizcankizil.tr\/de\/#website"},"datePublished":"2025-04-28T12:43:11+00:00","breadcrumb":{"@id":"https:\/\/denizcankizil.tr\/en\/haberler\/gundem\/adimlar-cocuklar-icin-nitelikli-egitim-destegine-donustu\/#breadcrumb"},"inLanguage":"en-GB","potentialAction":[{"@type":"ReadAction","target":["https:\/\/denizcankizil.tr\/en\/haberler\/gundem\/adimlar-cocuklar-icin-nitelikli-egitim-destegine-donustu\/"]}]},{"@type":"BreadcrumbList","@id":"https:\/\/denizcankizil.tr\/en\/haberler\/gundem\/adimlar-cocuklar-icin-nitelikli-egitim-destegine-donustu\/#breadcrumb","itemListElement":[{"@type":"ListItem","position":1,"name":"Home","item":"https:\/\/denizcankizil.tr\/de\/"},{"@type":"ListItem","position":2,"name":"Ad\u0131mlar \u00e7ocuklar i\u00e7in nitelikli e\u011fitim deste\u011fine d\u00f6n\u00fc\u015ft\u00fc"}]},{"@type":"WebSite","@id":"https:\/\/denizcankizil.tr\/de\/#website","url":"https:\/\/denizcankizil.tr\/de\/","name":"Av. Deniz Can K\u0131z\u0131l","description":"Avukat Deniz Can K\u0131z\u0131l Antalya Barosu","publisher":{"@id":"https:\/\/denizcankizil.tr\/de\/#organization"},"potentialAction":[{"@type":"SearchAction","target":{"@type":"EntryPoint","urlTemplate":"https:\/\/denizcankizil.tr\/de\/?s={search_term_string}"},"query-input":{"@type":"PropertyValueSpecification","valueRequired":true,"valueName":"search_term_string"}}],"inLanguage":"en-GB"},{"@type":"Organization","@id":"https:\/\/denizcankizil.tr\/de\/#organization","name":"Av. Deniz Can K\u0131z\u0131l","url":"https:\/\/denizcankizil.tr\/de\/","logo":{"@type":"ImageObject","inLanguage":"en-GB","@id":"https:\/\/denizcankizil.tr\/de\/#\/schema\/logo\/image\/","url":"https:\/\/denizcankizil.tr\/wp-content\/uploads\/2024\/10\/siyah-logo-svg.svg","contentUrl":"https:\/\/denizcankizil.tr\/wp-content\/uploads\/2024\/10\/siyah-logo-svg.svg","width":1080,"height":1080,"caption":"Av. Deniz Can K\u0131z\u0131l"},"image":{"@id":"https:\/\/denizcankizil.tr\/de\/#\/schema\/logo\/image\/"}},{"@type":"Person","@id":"https:\/\/denizcankizil.tr\/de\/#\/schema\/person\/be3c05fe6a12686905512445d8185489","name":"admin","image":{"@type":"ImageObject","inLanguage":"en-GB","@id":"https:\/\/denizcankizil.tr\/de\/#\/schema\/person\/image\/","url":"https:\/\/secure.gravatar.com\/avatar\/c1fce94c830dc79107e174f890d7210541c4a63e8e5d816341794a2151c9d58c?s=96&d=mm&r=g","contentUrl":"https:\/\/secure.gravatar.com\/avatar\/c1fce94c830dc79107e174f890d7210541c4a63e8e5d816341794a2151c9d58c?s=96&d=mm&r=g","caption":"admin"},"sameAs":["http:\/\/denizcankizil.tr"],"url":"https:\/\/www.iskenderun.org\/adimlar-cocuklar-icin-nitelikli-egitim-destegine-donustu"}]}},"_links":{"self":[{"href":"https:\/\/denizcankizil.tr\/en\/wp-json\/wp\/v2\/posts\/69319","targetHints":{"allow":["GET"]}}],"collection":[{"href":"https:\/\/denizcankizil.tr\/en\/wp-json\/wp\/v2\/posts"}],"about":[{"href":"https:\/\/denizcankizil.tr\/en\/wp-json\/wp\/v2\/types\/post"}],"author":[{"embeddable":true,"href":"https:\/\/denizcankizil.tr\/en\/wp-json\/wp\/v2\/users\/1"}],"replies":[{"embeddable":true,"href":"https:\/\/denizcankizil.tr\/en\/wp-json\/wp\/v2\/comments?post=69319"}],"version-history":[{"count":0,"href":"https:\/\/denizcankizil.tr\/en\/wp-json\/wp\/v2\/posts\/69319\/revisions"}],"wp:attachment":[{"href":"https:\/\/denizcankizil.tr\/en\/wp-json\/wp\/v2\/media?parent=69319"}],"wp:term":[{"taxonomy":"category","embeddable":true,"href":"https:\/\/denizcankizil.tr\/en\/wp-json\/wp\/v2\/categories?post=69319"},{"taxonomy":"post_tag","embeddable":true,"href":"https:\/\/denizcankizil.tr\/en\/wp-json\/wp\/v2\/tags?post=69319"}],"curies":[{"name":"wp","href":"https:\/\/api.w.org\/{rel}","templated":true}]}}