{"id":69315,"date":"2025-04-28T15:43:06","date_gmt":"2025-04-28T12:43:06","guid":{"rendered":"https:\/\/denizcankizil.tr\/uncategorized-tr\/efes-selcukta-cocuklar-ve-aileler-yalniz-degil\/"},"modified":"2025-04-28T15:43:06","modified_gmt":"2025-04-28T12:43:06","slug":"efes-selcukta-cocuklar-ve-aileler-yalniz-degil","status":"publish","type":"post","link":"https:\/\/denizcankizil.tr\/en\/haberler\/gundem\/efes-selcukta-cocuklar-ve-aileler-yalniz-degil\/","title":{"rendered":"Efes Sel\u00e7uk\u2019ta \u00e7ocuklar ve aileler yaln\u0131z de\u011fil"},"content":{"rendered":"<p>Efes Sel\u00e7uk Belediyesi, kad\u0131nlara ve \u00e7ocuklara y\u00f6nelik sosyal projeleri ile dikkat \u00e7ekiyor. Belediye Ba\u015fkan\u0131 Filiz Cerito\u011flu Sengel\u2019in 2019\u2019da g\u00f6reve gelmesinin ard\u0131ndan hayata ge\u00e7irdi\u011fi \u015een \u00c7ocuk At\u00f6lyeleri ve Mahalle K\u00fct\u00fcphaneleri ile \u00e7ocuklar\u0131n e\u011fitim s\u00fcrecine katk\u0131 sunulmas\u0131n\u0131n yan\u0131 s\u0131ra ailelere de destek sunuluyor.<\/p>\n<p>\u200bEfes Sel\u00e7uk Belediyesi, kad\u0131nlara ve \u00e7ocuklara y\u00f6nelik sosyal projeleri ile dikkat \u00e7ekiyor. Belediye Ba\u015fkan\u0131 Filiz Cerito\u011flu Sengel\u2019in 2019\u2019da g\u00f6reve gelmesinin ard\u0131ndan hayata ge\u00e7irdi\u011fi \u015een \u00c7ocuk At\u00f6lyeleri ve Mahalle K\u00fct\u00fcphaneleri ile \u00e7ocuklar\u0131n e\u011fitim s\u00fcrecine katk\u0131 sunulmas\u0131n\u0131n yan\u0131 s\u0131ra ailelere de destek sunuluyor.\u00a0<\/p>\n<p>\u200bHaberin Al\u0131nt\u0131land\u0131\u011f\u0131 Kaynak: www.iskenderun.org<\/p>","protected":false},"excerpt":{"rendered":"<p>Efes Sel\u00e7uk Belediyesi, kad\u0131nlara ve \u00e7ocuklara y\u00f6nelik sosyal projeleri ile dikkat \u00e7ekiyor. Belediye Ba\u015fkan\u0131 Filiz Cerito\u011flu Sengel\u2019in 2019\u2019da g\u00f6reve gelmesinin ard\u0131ndan hayata ge\u00e7irdi\u011fi \u015een \u00c7ocuk At\u00f6lyeleri ve Mahalle K\u00fct\u00fcphaneleri ile \u00e7ocuklar\u0131n e\u011fitim s\u00fcrecine katk\u0131 sunulmas\u0131n\u0131n yan\u0131 s\u0131ra ailelere de destek sunuluyor. \u200bEfes Sel\u00e7uk Belediyesi, kad\u0131nlara ve \u00e7ocuklara y\u00f6nelik sosyal projeleri ile dikkat \u00e7ekiyor. Belediye Ba\u015fkan\u0131 Filiz Cerito\u011flu Sengel\u2019in 2019\u2019da g\u00f6reve gelmesinin ard\u0131ndan hayata ge\u00e7irdi\u011fi \u015een \u00c7ocuk At\u00f6lyeleri ve Mahalle K\u00fct\u00fcphaneleri ile \u00e7ocuklar\u0131n e\u011fitim s\u00fcrecine katk\u0131 sunulmas\u0131n\u0131n yan\u0131 s\u0131ra ailelere de destek sunuluyor.\u00a0 \u200bHaberin Al\u0131nt\u0131land\u0131\u011f\u0131 Kaynak: www.iskenderun.org<\/p>","protected":false},"author":1,"featured_media":0,"comment_status":"","ping_status":"open","sticky":false,"template":"","format":"standard","meta":{"_acf_changed":false,"footnotes":""},"categories":[24],"tags":[],"class_list":["post-69315","post","type-post","status-publish","format-standard","has-post-thumbnail","hentry","category-gundem"],"acf":[],"yoast_head":"<!-- This site is optimized with the Yoast SEO Premium plugin v26.6 (Yoast SEO v27.1.1) - https:\/\/yoast.com\/product\/yoast-seo-premium-wordpress\/ -->\n<title>Efes Sel\u00e7uk\u2019ta \u00e7ocuklar ve aileler yaln\u0131z de\u011fil - Av. Deniz Can K\u0131z\u0131l<\/title>\n<meta name=\"robots\" content=\"index, follow, max-snippet:-1, max-image-preview:large, max-video-preview:-1\" \/>\n<link rel=\"canonical\" href=\"https:\/\/denizcankizil.tr\/en\/haberler\/gundem\/efes-selcukta-cocuklar-ve-aileler-yalniz-degil\/\" \/>\n<meta property=\"og:locale\" content=\"en_GB\" \/>\n<meta property=\"og:type\" content=\"article\" \/>\n<meta property=\"og:title\" content=\"Efes Sel\u00e7uk\u2019ta \u00e7ocuklar ve aileler yaln\u0131z de\u011fil\" \/>\n<meta property=\"og:description\" content=\"Efes Sel\u00e7uk Belediyesi, kad\u0131nlara ve \u00e7ocuklara y\u00f6nelik sosyal projeleri ile dikkat \u00e7ekiyor. Belediye Ba\u015fkan\u0131 Filiz Cerito\u011flu Sengel\u2019in 2019\u2019da g\u00f6reve gelmesinin ard\u0131ndan hayata ge\u00e7irdi\u011fi \u015een \u00c7ocuk At\u00f6lyeleri ve Mahalle K\u00fct\u00fcphaneleri ile \u00e7ocuklar\u0131n e\u011fitim s\u00fcrecine katk\u0131 sunulmas\u0131n\u0131n yan\u0131 s\u0131ra ailelere de destek sunuluyor. \u200bEfes Sel\u00e7uk Belediyesi, kad\u0131nlara ve \u00e7ocuklara y\u00f6nelik sosyal projeleri ile dikkat \u00e7ekiyor. Belediye Ba\u015fkan\u0131 Filiz Cerito\u011flu Sengel\u2019in 2019\u2019da g\u00f6reve gelmesinin ard\u0131ndan hayata ge\u00e7irdi\u011fi \u015een \u00c7ocuk At\u00f6lyeleri ve Mahalle K\u00fct\u00fcphaneleri ile \u00e7ocuklar\u0131n e\u011fitim s\u00fcrecine katk\u0131 sunulmas\u0131n\u0131n yan\u0131 s\u0131ra ailelere de destek sunuluyor.\u00a0 \u200bHaberin Al\u0131nt\u0131land\u0131\u011f\u0131 Kaynak: www.iskenderun.org\" \/>\n<meta property=\"og:url\" content=\"https:\/\/denizcankizil.tr\/en\/haberler\/gundem\/efes-selcukta-cocuklar-ve-aileler-yalniz-degil\/\" \/>\n<meta property=\"og:site_name\" content=\"Av. Deniz Can K\u0131z\u0131l\" \/>\n<meta property=\"article:published_time\" content=\"2025-04-28T12:43:06+00:00\" \/>\n<meta name=\"author\" content=\"admin\" \/>\n<meta name=\"twitter:card\" content=\"summary_large_image\" \/>\n<meta name=\"twitter:label1\" content=\"Written by\" \/>\n\t<meta name=\"twitter:data1\" content=\"admin\" \/>\n\t<meta name=\"twitter:label2\" content=\"Estimated reading time\" \/>\n\t<meta name=\"twitter:data2\" content=\"1 minute\" \/>\n<script type=\"application\/ld+json\" class=\"yoast-schema-graph\">{\"@context\":\"https:\/\/schema.org\",\"@graph\":[{\"@type\":\"Article\",\"@id\":\"https:\/\/denizcankizil.tr\/en\/haberler\/gundem\/efes-selcukta-cocuklar-ve-aileler-yalniz-degil\/#article\",\"isPartOf\":{\"@id\":\"https:\/\/denizcankizil.tr\/en\/haberler\/gundem\/efes-selcukta-cocuklar-ve-aileler-yalniz-degil\/\"},\"author\":{\"name\":\"admin\",\"@id\":\"https:\/\/denizcankizil.tr\/#\/schema\/person\/be3c05fe6a12686905512445d8185489\"},\"headline\":\"Efes Sel\u00e7uk\u2019ta \u00e7ocuklar ve aileler yaln\u0131z de\u011fil\",\"datePublished\":\"2025-04-28T12:43:06+00:00\",\"mainEntityOfPage\":{\"@id\":\"https:\/\/denizcankizil.tr\/en\/haberler\/gundem\/efes-selcukta-cocuklar-ve-aileler-yalniz-degil\/\"},\"wordCount\":139,\"publisher\":{\"@id\":\"https:\/\/denizcankizil.tr\/#organization\"},\"articleSection\":[\"G\u00fcndem\"],\"inLanguage\":\"en-GB\"},{\"@type\":\"WebPage\",\"@id\":\"https:\/\/denizcankizil.tr\/en\/haberler\/gundem\/efes-selcukta-cocuklar-ve-aileler-yalniz-degil\/\",\"url\":\"https:\/\/denizcankizil.tr\/en\/haberler\/gundem\/efes-selcukta-cocuklar-ve-aileler-yalniz-degil\/\",\"name\":\"Efes Sel\u00e7uk\u2019ta \u00e7ocuklar ve aileler yaln\u0131z de\u011fil - Av. Deniz Can K\u0131z\u0131l\",\"isPartOf\":{\"@id\":\"https:\/\/denizcankizil.tr\/#website\"},\"datePublished\":\"2025-04-28T12:43:06+00:00\",\"breadcrumb\":{\"@id\":\"https:\/\/denizcankizil.tr\/en\/haberler\/gundem\/efes-selcukta-cocuklar-ve-aileler-yalniz-degil\/#breadcrumb\"},\"inLanguage\":\"en-GB\",\"potentialAction\":[{\"@type\":\"ReadAction\",\"target\":[\"https:\/\/denizcankizil.tr\/en\/haberler\/gundem\/efes-selcukta-cocuklar-ve-aileler-yalniz-degil\/\"]}]},{\"@type\":\"BreadcrumbList\",\"@id\":\"https:\/\/denizcankizil.tr\/en\/haberler\/gundem\/efes-selcukta-cocuklar-ve-aileler-yalniz-degil\/#breadcrumb\",\"itemListElement\":[{\"@type\":\"ListItem\",\"position\":1,\"name\":\"Home\",\"item\":\"https:\/\/denizcankizil.tr\/uk\/\"},{\"@type\":\"ListItem\",\"position\":2,\"name\":\"Efes Sel\u00e7uk\u2019ta \u00e7ocuklar ve aileler yaln\u0131z de\u011fil\"}]},{\"@type\":\"WebSite\",\"@id\":\"https:\/\/denizcankizil.tr\/#website\",\"url\":\"https:\/\/denizcankizil.tr\/\",\"name\":\"Av. Deniz Can K\u0131z\u0131l\",\"description\":\"Avukat Deniz Can K\u0131z\u0131l Antalya Barosu\",\"publisher\":{\"@id\":\"https:\/\/denizcankizil.tr\/#organization\"},\"potentialAction\":[{\"@type\":\"SearchAction\",\"target\":{\"@type\":\"EntryPoint\",\"urlTemplate\":\"https:\/\/denizcankizil.tr\/?s={search_term_string}\"},\"query-input\":{\"@type\":\"PropertyValueSpecification\",\"valueRequired\":true,\"valueName\":\"search_term_string\"}}],\"inLanguage\":\"en-GB\"},{\"@type\":\"Organization\",\"@id\":\"https:\/\/denizcankizil.tr\/#organization\",\"name\":\"Av. Deniz Can K\u0131z\u0131l\",\"url\":\"https:\/\/denizcankizil.tr\/\",\"logo\":{\"@type\":\"ImageObject\",\"inLanguage\":\"en-GB\",\"@id\":\"https:\/\/denizcankizil.tr\/#\/schema\/logo\/image\/\",\"url\":\"https:\/\/denizcankizil.tr\/wp-content\/uploads\/2024\/10\/siyah-logo-svg.svg\",\"contentUrl\":\"https:\/\/denizcankizil.tr\/wp-content\/uploads\/2024\/10\/siyah-logo-svg.svg\",\"width\":1080,\"height\":1080,\"caption\":\"Av. Deniz Can K\u0131z\u0131l\"},\"image\":{\"@id\":\"https:\/\/denizcankizil.tr\/#\/schema\/logo\/image\/\"}},{\"@type\":\"Person\",\"@id\":\"https:\/\/denizcankizil.tr\/#\/schema\/person\/be3c05fe6a12686905512445d8185489\",\"name\":\"admin\",\"image\":{\"@type\":\"ImageObject\",\"inLanguage\":\"en-GB\",\"@id\":\"https:\/\/denizcankizil.tr\/#\/schema\/person\/image\/\",\"url\":\"https:\/\/secure.gravatar.com\/avatar\/c1fce94c830dc79107e174f890d7210541c4a63e8e5d816341794a2151c9d58c?s=96&d=mm&r=g\",\"contentUrl\":\"https:\/\/secure.gravatar.com\/avatar\/c1fce94c830dc79107e174f890d7210541c4a63e8e5d816341794a2151c9d58c?s=96&d=mm&r=g\",\"caption\":\"admin\"},\"sameAs\":[\"http:\/\/denizcankizil.tr\"],\"url\":\"https:\/\/www.iskenderun.org\/efes-selcukta-cocuklar-ve-aileler-yalniz-degil\"}]}<\/script>\n<!-- \/ Yoast SEO Premium plugin. -->","yoast_head_json":{"title":"Efes Sel\u00e7uk\u2019ta \u00e7ocuklar ve aileler yaln\u0131z de\u011fil - Av. Deniz Can K\u0131z\u0131l","robots":{"index":"index","follow":"follow","max-snippet":"max-snippet:-1","max-image-preview":"max-image-preview:large","max-video-preview":"max-video-preview:-1"},"canonical":"https:\/\/denizcankizil.tr\/en\/haberler\/gundem\/efes-selcukta-cocuklar-ve-aileler-yalniz-degil\/","og_locale":"en_GB","og_type":"article","og_title":"Efes Sel\u00e7uk\u2019ta \u00e7ocuklar ve aileler yaln\u0131z de\u011fil","og_description":"Efes Sel\u00e7uk Belediyesi, kad\u0131nlara ve \u00e7ocuklara y\u00f6nelik sosyal projeleri ile dikkat \u00e7ekiyor. Belediye Ba\u015fkan\u0131 Filiz Cerito\u011flu Sengel\u2019in 2019\u2019da g\u00f6reve gelmesinin ard\u0131ndan hayata ge\u00e7irdi\u011fi \u015een \u00c7ocuk At\u00f6lyeleri ve Mahalle K\u00fct\u00fcphaneleri ile \u00e7ocuklar\u0131n e\u011fitim s\u00fcrecine katk\u0131 sunulmas\u0131n\u0131n yan\u0131 s\u0131ra ailelere de destek sunuluyor. \u200bEfes Sel\u00e7uk Belediyesi, kad\u0131nlara ve \u00e7ocuklara y\u00f6nelik sosyal projeleri ile dikkat \u00e7ekiyor. Belediye Ba\u015fkan\u0131 Filiz Cerito\u011flu Sengel\u2019in 2019\u2019da g\u00f6reve gelmesinin ard\u0131ndan hayata ge\u00e7irdi\u011fi \u015een \u00c7ocuk At\u00f6lyeleri ve Mahalle K\u00fct\u00fcphaneleri ile \u00e7ocuklar\u0131n e\u011fitim s\u00fcrecine katk\u0131 sunulmas\u0131n\u0131n yan\u0131 s\u0131ra ailelere de destek sunuluyor.\u00a0 \u200bHaberin Al\u0131nt\u0131land\u0131\u011f\u0131 Kaynak: www.iskenderun.org","og_url":"https:\/\/denizcankizil.tr\/en\/haberler\/gundem\/efes-selcukta-cocuklar-ve-aileler-yalniz-degil\/","og_site_name":"Av. Deniz Can K\u0131z\u0131l","article_published_time":"2025-04-28T12:43:06+00:00","author":"admin","twitter_card":"summary_large_image","twitter_misc":{"Written by":"admin","Estimated reading time":"1 minute"},"schema":{"@context":"https:\/\/schema.org","@graph":[{"@type":"Article","@id":"https:\/\/denizcankizil.tr\/en\/haberler\/gundem\/efes-selcukta-cocuklar-ve-aileler-yalniz-degil\/#article","isPartOf":{"@id":"https:\/\/denizcankizil.tr\/en\/haberler\/gundem\/efes-selcukta-cocuklar-ve-aileler-yalniz-degil\/"},"author":{"name":"admin","@id":"https:\/\/denizcankizil.tr\/#\/schema\/person\/be3c05fe6a12686905512445d8185489"},"headline":"Efes Sel\u00e7uk\u2019ta \u00e7ocuklar ve aileler yaln\u0131z de\u011fil","datePublished":"2025-04-28T12:43:06+00:00","mainEntityOfPage":{"@id":"https:\/\/denizcankizil.tr\/en\/haberler\/gundem\/efes-selcukta-cocuklar-ve-aileler-yalniz-degil\/"},"wordCount":139,"publisher":{"@id":"https:\/\/denizcankizil.tr\/#organization"},"articleSection":["G\u00fcndem"],"inLanguage":"en-GB"},{"@type":"WebPage","@id":"https:\/\/denizcankizil.tr\/en\/haberler\/gundem\/efes-selcukta-cocuklar-ve-aileler-yalniz-degil\/","url":"https:\/\/denizcankizil.tr\/en\/haberler\/gundem\/efes-selcukta-cocuklar-ve-aileler-yalniz-degil\/","name":"Efes Sel\u00e7uk\u2019ta \u00e7ocuklar ve aileler yaln\u0131z de\u011fil - Av. Deniz Can K\u0131z\u0131l","isPartOf":{"@id":"https:\/\/denizcankizil.tr\/#website"},"datePublished":"2025-04-28T12:43:06+00:00","breadcrumb":{"@id":"https:\/\/denizcankizil.tr\/en\/haberler\/gundem\/efes-selcukta-cocuklar-ve-aileler-yalniz-degil\/#breadcrumb"},"inLanguage":"en-GB","potentialAction":[{"@type":"ReadAction","target":["https:\/\/denizcankizil.tr\/en\/haberler\/gundem\/efes-selcukta-cocuklar-ve-aileler-yalniz-degil\/"]}]},{"@type":"BreadcrumbList","@id":"https:\/\/denizcankizil.tr\/en\/haberler\/gundem\/efes-selcukta-cocuklar-ve-aileler-yalniz-degil\/#breadcrumb","itemListElement":[{"@type":"ListItem","position":1,"name":"Home","item":"https:\/\/denizcankizil.tr\/uk\/"},{"@type":"ListItem","position":2,"name":"Efes Sel\u00e7uk\u2019ta \u00e7ocuklar ve aileler yaln\u0131z de\u011fil"}]},{"@type":"WebSite","@id":"https:\/\/denizcankizil.tr\/#website","url":"https:\/\/denizcankizil.tr\/","name":"Av. Deniz Can K\u0131z\u0131l","description":"Avukat Deniz Can K\u0131z\u0131l Antalya Barosu","publisher":{"@id":"https:\/\/denizcankizil.tr\/#organization"},"potentialAction":[{"@type":"SearchAction","target":{"@type":"EntryPoint","urlTemplate":"https:\/\/denizcankizil.tr\/?s={search_term_string}"},"query-input":{"@type":"PropertyValueSpecification","valueRequired":true,"valueName":"search_term_string"}}],"inLanguage":"en-GB"},{"@type":"Organization","@id":"https:\/\/denizcankizil.tr\/#organization","name":"Av. Deniz Can K\u0131z\u0131l","url":"https:\/\/denizcankizil.tr\/","logo":{"@type":"ImageObject","inLanguage":"en-GB","@id":"https:\/\/denizcankizil.tr\/#\/schema\/logo\/image\/","url":"https:\/\/denizcankizil.tr\/wp-content\/uploads\/2024\/10\/siyah-logo-svg.svg","contentUrl":"https:\/\/denizcankizil.tr\/wp-content\/uploads\/2024\/10\/siyah-logo-svg.svg","width":1080,"height":1080,"caption":"Av. Deniz Can K\u0131z\u0131l"},"image":{"@id":"https:\/\/denizcankizil.tr\/#\/schema\/logo\/image\/"}},{"@type":"Person","@id":"https:\/\/denizcankizil.tr\/#\/schema\/person\/be3c05fe6a12686905512445d8185489","name":"admin","image":{"@type":"ImageObject","inLanguage":"en-GB","@id":"https:\/\/denizcankizil.tr\/#\/schema\/person\/image\/","url":"https:\/\/secure.gravatar.com\/avatar\/c1fce94c830dc79107e174f890d7210541c4a63e8e5d816341794a2151c9d58c?s=96&d=mm&r=g","contentUrl":"https:\/\/secure.gravatar.com\/avatar\/c1fce94c830dc79107e174f890d7210541c4a63e8e5d816341794a2151c9d58c?s=96&d=mm&r=g","caption":"admin"},"sameAs":["http:\/\/denizcankizil.tr"],"url":"https:\/\/www.iskenderun.org\/efes-selcukta-cocuklar-ve-aileler-yalniz-degil"}]}},"_links":{"self":[{"href":"https:\/\/denizcankizil.tr\/en\/wp-json\/wp\/v2\/posts\/69315","targetHints":{"allow":["GET"]}}],"collection":[{"href":"https:\/\/denizcankizil.tr\/en\/wp-json\/wp\/v2\/posts"}],"about":[{"href":"https:\/\/denizcankizil.tr\/en\/wp-json\/wp\/v2\/types\/post"}],"author":[{"embeddable":true,"href":"https:\/\/denizcankizil.tr\/en\/wp-json\/wp\/v2\/users\/1"}],"replies":[{"embeddable":true,"href":"https:\/\/denizcankizil.tr\/en\/wp-json\/wp\/v2\/comments?post=69315"}],"version-history":[{"count":0,"href":"https:\/\/denizcankizil.tr\/en\/wp-json\/wp\/v2\/posts\/69315\/revisions"}],"wp:attachment":[{"href":"https:\/\/denizcankizil.tr\/en\/wp-json\/wp\/v2\/media?parent=69315"}],"wp:term":[{"taxonomy":"category","embeddable":true,"href":"https:\/\/denizcankizil.tr\/en\/wp-json\/wp\/v2\/categories?post=69315"},{"taxonomy":"post_tag","embeddable":true,"href":"https:\/\/denizcankizil.tr\/en\/wp-json\/wp\/v2\/tags?post=69315"}],"curies":[{"name":"wp","href":"https:\/\/api.w.org\/{rel}","templated":true}]}}