{"id":66271,"date":"2025-04-25T18:42:15","date_gmt":"2025-04-25T15:42:15","guid":{"rendered":"https:\/\/denizcankizil.tr\/uncategorized-tr\/khkde-degisiklikler-iceren-kanun-teklifi-tbmmde\/"},"modified":"2025-04-25T18:42:15","modified_gmt":"2025-04-25T15:42:15","slug":"khkde-degisiklikler-iceren-kanun-teklifi-tbmmde","status":"publish","type":"post","link":"https:\/\/denizcankizil.tr\/en\/haberler\/gundem\/khkde-degisiklikler-iceren-kanun-teklifi-tbmmde\/","title":{"rendered":"KHK&#8217;de de\u011fi\u015fiklikler i\u00e7eren kanun teklifi TBMM&#8217;de"},"content":{"rendered":"<p>AK Parti milletvekillerinin imzas\u0131n\u0131 ta\u015f\u0131yan Baz\u0131 Kanunlar ile 375 Say\u0131l\u0131 Kanun H\u00fckm\u00fcnde Kararnamede De\u011fi\u015fiklik Yap\u0131lmas\u0131na Dair Kanun Teklifi, TBMM Ba\u015fkanl\u0131\u011f\u0131na sunuldu.ANKARA (\u0130GFA) &#8211; AK Partili vekillerin imzas\u0131yla TBMM Ba\u015fkanl\u0131\u011f\u0131&#8217;na sunulan teklifin detaylar\u0131 TBMM&#8217;nin resmi internet sitesinde yer ald\u0131.<br \/>\nBuna g\u00f6re Devlet Memurlar\u0131 Kanunu&#8217;ndaki de\u011fi\u015fiklikle, kanunlarla veya Cumhurba\u015fkanl\u0131\u011f\u0131 kararnameleriyle kurulmu\u015f di\u011fer kamu kurum, kurul, \u00fcst kurul ve kurulu\u015flar\u0131 taraf\u0131ndan mesle\u011fe \u00f6zel yar\u0131\u015fma s\u0131nav\u0131na tabi tutulmak suretiyle yap\u0131lacak al\u0131mlarda da 35 ya\u015f s\u0131n\u0131r\u0131 aranacak.<br \/>\nUyu\u015fmazl\u0131k Mahkemesinin Kurulu\u015f ve \u0130\u015fleyi\u015fi Hakk\u0131nda Kanun&#8217;daki d\u00fczenlemeyle, uyu\u015fmazl\u0131k mahkemesi ba\u015fkan\u0131, Anayasa Mahkemesince kendi \u00fcyeleri aras\u0131ndan se\u00e7ilecek.<br \/>\nKamu G\u00f6revlerinden Ayr\u0131lanlar\u0131n Yapamayacaklar\u0131 \u0130\u015fler Hakk\u0131nda Kanun&#8217;daki de\u011fi\u015fiklikle, vergi incelemesine yetkili olanlar, g\u00f6revlerinden ayr\u0131ld\u0131ktan sonra 3 y\u0131l s\u00fcreyle, g\u00f6revden ayr\u0131l\u0131\u015f tarihi itibar\u0131yla son 3 y\u0131l i\u00e7inde, nezdinde inceleme yapt\u0131klar\u0131 m\u00fckellefler veya bu m\u00fckelleflerin veya ortaklar\u0131n\u0131n idaresi, denetimi veya sermayesi bak\u0131m\u0131ndan do\u011frudan veya dolayl\u0131 olarak ba\u011fl\u0131 bulundu\u011fu ya da n\u00fcfuzu alt\u0131nda bulundurdu\u011fu kurumlarda herhangi bir g\u00f6rev veya i\u015f alamayacak, Serbest Muhasebeci Mali M\u00fc\u015favirlik ve Yeminli Mali M\u00fc\u015favirlik Kanunu kapsam\u0131nda s\u00f6zle\u015fme d\u00fczenleyemeyecek.<br \/>\nTeklifle, Bilgi Teknolojileri ve \u0130leti\u015fim Kurumunun Kurulu\u015funa \u0130li\u015fkin Kanun&#8217;da da de\u011fi\u015fikli\u011fe gidiliyor. Buna g\u00f6re, Bilgi Teknolojileri ve \u0130leti\u015fim Kurulu \u00fcyelerinin atama \u015fartlar\u0131 d\u00fczenlenecek. Kurul \u00fcyelerinin Devlet Memurlar\u0131 Kanunu&#8217;ndaki \u015fartlar\u0131 ta\u015f\u0131malar\u0131 ve herhangi bir siyasi partinin y\u00f6netim ve denetim organlar\u0131nda g\u00f6rev almam\u0131\u015f veya bu g\u00f6revlerinden ayr\u0131lm\u0131\u015f olmalar\u0131 gerekecek.<br \/>\nTRT&#8217;YE Y\u00d6NEL\u0130K D\u00dcZENLEMELER<br \/>\nT\u00fcrkiye Radyo ve Televizyon Kanunu&#8217;ndaki d\u00fczenlemeyle, TRT Genel M\u00fcd\u00fcr\u00fc&#8217;ne en y\u00fcksek devlet memurunun almakta oldu\u011fu ayl\u0131k ve s\u00f6zle\u015fme \u00fccreti ikramiye dahil \u00f6denecek. Ayl\u0131k \u00f6demelerde ek g\u00f6sterge, k\u0131dem ve taban ayl\u0131klar\u0131 ile sosyal yard\u0131m, zam ve tazminatlar esas al\u0131nacak. Ayn\u0131 kanundaki de\u011fi\u015fiklikle, TRT Y\u00f6netim Kurulu, kurumun ama\u00e7lar\u0131na uygun olmak \u015fart\u0131yla, \u00f6zel hukuk h\u00fck\u00fcmlerine tabi \u015firket kurabilece\u011fi gibi yerli veya yabanc\u0131 ger\u00e7ek veya t\u00fczel ki\u015filerle ortakl\u0131klar kurabilecek.<br \/>\nY\u00f6netim Kurulu, mevcut ortakl\u0131klara veya \u015firketlere i\u015ftirak edebilece\u011fi gibi, yurt i\u00e7inde veya yurt d\u0131\u015f\u0131nda yerli veya yabanc\u0131 ortakl\u0131klar\u0131 veya \u015firketleri tamamen sat\u0131n alabilecek veya devralabilecek.<br \/>\nKurumun ve pay\u0131na bak\u0131lmaks\u0131z\u0131n Kurum taraf\u0131ndan kurulan veya sat\u0131n al\u0131nan ya da i\u015ftirak edilen \u015firketlerin, her t\u00fcrl\u00fc al\u0131m, sat\u0131m, hizmet, dan\u0131\u015fmanl\u0131k, yap\u0131m ve ta\u015f\u0131ma i\u015flerine ili\u015fkin ihale i\u015flemleri Kamu \u0130hale Kanunu ve Kamu \u0130hale S\u00f6zle\u015fmeleri Kanunu h\u00fck\u00fcmlerine tabi olmayacak.<br \/>\nKurumun her t\u00fcrl\u00fc al\u0131m, sat\u0131m, hizmet, dan\u0131\u015fmanl\u0131k, yap\u0131m ve ta\u015f\u0131ma i\u015fleri ile bu hususlara ili\u015fkin ihale i\u015flemleri, yay\u0131n faaliyetlerinin gerektirdi\u011fi ko\u015fullar g\u00f6zetilmek suretiyle, saydaml\u0131k, rekabet, e\u015fit muamele, g\u00fcvenirlik, gizlilik, kamuoyu denetimi, ihtiya\u00e7lar\u0131n uygun \u015fartlarla ve zaman\u0131nda kar\u015f\u0131lanmas\u0131 ve kaynaklar\u0131n verimli kullan\u0131lmas\u0131 ilkeleri esas al\u0131narak, y\u00f6netmelikle d\u00fczenlenecek.<br \/>\nKurumda kadro kar\u015f\u0131l\u0131\u011f\u0131 s\u00f6zle\u015fmeli personel \u00e7al\u0131\u015ft\u0131r\u0131labilecek. Bu personele ili\u015fkin s\u0131nav, i\u015fe al\u0131nma, atanma ve g\u00f6revde y\u00fckselme gibi hususlar Y\u00f6netim Kurulu taraf\u0131ndan d\u00fczenlenecek. Bu personelin \u00fcnvanlar\u0131, say\u0131s\u0131, kadro iptal ve ihdaslar\u0131, \u00fccretleri, kadrolara uygulanacak ek g\u00f6stergeler, makam ve g\u00f6rev tazminat\u0131, \u00f6zel hizmet tazminat\u0131, fazla \u00e7al\u0131\u015fma \u00fccreti gibi personele sa\u011flanacak her t\u00fcrl\u00fc mali ve sosyal haklara ili\u015fkin usul ve esaslar, Y\u00f6netim Kurulunun teklifi \u00fczerine Cumhurba\u015fkan\u0131nca belirlenecek.<br \/>\nBor\u00e7lar Kanunu h\u00fck\u00fcmleri gere\u011fince de \u00f6zel hukuk h\u00fck\u00fcmlerine tabi personel \u00e7al\u0131\u015ft\u0131r\u0131labilecek. \u00d6zel hukuk h\u00fck\u00fcmlerine tabi personel y\u00f6netici kadrolar\u0131nda g\u00f6revlendirilebilecek.<br \/>\nGenel M\u00fcd\u00fcrl\u00fck personelinin g\u00f6revleriyle ba\u011flant\u0131l\u0131 olarak i\u015fledikleri iddia edilen su\u00e7lara ili\u015fkin soru\u015fturmalar, Memurlar ve Di\u011fer Kamu G\u00f6revlilerinin Yarg\u0131lanmas\u0131 Hakk\u0131nda Kanun&#8217;a g\u00f6re yap\u0131lacak ve bunlar hakk\u0131nda soru\u015fturma izni Genel M\u00fcd\u00fcr taraf\u0131ndan verilecek.<br \/>\nTRT&#8217;de g\u00f6revli kadrolu veya \u00f6zel hukuk h\u00fck\u00fcmlerine tabi personele, y\u0131lda 4 ayl\u0131k \u00fccret tutar\u0131n\u0131 a\u015fmamak \u00fczere Genel M\u00fcd\u00fcr\u00fcn teklifi ve Y\u00f6netim Kurulunun onay\u0131 ile ikramiye verilebilecek. Kamu idarelerine ait ta\u015f\u0131nmazlar ile devletin h\u00fck\u00fcm ve tasarrufu alt\u0131nda bulunan yerler, g\u00f6rev ve faaliyetlerinde kullan\u0131lmak \u00fczere TRT&#8217;ye bedelsiz tahsis edilebilecek.<br \/>\nKAMUDAK\u0130 UZMAN VE UZMAN YARDIMCISI \u0130ST\u0130HDAMINA \u0130L\u0130\u015eK\u0130N USUL VE ESASLAR<br \/>\nTeklifle, Savunma Sanayii ile \u0130lgili Baz\u0131 D\u00fczenlemeler Hakk\u0131nda Kanun&#8217;da de\u011fi\u015fikli\u011fe gidiliyor. Buna g\u00f6re, Silahl\u0131 Kuvvetler \u0130htiya\u00e7 Fazlas\u0131 Mal ve Hizmetlerinin Sat\u0131\u015f, Hibe, Devir ve Elden \u00c7\u0131kar\u0131lmas\u0131; Di\u011fer Devletler Ad\u0131na Yurt D\u0131\u015f\u0131 ve Yurt \u0130\u00e7i Al\u0131mlar\u0131n Yap\u0131lmas\u0131 ve E\u011fitim G\u00f6recek Yabanc\u0131 Personel Hakk\u0131nda Kanun&#8217;da, Milli Savunma Bakan\u0131na verilmi\u015f olan yetkiler Ba\u015fkanl\u0131k taraf\u0131ndan y\u00fcr\u00fct\u00fclen projelerdeki i\u015f ve i\u015flemler i\u00e7in Ba\u015fkana ait olacak.<br \/>\nBa\u015fkanl\u0131k personeli i\u00e7in Savunma Sanayii G\u00fcvenli\u011fi Kanunu uyar\u0131nca d\u00fczenlenen Ki\u015fi G\u00fcvenlik Belgesi aranmayacak.<br \/>\nTeklifle, 375 say\u0131l\u0131 KHK&#8217;deki d\u00fczenleme ile kamu kurum ve kurulu\u015flar\u0131nda idari hizmet s\u00f6zle\u015fmesiyle veya i\u015f mevzuat\u0131na tabi uzman ve uzman yard\u0131mc\u0131s\u0131 istihdam\u0131na ili\u015fkin usul ve esaslar belirleniyor.<br \/>\nBuna g\u00f6re, Devlet Memurlar\u0131 Kanunu kapsam\u0131nda personel istihdam edilmeyen kamu kurum ve kurulu\u015flar\u0131n\u0131n te\u015fkilatlanmas\u0131na ili\u015fkin Cumhurba\u015fkanl\u0131\u011f\u0131 kararnamelerinde \u00f6ng\u00f6r\u00fclmesi kayd\u0131yla kurumun g\u00f6rev alan\u0131na giren konularda \u00e7al\u0131\u015ft\u0131r\u0131lmak \u00fczere s\u00f6z konusu kanun ve di\u011fer kanunlar\u0131n s\u00f6zle\u015fmeli personel \u00e7al\u0131\u015ft\u0131r\u0131lmas\u0131 hakk\u0131ndaki h\u00fck\u00fcmlere ba\u011fl\u0131 olmaks\u0131z\u0131n idari hizmet s\u00f6zle\u015fmesiyle ya da i\u015f mevzuat\u0131na tabi olarak uzman ve uzman yard\u0131mc\u0131s\u0131 istihdam edilebilecek.<br \/>\nUzman ve uzman yard\u0131mc\u0131s\u0131 istihdam\u0131nda Devlet Memurlar\u0131 Kanunu&#8217;ndaki h\u00fck\u00fcmler k\u0131yasen uygulanacak. Ancak uzman yard\u0131mc\u0131lar\u0131ndan verilen ilave s\u00fcre i\u00e7inde tezlerini sunmayan veya ikinci defa haz\u0131rlad\u0131klar\u0131 tezleri de kabul edilmeyenler, ikinci s\u0131navda da ba\u015far\u0131 g\u00f6steremeyen veya s\u0131nav hakk\u0131n\u0131 kullanmayanlar ile yabanc\u0131 dil yeterlili\u011fi \u015fart\u0131n\u0131 yerine getirmeyenler, uzman yard\u0131mc\u0131s\u0131 \u00fcnvan\u0131n\u0131 kaybedecek ve kurumlar\u0131nda durumlar\u0131na uygun kadro veya pozisyonlara atanacak.<br \/>\nUzman ve uzman yard\u0131mc\u0131lar\u0131n\u0131n mesle\u011fe al\u0131nmalar\u0131, s\u0131navlar\u0131, nitelikleri, yeti\u015ftirilmeleri ve \u00e7al\u0131\u015fma usul ve esaslar\u0131 ile istihdamlar\u0131na ili\u015fkin di\u011fer hususlar kurumlar\u0131nca \u00e7\u0131kar\u0131lacak y\u00f6netmelikle belirlenecek. \u0130\u015f mevzuat\u0131na tabi uzman ve uzman yard\u0131mc\u0131lar\u0131na ili\u015fkin t\u00fcm ihtilaflar i\u015f mahkemelerinde g\u00f6r\u00fclecek.<br \/>\n375 say\u0131l\u0131 KHK&#8217;de yap\u0131lan de\u011fi\u015fiklikle, Cumhurba\u015fkanl\u0131\u011f\u0131, bakanl\u0131klar ile di\u011fer kamu kurum ve kurulu\u015flar\u0131n\u0131n te\u015fkilatlanmalar\u0131na ili\u015fkin Cumhurba\u015fkanl\u0131\u011f\u0131 kararnamelerinde \u00f6ng\u00f6r\u00fclmesi kayd\u0131yla, Devlet Memurlar\u0131 Kanunu ile di\u011fer kanunlar\u0131n s\u00f6zle\u015fmeli personel \u00e7al\u0131\u015ft\u0131r\u0131lmas\u0131 hakk\u0131ndaki h\u00fck\u00fcmlerine ba\u011fl\u0131 olmaks\u0131z\u0131n, \u00f6zel bilgi ve uzmanl\u0131k gerektiren ge\u00e7ici mahiyetteki i\u015flerde, yerli veya yabanc\u0131 personel tam zamanl\u0131, k\u0131smi zamanl\u0131 veya projelerle s\u0131n\u0131rl\u0131 olarak s\u00f6zle\u015fmeyle istihdam edilebilecek.<br \/>\nTeklifle, kamu kurum ve kurulu\u015flar\u0131n\u0131n te\u015fkilatlar\u0131nda Cumhurba\u015fkanl\u0131\u011f\u0131 kararnameleriyle ger\u00e7ekle\u015ftirilen d\u00fczenlemeler sonucu kadro veya pozisyonunun bulundu\u011fu kurumun veya birimin g\u00f6revleri ilgili Cumhurba\u015fkanl\u0131\u011f\u0131 kararnamesi h\u00fck\u00fcmlerine g\u00f6re di\u011fer kurum veya birimlere verilen personelin devir i\u015flemleri, di\u011fer kamu kurum ve kurulu\u015flar\u0131na atanmalar\u0131 ile yeni atand\u0131klar\u0131 kadro veya pozisyonlardaki mali ve \u00f6zl\u00fck haklar\u0131na ili\u015fkin hususlar d\u00fczenleniyor.<br \/>\n375 say\u0131l\u0131 KHK&#8217;de yer alan belirli kadro ve pozisyonlarda g\u00f6rev yapanlar\u0131n g\u00f6revden al\u0131nmas\u0131 halinde idari uzman kadrosuna atanmas\u0131 d\u00fczenleniyor. Buna g\u00f6re, &#8220;\u0130\u015f Kurumu \u0130l M\u00fcd\u00fcr\u00fc&#8221; ibaresi &#8220;T\u00fcrkiye \u0130\u015f Kurumunda il m\u00fcd\u00fcr\u00fc&#8221; \u015feklinde de\u011fi\u015ftiriliyor.<br \/>\n24 Kas\u0131m 2023 itibar\u0131yla T\u00fcrkiye \u0130\u015f Kurumunda il m\u00fcd\u00fcr\u00fc kadrosunda bulunanlar hakk\u0131nda, g\u00f6revlerinin sona ermesi veya g\u00f6revden al\u0131nmalar\u0131 halinde 375 say\u0131l\u0131 KHK&#8217;nin ge\u00e7ici 45&#8217;inci maddesindeki \u00f6zl\u00fck haklar\u0131na ili\u015fkin h\u00fck\u00fcmler uygulanacak.<\/p>\n<p>\u200bAK Parti milletvekillerinin imzas\u0131n\u0131 ta\u015f\u0131yan Baz\u0131 Kanunlar ile 375 Say\u0131l\u0131 Kanun H\u00fckm\u00fcnde Kararnamede De\u011fi\u015fiklik Yap\u0131lmas\u0131na Dair Kanun Teklifi, TBMM Ba\u015fkanl\u0131\u011f\u0131na sunuldu.ANKARA (\u0130GFA) &#8211; AK Partili vekillerin imzas\u0131yla TBMM Ba\u015fkanl\u0131\u011f\u0131&#8217;na sunulan teklifin detaylar\u0131 TBMM&#8217;nin resmi internet sitesinde yer ald\u0131.<br \/>\nBuna g\u00f6re Devlet Memurlar\u0131 Kanunu&#8217;ndaki de\u011fi\u015fiklikle, kanunlarla veya Cumhurba\u015fkanl\u0131\u011f\u0131 kararnameleriyle kurulmu\u015f di\u011fer kamu kurum, kurul, \u00fcst kurul ve kurulu\u015flar\u0131 taraf\u0131ndan mesle\u011fe \u00f6zel yar\u0131\u015fma s\u0131nav\u0131na tabi tutulmak suretiyle yap\u0131lacak al\u0131mlarda da 35 ya\u015f s\u0131n\u0131r\u0131 aranacak.<br \/>\nUyu\u015fmazl\u0131k Mahkemesinin Kurulu\u015f ve \u0130\u015fleyi\u015fi Hakk\u0131nda Kanun&#8217;daki d\u00fczenlemeyle, uyu\u015fmazl\u0131k mahkemesi ba\u015fkan\u0131, Anayasa Mahkemesince kendi \u00fcyeleri aras\u0131ndan se\u00e7ilecek.<br \/>\nKamu G\u00f6revlerinden Ayr\u0131lanlar\u0131n Yapamayacaklar\u0131 \u0130\u015fler Hakk\u0131nda Kanun&#8217;daki de\u011fi\u015fiklikle, vergi incelemesine yetkili olanlar, g\u00f6revlerinden ayr\u0131ld\u0131ktan sonra 3 y\u0131l s\u00fcreyle, g\u00f6revden ayr\u0131l\u0131\u015f tarihi itibar\u0131yla son 3 y\u0131l i\u00e7inde, nezdinde inceleme yapt\u0131klar\u0131 m\u00fckellefler veya bu m\u00fckelleflerin veya ortaklar\u0131n\u0131n idaresi, denetimi veya sermayesi bak\u0131m\u0131ndan do\u011frudan veya dolayl\u0131 olarak ba\u011fl\u0131 bulundu\u011fu ya da n\u00fcfuzu alt\u0131nda bulundurdu\u011fu kurumlarda herhangi bir g\u00f6rev veya i\u015f alamayacak, Serbest Muhasebeci Mali M\u00fc\u015favirlik ve Yeminli Mali M\u00fc\u015favirlik Kanunu kapsam\u0131nda s\u00f6zle\u015fme d\u00fczenleyemeyecek.<br \/>\nTeklifle, Bilgi Teknolojileri ve \u0130leti\u015fim Kurumunun Kurulu\u015funa \u0130li\u015fkin Kanun&#8217;da da de\u011fi\u015fikli\u011fe gidiliyor. Buna g\u00f6re, Bilgi Teknolojileri ve \u0130leti\u015fim Kurulu \u00fcyelerinin atama \u015fartlar\u0131 d\u00fczenlenecek. Kurul \u00fcyelerinin Devlet Memurlar\u0131 Kanunu&#8217;ndaki \u015fartlar\u0131 ta\u015f\u0131malar\u0131 ve herhangi bir siyasi partinin y\u00f6netim ve denetim organlar\u0131nda g\u00f6rev almam\u0131\u015f veya bu g\u00f6revlerinden ayr\u0131lm\u0131\u015f olmalar\u0131 gerekecek.<br \/>\nTRT&#8217;YE Y\u00d6NEL\u0130K D\u00dcZENLEMELER<br \/>\nT\u00fcrkiye Radyo ve Televizyon Kanunu&#8217;ndaki d\u00fczenlemeyle, TRT Genel M\u00fcd\u00fcr\u00fc&#8217;ne en y\u00fcksek devlet memurunun almakta oldu\u011fu ayl\u0131k ve s\u00f6zle\u015fme \u00fccreti ikramiye dahil \u00f6denecek. Ayl\u0131k \u00f6demelerde ek g\u00f6sterge, k\u0131dem ve taban ayl\u0131klar\u0131 ile sosyal yard\u0131m, zam ve tazminatlar esas al\u0131nacak. Ayn\u0131 kanundaki de\u011fi\u015fiklikle, TRT Y\u00f6netim Kurulu, kurumun ama\u00e7lar\u0131na uygun olmak \u015fart\u0131yla, \u00f6zel hukuk h\u00fck\u00fcmlerine tabi \u015firket kurabilece\u011fi gibi yerli veya yabanc\u0131 ger\u00e7ek veya t\u00fczel ki\u015filerle ortakl\u0131klar kurabilecek.<br \/>\nY\u00f6netim Kurulu, mevcut ortakl\u0131klara veya \u015firketlere i\u015ftirak edebilece\u011fi gibi, yurt i\u00e7inde veya yurt d\u0131\u015f\u0131nda yerli veya yabanc\u0131 ortakl\u0131klar\u0131 veya \u015firketleri tamamen sat\u0131n alabilecek veya devralabilecek.<br \/>\nKurumun ve pay\u0131na bak\u0131lmaks\u0131z\u0131n Kurum taraf\u0131ndan kurulan veya sat\u0131n al\u0131nan ya da i\u015ftirak edilen \u015firketlerin, her t\u00fcrl\u00fc al\u0131m, sat\u0131m, hizmet, dan\u0131\u015fmanl\u0131k, yap\u0131m ve ta\u015f\u0131ma i\u015flerine ili\u015fkin ihale i\u015flemleri Kamu \u0130hale Kanunu ve Kamu \u0130hale S\u00f6zle\u015fmeleri Kanunu h\u00fck\u00fcmlerine tabi olmayacak.<br \/>\nKurumun her t\u00fcrl\u00fc al\u0131m, sat\u0131m, hizmet, dan\u0131\u015fmanl\u0131k, yap\u0131m ve ta\u015f\u0131ma i\u015fleri ile bu hususlara ili\u015fkin ihale i\u015flemleri, yay\u0131n faaliyetlerinin gerektirdi\u011fi ko\u015fullar g\u00f6zetilmek suretiyle, saydaml\u0131k, rekabet, e\u015fit muamele, g\u00fcvenirlik, gizlilik, kamuoyu denetimi, ihtiya\u00e7lar\u0131n uygun \u015fartlarla ve zaman\u0131nda kar\u015f\u0131lanmas\u0131 ve kaynaklar\u0131n verimli kullan\u0131lmas\u0131 ilkeleri esas al\u0131narak, y\u00f6netmelikle d\u00fczenlenecek.<br \/>\nKurumda kadro kar\u015f\u0131l\u0131\u011f\u0131 s\u00f6zle\u015fmeli personel \u00e7al\u0131\u015ft\u0131r\u0131labilecek. Bu personele ili\u015fkin s\u0131nav, i\u015fe al\u0131nma, atanma ve g\u00f6revde y\u00fckselme gibi hususlar Y\u00f6netim Kurulu taraf\u0131ndan d\u00fczenlenecek. Bu personelin \u00fcnvanlar\u0131, say\u0131s\u0131, kadro iptal ve ihdaslar\u0131, \u00fccretleri, kadrolara uygulanacak ek g\u00f6stergeler, makam ve g\u00f6rev tazminat\u0131, \u00f6zel hizmet tazminat\u0131, fazla \u00e7al\u0131\u015fma \u00fccreti gibi personele sa\u011flanacak her t\u00fcrl\u00fc mali ve sosyal haklara ili\u015fkin usul ve esaslar, Y\u00f6netim Kurulunun teklifi \u00fczerine Cumhurba\u015fkan\u0131nca belirlenecek.<br \/>\nBor\u00e7lar Kanunu h\u00fck\u00fcmleri gere\u011fince de \u00f6zel hukuk h\u00fck\u00fcmlerine tabi personel \u00e7al\u0131\u015ft\u0131r\u0131labilecek. \u00d6zel hukuk h\u00fck\u00fcmlerine tabi personel y\u00f6netici kadrolar\u0131nda g\u00f6revlendirilebilecek.<br \/>\nGenel M\u00fcd\u00fcrl\u00fck personelinin g\u00f6revleriyle ba\u011flant\u0131l\u0131 olarak i\u015fledikleri iddia edilen su\u00e7lara ili\u015fkin soru\u015fturmalar, Memurlar ve Di\u011fer Kamu G\u00f6revlilerinin Yarg\u0131lanmas\u0131 Hakk\u0131nda Kanun&#8217;a g\u00f6re yap\u0131lacak ve bunlar hakk\u0131nda soru\u015fturma izni Genel M\u00fcd\u00fcr taraf\u0131ndan verilecek.<br \/>\nTRT&#8217;de g\u00f6revli kadrolu veya \u00f6zel hukuk h\u00fck\u00fcmlerine tabi personele, y\u0131lda 4 ayl\u0131k \u00fccret tutar\u0131n\u0131 a\u015fmamak \u00fczere Genel M\u00fcd\u00fcr\u00fcn teklifi ve Y\u00f6netim Kurulunun onay\u0131 ile ikramiye verilebilecek. Kamu idarelerine ait ta\u015f\u0131nmazlar ile devletin h\u00fck\u00fcm ve tasarrufu alt\u0131nda bulunan yerler, g\u00f6rev ve faaliyetlerinde kullan\u0131lmak \u00fczere TRT&#8217;ye bedelsiz tahsis edilebilecek.<br \/>\nKAMUDAK\u0130 UZMAN VE UZMAN YARDIMCISI \u0130ST\u0130HDAMINA \u0130L\u0130\u015eK\u0130N USUL VE ESASLAR<br \/>\nTeklifle, Savunma Sanayii ile \u0130lgili Baz\u0131 D\u00fczenlemeler Hakk\u0131nda Kanun&#8217;da de\u011fi\u015fikli\u011fe gidiliyor. Buna g\u00f6re, Silahl\u0131 Kuvvetler \u0130htiya\u00e7 Fazlas\u0131 Mal ve Hizmetlerinin Sat\u0131\u015f, Hibe, Devir ve Elden \u00c7\u0131kar\u0131lmas\u0131; Di\u011fer Devletler Ad\u0131na Yurt D\u0131\u015f\u0131 ve Yurt \u0130\u00e7i Al\u0131mlar\u0131n Yap\u0131lmas\u0131 ve E\u011fitim G\u00f6recek Yabanc\u0131 Personel Hakk\u0131nda Kanun&#8217;da, Milli Savunma Bakan\u0131na verilmi\u015f olan yetkiler Ba\u015fkanl\u0131k taraf\u0131ndan y\u00fcr\u00fct\u00fclen projelerdeki i\u015f ve i\u015flemler i\u00e7in Ba\u015fkana ait olacak.<br \/>\nBa\u015fkanl\u0131k personeli i\u00e7in Savunma Sanayii G\u00fcvenli\u011fi Kanunu uyar\u0131nca d\u00fczenlenen Ki\u015fi G\u00fcvenlik Belgesi aranmayacak.<br \/>\nTeklifle, 375 say\u0131l\u0131 KHK&#8217;deki d\u00fczenleme ile kamu kurum ve kurulu\u015flar\u0131nda idari hizmet s\u00f6zle\u015fmesiyle veya i\u015f mevzuat\u0131na tabi uzman ve uzman yard\u0131mc\u0131s\u0131 istihdam\u0131na ili\u015fkin usul ve esaslar belirleniyor.<br \/>\nBuna g\u00f6re, Devlet Memurlar\u0131 Kanunu kapsam\u0131nda personel istihdam edilmeyen kamu kurum ve kurulu\u015flar\u0131n\u0131n te\u015fkilatlanmas\u0131na ili\u015fkin Cumhurba\u015fkanl\u0131\u011f\u0131 kararnamelerinde \u00f6ng\u00f6r\u00fclmesi kayd\u0131yla kurumun g\u00f6rev alan\u0131na giren konularda \u00e7al\u0131\u015ft\u0131r\u0131lmak \u00fczere s\u00f6z konusu kanun ve di\u011fer kanunlar\u0131n s\u00f6zle\u015fmeli personel \u00e7al\u0131\u015ft\u0131r\u0131lmas\u0131 hakk\u0131ndaki h\u00fck\u00fcmlere ba\u011fl\u0131 olmaks\u0131z\u0131n idari hizmet s\u00f6zle\u015fmesiyle ya da i\u015f mevzuat\u0131na tabi olarak uzman ve uzman yard\u0131mc\u0131s\u0131 istihdam edilebilecek.<br \/>\nUzman ve uzman yard\u0131mc\u0131s\u0131 istihdam\u0131nda Devlet Memurlar\u0131 Kanunu&#8217;ndaki h\u00fck\u00fcmler k\u0131yasen uygulanacak. Ancak uzman yard\u0131mc\u0131lar\u0131ndan verilen ilave s\u00fcre i\u00e7inde tezlerini sunmayan veya ikinci defa haz\u0131rlad\u0131klar\u0131 tezleri de kabul edilmeyenler, ikinci s\u0131navda da ba\u015far\u0131 g\u00f6steremeyen veya s\u0131nav hakk\u0131n\u0131 kullanmayanlar ile yabanc\u0131 dil yeterlili\u011fi \u015fart\u0131n\u0131 yerine getirmeyenler, uzman yard\u0131mc\u0131s\u0131 \u00fcnvan\u0131n\u0131 kaybedecek ve kurumlar\u0131nda durumlar\u0131na uygun kadro veya pozisyonlara atanacak.<br \/>\nUzman ve uzman yard\u0131mc\u0131lar\u0131n\u0131n mesle\u011fe al\u0131nmalar\u0131, s\u0131navlar\u0131, nitelikleri, yeti\u015ftirilmeleri ve \u00e7al\u0131\u015fma usul ve esaslar\u0131 ile istihdamlar\u0131na ili\u015fkin di\u011fer hususlar kurumlar\u0131nca \u00e7\u0131kar\u0131lacak y\u00f6netmelikle belirlenecek. \u0130\u015f mevzuat\u0131na tabi uzman ve uzman yard\u0131mc\u0131lar\u0131na ili\u015fkin t\u00fcm ihtilaflar i\u015f mahkemelerinde g\u00f6r\u00fclecek.<br \/>\n375 say\u0131l\u0131 KHK&#8217;de yap\u0131lan de\u011fi\u015fiklikle, Cumhurba\u015fkanl\u0131\u011f\u0131, bakanl\u0131klar ile di\u011fer kamu kurum ve kurulu\u015flar\u0131n\u0131n te\u015fkilatlanmalar\u0131na ili\u015fkin Cumhurba\u015fkanl\u0131\u011f\u0131 kararnamelerinde \u00f6ng\u00f6r\u00fclmesi kayd\u0131yla, Devlet Memurlar\u0131 Kanunu ile di\u011fer kanunlar\u0131n s\u00f6zle\u015fmeli personel \u00e7al\u0131\u015ft\u0131r\u0131lmas\u0131 hakk\u0131ndaki h\u00fck\u00fcmlerine ba\u011fl\u0131 olmaks\u0131z\u0131n, \u00f6zel bilgi ve uzmanl\u0131k gerektiren ge\u00e7ici mahiyetteki i\u015flerde, yerli veya yabanc\u0131 personel tam zamanl\u0131, k\u0131smi zamanl\u0131 veya projelerle s\u0131n\u0131rl\u0131 olarak s\u00f6zle\u015fmeyle istihdam edilebilecek.<br \/>\nTeklifle, kamu kurum ve kurulu\u015flar\u0131n\u0131n te\u015fkilatlar\u0131nda Cumhurba\u015fkanl\u0131\u011f\u0131 kararnameleriyle ger\u00e7ekle\u015ftirilen d\u00fczenlemeler sonucu kadro veya pozisyonunun bulundu\u011fu kurumun veya birimin g\u00f6revleri ilgili Cumhurba\u015fkanl\u0131\u011f\u0131 kararnamesi h\u00fck\u00fcmlerine g\u00f6re di\u011fer kurum veya birimlere verilen personelin devir i\u015flemleri, di\u011fer kamu kurum ve kurulu\u015flar\u0131na atanmalar\u0131 ile yeni atand\u0131klar\u0131 kadro veya pozisyonlardaki mali ve \u00f6zl\u00fck haklar\u0131na ili\u015fkin hususlar d\u00fczenleniyor.<br \/>\n375 say\u0131l\u0131 KHK&#8217;de yer alan belirli kadro ve pozisyonlarda g\u00f6rev yapanlar\u0131n g\u00f6revden al\u0131nmas\u0131 halinde idari uzman kadrosuna atanmas\u0131 d\u00fczenleniyor. Buna g\u00f6re, &#8220;\u0130\u015f Kurumu \u0130l M\u00fcd\u00fcr\u00fc&#8221; ibaresi &#8220;T\u00fcrkiye \u0130\u015f Kurumunda il m\u00fcd\u00fcr\u00fc&#8221; \u015feklinde de\u011fi\u015ftiriliyor.<br \/>\n24 Kas\u0131m 2023 itibar\u0131yla T\u00fcrkiye \u0130\u015f Kurumunda il m\u00fcd\u00fcr\u00fc kadrosunda bulunanlar hakk\u0131nda, g\u00f6revlerinin sona ermesi veya g\u00f6revden al\u0131nmalar\u0131 halinde 375 say\u0131l\u0131 KHK&#8217;nin ge\u00e7ici 45&#8217;inci maddesindeki \u00f6zl\u00fck haklar\u0131na ili\u015fkin h\u00fck\u00fcmler uygulanacak.\u00a0<\/p>\n<p>\u200bHaberin Al\u0131nt\u0131land\u0131\u011f\u0131 Kaynak: www.iskenderun.org<\/p>","protected":false},"excerpt":{"rendered":"<p>AK Parti milletvekillerinin imzas\u0131n\u0131 ta\u015f\u0131yan Baz\u0131 Kanunlar ile 375 Say\u0131l\u0131 Kanun H\u00fckm\u00fcnde Kararnamede De\u011fi\u015fiklik Yap\u0131lmas\u0131na Dair Kanun Teklifi, TBMM Ba\u015fkanl\u0131\u011f\u0131na sunuldu.ANKARA (\u0130GFA) &#8211; AK Partili vekillerin imzas\u0131yla TBMM Ba\u015fkanl\u0131\u011f\u0131&#8217;na sunulan teklifin detaylar\u0131 TBMM&#8217;nin resmi internet sitesinde yer ald\u0131. Buna g\u00f6re Devlet Memurlar\u0131 Kanunu&#8217;ndaki de\u011fi\u015fiklikle, kanunlarla veya Cumhurba\u015fkanl\u0131\u011f\u0131 kararnameleriyle kurulmu\u015f di\u011fer kamu kurum, kurul, \u00fcst kurul ve kurulu\u015flar\u0131 taraf\u0131ndan mesle\u011fe \u00f6zel yar\u0131\u015fma s\u0131nav\u0131na tabi tutulmak suretiyle yap\u0131lacak al\u0131mlarda da 35 ya\u015f s\u0131n\u0131r\u0131 aranacak. Uyu\u015fmazl\u0131k Mahkemesinin Kurulu\u015f ve \u0130\u015fleyi\u015fi Hakk\u0131nda Kanun&#8217;daki d\u00fczenlemeyle, uyu\u015fmazl\u0131k mahkemesi ba\u015fkan\u0131, Anayasa Mahkemesince kendi \u00fcyeleri aras\u0131ndan se\u00e7ilecek. Kamu G\u00f6revlerinden Ayr\u0131lanlar\u0131n Yapamayacaklar\u0131 \u0130\u015fler Hakk\u0131nda Kanun&#8217;daki de\u011fi\u015fiklikle, vergi incelemesine yetkili olanlar, g\u00f6revlerinden ayr\u0131ld\u0131ktan sonra 3 y\u0131l s\u00fcreyle, g\u00f6revden ayr\u0131l\u0131\u015f tarihi itibar\u0131yla son 3 y\u0131l i\u00e7inde, nezdinde inceleme yapt\u0131klar\u0131 m\u00fckellefler veya bu m\u00fckelleflerin veya ortaklar\u0131n\u0131n idaresi, denetimi veya sermayesi bak\u0131m\u0131ndan do\u011frudan veya dolayl\u0131 olarak ba\u011fl\u0131 bulundu\u011fu ya da n\u00fcfuzu alt\u0131nda bulundurdu\u011fu kurumlarda herhangi bir g\u00f6rev veya i\u015f alamayacak, Serbest Muhasebeci Mali M\u00fc\u015favirlik ve Yeminli Mali M\u00fc\u015favirlik Kanunu kapsam\u0131nda s\u00f6zle\u015fme d\u00fczenleyemeyecek. Teklifle, Bilgi Teknolojileri ve \u0130leti\u015fim Kurumunun Kurulu\u015funa \u0130li\u015fkin Kanun&#8217;da da de\u011fi\u015fikli\u011fe gidiliyor. Buna g\u00f6re, Bilgi Teknolojileri ve \u0130leti\u015fim Kurulu \u00fcyelerinin atama \u015fartlar\u0131 d\u00fczenlenecek. Kurul \u00fcyelerinin Devlet Memurlar\u0131 Kanunu&#8217;ndaki \u015fartlar\u0131 ta\u015f\u0131malar\u0131 ve herhangi bir siyasi partinin y\u00f6netim ve denetim organlar\u0131nda g\u00f6rev almam\u0131\u015f &hellip;<\/p>","protected":false},"author":1,"featured_media":0,"comment_status":"","ping_status":"open","sticky":false,"template":"","format":"standard","meta":{"_acf_changed":false,"footnotes":""},"categories":[24],"tags":[],"class_list":["post-66271","post","type-post","status-publish","format-standard","has-post-thumbnail","hentry","category-gundem"],"acf":[],"yoast_head":"<!-- This site is optimized with the Yoast SEO Premium plugin v26.6 (Yoast SEO v27.1.1) - https:\/\/yoast.com\/product\/yoast-seo-premium-wordpress\/ -->\n<title>KHK&#039;de de\u011fi\u015fiklikler i\u00e7eren kanun teklifi TBMM&#039;de - Av. Deniz Can K\u0131z\u0131l<\/title>\n<meta name=\"robots\" content=\"index, follow, max-snippet:-1, max-image-preview:large, max-video-preview:-1\" \/>\n<link rel=\"canonical\" href=\"http:\/\/denizcankizil.tr\/en\/haberler\/gundem\/khkde-degisiklikler-iceren-kanun-teklifi-tbmmde\/\" \/>\n<meta property=\"og:locale\" content=\"en_GB\" \/>\n<meta property=\"og:type\" content=\"article\" \/>\n<meta property=\"og:title\" content=\"KHK&#039;de de\u011fi\u015fiklikler i\u00e7eren kanun teklifi TBMM&#039;de\" \/>\n<meta property=\"og:description\" content=\"AK Parti milletvekillerinin imzas\u0131n\u0131 ta\u015f\u0131yan Baz\u0131 Kanunlar ile 375 Say\u0131l\u0131 Kanun H\u00fckm\u00fcnde Kararnamede De\u011fi\u015fiklik Yap\u0131lmas\u0131na Dair Kanun Teklifi, TBMM Ba\u015fkanl\u0131\u011f\u0131na sunuldu.ANKARA (\u0130GFA) &#8211; AK Partili vekillerin imzas\u0131yla TBMM Ba\u015fkanl\u0131\u011f\u0131&#8217;na sunulan teklifin detaylar\u0131 TBMM&#8217;nin resmi internet sitesinde yer ald\u0131. Buna g\u00f6re Devlet Memurlar\u0131 Kanunu&#8217;ndaki de\u011fi\u015fiklikle, kanunlarla veya Cumhurba\u015fkanl\u0131\u011f\u0131 kararnameleriyle kurulmu\u015f di\u011fer kamu kurum, kurul, \u00fcst kurul ve kurulu\u015flar\u0131 taraf\u0131ndan mesle\u011fe \u00f6zel yar\u0131\u015fma s\u0131nav\u0131na tabi tutulmak suretiyle yap\u0131lacak al\u0131mlarda da 35 ya\u015f s\u0131n\u0131r\u0131 aranacak. Uyu\u015fmazl\u0131k Mahkemesinin Kurulu\u015f ve \u0130\u015fleyi\u015fi Hakk\u0131nda Kanun&#8217;daki d\u00fczenlemeyle, uyu\u015fmazl\u0131k mahkemesi ba\u015fkan\u0131, Anayasa Mahkemesince kendi \u00fcyeleri aras\u0131ndan se\u00e7ilecek. Kamu G\u00f6revlerinden Ayr\u0131lanlar\u0131n Yapamayacaklar\u0131 \u0130\u015fler Hakk\u0131nda Kanun&#8217;daki de\u011fi\u015fiklikle, vergi incelemesine yetkili olanlar, g\u00f6revlerinden ayr\u0131ld\u0131ktan sonra 3 y\u0131l s\u00fcreyle, g\u00f6revden ayr\u0131l\u0131\u015f tarihi itibar\u0131yla son 3 y\u0131l i\u00e7inde, nezdinde inceleme yapt\u0131klar\u0131 m\u00fckellefler veya bu m\u00fckelleflerin veya ortaklar\u0131n\u0131n idaresi, denetimi veya sermayesi bak\u0131m\u0131ndan do\u011frudan veya dolayl\u0131 olarak ba\u011fl\u0131 bulundu\u011fu ya da n\u00fcfuzu alt\u0131nda bulundurdu\u011fu kurumlarda herhangi bir g\u00f6rev veya i\u015f alamayacak, Serbest Muhasebeci Mali M\u00fc\u015favirlik ve Yeminli Mali M\u00fc\u015favirlik Kanunu kapsam\u0131nda s\u00f6zle\u015fme d\u00fczenleyemeyecek. Teklifle, Bilgi Teknolojileri ve \u0130leti\u015fim Kurumunun Kurulu\u015funa \u0130li\u015fkin Kanun&#8217;da da de\u011fi\u015fikli\u011fe gidiliyor. Buna g\u00f6re, Bilgi Teknolojileri ve \u0130leti\u015fim Kurulu \u00fcyelerinin atama \u015fartlar\u0131 d\u00fczenlenecek. Kurul \u00fcyelerinin Devlet Memurlar\u0131 Kanunu&#8217;ndaki \u015fartlar\u0131 ta\u015f\u0131malar\u0131 ve herhangi bir siyasi partinin y\u00f6netim ve denetim organlar\u0131nda g\u00f6rev almam\u0131\u015f &hellip;\" \/>\n<meta property=\"og:url\" content=\"http:\/\/denizcankizil.tr\/en\/haberler\/gundem\/khkde-degisiklikler-iceren-kanun-teklifi-tbmmde\/\" \/>\n<meta property=\"og:site_name\" content=\"Av. Deniz Can K\u0131z\u0131l\" \/>\n<meta property=\"article:published_time\" content=\"2025-04-25T15:42:15+00:00\" \/>\n<meta name=\"author\" content=\"admin\" \/>\n<meta name=\"twitter:card\" content=\"summary_large_image\" \/>\n<meta name=\"twitter:label1\" content=\"Written by\" \/>\n\t<meta name=\"twitter:data1\" content=\"admin\" \/>\n\t<meta name=\"twitter:label2\" content=\"Estimated reading time\" \/>\n\t<meta name=\"twitter:data2\" content=\"14 minutes\" \/>\n<script type=\"application\/ld+json\" class=\"yoast-schema-graph\">{\"@context\":\"https:\/\/schema.org\",\"@graph\":[{\"@type\":\"Article\",\"@id\":\"http:\/\/denizcankizil.tr\/ru\/haberler\/gundem\/khkde-degisiklikler-iceren-kanun-teklifi-tbmmde\/#article\",\"isPartOf\":{\"@id\":\"http:\/\/denizcankizil.tr\/ru\/haberler\/gundem\/khkde-degisiklikler-iceren-kanun-teklifi-tbmmde\/\"},\"author\":{\"name\":\"admin\",\"@id\":\"https:\/\/denizcankizil.tr\/de\/#\/schema\/person\/be3c05fe6a12686905512445d8185489\"},\"headline\":\"KHK&#8217;de de\u011fi\u015fiklikler i\u00e7eren kanun teklifi TBMM&#8217;de\",\"datePublished\":\"2025-04-25T15:42:15+00:00\",\"mainEntityOfPage\":{\"@id\":\"http:\/\/denizcankizil.tr\/ru\/haberler\/gundem\/khkde-degisiklikler-iceren-kanun-teklifi-tbmmde\/\"},\"wordCount\":2927,\"publisher\":{\"@id\":\"https:\/\/denizcankizil.tr\/de\/#organization\"},\"articleSection\":[\"G\u00fcndem\"],\"inLanguage\":\"en-GB\"},{\"@type\":\"WebPage\",\"@id\":\"http:\/\/denizcankizil.tr\/ru\/haberler\/gundem\/khkde-degisiklikler-iceren-kanun-teklifi-tbmmde\/\",\"url\":\"http:\/\/denizcankizil.tr\/ru\/haberler\/gundem\/khkde-degisiklikler-iceren-kanun-teklifi-tbmmde\/\",\"name\":\"KHK'de de\u011fi\u015fiklikler i\u00e7eren kanun teklifi TBMM'de - Av. Deniz Can K\u0131z\u0131l\",\"isPartOf\":{\"@id\":\"https:\/\/denizcankizil.tr\/de\/#website\"},\"datePublished\":\"2025-04-25T15:42:15+00:00\",\"breadcrumb\":{\"@id\":\"http:\/\/denizcankizil.tr\/ru\/haberler\/gundem\/khkde-degisiklikler-iceren-kanun-teklifi-tbmmde\/#breadcrumb\"},\"inLanguage\":\"en-GB\",\"potentialAction\":[{\"@type\":\"ReadAction\",\"target\":[\"http:\/\/denizcankizil.tr\/ru\/haberler\/gundem\/khkde-degisiklikler-iceren-kanun-teklifi-tbmmde\/\"]}]},{\"@type\":\"BreadcrumbList\",\"@id\":\"http:\/\/denizcankizil.tr\/ru\/haberler\/gundem\/khkde-degisiklikler-iceren-kanun-teklifi-tbmmde\/#breadcrumb\",\"itemListElement\":[{\"@type\":\"ListItem\",\"position\":1,\"name\":\"Home\",\"item\":\"https:\/\/denizcankizil.tr\/de\/\"},{\"@type\":\"ListItem\",\"position\":2,\"name\":\"KHK&#8217;de de\u011fi\u015fiklikler i\u00e7eren kanun teklifi TBMM&#8217;de\"}]},{\"@type\":\"WebSite\",\"@id\":\"https:\/\/denizcankizil.tr\/de\/#website\",\"url\":\"https:\/\/denizcankizil.tr\/de\/\",\"name\":\"Av. Deniz Can K\u0131z\u0131l\",\"description\":\"Avukat Deniz Can K\u0131z\u0131l Antalya Barosu\",\"publisher\":{\"@id\":\"https:\/\/denizcankizil.tr\/de\/#organization\"},\"potentialAction\":[{\"@type\":\"SearchAction\",\"target\":{\"@type\":\"EntryPoint\",\"urlTemplate\":\"https:\/\/denizcankizil.tr\/de\/?s={search_term_string}\"},\"query-input\":{\"@type\":\"PropertyValueSpecification\",\"valueRequired\":true,\"valueName\":\"search_term_string\"}}],\"inLanguage\":\"en-GB\"},{\"@type\":\"Organization\",\"@id\":\"https:\/\/denizcankizil.tr\/de\/#organization\",\"name\":\"Av. Deniz Can K\u0131z\u0131l\",\"url\":\"https:\/\/denizcankizil.tr\/de\/\",\"logo\":{\"@type\":\"ImageObject\",\"inLanguage\":\"en-GB\",\"@id\":\"https:\/\/denizcankizil.tr\/de\/#\/schema\/logo\/image\/\",\"url\":\"https:\/\/denizcankizil.tr\/wp-content\/uploads\/2024\/10\/siyah-logo-svg.svg\",\"contentUrl\":\"https:\/\/denizcankizil.tr\/wp-content\/uploads\/2024\/10\/siyah-logo-svg.svg\",\"width\":1080,\"height\":1080,\"caption\":\"Av. Deniz Can K\u0131z\u0131l\"},\"image\":{\"@id\":\"https:\/\/denizcankizil.tr\/de\/#\/schema\/logo\/image\/\"}},{\"@type\":\"Person\",\"@id\":\"https:\/\/denizcankizil.tr\/de\/#\/schema\/person\/be3c05fe6a12686905512445d8185489\",\"name\":\"admin\",\"image\":{\"@type\":\"ImageObject\",\"inLanguage\":\"en-GB\",\"@id\":\"https:\/\/denizcankizil.tr\/de\/#\/schema\/person\/image\/\",\"url\":\"https:\/\/secure.gravatar.com\/avatar\/c1fce94c830dc79107e174f890d7210541c4a63e8e5d816341794a2151c9d58c?s=96&d=mm&r=g\",\"contentUrl\":\"https:\/\/secure.gravatar.com\/avatar\/c1fce94c830dc79107e174f890d7210541c4a63e8e5d816341794a2151c9d58c?s=96&d=mm&r=g\",\"caption\":\"admin\"},\"sameAs\":[\"http:\/\/denizcankizil.tr\"],\"url\":\"https:\/\/www.iskenderun.org\/khkde-degisiklikler-iceren-kanun-teklifi-tbmmde\"}]}<\/script>\n<!-- \/ Yoast SEO Premium plugin. -->","yoast_head_json":{"title":"KHK'de de\u011fi\u015fiklikler i\u00e7eren kanun teklifi TBMM'de - Av. Deniz Can K\u0131z\u0131l","robots":{"index":"index","follow":"follow","max-snippet":"max-snippet:-1","max-image-preview":"max-image-preview:large","max-video-preview":"max-video-preview:-1"},"canonical":"http:\/\/denizcankizil.tr\/en\/haberler\/gundem\/khkde-degisiklikler-iceren-kanun-teklifi-tbmmde\/","og_locale":"en_GB","og_type":"article","og_title":"KHK'de de\u011fi\u015fiklikler i\u00e7eren kanun teklifi TBMM'de","og_description":"AK Parti milletvekillerinin imzas\u0131n\u0131 ta\u015f\u0131yan Baz\u0131 Kanunlar ile 375 Say\u0131l\u0131 Kanun H\u00fckm\u00fcnde Kararnamede De\u011fi\u015fiklik Yap\u0131lmas\u0131na Dair Kanun Teklifi, TBMM Ba\u015fkanl\u0131\u011f\u0131na sunuldu.ANKARA (\u0130GFA) &#8211; AK Partili vekillerin imzas\u0131yla TBMM Ba\u015fkanl\u0131\u011f\u0131&#8217;na sunulan teklifin detaylar\u0131 TBMM&#8217;nin resmi internet sitesinde yer ald\u0131. Buna g\u00f6re Devlet Memurlar\u0131 Kanunu&#8217;ndaki de\u011fi\u015fiklikle, kanunlarla veya Cumhurba\u015fkanl\u0131\u011f\u0131 kararnameleriyle kurulmu\u015f di\u011fer kamu kurum, kurul, \u00fcst kurul ve kurulu\u015flar\u0131 taraf\u0131ndan mesle\u011fe \u00f6zel yar\u0131\u015fma s\u0131nav\u0131na tabi tutulmak suretiyle yap\u0131lacak al\u0131mlarda da 35 ya\u015f s\u0131n\u0131r\u0131 aranacak. Uyu\u015fmazl\u0131k Mahkemesinin Kurulu\u015f ve \u0130\u015fleyi\u015fi Hakk\u0131nda Kanun&#8217;daki d\u00fczenlemeyle, uyu\u015fmazl\u0131k mahkemesi ba\u015fkan\u0131, Anayasa Mahkemesince kendi \u00fcyeleri aras\u0131ndan se\u00e7ilecek. Kamu G\u00f6revlerinden Ayr\u0131lanlar\u0131n Yapamayacaklar\u0131 \u0130\u015fler Hakk\u0131nda Kanun&#8217;daki de\u011fi\u015fiklikle, vergi incelemesine yetkili olanlar, g\u00f6revlerinden ayr\u0131ld\u0131ktan sonra 3 y\u0131l s\u00fcreyle, g\u00f6revden ayr\u0131l\u0131\u015f tarihi itibar\u0131yla son 3 y\u0131l i\u00e7inde, nezdinde inceleme yapt\u0131klar\u0131 m\u00fckellefler veya bu m\u00fckelleflerin veya ortaklar\u0131n\u0131n idaresi, denetimi veya sermayesi bak\u0131m\u0131ndan do\u011frudan veya dolayl\u0131 olarak ba\u011fl\u0131 bulundu\u011fu ya da n\u00fcfuzu alt\u0131nda bulundurdu\u011fu kurumlarda herhangi bir g\u00f6rev veya i\u015f alamayacak, Serbest Muhasebeci Mali M\u00fc\u015favirlik ve Yeminli Mali M\u00fc\u015favirlik Kanunu kapsam\u0131nda s\u00f6zle\u015fme d\u00fczenleyemeyecek. Teklifle, Bilgi Teknolojileri ve \u0130leti\u015fim Kurumunun Kurulu\u015funa \u0130li\u015fkin Kanun&#8217;da da de\u011fi\u015fikli\u011fe gidiliyor. Buna g\u00f6re, Bilgi Teknolojileri ve \u0130leti\u015fim Kurulu \u00fcyelerinin atama \u015fartlar\u0131 d\u00fczenlenecek. Kurul \u00fcyelerinin Devlet Memurlar\u0131 Kanunu&#8217;ndaki \u015fartlar\u0131 ta\u015f\u0131malar\u0131 ve herhangi bir siyasi partinin y\u00f6netim ve denetim organlar\u0131nda g\u00f6rev almam\u0131\u015f &hellip;","og_url":"http:\/\/denizcankizil.tr\/en\/haberler\/gundem\/khkde-degisiklikler-iceren-kanun-teklifi-tbmmde\/","og_site_name":"Av. Deniz Can K\u0131z\u0131l","article_published_time":"2025-04-25T15:42:15+00:00","author":"admin","twitter_card":"summary_large_image","twitter_misc":{"Written by":"admin","Estimated reading time":"14 minutes"},"schema":{"@context":"https:\/\/schema.org","@graph":[{"@type":"Article","@id":"http:\/\/denizcankizil.tr\/ru\/haberler\/gundem\/khkde-degisiklikler-iceren-kanun-teklifi-tbmmde\/#article","isPartOf":{"@id":"http:\/\/denizcankizil.tr\/ru\/haberler\/gundem\/khkde-degisiklikler-iceren-kanun-teklifi-tbmmde\/"},"author":{"name":"admin","@id":"https:\/\/denizcankizil.tr\/de\/#\/schema\/person\/be3c05fe6a12686905512445d8185489"},"headline":"KHK&#8217;de de\u011fi\u015fiklikler i\u00e7eren kanun teklifi TBMM&#8217;de","datePublished":"2025-04-25T15:42:15+00:00","mainEntityOfPage":{"@id":"http:\/\/denizcankizil.tr\/ru\/haberler\/gundem\/khkde-degisiklikler-iceren-kanun-teklifi-tbmmde\/"},"wordCount":2927,"publisher":{"@id":"https:\/\/denizcankizil.tr\/de\/#organization"},"articleSection":["G\u00fcndem"],"inLanguage":"en-GB"},{"@type":"WebPage","@id":"http:\/\/denizcankizil.tr\/ru\/haberler\/gundem\/khkde-degisiklikler-iceren-kanun-teklifi-tbmmde\/","url":"http:\/\/denizcankizil.tr\/ru\/haberler\/gundem\/khkde-degisiklikler-iceren-kanun-teklifi-tbmmde\/","name":"KHK'de de\u011fi\u015fiklikler i\u00e7eren kanun teklifi TBMM'de - Av. Deniz Can K\u0131z\u0131l","isPartOf":{"@id":"https:\/\/denizcankizil.tr\/de\/#website"},"datePublished":"2025-04-25T15:42:15+00:00","breadcrumb":{"@id":"http:\/\/denizcankizil.tr\/ru\/haberler\/gundem\/khkde-degisiklikler-iceren-kanun-teklifi-tbmmde\/#breadcrumb"},"inLanguage":"en-GB","potentialAction":[{"@type":"ReadAction","target":["http:\/\/denizcankizil.tr\/ru\/haberler\/gundem\/khkde-degisiklikler-iceren-kanun-teklifi-tbmmde\/"]}]},{"@type":"BreadcrumbList","@id":"http:\/\/denizcankizil.tr\/ru\/haberler\/gundem\/khkde-degisiklikler-iceren-kanun-teklifi-tbmmde\/#breadcrumb","itemListElement":[{"@type":"ListItem","position":1,"name":"Home","item":"https:\/\/denizcankizil.tr\/de\/"},{"@type":"ListItem","position":2,"name":"KHK&#8217;de de\u011fi\u015fiklikler i\u00e7eren kanun teklifi TBMM&#8217;de"}]},{"@type":"WebSite","@id":"https:\/\/denizcankizil.tr\/de\/#website","url":"https:\/\/denizcankizil.tr\/de\/","name":"Av. Deniz Can K\u0131z\u0131l","description":"Avukat Deniz Can K\u0131z\u0131l Antalya Barosu","publisher":{"@id":"https:\/\/denizcankizil.tr\/de\/#organization"},"potentialAction":[{"@type":"SearchAction","target":{"@type":"EntryPoint","urlTemplate":"https:\/\/denizcankizil.tr\/de\/?s={search_term_string}"},"query-input":{"@type":"PropertyValueSpecification","valueRequired":true,"valueName":"search_term_string"}}],"inLanguage":"en-GB"},{"@type":"Organization","@id":"https:\/\/denizcankizil.tr\/de\/#organization","name":"Av. Deniz Can K\u0131z\u0131l","url":"https:\/\/denizcankizil.tr\/de\/","logo":{"@type":"ImageObject","inLanguage":"en-GB","@id":"https:\/\/denizcankizil.tr\/de\/#\/schema\/logo\/image\/","url":"https:\/\/denizcankizil.tr\/wp-content\/uploads\/2024\/10\/siyah-logo-svg.svg","contentUrl":"https:\/\/denizcankizil.tr\/wp-content\/uploads\/2024\/10\/siyah-logo-svg.svg","width":1080,"height":1080,"caption":"Av. Deniz Can K\u0131z\u0131l"},"image":{"@id":"https:\/\/denizcankizil.tr\/de\/#\/schema\/logo\/image\/"}},{"@type":"Person","@id":"https:\/\/denizcankizil.tr\/de\/#\/schema\/person\/be3c05fe6a12686905512445d8185489","name":"admin","image":{"@type":"ImageObject","inLanguage":"en-GB","@id":"https:\/\/denizcankizil.tr\/de\/#\/schema\/person\/image\/","url":"https:\/\/secure.gravatar.com\/avatar\/c1fce94c830dc79107e174f890d7210541c4a63e8e5d816341794a2151c9d58c?s=96&d=mm&r=g","contentUrl":"https:\/\/secure.gravatar.com\/avatar\/c1fce94c830dc79107e174f890d7210541c4a63e8e5d816341794a2151c9d58c?s=96&d=mm&r=g","caption":"admin"},"sameAs":["http:\/\/denizcankizil.tr"],"url":"https:\/\/www.iskenderun.org\/khkde-degisiklikler-iceren-kanun-teklifi-tbmmde"}]}},"_links":{"self":[{"href":"https:\/\/denizcankizil.tr\/en\/wp-json\/wp\/v2\/posts\/66271","targetHints":{"allow":["GET"]}}],"collection":[{"href":"https:\/\/denizcankizil.tr\/en\/wp-json\/wp\/v2\/posts"}],"about":[{"href":"https:\/\/denizcankizil.tr\/en\/wp-json\/wp\/v2\/types\/post"}],"author":[{"embeddable":true,"href":"https:\/\/denizcankizil.tr\/en\/wp-json\/wp\/v2\/users\/1"}],"replies":[{"embeddable":true,"href":"https:\/\/denizcankizil.tr\/en\/wp-json\/wp\/v2\/comments?post=66271"}],"version-history":[{"count":0,"href":"https:\/\/denizcankizil.tr\/en\/wp-json\/wp\/v2\/posts\/66271\/revisions"}],"wp:attachment":[{"href":"https:\/\/denizcankizil.tr\/en\/wp-json\/wp\/v2\/media?parent=66271"}],"wp:term":[{"taxonomy":"category","embeddable":true,"href":"https:\/\/denizcankizil.tr\/en\/wp-json\/wp\/v2\/categories?post=66271"},{"taxonomy":"post_tag","embeddable":true,"href":"https:\/\/denizcankizil.tr\/en\/wp-json\/wp\/v2\/tags?post=66271"}],"curies":[{"name":"wp","href":"https:\/\/api.w.org\/{rel}","templated":true}]}}