{"id":66135,"date":"2025-04-25T16:41:16","date_gmt":"2025-04-25T13:41:16","guid":{"rendered":"https:\/\/denizcankizil.tr\/uncategorized-tr\/suc-orgutune-safak-operasyonu-7-gozalti-3-tutuklama\/"},"modified":"2025-04-25T16:41:16","modified_gmt":"2025-04-25T13:41:16","slug":"suc-orgutune-safak-operasyonu-7-gozalti-3-tutuklama","status":"publish","type":"post","link":"https:\/\/denizcankizil.tr\/en\/haberler\/antalya\/suc-orgutune-safak-operasyonu-7-gozalti-3-tutuklama\/","title":{"rendered":"Su\u00e7 \u00f6rg\u00fct\u00fcne \u015fafak operasyonu: 7 g\u00f6zalt\u0131, 3 tutuklama"},"content":{"rendered":"<p>Antalya Emniyet M\u00fcd\u00fcrl\u00fc\u011f\u00fc Ka\u00e7ak\u00e7\u0131l\u0131k ve Organize Su\u00e7larla M\u00fccadele \u015eube M\u00fcd\u00fcrl\u00fc\u011f\u00fc ekipleri, Gazipa\u015fa Cumhuriyet Ba\u015fsavc\u0131l\u0131\u011f\u0131 koordinesinde su\u00e7 \u00f6rg\u00fctlerine y\u00f6nelik y\u00fcr\u00fctt\u00fc\u011f\u00fc \u00e7al\u0131\u015fmalar kapsam\u0131nda Gazipa\u015fa il\u00e7esinde esnafa y\u00f6nelik tehdit, cebir ve silahl\u0131 sald\u0131r\u0131 ile hara\u00e7 toplad\u0131\u011f\u0131 tespit edilen bir gruba operasyon d\u00fczenledi. Alanya KOM B\u00fcro Amirli\u011fi ekiplerince ger\u00e7ekle\u015ftirilen e\u015f zamanl\u0131 operasyonda, &#8220;Su\u00e7 \u0130\u015flemek Amac\u0131yla \u00d6rg\u00fct Kurma&#8221; ve &#8220;Nitelikli Ya\u011fma&#8221; su\u00e7lar\u0131na kar\u0131\u015ft\u0131klar\u0131 belirlenen 7 \u015f\u00fcpheli g\u00f6zalt\u0131na al\u0131nd\u0131.<\/p>\n<p>3 \u015fah\u0131s tutuklanarak cezaevine g\u00f6nderildi<br \/>\nYap\u0131lan aramalarda; 15 adet \u00e7ek, 1 adet tabanca ve 50 adet fi\u015fek ele ge\u00e7irildi. Emniyetteki i\u015flemlerinin ard\u0131ndan adliyeye sevk edilen 7 \u015f\u00fcpheliden 3\u2019\u00fc tutuklanarak cezaevine g\u00f6nderildi, di\u011ferleri adli kontrol \u015fart\u0131yla serbest b\u0131rak\u0131ld\u0131.<\/p>\n<p>Kaynak: www.kanalv.com.tr Haber Sitesinden Al\u0131nm\u0131\u015ft\u0131r.<\/p>","protected":false},"excerpt":{"rendered":"<p>Antalya Emniyet M\u00fcd\u00fcrl\u00fc\u011f\u00fc Ka\u00e7ak\u00e7\u0131l\u0131k ve Organize Su\u00e7larla M\u00fccadele \u015eube M\u00fcd\u00fcrl\u00fc\u011f\u00fc ekipleri, Gazipa\u015fa Cumhuriyet Ba\u015fsavc\u0131l\u0131\u011f\u0131 koordinesinde su\u00e7 \u00f6rg\u00fctlerine y\u00f6nelik y\u00fcr\u00fctt\u00fc\u011f\u00fc \u00e7al\u0131\u015fmalar kapsam\u0131nda Gazipa\u015fa il\u00e7esinde esnafa y\u00f6nelik tehdit, cebir ve silahl\u0131 sald\u0131r\u0131 ile hara\u00e7 toplad\u0131\u011f\u0131 tespit edilen bir gruba operasyon d\u00fczenledi. Alanya KOM B\u00fcro Amirli\u011fi ekiplerince ger\u00e7ekle\u015ftirilen e\u015f zamanl\u0131 operasyonda, &#8220;Su\u00e7 \u0130\u015flemek Amac\u0131yla \u00d6rg\u00fct Kurma&#8221; ve &#8220;Nitelikli Ya\u011fma&#8221; su\u00e7lar\u0131na kar\u0131\u015ft\u0131klar\u0131 belirlenen 7 \u015f\u00fcpheli g\u00f6zalt\u0131na al\u0131nd\u0131. 3 \u015fah\u0131s tutuklanarak cezaevine g\u00f6nderildi Yap\u0131lan aramalarda; 15 adet \u00e7ek, 1 adet tabanca ve 50 adet fi\u015fek ele ge\u00e7irildi. Emniyetteki i\u015flemlerinin ard\u0131ndan adliyeye sevk edilen 7 \u015f\u00fcpheliden 3\u2019\u00fc tutuklanarak cezaevine g\u00f6nderildi, di\u011ferleri adli kontrol \u015fart\u0131yla serbest b\u0131rak\u0131ld\u0131. Kaynak: www.kanalv.com.tr Haber Sitesinden Al\u0131nm\u0131\u015ft\u0131r.<\/p>","protected":false},"author":4,"featured_media":0,"comment_status":"","ping_status":"open","sticky":false,"template":"","format":"standard","meta":{"_acf_changed":false,"footnotes":""},"categories":[26],"tags":[],"class_list":["post-66135","post","type-post","status-publish","format-standard","hentry","category-antalya"],"acf":[],"yoast_head":"<!-- This site is optimized with the Yoast SEO Premium plugin v26.6 (Yoast SEO v27.1.1) - https:\/\/yoast.com\/product\/yoast-seo-premium-wordpress\/ -->\n<title>Su\u00e7 \u00f6rg\u00fct\u00fcne \u015fafak operasyonu: 7 g\u00f6zalt\u0131, 3 tutuklama - Av. Deniz Can K\u0131z\u0131l<\/title>\n<meta name=\"robots\" content=\"index, follow, max-snippet:-1, max-image-preview:large, max-video-preview:-1\" \/>\n<link rel=\"canonical\" href=\"https:\/\/denizcankizil.tr\/en\/haberler\/antalya\/suc-orgutune-safak-operasyonu-7-gozalti-3-tutuklama\/\" \/>\n<meta property=\"og:locale\" content=\"en_GB\" \/>\n<meta property=\"og:type\" content=\"article\" \/>\n<meta property=\"og:title\" content=\"Su\u00e7 \u00f6rg\u00fct\u00fcne \u015fafak operasyonu: 7 g\u00f6zalt\u0131, 3 tutuklama\" \/>\n<meta property=\"og:description\" content=\"Antalya Emniyet M\u00fcd\u00fcrl\u00fc\u011f\u00fc Ka\u00e7ak\u00e7\u0131l\u0131k ve Organize Su\u00e7larla M\u00fccadele \u015eube M\u00fcd\u00fcrl\u00fc\u011f\u00fc ekipleri, Gazipa\u015fa Cumhuriyet Ba\u015fsavc\u0131l\u0131\u011f\u0131 koordinesinde su\u00e7 \u00f6rg\u00fctlerine y\u00f6nelik y\u00fcr\u00fctt\u00fc\u011f\u00fc \u00e7al\u0131\u015fmalar kapsam\u0131nda Gazipa\u015fa il\u00e7esinde esnafa y\u00f6nelik tehdit, cebir ve silahl\u0131 sald\u0131r\u0131 ile hara\u00e7 toplad\u0131\u011f\u0131 tespit edilen bir gruba operasyon d\u00fczenledi. Alanya KOM B\u00fcro Amirli\u011fi ekiplerince ger\u00e7ekle\u015ftirilen e\u015f zamanl\u0131 operasyonda, &#8220;Su\u00e7 \u0130\u015flemek Amac\u0131yla \u00d6rg\u00fct Kurma&#8221; ve &#8220;Nitelikli Ya\u011fma&#8221; su\u00e7lar\u0131na kar\u0131\u015ft\u0131klar\u0131 belirlenen 7 \u015f\u00fcpheli g\u00f6zalt\u0131na al\u0131nd\u0131. 3 \u015fah\u0131s tutuklanarak cezaevine g\u00f6nderildi Yap\u0131lan aramalarda; 15 adet \u00e7ek, 1 adet tabanca ve 50 adet fi\u015fek ele ge\u00e7irildi. Emniyetteki i\u015flemlerinin ard\u0131ndan adliyeye sevk edilen 7 \u015f\u00fcpheliden 3\u2019\u00fc tutuklanarak cezaevine g\u00f6nderildi, di\u011ferleri adli kontrol \u015fart\u0131yla serbest b\u0131rak\u0131ld\u0131. Kaynak: www.kanalv.com.tr Haber Sitesinden Al\u0131nm\u0131\u015ft\u0131r.\" \/>\n<meta property=\"og:url\" content=\"https:\/\/denizcankizil.tr\/en\/haberler\/antalya\/suc-orgutune-safak-operasyonu-7-gozalti-3-tutuklama\/\" \/>\n<meta property=\"og:site_name\" content=\"Av. Deniz Can K\u0131z\u0131l\" \/>\n<meta property=\"article:published_time\" content=\"2025-04-25T13:41:16+00:00\" \/>\n<meta name=\"author\" content=\"Av. Deniz Can K\u0131z\u0131l\" \/>\n<meta name=\"twitter:card\" content=\"summary_large_image\" \/>\n<meta name=\"twitter:label1\" content=\"Written by\" \/>\n\t<meta name=\"twitter:data1\" content=\"Av. Deniz Can K\u0131z\u0131l\" \/>\n\t<meta name=\"twitter:label2\" content=\"Estimated reading time\" \/>\n\t<meta name=\"twitter:data2\" content=\"1 minute\" \/>\n<script type=\"application\/ld+json\" class=\"yoast-schema-graph\">{\"@context\":\"https:\/\/schema.org\",\"@graph\":[{\"@type\":\"Article\",\"@id\":\"https:\/\/denizcankizil.tr\/en\/haberler\/antalya\/suc-orgutune-safak-operasyonu-7-gozalti-3-tutuklama\/#article\",\"isPartOf\":{\"@id\":\"https:\/\/denizcankizil.tr\/en\/haberler\/antalya\/suc-orgutune-safak-operasyonu-7-gozalti-3-tutuklama\/\"},\"author\":{\"name\":\"Av. Deniz Can K\u0131z\u0131l\",\"@id\":\"https:\/\/denizcankizil.tr\/de\/#\/schema\/person\/5dc1b22991bd7ac833867c10afc9b0ff\"},\"headline\":\"Su\u00e7 \u00f6rg\u00fct\u00fcne \u015fafak operasyonu: 7 g\u00f6zalt\u0131, 3 tutuklama\",\"datePublished\":\"2025-04-25T13:41:16+00:00\",\"mainEntityOfPage\":{\"@id\":\"https:\/\/denizcankizil.tr\/en\/haberler\/antalya\/suc-orgutune-safak-operasyonu-7-gozalti-3-tutuklama\/\"},\"wordCount\":162,\"publisher\":{\"@id\":\"https:\/\/denizcankizil.tr\/de\/#organization\"},\"articleSection\":[\"Antalya\"],\"inLanguage\":\"en-GB\"},{\"@type\":\"WebPage\",\"@id\":\"https:\/\/denizcankizil.tr\/en\/haberler\/antalya\/suc-orgutune-safak-operasyonu-7-gozalti-3-tutuklama\/\",\"url\":\"https:\/\/denizcankizil.tr\/en\/haberler\/antalya\/suc-orgutune-safak-operasyonu-7-gozalti-3-tutuklama\/\",\"name\":\"Su\u00e7 \u00f6rg\u00fct\u00fcne \u015fafak operasyonu: 7 g\u00f6zalt\u0131, 3 tutuklama - Av. Deniz Can K\u0131z\u0131l\",\"isPartOf\":{\"@id\":\"https:\/\/denizcankizil.tr\/de\/#website\"},\"datePublished\":\"2025-04-25T13:41:16+00:00\",\"breadcrumb\":{\"@id\":\"https:\/\/denizcankizil.tr\/en\/haberler\/antalya\/suc-orgutune-safak-operasyonu-7-gozalti-3-tutuklama\/#breadcrumb\"},\"inLanguage\":\"en-GB\",\"potentialAction\":[{\"@type\":\"ReadAction\",\"target\":[\"https:\/\/denizcankizil.tr\/en\/haberler\/antalya\/suc-orgutune-safak-operasyonu-7-gozalti-3-tutuklama\/\"]}]},{\"@type\":\"BreadcrumbList\",\"@id\":\"https:\/\/denizcankizil.tr\/en\/haberler\/antalya\/suc-orgutune-safak-operasyonu-7-gozalti-3-tutuklama\/#breadcrumb\",\"itemListElement\":[{\"@type\":\"ListItem\",\"position\":1,\"name\":\"Home\",\"item\":\"https:\/\/denizcankizil.tr\/de\/\"},{\"@type\":\"ListItem\",\"position\":2,\"name\":\"Su\u00e7 \u00f6rg\u00fct\u00fcne \u015fafak operasyonu: 7 g\u00f6zalt\u0131, 3 tutuklama\"}]},{\"@type\":\"WebSite\",\"@id\":\"https:\/\/denizcankizil.tr\/de\/#website\",\"url\":\"https:\/\/denizcankizil.tr\/de\/\",\"name\":\"Av. Deniz Can K\u0131z\u0131l\",\"description\":\"Avukat Deniz Can K\u0131z\u0131l Antalya Barosu\",\"publisher\":{\"@id\":\"https:\/\/denizcankizil.tr\/de\/#organization\"},\"potentialAction\":[{\"@type\":\"SearchAction\",\"target\":{\"@type\":\"EntryPoint\",\"urlTemplate\":\"https:\/\/denizcankizil.tr\/de\/?s={search_term_string}\"},\"query-input\":{\"@type\":\"PropertyValueSpecification\",\"valueRequired\":true,\"valueName\":\"search_term_string\"}}],\"inLanguage\":\"en-GB\"},{\"@type\":\"Organization\",\"@id\":\"https:\/\/denizcankizil.tr\/de\/#organization\",\"name\":\"Av. Deniz Can K\u0131z\u0131l\",\"url\":\"https:\/\/denizcankizil.tr\/de\/\",\"logo\":{\"@type\":\"ImageObject\",\"inLanguage\":\"en-GB\",\"@id\":\"https:\/\/denizcankizil.tr\/de\/#\/schema\/logo\/image\/\",\"url\":\"https:\/\/denizcankizil.tr\/wp-content\/uploads\/2024\/10\/siyah-logo-svg.svg\",\"contentUrl\":\"https:\/\/denizcankizil.tr\/wp-content\/uploads\/2024\/10\/siyah-logo-svg.svg\",\"width\":1080,\"height\":1080,\"caption\":\"Av. Deniz Can K\u0131z\u0131l\"},\"image\":{\"@id\":\"https:\/\/denizcankizil.tr\/de\/#\/schema\/logo\/image\/\"}},{\"@type\":\"Person\",\"@id\":\"https:\/\/denizcankizil.tr\/de\/#\/schema\/person\/5dc1b22991bd7ac833867c10afc9b0ff\",\"name\":\"Av. Deniz Can K\u0131z\u0131l\",\"image\":{\"@type\":\"ImageObject\",\"inLanguage\":\"en-GB\",\"@id\":\"https:\/\/denizcankizil.tr\/de\/#\/schema\/person\/image\/\",\"url\":\"https:\/\/secure.gravatar.com\/avatar\/a0b128fb9855c79efc976d5640eedb31dc35ec297594d6016d2cf7c60e975bb6?s=96&d=mm&r=g\",\"contentUrl\":\"https:\/\/secure.gravatar.com\/avatar\/a0b128fb9855c79efc976d5640eedb31dc35ec297594d6016d2cf7c60e975bb6?s=96&d=mm&r=g\",\"caption\":\"Av. Deniz Can K\u0131z\u0131l\"},\"sameAs\":[\"http:\/\/www.denizcankizil.tr\"],\"url\":\"https:\/\/denizcankizil.tr\/en\/author\/denizcankizil\/\"}]}<\/script>\n<!-- \/ Yoast SEO Premium plugin. -->","yoast_head_json":{"title":"Su\u00e7 \u00f6rg\u00fct\u00fcne \u015fafak operasyonu: 7 g\u00f6zalt\u0131, 3 tutuklama - Av. Deniz Can K\u0131z\u0131l","robots":{"index":"index","follow":"follow","max-snippet":"max-snippet:-1","max-image-preview":"max-image-preview:large","max-video-preview":"max-video-preview:-1"},"canonical":"https:\/\/denizcankizil.tr\/en\/haberler\/antalya\/suc-orgutune-safak-operasyonu-7-gozalti-3-tutuklama\/","og_locale":"en_GB","og_type":"article","og_title":"Su\u00e7 \u00f6rg\u00fct\u00fcne \u015fafak operasyonu: 7 g\u00f6zalt\u0131, 3 tutuklama","og_description":"Antalya Emniyet M\u00fcd\u00fcrl\u00fc\u011f\u00fc Ka\u00e7ak\u00e7\u0131l\u0131k ve Organize Su\u00e7larla M\u00fccadele \u015eube M\u00fcd\u00fcrl\u00fc\u011f\u00fc ekipleri, Gazipa\u015fa Cumhuriyet Ba\u015fsavc\u0131l\u0131\u011f\u0131 koordinesinde su\u00e7 \u00f6rg\u00fctlerine y\u00f6nelik y\u00fcr\u00fctt\u00fc\u011f\u00fc \u00e7al\u0131\u015fmalar kapsam\u0131nda Gazipa\u015fa il\u00e7esinde esnafa y\u00f6nelik tehdit, cebir ve silahl\u0131 sald\u0131r\u0131 ile hara\u00e7 toplad\u0131\u011f\u0131 tespit edilen bir gruba operasyon d\u00fczenledi. Alanya KOM B\u00fcro Amirli\u011fi ekiplerince ger\u00e7ekle\u015ftirilen e\u015f zamanl\u0131 operasyonda, &#8220;Su\u00e7 \u0130\u015flemek Amac\u0131yla \u00d6rg\u00fct Kurma&#8221; ve &#8220;Nitelikli Ya\u011fma&#8221; su\u00e7lar\u0131na kar\u0131\u015ft\u0131klar\u0131 belirlenen 7 \u015f\u00fcpheli g\u00f6zalt\u0131na al\u0131nd\u0131. 3 \u015fah\u0131s tutuklanarak cezaevine g\u00f6nderildi Yap\u0131lan aramalarda; 15 adet \u00e7ek, 1 adet tabanca ve 50 adet fi\u015fek ele ge\u00e7irildi. Emniyetteki i\u015flemlerinin ard\u0131ndan adliyeye sevk edilen 7 \u015f\u00fcpheliden 3\u2019\u00fc tutuklanarak cezaevine g\u00f6nderildi, di\u011ferleri adli kontrol \u015fart\u0131yla serbest b\u0131rak\u0131ld\u0131. Kaynak: www.kanalv.com.tr Haber Sitesinden Al\u0131nm\u0131\u015ft\u0131r.","og_url":"https:\/\/denizcankizil.tr\/en\/haberler\/antalya\/suc-orgutune-safak-operasyonu-7-gozalti-3-tutuklama\/","og_site_name":"Av. Deniz Can K\u0131z\u0131l","article_published_time":"2025-04-25T13:41:16+00:00","author":"Av. Deniz Can K\u0131z\u0131l","twitter_card":"summary_large_image","twitter_misc":{"Written by":"Av. Deniz Can K\u0131z\u0131l","Estimated reading time":"1 minute"},"schema":{"@context":"https:\/\/schema.org","@graph":[{"@type":"Article","@id":"https:\/\/denizcankizil.tr\/en\/haberler\/antalya\/suc-orgutune-safak-operasyonu-7-gozalti-3-tutuklama\/#article","isPartOf":{"@id":"https:\/\/denizcankizil.tr\/en\/haberler\/antalya\/suc-orgutune-safak-operasyonu-7-gozalti-3-tutuklama\/"},"author":{"name":"Av. Deniz Can K\u0131z\u0131l","@id":"https:\/\/denizcankizil.tr\/de\/#\/schema\/person\/5dc1b22991bd7ac833867c10afc9b0ff"},"headline":"Su\u00e7 \u00f6rg\u00fct\u00fcne \u015fafak operasyonu: 7 g\u00f6zalt\u0131, 3 tutuklama","datePublished":"2025-04-25T13:41:16+00:00","mainEntityOfPage":{"@id":"https:\/\/denizcankizil.tr\/en\/haberler\/antalya\/suc-orgutune-safak-operasyonu-7-gozalti-3-tutuklama\/"},"wordCount":162,"publisher":{"@id":"https:\/\/denizcankizil.tr\/de\/#organization"},"articleSection":["Antalya"],"inLanguage":"en-GB"},{"@type":"WebPage","@id":"https:\/\/denizcankizil.tr\/en\/haberler\/antalya\/suc-orgutune-safak-operasyonu-7-gozalti-3-tutuklama\/","url":"https:\/\/denizcankizil.tr\/en\/haberler\/antalya\/suc-orgutune-safak-operasyonu-7-gozalti-3-tutuklama\/","name":"Su\u00e7 \u00f6rg\u00fct\u00fcne \u015fafak operasyonu: 7 g\u00f6zalt\u0131, 3 tutuklama - Av. Deniz Can K\u0131z\u0131l","isPartOf":{"@id":"https:\/\/denizcankizil.tr\/de\/#website"},"datePublished":"2025-04-25T13:41:16+00:00","breadcrumb":{"@id":"https:\/\/denizcankizil.tr\/en\/haberler\/antalya\/suc-orgutune-safak-operasyonu-7-gozalti-3-tutuklama\/#breadcrumb"},"inLanguage":"en-GB","potentialAction":[{"@type":"ReadAction","target":["https:\/\/denizcankizil.tr\/en\/haberler\/antalya\/suc-orgutune-safak-operasyonu-7-gozalti-3-tutuklama\/"]}]},{"@type":"BreadcrumbList","@id":"https:\/\/denizcankizil.tr\/en\/haberler\/antalya\/suc-orgutune-safak-operasyonu-7-gozalti-3-tutuklama\/#breadcrumb","itemListElement":[{"@type":"ListItem","position":1,"name":"Home","item":"https:\/\/denizcankizil.tr\/de\/"},{"@type":"ListItem","position":2,"name":"Su\u00e7 \u00f6rg\u00fct\u00fcne \u015fafak operasyonu: 7 g\u00f6zalt\u0131, 3 tutuklama"}]},{"@type":"WebSite","@id":"https:\/\/denizcankizil.tr\/de\/#website","url":"https:\/\/denizcankizil.tr\/de\/","name":"Av. Deniz Can K\u0131z\u0131l","description":"Avukat Deniz Can K\u0131z\u0131l Antalya Barosu","publisher":{"@id":"https:\/\/denizcankizil.tr\/de\/#organization"},"potentialAction":[{"@type":"SearchAction","target":{"@type":"EntryPoint","urlTemplate":"https:\/\/denizcankizil.tr\/de\/?s={search_term_string}"},"query-input":{"@type":"PropertyValueSpecification","valueRequired":true,"valueName":"search_term_string"}}],"inLanguage":"en-GB"},{"@type":"Organization","@id":"https:\/\/denizcankizil.tr\/de\/#organization","name":"Av. Deniz Can K\u0131z\u0131l","url":"https:\/\/denizcankizil.tr\/de\/","logo":{"@type":"ImageObject","inLanguage":"en-GB","@id":"https:\/\/denizcankizil.tr\/de\/#\/schema\/logo\/image\/","url":"https:\/\/denizcankizil.tr\/wp-content\/uploads\/2024\/10\/siyah-logo-svg.svg","contentUrl":"https:\/\/denizcankizil.tr\/wp-content\/uploads\/2024\/10\/siyah-logo-svg.svg","width":1080,"height":1080,"caption":"Av. Deniz Can K\u0131z\u0131l"},"image":{"@id":"https:\/\/denizcankizil.tr\/de\/#\/schema\/logo\/image\/"}},{"@type":"Person","@id":"https:\/\/denizcankizil.tr\/de\/#\/schema\/person\/5dc1b22991bd7ac833867c10afc9b0ff","name":"Av. Deniz Can K\u0131z\u0131l","image":{"@type":"ImageObject","inLanguage":"en-GB","@id":"https:\/\/denizcankizil.tr\/de\/#\/schema\/person\/image\/","url":"https:\/\/secure.gravatar.com\/avatar\/a0b128fb9855c79efc976d5640eedb31dc35ec297594d6016d2cf7c60e975bb6?s=96&d=mm&r=g","contentUrl":"https:\/\/secure.gravatar.com\/avatar\/a0b128fb9855c79efc976d5640eedb31dc35ec297594d6016d2cf7c60e975bb6?s=96&d=mm&r=g","caption":"Av. Deniz Can K\u0131z\u0131l"},"sameAs":["http:\/\/www.denizcankizil.tr"],"url":"https:\/\/denizcankizil.tr\/en\/author\/denizcankizil\/"}]}},"_links":{"self":[{"href":"https:\/\/denizcankizil.tr\/en\/wp-json\/wp\/v2\/posts\/66135","targetHints":{"allow":["GET"]}}],"collection":[{"href":"https:\/\/denizcankizil.tr\/en\/wp-json\/wp\/v2\/posts"}],"about":[{"href":"https:\/\/denizcankizil.tr\/en\/wp-json\/wp\/v2\/types\/post"}],"author":[{"embeddable":true,"href":"https:\/\/denizcankizil.tr\/en\/wp-json\/wp\/v2\/users\/4"}],"replies":[{"embeddable":true,"href":"https:\/\/denizcankizil.tr\/en\/wp-json\/wp\/v2\/comments?post=66135"}],"version-history":[{"count":0,"href":"https:\/\/denizcankizil.tr\/en\/wp-json\/wp\/v2\/posts\/66135\/revisions"}],"wp:attachment":[{"href":"https:\/\/denizcankizil.tr\/en\/wp-json\/wp\/v2\/media?parent=66135"}],"wp:term":[{"taxonomy":"category","embeddable":true,"href":"https:\/\/denizcankizil.tr\/en\/wp-json\/wp\/v2\/categories?post=66135"},{"taxonomy":"post_tag","embeddable":true,"href":"https:\/\/denizcankizil.tr\/en\/wp-json\/wp\/v2\/tags?post=66135"}],"curies":[{"name":"wp","href":"https:\/\/api.w.org\/{rel}","templated":true}]}}