{"id":65928,"date":"2025-04-22T09:50:00","date_gmt":"2025-04-22T06:50:00","guid":{"rendered":"https:\/\/denizcankizil.tr\/uncategorized-tr\/ilk-haksiz-hareketin-kimden-ciktiginin-belirlenememesi-halinde-haksiz-tahrikte-indirim-orani\/"},"modified":"2025-04-22T09:50:00","modified_gmt":"2025-04-22T06:50:00","slug":"ilk-haksiz-hareketin-kimden-ciktiginin-belirlenememesi-halinde-haksiz-tahrikte-indirim-orani","status":"publish","type":"post","link":"https:\/\/denizcankizil.tr\/en\/hukukihaber\/ilk-haksiz-hareketin-kimden-ciktiginin-belirlenememesi-halinde-haksiz-tahrikte-indirim-orani\/","title":{"rendered":"\u0130lk Haks\u0131z Hareketin Kimden \u00c7\u0131kt\u0131\u011f\u0131n\u0131n Belirlenememesi Halinde Haks\u0131z Tahrikte \u0130ndirim Oran\u0131"},"content":{"rendered":"<p>Yarg\u0131tay\u2019\u0131n yerle\u015fik i\u00e7tihatlar\u0131 uyar\u0131nca, ilk haks\u0131z hareketin kimden \u00e7\u0131kt\u0131\u011f\u0131n\u0131n belirlenememesi halinde san\u0131k veya san\u0131klar lehine asgari oranda haks\u0131z tahrik indirimi uygulanmaktad\u0131r. Bu yaz\u0131m\u0131z\u0131n konusuysa, uygulanmas\u0131 gereken indirim oran\u0131n\u0131n her halde asgari d\u00fczeyde olmas\u0131n\u0131n gerekip gerekmedi\u011fidir.<\/p>\n<p>Yarg\u0131tay 1. Ceza Dairesi, at\u0131f yapt\u0131\u011f\u0131m\u0131z iki karar\u0131nda \u015fu ifadelere yer vermi\u015ftir[1]:<\/p>\n<p>\u201cYarg\u0131tay Ceza Genel Kurulunun 22.10.2002 tarihli 2002\/4-238 Esas, 2002\/367 Karar say\u0131l\u0131 karar\u0131 ve bu kararla uyumlu Ceza Dairelerinin yerle\u015fmi\u015f ve s\u00fcreklilik g\u00f6steren i\u00e7tihatlar\u0131nda benimsendi\u011fi \u00fczere, ilk haks\u0131z hareketin kimden kaynakland\u0131\u011f\u0131n\u0131n \u015f\u00fcpheye yer b\u0131rakmayacak \u015fekilde belirlenemedi\u011fi hallerde, 5237 Say\u0131l\u0131 Kanun&#8217;un 29\/1. maddesinde d\u00fczenlenen haks\u0131z tahrik indiriminin asgari oranda uygulanmas\u0131 gerekti\u011fi g\u00f6zetilmeden yaz\u0131l\u0131 \u015fekilde haks\u0131z tahrik indirimi yap\u0131larak eksik cezalar tayin edilmesi, hukuka ayk\u0131r\u0131 bulunmu\u015ftur.\u201d<\/p>\n<p>Ancak ayn\u0131 daire, hemen hemen ayn\u0131 tarihte, ilk haks\u0131z eylemin kimden kaynakland\u0131\u011f\u0131n\u0131n anla\u015f\u0131lamad\u0131\u011f\u0131 silahl\u0131 kavga nedeniyle t\u00fcm san\u0131klar hakk\u0131nda makul oranlarda haks\u0131z tahrik indirimi uygulanmas\u0131 gerekti\u011finin d\u00fc\u015f\u00fcn\u00fclmemesini bozma gerek\u00e7esi yapm\u0131\u015ft\u0131r[2].<\/p>\n<p>Tart\u0131\u015fma konusunu \u00e7\u00f6zmek i\u00e7in uygulaman\u0131n mant\u0131\u011f\u0131n\u0131 ara\u015ft\u0131rmak gerekir. Haks\u0131z tahrik, failin kusurlulu\u011funu azaltan bir haldir. Fail, haks\u0131z tahrik ko\u015fullar\u0131 nedeniyle alg\u0131lama ve irade yetene\u011fi etkilenen ki\u015fi olup su\u00e7u da bu nedenle i\u015flemi\u015ftir. Dolay\u0131s\u0131yla, etkilenen iradesi nedeniyle cezas\u0131 azalt\u0131lmaktad\u0131r.<\/p>\n<p>Fail hakk\u0131nda ceza verilebilmesi i\u00e7in, onun kusurlu bir \u015fekilde su\u00e7u i\u015fledi\u011finin sabit olmas\u0131 gerekir. E\u011fer failin kusurunun varl\u0131\u011f\u0131 ve derecesi sabit olmazsa, olas\u0131l\u0131\u011fa dayal\u0131 olarak fazla ceza verilmi\u015f olur ki bu yasam\u0131za ve benimsenen ku\u015fkudan san\u0131k yararlan\u0131r ilkesine ayk\u0131r\u0131 olacakt\u0131r.<\/p>\n<p>Bu a\u00e7\u0131klamalar do\u011frultusunda uygulaman\u0131n mant\u0131\u011f\u0131, belki de haks\u0131z tahrik alt\u0131nda su\u00e7 i\u015fleyen ki\u015fiye varsay\u0131ma dayal\u0131 olarak fazla ceza verilmemesidir.<\/p>\n<p>O halde, belki de \u00e7ok a\u011f\u0131r bir haks\u0131z tahrik alt\u0131nda su\u00e7 i\u015fleyen kimseye asgari indirim yap\u0131larak ceza verilmesi de olas\u0131l\u0131\u011fa dayal\u0131 olarak fazla ceza vermek anlam\u0131na gelecektir. Bu nedenle, haks\u0131z tahrikin varl\u0131\u011f\u0131nda ku\u015fku hallerinde her halde asgari oranda indirim yap\u0131lmal\u0131 gibi bir kural koymak m\u00fcmk\u00fcn de\u011fildir.<\/p>\n<p>Haks\u0131z tahrikin varl\u0131\u011f\u0131 konusunda ispat y\u00fck\u00fc tart\u0131\u015fmal\u0131d\u0131r. Kan\u0131m\u0131zca san\u0131k lehine olan olgular\u0131n ispat\u0131nda, san\u0131\u011f\u0131n makul bir bi\u00e7imde bu olguyu ortaya koymu\u015f olmas\u0131 gerekir. Aksi halde, yaln\u0131zca soyut savunma kar\u015f\u0131s\u0131nda t\u00fcm lehe olan olgular\u0131n uygulanmas\u0131 gerekir ki bunun do\u011fru olmad\u0131\u011f\u0131 ortadad\u0131r.<\/p>\n<p>Ayr\u0131ca, genel olarak bir \u015feyin olmad\u0131\u011f\u0131n\u0131 ispat etmek zordur. \u0130ddia makam\u0131n\u0131n, her olayda haks\u0131z tahrik olmad\u0131\u011f\u0131n\u0131 ispat etmesi beklenemez.<\/p>\n<p>Ancak, somut olayda haks\u0131z tahrikin varl\u0131\u011f\u0131na dair makul gerek\u00e7eler varsa, art\u0131k aksi ispat edilmedi\u011fi s\u00fcrece haks\u0131z tahriki uygulamak gerekecektir.<\/p>\n<p>\u0130\u015fte, makul gerek\u00e7elerle ortaya konan haks\u0131z tahrikin varl\u0131\u011f\u0131 ku\u015fkulu olsa dahi var olmas\u0131 durumunda ne kadar bir indirim yap\u0131lmas\u0131 gerekti\u011fi belirlenebilir.<\/p>\n<p>Somutla\u015ft\u0131racak olursak, e\u015fini \u00f6ld\u00fcren fail hakk\u0131nda, failin e\u015finin kendisine k\u00fcf\u00fcr etti\u011fi veya aldatt\u0131\u011f\u0131 savunmas\u0131nda bulundu\u011funu d\u00fc\u015f\u00fcnelim. E\u011fer e\u015fin k\u00fcf\u00fcr etti\u011fi veya aldatt\u0131\u011f\u0131na y\u00f6nelik soyut savunma d\u0131\u015f\u0131nda makul hi\u00e7bir gerek\u00e7e yoksa, haks\u0131z tahrik h\u00fck\u00fcmleri uygulanmamal\u0131d\u0131r.<\/p>\n<p>Ancak, bunlar\u0131n olayda ger\u00e7ekle\u015fmi\u015f olabilece\u011fine dair makul bir \u015f\u00fcphe varsa, art\u0131k haks\u0131z tahrik h\u00fck\u00fcmleri uygulanmal\u0131d\u0131r. E\u011fer k\u00fcfretme savunmas\u0131 makul ise asgari oranda, e\u011fer aldatma savunmas\u0131 makul ise makul oranda indirim yap\u0131lmal\u0131d\u0131r. Oranlar, her somut olaya g\u00f6re yarg\u0131\u00e7 taraf\u0131ndan belirlenecek olup bizim belirttiklerimiz yaln\u0131zca \u00f6rnek ama\u00e7l\u0131d\u0131r.<\/p>\n<p>Sonu\u00e7 olarak, makul veya azami indirim gerektiren a\u011f\u0131r tahrik durumlar\u0131nda, ilk haks\u0131z hareketin kimden kaynakland\u0131\u011f\u0131 bilinmese dahi, san\u0131\u011f\u0131n savunmas\u0131 makul bir bi\u00e7imde ortaya konmu\u015fsa, art\u0131k asgari orandan daha fazla bir indirim oran\u0131 uygulanmal\u0131d\u0131r.<\/p>\n<p>&#8212;&#8212;&#8212;-<\/p>\n<p>[1] Yarg\u0131tay 1. Ceza Dairesi, T. 17.10.2024, E. 2022\/8529, K. 2024\/6683. \/ Yarg\u0131tay 1. Ceza Dairesi, T. 7.2.2024, E. 2023\/5609, K. 2024\/786.<\/p>\n<p>[2] Yarg\u0131tay 1. Ceza Dairesi, T. 7.10.2024, E. 2022\/9529, K. 2024\/6315.<\/p>\n<p>\u200bYarg\u0131tay\u2019\u0131n yerle\u015fik i\u00e7tihatlar\u0131 uyar\u0131nca, ilk haks\u0131z hareketin kimden \u00e7\u0131kt\u0131\u011f\u0131n\u0131n belirlenememesi halinde san\u0131k veya san\u0131klar lehine asgari oranda haks\u0131z tahrik indirimi uygulanmaktad\u0131r. Bu yaz\u0131m\u0131z\u0131n konusuysa, uygulanmas\u0131 gereken indirim oran\u0131n\u0131n her halde asgari d\u00fczeyde olmas\u0131n\u0131n gerekip gerekmedi\u011fidir.<\/p>\n<p>Yarg\u0131tay 1. Ceza Dairesi, at\u0131f yapt\u0131\u011f\u0131m\u0131z iki karar\u0131nda \u015fu ifadelere yer vermi\u015ftir[1]:<\/p>\n<p>\u201cYarg\u0131tay Ceza Genel Kurulunun 22.10.2002 tarihli 2002\/4-238 Esas, 2002\/367 Karar say\u0131l\u0131 karar\u0131 ve bu kararla uyumlu Ceza Dairelerinin yerle\u015fmi\u015f ve s\u00fcreklilik g\u00f6steren i\u00e7tihatlar\u0131nda benimsendi\u011fi \u00fczere, ilk haks\u0131z hareketin kimden kaynakland\u0131\u011f\u0131n\u0131n \u015f\u00fcpheye yer b\u0131rakmayacak \u015fekilde belirlenemedi\u011fi hallerde, 5237 Say\u0131l\u0131 Kanun&#8217;un 29\/1. maddesinde d\u00fczenlenen haks\u0131z tahrik indiriminin asgari oranda uygulanmas\u0131 gerekti\u011fi g\u00f6zetilmeden yaz\u0131l\u0131 \u015fekilde haks\u0131z tahrik indirimi yap\u0131larak eksik cezalar tayin edilmesi, hukuka ayk\u0131r\u0131 bulunmu\u015ftur.\u201d<\/p>\n<p>Ancak ayn\u0131 daire, hemen hemen ayn\u0131 tarihte, ilk haks\u0131z eylemin kimden kaynakland\u0131\u011f\u0131n\u0131n anla\u015f\u0131lamad\u0131\u011f\u0131 silahl\u0131 kavga nedeniyle t\u00fcm san\u0131klar hakk\u0131nda makul oranlarda haks\u0131z tahrik indirimi uygulanmas\u0131 gerekti\u011finin d\u00fc\u015f\u00fcn\u00fclmemesini bozma gerek\u00e7esi yapm\u0131\u015ft\u0131r[2].<\/p>\n<p>Tart\u0131\u015fma konusunu \u00e7\u00f6zmek i\u00e7in uygulaman\u0131n mant\u0131\u011f\u0131n\u0131 ara\u015ft\u0131rmak gerekir. Haks\u0131z tahrik, failin kusurlulu\u011funu azaltan bir haldir. Fail, haks\u0131z tahrik ko\u015fullar\u0131 nedeniyle alg\u0131lama ve irade yetene\u011fi etkilenen ki\u015fi olup su\u00e7u da bu nedenle i\u015flemi\u015ftir. Dolay\u0131s\u0131yla, etkilenen iradesi nedeniyle cezas\u0131 azalt\u0131lmaktad\u0131r.<\/p>\n<p>Fail hakk\u0131nda ceza verilebilmesi i\u00e7in, onun kusurlu bir \u015fekilde su\u00e7u i\u015fledi\u011finin sabit olmas\u0131 gerekir. E\u011fer failin kusurunun varl\u0131\u011f\u0131 ve derecesi sabit olmazsa, olas\u0131l\u0131\u011fa dayal\u0131 olarak fazla ceza verilmi\u015f olur ki bu yasam\u0131za ve benimsenen ku\u015fkudan san\u0131k yararlan\u0131r ilkesine ayk\u0131r\u0131 olacakt\u0131r.<\/p>\n<p>Bu a\u00e7\u0131klamalar do\u011frultusunda uygulaman\u0131n mant\u0131\u011f\u0131, belki de haks\u0131z tahrik alt\u0131nda su\u00e7 i\u015fleyen ki\u015fiye varsay\u0131ma dayal\u0131 olarak fazla ceza verilmemesidir.<\/p>\n<p>O halde, belki de \u00e7ok a\u011f\u0131r bir haks\u0131z tahrik alt\u0131nda su\u00e7 i\u015fleyen kimseye asgari indirim yap\u0131larak ceza verilmesi de olas\u0131l\u0131\u011fa dayal\u0131 olarak fazla ceza vermek anlam\u0131na gelecektir. Bu nedenle, haks\u0131z tahrikin varl\u0131\u011f\u0131nda ku\u015fku hallerinde her halde asgari oranda indirim yap\u0131lmal\u0131 gibi bir kural koymak m\u00fcmk\u00fcn de\u011fildir.<\/p>\n<p>Haks\u0131z tahrikin varl\u0131\u011f\u0131 konusunda ispat y\u00fck\u00fc tart\u0131\u015fmal\u0131d\u0131r. Kan\u0131m\u0131zca san\u0131k lehine olan olgular\u0131n ispat\u0131nda, san\u0131\u011f\u0131n makul bir bi\u00e7imde bu olguyu ortaya koymu\u015f olmas\u0131 gerekir. Aksi halde, yaln\u0131zca soyut savunma kar\u015f\u0131s\u0131nda t\u00fcm lehe olan olgular\u0131n uygulanmas\u0131 gerekir ki bunun do\u011fru olmad\u0131\u011f\u0131 ortadad\u0131r.<\/p>\n<p>Ayr\u0131ca, genel olarak bir \u015feyin olmad\u0131\u011f\u0131n\u0131 ispat etmek zordur. \u0130ddia makam\u0131n\u0131n, her olayda haks\u0131z tahrik olmad\u0131\u011f\u0131n\u0131 ispat etmesi beklenemez.<\/p>\n<p>Ancak, somut olayda haks\u0131z tahrikin varl\u0131\u011f\u0131na dair makul gerek\u00e7eler varsa, art\u0131k aksi ispat edilmedi\u011fi s\u00fcrece haks\u0131z tahriki uygulamak gerekecektir.<\/p>\n<p>\u0130\u015fte, makul gerek\u00e7elerle ortaya konan haks\u0131z tahrikin varl\u0131\u011f\u0131 ku\u015fkulu olsa dahi var olmas\u0131 durumunda ne kadar bir indirim yap\u0131lmas\u0131 gerekti\u011fi belirlenebilir.<\/p>\n<p>Somutla\u015ft\u0131racak olursak, e\u015fini \u00f6ld\u00fcren fail hakk\u0131nda, failin e\u015finin kendisine k\u00fcf\u00fcr etti\u011fi veya aldatt\u0131\u011f\u0131 savunmas\u0131nda bulundu\u011funu d\u00fc\u015f\u00fcnelim. E\u011fer e\u015fin k\u00fcf\u00fcr etti\u011fi veya aldatt\u0131\u011f\u0131na y\u00f6nelik soyut savunma d\u0131\u015f\u0131nda makul hi\u00e7bir gerek\u00e7e yoksa, haks\u0131z tahrik h\u00fck\u00fcmleri uygulanmamal\u0131d\u0131r.<\/p>\n<p>Ancak, bunlar\u0131n olayda ger\u00e7ekle\u015fmi\u015f olabilece\u011fine dair makul bir \u015f\u00fcphe varsa, art\u0131k haks\u0131z tahrik h\u00fck\u00fcmleri uygulanmal\u0131d\u0131r. E\u011fer k\u00fcfretme savunmas\u0131 makul ise asgari oranda, e\u011fer aldatma savunmas\u0131 makul ise makul oranda indirim yap\u0131lmal\u0131d\u0131r. Oranlar, her somut olaya g\u00f6re yarg\u0131\u00e7 taraf\u0131ndan belirlenecek olup bizim belirttiklerimiz yaln\u0131zca \u00f6rnek ama\u00e7l\u0131d\u0131r.<\/p>\n<p>Sonu\u00e7 olarak, makul veya azami indirim gerektiren a\u011f\u0131r tahrik durumlar\u0131nda, ilk haks\u0131z hareketin kimden kaynakland\u0131\u011f\u0131 bilinmese dahi, san\u0131\u011f\u0131n savunmas\u0131 makul bir bi\u00e7imde ortaya konmu\u015fsa, art\u0131k asgari orandan daha fazla bir indirim oran\u0131 uygulanmal\u0131d\u0131r.<\/p>\n<p>&#8212;&#8212;&#8212;-<\/p>\n<p>[1] Yarg\u0131tay 1. Ceza Dairesi, T. 17.10.2024, E. 2022\/8529, K. 2024\/6683. \/ Yarg\u0131tay 1. Ceza Dairesi, T. 7.2.2024, E. 2023\/5609, K. 2024\/786.<\/p>\n<p>[2] Yarg\u0131tay 1. Ceza Dairesi, T. 7.10.2024, E. 2022\/9529, K. 2024\/6315.\u00a0Hukuki Haber<\/p>\n<p>Haberin Al\u0131nt\u0131land\u0131\u011f\u0131 Kaynak: www.hukukihaber.net<\/p>","protected":false},"excerpt":{"rendered":"<p>Yarg\u0131tay\u2019\u0131n yerle\u015fik i\u00e7tihatlar\u0131 uyar\u0131nca, ilk haks\u0131z hareketin kimden \u00e7\u0131kt\u0131\u011f\u0131n\u0131n belirlenememesi halinde san\u0131k veya san\u0131klar lehine asgari oranda haks\u0131z tahrik indirimi uygulanmaktad\u0131r. Bu yaz\u0131m\u0131z\u0131n konusuysa, uygulanmas\u0131 gereken indirim oran\u0131n\u0131n her halde asgari d\u00fczeyde olmas\u0131n\u0131n gerekip gerekmedi\u011fidir. Yarg\u0131tay 1. Ceza Dairesi, at\u0131f yapt\u0131\u011f\u0131m\u0131z iki karar\u0131nda \u015fu ifadelere yer vermi\u015ftir[1]: \u201cYarg\u0131tay Ceza Genel Kurulunun 22.10.2002 tarihli 2002\/4-238 Esas, 2002\/367 Karar say\u0131l\u0131 karar\u0131 ve bu kararla uyumlu Ceza Dairelerinin yerle\u015fmi\u015f ve s\u00fcreklilik g\u00f6steren i\u00e7tihatlar\u0131nda benimsendi\u011fi \u00fczere, ilk haks\u0131z hareketin kimden kaynakland\u0131\u011f\u0131n\u0131n \u015f\u00fcpheye yer b\u0131rakmayacak \u015fekilde belirlenemedi\u011fi hallerde, 5237 Say\u0131l\u0131 Kanun&#8217;un 29\/1. maddesinde d\u00fczenlenen haks\u0131z tahrik indiriminin asgari oranda uygulanmas\u0131 gerekti\u011fi g\u00f6zetilmeden yaz\u0131l\u0131 \u015fekilde haks\u0131z tahrik indirimi yap\u0131larak eksik cezalar tayin edilmesi, hukuka ayk\u0131r\u0131 bulunmu\u015ftur.\u201d Ancak ayn\u0131 daire, hemen hemen ayn\u0131 tarihte, ilk haks\u0131z eylemin kimden kaynakland\u0131\u011f\u0131n\u0131n anla\u015f\u0131lamad\u0131\u011f\u0131 silahl\u0131 kavga nedeniyle t\u00fcm san\u0131klar hakk\u0131nda makul oranlarda haks\u0131z tahrik indirimi uygulanmas\u0131 gerekti\u011finin d\u00fc\u015f\u00fcn\u00fclmemesini bozma gerek\u00e7esi yapm\u0131\u015ft\u0131r[2]. Tart\u0131\u015fma konusunu \u00e7\u00f6zmek i\u00e7in uygulaman\u0131n mant\u0131\u011f\u0131n\u0131 ara\u015ft\u0131rmak gerekir. Haks\u0131z tahrik, failin kusurlulu\u011funu azaltan bir haldir. Fail, haks\u0131z tahrik ko\u015fullar\u0131 nedeniyle alg\u0131lama ve irade yetene\u011fi etkilenen ki\u015fi olup su\u00e7u da bu nedenle i\u015flemi\u015ftir. Dolay\u0131s\u0131yla, etkilenen iradesi nedeniyle cezas\u0131 azalt\u0131lmaktad\u0131r. Fail hakk\u0131nda ceza verilebilmesi i\u00e7in, onun kusurlu bir \u015fekilde su\u00e7u i\u015fledi\u011finin sabit olmas\u0131 gerekir. E\u011fer failin kusurunun varl\u0131\u011f\u0131 ve derecesi sabit olmazsa, &hellip;<\/p>\n","protected":false},"author":3,"featured_media":0,"comment_status":"","ping_status":"open","sticky":false,"template":"","format":"standard","meta":{"_acf_changed":false,"footnotes":""},"categories":[27],"tags":[],"class_list":["post-65928","post","type-post","status-publish","format-standard","has-post-thumbnail","hentry","category-hukukihaber"],"acf":[],"yoast_head":"<!-- This site is optimized with the Yoast SEO Premium plugin v26.6 (Yoast SEO v27.1.1) - https:\/\/yoast.com\/product\/yoast-seo-premium-wordpress\/ -->\n<title>\u0130lk Haks\u0131z Hareketin Kimden \u00c7\u0131kt\u0131\u011f\u0131n\u0131n Belirlenememesi Halinde Haks\u0131z Tahrikte \u0130ndirim Oran\u0131 - Av. Deniz Can K\u0131z\u0131l<\/title>\n<meta name=\"robots\" content=\"index, follow, max-snippet:-1, max-image-preview:large, max-video-preview:-1\" \/>\n<link rel=\"canonical\" href=\"http:\/\/denizcankizil.tr\/en\/hukukihaber\/ilk-haksiz-hareketin-kimden-ciktiginin-belirlenememesi-halinde-haksiz-tahrikte-indirim-orani\/\" \/>\n<meta property=\"og:locale\" content=\"en_GB\" \/>\n<meta property=\"og:type\" content=\"article\" \/>\n<meta property=\"og:title\" content=\"\u0130lk Haks\u0131z Hareketin Kimden \u00c7\u0131kt\u0131\u011f\u0131n\u0131n Belirlenememesi Halinde Haks\u0131z Tahrikte \u0130ndirim Oran\u0131\" \/>\n<meta property=\"og:description\" content=\"Yarg\u0131tay\u2019\u0131n yerle\u015fik i\u00e7tihatlar\u0131 uyar\u0131nca, ilk haks\u0131z hareketin kimden \u00e7\u0131kt\u0131\u011f\u0131n\u0131n belirlenememesi halinde san\u0131k veya san\u0131klar lehine asgari oranda haks\u0131z tahrik indirimi uygulanmaktad\u0131r. Bu yaz\u0131m\u0131z\u0131n konusuysa, uygulanmas\u0131 gereken indirim oran\u0131n\u0131n her halde asgari d\u00fczeyde olmas\u0131n\u0131n gerekip gerekmedi\u011fidir. Yarg\u0131tay 1. Ceza Dairesi, at\u0131f yapt\u0131\u011f\u0131m\u0131z iki karar\u0131nda \u015fu ifadelere yer vermi\u015ftir[1]: \u201cYarg\u0131tay Ceza Genel Kurulunun 22.10.2002 tarihli 2002\/4-238 Esas, 2002\/367 Karar say\u0131l\u0131 karar\u0131 ve bu kararla uyumlu Ceza Dairelerinin yerle\u015fmi\u015f ve s\u00fcreklilik g\u00f6steren i\u00e7tihatlar\u0131nda benimsendi\u011fi \u00fczere, ilk haks\u0131z hareketin kimden kaynakland\u0131\u011f\u0131n\u0131n \u015f\u00fcpheye yer b\u0131rakmayacak \u015fekilde belirlenemedi\u011fi hallerde, 5237 Say\u0131l\u0131 Kanun&#8217;un 29\/1. maddesinde d\u00fczenlenen haks\u0131z tahrik indiriminin asgari oranda uygulanmas\u0131 gerekti\u011fi g\u00f6zetilmeden yaz\u0131l\u0131 \u015fekilde haks\u0131z tahrik indirimi yap\u0131larak eksik cezalar tayin edilmesi, hukuka ayk\u0131r\u0131 bulunmu\u015ftur.\u201d Ancak ayn\u0131 daire, hemen hemen ayn\u0131 tarihte, ilk haks\u0131z eylemin kimden kaynakland\u0131\u011f\u0131n\u0131n anla\u015f\u0131lamad\u0131\u011f\u0131 silahl\u0131 kavga nedeniyle t\u00fcm san\u0131klar hakk\u0131nda makul oranlarda haks\u0131z tahrik indirimi uygulanmas\u0131 gerekti\u011finin d\u00fc\u015f\u00fcn\u00fclmemesini bozma gerek\u00e7esi yapm\u0131\u015ft\u0131r[2]. Tart\u0131\u015fma konusunu \u00e7\u00f6zmek i\u00e7in uygulaman\u0131n mant\u0131\u011f\u0131n\u0131 ara\u015ft\u0131rmak gerekir. Haks\u0131z tahrik, failin kusurlulu\u011funu azaltan bir haldir. Fail, haks\u0131z tahrik ko\u015fullar\u0131 nedeniyle alg\u0131lama ve irade yetene\u011fi etkilenen ki\u015fi olup su\u00e7u da bu nedenle i\u015flemi\u015ftir. Dolay\u0131s\u0131yla, etkilenen iradesi nedeniyle cezas\u0131 azalt\u0131lmaktad\u0131r. Fail hakk\u0131nda ceza verilebilmesi i\u00e7in, onun kusurlu bir \u015fekilde su\u00e7u i\u015fledi\u011finin sabit olmas\u0131 gerekir. E\u011fer failin kusurunun varl\u0131\u011f\u0131 ve derecesi sabit olmazsa, &hellip;\" \/>\n<meta property=\"og:url\" content=\"http:\/\/denizcankizil.tr\/en\/hukukihaber\/ilk-haksiz-hareketin-kimden-ciktiginin-belirlenememesi-halinde-haksiz-tahrikte-indirim-orani\/\" \/>\n<meta property=\"og:site_name\" content=\"Av. Deniz Can K\u0131z\u0131l\" \/>\n<meta property=\"article:published_time\" content=\"2025-04-22T06:50:00+00:00\" \/>\n<meta name=\"author\" content=\"Hukuki Haber.net\" \/>\n<meta name=\"twitter:card\" content=\"summary_large_image\" \/>\n<meta name=\"twitter:label1\" content=\"Written by\" \/>\n\t<meta name=\"twitter:data1\" content=\"Hukuki Haber.net\" \/>\n\t<meta name=\"twitter:label2\" content=\"Estimated reading time\" \/>\n\t<meta name=\"twitter:data2\" content=\"7 minutes\" \/>\n<script type=\"application\/ld+json\" class=\"yoast-schema-graph\">{\"@context\":\"https:\/\/schema.org\",\"@graph\":[{\"@type\":\"Article\",\"@id\":\"http:\/\/denizcankizil.tr\/ru\/hukukihaber\/ilk-haksiz-hareketin-kimden-ciktiginin-belirlenememesi-halinde-haksiz-tahrikte-indirim-orani\/#article\",\"isPartOf\":{\"@id\":\"http:\/\/denizcankizil.tr\/ru\/hukukihaber\/ilk-haksiz-hareketin-kimden-ciktiginin-belirlenememesi-halinde-haksiz-tahrikte-indirim-orani\/\"},\"author\":{\"name\":\"Hukuki Haber.net\",\"@id\":\"https:\/\/denizcankizil.tr\/de\/#\/schema\/person\/001a271de994a0aa3f90eea084424822\"},\"headline\":\"\u0130lk Haks\u0131z Hareketin Kimden \u00c7\u0131kt\u0131\u011f\u0131n\u0131n Belirlenememesi Halinde Haks\u0131z Tahrikte \u0130ndirim Oran\u0131\",\"datePublished\":\"2025-04-22T06:50:00+00:00\",\"mainEntityOfPage\":{\"@id\":\"http:\/\/denizcankizil.tr\/ru\/hukukihaber\/ilk-haksiz-hareketin-kimden-ciktiginin-belirlenememesi-halinde-haksiz-tahrikte-indirim-orani\/\"},\"wordCount\":1481,\"publisher\":{\"@id\":\"https:\/\/denizcankizil.tr\/de\/#organization\"},\"articleSection\":[\"Hukuki Haberler\"],\"inLanguage\":\"en-GB\"},{\"@type\":\"WebPage\",\"@id\":\"http:\/\/denizcankizil.tr\/ru\/hukukihaber\/ilk-haksiz-hareketin-kimden-ciktiginin-belirlenememesi-halinde-haksiz-tahrikte-indirim-orani\/\",\"url\":\"http:\/\/denizcankizil.tr\/ru\/hukukihaber\/ilk-haksiz-hareketin-kimden-ciktiginin-belirlenememesi-halinde-haksiz-tahrikte-indirim-orani\/\",\"name\":\"\u0130lk Haks\u0131z Hareketin Kimden \u00c7\u0131kt\u0131\u011f\u0131n\u0131n Belirlenememesi Halinde Haks\u0131z Tahrikte \u0130ndirim Oran\u0131 - Av. Deniz Can K\u0131z\u0131l\",\"isPartOf\":{\"@id\":\"https:\/\/denizcankizil.tr\/de\/#website\"},\"datePublished\":\"2025-04-22T06:50:00+00:00\",\"breadcrumb\":{\"@id\":\"http:\/\/denizcankizil.tr\/ru\/hukukihaber\/ilk-haksiz-hareketin-kimden-ciktiginin-belirlenememesi-halinde-haksiz-tahrikte-indirim-orani\/#breadcrumb\"},\"inLanguage\":\"en-GB\",\"potentialAction\":[{\"@type\":\"ReadAction\",\"target\":[\"http:\/\/denizcankizil.tr\/ru\/hukukihaber\/ilk-haksiz-hareketin-kimden-ciktiginin-belirlenememesi-halinde-haksiz-tahrikte-indirim-orani\/\"]}]},{\"@type\":\"BreadcrumbList\",\"@id\":\"http:\/\/denizcankizil.tr\/ru\/hukukihaber\/ilk-haksiz-hareketin-kimden-ciktiginin-belirlenememesi-halinde-haksiz-tahrikte-indirim-orani\/#breadcrumb\",\"itemListElement\":[{\"@type\":\"ListItem\",\"position\":1,\"name\":\"Home\",\"item\":\"https:\/\/denizcankizil.tr\/de\/\"},{\"@type\":\"ListItem\",\"position\":2,\"name\":\"\u0130lk Haks\u0131z Hareketin Kimden \u00c7\u0131kt\u0131\u011f\u0131n\u0131n Belirlenememesi Halinde Haks\u0131z Tahrikte \u0130ndirim Oran\u0131\"}]},{\"@type\":\"WebSite\",\"@id\":\"https:\/\/denizcankizil.tr\/de\/#website\",\"url\":\"https:\/\/denizcankizil.tr\/de\/\",\"name\":\"Av. Deniz Can K\u0131z\u0131l\",\"description\":\"Avukat Deniz Can K\u0131z\u0131l Antalya Barosu\",\"publisher\":{\"@id\":\"https:\/\/denizcankizil.tr\/de\/#organization\"},\"potentialAction\":[{\"@type\":\"SearchAction\",\"target\":{\"@type\":\"EntryPoint\",\"urlTemplate\":\"https:\/\/denizcankizil.tr\/de\/?s={search_term_string}\"},\"query-input\":{\"@type\":\"PropertyValueSpecification\",\"valueRequired\":true,\"valueName\":\"search_term_string\"}}],\"inLanguage\":\"en-GB\"},{\"@type\":\"Organization\",\"@id\":\"https:\/\/denizcankizil.tr\/de\/#organization\",\"name\":\"Av. Deniz Can K\u0131z\u0131l\",\"url\":\"https:\/\/denizcankizil.tr\/de\/\",\"logo\":{\"@type\":\"ImageObject\",\"inLanguage\":\"en-GB\",\"@id\":\"https:\/\/denizcankizil.tr\/de\/#\/schema\/logo\/image\/\",\"url\":\"https:\/\/denizcankizil.tr\/wp-content\/uploads\/2024\/10\/siyah-logo-svg.svg\",\"contentUrl\":\"https:\/\/denizcankizil.tr\/wp-content\/uploads\/2024\/10\/siyah-logo-svg.svg\",\"width\":1080,\"height\":1080,\"caption\":\"Av. Deniz Can K\u0131z\u0131l\"},\"image\":{\"@id\":\"https:\/\/denizcankizil.tr\/de\/#\/schema\/logo\/image\/\"}},{\"@type\":\"Person\",\"@id\":\"https:\/\/denizcankizil.tr\/de\/#\/schema\/person\/001a271de994a0aa3f90eea084424822\",\"name\":\"Hukuki Haber.net\",\"image\":{\"@type\":\"ImageObject\",\"inLanguage\":\"en-GB\",\"@id\":\"https:\/\/denizcankizil.tr\/de\/#\/schema\/person\/image\/\",\"url\":\"https:\/\/secure.gravatar.com\/avatar\/57d8a49151495586611a149d29fc42865b951dc053a84709a3172ccb5abf3118?s=96&d=mm&r=g\",\"contentUrl\":\"https:\/\/secure.gravatar.com\/avatar\/57d8a49151495586611a149d29fc42865b951dc053a84709a3172ccb5abf3118?s=96&d=mm&r=g\",\"caption\":\"Hukuki Haber.net\"},\"sameAs\":[\"http:\/\/www.hukukihaber.net\"],\"url\":\"https:\/\/www.hukukihaber.net\/ilk-haksiz-hareketin-kimden-ciktiginin-belirlenememesi-halinde-haksiz-tahrikte-indirim-orani\"}]}<\/script>\n<!-- \/ Yoast SEO Premium plugin. -->","yoast_head_json":{"title":"\u0130lk Haks\u0131z Hareketin Kimden \u00c7\u0131kt\u0131\u011f\u0131n\u0131n Belirlenememesi Halinde Haks\u0131z Tahrikte \u0130ndirim Oran\u0131 - Av. Deniz Can K\u0131z\u0131l","robots":{"index":"index","follow":"follow","max-snippet":"max-snippet:-1","max-image-preview":"max-image-preview:large","max-video-preview":"max-video-preview:-1"},"canonical":"http:\/\/denizcankizil.tr\/en\/hukukihaber\/ilk-haksiz-hareketin-kimden-ciktiginin-belirlenememesi-halinde-haksiz-tahrikte-indirim-orani\/","og_locale":"en_GB","og_type":"article","og_title":"\u0130lk Haks\u0131z Hareketin Kimden \u00c7\u0131kt\u0131\u011f\u0131n\u0131n Belirlenememesi Halinde Haks\u0131z Tahrikte \u0130ndirim Oran\u0131","og_description":"Yarg\u0131tay\u2019\u0131n yerle\u015fik i\u00e7tihatlar\u0131 uyar\u0131nca, ilk haks\u0131z hareketin kimden \u00e7\u0131kt\u0131\u011f\u0131n\u0131n belirlenememesi halinde san\u0131k veya san\u0131klar lehine asgari oranda haks\u0131z tahrik indirimi uygulanmaktad\u0131r. Bu yaz\u0131m\u0131z\u0131n konusuysa, uygulanmas\u0131 gereken indirim oran\u0131n\u0131n her halde asgari d\u00fczeyde olmas\u0131n\u0131n gerekip gerekmedi\u011fidir. Yarg\u0131tay 1. Ceza Dairesi, at\u0131f yapt\u0131\u011f\u0131m\u0131z iki karar\u0131nda \u015fu ifadelere yer vermi\u015ftir[1]: \u201cYarg\u0131tay Ceza Genel Kurulunun 22.10.2002 tarihli 2002\/4-238 Esas, 2002\/367 Karar say\u0131l\u0131 karar\u0131 ve bu kararla uyumlu Ceza Dairelerinin yerle\u015fmi\u015f ve s\u00fcreklilik g\u00f6steren i\u00e7tihatlar\u0131nda benimsendi\u011fi \u00fczere, ilk haks\u0131z hareketin kimden kaynakland\u0131\u011f\u0131n\u0131n \u015f\u00fcpheye yer b\u0131rakmayacak \u015fekilde belirlenemedi\u011fi hallerde, 5237 Say\u0131l\u0131 Kanun&#8217;un 29\/1. maddesinde d\u00fczenlenen haks\u0131z tahrik indiriminin asgari oranda uygulanmas\u0131 gerekti\u011fi g\u00f6zetilmeden yaz\u0131l\u0131 \u015fekilde haks\u0131z tahrik indirimi yap\u0131larak eksik cezalar tayin edilmesi, hukuka ayk\u0131r\u0131 bulunmu\u015ftur.\u201d Ancak ayn\u0131 daire, hemen hemen ayn\u0131 tarihte, ilk haks\u0131z eylemin kimden kaynakland\u0131\u011f\u0131n\u0131n anla\u015f\u0131lamad\u0131\u011f\u0131 silahl\u0131 kavga nedeniyle t\u00fcm san\u0131klar hakk\u0131nda makul oranlarda haks\u0131z tahrik indirimi uygulanmas\u0131 gerekti\u011finin d\u00fc\u015f\u00fcn\u00fclmemesini bozma gerek\u00e7esi yapm\u0131\u015ft\u0131r[2]. Tart\u0131\u015fma konusunu \u00e7\u00f6zmek i\u00e7in uygulaman\u0131n mant\u0131\u011f\u0131n\u0131 ara\u015ft\u0131rmak gerekir. Haks\u0131z tahrik, failin kusurlulu\u011funu azaltan bir haldir. Fail, haks\u0131z tahrik ko\u015fullar\u0131 nedeniyle alg\u0131lama ve irade yetene\u011fi etkilenen ki\u015fi olup su\u00e7u da bu nedenle i\u015flemi\u015ftir. Dolay\u0131s\u0131yla, etkilenen iradesi nedeniyle cezas\u0131 azalt\u0131lmaktad\u0131r. Fail hakk\u0131nda ceza verilebilmesi i\u00e7in, onun kusurlu bir \u015fekilde su\u00e7u i\u015fledi\u011finin sabit olmas\u0131 gerekir. E\u011fer failin kusurunun varl\u0131\u011f\u0131 ve derecesi sabit olmazsa, &hellip;","og_url":"http:\/\/denizcankizil.tr\/en\/hukukihaber\/ilk-haksiz-hareketin-kimden-ciktiginin-belirlenememesi-halinde-haksiz-tahrikte-indirim-orani\/","og_site_name":"Av. Deniz Can K\u0131z\u0131l","article_published_time":"2025-04-22T06:50:00+00:00","author":"Hukuki Haber.net","twitter_card":"summary_large_image","twitter_misc":{"Written by":"Hukuki Haber.net","Estimated reading time":"7 minutes"},"schema":{"@context":"https:\/\/schema.org","@graph":[{"@type":"Article","@id":"http:\/\/denizcankizil.tr\/ru\/hukukihaber\/ilk-haksiz-hareketin-kimden-ciktiginin-belirlenememesi-halinde-haksiz-tahrikte-indirim-orani\/#article","isPartOf":{"@id":"http:\/\/denizcankizil.tr\/ru\/hukukihaber\/ilk-haksiz-hareketin-kimden-ciktiginin-belirlenememesi-halinde-haksiz-tahrikte-indirim-orani\/"},"author":{"name":"Hukuki Haber.net","@id":"https:\/\/denizcankizil.tr\/de\/#\/schema\/person\/001a271de994a0aa3f90eea084424822"},"headline":"\u0130lk Haks\u0131z Hareketin Kimden \u00c7\u0131kt\u0131\u011f\u0131n\u0131n Belirlenememesi Halinde Haks\u0131z Tahrikte \u0130ndirim Oran\u0131","datePublished":"2025-04-22T06:50:00+00:00","mainEntityOfPage":{"@id":"http:\/\/denizcankizil.tr\/ru\/hukukihaber\/ilk-haksiz-hareketin-kimden-ciktiginin-belirlenememesi-halinde-haksiz-tahrikte-indirim-orani\/"},"wordCount":1481,"publisher":{"@id":"https:\/\/denizcankizil.tr\/de\/#organization"},"articleSection":["Hukuki Haberler"],"inLanguage":"en-GB"},{"@type":"WebPage","@id":"http:\/\/denizcankizil.tr\/ru\/hukukihaber\/ilk-haksiz-hareketin-kimden-ciktiginin-belirlenememesi-halinde-haksiz-tahrikte-indirim-orani\/","url":"http:\/\/denizcankizil.tr\/ru\/hukukihaber\/ilk-haksiz-hareketin-kimden-ciktiginin-belirlenememesi-halinde-haksiz-tahrikte-indirim-orani\/","name":"\u0130lk Haks\u0131z Hareketin Kimden \u00c7\u0131kt\u0131\u011f\u0131n\u0131n Belirlenememesi Halinde Haks\u0131z Tahrikte \u0130ndirim Oran\u0131 - Av. Deniz Can K\u0131z\u0131l","isPartOf":{"@id":"https:\/\/denizcankizil.tr\/de\/#website"},"datePublished":"2025-04-22T06:50:00+00:00","breadcrumb":{"@id":"http:\/\/denizcankizil.tr\/ru\/hukukihaber\/ilk-haksiz-hareketin-kimden-ciktiginin-belirlenememesi-halinde-haksiz-tahrikte-indirim-orani\/#breadcrumb"},"inLanguage":"en-GB","potentialAction":[{"@type":"ReadAction","target":["http:\/\/denizcankizil.tr\/ru\/hukukihaber\/ilk-haksiz-hareketin-kimden-ciktiginin-belirlenememesi-halinde-haksiz-tahrikte-indirim-orani\/"]}]},{"@type":"BreadcrumbList","@id":"http:\/\/denizcankizil.tr\/ru\/hukukihaber\/ilk-haksiz-hareketin-kimden-ciktiginin-belirlenememesi-halinde-haksiz-tahrikte-indirim-orani\/#breadcrumb","itemListElement":[{"@type":"ListItem","position":1,"name":"Home","item":"https:\/\/denizcankizil.tr\/de\/"},{"@type":"ListItem","position":2,"name":"\u0130lk Haks\u0131z Hareketin Kimden \u00c7\u0131kt\u0131\u011f\u0131n\u0131n Belirlenememesi Halinde Haks\u0131z Tahrikte \u0130ndirim Oran\u0131"}]},{"@type":"WebSite","@id":"https:\/\/denizcankizil.tr\/de\/#website","url":"https:\/\/denizcankizil.tr\/de\/","name":"Av. Deniz Can K\u0131z\u0131l","description":"Avukat Deniz Can K\u0131z\u0131l Antalya Barosu","publisher":{"@id":"https:\/\/denizcankizil.tr\/de\/#organization"},"potentialAction":[{"@type":"SearchAction","target":{"@type":"EntryPoint","urlTemplate":"https:\/\/denizcankizil.tr\/de\/?s={search_term_string}"},"query-input":{"@type":"PropertyValueSpecification","valueRequired":true,"valueName":"search_term_string"}}],"inLanguage":"en-GB"},{"@type":"Organization","@id":"https:\/\/denizcankizil.tr\/de\/#organization","name":"Av. Deniz Can K\u0131z\u0131l","url":"https:\/\/denizcankizil.tr\/de\/","logo":{"@type":"ImageObject","inLanguage":"en-GB","@id":"https:\/\/denizcankizil.tr\/de\/#\/schema\/logo\/image\/","url":"https:\/\/denizcankizil.tr\/wp-content\/uploads\/2024\/10\/siyah-logo-svg.svg","contentUrl":"https:\/\/denizcankizil.tr\/wp-content\/uploads\/2024\/10\/siyah-logo-svg.svg","width":1080,"height":1080,"caption":"Av. Deniz Can K\u0131z\u0131l"},"image":{"@id":"https:\/\/denizcankizil.tr\/de\/#\/schema\/logo\/image\/"}},{"@type":"Person","@id":"https:\/\/denizcankizil.tr\/de\/#\/schema\/person\/001a271de994a0aa3f90eea084424822","name":"Hukuki Haber.net","image":{"@type":"ImageObject","inLanguage":"en-GB","@id":"https:\/\/denizcankizil.tr\/de\/#\/schema\/person\/image\/","url":"https:\/\/secure.gravatar.com\/avatar\/57d8a49151495586611a149d29fc42865b951dc053a84709a3172ccb5abf3118?s=96&d=mm&r=g","contentUrl":"https:\/\/secure.gravatar.com\/avatar\/57d8a49151495586611a149d29fc42865b951dc053a84709a3172ccb5abf3118?s=96&d=mm&r=g","caption":"Hukuki Haber.net"},"sameAs":["http:\/\/www.hukukihaber.net"],"url":"https:\/\/www.hukukihaber.net\/ilk-haksiz-hareketin-kimden-ciktiginin-belirlenememesi-halinde-haksiz-tahrikte-indirim-orani"}]}},"_links":{"self":[{"href":"https:\/\/denizcankizil.tr\/en\/wp-json\/wp\/v2\/posts\/65928","targetHints":{"allow":["GET"]}}],"collection":[{"href":"https:\/\/denizcankizil.tr\/en\/wp-json\/wp\/v2\/posts"}],"about":[{"href":"https:\/\/denizcankizil.tr\/en\/wp-json\/wp\/v2\/types\/post"}],"author":[{"embeddable":true,"href":"https:\/\/denizcankizil.tr\/en\/wp-json\/wp\/v2\/users\/3"}],"replies":[{"embeddable":true,"href":"https:\/\/denizcankizil.tr\/en\/wp-json\/wp\/v2\/comments?post=65928"}],"version-history":[{"count":0,"href":"https:\/\/denizcankizil.tr\/en\/wp-json\/wp\/v2\/posts\/65928\/revisions"}],"wp:attachment":[{"href":"https:\/\/denizcankizil.tr\/en\/wp-json\/wp\/v2\/media?parent=65928"}],"wp:term":[{"taxonomy":"category","embeddable":true,"href":"https:\/\/denizcankizil.tr\/en\/wp-json\/wp\/v2\/categories?post=65928"},{"taxonomy":"post_tag","embeddable":true,"href":"https:\/\/denizcankizil.tr\/en\/wp-json\/wp\/v2\/tags?post=65928"}],"curies":[{"name":"wp","href":"https:\/\/api.w.org\/{rel}","templated":true}]}}