{"id":65818,"date":"2025-04-25T09:41:18","date_gmt":"2025-04-25T06:41:18","guid":{"rendered":"https:\/\/denizcankizil.tr\/uncategorized-tr\/antalyada-belediyeler-depreme-karsi-sinifta-kaldi-19-belediyeden-sadece-8i-hazirlikli\/"},"modified":"2025-04-25T09:41:18","modified_gmt":"2025-04-25T06:41:18","slug":"antalyada-belediyeler-depreme-karsi-sinifta-kaldi-19-belediyeden-sadece-8i-hazirlikli","status":"publish","type":"post","link":"https:\/\/denizcankizil.tr\/en\/haberler\/gundem\/antalyada-belediyeler-depreme-karsi-sinifta-kaldi-19-belediyeden-sadece-8i-hazirlikli\/","title":{"rendered":"Antalya\u2019da belediyeler depreme kar\u015f\u0131 s\u0131n\u0131fta kald\u0131: 19 belediyeden sadece 8\u2019i haz\u0131rl\u0131kl\u0131"},"content":{"rendered":"<p>\u0130stanbul Kemerburgaz a\u00e7\u0131klar\u0131nda d\u00fcn saat 12.49\u2019da meydana gelen 6,2 b\u00fcy\u00fckl\u00fc\u011f\u00fcndeki deprem, Antalya\u2019da fiziksel bir etkisi hissedilmese de T\u00fcrkiye\u2019nin deprem ger\u00e7e\u011fini yeniden g\u00fcndeme ta\u015f\u0131d\u0131. Antalya Jeoloji M\u00fchendisleri Odas\u0131 Ba\u015fkan\u0131 Mustafa Karanc\u0131, yapt\u0131\u011f\u0131 a\u00e7\u0131klamada, \u00fclke olarak ya\u015fanan ac\u0131 tecr\u00fcbelere ra\u011fmen depreme haz\u0131rl\u0131ks\u0131z bir ya\u015fam s\u00fcrd\u00fcr\u00fcld\u00fc\u011f\u00fcne dikkat \u00e7ekti.<\/p>\n<p>GER\u00c7EKLERDE UZA\u011eIZ<\/p>\n<p>Karanc\u0131, T\u00fcrkiye\u2019nin do\u011fal g\u00fczelliklerinin b\u00fcy\u00fck \u00f6l\u00e7\u00fcde jeolojik yap\u0131s\u0131ndan kaynakland\u0131\u011f\u0131n\u0131 belirterek, \u201cDenizlerimiz, da\u011flar\u0131m\u0131z, ovalar\u0131m\u0131z, derelerimiz\u2026 Hepsi bu \u00fclkenin e\u015fsiz jeolojisinin \u00fcr\u00fcn\u00fcd\u00fcr. Ancak bu g\u00fczelliklerin ard\u0131nda ciddi bir tehlike de var: Deprem ger\u00e7e\u011fi. Ne yaz\u0131k ki biz h\u00e2l\u00e2 bu ger\u00e7ekle ya\u015famay\u0131 \u00f6\u011frenemedik\u201d dedi.<\/p>\n<p>HER DEPREM KORKU<\/p>\n<p>Jeoloji m\u00fchendislerinin \u2018fay hatlar\u0131yla konu\u015ftu\u011funu\u2019 belirten Karanc\u0131, \u201cFay hatlar\u0131 bize, en b\u00fcy\u00fck dostlar\u0131n\u0131n ihmaller oldu\u011funu s\u00f6yl\u00fcyor. Bu y\u00fczden her deprem korku ve panik yarat\u0131yor. \u00c7\u00fcnk\u00fc h\u00e2l\u00e2 haz\u0131r de\u011filiz\u201d dedi. 1999 G\u00f6lc\u00fck ve 2023 Kahramanmara\u015f depremlerini hat\u0131rlatan Karanc\u0131, bu b\u00fcy\u00fck ac\u0131lardan yeterince ders \u00e7\u0131kar\u0131lamad\u0131\u011f\u0131na dikkat \u00e7ekti. Karanc\u0131, Antalya\u2019n\u0131n 1996 y\u0131l\u0131na kadar d\u00f6rd\u00fcnc\u00fc derece deprem b\u00f6lgesi olarak kabul edildi\u011fini, ancak yap\u0131lan g\u00fcncellemelerle ikinci derece deprem b\u00f6lgesi stat\u00fcs\u00fcne ge\u00e7ti\u011fini vurgulad\u0131.<\/p>\n<p>C\u0130DD\u0130 R\u0130SK ALTINDA<\/p>\n<p>1996 ve 1999 deprem y\u00f6netmeli\u011fine g\u00f6re yap\u0131lan evlerin yetersiz oldu\u011funa vurgu yapan Karanc\u0131, \u201c1996 \u00f6ncesi ve 1999 deprem y\u00f6netmeli\u011finden \u00f6nce yap\u0131lan yap\u0131lar, bug\u00fcn ciddi risk alt\u0131nda. O d\u00f6nemlerde yap\u0131la\u015fmalar 4. derece deprem b\u00f6lgesi varsay\u0131m\u0131yla yap\u0131ld\u0131. Oysa bug\u00fcn biliyoruz ki Antalya 2. derece deprem b\u00f6lgesi\u201d diye konu\u015ftu.<\/p>\n<p>TEHL\u0130KEL\u0130 \u0130L\u00c7ELER<\/p>\n<p>Antalya K\u00f6rfez Gazetesi muhabiri Ertu\u011frul G\u00fcn&#8217;\u00fcn haberine g\u00f6re; \u00f6zellikle Konyaalt\u0131, Kumluca, Finike, Serik\u2019in b\u00fcy\u00fck bir b\u00f6l\u00fcm\u00fc ve Manavgat\u2019taki \u0131rmak kenar\u0131ndaki yerle\u015fimlerin y\u00fcksek risk ta\u015f\u0131d\u0131\u011f\u0131n\u0131 belirten Karanc\u0131, bu alanlar\u0131n yer alt\u0131 su seviyesinin y\u00fcksek oldu\u011fu al\u00fcvyon zeminler \u00fczerine kurulu oldu\u011funu s\u00f6yledi.<\/p>\n<p>ZEM\u0130N ANAL\u0130Z ED\u0130LMED\u0130<\/p>\n<p>K\u00f6t\u00fc zeminin \u00fczerine yap\u0131lan evlerin olu\u015fturdu\u011fu tehlikeye dikkat \u00e7eken Karanc\u0131, \u201cBu b\u00f6lgelerde yeni yap\u0131la\u015fmalar dahi olsa, zemin \u00f6zellikleri do\u011fru analiz edilmemi\u015fse, oturma ve s\u0131v\u0131la\u015fma riski ta\u015f\u0131r. Mara\u015f depreminde cam\u0131 bile k\u0131r\u0131lmam\u0131\u015f ama yan yatm\u0131\u015f binalar g\u00f6rd\u00fck. Bu, k\u00f6t\u00fc zemin ve yetersiz m\u00fchendislik uygulamas\u0131n\u0131n sonucudur\u201d dedi.<\/p>\n<p>FORMAL\u0130TE OLMAMALI<\/p>\n<p>Ba\u015fkan Karanc\u0131, bir\u00e7ok belediyede zemin et\u00fctlerinin yaln\u0131zca ruhsat dosyas\u0131na konulan bir evrak gibi g\u00f6r\u00fcld\u00fc\u011f\u00fcn\u00fc, bunun \u00e7ok b\u00fcy\u00fck bir sorumsuzluk oldu\u011funu s\u00f6yledi. Karanc\u0131, \u201cDepreme dayan\u0131kl\u0131 bir kentten s\u00f6z edebilmemiz i\u00e7in ilk ad\u0131m, sa\u011flam zemine do\u011fru yap\u0131 yapmak. Ancak Antalya\u2019da 19 il\u00e7e belediyesinden sadece 8\u2019inde zemin denetimi d\u00fczenli yap\u0131l\u0131yor. Bu durum kabul edilemez. Yap\u0131n\u0131n kalitesi ne kadar iyi olursa olsun, temel-zemin ili\u015fkisi sa\u011fl\u0131kl\u0131 kurulmam\u0131\u015fsa o bina risklidir. Mutlaka jeoloji m\u00fchendislerinin bilgisinden faydalanmam\u0131z gerekir\u201d ifadelerini kulland\u0131.<\/p>\n<p>HAYAT\u0130 \u00d6NEMDE<\/p>\n<p>Karanc\u0131, Antalya\u2019da AFAD ve B\u00fcy\u00fck\u015fehir Belediyesi\u2019nin i\u015f birli\u011fiyle y\u00fcr\u00fct\u00fclen Deprem Master Plan\u0131 \u00e7al\u0131\u015fmalar\u0131n\u0131n s\u00fcrd\u00fc\u011f\u00fcn\u00fc ve 2025 y\u0131l\u0131n\u0131n sonunda tamamlanmas\u0131n\u0131n planland\u0131\u011f\u0131n\u0131 belirtti. Karanc\u0131, \u201cBu plan sayesinde Antalya\u2019daki yap\u0131lar\u0131n envanteri \u00e7\u0131kar\u0131lacak ve olas\u0131 bir depremde hangi b\u00f6lgelerin nas\u0131l etkilenece\u011fi senaryolarla g\u00f6r\u00fclecek. Bu plan, \u015fehrin diren\u00e7li kentle\u015fme vizyonunun temel ta\u015f\u0131 olacak\u201d s\u00f6zlerini kaydetti.<\/p>\n<p>M\u00dcHEND\u0130SLER\u0130NDEN FAYDALANILMALI<\/p>\n<p>Karanc\u0131, depremle m\u00fccadelede en b\u00fcy\u00fck eksikli\u011fin yerel y\u00f6netimlerde jeoloji m\u00fchendislerinin yeterince istihdam edilmemesi oldu\u011funu vurgulad\u0131. Karanc\u0131, \u201cLafla peynir gemisi y\u00fcr\u00fcm\u00fcyor. E\u011fer ger\u00e7ekten diren\u00e7li \u015fehirlerden s\u00f6z etmek istiyorsak, jeoloji m\u00fchendislerinin bilgi, deneyim ve analizlerinden faydalanmak zorunday\u0131z\u201d diyerek s\u00f6zlerini tamamlad\u0131.<\/p>\n<p>\u200b\u0130stanbul\u2019da meydana 6,2 b\u00fcy\u00fckl\u00fc\u011f\u00fcndeki deprem, Antalya\u2019da hissedilmese de kentin deprem ger\u00e7e\u011fini yeniden g\u00fcndeme ta\u015f\u0131d\u0131. Antalya Jeoloji M\u00fchendisleri Odas\u0131 Ba\u015fkan\u0131 Mustafa Karanc\u0131, Antalya\u2019da 19 il\u00e7e belediyesinden sadece 8\u2019inde zemin denetiminin d\u00fczenli yap\u0131ld\u0131\u011f\u0131na dikkat \u00e7ekti.\u00a0<\/p>\n<p>\u200bHaberin Al\u0131nt\u0131land\u0131\u011f\u0131 Kaynak: www.antalyakorfez.com<\/p>","protected":false},"excerpt":{"rendered":"<p>\u0130stanbul Kemerburgaz a\u00e7\u0131klar\u0131nda d\u00fcn saat 12.49\u2019da meydana gelen 6,2 b\u00fcy\u00fckl\u00fc\u011f\u00fcndeki deprem, Antalya\u2019da fiziksel bir etkisi hissedilmese de T\u00fcrkiye\u2019nin deprem ger\u00e7e\u011fini yeniden g\u00fcndeme ta\u015f\u0131d\u0131. Antalya Jeoloji M\u00fchendisleri Odas\u0131 Ba\u015fkan\u0131 Mustafa Karanc\u0131, yapt\u0131\u011f\u0131 a\u00e7\u0131klamada, \u00fclke olarak ya\u015fanan ac\u0131 tecr\u00fcbelere ra\u011fmen depreme haz\u0131rl\u0131ks\u0131z bir ya\u015fam s\u00fcrd\u00fcr\u00fcld\u00fc\u011f\u00fcne dikkat \u00e7ekti. GER\u00c7EKLERDE UZA\u011eIZ Karanc\u0131, T\u00fcrkiye\u2019nin do\u011fal g\u00fczelliklerinin b\u00fcy\u00fck \u00f6l\u00e7\u00fcde jeolojik yap\u0131s\u0131ndan kaynakland\u0131\u011f\u0131n\u0131 belirterek, \u201cDenizlerimiz, da\u011flar\u0131m\u0131z, ovalar\u0131m\u0131z, derelerimiz\u2026 Hepsi bu \u00fclkenin e\u015fsiz jeolojisinin \u00fcr\u00fcn\u00fcd\u00fcr. Ancak bu g\u00fczelliklerin ard\u0131nda ciddi bir tehlike de var: Deprem ger\u00e7e\u011fi. Ne yaz\u0131k ki biz h\u00e2l\u00e2 bu ger\u00e7ekle ya\u015famay\u0131 \u00f6\u011frenemedik\u201d dedi. HER DEPREM KORKU Jeoloji m\u00fchendislerinin \u2018fay hatlar\u0131yla konu\u015ftu\u011funu\u2019 belirten Karanc\u0131, \u201cFay hatlar\u0131 bize, en b\u00fcy\u00fck dostlar\u0131n\u0131n ihmaller oldu\u011funu s\u00f6yl\u00fcyor. Bu y\u00fczden her deprem korku ve panik yarat\u0131yor. \u00c7\u00fcnk\u00fc h\u00e2l\u00e2 haz\u0131r de\u011filiz\u201d dedi. 1999 G\u00f6lc\u00fck ve 2023 Kahramanmara\u015f depremlerini hat\u0131rlatan Karanc\u0131, bu b\u00fcy\u00fck ac\u0131lardan yeterince ders \u00e7\u0131kar\u0131lamad\u0131\u011f\u0131na dikkat \u00e7ekti. Karanc\u0131, Antalya\u2019n\u0131n 1996 y\u0131l\u0131na kadar d\u00f6rd\u00fcnc\u00fc derece deprem b\u00f6lgesi olarak kabul edildi\u011fini, ancak yap\u0131lan g\u00fcncellemelerle ikinci derece deprem b\u00f6lgesi stat\u00fcs\u00fcne ge\u00e7ti\u011fini vurgulad\u0131. C\u0130DD\u0130 R\u0130SK ALTINDA 1996 ve 1999 deprem y\u00f6netmeli\u011fine g\u00f6re yap\u0131lan evlerin yetersiz oldu\u011funa vurgu yapan Karanc\u0131, \u201c1996 \u00f6ncesi ve 1999 deprem y\u00f6netmeli\u011finden \u00f6nce yap\u0131lan yap\u0131lar, bug\u00fcn ciddi risk alt\u0131nda. O d\u00f6nemlerde yap\u0131la\u015fmalar 4. derece deprem b\u00f6lgesi varsay\u0131m\u0131yla yap\u0131ld\u0131. Oysa bug\u00fcn biliyoruz ki &hellip;<\/p>","protected":false},"author":5,"featured_media":0,"comment_status":"","ping_status":"open","sticky":false,"template":"","format":"standard","meta":{"_acf_changed":false,"footnotes":""},"categories":[24],"tags":[],"class_list":["post-65818","post","type-post","status-publish","format-standard","has-post-thumbnail","hentry","category-gundem"],"acf":[],"yoast_head":"<!-- This site is optimized with the Yoast SEO Premium plugin v26.6 (Yoast SEO v27.1.1) - https:\/\/yoast.com\/product\/yoast-seo-premium-wordpress\/ -->\n<title>Antalya\u2019da belediyeler depreme kar\u015f\u0131 s\u0131n\u0131fta kald\u0131: 19 belediyeden sadece 8\u2019i haz\u0131rl\u0131kl\u0131 - Av. Deniz Can K\u0131z\u0131l<\/title>\n<meta name=\"robots\" content=\"index, follow, max-snippet:-1, max-image-preview:large, max-video-preview:-1\" \/>\n<link rel=\"canonical\" href=\"http:\/\/denizcankizil.tr\/en\/haberler\/gundem\/antalyada-belediyeler-depreme-karsi-sinifta-kaldi-19-belediyeden-sadece-8i-hazirlikli\/\" \/>\n<meta property=\"og:locale\" content=\"en_GB\" \/>\n<meta property=\"og:type\" content=\"article\" \/>\n<meta property=\"og:title\" content=\"Antalya\u2019da belediyeler depreme kar\u015f\u0131 s\u0131n\u0131fta kald\u0131: 19 belediyeden sadece 8\u2019i haz\u0131rl\u0131kl\u0131\" \/>\n<meta property=\"og:description\" content=\"\u0130stanbul Kemerburgaz a\u00e7\u0131klar\u0131nda d\u00fcn saat 12.49\u2019da meydana gelen 6,2 b\u00fcy\u00fckl\u00fc\u011f\u00fcndeki deprem, Antalya\u2019da fiziksel bir etkisi hissedilmese de T\u00fcrkiye\u2019nin deprem ger\u00e7e\u011fini yeniden g\u00fcndeme ta\u015f\u0131d\u0131. Antalya Jeoloji M\u00fchendisleri Odas\u0131 Ba\u015fkan\u0131 Mustafa Karanc\u0131, yapt\u0131\u011f\u0131 a\u00e7\u0131klamada, \u00fclke olarak ya\u015fanan ac\u0131 tecr\u00fcbelere ra\u011fmen depreme haz\u0131rl\u0131ks\u0131z bir ya\u015fam s\u00fcrd\u00fcr\u00fcld\u00fc\u011f\u00fcne dikkat \u00e7ekti. GER\u00c7EKLERDE UZA\u011eIZ Karanc\u0131, T\u00fcrkiye\u2019nin do\u011fal g\u00fczelliklerinin b\u00fcy\u00fck \u00f6l\u00e7\u00fcde jeolojik yap\u0131s\u0131ndan kaynakland\u0131\u011f\u0131n\u0131 belirterek, \u201cDenizlerimiz, da\u011flar\u0131m\u0131z, ovalar\u0131m\u0131z, derelerimiz\u2026 Hepsi bu \u00fclkenin e\u015fsiz jeolojisinin \u00fcr\u00fcn\u00fcd\u00fcr. Ancak bu g\u00fczelliklerin ard\u0131nda ciddi bir tehlike de var: Deprem ger\u00e7e\u011fi. Ne yaz\u0131k ki biz h\u00e2l\u00e2 bu ger\u00e7ekle ya\u015famay\u0131 \u00f6\u011frenemedik\u201d dedi. HER DEPREM KORKU Jeoloji m\u00fchendislerinin \u2018fay hatlar\u0131yla konu\u015ftu\u011funu\u2019 belirten Karanc\u0131, \u201cFay hatlar\u0131 bize, en b\u00fcy\u00fck dostlar\u0131n\u0131n ihmaller oldu\u011funu s\u00f6yl\u00fcyor. Bu y\u00fczden her deprem korku ve panik yarat\u0131yor. \u00c7\u00fcnk\u00fc h\u00e2l\u00e2 haz\u0131r de\u011filiz\u201d dedi. 1999 G\u00f6lc\u00fck ve 2023 Kahramanmara\u015f depremlerini hat\u0131rlatan Karanc\u0131, bu b\u00fcy\u00fck ac\u0131lardan yeterince ders \u00e7\u0131kar\u0131lamad\u0131\u011f\u0131na dikkat \u00e7ekti. Karanc\u0131, Antalya\u2019n\u0131n 1996 y\u0131l\u0131na kadar d\u00f6rd\u00fcnc\u00fc derece deprem b\u00f6lgesi olarak kabul edildi\u011fini, ancak yap\u0131lan g\u00fcncellemelerle ikinci derece deprem b\u00f6lgesi stat\u00fcs\u00fcne ge\u00e7ti\u011fini vurgulad\u0131. C\u0130DD\u0130 R\u0130SK ALTINDA 1996 ve 1999 deprem y\u00f6netmeli\u011fine g\u00f6re yap\u0131lan evlerin yetersiz oldu\u011funa vurgu yapan Karanc\u0131, \u201c1996 \u00f6ncesi ve 1999 deprem y\u00f6netmeli\u011finden \u00f6nce yap\u0131lan yap\u0131lar, bug\u00fcn ciddi risk alt\u0131nda. O d\u00f6nemlerde yap\u0131la\u015fmalar 4. derece deprem b\u00f6lgesi varsay\u0131m\u0131yla yap\u0131ld\u0131. Oysa bug\u00fcn biliyoruz ki &hellip;\" \/>\n<meta property=\"og:url\" content=\"http:\/\/denizcankizil.tr\/en\/haberler\/gundem\/antalyada-belediyeler-depreme-karsi-sinifta-kaldi-19-belediyeden-sadece-8i-hazirlikli\/\" \/>\n<meta property=\"og:site_name\" content=\"Av. Deniz Can K\u0131z\u0131l\" \/>\n<meta property=\"article:published_time\" content=\"2025-04-25T06:41:18+00:00\" \/>\n<meta name=\"author\" content=\"Antalya K\u00f6rfez\" \/>\n<meta name=\"twitter:card\" content=\"summary_large_image\" \/>\n<meta name=\"twitter:label1\" content=\"Written by\" \/>\n\t<meta name=\"twitter:data1\" content=\"Antalya K\u00f6rfez\" \/>\n\t<meta name=\"twitter:label2\" content=\"Estimated reading time\" \/>\n\t<meta name=\"twitter:data2\" content=\"4 minutes\" \/>\n<script type=\"application\/ld+json\" class=\"yoast-schema-graph\">{\"@context\":\"https:\/\/schema.org\",\"@graph\":[{\"@type\":\"Article\",\"@id\":\"http:\/\/denizcankizil.tr\/ru\/haberler\/gundem\/antalyada-belediyeler-depreme-karsi-sinifta-kaldi-19-belediyeden-sadece-8i-hazirlikli\/#article\",\"isPartOf\":{\"@id\":\"http:\/\/denizcankizil.tr\/ru\/haberler\/gundem\/antalyada-belediyeler-depreme-karsi-sinifta-kaldi-19-belediyeden-sadece-8i-hazirlikli\/\"},\"author\":{\"name\":\"Antalya K\u00f6rfez\",\"@id\":\"https:\/\/denizcankizil.tr\/de\/#\/schema\/person\/e1eb71bb4dd684d46563f0af307e1234\"},\"headline\":\"Antalya\u2019da belediyeler depreme kar\u015f\u0131 s\u0131n\u0131fta kald\u0131: 19 belediyeden sadece 8\u2019i haz\u0131rl\u0131kl\u0131\",\"datePublished\":\"2025-04-25T06:41:18+00:00\",\"mainEntityOfPage\":{\"@id\":\"http:\/\/denizcankizil.tr\/ru\/haberler\/gundem\/antalyada-belediyeler-depreme-karsi-sinifta-kaldi-19-belediyeden-sadece-8i-hazirlikli\/\"},\"wordCount\":772,\"publisher\":{\"@id\":\"https:\/\/denizcankizil.tr\/de\/#organization\"},\"articleSection\":[\"G\u00fcndem\"],\"inLanguage\":\"en-GB\"},{\"@type\":\"WebPage\",\"@id\":\"http:\/\/denizcankizil.tr\/ru\/haberler\/gundem\/antalyada-belediyeler-depreme-karsi-sinifta-kaldi-19-belediyeden-sadece-8i-hazirlikli\/\",\"url\":\"http:\/\/denizcankizil.tr\/ru\/haberler\/gundem\/antalyada-belediyeler-depreme-karsi-sinifta-kaldi-19-belediyeden-sadece-8i-hazirlikli\/\",\"name\":\"Antalya\u2019da belediyeler depreme kar\u015f\u0131 s\u0131n\u0131fta kald\u0131: 19 belediyeden sadece 8\u2019i haz\u0131rl\u0131kl\u0131 - Av. Deniz Can K\u0131z\u0131l\",\"isPartOf\":{\"@id\":\"https:\/\/denizcankizil.tr\/de\/#website\"},\"datePublished\":\"2025-04-25T06:41:18+00:00\",\"breadcrumb\":{\"@id\":\"http:\/\/denizcankizil.tr\/ru\/haberler\/gundem\/antalyada-belediyeler-depreme-karsi-sinifta-kaldi-19-belediyeden-sadece-8i-hazirlikli\/#breadcrumb\"},\"inLanguage\":\"en-GB\",\"potentialAction\":[{\"@type\":\"ReadAction\",\"target\":[\"http:\/\/denizcankizil.tr\/ru\/haberler\/gundem\/antalyada-belediyeler-depreme-karsi-sinifta-kaldi-19-belediyeden-sadece-8i-hazirlikli\/\"]}]},{\"@type\":\"BreadcrumbList\",\"@id\":\"http:\/\/denizcankizil.tr\/ru\/haberler\/gundem\/antalyada-belediyeler-depreme-karsi-sinifta-kaldi-19-belediyeden-sadece-8i-hazirlikli\/#breadcrumb\",\"itemListElement\":[{\"@type\":\"ListItem\",\"position\":1,\"name\":\"Home\",\"item\":\"https:\/\/denizcankizil.tr\/de\/\"},{\"@type\":\"ListItem\",\"position\":2,\"name\":\"Antalya\u2019da belediyeler depreme kar\u015f\u0131 s\u0131n\u0131fta kald\u0131: 19 belediyeden sadece 8\u2019i haz\u0131rl\u0131kl\u0131\"}]},{\"@type\":\"WebSite\",\"@id\":\"https:\/\/denizcankizil.tr\/de\/#website\",\"url\":\"https:\/\/denizcankizil.tr\/de\/\",\"name\":\"Av. Deniz Can K\u0131z\u0131l\",\"description\":\"Avukat Deniz Can K\u0131z\u0131l Antalya Barosu\",\"publisher\":{\"@id\":\"https:\/\/denizcankizil.tr\/de\/#organization\"},\"potentialAction\":[{\"@type\":\"SearchAction\",\"target\":{\"@type\":\"EntryPoint\",\"urlTemplate\":\"https:\/\/denizcankizil.tr\/de\/?s={search_term_string}\"},\"query-input\":{\"@type\":\"PropertyValueSpecification\",\"valueRequired\":true,\"valueName\":\"search_term_string\"}}],\"inLanguage\":\"en-GB\"},{\"@type\":\"Organization\",\"@id\":\"https:\/\/denizcankizil.tr\/de\/#organization\",\"name\":\"Av. Deniz Can K\u0131z\u0131l\",\"url\":\"https:\/\/denizcankizil.tr\/de\/\",\"logo\":{\"@type\":\"ImageObject\",\"inLanguage\":\"en-GB\",\"@id\":\"https:\/\/denizcankizil.tr\/de\/#\/schema\/logo\/image\/\",\"url\":\"https:\/\/denizcankizil.tr\/wp-content\/uploads\/2024\/10\/siyah-logo-svg.svg\",\"contentUrl\":\"https:\/\/denizcankizil.tr\/wp-content\/uploads\/2024\/10\/siyah-logo-svg.svg\",\"width\":1080,\"height\":1080,\"caption\":\"Av. Deniz Can K\u0131z\u0131l\"},\"image\":{\"@id\":\"https:\/\/denizcankizil.tr\/de\/#\/schema\/logo\/image\/\"}},{\"@type\":\"Person\",\"@id\":\"https:\/\/denizcankizil.tr\/de\/#\/schema\/person\/e1eb71bb4dd684d46563f0af307e1234\",\"name\":\"Antalya K\u00f6rfez\",\"image\":{\"@type\":\"ImageObject\",\"inLanguage\":\"en-GB\",\"@id\":\"https:\/\/denizcankizil.tr\/de\/#\/schema\/person\/image\/\",\"url\":\"https:\/\/secure.gravatar.com\/avatar\/42b01982558a48a0b501fdcab6a408d3717ea5919095ee2e67b0e521799c5905?s=96&d=mm&r=g\",\"contentUrl\":\"https:\/\/secure.gravatar.com\/avatar\/42b01982558a48a0b501fdcab6a408d3717ea5919095ee2e67b0e521799c5905?s=96&d=mm&r=g\",\"caption\":\"Antalya K\u00f6rfez\"},\"sameAs\":[\"http:\/\/www.antalyakorfez.com\"],\"url\":\"https:\/\/www.antalyakorfez.com\/antalyada-belediyeler-depreme-karsi-sinifta-kaldi-19-belediyeden-sadece-8i-hazirlikli\"}]}<\/script>\n<!-- \/ Yoast SEO Premium plugin. -->","yoast_head_json":{"title":"Antalya\u2019da belediyeler depreme kar\u015f\u0131 s\u0131n\u0131fta kald\u0131: 19 belediyeden sadece 8\u2019i haz\u0131rl\u0131kl\u0131 - Av. Deniz Can K\u0131z\u0131l","robots":{"index":"index","follow":"follow","max-snippet":"max-snippet:-1","max-image-preview":"max-image-preview:large","max-video-preview":"max-video-preview:-1"},"canonical":"http:\/\/denizcankizil.tr\/en\/haberler\/gundem\/antalyada-belediyeler-depreme-karsi-sinifta-kaldi-19-belediyeden-sadece-8i-hazirlikli\/","og_locale":"en_GB","og_type":"article","og_title":"Antalya\u2019da belediyeler depreme kar\u015f\u0131 s\u0131n\u0131fta kald\u0131: 19 belediyeden sadece 8\u2019i haz\u0131rl\u0131kl\u0131","og_description":"\u0130stanbul Kemerburgaz a\u00e7\u0131klar\u0131nda d\u00fcn saat 12.49\u2019da meydana gelen 6,2 b\u00fcy\u00fckl\u00fc\u011f\u00fcndeki deprem, Antalya\u2019da fiziksel bir etkisi hissedilmese de T\u00fcrkiye\u2019nin deprem ger\u00e7e\u011fini yeniden g\u00fcndeme ta\u015f\u0131d\u0131. Antalya Jeoloji M\u00fchendisleri Odas\u0131 Ba\u015fkan\u0131 Mustafa Karanc\u0131, yapt\u0131\u011f\u0131 a\u00e7\u0131klamada, \u00fclke olarak ya\u015fanan ac\u0131 tecr\u00fcbelere ra\u011fmen depreme haz\u0131rl\u0131ks\u0131z bir ya\u015fam s\u00fcrd\u00fcr\u00fcld\u00fc\u011f\u00fcne dikkat \u00e7ekti. GER\u00c7EKLERDE UZA\u011eIZ Karanc\u0131, T\u00fcrkiye\u2019nin do\u011fal g\u00fczelliklerinin b\u00fcy\u00fck \u00f6l\u00e7\u00fcde jeolojik yap\u0131s\u0131ndan kaynakland\u0131\u011f\u0131n\u0131 belirterek, \u201cDenizlerimiz, da\u011flar\u0131m\u0131z, ovalar\u0131m\u0131z, derelerimiz\u2026 Hepsi bu \u00fclkenin e\u015fsiz jeolojisinin \u00fcr\u00fcn\u00fcd\u00fcr. Ancak bu g\u00fczelliklerin ard\u0131nda ciddi bir tehlike de var: Deprem ger\u00e7e\u011fi. Ne yaz\u0131k ki biz h\u00e2l\u00e2 bu ger\u00e7ekle ya\u015famay\u0131 \u00f6\u011frenemedik\u201d dedi. HER DEPREM KORKU Jeoloji m\u00fchendislerinin \u2018fay hatlar\u0131yla konu\u015ftu\u011funu\u2019 belirten Karanc\u0131, \u201cFay hatlar\u0131 bize, en b\u00fcy\u00fck dostlar\u0131n\u0131n ihmaller oldu\u011funu s\u00f6yl\u00fcyor. Bu y\u00fczden her deprem korku ve panik yarat\u0131yor. \u00c7\u00fcnk\u00fc h\u00e2l\u00e2 haz\u0131r de\u011filiz\u201d dedi. 1999 G\u00f6lc\u00fck ve 2023 Kahramanmara\u015f depremlerini hat\u0131rlatan Karanc\u0131, bu b\u00fcy\u00fck ac\u0131lardan yeterince ders \u00e7\u0131kar\u0131lamad\u0131\u011f\u0131na dikkat \u00e7ekti. Karanc\u0131, Antalya\u2019n\u0131n 1996 y\u0131l\u0131na kadar d\u00f6rd\u00fcnc\u00fc derece deprem b\u00f6lgesi olarak kabul edildi\u011fini, ancak yap\u0131lan g\u00fcncellemelerle ikinci derece deprem b\u00f6lgesi stat\u00fcs\u00fcne ge\u00e7ti\u011fini vurgulad\u0131. C\u0130DD\u0130 R\u0130SK ALTINDA 1996 ve 1999 deprem y\u00f6netmeli\u011fine g\u00f6re yap\u0131lan evlerin yetersiz oldu\u011funa vurgu yapan Karanc\u0131, \u201c1996 \u00f6ncesi ve 1999 deprem y\u00f6netmeli\u011finden \u00f6nce yap\u0131lan yap\u0131lar, bug\u00fcn ciddi risk alt\u0131nda. O d\u00f6nemlerde yap\u0131la\u015fmalar 4. derece deprem b\u00f6lgesi varsay\u0131m\u0131yla yap\u0131ld\u0131. Oysa bug\u00fcn biliyoruz ki &hellip;","og_url":"http:\/\/denizcankizil.tr\/en\/haberler\/gundem\/antalyada-belediyeler-depreme-karsi-sinifta-kaldi-19-belediyeden-sadece-8i-hazirlikli\/","og_site_name":"Av. Deniz Can K\u0131z\u0131l","article_published_time":"2025-04-25T06:41:18+00:00","author":"Antalya K\u00f6rfez","twitter_card":"summary_large_image","twitter_misc":{"Written by":"Antalya K\u00f6rfez","Estimated reading time":"4 minutes"},"schema":{"@context":"https:\/\/schema.org","@graph":[{"@type":"Article","@id":"http:\/\/denizcankizil.tr\/ru\/haberler\/gundem\/antalyada-belediyeler-depreme-karsi-sinifta-kaldi-19-belediyeden-sadece-8i-hazirlikli\/#article","isPartOf":{"@id":"http:\/\/denizcankizil.tr\/ru\/haberler\/gundem\/antalyada-belediyeler-depreme-karsi-sinifta-kaldi-19-belediyeden-sadece-8i-hazirlikli\/"},"author":{"name":"Antalya K\u00f6rfez","@id":"https:\/\/denizcankizil.tr\/de\/#\/schema\/person\/e1eb71bb4dd684d46563f0af307e1234"},"headline":"Antalya\u2019da belediyeler depreme kar\u015f\u0131 s\u0131n\u0131fta kald\u0131: 19 belediyeden sadece 8\u2019i haz\u0131rl\u0131kl\u0131","datePublished":"2025-04-25T06:41:18+00:00","mainEntityOfPage":{"@id":"http:\/\/denizcankizil.tr\/ru\/haberler\/gundem\/antalyada-belediyeler-depreme-karsi-sinifta-kaldi-19-belediyeden-sadece-8i-hazirlikli\/"},"wordCount":772,"publisher":{"@id":"https:\/\/denizcankizil.tr\/de\/#organization"},"articleSection":["G\u00fcndem"],"inLanguage":"en-GB"},{"@type":"WebPage","@id":"http:\/\/denizcankizil.tr\/ru\/haberler\/gundem\/antalyada-belediyeler-depreme-karsi-sinifta-kaldi-19-belediyeden-sadece-8i-hazirlikli\/","url":"http:\/\/denizcankizil.tr\/ru\/haberler\/gundem\/antalyada-belediyeler-depreme-karsi-sinifta-kaldi-19-belediyeden-sadece-8i-hazirlikli\/","name":"Antalya\u2019da belediyeler depreme kar\u015f\u0131 s\u0131n\u0131fta kald\u0131: 19 belediyeden sadece 8\u2019i haz\u0131rl\u0131kl\u0131 - Av. Deniz Can K\u0131z\u0131l","isPartOf":{"@id":"https:\/\/denizcankizil.tr\/de\/#website"},"datePublished":"2025-04-25T06:41:18+00:00","breadcrumb":{"@id":"http:\/\/denizcankizil.tr\/ru\/haberler\/gundem\/antalyada-belediyeler-depreme-karsi-sinifta-kaldi-19-belediyeden-sadece-8i-hazirlikli\/#breadcrumb"},"inLanguage":"en-GB","potentialAction":[{"@type":"ReadAction","target":["http:\/\/denizcankizil.tr\/ru\/haberler\/gundem\/antalyada-belediyeler-depreme-karsi-sinifta-kaldi-19-belediyeden-sadece-8i-hazirlikli\/"]}]},{"@type":"BreadcrumbList","@id":"http:\/\/denizcankizil.tr\/ru\/haberler\/gundem\/antalyada-belediyeler-depreme-karsi-sinifta-kaldi-19-belediyeden-sadece-8i-hazirlikli\/#breadcrumb","itemListElement":[{"@type":"ListItem","position":1,"name":"Home","item":"https:\/\/denizcankizil.tr\/de\/"},{"@type":"ListItem","position":2,"name":"Antalya\u2019da belediyeler depreme kar\u015f\u0131 s\u0131n\u0131fta kald\u0131: 19 belediyeden sadece 8\u2019i haz\u0131rl\u0131kl\u0131"}]},{"@type":"WebSite","@id":"https:\/\/denizcankizil.tr\/de\/#website","url":"https:\/\/denizcankizil.tr\/de\/","name":"Av. Deniz Can K\u0131z\u0131l","description":"Avukat Deniz Can K\u0131z\u0131l Antalya Barosu","publisher":{"@id":"https:\/\/denizcankizil.tr\/de\/#organization"},"potentialAction":[{"@type":"SearchAction","target":{"@type":"EntryPoint","urlTemplate":"https:\/\/denizcankizil.tr\/de\/?s={search_term_string}"},"query-input":{"@type":"PropertyValueSpecification","valueRequired":true,"valueName":"search_term_string"}}],"inLanguage":"en-GB"},{"@type":"Organization","@id":"https:\/\/denizcankizil.tr\/de\/#organization","name":"Av. Deniz Can K\u0131z\u0131l","url":"https:\/\/denizcankizil.tr\/de\/","logo":{"@type":"ImageObject","inLanguage":"en-GB","@id":"https:\/\/denizcankizil.tr\/de\/#\/schema\/logo\/image\/","url":"https:\/\/denizcankizil.tr\/wp-content\/uploads\/2024\/10\/siyah-logo-svg.svg","contentUrl":"https:\/\/denizcankizil.tr\/wp-content\/uploads\/2024\/10\/siyah-logo-svg.svg","width":1080,"height":1080,"caption":"Av. Deniz Can K\u0131z\u0131l"},"image":{"@id":"https:\/\/denizcankizil.tr\/de\/#\/schema\/logo\/image\/"}},{"@type":"Person","@id":"https:\/\/denizcankizil.tr\/de\/#\/schema\/person\/e1eb71bb4dd684d46563f0af307e1234","name":"Antalya K\u00f6rfez","image":{"@type":"ImageObject","inLanguage":"en-GB","@id":"https:\/\/denizcankizil.tr\/de\/#\/schema\/person\/image\/","url":"https:\/\/secure.gravatar.com\/avatar\/42b01982558a48a0b501fdcab6a408d3717ea5919095ee2e67b0e521799c5905?s=96&d=mm&r=g","contentUrl":"https:\/\/secure.gravatar.com\/avatar\/42b01982558a48a0b501fdcab6a408d3717ea5919095ee2e67b0e521799c5905?s=96&d=mm&r=g","caption":"Antalya K\u00f6rfez"},"sameAs":["http:\/\/www.antalyakorfez.com"],"url":"https:\/\/www.antalyakorfez.com\/antalyada-belediyeler-depreme-karsi-sinifta-kaldi-19-belediyeden-sadece-8i-hazirlikli"}]}},"_links":{"self":[{"href":"https:\/\/denizcankizil.tr\/en\/wp-json\/wp\/v2\/posts\/65818","targetHints":{"allow":["GET"]}}],"collection":[{"href":"https:\/\/denizcankizil.tr\/en\/wp-json\/wp\/v2\/posts"}],"about":[{"href":"https:\/\/denizcankizil.tr\/en\/wp-json\/wp\/v2\/types\/post"}],"author":[{"embeddable":true,"href":"https:\/\/denizcankizil.tr\/en\/wp-json\/wp\/v2\/users\/5"}],"replies":[{"embeddable":true,"href":"https:\/\/denizcankizil.tr\/en\/wp-json\/wp\/v2\/comments?post=65818"}],"version-history":[{"count":0,"href":"https:\/\/denizcankizil.tr\/en\/wp-json\/wp\/v2\/posts\/65818\/revisions"}],"wp:attachment":[{"href":"https:\/\/denizcankizil.tr\/en\/wp-json\/wp\/v2\/media?parent=65818"}],"wp:term":[{"taxonomy":"category","embeddable":true,"href":"https:\/\/denizcankizil.tr\/en\/wp-json\/wp\/v2\/categories?post=65818"},{"taxonomy":"post_tag","embeddable":true,"href":"https:\/\/denizcankizil.tr\/en\/wp-json\/wp\/v2\/tags?post=65818"}],"curies":[{"name":"wp","href":"https:\/\/api.w.org\/{rel}","templated":true}]}}