{"id":65258,"date":"2025-04-24T18:53:00","date_gmt":"2025-04-24T15:53:00","guid":{"rendered":"https:\/\/denizcankizil.tr\/uncategorized-tr\/avukat-gozaltilarina-adliye-onunde-tepki-bugun-vesayeti-kabul-eden-yarin-cubbesini-ilikler\/"},"modified":"2025-04-24T18:53:00","modified_gmt":"2025-04-24T15:53:00","slug":"avukat-gozaltilarina-adliye-onunde-tepki-bugun-vesayeti-kabul-eden-yarin-cubbesini-ilikler","status":"publish","type":"post","link":"https:\/\/denizcankizil.tr\/en\/hukukihaber\/avukat-gozaltilarina-adliye-onunde-tepki-bugun-vesayeti-kabul-eden-yarin-cubbesini-ilikler\/","title":{"rendered":"Avukat g\u00f6zalt\u0131lar\u0131na adliye \u00f6n\u00fcnde tepki: &#8216;Bug\u00fcn vesayeti kabul eden yar\u0131n c\u00fcbbesini ilikler&#8217;"},"content":{"rendered":"<p>\u0130stanbul Cumhuriyet Ba\u015fsavc\u0131l\u0131\u011f\u0131&#8217;n\u0131n &#8220;yarg\u0131lamay\u0131 etkilemeye te\u015febb\u00fcs&#8221; ve &#8220;soru\u015fturman\u0131n gizlili\u011fini ihlal&#8221; su\u00e7lamalar\u0131yla y\u00fcr\u00fctt\u00fc\u011f\u00fc soru\u015fturma kapsam\u0131nda \u0130BB Ba\u015fkan\u0131 ve CHP&#8217;nin Cumhurba\u015fkan\u0131 Aday\u0131 Ekrem \u0130mamo\u011flu&#8217;nun dan\u0131\u015fman\u0131 Murat Ongun&#8217;un avukatlar\u0131 Serkan G\u00fcnel ve Kaz\u0131m Yi\u011fit Akal\u0131n bu sabah g\u00f6zalt\u0131na al\u0131nd\u0131. \u0130mamo\u011flu&#8217;nun avukat\u0131 Mehmet Pehlivan&#8217;\u0131n avukat\u0131 Yi\u011fit G\u00f6k\u00e7ehan Ko\u00e7o\u011flu hakk\u0131nda ise g\u00f6zalt\u0131 karar\u0131 verildi\u011fini duyuruldu.<\/p>\n<p>&#8220;Bu durum, yaln\u0131zca \u00fc\u00e7 avukat\u0131n de\u011fil, t\u00fcm savunma makam\u0131n\u0131n, dolay\u0131s\u0131yla hukukun kendisinin hedef al\u0131nd\u0131\u011f\u0131n\u0131n bir g\u00f6stergesidir&#8221;<\/p>\n<p>Geli\u015fmeler \u00fczerine\u00a0Avukat Haklar\u0131 Grubu, avukatlar\u0131n g\u00f6zalt\u0131na al\u0131nmas\u0131na tepki g\u00f6sterdi. \u0130stanbul Adliyesi&#8217;nde bir araya gelen avukatlar meslekta\u015flar\u0131 ad\u0131na bas\u0131n a\u00e7\u0131klamas\u0131 ger\u00e7ekle\u015ftirdi. Bas\u0131n a\u00e7\u0131klamas\u0131n\u0131 avukat Turgay Bilge okudu.\u00a0&#8220;Bu sabah meslekta\u015flar\u0131m\u0131z Avukat Serkan G\u00fcnel ve Avukat Kaz\u0131m Yi\u011fit Akal\u0131n ve Avukat Yi\u011fit G\u00f6k\u00e7ehan Ko\u00e7o\u011flu&#8217;nun da al\u0131naca\u011f\u0131 bilgisi verilmi\u015ftir. Bu durum, yaln\u0131zca \u00fc\u00e7 avukat\u0131n de\u011fil, t\u00fcm savunma makam\u0131n\u0131n, dolay\u0131s\u0131yla hukukun kendisinin hedef al\u0131nd\u0131\u011f\u0131n\u0131n bir g\u00f6stergesidir. Meslekta\u015flar\u0131m\u0131z\u0131n onlara at\u0131l\u0131 iki su\u00e7lamadan dolay\u0131 g\u00f6zalt\u0131na al\u0131nd\u0131klar\u0131n\u0131 \u00f6\u011frenmi\u015f bulunmaktay\u0131z. Bu adil yarg\u0131lamay\u0131 etkileme ve soru\u015fturmay\u0131 gizlili\u011fine ihlal su\u00e7lar\u0131 olarak g\u00f6sterilmektedir.&#8221; diyen Bilge \u015f\u00f6yle devam etti:<\/p>\n<p>&#8220;Mevcut yarg\u0131 i\u015fleyi\u015fi i\u00e7erisinde avukatlar\u0131n adil yarg\u0131lamay\u0131 temsil etmek ve tehmin etmek amac\u0131yla m\u00fcvekkillerine ve kamuoyuna kar\u015f\u0131 kamusal g\u00f6revleri vard\u0131r. Bu avukatlar\u0131n bu g\u00f6revlerini yerine getirirken yapt\u0131klar\u0131 faliyetleri soru\u015fturman\u0131n gizlili\u011fine ihlal ya da adil yarg\u0131lamay\u0131 etkileme de\u011fil tam anlam\u0131yla adil yarg\u0131laman\u0131n yerine gelmesi i\u00e7in y\u00fcce ve y\u00fcksek bir g\u00f6rev oldu\u011funun bilincindeyiz.\u00a0<\/p>\n<p>&#8220;19 Mart&#8217;tan bu yana avukatlar\u0131n adliyeye, emniyet m\u00fcd\u00fcrl\u00fc\u011f\u00fcne hatta duru\u015fmalara sokulmakta engellendi\u011fini art\u0131k zulum boyutuna vard\u0131\u011f\u0131n\u0131 hep birlikte \u00fcz\u00fclerek g\u00f6rmekteyiz&#8221;<\/p>\n<p>Uygulamadaki \u00f6rneklerine bak\u0131ld\u0131\u011f\u0131nda soru\u015fturmalarla ilgili \u00f6zellikle Say\u0131n Ekrem \u0130mamo\u011flu&#8217;nun g\u00f6zalt\u0131na al\u0131nmas\u0131ndan itibaren avukatlardan ba\u015fka kendilerine bas\u0131n mensubu s\u00fcs\u00fc veren ki\u015filer, t\u00fcrl\u00fc siyasi g\u00f6revde bulunan insanlar ve kamu oyunda kendilerine hukukla ilgili en son s\u00f6z d\u00fc\u015fecek insanlar soru\u015fturmaya dair dezerfarmosyon niteli\u011finde a\u00e7\u0131klamalar yaparak as\u0131l soru\u015fturman\u0131n gizlili\u011fini Adalet Bakan\u0131 d\u00fczeyinde dahi etkilemeye ya da adil yarg\u0131lamay\u0131 etkilemeye giri\u015fmi\u015flerdir. Gizli tan\u0131k ifadelerinin kamuoyuna s\u0131zd\u0131r\u0131lmas\u0131, olmayan ifadelerin \u00e7e\u015fitli a\u00e7\u0131klamalarla kamuoyunun g\u00fcndemine sokulmaya \u00e7al\u0131\u015f\u0131lmas\u0131 asil adil yarg\u0131lamay\u0131 etkileme su\u00e7u i\u015flenmekteyken bu \u015fekilde avukatlar\u0131n mesle\u011fini yaparken mesle\u011finden do\u011fan ba\u011f\u0131ms\u0131zl\u0131k, serbestlik ve \u00f6zg\u00fcrl\u00fcklerini kullan\u0131rken faliyetlerini krimizine etmek son zamanlarda b\u00fct\u00fcn \u00f6rneklerinde en ac\u0131mazs\u0131z bi\u00e7imde g\u00f6rd\u00fc\u011f\u00fcm\u00fcz d\u00fc\u015fman hukuku uygulamalar\u0131n\u0131n birer \u00f6rne\u011fidir.<\/p>\n<p>&#8220;Avukatlara y\u00f6nelen siyasi bask\u0131l\u0131 yarg\u0131 uygulamalar\u0131n\u0131 \u015fiddetle k\u0131n\u0131yoruz&#8221;<\/p>\n<p>\u015eu anda siyasal iktidar etkisiyle yarg\u0131 sadece dostlar\u0131na hukuk, d\u00fc\u015fmanlar\u0131na kanun uygulamaktad\u0131r. Halbuki hukukun uygulanmas\u0131 ve adil yarg\u0131lanmak herkesin hakk\u0131 oldu\u011fu kadar \u0130stanbullular\u0131n oy vererek g\u00fcvenini tehmin ettikleri bir se\u00e7ilmi\u015f belediye ba\u015fkan\u0131na ve t\u00fcm insanlara hakt\u0131r. 19 Mart&#8217;tan bu yana avukatlar\u0131n adliyeye, emniyet m\u00fcd\u00fcrl\u00fc\u011f\u00fcne hatta duru\u015fmalara sokulmakta engellendi\u011fini alacaklar\u0131 ceza her ne olursa olsun yatar\u0131 olmad\u0131\u011f\u0131 halde gen\u00e7lerin tutukland\u0131\u011f\u0131n\u0131 hukuksuz tutuklamalar\u0131n art\u0131k zulum boyutuna vard\u0131\u011f\u0131n\u0131 hep birlikte \u00fcz\u00fclerek g\u00f6rmekteyiz. Buralarda sadece ve sadece avukatlar g\u00fcvencesidir bu \u00fclkenin ve bu milletin. Bu g\u00fcvenceyi ortadan kald\u0131rmak \u00fczere avukatlara y\u00f6nelen siyasi bask\u0131l\u0131 yarg\u0131 uygulamalar\u0131na \u015fiddetle kar\u015f\u0131 \u00e7\u0131k\u0131yor. Bu uygulamalar\u0131 k\u0131n\u0131yoruz.\u00a0 \u00a0<\/p>\n<p>&#8220;Ne yaz\u0131k ki siyasal iktidar\u0131n tasviye etti\u011fi FET\u00d6&#8217;n\u00fcn baz\u0131 y\u00f6ntemlerini kullanmaya devam etti\u011fini yine \u00fcz\u00fclerek g\u00f6rmekteyiz&#8221;<\/p>\n<p>Unutulmal\u0131d\u0131r ki avukatl\u0131k su\u00e7 de\u011fil kamu g\u00f6revidir. Avukatlar yarg\u0131n\u0131n kurucu unsuru ve yarg\u0131laman\u0131n \u00f6znesidir. Avukatlar \u00fclkemizin i\u00e7inden ge\u00e7mekte oldu\u011fu her zorlu d\u00f6nemde s\u00f6zleri ve d\u00fc\u015f\u00fcnceleri bug\u00fcne kadar \u0131\u015f\u0131k tutarak gelmi\u015f, \u00f6zverili, fedakar ve cesur insanlard\u0131r. 12 Eyl\u00fcl, 12 Mart, 15 Temmuz ve sonra ki t\u00fcm hukuksuz d\u00f6nemlerde avukatlar\u0131n bug\u00fcne tutuklar\u0131 \u0131\u015f\u0131k hala bug\u00fcn\u00fcn karanl\u0131\u011f\u0131n\u0131 ayd\u0131nlatmaya devam etmektedir.\u00a0 Sel\u00e7uk Koza\u011fa\u00e7l\u0131, Can Atalay, Turgut Kazan, Halit \u00c7elenk, Faruk Erem, Fikret \u0130lkiz ve bir\u00e7ok meslekta\u015f\u0131m\u0131z ge\u00e7mi\u015fte yap\u0131lanlara kar\u015f\u0131 dik durduklar\u0131 i\u00e7in bug\u00fcn \u00e7e\u015fitli zorluklara katlanm\u0131\u015flard\u0131r. Ama tarih onlar\u0131 hakl\u0131 \u00e7\u0131karm\u0131\u015ft\u0131r.<\/p>\n<p>Ne yaz\u0131k ki siyasel iktidar\u0131n tasviye etti\u011fi FET\u00d6&#8217;n\u00fcn baz\u0131 y\u00f6ntemlerini kullanmaya devam etti\u011fini yine \u00fcz\u00fclerek g\u00f6rmekteyiz. Gizli tan\u0131k uygulamalar\u0131, avukatlar\u0131n su\u00e7lanmas\u0131, soru\u015fturman\u0131n siyasel iradeyle etkilenmesi gibi uygulamalar ge\u00e7mi\u015f y\u00f6netmelerdir. Ve \u015funa dikkat \u00e7ekmek istiyoruz. Bug\u00fcn o y\u00f6ntemleri a\u00e7\u0131klayanlar, uygulayanlar, kullananlar ve istismar edenler neredeler? Yoklar. Onlar \u015fu anda tarihte lekelenmi\u015f durumdalar.\u00a0 Ama avukatlar olarak biz yine \u00c7a\u011flayan Adliyesindeyiz, yine adliyelerdeyiz yine m\u00fccadeledeyiz. Meslekta\u015flar\u0131m\u0131z su\u00e7 i\u015flememi\u015ftir. Meslekta\u015flar\u0131m\u0131z\u0131n yan\u0131nday\u0131z. Kamuoyunu avukatlara destek olamaya, hukukun olmad\u0131\u011f\u0131 yerde avukat\u0131nda olmayaca\u011f\u0131n\u0131, avukat\u0131n olmad\u0131\u011f\u0131 yerde de hakk\u0131n ve adaletin olmayaca\u011f\u0131n\u0131 hat\u0131rlamaya ve benimsemeye davet ediyor kamuoyu deste\u011fini de yan\u0131m\u0131za bekliyoruz.\u00a0<\/p>\n<p>&#8220;Biz c\u00fcbbesini ilikleyen avukatlardan olmayaca\u011f\u0131z&#8221;\u00a0 \u00a0<\/p>\n<p>Avukatlara y\u00f6nelik g\u00f6zalt\u0131 i\u015flemleri; ba\u011f\u0131ms\u0131z savunma hakk\u0131n\u0131, adil yarg\u0131lanma ilkesini ve hukuk devletini do\u011frudan zedelemektedir. Savunmay\u0131 susturmak, adaleti felce u\u011fratmakt\u0131r.\u00a0Bu a\u00e7\u0131k hukuksuzluk kar\u015f\u0131s\u0131nda sessiz kalmayaca\u011f\u0131z. Savunmaya uzanan ellerin kar\u015f\u0131s\u0131nday\u0131z. Ve hep dedi\u011fimiz gibi; Bug\u00fcn vesayeti kabul eden yar\u0131n c\u00fcbbesini ilikler. Biz c\u00fcbbesini ilikleyen avukatlardan olmayaca\u011f\u0131z.&#8221;<\/p>\n<p>\u200bAvukatlar\u0131n g\u00f6zalt\u0131na al\u0131nmas\u0131na ili\u015fkin AHG, \u0130stanbul Adliyesi \u00f6n\u00fcnde bas\u0131n a\u00e7\u0131klamas\u0131 yapt\u0131. Avukat Turgay Bilge &#8220;Avukatl\u0131k su\u00e7 de\u011fil, kamu g\u00f6revidir. Avukatlar yarg\u0131n\u0131n kurucu unsurudur, yarg\u0131laman\u0131n \u00f6znesidir. Meslekta\u015flar\u0131m\u0131z\u0131n onurunu ve g\u00f6revini savunmak, hepimizin ortak sorumlulu\u011fudur. Bu a\u00e7\u0131k hukuksuzluk kar\u015f\u0131s\u0131nda sessiz kalmayaca\u011f\u0131z. Savunmaya uzanan ellerin kar\u015f\u0131s\u0131nday\u0131z. Bug\u00fcn vesayeti kabul eden yar\u0131n c\u00fcbbesini ilikler. Biz c\u00fcbbesini ilikleyen avukatlardan olmayaca\u011f\u0131z&#8221; dedi.\u00a0Hukuki Haber<\/p>","protected":false},"excerpt":{"rendered":"<p>\u0130stanbul Cumhuriyet Ba\u015fsavc\u0131l\u0131\u011f\u0131&#8217;n\u0131n &#8220;yarg\u0131lamay\u0131 etkilemeye te\u015febb\u00fcs&#8221; ve &#8220;soru\u015fturman\u0131n gizlili\u011fini ihlal&#8221; su\u00e7lamalar\u0131yla y\u00fcr\u00fctt\u00fc\u011f\u00fc soru\u015fturma kapsam\u0131nda \u0130BB Ba\u015fkan\u0131 ve CHP&#8217;nin Cumhurba\u015fkan\u0131 Aday\u0131 Ekrem \u0130mamo\u011flu&#8217;nun dan\u0131\u015fman\u0131 Murat Ongun&#8217;un avukatlar\u0131 Serkan G\u00fcnel ve Kaz\u0131m Yi\u011fit Akal\u0131n bu sabah g\u00f6zalt\u0131na al\u0131nd\u0131. \u0130mamo\u011flu&#8217;nun avukat\u0131 Mehmet Pehlivan&#8217;\u0131n avukat\u0131 Yi\u011fit G\u00f6k\u00e7ehan Ko\u00e7o\u011flu hakk\u0131nda ise g\u00f6zalt\u0131 karar\u0131 verildi\u011fini duyuruldu. &#8220;Bu durum, yaln\u0131zca \u00fc\u00e7 avukat\u0131n de\u011fil, t\u00fcm savunma makam\u0131n\u0131n, dolay\u0131s\u0131yla hukukun kendisinin hedef al\u0131nd\u0131\u011f\u0131n\u0131n bir g\u00f6stergesidir&#8221; Geli\u015fmeler \u00fczerine\u00a0Avukat Haklar\u0131 Grubu, avukatlar\u0131n g\u00f6zalt\u0131na al\u0131nmas\u0131na tepki g\u00f6sterdi. \u0130stanbul Adliyesi&#8217;nde bir araya gelen avukatlar meslekta\u015flar\u0131 ad\u0131na bas\u0131n a\u00e7\u0131klamas\u0131 ger\u00e7ekle\u015ftirdi. Bas\u0131n a\u00e7\u0131klamas\u0131n\u0131 avukat Turgay Bilge okudu.\u00a0&#8220;Bu sabah meslekta\u015flar\u0131m\u0131z Avukat Serkan G\u00fcnel ve Avukat Kaz\u0131m Yi\u011fit Akal\u0131n ve Avukat Yi\u011fit G\u00f6k\u00e7ehan Ko\u00e7o\u011flu&#8217;nun da al\u0131naca\u011f\u0131 bilgisi verilmi\u015ftir. Bu durum, yaln\u0131zca \u00fc\u00e7 avukat\u0131n de\u011fil, t\u00fcm savunma makam\u0131n\u0131n, dolay\u0131s\u0131yla hukukun kendisinin hedef al\u0131nd\u0131\u011f\u0131n\u0131n bir g\u00f6stergesidir. Meslekta\u015flar\u0131m\u0131z\u0131n onlara at\u0131l\u0131 iki su\u00e7lamadan dolay\u0131 g\u00f6zalt\u0131na al\u0131nd\u0131klar\u0131n\u0131 \u00f6\u011frenmi\u015f bulunmaktay\u0131z. Bu adil yarg\u0131lamay\u0131 etkileme ve soru\u015fturmay\u0131 gizlili\u011fine ihlal su\u00e7lar\u0131 olarak g\u00f6sterilmektedir.&#8221; diyen Bilge \u015f\u00f6yle devam etti: &#8220;Mevcut yarg\u0131 i\u015fleyi\u015fi i\u00e7erisinde avukatlar\u0131n adil yarg\u0131lamay\u0131 temsil etmek ve tehmin etmek amac\u0131yla m\u00fcvekkillerine ve kamuoyuna kar\u015f\u0131 kamusal g\u00f6revleri vard\u0131r. Bu avukatlar\u0131n bu g\u00f6revlerini yerine getirirken yapt\u0131klar\u0131 faliyetleri soru\u015fturman\u0131n gizlili\u011fine ihlal ya da adil yarg\u0131lamay\u0131 etkileme de\u011fil tam anlam\u0131yla adil yarg\u0131laman\u0131n yerine gelmesi i\u00e7in y\u00fcce ve y\u00fcksek &hellip;<\/p>","protected":false},"author":3,"featured_media":0,"comment_status":"","ping_status":"open","sticky":false,"template":"","format":"standard","meta":{"_acf_changed":false,"footnotes":""},"categories":[27],"tags":[],"class_list":["post-65258","post","type-post","status-publish","format-standard","has-post-thumbnail","hentry","category-hukukihaber"],"acf":[],"yoast_head":"<!-- This site is optimized with the Yoast SEO Premium plugin v26.6 (Yoast SEO v27.1.1) - https:\/\/yoast.com\/product\/yoast-seo-premium-wordpress\/ -->\n<title>Avukat g\u00f6zalt\u0131lar\u0131na adliye \u00f6n\u00fcnde tepki: &#039;Bug\u00fcn vesayeti kabul eden yar\u0131n c\u00fcbbesini ilikler&#039; - Av. Deniz Can K\u0131z\u0131l<\/title>\n<meta name=\"robots\" content=\"index, follow, max-snippet:-1, max-image-preview:large, max-video-preview:-1\" \/>\n<link rel=\"canonical\" href=\"https:\/\/denizcankizil.tr\/en\/hukukihaber\/avukat-gozaltilarina-adliye-onunde-tepki-bugun-vesayeti-kabul-eden-yarin-cubbesini-ilikler\/\" \/>\n<meta property=\"og:locale\" content=\"en_GB\" \/>\n<meta property=\"og:type\" content=\"article\" \/>\n<meta property=\"og:title\" content=\"Avukat g\u00f6zalt\u0131lar\u0131na adliye \u00f6n\u00fcnde tepki: &#039;Bug\u00fcn vesayeti kabul eden yar\u0131n c\u00fcbbesini ilikler&#039;\" \/>\n<meta property=\"og:description\" content=\"\u0130stanbul Cumhuriyet Ba\u015fsavc\u0131l\u0131\u011f\u0131&#8217;n\u0131n &#8220;yarg\u0131lamay\u0131 etkilemeye te\u015febb\u00fcs&#8221; ve &#8220;soru\u015fturman\u0131n gizlili\u011fini ihlal&#8221; su\u00e7lamalar\u0131yla y\u00fcr\u00fctt\u00fc\u011f\u00fc soru\u015fturma kapsam\u0131nda \u0130BB Ba\u015fkan\u0131 ve CHP&#8217;nin Cumhurba\u015fkan\u0131 Aday\u0131 Ekrem \u0130mamo\u011flu&#8217;nun dan\u0131\u015fman\u0131 Murat Ongun&#8217;un avukatlar\u0131 Serkan G\u00fcnel ve Kaz\u0131m Yi\u011fit Akal\u0131n bu sabah g\u00f6zalt\u0131na al\u0131nd\u0131. \u0130mamo\u011flu&#8217;nun avukat\u0131 Mehmet Pehlivan&#8217;\u0131n avukat\u0131 Yi\u011fit G\u00f6k\u00e7ehan Ko\u00e7o\u011flu hakk\u0131nda ise g\u00f6zalt\u0131 karar\u0131 verildi\u011fini duyuruldu. &#8220;Bu durum, yaln\u0131zca \u00fc\u00e7 avukat\u0131n de\u011fil, t\u00fcm savunma makam\u0131n\u0131n, dolay\u0131s\u0131yla hukukun kendisinin hedef al\u0131nd\u0131\u011f\u0131n\u0131n bir g\u00f6stergesidir&#8221; Geli\u015fmeler \u00fczerine\u00a0Avukat Haklar\u0131 Grubu, avukatlar\u0131n g\u00f6zalt\u0131na al\u0131nmas\u0131na tepki g\u00f6sterdi. \u0130stanbul Adliyesi&#8217;nde bir araya gelen avukatlar meslekta\u015flar\u0131 ad\u0131na bas\u0131n a\u00e7\u0131klamas\u0131 ger\u00e7ekle\u015ftirdi. Bas\u0131n a\u00e7\u0131klamas\u0131n\u0131 avukat Turgay Bilge okudu.\u00a0&#8220;Bu sabah meslekta\u015flar\u0131m\u0131z Avukat Serkan G\u00fcnel ve Avukat Kaz\u0131m Yi\u011fit Akal\u0131n ve Avukat Yi\u011fit G\u00f6k\u00e7ehan Ko\u00e7o\u011flu&#8217;nun da al\u0131naca\u011f\u0131 bilgisi verilmi\u015ftir. Bu durum, yaln\u0131zca \u00fc\u00e7 avukat\u0131n de\u011fil, t\u00fcm savunma makam\u0131n\u0131n, dolay\u0131s\u0131yla hukukun kendisinin hedef al\u0131nd\u0131\u011f\u0131n\u0131n bir g\u00f6stergesidir. Meslekta\u015flar\u0131m\u0131z\u0131n onlara at\u0131l\u0131 iki su\u00e7lamadan dolay\u0131 g\u00f6zalt\u0131na al\u0131nd\u0131klar\u0131n\u0131 \u00f6\u011frenmi\u015f bulunmaktay\u0131z. Bu adil yarg\u0131lamay\u0131 etkileme ve soru\u015fturmay\u0131 gizlili\u011fine ihlal su\u00e7lar\u0131 olarak g\u00f6sterilmektedir.&#8221; diyen Bilge \u015f\u00f6yle devam etti: &#8220;Mevcut yarg\u0131 i\u015fleyi\u015fi i\u00e7erisinde avukatlar\u0131n adil yarg\u0131lamay\u0131 temsil etmek ve tehmin etmek amac\u0131yla m\u00fcvekkillerine ve kamuoyuna kar\u015f\u0131 kamusal g\u00f6revleri vard\u0131r. Bu avukatlar\u0131n bu g\u00f6revlerini yerine getirirken yapt\u0131klar\u0131 faliyetleri soru\u015fturman\u0131n gizlili\u011fine ihlal ya da adil yarg\u0131lamay\u0131 etkileme de\u011fil tam anlam\u0131yla adil yarg\u0131laman\u0131n yerine gelmesi i\u00e7in y\u00fcce ve y\u00fcksek &hellip;\" \/>\n<meta property=\"og:url\" content=\"https:\/\/denizcankizil.tr\/en\/hukukihaber\/avukat-gozaltilarina-adliye-onunde-tepki-bugun-vesayeti-kabul-eden-yarin-cubbesini-ilikler\/\" \/>\n<meta property=\"og:site_name\" content=\"Av. Deniz Can K\u0131z\u0131l\" \/>\n<meta property=\"article:published_time\" content=\"2025-04-24T15:53:00+00:00\" \/>\n<meta name=\"author\" content=\"Hukuki Haber.net\" \/>\n<meta name=\"twitter:card\" content=\"summary_large_image\" \/>\n<meta name=\"twitter:label1\" content=\"Written by\" \/>\n\t<meta name=\"twitter:data1\" content=\"Hukuki Haber.net\" \/>\n\t<meta name=\"twitter:label2\" content=\"Estimated reading time\" \/>\n\t<meta name=\"twitter:data2\" content=\"6 minutes\" \/>\n<script type=\"application\/ld+json\" class=\"yoast-schema-graph\">{\"@context\":\"https:\/\/schema.org\",\"@graph\":[{\"@type\":\"Article\",\"@id\":\"https:\/\/denizcankizil.tr\/en\/hukukihaber\/avukat-gozaltilarina-adliye-onunde-tepki-bugun-vesayeti-kabul-eden-yarin-cubbesini-ilikler\/#article\",\"isPartOf\":{\"@id\":\"https:\/\/denizcankizil.tr\/en\/hukukihaber\/avukat-gozaltilarina-adliye-onunde-tepki-bugun-vesayeti-kabul-eden-yarin-cubbesini-ilikler\/\"},\"author\":{\"name\":\"Hukuki Haber.net\",\"@id\":\"https:\/\/denizcankizil.tr\/#\/schema\/person\/001a271de994a0aa3f90eea084424822\"},\"headline\":\"Avukat g\u00f6zalt\u0131lar\u0131na adliye \u00f6n\u00fcnde tepki: &#8216;Bug\u00fcn vesayeti kabul eden yar\u0131n c\u00fcbbesini ilikler&#8217;\",\"datePublished\":\"2025-04-24T15:53:00+00:00\",\"mainEntityOfPage\":{\"@id\":\"https:\/\/denizcankizil.tr\/en\/hukukihaber\/avukat-gozaltilarina-adliye-onunde-tepki-bugun-vesayeti-kabul-eden-yarin-cubbesini-ilikler\/\"},\"wordCount\":1156,\"publisher\":{\"@id\":\"https:\/\/denizcankizil.tr\/#organization\"},\"articleSection\":[\"Hukuki Haberler\"],\"inLanguage\":\"en-GB\"},{\"@type\":\"WebPage\",\"@id\":\"https:\/\/denizcankizil.tr\/en\/hukukihaber\/avukat-gozaltilarina-adliye-onunde-tepki-bugun-vesayeti-kabul-eden-yarin-cubbesini-ilikler\/\",\"url\":\"https:\/\/denizcankizil.tr\/en\/hukukihaber\/avukat-gozaltilarina-adliye-onunde-tepki-bugun-vesayeti-kabul-eden-yarin-cubbesini-ilikler\/\",\"name\":\"Avukat g\u00f6zalt\u0131lar\u0131na adliye \u00f6n\u00fcnde tepki: 'Bug\u00fcn vesayeti kabul eden yar\u0131n c\u00fcbbesini ilikler' - Av. Deniz Can K\u0131z\u0131l\",\"isPartOf\":{\"@id\":\"https:\/\/denizcankizil.tr\/#website\"},\"datePublished\":\"2025-04-24T15:53:00+00:00\",\"breadcrumb\":{\"@id\":\"https:\/\/denizcankizil.tr\/en\/hukukihaber\/avukat-gozaltilarina-adliye-onunde-tepki-bugun-vesayeti-kabul-eden-yarin-cubbesini-ilikler\/#breadcrumb\"},\"inLanguage\":\"en-GB\",\"potentialAction\":[{\"@type\":\"ReadAction\",\"target\":[\"https:\/\/denizcankizil.tr\/en\/hukukihaber\/avukat-gozaltilarina-adliye-onunde-tepki-bugun-vesayeti-kabul-eden-yarin-cubbesini-ilikler\/\"]}]},{\"@type\":\"BreadcrumbList\",\"@id\":\"https:\/\/denizcankizil.tr\/en\/hukukihaber\/avukat-gozaltilarina-adliye-onunde-tepki-bugun-vesayeti-kabul-eden-yarin-cubbesini-ilikler\/#breadcrumb\",\"itemListElement\":[{\"@type\":\"ListItem\",\"position\":1,\"name\":\"Home\",\"item\":\"https:\/\/denizcankizil.tr\/de\/\"},{\"@type\":\"ListItem\",\"position\":2,\"name\":\"Avukat g\u00f6zalt\u0131lar\u0131na adliye \u00f6n\u00fcnde tepki: &#8216;Bug\u00fcn vesayeti kabul eden yar\u0131n c\u00fcbbesini ilikler&#8217;\"}]},{\"@type\":\"WebSite\",\"@id\":\"https:\/\/denizcankizil.tr\/#website\",\"url\":\"https:\/\/denizcankizil.tr\/\",\"name\":\"Av. Deniz Can K\u0131z\u0131l\",\"description\":\"Avukat Deniz Can K\u0131z\u0131l Antalya Barosu\",\"publisher\":{\"@id\":\"https:\/\/denizcankizil.tr\/#organization\"},\"potentialAction\":[{\"@type\":\"SearchAction\",\"target\":{\"@type\":\"EntryPoint\",\"urlTemplate\":\"https:\/\/denizcankizil.tr\/?s={search_term_string}\"},\"query-input\":{\"@type\":\"PropertyValueSpecification\",\"valueRequired\":true,\"valueName\":\"search_term_string\"}}],\"inLanguage\":\"en-GB\"},{\"@type\":\"Organization\",\"@id\":\"https:\/\/denizcankizil.tr\/#organization\",\"name\":\"Av. Deniz Can K\u0131z\u0131l\",\"url\":\"https:\/\/denizcankizil.tr\/\",\"logo\":{\"@type\":\"ImageObject\",\"inLanguage\":\"en-GB\",\"@id\":\"https:\/\/denizcankizil.tr\/#\/schema\/logo\/image\/\",\"url\":\"https:\/\/denizcankizil.tr\/wp-content\/uploads\/2024\/10\/siyah-logo-svg.svg\",\"contentUrl\":\"https:\/\/denizcankizil.tr\/wp-content\/uploads\/2024\/10\/siyah-logo-svg.svg\",\"width\":1080,\"height\":1080,\"caption\":\"Av. Deniz Can K\u0131z\u0131l\"},\"image\":{\"@id\":\"https:\/\/denizcankizil.tr\/#\/schema\/logo\/image\/\"}},{\"@type\":\"Person\",\"@id\":\"https:\/\/denizcankizil.tr\/#\/schema\/person\/001a271de994a0aa3f90eea084424822\",\"name\":\"Hukuki Haber.net\",\"image\":{\"@type\":\"ImageObject\",\"inLanguage\":\"en-GB\",\"@id\":\"https:\/\/denizcankizil.tr\/#\/schema\/person\/image\/\",\"url\":\"https:\/\/secure.gravatar.com\/avatar\/57d8a49151495586611a149d29fc42865b951dc053a84709a3172ccb5abf3118?s=96&d=mm&r=g\",\"contentUrl\":\"https:\/\/secure.gravatar.com\/avatar\/57d8a49151495586611a149d29fc42865b951dc053a84709a3172ccb5abf3118?s=96&d=mm&r=g\",\"caption\":\"Hukuki Haber.net\"},\"sameAs\":[\"http:\/\/www.hukukihaber.net\"],\"url\":\"https:\/\/www.hukukihaber.net\/avukat-gozaltilarina-adliye-onunde-tepki-bugun-vesayeti-kabul-eden-yarin-cubbesini-ilikler\"}]}<\/script>\n<!-- \/ Yoast SEO Premium plugin. -->","yoast_head_json":{"title":"Avukat g\u00f6zalt\u0131lar\u0131na adliye \u00f6n\u00fcnde tepki: 'Bug\u00fcn vesayeti kabul eden yar\u0131n c\u00fcbbesini ilikler' - Av. Deniz Can K\u0131z\u0131l","robots":{"index":"index","follow":"follow","max-snippet":"max-snippet:-1","max-image-preview":"max-image-preview:large","max-video-preview":"max-video-preview:-1"},"canonical":"https:\/\/denizcankizil.tr\/en\/hukukihaber\/avukat-gozaltilarina-adliye-onunde-tepki-bugun-vesayeti-kabul-eden-yarin-cubbesini-ilikler\/","og_locale":"en_GB","og_type":"article","og_title":"Avukat g\u00f6zalt\u0131lar\u0131na adliye \u00f6n\u00fcnde tepki: 'Bug\u00fcn vesayeti kabul eden yar\u0131n c\u00fcbbesini ilikler'","og_description":"\u0130stanbul Cumhuriyet Ba\u015fsavc\u0131l\u0131\u011f\u0131&#8217;n\u0131n &#8220;yarg\u0131lamay\u0131 etkilemeye te\u015febb\u00fcs&#8221; ve &#8220;soru\u015fturman\u0131n gizlili\u011fini ihlal&#8221; su\u00e7lamalar\u0131yla y\u00fcr\u00fctt\u00fc\u011f\u00fc soru\u015fturma kapsam\u0131nda \u0130BB Ba\u015fkan\u0131 ve CHP&#8217;nin Cumhurba\u015fkan\u0131 Aday\u0131 Ekrem \u0130mamo\u011flu&#8217;nun dan\u0131\u015fman\u0131 Murat Ongun&#8217;un avukatlar\u0131 Serkan G\u00fcnel ve Kaz\u0131m Yi\u011fit Akal\u0131n bu sabah g\u00f6zalt\u0131na al\u0131nd\u0131. \u0130mamo\u011flu&#8217;nun avukat\u0131 Mehmet Pehlivan&#8217;\u0131n avukat\u0131 Yi\u011fit G\u00f6k\u00e7ehan Ko\u00e7o\u011flu hakk\u0131nda ise g\u00f6zalt\u0131 karar\u0131 verildi\u011fini duyuruldu. &#8220;Bu durum, yaln\u0131zca \u00fc\u00e7 avukat\u0131n de\u011fil, t\u00fcm savunma makam\u0131n\u0131n, dolay\u0131s\u0131yla hukukun kendisinin hedef al\u0131nd\u0131\u011f\u0131n\u0131n bir g\u00f6stergesidir&#8221; Geli\u015fmeler \u00fczerine\u00a0Avukat Haklar\u0131 Grubu, avukatlar\u0131n g\u00f6zalt\u0131na al\u0131nmas\u0131na tepki g\u00f6sterdi. \u0130stanbul Adliyesi&#8217;nde bir araya gelen avukatlar meslekta\u015flar\u0131 ad\u0131na bas\u0131n a\u00e7\u0131klamas\u0131 ger\u00e7ekle\u015ftirdi. Bas\u0131n a\u00e7\u0131klamas\u0131n\u0131 avukat Turgay Bilge okudu.\u00a0&#8220;Bu sabah meslekta\u015flar\u0131m\u0131z Avukat Serkan G\u00fcnel ve Avukat Kaz\u0131m Yi\u011fit Akal\u0131n ve Avukat Yi\u011fit G\u00f6k\u00e7ehan Ko\u00e7o\u011flu&#8217;nun da al\u0131naca\u011f\u0131 bilgisi verilmi\u015ftir. Bu durum, yaln\u0131zca \u00fc\u00e7 avukat\u0131n de\u011fil, t\u00fcm savunma makam\u0131n\u0131n, dolay\u0131s\u0131yla hukukun kendisinin hedef al\u0131nd\u0131\u011f\u0131n\u0131n bir g\u00f6stergesidir. Meslekta\u015flar\u0131m\u0131z\u0131n onlara at\u0131l\u0131 iki su\u00e7lamadan dolay\u0131 g\u00f6zalt\u0131na al\u0131nd\u0131klar\u0131n\u0131 \u00f6\u011frenmi\u015f bulunmaktay\u0131z. Bu adil yarg\u0131lamay\u0131 etkileme ve soru\u015fturmay\u0131 gizlili\u011fine ihlal su\u00e7lar\u0131 olarak g\u00f6sterilmektedir.&#8221; diyen Bilge \u015f\u00f6yle devam etti: &#8220;Mevcut yarg\u0131 i\u015fleyi\u015fi i\u00e7erisinde avukatlar\u0131n adil yarg\u0131lamay\u0131 temsil etmek ve tehmin etmek amac\u0131yla m\u00fcvekkillerine ve kamuoyuna kar\u015f\u0131 kamusal g\u00f6revleri vard\u0131r. Bu avukatlar\u0131n bu g\u00f6revlerini yerine getirirken yapt\u0131klar\u0131 faliyetleri soru\u015fturman\u0131n gizlili\u011fine ihlal ya da adil yarg\u0131lamay\u0131 etkileme de\u011fil tam anlam\u0131yla adil yarg\u0131laman\u0131n yerine gelmesi i\u00e7in y\u00fcce ve y\u00fcksek &hellip;","og_url":"https:\/\/denizcankizil.tr\/en\/hukukihaber\/avukat-gozaltilarina-adliye-onunde-tepki-bugun-vesayeti-kabul-eden-yarin-cubbesini-ilikler\/","og_site_name":"Av. Deniz Can K\u0131z\u0131l","article_published_time":"2025-04-24T15:53:00+00:00","author":"Hukuki Haber.net","twitter_card":"summary_large_image","twitter_misc":{"Written by":"Hukuki Haber.net","Estimated reading time":"6 minutes"},"schema":{"@context":"https:\/\/schema.org","@graph":[{"@type":"Article","@id":"https:\/\/denizcankizil.tr\/en\/hukukihaber\/avukat-gozaltilarina-adliye-onunde-tepki-bugun-vesayeti-kabul-eden-yarin-cubbesini-ilikler\/#article","isPartOf":{"@id":"https:\/\/denizcankizil.tr\/en\/hukukihaber\/avukat-gozaltilarina-adliye-onunde-tepki-bugun-vesayeti-kabul-eden-yarin-cubbesini-ilikler\/"},"author":{"name":"Hukuki Haber.net","@id":"https:\/\/denizcankizil.tr\/#\/schema\/person\/001a271de994a0aa3f90eea084424822"},"headline":"Avukat g\u00f6zalt\u0131lar\u0131na adliye \u00f6n\u00fcnde tepki: &#8216;Bug\u00fcn vesayeti kabul eden yar\u0131n c\u00fcbbesini ilikler&#8217;","datePublished":"2025-04-24T15:53:00+00:00","mainEntityOfPage":{"@id":"https:\/\/denizcankizil.tr\/en\/hukukihaber\/avukat-gozaltilarina-adliye-onunde-tepki-bugun-vesayeti-kabul-eden-yarin-cubbesini-ilikler\/"},"wordCount":1156,"publisher":{"@id":"https:\/\/denizcankizil.tr\/#organization"},"articleSection":["Hukuki Haberler"],"inLanguage":"en-GB"},{"@type":"WebPage","@id":"https:\/\/denizcankizil.tr\/en\/hukukihaber\/avukat-gozaltilarina-adliye-onunde-tepki-bugun-vesayeti-kabul-eden-yarin-cubbesini-ilikler\/","url":"https:\/\/denizcankizil.tr\/en\/hukukihaber\/avukat-gozaltilarina-adliye-onunde-tepki-bugun-vesayeti-kabul-eden-yarin-cubbesini-ilikler\/","name":"Avukat g\u00f6zalt\u0131lar\u0131na adliye \u00f6n\u00fcnde tepki: 'Bug\u00fcn vesayeti kabul eden yar\u0131n c\u00fcbbesini ilikler' - Av. Deniz Can K\u0131z\u0131l","isPartOf":{"@id":"https:\/\/denizcankizil.tr\/#website"},"datePublished":"2025-04-24T15:53:00+00:00","breadcrumb":{"@id":"https:\/\/denizcankizil.tr\/en\/hukukihaber\/avukat-gozaltilarina-adliye-onunde-tepki-bugun-vesayeti-kabul-eden-yarin-cubbesini-ilikler\/#breadcrumb"},"inLanguage":"en-GB","potentialAction":[{"@type":"ReadAction","target":["https:\/\/denizcankizil.tr\/en\/hukukihaber\/avukat-gozaltilarina-adliye-onunde-tepki-bugun-vesayeti-kabul-eden-yarin-cubbesini-ilikler\/"]}]},{"@type":"BreadcrumbList","@id":"https:\/\/denizcankizil.tr\/en\/hukukihaber\/avukat-gozaltilarina-adliye-onunde-tepki-bugun-vesayeti-kabul-eden-yarin-cubbesini-ilikler\/#breadcrumb","itemListElement":[{"@type":"ListItem","position":1,"name":"Home","item":"https:\/\/denizcankizil.tr\/de\/"},{"@type":"ListItem","position":2,"name":"Avukat g\u00f6zalt\u0131lar\u0131na adliye \u00f6n\u00fcnde tepki: &#8216;Bug\u00fcn vesayeti kabul eden yar\u0131n c\u00fcbbesini ilikler&#8217;"}]},{"@type":"WebSite","@id":"https:\/\/denizcankizil.tr\/#website","url":"https:\/\/denizcankizil.tr\/","name":"Av. Deniz Can K\u0131z\u0131l","description":"Avukat Deniz Can K\u0131z\u0131l Antalya Barosu","publisher":{"@id":"https:\/\/denizcankizil.tr\/#organization"},"potentialAction":[{"@type":"SearchAction","target":{"@type":"EntryPoint","urlTemplate":"https:\/\/denizcankizil.tr\/?s={search_term_string}"},"query-input":{"@type":"PropertyValueSpecification","valueRequired":true,"valueName":"search_term_string"}}],"inLanguage":"en-GB"},{"@type":"Organization","@id":"https:\/\/denizcankizil.tr\/#organization","name":"Av. Deniz Can K\u0131z\u0131l","url":"https:\/\/denizcankizil.tr\/","logo":{"@type":"ImageObject","inLanguage":"en-GB","@id":"https:\/\/denizcankizil.tr\/#\/schema\/logo\/image\/","url":"https:\/\/denizcankizil.tr\/wp-content\/uploads\/2024\/10\/siyah-logo-svg.svg","contentUrl":"https:\/\/denizcankizil.tr\/wp-content\/uploads\/2024\/10\/siyah-logo-svg.svg","width":1080,"height":1080,"caption":"Av. Deniz Can K\u0131z\u0131l"},"image":{"@id":"https:\/\/denizcankizil.tr\/#\/schema\/logo\/image\/"}},{"@type":"Person","@id":"https:\/\/denizcankizil.tr\/#\/schema\/person\/001a271de994a0aa3f90eea084424822","name":"Hukuki Haber.net","image":{"@type":"ImageObject","inLanguage":"en-GB","@id":"https:\/\/denizcankizil.tr\/#\/schema\/person\/image\/","url":"https:\/\/secure.gravatar.com\/avatar\/57d8a49151495586611a149d29fc42865b951dc053a84709a3172ccb5abf3118?s=96&d=mm&r=g","contentUrl":"https:\/\/secure.gravatar.com\/avatar\/57d8a49151495586611a149d29fc42865b951dc053a84709a3172ccb5abf3118?s=96&d=mm&r=g","caption":"Hukuki Haber.net"},"sameAs":["http:\/\/www.hukukihaber.net"],"url":"https:\/\/www.hukukihaber.net\/avukat-gozaltilarina-adliye-onunde-tepki-bugun-vesayeti-kabul-eden-yarin-cubbesini-ilikler"}]}},"_links":{"self":[{"href":"https:\/\/denizcankizil.tr\/en\/wp-json\/wp\/v2\/posts\/65258","targetHints":{"allow":["GET"]}}],"collection":[{"href":"https:\/\/denizcankizil.tr\/en\/wp-json\/wp\/v2\/posts"}],"about":[{"href":"https:\/\/denizcankizil.tr\/en\/wp-json\/wp\/v2\/types\/post"}],"author":[{"embeddable":true,"href":"https:\/\/denizcankizil.tr\/en\/wp-json\/wp\/v2\/users\/3"}],"replies":[{"embeddable":true,"href":"https:\/\/denizcankizil.tr\/en\/wp-json\/wp\/v2\/comments?post=65258"}],"version-history":[{"count":0,"href":"https:\/\/denizcankizil.tr\/en\/wp-json\/wp\/v2\/posts\/65258\/revisions"}],"wp:attachment":[{"href":"https:\/\/denizcankizil.tr\/en\/wp-json\/wp\/v2\/media?parent=65258"}],"wp:term":[{"taxonomy":"category","embeddable":true,"href":"https:\/\/denizcankizil.tr\/en\/wp-json\/wp\/v2\/categories?post=65258"},{"taxonomy":"post_tag","embeddable":true,"href":"https:\/\/denizcankizil.tr\/en\/wp-json\/wp\/v2\/tags?post=65258"}],"curies":[{"name":"wp","href":"https:\/\/api.w.org\/{rel}","templated":true}]}}