{"id":65009,"date":"2025-04-24T14:41:18","date_gmt":"2025-04-24T11:41:18","guid":{"rendered":"https:\/\/denizcankizil.tr\/uncategorized-tr\/antalyanin-40-yillik-sorunu-artik-bitiyor-kircami-icin-somut-adimlar-atildi\/"},"modified":"2025-04-24T14:41:18","modified_gmt":"2025-04-24T11:41:18","slug":"antalyanin-40-yillik-sorunu-artik-bitiyor-kircami-icin-somut-adimlar-atildi","status":"publish","type":"post","link":"https:\/\/denizcankizil.tr\/en\/haberler\/gundem\/antalyanin-40-yillik-sorunu-artik-bitiyor-kircami-icin-somut-adimlar-atildi\/","title":{"rendered":"Antalya\u2019n\u0131n 40 y\u0131ll\u0131k sorunu art\u0131k bitiyor! K\u0131rcami i\u00e7in somut ad\u0131mlar at\u0131ld\u0131"},"content":{"rendered":"<p>Antalya\u2019n\u0131n kalbinde yer alan ve 40 y\u0131ld\u0131r imar sorununun \u00e7\u00f6z\u00fcme kavu\u015fmas\u0131n\u0131 bekleyen K\u0131rcami, art\u0131k in\u015faata haz\u0131r hale geliyor. Muratpa\u015fa Belediyesi, uzun y\u0131llard\u0131r s\u00fcren m\u00fccadelenin ard\u0131ndan K\u0131rcami imar plan\u0131n\u0131 hayata ge\u00e7irmeye ba\u015flad\u0131.<\/p>\n<p>BA\u015eKAN UYSAL DUYURMU\u015eTU <\/p>\n<p>Muratpa\u015fa Belediye Ba\u015fkan\u0131 \u00dcmit Uysal, \u201cK\u0131rcami&#8217;de imar \u00e7ap\u0131m\u0131z\u0131, in\u015faat ruhsat\u0131m\u0131z\u0131 alabilir duruma geldik\u201d diyerek K\u0131rcami sakinlerine m\u00fcjdeli haberi vermi\u015fti. \u015eimdi ise, imar plan\u0131n\u0131n uygulanmas\u0131 i\u00e7in ilk somut ad\u0131m at\u0131ld\u0131. Belediye Fen \u0130\u015fleri M\u00fcd\u00fcrl\u00fc\u011f\u00fc ekipleri, belediyenin sorumlulu\u011funda bulunan yakla\u015f\u0131k 120 kilometrelik cadde ve sokak a\u00e7ma \u00e7al\u0131\u015fmalar\u0131na Do\u011fuyaka Mahallesi\u2019nden ba\u015flad\u0131. Yol \u00e7al\u0131\u015fmalar\u0131 tamamland\u0131k\u00e7a, parsellerin ruhsatland\u0131r\u0131lmas\u0131 m\u00fcmk\u00fcn hale gelecek.<\/p>\n<p>ANTALYA\u2019NIN GELECE\u011eE A\u00c7ILAN KAPISI OLACAK<\/p>\n<p>1481 futbol sahas\u0131 b\u00fcy\u00fckl\u00fc\u011f\u00fcndeki alanda ba\u015flayan bu yeni d\u00f6nemle birlikte K\u0131rcami, depreme dayan\u0131kl\u0131 yap\u0131lar\u0131, \u00e7\u00f6z\u00fclm\u00fc\u015f trafik sorunlar\u0131, ye\u015fil alanlar\u0131, parklar\u0131 ve meydanlar\u0131yla Antalya\u2019n\u0131n gelece\u011fe a\u00e7\u0131lan kap\u0131s\u0131 olacak. Belediye yetkilileri, s\u00fcrecin sa\u011fl\u0131kl\u0131 ve h\u0131zl\u0131 bir \u015fekilde ilerleyebilmesi i\u00e7in b\u00f6lge sakinlerinin yol g\u00fczergah\u0131ndaki plastik ve cam seralar\u0131n kald\u0131r\u0131lmas\u0131n\u0131n, yap\u0131lar\u0131n temizlenmesinin ruhsatland\u0131rma s\u00fcrecinin h\u0131zlanmas\u0131 a\u00e7\u0131s\u0131ndan b\u00fcy\u00fck \u00f6nem ta\u015f\u0131d\u0131\u011f\u0131n\u0131 belirtti.<\/p>\n<p>\u200bAntalya\u2019n\u0131n Muratpa\u015fa il\u00e7esinde yer alan ve 40 y\u0131ld\u0131r imar sorununun \u00e7\u00f6z\u00fcme kavu\u015fmas\u0131n\u0131 bekleyen K\u0131rcami&#8217;de, art\u0131k in\u015faatlar haz\u0131r hale geliyor. Belediye ekipleri, Do\u011fuyaka Mahallesi \u00fczerinde cadde ve sokak a\u00e7ma \u00e7al\u0131\u015fmalar\u0131na ba\u015flad\u0131.\u00a0<\/p>\n<p>\u200bHaberin Al\u0131nt\u0131land\u0131\u011f\u0131 Kaynak: www.antalyakorfez.com<\/p>","protected":false},"excerpt":{"rendered":"<p>Antalya\u2019n\u0131n kalbinde yer alan ve 40 y\u0131ld\u0131r imar sorununun \u00e7\u00f6z\u00fcme kavu\u015fmas\u0131n\u0131 bekleyen K\u0131rcami, art\u0131k in\u015faata haz\u0131r hale geliyor. Muratpa\u015fa Belediyesi, uzun y\u0131llard\u0131r s\u00fcren m\u00fccadelenin ard\u0131ndan K\u0131rcami imar plan\u0131n\u0131 hayata ge\u00e7irmeye ba\u015flad\u0131. BA\u015eKAN UYSAL DUYURMU\u015eTU Muratpa\u015fa Belediye Ba\u015fkan\u0131 \u00dcmit Uysal, \u201cK\u0131rcami&#8217;de imar \u00e7ap\u0131m\u0131z\u0131, in\u015faat ruhsat\u0131m\u0131z\u0131 alabilir duruma geldik\u201d diyerek K\u0131rcami sakinlerine m\u00fcjdeli haberi vermi\u015fti. \u015eimdi ise, imar plan\u0131n\u0131n uygulanmas\u0131 i\u00e7in ilk somut ad\u0131m at\u0131ld\u0131. Belediye Fen \u0130\u015fleri M\u00fcd\u00fcrl\u00fc\u011f\u00fc ekipleri, belediyenin sorumlulu\u011funda bulunan yakla\u015f\u0131k 120 kilometrelik cadde ve sokak a\u00e7ma \u00e7al\u0131\u015fmalar\u0131na Do\u011fuyaka Mahallesi\u2019nden ba\u015flad\u0131. Yol \u00e7al\u0131\u015fmalar\u0131 tamamland\u0131k\u00e7a, parsellerin ruhsatland\u0131r\u0131lmas\u0131 m\u00fcmk\u00fcn hale gelecek. ANTALYA\u2019NIN GELECE\u011eE A\u00c7ILAN KAPISI OLACAK 1481 futbol sahas\u0131 b\u00fcy\u00fckl\u00fc\u011f\u00fcndeki alanda ba\u015flayan bu yeni d\u00f6nemle birlikte K\u0131rcami, depreme dayan\u0131kl\u0131 yap\u0131lar\u0131, \u00e7\u00f6z\u00fclm\u00fc\u015f trafik sorunlar\u0131, ye\u015fil alanlar\u0131, parklar\u0131 ve meydanlar\u0131yla Antalya\u2019n\u0131n gelece\u011fe a\u00e7\u0131lan kap\u0131s\u0131 olacak. Belediye yetkilileri, s\u00fcrecin sa\u011fl\u0131kl\u0131 ve h\u0131zl\u0131 bir \u015fekilde ilerleyebilmesi i\u00e7in b\u00f6lge sakinlerinin yol g\u00fczergah\u0131ndaki plastik ve cam seralar\u0131n kald\u0131r\u0131lmas\u0131n\u0131n, yap\u0131lar\u0131n temizlenmesinin ruhsatland\u0131rma s\u00fcrecinin h\u0131zlanmas\u0131 a\u00e7\u0131s\u0131ndan b\u00fcy\u00fck \u00f6nem ta\u015f\u0131d\u0131\u011f\u0131n\u0131 belirtti. \u200bAntalya\u2019n\u0131n Muratpa\u015fa il\u00e7esinde yer alan ve 40 y\u0131ld\u0131r imar sorununun \u00e7\u00f6z\u00fcme kavu\u015fmas\u0131n\u0131 bekleyen K\u0131rcami&#8217;de, art\u0131k in\u015faatlar haz\u0131r hale geliyor. Belediye ekipleri, Do\u011fuyaka Mahallesi \u00fczerinde cadde ve sokak a\u00e7ma \u00e7al\u0131\u015fmalar\u0131na ba\u015flad\u0131.\u00a0 \u200bHaberin Al\u0131nt\u0131land\u0131\u011f\u0131 Kaynak: www.antalyakorfez.com<\/p>","protected":false},"author":5,"featured_media":0,"comment_status":"","ping_status":"open","sticky":false,"template":"","format":"standard","meta":{"_acf_changed":false,"footnotes":""},"categories":[24],"tags":[],"class_list":["post-65009","post","type-post","status-publish","format-standard","has-post-thumbnail","hentry","category-gundem"],"acf":[],"yoast_head":"<!-- This site is optimized with the Yoast SEO Premium plugin v26.6 (Yoast SEO v27.1.1) - https:\/\/yoast.com\/product\/yoast-seo-premium-wordpress\/ -->\n<title>Antalya\u2019n\u0131n 40 y\u0131ll\u0131k sorunu art\u0131k bitiyor! K\u0131rcami i\u00e7in somut ad\u0131mlar at\u0131ld\u0131 - Av. Deniz Can K\u0131z\u0131l<\/title>\n<meta name=\"robots\" content=\"index, follow, max-snippet:-1, max-image-preview:large, max-video-preview:-1\" \/>\n<link rel=\"canonical\" href=\"https:\/\/denizcankizil.tr\/en\/haberler\/gundem\/antalyanin-40-yillik-sorunu-artik-bitiyor-kircami-icin-somut-adimlar-atildi\/\" \/>\n<meta property=\"og:locale\" content=\"en_GB\" \/>\n<meta property=\"og:type\" content=\"article\" \/>\n<meta property=\"og:title\" content=\"Antalya\u2019n\u0131n 40 y\u0131ll\u0131k sorunu art\u0131k bitiyor! K\u0131rcami i\u00e7in somut ad\u0131mlar at\u0131ld\u0131\" \/>\n<meta property=\"og:description\" content=\"Antalya\u2019n\u0131n kalbinde yer alan ve 40 y\u0131ld\u0131r imar sorununun \u00e7\u00f6z\u00fcme kavu\u015fmas\u0131n\u0131 bekleyen K\u0131rcami, art\u0131k in\u015faata haz\u0131r hale geliyor. Muratpa\u015fa Belediyesi, uzun y\u0131llard\u0131r s\u00fcren m\u00fccadelenin ard\u0131ndan K\u0131rcami imar plan\u0131n\u0131 hayata ge\u00e7irmeye ba\u015flad\u0131. BA\u015eKAN UYSAL DUYURMU\u015eTU Muratpa\u015fa Belediye Ba\u015fkan\u0131 \u00dcmit Uysal, \u201cK\u0131rcami&#8217;de imar \u00e7ap\u0131m\u0131z\u0131, in\u015faat ruhsat\u0131m\u0131z\u0131 alabilir duruma geldik\u201d diyerek K\u0131rcami sakinlerine m\u00fcjdeli haberi vermi\u015fti. \u015eimdi ise, imar plan\u0131n\u0131n uygulanmas\u0131 i\u00e7in ilk somut ad\u0131m at\u0131ld\u0131. Belediye Fen \u0130\u015fleri M\u00fcd\u00fcrl\u00fc\u011f\u00fc ekipleri, belediyenin sorumlulu\u011funda bulunan yakla\u015f\u0131k 120 kilometrelik cadde ve sokak a\u00e7ma \u00e7al\u0131\u015fmalar\u0131na Do\u011fuyaka Mahallesi\u2019nden ba\u015flad\u0131. Yol \u00e7al\u0131\u015fmalar\u0131 tamamland\u0131k\u00e7a, parsellerin ruhsatland\u0131r\u0131lmas\u0131 m\u00fcmk\u00fcn hale gelecek. ANTALYA\u2019NIN GELECE\u011eE A\u00c7ILAN KAPISI OLACAK 1481 futbol sahas\u0131 b\u00fcy\u00fckl\u00fc\u011f\u00fcndeki alanda ba\u015flayan bu yeni d\u00f6nemle birlikte K\u0131rcami, depreme dayan\u0131kl\u0131 yap\u0131lar\u0131, \u00e7\u00f6z\u00fclm\u00fc\u015f trafik sorunlar\u0131, ye\u015fil alanlar\u0131, parklar\u0131 ve meydanlar\u0131yla Antalya\u2019n\u0131n gelece\u011fe a\u00e7\u0131lan kap\u0131s\u0131 olacak. Belediye yetkilileri, s\u00fcrecin sa\u011fl\u0131kl\u0131 ve h\u0131zl\u0131 bir \u015fekilde ilerleyebilmesi i\u00e7in b\u00f6lge sakinlerinin yol g\u00fczergah\u0131ndaki plastik ve cam seralar\u0131n kald\u0131r\u0131lmas\u0131n\u0131n, yap\u0131lar\u0131n temizlenmesinin ruhsatland\u0131rma s\u00fcrecinin h\u0131zlanmas\u0131 a\u00e7\u0131s\u0131ndan b\u00fcy\u00fck \u00f6nem ta\u015f\u0131d\u0131\u011f\u0131n\u0131 belirtti. \u200bAntalya\u2019n\u0131n Muratpa\u015fa il\u00e7esinde yer alan ve 40 y\u0131ld\u0131r imar sorununun \u00e7\u00f6z\u00fcme kavu\u015fmas\u0131n\u0131 bekleyen K\u0131rcami&#8217;de, art\u0131k in\u015faatlar haz\u0131r hale geliyor. Belediye ekipleri, Do\u011fuyaka Mahallesi \u00fczerinde cadde ve sokak a\u00e7ma \u00e7al\u0131\u015fmalar\u0131na ba\u015flad\u0131.\u00a0 \u200bHaberin Al\u0131nt\u0131land\u0131\u011f\u0131 Kaynak: www.antalyakorfez.com\" \/>\n<meta property=\"og:url\" content=\"https:\/\/denizcankizil.tr\/en\/haberler\/gundem\/antalyanin-40-yillik-sorunu-artik-bitiyor-kircami-icin-somut-adimlar-atildi\/\" \/>\n<meta property=\"og:site_name\" content=\"Av. Deniz Can K\u0131z\u0131l\" \/>\n<meta property=\"article:published_time\" content=\"2025-04-24T11:41:18+00:00\" \/>\n<meta name=\"author\" content=\"Antalya K\u00f6rfez\" \/>\n<meta name=\"twitter:card\" content=\"summary_large_image\" \/>\n<meta name=\"twitter:label1\" content=\"Written by\" \/>\n\t<meta name=\"twitter:data1\" content=\"Antalya K\u00f6rfez\" \/>\n\t<meta name=\"twitter:label2\" content=\"Estimated reading time\" \/>\n\t<meta name=\"twitter:data2\" content=\"2 minutes\" \/>\n<script type=\"application\/ld+json\" class=\"yoast-schema-graph\">{\"@context\":\"https:\/\/schema.org\",\"@graph\":[{\"@type\":\"Article\",\"@id\":\"https:\/\/denizcankizil.tr\/en\/haberler\/gundem\/antalyanin-40-yillik-sorunu-artik-bitiyor-kircami-icin-somut-adimlar-atildi\/#article\",\"isPartOf\":{\"@id\":\"https:\/\/denizcankizil.tr\/en\/haberler\/gundem\/antalyanin-40-yillik-sorunu-artik-bitiyor-kircami-icin-somut-adimlar-atildi\/\"},\"author\":{\"name\":\"Antalya K\u00f6rfez\",\"@id\":\"https:\/\/denizcankizil.tr\/de\/#\/schema\/person\/e1eb71bb4dd684d46563f0af307e1234\"},\"headline\":\"Antalya\u2019n\u0131n 40 y\u0131ll\u0131k sorunu art\u0131k bitiyor! K\u0131rcami i\u00e7in somut ad\u0131mlar at\u0131ld\u0131\",\"datePublished\":\"2025-04-24T11:41:18+00:00\",\"mainEntityOfPage\":{\"@id\":\"https:\/\/denizcankizil.tr\/en\/haberler\/gundem\/antalyanin-40-yillik-sorunu-artik-bitiyor-kircami-icin-somut-adimlar-atildi\/\"},\"wordCount\":323,\"publisher\":{\"@id\":\"https:\/\/denizcankizil.tr\/de\/#organization\"},\"articleSection\":[\"G\u00fcndem\"],\"inLanguage\":\"en-GB\"},{\"@type\":\"WebPage\",\"@id\":\"https:\/\/denizcankizil.tr\/en\/haberler\/gundem\/antalyanin-40-yillik-sorunu-artik-bitiyor-kircami-icin-somut-adimlar-atildi\/\",\"url\":\"https:\/\/denizcankizil.tr\/en\/haberler\/gundem\/antalyanin-40-yillik-sorunu-artik-bitiyor-kircami-icin-somut-adimlar-atildi\/\",\"name\":\"Antalya\u2019n\u0131n 40 y\u0131ll\u0131k sorunu art\u0131k bitiyor! K\u0131rcami i\u00e7in somut ad\u0131mlar at\u0131ld\u0131 - Av. Deniz Can K\u0131z\u0131l\",\"isPartOf\":{\"@id\":\"https:\/\/denizcankizil.tr\/de\/#website\"},\"datePublished\":\"2025-04-24T11:41:18+00:00\",\"breadcrumb\":{\"@id\":\"https:\/\/denizcankizil.tr\/en\/haberler\/gundem\/antalyanin-40-yillik-sorunu-artik-bitiyor-kircami-icin-somut-adimlar-atildi\/#breadcrumb\"},\"inLanguage\":\"en-GB\",\"potentialAction\":[{\"@type\":\"ReadAction\",\"target\":[\"https:\/\/denizcankizil.tr\/en\/haberler\/gundem\/antalyanin-40-yillik-sorunu-artik-bitiyor-kircami-icin-somut-adimlar-atildi\/\"]}]},{\"@type\":\"BreadcrumbList\",\"@id\":\"https:\/\/denizcankizil.tr\/en\/haberler\/gundem\/antalyanin-40-yillik-sorunu-artik-bitiyor-kircami-icin-somut-adimlar-atildi\/#breadcrumb\",\"itemListElement\":[{\"@type\":\"ListItem\",\"position\":1,\"name\":\"Home\",\"item\":\"https:\/\/denizcankizil.tr\/de\/\"},{\"@type\":\"ListItem\",\"position\":2,\"name\":\"Antalya\u2019n\u0131n 40 y\u0131ll\u0131k sorunu art\u0131k bitiyor! K\u0131rcami i\u00e7in somut ad\u0131mlar at\u0131ld\u0131\"}]},{\"@type\":\"WebSite\",\"@id\":\"https:\/\/denizcankizil.tr\/de\/#website\",\"url\":\"https:\/\/denizcankizil.tr\/de\/\",\"name\":\"Av. Deniz Can K\u0131z\u0131l\",\"description\":\"Avukat Deniz Can K\u0131z\u0131l Antalya Barosu\",\"publisher\":{\"@id\":\"https:\/\/denizcankizil.tr\/de\/#organization\"},\"potentialAction\":[{\"@type\":\"SearchAction\",\"target\":{\"@type\":\"EntryPoint\",\"urlTemplate\":\"https:\/\/denizcankizil.tr\/de\/?s={search_term_string}\"},\"query-input\":{\"@type\":\"PropertyValueSpecification\",\"valueRequired\":true,\"valueName\":\"search_term_string\"}}],\"inLanguage\":\"en-GB\"},{\"@type\":\"Organization\",\"@id\":\"https:\/\/denizcankizil.tr\/de\/#organization\",\"name\":\"Av. Deniz Can K\u0131z\u0131l\",\"url\":\"https:\/\/denizcankizil.tr\/de\/\",\"logo\":{\"@type\":\"ImageObject\",\"inLanguage\":\"en-GB\",\"@id\":\"https:\/\/denizcankizil.tr\/de\/#\/schema\/logo\/image\/\",\"url\":\"https:\/\/denizcankizil.tr\/wp-content\/uploads\/2024\/10\/siyah-logo-svg.svg\",\"contentUrl\":\"https:\/\/denizcankizil.tr\/wp-content\/uploads\/2024\/10\/siyah-logo-svg.svg\",\"width\":1080,\"height\":1080,\"caption\":\"Av. Deniz Can K\u0131z\u0131l\"},\"image\":{\"@id\":\"https:\/\/denizcankizil.tr\/de\/#\/schema\/logo\/image\/\"}},{\"@type\":\"Person\",\"@id\":\"https:\/\/denizcankizil.tr\/de\/#\/schema\/person\/e1eb71bb4dd684d46563f0af307e1234\",\"name\":\"Antalya K\u00f6rfez\",\"image\":{\"@type\":\"ImageObject\",\"inLanguage\":\"en-GB\",\"@id\":\"https:\/\/denizcankizil.tr\/de\/#\/schema\/person\/image\/\",\"url\":\"https:\/\/secure.gravatar.com\/avatar\/42b01982558a48a0b501fdcab6a408d3717ea5919095ee2e67b0e521799c5905?s=96&d=mm&r=g\",\"contentUrl\":\"https:\/\/secure.gravatar.com\/avatar\/42b01982558a48a0b501fdcab6a408d3717ea5919095ee2e67b0e521799c5905?s=96&d=mm&r=g\",\"caption\":\"Antalya K\u00f6rfez\"},\"sameAs\":[\"http:\/\/www.antalyakorfez.com\"],\"url\":\"https:\/\/www.antalyakorfez.com\/antalyanin-40-yillik-sorunu-artik-bitiyor-kircami-icin-somut-adimlar-atildi\"}]}<\/script>\n<!-- \/ Yoast SEO Premium plugin. -->","yoast_head_json":{"title":"Antalya\u2019n\u0131n 40 y\u0131ll\u0131k sorunu art\u0131k bitiyor! K\u0131rcami i\u00e7in somut ad\u0131mlar at\u0131ld\u0131 - Av. Deniz Can K\u0131z\u0131l","robots":{"index":"index","follow":"follow","max-snippet":"max-snippet:-1","max-image-preview":"max-image-preview:large","max-video-preview":"max-video-preview:-1"},"canonical":"https:\/\/denizcankizil.tr\/en\/haberler\/gundem\/antalyanin-40-yillik-sorunu-artik-bitiyor-kircami-icin-somut-adimlar-atildi\/","og_locale":"en_GB","og_type":"article","og_title":"Antalya\u2019n\u0131n 40 y\u0131ll\u0131k sorunu art\u0131k bitiyor! K\u0131rcami i\u00e7in somut ad\u0131mlar at\u0131ld\u0131","og_description":"Antalya\u2019n\u0131n kalbinde yer alan ve 40 y\u0131ld\u0131r imar sorununun \u00e7\u00f6z\u00fcme kavu\u015fmas\u0131n\u0131 bekleyen K\u0131rcami, art\u0131k in\u015faata haz\u0131r hale geliyor. Muratpa\u015fa Belediyesi, uzun y\u0131llard\u0131r s\u00fcren m\u00fccadelenin ard\u0131ndan K\u0131rcami imar plan\u0131n\u0131 hayata ge\u00e7irmeye ba\u015flad\u0131. BA\u015eKAN UYSAL DUYURMU\u015eTU Muratpa\u015fa Belediye Ba\u015fkan\u0131 \u00dcmit Uysal, \u201cK\u0131rcami&#8217;de imar \u00e7ap\u0131m\u0131z\u0131, in\u015faat ruhsat\u0131m\u0131z\u0131 alabilir duruma geldik\u201d diyerek K\u0131rcami sakinlerine m\u00fcjdeli haberi vermi\u015fti. \u015eimdi ise, imar plan\u0131n\u0131n uygulanmas\u0131 i\u00e7in ilk somut ad\u0131m at\u0131ld\u0131. Belediye Fen \u0130\u015fleri M\u00fcd\u00fcrl\u00fc\u011f\u00fc ekipleri, belediyenin sorumlulu\u011funda bulunan yakla\u015f\u0131k 120 kilometrelik cadde ve sokak a\u00e7ma \u00e7al\u0131\u015fmalar\u0131na Do\u011fuyaka Mahallesi\u2019nden ba\u015flad\u0131. Yol \u00e7al\u0131\u015fmalar\u0131 tamamland\u0131k\u00e7a, parsellerin ruhsatland\u0131r\u0131lmas\u0131 m\u00fcmk\u00fcn hale gelecek. ANTALYA\u2019NIN GELECE\u011eE A\u00c7ILAN KAPISI OLACAK 1481 futbol sahas\u0131 b\u00fcy\u00fckl\u00fc\u011f\u00fcndeki alanda ba\u015flayan bu yeni d\u00f6nemle birlikte K\u0131rcami, depreme dayan\u0131kl\u0131 yap\u0131lar\u0131, \u00e7\u00f6z\u00fclm\u00fc\u015f trafik sorunlar\u0131, ye\u015fil alanlar\u0131, parklar\u0131 ve meydanlar\u0131yla Antalya\u2019n\u0131n gelece\u011fe a\u00e7\u0131lan kap\u0131s\u0131 olacak. Belediye yetkilileri, s\u00fcrecin sa\u011fl\u0131kl\u0131 ve h\u0131zl\u0131 bir \u015fekilde ilerleyebilmesi i\u00e7in b\u00f6lge sakinlerinin yol g\u00fczergah\u0131ndaki plastik ve cam seralar\u0131n kald\u0131r\u0131lmas\u0131n\u0131n, yap\u0131lar\u0131n temizlenmesinin ruhsatland\u0131rma s\u00fcrecinin h\u0131zlanmas\u0131 a\u00e7\u0131s\u0131ndan b\u00fcy\u00fck \u00f6nem ta\u015f\u0131d\u0131\u011f\u0131n\u0131 belirtti. \u200bAntalya\u2019n\u0131n Muratpa\u015fa il\u00e7esinde yer alan ve 40 y\u0131ld\u0131r imar sorununun \u00e7\u00f6z\u00fcme kavu\u015fmas\u0131n\u0131 bekleyen K\u0131rcami&#8217;de, art\u0131k in\u015faatlar haz\u0131r hale geliyor. Belediye ekipleri, Do\u011fuyaka Mahallesi \u00fczerinde cadde ve sokak a\u00e7ma \u00e7al\u0131\u015fmalar\u0131na ba\u015flad\u0131.\u00a0 \u200bHaberin Al\u0131nt\u0131land\u0131\u011f\u0131 Kaynak: www.antalyakorfez.com","og_url":"https:\/\/denizcankizil.tr\/en\/haberler\/gundem\/antalyanin-40-yillik-sorunu-artik-bitiyor-kircami-icin-somut-adimlar-atildi\/","og_site_name":"Av. Deniz Can K\u0131z\u0131l","article_published_time":"2025-04-24T11:41:18+00:00","author":"Antalya K\u00f6rfez","twitter_card":"summary_large_image","twitter_misc":{"Written by":"Antalya K\u00f6rfez","Estimated reading time":"2 minutes"},"schema":{"@context":"https:\/\/schema.org","@graph":[{"@type":"Article","@id":"https:\/\/denizcankizil.tr\/en\/haberler\/gundem\/antalyanin-40-yillik-sorunu-artik-bitiyor-kircami-icin-somut-adimlar-atildi\/#article","isPartOf":{"@id":"https:\/\/denizcankizil.tr\/en\/haberler\/gundem\/antalyanin-40-yillik-sorunu-artik-bitiyor-kircami-icin-somut-adimlar-atildi\/"},"author":{"name":"Antalya K\u00f6rfez","@id":"https:\/\/denizcankizil.tr\/de\/#\/schema\/person\/e1eb71bb4dd684d46563f0af307e1234"},"headline":"Antalya\u2019n\u0131n 40 y\u0131ll\u0131k sorunu art\u0131k bitiyor! K\u0131rcami i\u00e7in somut ad\u0131mlar at\u0131ld\u0131","datePublished":"2025-04-24T11:41:18+00:00","mainEntityOfPage":{"@id":"https:\/\/denizcankizil.tr\/en\/haberler\/gundem\/antalyanin-40-yillik-sorunu-artik-bitiyor-kircami-icin-somut-adimlar-atildi\/"},"wordCount":323,"publisher":{"@id":"https:\/\/denizcankizil.tr\/de\/#organization"},"articleSection":["G\u00fcndem"],"inLanguage":"en-GB"},{"@type":"WebPage","@id":"https:\/\/denizcankizil.tr\/en\/haberler\/gundem\/antalyanin-40-yillik-sorunu-artik-bitiyor-kircami-icin-somut-adimlar-atildi\/","url":"https:\/\/denizcankizil.tr\/en\/haberler\/gundem\/antalyanin-40-yillik-sorunu-artik-bitiyor-kircami-icin-somut-adimlar-atildi\/","name":"Antalya\u2019n\u0131n 40 y\u0131ll\u0131k sorunu art\u0131k bitiyor! K\u0131rcami i\u00e7in somut ad\u0131mlar at\u0131ld\u0131 - Av. Deniz Can K\u0131z\u0131l","isPartOf":{"@id":"https:\/\/denizcankizil.tr\/de\/#website"},"datePublished":"2025-04-24T11:41:18+00:00","breadcrumb":{"@id":"https:\/\/denizcankizil.tr\/en\/haberler\/gundem\/antalyanin-40-yillik-sorunu-artik-bitiyor-kircami-icin-somut-adimlar-atildi\/#breadcrumb"},"inLanguage":"en-GB","potentialAction":[{"@type":"ReadAction","target":["https:\/\/denizcankizil.tr\/en\/haberler\/gundem\/antalyanin-40-yillik-sorunu-artik-bitiyor-kircami-icin-somut-adimlar-atildi\/"]}]},{"@type":"BreadcrumbList","@id":"https:\/\/denizcankizil.tr\/en\/haberler\/gundem\/antalyanin-40-yillik-sorunu-artik-bitiyor-kircami-icin-somut-adimlar-atildi\/#breadcrumb","itemListElement":[{"@type":"ListItem","position":1,"name":"Home","item":"https:\/\/denizcankizil.tr\/de\/"},{"@type":"ListItem","position":2,"name":"Antalya\u2019n\u0131n 40 y\u0131ll\u0131k sorunu art\u0131k bitiyor! K\u0131rcami i\u00e7in somut ad\u0131mlar at\u0131ld\u0131"}]},{"@type":"WebSite","@id":"https:\/\/denizcankizil.tr\/de\/#website","url":"https:\/\/denizcankizil.tr\/de\/","name":"Av. Deniz Can K\u0131z\u0131l","description":"Avukat Deniz Can K\u0131z\u0131l Antalya Barosu","publisher":{"@id":"https:\/\/denizcankizil.tr\/de\/#organization"},"potentialAction":[{"@type":"SearchAction","target":{"@type":"EntryPoint","urlTemplate":"https:\/\/denizcankizil.tr\/de\/?s={search_term_string}"},"query-input":{"@type":"PropertyValueSpecification","valueRequired":true,"valueName":"search_term_string"}}],"inLanguage":"en-GB"},{"@type":"Organization","@id":"https:\/\/denizcankizil.tr\/de\/#organization","name":"Av. Deniz Can K\u0131z\u0131l","url":"https:\/\/denizcankizil.tr\/de\/","logo":{"@type":"ImageObject","inLanguage":"en-GB","@id":"https:\/\/denizcankizil.tr\/de\/#\/schema\/logo\/image\/","url":"https:\/\/denizcankizil.tr\/wp-content\/uploads\/2024\/10\/siyah-logo-svg.svg","contentUrl":"https:\/\/denizcankizil.tr\/wp-content\/uploads\/2024\/10\/siyah-logo-svg.svg","width":1080,"height":1080,"caption":"Av. Deniz Can K\u0131z\u0131l"},"image":{"@id":"https:\/\/denizcankizil.tr\/de\/#\/schema\/logo\/image\/"}},{"@type":"Person","@id":"https:\/\/denizcankizil.tr\/de\/#\/schema\/person\/e1eb71bb4dd684d46563f0af307e1234","name":"Antalya K\u00f6rfez","image":{"@type":"ImageObject","inLanguage":"en-GB","@id":"https:\/\/denizcankizil.tr\/de\/#\/schema\/person\/image\/","url":"https:\/\/secure.gravatar.com\/avatar\/42b01982558a48a0b501fdcab6a408d3717ea5919095ee2e67b0e521799c5905?s=96&d=mm&r=g","contentUrl":"https:\/\/secure.gravatar.com\/avatar\/42b01982558a48a0b501fdcab6a408d3717ea5919095ee2e67b0e521799c5905?s=96&d=mm&r=g","caption":"Antalya K\u00f6rfez"},"sameAs":["http:\/\/www.antalyakorfez.com"],"url":"https:\/\/www.antalyakorfez.com\/antalyanin-40-yillik-sorunu-artik-bitiyor-kircami-icin-somut-adimlar-atildi"}]}},"_links":{"self":[{"href":"https:\/\/denizcankizil.tr\/en\/wp-json\/wp\/v2\/posts\/65009","targetHints":{"allow":["GET"]}}],"collection":[{"href":"https:\/\/denizcankizil.tr\/en\/wp-json\/wp\/v2\/posts"}],"about":[{"href":"https:\/\/denizcankizil.tr\/en\/wp-json\/wp\/v2\/types\/post"}],"author":[{"embeddable":true,"href":"https:\/\/denizcankizil.tr\/en\/wp-json\/wp\/v2\/users\/5"}],"replies":[{"embeddable":true,"href":"https:\/\/denizcankizil.tr\/en\/wp-json\/wp\/v2\/comments?post=65009"}],"version-history":[{"count":0,"href":"https:\/\/denizcankizil.tr\/en\/wp-json\/wp\/v2\/posts\/65009\/revisions"}],"wp:attachment":[{"href":"https:\/\/denizcankizil.tr\/en\/wp-json\/wp\/v2\/media?parent=65009"}],"wp:term":[{"taxonomy":"category","embeddable":true,"href":"https:\/\/denizcankizil.tr\/en\/wp-json\/wp\/v2\/categories?post=65009"},{"taxonomy":"post_tag","embeddable":true,"href":"https:\/\/denizcankizil.tr\/en\/wp-json\/wp\/v2\/tags?post=65009"}],"curies":[{"name":"wp","href":"https:\/\/api.w.org\/{rel}","templated":true}]}}