{"id":65006,"date":"2025-04-24T14:41:14","date_gmt":"2025-04-24T11:41:14","guid":{"rendered":"https:\/\/denizcankizil.tr\/uncategorized-tr\/antalyada-korkunc-kaza-19-yasindaki-genc-hayatini-kaybetti\/"},"modified":"2025-04-24T14:41:14","modified_gmt":"2025-04-24T11:41:14","slug":"antalyada-korkunc-kaza-19-yasindaki-genc-hayatini-kaybetti","status":"publish","type":"post","link":"https:\/\/denizcankizil.tr\/en\/haberler\/antalya\/antalyada-korkunc-kaza-19-yasindaki-genc-hayatini-kaybetti\/","title":{"rendered":"Antalya&#8217;da korkun\u00e7 kaza; 19 ya\u015f\u0131ndaki gen\u00e7 hayat\u0131n\u0131 kaybetti"},"content":{"rendered":"<p>Kaza, d\u00fcn gece saatlerinde Kepez il\u00e7esi Fabrikalar Mahallesi Gazi Bulvar\u0131 15 Temmuz \u015eehitleri K\u00f6pr\u00fcl\u00fc Kav\u015fa\u011f\u0131&#8217;nda meydana geldi. Edinilen bilgiye g\u00f6re, Havaliman\u0131&#8217;ndan Akdeniz \u00dcniversitesi y\u00f6n\u00fcne seyreden 07 BFV 54 plakal\u0131 otomobilin s\u00fcr\u00fcc\u00fcs\u00fc Muhammed \u00c7a\u011fatay G\u00fcrler (19) direksiyon hakimiyetini kaybetti. Otomobil \u00f6nce ayn\u0131 g\u00fczergahta ilerleyen Mahmut C.\u015e.&#8217;nin kulland\u0131\u011f\u0131 07 YMV 84 plakal\u0131 Audi marka araca yandan \u00e7arpt\u0131, sonra da savrularak bariyerlere \u00e7arp\u0131p takla att\u0131.<\/p>\n<p>Arac\u0131n motoru koparak 50 metre s\u00fcr\u00fcklendi<br \/>\nOrtal\u0131\u011f\u0131n sava\u015f alan\u0131na d\u00f6nd\u00fc\u011f\u00fc kazada takla atan otomobilin motoru \u00e7arpman\u0131n \u015fiddetiyle yerinden \u00e7\u0131karak yakla\u015f\u0131k 50 metre yolda s\u00fcr\u00fcklendi. Hurdaya d\u00f6nen ara\u00e7ta bulunanlar\u0131n yard\u0131m\u0131na ilk olarak di\u011fer ara\u00e7 s\u00fcr\u00fcc\u00fcleri ko\u015farken, kazan\u0131n 112 Acil \u00c7a\u011fr\u0131 Merkezi&#8217;ne bildirilmesi \u00fczerine olay yerine \u00e7ok say\u0131da ambulans sevk edildi. Kaza an\u0131nda otomobil a\u00e7\u0131lan kap\u0131s\u0131ndan yola f\u0131rlayan ara\u00e7 s\u00fcr\u00fcc\u00fcs\u00fc Muhammed \u00c7a\u011fatay G\u00fcrler a\u011f\u0131r yaralan\u0131rken, ayn\u0131 ara\u00e7ta bulunan ve isimleri \u00f6\u011frenilemeyen 3 gen\u00e7 kazay\u0131 hafif yaral\u0131 atlatt\u0131.<\/p>\n<p>Arac\u0131n a\u00e7\u0131lan kap\u0131s\u0131ndan yola f\u0131rlam\u0131\u015f<br \/>\nOlay yerine gelen sa\u011fl\u0131k ekiplerince ilk m\u00fcdahalesi yap\u0131lan G\u00fcrler ve arkada\u015flar\u0131 ambulanslarla Akdeniz \u00dcniversitesi Hastanesi ve Antalya E\u011fitim Ara\u015ft\u0131rma Hastanesi&#8217;ne kald\u0131r\u0131ld\u0131. Kazada ara\u00e7tan yola f\u0131rlayan ara\u00e7 s\u00fcr\u00fcc\u00fcs\u00fc 19 ya\u015f\u0131ndaki Muhammed \u00c7a\u011fatay G\u00fcrler doktorlar\u0131n t\u00fcm m\u00fcdahalelerine ra\u011fmen kurtar\u0131lamayarak hayat\u0131n\u0131 kaybetti. Gencin vefat haberini alan ailesi g\u00f6zya\u015flar\u0131na bo\u011fulurken G\u00fcrler&#8217;in cans\u0131z bedeni Antalya Adli T\u0131p Kurumu morguna kald\u0131r\u0131ld\u0131. Buradaki i\u015flemlerinin ard\u0131ndan ailesi ve yak\u0131nlar\u0131 taraf\u0131ndan teslim al\u0131narak topra\u011fa verilmek \u00fczere Kur\u015funlu Mezarl\u0131\u011f\u0131na g\u00f6t\u00fcr\u00fcld\u00fc.<\/p>\n<p>&#8220;O\u011flum d\u00fcnyay\u0131 g\u00f6rmeye devam edecek&#8221;<br \/>\nTrafik kazas\u0131nda hayat\u0131n\u0131 kaybeden talihsiz gencin cans\u0131z bedeninin cenaze arac\u0131na al\u0131nmas\u0131 s\u0131ras\u0131nda anne G\u00fclcan G\u00fcrler g\u00f6zya\u015flar\u0131na hakim olamazken, &#8220;O\u011flum kalk ne olur. Oy can\u0131m benim, benim o\u011flum ne olmu\u015f \u00f6yle&#8221; s\u00f6zleri y\u00fcrekleri burktu. \u00d6te yandan gen\u00e7 ya\u015fta hayat\u0131n\u0131 kaybeden Muhammed \u00c7a\u011fatay G\u00fcrler kornealar\u0131n\u0131n ailenin iste\u011fi ile ba\u011f\u0131\u015fland\u0131\u011f\u0131 \u00f6\u011frenildi. Ailenin yak\u0131nlar\u0131ndan Mehmet Akif Kababa\u015f, gen\u00e7lere uyar\u0131larda bulunarak, &#8220;Emniyet kemerini takmad\u0131\u011f\u0131 i\u00e7in vefat etti\u011fini s\u00f6ylediler. Anne-baba \u00e7ok ac\u0131l\u0131, hi\u00e7 kimse anne ve babas\u0131na b\u00f6yle bir ac\u0131 ya\u015fatmas\u0131n. Aile kornealar\u0131n\u0131 ba\u011f\u0131\u015flad\u0131. Annesi \u2018En az\u0131ndan o\u011flum d\u00fcnyay\u0131 g\u00f6rmeye devam edecek&#8217; dedi. Gen\u00e7ler s\u00fcrat yapmas\u0131n, emniyet kemerini taks\u0131n, kurallara uysunlar&#8221; dedi.<\/p>\n<p>Kaynak: www.kanalv.com.tr Haber Sitesinden Al\u0131nm\u0131\u015ft\u0131r.<\/p>","protected":false},"excerpt":{"rendered":"<p>Kaza, d\u00fcn gece saatlerinde Kepez il\u00e7esi Fabrikalar Mahallesi Gazi Bulvar\u0131 15 Temmuz \u015eehitleri K\u00f6pr\u00fcl\u00fc Kav\u015fa\u011f\u0131&#8217;nda meydana geldi. Edinilen bilgiye g\u00f6re, Havaliman\u0131&#8217;ndan Akdeniz \u00dcniversitesi y\u00f6n\u00fcne seyreden 07 BFV 54 plakal\u0131 otomobilin s\u00fcr\u00fcc\u00fcs\u00fc Muhammed \u00c7a\u011fatay G\u00fcrler (19) direksiyon hakimiyetini kaybetti. Otomobil \u00f6nce ayn\u0131 g\u00fczergahta ilerleyen Mahmut C.\u015e.&#8217;nin kulland\u0131\u011f\u0131 07 YMV 84 plakal\u0131 Audi marka araca yandan \u00e7arpt\u0131, sonra da savrularak bariyerlere \u00e7arp\u0131p takla att\u0131. Arac\u0131n motoru koparak 50 metre s\u00fcr\u00fcklendi Ortal\u0131\u011f\u0131n sava\u015f alan\u0131na d\u00f6nd\u00fc\u011f\u00fc kazada takla atan otomobilin motoru \u00e7arpman\u0131n \u015fiddetiyle yerinden \u00e7\u0131karak yakla\u015f\u0131k 50 metre yolda s\u00fcr\u00fcklendi. Hurdaya d\u00f6nen ara\u00e7ta bulunanlar\u0131n yard\u0131m\u0131na ilk olarak di\u011fer ara\u00e7 s\u00fcr\u00fcc\u00fcleri ko\u015farken, kazan\u0131n 112 Acil \u00c7a\u011fr\u0131 Merkezi&#8217;ne bildirilmesi \u00fczerine olay yerine \u00e7ok say\u0131da ambulans sevk edildi. Kaza an\u0131nda otomobil a\u00e7\u0131lan kap\u0131s\u0131ndan yola f\u0131rlayan ara\u00e7 s\u00fcr\u00fcc\u00fcs\u00fc Muhammed \u00c7a\u011fatay G\u00fcrler a\u011f\u0131r yaralan\u0131rken, ayn\u0131 ara\u00e7ta bulunan ve isimleri \u00f6\u011frenilemeyen 3 gen\u00e7 kazay\u0131 hafif yaral\u0131 atlatt\u0131. Arac\u0131n a\u00e7\u0131lan kap\u0131s\u0131ndan yola f\u0131rlam\u0131\u015f Olay yerine gelen sa\u011fl\u0131k ekiplerince ilk m\u00fcdahalesi yap\u0131lan G\u00fcrler ve arkada\u015flar\u0131 ambulanslarla Akdeniz \u00dcniversitesi Hastanesi ve Antalya E\u011fitim Ara\u015ft\u0131rma Hastanesi&#8217;ne kald\u0131r\u0131ld\u0131. Kazada ara\u00e7tan yola f\u0131rlayan ara\u00e7 s\u00fcr\u00fcc\u00fcs\u00fc 19 ya\u015f\u0131ndaki Muhammed \u00c7a\u011fatay G\u00fcrler doktorlar\u0131n t\u00fcm m\u00fcdahalelerine ra\u011fmen kurtar\u0131lamayarak hayat\u0131n\u0131 kaybetti. Gencin vefat haberini alan ailesi g\u00f6zya\u015flar\u0131na bo\u011fulurken G\u00fcrler&#8217;in cans\u0131z bedeni Antalya Adli T\u0131p Kurumu morguna kald\u0131r\u0131ld\u0131. Buradaki i\u015flemlerinin ard\u0131ndan &hellip;<\/p>","protected":false},"author":4,"featured_media":0,"comment_status":"","ping_status":"open","sticky":false,"template":"","format":"standard","meta":{"_acf_changed":false,"footnotes":""},"categories":[26],"tags":[],"class_list":["post-65006","post","type-post","status-publish","format-standard","hentry","category-antalya"],"acf":[],"yoast_head":"<!-- This site is optimized with the Yoast SEO Premium plugin v26.6 (Yoast SEO v27.1.1) - https:\/\/yoast.com\/product\/yoast-seo-premium-wordpress\/ -->\n<title>Antalya&#039;da korkun\u00e7 kaza; 19 ya\u015f\u0131ndaki gen\u00e7 hayat\u0131n\u0131 kaybetti - Av. Deniz Can K\u0131z\u0131l<\/title>\n<meta name=\"robots\" content=\"index, follow, max-snippet:-1, max-image-preview:large, max-video-preview:-1\" \/>\n<link rel=\"canonical\" href=\"https:\/\/denizcankizil.tr\/en\/haberler\/antalya\/antalyada-korkunc-kaza-19-yasindaki-genc-hayatini-kaybetti\/\" \/>\n<meta property=\"og:locale\" content=\"en_GB\" \/>\n<meta property=\"og:type\" content=\"article\" \/>\n<meta property=\"og:title\" content=\"Antalya&#039;da korkun\u00e7 kaza; 19 ya\u015f\u0131ndaki gen\u00e7 hayat\u0131n\u0131 kaybetti\" \/>\n<meta property=\"og:description\" content=\"Kaza, d\u00fcn gece saatlerinde Kepez il\u00e7esi Fabrikalar Mahallesi Gazi Bulvar\u0131 15 Temmuz \u015eehitleri K\u00f6pr\u00fcl\u00fc Kav\u015fa\u011f\u0131&#8217;nda meydana geldi. Edinilen bilgiye g\u00f6re, Havaliman\u0131&#8217;ndan Akdeniz \u00dcniversitesi y\u00f6n\u00fcne seyreden 07 BFV 54 plakal\u0131 otomobilin s\u00fcr\u00fcc\u00fcs\u00fc Muhammed \u00c7a\u011fatay G\u00fcrler (19) direksiyon hakimiyetini kaybetti. Otomobil \u00f6nce ayn\u0131 g\u00fczergahta ilerleyen Mahmut C.\u015e.&#8217;nin kulland\u0131\u011f\u0131 07 YMV 84 plakal\u0131 Audi marka araca yandan \u00e7arpt\u0131, sonra da savrularak bariyerlere \u00e7arp\u0131p takla att\u0131. Arac\u0131n motoru koparak 50 metre s\u00fcr\u00fcklendi Ortal\u0131\u011f\u0131n sava\u015f alan\u0131na d\u00f6nd\u00fc\u011f\u00fc kazada takla atan otomobilin motoru \u00e7arpman\u0131n \u015fiddetiyle yerinden \u00e7\u0131karak yakla\u015f\u0131k 50 metre yolda s\u00fcr\u00fcklendi. Hurdaya d\u00f6nen ara\u00e7ta bulunanlar\u0131n yard\u0131m\u0131na ilk olarak di\u011fer ara\u00e7 s\u00fcr\u00fcc\u00fcleri ko\u015farken, kazan\u0131n 112 Acil \u00c7a\u011fr\u0131 Merkezi&#8217;ne bildirilmesi \u00fczerine olay yerine \u00e7ok say\u0131da ambulans sevk edildi. Kaza an\u0131nda otomobil a\u00e7\u0131lan kap\u0131s\u0131ndan yola f\u0131rlayan ara\u00e7 s\u00fcr\u00fcc\u00fcs\u00fc Muhammed \u00c7a\u011fatay G\u00fcrler a\u011f\u0131r yaralan\u0131rken, ayn\u0131 ara\u00e7ta bulunan ve isimleri \u00f6\u011frenilemeyen 3 gen\u00e7 kazay\u0131 hafif yaral\u0131 atlatt\u0131. Arac\u0131n a\u00e7\u0131lan kap\u0131s\u0131ndan yola f\u0131rlam\u0131\u015f Olay yerine gelen sa\u011fl\u0131k ekiplerince ilk m\u00fcdahalesi yap\u0131lan G\u00fcrler ve arkada\u015flar\u0131 ambulanslarla Akdeniz \u00dcniversitesi Hastanesi ve Antalya E\u011fitim Ara\u015ft\u0131rma Hastanesi&#8217;ne kald\u0131r\u0131ld\u0131. Kazada ara\u00e7tan yola f\u0131rlayan ara\u00e7 s\u00fcr\u00fcc\u00fcs\u00fc 19 ya\u015f\u0131ndaki Muhammed \u00c7a\u011fatay G\u00fcrler doktorlar\u0131n t\u00fcm m\u00fcdahalelerine ra\u011fmen kurtar\u0131lamayarak hayat\u0131n\u0131 kaybetti. Gencin vefat haberini alan ailesi g\u00f6zya\u015flar\u0131na bo\u011fulurken G\u00fcrler&#8217;in cans\u0131z bedeni Antalya Adli T\u0131p Kurumu morguna kald\u0131r\u0131ld\u0131. Buradaki i\u015flemlerinin ard\u0131ndan &hellip;\" \/>\n<meta property=\"og:url\" content=\"https:\/\/denizcankizil.tr\/en\/haberler\/antalya\/antalyada-korkunc-kaza-19-yasindaki-genc-hayatini-kaybetti\/\" \/>\n<meta property=\"og:site_name\" content=\"Av. Deniz Can K\u0131z\u0131l\" \/>\n<meta property=\"article:published_time\" content=\"2025-04-24T11:41:14+00:00\" \/>\n<meta name=\"author\" content=\"Av. Deniz Can K\u0131z\u0131l\" \/>\n<meta name=\"twitter:card\" content=\"summary_large_image\" \/>\n<meta name=\"twitter:label1\" content=\"Written by\" \/>\n\t<meta name=\"twitter:data1\" content=\"Av. Deniz Can K\u0131z\u0131l\" \/>\n\t<meta name=\"twitter:label2\" content=\"Estimated reading time\" \/>\n\t<meta name=\"twitter:data2\" content=\"2 minutes\" \/>\n<script type=\"application\/ld+json\" class=\"yoast-schema-graph\">{\"@context\":\"https:\/\/schema.org\",\"@graph\":[{\"@type\":\"Article\",\"@id\":\"https:\/\/denizcankizil.tr\/de\/haberler\/antalya\/antalyada-korkunc-kaza-19-yasindaki-genc-hayatini-kaybetti\/#article\",\"isPartOf\":{\"@id\":\"https:\/\/denizcankizil.tr\/de\/haberler\/antalya\/antalyada-korkunc-kaza-19-yasindaki-genc-hayatini-kaybetti\/\"},\"author\":{\"name\":\"Av. Deniz Can K\u0131z\u0131l\",\"@id\":\"https:\/\/denizcankizil.tr\/de\/#\/schema\/person\/5dc1b22991bd7ac833867c10afc9b0ff\"},\"headline\":\"Antalya&#8217;da korkun\u00e7 kaza; 19 ya\u015f\u0131ndaki gen\u00e7 hayat\u0131n\u0131 kaybetti\",\"datePublished\":\"2025-04-24T11:41:14+00:00\",\"mainEntityOfPage\":{\"@id\":\"https:\/\/denizcankizil.tr\/de\/haberler\/antalya\/antalyada-korkunc-kaza-19-yasindaki-genc-hayatini-kaybetti\/\"},\"wordCount\":480,\"publisher\":{\"@id\":\"https:\/\/denizcankizil.tr\/de\/#organization\"},\"articleSection\":[\"Antalya\"],\"inLanguage\":\"en-GB\"},{\"@type\":\"WebPage\",\"@id\":\"https:\/\/denizcankizil.tr\/de\/haberler\/antalya\/antalyada-korkunc-kaza-19-yasindaki-genc-hayatini-kaybetti\/\",\"url\":\"https:\/\/denizcankizil.tr\/de\/haberler\/antalya\/antalyada-korkunc-kaza-19-yasindaki-genc-hayatini-kaybetti\/\",\"name\":\"Antalya'da korkun\u00e7 kaza; 19 ya\u015f\u0131ndaki gen\u00e7 hayat\u0131n\u0131 kaybetti - Av. Deniz Can K\u0131z\u0131l\",\"isPartOf\":{\"@id\":\"https:\/\/denizcankizil.tr\/de\/#website\"},\"datePublished\":\"2025-04-24T11:41:14+00:00\",\"breadcrumb\":{\"@id\":\"https:\/\/denizcankizil.tr\/de\/haberler\/antalya\/antalyada-korkunc-kaza-19-yasindaki-genc-hayatini-kaybetti\/#breadcrumb\"},\"inLanguage\":\"en-GB\",\"potentialAction\":[{\"@type\":\"ReadAction\",\"target\":[\"https:\/\/denizcankizil.tr\/de\/haberler\/antalya\/antalyada-korkunc-kaza-19-yasindaki-genc-hayatini-kaybetti\/\"]}]},{\"@type\":\"BreadcrumbList\",\"@id\":\"https:\/\/denizcankizil.tr\/de\/haberler\/antalya\/antalyada-korkunc-kaza-19-yasindaki-genc-hayatini-kaybetti\/#breadcrumb\",\"itemListElement\":[{\"@type\":\"ListItem\",\"position\":1,\"name\":\"Home\",\"item\":\"https:\/\/denizcankizil.tr\/de\/\"},{\"@type\":\"ListItem\",\"position\":2,\"name\":\"Antalya&#8217;da korkun\u00e7 kaza; 19 ya\u015f\u0131ndaki gen\u00e7 hayat\u0131n\u0131 kaybetti\"}]},{\"@type\":\"WebSite\",\"@id\":\"https:\/\/denizcankizil.tr\/de\/#website\",\"url\":\"https:\/\/denizcankizil.tr\/de\/\",\"name\":\"Av. Deniz Can K\u0131z\u0131l\",\"description\":\"Avukat Deniz Can K\u0131z\u0131l Antalya Barosu\",\"publisher\":{\"@id\":\"https:\/\/denizcankizil.tr\/de\/#organization\"},\"potentialAction\":[{\"@type\":\"SearchAction\",\"target\":{\"@type\":\"EntryPoint\",\"urlTemplate\":\"https:\/\/denizcankizil.tr\/de\/?s={search_term_string}\"},\"query-input\":{\"@type\":\"PropertyValueSpecification\",\"valueRequired\":true,\"valueName\":\"search_term_string\"}}],\"inLanguage\":\"en-GB\"},{\"@type\":\"Organization\",\"@id\":\"https:\/\/denizcankizil.tr\/de\/#organization\",\"name\":\"Av. Deniz Can K\u0131z\u0131l\",\"url\":\"https:\/\/denizcankizil.tr\/de\/\",\"logo\":{\"@type\":\"ImageObject\",\"inLanguage\":\"en-GB\",\"@id\":\"https:\/\/denizcankizil.tr\/de\/#\/schema\/logo\/image\/\",\"url\":\"https:\/\/denizcankizil.tr\/wp-content\/uploads\/2024\/10\/siyah-logo-svg.svg\",\"contentUrl\":\"https:\/\/denizcankizil.tr\/wp-content\/uploads\/2024\/10\/siyah-logo-svg.svg\",\"width\":1080,\"height\":1080,\"caption\":\"Av. Deniz Can K\u0131z\u0131l\"},\"image\":{\"@id\":\"https:\/\/denizcankizil.tr\/de\/#\/schema\/logo\/image\/\"}},{\"@type\":\"Person\",\"@id\":\"https:\/\/denizcankizil.tr\/de\/#\/schema\/person\/5dc1b22991bd7ac833867c10afc9b0ff\",\"name\":\"Av. Deniz Can K\u0131z\u0131l\",\"image\":{\"@type\":\"ImageObject\",\"inLanguage\":\"en-GB\",\"@id\":\"https:\/\/denizcankizil.tr\/de\/#\/schema\/person\/image\/\",\"url\":\"https:\/\/secure.gravatar.com\/avatar\/a0b128fb9855c79efc976d5640eedb31dc35ec297594d6016d2cf7c60e975bb6?s=96&d=mm&r=g\",\"contentUrl\":\"https:\/\/secure.gravatar.com\/avatar\/a0b128fb9855c79efc976d5640eedb31dc35ec297594d6016d2cf7c60e975bb6?s=96&d=mm&r=g\",\"caption\":\"Av. Deniz Can K\u0131z\u0131l\"},\"sameAs\":[\"http:\/\/www.denizcankizil.tr\"],\"url\":\"https:\/\/denizcankizil.tr\/en\/author\/denizcankizil\/\"}]}<\/script>\n<!-- \/ Yoast SEO Premium plugin. -->","yoast_head_json":{"title":"Antalya'da korkun\u00e7 kaza; 19 ya\u015f\u0131ndaki gen\u00e7 hayat\u0131n\u0131 kaybetti - Av. Deniz Can K\u0131z\u0131l","robots":{"index":"index","follow":"follow","max-snippet":"max-snippet:-1","max-image-preview":"max-image-preview:large","max-video-preview":"max-video-preview:-1"},"canonical":"https:\/\/denizcankizil.tr\/en\/haberler\/antalya\/antalyada-korkunc-kaza-19-yasindaki-genc-hayatini-kaybetti\/","og_locale":"en_GB","og_type":"article","og_title":"Antalya'da korkun\u00e7 kaza; 19 ya\u015f\u0131ndaki gen\u00e7 hayat\u0131n\u0131 kaybetti","og_description":"Kaza, d\u00fcn gece saatlerinde Kepez il\u00e7esi Fabrikalar Mahallesi Gazi Bulvar\u0131 15 Temmuz \u015eehitleri K\u00f6pr\u00fcl\u00fc Kav\u015fa\u011f\u0131&#8217;nda meydana geldi. Edinilen bilgiye g\u00f6re, Havaliman\u0131&#8217;ndan Akdeniz \u00dcniversitesi y\u00f6n\u00fcne seyreden 07 BFV 54 plakal\u0131 otomobilin s\u00fcr\u00fcc\u00fcs\u00fc Muhammed \u00c7a\u011fatay G\u00fcrler (19) direksiyon hakimiyetini kaybetti. Otomobil \u00f6nce ayn\u0131 g\u00fczergahta ilerleyen Mahmut C.\u015e.&#8217;nin kulland\u0131\u011f\u0131 07 YMV 84 plakal\u0131 Audi marka araca yandan \u00e7arpt\u0131, sonra da savrularak bariyerlere \u00e7arp\u0131p takla att\u0131. Arac\u0131n motoru koparak 50 metre s\u00fcr\u00fcklendi Ortal\u0131\u011f\u0131n sava\u015f alan\u0131na d\u00f6nd\u00fc\u011f\u00fc kazada takla atan otomobilin motoru \u00e7arpman\u0131n \u015fiddetiyle yerinden \u00e7\u0131karak yakla\u015f\u0131k 50 metre yolda s\u00fcr\u00fcklendi. Hurdaya d\u00f6nen ara\u00e7ta bulunanlar\u0131n yard\u0131m\u0131na ilk olarak di\u011fer ara\u00e7 s\u00fcr\u00fcc\u00fcleri ko\u015farken, kazan\u0131n 112 Acil \u00c7a\u011fr\u0131 Merkezi&#8217;ne bildirilmesi \u00fczerine olay yerine \u00e7ok say\u0131da ambulans sevk edildi. Kaza an\u0131nda otomobil a\u00e7\u0131lan kap\u0131s\u0131ndan yola f\u0131rlayan ara\u00e7 s\u00fcr\u00fcc\u00fcs\u00fc Muhammed \u00c7a\u011fatay G\u00fcrler a\u011f\u0131r yaralan\u0131rken, ayn\u0131 ara\u00e7ta bulunan ve isimleri \u00f6\u011frenilemeyen 3 gen\u00e7 kazay\u0131 hafif yaral\u0131 atlatt\u0131. Arac\u0131n a\u00e7\u0131lan kap\u0131s\u0131ndan yola f\u0131rlam\u0131\u015f Olay yerine gelen sa\u011fl\u0131k ekiplerince ilk m\u00fcdahalesi yap\u0131lan G\u00fcrler ve arkada\u015flar\u0131 ambulanslarla Akdeniz \u00dcniversitesi Hastanesi ve Antalya E\u011fitim Ara\u015ft\u0131rma Hastanesi&#8217;ne kald\u0131r\u0131ld\u0131. Kazada ara\u00e7tan yola f\u0131rlayan ara\u00e7 s\u00fcr\u00fcc\u00fcs\u00fc 19 ya\u015f\u0131ndaki Muhammed \u00c7a\u011fatay G\u00fcrler doktorlar\u0131n t\u00fcm m\u00fcdahalelerine ra\u011fmen kurtar\u0131lamayarak hayat\u0131n\u0131 kaybetti. Gencin vefat haberini alan ailesi g\u00f6zya\u015flar\u0131na bo\u011fulurken G\u00fcrler&#8217;in cans\u0131z bedeni Antalya Adli T\u0131p Kurumu morguna kald\u0131r\u0131ld\u0131. Buradaki i\u015flemlerinin ard\u0131ndan &hellip;","og_url":"https:\/\/denizcankizil.tr\/en\/haberler\/antalya\/antalyada-korkunc-kaza-19-yasindaki-genc-hayatini-kaybetti\/","og_site_name":"Av. Deniz Can K\u0131z\u0131l","article_published_time":"2025-04-24T11:41:14+00:00","author":"Av. Deniz Can K\u0131z\u0131l","twitter_card":"summary_large_image","twitter_misc":{"Written by":"Av. Deniz Can K\u0131z\u0131l","Estimated reading time":"2 minutes"},"schema":{"@context":"https:\/\/schema.org","@graph":[{"@type":"Article","@id":"https:\/\/denizcankizil.tr\/de\/haberler\/antalya\/antalyada-korkunc-kaza-19-yasindaki-genc-hayatini-kaybetti\/#article","isPartOf":{"@id":"https:\/\/denizcankizil.tr\/de\/haberler\/antalya\/antalyada-korkunc-kaza-19-yasindaki-genc-hayatini-kaybetti\/"},"author":{"name":"Av. Deniz Can K\u0131z\u0131l","@id":"https:\/\/denizcankizil.tr\/de\/#\/schema\/person\/5dc1b22991bd7ac833867c10afc9b0ff"},"headline":"Antalya&#8217;da korkun\u00e7 kaza; 19 ya\u015f\u0131ndaki gen\u00e7 hayat\u0131n\u0131 kaybetti","datePublished":"2025-04-24T11:41:14+00:00","mainEntityOfPage":{"@id":"https:\/\/denizcankizil.tr\/de\/haberler\/antalya\/antalyada-korkunc-kaza-19-yasindaki-genc-hayatini-kaybetti\/"},"wordCount":480,"publisher":{"@id":"https:\/\/denizcankizil.tr\/de\/#organization"},"articleSection":["Antalya"],"inLanguage":"en-GB"},{"@type":"WebPage","@id":"https:\/\/denizcankizil.tr\/de\/haberler\/antalya\/antalyada-korkunc-kaza-19-yasindaki-genc-hayatini-kaybetti\/","url":"https:\/\/denizcankizil.tr\/de\/haberler\/antalya\/antalyada-korkunc-kaza-19-yasindaki-genc-hayatini-kaybetti\/","name":"Antalya'da korkun\u00e7 kaza; 19 ya\u015f\u0131ndaki gen\u00e7 hayat\u0131n\u0131 kaybetti - Av. Deniz Can K\u0131z\u0131l","isPartOf":{"@id":"https:\/\/denizcankizil.tr\/de\/#website"},"datePublished":"2025-04-24T11:41:14+00:00","breadcrumb":{"@id":"https:\/\/denizcankizil.tr\/de\/haberler\/antalya\/antalyada-korkunc-kaza-19-yasindaki-genc-hayatini-kaybetti\/#breadcrumb"},"inLanguage":"en-GB","potentialAction":[{"@type":"ReadAction","target":["https:\/\/denizcankizil.tr\/de\/haberler\/antalya\/antalyada-korkunc-kaza-19-yasindaki-genc-hayatini-kaybetti\/"]}]},{"@type":"BreadcrumbList","@id":"https:\/\/denizcankizil.tr\/de\/haberler\/antalya\/antalyada-korkunc-kaza-19-yasindaki-genc-hayatini-kaybetti\/#breadcrumb","itemListElement":[{"@type":"ListItem","position":1,"name":"Home","item":"https:\/\/denizcankizil.tr\/de\/"},{"@type":"ListItem","position":2,"name":"Antalya&#8217;da korkun\u00e7 kaza; 19 ya\u015f\u0131ndaki gen\u00e7 hayat\u0131n\u0131 kaybetti"}]},{"@type":"WebSite","@id":"https:\/\/denizcankizil.tr\/de\/#website","url":"https:\/\/denizcankizil.tr\/de\/","name":"Av. Deniz Can K\u0131z\u0131l","description":"Avukat Deniz Can K\u0131z\u0131l Antalya Barosu","publisher":{"@id":"https:\/\/denizcankizil.tr\/de\/#organization"},"potentialAction":[{"@type":"SearchAction","target":{"@type":"EntryPoint","urlTemplate":"https:\/\/denizcankizil.tr\/de\/?s={search_term_string}"},"query-input":{"@type":"PropertyValueSpecification","valueRequired":true,"valueName":"search_term_string"}}],"inLanguage":"en-GB"},{"@type":"Organization","@id":"https:\/\/denizcankizil.tr\/de\/#organization","name":"Av. Deniz Can K\u0131z\u0131l","url":"https:\/\/denizcankizil.tr\/de\/","logo":{"@type":"ImageObject","inLanguage":"en-GB","@id":"https:\/\/denizcankizil.tr\/de\/#\/schema\/logo\/image\/","url":"https:\/\/denizcankizil.tr\/wp-content\/uploads\/2024\/10\/siyah-logo-svg.svg","contentUrl":"https:\/\/denizcankizil.tr\/wp-content\/uploads\/2024\/10\/siyah-logo-svg.svg","width":1080,"height":1080,"caption":"Av. Deniz Can K\u0131z\u0131l"},"image":{"@id":"https:\/\/denizcankizil.tr\/de\/#\/schema\/logo\/image\/"}},{"@type":"Person","@id":"https:\/\/denizcankizil.tr\/de\/#\/schema\/person\/5dc1b22991bd7ac833867c10afc9b0ff","name":"Av. Deniz Can K\u0131z\u0131l","image":{"@type":"ImageObject","inLanguage":"en-GB","@id":"https:\/\/denizcankizil.tr\/de\/#\/schema\/person\/image\/","url":"https:\/\/secure.gravatar.com\/avatar\/a0b128fb9855c79efc976d5640eedb31dc35ec297594d6016d2cf7c60e975bb6?s=96&d=mm&r=g","contentUrl":"https:\/\/secure.gravatar.com\/avatar\/a0b128fb9855c79efc976d5640eedb31dc35ec297594d6016d2cf7c60e975bb6?s=96&d=mm&r=g","caption":"Av. Deniz Can K\u0131z\u0131l"},"sameAs":["http:\/\/www.denizcankizil.tr"],"url":"https:\/\/denizcankizil.tr\/en\/author\/denizcankizil\/"}]}},"_links":{"self":[{"href":"https:\/\/denizcankizil.tr\/en\/wp-json\/wp\/v2\/posts\/65006","targetHints":{"allow":["GET"]}}],"collection":[{"href":"https:\/\/denizcankizil.tr\/en\/wp-json\/wp\/v2\/posts"}],"about":[{"href":"https:\/\/denizcankizil.tr\/en\/wp-json\/wp\/v2\/types\/post"}],"author":[{"embeddable":true,"href":"https:\/\/denizcankizil.tr\/en\/wp-json\/wp\/v2\/users\/4"}],"replies":[{"embeddable":true,"href":"https:\/\/denizcankizil.tr\/en\/wp-json\/wp\/v2\/comments?post=65006"}],"version-history":[{"count":0,"href":"https:\/\/denizcankizil.tr\/en\/wp-json\/wp\/v2\/posts\/65006\/revisions"}],"wp:attachment":[{"href":"https:\/\/denizcankizil.tr\/en\/wp-json\/wp\/v2\/media?parent=65006"}],"wp:term":[{"taxonomy":"category","embeddable":true,"href":"https:\/\/denizcankizil.tr\/en\/wp-json\/wp\/v2\/categories?post=65006"},{"taxonomy":"post_tag","embeddable":true,"href":"https:\/\/denizcankizil.tr\/en\/wp-json\/wp\/v2\/tags?post=65006"}],"curies":[{"name":"wp","href":"https:\/\/api.w.org\/{rel}","templated":true}]}}