{"id":64965,"date":"2025-04-24T13:41:18","date_gmt":"2025-04-24T10:41:18","guid":{"rendered":"https:\/\/denizcankizil.tr\/uncategorized-tr\/antalyasporda-bayram-coskusu\/"},"modified":"2025-04-24T13:41:18","modified_gmt":"2025-04-24T10:41:18","slug":"antalyasporda-bayram-coskusu","status":"publish","type":"post","link":"https:\/\/denizcankizil.tr\/en\/haberler\/gundem\/antalyasporda-bayram-coskusu\/","title":{"rendered":"Antalyaspor\u2019da bayram co\u015fkusu"},"content":{"rendered":"<p>Ayn\u0131 g\u00fcn Antalya \u0130l Emniyet M\u00fcd\u00fcr\u00fc \u0130lker Arslan, Antalyaspor Ba\u015fkan\u0131 Sinan Boztepe\u2019yi Atilla Vehbi Konuk Tesisleri\u2019nde ziyaret etti. Ziyarette sporun gen\u00e7ler \u00fczerindeki etkisi ve Antalyaspor\u2019un toplumsal katk\u0131lar\u0131 \u00fczerine g\u00f6r\u00fc\u015f al\u0131\u015fveri\u015finde bulunuldu. 23 Nisan kutlamalar\u0131 kapsam\u0131nda, Antalyaspor Asba\u015fkan\u0131 Cesur Burak Akar, Teknik Direkt\u00f6r Emre Bel\u00f6zo\u011flu ve futbolcular, Antalya Gen\u00e7lik ve Spor \u0130l M\u00fcd\u00fcrl\u00fc\u011f\u00fc\u2019n\u00fcn \u00f6nc\u00fcl\u00fc\u011f\u00fcnde ve \u00d6zgecan Aslan Gen\u00e7lik Merkezi koordinasyonuyla d\u00fczenlenen etkinliklere kat\u0131ld\u0131. \u00c7ocuklar\u0131n yo\u011fun ilgi g\u00f6sterdi\u011fi kutlamalar, bayram sevincini payla\u015fan sporcularla \u00e7ocuklar aras\u0131nda samimi bir ortamda ger\u00e7ekle\u015ftirildi.<\/p>\n<p>KOLTU\u011eUNU DEV\u0130R ETT\u0130<\/p>\n<p>Antalya Gen\u00e7lik ve Spor \u0130l M\u00fcd\u00fcr\u00fc Yavuz G\u00fcrhan, etkinlikte \u00e7ocuklara \u00e7e\u015fitli hediyeler takdim etti. Etkinlik, g\u00fcn\u00fcn an\u0131s\u0131na \u00e7ekilen hat\u0131ra foto\u011fraflar\u0131yla sona erdi. Antalyaspor\u2019un gen\u00e7 sporcular\u0131 da bu anlaml\u0131 g\u00fcnde unutulmad\u0131. U9 Tak\u0131m\u0131 oyuncular\u0131ndan Atahan Sorgu\u00e7 ve arkada\u015flar\u0131, 23 Nisan\u2019a \u00f6zel sembolik bir g\u00f6rev de\u011fi\u015fimiyle, Teknik Direkt\u00f6r Emre Bel\u00f6zo\u011flu\u2019ndan koltu\u011fu bir g\u00fcnl\u00fc\u011f\u00fcne devrald\u0131.<\/p>\n<p>S\u0130VASPOR MA\u00c7INA HAZIR<\/p>\n<p>Antalya K\u00f6rfez Gazetesi muhabiri Ertu\u011frul G\u00fcn&#8217;\u00fcn haberine g\u00f6re; Antalyaspor\u2019un sosyal medya hesaplar\u0131ndan yap\u0131lan payla\u015f\u0131mlarda, \u201c23 Nisan Ulusal Egemenlik ve \u00c7ocuk Bayram\u0131 t\u00fcm \u00e7ocuklar\u0131m\u0131za kutlu olsun\u201d mesaj\u0131 iletildi. Bayram kutlamalar\u0131n\u0131n yan\u0131 s\u0131ra, Antalyaspor A Tak\u0131m\u0131, deplasmanda oynayaca\u011f\u0131 Net Global Sivasspor kar\u015f\u0131la\u015fmas\u0131n\u0131n haz\u0131rl\u0131klar\u0131n\u0131 s\u00fcrd\u00fcrd\u00fc.<\/p>\n<p>\u200bAntalyaspor, 23 Nisan Ulusal Egemenlik ve \u00c7ocuk Bayram\u0131\u2019n\u0131 co\u015fkulu etkinliklerle kutlad\u0131.\u00a0<\/p>\n<p>\u200bHaberin Al\u0131nt\u0131land\u0131\u011f\u0131 Kaynak: www.antalyakorfez.com<\/p>","protected":false},"excerpt":{"rendered":"<p>Ayn\u0131 g\u00fcn Antalya \u0130l Emniyet M\u00fcd\u00fcr\u00fc \u0130lker Arslan, Antalyaspor Ba\u015fkan\u0131 Sinan Boztepe\u2019yi Atilla Vehbi Konuk Tesisleri\u2019nde ziyaret etti. Ziyarette sporun gen\u00e7ler \u00fczerindeki etkisi ve Antalyaspor\u2019un toplumsal katk\u0131lar\u0131 \u00fczerine g\u00f6r\u00fc\u015f al\u0131\u015fveri\u015finde bulunuldu. 23 Nisan kutlamalar\u0131 kapsam\u0131nda, Antalyaspor Asba\u015fkan\u0131 Cesur Burak Akar, Teknik Direkt\u00f6r Emre Bel\u00f6zo\u011flu ve futbolcular, Antalya Gen\u00e7lik ve Spor \u0130l M\u00fcd\u00fcrl\u00fc\u011f\u00fc\u2019n\u00fcn \u00f6nc\u00fcl\u00fc\u011f\u00fcnde ve \u00d6zgecan Aslan Gen\u00e7lik Merkezi koordinasyonuyla d\u00fczenlenen etkinliklere kat\u0131ld\u0131. \u00c7ocuklar\u0131n yo\u011fun ilgi g\u00f6sterdi\u011fi kutlamalar, bayram sevincini payla\u015fan sporcularla \u00e7ocuklar aras\u0131nda samimi bir ortamda ger\u00e7ekle\u015ftirildi. KOLTU\u011eUNU DEV\u0130R ETT\u0130 Antalya Gen\u00e7lik ve Spor \u0130l M\u00fcd\u00fcr\u00fc Yavuz G\u00fcrhan, etkinlikte \u00e7ocuklara \u00e7e\u015fitli hediyeler takdim etti. Etkinlik, g\u00fcn\u00fcn an\u0131s\u0131na \u00e7ekilen hat\u0131ra foto\u011fraflar\u0131yla sona erdi. Antalyaspor\u2019un gen\u00e7 sporcular\u0131 da bu anlaml\u0131 g\u00fcnde unutulmad\u0131. U9 Tak\u0131m\u0131 oyuncular\u0131ndan Atahan Sorgu\u00e7 ve arkada\u015flar\u0131, 23 Nisan\u2019a \u00f6zel sembolik bir g\u00f6rev de\u011fi\u015fimiyle, Teknik Direkt\u00f6r Emre Bel\u00f6zo\u011flu\u2019ndan koltu\u011fu bir g\u00fcnl\u00fc\u011f\u00fcne devrald\u0131. S\u0130VASPOR MA\u00c7INA HAZIR Antalya K\u00f6rfez Gazetesi muhabiri Ertu\u011frul G\u00fcn&#8217;\u00fcn haberine g\u00f6re; Antalyaspor\u2019un sosyal medya hesaplar\u0131ndan yap\u0131lan payla\u015f\u0131mlarda, \u201c23 Nisan Ulusal Egemenlik ve \u00c7ocuk Bayram\u0131 t\u00fcm \u00e7ocuklar\u0131m\u0131za kutlu olsun\u201d mesaj\u0131 iletildi. Bayram kutlamalar\u0131n\u0131n yan\u0131 s\u0131ra, Antalyaspor A Tak\u0131m\u0131, deplasmanda oynayaca\u011f\u0131 Net Global Sivasspor kar\u015f\u0131la\u015fmas\u0131n\u0131n haz\u0131rl\u0131klar\u0131n\u0131 s\u00fcrd\u00fcrd\u00fc. \u200bAntalyaspor, 23 Nisan Ulusal Egemenlik ve \u00c7ocuk Bayram\u0131\u2019n\u0131 co\u015fkulu etkinliklerle kutlad\u0131.\u00a0 \u200bHaberin Al\u0131nt\u0131land\u0131\u011f\u0131 Kaynak: www.antalyakorfez.com<\/p>","protected":false},"author":5,"featured_media":0,"comment_status":"","ping_status":"open","sticky":false,"template":"","format":"standard","meta":{"_acf_changed":false,"footnotes":""},"categories":[24],"tags":[],"class_list":["post-64965","post","type-post","status-publish","format-standard","has-post-thumbnail","hentry","category-gundem"],"acf":[],"yoast_head":"<!-- This site is optimized with the Yoast SEO Premium plugin v26.6 (Yoast SEO v27.1.1) - https:\/\/yoast.com\/product\/yoast-seo-premium-wordpress\/ -->\n<title>Antalyaspor\u2019da bayram co\u015fkusu - Av. Deniz Can K\u0131z\u0131l<\/title>\n<meta name=\"robots\" content=\"index, follow, max-snippet:-1, max-image-preview:large, max-video-preview:-1\" \/>\n<link rel=\"canonical\" href=\"https:\/\/denizcankizil.tr\/en\/haberler\/gundem\/antalyasporda-bayram-coskusu\/\" \/>\n<meta property=\"og:locale\" content=\"en_GB\" \/>\n<meta property=\"og:type\" content=\"article\" \/>\n<meta property=\"og:title\" content=\"Antalyaspor\u2019da bayram co\u015fkusu\" \/>\n<meta property=\"og:description\" content=\"Ayn\u0131 g\u00fcn Antalya \u0130l Emniyet M\u00fcd\u00fcr\u00fc \u0130lker Arslan, Antalyaspor Ba\u015fkan\u0131 Sinan Boztepe\u2019yi Atilla Vehbi Konuk Tesisleri\u2019nde ziyaret etti. Ziyarette sporun gen\u00e7ler \u00fczerindeki etkisi ve Antalyaspor\u2019un toplumsal katk\u0131lar\u0131 \u00fczerine g\u00f6r\u00fc\u015f al\u0131\u015fveri\u015finde bulunuldu. 23 Nisan kutlamalar\u0131 kapsam\u0131nda, Antalyaspor Asba\u015fkan\u0131 Cesur Burak Akar, Teknik Direkt\u00f6r Emre Bel\u00f6zo\u011flu ve futbolcular, Antalya Gen\u00e7lik ve Spor \u0130l M\u00fcd\u00fcrl\u00fc\u011f\u00fc\u2019n\u00fcn \u00f6nc\u00fcl\u00fc\u011f\u00fcnde ve \u00d6zgecan Aslan Gen\u00e7lik Merkezi koordinasyonuyla d\u00fczenlenen etkinliklere kat\u0131ld\u0131. \u00c7ocuklar\u0131n yo\u011fun ilgi g\u00f6sterdi\u011fi kutlamalar, bayram sevincini payla\u015fan sporcularla \u00e7ocuklar aras\u0131nda samimi bir ortamda ger\u00e7ekle\u015ftirildi. KOLTU\u011eUNU DEV\u0130R ETT\u0130 Antalya Gen\u00e7lik ve Spor \u0130l M\u00fcd\u00fcr\u00fc Yavuz G\u00fcrhan, etkinlikte \u00e7ocuklara \u00e7e\u015fitli hediyeler takdim etti. Etkinlik, g\u00fcn\u00fcn an\u0131s\u0131na \u00e7ekilen hat\u0131ra foto\u011fraflar\u0131yla sona erdi. Antalyaspor\u2019un gen\u00e7 sporcular\u0131 da bu anlaml\u0131 g\u00fcnde unutulmad\u0131. U9 Tak\u0131m\u0131 oyuncular\u0131ndan Atahan Sorgu\u00e7 ve arkada\u015flar\u0131, 23 Nisan\u2019a \u00f6zel sembolik bir g\u00f6rev de\u011fi\u015fimiyle, Teknik Direkt\u00f6r Emre Bel\u00f6zo\u011flu\u2019ndan koltu\u011fu bir g\u00fcnl\u00fc\u011f\u00fcne devrald\u0131. S\u0130VASPOR MA\u00c7INA HAZIR Antalya K\u00f6rfez Gazetesi muhabiri Ertu\u011frul G\u00fcn&#8217;\u00fcn haberine g\u00f6re; Antalyaspor\u2019un sosyal medya hesaplar\u0131ndan yap\u0131lan payla\u015f\u0131mlarda, \u201c23 Nisan Ulusal Egemenlik ve \u00c7ocuk Bayram\u0131 t\u00fcm \u00e7ocuklar\u0131m\u0131za kutlu olsun\u201d mesaj\u0131 iletildi. Bayram kutlamalar\u0131n\u0131n yan\u0131 s\u0131ra, Antalyaspor A Tak\u0131m\u0131, deplasmanda oynayaca\u011f\u0131 Net Global Sivasspor kar\u015f\u0131la\u015fmas\u0131n\u0131n haz\u0131rl\u0131klar\u0131n\u0131 s\u00fcrd\u00fcrd\u00fc. \u200bAntalyaspor, 23 Nisan Ulusal Egemenlik ve \u00c7ocuk Bayram\u0131\u2019n\u0131 co\u015fkulu etkinliklerle kutlad\u0131.\u00a0 \u200bHaberin Al\u0131nt\u0131land\u0131\u011f\u0131 Kaynak: www.antalyakorfez.com\" \/>\n<meta property=\"og:url\" content=\"https:\/\/denizcankizil.tr\/en\/haberler\/gundem\/antalyasporda-bayram-coskusu\/\" \/>\n<meta property=\"og:site_name\" content=\"Av. Deniz Can K\u0131z\u0131l\" \/>\n<meta property=\"article:published_time\" content=\"2025-04-24T10:41:18+00:00\" \/>\n<meta name=\"author\" content=\"Antalya K\u00f6rfez\" \/>\n<meta name=\"twitter:card\" content=\"summary_large_image\" \/>\n<meta name=\"twitter:label1\" content=\"Written by\" \/>\n\t<meta name=\"twitter:data1\" content=\"Antalya K\u00f6rfez\" \/>\n\t<meta name=\"twitter:label2\" content=\"Estimated reading time\" \/>\n\t<meta name=\"twitter:data2\" content=\"1 minute\" \/>\n<script type=\"application\/ld+json\" class=\"yoast-schema-graph\">{\"@context\":\"https:\/\/schema.org\",\"@graph\":[{\"@type\":\"Article\",\"@id\":\"https:\/\/denizcankizil.tr\/en\/haberler\/gundem\/antalyasporda-bayram-coskusu\/#article\",\"isPartOf\":{\"@id\":\"https:\/\/denizcankizil.tr\/en\/haberler\/gundem\/antalyasporda-bayram-coskusu\/\"},\"author\":{\"name\":\"Antalya K\u00f6rfez\",\"@id\":\"https:\/\/denizcankizil.tr\/de\/#\/schema\/person\/e1eb71bb4dd684d46563f0af307e1234\"},\"headline\":\"Antalyaspor\u2019da bayram co\u015fkusu\",\"datePublished\":\"2025-04-24T10:41:18+00:00\",\"mainEntityOfPage\":{\"@id\":\"https:\/\/denizcankizil.tr\/en\/haberler\/gundem\/antalyasporda-bayram-coskusu\/\"},\"wordCount\":291,\"publisher\":{\"@id\":\"https:\/\/denizcankizil.tr\/de\/#organization\"},\"articleSection\":[\"G\u00fcndem\"],\"inLanguage\":\"en-GB\"},{\"@type\":\"WebPage\",\"@id\":\"https:\/\/denizcankizil.tr\/en\/haberler\/gundem\/antalyasporda-bayram-coskusu\/\",\"url\":\"https:\/\/denizcankizil.tr\/en\/haberler\/gundem\/antalyasporda-bayram-coskusu\/\",\"name\":\"Antalyaspor\u2019da bayram co\u015fkusu - Av. Deniz Can K\u0131z\u0131l\",\"isPartOf\":{\"@id\":\"https:\/\/denizcankizil.tr\/de\/#website\"},\"datePublished\":\"2025-04-24T10:41:18+00:00\",\"breadcrumb\":{\"@id\":\"https:\/\/denizcankizil.tr\/en\/haberler\/gundem\/antalyasporda-bayram-coskusu\/#breadcrumb\"},\"inLanguage\":\"en-GB\",\"potentialAction\":[{\"@type\":\"ReadAction\",\"target\":[\"https:\/\/denizcankizil.tr\/en\/haberler\/gundem\/antalyasporda-bayram-coskusu\/\"]}]},{\"@type\":\"BreadcrumbList\",\"@id\":\"https:\/\/denizcankizil.tr\/en\/haberler\/gundem\/antalyasporda-bayram-coskusu\/#breadcrumb\",\"itemListElement\":[{\"@type\":\"ListItem\",\"position\":1,\"name\":\"Home\",\"item\":\"https:\/\/denizcankizil.tr\/de\/\"},{\"@type\":\"ListItem\",\"position\":2,\"name\":\"Antalyaspor\u2019da bayram co\u015fkusu\"}]},{\"@type\":\"WebSite\",\"@id\":\"https:\/\/denizcankizil.tr\/de\/#website\",\"url\":\"https:\/\/denizcankizil.tr\/de\/\",\"name\":\"Av. Deniz Can K\u0131z\u0131l\",\"description\":\"Avukat Deniz Can K\u0131z\u0131l Antalya Barosu\",\"publisher\":{\"@id\":\"https:\/\/denizcankizil.tr\/de\/#organization\"},\"potentialAction\":[{\"@type\":\"SearchAction\",\"target\":{\"@type\":\"EntryPoint\",\"urlTemplate\":\"https:\/\/denizcankizil.tr\/de\/?s={search_term_string}\"},\"query-input\":{\"@type\":\"PropertyValueSpecification\",\"valueRequired\":true,\"valueName\":\"search_term_string\"}}],\"inLanguage\":\"en-GB\"},{\"@type\":\"Organization\",\"@id\":\"https:\/\/denizcankizil.tr\/de\/#organization\",\"name\":\"Av. Deniz Can K\u0131z\u0131l\",\"url\":\"https:\/\/denizcankizil.tr\/de\/\",\"logo\":{\"@type\":\"ImageObject\",\"inLanguage\":\"en-GB\",\"@id\":\"https:\/\/denizcankizil.tr\/de\/#\/schema\/logo\/image\/\",\"url\":\"https:\/\/denizcankizil.tr\/wp-content\/uploads\/2024\/10\/siyah-logo-svg.svg\",\"contentUrl\":\"https:\/\/denizcankizil.tr\/wp-content\/uploads\/2024\/10\/siyah-logo-svg.svg\",\"width\":1080,\"height\":1080,\"caption\":\"Av. Deniz Can K\u0131z\u0131l\"},\"image\":{\"@id\":\"https:\/\/denizcankizil.tr\/de\/#\/schema\/logo\/image\/\"}},{\"@type\":\"Person\",\"@id\":\"https:\/\/denizcankizil.tr\/de\/#\/schema\/person\/e1eb71bb4dd684d46563f0af307e1234\",\"name\":\"Antalya K\u00f6rfez\",\"image\":{\"@type\":\"ImageObject\",\"inLanguage\":\"en-GB\",\"@id\":\"https:\/\/denizcankizil.tr\/de\/#\/schema\/person\/image\/\",\"url\":\"https:\/\/secure.gravatar.com\/avatar\/42b01982558a48a0b501fdcab6a408d3717ea5919095ee2e67b0e521799c5905?s=96&d=mm&r=g\",\"contentUrl\":\"https:\/\/secure.gravatar.com\/avatar\/42b01982558a48a0b501fdcab6a408d3717ea5919095ee2e67b0e521799c5905?s=96&d=mm&r=g\",\"caption\":\"Antalya K\u00f6rfez\"},\"sameAs\":[\"http:\/\/www.antalyakorfez.com\"],\"url\":\"https:\/\/www.antalyakorfez.com\/antalyasporda-bayram-coskusu\"}]}<\/script>\n<!-- \/ Yoast SEO Premium plugin. -->","yoast_head_json":{"title":"Antalyaspor\u2019da bayram co\u015fkusu - Av. Deniz Can K\u0131z\u0131l","robots":{"index":"index","follow":"follow","max-snippet":"max-snippet:-1","max-image-preview":"max-image-preview:large","max-video-preview":"max-video-preview:-1"},"canonical":"https:\/\/denizcankizil.tr\/en\/haberler\/gundem\/antalyasporda-bayram-coskusu\/","og_locale":"en_GB","og_type":"article","og_title":"Antalyaspor\u2019da bayram co\u015fkusu","og_description":"Ayn\u0131 g\u00fcn Antalya \u0130l Emniyet M\u00fcd\u00fcr\u00fc \u0130lker Arslan, Antalyaspor Ba\u015fkan\u0131 Sinan Boztepe\u2019yi Atilla Vehbi Konuk Tesisleri\u2019nde ziyaret etti. Ziyarette sporun gen\u00e7ler \u00fczerindeki etkisi ve Antalyaspor\u2019un toplumsal katk\u0131lar\u0131 \u00fczerine g\u00f6r\u00fc\u015f al\u0131\u015fveri\u015finde bulunuldu. 23 Nisan kutlamalar\u0131 kapsam\u0131nda, Antalyaspor Asba\u015fkan\u0131 Cesur Burak Akar, Teknik Direkt\u00f6r Emre Bel\u00f6zo\u011flu ve futbolcular, Antalya Gen\u00e7lik ve Spor \u0130l M\u00fcd\u00fcrl\u00fc\u011f\u00fc\u2019n\u00fcn \u00f6nc\u00fcl\u00fc\u011f\u00fcnde ve \u00d6zgecan Aslan Gen\u00e7lik Merkezi koordinasyonuyla d\u00fczenlenen etkinliklere kat\u0131ld\u0131. \u00c7ocuklar\u0131n yo\u011fun ilgi g\u00f6sterdi\u011fi kutlamalar, bayram sevincini payla\u015fan sporcularla \u00e7ocuklar aras\u0131nda samimi bir ortamda ger\u00e7ekle\u015ftirildi. KOLTU\u011eUNU DEV\u0130R ETT\u0130 Antalya Gen\u00e7lik ve Spor \u0130l M\u00fcd\u00fcr\u00fc Yavuz G\u00fcrhan, etkinlikte \u00e7ocuklara \u00e7e\u015fitli hediyeler takdim etti. Etkinlik, g\u00fcn\u00fcn an\u0131s\u0131na \u00e7ekilen hat\u0131ra foto\u011fraflar\u0131yla sona erdi. Antalyaspor\u2019un gen\u00e7 sporcular\u0131 da bu anlaml\u0131 g\u00fcnde unutulmad\u0131. U9 Tak\u0131m\u0131 oyuncular\u0131ndan Atahan Sorgu\u00e7 ve arkada\u015flar\u0131, 23 Nisan\u2019a \u00f6zel sembolik bir g\u00f6rev de\u011fi\u015fimiyle, Teknik Direkt\u00f6r Emre Bel\u00f6zo\u011flu\u2019ndan koltu\u011fu bir g\u00fcnl\u00fc\u011f\u00fcne devrald\u0131. S\u0130VASPOR MA\u00c7INA HAZIR Antalya K\u00f6rfez Gazetesi muhabiri Ertu\u011frul G\u00fcn&#8217;\u00fcn haberine g\u00f6re; Antalyaspor\u2019un sosyal medya hesaplar\u0131ndan yap\u0131lan payla\u015f\u0131mlarda, \u201c23 Nisan Ulusal Egemenlik ve \u00c7ocuk Bayram\u0131 t\u00fcm \u00e7ocuklar\u0131m\u0131za kutlu olsun\u201d mesaj\u0131 iletildi. Bayram kutlamalar\u0131n\u0131n yan\u0131 s\u0131ra, Antalyaspor A Tak\u0131m\u0131, deplasmanda oynayaca\u011f\u0131 Net Global Sivasspor kar\u015f\u0131la\u015fmas\u0131n\u0131n haz\u0131rl\u0131klar\u0131n\u0131 s\u00fcrd\u00fcrd\u00fc. \u200bAntalyaspor, 23 Nisan Ulusal Egemenlik ve \u00c7ocuk Bayram\u0131\u2019n\u0131 co\u015fkulu etkinliklerle kutlad\u0131.\u00a0 \u200bHaberin Al\u0131nt\u0131land\u0131\u011f\u0131 Kaynak: www.antalyakorfez.com","og_url":"https:\/\/denizcankizil.tr\/en\/haberler\/gundem\/antalyasporda-bayram-coskusu\/","og_site_name":"Av. Deniz Can K\u0131z\u0131l","article_published_time":"2025-04-24T10:41:18+00:00","author":"Antalya K\u00f6rfez","twitter_card":"summary_large_image","twitter_misc":{"Written by":"Antalya K\u00f6rfez","Estimated reading time":"1 minute"},"schema":{"@context":"https:\/\/schema.org","@graph":[{"@type":"Article","@id":"https:\/\/denizcankizil.tr\/en\/haberler\/gundem\/antalyasporda-bayram-coskusu\/#article","isPartOf":{"@id":"https:\/\/denizcankizil.tr\/en\/haberler\/gundem\/antalyasporda-bayram-coskusu\/"},"author":{"name":"Antalya K\u00f6rfez","@id":"https:\/\/denizcankizil.tr\/de\/#\/schema\/person\/e1eb71bb4dd684d46563f0af307e1234"},"headline":"Antalyaspor\u2019da bayram co\u015fkusu","datePublished":"2025-04-24T10:41:18+00:00","mainEntityOfPage":{"@id":"https:\/\/denizcankizil.tr\/en\/haberler\/gundem\/antalyasporda-bayram-coskusu\/"},"wordCount":291,"publisher":{"@id":"https:\/\/denizcankizil.tr\/de\/#organization"},"articleSection":["G\u00fcndem"],"inLanguage":"en-GB"},{"@type":"WebPage","@id":"https:\/\/denizcankizil.tr\/en\/haberler\/gundem\/antalyasporda-bayram-coskusu\/","url":"https:\/\/denizcankizil.tr\/en\/haberler\/gundem\/antalyasporda-bayram-coskusu\/","name":"Antalyaspor\u2019da bayram co\u015fkusu - Av. Deniz Can K\u0131z\u0131l","isPartOf":{"@id":"https:\/\/denizcankizil.tr\/de\/#website"},"datePublished":"2025-04-24T10:41:18+00:00","breadcrumb":{"@id":"https:\/\/denizcankizil.tr\/en\/haberler\/gundem\/antalyasporda-bayram-coskusu\/#breadcrumb"},"inLanguage":"en-GB","potentialAction":[{"@type":"ReadAction","target":["https:\/\/denizcankizil.tr\/en\/haberler\/gundem\/antalyasporda-bayram-coskusu\/"]}]},{"@type":"BreadcrumbList","@id":"https:\/\/denizcankizil.tr\/en\/haberler\/gundem\/antalyasporda-bayram-coskusu\/#breadcrumb","itemListElement":[{"@type":"ListItem","position":1,"name":"Home","item":"https:\/\/denizcankizil.tr\/de\/"},{"@type":"ListItem","position":2,"name":"Antalyaspor\u2019da bayram co\u015fkusu"}]},{"@type":"WebSite","@id":"https:\/\/denizcankizil.tr\/de\/#website","url":"https:\/\/denizcankizil.tr\/de\/","name":"Av. Deniz Can K\u0131z\u0131l","description":"Avukat Deniz Can K\u0131z\u0131l Antalya Barosu","publisher":{"@id":"https:\/\/denizcankizil.tr\/de\/#organization"},"potentialAction":[{"@type":"SearchAction","target":{"@type":"EntryPoint","urlTemplate":"https:\/\/denizcankizil.tr\/de\/?s={search_term_string}"},"query-input":{"@type":"PropertyValueSpecification","valueRequired":true,"valueName":"search_term_string"}}],"inLanguage":"en-GB"},{"@type":"Organization","@id":"https:\/\/denizcankizil.tr\/de\/#organization","name":"Av. Deniz Can K\u0131z\u0131l","url":"https:\/\/denizcankizil.tr\/de\/","logo":{"@type":"ImageObject","inLanguage":"en-GB","@id":"https:\/\/denizcankizil.tr\/de\/#\/schema\/logo\/image\/","url":"https:\/\/denizcankizil.tr\/wp-content\/uploads\/2024\/10\/siyah-logo-svg.svg","contentUrl":"https:\/\/denizcankizil.tr\/wp-content\/uploads\/2024\/10\/siyah-logo-svg.svg","width":1080,"height":1080,"caption":"Av. Deniz Can K\u0131z\u0131l"},"image":{"@id":"https:\/\/denizcankizil.tr\/de\/#\/schema\/logo\/image\/"}},{"@type":"Person","@id":"https:\/\/denizcankizil.tr\/de\/#\/schema\/person\/e1eb71bb4dd684d46563f0af307e1234","name":"Antalya K\u00f6rfez","image":{"@type":"ImageObject","inLanguage":"en-GB","@id":"https:\/\/denizcankizil.tr\/de\/#\/schema\/person\/image\/","url":"https:\/\/secure.gravatar.com\/avatar\/42b01982558a48a0b501fdcab6a408d3717ea5919095ee2e67b0e521799c5905?s=96&d=mm&r=g","contentUrl":"https:\/\/secure.gravatar.com\/avatar\/42b01982558a48a0b501fdcab6a408d3717ea5919095ee2e67b0e521799c5905?s=96&d=mm&r=g","caption":"Antalya K\u00f6rfez"},"sameAs":["http:\/\/www.antalyakorfez.com"],"url":"https:\/\/www.antalyakorfez.com\/antalyasporda-bayram-coskusu"}]}},"_links":{"self":[{"href":"https:\/\/denizcankizil.tr\/en\/wp-json\/wp\/v2\/posts\/64965","targetHints":{"allow":["GET"]}}],"collection":[{"href":"https:\/\/denizcankizil.tr\/en\/wp-json\/wp\/v2\/posts"}],"about":[{"href":"https:\/\/denizcankizil.tr\/en\/wp-json\/wp\/v2\/types\/post"}],"author":[{"embeddable":true,"href":"https:\/\/denizcankizil.tr\/en\/wp-json\/wp\/v2\/users\/5"}],"replies":[{"embeddable":true,"href":"https:\/\/denizcankizil.tr\/en\/wp-json\/wp\/v2\/comments?post=64965"}],"version-history":[{"count":0,"href":"https:\/\/denizcankizil.tr\/en\/wp-json\/wp\/v2\/posts\/64965\/revisions"}],"wp:attachment":[{"href":"https:\/\/denizcankizil.tr\/en\/wp-json\/wp\/v2\/media?parent=64965"}],"wp:term":[{"taxonomy":"category","embeddable":true,"href":"https:\/\/denizcankizil.tr\/en\/wp-json\/wp\/v2\/categories?post=64965"},{"taxonomy":"post_tag","embeddable":true,"href":"https:\/\/denizcankizil.tr\/en\/wp-json\/wp\/v2\/tags?post=64965"}],"curies":[{"name":"wp","href":"https:\/\/api.w.org\/{rel}","templated":true}]}}