{"id":6466,"date":"2024-10-22T09:43:22","date_gmt":"2024-10-22T06:43:22","guid":{"rendered":"https:\/\/denizcankizil.tr\/uncategorized-tr\/manavgat-alanya-ayrimi-akseki-yollarini-kullanacak-suruculere-uyari\/"},"modified":"2024-10-22T09:43:22","modified_gmt":"2024-10-22T06:43:22","slug":"manavgat-alanya-ayrimi-akseki-yollarini-kullanacak-suruculere-uyari","status":"publish","type":"post","link":"https:\/\/denizcankizil.tr\/en\/haberler\/gundem\/manavgat-alanya-ayrimi-akseki-yollarini-kullanacak-suruculere-uyari\/","title":{"rendered":"Manavgat-Alanya ayr\u0131m\u0131-Akseki yollar\u0131n\u0131 kullanacak s\u00fcr\u00fcc\u00fclere uyar\u0131"},"content":{"rendered":"<p>Kara yollar\u0131n\u0131n yap\u0131m, bak\u0131m ve onar\u0131m \u00e7al\u0131\u015fmalar\u0131 s\u00fcrd\u00fcr\u00fclen kesimlerinde yava\u015f gidilmesi, trafik i\u015faret ve i\u015faret\u00e7ilerine uyulmas\u0131 gerekiyor. Karayollar\u0131 Genel M\u00fcd\u00fcrl\u00fc\u011f\u00fcn\u00fcn yol durumu b\u00fcltenine g\u00f6re, Manavgat-Alanya ayr\u0131m\u0131-Akseki istikametine kullanacak s\u00fcr\u00fcc\u00fclerin dikkatine&#8230; \u00a0<\/p>\n<p>MANAVGAT-ALANYA AYRIMI AKSEK\u0130 \u0130ST\u0130KAMET\u0130NE D\u0130KKAT!<\/p>\n<p>Manavgat-Alanya ayr\u0131m\u0131-Akseki yolunun 11-12, Emirda\u011f-Bolvadin-\u00c7ay yolunun 16-22. ve 49-51. kilometrelerindeki \u00e7al\u0131\u015fmalar dolay\u0131s\u0131yla s\u00fcr\u00fcc\u00fclerin trafik i\u015faret ve i\u015faret\u00e7ilerine dikkat etmeleri gerekiyor.<\/p>\n<p>D\u0130D\u0130M AYRIMI M\u0130LAS YOLUNDA \u00c7ALI\u015eMA VAR\u00a0<\/p>\n<p>Didim ayr\u0131m\u0131-Milas yolunun 7-9. kilometrelerindeki \u00fcstyap\u0131 yenileme \u00e7al\u0131\u015fmalar\u0131 sebebiyle ula\u015f\u0131m b\u00f6l\u00fcnm\u00fc\u015f yolun bir b\u00f6l\u00fcm\u00fcnden iki y\u00f6nl\u00fc ger\u00e7ekle\u015ftiriliyor.<\/p>\n<p>\u0130ZM\u0130R K\u00d6RFEZ\u0130 GE\u00c7\u0130\u015e VE BA\u011eLANTI YOLLARINDA \u00c7ALI\u015eMA S\u00dcR\u00dcYOR\u00a0<\/p>\n<p>Gebze-Orhangazi-\u0130zmir (\u0130zmit K\u00f6rfez Ge\u00e7i\u015fi ve ba\u011flant\u0131 yollar\u0131 dahil) Otoyolu\u2019nun Gemlik Serbest B\u00f6lge-Gemlik kav\u015faklar\u0131 0-2. kilometrelerindeki bak\u0131m ve onar\u0131m \u00e7al\u0131\u015fmas\u0131 dolay\u0131s\u0131yla \u0130stanbul y\u00f6n\u00fcnde sa\u011f \u015ferit trafi\u011fe kapat\u0131larak, ula\u015f\u0131m di\u011fer \u015feritlerden devam ediyor.<\/p>\n<p>\u00a0<\/p>\n<p>\u200bManavgat-Alanya ayr\u0131m\u0131-Akseki y\u00f6n\u00fcnde seyredecek ara\u00e7 s\u00fcr\u00fcc\u00fclerini ilgilendiren uyar\u0131 Karayollar\u0131&#8217;ndan geldi. \u0130\u015fte \u00e7al\u0131\u015fmalar nedeniyle trafik yo\u011funlu\u011funun ya\u015fanaca\u011f\u0131 g\u00fczergahlar&#8230;\u00a0<\/p>\n<p>\u200bHaberin Al\u0131nt\u0131land\u0131\u011f\u0131 Kaynak: www.antalyakorfez.com<\/p>","protected":false},"excerpt":{"rendered":"<p>Kara yollar\u0131n\u0131n yap\u0131m, bak\u0131m ve onar\u0131m \u00e7al\u0131\u015fmalar\u0131 s\u00fcrd\u00fcr\u00fclen kesimlerinde yava\u015f gidilmesi, trafik i\u015faret ve i\u015faret\u00e7ilerine uyulmas\u0131 gerekiyor. Karayollar\u0131 Genel M\u00fcd\u00fcrl\u00fc\u011f\u00fcn\u00fcn yol durumu b\u00fcltenine g\u00f6re, Manavgat-Alanya ayr\u0131m\u0131-Akseki istikametine kullanacak s\u00fcr\u00fcc\u00fclerin dikkatine&#8230; \u00a0 MANAVGAT-ALANYA AYRIMI AKSEK\u0130 \u0130ST\u0130KAMET\u0130NE D\u0130KKAT! Manavgat-Alanya ayr\u0131m\u0131-Akseki yolunun 11-12, Emirda\u011f-Bolvadin-\u00c7ay yolunun 16-22. ve 49-51. kilometrelerindeki \u00e7al\u0131\u015fmalar dolay\u0131s\u0131yla s\u00fcr\u00fcc\u00fclerin trafik i\u015faret ve i\u015faret\u00e7ilerine dikkat etmeleri gerekiyor. D\u0130D\u0130M AYRIMI M\u0130LAS YOLUNDA \u00c7ALI\u015eMA VAR\u00a0 Didim ayr\u0131m\u0131-Milas yolunun 7-9. kilometrelerindeki \u00fcstyap\u0131 yenileme \u00e7al\u0131\u015fmalar\u0131 sebebiyle ula\u015f\u0131m b\u00f6l\u00fcnm\u00fc\u015f yolun bir b\u00f6l\u00fcm\u00fcnden iki y\u00f6nl\u00fc ger\u00e7ekle\u015ftiriliyor. \u0130ZM\u0130R K\u00d6RFEZ\u0130 GE\u00c7\u0130\u015e VE BA\u011eLANTI YOLLARINDA \u00c7ALI\u015eMA S\u00dcR\u00dcYOR\u00a0 Gebze-Orhangazi-\u0130zmir (\u0130zmit K\u00f6rfez Ge\u00e7i\u015fi ve ba\u011flant\u0131 yollar\u0131 dahil) Otoyolu\u2019nun Gemlik Serbest B\u00f6lge-Gemlik kav\u015faklar\u0131 0-2. kilometrelerindeki bak\u0131m ve onar\u0131m \u00e7al\u0131\u015fmas\u0131 dolay\u0131s\u0131yla \u0130stanbul y\u00f6n\u00fcnde sa\u011f \u015ferit trafi\u011fe kapat\u0131larak, ula\u015f\u0131m di\u011fer \u015feritlerden devam ediyor. \u00a0 \u200bManavgat-Alanya ayr\u0131m\u0131-Akseki y\u00f6n\u00fcnde seyredecek ara\u00e7 s\u00fcr\u00fcc\u00fclerini ilgilendiren uyar\u0131 Karayollar\u0131&#8217;ndan geldi. \u0130\u015fte \u00e7al\u0131\u015fmalar nedeniyle trafik yo\u011funlu\u011funun ya\u015fanaca\u011f\u0131 g\u00fczergahlar&#8230;\u00a0 \u200bHaberin Al\u0131nt\u0131land\u0131\u011f\u0131 Kaynak: www.antalyakorfez.com<\/p>","protected":false},"author":0,"featured_media":0,"comment_status":"open","ping_status":"open","sticky":false,"template":"","format":"standard","meta":{"_acf_changed":false,"footnotes":""},"categories":[24,535],"tags":[],"class_list":["post-6466","post","type-post","status-publish","format-standard","has-post-thumbnail","hentry","category-gundem","category-uncategorized-tr"],"acf":[],"yoast_head":"<!-- This site is optimized with the Yoast SEO Premium plugin v26.6 (Yoast SEO v27.1.1) - https:\/\/yoast.com\/product\/yoast-seo-premium-wordpress\/ -->\n<title>Manavgat-Alanya ayr\u0131m\u0131-Akseki yollar\u0131n\u0131 kullanacak s\u00fcr\u00fcc\u00fclere uyar\u0131 - Av. Deniz Can K\u0131z\u0131l<\/title>\n<meta name=\"robots\" content=\"index, follow, max-snippet:-1, max-image-preview:large, max-video-preview:-1\" \/>\n<link rel=\"canonical\" href=\"https:\/\/denizcankizil.tr\/en\/haberler\/gundem\/manavgat-alanya-ayrimi-akseki-yollarini-kullanacak-suruculere-uyari\/\" \/>\n<meta property=\"og:locale\" content=\"en_GB\" \/>\n<meta property=\"og:type\" content=\"article\" \/>\n<meta property=\"og:title\" content=\"Manavgat-Alanya ayr\u0131m\u0131-Akseki yollar\u0131n\u0131 kullanacak s\u00fcr\u00fcc\u00fclere uyar\u0131\" \/>\n<meta property=\"og:description\" content=\"Kara yollar\u0131n\u0131n yap\u0131m, bak\u0131m ve onar\u0131m \u00e7al\u0131\u015fmalar\u0131 s\u00fcrd\u00fcr\u00fclen kesimlerinde yava\u015f gidilmesi, trafik i\u015faret ve i\u015faret\u00e7ilerine uyulmas\u0131 gerekiyor. Karayollar\u0131 Genel M\u00fcd\u00fcrl\u00fc\u011f\u00fcn\u00fcn yol durumu b\u00fcltenine g\u00f6re, Manavgat-Alanya ayr\u0131m\u0131-Akseki istikametine kullanacak s\u00fcr\u00fcc\u00fclerin dikkatine&#8230; \u00a0 MANAVGAT-ALANYA AYRIMI AKSEK\u0130 \u0130ST\u0130KAMET\u0130NE D\u0130KKAT! Manavgat-Alanya ayr\u0131m\u0131-Akseki yolunun 11-12, Emirda\u011f-Bolvadin-\u00c7ay yolunun 16-22. ve 49-51. kilometrelerindeki \u00e7al\u0131\u015fmalar dolay\u0131s\u0131yla s\u00fcr\u00fcc\u00fclerin trafik i\u015faret ve i\u015faret\u00e7ilerine dikkat etmeleri gerekiyor. D\u0130D\u0130M AYRIMI M\u0130LAS YOLUNDA \u00c7ALI\u015eMA VAR\u00a0 Didim ayr\u0131m\u0131-Milas yolunun 7-9. kilometrelerindeki \u00fcstyap\u0131 yenileme \u00e7al\u0131\u015fmalar\u0131 sebebiyle ula\u015f\u0131m b\u00f6l\u00fcnm\u00fc\u015f yolun bir b\u00f6l\u00fcm\u00fcnden iki y\u00f6nl\u00fc ger\u00e7ekle\u015ftiriliyor. \u0130ZM\u0130R K\u00d6RFEZ\u0130 GE\u00c7\u0130\u015e VE BA\u011eLANTI YOLLARINDA \u00c7ALI\u015eMA S\u00dcR\u00dcYOR\u00a0 Gebze-Orhangazi-\u0130zmir (\u0130zmit K\u00f6rfez Ge\u00e7i\u015fi ve ba\u011flant\u0131 yollar\u0131 dahil) Otoyolu\u2019nun Gemlik Serbest B\u00f6lge-Gemlik kav\u015faklar\u0131 0-2. kilometrelerindeki bak\u0131m ve onar\u0131m \u00e7al\u0131\u015fmas\u0131 dolay\u0131s\u0131yla \u0130stanbul y\u00f6n\u00fcnde sa\u011f \u015ferit trafi\u011fe kapat\u0131larak, ula\u015f\u0131m di\u011fer \u015feritlerden devam ediyor. \u00a0 \u200bManavgat-Alanya ayr\u0131m\u0131-Akseki y\u00f6n\u00fcnde seyredecek ara\u00e7 s\u00fcr\u00fcc\u00fclerini ilgilendiren uyar\u0131 Karayollar\u0131&#8217;ndan geldi. \u0130\u015fte \u00e7al\u0131\u015fmalar nedeniyle trafik yo\u011funlu\u011funun ya\u015fanaca\u011f\u0131 g\u00fczergahlar&#8230;\u00a0 \u200bHaberin Al\u0131nt\u0131land\u0131\u011f\u0131 Kaynak: www.antalyakorfez.com\" \/>\n<meta property=\"og:url\" content=\"https:\/\/denizcankizil.tr\/en\/haberler\/gundem\/manavgat-alanya-ayrimi-akseki-yollarini-kullanacak-suruculere-uyari\/\" \/>\n<meta property=\"og:site_name\" content=\"Av. Deniz Can K\u0131z\u0131l\" \/>\n<meta property=\"article:published_time\" content=\"2024-10-22T06:43:22+00:00\" \/>\n<meta name=\"twitter:card\" content=\"summary_large_image\" \/>\n<meta name=\"twitter:label1\" content=\"Estimated reading time\" \/>\n\t<meta name=\"twitter:data1\" content=\"1 minute\" \/>\n<script type=\"application\/ld+json\" class=\"yoast-schema-graph\">{\"@context\":\"https:\/\/schema.org\",\"@graph\":[{\"@type\":\"Article\",\"@id\":\"https:\/\/denizcankizil.tr\/ru\/haberler\/gundem\/manavgat-alanya-ayrimi-akseki-yollarini-kullanacak-suruculere-uyari\/#article\",\"isPartOf\":{\"@id\":\"https:\/\/denizcankizil.tr\/ru\/haberler\/gundem\/manavgat-alanya-ayrimi-akseki-yollarini-kullanacak-suruculere-uyari\/\"},\"author\":{\"name\":\"\",\"@id\":\"\"},\"headline\":\"Manavgat-Alanya ayr\u0131m\u0131-Akseki yollar\u0131n\u0131 kullanacak s\u00fcr\u00fcc\u00fclere uyar\u0131\",\"datePublished\":\"2024-10-22T06:43:22+00:00\",\"mainEntityOfPage\":{\"@id\":\"https:\/\/denizcankizil.tr\/ru\/haberler\/gundem\/manavgat-alanya-ayrimi-akseki-yollarini-kullanacak-suruculere-uyari\/\"},\"wordCount\":247,\"commentCount\":0,\"publisher\":{\"@id\":\"https:\/\/denizcankizil.tr\/de\/#organization\"},\"articleSection\":[\"G\u00fcndem\",\"Uncategorized\"],\"inLanguage\":\"en-GB\",\"potentialAction\":[{\"@type\":\"CommentAction\",\"name\":\"Comment\",\"target\":[\"https:\/\/denizcankizil.tr\/ru\/haberler\/gundem\/manavgat-alanya-ayrimi-akseki-yollarini-kullanacak-suruculere-uyari\/#respond\"]}]},{\"@type\":\"WebPage\",\"@id\":\"https:\/\/denizcankizil.tr\/ru\/haberler\/gundem\/manavgat-alanya-ayrimi-akseki-yollarini-kullanacak-suruculere-uyari\/\",\"url\":\"https:\/\/denizcankizil.tr\/ru\/haberler\/gundem\/manavgat-alanya-ayrimi-akseki-yollarini-kullanacak-suruculere-uyari\/\",\"name\":\"Manavgat-Alanya ayr\u0131m\u0131-Akseki yollar\u0131n\u0131 kullanacak s\u00fcr\u00fcc\u00fclere uyar\u0131 - Av. Deniz Can K\u0131z\u0131l\",\"isPartOf\":{\"@id\":\"https:\/\/denizcankizil.tr\/de\/#website\"},\"datePublished\":\"2024-10-22T06:43:22+00:00\",\"breadcrumb\":{\"@id\":\"https:\/\/denizcankizil.tr\/ru\/haberler\/gundem\/manavgat-alanya-ayrimi-akseki-yollarini-kullanacak-suruculere-uyari\/#breadcrumb\"},\"inLanguage\":\"en-GB\",\"potentialAction\":[{\"@type\":\"ReadAction\",\"target\":[\"https:\/\/denizcankizil.tr\/ru\/haberler\/gundem\/manavgat-alanya-ayrimi-akseki-yollarini-kullanacak-suruculere-uyari\/\"]}]},{\"@type\":\"BreadcrumbList\",\"@id\":\"https:\/\/denizcankizil.tr\/ru\/haberler\/gundem\/manavgat-alanya-ayrimi-akseki-yollarini-kullanacak-suruculere-uyari\/#breadcrumb\",\"itemListElement\":[{\"@type\":\"ListItem\",\"position\":1,\"name\":\"Home\",\"item\":\"https:\/\/denizcankizil.tr\/de\/\"},{\"@type\":\"ListItem\",\"position\":2,\"name\":\"Manavgat-Alanya ayr\u0131m\u0131-Akseki yollar\u0131n\u0131 kullanacak s\u00fcr\u00fcc\u00fclere uyar\u0131\"}]},{\"@type\":\"WebSite\",\"@id\":\"https:\/\/denizcankizil.tr\/de\/#website\",\"url\":\"https:\/\/denizcankizil.tr\/de\/\",\"name\":\"Av. Deniz Can K\u0131z\u0131l\",\"description\":\"Avukat Deniz Can K\u0131z\u0131l Antalya Barosu\",\"publisher\":{\"@id\":\"https:\/\/denizcankizil.tr\/de\/#organization\"},\"potentialAction\":[{\"@type\":\"SearchAction\",\"target\":{\"@type\":\"EntryPoint\",\"urlTemplate\":\"https:\/\/denizcankizil.tr\/de\/?s={search_term_string}\"},\"query-input\":{\"@type\":\"PropertyValueSpecification\",\"valueRequired\":true,\"valueName\":\"search_term_string\"}}],\"inLanguage\":\"en-GB\"},{\"@type\":\"Organization\",\"@id\":\"https:\/\/denizcankizil.tr\/de\/#organization\",\"name\":\"Av. Deniz Can K\u0131z\u0131l\",\"url\":\"https:\/\/denizcankizil.tr\/de\/\",\"logo\":{\"@type\":\"ImageObject\",\"inLanguage\":\"en-GB\",\"@id\":\"https:\/\/denizcankizil.tr\/de\/#\/schema\/logo\/image\/\",\"url\":\"https:\/\/denizcankizil.tr\/wp-content\/uploads\/2024\/10\/siyah-logo-svg.svg\",\"contentUrl\":\"https:\/\/denizcankizil.tr\/wp-content\/uploads\/2024\/10\/siyah-logo-svg.svg\",\"width\":1080,\"height\":1080,\"caption\":\"Av. Deniz Can K\u0131z\u0131l\"},\"image\":{\"@id\":\"https:\/\/denizcankizil.tr\/de\/#\/schema\/logo\/image\/\"}}]}<\/script>\n<!-- \/ Yoast SEO Premium plugin. -->","yoast_head_json":{"title":"Manavgat-Alanya ayr\u0131m\u0131-Akseki yollar\u0131n\u0131 kullanacak s\u00fcr\u00fcc\u00fclere uyar\u0131 - Av. Deniz Can K\u0131z\u0131l","robots":{"index":"index","follow":"follow","max-snippet":"max-snippet:-1","max-image-preview":"max-image-preview:large","max-video-preview":"max-video-preview:-1"},"canonical":"https:\/\/denizcankizil.tr\/en\/haberler\/gundem\/manavgat-alanya-ayrimi-akseki-yollarini-kullanacak-suruculere-uyari\/","og_locale":"en_GB","og_type":"article","og_title":"Manavgat-Alanya ayr\u0131m\u0131-Akseki yollar\u0131n\u0131 kullanacak s\u00fcr\u00fcc\u00fclere uyar\u0131","og_description":"Kara yollar\u0131n\u0131n yap\u0131m, bak\u0131m ve onar\u0131m \u00e7al\u0131\u015fmalar\u0131 s\u00fcrd\u00fcr\u00fclen kesimlerinde yava\u015f gidilmesi, trafik i\u015faret ve i\u015faret\u00e7ilerine uyulmas\u0131 gerekiyor. Karayollar\u0131 Genel M\u00fcd\u00fcrl\u00fc\u011f\u00fcn\u00fcn yol durumu b\u00fcltenine g\u00f6re, Manavgat-Alanya ayr\u0131m\u0131-Akseki istikametine kullanacak s\u00fcr\u00fcc\u00fclerin dikkatine&#8230; \u00a0 MANAVGAT-ALANYA AYRIMI AKSEK\u0130 \u0130ST\u0130KAMET\u0130NE D\u0130KKAT! Manavgat-Alanya ayr\u0131m\u0131-Akseki yolunun 11-12, Emirda\u011f-Bolvadin-\u00c7ay yolunun 16-22. ve 49-51. kilometrelerindeki \u00e7al\u0131\u015fmalar dolay\u0131s\u0131yla s\u00fcr\u00fcc\u00fclerin trafik i\u015faret ve i\u015faret\u00e7ilerine dikkat etmeleri gerekiyor. D\u0130D\u0130M AYRIMI M\u0130LAS YOLUNDA \u00c7ALI\u015eMA VAR\u00a0 Didim ayr\u0131m\u0131-Milas yolunun 7-9. kilometrelerindeki \u00fcstyap\u0131 yenileme \u00e7al\u0131\u015fmalar\u0131 sebebiyle ula\u015f\u0131m b\u00f6l\u00fcnm\u00fc\u015f yolun bir b\u00f6l\u00fcm\u00fcnden iki y\u00f6nl\u00fc ger\u00e7ekle\u015ftiriliyor. \u0130ZM\u0130R K\u00d6RFEZ\u0130 GE\u00c7\u0130\u015e VE BA\u011eLANTI YOLLARINDA \u00c7ALI\u015eMA S\u00dcR\u00dcYOR\u00a0 Gebze-Orhangazi-\u0130zmir (\u0130zmit K\u00f6rfez Ge\u00e7i\u015fi ve ba\u011flant\u0131 yollar\u0131 dahil) Otoyolu\u2019nun Gemlik Serbest B\u00f6lge-Gemlik kav\u015faklar\u0131 0-2. kilometrelerindeki bak\u0131m ve onar\u0131m \u00e7al\u0131\u015fmas\u0131 dolay\u0131s\u0131yla \u0130stanbul y\u00f6n\u00fcnde sa\u011f \u015ferit trafi\u011fe kapat\u0131larak, ula\u015f\u0131m di\u011fer \u015feritlerden devam ediyor. \u00a0 \u200bManavgat-Alanya ayr\u0131m\u0131-Akseki y\u00f6n\u00fcnde seyredecek ara\u00e7 s\u00fcr\u00fcc\u00fclerini ilgilendiren uyar\u0131 Karayollar\u0131&#8217;ndan geldi. \u0130\u015fte \u00e7al\u0131\u015fmalar nedeniyle trafik yo\u011funlu\u011funun ya\u015fanaca\u011f\u0131 g\u00fczergahlar&#8230;\u00a0 \u200bHaberin Al\u0131nt\u0131land\u0131\u011f\u0131 Kaynak: www.antalyakorfez.com","og_url":"https:\/\/denizcankizil.tr\/en\/haberler\/gundem\/manavgat-alanya-ayrimi-akseki-yollarini-kullanacak-suruculere-uyari\/","og_site_name":"Av. Deniz Can K\u0131z\u0131l","article_published_time":"2024-10-22T06:43:22+00:00","twitter_card":"summary_large_image","twitter_misc":{"Estimated reading time":"1 minute"},"schema":{"@context":"https:\/\/schema.org","@graph":[{"@type":"Article","@id":"https:\/\/denizcankizil.tr\/ru\/haberler\/gundem\/manavgat-alanya-ayrimi-akseki-yollarini-kullanacak-suruculere-uyari\/#article","isPartOf":{"@id":"https:\/\/denizcankizil.tr\/ru\/haberler\/gundem\/manavgat-alanya-ayrimi-akseki-yollarini-kullanacak-suruculere-uyari\/"},"author":{"name":"","@id":""},"headline":"Manavgat-Alanya ayr\u0131m\u0131-Akseki yollar\u0131n\u0131 kullanacak s\u00fcr\u00fcc\u00fclere uyar\u0131","datePublished":"2024-10-22T06:43:22+00:00","mainEntityOfPage":{"@id":"https:\/\/denizcankizil.tr\/ru\/haberler\/gundem\/manavgat-alanya-ayrimi-akseki-yollarini-kullanacak-suruculere-uyari\/"},"wordCount":247,"commentCount":0,"publisher":{"@id":"https:\/\/denizcankizil.tr\/de\/#organization"},"articleSection":["G\u00fcndem","Uncategorized"],"inLanguage":"en-GB","potentialAction":[{"@type":"CommentAction","name":"Comment","target":["https:\/\/denizcankizil.tr\/ru\/haberler\/gundem\/manavgat-alanya-ayrimi-akseki-yollarini-kullanacak-suruculere-uyari\/#respond"]}]},{"@type":"WebPage","@id":"https:\/\/denizcankizil.tr\/ru\/haberler\/gundem\/manavgat-alanya-ayrimi-akseki-yollarini-kullanacak-suruculere-uyari\/","url":"https:\/\/denizcankizil.tr\/ru\/haberler\/gundem\/manavgat-alanya-ayrimi-akseki-yollarini-kullanacak-suruculere-uyari\/","name":"Manavgat-Alanya ayr\u0131m\u0131-Akseki yollar\u0131n\u0131 kullanacak s\u00fcr\u00fcc\u00fclere uyar\u0131 - Av. Deniz Can K\u0131z\u0131l","isPartOf":{"@id":"https:\/\/denizcankizil.tr\/de\/#website"},"datePublished":"2024-10-22T06:43:22+00:00","breadcrumb":{"@id":"https:\/\/denizcankizil.tr\/ru\/haberler\/gundem\/manavgat-alanya-ayrimi-akseki-yollarini-kullanacak-suruculere-uyari\/#breadcrumb"},"inLanguage":"en-GB","potentialAction":[{"@type":"ReadAction","target":["https:\/\/denizcankizil.tr\/ru\/haberler\/gundem\/manavgat-alanya-ayrimi-akseki-yollarini-kullanacak-suruculere-uyari\/"]}]},{"@type":"BreadcrumbList","@id":"https:\/\/denizcankizil.tr\/ru\/haberler\/gundem\/manavgat-alanya-ayrimi-akseki-yollarini-kullanacak-suruculere-uyari\/#breadcrumb","itemListElement":[{"@type":"ListItem","position":1,"name":"Home","item":"https:\/\/denizcankizil.tr\/de\/"},{"@type":"ListItem","position":2,"name":"Manavgat-Alanya ayr\u0131m\u0131-Akseki yollar\u0131n\u0131 kullanacak s\u00fcr\u00fcc\u00fclere uyar\u0131"}]},{"@type":"WebSite","@id":"https:\/\/denizcankizil.tr\/de\/#website","url":"https:\/\/denizcankizil.tr\/de\/","name":"Av. Deniz Can K\u0131z\u0131l","description":"Avukat Deniz Can K\u0131z\u0131l Antalya Barosu","publisher":{"@id":"https:\/\/denizcankizil.tr\/de\/#organization"},"potentialAction":[{"@type":"SearchAction","target":{"@type":"EntryPoint","urlTemplate":"https:\/\/denizcankizil.tr\/de\/?s={search_term_string}"},"query-input":{"@type":"PropertyValueSpecification","valueRequired":true,"valueName":"search_term_string"}}],"inLanguage":"en-GB"},{"@type":"Organization","@id":"https:\/\/denizcankizil.tr\/de\/#organization","name":"Av. Deniz Can K\u0131z\u0131l","url":"https:\/\/denizcankizil.tr\/de\/","logo":{"@type":"ImageObject","inLanguage":"en-GB","@id":"https:\/\/denizcankizil.tr\/de\/#\/schema\/logo\/image\/","url":"https:\/\/denizcankizil.tr\/wp-content\/uploads\/2024\/10\/siyah-logo-svg.svg","contentUrl":"https:\/\/denizcankizil.tr\/wp-content\/uploads\/2024\/10\/siyah-logo-svg.svg","width":1080,"height":1080,"caption":"Av. Deniz Can K\u0131z\u0131l"},"image":{"@id":"https:\/\/denizcankizil.tr\/de\/#\/schema\/logo\/image\/"}}]}},"_links":{"self":[{"href":"https:\/\/denizcankizil.tr\/en\/wp-json\/wp\/v2\/posts\/6466","targetHints":{"allow":["GET"]}}],"collection":[{"href":"https:\/\/denizcankizil.tr\/en\/wp-json\/wp\/v2\/posts"}],"about":[{"href":"https:\/\/denizcankizil.tr\/en\/wp-json\/wp\/v2\/types\/post"}],"replies":[{"embeddable":true,"href":"https:\/\/denizcankizil.tr\/en\/wp-json\/wp\/v2\/comments?post=6466"}],"version-history":[{"count":0,"href":"https:\/\/denizcankizil.tr\/en\/wp-json\/wp\/v2\/posts\/6466\/revisions"}],"wp:attachment":[{"href":"https:\/\/denizcankizil.tr\/en\/wp-json\/wp\/v2\/media?parent=6466"}],"wp:term":[{"taxonomy":"category","embeddable":true,"href":"https:\/\/denizcankizil.tr\/en\/wp-json\/wp\/v2\/categories?post=6466"},{"taxonomy":"post_tag","embeddable":true,"href":"https:\/\/denizcankizil.tr\/en\/wp-json\/wp\/v2\/tags?post=6466"}],"curies":[{"name":"wp","href":"https:\/\/api.w.org\/{rel}","templated":true}]}}