{"id":64078,"date":"2025-04-23T17:41:39","date_gmt":"2025-04-23T14:41:39","guid":{"rendered":"https:\/\/denizcankizil.tr\/uncategorized-tr\/megakent-istanbulda-vatandas-diken-ustunde\/"},"modified":"2025-04-23T17:41:39","modified_gmt":"2025-04-23T14:41:39","slug":"megakent-istanbulda-vatandas-diken-ustunde","status":"publish","type":"post","link":"https:\/\/denizcankizil.tr\/en\/haberler\/gundem\/megakent-istanbulda-vatandas-diken-ustunde\/","title":{"rendered":"Megakent \u0130stanbul&#8217;da vatanda\u015f diken \u00fcst\u00fcnde"},"content":{"rendered":"<p>Depremin ard\u0131ndan Beyo\u011flu\u2019nda vatanda\u015flar evlerinden \u00e7\u0131karak Piyalepa\u015fa Bulvar\u0131\u2019ndaki ye\u015fil alanlara y\u00f6neldi. Baz\u0131lar\u0131 \u00e7ad\u0131r kurarken, baz\u0131lar\u0131 geceyi d\u0131\u015far\u0131da ge\u00e7irmeye haz\u0131rland\u0131klar\u0131n\u0131 s\u00f6yledi.<\/p>\n<p>\u0130STANBUL&#8217;DA DEPREM PAN\u0130\u011e\u0130 <\/p>\n<p>\u0130stanbul\u2019da meydana gelen 6.2 b\u00fcy\u00fckl\u00fc\u011f\u00fcndeki deprem Beyo\u011flu\u2019nda pani\u011fe neden oldu. Sars\u0131nt\u0131n\u0131n ard\u0131ndan evlerinden \u00e7\u0131kan vatanda\u015flar, Piyalepa\u015fa Bulvar\u0131 \u00fczerindeki ye\u015fil alanlara ak\u0131n etti. Baz\u0131lar\u0131 burada sohbet edip piknik yaparken, baz\u0131lar\u0131 ise \u00e7ad\u0131r kurarak geceyi d\u0131\u015far\u0131da ge\u00e7irmeye haz\u0131rland\u0131klar\u0131n\u0131 s\u00f6yledi. Deprem an\u0131nda b\u00fcy\u00fck korku ya\u015fad\u0131klar\u0131n\u0131 ifade eden vatanda\u015flar, art\u00e7\u0131 sars\u0131nt\u0131 ihtimaline kar\u015f\u0131 evlerine d\u00f6nmekten \u00e7ekindiklerini belirtti.<\/p>\n<p>&#8220;GECEY\u0130 NEREDE GE\u00c7\u0130RECE\u011e\u0130M\u0130Z\u0130 B\u0130LM\u0130YORUM&#8221;<\/p>\n<p>Deprem an\u0131nda evde oldu\u011funu s\u00f6yleyen Erdal \u00c7\u0131nar, &#8220;Deprem an\u0131nda evde oturuyorduk. Kahvalt\u0131dan sonra sallant\u0131y\u0131 hissedince evlere g\u00fcvenemedi\u011fimiz i\u00e7in d\u0131\u015far\u0131 \u00e7\u0131kt\u0131k. Geceyi nerede ge\u00e7irece\u011fimizi bilmiyorum. \u00c7ocuklar\u0131n durumuna ba\u011fl\u0131 olarak geceyi ya arabada ya evde ya da burada ge\u00e7irece\u011fiz. Benim i\u00e7in bir \u015fey fark etmiyor. Ben 70 ya\u015f\u0131nda biriyim. B\u00fct\u00fcn korkumuz \u00e7ocuklar\u0131m\u0131z&#8221; dedi. Televizyon \u00fcnitesinin sars\u0131nt\u0131s\u0131ndan deprem oldu\u011funu anlad\u0131\u011f\u0131n\u0131 s\u00f6yleyen Ayten Y\u0131ld\u0131r\u0131m, &#8220;Evde b\u00fcy\u00fck k\u0131z\u0131m televizyon \u00fcnitesinin oradayken salland\u0131\u011f\u0131m\u0131z\u0131 hissettim ve deprem oldu\u011funu anlad\u0131m. Geceyi evde ge\u00e7irmeyi d\u00fc\u015f\u00fcn\u00fcyorum. \u00c7\u00fcnk\u00fc k\u00fc\u00e7\u00fck \u00e7ocu\u011fum var&#8221; ifadelerini kulland\u0131.<\/p>\n<p>&#8220;G\u00dcVENDE H\u0130SSEDENE KADAR BURADAYIZ&#8221;<\/p>\n<p>\u0130nan\u0131lmaz bir \u015fekilde salland\u0131klar\u0131n\u0131 s\u00f6yleyen G\u00fcl\u015fah Karsl\u0131, &#8220;Ayn\u0131 17 A\u011fustos depremi gibiydi. \u00c7ok korkun\u00e7tu. Allah bir daha ya\u015fatmas\u0131n in\u015fallah. Deprem esnas\u0131nda k\u0131z\u0131ma havuza g\u00f6t\u00fcrm\u00fc\u015ft\u00fcm. O esnada havuzdaki sular depremden dolay\u0131 \u00e7ok git gel yap\u0131yordu. Oradan \u00e7\u0131kt\u0131k eve girmeden buraya geldik. Kendimizi g\u00fcvende hissedene kadar buraday\u0131z&#8221; diye konu\u015ftu. Deprem an\u0131nda evde oldu\u011funu s\u00f6yleyen Elif G\u00fcltekin, &#8220;Deprem an\u0131nda k\u0131z\u0131m ile evdeydim. \u00c7ok salland\u0131k, k\u0131z\u0131m ve ben korktuk. O y\u00fczden buraya parka indik. \u015eu anl\u0131k geceyi burada ge\u00e7irmeyi d\u00fc\u015f\u00fcn\u00fcyoruz&#8221; dedi.<\/p>\n<p>Eflatun \u00d6z\u00e7elik ise, &#8220;Deprem an\u0131nda tela\u015fla evden kendimizi ve \u00e7ocuklar\u0131m\u0131z\u0131n ihtiya\u00e7lar\u0131 olabilecek malzemeleri ve \u00e7ad\u0131r\u0131 al\u0131p buraya geldik. Geceyi bu \u00e7ad\u0131rda ge\u00e7irmeyi d\u00fc\u015f\u00fcn\u00fcyoruz. AFAD&#8217;\u0131n a\u00e7\u0131klamalar\u0131na g\u00f6re hareket edece\u011fiz&#8221; ifadelerini kulland\u0131.<\/p>\n<p>\u200bMegakent \u0130stanbul&#8217;da \u00f6\u011flen saatleri aras\u0131nda 6.2 b\u00fcy\u00fckl\u00fc\u011f\u00fcnde deprem meydana geldi. Panik halinde soka\u011fa \u00e7\u0131kan vatanda\u015flar solu\u011fu park ve bah\u00e7elerde ald\u0131. \u0130stanbullular diken \u00fcst\u00fcnde geceyi d\u0131\u015far\u0131da ge\u00e7irmeyi d\u00fc\u015f\u00fcn\u00fcyor.\u00a0<\/p>\n<p>\u200bHaberin Al\u0131nt\u0131land\u0131\u011f\u0131 Kaynak: www.antalyakorfez.com<\/p>","protected":false},"excerpt":{"rendered":"<p>Depremin ard\u0131ndan Beyo\u011flu\u2019nda vatanda\u015flar evlerinden \u00e7\u0131karak Piyalepa\u015fa Bulvar\u0131\u2019ndaki ye\u015fil alanlara y\u00f6neldi. Baz\u0131lar\u0131 \u00e7ad\u0131r kurarken, baz\u0131lar\u0131 geceyi d\u0131\u015far\u0131da ge\u00e7irmeye haz\u0131rland\u0131klar\u0131n\u0131 s\u00f6yledi. \u0130STANBUL&#8217;DA DEPREM PAN\u0130\u011e\u0130 \u0130stanbul\u2019da meydana gelen 6.2 b\u00fcy\u00fckl\u00fc\u011f\u00fcndeki deprem Beyo\u011flu\u2019nda pani\u011fe neden oldu. Sars\u0131nt\u0131n\u0131n ard\u0131ndan evlerinden \u00e7\u0131kan vatanda\u015flar, Piyalepa\u015fa Bulvar\u0131 \u00fczerindeki ye\u015fil alanlara ak\u0131n etti. Baz\u0131lar\u0131 burada sohbet edip piknik yaparken, baz\u0131lar\u0131 ise \u00e7ad\u0131r kurarak geceyi d\u0131\u015far\u0131da ge\u00e7irmeye haz\u0131rland\u0131klar\u0131n\u0131 s\u00f6yledi. Deprem an\u0131nda b\u00fcy\u00fck korku ya\u015fad\u0131klar\u0131n\u0131 ifade eden vatanda\u015flar, art\u00e7\u0131 sars\u0131nt\u0131 ihtimaline kar\u015f\u0131 evlerine d\u00f6nmekten \u00e7ekindiklerini belirtti. &#8220;GECEY\u0130 NEREDE GE\u00c7\u0130RECE\u011e\u0130M\u0130Z\u0130 B\u0130LM\u0130YORUM&#8221; Deprem an\u0131nda evde oldu\u011funu s\u00f6yleyen Erdal \u00c7\u0131nar, &#8220;Deprem an\u0131nda evde oturuyorduk. Kahvalt\u0131dan sonra sallant\u0131y\u0131 hissedince evlere g\u00fcvenemedi\u011fimiz i\u00e7in d\u0131\u015far\u0131 \u00e7\u0131kt\u0131k. Geceyi nerede ge\u00e7irece\u011fimizi bilmiyorum. \u00c7ocuklar\u0131n durumuna ba\u011fl\u0131 olarak geceyi ya arabada ya evde ya da burada ge\u00e7irece\u011fiz. Benim i\u00e7in bir \u015fey fark etmiyor. Ben 70 ya\u015f\u0131nda biriyim. B\u00fct\u00fcn korkumuz \u00e7ocuklar\u0131m\u0131z&#8221; dedi. Televizyon \u00fcnitesinin sars\u0131nt\u0131s\u0131ndan deprem oldu\u011funu anlad\u0131\u011f\u0131n\u0131 s\u00f6yleyen Ayten Y\u0131ld\u0131r\u0131m, &#8220;Evde b\u00fcy\u00fck k\u0131z\u0131m televizyon \u00fcnitesinin oradayken salland\u0131\u011f\u0131m\u0131z\u0131 hissettim ve deprem oldu\u011funu anlad\u0131m. Geceyi evde ge\u00e7irmeyi d\u00fc\u015f\u00fcn\u00fcyorum. \u00c7\u00fcnk\u00fc k\u00fc\u00e7\u00fck \u00e7ocu\u011fum var&#8221; ifadelerini kulland\u0131. &#8220;G\u00dcVENDE H\u0130SSEDENE KADAR BURADAYIZ&#8221; \u0130nan\u0131lmaz bir \u015fekilde salland\u0131klar\u0131n\u0131 s\u00f6yleyen G\u00fcl\u015fah Karsl\u0131, &#8220;Ayn\u0131 17 A\u011fustos depremi gibiydi. \u00c7ok korkun\u00e7tu. Allah bir daha ya\u015fatmas\u0131n in\u015fallah. Deprem esnas\u0131nda k\u0131z\u0131ma havuza g\u00f6t\u00fcrm\u00fc\u015ft\u00fcm. O esnada havuzdaki sular depremden dolay\u0131 \u00e7ok git gel yap\u0131yordu. &hellip;<\/p>","protected":false},"author":5,"featured_media":0,"comment_status":"","ping_status":"open","sticky":false,"template":"","format":"standard","meta":{"_acf_changed":false,"footnotes":""},"categories":[24],"tags":[],"class_list":["post-64078","post","type-post","status-publish","format-standard","has-post-thumbnail","hentry","category-gundem"],"acf":[],"yoast_head":"<!-- This site is optimized with the Yoast SEO Premium plugin v26.6 (Yoast SEO v27.1.1) - https:\/\/yoast.com\/product\/yoast-seo-premium-wordpress\/ -->\n<title>Megakent \u0130stanbul&#039;da vatanda\u015f diken \u00fcst\u00fcnde - Av. Deniz Can K\u0131z\u0131l<\/title>\n<meta name=\"robots\" content=\"index, follow, max-snippet:-1, max-image-preview:large, max-video-preview:-1\" \/>\n<link rel=\"canonical\" href=\"http:\/\/denizcankizil.tr\/en\/haberler\/gundem\/megakent-istanbulda-vatandas-diken-ustunde\/\" \/>\n<meta property=\"og:locale\" content=\"en_GB\" \/>\n<meta property=\"og:type\" content=\"article\" \/>\n<meta property=\"og:title\" content=\"Megakent \u0130stanbul&#039;da vatanda\u015f diken \u00fcst\u00fcnde\" \/>\n<meta property=\"og:description\" content=\"Depremin ard\u0131ndan Beyo\u011flu\u2019nda vatanda\u015flar evlerinden \u00e7\u0131karak Piyalepa\u015fa Bulvar\u0131\u2019ndaki ye\u015fil alanlara y\u00f6neldi. Baz\u0131lar\u0131 \u00e7ad\u0131r kurarken, baz\u0131lar\u0131 geceyi d\u0131\u015far\u0131da ge\u00e7irmeye haz\u0131rland\u0131klar\u0131n\u0131 s\u00f6yledi. \u0130STANBUL&#8217;DA DEPREM PAN\u0130\u011e\u0130 \u0130stanbul\u2019da meydana gelen 6.2 b\u00fcy\u00fckl\u00fc\u011f\u00fcndeki deprem Beyo\u011flu\u2019nda pani\u011fe neden oldu. Sars\u0131nt\u0131n\u0131n ard\u0131ndan evlerinden \u00e7\u0131kan vatanda\u015flar, Piyalepa\u015fa Bulvar\u0131 \u00fczerindeki ye\u015fil alanlara ak\u0131n etti. Baz\u0131lar\u0131 burada sohbet edip piknik yaparken, baz\u0131lar\u0131 ise \u00e7ad\u0131r kurarak geceyi d\u0131\u015far\u0131da ge\u00e7irmeye haz\u0131rland\u0131klar\u0131n\u0131 s\u00f6yledi. Deprem an\u0131nda b\u00fcy\u00fck korku ya\u015fad\u0131klar\u0131n\u0131 ifade eden vatanda\u015flar, art\u00e7\u0131 sars\u0131nt\u0131 ihtimaline kar\u015f\u0131 evlerine d\u00f6nmekten \u00e7ekindiklerini belirtti. &#8220;GECEY\u0130 NEREDE GE\u00c7\u0130RECE\u011e\u0130M\u0130Z\u0130 B\u0130LM\u0130YORUM&#8221; Deprem an\u0131nda evde oldu\u011funu s\u00f6yleyen Erdal \u00c7\u0131nar, &#8220;Deprem an\u0131nda evde oturuyorduk. Kahvalt\u0131dan sonra sallant\u0131y\u0131 hissedince evlere g\u00fcvenemedi\u011fimiz i\u00e7in d\u0131\u015far\u0131 \u00e7\u0131kt\u0131k. Geceyi nerede ge\u00e7irece\u011fimizi bilmiyorum. \u00c7ocuklar\u0131n durumuna ba\u011fl\u0131 olarak geceyi ya arabada ya evde ya da burada ge\u00e7irece\u011fiz. Benim i\u00e7in bir \u015fey fark etmiyor. Ben 70 ya\u015f\u0131nda biriyim. B\u00fct\u00fcn korkumuz \u00e7ocuklar\u0131m\u0131z&#8221; dedi. Televizyon \u00fcnitesinin sars\u0131nt\u0131s\u0131ndan deprem oldu\u011funu anlad\u0131\u011f\u0131n\u0131 s\u00f6yleyen Ayten Y\u0131ld\u0131r\u0131m, &#8220;Evde b\u00fcy\u00fck k\u0131z\u0131m televizyon \u00fcnitesinin oradayken salland\u0131\u011f\u0131m\u0131z\u0131 hissettim ve deprem oldu\u011funu anlad\u0131m. Geceyi evde ge\u00e7irmeyi d\u00fc\u015f\u00fcn\u00fcyorum. \u00c7\u00fcnk\u00fc k\u00fc\u00e7\u00fck \u00e7ocu\u011fum var&#8221; ifadelerini kulland\u0131. &#8220;G\u00dcVENDE H\u0130SSEDENE KADAR BURADAYIZ&#8221; \u0130nan\u0131lmaz bir \u015fekilde salland\u0131klar\u0131n\u0131 s\u00f6yleyen G\u00fcl\u015fah Karsl\u0131, &#8220;Ayn\u0131 17 A\u011fustos depremi gibiydi. \u00c7ok korkun\u00e7tu. Allah bir daha ya\u015fatmas\u0131n in\u015fallah. Deprem esnas\u0131nda k\u0131z\u0131ma havuza g\u00f6t\u00fcrm\u00fc\u015ft\u00fcm. O esnada havuzdaki sular depremden dolay\u0131 \u00e7ok git gel yap\u0131yordu. &hellip;\" \/>\n<meta property=\"og:url\" content=\"http:\/\/denizcankizil.tr\/en\/haberler\/gundem\/megakent-istanbulda-vatandas-diken-ustunde\/\" \/>\n<meta property=\"og:site_name\" content=\"Av. Deniz Can K\u0131z\u0131l\" \/>\n<meta property=\"article:published_time\" content=\"2025-04-23T14:41:39+00:00\" \/>\n<meta name=\"author\" content=\"Antalya K\u00f6rfez\" \/>\n<meta name=\"twitter:card\" content=\"summary_large_image\" \/>\n<meta name=\"twitter:label1\" content=\"Written by\" \/>\n\t<meta name=\"twitter:data1\" content=\"Antalya K\u00f6rfez\" \/>\n\t<meta name=\"twitter:label2\" content=\"Estimated reading time\" \/>\n\t<meta name=\"twitter:data2\" content=\"2 minutes\" \/>\n<script type=\"application\/ld+json\" class=\"yoast-schema-graph\">{\"@context\":\"https:\/\/schema.org\",\"@graph\":[{\"@type\":\"Article\",\"@id\":\"http:\/\/denizcankizil.tr\/ru\/haberler\/gundem\/megakent-istanbulda-vatandas-diken-ustunde\/#article\",\"isPartOf\":{\"@id\":\"http:\/\/denizcankizil.tr\/ru\/haberler\/gundem\/megakent-istanbulda-vatandas-diken-ustunde\/\"},\"author\":{\"name\":\"Antalya K\u00f6rfez\",\"@id\":\"https:\/\/denizcankizil.tr\/de\/#\/schema\/person\/e1eb71bb4dd684d46563f0af307e1234\"},\"headline\":\"Megakent \u0130stanbul&#8217;da vatanda\u015f diken \u00fcst\u00fcnde\",\"datePublished\":\"2025-04-23T14:41:39+00:00\",\"mainEntityOfPage\":{\"@id\":\"http:\/\/denizcankizil.tr\/ru\/haberler\/gundem\/megakent-istanbulda-vatandas-diken-ustunde\/\"},\"wordCount\":487,\"publisher\":{\"@id\":\"https:\/\/denizcankizil.tr\/de\/#organization\"},\"articleSection\":[\"G\u00fcndem\"],\"inLanguage\":\"en-GB\"},{\"@type\":\"WebPage\",\"@id\":\"http:\/\/denizcankizil.tr\/ru\/haberler\/gundem\/megakent-istanbulda-vatandas-diken-ustunde\/\",\"url\":\"http:\/\/denizcankizil.tr\/ru\/haberler\/gundem\/megakent-istanbulda-vatandas-diken-ustunde\/\",\"name\":\"Megakent \u0130stanbul'da vatanda\u015f diken \u00fcst\u00fcnde - Av. Deniz Can K\u0131z\u0131l\",\"isPartOf\":{\"@id\":\"https:\/\/denizcankizil.tr\/de\/#website\"},\"datePublished\":\"2025-04-23T14:41:39+00:00\",\"breadcrumb\":{\"@id\":\"http:\/\/denizcankizil.tr\/ru\/haberler\/gundem\/megakent-istanbulda-vatandas-diken-ustunde\/#breadcrumb\"},\"inLanguage\":\"en-GB\",\"potentialAction\":[{\"@type\":\"ReadAction\",\"target\":[\"http:\/\/denizcankizil.tr\/ru\/haberler\/gundem\/megakent-istanbulda-vatandas-diken-ustunde\/\"]}]},{\"@type\":\"BreadcrumbList\",\"@id\":\"http:\/\/denizcankizil.tr\/ru\/haberler\/gundem\/megakent-istanbulda-vatandas-diken-ustunde\/#breadcrumb\",\"itemListElement\":[{\"@type\":\"ListItem\",\"position\":1,\"name\":\"Home\",\"item\":\"https:\/\/denizcankizil.tr\/de\/\"},{\"@type\":\"ListItem\",\"position\":2,\"name\":\"Megakent \u0130stanbul&#8217;da vatanda\u015f diken \u00fcst\u00fcnde\"}]},{\"@type\":\"WebSite\",\"@id\":\"https:\/\/denizcankizil.tr\/de\/#website\",\"url\":\"https:\/\/denizcankizil.tr\/de\/\",\"name\":\"Av. Deniz Can K\u0131z\u0131l\",\"description\":\"Avukat Deniz Can K\u0131z\u0131l Antalya Barosu\",\"publisher\":{\"@id\":\"https:\/\/denizcankizil.tr\/de\/#organization\"},\"potentialAction\":[{\"@type\":\"SearchAction\",\"target\":{\"@type\":\"EntryPoint\",\"urlTemplate\":\"https:\/\/denizcankizil.tr\/de\/?s={search_term_string}\"},\"query-input\":{\"@type\":\"PropertyValueSpecification\",\"valueRequired\":true,\"valueName\":\"search_term_string\"}}],\"inLanguage\":\"en-GB\"},{\"@type\":\"Organization\",\"@id\":\"https:\/\/denizcankizil.tr\/de\/#organization\",\"name\":\"Av. Deniz Can K\u0131z\u0131l\",\"url\":\"https:\/\/denizcankizil.tr\/de\/\",\"logo\":{\"@type\":\"ImageObject\",\"inLanguage\":\"en-GB\",\"@id\":\"https:\/\/denizcankizil.tr\/de\/#\/schema\/logo\/image\/\",\"url\":\"https:\/\/denizcankizil.tr\/wp-content\/uploads\/2024\/10\/siyah-logo-svg.svg\",\"contentUrl\":\"https:\/\/denizcankizil.tr\/wp-content\/uploads\/2024\/10\/siyah-logo-svg.svg\",\"width\":1080,\"height\":1080,\"caption\":\"Av. Deniz Can K\u0131z\u0131l\"},\"image\":{\"@id\":\"https:\/\/denizcankizil.tr\/de\/#\/schema\/logo\/image\/\"}},{\"@type\":\"Person\",\"@id\":\"https:\/\/denizcankizil.tr\/de\/#\/schema\/person\/e1eb71bb4dd684d46563f0af307e1234\",\"name\":\"Antalya K\u00f6rfez\",\"image\":{\"@type\":\"ImageObject\",\"inLanguage\":\"en-GB\",\"@id\":\"https:\/\/denizcankizil.tr\/de\/#\/schema\/person\/image\/\",\"url\":\"https:\/\/secure.gravatar.com\/avatar\/42b01982558a48a0b501fdcab6a408d3717ea5919095ee2e67b0e521799c5905?s=96&d=mm&r=g\",\"contentUrl\":\"https:\/\/secure.gravatar.com\/avatar\/42b01982558a48a0b501fdcab6a408d3717ea5919095ee2e67b0e521799c5905?s=96&d=mm&r=g\",\"caption\":\"Antalya K\u00f6rfez\"},\"sameAs\":[\"http:\/\/www.antalyakorfez.com\"],\"url\":\"https:\/\/www.antalyakorfez.com\/megakent-istanbulda-vatandas-diken-ustunde\"}]}<\/script>\n<!-- \/ Yoast SEO Premium plugin. -->","yoast_head_json":{"title":"Megakent \u0130stanbul'da vatanda\u015f diken \u00fcst\u00fcnde - Av. Deniz Can K\u0131z\u0131l","robots":{"index":"index","follow":"follow","max-snippet":"max-snippet:-1","max-image-preview":"max-image-preview:large","max-video-preview":"max-video-preview:-1"},"canonical":"http:\/\/denizcankizil.tr\/en\/haberler\/gundem\/megakent-istanbulda-vatandas-diken-ustunde\/","og_locale":"en_GB","og_type":"article","og_title":"Megakent \u0130stanbul'da vatanda\u015f diken \u00fcst\u00fcnde","og_description":"Depremin ard\u0131ndan Beyo\u011flu\u2019nda vatanda\u015flar evlerinden \u00e7\u0131karak Piyalepa\u015fa Bulvar\u0131\u2019ndaki ye\u015fil alanlara y\u00f6neldi. Baz\u0131lar\u0131 \u00e7ad\u0131r kurarken, baz\u0131lar\u0131 geceyi d\u0131\u015far\u0131da ge\u00e7irmeye haz\u0131rland\u0131klar\u0131n\u0131 s\u00f6yledi. \u0130STANBUL&#8217;DA DEPREM PAN\u0130\u011e\u0130 \u0130stanbul\u2019da meydana gelen 6.2 b\u00fcy\u00fckl\u00fc\u011f\u00fcndeki deprem Beyo\u011flu\u2019nda pani\u011fe neden oldu. Sars\u0131nt\u0131n\u0131n ard\u0131ndan evlerinden \u00e7\u0131kan vatanda\u015flar, Piyalepa\u015fa Bulvar\u0131 \u00fczerindeki ye\u015fil alanlara ak\u0131n etti. Baz\u0131lar\u0131 burada sohbet edip piknik yaparken, baz\u0131lar\u0131 ise \u00e7ad\u0131r kurarak geceyi d\u0131\u015far\u0131da ge\u00e7irmeye haz\u0131rland\u0131klar\u0131n\u0131 s\u00f6yledi. Deprem an\u0131nda b\u00fcy\u00fck korku ya\u015fad\u0131klar\u0131n\u0131 ifade eden vatanda\u015flar, art\u00e7\u0131 sars\u0131nt\u0131 ihtimaline kar\u015f\u0131 evlerine d\u00f6nmekten \u00e7ekindiklerini belirtti. &#8220;GECEY\u0130 NEREDE GE\u00c7\u0130RECE\u011e\u0130M\u0130Z\u0130 B\u0130LM\u0130YORUM&#8221; Deprem an\u0131nda evde oldu\u011funu s\u00f6yleyen Erdal \u00c7\u0131nar, &#8220;Deprem an\u0131nda evde oturuyorduk. Kahvalt\u0131dan sonra sallant\u0131y\u0131 hissedince evlere g\u00fcvenemedi\u011fimiz i\u00e7in d\u0131\u015far\u0131 \u00e7\u0131kt\u0131k. Geceyi nerede ge\u00e7irece\u011fimizi bilmiyorum. \u00c7ocuklar\u0131n durumuna ba\u011fl\u0131 olarak geceyi ya arabada ya evde ya da burada ge\u00e7irece\u011fiz. Benim i\u00e7in bir \u015fey fark etmiyor. Ben 70 ya\u015f\u0131nda biriyim. B\u00fct\u00fcn korkumuz \u00e7ocuklar\u0131m\u0131z&#8221; dedi. Televizyon \u00fcnitesinin sars\u0131nt\u0131s\u0131ndan deprem oldu\u011funu anlad\u0131\u011f\u0131n\u0131 s\u00f6yleyen Ayten Y\u0131ld\u0131r\u0131m, &#8220;Evde b\u00fcy\u00fck k\u0131z\u0131m televizyon \u00fcnitesinin oradayken salland\u0131\u011f\u0131m\u0131z\u0131 hissettim ve deprem oldu\u011funu anlad\u0131m. Geceyi evde ge\u00e7irmeyi d\u00fc\u015f\u00fcn\u00fcyorum. \u00c7\u00fcnk\u00fc k\u00fc\u00e7\u00fck \u00e7ocu\u011fum var&#8221; ifadelerini kulland\u0131. &#8220;G\u00dcVENDE H\u0130SSEDENE KADAR BURADAYIZ&#8221; \u0130nan\u0131lmaz bir \u015fekilde salland\u0131klar\u0131n\u0131 s\u00f6yleyen G\u00fcl\u015fah Karsl\u0131, &#8220;Ayn\u0131 17 A\u011fustos depremi gibiydi. \u00c7ok korkun\u00e7tu. Allah bir daha ya\u015fatmas\u0131n in\u015fallah. Deprem esnas\u0131nda k\u0131z\u0131ma havuza g\u00f6t\u00fcrm\u00fc\u015ft\u00fcm. O esnada havuzdaki sular depremden dolay\u0131 \u00e7ok git gel yap\u0131yordu. &hellip;","og_url":"http:\/\/denizcankizil.tr\/en\/haberler\/gundem\/megakent-istanbulda-vatandas-diken-ustunde\/","og_site_name":"Av. Deniz Can K\u0131z\u0131l","article_published_time":"2025-04-23T14:41:39+00:00","author":"Antalya K\u00f6rfez","twitter_card":"summary_large_image","twitter_misc":{"Written by":"Antalya K\u00f6rfez","Estimated reading time":"2 minutes"},"schema":{"@context":"https:\/\/schema.org","@graph":[{"@type":"Article","@id":"http:\/\/denizcankizil.tr\/ru\/haberler\/gundem\/megakent-istanbulda-vatandas-diken-ustunde\/#article","isPartOf":{"@id":"http:\/\/denizcankizil.tr\/ru\/haberler\/gundem\/megakent-istanbulda-vatandas-diken-ustunde\/"},"author":{"name":"Antalya K\u00f6rfez","@id":"https:\/\/denizcankizil.tr\/de\/#\/schema\/person\/e1eb71bb4dd684d46563f0af307e1234"},"headline":"Megakent \u0130stanbul&#8217;da vatanda\u015f diken \u00fcst\u00fcnde","datePublished":"2025-04-23T14:41:39+00:00","mainEntityOfPage":{"@id":"http:\/\/denizcankizil.tr\/ru\/haberler\/gundem\/megakent-istanbulda-vatandas-diken-ustunde\/"},"wordCount":487,"publisher":{"@id":"https:\/\/denizcankizil.tr\/de\/#organization"},"articleSection":["G\u00fcndem"],"inLanguage":"en-GB"},{"@type":"WebPage","@id":"http:\/\/denizcankizil.tr\/ru\/haberler\/gundem\/megakent-istanbulda-vatandas-diken-ustunde\/","url":"http:\/\/denizcankizil.tr\/ru\/haberler\/gundem\/megakent-istanbulda-vatandas-diken-ustunde\/","name":"Megakent \u0130stanbul'da vatanda\u015f diken \u00fcst\u00fcnde - Av. Deniz Can K\u0131z\u0131l","isPartOf":{"@id":"https:\/\/denizcankizil.tr\/de\/#website"},"datePublished":"2025-04-23T14:41:39+00:00","breadcrumb":{"@id":"http:\/\/denizcankizil.tr\/ru\/haberler\/gundem\/megakent-istanbulda-vatandas-diken-ustunde\/#breadcrumb"},"inLanguage":"en-GB","potentialAction":[{"@type":"ReadAction","target":["http:\/\/denizcankizil.tr\/ru\/haberler\/gundem\/megakent-istanbulda-vatandas-diken-ustunde\/"]}]},{"@type":"BreadcrumbList","@id":"http:\/\/denizcankizil.tr\/ru\/haberler\/gundem\/megakent-istanbulda-vatandas-diken-ustunde\/#breadcrumb","itemListElement":[{"@type":"ListItem","position":1,"name":"Home","item":"https:\/\/denizcankizil.tr\/de\/"},{"@type":"ListItem","position":2,"name":"Megakent \u0130stanbul&#8217;da vatanda\u015f diken \u00fcst\u00fcnde"}]},{"@type":"WebSite","@id":"https:\/\/denizcankizil.tr\/de\/#website","url":"https:\/\/denizcankizil.tr\/de\/","name":"Av. Deniz Can K\u0131z\u0131l","description":"Avukat Deniz Can K\u0131z\u0131l Antalya Barosu","publisher":{"@id":"https:\/\/denizcankizil.tr\/de\/#organization"},"potentialAction":[{"@type":"SearchAction","target":{"@type":"EntryPoint","urlTemplate":"https:\/\/denizcankizil.tr\/de\/?s={search_term_string}"},"query-input":{"@type":"PropertyValueSpecification","valueRequired":true,"valueName":"search_term_string"}}],"inLanguage":"en-GB"},{"@type":"Organization","@id":"https:\/\/denizcankizil.tr\/de\/#organization","name":"Av. Deniz Can K\u0131z\u0131l","url":"https:\/\/denizcankizil.tr\/de\/","logo":{"@type":"ImageObject","inLanguage":"en-GB","@id":"https:\/\/denizcankizil.tr\/de\/#\/schema\/logo\/image\/","url":"https:\/\/denizcankizil.tr\/wp-content\/uploads\/2024\/10\/siyah-logo-svg.svg","contentUrl":"https:\/\/denizcankizil.tr\/wp-content\/uploads\/2024\/10\/siyah-logo-svg.svg","width":1080,"height":1080,"caption":"Av. Deniz Can K\u0131z\u0131l"},"image":{"@id":"https:\/\/denizcankizil.tr\/de\/#\/schema\/logo\/image\/"}},{"@type":"Person","@id":"https:\/\/denizcankizil.tr\/de\/#\/schema\/person\/e1eb71bb4dd684d46563f0af307e1234","name":"Antalya K\u00f6rfez","image":{"@type":"ImageObject","inLanguage":"en-GB","@id":"https:\/\/denizcankizil.tr\/de\/#\/schema\/person\/image\/","url":"https:\/\/secure.gravatar.com\/avatar\/42b01982558a48a0b501fdcab6a408d3717ea5919095ee2e67b0e521799c5905?s=96&d=mm&r=g","contentUrl":"https:\/\/secure.gravatar.com\/avatar\/42b01982558a48a0b501fdcab6a408d3717ea5919095ee2e67b0e521799c5905?s=96&d=mm&r=g","caption":"Antalya K\u00f6rfez"},"sameAs":["http:\/\/www.antalyakorfez.com"],"url":"https:\/\/www.antalyakorfez.com\/megakent-istanbulda-vatandas-diken-ustunde"}]}},"_links":{"self":[{"href":"https:\/\/denizcankizil.tr\/en\/wp-json\/wp\/v2\/posts\/64078","targetHints":{"allow":["GET"]}}],"collection":[{"href":"https:\/\/denizcankizil.tr\/en\/wp-json\/wp\/v2\/posts"}],"about":[{"href":"https:\/\/denizcankizil.tr\/en\/wp-json\/wp\/v2\/types\/post"}],"author":[{"embeddable":true,"href":"https:\/\/denizcankizil.tr\/en\/wp-json\/wp\/v2\/users\/5"}],"replies":[{"embeddable":true,"href":"https:\/\/denizcankizil.tr\/en\/wp-json\/wp\/v2\/comments?post=64078"}],"version-history":[{"count":0,"href":"https:\/\/denizcankizil.tr\/en\/wp-json\/wp\/v2\/posts\/64078\/revisions"}],"wp:attachment":[{"href":"https:\/\/denizcankizil.tr\/en\/wp-json\/wp\/v2\/media?parent=64078"}],"wp:term":[{"taxonomy":"category","embeddable":true,"href":"https:\/\/denizcankizil.tr\/en\/wp-json\/wp\/v2\/categories?post=64078"},{"taxonomy":"post_tag","embeddable":true,"href":"https:\/\/denizcankizil.tr\/en\/wp-json\/wp\/v2\/tags?post=64078"}],"curies":[{"name":"wp","href":"https:\/\/api.w.org\/{rel}","templated":true}]}}