{"id":64032,"date":"2025-04-23T16:41:35","date_gmt":"2025-04-23T13:41:35","guid":{"rendered":"https:\/\/denizcankizil.tr\/uncategorized-tr\/imamoglundan-deprem-aciklamasi-koltuk-hirsindan-daha-buyuk-bir-mesele\/"},"modified":"2025-04-23T16:41:35","modified_gmt":"2025-04-23T13:41:35","slug":"imamoglundan-deprem-aciklamasi-koltuk-hirsindan-daha-buyuk-bir-mesele","status":"publish","type":"post","link":"https:\/\/denizcankizil.tr\/en\/haberler\/gundem\/imamoglundan-deprem-aciklamasi-koltuk-hirsindan-daha-buyuk-bir-mesele\/","title":{"rendered":"\u0130mamo\u011flu\u2019ndan deprem a\u00e7\u0131klamas\u0131: \u201cKoltuk h\u0131rs\u0131ndan daha b\u00fcy\u00fck bir mesele\u201d"},"content":{"rendered":"<p>\u0130stanbul pe\u015f pe\u015fe ya\u015fanan depremlerle sars\u0131ld\u0131. Afet ve Acil Durum Y\u00f6netimi Ba\u015fkanl\u0131\u011f\u0131&#8217;n\u0131n (AFAD) internet sitesinde yer alan verilere g\u00f6re megakentte 6.2 b\u00fcy\u00fckl\u00fc\u011f\u00fcnde deprem meydana geldi. Depreme ili\u015fkin sosyal medya hesab\u0131ndan payla\u015f\u0131m yapan tutuklu \u0130stanbul B\u00fcy\u00fck\u015fehir Belediye Ba\u015fkan\u0131 Ekrem \u0130mamo\u011flu, \u201cDeprem meselesi, koltuk h\u0131rs\u0131ndan \u00e7ok daha b\u00fcy\u00fck bir meseledir\u201d ifadelerini kulland\u0131.<\/p>\n<p>T\u00dcM \u0130BB EK\u0130PLER\u0130M\u0130Z TEYAKKUZ HAL\u0130NDE<\/p>\n<p>\u0130stanbul B\u00fcy\u00fck\u015fehir Belediyesi ve t\u00fcm devlet kurumlar\u0131n\u0131n koordineli bir \u015fekilde g\u00f6rev ba\u015f\u0131nda oldu\u011funu s\u00f6yleyen \u0130mamo\u011flu, \u201cAvukat\u0131m\u0131n gelmesiyle birlikte, ya\u015fanan depreme dair duygular\u0131m\u0131 \u015fimdi ifade edebiliyorum. En b\u00fcy\u00fck \u00fcz\u00fcnt\u00fcm, hayat\u0131n\u0131 \u0130stanbul\u2019u afet odakl\u0131 planlamaya adayan, bunun m\u00fccadelesini veren y\u00f6neticiler ve \u015fehir planc\u0131lar olarak bu zor g\u00fcnde sizlerle olamamakt\u0131r. \u0130lk tespitlerde herhangi olumsuz vaka olmamas\u0131 sevindirdi. T\u00fcm \u0130BB ekiplerimiz teyakkuz halinde, t\u00fcm devlet kurumlar\u0131yla koordineli \u015fekilde g\u00f6rev ba\u015f\u0131ndalar\u201d \u015feklinde belirtti.<\/p>\n<p>AC\u0130LEN ORTAK AKLA \u0130HT\u0130YACIMIZ VAR<\/p>\n<p>\u0130stanbul\u2019da depremle m\u00fccadelenin bir beka m\u00fccadelesi oldu\u011funu s\u00f6yleyen \u0130mamo\u011flu, \u201cDepremi ile ilgili m\u00fccadele, kurumlar\u0131m\u0131z\u0131n tamam\u0131n\u0131n \u00fcst\u00fcnde b\u00fcy\u00fck bir beka m\u00fccadelesidir. Deprem meselesi se\u00e7im kazanmaktan, koltuk h\u0131rs\u0131ndan \u00e7ok daha b\u00fcy\u00fck bir meseledir. Bu nedenle acilen birli\u011fe, beraberli\u011fe, dayan\u0131\u015fmaya ve ortak akla ihtiyac\u0131m\u0131z vard\u0131r. Depremle m\u00fccadele konusunda merkezi h\u00fck\u00fcmetle birlikte \u00e7al\u0131\u015fabilmek ad\u0131na muhtelif \u00f6nerilerimiz oldu. Bu vesileyle tekrar hat\u0131rlatmak isterim ki; kentsel d\u00f6n\u00fc\u015f\u00fcmden altyap\u0131 ve \u00fcst yap\u0131 g\u00fc\u00e7lendirmelerine, ye\u015fil alanlardan ula\u015f\u0131ma, do\u011fan\u0131n korunmas\u0131ndan kentsel geli\u015fim prensiplerine, finansmandan b\u00fct\u00fcn kurumlarla i\u015f birli\u011fine, \u0130stanbul ve yak\u0131n b\u00f6lgesini kapsayan geni\u015f \u00e7apl\u0131 bir \u00e7al\u0131\u015fma zorunluluktur\u201d dedi.<\/p>\n<p>\u0130HANET PROJELER\u0130NDEN \u0130STANBUL\u2019U UZAK TUTMALIYIZ<\/p>\n<p>Kanal \u0130stanbul projesinin kente ihanet olaca\u011f\u0131n\u0131 s\u00f6ylen \u0130mamo\u011flu a\u00e7\u0131klamas\u0131n\u0131 \u015f\u00f6yle son verdi:<\/p>\n<p>\u201cUlusal ve uluslararas\u0131 seferberlik duygusuyla, \u0130stanbul Deprem Konseyi \u00f6nerimiz mutlaka harekete ge\u00e7irilmelidir. Kanal \u0130stanbul ve benzeri ihanet projelerinden \u0130stanbul\u2019u uzak tutarak devletimiz ve milletimiz i\u00e7in beka problemi olan \u0130stanbul Depremine ve sonu\u00e7lar\u0131na h\u0131zl\u0131ca haz\u0131rlanmal\u0131y\u0131z. Milletimize ge\u00e7mi\u015f olsun.\u201d<\/p>\n<p>\u200bSilivri\u2019de tutuklu bulunan \u0130BB Ba\u015fkan\u0131 Ekrem \u0130mamo\u011flu \u0130stanbul\u2019da ya\u015fanan depreme ili\u015fkin a\u00e7\u0131klama yapt\u0131. Depremle m\u00fccadele konusunda birlik ve beraberli\u011fe dikkat \u00e7eken \u0130mamo\u011flu, \u201cDeprem meselesi, koltuk h\u0131rs\u0131ndan \u00e7ok daha b\u00fcy\u00fck bir meseledir\u201d dedi.\u00a0<\/p>\n<p>\u200bHaberin Al\u0131nt\u0131land\u0131\u011f\u0131 Kaynak: www.antalyakorfez.com<\/p>","protected":false},"excerpt":{"rendered":"<p>\u0130stanbul pe\u015f pe\u015fe ya\u015fanan depremlerle sars\u0131ld\u0131. Afet ve Acil Durum Y\u00f6netimi Ba\u015fkanl\u0131\u011f\u0131&#8217;n\u0131n (AFAD) internet sitesinde yer alan verilere g\u00f6re megakentte 6.2 b\u00fcy\u00fckl\u00fc\u011f\u00fcnde deprem meydana geldi. Depreme ili\u015fkin sosyal medya hesab\u0131ndan payla\u015f\u0131m yapan tutuklu \u0130stanbul B\u00fcy\u00fck\u015fehir Belediye Ba\u015fkan\u0131 Ekrem \u0130mamo\u011flu, \u201cDeprem meselesi, koltuk h\u0131rs\u0131ndan \u00e7ok daha b\u00fcy\u00fck bir meseledir\u201d ifadelerini kulland\u0131. T\u00dcM \u0130BB EK\u0130PLER\u0130M\u0130Z TEYAKKUZ HAL\u0130NDE \u0130stanbul B\u00fcy\u00fck\u015fehir Belediyesi ve t\u00fcm devlet kurumlar\u0131n\u0131n koordineli bir \u015fekilde g\u00f6rev ba\u015f\u0131nda oldu\u011funu s\u00f6yleyen \u0130mamo\u011flu, \u201cAvukat\u0131m\u0131n gelmesiyle birlikte, ya\u015fanan depreme dair duygular\u0131m\u0131 \u015fimdi ifade edebiliyorum. En b\u00fcy\u00fck \u00fcz\u00fcnt\u00fcm, hayat\u0131n\u0131 \u0130stanbul\u2019u afet odakl\u0131 planlamaya adayan, bunun m\u00fccadelesini veren y\u00f6neticiler ve \u015fehir planc\u0131lar olarak bu zor g\u00fcnde sizlerle olamamakt\u0131r. \u0130lk tespitlerde herhangi olumsuz vaka olmamas\u0131 sevindirdi. T\u00fcm \u0130BB ekiplerimiz teyakkuz halinde, t\u00fcm devlet kurumlar\u0131yla koordineli \u015fekilde g\u00f6rev ba\u015f\u0131ndalar\u201d \u015feklinde belirtti. AC\u0130LEN ORTAK AKLA \u0130HT\u0130YACIMIZ VAR \u0130stanbul\u2019da depremle m\u00fccadelenin bir beka m\u00fccadelesi oldu\u011funu s\u00f6yleyen \u0130mamo\u011flu, \u201cDepremi ile ilgili m\u00fccadele, kurumlar\u0131m\u0131z\u0131n tamam\u0131n\u0131n \u00fcst\u00fcnde b\u00fcy\u00fck bir beka m\u00fccadelesidir. Deprem meselesi se\u00e7im kazanmaktan, koltuk h\u0131rs\u0131ndan \u00e7ok daha b\u00fcy\u00fck bir meseledir. Bu nedenle acilen birli\u011fe, beraberli\u011fe, dayan\u0131\u015fmaya ve ortak akla ihtiyac\u0131m\u0131z vard\u0131r. Depremle m\u00fccadele konusunda merkezi h\u00fck\u00fcmetle birlikte \u00e7al\u0131\u015fabilmek ad\u0131na muhtelif \u00f6nerilerimiz oldu. Bu vesileyle tekrar hat\u0131rlatmak isterim ki; kentsel d\u00f6n\u00fc\u015f\u00fcmden altyap\u0131 ve \u00fcst yap\u0131 g\u00fc\u00e7lendirmelerine, ye\u015fil alanlardan ula\u015f\u0131ma, do\u011fan\u0131n korunmas\u0131ndan kentsel &hellip;<\/p>","protected":false},"author":5,"featured_media":0,"comment_status":"","ping_status":"open","sticky":false,"template":"","format":"standard","meta":{"_acf_changed":false,"footnotes":""},"categories":[24],"tags":[],"class_list":["post-64032","post","type-post","status-publish","format-standard","has-post-thumbnail","hentry","category-gundem"],"acf":[],"yoast_head":"<!-- This site is optimized with the Yoast SEO Premium plugin v26.6 (Yoast SEO v27.1.1) - https:\/\/yoast.com\/product\/yoast-seo-premium-wordpress\/ -->\n<title>\u0130mamo\u011flu\u2019ndan deprem a\u00e7\u0131klamas\u0131: \u201cKoltuk h\u0131rs\u0131ndan daha b\u00fcy\u00fck bir mesele\u201d - Av. Deniz Can K\u0131z\u0131l<\/title>\n<meta name=\"robots\" content=\"index, follow, max-snippet:-1, max-image-preview:large, max-video-preview:-1\" \/>\n<link rel=\"canonical\" href=\"https:\/\/denizcankizil.tr\/en\/haberler\/gundem\/imamoglundan-deprem-aciklamasi-koltuk-hirsindan-daha-buyuk-bir-mesele\/\" \/>\n<meta property=\"og:locale\" content=\"en_GB\" \/>\n<meta property=\"og:type\" content=\"article\" \/>\n<meta property=\"og:title\" content=\"\u0130mamo\u011flu\u2019ndan deprem a\u00e7\u0131klamas\u0131: \u201cKoltuk h\u0131rs\u0131ndan daha b\u00fcy\u00fck bir mesele\u201d\" \/>\n<meta property=\"og:description\" content=\"\u0130stanbul pe\u015f pe\u015fe ya\u015fanan depremlerle sars\u0131ld\u0131. Afet ve Acil Durum Y\u00f6netimi Ba\u015fkanl\u0131\u011f\u0131&#8217;n\u0131n (AFAD) internet sitesinde yer alan verilere g\u00f6re megakentte 6.2 b\u00fcy\u00fckl\u00fc\u011f\u00fcnde deprem meydana geldi. Depreme ili\u015fkin sosyal medya hesab\u0131ndan payla\u015f\u0131m yapan tutuklu \u0130stanbul B\u00fcy\u00fck\u015fehir Belediye Ba\u015fkan\u0131 Ekrem \u0130mamo\u011flu, \u201cDeprem meselesi, koltuk h\u0131rs\u0131ndan \u00e7ok daha b\u00fcy\u00fck bir meseledir\u201d ifadelerini kulland\u0131. T\u00dcM \u0130BB EK\u0130PLER\u0130M\u0130Z TEYAKKUZ HAL\u0130NDE \u0130stanbul B\u00fcy\u00fck\u015fehir Belediyesi ve t\u00fcm devlet kurumlar\u0131n\u0131n koordineli bir \u015fekilde g\u00f6rev ba\u015f\u0131nda oldu\u011funu s\u00f6yleyen \u0130mamo\u011flu, \u201cAvukat\u0131m\u0131n gelmesiyle birlikte, ya\u015fanan depreme dair duygular\u0131m\u0131 \u015fimdi ifade edebiliyorum. En b\u00fcy\u00fck \u00fcz\u00fcnt\u00fcm, hayat\u0131n\u0131 \u0130stanbul\u2019u afet odakl\u0131 planlamaya adayan, bunun m\u00fccadelesini veren y\u00f6neticiler ve \u015fehir planc\u0131lar olarak bu zor g\u00fcnde sizlerle olamamakt\u0131r. \u0130lk tespitlerde herhangi olumsuz vaka olmamas\u0131 sevindirdi. T\u00fcm \u0130BB ekiplerimiz teyakkuz halinde, t\u00fcm devlet kurumlar\u0131yla koordineli \u015fekilde g\u00f6rev ba\u015f\u0131ndalar\u201d \u015feklinde belirtti. AC\u0130LEN ORTAK AKLA \u0130HT\u0130YACIMIZ VAR \u0130stanbul\u2019da depremle m\u00fccadelenin bir beka m\u00fccadelesi oldu\u011funu s\u00f6yleyen \u0130mamo\u011flu, \u201cDepremi ile ilgili m\u00fccadele, kurumlar\u0131m\u0131z\u0131n tamam\u0131n\u0131n \u00fcst\u00fcnde b\u00fcy\u00fck bir beka m\u00fccadelesidir. Deprem meselesi se\u00e7im kazanmaktan, koltuk h\u0131rs\u0131ndan \u00e7ok daha b\u00fcy\u00fck bir meseledir. Bu nedenle acilen birli\u011fe, beraberli\u011fe, dayan\u0131\u015fmaya ve ortak akla ihtiyac\u0131m\u0131z vard\u0131r. Depremle m\u00fccadele konusunda merkezi h\u00fck\u00fcmetle birlikte \u00e7al\u0131\u015fabilmek ad\u0131na muhtelif \u00f6nerilerimiz oldu. Bu vesileyle tekrar hat\u0131rlatmak isterim ki; kentsel d\u00f6n\u00fc\u015f\u00fcmden altyap\u0131 ve \u00fcst yap\u0131 g\u00fc\u00e7lendirmelerine, ye\u015fil alanlardan ula\u015f\u0131ma, do\u011fan\u0131n korunmas\u0131ndan kentsel &hellip;\" \/>\n<meta property=\"og:url\" content=\"https:\/\/denizcankizil.tr\/en\/haberler\/gundem\/imamoglundan-deprem-aciklamasi-koltuk-hirsindan-daha-buyuk-bir-mesele\/\" \/>\n<meta property=\"og:site_name\" content=\"Av. Deniz Can K\u0131z\u0131l\" \/>\n<meta property=\"article:published_time\" content=\"2025-04-23T13:41:35+00:00\" \/>\n<meta name=\"author\" content=\"Antalya K\u00f6rfez\" \/>\n<meta name=\"twitter:card\" content=\"summary_large_image\" \/>\n<meta name=\"twitter:label1\" content=\"Written by\" \/>\n\t<meta name=\"twitter:data1\" content=\"Antalya K\u00f6rfez\" \/>\n\t<meta name=\"twitter:label2\" content=\"Estimated reading time\" \/>\n\t<meta name=\"twitter:data2\" content=\"2 minutes\" \/>\n<script type=\"application\/ld+json\" class=\"yoast-schema-graph\">{\"@context\":\"https:\/\/schema.org\",\"@graph\":[{\"@type\":\"Article\",\"@id\":\"https:\/\/denizcankizil.tr\/en\/haberler\/gundem\/imamoglundan-deprem-aciklamasi-koltuk-hirsindan-daha-buyuk-bir-mesele\/#article\",\"isPartOf\":{\"@id\":\"https:\/\/denizcankizil.tr\/en\/haberler\/gundem\/imamoglundan-deprem-aciklamasi-koltuk-hirsindan-daha-buyuk-bir-mesele\/\"},\"author\":{\"name\":\"Antalya K\u00f6rfez\",\"@id\":\"https:\/\/denizcankizil.tr\/#\/schema\/person\/e1eb71bb4dd684d46563f0af307e1234\"},\"headline\":\"\u0130mamo\u011flu\u2019ndan deprem a\u00e7\u0131klamas\u0131: \u201cKoltuk h\u0131rs\u0131ndan daha b\u00fcy\u00fck bir mesele\u201d\",\"datePublished\":\"2025-04-23T13:41:35+00:00\",\"mainEntityOfPage\":{\"@id\":\"https:\/\/denizcankizil.tr\/en\/haberler\/gundem\/imamoglundan-deprem-aciklamasi-koltuk-hirsindan-daha-buyuk-bir-mesele\/\"},\"wordCount\":468,\"publisher\":{\"@id\":\"https:\/\/denizcankizil.tr\/#organization\"},\"articleSection\":[\"G\u00fcndem\"],\"inLanguage\":\"en-GB\"},{\"@type\":\"WebPage\",\"@id\":\"https:\/\/denizcankizil.tr\/en\/haberler\/gundem\/imamoglundan-deprem-aciklamasi-koltuk-hirsindan-daha-buyuk-bir-mesele\/\",\"url\":\"https:\/\/denizcankizil.tr\/en\/haberler\/gundem\/imamoglundan-deprem-aciklamasi-koltuk-hirsindan-daha-buyuk-bir-mesele\/\",\"name\":\"\u0130mamo\u011flu\u2019ndan deprem a\u00e7\u0131klamas\u0131: \u201cKoltuk h\u0131rs\u0131ndan daha b\u00fcy\u00fck bir mesele\u201d - Av. Deniz Can K\u0131z\u0131l\",\"isPartOf\":{\"@id\":\"https:\/\/denizcankizil.tr\/#website\"},\"datePublished\":\"2025-04-23T13:41:35+00:00\",\"breadcrumb\":{\"@id\":\"https:\/\/denizcankizil.tr\/en\/haberler\/gundem\/imamoglundan-deprem-aciklamasi-koltuk-hirsindan-daha-buyuk-bir-mesele\/#breadcrumb\"},\"inLanguage\":\"en-GB\",\"potentialAction\":[{\"@type\":\"ReadAction\",\"target\":[\"https:\/\/denizcankizil.tr\/en\/haberler\/gundem\/imamoglundan-deprem-aciklamasi-koltuk-hirsindan-daha-buyuk-bir-mesele\/\"]}]},{\"@type\":\"BreadcrumbList\",\"@id\":\"https:\/\/denizcankizil.tr\/en\/haberler\/gundem\/imamoglundan-deprem-aciklamasi-koltuk-hirsindan-daha-buyuk-bir-mesele\/#breadcrumb\",\"itemListElement\":[{\"@type\":\"ListItem\",\"position\":1,\"name\":\"Home\",\"item\":\"https:\/\/denizcankizil.tr\/de\/\"},{\"@type\":\"ListItem\",\"position\":2,\"name\":\"\u0130mamo\u011flu\u2019ndan deprem a\u00e7\u0131klamas\u0131: \u201cKoltuk h\u0131rs\u0131ndan daha b\u00fcy\u00fck bir mesele\u201d\"}]},{\"@type\":\"WebSite\",\"@id\":\"https:\/\/denizcankizil.tr\/#website\",\"url\":\"https:\/\/denizcankizil.tr\/\",\"name\":\"Av. Deniz Can K\u0131z\u0131l\",\"description\":\"Avukat Deniz Can K\u0131z\u0131l Antalya Barosu\",\"publisher\":{\"@id\":\"https:\/\/denizcankizil.tr\/#organization\"},\"potentialAction\":[{\"@type\":\"SearchAction\",\"target\":{\"@type\":\"EntryPoint\",\"urlTemplate\":\"https:\/\/denizcankizil.tr\/?s={search_term_string}\"},\"query-input\":{\"@type\":\"PropertyValueSpecification\",\"valueRequired\":true,\"valueName\":\"search_term_string\"}}],\"inLanguage\":\"en-GB\"},{\"@type\":\"Organization\",\"@id\":\"https:\/\/denizcankizil.tr\/#organization\",\"name\":\"Av. Deniz Can K\u0131z\u0131l\",\"url\":\"https:\/\/denizcankizil.tr\/\",\"logo\":{\"@type\":\"ImageObject\",\"inLanguage\":\"en-GB\",\"@id\":\"https:\/\/denizcankizil.tr\/#\/schema\/logo\/image\/\",\"url\":\"https:\/\/denizcankizil.tr\/wp-content\/uploads\/2024\/10\/siyah-logo-svg.svg\",\"contentUrl\":\"https:\/\/denizcankizil.tr\/wp-content\/uploads\/2024\/10\/siyah-logo-svg.svg\",\"width\":1080,\"height\":1080,\"caption\":\"Av. Deniz Can K\u0131z\u0131l\"},\"image\":{\"@id\":\"https:\/\/denizcankizil.tr\/#\/schema\/logo\/image\/\"}},{\"@type\":\"Person\",\"@id\":\"https:\/\/denizcankizil.tr\/#\/schema\/person\/e1eb71bb4dd684d46563f0af307e1234\",\"name\":\"Antalya K\u00f6rfez\",\"image\":{\"@type\":\"ImageObject\",\"inLanguage\":\"en-GB\",\"@id\":\"https:\/\/denizcankizil.tr\/#\/schema\/person\/image\/\",\"url\":\"https:\/\/secure.gravatar.com\/avatar\/42b01982558a48a0b501fdcab6a408d3717ea5919095ee2e67b0e521799c5905?s=96&d=mm&r=g\",\"contentUrl\":\"https:\/\/secure.gravatar.com\/avatar\/42b01982558a48a0b501fdcab6a408d3717ea5919095ee2e67b0e521799c5905?s=96&d=mm&r=g\",\"caption\":\"Antalya K\u00f6rfez\"},\"sameAs\":[\"http:\/\/www.antalyakorfez.com\"],\"url\":\"https:\/\/www.antalyakorfez.com\/imamoglundan-deprem-aciklamasi-koltuk-hirsindan-daha-buyuk-bir-mesele\"}]}<\/script>\n<!-- \/ Yoast SEO Premium plugin. -->","yoast_head_json":{"title":"\u0130mamo\u011flu\u2019ndan deprem a\u00e7\u0131klamas\u0131: \u201cKoltuk h\u0131rs\u0131ndan daha b\u00fcy\u00fck bir mesele\u201d - Av. Deniz Can K\u0131z\u0131l","robots":{"index":"index","follow":"follow","max-snippet":"max-snippet:-1","max-image-preview":"max-image-preview:large","max-video-preview":"max-video-preview:-1"},"canonical":"https:\/\/denizcankizil.tr\/en\/haberler\/gundem\/imamoglundan-deprem-aciklamasi-koltuk-hirsindan-daha-buyuk-bir-mesele\/","og_locale":"en_GB","og_type":"article","og_title":"\u0130mamo\u011flu\u2019ndan deprem a\u00e7\u0131klamas\u0131: \u201cKoltuk h\u0131rs\u0131ndan daha b\u00fcy\u00fck bir mesele\u201d","og_description":"\u0130stanbul pe\u015f pe\u015fe ya\u015fanan depremlerle sars\u0131ld\u0131. Afet ve Acil Durum Y\u00f6netimi Ba\u015fkanl\u0131\u011f\u0131&#8217;n\u0131n (AFAD) internet sitesinde yer alan verilere g\u00f6re megakentte 6.2 b\u00fcy\u00fckl\u00fc\u011f\u00fcnde deprem meydana geldi. Depreme ili\u015fkin sosyal medya hesab\u0131ndan payla\u015f\u0131m yapan tutuklu \u0130stanbul B\u00fcy\u00fck\u015fehir Belediye Ba\u015fkan\u0131 Ekrem \u0130mamo\u011flu, \u201cDeprem meselesi, koltuk h\u0131rs\u0131ndan \u00e7ok daha b\u00fcy\u00fck bir meseledir\u201d ifadelerini kulland\u0131. T\u00dcM \u0130BB EK\u0130PLER\u0130M\u0130Z TEYAKKUZ HAL\u0130NDE \u0130stanbul B\u00fcy\u00fck\u015fehir Belediyesi ve t\u00fcm devlet kurumlar\u0131n\u0131n koordineli bir \u015fekilde g\u00f6rev ba\u015f\u0131nda oldu\u011funu s\u00f6yleyen \u0130mamo\u011flu, \u201cAvukat\u0131m\u0131n gelmesiyle birlikte, ya\u015fanan depreme dair duygular\u0131m\u0131 \u015fimdi ifade edebiliyorum. En b\u00fcy\u00fck \u00fcz\u00fcnt\u00fcm, hayat\u0131n\u0131 \u0130stanbul\u2019u afet odakl\u0131 planlamaya adayan, bunun m\u00fccadelesini veren y\u00f6neticiler ve \u015fehir planc\u0131lar olarak bu zor g\u00fcnde sizlerle olamamakt\u0131r. \u0130lk tespitlerde herhangi olumsuz vaka olmamas\u0131 sevindirdi. T\u00fcm \u0130BB ekiplerimiz teyakkuz halinde, t\u00fcm devlet kurumlar\u0131yla koordineli \u015fekilde g\u00f6rev ba\u015f\u0131ndalar\u201d \u015feklinde belirtti. AC\u0130LEN ORTAK AKLA \u0130HT\u0130YACIMIZ VAR \u0130stanbul\u2019da depremle m\u00fccadelenin bir beka m\u00fccadelesi oldu\u011funu s\u00f6yleyen \u0130mamo\u011flu, \u201cDepremi ile ilgili m\u00fccadele, kurumlar\u0131m\u0131z\u0131n tamam\u0131n\u0131n \u00fcst\u00fcnde b\u00fcy\u00fck bir beka m\u00fccadelesidir. Deprem meselesi se\u00e7im kazanmaktan, koltuk h\u0131rs\u0131ndan \u00e7ok daha b\u00fcy\u00fck bir meseledir. Bu nedenle acilen birli\u011fe, beraberli\u011fe, dayan\u0131\u015fmaya ve ortak akla ihtiyac\u0131m\u0131z vard\u0131r. Depremle m\u00fccadele konusunda merkezi h\u00fck\u00fcmetle birlikte \u00e7al\u0131\u015fabilmek ad\u0131na muhtelif \u00f6nerilerimiz oldu. Bu vesileyle tekrar hat\u0131rlatmak isterim ki; kentsel d\u00f6n\u00fc\u015f\u00fcmden altyap\u0131 ve \u00fcst yap\u0131 g\u00fc\u00e7lendirmelerine, ye\u015fil alanlardan ula\u015f\u0131ma, do\u011fan\u0131n korunmas\u0131ndan kentsel &hellip;","og_url":"https:\/\/denizcankizil.tr\/en\/haberler\/gundem\/imamoglundan-deprem-aciklamasi-koltuk-hirsindan-daha-buyuk-bir-mesele\/","og_site_name":"Av. Deniz Can K\u0131z\u0131l","article_published_time":"2025-04-23T13:41:35+00:00","author":"Antalya K\u00f6rfez","twitter_card":"summary_large_image","twitter_misc":{"Written by":"Antalya K\u00f6rfez","Estimated reading time":"2 minutes"},"schema":{"@context":"https:\/\/schema.org","@graph":[{"@type":"Article","@id":"https:\/\/denizcankizil.tr\/en\/haberler\/gundem\/imamoglundan-deprem-aciklamasi-koltuk-hirsindan-daha-buyuk-bir-mesele\/#article","isPartOf":{"@id":"https:\/\/denizcankizil.tr\/en\/haberler\/gundem\/imamoglundan-deprem-aciklamasi-koltuk-hirsindan-daha-buyuk-bir-mesele\/"},"author":{"name":"Antalya K\u00f6rfez","@id":"https:\/\/denizcankizil.tr\/#\/schema\/person\/e1eb71bb4dd684d46563f0af307e1234"},"headline":"\u0130mamo\u011flu\u2019ndan deprem a\u00e7\u0131klamas\u0131: \u201cKoltuk h\u0131rs\u0131ndan daha b\u00fcy\u00fck bir mesele\u201d","datePublished":"2025-04-23T13:41:35+00:00","mainEntityOfPage":{"@id":"https:\/\/denizcankizil.tr\/en\/haberler\/gundem\/imamoglundan-deprem-aciklamasi-koltuk-hirsindan-daha-buyuk-bir-mesele\/"},"wordCount":468,"publisher":{"@id":"https:\/\/denizcankizil.tr\/#organization"},"articleSection":["G\u00fcndem"],"inLanguage":"en-GB"},{"@type":"WebPage","@id":"https:\/\/denizcankizil.tr\/en\/haberler\/gundem\/imamoglundan-deprem-aciklamasi-koltuk-hirsindan-daha-buyuk-bir-mesele\/","url":"https:\/\/denizcankizil.tr\/en\/haberler\/gundem\/imamoglundan-deprem-aciklamasi-koltuk-hirsindan-daha-buyuk-bir-mesele\/","name":"\u0130mamo\u011flu\u2019ndan deprem a\u00e7\u0131klamas\u0131: \u201cKoltuk h\u0131rs\u0131ndan daha b\u00fcy\u00fck bir mesele\u201d - Av. Deniz Can K\u0131z\u0131l","isPartOf":{"@id":"https:\/\/denizcankizil.tr\/#website"},"datePublished":"2025-04-23T13:41:35+00:00","breadcrumb":{"@id":"https:\/\/denizcankizil.tr\/en\/haberler\/gundem\/imamoglundan-deprem-aciklamasi-koltuk-hirsindan-daha-buyuk-bir-mesele\/#breadcrumb"},"inLanguage":"en-GB","potentialAction":[{"@type":"ReadAction","target":["https:\/\/denizcankizil.tr\/en\/haberler\/gundem\/imamoglundan-deprem-aciklamasi-koltuk-hirsindan-daha-buyuk-bir-mesele\/"]}]},{"@type":"BreadcrumbList","@id":"https:\/\/denizcankizil.tr\/en\/haberler\/gundem\/imamoglundan-deprem-aciklamasi-koltuk-hirsindan-daha-buyuk-bir-mesele\/#breadcrumb","itemListElement":[{"@type":"ListItem","position":1,"name":"Home","item":"https:\/\/denizcankizil.tr\/de\/"},{"@type":"ListItem","position":2,"name":"\u0130mamo\u011flu\u2019ndan deprem a\u00e7\u0131klamas\u0131: \u201cKoltuk h\u0131rs\u0131ndan daha b\u00fcy\u00fck bir mesele\u201d"}]},{"@type":"WebSite","@id":"https:\/\/denizcankizil.tr\/#website","url":"https:\/\/denizcankizil.tr\/","name":"Av. Deniz Can K\u0131z\u0131l","description":"Avukat Deniz Can K\u0131z\u0131l Antalya Barosu","publisher":{"@id":"https:\/\/denizcankizil.tr\/#organization"},"potentialAction":[{"@type":"SearchAction","target":{"@type":"EntryPoint","urlTemplate":"https:\/\/denizcankizil.tr\/?s={search_term_string}"},"query-input":{"@type":"PropertyValueSpecification","valueRequired":true,"valueName":"search_term_string"}}],"inLanguage":"en-GB"},{"@type":"Organization","@id":"https:\/\/denizcankizil.tr\/#organization","name":"Av. Deniz Can K\u0131z\u0131l","url":"https:\/\/denizcankizil.tr\/","logo":{"@type":"ImageObject","inLanguage":"en-GB","@id":"https:\/\/denizcankizil.tr\/#\/schema\/logo\/image\/","url":"https:\/\/denizcankizil.tr\/wp-content\/uploads\/2024\/10\/siyah-logo-svg.svg","contentUrl":"https:\/\/denizcankizil.tr\/wp-content\/uploads\/2024\/10\/siyah-logo-svg.svg","width":1080,"height":1080,"caption":"Av. Deniz Can K\u0131z\u0131l"},"image":{"@id":"https:\/\/denizcankizil.tr\/#\/schema\/logo\/image\/"}},{"@type":"Person","@id":"https:\/\/denizcankizil.tr\/#\/schema\/person\/e1eb71bb4dd684d46563f0af307e1234","name":"Antalya K\u00f6rfez","image":{"@type":"ImageObject","inLanguage":"en-GB","@id":"https:\/\/denizcankizil.tr\/#\/schema\/person\/image\/","url":"https:\/\/secure.gravatar.com\/avatar\/42b01982558a48a0b501fdcab6a408d3717ea5919095ee2e67b0e521799c5905?s=96&d=mm&r=g","contentUrl":"https:\/\/secure.gravatar.com\/avatar\/42b01982558a48a0b501fdcab6a408d3717ea5919095ee2e67b0e521799c5905?s=96&d=mm&r=g","caption":"Antalya K\u00f6rfez"},"sameAs":["http:\/\/www.antalyakorfez.com"],"url":"https:\/\/www.antalyakorfez.com\/imamoglundan-deprem-aciklamasi-koltuk-hirsindan-daha-buyuk-bir-mesele"}]}},"_links":{"self":[{"href":"https:\/\/denizcankizil.tr\/en\/wp-json\/wp\/v2\/posts\/64032","targetHints":{"allow":["GET"]}}],"collection":[{"href":"https:\/\/denizcankizil.tr\/en\/wp-json\/wp\/v2\/posts"}],"about":[{"href":"https:\/\/denizcankizil.tr\/en\/wp-json\/wp\/v2\/types\/post"}],"author":[{"embeddable":true,"href":"https:\/\/denizcankizil.tr\/en\/wp-json\/wp\/v2\/users\/5"}],"replies":[{"embeddable":true,"href":"https:\/\/denizcankizil.tr\/en\/wp-json\/wp\/v2\/comments?post=64032"}],"version-history":[{"count":0,"href":"https:\/\/denizcankizil.tr\/en\/wp-json\/wp\/v2\/posts\/64032\/revisions"}],"wp:attachment":[{"href":"https:\/\/denizcankizil.tr\/en\/wp-json\/wp\/v2\/media?parent=64032"}],"wp:term":[{"taxonomy":"category","embeddable":true,"href":"https:\/\/denizcankizil.tr\/en\/wp-json\/wp\/v2\/categories?post=64032"},{"taxonomy":"post_tag","embeddable":true,"href":"https:\/\/denizcankizil.tr\/en\/wp-json\/wp\/v2\/tags?post=64032"}],"curies":[{"name":"wp","href":"https:\/\/api.w.org\/{rel}","templated":true}]}}