{"id":63089,"date":"2025-04-22T17:42:54","date_gmt":"2025-04-22T14:42:54","guid":{"rendered":"https:\/\/denizcankizil.tr\/uncategorized-tr\/vali-gorevini-ali-kemal-coskuna-devretti\/"},"modified":"2025-04-22T17:42:54","modified_gmt":"2025-04-22T14:42:54","slug":"vali-gorevini-ali-kemal-coskuna-devretti","status":"publish","type":"post","link":"https:\/\/denizcankizil.tr\/en\/haberler\/gundem\/vali-gorevini-ali-kemal-coskuna-devretti\/","title":{"rendered":"Vali g\u00f6revini Ali Kemal Co\u015fkun\u2019a devretti&#8230;"},"content":{"rendered":"<p>Ziyarette \u00f6\u011frencilerle sohbet eden Vali Masatl\u0131, makam koltu\u011funu temsili olarak 3. s\u0131n\u0131f \u00f6\u011frencisi Ali Kemal Co\u015fkun\u2019a devretti. Hatay Valili\u011fi g\u00f6revini devralan Ali Kemal Co\u015fkun ya\u015fanan deprem felaketinin ard\u0131ndan ilin yeniden aya\u011fa kalkmas\u0131 i\u00e7in devlet b\u00fcy\u00fcklerinin destekleriyle Vali Masatl\u0131\u2019n\u0131n \u00f6zveriyle \u00e7al\u0131\u015ft\u0131\u011f\u0131n\u0131 belirterek, \u201cValimize te\u015fekk\u00fcr ediyor, g\u00fczel g\u00fcnlerin yak\u0131nda oldu\u011funa inan\u0131yoruz\u201d diye konu\u015ftu.<\/p>\n<p>Vali Masatl\u0131, t\u00fcm \u00e7ocuklar\u0131n 23 Nisan Ulusal Egemenlik ve \u00c7ocuk Bayram\u0131\u2019n\u0131 kutlayarak, \u00e7ocuklar\u0131n sa\u011fl\u0131kl\u0131, mutlu ve donan\u0131ml\u0131 bireyler olarak yeti\u015fmesi ad\u0131na devletin t\u00fcm imk\u00e2nlar\u0131yla sahada oldu\u011funu vurgulayarak \u201c\u00c7ocuklar\u0131m\u0131z, \u0130stiklal ve \u0130stikbalimizin Teminat\u0131d\u0131r\u201d dedi.<\/p>\n<p>Ayr\u0131ca Afette Hatay Modeli kapsam\u0131nda il genelinde s\u00fcrd\u00fcr\u00fclen e\u011fitim-\u00f6\u011fretim faaliyetlerine ili\u015fkin bilgi verdi.<\/p>\n<p>\u200bHatay Valisi Mustafa Masatl\u0131, 23 Nisan Ulusal Egemenlik ve \u00c7ocuk Bayram\u0131 etkinlikleri kapsam\u0131nda Antakya Haydar Mursalo\u011flu \u0130lkokulu idareci, \u00f6\u011fretmen ve \u00f6\u011frencilerini makam\u0131nda a\u011f\u0131rlad\u0131.\u00a0<\/p>\n<p>\u200bHaberin Al\u0131nt\u0131land\u0131\u011f\u0131 Kaynak: www.iskenderun.org<\/p>","protected":false},"excerpt":{"rendered":"<p>Ziyarette \u00f6\u011frencilerle sohbet eden Vali Masatl\u0131, makam koltu\u011funu temsili olarak 3. s\u0131n\u0131f \u00f6\u011frencisi Ali Kemal Co\u015fkun\u2019a devretti. Hatay Valili\u011fi g\u00f6revini devralan Ali Kemal Co\u015fkun ya\u015fanan deprem felaketinin ard\u0131ndan ilin yeniden aya\u011fa kalkmas\u0131 i\u00e7in devlet b\u00fcy\u00fcklerinin destekleriyle Vali Masatl\u0131\u2019n\u0131n \u00f6zveriyle \u00e7al\u0131\u015ft\u0131\u011f\u0131n\u0131 belirterek, \u201cValimize te\u015fekk\u00fcr ediyor, g\u00fczel g\u00fcnlerin yak\u0131nda oldu\u011funa inan\u0131yoruz\u201d diye konu\u015ftu. Vali Masatl\u0131, t\u00fcm \u00e7ocuklar\u0131n 23 Nisan Ulusal Egemenlik ve \u00c7ocuk Bayram\u0131\u2019n\u0131 kutlayarak, \u00e7ocuklar\u0131n sa\u011fl\u0131kl\u0131, mutlu ve donan\u0131ml\u0131 bireyler olarak yeti\u015fmesi ad\u0131na devletin t\u00fcm imk\u00e2nlar\u0131yla sahada oldu\u011funu vurgulayarak \u201c\u00c7ocuklar\u0131m\u0131z, \u0130stiklal ve \u0130stikbalimizin Teminat\u0131d\u0131r\u201d dedi. Ayr\u0131ca Afette Hatay Modeli kapsam\u0131nda il genelinde s\u00fcrd\u00fcr\u00fclen e\u011fitim-\u00f6\u011fretim faaliyetlerine ili\u015fkin bilgi verdi. \u200bHatay Valisi Mustafa Masatl\u0131, 23 Nisan Ulusal Egemenlik ve \u00c7ocuk Bayram\u0131 etkinlikleri kapsam\u0131nda Antakya Haydar Mursalo\u011flu \u0130lkokulu idareci, \u00f6\u011fretmen ve \u00f6\u011frencilerini makam\u0131nda a\u011f\u0131rlad\u0131.\u00a0 \u200bHaberin Al\u0131nt\u0131land\u0131\u011f\u0131 Kaynak: www.iskenderun.org<\/p>","protected":false},"author":1,"featured_media":0,"comment_status":"","ping_status":"open","sticky":false,"template":"","format":"standard","meta":{"_acf_changed":false,"footnotes":""},"categories":[24],"tags":[],"class_list":["post-63089","post","type-post","status-publish","format-standard","has-post-thumbnail","hentry","category-gundem"],"acf":[],"yoast_head":"<!-- This site is optimized with the Yoast SEO Premium plugin v26.6 (Yoast SEO v27.1.1) - https:\/\/yoast.com\/product\/yoast-seo-premium-wordpress\/ -->\n<title>Vali g\u00f6revini Ali Kemal Co\u015fkun\u2019a devretti... - Av. Deniz Can K\u0131z\u0131l<\/title>\n<meta name=\"robots\" content=\"index, follow, max-snippet:-1, max-image-preview:large, max-video-preview:-1\" \/>\n<link rel=\"canonical\" href=\"https:\/\/denizcankizil.tr\/en\/haberler\/gundem\/vali-gorevini-ali-kemal-coskuna-devretti\/\" \/>\n<meta property=\"og:locale\" content=\"en_GB\" \/>\n<meta property=\"og:type\" content=\"article\" \/>\n<meta property=\"og:title\" content=\"Vali g\u00f6revini Ali Kemal Co\u015fkun\u2019a devretti...\" \/>\n<meta property=\"og:description\" content=\"Ziyarette \u00f6\u011frencilerle sohbet eden Vali Masatl\u0131, makam koltu\u011funu temsili olarak 3. s\u0131n\u0131f \u00f6\u011frencisi Ali Kemal Co\u015fkun\u2019a devretti. Hatay Valili\u011fi g\u00f6revini devralan Ali Kemal Co\u015fkun ya\u015fanan deprem felaketinin ard\u0131ndan ilin yeniden aya\u011fa kalkmas\u0131 i\u00e7in devlet b\u00fcy\u00fcklerinin destekleriyle Vali Masatl\u0131\u2019n\u0131n \u00f6zveriyle \u00e7al\u0131\u015ft\u0131\u011f\u0131n\u0131 belirterek, \u201cValimize te\u015fekk\u00fcr ediyor, g\u00fczel g\u00fcnlerin yak\u0131nda oldu\u011funa inan\u0131yoruz\u201d diye konu\u015ftu. Vali Masatl\u0131, t\u00fcm \u00e7ocuklar\u0131n 23 Nisan Ulusal Egemenlik ve \u00c7ocuk Bayram\u0131\u2019n\u0131 kutlayarak, \u00e7ocuklar\u0131n sa\u011fl\u0131kl\u0131, mutlu ve donan\u0131ml\u0131 bireyler olarak yeti\u015fmesi ad\u0131na devletin t\u00fcm imk\u00e2nlar\u0131yla sahada oldu\u011funu vurgulayarak \u201c\u00c7ocuklar\u0131m\u0131z, \u0130stiklal ve \u0130stikbalimizin Teminat\u0131d\u0131r\u201d dedi. Ayr\u0131ca Afette Hatay Modeli kapsam\u0131nda il genelinde s\u00fcrd\u00fcr\u00fclen e\u011fitim-\u00f6\u011fretim faaliyetlerine ili\u015fkin bilgi verdi. \u200bHatay Valisi Mustafa Masatl\u0131, 23 Nisan Ulusal Egemenlik ve \u00c7ocuk Bayram\u0131 etkinlikleri kapsam\u0131nda Antakya Haydar Mursalo\u011flu \u0130lkokulu idareci, \u00f6\u011fretmen ve \u00f6\u011frencilerini makam\u0131nda a\u011f\u0131rlad\u0131.\u00a0 \u200bHaberin Al\u0131nt\u0131land\u0131\u011f\u0131 Kaynak: www.iskenderun.org\" \/>\n<meta property=\"og:url\" content=\"https:\/\/denizcankizil.tr\/en\/haberler\/gundem\/vali-gorevini-ali-kemal-coskuna-devretti\/\" \/>\n<meta property=\"og:site_name\" content=\"Av. Deniz Can K\u0131z\u0131l\" \/>\n<meta property=\"article:published_time\" content=\"2025-04-22T14:42:54+00:00\" \/>\n<meta name=\"author\" content=\"admin\" \/>\n<meta name=\"twitter:card\" content=\"summary_large_image\" \/>\n<meta name=\"twitter:label1\" content=\"Written by\" \/>\n\t<meta name=\"twitter:data1\" content=\"admin\" \/>\n\t<meta name=\"twitter:label2\" content=\"Estimated reading time\" \/>\n\t<meta name=\"twitter:data2\" content=\"1 minute\" \/>\n<script type=\"application\/ld+json\" class=\"yoast-schema-graph\">{\"@context\":\"https:\/\/schema.org\",\"@graph\":[{\"@type\":\"Article\",\"@id\":\"https:\/\/denizcankizil.tr\/de\/haberler\/gundem\/vali-gorevini-ali-kemal-coskuna-devretti\/#article\",\"isPartOf\":{\"@id\":\"https:\/\/denizcankizil.tr\/de\/haberler\/gundem\/vali-gorevini-ali-kemal-coskuna-devretti\/\"},\"author\":{\"name\":\"admin\",\"@id\":\"https:\/\/denizcankizil.tr\/#\/schema\/person\/be3c05fe6a12686905512445d8185489\"},\"headline\":\"Vali g\u00f6revini Ali Kemal Co\u015fkun\u2019a devretti&#8230;\",\"datePublished\":\"2025-04-22T14:42:54+00:00\",\"mainEntityOfPage\":{\"@id\":\"https:\/\/denizcankizil.tr\/de\/haberler\/gundem\/vali-gorevini-ali-kemal-coskuna-devretti\/\"},\"wordCount\":189,\"publisher\":{\"@id\":\"https:\/\/denizcankizil.tr\/#organization\"},\"articleSection\":[\"G\u00fcndem\"],\"inLanguage\":\"en-GB\"},{\"@type\":\"WebPage\",\"@id\":\"https:\/\/denizcankizil.tr\/de\/haberler\/gundem\/vali-gorevini-ali-kemal-coskuna-devretti\/\",\"url\":\"https:\/\/denizcankizil.tr\/de\/haberler\/gundem\/vali-gorevini-ali-kemal-coskuna-devretti\/\",\"name\":\"Vali g\u00f6revini Ali Kemal Co\u015fkun\u2019a devretti... - Av. Deniz Can K\u0131z\u0131l\",\"isPartOf\":{\"@id\":\"https:\/\/denizcankizil.tr\/#website\"},\"datePublished\":\"2025-04-22T14:42:54+00:00\",\"breadcrumb\":{\"@id\":\"https:\/\/denizcankizil.tr\/de\/haberler\/gundem\/vali-gorevini-ali-kemal-coskuna-devretti\/#breadcrumb\"},\"inLanguage\":\"en-GB\",\"potentialAction\":[{\"@type\":\"ReadAction\",\"target\":[\"https:\/\/denizcankizil.tr\/de\/haberler\/gundem\/vali-gorevini-ali-kemal-coskuna-devretti\/\"]}]},{\"@type\":\"BreadcrumbList\",\"@id\":\"https:\/\/denizcankizil.tr\/de\/haberler\/gundem\/vali-gorevini-ali-kemal-coskuna-devretti\/#breadcrumb\",\"itemListElement\":[{\"@type\":\"ListItem\",\"position\":1,\"name\":\"Home\",\"item\":\"https:\/\/denizcankizil.tr\/de\/\"},{\"@type\":\"ListItem\",\"position\":2,\"name\":\"Vali g\u00f6revini Ali Kemal Co\u015fkun\u2019a devretti&#8230;\"}]},{\"@type\":\"WebSite\",\"@id\":\"https:\/\/denizcankizil.tr\/#website\",\"url\":\"https:\/\/denizcankizil.tr\/\",\"name\":\"Av. Deniz Can K\u0131z\u0131l\",\"description\":\"Avukat Deniz Can K\u0131z\u0131l Antalya Barosu\",\"publisher\":{\"@id\":\"https:\/\/denizcankizil.tr\/#organization\"},\"potentialAction\":[{\"@type\":\"SearchAction\",\"target\":{\"@type\":\"EntryPoint\",\"urlTemplate\":\"https:\/\/denizcankizil.tr\/?s={search_term_string}\"},\"query-input\":{\"@type\":\"PropertyValueSpecification\",\"valueRequired\":true,\"valueName\":\"search_term_string\"}}],\"inLanguage\":\"en-GB\"},{\"@type\":\"Organization\",\"@id\":\"https:\/\/denizcankizil.tr\/#organization\",\"name\":\"Av. Deniz Can K\u0131z\u0131l\",\"url\":\"https:\/\/denizcankizil.tr\/\",\"logo\":{\"@type\":\"ImageObject\",\"inLanguage\":\"en-GB\",\"@id\":\"https:\/\/denizcankizil.tr\/#\/schema\/logo\/image\/\",\"url\":\"https:\/\/denizcankizil.tr\/wp-content\/uploads\/2024\/10\/siyah-logo-svg.svg\",\"contentUrl\":\"https:\/\/denizcankizil.tr\/wp-content\/uploads\/2024\/10\/siyah-logo-svg.svg\",\"width\":1080,\"height\":1080,\"caption\":\"Av. Deniz Can K\u0131z\u0131l\"},\"image\":{\"@id\":\"https:\/\/denizcankizil.tr\/#\/schema\/logo\/image\/\"}},{\"@type\":\"Person\",\"@id\":\"https:\/\/denizcankizil.tr\/#\/schema\/person\/be3c05fe6a12686905512445d8185489\",\"name\":\"admin\",\"image\":{\"@type\":\"ImageObject\",\"inLanguage\":\"en-GB\",\"@id\":\"https:\/\/denizcankizil.tr\/#\/schema\/person\/image\/\",\"url\":\"https:\/\/secure.gravatar.com\/avatar\/c1fce94c830dc79107e174f890d7210541c4a63e8e5d816341794a2151c9d58c?s=96&d=mm&r=g\",\"contentUrl\":\"https:\/\/secure.gravatar.com\/avatar\/c1fce94c830dc79107e174f890d7210541c4a63e8e5d816341794a2151c9d58c?s=96&d=mm&r=g\",\"caption\":\"admin\"},\"sameAs\":[\"http:\/\/denizcankizil.tr\"],\"url\":\"https:\/\/www.iskenderun.org\/vali-gorevini-ali-kemal-coskuna-devretti\"}]}<\/script>\n<!-- \/ Yoast SEO Premium plugin. -->","yoast_head_json":{"title":"Vali g\u00f6revini Ali Kemal Co\u015fkun\u2019a devretti... - Av. Deniz Can K\u0131z\u0131l","robots":{"index":"index","follow":"follow","max-snippet":"max-snippet:-1","max-image-preview":"max-image-preview:large","max-video-preview":"max-video-preview:-1"},"canonical":"https:\/\/denizcankizil.tr\/en\/haberler\/gundem\/vali-gorevini-ali-kemal-coskuna-devretti\/","og_locale":"en_GB","og_type":"article","og_title":"Vali g\u00f6revini Ali Kemal Co\u015fkun\u2019a devretti...","og_description":"Ziyarette \u00f6\u011frencilerle sohbet eden Vali Masatl\u0131, makam koltu\u011funu temsili olarak 3. s\u0131n\u0131f \u00f6\u011frencisi Ali Kemal Co\u015fkun\u2019a devretti. Hatay Valili\u011fi g\u00f6revini devralan Ali Kemal Co\u015fkun ya\u015fanan deprem felaketinin ard\u0131ndan ilin yeniden aya\u011fa kalkmas\u0131 i\u00e7in devlet b\u00fcy\u00fcklerinin destekleriyle Vali Masatl\u0131\u2019n\u0131n \u00f6zveriyle \u00e7al\u0131\u015ft\u0131\u011f\u0131n\u0131 belirterek, \u201cValimize te\u015fekk\u00fcr ediyor, g\u00fczel g\u00fcnlerin yak\u0131nda oldu\u011funa inan\u0131yoruz\u201d diye konu\u015ftu. Vali Masatl\u0131, t\u00fcm \u00e7ocuklar\u0131n 23 Nisan Ulusal Egemenlik ve \u00c7ocuk Bayram\u0131\u2019n\u0131 kutlayarak, \u00e7ocuklar\u0131n sa\u011fl\u0131kl\u0131, mutlu ve donan\u0131ml\u0131 bireyler olarak yeti\u015fmesi ad\u0131na devletin t\u00fcm imk\u00e2nlar\u0131yla sahada oldu\u011funu vurgulayarak \u201c\u00c7ocuklar\u0131m\u0131z, \u0130stiklal ve \u0130stikbalimizin Teminat\u0131d\u0131r\u201d dedi. Ayr\u0131ca Afette Hatay Modeli kapsam\u0131nda il genelinde s\u00fcrd\u00fcr\u00fclen e\u011fitim-\u00f6\u011fretim faaliyetlerine ili\u015fkin bilgi verdi. \u200bHatay Valisi Mustafa Masatl\u0131, 23 Nisan Ulusal Egemenlik ve \u00c7ocuk Bayram\u0131 etkinlikleri kapsam\u0131nda Antakya Haydar Mursalo\u011flu \u0130lkokulu idareci, \u00f6\u011fretmen ve \u00f6\u011frencilerini makam\u0131nda a\u011f\u0131rlad\u0131.\u00a0 \u200bHaberin Al\u0131nt\u0131land\u0131\u011f\u0131 Kaynak: www.iskenderun.org","og_url":"https:\/\/denizcankizil.tr\/en\/haberler\/gundem\/vali-gorevini-ali-kemal-coskuna-devretti\/","og_site_name":"Av. Deniz Can K\u0131z\u0131l","article_published_time":"2025-04-22T14:42:54+00:00","author":"admin","twitter_card":"summary_large_image","twitter_misc":{"Written by":"admin","Estimated reading time":"1 minute"},"schema":{"@context":"https:\/\/schema.org","@graph":[{"@type":"Article","@id":"https:\/\/denizcankizil.tr\/de\/haberler\/gundem\/vali-gorevini-ali-kemal-coskuna-devretti\/#article","isPartOf":{"@id":"https:\/\/denizcankizil.tr\/de\/haberler\/gundem\/vali-gorevini-ali-kemal-coskuna-devretti\/"},"author":{"name":"admin","@id":"https:\/\/denizcankizil.tr\/#\/schema\/person\/be3c05fe6a12686905512445d8185489"},"headline":"Vali g\u00f6revini Ali Kemal Co\u015fkun\u2019a devretti&#8230;","datePublished":"2025-04-22T14:42:54+00:00","mainEntityOfPage":{"@id":"https:\/\/denizcankizil.tr\/de\/haberler\/gundem\/vali-gorevini-ali-kemal-coskuna-devretti\/"},"wordCount":189,"publisher":{"@id":"https:\/\/denizcankizil.tr\/#organization"},"articleSection":["G\u00fcndem"],"inLanguage":"en-GB"},{"@type":"WebPage","@id":"https:\/\/denizcankizil.tr\/de\/haberler\/gundem\/vali-gorevini-ali-kemal-coskuna-devretti\/","url":"https:\/\/denizcankizil.tr\/de\/haberler\/gundem\/vali-gorevini-ali-kemal-coskuna-devretti\/","name":"Vali g\u00f6revini Ali Kemal Co\u015fkun\u2019a devretti... - Av. Deniz Can K\u0131z\u0131l","isPartOf":{"@id":"https:\/\/denizcankizil.tr\/#website"},"datePublished":"2025-04-22T14:42:54+00:00","breadcrumb":{"@id":"https:\/\/denizcankizil.tr\/de\/haberler\/gundem\/vali-gorevini-ali-kemal-coskuna-devretti\/#breadcrumb"},"inLanguage":"en-GB","potentialAction":[{"@type":"ReadAction","target":["https:\/\/denizcankizil.tr\/de\/haberler\/gundem\/vali-gorevini-ali-kemal-coskuna-devretti\/"]}]},{"@type":"BreadcrumbList","@id":"https:\/\/denizcankizil.tr\/de\/haberler\/gundem\/vali-gorevini-ali-kemal-coskuna-devretti\/#breadcrumb","itemListElement":[{"@type":"ListItem","position":1,"name":"Home","item":"https:\/\/denizcankizil.tr\/de\/"},{"@type":"ListItem","position":2,"name":"Vali g\u00f6revini Ali Kemal Co\u015fkun\u2019a devretti&#8230;"}]},{"@type":"WebSite","@id":"https:\/\/denizcankizil.tr\/#website","url":"https:\/\/denizcankizil.tr\/","name":"Av. Deniz Can K\u0131z\u0131l","description":"Avukat Deniz Can K\u0131z\u0131l Antalya Barosu","publisher":{"@id":"https:\/\/denizcankizil.tr\/#organization"},"potentialAction":[{"@type":"SearchAction","target":{"@type":"EntryPoint","urlTemplate":"https:\/\/denizcankizil.tr\/?s={search_term_string}"},"query-input":{"@type":"PropertyValueSpecification","valueRequired":true,"valueName":"search_term_string"}}],"inLanguage":"en-GB"},{"@type":"Organization","@id":"https:\/\/denizcankizil.tr\/#organization","name":"Av. Deniz Can K\u0131z\u0131l","url":"https:\/\/denizcankizil.tr\/","logo":{"@type":"ImageObject","inLanguage":"en-GB","@id":"https:\/\/denizcankizil.tr\/#\/schema\/logo\/image\/","url":"https:\/\/denizcankizil.tr\/wp-content\/uploads\/2024\/10\/siyah-logo-svg.svg","contentUrl":"https:\/\/denizcankizil.tr\/wp-content\/uploads\/2024\/10\/siyah-logo-svg.svg","width":1080,"height":1080,"caption":"Av. Deniz Can K\u0131z\u0131l"},"image":{"@id":"https:\/\/denizcankizil.tr\/#\/schema\/logo\/image\/"}},{"@type":"Person","@id":"https:\/\/denizcankizil.tr\/#\/schema\/person\/be3c05fe6a12686905512445d8185489","name":"admin","image":{"@type":"ImageObject","inLanguage":"en-GB","@id":"https:\/\/denizcankizil.tr\/#\/schema\/person\/image\/","url":"https:\/\/secure.gravatar.com\/avatar\/c1fce94c830dc79107e174f890d7210541c4a63e8e5d816341794a2151c9d58c?s=96&d=mm&r=g","contentUrl":"https:\/\/secure.gravatar.com\/avatar\/c1fce94c830dc79107e174f890d7210541c4a63e8e5d816341794a2151c9d58c?s=96&d=mm&r=g","caption":"admin"},"sameAs":["http:\/\/denizcankizil.tr"],"url":"https:\/\/www.iskenderun.org\/vali-gorevini-ali-kemal-coskuna-devretti"}]}},"_links":{"self":[{"href":"https:\/\/denizcankizil.tr\/en\/wp-json\/wp\/v2\/posts\/63089","targetHints":{"allow":["GET"]}}],"collection":[{"href":"https:\/\/denizcankizil.tr\/en\/wp-json\/wp\/v2\/posts"}],"about":[{"href":"https:\/\/denizcankizil.tr\/en\/wp-json\/wp\/v2\/types\/post"}],"author":[{"embeddable":true,"href":"https:\/\/denizcankizil.tr\/en\/wp-json\/wp\/v2\/users\/1"}],"replies":[{"embeddable":true,"href":"https:\/\/denizcankizil.tr\/en\/wp-json\/wp\/v2\/comments?post=63089"}],"version-history":[{"count":0,"href":"https:\/\/denizcankizil.tr\/en\/wp-json\/wp\/v2\/posts\/63089\/revisions"}],"wp:attachment":[{"href":"https:\/\/denizcankizil.tr\/en\/wp-json\/wp\/v2\/media?parent=63089"}],"wp:term":[{"taxonomy":"category","embeddable":true,"href":"https:\/\/denizcankizil.tr\/en\/wp-json\/wp\/v2\/categories?post=63089"},{"taxonomy":"post_tag","embeddable":true,"href":"https:\/\/denizcankizil.tr\/en\/wp-json\/wp\/v2\/tags?post=63089"}],"curies":[{"name":"wp","href":"https:\/\/api.w.org\/{rel}","templated":true}]}}