{"id":63044,"date":"2025-04-22T17:41:25","date_gmt":"2025-04-22T14:41:25","guid":{"rendered":"https:\/\/denizcankizil.tr\/uncategorized-tr\/12-katta-can-pazari\/"},"modified":"2025-04-22T17:41:25","modified_gmt":"2025-04-22T14:41:25","slug":"12-katta-can-pazari","status":"publish","type":"post","link":"https:\/\/denizcankizil.tr\/en\/haberler\/antalya\/12-katta-can-pazari\/","title":{"rendered":"12. katta can pazar\u0131"},"content":{"rendered":"<p>Muratpa\u015fa il\u00e7esi Ye\u015filbah\u00e7e Mahallesi 1447. sokakta bulunan bir apartmanda, d\u0131\u015f cephe boyama \u00e7al\u0131\u015fmalar\u0131 s\u0131ras\u0131nda facian\u0131n e\u015fi\u011finden d\u00f6n\u00fcld\u00fc. Apartman\u0131n \u00e7at\u0131s\u0131nda, boya iskelesi kurulu oldu\u011fu s\u0131rada duvar\u0131n bir k\u0131sm\u0131 \u00e7\u00f6kt\u00fc. O esnada 12. katta bulunan i\u015f\u00e7iler Sedat Karaca ve \u00d6mer Karayaluk, \u00e7\u00f6ken duvar\u0131n ard\u0131ndan iskelede as\u0131l\u0131 kald\u0131.<\/p>\n<p>Olay yerine k\u0131sa s\u00fcrede Antalya B\u00fcy\u00fck\u015fehir Belediyesi \u0130tfaiyesi ekipleri sevk edildi. \u00d6zel merdivenli ara\u00e7la y\u00fcr\u00fct\u00fclen kurtarma \u00e7al\u0131\u015fmas\u0131, \u00e7evredeki vatanda\u015flar\u0131n ilgisiyle takip edildi. Yakla\u015f\u0131k yar\u0131m saat s\u00fcren \u00e7aban\u0131n ard\u0131ndan i\u015f\u00e7iler a\u015fa\u011f\u0131ya indirildi.<br \/>\nV\u00fccutlar\u0131nda boya izleri ve tozlarla a\u015fa\u011f\u0131ya indirilen i\u015f\u00e7ilerin hafif s\u0131yr\u0131klar d\u0131\u015f\u0131nda sa\u011fl\u0131k durumlar\u0131n\u0131n iyi oldu\u011fu \u00f6\u011frenildi. \u0130\u015f\u00e7iler, &#8220;Yukar\u0131da duvar y\u0131k\u0131ld\u0131&#8221; diyerek ya\u015fad\u0131klar\u0131 korkuyu dile getirdi.<\/p>\n<p>Kaynak: www.kanalv.com.tr Haber Sitesinden Al\u0131nm\u0131\u015ft\u0131r.<\/p>","protected":false},"excerpt":{"rendered":"<p>Muratpa\u015fa il\u00e7esi Ye\u015filbah\u00e7e Mahallesi 1447. sokakta bulunan bir apartmanda, d\u0131\u015f cephe boyama \u00e7al\u0131\u015fmalar\u0131 s\u0131ras\u0131nda facian\u0131n e\u015fi\u011finden d\u00f6n\u00fcld\u00fc. Apartman\u0131n \u00e7at\u0131s\u0131nda, boya iskelesi kurulu oldu\u011fu s\u0131rada duvar\u0131n bir k\u0131sm\u0131 \u00e7\u00f6kt\u00fc. O esnada 12. katta bulunan i\u015f\u00e7iler Sedat Karaca ve \u00d6mer Karayaluk, \u00e7\u00f6ken duvar\u0131n ard\u0131ndan iskelede as\u0131l\u0131 kald\u0131. Olay yerine k\u0131sa s\u00fcrede Antalya B\u00fcy\u00fck\u015fehir Belediyesi \u0130tfaiyesi ekipleri sevk edildi. \u00d6zel merdivenli ara\u00e7la y\u00fcr\u00fct\u00fclen kurtarma \u00e7al\u0131\u015fmas\u0131, \u00e7evredeki vatanda\u015flar\u0131n ilgisiyle takip edildi. Yakla\u015f\u0131k yar\u0131m saat s\u00fcren \u00e7aban\u0131n ard\u0131ndan i\u015f\u00e7iler a\u015fa\u011f\u0131ya indirildi. V\u00fccutlar\u0131nda boya izleri ve tozlarla a\u015fa\u011f\u0131ya indirilen i\u015f\u00e7ilerin hafif s\u0131yr\u0131klar d\u0131\u015f\u0131nda sa\u011fl\u0131k durumlar\u0131n\u0131n iyi oldu\u011fu \u00f6\u011frenildi. \u0130\u015f\u00e7iler, &#8220;Yukar\u0131da duvar y\u0131k\u0131ld\u0131&#8221; diyerek ya\u015fad\u0131klar\u0131 korkuyu dile getirdi. Kaynak: www.kanalv.com.tr Haber Sitesinden Al\u0131nm\u0131\u015ft\u0131r.<\/p>","protected":false},"author":4,"featured_media":63045,"comment_status":"","ping_status":"open","sticky":false,"template":"","format":"standard","meta":{"_acf_changed":false,"footnotes":""},"categories":[26],"tags":[],"class_list":["post-63044","post","type-post","status-publish","format-standard","has-post-thumbnail","hentry","category-antalya"],"acf":[],"yoast_head":"<!-- This site is optimized with the Yoast SEO Premium plugin v26.6 (Yoast SEO v27.1.1) - https:\/\/yoast.com\/product\/yoast-seo-premium-wordpress\/ -->\n<title>12. katta can pazar\u0131 - Av. Deniz Can K\u0131z\u0131l<\/title>\n<meta name=\"robots\" content=\"index, follow, max-snippet:-1, max-image-preview:large, max-video-preview:-1\" \/>\n<link rel=\"canonical\" href=\"https:\/\/denizcankizil.tr\/en\/haberler\/antalya\/12-katta-can-pazari\/\" \/>\n<meta property=\"og:locale\" content=\"en_GB\" \/>\n<meta property=\"og:type\" content=\"article\" \/>\n<meta property=\"og:title\" content=\"12. katta can pazar\u0131\" \/>\n<meta property=\"og:description\" content=\"Muratpa\u015fa il\u00e7esi Ye\u015filbah\u00e7e Mahallesi 1447. sokakta bulunan bir apartmanda, d\u0131\u015f cephe boyama \u00e7al\u0131\u015fmalar\u0131 s\u0131ras\u0131nda facian\u0131n e\u015fi\u011finden d\u00f6n\u00fcld\u00fc. Apartman\u0131n \u00e7at\u0131s\u0131nda, boya iskelesi kurulu oldu\u011fu s\u0131rada duvar\u0131n bir k\u0131sm\u0131 \u00e7\u00f6kt\u00fc. O esnada 12. katta bulunan i\u015f\u00e7iler Sedat Karaca ve \u00d6mer Karayaluk, \u00e7\u00f6ken duvar\u0131n ard\u0131ndan iskelede as\u0131l\u0131 kald\u0131. Olay yerine k\u0131sa s\u00fcrede Antalya B\u00fcy\u00fck\u015fehir Belediyesi \u0130tfaiyesi ekipleri sevk edildi. \u00d6zel merdivenli ara\u00e7la y\u00fcr\u00fct\u00fclen kurtarma \u00e7al\u0131\u015fmas\u0131, \u00e7evredeki vatanda\u015flar\u0131n ilgisiyle takip edildi. Yakla\u015f\u0131k yar\u0131m saat s\u00fcren \u00e7aban\u0131n ard\u0131ndan i\u015f\u00e7iler a\u015fa\u011f\u0131ya indirildi. V\u00fccutlar\u0131nda boya izleri ve tozlarla a\u015fa\u011f\u0131ya indirilen i\u015f\u00e7ilerin hafif s\u0131yr\u0131klar d\u0131\u015f\u0131nda sa\u011fl\u0131k durumlar\u0131n\u0131n iyi oldu\u011fu \u00f6\u011frenildi. \u0130\u015f\u00e7iler, &#8220;Yukar\u0131da duvar y\u0131k\u0131ld\u0131&#8221; diyerek ya\u015fad\u0131klar\u0131 korkuyu dile getirdi. Kaynak: www.kanalv.com.tr Haber Sitesinden Al\u0131nm\u0131\u015ft\u0131r.\" \/>\n<meta property=\"og:url\" content=\"https:\/\/denizcankizil.tr\/en\/haberler\/antalya\/12-katta-can-pazari\/\" \/>\n<meta property=\"og:site_name\" content=\"Av. Deniz Can K\u0131z\u0131l\" \/>\n<meta property=\"article:published_time\" content=\"2025-04-22T14:41:25+00:00\" \/>\n<meta property=\"og:image\" content=\"https:\/\/denizcankizil.tr\/wp-content\/uploads\/2025\/04\/5943-01-2WNACH.jpg\" \/>\n\t<meta property=\"og:image:width\" content=\"1280\" \/>\n\t<meta property=\"og:image:height\" content=\"720\" \/>\n\t<meta property=\"og:image:type\" content=\"image\/jpeg\" \/>\n<meta name=\"author\" content=\"Av. Deniz Can K\u0131z\u0131l\" \/>\n<meta name=\"twitter:card\" content=\"summary_large_image\" \/>\n<meta name=\"twitter:label1\" content=\"Written by\" \/>\n\t<meta name=\"twitter:data1\" content=\"Av. Deniz Can K\u0131z\u0131l\" \/>\n\t<meta name=\"twitter:label2\" content=\"Estimated reading time\" \/>\n\t<meta name=\"twitter:data2\" content=\"1 minute\" \/>\n<script type=\"application\/ld+json\" class=\"yoast-schema-graph\">{\"@context\":\"https:\/\/schema.org\",\"@graph\":[{\"@type\":\"Article\",\"@id\":\"https:\/\/denizcankizil.tr\/de\/haberler\/antalya\/12-katta-can-pazari\/#article\",\"isPartOf\":{\"@id\":\"https:\/\/denizcankizil.tr\/de\/haberler\/antalya\/12-katta-can-pazari\/\"},\"author\":{\"name\":\"Av. Deniz Can K\u0131z\u0131l\",\"@id\":\"https:\/\/denizcankizil.tr\/de\/#\/schema\/person\/5dc1b22991bd7ac833867c10afc9b0ff\"},\"headline\":\"12. katta can pazar\u0131\",\"datePublished\":\"2025-04-22T14:41:25+00:00\",\"mainEntityOfPage\":{\"@id\":\"https:\/\/denizcankizil.tr\/de\/haberler\/antalya\/12-katta-can-pazari\/\"},\"wordCount\":174,\"publisher\":{\"@id\":\"https:\/\/denizcankizil.tr\/de\/#organization\"},\"image\":{\"@id\":\"https:\/\/denizcankizil.tr\/de\/haberler\/antalya\/12-katta-can-pazari\/#primaryimage\"},\"thumbnailUrl\":\"https:\/\/denizcankizil.tr\/wp-content\/uploads\/2025\/04\/5943-01-2WNACH.jpg\",\"articleSection\":[\"Antalya\"],\"inLanguage\":\"en-GB\"},{\"@type\":\"WebPage\",\"@id\":\"https:\/\/denizcankizil.tr\/de\/haberler\/antalya\/12-katta-can-pazari\/\",\"url\":\"https:\/\/denizcankizil.tr\/de\/haberler\/antalya\/12-katta-can-pazari\/\",\"name\":\"12. katta can pazar\u0131 - Av. Deniz Can K\u0131z\u0131l\",\"isPartOf\":{\"@id\":\"https:\/\/denizcankizil.tr\/de\/#website\"},\"primaryImageOfPage\":{\"@id\":\"https:\/\/denizcankizil.tr\/de\/haberler\/antalya\/12-katta-can-pazari\/#primaryimage\"},\"image\":{\"@id\":\"https:\/\/denizcankizil.tr\/de\/haberler\/antalya\/12-katta-can-pazari\/#primaryimage\"},\"thumbnailUrl\":\"https:\/\/denizcankizil.tr\/wp-content\/uploads\/2025\/04\/5943-01-2WNACH.jpg\",\"datePublished\":\"2025-04-22T14:41:25+00:00\",\"breadcrumb\":{\"@id\":\"https:\/\/denizcankizil.tr\/de\/haberler\/antalya\/12-katta-can-pazari\/#breadcrumb\"},\"inLanguage\":\"en-GB\",\"potentialAction\":[{\"@type\":\"ReadAction\",\"target\":[\"https:\/\/denizcankizil.tr\/de\/haberler\/antalya\/12-katta-can-pazari\/\"]}]},{\"@type\":\"ImageObject\",\"inLanguage\":\"en-GB\",\"@id\":\"https:\/\/denizcankizil.tr\/de\/haberler\/antalya\/12-katta-can-pazari\/#primaryimage\",\"url\":\"https:\/\/denizcankizil.tr\/wp-content\/uploads\/2025\/04\/5943-01-2WNACH.jpg\",\"contentUrl\":\"https:\/\/denizcankizil.tr\/wp-content\/uploads\/2025\/04\/5943-01-2WNACH.jpg\",\"width\":1280,\"height\":720},{\"@type\":\"BreadcrumbList\",\"@id\":\"https:\/\/denizcankizil.tr\/de\/haberler\/antalya\/12-katta-can-pazari\/#breadcrumb\",\"itemListElement\":[{\"@type\":\"ListItem\",\"position\":1,\"name\":\"Home\",\"item\":\"https:\/\/denizcankizil.tr\/de\/\"},{\"@type\":\"ListItem\",\"position\":2,\"name\":\"12. katta can pazar\u0131\"}]},{\"@type\":\"WebSite\",\"@id\":\"https:\/\/denizcankizil.tr\/de\/#website\",\"url\":\"https:\/\/denizcankizil.tr\/de\/\",\"name\":\"Av. Deniz Can K\u0131z\u0131l\",\"description\":\"Avukat Deniz Can K\u0131z\u0131l Antalya Barosu\",\"publisher\":{\"@id\":\"https:\/\/denizcankizil.tr\/de\/#organization\"},\"potentialAction\":[{\"@type\":\"SearchAction\",\"target\":{\"@type\":\"EntryPoint\",\"urlTemplate\":\"https:\/\/denizcankizil.tr\/de\/?s={search_term_string}\"},\"query-input\":{\"@type\":\"PropertyValueSpecification\",\"valueRequired\":true,\"valueName\":\"search_term_string\"}}],\"inLanguage\":\"en-GB\"},{\"@type\":\"Organization\",\"@id\":\"https:\/\/denizcankizil.tr\/de\/#organization\",\"name\":\"Av. Deniz Can K\u0131z\u0131l\",\"url\":\"https:\/\/denizcankizil.tr\/de\/\",\"logo\":{\"@type\":\"ImageObject\",\"inLanguage\":\"en-GB\",\"@id\":\"https:\/\/denizcankizil.tr\/de\/#\/schema\/logo\/image\/\",\"url\":\"https:\/\/denizcankizil.tr\/wp-content\/uploads\/2024\/10\/siyah-logo-svg.svg\",\"contentUrl\":\"https:\/\/denizcankizil.tr\/wp-content\/uploads\/2024\/10\/siyah-logo-svg.svg\",\"width\":1080,\"height\":1080,\"caption\":\"Av. Deniz Can K\u0131z\u0131l\"},\"image\":{\"@id\":\"https:\/\/denizcankizil.tr\/de\/#\/schema\/logo\/image\/\"}},{\"@type\":\"Person\",\"@id\":\"https:\/\/denizcankizil.tr\/de\/#\/schema\/person\/5dc1b22991bd7ac833867c10afc9b0ff\",\"name\":\"Av. Deniz Can K\u0131z\u0131l\",\"image\":{\"@type\":\"ImageObject\",\"inLanguage\":\"en-GB\",\"@id\":\"https:\/\/denizcankizil.tr\/de\/#\/schema\/person\/image\/\",\"url\":\"https:\/\/secure.gravatar.com\/avatar\/a0b128fb9855c79efc976d5640eedb31dc35ec297594d6016d2cf7c60e975bb6?s=96&d=mm&r=g\",\"contentUrl\":\"https:\/\/secure.gravatar.com\/avatar\/a0b128fb9855c79efc976d5640eedb31dc35ec297594d6016d2cf7c60e975bb6?s=96&d=mm&r=g\",\"caption\":\"Av. Deniz Can K\u0131z\u0131l\"},\"sameAs\":[\"http:\/\/www.denizcankizil.tr\"],\"url\":\"https:\/\/denizcankizil.tr\/en\/author\/denizcankizil\/\"}]}<\/script>\n<!-- \/ Yoast SEO Premium plugin. -->","yoast_head_json":{"title":"12. katta can pazar\u0131 - Av. Deniz Can K\u0131z\u0131l","robots":{"index":"index","follow":"follow","max-snippet":"max-snippet:-1","max-image-preview":"max-image-preview:large","max-video-preview":"max-video-preview:-1"},"canonical":"https:\/\/denizcankizil.tr\/en\/haberler\/antalya\/12-katta-can-pazari\/","og_locale":"en_GB","og_type":"article","og_title":"12. katta can pazar\u0131","og_description":"Muratpa\u015fa il\u00e7esi Ye\u015filbah\u00e7e Mahallesi 1447. sokakta bulunan bir apartmanda, d\u0131\u015f cephe boyama \u00e7al\u0131\u015fmalar\u0131 s\u0131ras\u0131nda facian\u0131n e\u015fi\u011finden d\u00f6n\u00fcld\u00fc. Apartman\u0131n \u00e7at\u0131s\u0131nda, boya iskelesi kurulu oldu\u011fu s\u0131rada duvar\u0131n bir k\u0131sm\u0131 \u00e7\u00f6kt\u00fc. O esnada 12. katta bulunan i\u015f\u00e7iler Sedat Karaca ve \u00d6mer Karayaluk, \u00e7\u00f6ken duvar\u0131n ard\u0131ndan iskelede as\u0131l\u0131 kald\u0131. Olay yerine k\u0131sa s\u00fcrede Antalya B\u00fcy\u00fck\u015fehir Belediyesi \u0130tfaiyesi ekipleri sevk edildi. \u00d6zel merdivenli ara\u00e7la y\u00fcr\u00fct\u00fclen kurtarma \u00e7al\u0131\u015fmas\u0131, \u00e7evredeki vatanda\u015flar\u0131n ilgisiyle takip edildi. Yakla\u015f\u0131k yar\u0131m saat s\u00fcren \u00e7aban\u0131n ard\u0131ndan i\u015f\u00e7iler a\u015fa\u011f\u0131ya indirildi. V\u00fccutlar\u0131nda boya izleri ve tozlarla a\u015fa\u011f\u0131ya indirilen i\u015f\u00e7ilerin hafif s\u0131yr\u0131klar d\u0131\u015f\u0131nda sa\u011fl\u0131k durumlar\u0131n\u0131n iyi oldu\u011fu \u00f6\u011frenildi. \u0130\u015f\u00e7iler, &#8220;Yukar\u0131da duvar y\u0131k\u0131ld\u0131&#8221; diyerek ya\u015fad\u0131klar\u0131 korkuyu dile getirdi. Kaynak: www.kanalv.com.tr Haber Sitesinden Al\u0131nm\u0131\u015ft\u0131r.","og_url":"https:\/\/denizcankizil.tr\/en\/haberler\/antalya\/12-katta-can-pazari\/","og_site_name":"Av. Deniz Can K\u0131z\u0131l","article_published_time":"2025-04-22T14:41:25+00:00","og_image":[{"width":1280,"height":720,"url":"https:\/\/denizcankizil.tr\/wp-content\/uploads\/2025\/04\/5943-01-2WNACH.jpg","type":"image\/jpeg"}],"author":"Av. Deniz Can K\u0131z\u0131l","twitter_card":"summary_large_image","twitter_misc":{"Written by":"Av. Deniz Can K\u0131z\u0131l","Estimated reading time":"1 minute"},"schema":{"@context":"https:\/\/schema.org","@graph":[{"@type":"Article","@id":"https:\/\/denizcankizil.tr\/de\/haberler\/antalya\/12-katta-can-pazari\/#article","isPartOf":{"@id":"https:\/\/denizcankizil.tr\/de\/haberler\/antalya\/12-katta-can-pazari\/"},"author":{"name":"Av. Deniz Can K\u0131z\u0131l","@id":"https:\/\/denizcankizil.tr\/de\/#\/schema\/person\/5dc1b22991bd7ac833867c10afc9b0ff"},"headline":"12. katta can pazar\u0131","datePublished":"2025-04-22T14:41:25+00:00","mainEntityOfPage":{"@id":"https:\/\/denizcankizil.tr\/de\/haberler\/antalya\/12-katta-can-pazari\/"},"wordCount":174,"publisher":{"@id":"https:\/\/denizcankizil.tr\/de\/#organization"},"image":{"@id":"https:\/\/denizcankizil.tr\/de\/haberler\/antalya\/12-katta-can-pazari\/#primaryimage"},"thumbnailUrl":"https:\/\/denizcankizil.tr\/wp-content\/uploads\/2025\/04\/5943-01-2WNACH.jpg","articleSection":["Antalya"],"inLanguage":"en-GB"},{"@type":"WebPage","@id":"https:\/\/denizcankizil.tr\/de\/haberler\/antalya\/12-katta-can-pazari\/","url":"https:\/\/denizcankizil.tr\/de\/haberler\/antalya\/12-katta-can-pazari\/","name":"12. katta can pazar\u0131 - Av. Deniz Can K\u0131z\u0131l","isPartOf":{"@id":"https:\/\/denizcankizil.tr\/de\/#website"},"primaryImageOfPage":{"@id":"https:\/\/denizcankizil.tr\/de\/haberler\/antalya\/12-katta-can-pazari\/#primaryimage"},"image":{"@id":"https:\/\/denizcankizil.tr\/de\/haberler\/antalya\/12-katta-can-pazari\/#primaryimage"},"thumbnailUrl":"https:\/\/denizcankizil.tr\/wp-content\/uploads\/2025\/04\/5943-01-2WNACH.jpg","datePublished":"2025-04-22T14:41:25+00:00","breadcrumb":{"@id":"https:\/\/denizcankizil.tr\/de\/haberler\/antalya\/12-katta-can-pazari\/#breadcrumb"},"inLanguage":"en-GB","potentialAction":[{"@type":"ReadAction","target":["https:\/\/denizcankizil.tr\/de\/haberler\/antalya\/12-katta-can-pazari\/"]}]},{"@type":"ImageObject","inLanguage":"en-GB","@id":"https:\/\/denizcankizil.tr\/de\/haberler\/antalya\/12-katta-can-pazari\/#primaryimage","url":"https:\/\/denizcankizil.tr\/wp-content\/uploads\/2025\/04\/5943-01-2WNACH.jpg","contentUrl":"https:\/\/denizcankizil.tr\/wp-content\/uploads\/2025\/04\/5943-01-2WNACH.jpg","width":1280,"height":720},{"@type":"BreadcrumbList","@id":"https:\/\/denizcankizil.tr\/de\/haberler\/antalya\/12-katta-can-pazari\/#breadcrumb","itemListElement":[{"@type":"ListItem","position":1,"name":"Home","item":"https:\/\/denizcankizil.tr\/de\/"},{"@type":"ListItem","position":2,"name":"12. katta can pazar\u0131"}]},{"@type":"WebSite","@id":"https:\/\/denizcankizil.tr\/de\/#website","url":"https:\/\/denizcankizil.tr\/de\/","name":"Av. Deniz Can K\u0131z\u0131l","description":"Avukat Deniz Can K\u0131z\u0131l Antalya Barosu","publisher":{"@id":"https:\/\/denizcankizil.tr\/de\/#organization"},"potentialAction":[{"@type":"SearchAction","target":{"@type":"EntryPoint","urlTemplate":"https:\/\/denizcankizil.tr\/de\/?s={search_term_string}"},"query-input":{"@type":"PropertyValueSpecification","valueRequired":true,"valueName":"search_term_string"}}],"inLanguage":"en-GB"},{"@type":"Organization","@id":"https:\/\/denizcankizil.tr\/de\/#organization","name":"Av. Deniz Can K\u0131z\u0131l","url":"https:\/\/denizcankizil.tr\/de\/","logo":{"@type":"ImageObject","inLanguage":"en-GB","@id":"https:\/\/denizcankizil.tr\/de\/#\/schema\/logo\/image\/","url":"https:\/\/denizcankizil.tr\/wp-content\/uploads\/2024\/10\/siyah-logo-svg.svg","contentUrl":"https:\/\/denizcankizil.tr\/wp-content\/uploads\/2024\/10\/siyah-logo-svg.svg","width":1080,"height":1080,"caption":"Av. Deniz Can K\u0131z\u0131l"},"image":{"@id":"https:\/\/denizcankizil.tr\/de\/#\/schema\/logo\/image\/"}},{"@type":"Person","@id":"https:\/\/denizcankizil.tr\/de\/#\/schema\/person\/5dc1b22991bd7ac833867c10afc9b0ff","name":"Av. Deniz Can K\u0131z\u0131l","image":{"@type":"ImageObject","inLanguage":"en-GB","@id":"https:\/\/denizcankizil.tr\/de\/#\/schema\/person\/image\/","url":"https:\/\/secure.gravatar.com\/avatar\/a0b128fb9855c79efc976d5640eedb31dc35ec297594d6016d2cf7c60e975bb6?s=96&d=mm&r=g","contentUrl":"https:\/\/secure.gravatar.com\/avatar\/a0b128fb9855c79efc976d5640eedb31dc35ec297594d6016d2cf7c60e975bb6?s=96&d=mm&r=g","caption":"Av. Deniz Can K\u0131z\u0131l"},"sameAs":["http:\/\/www.denizcankizil.tr"],"url":"https:\/\/denizcankizil.tr\/en\/author\/denizcankizil\/"}]}},"_links":{"self":[{"href":"https:\/\/denizcankizil.tr\/en\/wp-json\/wp\/v2\/posts\/63044","targetHints":{"allow":["GET"]}}],"collection":[{"href":"https:\/\/denizcankizil.tr\/en\/wp-json\/wp\/v2\/posts"}],"about":[{"href":"https:\/\/denizcankizil.tr\/en\/wp-json\/wp\/v2\/types\/post"}],"author":[{"embeddable":true,"href":"https:\/\/denizcankizil.tr\/en\/wp-json\/wp\/v2\/users\/4"}],"replies":[{"embeddable":true,"href":"https:\/\/denizcankizil.tr\/en\/wp-json\/wp\/v2\/comments?post=63044"}],"version-history":[{"count":0,"href":"https:\/\/denizcankizil.tr\/en\/wp-json\/wp\/v2\/posts\/63044\/revisions"}],"wp:featuredmedia":[{"embeddable":true,"href":"https:\/\/denizcankizil.tr\/en\/wp-json\/wp\/v2\/media\/63045"}],"wp:attachment":[{"href":"https:\/\/denizcankizil.tr\/en\/wp-json\/wp\/v2\/media?parent=63044"}],"wp:term":[{"taxonomy":"category","embeddable":true,"href":"https:\/\/denizcankizil.tr\/en\/wp-json\/wp\/v2\/categories?post=63044"},{"taxonomy":"post_tag","embeddable":true,"href":"https:\/\/denizcankizil.tr\/en\/wp-json\/wp\/v2\/tags?post=63044"}],"curies":[{"name":"wp","href":"https:\/\/api.w.org\/{rel}","templated":true}]}}