{"id":62812,"date":"2025-04-22T12:41:45","date_gmt":"2025-04-22T09:41:45","guid":{"rendered":"https:\/\/denizcankizil.tr\/uncategorized-tr\/gultekin-gencer-tartismalara-son-noktayi-koydu-aday-mi-degil-mi-iste-cevap\/"},"modified":"2025-04-22T12:41:45","modified_gmt":"2025-04-22T09:41:45","slug":"gultekin-gencer-tartismalara-son-noktayi-koydu-aday-mi-degil-mi-iste-cevap","status":"publish","type":"post","link":"https:\/\/denizcankizil.tr\/en\/haberler\/gundem\/gultekin-gencer-tartismalara-son-noktayi-koydu-aday-mi-degil-mi-iste-cevap\/","title":{"rendered":"G\u00fcltekin Gencer tart\u0131\u015fmalara son noktay\u0131 koydu: Aday m\u0131 de\u011fil mi i\u015fte cevap!"},"content":{"rendered":"<p>Antalya\u2019da Antalyaspor Kul\u00fcb\u00fc (Dernek) Ba\u015fkanl\u0131\u011f\u0131 ola\u011fan genel kurulunun haziranda yap\u0131lmas\u0131 bekleniyor. Antalyaspor Kul\u00fcb\u00fc Derne\u011fi Ola\u011fan\u00fcst\u00fc Se\u00e7imli Genel Kurul\u2019u ocak ay\u0131nda Atilla Vehbi Konuk Tesisleri\u2019nde yap\u0131lm\u0131\u015f Aziz \u00c7etin\u2019den bo\u015falan koltu\u011fa Mustafa Erg\u00fcn getirilmi\u015fti.<\/p>\n<p>G\u00dcLTEK\u0130N GENCER ADAY OLACAK MI?<\/p>\n<p>Antalya\u2019da spor medyas\u0131 ve Antalyaspor\u2019un \u00f6nde gelenleri bir s\u00fcredir ola\u011fan genel kurulda Antalyaspor Vakf\u0131 Ba\u015fkan\u0131 G\u00fcltekin Gencer\u2019in aday olup olmayaca\u011f\u0131n\u0131 tart\u0131\u015f\u0131yor.<\/p>\n<p>\u0130\u015eTE MERAK ED\u0130LEN A\u00c7IKLAMA<\/p>\n<p>Ya\u015fanan tart\u0131\u015fmalar\u0131n ard\u0131ndan Antalya K\u00f6rfez Gazetesi muhabiri Ertu\u011frul G\u00fcn&#8217;e \u00e7ok \u00f6zel a\u00e7\u0131klama yapt\u0131. Gencer, Antalyaspor Kul\u00fcb\u00fc (Dernek) Ba\u015fkanl\u0131\u011f\u0131na aday olup olmama sorusuna cevap verdi. Gencer, \u201cGazeteci Salim Uzun karde\u015fimiz bana \u2018aday m\u0131s\u0131n\u2019 diyerek sordu. Ben de 30 nisanda yap\u0131lacak olan vak\u0131f\u0131n genel kurulunu i\u015faret ederek aday oldu\u011fumu ifade ettim\u201d dedi.<\/p>\n<p>ADAY DE\u011e\u0130L\u0130M<\/p>\n<p>Gencer, \u201cBen zaten mevcut Antalyaspor Vakf\u0131 Ba\u015fkan\u0131y\u0131m. Aday oldu\u011fumu bir kez daha ifade ettim. Olay bundan ibaret. Antalyaspor Kul\u00fcb\u00fcnde Gene Kurul ne zaman olacak tarih belli de\u011fil. A\u00e7\u0131kland\u0131ktan sonra bak\u0131l\u0131r. Ben sadece \u015fuanda vakf\u0131n aday\u0131y\u0131m. \u015euan ba\u015fka bir yere adayl\u0131\u011f\u0131m s\u00f6z konusu de\u011fil. Bunun d\u0131\u015f\u0131nda bir \u015fey yok\u201d s\u00f6zlerine yer verdi.<\/p>\n<p>\u200bAntalyaspor Vakf\u0131 Ba\u015fkan\u0131 G\u00fcltekin Gencer, son g\u00fcnlerde ya\u015fanan tart\u0131\u015fmalar\u0131n ard\u0131ndan Antalya K\u00f6rfez Gazetesine \u00e7ok \u00f6zel a\u00e7\u0131klama yapt\u0131. Gencer, Antalyaspor Kul\u00fcb\u00fc (Dernek) Ba\u015fkanl\u0131\u011f\u0131na aday olup olmad\u0131\u011f\u0131na y\u00f6nelik soruya net cevap verdi.\u00a0<\/p>\n<p>\u200bHaberin Al\u0131nt\u0131land\u0131\u011f\u0131 Kaynak: www.antalyakorfez.com<\/p>","protected":false},"excerpt":{"rendered":"<p>Antalya\u2019da Antalyaspor Kul\u00fcb\u00fc (Dernek) Ba\u015fkanl\u0131\u011f\u0131 ola\u011fan genel kurulunun haziranda yap\u0131lmas\u0131 bekleniyor. Antalyaspor Kul\u00fcb\u00fc Derne\u011fi Ola\u011fan\u00fcst\u00fc Se\u00e7imli Genel Kurul\u2019u ocak ay\u0131nda Atilla Vehbi Konuk Tesisleri\u2019nde yap\u0131lm\u0131\u015f Aziz \u00c7etin\u2019den bo\u015falan koltu\u011fa Mustafa Erg\u00fcn getirilmi\u015fti. G\u00dcLTEK\u0130N GENCER ADAY OLACAK MI? Antalya\u2019da spor medyas\u0131 ve Antalyaspor\u2019un \u00f6nde gelenleri bir s\u00fcredir ola\u011fan genel kurulda Antalyaspor Vakf\u0131 Ba\u015fkan\u0131 G\u00fcltekin Gencer\u2019in aday olup olmayaca\u011f\u0131n\u0131 tart\u0131\u015f\u0131yor. \u0130\u015eTE MERAK ED\u0130LEN A\u00c7IKLAMA Ya\u015fanan tart\u0131\u015fmalar\u0131n ard\u0131ndan Antalya K\u00f6rfez Gazetesi muhabiri Ertu\u011frul G\u00fcn&#8217;e \u00e7ok \u00f6zel a\u00e7\u0131klama yapt\u0131. Gencer, Antalyaspor Kul\u00fcb\u00fc (Dernek) Ba\u015fkanl\u0131\u011f\u0131na aday olup olmama sorusuna cevap verdi. Gencer, \u201cGazeteci Salim Uzun karde\u015fimiz bana \u2018aday m\u0131s\u0131n\u2019 diyerek sordu. Ben de 30 nisanda yap\u0131lacak olan vak\u0131f\u0131n genel kurulunu i\u015faret ederek aday oldu\u011fumu ifade ettim\u201d dedi. ADAY DE\u011e\u0130L\u0130M Gencer, \u201cBen zaten mevcut Antalyaspor Vakf\u0131 Ba\u015fkan\u0131y\u0131m. Aday oldu\u011fumu bir kez daha ifade ettim. Olay bundan ibaret. Antalyaspor Kul\u00fcb\u00fcnde Gene Kurul ne zaman olacak tarih belli de\u011fil. A\u00e7\u0131kland\u0131ktan sonra bak\u0131l\u0131r. Ben sadece \u015fuanda vakf\u0131n aday\u0131y\u0131m. \u015euan ba\u015fka bir yere adayl\u0131\u011f\u0131m s\u00f6z konusu de\u011fil. Bunun d\u0131\u015f\u0131nda bir \u015fey yok\u201d s\u00f6zlerine yer verdi. \u200bAntalyaspor Vakf\u0131 Ba\u015fkan\u0131 G\u00fcltekin Gencer, son g\u00fcnlerde ya\u015fanan tart\u0131\u015fmalar\u0131n ard\u0131ndan Antalya K\u00f6rfez Gazetesine \u00e7ok \u00f6zel a\u00e7\u0131klama yapt\u0131. Gencer, Antalyaspor Kul\u00fcb\u00fc (Dernek) Ba\u015fkanl\u0131\u011f\u0131na aday olup olmad\u0131\u011f\u0131na y\u00f6nelik soruya net cevap verdi.\u00a0 \u200bHaberin Al\u0131nt\u0131land\u0131\u011f\u0131 Kaynak: www.antalyakorfez.com<\/p>","protected":false},"author":5,"featured_media":0,"comment_status":"","ping_status":"open","sticky":false,"template":"","format":"standard","meta":{"_acf_changed":false,"footnotes":""},"categories":[24],"tags":[],"class_list":["post-62812","post","type-post","status-publish","format-standard","has-post-thumbnail","hentry","category-gundem"],"acf":[],"yoast_head":"<!-- This site is optimized with the Yoast SEO Premium plugin v26.6 (Yoast SEO v27.1.1) - https:\/\/yoast.com\/product\/yoast-seo-premium-wordpress\/ -->\n<title>G\u00fcltekin Gencer tart\u0131\u015fmalara son noktay\u0131 koydu: Aday m\u0131 de\u011fil mi i\u015fte cevap! - Av. Deniz Can K\u0131z\u0131l<\/title>\n<meta name=\"robots\" content=\"index, follow, max-snippet:-1, max-image-preview:large, max-video-preview:-1\" \/>\n<link rel=\"canonical\" href=\"https:\/\/denizcankizil.tr\/en\/haberler\/gundem\/gultekin-gencer-tartismalara-son-noktayi-koydu-aday-mi-degil-mi-iste-cevap\/\" \/>\n<meta property=\"og:locale\" content=\"en_GB\" \/>\n<meta property=\"og:type\" content=\"article\" \/>\n<meta property=\"og:title\" content=\"G\u00fcltekin Gencer tart\u0131\u015fmalara son noktay\u0131 koydu: Aday m\u0131 de\u011fil mi i\u015fte cevap!\" \/>\n<meta property=\"og:description\" content=\"Antalya\u2019da Antalyaspor Kul\u00fcb\u00fc (Dernek) Ba\u015fkanl\u0131\u011f\u0131 ola\u011fan genel kurulunun haziranda yap\u0131lmas\u0131 bekleniyor. Antalyaspor Kul\u00fcb\u00fc Derne\u011fi Ola\u011fan\u00fcst\u00fc Se\u00e7imli Genel Kurul\u2019u ocak ay\u0131nda Atilla Vehbi Konuk Tesisleri\u2019nde yap\u0131lm\u0131\u015f Aziz \u00c7etin\u2019den bo\u015falan koltu\u011fa Mustafa Erg\u00fcn getirilmi\u015fti. G\u00dcLTEK\u0130N GENCER ADAY OLACAK MI? Antalya\u2019da spor medyas\u0131 ve Antalyaspor\u2019un \u00f6nde gelenleri bir s\u00fcredir ola\u011fan genel kurulda Antalyaspor Vakf\u0131 Ba\u015fkan\u0131 G\u00fcltekin Gencer\u2019in aday olup olmayaca\u011f\u0131n\u0131 tart\u0131\u015f\u0131yor. \u0130\u015eTE MERAK ED\u0130LEN A\u00c7IKLAMA Ya\u015fanan tart\u0131\u015fmalar\u0131n ard\u0131ndan Antalya K\u00f6rfez Gazetesi muhabiri Ertu\u011frul G\u00fcn&#8217;e \u00e7ok \u00f6zel a\u00e7\u0131klama yapt\u0131. Gencer, Antalyaspor Kul\u00fcb\u00fc (Dernek) Ba\u015fkanl\u0131\u011f\u0131na aday olup olmama sorusuna cevap verdi. Gencer, \u201cGazeteci Salim Uzun karde\u015fimiz bana \u2018aday m\u0131s\u0131n\u2019 diyerek sordu. Ben de 30 nisanda yap\u0131lacak olan vak\u0131f\u0131n genel kurulunu i\u015faret ederek aday oldu\u011fumu ifade ettim\u201d dedi. ADAY DE\u011e\u0130L\u0130M Gencer, \u201cBen zaten mevcut Antalyaspor Vakf\u0131 Ba\u015fkan\u0131y\u0131m. Aday oldu\u011fumu bir kez daha ifade ettim. Olay bundan ibaret. Antalyaspor Kul\u00fcb\u00fcnde Gene Kurul ne zaman olacak tarih belli de\u011fil. A\u00e7\u0131kland\u0131ktan sonra bak\u0131l\u0131r. Ben sadece \u015fuanda vakf\u0131n aday\u0131y\u0131m. \u015euan ba\u015fka bir yere adayl\u0131\u011f\u0131m s\u00f6z konusu de\u011fil. Bunun d\u0131\u015f\u0131nda bir \u015fey yok\u201d s\u00f6zlerine yer verdi. \u200bAntalyaspor Vakf\u0131 Ba\u015fkan\u0131 G\u00fcltekin Gencer, son g\u00fcnlerde ya\u015fanan tart\u0131\u015fmalar\u0131n ard\u0131ndan Antalya K\u00f6rfez Gazetesine \u00e7ok \u00f6zel a\u00e7\u0131klama yapt\u0131. Gencer, Antalyaspor Kul\u00fcb\u00fc (Dernek) Ba\u015fkanl\u0131\u011f\u0131na aday olup olmad\u0131\u011f\u0131na y\u00f6nelik soruya net cevap verdi.\u00a0 \u200bHaberin Al\u0131nt\u0131land\u0131\u011f\u0131 Kaynak: www.antalyakorfez.com\" \/>\n<meta property=\"og:url\" content=\"https:\/\/denizcankizil.tr\/en\/haberler\/gundem\/gultekin-gencer-tartismalara-son-noktayi-koydu-aday-mi-degil-mi-iste-cevap\/\" \/>\n<meta property=\"og:site_name\" content=\"Av. Deniz Can K\u0131z\u0131l\" \/>\n<meta property=\"article:published_time\" content=\"2025-04-22T09:41:45+00:00\" \/>\n<meta name=\"author\" content=\"Antalya K\u00f6rfez\" \/>\n<meta name=\"twitter:card\" content=\"summary_large_image\" \/>\n<meta name=\"twitter:label1\" content=\"Written by\" \/>\n\t<meta name=\"twitter:data1\" content=\"Antalya K\u00f6rfez\" \/>\n\t<meta name=\"twitter:label2\" content=\"Estimated reading time\" \/>\n\t<meta name=\"twitter:data2\" content=\"1 minute\" \/>\n<script type=\"application\/ld+json\" class=\"yoast-schema-graph\">{\"@context\":\"https:\/\/schema.org\",\"@graph\":[{\"@type\":\"Article\",\"@id\":\"https:\/\/denizcankizil.tr\/de\/haberler\/gundem\/gultekin-gencer-tartismalara-son-noktayi-koydu-aday-mi-degil-mi-iste-cevap\/#article\",\"isPartOf\":{\"@id\":\"https:\/\/denizcankizil.tr\/de\/haberler\/gundem\/gultekin-gencer-tartismalara-son-noktayi-koydu-aday-mi-degil-mi-iste-cevap\/\"},\"author\":{\"name\":\"Antalya K\u00f6rfez\",\"@id\":\"https:\/\/denizcankizil.tr\/de\/#\/schema\/person\/e1eb71bb4dd684d46563f0af307e1234\"},\"headline\":\"G\u00fcltekin Gencer tart\u0131\u015fmalara son noktay\u0131 koydu: Aday m\u0131 de\u011fil mi i\u015fte cevap!\",\"datePublished\":\"2025-04-22T09:41:45+00:00\",\"mainEntityOfPage\":{\"@id\":\"https:\/\/denizcankizil.tr\/de\/haberler\/gundem\/gultekin-gencer-tartismalara-son-noktayi-koydu-aday-mi-degil-mi-iste-cevap\/\"},\"wordCount\":306,\"publisher\":{\"@id\":\"https:\/\/denizcankizil.tr\/de\/#organization\"},\"articleSection\":[\"G\u00fcndem\"],\"inLanguage\":\"en-GB\"},{\"@type\":\"WebPage\",\"@id\":\"https:\/\/denizcankizil.tr\/de\/haberler\/gundem\/gultekin-gencer-tartismalara-son-noktayi-koydu-aday-mi-degil-mi-iste-cevap\/\",\"url\":\"https:\/\/denizcankizil.tr\/de\/haberler\/gundem\/gultekin-gencer-tartismalara-son-noktayi-koydu-aday-mi-degil-mi-iste-cevap\/\",\"name\":\"G\u00fcltekin Gencer tart\u0131\u015fmalara son noktay\u0131 koydu: Aday m\u0131 de\u011fil mi i\u015fte cevap! - Av. Deniz Can K\u0131z\u0131l\",\"isPartOf\":{\"@id\":\"https:\/\/denizcankizil.tr\/de\/#website\"},\"datePublished\":\"2025-04-22T09:41:45+00:00\",\"breadcrumb\":{\"@id\":\"https:\/\/denizcankizil.tr\/de\/haberler\/gundem\/gultekin-gencer-tartismalara-son-noktayi-koydu-aday-mi-degil-mi-iste-cevap\/#breadcrumb\"},\"inLanguage\":\"en-GB\",\"potentialAction\":[{\"@type\":\"ReadAction\",\"target\":[\"https:\/\/denizcankizil.tr\/de\/haberler\/gundem\/gultekin-gencer-tartismalara-son-noktayi-koydu-aday-mi-degil-mi-iste-cevap\/\"]}]},{\"@type\":\"BreadcrumbList\",\"@id\":\"https:\/\/denizcankizil.tr\/de\/haberler\/gundem\/gultekin-gencer-tartismalara-son-noktayi-koydu-aday-mi-degil-mi-iste-cevap\/#breadcrumb\",\"itemListElement\":[{\"@type\":\"ListItem\",\"position\":1,\"name\":\"Home\",\"item\":\"https:\/\/denizcankizil.tr\/de\/\"},{\"@type\":\"ListItem\",\"position\":2,\"name\":\"G\u00fcltekin Gencer tart\u0131\u015fmalara son noktay\u0131 koydu: Aday m\u0131 de\u011fil mi i\u015fte cevap!\"}]},{\"@type\":\"WebSite\",\"@id\":\"https:\/\/denizcankizil.tr\/de\/#website\",\"url\":\"https:\/\/denizcankizil.tr\/de\/\",\"name\":\"Av. Deniz Can K\u0131z\u0131l\",\"description\":\"Avukat Deniz Can K\u0131z\u0131l Antalya Barosu\",\"publisher\":{\"@id\":\"https:\/\/denizcankizil.tr\/de\/#organization\"},\"potentialAction\":[{\"@type\":\"SearchAction\",\"target\":{\"@type\":\"EntryPoint\",\"urlTemplate\":\"https:\/\/denizcankizil.tr\/de\/?s={search_term_string}\"},\"query-input\":{\"@type\":\"PropertyValueSpecification\",\"valueRequired\":true,\"valueName\":\"search_term_string\"}}],\"inLanguage\":\"en-GB\"},{\"@type\":\"Organization\",\"@id\":\"https:\/\/denizcankizil.tr\/de\/#organization\",\"name\":\"Av. Deniz Can K\u0131z\u0131l\",\"url\":\"https:\/\/denizcankizil.tr\/de\/\",\"logo\":{\"@type\":\"ImageObject\",\"inLanguage\":\"en-GB\",\"@id\":\"https:\/\/denizcankizil.tr\/de\/#\/schema\/logo\/image\/\",\"url\":\"https:\/\/denizcankizil.tr\/wp-content\/uploads\/2024\/10\/siyah-logo-svg.svg\",\"contentUrl\":\"https:\/\/denizcankizil.tr\/wp-content\/uploads\/2024\/10\/siyah-logo-svg.svg\",\"width\":1080,\"height\":1080,\"caption\":\"Av. Deniz Can K\u0131z\u0131l\"},\"image\":{\"@id\":\"https:\/\/denizcankizil.tr\/de\/#\/schema\/logo\/image\/\"}},{\"@type\":\"Person\",\"@id\":\"https:\/\/denizcankizil.tr\/de\/#\/schema\/person\/e1eb71bb4dd684d46563f0af307e1234\",\"name\":\"Antalya K\u00f6rfez\",\"image\":{\"@type\":\"ImageObject\",\"inLanguage\":\"en-GB\",\"@id\":\"https:\/\/denizcankizil.tr\/de\/#\/schema\/person\/image\/\",\"url\":\"https:\/\/secure.gravatar.com\/avatar\/42b01982558a48a0b501fdcab6a408d3717ea5919095ee2e67b0e521799c5905?s=96&d=mm&r=g\",\"contentUrl\":\"https:\/\/secure.gravatar.com\/avatar\/42b01982558a48a0b501fdcab6a408d3717ea5919095ee2e67b0e521799c5905?s=96&d=mm&r=g\",\"caption\":\"Antalya K\u00f6rfez\"},\"sameAs\":[\"http:\/\/www.antalyakorfez.com\"],\"url\":\"https:\/\/www.antalyakorfez.com\/gultekin-gencer-tartismalara-son-noktayi-koydu-aday-mi-degil-mi-iste-cevap\"}]}<\/script>\n<!-- \/ Yoast SEO Premium plugin. -->","yoast_head_json":{"title":"G\u00fcltekin Gencer tart\u0131\u015fmalara son noktay\u0131 koydu: Aday m\u0131 de\u011fil mi i\u015fte cevap! - Av. Deniz Can K\u0131z\u0131l","robots":{"index":"index","follow":"follow","max-snippet":"max-snippet:-1","max-image-preview":"max-image-preview:large","max-video-preview":"max-video-preview:-1"},"canonical":"https:\/\/denizcankizil.tr\/en\/haberler\/gundem\/gultekin-gencer-tartismalara-son-noktayi-koydu-aday-mi-degil-mi-iste-cevap\/","og_locale":"en_GB","og_type":"article","og_title":"G\u00fcltekin Gencer tart\u0131\u015fmalara son noktay\u0131 koydu: Aday m\u0131 de\u011fil mi i\u015fte cevap!","og_description":"Antalya\u2019da Antalyaspor Kul\u00fcb\u00fc (Dernek) Ba\u015fkanl\u0131\u011f\u0131 ola\u011fan genel kurulunun haziranda yap\u0131lmas\u0131 bekleniyor. Antalyaspor Kul\u00fcb\u00fc Derne\u011fi Ola\u011fan\u00fcst\u00fc Se\u00e7imli Genel Kurul\u2019u ocak ay\u0131nda Atilla Vehbi Konuk Tesisleri\u2019nde yap\u0131lm\u0131\u015f Aziz \u00c7etin\u2019den bo\u015falan koltu\u011fa Mustafa Erg\u00fcn getirilmi\u015fti. G\u00dcLTEK\u0130N GENCER ADAY OLACAK MI? Antalya\u2019da spor medyas\u0131 ve Antalyaspor\u2019un \u00f6nde gelenleri bir s\u00fcredir ola\u011fan genel kurulda Antalyaspor Vakf\u0131 Ba\u015fkan\u0131 G\u00fcltekin Gencer\u2019in aday olup olmayaca\u011f\u0131n\u0131 tart\u0131\u015f\u0131yor. \u0130\u015eTE MERAK ED\u0130LEN A\u00c7IKLAMA Ya\u015fanan tart\u0131\u015fmalar\u0131n ard\u0131ndan Antalya K\u00f6rfez Gazetesi muhabiri Ertu\u011frul G\u00fcn&#8217;e \u00e7ok \u00f6zel a\u00e7\u0131klama yapt\u0131. Gencer, Antalyaspor Kul\u00fcb\u00fc (Dernek) Ba\u015fkanl\u0131\u011f\u0131na aday olup olmama sorusuna cevap verdi. Gencer, \u201cGazeteci Salim Uzun karde\u015fimiz bana \u2018aday m\u0131s\u0131n\u2019 diyerek sordu. Ben de 30 nisanda yap\u0131lacak olan vak\u0131f\u0131n genel kurulunu i\u015faret ederek aday oldu\u011fumu ifade ettim\u201d dedi. ADAY DE\u011e\u0130L\u0130M Gencer, \u201cBen zaten mevcut Antalyaspor Vakf\u0131 Ba\u015fkan\u0131y\u0131m. Aday oldu\u011fumu bir kez daha ifade ettim. Olay bundan ibaret. Antalyaspor Kul\u00fcb\u00fcnde Gene Kurul ne zaman olacak tarih belli de\u011fil. A\u00e7\u0131kland\u0131ktan sonra bak\u0131l\u0131r. Ben sadece \u015fuanda vakf\u0131n aday\u0131y\u0131m. \u015euan ba\u015fka bir yere adayl\u0131\u011f\u0131m s\u00f6z konusu de\u011fil. Bunun d\u0131\u015f\u0131nda bir \u015fey yok\u201d s\u00f6zlerine yer verdi. \u200bAntalyaspor Vakf\u0131 Ba\u015fkan\u0131 G\u00fcltekin Gencer, son g\u00fcnlerde ya\u015fanan tart\u0131\u015fmalar\u0131n ard\u0131ndan Antalya K\u00f6rfez Gazetesine \u00e7ok \u00f6zel a\u00e7\u0131klama yapt\u0131. Gencer, Antalyaspor Kul\u00fcb\u00fc (Dernek) Ba\u015fkanl\u0131\u011f\u0131na aday olup olmad\u0131\u011f\u0131na y\u00f6nelik soruya net cevap verdi.\u00a0 \u200bHaberin Al\u0131nt\u0131land\u0131\u011f\u0131 Kaynak: www.antalyakorfez.com","og_url":"https:\/\/denizcankizil.tr\/en\/haberler\/gundem\/gultekin-gencer-tartismalara-son-noktayi-koydu-aday-mi-degil-mi-iste-cevap\/","og_site_name":"Av. Deniz Can K\u0131z\u0131l","article_published_time":"2025-04-22T09:41:45+00:00","author":"Antalya K\u00f6rfez","twitter_card":"summary_large_image","twitter_misc":{"Written by":"Antalya K\u00f6rfez","Estimated reading time":"1 minute"},"schema":{"@context":"https:\/\/schema.org","@graph":[{"@type":"Article","@id":"https:\/\/denizcankizil.tr\/de\/haberler\/gundem\/gultekin-gencer-tartismalara-son-noktayi-koydu-aday-mi-degil-mi-iste-cevap\/#article","isPartOf":{"@id":"https:\/\/denizcankizil.tr\/de\/haberler\/gundem\/gultekin-gencer-tartismalara-son-noktayi-koydu-aday-mi-degil-mi-iste-cevap\/"},"author":{"name":"Antalya K\u00f6rfez","@id":"https:\/\/denizcankizil.tr\/de\/#\/schema\/person\/e1eb71bb4dd684d46563f0af307e1234"},"headline":"G\u00fcltekin Gencer tart\u0131\u015fmalara son noktay\u0131 koydu: Aday m\u0131 de\u011fil mi i\u015fte cevap!","datePublished":"2025-04-22T09:41:45+00:00","mainEntityOfPage":{"@id":"https:\/\/denizcankizil.tr\/de\/haberler\/gundem\/gultekin-gencer-tartismalara-son-noktayi-koydu-aday-mi-degil-mi-iste-cevap\/"},"wordCount":306,"publisher":{"@id":"https:\/\/denizcankizil.tr\/de\/#organization"},"articleSection":["G\u00fcndem"],"inLanguage":"en-GB"},{"@type":"WebPage","@id":"https:\/\/denizcankizil.tr\/de\/haberler\/gundem\/gultekin-gencer-tartismalara-son-noktayi-koydu-aday-mi-degil-mi-iste-cevap\/","url":"https:\/\/denizcankizil.tr\/de\/haberler\/gundem\/gultekin-gencer-tartismalara-son-noktayi-koydu-aday-mi-degil-mi-iste-cevap\/","name":"G\u00fcltekin Gencer tart\u0131\u015fmalara son noktay\u0131 koydu: Aday m\u0131 de\u011fil mi i\u015fte cevap! - Av. Deniz Can K\u0131z\u0131l","isPartOf":{"@id":"https:\/\/denizcankizil.tr\/de\/#website"},"datePublished":"2025-04-22T09:41:45+00:00","breadcrumb":{"@id":"https:\/\/denizcankizil.tr\/de\/haberler\/gundem\/gultekin-gencer-tartismalara-son-noktayi-koydu-aday-mi-degil-mi-iste-cevap\/#breadcrumb"},"inLanguage":"en-GB","potentialAction":[{"@type":"ReadAction","target":["https:\/\/denizcankizil.tr\/de\/haberler\/gundem\/gultekin-gencer-tartismalara-son-noktayi-koydu-aday-mi-degil-mi-iste-cevap\/"]}]},{"@type":"BreadcrumbList","@id":"https:\/\/denizcankizil.tr\/de\/haberler\/gundem\/gultekin-gencer-tartismalara-son-noktayi-koydu-aday-mi-degil-mi-iste-cevap\/#breadcrumb","itemListElement":[{"@type":"ListItem","position":1,"name":"Home","item":"https:\/\/denizcankizil.tr\/de\/"},{"@type":"ListItem","position":2,"name":"G\u00fcltekin Gencer tart\u0131\u015fmalara son noktay\u0131 koydu: Aday m\u0131 de\u011fil mi i\u015fte cevap!"}]},{"@type":"WebSite","@id":"https:\/\/denizcankizil.tr\/de\/#website","url":"https:\/\/denizcankizil.tr\/de\/","name":"Av. Deniz Can K\u0131z\u0131l","description":"Avukat Deniz Can K\u0131z\u0131l Antalya Barosu","publisher":{"@id":"https:\/\/denizcankizil.tr\/de\/#organization"},"potentialAction":[{"@type":"SearchAction","target":{"@type":"EntryPoint","urlTemplate":"https:\/\/denizcankizil.tr\/de\/?s={search_term_string}"},"query-input":{"@type":"PropertyValueSpecification","valueRequired":true,"valueName":"search_term_string"}}],"inLanguage":"en-GB"},{"@type":"Organization","@id":"https:\/\/denizcankizil.tr\/de\/#organization","name":"Av. Deniz Can K\u0131z\u0131l","url":"https:\/\/denizcankizil.tr\/de\/","logo":{"@type":"ImageObject","inLanguage":"en-GB","@id":"https:\/\/denizcankizil.tr\/de\/#\/schema\/logo\/image\/","url":"https:\/\/denizcankizil.tr\/wp-content\/uploads\/2024\/10\/siyah-logo-svg.svg","contentUrl":"https:\/\/denizcankizil.tr\/wp-content\/uploads\/2024\/10\/siyah-logo-svg.svg","width":1080,"height":1080,"caption":"Av. Deniz Can K\u0131z\u0131l"},"image":{"@id":"https:\/\/denizcankizil.tr\/de\/#\/schema\/logo\/image\/"}},{"@type":"Person","@id":"https:\/\/denizcankizil.tr\/de\/#\/schema\/person\/e1eb71bb4dd684d46563f0af307e1234","name":"Antalya K\u00f6rfez","image":{"@type":"ImageObject","inLanguage":"en-GB","@id":"https:\/\/denizcankizil.tr\/de\/#\/schema\/person\/image\/","url":"https:\/\/secure.gravatar.com\/avatar\/42b01982558a48a0b501fdcab6a408d3717ea5919095ee2e67b0e521799c5905?s=96&d=mm&r=g","contentUrl":"https:\/\/secure.gravatar.com\/avatar\/42b01982558a48a0b501fdcab6a408d3717ea5919095ee2e67b0e521799c5905?s=96&d=mm&r=g","caption":"Antalya K\u00f6rfez"},"sameAs":["http:\/\/www.antalyakorfez.com"],"url":"https:\/\/www.antalyakorfez.com\/gultekin-gencer-tartismalara-son-noktayi-koydu-aday-mi-degil-mi-iste-cevap"}]}},"_links":{"self":[{"href":"https:\/\/denizcankizil.tr\/en\/wp-json\/wp\/v2\/posts\/62812","targetHints":{"allow":["GET"]}}],"collection":[{"href":"https:\/\/denizcankizil.tr\/en\/wp-json\/wp\/v2\/posts"}],"about":[{"href":"https:\/\/denizcankizil.tr\/en\/wp-json\/wp\/v2\/types\/post"}],"author":[{"embeddable":true,"href":"https:\/\/denizcankizil.tr\/en\/wp-json\/wp\/v2\/users\/5"}],"replies":[{"embeddable":true,"href":"https:\/\/denizcankizil.tr\/en\/wp-json\/wp\/v2\/comments?post=62812"}],"version-history":[{"count":0,"href":"https:\/\/denizcankizil.tr\/en\/wp-json\/wp\/v2\/posts\/62812\/revisions"}],"wp:attachment":[{"href":"https:\/\/denizcankizil.tr\/en\/wp-json\/wp\/v2\/media?parent=62812"}],"wp:term":[{"taxonomy":"category","embeddable":true,"href":"https:\/\/denizcankizil.tr\/en\/wp-json\/wp\/v2\/categories?post=62812"},{"taxonomy":"post_tag","embeddable":true,"href":"https:\/\/denizcankizil.tr\/en\/wp-json\/wp\/v2\/tags?post=62812"}],"curies":[{"name":"wp","href":"https:\/\/api.w.org\/{rel}","templated":true}]}}