{"id":62680,"date":"2025-04-18T17:58:00","date_gmt":"2025-04-18T14:58:00","guid":{"rendered":"https:\/\/denizcankizil.tr\/uncategorized-tr\/infazin-ertelenmesinde-toplam-cezanin-esas-alinmasi\/"},"modified":"2025-04-18T17:58:00","modified_gmt":"2025-04-18T14:58:00","slug":"infazin-ertelenmesinde-toplam-cezanin-esas-alinmasi","status":"publish","type":"post","link":"https:\/\/denizcankizil.tr\/en\/hukukihaber\/infazin-ertelenmesinde-toplam-cezanin-esas-alinmasi\/","title":{"rendered":"\u0130nfaz\u0131n Ertelenmesinde Toplam Cezan\u0131n Esas Al\u0131nmas\u0131"},"content":{"rendered":"<p>5275 say\u0131l\u0131 Ceza ve G\u00fcvenlik Tedbirlerinin \u0130nfaz\u0131 Hakk\u0131nda Kanun m.17\u2019de, h\u00fck\u00fcml\u00fcn\u00fcn istemiyle infaz\u0131n ertelenmesi m\u00fcessesesi ve \u015fartlar\u0131 d\u00fczenlenmi\u015ftir. H\u00fck\u00fcml\u00fcn\u00fcn infaz ertelemeden faydalanabilmesi i\u00e7in, infaza konu cezas\u0131n\u0131n kas\u0131tl\u0131 su\u00e7larda azami 3 y\u0131l ve taksirli su\u00e7larda azami 5 y\u0131l olmas\u0131 gereklidir. Ter\u00f6r ve \u00f6rg\u00fctl\u00fc su\u00e7lar, cinsel dokunulmazl\u0131\u011fa kar\u015f\u0131 i\u015flenen su\u00e7lar, hakk\u0131nda m\u00fckerrirlere \u00f6zg\u00fc infaz rejimi uygulananlar, disiplin veya tazyik hapsi alanlar bu usulden faydalanamaz.<\/p>\n<p>H\u00fck\u00fcml\u00fcn\u00fcn talebiyle infaz\u0131n ertelenebilmesi i\u00e7in \u00f6ng\u00f6r\u00fclen kas\u0131tl\u0131 su\u00e7larda 3 y\u0131l, taksirli su\u00e7larda 5 y\u0131l veya daha az s\u00fcreli hapis cezas\u0131 \u015fart\u0131n\u0131n, h\u00fck\u00fcml\u00fcn\u00fcn birden fazla cezas\u0131 varsa nas\u0131l yorumlanmas\u0131 gerekti\u011fi ile ilgili teredd\u00fct olu\u015fabilmektedir. B\u00f6yle bir durumda h\u00fck\u00fcml\u00fcn\u00fcn mahkum oldu\u011fu her bir hapis cezas\u0131n\u0131n s\u00fcresi mi, yoksa infaza konu t\u00fcm cezalar\u0131n\u0131n toplam\u0131 m\u0131 esas al\u0131nacakt\u0131r? Esasen bu yeni bir tart\u0131\u015fma de\u011fildir; uzun y\u0131llard\u0131r h\u00fck\u00fcml\u00fc aleyhine uygulama yap\u0131lan ve bizim de yaz\u0131lar\u0131m\u0131zda kar\u015f\u0131 g\u00f6r\u00fc\u015f belirtti\u011fimiz bu meselede, yerle\u015fik uygulama h\u00fck\u00fcml\u00fcn\u00fcn toplam cezas\u0131n\u0131n esas al\u0131nmas\u0131 y\u00f6n\u00fcndedir.<\/p>\n<p>Bu konuda daha \u00f6nce Adalet Bakanl\u0131\u011f\u0131 Ceza \u0130\u015fleri Genel M\u00fcd\u00fcrl\u00fc\u011f\u00fc\u2019n\u00fcn 24.08.2015 tarihli ve 19120602-045-02-0507-2015-E.1297\/54967 say\u0131l\u0131 g\u00f6r\u00fc\u015f\u00fcnde; \u201c\u2026Di\u011fer taraftan, Kanunun 17 nci maddesinde, infaz\u0131n ertelenmesinde mahkum olunan hapis cezas\u0131n\u0131n s\u00fcresine ba\u011fl\u0131 olarak bir s\u0131n\u0131r getiren kanun koyucunun, bu s\u00fcrenin \u00fcst\u00fcndeki cezalarda bir ka\u00e7ma \u015f\u00fcphesini kanuni karine haline getirdi\u011fi g\u00f6zetildi\u011finde, toplam\u0131 bu s\u00fcreyi a\u015fan cezalar\u0131n infaz\u0131 bak\u0131m\u0131ndan da ayn\u0131 sak\u0131ncalar\u0131n var oldu\u011fu, bu nedenle Kanunun 17 nci maddesi kapsam\u0131ndaki taleplerde, infaz\u0131 gereken toplam ceza s\u00fcresinin esas al\u0131nmas\u0131 gerekece\u011fi de\u011ferlendirilmektedir.\u201d a\u00e7\u0131klamalar\u0131na yer verilmi\u015ftir.<\/p>\n<p>Yarg\u0131tay 1. Ceza Dairesi\u2019nin 13.03.2025 tarihli, 2024\/5581 E. ve 2025\/2052 K. say\u0131l\u0131 karar\u0131nda; \u201c5275 say\u0131l\u0131 Kanunun 17. maddesine g\u00f6re erteleme isteminde, maddede \u00f6ng\u00f6r\u00fclen cezan\u0131n s\u00fcre \u015fart\u0131 a\u00e7\u0131s\u0131ndan de\u011ferlendirme yap\u0131l\u0131rken, h\u00fck\u00fcml\u00fcn\u00fcn kesinle\u015fen ve infaza verilen birden fazla cezas\u0131 varsa, her bir cezas\u0131n\u0131n ayr\u0131 ayr\u0131 de\u011fil cezalar\u0131n\u0131n toplam s\u00fcresinin dikkate al\u0131narak de\u011ferlendirme yap\u0131lmas\u0131 gerekmekte olup\u2026\u201d denilerek, h\u00fck\u00fcml\u00fc aleyhine sonu\u00e7 do\u011furan uygulaman\u0131n devam edece\u011fi ortaya koyulmu\u015ftur.<\/p>\n<p>Kanaatimizce bu uygulama hatal\u0131d\u0131r; \u00e7\u00fcnk\u00fc cezalar\u0131n toplanaca\u011f\u0131 veya toplam cezan\u0131n esas al\u0131naca\u011f\u0131 konusunda a\u00e7\u0131k yasal d\u00fczenleme olmad\u0131\u011f\u0131 s\u00fcrece, toplama usul\u00fc, h\u00fck\u00fcml\u00fc lehine olan m\u00fcesseselerin tatbikini engellememelidir. Her bir hapis cezas\u0131n\u0131n ba\u011f\u0131ms\u0131z varl\u0131\u011f\u0131n\u0131 koruyup infaz edildi\u011fi durumda, h\u00fck\u00fcml\u00fcn\u00fcn infaz\u0131n\u0131n ertelenebilmesi m\u00fcmk\u00fcnse, cezalar toplanmamal\u0131d\u0131r. Ki\u015fi h\u00fcrriyeti ve g\u00fcvenli\u011fi hakk\u0131na ili\u015fkin kanunlar\u0131n tatbikinde, aleyhe de\u011fil lehe de\u011ferlendirme yap\u0131lmal\u0131d\u0131r. Bir ba\u015fka ifadeyle; ki\u015fi h\u00fcrriyeti ve g\u00fcvenli\u011fi hakk\u0131 bak\u0131m\u0131ndan temel kriter, h\u00fck\u00fcml\u00fc lehine yorum ve uygulama yap\u0131lmas\u0131 olup, aleyhe tatbikat\u0131n mutlak \u015fekilde yasal dayana\u011f\u0131 bulunmal\u0131d\u0131r.<\/p>\n<p>5275 say\u0131l\u0131 Ceza \u0130nfaz Kanunu\u2019nun \u201cH\u00fck\u00fcml\u00fcn\u00fcn istemiyle infaz\u0131n ertelenmesi\u201d ba\u015fl\u0131kl\u0131 17. maddesinde, \u201ctoplam ceza\u201d kriterine yer verilmemi\u015ftir. Benzer bir durum; daha \u00f6nce, \u00f6zel infaz usullerini d\u00fczenleyen 5275 say\u0131l\u0131 Kanun m.110 y\u00f6n\u00fcnden g\u00fcndeme gelmi\u015f ve Yarg\u0131tay madde metninde toplam cezan\u0131n esas al\u0131naca\u011f\u0131na dair a\u00e7\u0131k d\u00fczenleme olmad\u0131\u011f\u0131 s\u00fcrece h\u00fck\u00fcml\u00fc aleyhine geni\u015fletici yorumla uygulama yap\u0131lamayaca\u011f\u0131na dair isabetli kararlar vermi\u015f olup[1], bu durum \u00fczerine h\u00fck\u00fcml\u00fc aleyhine uygulamay\u0131 teminen 14.04.2020 tarihli 7242 say\u0131l\u0131 Kanun de\u011fi\u015fikli\u011fi ile Kanunun 110. maddesine \u201ctoplam\u201d ibaresi eklenmi\u015ftir. Benzer \u015fekilde; h\u00fck\u00fcml\u00fcn\u00fcn istemiyle infaz\u0131n ertelenmesine dair Kanunun 17. maddesinde de \u201ctoplam\u201d ibaresine yer verilmedi\u011fi s\u00fcrece, h\u00fck\u00fcml\u00fc aleyhine geni\u015fletici yorum yap\u0131lmamas\u0131 gerekir.<\/p>\n<p>T\u00fcm bu sebeplerle; birden fazla kesinle\u015fmi\u015f mahkumiyet bulunmas\u0131 halinde, infaz\u0131n ertelenmesi y\u00f6n\u00fcnden de cezalar\u0131n toplam\u0131n\u0131n esas al\u0131naca\u011f\u0131na dair g\u00f6r\u00fc\u015f\u00fcn, mevcut yasal d\u00fczenlemeler kar\u015f\u0131s\u0131nda isabetli olmad\u0131\u011f\u0131 anla\u015f\u0131lmaktad\u0131r.<\/p>\n<p>Yukar\u0131da a\u00e7\u0131klanan sebeplerle kar\u015f\u0131 g\u00f6r\u00fc\u015fte oldu\u011fumuzu tekrarla; uygulaman\u0131n h\u00fck\u00fcml\u00fc aleyhine oldu\u011funu, infaz\u0131n ertelenmesi konusunda da azami s\u00fcrelerin hesab\u0131nda toplam cezan\u0131n esas al\u0131nd\u0131\u011f\u0131n\u0131, Yarg\u0131tay\u2019\u0131n g\u00fcncel karar\u0131nda da bu hususa i\u015faret edildi\u011fini ifade etmek isteriz. Sonu\u00e7 olarak; uygulamaya g\u00f6re, infaz erteleme i\u00e7in 3 ve 5 y\u0131ll\u0131k azami s\u00fcre \u015fart\u0131 ayn\u0131 anda infaza giren toplam cezalar i\u00e7in ge\u00e7erlidir, yani h\u00fck\u00fcml\u00fcn\u00fcn infaza konu birden fazla cezas\u0131 varsa her ceza ayr\u0131 ayr\u0131 dikkate al\u0131nmayacak olup, cezalar\u0131n toplam\u0131n\u0131n bu azami s\u00fcreleri ge\u00e7memesi gerekmektedir.<\/p>\n<p>Prof. Dr. Ersan \u015een<\/p>\n<p>Av. Beyza Ba\u015fer Berk\u00fcn<\/p>\n<p>(Bu makale, say\u0131n\u00a0Prof. Dr. Ersan \u015eEN\u00a0taraf\u0131ndan\u00a0www.hukukihaber.net\u00a0sitesinde yay\u0131nlanmas\u0131 i\u00e7in kaleme al\u0131nm\u0131\u015ft\u0131r. Kaynak g\u00f6sterilse dahi makalenin tamam\u0131 \u00f6zel izin al\u0131nmadan kullan\u0131lamaz. Ancak al\u0131nt\u0131lanan makalenin bir b\u00f6l\u00fcm\u00fc, aktif link verilerek kullan\u0131labilir. Yazar\u0131 ve kayna\u011f\u0131 g\u00f6sterilmeden k\u0131smen ya da tamamen yay\u0131nlanmas\u0131 \u015fahsi haklara ve fikri haklara ayk\u0131r\u0131l\u0131k te\u015fkil eder.)<\/p>\n<p>&#8212;&#8212;&#8212;-<\/p>\n<p>[1] Y.7.CD, 11.01.2017, 2016\/18844 E., 2017\/144 K.; Y.12.CD, 03.06.2014, 2014\/7592 E., 2014\/13644 K.<\/p>\n<p>\u200b5275 say\u0131l\u0131 Ceza ve G\u00fcvenlik Tedbirlerinin \u0130nfaz\u0131 Hakk\u0131nda Kanun m.17\u2019de, h\u00fck\u00fcml\u00fcn\u00fcn istemiyle infaz\u0131n ertelenmesi m\u00fcessesesi ve \u015fartlar\u0131 d\u00fczenlenmi\u015ftir. H\u00fck\u00fcml\u00fcn\u00fcn infaz ertelemeden faydalanabilmesi i\u00e7in, infaza konu cezas\u0131n\u0131n kas\u0131tl\u0131 su\u00e7larda azami 3 y\u0131l ve taksirli su\u00e7larda azami 5 y\u0131l olmas\u0131 gereklidir. Ter\u00f6r ve \u00f6rg\u00fctl\u00fc su\u00e7lar, cinsel dokunulmazl\u0131\u011fa kar\u015f\u0131 i\u015flenen su\u00e7lar, hakk\u0131nda m\u00fckerrirlere \u00f6zg\u00fc infaz rejimi uygulananlar, disiplin veya tazyik hapsi alanlar bu usulden faydalanamaz.<\/p>\n<p>H\u00fck\u00fcml\u00fcn\u00fcn talebiyle infaz\u0131n ertelenebilmesi i\u00e7in \u00f6ng\u00f6r\u00fclen kas\u0131tl\u0131 su\u00e7larda 3 y\u0131l, taksirli su\u00e7larda 5 y\u0131l veya daha az s\u00fcreli hapis cezas\u0131 \u015fart\u0131n\u0131n, h\u00fck\u00fcml\u00fcn\u00fcn birden fazla cezas\u0131 varsa nas\u0131l yorumlanmas\u0131 gerekti\u011fi ile ilgili teredd\u00fct olu\u015fabilmektedir. B\u00f6yle bir durumda h\u00fck\u00fcml\u00fcn\u00fcn mahkum oldu\u011fu her bir hapis cezas\u0131n\u0131n s\u00fcresi mi, yoksa infaza konu t\u00fcm cezalar\u0131n\u0131n toplam\u0131 m\u0131 esas al\u0131nacakt\u0131r? Esasen bu yeni bir tart\u0131\u015fma de\u011fildir; uzun y\u0131llard\u0131r h\u00fck\u00fcml\u00fc aleyhine uygulama yap\u0131lan ve bizim de yaz\u0131lar\u0131m\u0131zda kar\u015f\u0131 g\u00f6r\u00fc\u015f belirtti\u011fimiz bu meselede, yerle\u015fik uygulama h\u00fck\u00fcml\u00fcn\u00fcn toplam cezas\u0131n\u0131n esas al\u0131nmas\u0131 y\u00f6n\u00fcndedir.<\/p>\n<p>Bu konuda daha \u00f6nce Adalet Bakanl\u0131\u011f\u0131 Ceza \u0130\u015fleri Genel M\u00fcd\u00fcrl\u00fc\u011f\u00fc\u2019n\u00fcn 24.08.2015 tarihli ve 19120602-045-02-0507-2015-E.1297\/54967 say\u0131l\u0131 g\u00f6r\u00fc\u015f\u00fcnde; \u201c\u2026Di\u011fer taraftan, Kanunun 17 nci maddesinde, infaz\u0131n ertelenmesinde mahkum olunan hapis cezas\u0131n\u0131n s\u00fcresine ba\u011fl\u0131 olarak bir s\u0131n\u0131r getiren kanun koyucunun, bu s\u00fcrenin \u00fcst\u00fcndeki cezalarda bir ka\u00e7ma \u015f\u00fcphesini kanuni karine haline getirdi\u011fi g\u00f6zetildi\u011finde, toplam\u0131 bu s\u00fcreyi a\u015fan cezalar\u0131n infaz\u0131 bak\u0131m\u0131ndan da ayn\u0131 sak\u0131ncalar\u0131n var oldu\u011fu, bu nedenle Kanunun 17 nci maddesi kapsam\u0131ndaki taleplerde, infaz\u0131 gereken toplam ceza s\u00fcresinin esas al\u0131nmas\u0131 gerekece\u011fi de\u011ferlendirilmektedir.\u201d a\u00e7\u0131klamalar\u0131na yer verilmi\u015ftir.<\/p>\n<p>Yarg\u0131tay 1. Ceza Dairesi\u2019nin 13.03.2025 tarihli, 2024\/5581 E. ve 2025\/2052 K. say\u0131l\u0131 karar\u0131nda; \u201c5275 say\u0131l\u0131 Kanunun 17. maddesine g\u00f6re erteleme isteminde, maddede \u00f6ng\u00f6r\u00fclen cezan\u0131n s\u00fcre \u015fart\u0131 a\u00e7\u0131s\u0131ndan de\u011ferlendirme yap\u0131l\u0131rken, h\u00fck\u00fcml\u00fcn\u00fcn kesinle\u015fen ve infaza verilen birden fazla cezas\u0131 varsa, her bir cezas\u0131n\u0131n ayr\u0131 ayr\u0131 de\u011fil cezalar\u0131n\u0131n toplam s\u00fcresinin dikkate al\u0131narak de\u011ferlendirme yap\u0131lmas\u0131 gerekmekte olup\u2026\u201d denilerek, h\u00fck\u00fcml\u00fc aleyhine sonu\u00e7 do\u011furan uygulaman\u0131n devam edece\u011fi ortaya koyulmu\u015ftur.<\/p>\n<p>Kanaatimizce bu uygulama hatal\u0131d\u0131r; \u00e7\u00fcnk\u00fc cezalar\u0131n toplanaca\u011f\u0131 veya toplam cezan\u0131n esas al\u0131naca\u011f\u0131 konusunda a\u00e7\u0131k yasal d\u00fczenleme olmad\u0131\u011f\u0131 s\u00fcrece, toplama usul\u00fc, h\u00fck\u00fcml\u00fc lehine olan m\u00fcesseselerin tatbikini engellememelidir. Her bir hapis cezas\u0131n\u0131n ba\u011f\u0131ms\u0131z varl\u0131\u011f\u0131n\u0131 koruyup infaz edildi\u011fi durumda, h\u00fck\u00fcml\u00fcn\u00fcn infaz\u0131n\u0131n ertelenebilmesi m\u00fcmk\u00fcnse, cezalar toplanmamal\u0131d\u0131r. Ki\u015fi h\u00fcrriyeti ve g\u00fcvenli\u011fi hakk\u0131na ili\u015fkin kanunlar\u0131n tatbikinde, aleyhe de\u011fil lehe de\u011ferlendirme yap\u0131lmal\u0131d\u0131r. Bir ba\u015fka ifadeyle; ki\u015fi h\u00fcrriyeti ve g\u00fcvenli\u011fi hakk\u0131 bak\u0131m\u0131ndan temel kriter, h\u00fck\u00fcml\u00fc lehine yorum ve uygulama yap\u0131lmas\u0131 olup, aleyhe tatbikat\u0131n mutlak \u015fekilde yasal dayana\u011f\u0131 bulunmal\u0131d\u0131r.<\/p>\n<p>5275 say\u0131l\u0131 Ceza \u0130nfaz Kanunu\u2019nun \u201cH\u00fck\u00fcml\u00fcn\u00fcn istemiyle infaz\u0131n ertelenmesi\u201d ba\u015fl\u0131kl\u0131 17. maddesinde, \u201ctoplam ceza\u201d kriterine yer verilmemi\u015ftir. Benzer bir durum; daha \u00f6nce, \u00f6zel infaz usullerini d\u00fczenleyen 5275 say\u0131l\u0131 Kanun m.110 y\u00f6n\u00fcnden g\u00fcndeme gelmi\u015f ve Yarg\u0131tay madde metninde toplam cezan\u0131n esas al\u0131naca\u011f\u0131na dair a\u00e7\u0131k d\u00fczenleme olmad\u0131\u011f\u0131 s\u00fcrece h\u00fck\u00fcml\u00fc aleyhine geni\u015fletici yorumla uygulama yap\u0131lamayaca\u011f\u0131na dair isabetli kararlar vermi\u015f olup[1], bu durum \u00fczerine h\u00fck\u00fcml\u00fc aleyhine uygulamay\u0131 teminen 14.04.2020 tarihli 7242 say\u0131l\u0131 Kanun de\u011fi\u015fikli\u011fi ile Kanunun 110. maddesine \u201ctoplam\u201d ibaresi eklenmi\u015ftir. Benzer \u015fekilde; h\u00fck\u00fcml\u00fcn\u00fcn istemiyle infaz\u0131n ertelenmesine dair Kanunun 17. maddesinde de \u201ctoplam\u201d ibaresine yer verilmedi\u011fi s\u00fcrece, h\u00fck\u00fcml\u00fc aleyhine geni\u015fletici yorum yap\u0131lmamas\u0131 gerekir.<\/p>\n<p>T\u00fcm bu sebeplerle; birden fazla kesinle\u015fmi\u015f mahkumiyet bulunmas\u0131 halinde, infaz\u0131n ertelenmesi y\u00f6n\u00fcnden de cezalar\u0131n toplam\u0131n\u0131n esas al\u0131naca\u011f\u0131na dair g\u00f6r\u00fc\u015f\u00fcn, mevcut yasal d\u00fczenlemeler kar\u015f\u0131s\u0131nda isabetli olmad\u0131\u011f\u0131 anla\u015f\u0131lmaktad\u0131r.<\/p>\n<p>Yukar\u0131da a\u00e7\u0131klanan sebeplerle kar\u015f\u0131 g\u00f6r\u00fc\u015fte oldu\u011fumuzu tekrarla; uygulaman\u0131n h\u00fck\u00fcml\u00fc aleyhine oldu\u011funu, infaz\u0131n ertelenmesi konusunda da azami s\u00fcrelerin hesab\u0131nda toplam cezan\u0131n esas al\u0131nd\u0131\u011f\u0131n\u0131, Yarg\u0131tay\u2019\u0131n g\u00fcncel karar\u0131nda da bu hususa i\u015faret edildi\u011fini ifade etmek isteriz. Sonu\u00e7 olarak; uygulamaya g\u00f6re, infaz erteleme i\u00e7in 3 ve 5 y\u0131ll\u0131k azami s\u00fcre \u015fart\u0131 ayn\u0131 anda infaza giren toplam cezalar i\u00e7in ge\u00e7erlidir, yani h\u00fck\u00fcml\u00fcn\u00fcn infaza konu birden fazla cezas\u0131 varsa her ceza ayr\u0131 ayr\u0131 dikkate al\u0131nmayacak olup, cezalar\u0131n toplam\u0131n\u0131n bu azami s\u00fcreleri ge\u00e7memesi gerekmektedir.<\/p>\n<p>Prof. Dr. Ersan \u015een<\/p>\n<p>Av. Beyza Ba\u015fer Berk\u00fcn<\/p>\n<p>(Bu makale, say\u0131n\u00a0Prof. Dr. Ersan \u015eEN\u00a0taraf\u0131ndan\u00a0www.hukukihaber.net\u00a0sitesinde yay\u0131nlanmas\u0131 i\u00e7in kaleme al\u0131nm\u0131\u015ft\u0131r. Kaynak g\u00f6sterilse dahi makalenin tamam\u0131 \u00f6zel izin al\u0131nmadan kullan\u0131lamaz. Ancak al\u0131nt\u0131lanan makalenin bir b\u00f6l\u00fcm\u00fc, aktif link verilerek kullan\u0131labilir. Yazar\u0131 ve kayna\u011f\u0131 g\u00f6sterilmeden k\u0131smen ya da tamamen yay\u0131nlanmas\u0131 \u015fahsi haklara ve fikri haklara ayk\u0131r\u0131l\u0131k te\u015fkil eder.)<\/p>\n<p>&#8212;&#8212;&#8212;-<\/p>\n<p>[1] Y.7.CD, 11.01.2017, 2016\/18844 E., 2017\/144 K.; Y.12.CD, 03.06.2014, 2014\/7592 E., 2014\/13644 K.\u00a0Hukuki Haber<\/p>\n<p>Haberin Al\u0131nt\u0131land\u0131\u011f\u0131 Kaynak: www.hukukihaber.net<\/p>","protected":false},"excerpt":{"rendered":"<p>5275 say\u0131l\u0131 Ceza ve G\u00fcvenlik Tedbirlerinin \u0130nfaz\u0131 Hakk\u0131nda Kanun m.17\u2019de, h\u00fck\u00fcml\u00fcn\u00fcn istemiyle infaz\u0131n ertelenmesi m\u00fcessesesi ve \u015fartlar\u0131 d\u00fczenlenmi\u015ftir. H\u00fck\u00fcml\u00fcn\u00fcn infaz ertelemeden faydalanabilmesi i\u00e7in, infaza konu cezas\u0131n\u0131n kas\u0131tl\u0131 su\u00e7larda azami 3 y\u0131l ve taksirli su\u00e7larda azami 5 y\u0131l olmas\u0131 gereklidir. Ter\u00f6r ve \u00f6rg\u00fctl\u00fc su\u00e7lar, cinsel dokunulmazl\u0131\u011fa kar\u015f\u0131 i\u015flenen su\u00e7lar, hakk\u0131nda m\u00fckerrirlere \u00f6zg\u00fc infaz rejimi uygulananlar, disiplin veya tazyik hapsi alanlar bu usulden faydalanamaz. H\u00fck\u00fcml\u00fcn\u00fcn talebiyle infaz\u0131n ertelenebilmesi i\u00e7in \u00f6ng\u00f6r\u00fclen kas\u0131tl\u0131 su\u00e7larda 3 y\u0131l, taksirli su\u00e7larda 5 y\u0131l veya daha az s\u00fcreli hapis cezas\u0131 \u015fart\u0131n\u0131n, h\u00fck\u00fcml\u00fcn\u00fcn birden fazla cezas\u0131 varsa nas\u0131l yorumlanmas\u0131 gerekti\u011fi ile ilgili teredd\u00fct olu\u015fabilmektedir. B\u00f6yle bir durumda h\u00fck\u00fcml\u00fcn\u00fcn mahkum oldu\u011fu her bir hapis cezas\u0131n\u0131n s\u00fcresi mi, yoksa infaza konu t\u00fcm cezalar\u0131n\u0131n toplam\u0131 m\u0131 esas al\u0131nacakt\u0131r? Esasen bu yeni bir tart\u0131\u015fma de\u011fildir; uzun y\u0131llard\u0131r h\u00fck\u00fcml\u00fc aleyhine uygulama yap\u0131lan ve bizim de yaz\u0131lar\u0131m\u0131zda kar\u015f\u0131 g\u00f6r\u00fc\u015f belirtti\u011fimiz bu meselede, yerle\u015fik uygulama h\u00fck\u00fcml\u00fcn\u00fcn toplam cezas\u0131n\u0131n esas al\u0131nmas\u0131 y\u00f6n\u00fcndedir. Bu konuda daha \u00f6nce Adalet Bakanl\u0131\u011f\u0131 Ceza \u0130\u015fleri Genel M\u00fcd\u00fcrl\u00fc\u011f\u00fc\u2019n\u00fcn 24.08.2015 tarihli ve 19120602-045-02-0507-2015-E.1297\/54967 say\u0131l\u0131 g\u00f6r\u00fc\u015f\u00fcnde; \u201c\u2026Di\u011fer taraftan, Kanunun 17 nci maddesinde, infaz\u0131n ertelenmesinde mahkum olunan hapis cezas\u0131n\u0131n s\u00fcresine ba\u011fl\u0131 olarak bir s\u0131n\u0131r getiren kanun koyucunun, bu s\u00fcrenin \u00fcst\u00fcndeki cezalarda bir ka\u00e7ma \u015f\u00fcphesini kanuni karine haline getirdi\u011fi g\u00f6zetildi\u011finde, toplam\u0131 bu s\u00fcreyi a\u015fan cezalar\u0131n infaz\u0131 bak\u0131m\u0131ndan &hellip;<\/p>","protected":false},"author":3,"featured_media":0,"comment_status":"","ping_status":"open","sticky":false,"template":"","format":"standard","meta":{"_acf_changed":false,"footnotes":""},"categories":[27],"tags":[],"class_list":["post-62680","post","type-post","status-publish","format-standard","has-post-thumbnail","hentry","category-hukukihaber"],"acf":[],"yoast_head":"<!-- This site is optimized with the Yoast SEO Premium plugin v26.6 (Yoast SEO v27.1.1) - https:\/\/yoast.com\/product\/yoast-seo-premium-wordpress\/ -->\n<title>\u0130nfaz\u0131n Ertelenmesinde Toplam Cezan\u0131n Esas Al\u0131nmas\u0131 - Av. Deniz Can K\u0131z\u0131l<\/title>\n<meta name=\"robots\" content=\"index, follow, max-snippet:-1, max-image-preview:large, max-video-preview:-1\" \/>\n<link rel=\"canonical\" href=\"https:\/\/denizcankizil.tr\/en\/hukukihaber\/infazin-ertelenmesinde-toplam-cezanin-esas-alinmasi\/\" \/>\n<meta property=\"og:locale\" content=\"en_GB\" \/>\n<meta property=\"og:type\" content=\"article\" \/>\n<meta property=\"og:title\" content=\"\u0130nfaz\u0131n Ertelenmesinde Toplam Cezan\u0131n Esas Al\u0131nmas\u0131\" \/>\n<meta property=\"og:description\" content=\"5275 say\u0131l\u0131 Ceza ve G\u00fcvenlik Tedbirlerinin \u0130nfaz\u0131 Hakk\u0131nda Kanun m.17\u2019de, h\u00fck\u00fcml\u00fcn\u00fcn istemiyle infaz\u0131n ertelenmesi m\u00fcessesesi ve \u015fartlar\u0131 d\u00fczenlenmi\u015ftir. H\u00fck\u00fcml\u00fcn\u00fcn infaz ertelemeden faydalanabilmesi i\u00e7in, infaza konu cezas\u0131n\u0131n kas\u0131tl\u0131 su\u00e7larda azami 3 y\u0131l ve taksirli su\u00e7larda azami 5 y\u0131l olmas\u0131 gereklidir. Ter\u00f6r ve \u00f6rg\u00fctl\u00fc su\u00e7lar, cinsel dokunulmazl\u0131\u011fa kar\u015f\u0131 i\u015flenen su\u00e7lar, hakk\u0131nda m\u00fckerrirlere \u00f6zg\u00fc infaz rejimi uygulananlar, disiplin veya tazyik hapsi alanlar bu usulden faydalanamaz. H\u00fck\u00fcml\u00fcn\u00fcn talebiyle infaz\u0131n ertelenebilmesi i\u00e7in \u00f6ng\u00f6r\u00fclen kas\u0131tl\u0131 su\u00e7larda 3 y\u0131l, taksirli su\u00e7larda 5 y\u0131l veya daha az s\u00fcreli hapis cezas\u0131 \u015fart\u0131n\u0131n, h\u00fck\u00fcml\u00fcn\u00fcn birden fazla cezas\u0131 varsa nas\u0131l yorumlanmas\u0131 gerekti\u011fi ile ilgili teredd\u00fct olu\u015fabilmektedir. B\u00f6yle bir durumda h\u00fck\u00fcml\u00fcn\u00fcn mahkum oldu\u011fu her bir hapis cezas\u0131n\u0131n s\u00fcresi mi, yoksa infaza konu t\u00fcm cezalar\u0131n\u0131n toplam\u0131 m\u0131 esas al\u0131nacakt\u0131r? Esasen bu yeni bir tart\u0131\u015fma de\u011fildir; uzun y\u0131llard\u0131r h\u00fck\u00fcml\u00fc aleyhine uygulama yap\u0131lan ve bizim de yaz\u0131lar\u0131m\u0131zda kar\u015f\u0131 g\u00f6r\u00fc\u015f belirtti\u011fimiz bu meselede, yerle\u015fik uygulama h\u00fck\u00fcml\u00fcn\u00fcn toplam cezas\u0131n\u0131n esas al\u0131nmas\u0131 y\u00f6n\u00fcndedir. Bu konuda daha \u00f6nce Adalet Bakanl\u0131\u011f\u0131 Ceza \u0130\u015fleri Genel M\u00fcd\u00fcrl\u00fc\u011f\u00fc\u2019n\u00fcn 24.08.2015 tarihli ve 19120602-045-02-0507-2015-E.1297\/54967 say\u0131l\u0131 g\u00f6r\u00fc\u015f\u00fcnde; \u201c\u2026Di\u011fer taraftan, Kanunun 17 nci maddesinde, infaz\u0131n ertelenmesinde mahkum olunan hapis cezas\u0131n\u0131n s\u00fcresine ba\u011fl\u0131 olarak bir s\u0131n\u0131r getiren kanun koyucunun, bu s\u00fcrenin \u00fcst\u00fcndeki cezalarda bir ka\u00e7ma \u015f\u00fcphesini kanuni karine haline getirdi\u011fi g\u00f6zetildi\u011finde, toplam\u0131 bu s\u00fcreyi a\u015fan cezalar\u0131n infaz\u0131 bak\u0131m\u0131ndan &hellip;\" \/>\n<meta property=\"og:url\" content=\"https:\/\/denizcankizil.tr\/en\/hukukihaber\/infazin-ertelenmesinde-toplam-cezanin-esas-alinmasi\/\" \/>\n<meta property=\"og:site_name\" content=\"Av. Deniz Can K\u0131z\u0131l\" \/>\n<meta property=\"article:published_time\" content=\"2025-04-18T14:58:00+00:00\" \/>\n<meta name=\"author\" content=\"Hukuki Haber.net\" \/>\n<meta name=\"twitter:card\" content=\"summary_large_image\" \/>\n<meta name=\"twitter:label1\" content=\"Written by\" \/>\n\t<meta name=\"twitter:data1\" content=\"Hukuki Haber.net\" \/>\n\t<meta name=\"twitter:label2\" content=\"Estimated reading time\" \/>\n\t<meta name=\"twitter:data2\" content=\"10 minutes\" \/>\n<script type=\"application\/ld+json\" class=\"yoast-schema-graph\">{\"@context\":\"https:\/\/schema.org\",\"@graph\":[{\"@type\":\"Article\",\"@id\":\"https:\/\/denizcankizil.tr\/de\/hukukihaber\/infazin-ertelenmesinde-toplam-cezanin-esas-alinmasi\/#article\",\"isPartOf\":{\"@id\":\"https:\/\/denizcankizil.tr\/de\/hukukihaber\/infazin-ertelenmesinde-toplam-cezanin-esas-alinmasi\/\"},\"author\":{\"name\":\"Hukuki Haber.net\",\"@id\":\"https:\/\/denizcankizil.tr\/de\/#\/schema\/person\/001a271de994a0aa3f90eea084424822\"},\"headline\":\"\u0130nfaz\u0131n Ertelenmesinde Toplam Cezan\u0131n Esas Al\u0131nmas\u0131\",\"datePublished\":\"2025-04-18T14:58:00+00:00\",\"mainEntityOfPage\":{\"@id\":\"https:\/\/denizcankizil.tr\/de\/hukukihaber\/infazin-ertelenmesinde-toplam-cezanin-esas-alinmasi\/\"},\"wordCount\":1937,\"publisher\":{\"@id\":\"https:\/\/denizcankizil.tr\/de\/#organization\"},\"articleSection\":[\"Hukuki Haberler\"],\"inLanguage\":\"en-GB\"},{\"@type\":\"WebPage\",\"@id\":\"https:\/\/denizcankizil.tr\/de\/hukukihaber\/infazin-ertelenmesinde-toplam-cezanin-esas-alinmasi\/\",\"url\":\"https:\/\/denizcankizil.tr\/de\/hukukihaber\/infazin-ertelenmesinde-toplam-cezanin-esas-alinmasi\/\",\"name\":\"\u0130nfaz\u0131n Ertelenmesinde Toplam Cezan\u0131n Esas Al\u0131nmas\u0131 - Av. Deniz Can K\u0131z\u0131l\",\"isPartOf\":{\"@id\":\"https:\/\/denizcankizil.tr\/de\/#website\"},\"datePublished\":\"2025-04-18T14:58:00+00:00\",\"breadcrumb\":{\"@id\":\"https:\/\/denizcankizil.tr\/de\/hukukihaber\/infazin-ertelenmesinde-toplam-cezanin-esas-alinmasi\/#breadcrumb\"},\"inLanguage\":\"en-GB\",\"potentialAction\":[{\"@type\":\"ReadAction\",\"target\":[\"https:\/\/denizcankizil.tr\/de\/hukukihaber\/infazin-ertelenmesinde-toplam-cezanin-esas-alinmasi\/\"]}]},{\"@type\":\"BreadcrumbList\",\"@id\":\"https:\/\/denizcankizil.tr\/de\/hukukihaber\/infazin-ertelenmesinde-toplam-cezanin-esas-alinmasi\/#breadcrumb\",\"itemListElement\":[{\"@type\":\"ListItem\",\"position\":1,\"name\":\"Home\",\"item\":\"https:\/\/denizcankizil.tr\/de\/\"},{\"@type\":\"ListItem\",\"position\":2,\"name\":\"\u0130nfaz\u0131n Ertelenmesinde Toplam Cezan\u0131n Esas Al\u0131nmas\u0131\"}]},{\"@type\":\"WebSite\",\"@id\":\"https:\/\/denizcankizil.tr\/de\/#website\",\"url\":\"https:\/\/denizcankizil.tr\/de\/\",\"name\":\"Av. Deniz Can K\u0131z\u0131l\",\"description\":\"Avukat Deniz Can K\u0131z\u0131l Antalya Barosu\",\"publisher\":{\"@id\":\"https:\/\/denizcankizil.tr\/de\/#organization\"},\"potentialAction\":[{\"@type\":\"SearchAction\",\"target\":{\"@type\":\"EntryPoint\",\"urlTemplate\":\"https:\/\/denizcankizil.tr\/de\/?s={search_term_string}\"},\"query-input\":{\"@type\":\"PropertyValueSpecification\",\"valueRequired\":true,\"valueName\":\"search_term_string\"}}],\"inLanguage\":\"en-GB\"},{\"@type\":\"Organization\",\"@id\":\"https:\/\/denizcankizil.tr\/de\/#organization\",\"name\":\"Av. Deniz Can K\u0131z\u0131l\",\"url\":\"https:\/\/denizcankizil.tr\/de\/\",\"logo\":{\"@type\":\"ImageObject\",\"inLanguage\":\"en-GB\",\"@id\":\"https:\/\/denizcankizil.tr\/de\/#\/schema\/logo\/image\/\",\"url\":\"https:\/\/denizcankizil.tr\/wp-content\/uploads\/2024\/10\/siyah-logo-svg.svg\",\"contentUrl\":\"https:\/\/denizcankizil.tr\/wp-content\/uploads\/2024\/10\/siyah-logo-svg.svg\",\"width\":1080,\"height\":1080,\"caption\":\"Av. Deniz Can K\u0131z\u0131l\"},\"image\":{\"@id\":\"https:\/\/denizcankizil.tr\/de\/#\/schema\/logo\/image\/\"}},{\"@type\":\"Person\",\"@id\":\"https:\/\/denizcankizil.tr\/de\/#\/schema\/person\/001a271de994a0aa3f90eea084424822\",\"name\":\"Hukuki Haber.net\",\"image\":{\"@type\":\"ImageObject\",\"inLanguage\":\"en-GB\",\"@id\":\"https:\/\/denizcankizil.tr\/de\/#\/schema\/person\/image\/\",\"url\":\"https:\/\/secure.gravatar.com\/avatar\/57d8a49151495586611a149d29fc42865b951dc053a84709a3172ccb5abf3118?s=96&d=mm&r=g\",\"contentUrl\":\"https:\/\/secure.gravatar.com\/avatar\/57d8a49151495586611a149d29fc42865b951dc053a84709a3172ccb5abf3118?s=96&d=mm&r=g\",\"caption\":\"Hukuki Haber.net\"},\"sameAs\":[\"http:\/\/www.hukukihaber.net\"],\"url\":\"https:\/\/www.hukukihaber.net\/infazin-ertelenmesinde-toplam-cezanin-esas-alinmasi\"}]}<\/script>\n<!-- \/ Yoast SEO Premium plugin. -->","yoast_head_json":{"title":"\u0130nfaz\u0131n Ertelenmesinde Toplam Cezan\u0131n Esas Al\u0131nmas\u0131 - Av. Deniz Can K\u0131z\u0131l","robots":{"index":"index","follow":"follow","max-snippet":"max-snippet:-1","max-image-preview":"max-image-preview:large","max-video-preview":"max-video-preview:-1"},"canonical":"https:\/\/denizcankizil.tr\/en\/hukukihaber\/infazin-ertelenmesinde-toplam-cezanin-esas-alinmasi\/","og_locale":"en_GB","og_type":"article","og_title":"\u0130nfaz\u0131n Ertelenmesinde Toplam Cezan\u0131n Esas Al\u0131nmas\u0131","og_description":"5275 say\u0131l\u0131 Ceza ve G\u00fcvenlik Tedbirlerinin \u0130nfaz\u0131 Hakk\u0131nda Kanun m.17\u2019de, h\u00fck\u00fcml\u00fcn\u00fcn istemiyle infaz\u0131n ertelenmesi m\u00fcessesesi ve \u015fartlar\u0131 d\u00fczenlenmi\u015ftir. H\u00fck\u00fcml\u00fcn\u00fcn infaz ertelemeden faydalanabilmesi i\u00e7in, infaza konu cezas\u0131n\u0131n kas\u0131tl\u0131 su\u00e7larda azami 3 y\u0131l ve taksirli su\u00e7larda azami 5 y\u0131l olmas\u0131 gereklidir. Ter\u00f6r ve \u00f6rg\u00fctl\u00fc su\u00e7lar, cinsel dokunulmazl\u0131\u011fa kar\u015f\u0131 i\u015flenen su\u00e7lar, hakk\u0131nda m\u00fckerrirlere \u00f6zg\u00fc infaz rejimi uygulananlar, disiplin veya tazyik hapsi alanlar bu usulden faydalanamaz. H\u00fck\u00fcml\u00fcn\u00fcn talebiyle infaz\u0131n ertelenebilmesi i\u00e7in \u00f6ng\u00f6r\u00fclen kas\u0131tl\u0131 su\u00e7larda 3 y\u0131l, taksirli su\u00e7larda 5 y\u0131l veya daha az s\u00fcreli hapis cezas\u0131 \u015fart\u0131n\u0131n, h\u00fck\u00fcml\u00fcn\u00fcn birden fazla cezas\u0131 varsa nas\u0131l yorumlanmas\u0131 gerekti\u011fi ile ilgili teredd\u00fct olu\u015fabilmektedir. B\u00f6yle bir durumda h\u00fck\u00fcml\u00fcn\u00fcn mahkum oldu\u011fu her bir hapis cezas\u0131n\u0131n s\u00fcresi mi, yoksa infaza konu t\u00fcm cezalar\u0131n\u0131n toplam\u0131 m\u0131 esas al\u0131nacakt\u0131r? Esasen bu yeni bir tart\u0131\u015fma de\u011fildir; uzun y\u0131llard\u0131r h\u00fck\u00fcml\u00fc aleyhine uygulama yap\u0131lan ve bizim de yaz\u0131lar\u0131m\u0131zda kar\u015f\u0131 g\u00f6r\u00fc\u015f belirtti\u011fimiz bu meselede, yerle\u015fik uygulama h\u00fck\u00fcml\u00fcn\u00fcn toplam cezas\u0131n\u0131n esas al\u0131nmas\u0131 y\u00f6n\u00fcndedir. Bu konuda daha \u00f6nce Adalet Bakanl\u0131\u011f\u0131 Ceza \u0130\u015fleri Genel M\u00fcd\u00fcrl\u00fc\u011f\u00fc\u2019n\u00fcn 24.08.2015 tarihli ve 19120602-045-02-0507-2015-E.1297\/54967 say\u0131l\u0131 g\u00f6r\u00fc\u015f\u00fcnde; \u201c\u2026Di\u011fer taraftan, Kanunun 17 nci maddesinde, infaz\u0131n ertelenmesinde mahkum olunan hapis cezas\u0131n\u0131n s\u00fcresine ba\u011fl\u0131 olarak bir s\u0131n\u0131r getiren kanun koyucunun, bu s\u00fcrenin \u00fcst\u00fcndeki cezalarda bir ka\u00e7ma \u015f\u00fcphesini kanuni karine haline getirdi\u011fi g\u00f6zetildi\u011finde, toplam\u0131 bu s\u00fcreyi a\u015fan cezalar\u0131n infaz\u0131 bak\u0131m\u0131ndan &hellip;","og_url":"https:\/\/denizcankizil.tr\/en\/hukukihaber\/infazin-ertelenmesinde-toplam-cezanin-esas-alinmasi\/","og_site_name":"Av. Deniz Can K\u0131z\u0131l","article_published_time":"2025-04-18T14:58:00+00:00","author":"Hukuki Haber.net","twitter_card":"summary_large_image","twitter_misc":{"Written by":"Hukuki Haber.net","Estimated reading time":"10 minutes"},"schema":{"@context":"https:\/\/schema.org","@graph":[{"@type":"Article","@id":"https:\/\/denizcankizil.tr\/de\/hukukihaber\/infazin-ertelenmesinde-toplam-cezanin-esas-alinmasi\/#article","isPartOf":{"@id":"https:\/\/denizcankizil.tr\/de\/hukukihaber\/infazin-ertelenmesinde-toplam-cezanin-esas-alinmasi\/"},"author":{"name":"Hukuki Haber.net","@id":"https:\/\/denizcankizil.tr\/de\/#\/schema\/person\/001a271de994a0aa3f90eea084424822"},"headline":"\u0130nfaz\u0131n Ertelenmesinde Toplam Cezan\u0131n Esas Al\u0131nmas\u0131","datePublished":"2025-04-18T14:58:00+00:00","mainEntityOfPage":{"@id":"https:\/\/denizcankizil.tr\/de\/hukukihaber\/infazin-ertelenmesinde-toplam-cezanin-esas-alinmasi\/"},"wordCount":1937,"publisher":{"@id":"https:\/\/denizcankizil.tr\/de\/#organization"},"articleSection":["Hukuki Haberler"],"inLanguage":"en-GB"},{"@type":"WebPage","@id":"https:\/\/denizcankizil.tr\/de\/hukukihaber\/infazin-ertelenmesinde-toplam-cezanin-esas-alinmasi\/","url":"https:\/\/denizcankizil.tr\/de\/hukukihaber\/infazin-ertelenmesinde-toplam-cezanin-esas-alinmasi\/","name":"\u0130nfaz\u0131n Ertelenmesinde Toplam Cezan\u0131n Esas Al\u0131nmas\u0131 - Av. Deniz Can K\u0131z\u0131l","isPartOf":{"@id":"https:\/\/denizcankizil.tr\/de\/#website"},"datePublished":"2025-04-18T14:58:00+00:00","breadcrumb":{"@id":"https:\/\/denizcankizil.tr\/de\/hukukihaber\/infazin-ertelenmesinde-toplam-cezanin-esas-alinmasi\/#breadcrumb"},"inLanguage":"en-GB","potentialAction":[{"@type":"ReadAction","target":["https:\/\/denizcankizil.tr\/de\/hukukihaber\/infazin-ertelenmesinde-toplam-cezanin-esas-alinmasi\/"]}]},{"@type":"BreadcrumbList","@id":"https:\/\/denizcankizil.tr\/de\/hukukihaber\/infazin-ertelenmesinde-toplam-cezanin-esas-alinmasi\/#breadcrumb","itemListElement":[{"@type":"ListItem","position":1,"name":"Home","item":"https:\/\/denizcankizil.tr\/de\/"},{"@type":"ListItem","position":2,"name":"\u0130nfaz\u0131n Ertelenmesinde Toplam Cezan\u0131n Esas Al\u0131nmas\u0131"}]},{"@type":"WebSite","@id":"https:\/\/denizcankizil.tr\/de\/#website","url":"https:\/\/denizcankizil.tr\/de\/","name":"Av. Deniz Can K\u0131z\u0131l","description":"Avukat Deniz Can K\u0131z\u0131l Antalya Barosu","publisher":{"@id":"https:\/\/denizcankizil.tr\/de\/#organization"},"potentialAction":[{"@type":"SearchAction","target":{"@type":"EntryPoint","urlTemplate":"https:\/\/denizcankizil.tr\/de\/?s={search_term_string}"},"query-input":{"@type":"PropertyValueSpecification","valueRequired":true,"valueName":"search_term_string"}}],"inLanguage":"en-GB"},{"@type":"Organization","@id":"https:\/\/denizcankizil.tr\/de\/#organization","name":"Av. Deniz Can K\u0131z\u0131l","url":"https:\/\/denizcankizil.tr\/de\/","logo":{"@type":"ImageObject","inLanguage":"en-GB","@id":"https:\/\/denizcankizil.tr\/de\/#\/schema\/logo\/image\/","url":"https:\/\/denizcankizil.tr\/wp-content\/uploads\/2024\/10\/siyah-logo-svg.svg","contentUrl":"https:\/\/denizcankizil.tr\/wp-content\/uploads\/2024\/10\/siyah-logo-svg.svg","width":1080,"height":1080,"caption":"Av. Deniz Can K\u0131z\u0131l"},"image":{"@id":"https:\/\/denizcankizil.tr\/de\/#\/schema\/logo\/image\/"}},{"@type":"Person","@id":"https:\/\/denizcankizil.tr\/de\/#\/schema\/person\/001a271de994a0aa3f90eea084424822","name":"Hukuki Haber.net","image":{"@type":"ImageObject","inLanguage":"en-GB","@id":"https:\/\/denizcankizil.tr\/de\/#\/schema\/person\/image\/","url":"https:\/\/secure.gravatar.com\/avatar\/57d8a49151495586611a149d29fc42865b951dc053a84709a3172ccb5abf3118?s=96&d=mm&r=g","contentUrl":"https:\/\/secure.gravatar.com\/avatar\/57d8a49151495586611a149d29fc42865b951dc053a84709a3172ccb5abf3118?s=96&d=mm&r=g","caption":"Hukuki Haber.net"},"sameAs":["http:\/\/www.hukukihaber.net"],"url":"https:\/\/www.hukukihaber.net\/infazin-ertelenmesinde-toplam-cezanin-esas-alinmasi"}]}},"_links":{"self":[{"href":"https:\/\/denizcankizil.tr\/en\/wp-json\/wp\/v2\/posts\/62680","targetHints":{"allow":["GET"]}}],"collection":[{"href":"https:\/\/denizcankizil.tr\/en\/wp-json\/wp\/v2\/posts"}],"about":[{"href":"https:\/\/denizcankizil.tr\/en\/wp-json\/wp\/v2\/types\/post"}],"author":[{"embeddable":true,"href":"https:\/\/denizcankizil.tr\/en\/wp-json\/wp\/v2\/users\/3"}],"replies":[{"embeddable":true,"href":"https:\/\/denizcankizil.tr\/en\/wp-json\/wp\/v2\/comments?post=62680"}],"version-history":[{"count":0,"href":"https:\/\/denizcankizil.tr\/en\/wp-json\/wp\/v2\/posts\/62680\/revisions"}],"wp:attachment":[{"href":"https:\/\/denizcankizil.tr\/en\/wp-json\/wp\/v2\/media?parent=62680"}],"wp:term":[{"taxonomy":"category","embeddable":true,"href":"https:\/\/denizcankizil.tr\/en\/wp-json\/wp\/v2\/categories?post=62680"},{"taxonomy":"post_tag","embeddable":true,"href":"https:\/\/denizcankizil.tr\/en\/wp-json\/wp\/v2\/tags?post=62680"}],"curies":[{"name":"wp","href":"https:\/\/api.w.org\/{rel}","templated":true}]}}