{"id":62031,"date":"2025-04-21T17:41:17","date_gmt":"2025-04-21T14:41:17","guid":{"rendered":"https:\/\/denizcankizil.tr\/uncategorized-tr\/imamoglundan-umit-ozdaga-destek-yazisi\/"},"modified":"2025-04-21T17:41:17","modified_gmt":"2025-04-21T14:41:17","slug":"imamoglundan-umit-ozdaga-destek-yazisi","status":"publish","type":"post","link":"https:\/\/denizcankizil.tr\/en\/haberler\/gundem\/imamoglundan-umit-ozdaga-destek-yazisi\/","title":{"rendered":"\u0130mamo\u011flu&#8217;ndan \u00dcmit \u00d6zda\u011f&#8217;a destek yaz\u0131s\u0131"},"content":{"rendered":"<p>\u0130stanbul B\u00fcy\u00fck\u015fehir Belediyesi&#8217;ne (\u0130BB) y\u00f6nelik y\u00f6nelik &#8220;yolsuzluk&#8221; iddial\u0131 soru\u015fturmas\u0131 kapsam\u0131nda Silivri&#8217;deki Marmara Kapal\u0131 Ceza \u0130nfaz Kurumu&#8217;nda tutuklu bulunan \u0130BB Ba\u015fkan\u0131 Ekrem \u0130mamo\u011flu, sosyal medya hesab\u0131 \u00fczerinden h\u00fck\u00fcmete &#8216;adalet&#8217; ba\u015fl\u0131\u011f\u0131 \u00fczerinden sert ele\u015ftiriler y\u00f6neltti. Bu adalet terazisini Zafer Partisi Genel Ba\u015fkan\u0131 \u00dcmit \u00d6zda\u011f i\u00e7in eline alan \u0130mamo\u011flu, ge\u00e7 gelen adaletin adalet olmayaca\u011f\u0131n\u0131 ifade etti.<\/p>\n<p>&#8220;DAVASI NEDEN G\u00d6R\u00dcLM\u00dcYOR?&#8221;<\/p>\n<p>Ayn\u0131 cezaevinde bulundu\u011fu Zafer Partisi Genel Ba\u015fkan\u0131 \u00dcmit \u00d6zda\u011f&#8217;\u0131n hukuksuz bir \u015fekilde aylard\u0131r tutuldu\u011funu ifade eden \u0130mamo\u011flu, &#8220;Sadece 9 sayfal\u0131k bir iddianame i\u00e7in 77 g\u00fcn bekledi\u011fi yetmezmi\u015f gibi ilk duru\u015fmas\u0131 iki ay sonra g\u00f6r\u00fclecek. Bu nas\u0131l bir adalet anlay\u0131\u015f\u0131d\u0131r? Neden Say\u0131n \u00d6zda\u011f tutuklu yarg\u0131lan\u0131yor? \u0130ddianamesi haz\u0131r edildi\u011fi halde neden bir an \u00f6nce davas\u0131 g\u00f6r\u00fclm\u00fcyor? Say\u0131n \u00d6zda\u011f nas\u0131l bir adalet anlay\u0131\u015f\u0131yla aylard\u0131r \u00f6zg\u00fcrl\u00fc\u011f\u00fcnden mahrum edilir? \u015eubat ay\u0131nda ziyaret etti\u011fim k\u0131ymetli annesini, sevdiklerini g\u00f6rebilmekten al\u0131konur? \u015eiddetle k\u0131n\u0131yorum. Kaderde, Sn. \u00d6zda\u011f ile ayn\u0131 cezaevinde bulunmam\u0131z varm\u0131\u015f&#8221; a\u00e7\u0131klamas\u0131nda bulundu.<\/p>\n<p>&#8220;GEC\u0130KEN ADALET ZUL\u00dcMD\u00dcR&#8221;<\/p>\n<p>Bir cumhurba\u015fkan\u0131 aday\u0131n\u0131n, bir parti genel ba\u015fkan\u0131n\u0131n Silivri Cezaevi&#8217;nde, siyaset yapman\u0131n bedelini \u00f6dedi\u011finin alt\u0131n\u0131 \u00e7izen \u0130mamo\u011flu, &#8220;\u00dczerine basarak s\u00f6yl\u00fcyorum; hukuk, siyasi rakipleri susturmak i\u00e7in bir ara\u00e7 olamaz. Adalet, herkes i\u00e7in e\u015fit i\u015flemelidir; aksi halde, bunun ad\u0131 adalet olmaz, bunun ad\u0131 zul\u00fcm olur. As\u0131rlar \u00f6nce Balkanlar&#8217;a att\u0131\u011f\u0131m\u0131z ilk ad\u0131m\u0131n mimar\u0131 ve Bursa fatihi Orhan Gazi&#8217;nin dedi\u011fi gibi: &#8216;Adaletin en k\u00f6t\u00fcs\u00fc ge\u00e7 tecelli edenidir. Sonunda h\u00fck\u00fcm isabetli olsa da, geciken adalet zul\u00fcmd\u00fcr.&#8217; Bu s\u00f6z, devlet y\u00f6netiminin temel ta\u015f\u0131 olmal\u0131d\u0131r. \u00c7\u00fcnk\u00fc adalet, devletin me\u015fruiyetinin kayna\u011f\u0131d\u0131r. Bir devlet, ancak vatanda\u015flar\u0131na adil davran\u0131rsa ayakta kalabilir&#8221; ifadelerini kulland\u0131.<\/p>\n<p>&#8220;VAR G\u00dcC\u00dcM\u00dcZLE \u00c7ALI\u015eIYORUZ&#8221;<\/p>\n<p>Devletin, adaletle y\u00f6netilmesi halinde g\u00fc\u00e7l\u00fc olup ancak hukukla ayakta kalaca\u011f\u0131n\u0131 kaydeden \u0130mamo\u011flu, &#8220;Arkada\u015flar\u0131m ve ben hapsedildi\u011fimiz cezaevlerinde adaletin yeniden tesis edilece\u011fi bir T\u00fcrkiye&#8217;yi hayal ediyoruz, adaletin h\u00fck\u00fcm s\u00fcrece\u011fi bir T\u00fcrkiye i\u00e7in var g\u00fcc\u00fcm\u00fczle \u00e7al\u0131\u015f\u0131yoruz. \u0130nan\u0131yoruz ki, milletimizle beraber bu karanl\u0131k g\u00fcnleri a\u015facak, hukukun \u00fcst\u00fcnl\u00fc\u011f\u00fcn\u00fc yeniden in\u015fa edecek ve hep birlikte adil, demokratik ve huzurlu g\u00fcnlere emin ad\u0131mlarla y\u00fcr\u00fcyece\u011fiz&#8221; mesaj\u0131 verdi.<\/p>\n<p>\u200b\u0130BB Ba\u015fkan\u0131 Ekrem \u0130mamo\u011flu, tutuklulu\u011fu devam eden Zafer Partisi Genel Ba\u015fkan\u0131 \u00dcmit \u00d6zda\u011f i\u00e7in yaz\u0131 kaleme ald\u0131. \u00d6zda\u011f&#8217;\u0131n 9 sayfal\u0131k bir iddianame i\u00e7in 77 g\u00fcnd\u00fcr bekledi\u011fini hat\u0131rlatan \u0130mamo\u011flu, &#8220;Bu nas\u0131l bir adalet anlay\u0131\u015f\u0131d\u0131r?\u201d dedi.\u00a0<\/p>\n<p>\u200bHaberin Al\u0131nt\u0131land\u0131\u011f\u0131 Kaynak: www.antalyakorfez.com<\/p>","protected":false},"excerpt":{"rendered":"<p>\u0130stanbul B\u00fcy\u00fck\u015fehir Belediyesi&#8217;ne (\u0130BB) y\u00f6nelik y\u00f6nelik &#8220;yolsuzluk&#8221; iddial\u0131 soru\u015fturmas\u0131 kapsam\u0131nda Silivri&#8217;deki Marmara Kapal\u0131 Ceza \u0130nfaz Kurumu&#8217;nda tutuklu bulunan \u0130BB Ba\u015fkan\u0131 Ekrem \u0130mamo\u011flu, sosyal medya hesab\u0131 \u00fczerinden h\u00fck\u00fcmete &#8216;adalet&#8217; ba\u015fl\u0131\u011f\u0131 \u00fczerinden sert ele\u015ftiriler y\u00f6neltti. Bu adalet terazisini Zafer Partisi Genel Ba\u015fkan\u0131 \u00dcmit \u00d6zda\u011f i\u00e7in eline alan \u0130mamo\u011flu, ge\u00e7 gelen adaletin adalet olmayaca\u011f\u0131n\u0131 ifade etti. &#8220;DAVASI NEDEN G\u00d6R\u00dcLM\u00dcYOR?&#8221; Ayn\u0131 cezaevinde bulundu\u011fu Zafer Partisi Genel Ba\u015fkan\u0131 \u00dcmit \u00d6zda\u011f&#8217;\u0131n hukuksuz bir \u015fekilde aylard\u0131r tutuldu\u011funu ifade eden \u0130mamo\u011flu, &#8220;Sadece 9 sayfal\u0131k bir iddianame i\u00e7in 77 g\u00fcn bekledi\u011fi yetmezmi\u015f gibi ilk duru\u015fmas\u0131 iki ay sonra g\u00f6r\u00fclecek. Bu nas\u0131l bir adalet anlay\u0131\u015f\u0131d\u0131r? Neden Say\u0131n \u00d6zda\u011f tutuklu yarg\u0131lan\u0131yor? \u0130ddianamesi haz\u0131r edildi\u011fi halde neden bir an \u00f6nce davas\u0131 g\u00f6r\u00fclm\u00fcyor? Say\u0131n \u00d6zda\u011f nas\u0131l bir adalet anlay\u0131\u015f\u0131yla aylard\u0131r \u00f6zg\u00fcrl\u00fc\u011f\u00fcnden mahrum edilir? \u015eubat ay\u0131nda ziyaret etti\u011fim k\u0131ymetli annesini, sevdiklerini g\u00f6rebilmekten al\u0131konur? \u015eiddetle k\u0131n\u0131yorum. Kaderde, Sn. \u00d6zda\u011f ile ayn\u0131 cezaevinde bulunmam\u0131z varm\u0131\u015f&#8221; a\u00e7\u0131klamas\u0131nda bulundu. &#8220;GEC\u0130KEN ADALET ZUL\u00dcMD\u00dcR&#8221; Bir cumhurba\u015fkan\u0131 aday\u0131n\u0131n, bir parti genel ba\u015fkan\u0131n\u0131n Silivri Cezaevi&#8217;nde, siyaset yapman\u0131n bedelini \u00f6dedi\u011finin alt\u0131n\u0131 \u00e7izen \u0130mamo\u011flu, &#8220;\u00dczerine basarak s\u00f6yl\u00fcyorum; hukuk, siyasi rakipleri susturmak i\u00e7in bir ara\u00e7 olamaz. Adalet, herkes i\u00e7in e\u015fit i\u015flemelidir; aksi halde, bunun ad\u0131 adalet olmaz, bunun ad\u0131 zul\u00fcm olur. As\u0131rlar \u00f6nce Balkanlar&#8217;a att\u0131\u011f\u0131m\u0131z ilk ad\u0131m\u0131n mimar\u0131 ve Bursa fatihi Orhan Gazi&#8217;nin dedi\u011fi gibi: &hellip;<\/p>","protected":false},"author":5,"featured_media":0,"comment_status":"","ping_status":"open","sticky":false,"template":"","format":"standard","meta":{"_acf_changed":false,"footnotes":""},"categories":[24],"tags":[],"class_list":["post-62031","post","type-post","status-publish","format-standard","has-post-thumbnail","hentry","category-gundem"],"acf":[],"yoast_head":"<!-- This site is optimized with the Yoast SEO Premium plugin v26.6 (Yoast SEO v27.1.1) - https:\/\/yoast.com\/product\/yoast-seo-premium-wordpress\/ -->\n<title>\u0130mamo\u011flu&#039;ndan \u00dcmit \u00d6zda\u011f&#039;a destek yaz\u0131s\u0131 - Av. Deniz Can K\u0131z\u0131l<\/title>\n<meta name=\"robots\" content=\"index, follow, max-snippet:-1, max-image-preview:large, max-video-preview:-1\" \/>\n<link rel=\"canonical\" href=\"https:\/\/denizcankizil.tr\/en\/haberler\/gundem\/imamoglundan-umit-ozdaga-destek-yazisi\/\" \/>\n<meta property=\"og:locale\" content=\"en_GB\" \/>\n<meta property=\"og:type\" content=\"article\" \/>\n<meta property=\"og:title\" content=\"\u0130mamo\u011flu&#039;ndan \u00dcmit \u00d6zda\u011f&#039;a destek yaz\u0131s\u0131\" \/>\n<meta property=\"og:description\" content=\"\u0130stanbul B\u00fcy\u00fck\u015fehir Belediyesi&#8217;ne (\u0130BB) y\u00f6nelik y\u00f6nelik &#8220;yolsuzluk&#8221; iddial\u0131 soru\u015fturmas\u0131 kapsam\u0131nda Silivri&#8217;deki Marmara Kapal\u0131 Ceza \u0130nfaz Kurumu&#8217;nda tutuklu bulunan \u0130BB Ba\u015fkan\u0131 Ekrem \u0130mamo\u011flu, sosyal medya hesab\u0131 \u00fczerinden h\u00fck\u00fcmete &#8216;adalet&#8217; ba\u015fl\u0131\u011f\u0131 \u00fczerinden sert ele\u015ftiriler y\u00f6neltti. Bu adalet terazisini Zafer Partisi Genel Ba\u015fkan\u0131 \u00dcmit \u00d6zda\u011f i\u00e7in eline alan \u0130mamo\u011flu, ge\u00e7 gelen adaletin adalet olmayaca\u011f\u0131n\u0131 ifade etti. &#8220;DAVASI NEDEN G\u00d6R\u00dcLM\u00dcYOR?&#8221; Ayn\u0131 cezaevinde bulundu\u011fu Zafer Partisi Genel Ba\u015fkan\u0131 \u00dcmit \u00d6zda\u011f&#8217;\u0131n hukuksuz bir \u015fekilde aylard\u0131r tutuldu\u011funu ifade eden \u0130mamo\u011flu, &#8220;Sadece 9 sayfal\u0131k bir iddianame i\u00e7in 77 g\u00fcn bekledi\u011fi yetmezmi\u015f gibi ilk duru\u015fmas\u0131 iki ay sonra g\u00f6r\u00fclecek. Bu nas\u0131l bir adalet anlay\u0131\u015f\u0131d\u0131r? Neden Say\u0131n \u00d6zda\u011f tutuklu yarg\u0131lan\u0131yor? \u0130ddianamesi haz\u0131r edildi\u011fi halde neden bir an \u00f6nce davas\u0131 g\u00f6r\u00fclm\u00fcyor? Say\u0131n \u00d6zda\u011f nas\u0131l bir adalet anlay\u0131\u015f\u0131yla aylard\u0131r \u00f6zg\u00fcrl\u00fc\u011f\u00fcnden mahrum edilir? \u015eubat ay\u0131nda ziyaret etti\u011fim k\u0131ymetli annesini, sevdiklerini g\u00f6rebilmekten al\u0131konur? \u015eiddetle k\u0131n\u0131yorum. Kaderde, Sn. \u00d6zda\u011f ile ayn\u0131 cezaevinde bulunmam\u0131z varm\u0131\u015f&#8221; a\u00e7\u0131klamas\u0131nda bulundu. &#8220;GEC\u0130KEN ADALET ZUL\u00dcMD\u00dcR&#8221; Bir cumhurba\u015fkan\u0131 aday\u0131n\u0131n, bir parti genel ba\u015fkan\u0131n\u0131n Silivri Cezaevi&#8217;nde, siyaset yapman\u0131n bedelini \u00f6dedi\u011finin alt\u0131n\u0131 \u00e7izen \u0130mamo\u011flu, &#8220;\u00dczerine basarak s\u00f6yl\u00fcyorum; hukuk, siyasi rakipleri susturmak i\u00e7in bir ara\u00e7 olamaz. Adalet, herkes i\u00e7in e\u015fit i\u015flemelidir; aksi halde, bunun ad\u0131 adalet olmaz, bunun ad\u0131 zul\u00fcm olur. As\u0131rlar \u00f6nce Balkanlar&#8217;a att\u0131\u011f\u0131m\u0131z ilk ad\u0131m\u0131n mimar\u0131 ve Bursa fatihi Orhan Gazi&#8217;nin dedi\u011fi gibi: &hellip;\" \/>\n<meta property=\"og:url\" content=\"https:\/\/denizcankizil.tr\/en\/haberler\/gundem\/imamoglundan-umit-ozdaga-destek-yazisi\/\" \/>\n<meta property=\"og:site_name\" content=\"Av. Deniz Can K\u0131z\u0131l\" \/>\n<meta property=\"article:published_time\" content=\"2025-04-21T14:41:17+00:00\" \/>\n<meta name=\"author\" content=\"Antalya K\u00f6rfez\" \/>\n<meta name=\"twitter:card\" content=\"summary_large_image\" \/>\n<meta name=\"twitter:label1\" content=\"Written by\" \/>\n\t<meta name=\"twitter:data1\" content=\"Antalya K\u00f6rfez\" \/>\n\t<meta name=\"twitter:label2\" content=\"Estimated reading time\" \/>\n\t<meta name=\"twitter:data2\" content=\"2 minutes\" \/>\n<script type=\"application\/ld+json\" class=\"yoast-schema-graph\">{\"@context\":\"https:\/\/schema.org\",\"@graph\":[{\"@type\":\"Article\",\"@id\":\"https:\/\/denizcankizil.tr\/ru\/haberler\/gundem\/imamoglundan-umit-ozdaga-destek-yazisi\/#article\",\"isPartOf\":{\"@id\":\"https:\/\/denizcankizil.tr\/ru\/haberler\/gundem\/imamoglundan-umit-ozdaga-destek-yazisi\/\"},\"author\":{\"name\":\"Antalya K\u00f6rfez\",\"@id\":\"https:\/\/denizcankizil.tr\/de\/#\/schema\/person\/e1eb71bb4dd684d46563f0af307e1234\"},\"headline\":\"\u0130mamo\u011flu&#8217;ndan \u00dcmit \u00d6zda\u011f&#8217;a destek yaz\u0131s\u0131\",\"datePublished\":\"2025-04-21T14:41:17+00:00\",\"mainEntityOfPage\":{\"@id\":\"https:\/\/denizcankizil.tr\/ru\/haberler\/gundem\/imamoglundan-umit-ozdaga-destek-yazisi\/\"},\"wordCount\":507,\"publisher\":{\"@id\":\"https:\/\/denizcankizil.tr\/de\/#organization\"},\"articleSection\":[\"G\u00fcndem\"],\"inLanguage\":\"en-GB\"},{\"@type\":\"WebPage\",\"@id\":\"https:\/\/denizcankizil.tr\/ru\/haberler\/gundem\/imamoglundan-umit-ozdaga-destek-yazisi\/\",\"url\":\"https:\/\/denizcankizil.tr\/ru\/haberler\/gundem\/imamoglundan-umit-ozdaga-destek-yazisi\/\",\"name\":\"\u0130mamo\u011flu'ndan \u00dcmit \u00d6zda\u011f'a destek yaz\u0131s\u0131 - Av. Deniz Can K\u0131z\u0131l\",\"isPartOf\":{\"@id\":\"https:\/\/denizcankizil.tr\/de\/#website\"},\"datePublished\":\"2025-04-21T14:41:17+00:00\",\"breadcrumb\":{\"@id\":\"https:\/\/denizcankizil.tr\/ru\/haberler\/gundem\/imamoglundan-umit-ozdaga-destek-yazisi\/#breadcrumb\"},\"inLanguage\":\"en-GB\",\"potentialAction\":[{\"@type\":\"ReadAction\",\"target\":[\"https:\/\/denizcankizil.tr\/ru\/haberler\/gundem\/imamoglundan-umit-ozdaga-destek-yazisi\/\"]}]},{\"@type\":\"BreadcrumbList\",\"@id\":\"https:\/\/denizcankizil.tr\/ru\/haberler\/gundem\/imamoglundan-umit-ozdaga-destek-yazisi\/#breadcrumb\",\"itemListElement\":[{\"@type\":\"ListItem\",\"position\":1,\"name\":\"Home\",\"item\":\"https:\/\/denizcankizil.tr\/de\/\"},{\"@type\":\"ListItem\",\"position\":2,\"name\":\"\u0130mamo\u011flu&#8217;ndan \u00dcmit \u00d6zda\u011f&#8217;a destek yaz\u0131s\u0131\"}]},{\"@type\":\"WebSite\",\"@id\":\"https:\/\/denizcankizil.tr\/de\/#website\",\"url\":\"https:\/\/denizcankizil.tr\/de\/\",\"name\":\"Av. Deniz Can K\u0131z\u0131l\",\"description\":\"Avukat Deniz Can K\u0131z\u0131l Antalya Barosu\",\"publisher\":{\"@id\":\"https:\/\/denizcankizil.tr\/de\/#organization\"},\"potentialAction\":[{\"@type\":\"SearchAction\",\"target\":{\"@type\":\"EntryPoint\",\"urlTemplate\":\"https:\/\/denizcankizil.tr\/de\/?s={search_term_string}\"},\"query-input\":{\"@type\":\"PropertyValueSpecification\",\"valueRequired\":true,\"valueName\":\"search_term_string\"}}],\"inLanguage\":\"en-GB\"},{\"@type\":\"Organization\",\"@id\":\"https:\/\/denizcankizil.tr\/de\/#organization\",\"name\":\"Av. Deniz Can K\u0131z\u0131l\",\"url\":\"https:\/\/denizcankizil.tr\/de\/\",\"logo\":{\"@type\":\"ImageObject\",\"inLanguage\":\"en-GB\",\"@id\":\"https:\/\/denizcankizil.tr\/de\/#\/schema\/logo\/image\/\",\"url\":\"https:\/\/denizcankizil.tr\/wp-content\/uploads\/2024\/10\/siyah-logo-svg.svg\",\"contentUrl\":\"https:\/\/denizcankizil.tr\/wp-content\/uploads\/2024\/10\/siyah-logo-svg.svg\",\"width\":1080,\"height\":1080,\"caption\":\"Av. Deniz Can K\u0131z\u0131l\"},\"image\":{\"@id\":\"https:\/\/denizcankizil.tr\/de\/#\/schema\/logo\/image\/\"}},{\"@type\":\"Person\",\"@id\":\"https:\/\/denizcankizil.tr\/de\/#\/schema\/person\/e1eb71bb4dd684d46563f0af307e1234\",\"name\":\"Antalya K\u00f6rfez\",\"image\":{\"@type\":\"ImageObject\",\"inLanguage\":\"en-GB\",\"@id\":\"https:\/\/denizcankizil.tr\/de\/#\/schema\/person\/image\/\",\"url\":\"https:\/\/secure.gravatar.com\/avatar\/42b01982558a48a0b501fdcab6a408d3717ea5919095ee2e67b0e521799c5905?s=96&d=mm&r=g\",\"contentUrl\":\"https:\/\/secure.gravatar.com\/avatar\/42b01982558a48a0b501fdcab6a408d3717ea5919095ee2e67b0e521799c5905?s=96&d=mm&r=g\",\"caption\":\"Antalya K\u00f6rfez\"},\"sameAs\":[\"http:\/\/www.antalyakorfez.com\"],\"url\":\"https:\/\/www.antalyakorfez.com\/imamoglundan-umit-ozdaga-destek-yazisi\"}]}<\/script>\n<!-- \/ Yoast SEO Premium plugin. -->","yoast_head_json":{"title":"\u0130mamo\u011flu'ndan \u00dcmit \u00d6zda\u011f'a destek yaz\u0131s\u0131 - Av. Deniz Can K\u0131z\u0131l","robots":{"index":"index","follow":"follow","max-snippet":"max-snippet:-1","max-image-preview":"max-image-preview:large","max-video-preview":"max-video-preview:-1"},"canonical":"https:\/\/denizcankizil.tr\/en\/haberler\/gundem\/imamoglundan-umit-ozdaga-destek-yazisi\/","og_locale":"en_GB","og_type":"article","og_title":"\u0130mamo\u011flu'ndan \u00dcmit \u00d6zda\u011f'a destek yaz\u0131s\u0131","og_description":"\u0130stanbul B\u00fcy\u00fck\u015fehir Belediyesi&#8217;ne (\u0130BB) y\u00f6nelik y\u00f6nelik &#8220;yolsuzluk&#8221; iddial\u0131 soru\u015fturmas\u0131 kapsam\u0131nda Silivri&#8217;deki Marmara Kapal\u0131 Ceza \u0130nfaz Kurumu&#8217;nda tutuklu bulunan \u0130BB Ba\u015fkan\u0131 Ekrem \u0130mamo\u011flu, sosyal medya hesab\u0131 \u00fczerinden h\u00fck\u00fcmete &#8216;adalet&#8217; ba\u015fl\u0131\u011f\u0131 \u00fczerinden sert ele\u015ftiriler y\u00f6neltti. Bu adalet terazisini Zafer Partisi Genel Ba\u015fkan\u0131 \u00dcmit \u00d6zda\u011f i\u00e7in eline alan \u0130mamo\u011flu, ge\u00e7 gelen adaletin adalet olmayaca\u011f\u0131n\u0131 ifade etti. &#8220;DAVASI NEDEN G\u00d6R\u00dcLM\u00dcYOR?&#8221; Ayn\u0131 cezaevinde bulundu\u011fu Zafer Partisi Genel Ba\u015fkan\u0131 \u00dcmit \u00d6zda\u011f&#8217;\u0131n hukuksuz bir \u015fekilde aylard\u0131r tutuldu\u011funu ifade eden \u0130mamo\u011flu, &#8220;Sadece 9 sayfal\u0131k bir iddianame i\u00e7in 77 g\u00fcn bekledi\u011fi yetmezmi\u015f gibi ilk duru\u015fmas\u0131 iki ay sonra g\u00f6r\u00fclecek. Bu nas\u0131l bir adalet anlay\u0131\u015f\u0131d\u0131r? Neden Say\u0131n \u00d6zda\u011f tutuklu yarg\u0131lan\u0131yor? \u0130ddianamesi haz\u0131r edildi\u011fi halde neden bir an \u00f6nce davas\u0131 g\u00f6r\u00fclm\u00fcyor? Say\u0131n \u00d6zda\u011f nas\u0131l bir adalet anlay\u0131\u015f\u0131yla aylard\u0131r \u00f6zg\u00fcrl\u00fc\u011f\u00fcnden mahrum edilir? \u015eubat ay\u0131nda ziyaret etti\u011fim k\u0131ymetli annesini, sevdiklerini g\u00f6rebilmekten al\u0131konur? \u015eiddetle k\u0131n\u0131yorum. Kaderde, Sn. \u00d6zda\u011f ile ayn\u0131 cezaevinde bulunmam\u0131z varm\u0131\u015f&#8221; a\u00e7\u0131klamas\u0131nda bulundu. &#8220;GEC\u0130KEN ADALET ZUL\u00dcMD\u00dcR&#8221; Bir cumhurba\u015fkan\u0131 aday\u0131n\u0131n, bir parti genel ba\u015fkan\u0131n\u0131n Silivri Cezaevi&#8217;nde, siyaset yapman\u0131n bedelini \u00f6dedi\u011finin alt\u0131n\u0131 \u00e7izen \u0130mamo\u011flu, &#8220;\u00dczerine basarak s\u00f6yl\u00fcyorum; hukuk, siyasi rakipleri susturmak i\u00e7in bir ara\u00e7 olamaz. Adalet, herkes i\u00e7in e\u015fit i\u015flemelidir; aksi halde, bunun ad\u0131 adalet olmaz, bunun ad\u0131 zul\u00fcm olur. As\u0131rlar \u00f6nce Balkanlar&#8217;a att\u0131\u011f\u0131m\u0131z ilk ad\u0131m\u0131n mimar\u0131 ve Bursa fatihi Orhan Gazi&#8217;nin dedi\u011fi gibi: &hellip;","og_url":"https:\/\/denizcankizil.tr\/en\/haberler\/gundem\/imamoglundan-umit-ozdaga-destek-yazisi\/","og_site_name":"Av. Deniz Can K\u0131z\u0131l","article_published_time":"2025-04-21T14:41:17+00:00","author":"Antalya K\u00f6rfez","twitter_card":"summary_large_image","twitter_misc":{"Written by":"Antalya K\u00f6rfez","Estimated reading time":"2 minutes"},"schema":{"@context":"https:\/\/schema.org","@graph":[{"@type":"Article","@id":"https:\/\/denizcankizil.tr\/ru\/haberler\/gundem\/imamoglundan-umit-ozdaga-destek-yazisi\/#article","isPartOf":{"@id":"https:\/\/denizcankizil.tr\/ru\/haberler\/gundem\/imamoglundan-umit-ozdaga-destek-yazisi\/"},"author":{"name":"Antalya K\u00f6rfez","@id":"https:\/\/denizcankizil.tr\/de\/#\/schema\/person\/e1eb71bb4dd684d46563f0af307e1234"},"headline":"\u0130mamo\u011flu&#8217;ndan \u00dcmit \u00d6zda\u011f&#8217;a destek yaz\u0131s\u0131","datePublished":"2025-04-21T14:41:17+00:00","mainEntityOfPage":{"@id":"https:\/\/denizcankizil.tr\/ru\/haberler\/gundem\/imamoglundan-umit-ozdaga-destek-yazisi\/"},"wordCount":507,"publisher":{"@id":"https:\/\/denizcankizil.tr\/de\/#organization"},"articleSection":["G\u00fcndem"],"inLanguage":"en-GB"},{"@type":"WebPage","@id":"https:\/\/denizcankizil.tr\/ru\/haberler\/gundem\/imamoglundan-umit-ozdaga-destek-yazisi\/","url":"https:\/\/denizcankizil.tr\/ru\/haberler\/gundem\/imamoglundan-umit-ozdaga-destek-yazisi\/","name":"\u0130mamo\u011flu'ndan \u00dcmit \u00d6zda\u011f'a destek yaz\u0131s\u0131 - Av. Deniz Can K\u0131z\u0131l","isPartOf":{"@id":"https:\/\/denizcankizil.tr\/de\/#website"},"datePublished":"2025-04-21T14:41:17+00:00","breadcrumb":{"@id":"https:\/\/denizcankizil.tr\/ru\/haberler\/gundem\/imamoglundan-umit-ozdaga-destek-yazisi\/#breadcrumb"},"inLanguage":"en-GB","potentialAction":[{"@type":"ReadAction","target":["https:\/\/denizcankizil.tr\/ru\/haberler\/gundem\/imamoglundan-umit-ozdaga-destek-yazisi\/"]}]},{"@type":"BreadcrumbList","@id":"https:\/\/denizcankizil.tr\/ru\/haberler\/gundem\/imamoglundan-umit-ozdaga-destek-yazisi\/#breadcrumb","itemListElement":[{"@type":"ListItem","position":1,"name":"Home","item":"https:\/\/denizcankizil.tr\/de\/"},{"@type":"ListItem","position":2,"name":"\u0130mamo\u011flu&#8217;ndan \u00dcmit \u00d6zda\u011f&#8217;a destek yaz\u0131s\u0131"}]},{"@type":"WebSite","@id":"https:\/\/denizcankizil.tr\/de\/#website","url":"https:\/\/denizcankizil.tr\/de\/","name":"Av. Deniz Can K\u0131z\u0131l","description":"Avukat Deniz Can K\u0131z\u0131l Antalya Barosu","publisher":{"@id":"https:\/\/denizcankizil.tr\/de\/#organization"},"potentialAction":[{"@type":"SearchAction","target":{"@type":"EntryPoint","urlTemplate":"https:\/\/denizcankizil.tr\/de\/?s={search_term_string}"},"query-input":{"@type":"PropertyValueSpecification","valueRequired":true,"valueName":"search_term_string"}}],"inLanguage":"en-GB"},{"@type":"Organization","@id":"https:\/\/denizcankizil.tr\/de\/#organization","name":"Av. Deniz Can K\u0131z\u0131l","url":"https:\/\/denizcankizil.tr\/de\/","logo":{"@type":"ImageObject","inLanguage":"en-GB","@id":"https:\/\/denizcankizil.tr\/de\/#\/schema\/logo\/image\/","url":"https:\/\/denizcankizil.tr\/wp-content\/uploads\/2024\/10\/siyah-logo-svg.svg","contentUrl":"https:\/\/denizcankizil.tr\/wp-content\/uploads\/2024\/10\/siyah-logo-svg.svg","width":1080,"height":1080,"caption":"Av. Deniz Can K\u0131z\u0131l"},"image":{"@id":"https:\/\/denizcankizil.tr\/de\/#\/schema\/logo\/image\/"}},{"@type":"Person","@id":"https:\/\/denizcankizil.tr\/de\/#\/schema\/person\/e1eb71bb4dd684d46563f0af307e1234","name":"Antalya K\u00f6rfez","image":{"@type":"ImageObject","inLanguage":"en-GB","@id":"https:\/\/denizcankizil.tr\/de\/#\/schema\/person\/image\/","url":"https:\/\/secure.gravatar.com\/avatar\/42b01982558a48a0b501fdcab6a408d3717ea5919095ee2e67b0e521799c5905?s=96&d=mm&r=g","contentUrl":"https:\/\/secure.gravatar.com\/avatar\/42b01982558a48a0b501fdcab6a408d3717ea5919095ee2e67b0e521799c5905?s=96&d=mm&r=g","caption":"Antalya K\u00f6rfez"},"sameAs":["http:\/\/www.antalyakorfez.com"],"url":"https:\/\/www.antalyakorfez.com\/imamoglundan-umit-ozdaga-destek-yazisi"}]}},"_links":{"self":[{"href":"https:\/\/denizcankizil.tr\/en\/wp-json\/wp\/v2\/posts\/62031","targetHints":{"allow":["GET"]}}],"collection":[{"href":"https:\/\/denizcankizil.tr\/en\/wp-json\/wp\/v2\/posts"}],"about":[{"href":"https:\/\/denizcankizil.tr\/en\/wp-json\/wp\/v2\/types\/post"}],"author":[{"embeddable":true,"href":"https:\/\/denizcankizil.tr\/en\/wp-json\/wp\/v2\/users\/5"}],"replies":[{"embeddable":true,"href":"https:\/\/denizcankizil.tr\/en\/wp-json\/wp\/v2\/comments?post=62031"}],"version-history":[{"count":0,"href":"https:\/\/denizcankizil.tr\/en\/wp-json\/wp\/v2\/posts\/62031\/revisions"}],"wp:attachment":[{"href":"https:\/\/denizcankizil.tr\/en\/wp-json\/wp\/v2\/media?parent=62031"}],"wp:term":[{"taxonomy":"category","embeddable":true,"href":"https:\/\/denizcankizil.tr\/en\/wp-json\/wp\/v2\/categories?post=62031"},{"taxonomy":"post_tag","embeddable":true,"href":"https:\/\/denizcankizil.tr\/en\/wp-json\/wp\/v2\/tags?post=62031"}],"curies":[{"name":"wp","href":"https:\/\/api.w.org\/{rel}","templated":true}]}}