{"id":61681,"date":"2025-04-21T09:41:18","date_gmt":"2025-04-21T06:41:18","guid":{"rendered":"https:\/\/denizcankizil.tr\/uncategorized-tr\/tahtali-daginin-karli-zirvesinden-akdenizin-mavi-sularina\/"},"modified":"2025-04-21T09:41:18","modified_gmt":"2025-04-21T06:41:18","slug":"tahtali-daginin-karli-zirvesinden-akdenizin-mavi-sularina","status":"publish","type":"post","link":"https:\/\/denizcankizil.tr\/en\/haberler\/antalya\/tahtali-daginin-karli-zirvesinden-akdenizin-mavi-sularina\/","title":{"rendered":"Tahtal\u0131 Da\u011f\u0131&#8217;n\u0131n karl\u0131 zirvesinden Akdeniz&#8217;in mavi sular\u0131na"},"content":{"rendered":"<p>Tahtal\u0131 Da\u011f\u0131&#8217;n\u0131n 2 bin 365 metre karl\u0131 zirvesinden Akdeniz&#8217;e uzanan d\u00fcnyan\u0131n en benzersiz co\u011frafyas\u0131nda ger\u00e7ekle\u015fen e\u015fsiz da\u011f bisikleti yar\u0131\u015f\u0131 Sky To Sea MTB Enduro, \u00fc\u00e7\u00fcnc\u00fc kez ger\u00e7ekle\u015fti. Yar\u0131\u015fta 33:21,93&#8217;l\u00fck derece elde eden \u0130ngiliz sporcu Sam Robson k\u00fcrs\u00fcn\u00fcn zirvesinde yer ald\u0131. D\u00fcnyan\u0131n en ekstrem bisiklet yar\u0131\u015flar\u0131 aras\u0131nda yer alan Sky To Sea&#8217;de yer alan sporcular, Tahtal\u0131 Da\u011f\u0131&#8217;n\u0131n zirvesinden verilen start ile m\u00fccadeleye ba\u015flad\u0131.<\/p>\n<p>Yar\u0131\u015f\u0131n start\u0131n\u0131; Kemer Kaymakam\u0131 Ahmet Solmaz, Kemer \u0130l\u00e7e Jandarma Komutan\u0131 Binba\u015f\u0131 \u00d6mer Seyhan, Kemer \u0130l\u00e7e Emniyet M\u00fcd\u00fcr\u00fc Furkan Gedikta\u015f, Kemer Belediyesi Ba\u015fkan Yard\u0131mc\u0131s\u0131 Mehmet Derya Baytekin, Kemer Belediyesi Meclis \u00dcyesi Turizm ve Spor Birimi Koordinasyon Sorumlusu Cans\u0131n Efir verdi.<br \/>\nDayan\u0131kl\u0131l\u0131\u011f\u0131n test edildi\u011fi organizasyonda 2 bin 365 metre y\u00fcksekli\u011fe teleferikle \u00e7\u0131kan sporcular, Olympos Da\u011f\u0131&#8217;n\u0131n kayal\u0131klar\u0131, dere yataklar\u0131, orman i\u00e7erisindeki zorlu patika ge\u00e7i\u015flerinin ard\u0131ndan Kemer plaj\u0131nda kurulan rampa sayesinde atlay\u0131\u015f ger\u00e7ekle\u015ftirerek Akdeniz&#8217;in mavi sular\u0131yla bulu\u015ftu.<br \/>\nT\u00fcrkiye&#8217;nin en ekstrem bisiklet yar\u0131\u015f\u0131 olma \u00f6zelli\u011fini de elinde bulunduran organizasyon, 34 kilometrelik zorlu parkurda ko\u015fuldu.<\/p>\n<p>12 \u00fclkeden 150 sporcuyu a\u011f\u0131rlayan yar\u0131\u015fta genel klasmanda dereceye giren ilk 3 sporcu \u015fu \u015fekilde:<br \/>\n1- Sam Robson (33:21,93) (\u0130ngiltere)<br \/>\n2- Phil Atwil (34:15,22) (\u0130ngiltere)<br \/>\n3- Peter Bethell (34:33,96) (T\u00fcrkiye)<\/p>\n<p>Kaynak: www.kanalv.com.tr Haber Sitesinden Al\u0131nm\u0131\u015ft\u0131r.<\/p>","protected":false},"excerpt":{"rendered":"<p>Tahtal\u0131 Da\u011f\u0131&#8217;n\u0131n 2 bin 365 metre karl\u0131 zirvesinden Akdeniz&#8217;e uzanan d\u00fcnyan\u0131n en benzersiz co\u011frafyas\u0131nda ger\u00e7ekle\u015fen e\u015fsiz da\u011f bisikleti yar\u0131\u015f\u0131 Sky To Sea MTB Enduro, \u00fc\u00e7\u00fcnc\u00fc kez ger\u00e7ekle\u015fti. Yar\u0131\u015fta 33:21,93&#8217;l\u00fck derece elde eden \u0130ngiliz sporcu Sam Robson k\u00fcrs\u00fcn\u00fcn zirvesinde yer ald\u0131. D\u00fcnyan\u0131n en ekstrem bisiklet yar\u0131\u015flar\u0131 aras\u0131nda yer alan Sky To Sea&#8217;de yer alan sporcular, Tahtal\u0131 Da\u011f\u0131&#8217;n\u0131n zirvesinden verilen start ile m\u00fccadeleye ba\u015flad\u0131. Yar\u0131\u015f\u0131n start\u0131n\u0131; Kemer Kaymakam\u0131 Ahmet Solmaz, Kemer \u0130l\u00e7e Jandarma Komutan\u0131 Binba\u015f\u0131 \u00d6mer Seyhan, Kemer \u0130l\u00e7e Emniyet M\u00fcd\u00fcr\u00fc Furkan Gedikta\u015f, Kemer Belediyesi Ba\u015fkan Yard\u0131mc\u0131s\u0131 Mehmet Derya Baytekin, Kemer Belediyesi Meclis \u00dcyesi Turizm ve Spor Birimi Koordinasyon Sorumlusu Cans\u0131n Efir verdi. Dayan\u0131kl\u0131l\u0131\u011f\u0131n test edildi\u011fi organizasyonda 2 bin 365 metre y\u00fcksekli\u011fe teleferikle \u00e7\u0131kan sporcular, Olympos Da\u011f\u0131&#8217;n\u0131n kayal\u0131klar\u0131, dere yataklar\u0131, orman i\u00e7erisindeki zorlu patika ge\u00e7i\u015flerinin ard\u0131ndan Kemer plaj\u0131nda kurulan rampa sayesinde atlay\u0131\u015f ger\u00e7ekle\u015ftirerek Akdeniz&#8217;in mavi sular\u0131yla bulu\u015ftu. T\u00fcrkiye&#8217;nin en ekstrem bisiklet yar\u0131\u015f\u0131 olma \u00f6zelli\u011fini de elinde bulunduran organizasyon, 34 kilometrelik zorlu parkurda ko\u015fuldu. 12 \u00fclkeden 150 sporcuyu a\u011f\u0131rlayan yar\u0131\u015fta genel klasmanda dereceye giren ilk 3 sporcu \u015fu \u015fekilde: 1- Sam Robson (33:21,93) (\u0130ngiltere) 2- Phil Atwil (34:15,22) (\u0130ngiltere) 3- Peter Bethell (34:33,96) (T\u00fcrkiye) Kaynak: www.kanalv.com.tr Haber Sitesinden Al\u0131nm\u0131\u015ft\u0131r.<\/p>","protected":false},"author":4,"featured_media":61682,"comment_status":"","ping_status":"open","sticky":false,"template":"","format":"standard","meta":{"_acf_changed":false,"footnotes":""},"categories":[26],"tags":[],"class_list":["post-61681","post","type-post","status-publish","format-standard","has-post-thumbnail","hentry","category-antalya"],"acf":[],"yoast_head":"<!-- This site is optimized with the Yoast SEO Premium plugin v26.6 (Yoast SEO v27.1.1) - https:\/\/yoast.com\/product\/yoast-seo-premium-wordpress\/ -->\n<title>Tahtal\u0131 Da\u011f\u0131&#039;n\u0131n karl\u0131 zirvesinden Akdeniz&#039;in mavi sular\u0131na - Av. Deniz Can K\u0131z\u0131l<\/title>\n<meta name=\"robots\" content=\"index, follow, max-snippet:-1, max-image-preview:large, max-video-preview:-1\" \/>\n<link rel=\"canonical\" href=\"https:\/\/denizcankizil.tr\/en\/haberler\/antalya\/tahtali-daginin-karli-zirvesinden-akdenizin-mavi-sularina\/\" \/>\n<meta property=\"og:locale\" content=\"en_GB\" \/>\n<meta property=\"og:type\" content=\"article\" \/>\n<meta property=\"og:title\" content=\"Tahtal\u0131 Da\u011f\u0131&#039;n\u0131n karl\u0131 zirvesinden Akdeniz&#039;in mavi sular\u0131na\" \/>\n<meta property=\"og:description\" content=\"Tahtal\u0131 Da\u011f\u0131&#8217;n\u0131n 2 bin 365 metre karl\u0131 zirvesinden Akdeniz&#8217;e uzanan d\u00fcnyan\u0131n en benzersiz co\u011frafyas\u0131nda ger\u00e7ekle\u015fen e\u015fsiz da\u011f bisikleti yar\u0131\u015f\u0131 Sky To Sea MTB Enduro, \u00fc\u00e7\u00fcnc\u00fc kez ger\u00e7ekle\u015fti. Yar\u0131\u015fta 33:21,93&#8217;l\u00fck derece elde eden \u0130ngiliz sporcu Sam Robson k\u00fcrs\u00fcn\u00fcn zirvesinde yer ald\u0131. D\u00fcnyan\u0131n en ekstrem bisiklet yar\u0131\u015flar\u0131 aras\u0131nda yer alan Sky To Sea&#8217;de yer alan sporcular, Tahtal\u0131 Da\u011f\u0131&#8217;n\u0131n zirvesinden verilen start ile m\u00fccadeleye ba\u015flad\u0131. Yar\u0131\u015f\u0131n start\u0131n\u0131; Kemer Kaymakam\u0131 Ahmet Solmaz, Kemer \u0130l\u00e7e Jandarma Komutan\u0131 Binba\u015f\u0131 \u00d6mer Seyhan, Kemer \u0130l\u00e7e Emniyet M\u00fcd\u00fcr\u00fc Furkan Gedikta\u015f, Kemer Belediyesi Ba\u015fkan Yard\u0131mc\u0131s\u0131 Mehmet Derya Baytekin, Kemer Belediyesi Meclis \u00dcyesi Turizm ve Spor Birimi Koordinasyon Sorumlusu Cans\u0131n Efir verdi. Dayan\u0131kl\u0131l\u0131\u011f\u0131n test edildi\u011fi organizasyonda 2 bin 365 metre y\u00fcksekli\u011fe teleferikle \u00e7\u0131kan sporcular, Olympos Da\u011f\u0131&#8217;n\u0131n kayal\u0131klar\u0131, dere yataklar\u0131, orman i\u00e7erisindeki zorlu patika ge\u00e7i\u015flerinin ard\u0131ndan Kemer plaj\u0131nda kurulan rampa sayesinde atlay\u0131\u015f ger\u00e7ekle\u015ftirerek Akdeniz&#8217;in mavi sular\u0131yla bulu\u015ftu. T\u00fcrkiye&#8217;nin en ekstrem bisiklet yar\u0131\u015f\u0131 olma \u00f6zelli\u011fini de elinde bulunduran organizasyon, 34 kilometrelik zorlu parkurda ko\u015fuldu. 12 \u00fclkeden 150 sporcuyu a\u011f\u0131rlayan yar\u0131\u015fta genel klasmanda dereceye giren ilk 3 sporcu \u015fu \u015fekilde: 1- Sam Robson (33:21,93) (\u0130ngiltere) 2- Phil Atwil (34:15,22) (\u0130ngiltere) 3- Peter Bethell (34:33,96) (T\u00fcrkiye) Kaynak: www.kanalv.com.tr Haber Sitesinden Al\u0131nm\u0131\u015ft\u0131r.\" \/>\n<meta property=\"og:url\" content=\"https:\/\/denizcankizil.tr\/en\/haberler\/antalya\/tahtali-daginin-karli-zirvesinden-akdenizin-mavi-sularina\/\" \/>\n<meta property=\"og:site_name\" content=\"Av. Deniz Can K\u0131z\u0131l\" \/>\n<meta property=\"article:published_time\" content=\"2025-04-21T06:41:18+00:00\" \/>\n<meta property=\"og:image\" content=\"https:\/\/denizcankizil.tr\/wp-content\/uploads\/2025\/04\/5899-01-Og6F5n.jpg\" \/>\n\t<meta property=\"og:image:width\" content=\"1280\" \/>\n\t<meta property=\"og:image:height\" content=\"720\" \/>\n\t<meta property=\"og:image:type\" content=\"image\/jpeg\" \/>\n<meta name=\"author\" content=\"Av. Deniz Can K\u0131z\u0131l\" \/>\n<meta name=\"twitter:card\" content=\"summary_large_image\" \/>\n<meta name=\"twitter:label1\" content=\"Written by\" \/>\n\t<meta name=\"twitter:data1\" content=\"Av. Deniz Can K\u0131z\u0131l\" \/>\n\t<meta name=\"twitter:label2\" content=\"Estimated reading time\" \/>\n\t<meta name=\"twitter:data2\" content=\"1 minute\" \/>\n<script type=\"application\/ld+json\" class=\"yoast-schema-graph\">{\"@context\":\"https:\/\/schema.org\",\"@graph\":[{\"@type\":\"Article\",\"@id\":\"https:\/\/denizcankizil.tr\/en\/haberler\/antalya\/tahtali-daginin-karli-zirvesinden-akdenizin-mavi-sularina\/#article\",\"isPartOf\":{\"@id\":\"https:\/\/denizcankizil.tr\/en\/haberler\/antalya\/tahtali-daginin-karli-zirvesinden-akdenizin-mavi-sularina\/\"},\"author\":{\"name\":\"Av. Deniz Can K\u0131z\u0131l\",\"@id\":\"https:\/\/denizcankizil.tr\/de\/#\/schema\/person\/5dc1b22991bd7ac833867c10afc9b0ff\"},\"headline\":\"Tahtal\u0131 Da\u011f\u0131&#8217;n\u0131n karl\u0131 zirvesinden Akdeniz&#8217;in mavi sular\u0131na\",\"datePublished\":\"2025-04-21T06:41:18+00:00\",\"mainEntityOfPage\":{\"@id\":\"https:\/\/denizcankizil.tr\/en\/haberler\/antalya\/tahtali-daginin-karli-zirvesinden-akdenizin-mavi-sularina\/\"},\"wordCount\":254,\"publisher\":{\"@id\":\"https:\/\/denizcankizil.tr\/de\/#organization\"},\"image\":{\"@id\":\"https:\/\/denizcankizil.tr\/en\/haberler\/antalya\/tahtali-daginin-karli-zirvesinden-akdenizin-mavi-sularina\/#primaryimage\"},\"thumbnailUrl\":\"https:\/\/denizcankizil.tr\/wp-content\/uploads\/2025\/04\/5899-01-Og6F5n.jpg\",\"articleSection\":[\"Antalya\"],\"inLanguage\":\"en-GB\"},{\"@type\":\"WebPage\",\"@id\":\"https:\/\/denizcankizil.tr\/en\/haberler\/antalya\/tahtali-daginin-karli-zirvesinden-akdenizin-mavi-sularina\/\",\"url\":\"https:\/\/denizcankizil.tr\/en\/haberler\/antalya\/tahtali-daginin-karli-zirvesinden-akdenizin-mavi-sularina\/\",\"name\":\"Tahtal\u0131 Da\u011f\u0131'n\u0131n karl\u0131 zirvesinden Akdeniz'in mavi sular\u0131na - Av. Deniz Can K\u0131z\u0131l\",\"isPartOf\":{\"@id\":\"https:\/\/denizcankizil.tr\/de\/#website\"},\"primaryImageOfPage\":{\"@id\":\"https:\/\/denizcankizil.tr\/en\/haberler\/antalya\/tahtali-daginin-karli-zirvesinden-akdenizin-mavi-sularina\/#primaryimage\"},\"image\":{\"@id\":\"https:\/\/denizcankizil.tr\/en\/haberler\/antalya\/tahtali-daginin-karli-zirvesinden-akdenizin-mavi-sularina\/#primaryimage\"},\"thumbnailUrl\":\"https:\/\/denizcankizil.tr\/wp-content\/uploads\/2025\/04\/5899-01-Og6F5n.jpg\",\"datePublished\":\"2025-04-21T06:41:18+00:00\",\"breadcrumb\":{\"@id\":\"https:\/\/denizcankizil.tr\/en\/haberler\/antalya\/tahtali-daginin-karli-zirvesinden-akdenizin-mavi-sularina\/#breadcrumb\"},\"inLanguage\":\"en-GB\",\"potentialAction\":[{\"@type\":\"ReadAction\",\"target\":[\"https:\/\/denizcankizil.tr\/en\/haberler\/antalya\/tahtali-daginin-karli-zirvesinden-akdenizin-mavi-sularina\/\"]}]},{\"@type\":\"ImageObject\",\"inLanguage\":\"en-GB\",\"@id\":\"https:\/\/denizcankizil.tr\/en\/haberler\/antalya\/tahtali-daginin-karli-zirvesinden-akdenizin-mavi-sularina\/#primaryimage\",\"url\":\"https:\/\/denizcankizil.tr\/wp-content\/uploads\/2025\/04\/5899-01-Og6F5n.jpg\",\"contentUrl\":\"https:\/\/denizcankizil.tr\/wp-content\/uploads\/2025\/04\/5899-01-Og6F5n.jpg\",\"width\":1280,\"height\":720},{\"@type\":\"BreadcrumbList\",\"@id\":\"https:\/\/denizcankizil.tr\/en\/haberler\/antalya\/tahtali-daginin-karli-zirvesinden-akdenizin-mavi-sularina\/#breadcrumb\",\"itemListElement\":[{\"@type\":\"ListItem\",\"position\":1,\"name\":\"Home\",\"item\":\"https:\/\/denizcankizil.tr\/de\/\"},{\"@type\":\"ListItem\",\"position\":2,\"name\":\"Tahtal\u0131 Da\u011f\u0131&#8217;n\u0131n karl\u0131 zirvesinden Akdeniz&#8217;in mavi sular\u0131na\"}]},{\"@type\":\"WebSite\",\"@id\":\"https:\/\/denizcankizil.tr\/de\/#website\",\"url\":\"https:\/\/denizcankizil.tr\/de\/\",\"name\":\"Av. Deniz Can K\u0131z\u0131l\",\"description\":\"Avukat Deniz Can K\u0131z\u0131l Antalya Barosu\",\"publisher\":{\"@id\":\"https:\/\/denizcankizil.tr\/de\/#organization\"},\"potentialAction\":[{\"@type\":\"SearchAction\",\"target\":{\"@type\":\"EntryPoint\",\"urlTemplate\":\"https:\/\/denizcankizil.tr\/de\/?s={search_term_string}\"},\"query-input\":{\"@type\":\"PropertyValueSpecification\",\"valueRequired\":true,\"valueName\":\"search_term_string\"}}],\"inLanguage\":\"en-GB\"},{\"@type\":\"Organization\",\"@id\":\"https:\/\/denizcankizil.tr\/de\/#organization\",\"name\":\"Av. Deniz Can K\u0131z\u0131l\",\"url\":\"https:\/\/denizcankizil.tr\/de\/\",\"logo\":{\"@type\":\"ImageObject\",\"inLanguage\":\"en-GB\",\"@id\":\"https:\/\/denizcankizil.tr\/de\/#\/schema\/logo\/image\/\",\"url\":\"https:\/\/denizcankizil.tr\/wp-content\/uploads\/2024\/10\/siyah-logo-svg.svg\",\"contentUrl\":\"https:\/\/denizcankizil.tr\/wp-content\/uploads\/2024\/10\/siyah-logo-svg.svg\",\"width\":1080,\"height\":1080,\"caption\":\"Av. Deniz Can K\u0131z\u0131l\"},\"image\":{\"@id\":\"https:\/\/denizcankizil.tr\/de\/#\/schema\/logo\/image\/\"}},{\"@type\":\"Person\",\"@id\":\"https:\/\/denizcankizil.tr\/de\/#\/schema\/person\/5dc1b22991bd7ac833867c10afc9b0ff\",\"name\":\"Av. Deniz Can K\u0131z\u0131l\",\"image\":{\"@type\":\"ImageObject\",\"inLanguage\":\"en-GB\",\"@id\":\"https:\/\/denizcankizil.tr\/de\/#\/schema\/person\/image\/\",\"url\":\"https:\/\/secure.gravatar.com\/avatar\/a0b128fb9855c79efc976d5640eedb31dc35ec297594d6016d2cf7c60e975bb6?s=96&d=mm&r=g\",\"contentUrl\":\"https:\/\/secure.gravatar.com\/avatar\/a0b128fb9855c79efc976d5640eedb31dc35ec297594d6016d2cf7c60e975bb6?s=96&d=mm&r=g\",\"caption\":\"Av. Deniz Can K\u0131z\u0131l\"},\"sameAs\":[\"http:\/\/www.denizcankizil.tr\"],\"url\":\"https:\/\/denizcankizil.tr\/en\/author\/denizcankizil\/\"}]}<\/script>\n<!-- \/ Yoast SEO Premium plugin. -->","yoast_head_json":{"title":"Tahtal\u0131 Da\u011f\u0131'n\u0131n karl\u0131 zirvesinden Akdeniz'in mavi sular\u0131na - Av. Deniz Can K\u0131z\u0131l","robots":{"index":"index","follow":"follow","max-snippet":"max-snippet:-1","max-image-preview":"max-image-preview:large","max-video-preview":"max-video-preview:-1"},"canonical":"https:\/\/denizcankizil.tr\/en\/haberler\/antalya\/tahtali-daginin-karli-zirvesinden-akdenizin-mavi-sularina\/","og_locale":"en_GB","og_type":"article","og_title":"Tahtal\u0131 Da\u011f\u0131'n\u0131n karl\u0131 zirvesinden Akdeniz'in mavi sular\u0131na","og_description":"Tahtal\u0131 Da\u011f\u0131&#8217;n\u0131n 2 bin 365 metre karl\u0131 zirvesinden Akdeniz&#8217;e uzanan d\u00fcnyan\u0131n en benzersiz co\u011frafyas\u0131nda ger\u00e7ekle\u015fen e\u015fsiz da\u011f bisikleti yar\u0131\u015f\u0131 Sky To Sea MTB Enduro, \u00fc\u00e7\u00fcnc\u00fc kez ger\u00e7ekle\u015fti. Yar\u0131\u015fta 33:21,93&#8217;l\u00fck derece elde eden \u0130ngiliz sporcu Sam Robson k\u00fcrs\u00fcn\u00fcn zirvesinde yer ald\u0131. D\u00fcnyan\u0131n en ekstrem bisiklet yar\u0131\u015flar\u0131 aras\u0131nda yer alan Sky To Sea&#8217;de yer alan sporcular, Tahtal\u0131 Da\u011f\u0131&#8217;n\u0131n zirvesinden verilen start ile m\u00fccadeleye ba\u015flad\u0131. Yar\u0131\u015f\u0131n start\u0131n\u0131; Kemer Kaymakam\u0131 Ahmet Solmaz, Kemer \u0130l\u00e7e Jandarma Komutan\u0131 Binba\u015f\u0131 \u00d6mer Seyhan, Kemer \u0130l\u00e7e Emniyet M\u00fcd\u00fcr\u00fc Furkan Gedikta\u015f, Kemer Belediyesi Ba\u015fkan Yard\u0131mc\u0131s\u0131 Mehmet Derya Baytekin, Kemer Belediyesi Meclis \u00dcyesi Turizm ve Spor Birimi Koordinasyon Sorumlusu Cans\u0131n Efir verdi. Dayan\u0131kl\u0131l\u0131\u011f\u0131n test edildi\u011fi organizasyonda 2 bin 365 metre y\u00fcksekli\u011fe teleferikle \u00e7\u0131kan sporcular, Olympos Da\u011f\u0131&#8217;n\u0131n kayal\u0131klar\u0131, dere yataklar\u0131, orman i\u00e7erisindeki zorlu patika ge\u00e7i\u015flerinin ard\u0131ndan Kemer plaj\u0131nda kurulan rampa sayesinde atlay\u0131\u015f ger\u00e7ekle\u015ftirerek Akdeniz&#8217;in mavi sular\u0131yla bulu\u015ftu. T\u00fcrkiye&#8217;nin en ekstrem bisiklet yar\u0131\u015f\u0131 olma \u00f6zelli\u011fini de elinde bulunduran organizasyon, 34 kilometrelik zorlu parkurda ko\u015fuldu. 12 \u00fclkeden 150 sporcuyu a\u011f\u0131rlayan yar\u0131\u015fta genel klasmanda dereceye giren ilk 3 sporcu \u015fu \u015fekilde: 1- Sam Robson (33:21,93) (\u0130ngiltere) 2- Phil Atwil (34:15,22) (\u0130ngiltere) 3- Peter Bethell (34:33,96) (T\u00fcrkiye) Kaynak: www.kanalv.com.tr Haber Sitesinden Al\u0131nm\u0131\u015ft\u0131r.","og_url":"https:\/\/denizcankizil.tr\/en\/haberler\/antalya\/tahtali-daginin-karli-zirvesinden-akdenizin-mavi-sularina\/","og_site_name":"Av. Deniz Can K\u0131z\u0131l","article_published_time":"2025-04-21T06:41:18+00:00","og_image":[{"width":1280,"height":720,"url":"https:\/\/denizcankizil.tr\/wp-content\/uploads\/2025\/04\/5899-01-Og6F5n.jpg","type":"image\/jpeg"}],"author":"Av. Deniz Can K\u0131z\u0131l","twitter_card":"summary_large_image","twitter_misc":{"Written by":"Av. Deniz Can K\u0131z\u0131l","Estimated reading time":"1 minute"},"schema":{"@context":"https:\/\/schema.org","@graph":[{"@type":"Article","@id":"https:\/\/denizcankizil.tr\/en\/haberler\/antalya\/tahtali-daginin-karli-zirvesinden-akdenizin-mavi-sularina\/#article","isPartOf":{"@id":"https:\/\/denizcankizil.tr\/en\/haberler\/antalya\/tahtali-daginin-karli-zirvesinden-akdenizin-mavi-sularina\/"},"author":{"name":"Av. Deniz Can K\u0131z\u0131l","@id":"https:\/\/denizcankizil.tr\/de\/#\/schema\/person\/5dc1b22991bd7ac833867c10afc9b0ff"},"headline":"Tahtal\u0131 Da\u011f\u0131&#8217;n\u0131n karl\u0131 zirvesinden Akdeniz&#8217;in mavi sular\u0131na","datePublished":"2025-04-21T06:41:18+00:00","mainEntityOfPage":{"@id":"https:\/\/denizcankizil.tr\/en\/haberler\/antalya\/tahtali-daginin-karli-zirvesinden-akdenizin-mavi-sularina\/"},"wordCount":254,"publisher":{"@id":"https:\/\/denizcankizil.tr\/de\/#organization"},"image":{"@id":"https:\/\/denizcankizil.tr\/en\/haberler\/antalya\/tahtali-daginin-karli-zirvesinden-akdenizin-mavi-sularina\/#primaryimage"},"thumbnailUrl":"https:\/\/denizcankizil.tr\/wp-content\/uploads\/2025\/04\/5899-01-Og6F5n.jpg","articleSection":["Antalya"],"inLanguage":"en-GB"},{"@type":"WebPage","@id":"https:\/\/denizcankizil.tr\/en\/haberler\/antalya\/tahtali-daginin-karli-zirvesinden-akdenizin-mavi-sularina\/","url":"https:\/\/denizcankizil.tr\/en\/haberler\/antalya\/tahtali-daginin-karli-zirvesinden-akdenizin-mavi-sularina\/","name":"Tahtal\u0131 Da\u011f\u0131'n\u0131n karl\u0131 zirvesinden Akdeniz'in mavi sular\u0131na - Av. Deniz Can K\u0131z\u0131l","isPartOf":{"@id":"https:\/\/denizcankizil.tr\/de\/#website"},"primaryImageOfPage":{"@id":"https:\/\/denizcankizil.tr\/en\/haberler\/antalya\/tahtali-daginin-karli-zirvesinden-akdenizin-mavi-sularina\/#primaryimage"},"image":{"@id":"https:\/\/denizcankizil.tr\/en\/haberler\/antalya\/tahtali-daginin-karli-zirvesinden-akdenizin-mavi-sularina\/#primaryimage"},"thumbnailUrl":"https:\/\/denizcankizil.tr\/wp-content\/uploads\/2025\/04\/5899-01-Og6F5n.jpg","datePublished":"2025-04-21T06:41:18+00:00","breadcrumb":{"@id":"https:\/\/denizcankizil.tr\/en\/haberler\/antalya\/tahtali-daginin-karli-zirvesinden-akdenizin-mavi-sularina\/#breadcrumb"},"inLanguage":"en-GB","potentialAction":[{"@type":"ReadAction","target":["https:\/\/denizcankizil.tr\/en\/haberler\/antalya\/tahtali-daginin-karli-zirvesinden-akdenizin-mavi-sularina\/"]}]},{"@type":"ImageObject","inLanguage":"en-GB","@id":"https:\/\/denizcankizil.tr\/en\/haberler\/antalya\/tahtali-daginin-karli-zirvesinden-akdenizin-mavi-sularina\/#primaryimage","url":"https:\/\/denizcankizil.tr\/wp-content\/uploads\/2025\/04\/5899-01-Og6F5n.jpg","contentUrl":"https:\/\/denizcankizil.tr\/wp-content\/uploads\/2025\/04\/5899-01-Og6F5n.jpg","width":1280,"height":720},{"@type":"BreadcrumbList","@id":"https:\/\/denizcankizil.tr\/en\/haberler\/antalya\/tahtali-daginin-karli-zirvesinden-akdenizin-mavi-sularina\/#breadcrumb","itemListElement":[{"@type":"ListItem","position":1,"name":"Home","item":"https:\/\/denizcankizil.tr\/de\/"},{"@type":"ListItem","position":2,"name":"Tahtal\u0131 Da\u011f\u0131&#8217;n\u0131n karl\u0131 zirvesinden Akdeniz&#8217;in mavi sular\u0131na"}]},{"@type":"WebSite","@id":"https:\/\/denizcankizil.tr\/de\/#website","url":"https:\/\/denizcankizil.tr\/de\/","name":"Av. Deniz Can K\u0131z\u0131l","description":"Avukat Deniz Can K\u0131z\u0131l Antalya Barosu","publisher":{"@id":"https:\/\/denizcankizil.tr\/de\/#organization"},"potentialAction":[{"@type":"SearchAction","target":{"@type":"EntryPoint","urlTemplate":"https:\/\/denizcankizil.tr\/de\/?s={search_term_string}"},"query-input":{"@type":"PropertyValueSpecification","valueRequired":true,"valueName":"search_term_string"}}],"inLanguage":"en-GB"},{"@type":"Organization","@id":"https:\/\/denizcankizil.tr\/de\/#organization","name":"Av. Deniz Can K\u0131z\u0131l","url":"https:\/\/denizcankizil.tr\/de\/","logo":{"@type":"ImageObject","inLanguage":"en-GB","@id":"https:\/\/denizcankizil.tr\/de\/#\/schema\/logo\/image\/","url":"https:\/\/denizcankizil.tr\/wp-content\/uploads\/2024\/10\/siyah-logo-svg.svg","contentUrl":"https:\/\/denizcankizil.tr\/wp-content\/uploads\/2024\/10\/siyah-logo-svg.svg","width":1080,"height":1080,"caption":"Av. Deniz Can K\u0131z\u0131l"},"image":{"@id":"https:\/\/denizcankizil.tr\/de\/#\/schema\/logo\/image\/"}},{"@type":"Person","@id":"https:\/\/denizcankizil.tr\/de\/#\/schema\/person\/5dc1b22991bd7ac833867c10afc9b0ff","name":"Av. Deniz Can K\u0131z\u0131l","image":{"@type":"ImageObject","inLanguage":"en-GB","@id":"https:\/\/denizcankizil.tr\/de\/#\/schema\/person\/image\/","url":"https:\/\/secure.gravatar.com\/avatar\/a0b128fb9855c79efc976d5640eedb31dc35ec297594d6016d2cf7c60e975bb6?s=96&d=mm&r=g","contentUrl":"https:\/\/secure.gravatar.com\/avatar\/a0b128fb9855c79efc976d5640eedb31dc35ec297594d6016d2cf7c60e975bb6?s=96&d=mm&r=g","caption":"Av. Deniz Can K\u0131z\u0131l"},"sameAs":["http:\/\/www.denizcankizil.tr"],"url":"https:\/\/denizcankizil.tr\/en\/author\/denizcankizil\/"}]}},"_links":{"self":[{"href":"https:\/\/denizcankizil.tr\/en\/wp-json\/wp\/v2\/posts\/61681","targetHints":{"allow":["GET"]}}],"collection":[{"href":"https:\/\/denizcankizil.tr\/en\/wp-json\/wp\/v2\/posts"}],"about":[{"href":"https:\/\/denizcankizil.tr\/en\/wp-json\/wp\/v2\/types\/post"}],"author":[{"embeddable":true,"href":"https:\/\/denizcankizil.tr\/en\/wp-json\/wp\/v2\/users\/4"}],"replies":[{"embeddable":true,"href":"https:\/\/denizcankizil.tr\/en\/wp-json\/wp\/v2\/comments?post=61681"}],"version-history":[{"count":0,"href":"https:\/\/denizcankizil.tr\/en\/wp-json\/wp\/v2\/posts\/61681\/revisions"}],"wp:featuredmedia":[{"embeddable":true,"href":"https:\/\/denizcankizil.tr\/en\/wp-json\/wp\/v2\/media\/61682"}],"wp:attachment":[{"href":"https:\/\/denizcankizil.tr\/en\/wp-json\/wp\/v2\/media?parent=61681"}],"wp:term":[{"taxonomy":"category","embeddable":true,"href":"https:\/\/denizcankizil.tr\/en\/wp-json\/wp\/v2\/categories?post=61681"},{"taxonomy":"post_tag","embeddable":true,"href":"https:\/\/denizcankizil.tr\/en\/wp-json\/wp\/v2\/tags?post=61681"}],"curies":[{"name":"wp","href":"https:\/\/api.w.org\/{rel}","templated":true}]}}