{"id":6138,"date":"2024-10-21T14:44:16","date_gmt":"2024-10-21T11:44:16","guid":{"rendered":"https:\/\/denizcankizil.tr\/uncategorized-tr\/erzinde-seyir-halindeki-otomobil-takla-atti\/"},"modified":"2024-10-21T14:44:16","modified_gmt":"2024-10-21T11:44:16","slug":"erzinde-seyir-halindeki-otomobil-takla-atti","status":"publish","type":"post","link":"https:\/\/denizcankizil.tr\/en\/haberler\/gundem\/erzinde-seyir-halindeki-otomobil-takla-atti\/","title":{"rendered":"A Car While Driving in Erzin Overturned\u2026"},"content":{"rendered":"<p>Adil Co\u015fkuner\/Erzin<\/p>\n<p>Edinilen bilgilere g\u00f6re kaza TEM Otoyolu kav\u015fa\u011f\u0131, H\u00fcrriyet Mahallesi Hanifi Soylu Bulvar\u0131&#8217;nda ya\u015fand\u0131. S\u00fcr\u00fcc\u00fcn\u00fcn direksiyon hakimiyetini kaybetmesi sonucu otomobil kontrolden \u00e7\u0131karak ref\u00fcje \u00e7arparak takla att\u0131.<\/p>\n<p>Meydana gelen trafik kazas\u0131nda, ara\u00e7 i\u00e7erisinde s\u0131k\u0131\u015fan bir yaral\u0131 vatanda\u015f, haber verilmesi \u00fczerine b\u00f6lgeye sevk edilen Erzin \u0130tfaiye \u0130stasyonu ekiplerinin \u00f6zverili \u00e7al\u0131\u015fmas\u0131yla kurtar\u0131ld\u0131. Olay yerindeki ilk m\u00fcdahalenin ard\u0131ndan sa\u011fl\u0131k ekipleri taraf\u0131ndan yaral\u0131, tedavi alt\u0131na al\u0131nmak \u00fczere, ambulansla Erzin Devlet hastanesine sevk edildi.<\/p>\n<p>\u200bHatay\u2019\u0131n Erzin \u0130l\u00e7esinde gece saatlerinde meydana gelen tek tarafl\u0131 trafik kazas\u0131nda otomobil kontrolden \u00e7\u0131kt\u0131 ve ref\u00fcje \u00e7arparak takla att\u0131.\u00a0<\/p>\n<p>\u200bHaberin Al\u0131nt\u0131land\u0131\u011f\u0131 Kaynak: www.iskenderun.org<\/p>","protected":false},"excerpt":{"rendered":"<p>Adil Co\u015fkuner\/Erzin Edinilen bilgilere g\u00f6re kaza TEM Otoyolu kav\u015fa\u011f\u0131, H\u00fcrriyet Mahallesi Hanifi Soylu Bulvar\u0131&#8217;nda ya\u015fand\u0131. S\u00fcr\u00fcc\u00fcn\u00fcn direksiyon hakimiyetini kaybetmesi sonucu otomobil kontrolden \u00e7\u0131karak ref\u00fcje \u00e7arparak takla att\u0131. Meydana gelen trafik kazas\u0131nda, ara\u00e7 i\u00e7erisinde s\u0131k\u0131\u015fan bir yaral\u0131 vatanda\u015f, haber verilmesi \u00fczerine b\u00f6lgeye sevk edilen Erzin \u0130tfaiye \u0130stasyonu ekiplerinin \u00f6zverili \u00e7al\u0131\u015fmas\u0131yla kurtar\u0131ld\u0131. Olay yerindeki ilk m\u00fcdahalenin ard\u0131ndan sa\u011fl\u0131k ekipleri taraf\u0131ndan yaral\u0131, tedavi alt\u0131na al\u0131nmak \u00fczere, ambulansla Erzin Devlet hastanesine sevk edildi. \u200bHatay\u2019\u0131n Erzin \u0130l\u00e7esinde gece saatlerinde meydana gelen tek tarafl\u0131 trafik kazas\u0131nda otomobil kontrolden \u00e7\u0131kt\u0131 ve ref\u00fcje \u00e7arparak takla att\u0131.\u00a0 \u200bHaberin Al\u0131nt\u0131land\u0131\u011f\u0131 Kaynak: www.iskenderun.org<\/p>","protected":false},"author":0,"featured_media":0,"comment_status":"open","ping_status":"open","sticky":false,"template":"","format":"standard","meta":{"_acf_changed":false,"footnotes":""},"categories":[24,535],"tags":[],"class_list":["post-6138","post","type-post","status-publish","format-standard","has-post-thumbnail","hentry","category-gundem","category-uncategorized-tr"],"acf":[],"yoast_head":"<!-- This site is optimized with the Yoast SEO Premium plugin v26.6 (Yoast SEO v27.1.1) - https:\/\/yoast.com\/product\/yoast-seo-premium-wordpress\/ -->\n<title>Erzin&#039;de seyir halindeki Otomobil takla Att\u0131... - Av. Deniz Can K\u0131z\u0131l<\/title>\n<meta name=\"robots\" content=\"index, follow, max-snippet:-1, max-image-preview:large, max-video-preview:-1\" \/>\n<link rel=\"canonical\" href=\"https:\/\/denizcankizil.tr\/en\/haberler\/gundem\/erzinde-seyir-halindeki-otomobil-takla-atti\/\" \/>\n<meta property=\"og:locale\" content=\"en_GB\" \/>\n<meta property=\"og:type\" content=\"article\" \/>\n<meta property=\"og:title\" content=\"Erzin&#039;de seyir halindeki Otomobil takla Att\u0131...\" \/>\n<meta property=\"og:description\" content=\"Adil Co\u015fkuner\/Erzin Edinilen bilgilere g\u00f6re kaza TEM Otoyolu kav\u015fa\u011f\u0131, H\u00fcrriyet Mahallesi Hanifi Soylu Bulvar\u0131&#8217;nda ya\u015fand\u0131. S\u00fcr\u00fcc\u00fcn\u00fcn direksiyon hakimiyetini kaybetmesi sonucu otomobil kontrolden \u00e7\u0131karak ref\u00fcje \u00e7arparak takla att\u0131. Meydana gelen trafik kazas\u0131nda, ara\u00e7 i\u00e7erisinde s\u0131k\u0131\u015fan bir yaral\u0131 vatanda\u015f, haber verilmesi \u00fczerine b\u00f6lgeye sevk edilen Erzin \u0130tfaiye \u0130stasyonu ekiplerinin \u00f6zverili \u00e7al\u0131\u015fmas\u0131yla kurtar\u0131ld\u0131. Olay yerindeki ilk m\u00fcdahalenin ard\u0131ndan sa\u011fl\u0131k ekipleri taraf\u0131ndan yaral\u0131, tedavi alt\u0131na al\u0131nmak \u00fczere, ambulansla Erzin Devlet hastanesine sevk edildi. \u200bHatay\u2019\u0131n Erzin \u0130l\u00e7esinde gece saatlerinde meydana gelen tek tarafl\u0131 trafik kazas\u0131nda otomobil kontrolden \u00e7\u0131kt\u0131 ve ref\u00fcje \u00e7arparak takla att\u0131.\u00a0 \u200bHaberin Al\u0131nt\u0131land\u0131\u011f\u0131 Kaynak: www.iskenderun.org\" \/>\n<meta property=\"og:url\" content=\"https:\/\/denizcankizil.tr\/en\/haberler\/gundem\/erzinde-seyir-halindeki-otomobil-takla-atti\/\" \/>\n<meta property=\"og:site_name\" content=\"Av. Deniz Can K\u0131z\u0131l\" \/>\n<meta property=\"article:published_time\" content=\"2024-10-21T11:44:16+00:00\" \/>\n<meta name=\"twitter:card\" content=\"summary_large_image\" \/>\n<meta name=\"twitter:label1\" content=\"Estimated reading time\" \/>\n\t<meta name=\"twitter:data1\" content=\"1 minute\" \/>\n<script type=\"application\/ld+json\" class=\"yoast-schema-graph\">{\"@context\":\"https:\/\/schema.org\",\"@graph\":[{\"@type\":\"Article\",\"@id\":\"https:\/\/denizcankizil.tr\/de\/haberler\/gundem\/erzinde-seyir-halindeki-otomobil-takla-atti\/#article\",\"isPartOf\":{\"@id\":\"https:\/\/denizcankizil.tr\/de\/haberler\/gundem\/erzinde-seyir-halindeki-otomobil-takla-atti\/\"},\"author\":{\"name\":\"\",\"@id\":\"\"},\"headline\":\"Erzin&#8217;de seyir halindeki Otomobil takla Att\u0131&#8230;\",\"datePublished\":\"2024-10-21T11:44:16+00:00\",\"mainEntityOfPage\":{\"@id\":\"https:\/\/denizcankizil.tr\/de\/haberler\/gundem\/erzinde-seyir-halindeki-otomobil-takla-atti\/\"},\"wordCount\":134,\"commentCount\":0,\"publisher\":{\"@id\":\"https:\/\/denizcankizil.tr\/de\/#organization\"},\"articleSection\":[\"G\u00fcndem\",\"Uncategorized\"],\"inLanguage\":\"en-GB\",\"potentialAction\":[{\"@type\":\"CommentAction\",\"name\":\"Comment\",\"target\":[\"https:\/\/denizcankizil.tr\/de\/haberler\/gundem\/erzinde-seyir-halindeki-otomobil-takla-atti\/#respond\"]}]},{\"@type\":\"WebPage\",\"@id\":\"https:\/\/denizcankizil.tr\/de\/haberler\/gundem\/erzinde-seyir-halindeki-otomobil-takla-atti\/\",\"url\":\"https:\/\/denizcankizil.tr\/de\/haberler\/gundem\/erzinde-seyir-halindeki-otomobil-takla-atti\/\",\"name\":\"Erzin'de seyir halindeki Otomobil takla Att\u0131... - Av. Deniz Can K\u0131z\u0131l\",\"isPartOf\":{\"@id\":\"https:\/\/denizcankizil.tr\/de\/#website\"},\"datePublished\":\"2024-10-21T11:44:16+00:00\",\"breadcrumb\":{\"@id\":\"https:\/\/denizcankizil.tr\/de\/haberler\/gundem\/erzinde-seyir-halindeki-otomobil-takla-atti\/#breadcrumb\"},\"inLanguage\":\"en-GB\",\"potentialAction\":[{\"@type\":\"ReadAction\",\"target\":[\"https:\/\/denizcankizil.tr\/de\/haberler\/gundem\/erzinde-seyir-halindeki-otomobil-takla-atti\/\"]}]},{\"@type\":\"BreadcrumbList\",\"@id\":\"https:\/\/denizcankizil.tr\/de\/haberler\/gundem\/erzinde-seyir-halindeki-otomobil-takla-atti\/#breadcrumb\",\"itemListElement\":[{\"@type\":\"ListItem\",\"position\":1,\"name\":\"Home\",\"item\":\"https:\/\/denizcankizil.tr\/de\/\"},{\"@type\":\"ListItem\",\"position\":2,\"name\":\"Erzin&#8217;de seyir halindeki Otomobil takla Att\u0131&#8230;\"}]},{\"@type\":\"WebSite\",\"@id\":\"https:\/\/denizcankizil.tr\/de\/#website\",\"url\":\"https:\/\/denizcankizil.tr\/de\/\",\"name\":\"Av. Deniz Can K\u0131z\u0131l\",\"description\":\"Avukat Deniz Can K\u0131z\u0131l Antalya Barosu\",\"publisher\":{\"@id\":\"https:\/\/denizcankizil.tr\/de\/#organization\"},\"potentialAction\":[{\"@type\":\"SearchAction\",\"target\":{\"@type\":\"EntryPoint\",\"urlTemplate\":\"https:\/\/denizcankizil.tr\/de\/?s={search_term_string}\"},\"query-input\":{\"@type\":\"PropertyValueSpecification\",\"valueRequired\":true,\"valueName\":\"search_term_string\"}}],\"inLanguage\":\"en-GB\"},{\"@type\":\"Organization\",\"@id\":\"https:\/\/denizcankizil.tr\/de\/#organization\",\"name\":\"Av. Deniz Can K\u0131z\u0131l\",\"url\":\"https:\/\/denizcankizil.tr\/de\/\",\"logo\":{\"@type\":\"ImageObject\",\"inLanguage\":\"en-GB\",\"@id\":\"https:\/\/denizcankizil.tr\/de\/#\/schema\/logo\/image\/\",\"url\":\"https:\/\/denizcankizil.tr\/wp-content\/uploads\/2024\/10\/siyah-logo-svg.svg\",\"contentUrl\":\"https:\/\/denizcankizil.tr\/wp-content\/uploads\/2024\/10\/siyah-logo-svg.svg\",\"width\":1080,\"height\":1080,\"caption\":\"Av. Deniz Can K\u0131z\u0131l\"},\"image\":{\"@id\":\"https:\/\/denizcankizil.tr\/de\/#\/schema\/logo\/image\/\"}}]}<\/script>\n<!-- \/ Yoast SEO Premium plugin. -->","yoast_head_json":{"title":"Erzin'de seyir halindeki Otomobil takla Att\u0131... - Av. Deniz Can K\u0131z\u0131l","robots":{"index":"index","follow":"follow","max-snippet":"max-snippet:-1","max-image-preview":"max-image-preview:large","max-video-preview":"max-video-preview:-1"},"canonical":"https:\/\/denizcankizil.tr\/en\/haberler\/gundem\/erzinde-seyir-halindeki-otomobil-takla-atti\/","og_locale":"en_GB","og_type":"article","og_title":"Erzin'de seyir halindeki Otomobil takla Att\u0131...","og_description":"Adil Co\u015fkuner\/Erzin Edinilen bilgilere g\u00f6re kaza TEM Otoyolu kav\u015fa\u011f\u0131, H\u00fcrriyet Mahallesi Hanifi Soylu Bulvar\u0131&#8217;nda ya\u015fand\u0131. S\u00fcr\u00fcc\u00fcn\u00fcn direksiyon hakimiyetini kaybetmesi sonucu otomobil kontrolden \u00e7\u0131karak ref\u00fcje \u00e7arparak takla att\u0131. Meydana gelen trafik kazas\u0131nda, ara\u00e7 i\u00e7erisinde s\u0131k\u0131\u015fan bir yaral\u0131 vatanda\u015f, haber verilmesi \u00fczerine b\u00f6lgeye sevk edilen Erzin \u0130tfaiye \u0130stasyonu ekiplerinin \u00f6zverili \u00e7al\u0131\u015fmas\u0131yla kurtar\u0131ld\u0131. Olay yerindeki ilk m\u00fcdahalenin ard\u0131ndan sa\u011fl\u0131k ekipleri taraf\u0131ndan yaral\u0131, tedavi alt\u0131na al\u0131nmak \u00fczere, ambulansla Erzin Devlet hastanesine sevk edildi. \u200bHatay\u2019\u0131n Erzin \u0130l\u00e7esinde gece saatlerinde meydana gelen tek tarafl\u0131 trafik kazas\u0131nda otomobil kontrolden \u00e7\u0131kt\u0131 ve ref\u00fcje \u00e7arparak takla att\u0131.\u00a0 \u200bHaberin Al\u0131nt\u0131land\u0131\u011f\u0131 Kaynak: www.iskenderun.org","og_url":"https:\/\/denizcankizil.tr\/en\/haberler\/gundem\/erzinde-seyir-halindeki-otomobil-takla-atti\/","og_site_name":"Av. Deniz Can K\u0131z\u0131l","article_published_time":"2024-10-21T11:44:16+00:00","twitter_card":"summary_large_image","twitter_misc":{"Estimated reading time":"1 minute"},"schema":{"@context":"https:\/\/schema.org","@graph":[{"@type":"Article","@id":"https:\/\/denizcankizil.tr\/de\/haberler\/gundem\/erzinde-seyir-halindeki-otomobil-takla-atti\/#article","isPartOf":{"@id":"https:\/\/denizcankizil.tr\/de\/haberler\/gundem\/erzinde-seyir-halindeki-otomobil-takla-atti\/"},"author":{"name":"","@id":""},"headline":"Erzin&#8217;de seyir halindeki Otomobil takla Att\u0131&#8230;","datePublished":"2024-10-21T11:44:16+00:00","mainEntityOfPage":{"@id":"https:\/\/denizcankizil.tr\/de\/haberler\/gundem\/erzinde-seyir-halindeki-otomobil-takla-atti\/"},"wordCount":134,"commentCount":0,"publisher":{"@id":"https:\/\/denizcankizil.tr\/de\/#organization"},"articleSection":["G\u00fcndem","Uncategorized"],"inLanguage":"en-GB","potentialAction":[{"@type":"CommentAction","name":"Comment","target":["https:\/\/denizcankizil.tr\/de\/haberler\/gundem\/erzinde-seyir-halindeki-otomobil-takla-atti\/#respond"]}]},{"@type":"WebPage","@id":"https:\/\/denizcankizil.tr\/de\/haberler\/gundem\/erzinde-seyir-halindeki-otomobil-takla-atti\/","url":"https:\/\/denizcankizil.tr\/de\/haberler\/gundem\/erzinde-seyir-halindeki-otomobil-takla-atti\/","name":"Erzin'de seyir halindeki Otomobil takla Att\u0131... - Av. Deniz Can K\u0131z\u0131l","isPartOf":{"@id":"https:\/\/denizcankizil.tr\/de\/#website"},"datePublished":"2024-10-21T11:44:16+00:00","breadcrumb":{"@id":"https:\/\/denizcankizil.tr\/de\/haberler\/gundem\/erzinde-seyir-halindeki-otomobil-takla-atti\/#breadcrumb"},"inLanguage":"en-GB","potentialAction":[{"@type":"ReadAction","target":["https:\/\/denizcankizil.tr\/de\/haberler\/gundem\/erzinde-seyir-halindeki-otomobil-takla-atti\/"]}]},{"@type":"BreadcrumbList","@id":"https:\/\/denizcankizil.tr\/de\/haberler\/gundem\/erzinde-seyir-halindeki-otomobil-takla-atti\/#breadcrumb","itemListElement":[{"@type":"ListItem","position":1,"name":"Home","item":"https:\/\/denizcankizil.tr\/de\/"},{"@type":"ListItem","position":2,"name":"Erzin&#8217;de seyir halindeki Otomobil takla Att\u0131&#8230;"}]},{"@type":"WebSite","@id":"https:\/\/denizcankizil.tr\/de\/#website","url":"https:\/\/denizcankizil.tr\/de\/","name":"Av. Deniz Can K\u0131z\u0131l","description":"Avukat Deniz Can K\u0131z\u0131l Antalya Barosu","publisher":{"@id":"https:\/\/denizcankizil.tr\/de\/#organization"},"potentialAction":[{"@type":"SearchAction","target":{"@type":"EntryPoint","urlTemplate":"https:\/\/denizcankizil.tr\/de\/?s={search_term_string}"},"query-input":{"@type":"PropertyValueSpecification","valueRequired":true,"valueName":"search_term_string"}}],"inLanguage":"en-GB"},{"@type":"Organization","@id":"https:\/\/denizcankizil.tr\/de\/#organization","name":"Av. Deniz Can K\u0131z\u0131l","url":"https:\/\/denizcankizil.tr\/de\/","logo":{"@type":"ImageObject","inLanguage":"en-GB","@id":"https:\/\/denizcankizil.tr\/de\/#\/schema\/logo\/image\/","url":"https:\/\/denizcankizil.tr\/wp-content\/uploads\/2024\/10\/siyah-logo-svg.svg","contentUrl":"https:\/\/denizcankizil.tr\/wp-content\/uploads\/2024\/10\/siyah-logo-svg.svg","width":1080,"height":1080,"caption":"Av. Deniz Can K\u0131z\u0131l"},"image":{"@id":"https:\/\/denizcankizil.tr\/de\/#\/schema\/logo\/image\/"}}]}},"_links":{"self":[{"href":"https:\/\/denizcankizil.tr\/en\/wp-json\/wp\/v2\/posts\/6138","targetHints":{"allow":["GET"]}}],"collection":[{"href":"https:\/\/denizcankizil.tr\/en\/wp-json\/wp\/v2\/posts"}],"about":[{"href":"https:\/\/denizcankizil.tr\/en\/wp-json\/wp\/v2\/types\/post"}],"replies":[{"embeddable":true,"href":"https:\/\/denizcankizil.tr\/en\/wp-json\/wp\/v2\/comments?post=6138"}],"version-history":[{"count":0,"href":"https:\/\/denizcankizil.tr\/en\/wp-json\/wp\/v2\/posts\/6138\/revisions"}],"wp:attachment":[{"href":"https:\/\/denizcankizil.tr\/en\/wp-json\/wp\/v2\/media?parent=6138"}],"wp:term":[{"taxonomy":"category","embeddable":true,"href":"https:\/\/denizcankizil.tr\/en\/wp-json\/wp\/v2\/categories?post=6138"},{"taxonomy":"post_tag","embeddable":true,"href":"https:\/\/denizcankizil.tr\/en\/wp-json\/wp\/v2\/tags?post=6138"}],"curies":[{"name":"wp","href":"https:\/\/api.w.org\/{rel}","templated":true}]}}