{"id":6103,"date":"2024-10-21T12:55:49","date_gmt":"2024-10-21T09:55:49","guid":{"rendered":"https:\/\/denizcankizil.tr\/uncategorized-tr\/antalyada-bosanma-nafaka-ve-cocuk-velayeti-yonetimi\/"},"modified":"2024-10-21T12:55:49","modified_gmt":"2024-10-21T09:55:49","slug":"antalyada-bosanma-nafaka-ve-cocuk-velayeti-yonetimi","status":"publish","type":"post","link":"https:\/\/denizcankizil.tr\/en\/seo\/antalyada-bosanma-nafaka-ve-cocuk-velayeti-yonetimi\/","title":{"rendered":"Divorce, Alimony and Child Custody Management in Antalya"},"content":{"rendered":"<p> Antalya, T\u00fcrkiye&#8217;nin g\u00fcney sahilinde yer alan\u2062 ve \u200bturizm cenneti olarak \u2064bilinen bir\u200d \u015fehir olmas\u0131n\u0131n yan\u0131 \u2063s\u0131ra, aile hukuku \u200dalan\u0131nda da \u00e7e\u015fitli sorunlar\u0131n ya\u015fand\u0131\u011f\u0131 bir \u2064b\u00f6lgedir. Bo\u015fanma, nafaka ve \u00e7ocuk velayeti gibi konular, sosyal ve hukuki\u2062 dinamiklerin\u2062 i\u00e7 i\u00e7e ge\u00e7mi\u015f oldu\u011fu \u200bkarma\u015f\u0131k meselelerdir. Bu makalede, Antalya&#8217;da \u2063bo\u015fanma s\u00fcre\u00e7leri, nafaka talepleri ve \u00e7ocuk velayetinin y\u00f6netimi \u00fczerine detayl\u0131\u200d bir inceleme ger\u00e7ekle\u015ftirilecektir. \u00d6zellikle, yerel mahkeme kararlar\u0131 ve uygulamalar\u0131 ile toplumsal normlar\u0131n etkile\u015fimi, bireylerin ya\u015famlar\u0131n\u0131 nas\u0131l \u015fekillendirdi\u011fine dair\u2063 \u00f6nemli bulgular sunmaktad\u0131r. \u2063Hukuki d\u00fczenlemelere ve mahkeme uygulamalar\u0131na odaklanarak, Antalya&#8217;da aile hukuku \u2064kapsam\u0131ndaki g\u00fc\u00e7 \u200ddinamiklerini ve toplumsal de\u011fi\u015fimleri derinlemesine analiz\u200d etmek, bu \u00e7al\u0131\u015fman\u0131n temel amac\u0131d\u0131r. Bu ba\u011flamda, \u2062ara\u015ft\u0131rmalar\u0131n \u200bsonu\u00e7lar\u0131, yaln\u0131zca Antalya \u00f6zelinde de\u011fil,\u200b T\u00fcrkiye genelinde aile hukuku uygulamalar\u0131n\u0131n daha iyi anla\u015f\u0131lmas\u0131na\u200b katk\u0131 sa\u011flayacakt\u0131r.<br \/><img decoding=\"async\" class=\"kimage_class lazyload\" data-src=\"https:\/\/denizcankizil.tr\/wp-content\/uploads\/2024\/10\/bJieI-253D.jpg\" alt=\"Antalyada Bo\u015fanma S\u00fcreci ve Hukuki Yans\u0131malar\u0131\" src=\"data:image\/svg+xml;base64,PHN2ZyB3aWR0aD0iMSIgaGVpZ2h0PSIxIiB4bWxucz0iaHR0cDovL3d3dy53My5vcmcvMjAwMC9zdmciPjwvc3ZnPg==\"><\/p>\n<h2 id=\"antalyada-bosanma-sureci-ve-hukuki-yansimalari\">Antalyada Bo\u015fanma S\u00fcreci ve Hukuki Yans\u0131malar\u0131<\/h2>\n<section>\n<p>Antalya&#8217;da bo\u015fanma s\u00fcreci, \u200ctaraflar\u0131n yasal olarak evlilik birli\u011fini sona erdirmek i\u00e7in\u2062 ba\u015fvurdu\u011fu \u200dbir dizi hukuki\u200b ad\u0131m\u0131 i\u00e7ermektedir. Bo\u015fanma davas\u0131 genellikle, hakim \u00f6n\u00fcnde taraflar\u0131n taleplerini ve gerek\u00e7elerini sunduklar\u0131 bir s\u00fcre\u00e7tir. Bu s\u00fcre\u00e7, Antalya&#8217;da ya\u015fayan \u00e7iftler i\u00e7in \u00e7e\u015fitli\u2062 hukuki belgelerin haz\u0131rlanmas\u0131n\u0131, duru\u015fmalar\u0131n \u2063yap\u0131lmas\u0131n\u0131 ve sonunda mahkeme karar\u0131n\u0131n verilmesini i\u00e7erir. \u200bBo\u015fanma davas\u0131, kar\u015f\u0131l\u0131kl\u0131 anla\u015fma ile veya \u00e7eki\u015fmeli olarak y\u00fcr\u00fct\u00fclebilmektedir. Anla\u015fmal\u0131 bo\u015fanma durumunda s\u00fcre\u00e7 \u200cdaha k\u0131sa ve maliyet a\u00e7\u0131s\u0131ndan daha\u2064 uygun olmaktad\u0131r.<\/p>\n<p>Bo\u015fanma s\u00fcrecinin \u200den \u00f6nemli hukuki yans\u0131malar\u0131ndan \u200cbiri \u2062nafaka konusudur. Nafaka, bo\u015fanan e\u015flerden birinin di\u011ferine maddi \u2063destek \u2064sa\u011flamas\u0131n\u0131 i\u00e7ermekte olup, \u00f6zellikle \u00e7ocuklu ailelerde daha da \u00f6nemli bir hal almaktad\u0131r. Nafakan\u0131n belirlenmesinde, taraflar\u0131n gelir durumlar\u0131,\u200b ya\u015fam\u2062 standartlar\u0131 ve \u200d\u00e7ocuklar\u0131n ihtiya\u00e7lar\u0131 g\u00f6z \u00f6n\u00fcnde bulundurulmaktad\u0131r. Antalya&#8217;da nafaka belirleme s\u00fcreci, \u2064mahkeme taraf\u0131ndan yap\u0131lan \u200cde\u011ferlendirme ve hesaplamalarla belirlenmektedir. Buna\u2062 ek olarak, nafakan\u0131n \u00f6denip \u00f6denmeyece\u011fi hususu da \u2062yasalar \u00e7er\u00e7evesinde dikkatlice ele al\u0131nmal\u0131d\u0131r.<\/p>\n<p>\u00c7ocuk velayeti, bo\u015fanma \u200cs\u00fcreciyle do\u011frudan ili\u015fkili bir ba\u015fka\u2062 \u00f6nemli konudur. Velayet, bo\u015fanan e\u015flerin\u200b \u00e7ocuklar\u0131 \u00fczerindeki \u2062ebeveynlik haklar\u0131n\u0131 belirler ve bu konu mahkemede en \u00e7ok tart\u0131\u015f\u0131lan meselelerden birisidir. Antalya&#8217;da, \u2063velayet d\u00fczenlemeleri yap\u0131l\u0131rken \u00e7ocu\u011fun \u00fcst\u00fcn\u200d yarar\u0131 \u00f6n planda tutulmaktad\u0131r. Mahkeme, \u00e7ocuklar\u0131n \u200dya\u015flar\u0131, ebeveynlerin psikolojik durumu ve mevcut ya\u015fam\u200d ko\u015fullar\u0131 gibi fakt\u00f6rleri \u200dde\u011ferlendirerek bir karar vermektedir. Bo\u015fanma sonras\u0131\u200b yap\u0131lacak velayet d\u00fczenlemeleri ile \u00e7ocuklar\u0131n duygu \u200cdurumu ve ya\u015fam standartlar\u0131n\u0131n korunmas\u0131 hedeflenmektedir.<\/p>\n<\/section>\n<p><img decoding=\"async\" class=\"kimage_class lazyload\" data-src=\"https:\/\/denizcankizil.tr\/wp-content\/uploads\/2024\/10\/YhAY-253D.jpg\" alt=\"Nafaka Hakk\u0131nda Bilinmesi Gerekenler\u2064 ve Uygulama Prensipleri\" src=\"data:image\/svg+xml;base64,PHN2ZyB3aWR0aD0iMSIgaGVpZ2h0PSIxIiB4bWxucz0iaHR0cDovL3d3dy53My5vcmcvMjAwMC9zdmciPjwvc3ZnPg==\"><\/p>\n<h2 id=\"nafaka-hakkinda-bilinmesi-gerekenler-ve-uygulama-prensipleri\">Nafaka Hakk\u0131nda Bilinmesi Gerekenler ve Uygulama Prensipleri<\/h2>\n<p>Nafaka, bo\u015fanma s\u00fcrecinde \u00f6nemli bir konu \u2064olup, \u00e7ocuklar\u0131n \u200dve e\u015fin finansal\u200c ihtiya\u00e7lar\u0131n\u0131\u2063 kar\u015f\u0131lamak amac\u0131yla \u200dmahkemeler \u2063taraf\u0131ndan \u2063belirlenen bir \u00f6demedir. Nafaka, genel olarak \u200biki t\u00fcrde s\u0131n\u0131fland\u0131r\u0131labilir: <strong>alimony<\/strong> ve <strong>\u00e7ocuk nafakas\u0131<\/strong>. \u2063Yoksulluk \u200bnafakas\u0131, bo\u015fanan e\u015fin ge\u00e7im s\u0131k\u0131nt\u0131s\u0131n\u0131 \u2063gidermek i\u00e7in \u2062\u00f6denirken, \u00e7ocuk nafakas\u0131, bo\u015fanm\u0131\u015f ebeveynlerin \u00e7ocuklar\u0131n\u0131n\u2064 bak\u0131m ve e\u011fitim masraflar\u0131n\u0131\u2063 kar\u015f\u0131lamak i\u00e7in \u200cgereklidir. Bu s\u00fcre\u00e7te, \u200bnafakan\u0131n \u2064miktar\u0131 ve s\u00fcresi, taraflar\u0131n \u2064ekonomik durumuna, \u00e7ocuklar\u0131n ihtiya\u00e7lar\u0131na ve\u200d mahkeme de\u011ferlendirmelerine g\u00f6re belirlenmektedir.<\/p>\n<p>Nafaka talebi, bo\u015fanma davas\u0131 s\u00fcrecinde veya sonras\u0131 d\u00f6nemlerde ger\u00e7ekle\u015ftirilebilir. Ba\u015fvuruda bulunan taraflar\u0131n \u2063mali durumlar\u0131n\u0131 ve ya\u015fam standartlar\u0131n\u0131 g\u00f6sterir belgeler sunmalar\u0131 gerekmektedir. Mahkeme, \u2064taraflar\u0131n gelirleri, giderleri, varl\u0131klar\u0131 ve \u00e7ocuklar\u0131n ihtiya\u00e7lar\u0131n\u0131 g\u00f6z \u00f6n\u00fcnde bulundurarak nafaka miktar\u0131na karar verir. \u2063Nafaka \u2062s\u00fcreklili\u011fi, \u200dtalep eden taraf\u0131n ihtiya\u00e7lar\u0131 ve \u2062talep edilen nafakan\u0131n \u00f6denmesi durumuna ba\u011fl\u0131 olarak de\u011fi\u015fkenlik\u200d g\u00f6sterebilir. Ayr\u0131ca,\u2062 nafakan\u0131n sona ermesine neden olabilecek \u2064durumlardan baz\u0131lar\u0131 \u015funlard\u0131r:<\/p>\n<ul>\n<li>Nafaka talep\u200b eden\u2062 taraf\u0131n \u2062tekrar evlenmesi<\/li>\n<li>\u00c7ocuklar\u0131n belirli bir ya\u015ftan itibaren kendi ge\u00e7imlerini sa\u011flayabiliyor olmas\u0131<\/li>\n<li>Nafaka\u2064 \u00f6deyen taraf\u0131n mali durumunun \u200bk\u00f6t\u00fcle\u015fmesi<\/li>\n<\/ul>\n<p>Ayr\u0131ca, nafakan\u0131n \u00f6denmemesi durumunda,\u2063 nafaka talep eden taraf\u0131n\u200c \u00e7e\u015fitli yasal \u2063yollarla hakk\u0131n\u0131 arama imkan\u0131 bulunmaktad\u0131r. \u200cNafaka alacakl\u0131s\u0131,\u2063 icra takibi ba\u015flatarak \u00f6denmeyen nafakay\u0131 talep edebilir. Nafakan\u0131n g\u00fcn\u00fcnde ve d\u00fczenli bir \u015fekilde \u00f6denmesi,\u2063 taraflar\u0131n bo\u015fanma s\u00fcrecindeki hukuki g\u00fcvenli\u011fi ve\u2062 kar\u015f\u0131l\u0131kl\u0131 uyumu sa\u011flamas\u0131 a\u00e7\u0131s\u0131ndan \u2062b\u00fcy\u00fck \u00f6nem\u2064 ta\u015f\u0131maktad\u0131r. Bu \u200bnedenle, nafaka konusunda do\u011fru bilgiye sahip olmak ve uygulanabilir prensipleri bilmek, hak kayb\u0131n\u0131 \u00f6nlemek a\u00e7\u0131s\u0131ndan gereklidir.<\/p>\n<p><img decoding=\"async\" class=\"kimage_class lazyload\" data-src=\"https:\/\/denizcankizil.tr\/wp-content\/uploads\/2024\/10\/fNqXg-253D.jpg\" alt=\"\u00c7ocuk\u200c Velayeti Davalar\u0131nda Mahkeme\u200d De\u011ferlendirmeleri ve Hakim Takdiri\" src=\"data:image\/svg+xml;base64,PHN2ZyB3aWR0aD0iMSIgaGVpZ2h0PSIxIiB4bWxucz0iaHR0cDovL3d3dy53My5vcmcvMjAwMC9zdmciPjwvc3ZnPg==\"><\/p>\n<h2 id=\"cocuk-velayeti-davalarinda-mahkeme-degerlendirmeleri-ve-hakim-takdiri\">\u00c7ocuk Velayeti Davalar\u0131nda Mahkeme De\u011ferlendirmeleri ve \u200cHakim Takdiri<\/h2>\n<p>\u00c7ocuk velayeti davalar\u0131nda mahkeme, \u00e7ocu\u011fun ya\u015fam ko\u015fullar\u0131n\u0131\u200b ve \u200cihtiya\u00e7lar\u0131n\u0131 g\u00f6z \u00f6n\u00fcnde\u200d bulundurarak karar\u0131n\u0131 \u015fekillendirir. Mahkeme, \u00e7ocu\u011fun en iyi \u00e7\u0131karlar\u0131n\u0131 \u2062g\u00f6zetmek amac\u0131yla taraflar\u0131n sundu\u011fu deliller, ifadeler ve\u2063 uzman raporlar\u0131n\u0131 de\u011ferlendirir. <strong>Hakim, temel olarak a\u015fa\u011f\u0131daki hususlar\u0131\u2062 dikkate \u200cal\u0131r:<\/strong><\/p>\n<ul>\n<li>Velilerin maddi\u200b ve manevi durumu<\/li>\n<li>\u00c7ocu\u011fun\u2064 ya\u015f\u0131 ve\u200d geli\u015fim \u2062durumu<\/li>\n<li>Her bir velinin \u00e7ocukla olan ili\u015fkisi<\/li>\n<li>\u00c7ocu\u011fun ya\u015fam standartlar\u0131 ve de\u011fi\u015fim ihtimalleri<\/li>\n<\/ul>\n<p>Mahkeme s\u00fcre\u00e7leri genellikle karma\u015f\u0131k \u2064olup, h\u00e2kimin takdiri b\u00fcy\u00fck bir \u00f6nem ta\u015f\u0131r. H\u00e2kim, olay\u0131n\u200d t\u00fcm y\u00f6nlerini de\u011ferlendirirken taraflar\u0131n\u200c ifade etti\u011fi hususlar\u0131n \u200dyan\u0131\u200d s\u0131ra, sosyal hizmetler\u2064 ve \u00e7ocuk geli\u015fimi uzmanlar\u0131n\u0131n\u200c g\u00f6r\u00fc\u015flerine de ba\u015fvurur. Bu s\u00fcre\u00e7, \u00e7ocu\u011fun ruhsal ve\u2062 fiziksel sa\u011fl\u0131\u011f\u0131n\u0131n korunmas\u0131n\u0131 hedefler, b\u00f6ylece velayetin kimde olaca\u011f\u0131na dair en uygun karar\u0131 vermeyi ama\u00e7lar.<\/p>\n<p>Sonu\u00e7 olarak, Antalya&#8217;daki \u200c\u00e7ocuk velayeti davalar\u0131nda mahkeme, yaln\u0131zca taraflar\u0131n taleplerini dikkate\u2064 almakla \u2062kalmaz,\u2063 ayn\u0131\u2063 zamanda \u00e7ocu\u011fun \u200bgelece\u011fini etkileyen t\u00fcm fakt\u00f6rleri de analiz eder. <strong>Bu nedenle, velayet davalar\u0131\u2063 s\u0131ras\u0131nda s\u00fcrecin do\u011fru y\u00f6netilmesi ve alan\u0131nda uzman avukatlarla \u00e7al\u0131\u015f\u0131lmas\u0131 b\u00fcy\u00fck bir \u00f6nem ta\u015f\u0131r.<\/strong> \u0130\u015fte bu\u200d ba\u011flamda, taraflar\u0131n \u2063haklar\u0131n\u0131n \u2062korunabilmesi \u2064amac\u0131yla yap\u0131lacak \u2063olan her bir de\u011ferlendirme, \u00e7ocu\u011fun\u2064 en iyi \u2062\u00e7\u0131karlar\u0131\u200b \u00fczerine in\u015fa edilir.<\/p>\n<p><img decoding=\"async\" class=\"kimage_class lazyload\" data-src=\"https:\/\/denizcankizil.tr\/wp-content\/uploads\/2024\/10\/4698-d180d0bed0bbd18c-d0b0d0b4d0b2d0bed0bad0b0d182d0b0-d0b2-d0b4d0b5d0bbd0b0d185-d0be-d0b3d180d0b0d0b6d0b4d0b0d0bdd181d182d0b2d0b5-d0b8-d0b8.jpg\" alt=\"Bo\u015fanma S\u00fcrecinde Taraflara Y\u00f6nelik \u00d6neriler ve Destek Mekanizmalar\u0131\" src=\"data:image\/svg+xml;base64,PHN2ZyB3aWR0aD0iMSIgaGVpZ2h0PSIxIiB4bWxucz0iaHR0cDovL3d3dy53My5vcmcvMjAwMC9zdmciPjwvc3ZnPg==\"><\/p>\n<h2 id=\"bosanma-surecinde-taraflara-yonelik-oneriler-ve-destek-mekanizmalari\">Bo\u015fanma \u2063S\u00fcrecinde \u200dTaraflara Y\u00f6nelik\u2062 \u00d6neriler ve Destek \u200cMekanizmalar\u0131<\/h2>\n<section>\n<p>Bo\u015fanma s\u00fcreci, taraflar\u200d i\u00e7in \u200bduygusal olarak y\u0131prat\u0131c\u0131 bir d\u00f6nem olabilmektedir. Bu s\u00fcre\u00e7te, hem yasalar\u200d hem\u200b de ki\u015fisel durumlar g\u00f6z \u00f6n\u00fcne al\u0131nd\u0131\u011f\u0131nda, \u2062taraflar\u0131n dikkat etmesi gereken \u00f6nemli noktalar bulunmaktad\u0131r. <strong>Duygusal destek almak<\/strong>, bu d\u00f6nemi daha az stresli atlatman\u0131n ilk ad\u0131m\u0131d\u0131r. Aile ve\u200d arkada\u015flar\u0131n\u2064 deste\u011fi,\u200c bir terapist veya dan\u0131\u015fman \u2063ile g\u00f6r\u00fc\u015fmek gibi yollarla, bo\u015fanma s\u00fcrecinde ya\u015fanan zorluklarla ba\u015fa \u00e7\u0131kmak \u200dm\u00fcmk\u00fcnd\u00fcr.<\/p>\n<p>\u0130kinci olarak,\u200c <strong>finansal y\u00f6netimi<\/strong> g\u00f6z \u00f6n\u00fcnde\u2062 bulundurmak\u200b \u00f6nemlidir. Bo\u015fanma\u200d sonras\u0131 \u200bhayat\u0131n s\u00fcrd\u00fcr\u00fclebilir olmas\u0131 \u200ci\u00e7in\u200b b\u00fct\u00e7e planlamas\u0131 yapmak gerekir. Nafaka\u200b ve \u00e7ocuk velayeti gibi konular, maddi anlamda ek y\u00fckler getirebilir. \u200cBu nedenle,\u200b kesinlikle bir avukata dan\u0131\u015farak \u200dveya mali dan\u0131\u015fmanl\u0131k\u200d hizmetlerinden yararlanarak her iki taraf i\u00e7in en uygun \u200b\u00e7\u00f6z\u00fcm yollar\u0131 belirlenmelidir.\u200d A\u015fa\u011f\u0131da, bo\u015fanma s\u00fcrecinde mali a\u00e7\u0131dan g\u00f6z\u2062 \u00f6n\u00fcnde \u2064bulundurulmas\u0131 gereken baz\u0131 maddeler\u2062 bulunmaktad\u0131r:<\/p>\n<ul>\n<li><strong>B\u00fct\u00e7e haz\u0131rl\u0131\u011f\u0131:<\/strong> Gelir ve\u200b giderlerin belirlenmesi.<\/li>\n<li><strong>Nafaka hesaplamalar\u0131:<\/strong> \u00c7ocuk ve e\u015f nafakas\u0131n\u0131n nas\u0131l belirlenece\u011fi.<\/li>\n<li><strong>Varl\u0131k \u200cpayla\u015f\u0131m\u0131:<\/strong> Ortak varl\u0131klar\u0131n adil\u200b bir \u015fekilde\u2064 nas\u0131l b\u00f6l\u00fc\u015f\u00fclece\u011fi.<\/li>\n<\/ul>\n<p>Son olarak, \u00e7ocuklar\u0131n etkilenmemesi i\u00e7in <strong>\u00e7ocuk velayeti s\u00fcre\u00e7lerine<\/strong> ve ailenin dinamiklerine \u00f6zel bir \u00f6nem verilmelidir. Ortak\u2062 karar alma mekanizmalar\u0131 olu\u015fturulmal\u0131 ve \u00e7ocuklar\u0131n duygusal sa\u011fl\u0131\u011f\u0131 g\u00f6z \u00f6n\u00fcnde bulundurulmal\u0131d\u0131r. Avukat\u0131n\u0131z veya aile terapistinizle birlikte, a\u015fa\u011f\u0131daki \u200dmaddeleri \u2064de\u011ferlendirmek faydal\u0131\u200c olacakt\u0131r:<\/p>\n<table class=\"wp-block-table\">\n<thead>\n<tr>\n<th>\u00d6neriler<\/th>\n<th>Explanation<\/th>\n<\/tr>\n<\/thead>\n<tbody>\n<tr>\n<td><strong>\u0130leti\u015fim Kurma<\/strong><\/td>\n<td>Taraflar\u2064 aras\u0131nda etkili bir ileti\u015fim sa\u011flamak.<\/td>\n<\/tr>\n<tr>\n<td><strong>Bireysel \u200dZaman Tan\u0131ma<\/strong><\/td>\n<td>\u00c7ocuklara mevcut durumlar\u0131n\u0131 anlamalar\u0131 i\u00e7in zaman tan\u0131mak.<\/td>\n<\/tr>\n<tr>\n<td><strong>Birlikte Faaliyetler<\/strong><\/td>\n<td>\u00c7ocuklarla birlikte yap\u0131lan etkinlikler, ba\u011flar\u0131n\u200d g\u00fc\u00e7lenmesine yard\u0131mc\u0131\u200d olur.<\/td>\n<\/tr>\n<\/tbody>\n<\/table>\n<\/section>\n<p>Sonu\u00e7 olarak, Antalya&#8217;da bo\u015fanma s\u00fcre\u00e7leri ve bu s\u00fcre\u00e7lerin nafaka\u200b ile \u00e7ocuk velayeti konular\u0131ndaki\u2064 y\u00f6netimi, hem hukuki hem\u2064 de \u200bsosyal a\u00e7\u0131dan \u2064b\u00fcy\u00fck bir \u00f6neme sahiptir. Bo\u015fanma durumlar\u0131, bireylerin\u2063 maddi ve manevi ya\u015famlar\u0131n\u0131 etkileyen \u200ckarma\u015f\u0131k \u2064bir s\u00fcre\u00e7tir. Nafaka, bo\u015fanman\u0131n ard\u0131ndan taraflar\u0131n kar\u015f\u0131l\u0131kl\u0131 \u2063hak\u200d ve y\u00fck\u00fcml\u00fcl\u00fcklerini belirlerken; \u00e7ocuk\u200c velayeti ise aile dinamiklerinin s\u00fcrd\u00fcr\u00fclebilirli\u011fi \u2064a\u00e7\u0131s\u0131ndan kritik bir rol oynamaktad\u0131r. Antalya \u00f6zelinde, bu s\u00fcre\u00e7lerin hukuka \u200duygun bir \u200b\u015fekilde\u2063 y\u00f6netilmesi, taraflar \u2064aras\u0131nda uzla\u015fman\u0131n sa\u011flanmas\u0131,\u2063 \u00e7ocuklar\u0131n en iyi \u00e7\u0131karlar\u0131n\u0131n g\u00f6zetilmesi ve toplumsal adaletin \u2063temin\u2063 edilmesi a\u00e7\u0131s\u0131ndan \u00f6nem ta\u015f\u0131maktad\u0131r. \u2062\u00c7al\u0131\u015fmam\u0131zda \u2064ele al\u0131nan \u2064konular\u0131n, hukuk prati\u011fi ve toplumsal normlar aras\u0131nda bir denge kurma \u00e7abas\u0131yla ele al\u0131nmas\u0131 gerekti\u011fi a\u00e7\u0131kt\u0131r. Gelecek \u00e7al\u0131\u015fmalarda, bu alanlarda daha kapsaml\u0131 veri ve analizlere dayanarak, Antalya&#8217;daki bo\u015fanma s\u00fcre\u00e7lerinin dinamikleri \u00fczerinde daha \u2063derinlemesine \u2063bir anlay\u0131\u015f sa\u011flanabilir. Bu ba\u011flamda, ara\u015ft\u0131rmalar\u0131n s\u00fcrd\u00fcr\u00fclmesi ve g\u00fcncel yasalar\u0131n incelenmesi, \u200caile hukukunun evrimine katk\u0131 \u200csa\u011flayarak, adaletin \u2063tesisine yard\u0131mc\u0131 olacakt\u0131r. <\/p>","protected":false},"excerpt":{"rendered":"<p>Antalya&#8217;da bo\u015fanma, nafaka ve \u00e7ocuk velayeti y\u00f6netimi, aile hukuku \u00e7er\u00e7evesinde karma\u015f\u0131k bir s\u00fcreci i\u00e7ermektedir. Mahkeme kararlar\u0131, taraflar\u0131n ekonomik ve duygusal durumlar\u0131n\u0131 g\u00f6zeterek, \u00e7ocuklar\u0131n ve bireylerin haklar\u0131n\u0131 korumay\u0131 ama\u00e7lamaktad\u0131r.<\/p>","protected":false},"author":1,"featured_media":6104,"comment_status":"open","ping_status":"open","sticky":false,"template":"","format":"standard","meta":{"_acf_changed":false,"footnotes":""},"categories":[28],"tags":[],"class_list":["post-6103","post","type-post","status-publish","format-standard","has-post-thumbnail","hentry","category-seo"],"acf":[],"yoast_head":"<!-- This site is optimized with the Yoast SEO Premium plugin v26.6 (Yoast SEO v27.1.1) - https:\/\/yoast.com\/product\/yoast-seo-premium-wordpress\/ -->\n<title>Antalya&#039;da Bo\u015fanma, Nafaka ve \u00c7ocuk Velayeti Y\u00f6netimi - Av. Deniz Can K\u0131z\u0131l<\/title>\n<meta name=\"robots\" content=\"index, follow, max-snippet:-1, max-image-preview:large, max-video-preview:-1\" \/>\n<link rel=\"canonical\" href=\"https:\/\/denizcankizil.tr\/en\/seo\/antalyada-bosanma-nafaka-ve-cocuk-velayeti-yonetimi\/\" \/>\n<meta property=\"og:locale\" content=\"en_GB\" \/>\n<meta property=\"og:type\" content=\"article\" \/>\n<meta property=\"og:title\" content=\"Antalya&#039;da Bo\u015fanma, Nafaka ve \u00c7ocuk Velayeti Y\u00f6netimi\" \/>\n<meta property=\"og:description\" content=\"Antalya&#039;da bo\u015fanma, nafaka ve \u00e7ocuk velayeti y\u00f6netimi, aile hukuku \u00e7er\u00e7evesinde karma\u015f\u0131k bir s\u00fcreci i\u00e7ermektedir. Mahkeme kararlar\u0131, taraflar\u0131n ekonomik ve duygusal durumlar\u0131n\u0131 g\u00f6zeterek, \u00e7ocuklar\u0131n ve bireylerin haklar\u0131n\u0131 korumay\u0131 ama\u00e7lamaktad\u0131r.\" \/>\n<meta property=\"og:url\" content=\"https:\/\/denizcankizil.tr\/en\/seo\/antalyada-bosanma-nafaka-ve-cocuk-velayeti-yonetimi\/\" \/>\n<meta property=\"og:site_name\" content=\"Av. Deniz Can K\u0131z\u0131l\" \/>\n<meta property=\"article:published_time\" content=\"2024-10-21T09:55:49+00:00\" \/>\n<meta property=\"og:image\" content=\"https:\/\/denizcankizil.tr\/wp-content\/uploads\/2024\/10\/6103-antalyada-bosanma-nafaka-ve-cocuk-velayeti-yonetimi.jpg\" \/>\n\t<meta property=\"og:image:width\" content=\"800\" \/>\n\t<meta property=\"og:image:height\" content=\"800\" \/>\n\t<meta property=\"og:image:type\" content=\"image\/jpeg\" \/>\n<meta name=\"author\" content=\"admin\" \/>\n<meta name=\"twitter:card\" content=\"summary_large_image\" \/>\n<meta name=\"twitter:label1\" content=\"Written by\" \/>\n\t<meta name=\"twitter:data1\" content=\"admin\" \/>\n\t<meta name=\"twitter:label2\" content=\"Estimated reading time\" \/>\n\t<meta name=\"twitter:data2\" content=\"8 minutes\" \/>\n<script type=\"application\/ld+json\" class=\"yoast-schema-graph\">{\"@context\":\"https:\/\/schema.org\",\"@graph\":[{\"@type\":\"Article\",\"@id\":\"https:\/\/denizcankizil.tr\/en\/seo\/antalyada-bosanma-nafaka-ve-cocuk-velayeti-yonetimi\/#article\",\"isPartOf\":{\"@id\":\"https:\/\/denizcankizil.tr\/en\/seo\/antalyada-bosanma-nafaka-ve-cocuk-velayeti-yonetimi\/\"},\"author\":{\"name\":\"admin\",\"@id\":\"https:\/\/denizcankizil.tr\/de\/#\/schema\/person\/be3c05fe6a12686905512445d8185489\"},\"headline\":\"Antalya&#8217;da Bo\u015fanma, Nafaka ve \u00c7ocuk Velayeti Y\u00f6netimi\",\"datePublished\":\"2024-10-21T09:55:49+00:00\",\"mainEntityOfPage\":{\"@id\":\"https:\/\/denizcankizil.tr\/en\/seo\/antalyada-bosanma-nafaka-ve-cocuk-velayeti-yonetimi\/\"},\"wordCount\":1623,\"commentCount\":0,\"publisher\":{\"@id\":\"https:\/\/denizcankizil.tr\/de\/#organization\"},\"image\":{\"@id\":\"https:\/\/denizcankizil.tr\/en\/seo\/antalyada-bosanma-nafaka-ve-cocuk-velayeti-yonetimi\/#primaryimage\"},\"thumbnailUrl\":\"https:\/\/denizcankizil.tr\/wp-content\/uploads\/2024\/10\/6103-antalyada-bosanma-nafaka-ve-cocuk-velayeti-yonetimi.jpg\",\"articleSection\":[\"Seo\"],\"inLanguage\":\"en-GB\",\"potentialAction\":[{\"@type\":\"CommentAction\",\"name\":\"Comment\",\"target\":[\"https:\/\/denizcankizil.tr\/en\/seo\/antalyada-bosanma-nafaka-ve-cocuk-velayeti-yonetimi\/#respond\"]}]},{\"@type\":\"WebPage\",\"@id\":\"https:\/\/denizcankizil.tr\/en\/seo\/antalyada-bosanma-nafaka-ve-cocuk-velayeti-yonetimi\/\",\"url\":\"https:\/\/denizcankizil.tr\/en\/seo\/antalyada-bosanma-nafaka-ve-cocuk-velayeti-yonetimi\/\",\"name\":\"Antalya'da Bo\u015fanma, Nafaka ve \u00c7ocuk Velayeti Y\u00f6netimi - Av. Deniz Can K\u0131z\u0131l\",\"isPartOf\":{\"@id\":\"https:\/\/denizcankizil.tr\/de\/#website\"},\"primaryImageOfPage\":{\"@id\":\"https:\/\/denizcankizil.tr\/en\/seo\/antalyada-bosanma-nafaka-ve-cocuk-velayeti-yonetimi\/#primaryimage\"},\"image\":{\"@id\":\"https:\/\/denizcankizil.tr\/en\/seo\/antalyada-bosanma-nafaka-ve-cocuk-velayeti-yonetimi\/#primaryimage\"},\"thumbnailUrl\":\"https:\/\/denizcankizil.tr\/wp-content\/uploads\/2024\/10\/6103-antalyada-bosanma-nafaka-ve-cocuk-velayeti-yonetimi.jpg\",\"datePublished\":\"2024-10-21T09:55:49+00:00\",\"breadcrumb\":{\"@id\":\"https:\/\/denizcankizil.tr\/en\/seo\/antalyada-bosanma-nafaka-ve-cocuk-velayeti-yonetimi\/#breadcrumb\"},\"inLanguage\":\"en-GB\",\"potentialAction\":[{\"@type\":\"ReadAction\",\"target\":[\"https:\/\/denizcankizil.tr\/en\/seo\/antalyada-bosanma-nafaka-ve-cocuk-velayeti-yonetimi\/\"]}]},{\"@type\":\"ImageObject\",\"inLanguage\":\"en-GB\",\"@id\":\"https:\/\/denizcankizil.tr\/en\/seo\/antalyada-bosanma-nafaka-ve-cocuk-velayeti-yonetimi\/#primaryimage\",\"url\":\"https:\/\/denizcankizil.tr\/wp-content\/uploads\/2024\/10\/6103-antalyada-bosanma-nafaka-ve-cocuk-velayeti-yonetimi.jpg\",\"contentUrl\":\"https:\/\/denizcankizil.tr\/wp-content\/uploads\/2024\/10\/6103-antalyada-bosanma-nafaka-ve-cocuk-velayeti-yonetimi.jpg\",\"width\":800,\"height\":800,\"caption\":\"Antalya&#8217;da Bo\u015fanma, Nafaka ve \u00c7ocuk Velayeti Y\u00f6netimi\"},{\"@type\":\"BreadcrumbList\",\"@id\":\"https:\/\/denizcankizil.tr\/en\/seo\/antalyada-bosanma-nafaka-ve-cocuk-velayeti-yonetimi\/#breadcrumb\",\"itemListElement\":[{\"@type\":\"ListItem\",\"position\":1,\"name\":\"Home\",\"item\":\"https:\/\/denizcankizil.tr\/de\/\"},{\"@type\":\"ListItem\",\"position\":2,\"name\":\"Antalya&#8217;da Bo\u015fanma, Nafaka ve \u00c7ocuk Velayeti Y\u00f6netimi\"}]},{\"@type\":\"WebSite\",\"@id\":\"https:\/\/denizcankizil.tr\/de\/#website\",\"url\":\"https:\/\/denizcankizil.tr\/de\/\",\"name\":\"Av. Deniz Can K\u0131z\u0131l\",\"description\":\"Avukat Deniz Can K\u0131z\u0131l Antalya Barosu\",\"publisher\":{\"@id\":\"https:\/\/denizcankizil.tr\/de\/#organization\"},\"potentialAction\":[{\"@type\":\"SearchAction\",\"target\":{\"@type\":\"EntryPoint\",\"urlTemplate\":\"https:\/\/denizcankizil.tr\/de\/?s={search_term_string}\"},\"query-input\":{\"@type\":\"PropertyValueSpecification\",\"valueRequired\":true,\"valueName\":\"search_term_string\"}}],\"inLanguage\":\"en-GB\"},{\"@type\":\"Organization\",\"@id\":\"https:\/\/denizcankizil.tr\/de\/#organization\",\"name\":\"Av. Deniz Can K\u0131z\u0131l\",\"url\":\"https:\/\/denizcankizil.tr\/de\/\",\"logo\":{\"@type\":\"ImageObject\",\"inLanguage\":\"en-GB\",\"@id\":\"https:\/\/denizcankizil.tr\/de\/#\/schema\/logo\/image\/\",\"url\":\"https:\/\/denizcankizil.tr\/wp-content\/uploads\/2024\/10\/siyah-logo-svg.svg\",\"contentUrl\":\"https:\/\/denizcankizil.tr\/wp-content\/uploads\/2024\/10\/siyah-logo-svg.svg\",\"width\":1080,\"height\":1080,\"caption\":\"Av. Deniz Can K\u0131z\u0131l\"},\"image\":{\"@id\":\"https:\/\/denizcankizil.tr\/de\/#\/schema\/logo\/image\/\"}},{\"@type\":\"Person\",\"@id\":\"https:\/\/denizcankizil.tr\/de\/#\/schema\/person\/be3c05fe6a12686905512445d8185489\",\"name\":\"admin\",\"image\":{\"@type\":\"ImageObject\",\"inLanguage\":\"en-GB\",\"@id\":\"https:\/\/denizcankizil.tr\/de\/#\/schema\/person\/image\/\",\"url\":\"https:\/\/secure.gravatar.com\/avatar\/c1fce94c830dc79107e174f890d7210541c4a63e8e5d816341794a2151c9d58c?s=96&d=mm&r=g\",\"contentUrl\":\"https:\/\/secure.gravatar.com\/avatar\/c1fce94c830dc79107e174f890d7210541c4a63e8e5d816341794a2151c9d58c?s=96&d=mm&r=g\",\"caption\":\"admin\"},\"sameAs\":[\"http:\/\/denizcankizil.tr\"],\"url\":\"https:\/\/denizcankizil.tr\/en\/author\/admin\/\"}]}<\/script>\n<!-- \/ Yoast SEO Premium plugin. -->","yoast_head_json":{"title":"Antalya'da Bo\u015fanma, Nafaka ve \u00c7ocuk Velayeti Y\u00f6netimi - Av. Deniz Can K\u0131z\u0131l","robots":{"index":"index","follow":"follow","max-snippet":"max-snippet:-1","max-image-preview":"max-image-preview:large","max-video-preview":"max-video-preview:-1"},"canonical":"https:\/\/denizcankizil.tr\/en\/seo\/antalyada-bosanma-nafaka-ve-cocuk-velayeti-yonetimi\/","og_locale":"en_GB","og_type":"article","og_title":"Antalya'da Bo\u015fanma, Nafaka ve \u00c7ocuk Velayeti Y\u00f6netimi","og_description":"Antalya'da bo\u015fanma, nafaka ve \u00e7ocuk velayeti y\u00f6netimi, aile hukuku \u00e7er\u00e7evesinde karma\u015f\u0131k bir s\u00fcreci i\u00e7ermektedir. Mahkeme kararlar\u0131, taraflar\u0131n ekonomik ve duygusal durumlar\u0131n\u0131 g\u00f6zeterek, \u00e7ocuklar\u0131n ve bireylerin haklar\u0131n\u0131 korumay\u0131 ama\u00e7lamaktad\u0131r.","og_url":"https:\/\/denizcankizil.tr\/en\/seo\/antalyada-bosanma-nafaka-ve-cocuk-velayeti-yonetimi\/","og_site_name":"Av. Deniz Can K\u0131z\u0131l","article_published_time":"2024-10-21T09:55:49+00:00","og_image":[{"width":800,"height":800,"url":"https:\/\/denizcankizil.tr\/wp-content\/uploads\/2024\/10\/6103-antalyada-bosanma-nafaka-ve-cocuk-velayeti-yonetimi.jpg","type":"image\/jpeg"}],"author":"admin","twitter_card":"summary_large_image","twitter_misc":{"Written by":"admin","Estimated reading time":"8 minutes"},"schema":{"@context":"https:\/\/schema.org","@graph":[{"@type":"Article","@id":"https:\/\/denizcankizil.tr\/en\/seo\/antalyada-bosanma-nafaka-ve-cocuk-velayeti-yonetimi\/#article","isPartOf":{"@id":"https:\/\/denizcankizil.tr\/en\/seo\/antalyada-bosanma-nafaka-ve-cocuk-velayeti-yonetimi\/"},"author":{"name":"admin","@id":"https:\/\/denizcankizil.tr\/de\/#\/schema\/person\/be3c05fe6a12686905512445d8185489"},"headline":"Antalya&#8217;da Bo\u015fanma, Nafaka ve \u00c7ocuk Velayeti Y\u00f6netimi","datePublished":"2024-10-21T09:55:49+00:00","mainEntityOfPage":{"@id":"https:\/\/denizcankizil.tr\/en\/seo\/antalyada-bosanma-nafaka-ve-cocuk-velayeti-yonetimi\/"},"wordCount":1623,"commentCount":0,"publisher":{"@id":"https:\/\/denizcankizil.tr\/de\/#organization"},"image":{"@id":"https:\/\/denizcankizil.tr\/en\/seo\/antalyada-bosanma-nafaka-ve-cocuk-velayeti-yonetimi\/#primaryimage"},"thumbnailUrl":"https:\/\/denizcankizil.tr\/wp-content\/uploads\/2024\/10\/6103-antalyada-bosanma-nafaka-ve-cocuk-velayeti-yonetimi.jpg","articleSection":["Seo"],"inLanguage":"en-GB","potentialAction":[{"@type":"CommentAction","name":"Comment","target":["https:\/\/denizcankizil.tr\/en\/seo\/antalyada-bosanma-nafaka-ve-cocuk-velayeti-yonetimi\/#respond"]}]},{"@type":"WebPage","@id":"https:\/\/denizcankizil.tr\/en\/seo\/antalyada-bosanma-nafaka-ve-cocuk-velayeti-yonetimi\/","url":"https:\/\/denizcankizil.tr\/en\/seo\/antalyada-bosanma-nafaka-ve-cocuk-velayeti-yonetimi\/","name":"Antalya'da Bo\u015fanma, Nafaka ve \u00c7ocuk Velayeti Y\u00f6netimi - Av. Deniz Can K\u0131z\u0131l","isPartOf":{"@id":"https:\/\/denizcankizil.tr\/de\/#website"},"primaryImageOfPage":{"@id":"https:\/\/denizcankizil.tr\/en\/seo\/antalyada-bosanma-nafaka-ve-cocuk-velayeti-yonetimi\/#primaryimage"},"image":{"@id":"https:\/\/denizcankizil.tr\/en\/seo\/antalyada-bosanma-nafaka-ve-cocuk-velayeti-yonetimi\/#primaryimage"},"thumbnailUrl":"https:\/\/denizcankizil.tr\/wp-content\/uploads\/2024\/10\/6103-antalyada-bosanma-nafaka-ve-cocuk-velayeti-yonetimi.jpg","datePublished":"2024-10-21T09:55:49+00:00","breadcrumb":{"@id":"https:\/\/denizcankizil.tr\/en\/seo\/antalyada-bosanma-nafaka-ve-cocuk-velayeti-yonetimi\/#breadcrumb"},"inLanguage":"en-GB","potentialAction":[{"@type":"ReadAction","target":["https:\/\/denizcankizil.tr\/en\/seo\/antalyada-bosanma-nafaka-ve-cocuk-velayeti-yonetimi\/"]}]},{"@type":"ImageObject","inLanguage":"en-GB","@id":"https:\/\/denizcankizil.tr\/en\/seo\/antalyada-bosanma-nafaka-ve-cocuk-velayeti-yonetimi\/#primaryimage","url":"https:\/\/denizcankizil.tr\/wp-content\/uploads\/2024\/10\/6103-antalyada-bosanma-nafaka-ve-cocuk-velayeti-yonetimi.jpg","contentUrl":"https:\/\/denizcankizil.tr\/wp-content\/uploads\/2024\/10\/6103-antalyada-bosanma-nafaka-ve-cocuk-velayeti-yonetimi.jpg","width":800,"height":800,"caption":"Antalya&#8217;da Bo\u015fanma, Nafaka ve \u00c7ocuk Velayeti Y\u00f6netimi"},{"@type":"BreadcrumbList","@id":"https:\/\/denizcankizil.tr\/en\/seo\/antalyada-bosanma-nafaka-ve-cocuk-velayeti-yonetimi\/#breadcrumb","itemListElement":[{"@type":"ListItem","position":1,"name":"Home","item":"https:\/\/denizcankizil.tr\/de\/"},{"@type":"ListItem","position":2,"name":"Antalya&#8217;da Bo\u015fanma, Nafaka ve \u00c7ocuk Velayeti Y\u00f6netimi"}]},{"@type":"WebSite","@id":"https:\/\/denizcankizil.tr\/de\/#website","url":"https:\/\/denizcankizil.tr\/de\/","name":"Av. Deniz Can K\u0131z\u0131l","description":"Avukat Deniz Can K\u0131z\u0131l Antalya Barosu","publisher":{"@id":"https:\/\/denizcankizil.tr\/de\/#organization"},"potentialAction":[{"@type":"SearchAction","target":{"@type":"EntryPoint","urlTemplate":"https:\/\/denizcankizil.tr\/de\/?s={search_term_string}"},"query-input":{"@type":"PropertyValueSpecification","valueRequired":true,"valueName":"search_term_string"}}],"inLanguage":"en-GB"},{"@type":"Organization","@id":"https:\/\/denizcankizil.tr\/de\/#organization","name":"Av. Deniz Can K\u0131z\u0131l","url":"https:\/\/denizcankizil.tr\/de\/","logo":{"@type":"ImageObject","inLanguage":"en-GB","@id":"https:\/\/denizcankizil.tr\/de\/#\/schema\/logo\/image\/","url":"https:\/\/denizcankizil.tr\/wp-content\/uploads\/2024\/10\/siyah-logo-svg.svg","contentUrl":"https:\/\/denizcankizil.tr\/wp-content\/uploads\/2024\/10\/siyah-logo-svg.svg","width":1080,"height":1080,"caption":"Av. Deniz Can K\u0131z\u0131l"},"image":{"@id":"https:\/\/denizcankizil.tr\/de\/#\/schema\/logo\/image\/"}},{"@type":"Person","@id":"https:\/\/denizcankizil.tr\/de\/#\/schema\/person\/be3c05fe6a12686905512445d8185489","name":"admin","image":{"@type":"ImageObject","inLanguage":"en-GB","@id":"https:\/\/denizcankizil.tr\/de\/#\/schema\/person\/image\/","url":"https:\/\/secure.gravatar.com\/avatar\/c1fce94c830dc79107e174f890d7210541c4a63e8e5d816341794a2151c9d58c?s=96&d=mm&r=g","contentUrl":"https:\/\/secure.gravatar.com\/avatar\/c1fce94c830dc79107e174f890d7210541c4a63e8e5d816341794a2151c9d58c?s=96&d=mm&r=g","caption":"admin"},"sameAs":["http:\/\/denizcankizil.tr"],"url":"https:\/\/denizcankizil.tr\/en\/author\/admin\/"}]}},"_links":{"self":[{"href":"https:\/\/denizcankizil.tr\/en\/wp-json\/wp\/v2\/posts\/6103","targetHints":{"allow":["GET"]}}],"collection":[{"href":"https:\/\/denizcankizil.tr\/en\/wp-json\/wp\/v2\/posts"}],"about":[{"href":"https:\/\/denizcankizil.tr\/en\/wp-json\/wp\/v2\/types\/post"}],"author":[{"embeddable":true,"href":"https:\/\/denizcankizil.tr\/en\/wp-json\/wp\/v2\/users\/1"}],"replies":[{"embeddable":true,"href":"https:\/\/denizcankizil.tr\/en\/wp-json\/wp\/v2\/comments?post=6103"}],"version-history":[{"count":0,"href":"https:\/\/denizcankizil.tr\/en\/wp-json\/wp\/v2\/posts\/6103\/revisions"}],"wp:featuredmedia":[{"embeddable":true,"href":"https:\/\/denizcankizil.tr\/en\/wp-json\/wp\/v2\/media\/6104"}],"wp:attachment":[{"href":"https:\/\/denizcankizil.tr\/en\/wp-json\/wp\/v2\/media?parent=6103"}],"wp:term":[{"taxonomy":"category","embeddable":true,"href":"https:\/\/denizcankizil.tr\/en\/wp-json\/wp\/v2\/categories?post=6103"},{"taxonomy":"post_tag","embeddable":true,"href":"https:\/\/denizcankizil.tr\/en\/wp-json\/wp\/v2\/tags?post=6103"}],"curies":[{"name":"wp","href":"https:\/\/api.w.org\/{rel}","templated":true}]}}