{"id":59314,"date":"2025-04-18T14:41:34","date_gmt":"2025-04-18T11:41:34","guid":{"rendered":"https:\/\/denizcankizil.tr\/uncategorized-tr\/kemerde-yaris-heyecani-basladi\/"},"modified":"2025-04-18T14:41:34","modified_gmt":"2025-04-18T11:41:34","slug":"kemerde-yaris-heyecani-basladi","status":"publish","type":"post","link":"https:\/\/denizcankizil.tr\/en\/haberler\/antalya\/kemerde-yaris-heyecani-basladi\/","title":{"rendered":"Kemer&#8217;de yar\u0131\u015f heyecan\u0131 ba\u015flad\u0131"},"content":{"rendered":"<p>Nisan ay\u0131n\u0131n bisiklet ay\u0131 ilan edilmesiyle birlikte, T\u00fcrkiye\u2019nin \u00f6nemli bisiklet rotalar\u0131 aras\u0131nda yer alan Kemer\u2019de bisiklet etkinlikleri art arda d\u00fczenleniyor. Ge\u00e7ti\u011fimiz hafta yap\u0131lan Trans Taurus Da\u011f Bisikleti Etap Yar\u0131\u015flar\u0131 ile ba\u015flayan hareketlilik, Akra Gran Fondo yar\u0131\u015flar\u0131 \u00f6ncesi zirveye \u00e7\u0131kt\u0131.<br \/>\nKemer Belediyesi\u2019nin katk\u0131lar\u0131yla Mustafa Ertu\u011frul Aker Park\u0131\u2019nda kurulan Expo alan\u0131nda bir\u00e7ok firman\u0131n bisikletleri, bisiklet par\u00e7alar\u0131 ve aksesuarlar\u0131 sergileniyor. Alan i\u00e7erisinde kurulan oyun parkurlar\u0131 ise \u00f6zellikle \u00e7ocuklar\u0131n ilgisini \u00e7ekerken, baz\u0131 \u00e7ocuklar bisikletleriyle akrobasi g\u00f6sterileri yaparak organizasyona renk katt\u0131.<br \/>\nYar\u0131\u015f \u00f6ncesi fark\u0131ndal\u0131k olu\u015fturmak amac\u0131yla bug\u00fcn &#8216;Bisikletin Kalbi Kemer\u2019de At\u0131yor&#8217; projesi kapsam\u0131nda mini \u015fehir turu ger\u00e7ekle\u015ftirilecek. Kemer Kaymakaml\u0131\u011f\u0131, Kemer Belediyesi, \u0130l\u00e7e Milli E\u011fitim M\u00fcd\u00fcrl\u00fc\u011f\u00fc ve Gen\u00e7lik ve Spor \u0130l\u00e7e M\u00fcd\u00fcrl\u00fc\u011f\u00fc i\u015f birli\u011finde d\u00fczenlenecek etkinlikte \u00f6\u011frenciler ve vatanda\u015flar pedal \u00e7evirecek.<br \/>\nSaat 17.30\u2019da Kemer Cumhuriyet Meydan\u0131\u2019ndan ba\u015flayacak olan mini \u015fehir turu, Mustafa Ertu\u011frul Aker Park\u0131\u2019nda sona erecek. Etkinlikler, parkta d\u00fczenlenecek mini konserle devam edecek.<\/p>\n<p>Kaynak: www.kanalv.com.tr Haber Sitesinden Al\u0131nm\u0131\u015ft\u0131r.<\/p>","protected":false},"excerpt":{"rendered":"<p>Nisan ay\u0131n\u0131n bisiklet ay\u0131 ilan edilmesiyle birlikte, T\u00fcrkiye\u2019nin \u00f6nemli bisiklet rotalar\u0131 aras\u0131nda yer alan Kemer\u2019de bisiklet etkinlikleri art arda d\u00fczenleniyor. Ge\u00e7ti\u011fimiz hafta yap\u0131lan Trans Taurus Da\u011f Bisikleti Etap Yar\u0131\u015flar\u0131 ile ba\u015flayan hareketlilik, Akra Gran Fondo yar\u0131\u015flar\u0131 \u00f6ncesi zirveye \u00e7\u0131kt\u0131. Kemer Belediyesi\u2019nin katk\u0131lar\u0131yla Mustafa Ertu\u011frul Aker Park\u0131\u2019nda kurulan Expo alan\u0131nda bir\u00e7ok firman\u0131n bisikletleri, bisiklet par\u00e7alar\u0131 ve aksesuarlar\u0131 sergileniyor. Alan i\u00e7erisinde kurulan oyun parkurlar\u0131 ise \u00f6zellikle \u00e7ocuklar\u0131n ilgisini \u00e7ekerken, baz\u0131 \u00e7ocuklar bisikletleriyle akrobasi g\u00f6sterileri yaparak organizasyona renk katt\u0131. Yar\u0131\u015f \u00f6ncesi fark\u0131ndal\u0131k olu\u015fturmak amac\u0131yla bug\u00fcn &#8216;Bisikletin Kalbi Kemer\u2019de At\u0131yor&#8217; projesi kapsam\u0131nda mini \u015fehir turu ger\u00e7ekle\u015ftirilecek. Kemer Kaymakaml\u0131\u011f\u0131, Kemer Belediyesi, \u0130l\u00e7e Milli E\u011fitim M\u00fcd\u00fcrl\u00fc\u011f\u00fc ve Gen\u00e7lik ve Spor \u0130l\u00e7e M\u00fcd\u00fcrl\u00fc\u011f\u00fc i\u015f birli\u011finde d\u00fczenlenecek etkinlikte \u00f6\u011frenciler ve vatanda\u015flar pedal \u00e7evirecek. Saat 17.30\u2019da Kemer Cumhuriyet Meydan\u0131\u2019ndan ba\u015flayacak olan mini \u015fehir turu, Mustafa Ertu\u011frul Aker Park\u0131\u2019nda sona erecek. Etkinlikler, parkta d\u00fczenlenecek mini konserle devam edecek. Kaynak: www.kanalv.com.tr Haber Sitesinden Al\u0131nm\u0131\u015ft\u0131r.<\/p>","protected":false},"author":4,"featured_media":59315,"comment_status":"","ping_status":"open","sticky":false,"template":"","format":"standard","meta":{"_acf_changed":false,"footnotes":""},"categories":[26],"tags":[],"class_list":["post-59314","post","type-post","status-publish","format-standard","has-post-thumbnail","hentry","category-antalya"],"acf":[],"yoast_head":"<!-- This site is optimized with the Yoast SEO Premium plugin v26.6 (Yoast SEO v27.1.1) - https:\/\/yoast.com\/product\/yoast-seo-premium-wordpress\/ -->\n<title>Kemer&#039;de yar\u0131\u015f heyecan\u0131 ba\u015flad\u0131 - Av. Deniz Can K\u0131z\u0131l<\/title>\n<meta name=\"robots\" content=\"index, follow, max-snippet:-1, max-image-preview:large, max-video-preview:-1\" \/>\n<link rel=\"canonical\" href=\"https:\/\/denizcankizil.tr\/en\/haberler\/antalya\/kemerde-yaris-heyecani-basladi\/\" \/>\n<meta property=\"og:locale\" content=\"en_GB\" \/>\n<meta property=\"og:type\" content=\"article\" \/>\n<meta property=\"og:title\" content=\"Kemer&#039;de yar\u0131\u015f heyecan\u0131 ba\u015flad\u0131\" \/>\n<meta property=\"og:description\" content=\"Nisan ay\u0131n\u0131n bisiklet ay\u0131 ilan edilmesiyle birlikte, T\u00fcrkiye\u2019nin \u00f6nemli bisiklet rotalar\u0131 aras\u0131nda yer alan Kemer\u2019de bisiklet etkinlikleri art arda d\u00fczenleniyor. Ge\u00e7ti\u011fimiz hafta yap\u0131lan Trans Taurus Da\u011f Bisikleti Etap Yar\u0131\u015flar\u0131 ile ba\u015flayan hareketlilik, Akra Gran Fondo yar\u0131\u015flar\u0131 \u00f6ncesi zirveye \u00e7\u0131kt\u0131. Kemer Belediyesi\u2019nin katk\u0131lar\u0131yla Mustafa Ertu\u011frul Aker Park\u0131\u2019nda kurulan Expo alan\u0131nda bir\u00e7ok firman\u0131n bisikletleri, bisiklet par\u00e7alar\u0131 ve aksesuarlar\u0131 sergileniyor. Alan i\u00e7erisinde kurulan oyun parkurlar\u0131 ise \u00f6zellikle \u00e7ocuklar\u0131n ilgisini \u00e7ekerken, baz\u0131 \u00e7ocuklar bisikletleriyle akrobasi g\u00f6sterileri yaparak organizasyona renk katt\u0131. Yar\u0131\u015f \u00f6ncesi fark\u0131ndal\u0131k olu\u015fturmak amac\u0131yla bug\u00fcn &#8216;Bisikletin Kalbi Kemer\u2019de At\u0131yor&#8217; projesi kapsam\u0131nda mini \u015fehir turu ger\u00e7ekle\u015ftirilecek. Kemer Kaymakaml\u0131\u011f\u0131, Kemer Belediyesi, \u0130l\u00e7e Milli E\u011fitim M\u00fcd\u00fcrl\u00fc\u011f\u00fc ve Gen\u00e7lik ve Spor \u0130l\u00e7e M\u00fcd\u00fcrl\u00fc\u011f\u00fc i\u015f birli\u011finde d\u00fczenlenecek etkinlikte \u00f6\u011frenciler ve vatanda\u015flar pedal \u00e7evirecek. Saat 17.30\u2019da Kemer Cumhuriyet Meydan\u0131\u2019ndan ba\u015flayacak olan mini \u015fehir turu, Mustafa Ertu\u011frul Aker Park\u0131\u2019nda sona erecek. Etkinlikler, parkta d\u00fczenlenecek mini konserle devam edecek. Kaynak: www.kanalv.com.tr Haber Sitesinden Al\u0131nm\u0131\u015ft\u0131r.\" \/>\n<meta property=\"og:url\" content=\"https:\/\/denizcankizil.tr\/en\/haberler\/antalya\/kemerde-yaris-heyecani-basladi\/\" \/>\n<meta property=\"og:site_name\" content=\"Av. Deniz Can K\u0131z\u0131l\" \/>\n<meta property=\"article:published_time\" content=\"2025-04-18T11:41:34+00:00\" \/>\n<meta property=\"og:image\" content=\"https:\/\/denizcankizil.tr\/wp-content\/uploads\/2025\/04\/5878-01-6FwlrY.jpg\" \/>\n\t<meta property=\"og:image:width\" content=\"1280\" \/>\n\t<meta property=\"og:image:height\" content=\"720\" \/>\n\t<meta property=\"og:image:type\" content=\"image\/jpeg\" \/>\n<meta name=\"author\" content=\"Av. Deniz Can K\u0131z\u0131l\" \/>\n<meta name=\"twitter:card\" content=\"summary_large_image\" \/>\n<meta name=\"twitter:label1\" content=\"Written by\" \/>\n\t<meta name=\"twitter:data1\" content=\"Av. Deniz Can K\u0131z\u0131l\" \/>\n\t<meta name=\"twitter:label2\" content=\"Estimated reading time\" \/>\n\t<meta name=\"twitter:data2\" content=\"1 minute\" \/>\n<script type=\"application\/ld+json\" class=\"yoast-schema-graph\">{\"@context\":\"https:\/\/schema.org\",\"@graph\":[{\"@type\":\"Article\",\"@id\":\"https:\/\/denizcankizil.tr\/en\/haberler\/antalya\/kemerde-yaris-heyecani-basladi\/#article\",\"isPartOf\":{\"@id\":\"https:\/\/denizcankizil.tr\/en\/haberler\/antalya\/kemerde-yaris-heyecani-basladi\/\"},\"author\":{\"name\":\"Av. Deniz Can K\u0131z\u0131l\",\"@id\":\"https:\/\/denizcankizil.tr\/de\/#\/schema\/person\/5dc1b22991bd7ac833867c10afc9b0ff\"},\"headline\":\"Kemer&#8217;de yar\u0131\u015f heyecan\u0131 ba\u015flad\u0131\",\"datePublished\":\"2025-04-18T11:41:34+00:00\",\"mainEntityOfPage\":{\"@id\":\"https:\/\/denizcankizil.tr\/en\/haberler\/antalya\/kemerde-yaris-heyecani-basladi\/\"},\"wordCount\":206,\"publisher\":{\"@id\":\"https:\/\/denizcankizil.tr\/de\/#organization\"},\"image\":{\"@id\":\"https:\/\/denizcankizil.tr\/en\/haberler\/antalya\/kemerde-yaris-heyecani-basladi\/#primaryimage\"},\"thumbnailUrl\":\"https:\/\/denizcankizil.tr\/wp-content\/uploads\/2025\/04\/5878-01-6FwlrY.jpg\",\"articleSection\":[\"Antalya\"],\"inLanguage\":\"en-GB\"},{\"@type\":\"WebPage\",\"@id\":\"https:\/\/denizcankizil.tr\/en\/haberler\/antalya\/kemerde-yaris-heyecani-basladi\/\",\"url\":\"https:\/\/denizcankizil.tr\/en\/haberler\/antalya\/kemerde-yaris-heyecani-basladi\/\",\"name\":\"Kemer'de yar\u0131\u015f heyecan\u0131 ba\u015flad\u0131 - Av. Deniz Can K\u0131z\u0131l\",\"isPartOf\":{\"@id\":\"https:\/\/denizcankizil.tr\/de\/#website\"},\"primaryImageOfPage\":{\"@id\":\"https:\/\/denizcankizil.tr\/en\/haberler\/antalya\/kemerde-yaris-heyecani-basladi\/#primaryimage\"},\"image\":{\"@id\":\"https:\/\/denizcankizil.tr\/en\/haberler\/antalya\/kemerde-yaris-heyecani-basladi\/#primaryimage\"},\"thumbnailUrl\":\"https:\/\/denizcankizil.tr\/wp-content\/uploads\/2025\/04\/5878-01-6FwlrY.jpg\",\"datePublished\":\"2025-04-18T11:41:34+00:00\",\"breadcrumb\":{\"@id\":\"https:\/\/denizcankizil.tr\/en\/haberler\/antalya\/kemerde-yaris-heyecani-basladi\/#breadcrumb\"},\"inLanguage\":\"en-GB\",\"potentialAction\":[{\"@type\":\"ReadAction\",\"target\":[\"https:\/\/denizcankizil.tr\/en\/haberler\/antalya\/kemerde-yaris-heyecani-basladi\/\"]}]},{\"@type\":\"ImageObject\",\"inLanguage\":\"en-GB\",\"@id\":\"https:\/\/denizcankizil.tr\/en\/haberler\/antalya\/kemerde-yaris-heyecani-basladi\/#primaryimage\",\"url\":\"https:\/\/denizcankizil.tr\/wp-content\/uploads\/2025\/04\/5878-01-6FwlrY.jpg\",\"contentUrl\":\"https:\/\/denizcankizil.tr\/wp-content\/uploads\/2025\/04\/5878-01-6FwlrY.jpg\",\"width\":1280,\"height\":720},{\"@type\":\"BreadcrumbList\",\"@id\":\"https:\/\/denizcankizil.tr\/en\/haberler\/antalya\/kemerde-yaris-heyecani-basladi\/#breadcrumb\",\"itemListElement\":[{\"@type\":\"ListItem\",\"position\":1,\"name\":\"Home\",\"item\":\"https:\/\/denizcankizil.tr\/de\/\"},{\"@type\":\"ListItem\",\"position\":2,\"name\":\"Kemer&#8217;de yar\u0131\u015f heyecan\u0131 ba\u015flad\u0131\"}]},{\"@type\":\"WebSite\",\"@id\":\"https:\/\/denizcankizil.tr\/de\/#website\",\"url\":\"https:\/\/denizcankizil.tr\/de\/\",\"name\":\"Av. Deniz Can K\u0131z\u0131l\",\"description\":\"Avukat Deniz Can K\u0131z\u0131l Antalya Barosu\",\"publisher\":{\"@id\":\"https:\/\/denizcankizil.tr\/de\/#organization\"},\"potentialAction\":[{\"@type\":\"SearchAction\",\"target\":{\"@type\":\"EntryPoint\",\"urlTemplate\":\"https:\/\/denizcankizil.tr\/de\/?s={search_term_string}\"},\"query-input\":{\"@type\":\"PropertyValueSpecification\",\"valueRequired\":true,\"valueName\":\"search_term_string\"}}],\"inLanguage\":\"en-GB\"},{\"@type\":\"Organization\",\"@id\":\"https:\/\/denizcankizil.tr\/de\/#organization\",\"name\":\"Av. Deniz Can K\u0131z\u0131l\",\"url\":\"https:\/\/denizcankizil.tr\/de\/\",\"logo\":{\"@type\":\"ImageObject\",\"inLanguage\":\"en-GB\",\"@id\":\"https:\/\/denizcankizil.tr\/de\/#\/schema\/logo\/image\/\",\"url\":\"https:\/\/denizcankizil.tr\/wp-content\/uploads\/2024\/10\/siyah-logo-svg.svg\",\"contentUrl\":\"https:\/\/denizcankizil.tr\/wp-content\/uploads\/2024\/10\/siyah-logo-svg.svg\",\"width\":1080,\"height\":1080,\"caption\":\"Av. Deniz Can K\u0131z\u0131l\"},\"image\":{\"@id\":\"https:\/\/denizcankizil.tr\/de\/#\/schema\/logo\/image\/\"}},{\"@type\":\"Person\",\"@id\":\"https:\/\/denizcankizil.tr\/de\/#\/schema\/person\/5dc1b22991bd7ac833867c10afc9b0ff\",\"name\":\"Av. Deniz Can K\u0131z\u0131l\",\"image\":{\"@type\":\"ImageObject\",\"inLanguage\":\"en-GB\",\"@id\":\"https:\/\/denizcankizil.tr\/de\/#\/schema\/person\/image\/\",\"url\":\"https:\/\/secure.gravatar.com\/avatar\/a0b128fb9855c79efc976d5640eedb31dc35ec297594d6016d2cf7c60e975bb6?s=96&d=mm&r=g\",\"contentUrl\":\"https:\/\/secure.gravatar.com\/avatar\/a0b128fb9855c79efc976d5640eedb31dc35ec297594d6016d2cf7c60e975bb6?s=96&d=mm&r=g\",\"caption\":\"Av. Deniz Can K\u0131z\u0131l\"},\"sameAs\":[\"http:\/\/www.denizcankizil.tr\"],\"url\":\"https:\/\/denizcankizil.tr\/en\/author\/denizcankizil\/\"}]}<\/script>\n<!-- \/ Yoast SEO Premium plugin. -->","yoast_head_json":{"title":"Kemer'de yar\u0131\u015f heyecan\u0131 ba\u015flad\u0131 - Av. Deniz Can K\u0131z\u0131l","robots":{"index":"index","follow":"follow","max-snippet":"max-snippet:-1","max-image-preview":"max-image-preview:large","max-video-preview":"max-video-preview:-1"},"canonical":"https:\/\/denizcankizil.tr\/en\/haberler\/antalya\/kemerde-yaris-heyecani-basladi\/","og_locale":"en_GB","og_type":"article","og_title":"Kemer'de yar\u0131\u015f heyecan\u0131 ba\u015flad\u0131","og_description":"Nisan ay\u0131n\u0131n bisiklet ay\u0131 ilan edilmesiyle birlikte, T\u00fcrkiye\u2019nin \u00f6nemli bisiklet rotalar\u0131 aras\u0131nda yer alan Kemer\u2019de bisiklet etkinlikleri art arda d\u00fczenleniyor. Ge\u00e7ti\u011fimiz hafta yap\u0131lan Trans Taurus Da\u011f Bisikleti Etap Yar\u0131\u015flar\u0131 ile ba\u015flayan hareketlilik, Akra Gran Fondo yar\u0131\u015flar\u0131 \u00f6ncesi zirveye \u00e7\u0131kt\u0131. Kemer Belediyesi\u2019nin katk\u0131lar\u0131yla Mustafa Ertu\u011frul Aker Park\u0131\u2019nda kurulan Expo alan\u0131nda bir\u00e7ok firman\u0131n bisikletleri, bisiklet par\u00e7alar\u0131 ve aksesuarlar\u0131 sergileniyor. Alan i\u00e7erisinde kurulan oyun parkurlar\u0131 ise \u00f6zellikle \u00e7ocuklar\u0131n ilgisini \u00e7ekerken, baz\u0131 \u00e7ocuklar bisikletleriyle akrobasi g\u00f6sterileri yaparak organizasyona renk katt\u0131. Yar\u0131\u015f \u00f6ncesi fark\u0131ndal\u0131k olu\u015fturmak amac\u0131yla bug\u00fcn &#8216;Bisikletin Kalbi Kemer\u2019de At\u0131yor&#8217; projesi kapsam\u0131nda mini \u015fehir turu ger\u00e7ekle\u015ftirilecek. Kemer Kaymakaml\u0131\u011f\u0131, Kemer Belediyesi, \u0130l\u00e7e Milli E\u011fitim M\u00fcd\u00fcrl\u00fc\u011f\u00fc ve Gen\u00e7lik ve Spor \u0130l\u00e7e M\u00fcd\u00fcrl\u00fc\u011f\u00fc i\u015f birli\u011finde d\u00fczenlenecek etkinlikte \u00f6\u011frenciler ve vatanda\u015flar pedal \u00e7evirecek. Saat 17.30\u2019da Kemer Cumhuriyet Meydan\u0131\u2019ndan ba\u015flayacak olan mini \u015fehir turu, Mustafa Ertu\u011frul Aker Park\u0131\u2019nda sona erecek. Etkinlikler, parkta d\u00fczenlenecek mini konserle devam edecek. Kaynak: www.kanalv.com.tr Haber Sitesinden Al\u0131nm\u0131\u015ft\u0131r.","og_url":"https:\/\/denizcankizil.tr\/en\/haberler\/antalya\/kemerde-yaris-heyecani-basladi\/","og_site_name":"Av. Deniz Can K\u0131z\u0131l","article_published_time":"2025-04-18T11:41:34+00:00","og_image":[{"width":1280,"height":720,"url":"https:\/\/denizcankizil.tr\/wp-content\/uploads\/2025\/04\/5878-01-6FwlrY.jpg","type":"image\/jpeg"}],"author":"Av. Deniz Can K\u0131z\u0131l","twitter_card":"summary_large_image","twitter_misc":{"Written by":"Av. Deniz Can K\u0131z\u0131l","Estimated reading time":"1 minute"},"schema":{"@context":"https:\/\/schema.org","@graph":[{"@type":"Article","@id":"https:\/\/denizcankizil.tr\/en\/haberler\/antalya\/kemerde-yaris-heyecani-basladi\/#article","isPartOf":{"@id":"https:\/\/denizcankizil.tr\/en\/haberler\/antalya\/kemerde-yaris-heyecani-basladi\/"},"author":{"name":"Av. Deniz Can K\u0131z\u0131l","@id":"https:\/\/denizcankizil.tr\/de\/#\/schema\/person\/5dc1b22991bd7ac833867c10afc9b0ff"},"headline":"Kemer&#8217;de yar\u0131\u015f heyecan\u0131 ba\u015flad\u0131","datePublished":"2025-04-18T11:41:34+00:00","mainEntityOfPage":{"@id":"https:\/\/denizcankizil.tr\/en\/haberler\/antalya\/kemerde-yaris-heyecani-basladi\/"},"wordCount":206,"publisher":{"@id":"https:\/\/denizcankizil.tr\/de\/#organization"},"image":{"@id":"https:\/\/denizcankizil.tr\/en\/haberler\/antalya\/kemerde-yaris-heyecani-basladi\/#primaryimage"},"thumbnailUrl":"https:\/\/denizcankizil.tr\/wp-content\/uploads\/2025\/04\/5878-01-6FwlrY.jpg","articleSection":["Antalya"],"inLanguage":"en-GB"},{"@type":"WebPage","@id":"https:\/\/denizcankizil.tr\/en\/haberler\/antalya\/kemerde-yaris-heyecani-basladi\/","url":"https:\/\/denizcankizil.tr\/en\/haberler\/antalya\/kemerde-yaris-heyecani-basladi\/","name":"Kemer'de yar\u0131\u015f heyecan\u0131 ba\u015flad\u0131 - Av. Deniz Can K\u0131z\u0131l","isPartOf":{"@id":"https:\/\/denizcankizil.tr\/de\/#website"},"primaryImageOfPage":{"@id":"https:\/\/denizcankizil.tr\/en\/haberler\/antalya\/kemerde-yaris-heyecani-basladi\/#primaryimage"},"image":{"@id":"https:\/\/denizcankizil.tr\/en\/haberler\/antalya\/kemerde-yaris-heyecani-basladi\/#primaryimage"},"thumbnailUrl":"https:\/\/denizcankizil.tr\/wp-content\/uploads\/2025\/04\/5878-01-6FwlrY.jpg","datePublished":"2025-04-18T11:41:34+00:00","breadcrumb":{"@id":"https:\/\/denizcankizil.tr\/en\/haberler\/antalya\/kemerde-yaris-heyecani-basladi\/#breadcrumb"},"inLanguage":"en-GB","potentialAction":[{"@type":"ReadAction","target":["https:\/\/denizcankizil.tr\/en\/haberler\/antalya\/kemerde-yaris-heyecani-basladi\/"]}]},{"@type":"ImageObject","inLanguage":"en-GB","@id":"https:\/\/denizcankizil.tr\/en\/haberler\/antalya\/kemerde-yaris-heyecani-basladi\/#primaryimage","url":"https:\/\/denizcankizil.tr\/wp-content\/uploads\/2025\/04\/5878-01-6FwlrY.jpg","contentUrl":"https:\/\/denizcankizil.tr\/wp-content\/uploads\/2025\/04\/5878-01-6FwlrY.jpg","width":1280,"height":720},{"@type":"BreadcrumbList","@id":"https:\/\/denizcankizil.tr\/en\/haberler\/antalya\/kemerde-yaris-heyecani-basladi\/#breadcrumb","itemListElement":[{"@type":"ListItem","position":1,"name":"Home","item":"https:\/\/denizcankizil.tr\/de\/"},{"@type":"ListItem","position":2,"name":"Kemer&#8217;de yar\u0131\u015f heyecan\u0131 ba\u015flad\u0131"}]},{"@type":"WebSite","@id":"https:\/\/denizcankizil.tr\/de\/#website","url":"https:\/\/denizcankizil.tr\/de\/","name":"Av. Deniz Can K\u0131z\u0131l","description":"Avukat Deniz Can K\u0131z\u0131l Antalya Barosu","publisher":{"@id":"https:\/\/denizcankizil.tr\/de\/#organization"},"potentialAction":[{"@type":"SearchAction","target":{"@type":"EntryPoint","urlTemplate":"https:\/\/denizcankizil.tr\/de\/?s={search_term_string}"},"query-input":{"@type":"PropertyValueSpecification","valueRequired":true,"valueName":"search_term_string"}}],"inLanguage":"en-GB"},{"@type":"Organization","@id":"https:\/\/denizcankizil.tr\/de\/#organization","name":"Av. Deniz Can K\u0131z\u0131l","url":"https:\/\/denizcankizil.tr\/de\/","logo":{"@type":"ImageObject","inLanguage":"en-GB","@id":"https:\/\/denizcankizil.tr\/de\/#\/schema\/logo\/image\/","url":"https:\/\/denizcankizil.tr\/wp-content\/uploads\/2024\/10\/siyah-logo-svg.svg","contentUrl":"https:\/\/denizcankizil.tr\/wp-content\/uploads\/2024\/10\/siyah-logo-svg.svg","width":1080,"height":1080,"caption":"Av. Deniz Can K\u0131z\u0131l"},"image":{"@id":"https:\/\/denizcankizil.tr\/de\/#\/schema\/logo\/image\/"}},{"@type":"Person","@id":"https:\/\/denizcankizil.tr\/de\/#\/schema\/person\/5dc1b22991bd7ac833867c10afc9b0ff","name":"Av. Deniz Can K\u0131z\u0131l","image":{"@type":"ImageObject","inLanguage":"en-GB","@id":"https:\/\/denizcankizil.tr\/de\/#\/schema\/person\/image\/","url":"https:\/\/secure.gravatar.com\/avatar\/a0b128fb9855c79efc976d5640eedb31dc35ec297594d6016d2cf7c60e975bb6?s=96&d=mm&r=g","contentUrl":"https:\/\/secure.gravatar.com\/avatar\/a0b128fb9855c79efc976d5640eedb31dc35ec297594d6016d2cf7c60e975bb6?s=96&d=mm&r=g","caption":"Av. Deniz Can K\u0131z\u0131l"},"sameAs":["http:\/\/www.denizcankizil.tr"],"url":"https:\/\/denizcankizil.tr\/en\/author\/denizcankizil\/"}]}},"_links":{"self":[{"href":"https:\/\/denizcankizil.tr\/en\/wp-json\/wp\/v2\/posts\/59314","targetHints":{"allow":["GET"]}}],"collection":[{"href":"https:\/\/denizcankizil.tr\/en\/wp-json\/wp\/v2\/posts"}],"about":[{"href":"https:\/\/denizcankizil.tr\/en\/wp-json\/wp\/v2\/types\/post"}],"author":[{"embeddable":true,"href":"https:\/\/denizcankizil.tr\/en\/wp-json\/wp\/v2\/users\/4"}],"replies":[{"embeddable":true,"href":"https:\/\/denizcankizil.tr\/en\/wp-json\/wp\/v2\/comments?post=59314"}],"version-history":[{"count":0,"href":"https:\/\/denizcankizil.tr\/en\/wp-json\/wp\/v2\/posts\/59314\/revisions"}],"wp:featuredmedia":[{"embeddable":true,"href":"https:\/\/denizcankizil.tr\/en\/wp-json\/wp\/v2\/media\/59315"}],"wp:attachment":[{"href":"https:\/\/denizcankizil.tr\/en\/wp-json\/wp\/v2\/media?parent=59314"}],"wp:term":[{"taxonomy":"category","embeddable":true,"href":"https:\/\/denizcankizil.tr\/en\/wp-json\/wp\/v2\/categories?post=59314"},{"taxonomy":"post_tag","embeddable":true,"href":"https:\/\/denizcankizil.tr\/en\/wp-json\/wp\/v2\/tags?post=59314"}],"curies":[{"name":"wp","href":"https:\/\/api.w.org\/{rel}","templated":true}]}}