{"id":59202,"date":"2025-04-18T11:41:14","date_gmt":"2025-04-18T08:41:14","guid":{"rendered":"https:\/\/denizcankizil.tr\/uncategorized-tr\/bu-guzelligi-koparmanin-cezasi-557-bin-tl\/"},"modified":"2025-04-18T11:41:14","modified_gmt":"2025-04-18T08:41:14","slug":"bu-guzelligi-koparmanin-cezasi-557-bin-tl","status":"publish","type":"post","link":"https:\/\/denizcankizil.tr\/en\/haberler\/antalya\/bu-guzelligi-koparmanin-cezasi-557-bin-tl\/","title":{"rendered":"Bu g\u00fczelli\u011fi koparman\u0131n cezas\u0131 557 bin TL"},"content":{"rendered":"<p>Gazipa\u015fa&#8217;da yeti\u015fen endemik bitki t\u00fcrlerinden &#8220;Ar\u0131 orkidesi&#8221;, baharla birlikte il\u00e7enin y\u00fcksek k\u00f6ylerinde a\u00e7maya ba\u015flad\u0131. Ar\u0131 orkidelerini foto\u011fraflayan \u00e7evreci ve e\u011fitimci G\u00fcldane \u015eahin, Gazipa\u015fa&#8217;n\u0131n nadir bir g\u00fczelli\u011fe ev sahipli\u011fi yapt\u0131\u011f\u0131n\u0131 belirterek, bu endemik t\u00fcr\u00fcn korunmas\u0131n\u0131n \u00f6nemine dikkat \u00e7ekti. \u015eahin, Ar\u0131 orkidelerinin izinsiz kopar\u0131lmas\u0131n\u0131n ciddi yasal sonu\u00e7lar\u0131 oldu\u011funu s\u00f6yledi.<\/p>\n<p>Koparman\u0131n cezas\u0131 b\u00fcy\u00fck<br \/>\nGazipa\u015fa endemik bitki t\u00fcrleri a\u00e7\u0131s\u0131ndan olduk\u00e7a zengin bir il\u00e7e oldu\u011funu s\u00f6yleyen G\u00fcldane \u015eahin,&#8221; \u00dclkemizde \u00e7ok az \u00f6rne\u011fi g\u00f6r\u00fclen nadir bitki t\u00fcr\u00fc Ar\u0131 orkideleri de ka\u00e7ak toplama ve biyoka\u00e7ak\u00e7\u0131l\u0131k gibi tehditlerle kar\u015f\u0131 kar\u015f\u0131yad\u0131r. Bu y\u00fczden endemik bitki t\u00fcrlerinin korunmas\u0131 da b\u00fcy\u00fck \u00f6nem ta\u015f\u0131yor. \u0130zinsiz bitki toplamak, sadece ticari ama\u00e7la de\u011fil, iyi niyetle dahi yap\u0131lsa b\u00f6lge i\u00e7in b\u00fcy\u00fck bir tehdit olu\u015fturuyor. Ar\u0131 orkidesini koparman\u0131n cezas\u0131 557 bin 212 TL. Vatanda\u015flar\u0131m\u0131z ka\u00e7ak bitki toplayanlar\u0131 g\u00f6rd\u00fcklerinde kolluk kuvvetlerine haber vermesi gerekiyor. Baz\u0131 internet \u00fczerinden endemik bitki sat\u0131\u015flar\u0131n\u0131n yap\u0131ld\u0131\u011f\u0131n\u0131 g\u00f6r\u00fcyoruz. Biyoka\u00e7ak\u00e7\u0131l\u0131\u011f\u0131n \u00f6n\u00fcne ge\u00e7memiz gerekiyor. \u0130l\u00e7emizin biyolojik zenginli\u011finin korunmas\u0131n\u0131n, gelecek nesillerimiz i\u00e7in b\u00fcy\u00fck \u00f6nem ta\u015f\u0131yor. Bu y\u00fczden de endemik bitkilerimize sahip \u00e7\u0131kmal\u0131y\u0131z ve fark\u0131ndal\u0131k olu\u015fturmal\u0131y\u0131z&#8221;<\/p>\n<p>Kaynak: www.kanalv.com.tr Haber Sitesinden Al\u0131nm\u0131\u015ft\u0131r.<\/p>","protected":false},"excerpt":{"rendered":"<p>Gazipa\u015fa&#8217;da yeti\u015fen endemik bitki t\u00fcrlerinden &#8220;Ar\u0131 orkidesi&#8221;, baharla birlikte il\u00e7enin y\u00fcksek k\u00f6ylerinde a\u00e7maya ba\u015flad\u0131. Ar\u0131 orkidelerini foto\u011fraflayan \u00e7evreci ve e\u011fitimci G\u00fcldane \u015eahin, Gazipa\u015fa&#8217;n\u0131n nadir bir g\u00fczelli\u011fe ev sahipli\u011fi yapt\u0131\u011f\u0131n\u0131 belirterek, bu endemik t\u00fcr\u00fcn korunmas\u0131n\u0131n \u00f6nemine dikkat \u00e7ekti. \u015eahin, Ar\u0131 orkidelerinin izinsiz kopar\u0131lmas\u0131n\u0131n ciddi yasal sonu\u00e7lar\u0131 oldu\u011funu s\u00f6yledi. Koparman\u0131n cezas\u0131 b\u00fcy\u00fck Gazipa\u015fa endemik bitki t\u00fcrleri a\u00e7\u0131s\u0131ndan olduk\u00e7a zengin bir il\u00e7e oldu\u011funu s\u00f6yleyen G\u00fcldane \u015eahin,&#8221; \u00dclkemizde \u00e7ok az \u00f6rne\u011fi g\u00f6r\u00fclen nadir bitki t\u00fcr\u00fc Ar\u0131 orkideleri de ka\u00e7ak toplama ve biyoka\u00e7ak\u00e7\u0131l\u0131k gibi tehditlerle kar\u015f\u0131 kar\u015f\u0131yad\u0131r. Bu y\u00fczden endemik bitki t\u00fcrlerinin korunmas\u0131 da b\u00fcy\u00fck \u00f6nem ta\u015f\u0131yor. \u0130zinsiz bitki toplamak, sadece ticari ama\u00e7la de\u011fil, iyi niyetle dahi yap\u0131lsa b\u00f6lge i\u00e7in b\u00fcy\u00fck bir tehdit olu\u015fturuyor. Ar\u0131 orkidesini koparman\u0131n cezas\u0131 557 bin 212 TL. Vatanda\u015flar\u0131m\u0131z ka\u00e7ak bitki toplayanlar\u0131 g\u00f6rd\u00fcklerinde kolluk kuvvetlerine haber vermesi gerekiyor. Baz\u0131 internet \u00fczerinden endemik bitki sat\u0131\u015flar\u0131n\u0131n yap\u0131ld\u0131\u011f\u0131n\u0131 g\u00f6r\u00fcyoruz. Biyoka\u00e7ak\u00e7\u0131l\u0131\u011f\u0131n \u00f6n\u00fcne ge\u00e7memiz gerekiyor. \u0130l\u00e7emizin biyolojik zenginli\u011finin korunmas\u0131n\u0131n, gelecek nesillerimiz i\u00e7in b\u00fcy\u00fck \u00f6nem ta\u015f\u0131yor. Bu y\u00fczden de endemik bitkilerimize sahip \u00e7\u0131kmal\u0131y\u0131z ve fark\u0131ndal\u0131k olu\u015fturmal\u0131y\u0131z&#8221; Kaynak: www.kanalv.com.tr Haber Sitesinden Al\u0131nm\u0131\u015ft\u0131r.<\/p>","protected":false},"author":4,"featured_media":59203,"comment_status":"","ping_status":"open","sticky":false,"template":"","format":"standard","meta":{"_acf_changed":false,"footnotes":""},"categories":[26],"tags":[],"class_list":["post-59202","post","type-post","status-publish","format-standard","has-post-thumbnail","hentry","category-antalya"],"acf":[],"yoast_head":"<!-- This site is optimized with the Yoast SEO Premium plugin v26.6 (Yoast SEO v27.1.1) - https:\/\/yoast.com\/product\/yoast-seo-premium-wordpress\/ -->\n<title>Bu g\u00fczelli\u011fi koparman\u0131n cezas\u0131 557 bin TL - Av. Deniz Can K\u0131z\u0131l<\/title>\n<meta name=\"robots\" content=\"index, follow, max-snippet:-1, max-image-preview:large, max-video-preview:-1\" \/>\n<link rel=\"canonical\" href=\"https:\/\/denizcankizil.tr\/en\/haberler\/antalya\/bu-guzelligi-koparmanin-cezasi-557-bin-tl\/\" \/>\n<meta property=\"og:locale\" content=\"en_GB\" \/>\n<meta property=\"og:type\" content=\"article\" \/>\n<meta property=\"og:title\" content=\"Bu g\u00fczelli\u011fi koparman\u0131n cezas\u0131 557 bin TL\" \/>\n<meta property=\"og:description\" content=\"Gazipa\u015fa&#8217;da yeti\u015fen endemik bitki t\u00fcrlerinden &#8220;Ar\u0131 orkidesi&#8221;, baharla birlikte il\u00e7enin y\u00fcksek k\u00f6ylerinde a\u00e7maya ba\u015flad\u0131. Ar\u0131 orkidelerini foto\u011fraflayan \u00e7evreci ve e\u011fitimci G\u00fcldane \u015eahin, Gazipa\u015fa&#8217;n\u0131n nadir bir g\u00fczelli\u011fe ev sahipli\u011fi yapt\u0131\u011f\u0131n\u0131 belirterek, bu endemik t\u00fcr\u00fcn korunmas\u0131n\u0131n \u00f6nemine dikkat \u00e7ekti. \u015eahin, Ar\u0131 orkidelerinin izinsiz kopar\u0131lmas\u0131n\u0131n ciddi yasal sonu\u00e7lar\u0131 oldu\u011funu s\u00f6yledi. Koparman\u0131n cezas\u0131 b\u00fcy\u00fck Gazipa\u015fa endemik bitki t\u00fcrleri a\u00e7\u0131s\u0131ndan olduk\u00e7a zengin bir il\u00e7e oldu\u011funu s\u00f6yleyen G\u00fcldane \u015eahin,&#8221; \u00dclkemizde \u00e7ok az \u00f6rne\u011fi g\u00f6r\u00fclen nadir bitki t\u00fcr\u00fc Ar\u0131 orkideleri de ka\u00e7ak toplama ve biyoka\u00e7ak\u00e7\u0131l\u0131k gibi tehditlerle kar\u015f\u0131 kar\u015f\u0131yad\u0131r. Bu y\u00fczden endemik bitki t\u00fcrlerinin korunmas\u0131 da b\u00fcy\u00fck \u00f6nem ta\u015f\u0131yor. \u0130zinsiz bitki toplamak, sadece ticari ama\u00e7la de\u011fil, iyi niyetle dahi yap\u0131lsa b\u00f6lge i\u00e7in b\u00fcy\u00fck bir tehdit olu\u015fturuyor. Ar\u0131 orkidesini koparman\u0131n cezas\u0131 557 bin 212 TL. Vatanda\u015flar\u0131m\u0131z ka\u00e7ak bitki toplayanlar\u0131 g\u00f6rd\u00fcklerinde kolluk kuvvetlerine haber vermesi gerekiyor. Baz\u0131 internet \u00fczerinden endemik bitki sat\u0131\u015flar\u0131n\u0131n yap\u0131ld\u0131\u011f\u0131n\u0131 g\u00f6r\u00fcyoruz. Biyoka\u00e7ak\u00e7\u0131l\u0131\u011f\u0131n \u00f6n\u00fcne ge\u00e7memiz gerekiyor. \u0130l\u00e7emizin biyolojik zenginli\u011finin korunmas\u0131n\u0131n, gelecek nesillerimiz i\u00e7in b\u00fcy\u00fck \u00f6nem ta\u015f\u0131yor. Bu y\u00fczden de endemik bitkilerimize sahip \u00e7\u0131kmal\u0131y\u0131z ve fark\u0131ndal\u0131k olu\u015fturmal\u0131y\u0131z&#8221; Kaynak: www.kanalv.com.tr Haber Sitesinden Al\u0131nm\u0131\u015ft\u0131r.\" \/>\n<meta property=\"og:url\" content=\"https:\/\/denizcankizil.tr\/en\/haberler\/antalya\/bu-guzelligi-koparmanin-cezasi-557-bin-tl\/\" \/>\n<meta property=\"og:site_name\" content=\"Av. Deniz Can K\u0131z\u0131l\" \/>\n<meta property=\"article:published_time\" content=\"2025-04-18T08:41:14+00:00\" \/>\n<meta property=\"og:image\" content=\"https:\/\/denizcankizil.tr\/wp-content\/uploads\/2025\/04\/5869-01-0EEF3h.jpg\" \/>\n\t<meta property=\"og:image:width\" content=\"1280\" \/>\n\t<meta property=\"og:image:height\" content=\"720\" \/>\n\t<meta property=\"og:image:type\" content=\"image\/jpeg\" \/>\n<meta name=\"author\" content=\"Av. Deniz Can K\u0131z\u0131l\" \/>\n<meta name=\"twitter:card\" content=\"summary_large_image\" \/>\n<meta name=\"twitter:label1\" content=\"Written by\" \/>\n\t<meta name=\"twitter:data1\" content=\"Av. Deniz Can K\u0131z\u0131l\" \/>\n\t<meta name=\"twitter:label2\" content=\"Estimated reading time\" \/>\n\t<meta name=\"twitter:data2\" content=\"1 minute\" \/>\n<script type=\"application\/ld+json\" class=\"yoast-schema-graph\">{\"@context\":\"https:\/\/schema.org\",\"@graph\":[{\"@type\":\"Article\",\"@id\":\"https:\/\/denizcankizil.tr\/en\/haberler\/antalya\/bu-guzelligi-koparmanin-cezasi-557-bin-tl\/#article\",\"isPartOf\":{\"@id\":\"https:\/\/denizcankizil.tr\/en\/haberler\/antalya\/bu-guzelligi-koparmanin-cezasi-557-bin-tl\/\"},\"author\":{\"name\":\"Av. Deniz Can K\u0131z\u0131l\",\"@id\":\"https:\/\/denizcankizil.tr\/de\/#\/schema\/person\/5dc1b22991bd7ac833867c10afc9b0ff\"},\"headline\":\"Bu g\u00fczelli\u011fi koparman\u0131n cezas\u0131 557 bin TL\",\"datePublished\":\"2025-04-18T08:41:14+00:00\",\"mainEntityOfPage\":{\"@id\":\"https:\/\/denizcankizil.tr\/en\/haberler\/antalya\/bu-guzelligi-koparmanin-cezasi-557-bin-tl\/\"},\"wordCount\":276,\"publisher\":{\"@id\":\"https:\/\/denizcankizil.tr\/de\/#organization\"},\"image\":{\"@id\":\"https:\/\/denizcankizil.tr\/en\/haberler\/antalya\/bu-guzelligi-koparmanin-cezasi-557-bin-tl\/#primaryimage\"},\"thumbnailUrl\":\"https:\/\/denizcankizil.tr\/wp-content\/uploads\/2025\/04\/5869-01-0EEF3h.jpg\",\"articleSection\":[\"Antalya\"],\"inLanguage\":\"en-GB\"},{\"@type\":\"WebPage\",\"@id\":\"https:\/\/denizcankizil.tr\/en\/haberler\/antalya\/bu-guzelligi-koparmanin-cezasi-557-bin-tl\/\",\"url\":\"https:\/\/denizcankizil.tr\/en\/haberler\/antalya\/bu-guzelligi-koparmanin-cezasi-557-bin-tl\/\",\"name\":\"Bu g\u00fczelli\u011fi koparman\u0131n cezas\u0131 557 bin TL - Av. Deniz Can K\u0131z\u0131l\",\"isPartOf\":{\"@id\":\"https:\/\/denizcankizil.tr\/de\/#website\"},\"primaryImageOfPage\":{\"@id\":\"https:\/\/denizcankizil.tr\/en\/haberler\/antalya\/bu-guzelligi-koparmanin-cezasi-557-bin-tl\/#primaryimage\"},\"image\":{\"@id\":\"https:\/\/denizcankizil.tr\/en\/haberler\/antalya\/bu-guzelligi-koparmanin-cezasi-557-bin-tl\/#primaryimage\"},\"thumbnailUrl\":\"https:\/\/denizcankizil.tr\/wp-content\/uploads\/2025\/04\/5869-01-0EEF3h.jpg\",\"datePublished\":\"2025-04-18T08:41:14+00:00\",\"breadcrumb\":{\"@id\":\"https:\/\/denizcankizil.tr\/en\/haberler\/antalya\/bu-guzelligi-koparmanin-cezasi-557-bin-tl\/#breadcrumb\"},\"inLanguage\":\"en-GB\",\"potentialAction\":[{\"@type\":\"ReadAction\",\"target\":[\"https:\/\/denizcankizil.tr\/en\/haberler\/antalya\/bu-guzelligi-koparmanin-cezasi-557-bin-tl\/\"]}]},{\"@type\":\"ImageObject\",\"inLanguage\":\"en-GB\",\"@id\":\"https:\/\/denizcankizil.tr\/en\/haberler\/antalya\/bu-guzelligi-koparmanin-cezasi-557-bin-tl\/#primaryimage\",\"url\":\"https:\/\/denizcankizil.tr\/wp-content\/uploads\/2025\/04\/5869-01-0EEF3h.jpg\",\"contentUrl\":\"https:\/\/denizcankizil.tr\/wp-content\/uploads\/2025\/04\/5869-01-0EEF3h.jpg\",\"width\":1280,\"height\":720},{\"@type\":\"BreadcrumbList\",\"@id\":\"https:\/\/denizcankizil.tr\/en\/haberler\/antalya\/bu-guzelligi-koparmanin-cezasi-557-bin-tl\/#breadcrumb\",\"itemListElement\":[{\"@type\":\"ListItem\",\"position\":1,\"name\":\"Home\",\"item\":\"https:\/\/denizcankizil.tr\/de\/\"},{\"@type\":\"ListItem\",\"position\":2,\"name\":\"Bu g\u00fczelli\u011fi koparman\u0131n cezas\u0131 557 bin TL\"}]},{\"@type\":\"WebSite\",\"@id\":\"https:\/\/denizcankizil.tr\/de\/#website\",\"url\":\"https:\/\/denizcankizil.tr\/de\/\",\"name\":\"Av. Deniz Can K\u0131z\u0131l\",\"description\":\"Avukat Deniz Can K\u0131z\u0131l Antalya Barosu\",\"publisher\":{\"@id\":\"https:\/\/denizcankizil.tr\/de\/#organization\"},\"potentialAction\":[{\"@type\":\"SearchAction\",\"target\":{\"@type\":\"EntryPoint\",\"urlTemplate\":\"https:\/\/denizcankizil.tr\/de\/?s={search_term_string}\"},\"query-input\":{\"@type\":\"PropertyValueSpecification\",\"valueRequired\":true,\"valueName\":\"search_term_string\"}}],\"inLanguage\":\"en-GB\"},{\"@type\":\"Organization\",\"@id\":\"https:\/\/denizcankizil.tr\/de\/#organization\",\"name\":\"Av. Deniz Can K\u0131z\u0131l\",\"url\":\"https:\/\/denizcankizil.tr\/de\/\",\"logo\":{\"@type\":\"ImageObject\",\"inLanguage\":\"en-GB\",\"@id\":\"https:\/\/denizcankizil.tr\/de\/#\/schema\/logo\/image\/\",\"url\":\"https:\/\/denizcankizil.tr\/wp-content\/uploads\/2024\/10\/siyah-logo-svg.svg\",\"contentUrl\":\"https:\/\/denizcankizil.tr\/wp-content\/uploads\/2024\/10\/siyah-logo-svg.svg\",\"width\":1080,\"height\":1080,\"caption\":\"Av. Deniz Can K\u0131z\u0131l\"},\"image\":{\"@id\":\"https:\/\/denizcankizil.tr\/de\/#\/schema\/logo\/image\/\"}},{\"@type\":\"Person\",\"@id\":\"https:\/\/denizcankizil.tr\/de\/#\/schema\/person\/5dc1b22991bd7ac833867c10afc9b0ff\",\"name\":\"Av. Deniz Can K\u0131z\u0131l\",\"image\":{\"@type\":\"ImageObject\",\"inLanguage\":\"en-GB\",\"@id\":\"https:\/\/denizcankizil.tr\/de\/#\/schema\/person\/image\/\",\"url\":\"https:\/\/secure.gravatar.com\/avatar\/a0b128fb9855c79efc976d5640eedb31dc35ec297594d6016d2cf7c60e975bb6?s=96&d=mm&r=g\",\"contentUrl\":\"https:\/\/secure.gravatar.com\/avatar\/a0b128fb9855c79efc976d5640eedb31dc35ec297594d6016d2cf7c60e975bb6?s=96&d=mm&r=g\",\"caption\":\"Av. Deniz Can K\u0131z\u0131l\"},\"sameAs\":[\"http:\/\/www.denizcankizil.tr\"],\"url\":\"https:\/\/denizcankizil.tr\/en\/author\/denizcankizil\/\"}]}<\/script>\n<!-- \/ Yoast SEO Premium plugin. -->","yoast_head_json":{"title":"Bu g\u00fczelli\u011fi koparman\u0131n cezas\u0131 557 bin TL - Av. Deniz Can K\u0131z\u0131l","robots":{"index":"index","follow":"follow","max-snippet":"max-snippet:-1","max-image-preview":"max-image-preview:large","max-video-preview":"max-video-preview:-1"},"canonical":"https:\/\/denizcankizil.tr\/en\/haberler\/antalya\/bu-guzelligi-koparmanin-cezasi-557-bin-tl\/","og_locale":"en_GB","og_type":"article","og_title":"Bu g\u00fczelli\u011fi koparman\u0131n cezas\u0131 557 bin TL","og_description":"Gazipa\u015fa&#8217;da yeti\u015fen endemik bitki t\u00fcrlerinden &#8220;Ar\u0131 orkidesi&#8221;, baharla birlikte il\u00e7enin y\u00fcksek k\u00f6ylerinde a\u00e7maya ba\u015flad\u0131. Ar\u0131 orkidelerini foto\u011fraflayan \u00e7evreci ve e\u011fitimci G\u00fcldane \u015eahin, Gazipa\u015fa&#8217;n\u0131n nadir bir g\u00fczelli\u011fe ev sahipli\u011fi yapt\u0131\u011f\u0131n\u0131 belirterek, bu endemik t\u00fcr\u00fcn korunmas\u0131n\u0131n \u00f6nemine dikkat \u00e7ekti. \u015eahin, Ar\u0131 orkidelerinin izinsiz kopar\u0131lmas\u0131n\u0131n ciddi yasal sonu\u00e7lar\u0131 oldu\u011funu s\u00f6yledi. Koparman\u0131n cezas\u0131 b\u00fcy\u00fck Gazipa\u015fa endemik bitki t\u00fcrleri a\u00e7\u0131s\u0131ndan olduk\u00e7a zengin bir il\u00e7e oldu\u011funu s\u00f6yleyen G\u00fcldane \u015eahin,&#8221; \u00dclkemizde \u00e7ok az \u00f6rne\u011fi g\u00f6r\u00fclen nadir bitki t\u00fcr\u00fc Ar\u0131 orkideleri de ka\u00e7ak toplama ve biyoka\u00e7ak\u00e7\u0131l\u0131k gibi tehditlerle kar\u015f\u0131 kar\u015f\u0131yad\u0131r. Bu y\u00fczden endemik bitki t\u00fcrlerinin korunmas\u0131 da b\u00fcy\u00fck \u00f6nem ta\u015f\u0131yor. \u0130zinsiz bitki toplamak, sadece ticari ama\u00e7la de\u011fil, iyi niyetle dahi yap\u0131lsa b\u00f6lge i\u00e7in b\u00fcy\u00fck bir tehdit olu\u015fturuyor. Ar\u0131 orkidesini koparman\u0131n cezas\u0131 557 bin 212 TL. Vatanda\u015flar\u0131m\u0131z ka\u00e7ak bitki toplayanlar\u0131 g\u00f6rd\u00fcklerinde kolluk kuvvetlerine haber vermesi gerekiyor. Baz\u0131 internet \u00fczerinden endemik bitki sat\u0131\u015flar\u0131n\u0131n yap\u0131ld\u0131\u011f\u0131n\u0131 g\u00f6r\u00fcyoruz. Biyoka\u00e7ak\u00e7\u0131l\u0131\u011f\u0131n \u00f6n\u00fcne ge\u00e7memiz gerekiyor. \u0130l\u00e7emizin biyolojik zenginli\u011finin korunmas\u0131n\u0131n, gelecek nesillerimiz i\u00e7in b\u00fcy\u00fck \u00f6nem ta\u015f\u0131yor. Bu y\u00fczden de endemik bitkilerimize sahip \u00e7\u0131kmal\u0131y\u0131z ve fark\u0131ndal\u0131k olu\u015fturmal\u0131y\u0131z&#8221; Kaynak: www.kanalv.com.tr Haber Sitesinden Al\u0131nm\u0131\u015ft\u0131r.","og_url":"https:\/\/denizcankizil.tr\/en\/haberler\/antalya\/bu-guzelligi-koparmanin-cezasi-557-bin-tl\/","og_site_name":"Av. Deniz Can K\u0131z\u0131l","article_published_time":"2025-04-18T08:41:14+00:00","og_image":[{"width":1280,"height":720,"url":"https:\/\/denizcankizil.tr\/wp-content\/uploads\/2025\/04\/5869-01-0EEF3h.jpg","type":"image\/jpeg"}],"author":"Av. Deniz Can K\u0131z\u0131l","twitter_card":"summary_large_image","twitter_misc":{"Written by":"Av. Deniz Can K\u0131z\u0131l","Estimated reading time":"1 minute"},"schema":{"@context":"https:\/\/schema.org","@graph":[{"@type":"Article","@id":"https:\/\/denizcankizil.tr\/en\/haberler\/antalya\/bu-guzelligi-koparmanin-cezasi-557-bin-tl\/#article","isPartOf":{"@id":"https:\/\/denizcankizil.tr\/en\/haberler\/antalya\/bu-guzelligi-koparmanin-cezasi-557-bin-tl\/"},"author":{"name":"Av. Deniz Can K\u0131z\u0131l","@id":"https:\/\/denizcankizil.tr\/de\/#\/schema\/person\/5dc1b22991bd7ac833867c10afc9b0ff"},"headline":"Bu g\u00fczelli\u011fi koparman\u0131n cezas\u0131 557 bin TL","datePublished":"2025-04-18T08:41:14+00:00","mainEntityOfPage":{"@id":"https:\/\/denizcankizil.tr\/en\/haberler\/antalya\/bu-guzelligi-koparmanin-cezasi-557-bin-tl\/"},"wordCount":276,"publisher":{"@id":"https:\/\/denizcankizil.tr\/de\/#organization"},"image":{"@id":"https:\/\/denizcankizil.tr\/en\/haberler\/antalya\/bu-guzelligi-koparmanin-cezasi-557-bin-tl\/#primaryimage"},"thumbnailUrl":"https:\/\/denizcankizil.tr\/wp-content\/uploads\/2025\/04\/5869-01-0EEF3h.jpg","articleSection":["Antalya"],"inLanguage":"en-GB"},{"@type":"WebPage","@id":"https:\/\/denizcankizil.tr\/en\/haberler\/antalya\/bu-guzelligi-koparmanin-cezasi-557-bin-tl\/","url":"https:\/\/denizcankizil.tr\/en\/haberler\/antalya\/bu-guzelligi-koparmanin-cezasi-557-bin-tl\/","name":"Bu g\u00fczelli\u011fi koparman\u0131n cezas\u0131 557 bin TL - Av. Deniz Can K\u0131z\u0131l","isPartOf":{"@id":"https:\/\/denizcankizil.tr\/de\/#website"},"primaryImageOfPage":{"@id":"https:\/\/denizcankizil.tr\/en\/haberler\/antalya\/bu-guzelligi-koparmanin-cezasi-557-bin-tl\/#primaryimage"},"image":{"@id":"https:\/\/denizcankizil.tr\/en\/haberler\/antalya\/bu-guzelligi-koparmanin-cezasi-557-bin-tl\/#primaryimage"},"thumbnailUrl":"https:\/\/denizcankizil.tr\/wp-content\/uploads\/2025\/04\/5869-01-0EEF3h.jpg","datePublished":"2025-04-18T08:41:14+00:00","breadcrumb":{"@id":"https:\/\/denizcankizil.tr\/en\/haberler\/antalya\/bu-guzelligi-koparmanin-cezasi-557-bin-tl\/#breadcrumb"},"inLanguage":"en-GB","potentialAction":[{"@type":"ReadAction","target":["https:\/\/denizcankizil.tr\/en\/haberler\/antalya\/bu-guzelligi-koparmanin-cezasi-557-bin-tl\/"]}]},{"@type":"ImageObject","inLanguage":"en-GB","@id":"https:\/\/denizcankizil.tr\/en\/haberler\/antalya\/bu-guzelligi-koparmanin-cezasi-557-bin-tl\/#primaryimage","url":"https:\/\/denizcankizil.tr\/wp-content\/uploads\/2025\/04\/5869-01-0EEF3h.jpg","contentUrl":"https:\/\/denizcankizil.tr\/wp-content\/uploads\/2025\/04\/5869-01-0EEF3h.jpg","width":1280,"height":720},{"@type":"BreadcrumbList","@id":"https:\/\/denizcankizil.tr\/en\/haberler\/antalya\/bu-guzelligi-koparmanin-cezasi-557-bin-tl\/#breadcrumb","itemListElement":[{"@type":"ListItem","position":1,"name":"Home","item":"https:\/\/denizcankizil.tr\/de\/"},{"@type":"ListItem","position":2,"name":"Bu g\u00fczelli\u011fi koparman\u0131n cezas\u0131 557 bin TL"}]},{"@type":"WebSite","@id":"https:\/\/denizcankizil.tr\/de\/#website","url":"https:\/\/denizcankizil.tr\/de\/","name":"Av. Deniz Can K\u0131z\u0131l","description":"Avukat Deniz Can K\u0131z\u0131l Antalya Barosu","publisher":{"@id":"https:\/\/denizcankizil.tr\/de\/#organization"},"potentialAction":[{"@type":"SearchAction","target":{"@type":"EntryPoint","urlTemplate":"https:\/\/denizcankizil.tr\/de\/?s={search_term_string}"},"query-input":{"@type":"PropertyValueSpecification","valueRequired":true,"valueName":"search_term_string"}}],"inLanguage":"en-GB"},{"@type":"Organization","@id":"https:\/\/denizcankizil.tr\/de\/#organization","name":"Av. Deniz Can K\u0131z\u0131l","url":"https:\/\/denizcankizil.tr\/de\/","logo":{"@type":"ImageObject","inLanguage":"en-GB","@id":"https:\/\/denizcankizil.tr\/de\/#\/schema\/logo\/image\/","url":"https:\/\/denizcankizil.tr\/wp-content\/uploads\/2024\/10\/siyah-logo-svg.svg","contentUrl":"https:\/\/denizcankizil.tr\/wp-content\/uploads\/2024\/10\/siyah-logo-svg.svg","width":1080,"height":1080,"caption":"Av. Deniz Can K\u0131z\u0131l"},"image":{"@id":"https:\/\/denizcankizil.tr\/de\/#\/schema\/logo\/image\/"}},{"@type":"Person","@id":"https:\/\/denizcankizil.tr\/de\/#\/schema\/person\/5dc1b22991bd7ac833867c10afc9b0ff","name":"Av. Deniz Can K\u0131z\u0131l","image":{"@type":"ImageObject","inLanguage":"en-GB","@id":"https:\/\/denizcankizil.tr\/de\/#\/schema\/person\/image\/","url":"https:\/\/secure.gravatar.com\/avatar\/a0b128fb9855c79efc976d5640eedb31dc35ec297594d6016d2cf7c60e975bb6?s=96&d=mm&r=g","contentUrl":"https:\/\/secure.gravatar.com\/avatar\/a0b128fb9855c79efc976d5640eedb31dc35ec297594d6016d2cf7c60e975bb6?s=96&d=mm&r=g","caption":"Av. Deniz Can K\u0131z\u0131l"},"sameAs":["http:\/\/www.denizcankizil.tr"],"url":"https:\/\/denizcankizil.tr\/en\/author\/denizcankizil\/"}]}},"_links":{"self":[{"href":"https:\/\/denizcankizil.tr\/en\/wp-json\/wp\/v2\/posts\/59202","targetHints":{"allow":["GET"]}}],"collection":[{"href":"https:\/\/denizcankizil.tr\/en\/wp-json\/wp\/v2\/posts"}],"about":[{"href":"https:\/\/denizcankizil.tr\/en\/wp-json\/wp\/v2\/types\/post"}],"author":[{"embeddable":true,"href":"https:\/\/denizcankizil.tr\/en\/wp-json\/wp\/v2\/users\/4"}],"replies":[{"embeddable":true,"href":"https:\/\/denizcankizil.tr\/en\/wp-json\/wp\/v2\/comments?post=59202"}],"version-history":[{"count":0,"href":"https:\/\/denizcankizil.tr\/en\/wp-json\/wp\/v2\/posts\/59202\/revisions"}],"wp:featuredmedia":[{"embeddable":true,"href":"https:\/\/denizcankizil.tr\/en\/wp-json\/wp\/v2\/media\/59203"}],"wp:attachment":[{"href":"https:\/\/denizcankizil.tr\/en\/wp-json\/wp\/v2\/media?parent=59202"}],"wp:term":[{"taxonomy":"category","embeddable":true,"href":"https:\/\/denizcankizil.tr\/en\/wp-json\/wp\/v2\/categories?post=59202"},{"taxonomy":"post_tag","embeddable":true,"href":"https:\/\/denizcankizil.tr\/en\/wp-json\/wp\/v2\/tags?post=59202"}],"curies":[{"name":"wp","href":"https:\/\/api.w.org\/{rel}","templated":true}]}}