{"id":58667,"date":"2025-04-17T18:41:54","date_gmt":"2025-04-17T15:41:54","guid":{"rendered":"https:\/\/denizcankizil.tr\/uncategorized-tr\/tcddnin-2021-2022-hesaplarina-kit-ibrasi\/"},"modified":"2025-04-17T18:41:54","modified_gmt":"2025-04-17T15:41:54","slug":"tcddnin-2021-2022-hesaplarina-kit-ibrasi","status":"publish","type":"post","link":"https:\/\/denizcankizil.tr\/en\/haberler\/gundem\/tcddnin-2021-2022-hesaplarina-kit-ibrasi\/","title":{"rendered":"TCDD&#8217;nin 2021-2022 hesaplar\u0131na K\u0130T ibras\u0131"},"content":{"rendered":"<p>T\u00fcrkiye Cumhuriyeti Devlet Demiryollar\u0131 (TCDD) \u0130\u015fletmesi Genel M\u00fcd\u00fcrl\u00fc\u011f\u00fc&#8217;n\u00fcn 2021-2022 y\u0131l\u0131 hesaplar\u0131, TBMM K\u0130T Komisyonunda g\u00f6r\u00fc\u015f\u00fcld\u00fc.ANKARA (\u0130GFA) &#8211; TBMM b\u00fcnyesindeki K\u0130T Komisyonu&#8217;nda TCDD\u2019nin 2021-2022 hesaplar\u0131 ibra edildi.<br \/>\nTCDD Genel M\u00fcd\u00fcr\u00fc Veysi Kurt, komisyonda yapt\u0131\u011f\u0131 sunumda, T\u00fcrkiye\u2019nin Asya ile Avrupa aras\u0131ndaki stratejik konumuyla \u00f6nemli bir lojistik \u00fcs olma potansiyeline sahip oldu\u011funu belirtti.<\/p>\n<p>Son 22 y\u0131lda ula\u015ft\u0131rma sekt\u00f6r\u00fcne 280 milyar dolar, demir yolu sekt\u00f6r\u00fcne ise 62,8 milyar dolar yat\u0131r\u0131m yap\u0131ld\u0131\u011f\u0131n\u0131 ifade eden Kurt, bu yat\u0131r\u0131mlar\u0131n 37,7 milyar dolar\u0131n\u0131n TCDD taraf\u0131ndan ger\u00e7ekle\u015ftirildi\u011fini vurgulad\u0131. Genel M\u00fcd\u00fcr Kurt, 2 bin 251 km h\u0131zl\u0131 demir yolu a\u011f\u0131yla T\u00fcrkiye\u2019nin d\u00fcnyada 8\u2019inci, Avrupa\u2019da 6\u2019nc\u0131 y\u00fcksek h\u0131zl\u0131 tren i\u015fletmecisi oldu\u011funu belirtti.\u00a0<br \/>\nT\u00fcrkiye\u2019nin ihracat\u0131nda demir yolunun pay\u0131n\u0131n y\u00fczde 0,7 oldu\u011funu kaydeden Kurt, bu oran\u0131 art\u0131rmak i\u00e7in lojistik merkezler ve iltisak hatlar\u0131n\u0131n yayg\u0131nla\u015ft\u0131r\u0131ld\u0131\u011f\u0131n\u0131, \u00c7in-Hazar-T\u00fcrkiye-Avrupa Orta Koridoru\u2019nun g\u00fc\u00e7lendirilmesi i\u00e7in \u00e7al\u0131\u015f\u0131ld\u0131\u011f\u0131n\u0131 ifade etti. 5 \u015fehirde 291 km\u2019lik banliy\u00f6 hizmeti verdiklerini de ekledi.<br \/>\nKurt, komisyonda liyakat ele\u015ftirilerine yan\u0131t vererek, t\u00fcm i\u015flemlerin hukuka uygun oldu\u011funu belirtti.<\/p>\n<p>\u200bT\u00fcrkiye Cumhuriyeti Devlet Demiryollar\u0131 (TCDD) \u0130\u015fletmesi Genel M\u00fcd\u00fcrl\u00fc\u011f\u00fc&#8217;n\u00fcn 2021-2022 y\u0131l\u0131 hesaplar\u0131, TBMM K\u0130T Komisyonunda g\u00f6r\u00fc\u015f\u00fcld\u00fc.ANKARA (\u0130GFA) &#8211; TBMM b\u00fcnyesindeki K\u0130T Komisyonu&#8217;nda TCDD\u2019nin 2021-2022 hesaplar\u0131 ibra edildi.<br \/>\nTCDD Genel M\u00fcd\u00fcr\u00fc Veysi Kurt, komisyonda yapt\u0131\u011f\u0131 sunumda, T\u00fcrkiye\u2019nin Asya ile Avrupa aras\u0131ndaki stratejik konumuyla \u00f6nemli bir lojistik \u00fcs olma potansiyeline sahip oldu\u011funu belirtti.<\/p>\n<p>Son 22 y\u0131lda ula\u015ft\u0131rma sekt\u00f6r\u00fcne 280 milyar dolar, demir yolu sekt\u00f6r\u00fcne ise 62,8 milyar dolar yat\u0131r\u0131m yap\u0131ld\u0131\u011f\u0131n\u0131 ifade eden Kurt, bu yat\u0131r\u0131mlar\u0131n 37,7 milyar dolar\u0131n\u0131n TCDD taraf\u0131ndan ger\u00e7ekle\u015ftirildi\u011fini vurgulad\u0131. Genel M\u00fcd\u00fcr Kurt, 2 bin 251 km h\u0131zl\u0131 demir yolu a\u011f\u0131yla T\u00fcrkiye\u2019nin d\u00fcnyada 8\u2019inci, Avrupa\u2019da 6\u2019nc\u0131 y\u00fcksek h\u0131zl\u0131 tren i\u015fletmecisi oldu\u011funu belirtti.\u00a0<br \/>\nT\u00fcrkiye\u2019nin ihracat\u0131nda demir yolunun pay\u0131n\u0131n y\u00fczde 0,7 oldu\u011funu kaydeden Kurt, bu oran\u0131 art\u0131rmak i\u00e7in lojistik merkezler ve iltisak hatlar\u0131n\u0131n yayg\u0131nla\u015ft\u0131r\u0131ld\u0131\u011f\u0131n\u0131, \u00c7in-Hazar-T\u00fcrkiye-Avrupa Orta Koridoru\u2019nun g\u00fc\u00e7lendirilmesi i\u00e7in \u00e7al\u0131\u015f\u0131ld\u0131\u011f\u0131n\u0131 ifade etti. 5 \u015fehirde 291 km\u2019lik banliy\u00f6 hizmeti verdiklerini de ekledi.<br \/>\nKurt, komisyonda liyakat ele\u015ftirilerine yan\u0131t vererek, t\u00fcm i\u015flemlerin hukuka uygun oldu\u011funu belirtti.\u00a0<\/p>\n<p>\u200bHaberin Al\u0131nt\u0131land\u0131\u011f\u0131 Kaynak: www.iskenderun.org<\/p>","protected":false},"excerpt":{"rendered":"<p>T\u00fcrkiye Cumhuriyeti Devlet Demiryollar\u0131 (TCDD) \u0130\u015fletmesi Genel M\u00fcd\u00fcrl\u00fc\u011f\u00fc&#8217;n\u00fcn 2021-2022 y\u0131l\u0131 hesaplar\u0131, TBMM K\u0130T Komisyonunda g\u00f6r\u00fc\u015f\u00fcld\u00fc.ANKARA (\u0130GFA) &#8211; TBMM b\u00fcnyesindeki K\u0130T Komisyonu&#8217;nda TCDD\u2019nin 2021-2022 hesaplar\u0131 ibra edildi. TCDD Genel M\u00fcd\u00fcr\u00fc Veysi Kurt, komisyonda yapt\u0131\u011f\u0131 sunumda, T\u00fcrkiye\u2019nin Asya ile Avrupa aras\u0131ndaki stratejik konumuyla \u00f6nemli bir lojistik \u00fcs olma potansiyeline sahip oldu\u011funu belirtti. Son 22 y\u0131lda ula\u015ft\u0131rma sekt\u00f6r\u00fcne 280 milyar dolar, demir yolu sekt\u00f6r\u00fcne ise 62,8 milyar dolar yat\u0131r\u0131m yap\u0131ld\u0131\u011f\u0131n\u0131 ifade eden Kurt, bu yat\u0131r\u0131mlar\u0131n 37,7 milyar dolar\u0131n\u0131n TCDD taraf\u0131ndan ger\u00e7ekle\u015ftirildi\u011fini vurgulad\u0131. Genel M\u00fcd\u00fcr Kurt, 2 bin 251 km h\u0131zl\u0131 demir yolu a\u011f\u0131yla T\u00fcrkiye\u2019nin d\u00fcnyada 8\u2019inci, Avrupa\u2019da 6\u2019nc\u0131 y\u00fcksek h\u0131zl\u0131 tren i\u015fletmecisi oldu\u011funu belirtti.\u00a0 T\u00fcrkiye\u2019nin ihracat\u0131nda demir yolunun pay\u0131n\u0131n y\u00fczde 0,7 oldu\u011funu kaydeden Kurt, bu oran\u0131 art\u0131rmak i\u00e7in lojistik merkezler ve iltisak hatlar\u0131n\u0131n yayg\u0131nla\u015ft\u0131r\u0131ld\u0131\u011f\u0131n\u0131, \u00c7in-Hazar-T\u00fcrkiye-Avrupa Orta Koridoru\u2019nun g\u00fc\u00e7lendirilmesi i\u00e7in \u00e7al\u0131\u015f\u0131ld\u0131\u011f\u0131n\u0131 ifade etti. 5 \u015fehirde 291 km\u2019lik banliy\u00f6 hizmeti verdiklerini de ekledi. Kurt, komisyonda liyakat ele\u015ftirilerine yan\u0131t vererek, t\u00fcm i\u015flemlerin hukuka uygun oldu\u011funu belirtti. \u200bT\u00fcrkiye Cumhuriyeti Devlet Demiryollar\u0131 (TCDD) \u0130\u015fletmesi Genel M\u00fcd\u00fcrl\u00fc\u011f\u00fc&#8217;n\u00fcn 2021-2022 y\u0131l\u0131 hesaplar\u0131, TBMM K\u0130T Komisyonunda g\u00f6r\u00fc\u015f\u00fcld\u00fc.ANKARA (\u0130GFA) &#8211; TBMM b\u00fcnyesindeki K\u0130T Komisyonu&#8217;nda TCDD\u2019nin 2021-2022 hesaplar\u0131 ibra edildi. TCDD Genel M\u00fcd\u00fcr\u00fc Veysi Kurt, komisyonda yapt\u0131\u011f\u0131 sunumda, T\u00fcrkiye\u2019nin Asya ile Avrupa aras\u0131ndaki stratejik konumuyla \u00f6nemli bir lojistik \u00fcs olma potansiyeline sahip oldu\u011funu belirtti. &hellip;<\/p>","protected":false},"author":1,"featured_media":0,"comment_status":"","ping_status":"open","sticky":false,"template":"","format":"standard","meta":{"_acf_changed":false,"footnotes":""},"categories":[24],"tags":[],"class_list":["post-58667","post","type-post","status-publish","format-standard","has-post-thumbnail","hentry","category-gundem"],"acf":[],"yoast_head":"<!-- This site is optimized with the Yoast SEO Premium plugin v26.6 (Yoast SEO v27.1.1) - https:\/\/yoast.com\/product\/yoast-seo-premium-wordpress\/ -->\n<title>TCDD&#039;nin 2021-2022 hesaplar\u0131na K\u0130T ibras\u0131 - Av. Deniz Can K\u0131z\u0131l<\/title>\n<meta name=\"robots\" content=\"index, follow, max-snippet:-1, max-image-preview:large, max-video-preview:-1\" \/>\n<link rel=\"canonical\" href=\"https:\/\/denizcankizil.tr\/en\/haberler\/gundem\/tcddnin-2021-2022-hesaplarina-kit-ibrasi\/\" \/>\n<meta property=\"og:locale\" content=\"en_GB\" \/>\n<meta property=\"og:type\" content=\"article\" \/>\n<meta property=\"og:title\" content=\"TCDD&#039;nin 2021-2022 hesaplar\u0131na K\u0130T ibras\u0131\" \/>\n<meta property=\"og:description\" content=\"T\u00fcrkiye Cumhuriyeti Devlet Demiryollar\u0131 (TCDD) \u0130\u015fletmesi Genel M\u00fcd\u00fcrl\u00fc\u011f\u00fc&#8217;n\u00fcn 2021-2022 y\u0131l\u0131 hesaplar\u0131, TBMM K\u0130T Komisyonunda g\u00f6r\u00fc\u015f\u00fcld\u00fc.ANKARA (\u0130GFA) &#8211; TBMM b\u00fcnyesindeki K\u0130T Komisyonu&#8217;nda TCDD\u2019nin 2021-2022 hesaplar\u0131 ibra edildi. TCDD Genel M\u00fcd\u00fcr\u00fc Veysi Kurt, komisyonda yapt\u0131\u011f\u0131 sunumda, T\u00fcrkiye\u2019nin Asya ile Avrupa aras\u0131ndaki stratejik konumuyla \u00f6nemli bir lojistik \u00fcs olma potansiyeline sahip oldu\u011funu belirtti. Son 22 y\u0131lda ula\u015ft\u0131rma sekt\u00f6r\u00fcne 280 milyar dolar, demir yolu sekt\u00f6r\u00fcne ise 62,8 milyar dolar yat\u0131r\u0131m yap\u0131ld\u0131\u011f\u0131n\u0131 ifade eden Kurt, bu yat\u0131r\u0131mlar\u0131n 37,7 milyar dolar\u0131n\u0131n TCDD taraf\u0131ndan ger\u00e7ekle\u015ftirildi\u011fini vurgulad\u0131. Genel M\u00fcd\u00fcr Kurt, 2 bin 251 km h\u0131zl\u0131 demir yolu a\u011f\u0131yla T\u00fcrkiye\u2019nin d\u00fcnyada 8\u2019inci, Avrupa\u2019da 6\u2019nc\u0131 y\u00fcksek h\u0131zl\u0131 tren i\u015fletmecisi oldu\u011funu belirtti.\u00a0 T\u00fcrkiye\u2019nin ihracat\u0131nda demir yolunun pay\u0131n\u0131n y\u00fczde 0,7 oldu\u011funu kaydeden Kurt, bu oran\u0131 art\u0131rmak i\u00e7in lojistik merkezler ve iltisak hatlar\u0131n\u0131n yayg\u0131nla\u015ft\u0131r\u0131ld\u0131\u011f\u0131n\u0131, \u00c7in-Hazar-T\u00fcrkiye-Avrupa Orta Koridoru\u2019nun g\u00fc\u00e7lendirilmesi i\u00e7in \u00e7al\u0131\u015f\u0131ld\u0131\u011f\u0131n\u0131 ifade etti. 5 \u015fehirde 291 km\u2019lik banliy\u00f6 hizmeti verdiklerini de ekledi. Kurt, komisyonda liyakat ele\u015ftirilerine yan\u0131t vererek, t\u00fcm i\u015flemlerin hukuka uygun oldu\u011funu belirtti. \u200bT\u00fcrkiye Cumhuriyeti Devlet Demiryollar\u0131 (TCDD) \u0130\u015fletmesi Genel M\u00fcd\u00fcrl\u00fc\u011f\u00fc&#8217;n\u00fcn 2021-2022 y\u0131l\u0131 hesaplar\u0131, TBMM K\u0130T Komisyonunda g\u00f6r\u00fc\u015f\u00fcld\u00fc.ANKARA (\u0130GFA) &#8211; TBMM b\u00fcnyesindeki K\u0130T Komisyonu&#8217;nda TCDD\u2019nin 2021-2022 hesaplar\u0131 ibra edildi. TCDD Genel M\u00fcd\u00fcr\u00fc Veysi Kurt, komisyonda yapt\u0131\u011f\u0131 sunumda, T\u00fcrkiye\u2019nin Asya ile Avrupa aras\u0131ndaki stratejik konumuyla \u00f6nemli bir lojistik \u00fcs olma potansiyeline sahip oldu\u011funu belirtti. &hellip;\" \/>\n<meta property=\"og:url\" content=\"https:\/\/denizcankizil.tr\/en\/haberler\/gundem\/tcddnin-2021-2022-hesaplarina-kit-ibrasi\/\" \/>\n<meta property=\"og:site_name\" content=\"Av. Deniz Can K\u0131z\u0131l\" \/>\n<meta property=\"article:published_time\" content=\"2025-04-17T15:41:54+00:00\" \/>\n<meta name=\"author\" content=\"admin\" \/>\n<meta name=\"twitter:card\" content=\"summary_large_image\" \/>\n<meta name=\"twitter:label1\" content=\"Written by\" \/>\n\t<meta name=\"twitter:data1\" content=\"admin\" \/>\n\t<meta name=\"twitter:label2\" content=\"Estimated reading time\" \/>\n\t<meta name=\"twitter:data2\" content=\"2 minutes\" \/>\n<script type=\"application\/ld+json\" class=\"yoast-schema-graph\">{\"@context\":\"https:\/\/schema.org\",\"@graph\":[{\"@type\":\"Article\",\"@id\":\"https:\/\/denizcankizil.tr\/ru\/haberler\/gundem\/tcddnin-2021-2022-hesaplarina-kit-ibrasi\/#article\",\"isPartOf\":{\"@id\":\"https:\/\/denizcankizil.tr\/ru\/haberler\/gundem\/tcddnin-2021-2022-hesaplarina-kit-ibrasi\/\"},\"author\":{\"name\":\"admin\",\"@id\":\"https:\/\/denizcankizil.tr\/de\/#\/schema\/person\/be3c05fe6a12686905512445d8185489\"},\"headline\":\"TCDD&#8217;nin 2021-2022 hesaplar\u0131na K\u0130T ibras\u0131\",\"datePublished\":\"2025-04-17T15:41:54+00:00\",\"mainEntityOfPage\":{\"@id\":\"https:\/\/denizcankizil.tr\/ru\/haberler\/gundem\/tcddnin-2021-2022-hesaplarina-kit-ibrasi\/\"},\"wordCount\":458,\"publisher\":{\"@id\":\"https:\/\/denizcankizil.tr\/de\/#organization\"},\"articleSection\":[\"G\u00fcndem\"],\"inLanguage\":\"en-GB\"},{\"@type\":\"WebPage\",\"@id\":\"https:\/\/denizcankizil.tr\/ru\/haberler\/gundem\/tcddnin-2021-2022-hesaplarina-kit-ibrasi\/\",\"url\":\"https:\/\/denizcankizil.tr\/ru\/haberler\/gundem\/tcddnin-2021-2022-hesaplarina-kit-ibrasi\/\",\"name\":\"TCDD'nin 2021-2022 hesaplar\u0131na K\u0130T ibras\u0131 - Av. Deniz Can K\u0131z\u0131l\",\"isPartOf\":{\"@id\":\"https:\/\/denizcankizil.tr\/de\/#website\"},\"datePublished\":\"2025-04-17T15:41:54+00:00\",\"breadcrumb\":{\"@id\":\"https:\/\/denizcankizil.tr\/ru\/haberler\/gundem\/tcddnin-2021-2022-hesaplarina-kit-ibrasi\/#breadcrumb\"},\"inLanguage\":\"en-GB\",\"potentialAction\":[{\"@type\":\"ReadAction\",\"target\":[\"https:\/\/denizcankizil.tr\/ru\/haberler\/gundem\/tcddnin-2021-2022-hesaplarina-kit-ibrasi\/\"]}]},{\"@type\":\"BreadcrumbList\",\"@id\":\"https:\/\/denizcankizil.tr\/ru\/haberler\/gundem\/tcddnin-2021-2022-hesaplarina-kit-ibrasi\/#breadcrumb\",\"itemListElement\":[{\"@type\":\"ListItem\",\"position\":1,\"name\":\"Home\",\"item\":\"https:\/\/denizcankizil.tr\/de\/\"},{\"@type\":\"ListItem\",\"position\":2,\"name\":\"TCDD&#8217;nin 2021-2022 hesaplar\u0131na K\u0130T ibras\u0131\"}]},{\"@type\":\"WebSite\",\"@id\":\"https:\/\/denizcankizil.tr\/de\/#website\",\"url\":\"https:\/\/denizcankizil.tr\/de\/\",\"name\":\"Av. Deniz Can K\u0131z\u0131l\",\"description\":\"Avukat Deniz Can K\u0131z\u0131l Antalya Barosu\",\"publisher\":{\"@id\":\"https:\/\/denizcankizil.tr\/de\/#organization\"},\"potentialAction\":[{\"@type\":\"SearchAction\",\"target\":{\"@type\":\"EntryPoint\",\"urlTemplate\":\"https:\/\/denizcankizil.tr\/de\/?s={search_term_string}\"},\"query-input\":{\"@type\":\"PropertyValueSpecification\",\"valueRequired\":true,\"valueName\":\"search_term_string\"}}],\"inLanguage\":\"en-GB\"},{\"@type\":\"Organization\",\"@id\":\"https:\/\/denizcankizil.tr\/de\/#organization\",\"name\":\"Av. Deniz Can K\u0131z\u0131l\",\"url\":\"https:\/\/denizcankizil.tr\/de\/\",\"logo\":{\"@type\":\"ImageObject\",\"inLanguage\":\"en-GB\",\"@id\":\"https:\/\/denizcankizil.tr\/de\/#\/schema\/logo\/image\/\",\"url\":\"https:\/\/denizcankizil.tr\/wp-content\/uploads\/2024\/10\/siyah-logo-svg.svg\",\"contentUrl\":\"https:\/\/denizcankizil.tr\/wp-content\/uploads\/2024\/10\/siyah-logo-svg.svg\",\"width\":1080,\"height\":1080,\"caption\":\"Av. Deniz Can K\u0131z\u0131l\"},\"image\":{\"@id\":\"https:\/\/denizcankizil.tr\/de\/#\/schema\/logo\/image\/\"}},{\"@type\":\"Person\",\"@id\":\"https:\/\/denizcankizil.tr\/de\/#\/schema\/person\/be3c05fe6a12686905512445d8185489\",\"name\":\"admin\",\"image\":{\"@type\":\"ImageObject\",\"inLanguage\":\"en-GB\",\"@id\":\"https:\/\/denizcankizil.tr\/de\/#\/schema\/person\/image\/\",\"url\":\"https:\/\/secure.gravatar.com\/avatar\/c1fce94c830dc79107e174f890d7210541c4a63e8e5d816341794a2151c9d58c?s=96&d=mm&r=g\",\"contentUrl\":\"https:\/\/secure.gravatar.com\/avatar\/c1fce94c830dc79107e174f890d7210541c4a63e8e5d816341794a2151c9d58c?s=96&d=mm&r=g\",\"caption\":\"admin\"},\"sameAs\":[\"http:\/\/denizcankizil.tr\"],\"url\":\"https:\/\/www.iskenderun.org\/tcddnin-2021-2022-hesaplarina-kit-ibrasi\"}]}<\/script>\n<!-- \/ Yoast SEO Premium plugin. -->","yoast_head_json":{"title":"TCDD'nin 2021-2022 hesaplar\u0131na K\u0130T ibras\u0131 - Av. Deniz Can K\u0131z\u0131l","robots":{"index":"index","follow":"follow","max-snippet":"max-snippet:-1","max-image-preview":"max-image-preview:large","max-video-preview":"max-video-preview:-1"},"canonical":"https:\/\/denizcankizil.tr\/en\/haberler\/gundem\/tcddnin-2021-2022-hesaplarina-kit-ibrasi\/","og_locale":"en_GB","og_type":"article","og_title":"TCDD'nin 2021-2022 hesaplar\u0131na K\u0130T ibras\u0131","og_description":"T\u00fcrkiye Cumhuriyeti Devlet Demiryollar\u0131 (TCDD) \u0130\u015fletmesi Genel M\u00fcd\u00fcrl\u00fc\u011f\u00fc&#8217;n\u00fcn 2021-2022 y\u0131l\u0131 hesaplar\u0131, TBMM K\u0130T Komisyonunda g\u00f6r\u00fc\u015f\u00fcld\u00fc.ANKARA (\u0130GFA) &#8211; TBMM b\u00fcnyesindeki K\u0130T Komisyonu&#8217;nda TCDD\u2019nin 2021-2022 hesaplar\u0131 ibra edildi. TCDD Genel M\u00fcd\u00fcr\u00fc Veysi Kurt, komisyonda yapt\u0131\u011f\u0131 sunumda, T\u00fcrkiye\u2019nin Asya ile Avrupa aras\u0131ndaki stratejik konumuyla \u00f6nemli bir lojistik \u00fcs olma potansiyeline sahip oldu\u011funu belirtti. Son 22 y\u0131lda ula\u015ft\u0131rma sekt\u00f6r\u00fcne 280 milyar dolar, demir yolu sekt\u00f6r\u00fcne ise 62,8 milyar dolar yat\u0131r\u0131m yap\u0131ld\u0131\u011f\u0131n\u0131 ifade eden Kurt, bu yat\u0131r\u0131mlar\u0131n 37,7 milyar dolar\u0131n\u0131n TCDD taraf\u0131ndan ger\u00e7ekle\u015ftirildi\u011fini vurgulad\u0131. Genel M\u00fcd\u00fcr Kurt, 2 bin 251 km h\u0131zl\u0131 demir yolu a\u011f\u0131yla T\u00fcrkiye\u2019nin d\u00fcnyada 8\u2019inci, Avrupa\u2019da 6\u2019nc\u0131 y\u00fcksek h\u0131zl\u0131 tren i\u015fletmecisi oldu\u011funu belirtti.\u00a0 T\u00fcrkiye\u2019nin ihracat\u0131nda demir yolunun pay\u0131n\u0131n y\u00fczde 0,7 oldu\u011funu kaydeden Kurt, bu oran\u0131 art\u0131rmak i\u00e7in lojistik merkezler ve iltisak hatlar\u0131n\u0131n yayg\u0131nla\u015ft\u0131r\u0131ld\u0131\u011f\u0131n\u0131, \u00c7in-Hazar-T\u00fcrkiye-Avrupa Orta Koridoru\u2019nun g\u00fc\u00e7lendirilmesi i\u00e7in \u00e7al\u0131\u015f\u0131ld\u0131\u011f\u0131n\u0131 ifade etti. 5 \u015fehirde 291 km\u2019lik banliy\u00f6 hizmeti verdiklerini de ekledi. Kurt, komisyonda liyakat ele\u015ftirilerine yan\u0131t vererek, t\u00fcm i\u015flemlerin hukuka uygun oldu\u011funu belirtti. \u200bT\u00fcrkiye Cumhuriyeti Devlet Demiryollar\u0131 (TCDD) \u0130\u015fletmesi Genel M\u00fcd\u00fcrl\u00fc\u011f\u00fc&#8217;n\u00fcn 2021-2022 y\u0131l\u0131 hesaplar\u0131, TBMM K\u0130T Komisyonunda g\u00f6r\u00fc\u015f\u00fcld\u00fc.ANKARA (\u0130GFA) &#8211; TBMM b\u00fcnyesindeki K\u0130T Komisyonu&#8217;nda TCDD\u2019nin 2021-2022 hesaplar\u0131 ibra edildi. TCDD Genel M\u00fcd\u00fcr\u00fc Veysi Kurt, komisyonda yapt\u0131\u011f\u0131 sunumda, T\u00fcrkiye\u2019nin Asya ile Avrupa aras\u0131ndaki stratejik konumuyla \u00f6nemli bir lojistik \u00fcs olma potansiyeline sahip oldu\u011funu belirtti. &hellip;","og_url":"https:\/\/denizcankizil.tr\/en\/haberler\/gundem\/tcddnin-2021-2022-hesaplarina-kit-ibrasi\/","og_site_name":"Av. Deniz Can K\u0131z\u0131l","article_published_time":"2025-04-17T15:41:54+00:00","author":"admin","twitter_card":"summary_large_image","twitter_misc":{"Written by":"admin","Estimated reading time":"2 minutes"},"schema":{"@context":"https:\/\/schema.org","@graph":[{"@type":"Article","@id":"https:\/\/denizcankizil.tr\/ru\/haberler\/gundem\/tcddnin-2021-2022-hesaplarina-kit-ibrasi\/#article","isPartOf":{"@id":"https:\/\/denizcankizil.tr\/ru\/haberler\/gundem\/tcddnin-2021-2022-hesaplarina-kit-ibrasi\/"},"author":{"name":"admin","@id":"https:\/\/denizcankizil.tr\/de\/#\/schema\/person\/be3c05fe6a12686905512445d8185489"},"headline":"TCDD&#8217;nin 2021-2022 hesaplar\u0131na K\u0130T ibras\u0131","datePublished":"2025-04-17T15:41:54+00:00","mainEntityOfPage":{"@id":"https:\/\/denizcankizil.tr\/ru\/haberler\/gundem\/tcddnin-2021-2022-hesaplarina-kit-ibrasi\/"},"wordCount":458,"publisher":{"@id":"https:\/\/denizcankizil.tr\/de\/#organization"},"articleSection":["G\u00fcndem"],"inLanguage":"en-GB"},{"@type":"WebPage","@id":"https:\/\/denizcankizil.tr\/ru\/haberler\/gundem\/tcddnin-2021-2022-hesaplarina-kit-ibrasi\/","url":"https:\/\/denizcankizil.tr\/ru\/haberler\/gundem\/tcddnin-2021-2022-hesaplarina-kit-ibrasi\/","name":"TCDD'nin 2021-2022 hesaplar\u0131na K\u0130T ibras\u0131 - Av. Deniz Can K\u0131z\u0131l","isPartOf":{"@id":"https:\/\/denizcankizil.tr\/de\/#website"},"datePublished":"2025-04-17T15:41:54+00:00","breadcrumb":{"@id":"https:\/\/denizcankizil.tr\/ru\/haberler\/gundem\/tcddnin-2021-2022-hesaplarina-kit-ibrasi\/#breadcrumb"},"inLanguage":"en-GB","potentialAction":[{"@type":"ReadAction","target":["https:\/\/denizcankizil.tr\/ru\/haberler\/gundem\/tcddnin-2021-2022-hesaplarina-kit-ibrasi\/"]}]},{"@type":"BreadcrumbList","@id":"https:\/\/denizcankizil.tr\/ru\/haberler\/gundem\/tcddnin-2021-2022-hesaplarina-kit-ibrasi\/#breadcrumb","itemListElement":[{"@type":"ListItem","position":1,"name":"Home","item":"https:\/\/denizcankizil.tr\/de\/"},{"@type":"ListItem","position":2,"name":"TCDD&#8217;nin 2021-2022 hesaplar\u0131na K\u0130T ibras\u0131"}]},{"@type":"WebSite","@id":"https:\/\/denizcankizil.tr\/de\/#website","url":"https:\/\/denizcankizil.tr\/de\/","name":"Av. Deniz Can K\u0131z\u0131l","description":"Avukat Deniz Can K\u0131z\u0131l Antalya Barosu","publisher":{"@id":"https:\/\/denizcankizil.tr\/de\/#organization"},"potentialAction":[{"@type":"SearchAction","target":{"@type":"EntryPoint","urlTemplate":"https:\/\/denizcankizil.tr\/de\/?s={search_term_string}"},"query-input":{"@type":"PropertyValueSpecification","valueRequired":true,"valueName":"search_term_string"}}],"inLanguage":"en-GB"},{"@type":"Organization","@id":"https:\/\/denizcankizil.tr\/de\/#organization","name":"Av. Deniz Can K\u0131z\u0131l","url":"https:\/\/denizcankizil.tr\/de\/","logo":{"@type":"ImageObject","inLanguage":"en-GB","@id":"https:\/\/denizcankizil.tr\/de\/#\/schema\/logo\/image\/","url":"https:\/\/denizcankizil.tr\/wp-content\/uploads\/2024\/10\/siyah-logo-svg.svg","contentUrl":"https:\/\/denizcankizil.tr\/wp-content\/uploads\/2024\/10\/siyah-logo-svg.svg","width":1080,"height":1080,"caption":"Av. Deniz Can K\u0131z\u0131l"},"image":{"@id":"https:\/\/denizcankizil.tr\/de\/#\/schema\/logo\/image\/"}},{"@type":"Person","@id":"https:\/\/denizcankizil.tr\/de\/#\/schema\/person\/be3c05fe6a12686905512445d8185489","name":"admin","image":{"@type":"ImageObject","inLanguage":"en-GB","@id":"https:\/\/denizcankizil.tr\/de\/#\/schema\/person\/image\/","url":"https:\/\/secure.gravatar.com\/avatar\/c1fce94c830dc79107e174f890d7210541c4a63e8e5d816341794a2151c9d58c?s=96&d=mm&r=g","contentUrl":"https:\/\/secure.gravatar.com\/avatar\/c1fce94c830dc79107e174f890d7210541c4a63e8e5d816341794a2151c9d58c?s=96&d=mm&r=g","caption":"admin"},"sameAs":["http:\/\/denizcankizil.tr"],"url":"https:\/\/www.iskenderun.org\/tcddnin-2021-2022-hesaplarina-kit-ibrasi"}]}},"_links":{"self":[{"href":"https:\/\/denizcankizil.tr\/en\/wp-json\/wp\/v2\/posts\/58667","targetHints":{"allow":["GET"]}}],"collection":[{"href":"https:\/\/denizcankizil.tr\/en\/wp-json\/wp\/v2\/posts"}],"about":[{"href":"https:\/\/denizcankizil.tr\/en\/wp-json\/wp\/v2\/types\/post"}],"author":[{"embeddable":true,"href":"https:\/\/denizcankizil.tr\/en\/wp-json\/wp\/v2\/users\/1"}],"replies":[{"embeddable":true,"href":"https:\/\/denizcankizil.tr\/en\/wp-json\/wp\/v2\/comments?post=58667"}],"version-history":[{"count":0,"href":"https:\/\/denizcankizil.tr\/en\/wp-json\/wp\/v2\/posts\/58667\/revisions"}],"wp:attachment":[{"href":"https:\/\/denizcankizil.tr\/en\/wp-json\/wp\/v2\/media?parent=58667"}],"wp:term":[{"taxonomy":"category","embeddable":true,"href":"https:\/\/denizcankizil.tr\/en\/wp-json\/wp\/v2\/categories?post=58667"},{"taxonomy":"post_tag","embeddable":true,"href":"https:\/\/denizcankizil.tr\/en\/wp-json\/wp\/v2\/tags?post=58667"}],"curies":[{"name":"wp","href":"https:\/\/api.w.org\/{rel}","templated":true}]}}