{"id":58630,"date":"2025-04-17T17:42:15","date_gmt":"2025-04-17T14:42:15","guid":{"rendered":"https:\/\/denizcankizil.tr\/uncategorized-tr\/iste-turizm-fakultesinde-turizm-haftasi-coskusu\/"},"modified":"2025-04-17T17:42:15","modified_gmt":"2025-04-17T14:42:15","slug":"iste-turizm-fakultesinde-turizm-haftasi-coskusu","status":"publish","type":"post","link":"https:\/\/denizcankizil.tr\/en\/haberler\/gundem\/iste-turizm-fakultesinde-turizm-haftasi-coskusu\/","title":{"rendered":"\u0130STE Turizm Fak\u00fcltesi\u2019nde Turizm Haftas\u0131 Co\u015fkusu"},"content":{"rendered":"<p>Her y\u0131l 15-22 Nisan tarihleri aras\u0131nda kutlanan Turizm Haftas\u0131 dolay\u0131s\u0131yla \u0130STE Merkez Kamp\u00fcs Turuncu Salon\u2019da d\u00fczenlenen etkinli\u011fe; Rekt\u00f6r Prof. Dr. Mehmet Duruel, Rekt\u00f6r Yard\u0131mc\u0131lar\u0131, Genel Sekreter Y\u0131lmaz Balaman, \u0130skenderun Turizm ve Tan\u0131tma Derne\u011fi Ba\u015fkan\u0131 Sabahattin Uygun, fak\u00fclte dekanlar\u0131, akademisyenler, \u00f6\u011frenciler ve davetliler kat\u0131ld\u0131.<\/p>\n<p>Program, Cumhuriyetimizin kurucusu Gazi Mustafa Kemal Atat\u00fcrk ve silah arkada\u015flar\u0131 ile t\u00fcm \u015fehitler an\u0131s\u0131na yap\u0131lan sayg\u0131 duru\u015fu ve \u0130stiklal Mar\u015f\u0131 ile ba\u015flad\u0131.<\/p>\n<p>\u201cTurizm \u00e7ok y\u00f6nl\u00fc ve stratejik bir aland\u0131r\u201d<\/p>\n<p>Etkinli\u011fin a\u00e7\u0131l\u0131\u015f konu\u015fmas\u0131n\u0131 ger\u00e7ekle\u015ftiren Turizm Fak\u00fcltesi Dekan\u0131 Prof. Dr. Yakup Kutlu, turizmin \u00fclke ve b\u00f6lge ekonomisi i\u00e7in ta\u015f\u0131d\u0131\u011f\u0131 stratejik \u00f6neme dikkat \u00e7ekerek, fak\u00fclte olarak y\u00fcr\u00fct\u00fclen akademik \u00e7al\u0131\u015fmalar ve sekt\u00f6rle kurulan i\u015f birlikleri hakk\u0131nda bilgi verdi.<\/p>\n<p>Rekt\u00f6r Prof. Dr. Mehmet Duruel ise konu\u015fmas\u0131nda, Turizm Haftas\u0131\u2019n\u0131n do\u011fal, tarihi ve k\u00fclt\u00fcrel zenginliklerin tan\u0131t\u0131m\u0131 a\u00e7\u0131s\u0131ndan \u00f6nemli bir f\u0131rsat oldu\u011funu belirtti. Turizmi yaln\u0131zca ekonomik bir faaliyet olarak g\u00f6rmediklerini vurgulayan Duruel, \u201cTurizm, k\u00fclt\u00fcrler aras\u0131 etkile\u015fimi te\u015fvik eden, toplumsal kalk\u0131nmaya katk\u0131 sa\u011flayan ve \u00e7evresel fark\u0131ndal\u0131\u011f\u0131 art\u0131ran \u00e7ok y\u00f6nl\u00fc bir aland\u0131r,\u201d dedi.<\/p>\n<p>Hatay\u2019\u0131n \u00e7ok k\u00fclt\u00fcrl\u00fc yap\u0131s\u0131, tarihi miras\u0131, e\u015fsiz gastronomisi ve do\u011fal g\u00fczellikleriyle b\u00fcy\u00fck bir turizm potansiyeline sahip oldu\u011funu dile getiren Duruel, e\u011fitimli bireylerin turizmin s\u00fcrd\u00fcr\u00fclebilir kalk\u0131nmas\u0131na sa\u011flayaca\u011f\u0131 katk\u0131n\u0131n alt\u0131n\u0131 \u00e7izdi.<\/p>\n<p>Sekt\u00f6rel De\u011ferlendirme Sunumu Yo\u011fun \u0130lgi G\u00f6rd\u00fc<\/p>\n<p>Program\u0131n akademik b\u00f6l\u00fcm\u00fcnde, Gaziantep \u00dcniversitesi Turizm Fak\u00fcltesi \u00d6\u011fretim \u00dcyesi Prof. Dr. \u0130brahim Giritlio\u011flu taraf\u0131ndan \u201cVeriler I\u015f\u0131\u011f\u0131nda Turizmde G\u00fcncel Geli\u015fmeler ve De\u011ferlendirmeler\u201d ba\u015fl\u0131kl\u0131 kapsaml\u0131 bir sunum yap\u0131ld\u0131. Sunumda, T\u00fcrkiye ve d\u00fcnya turizm sekt\u00f6r\u00fcndeki g\u00fcncel veriler \u0131\u015f\u0131\u011f\u0131nda sekt\u00f6rel geli\u015fmeler ve gelece\u011fe dair \u00f6ng\u00f6r\u00fcler payla\u015f\u0131ld\u0131.<\/p>\n<p>Kat\u0131l\u0131mc\u0131lar taraf\u0131ndan ilgiyle takip edilen sunumun ard\u0131ndan, Rekt\u00f6r Prof. Dr. Mehmet Duruel, Prof. Dr. \u0130brahim Giritlio\u011flu\u2019na katk\u0131lar\u0131ndan dolay\u0131 \u00e7i\u00e7ek ve te\u015fekk\u00fcr belgesi takdim etti.<\/p>\n<p>Program boyunca paneller, at\u00f6lyeler ve gezilerle \u00f6\u011frencilerin bilgi ve deneyimlerinin art\u0131r\u0131lmas\u0131 hedeflenirken, etkinli\u011fin verimli ve ilham verici bir atmosferde ge\u00e7mesi kat\u0131l\u0131mc\u0131lar taraf\u0131ndan memnuniyetle kar\u015f\u0131land\u0131.<\/p>\n<p>\u200b\u0130skenderun Teknik \u00dcniversitesi (\u0130STE) Turizm Fak\u00fcltesi taraf\u0131ndan d\u00fczenlenen Turizm Haftas\u0131 Etkinlikleri, Rekt\u00f6r Prof. Dr. Mehmet Duruel\u2019in ev sahipli\u011finde ger\u00e7ekle\u015ftirilen a\u00e7\u0131l\u0131\u015f program\u0131yla ba\u015flad\u0131.\u00a0<\/p>\n<p>\u200bHaberin Al\u0131nt\u0131land\u0131\u011f\u0131 Kaynak: www.iskenderun.org<\/p>","protected":false},"excerpt":{"rendered":"<p>Her y\u0131l 15-22 Nisan tarihleri aras\u0131nda kutlanan Turizm Haftas\u0131 dolay\u0131s\u0131yla \u0130STE Merkez Kamp\u00fcs Turuncu Salon\u2019da d\u00fczenlenen etkinli\u011fe; Rekt\u00f6r Prof. Dr. Mehmet Duruel, Rekt\u00f6r Yard\u0131mc\u0131lar\u0131, Genel Sekreter Y\u0131lmaz Balaman, \u0130skenderun Turizm ve Tan\u0131tma Derne\u011fi Ba\u015fkan\u0131 Sabahattin Uygun, fak\u00fclte dekanlar\u0131, akademisyenler, \u00f6\u011frenciler ve davetliler kat\u0131ld\u0131. Program, Cumhuriyetimizin kurucusu Gazi Mustafa Kemal Atat\u00fcrk ve silah arkada\u015flar\u0131 ile t\u00fcm \u015fehitler an\u0131s\u0131na yap\u0131lan sayg\u0131 duru\u015fu ve \u0130stiklal Mar\u015f\u0131 ile ba\u015flad\u0131. \u201cTurizm \u00e7ok y\u00f6nl\u00fc ve stratejik bir aland\u0131r\u201d Etkinli\u011fin a\u00e7\u0131l\u0131\u015f konu\u015fmas\u0131n\u0131 ger\u00e7ekle\u015ftiren Turizm Fak\u00fcltesi Dekan\u0131 Prof. Dr. Yakup Kutlu, turizmin \u00fclke ve b\u00f6lge ekonomisi i\u00e7in ta\u015f\u0131d\u0131\u011f\u0131 stratejik \u00f6neme dikkat \u00e7ekerek, fak\u00fclte olarak y\u00fcr\u00fct\u00fclen akademik \u00e7al\u0131\u015fmalar ve sekt\u00f6rle kurulan i\u015f birlikleri hakk\u0131nda bilgi verdi. Rekt\u00f6r Prof. Dr. Mehmet Duruel ise konu\u015fmas\u0131nda, Turizm Haftas\u0131\u2019n\u0131n do\u011fal, tarihi ve k\u00fclt\u00fcrel zenginliklerin tan\u0131t\u0131m\u0131 a\u00e7\u0131s\u0131ndan \u00f6nemli bir f\u0131rsat oldu\u011funu belirtti. Turizmi yaln\u0131zca ekonomik bir faaliyet olarak g\u00f6rmediklerini vurgulayan Duruel, \u201cTurizm, k\u00fclt\u00fcrler aras\u0131 etkile\u015fimi te\u015fvik eden, toplumsal kalk\u0131nmaya katk\u0131 sa\u011flayan ve \u00e7evresel fark\u0131ndal\u0131\u011f\u0131 art\u0131ran \u00e7ok y\u00f6nl\u00fc bir aland\u0131r,\u201d dedi. Hatay\u2019\u0131n \u00e7ok k\u00fclt\u00fcrl\u00fc yap\u0131s\u0131, tarihi miras\u0131, e\u015fsiz gastronomisi ve do\u011fal g\u00fczellikleriyle b\u00fcy\u00fck bir turizm potansiyeline sahip oldu\u011funu dile getiren Duruel, e\u011fitimli bireylerin turizmin s\u00fcrd\u00fcr\u00fclebilir kalk\u0131nmas\u0131na sa\u011flayaca\u011f\u0131 katk\u0131n\u0131n alt\u0131n\u0131 \u00e7izdi. Sekt\u00f6rel De\u011ferlendirme Sunumu Yo\u011fun \u0130lgi G\u00f6rd\u00fc Program\u0131n akademik b\u00f6l\u00fcm\u00fcnde, Gaziantep \u00dcniversitesi Turizm Fak\u00fcltesi \u00d6\u011fretim \u00dcyesi &hellip;<\/p>","protected":false},"author":1,"featured_media":0,"comment_status":"","ping_status":"open","sticky":false,"template":"","format":"standard","meta":{"_acf_changed":false,"footnotes":""},"categories":[24],"tags":[],"class_list":["post-58630","post","type-post","status-publish","format-standard","has-post-thumbnail","hentry","category-gundem"],"acf":[],"yoast_head":"<!-- This site is optimized with the Yoast SEO Premium plugin v26.6 (Yoast SEO v27.1.1) - https:\/\/yoast.com\/product\/yoast-seo-premium-wordpress\/ -->\n<title>\u0130STE Turizm Fak\u00fcltesi\u2019nde Turizm Haftas\u0131 Co\u015fkusu - Av. Deniz Can K\u0131z\u0131l<\/title>\n<meta name=\"robots\" content=\"index, follow, max-snippet:-1, max-image-preview:large, max-video-preview:-1\" \/>\n<link rel=\"canonical\" href=\"https:\/\/denizcankizil.tr\/en\/haberler\/gundem\/iste-turizm-fakultesinde-turizm-haftasi-coskusu\/\" \/>\n<meta property=\"og:locale\" content=\"en_GB\" \/>\n<meta property=\"og:type\" content=\"article\" \/>\n<meta property=\"og:title\" content=\"\u0130STE Turizm Fak\u00fcltesi\u2019nde Turizm Haftas\u0131 Co\u015fkusu\" \/>\n<meta property=\"og:description\" content=\"Her y\u0131l 15-22 Nisan tarihleri aras\u0131nda kutlanan Turizm Haftas\u0131 dolay\u0131s\u0131yla \u0130STE Merkez Kamp\u00fcs Turuncu Salon\u2019da d\u00fczenlenen etkinli\u011fe; Rekt\u00f6r Prof. Dr. Mehmet Duruel, Rekt\u00f6r Yard\u0131mc\u0131lar\u0131, Genel Sekreter Y\u0131lmaz Balaman, \u0130skenderun Turizm ve Tan\u0131tma Derne\u011fi Ba\u015fkan\u0131 Sabahattin Uygun, fak\u00fclte dekanlar\u0131, akademisyenler, \u00f6\u011frenciler ve davetliler kat\u0131ld\u0131. Program, Cumhuriyetimizin kurucusu Gazi Mustafa Kemal Atat\u00fcrk ve silah arkada\u015flar\u0131 ile t\u00fcm \u015fehitler an\u0131s\u0131na yap\u0131lan sayg\u0131 duru\u015fu ve \u0130stiklal Mar\u015f\u0131 ile ba\u015flad\u0131. \u201cTurizm \u00e7ok y\u00f6nl\u00fc ve stratejik bir aland\u0131r\u201d Etkinli\u011fin a\u00e7\u0131l\u0131\u015f konu\u015fmas\u0131n\u0131 ger\u00e7ekle\u015ftiren Turizm Fak\u00fcltesi Dekan\u0131 Prof. Dr. Yakup Kutlu, turizmin \u00fclke ve b\u00f6lge ekonomisi i\u00e7in ta\u015f\u0131d\u0131\u011f\u0131 stratejik \u00f6neme dikkat \u00e7ekerek, fak\u00fclte olarak y\u00fcr\u00fct\u00fclen akademik \u00e7al\u0131\u015fmalar ve sekt\u00f6rle kurulan i\u015f birlikleri hakk\u0131nda bilgi verdi. Rekt\u00f6r Prof. Dr. Mehmet Duruel ise konu\u015fmas\u0131nda, Turizm Haftas\u0131\u2019n\u0131n do\u011fal, tarihi ve k\u00fclt\u00fcrel zenginliklerin tan\u0131t\u0131m\u0131 a\u00e7\u0131s\u0131ndan \u00f6nemli bir f\u0131rsat oldu\u011funu belirtti. Turizmi yaln\u0131zca ekonomik bir faaliyet olarak g\u00f6rmediklerini vurgulayan Duruel, \u201cTurizm, k\u00fclt\u00fcrler aras\u0131 etkile\u015fimi te\u015fvik eden, toplumsal kalk\u0131nmaya katk\u0131 sa\u011flayan ve \u00e7evresel fark\u0131ndal\u0131\u011f\u0131 art\u0131ran \u00e7ok y\u00f6nl\u00fc bir aland\u0131r,\u201d dedi. Hatay\u2019\u0131n \u00e7ok k\u00fclt\u00fcrl\u00fc yap\u0131s\u0131, tarihi miras\u0131, e\u015fsiz gastronomisi ve do\u011fal g\u00fczellikleriyle b\u00fcy\u00fck bir turizm potansiyeline sahip oldu\u011funu dile getiren Duruel, e\u011fitimli bireylerin turizmin s\u00fcrd\u00fcr\u00fclebilir kalk\u0131nmas\u0131na sa\u011flayaca\u011f\u0131 katk\u0131n\u0131n alt\u0131n\u0131 \u00e7izdi. Sekt\u00f6rel De\u011ferlendirme Sunumu Yo\u011fun \u0130lgi G\u00f6rd\u00fc Program\u0131n akademik b\u00f6l\u00fcm\u00fcnde, Gaziantep \u00dcniversitesi Turizm Fak\u00fcltesi \u00d6\u011fretim \u00dcyesi &hellip;\" \/>\n<meta property=\"og:url\" content=\"https:\/\/denizcankizil.tr\/en\/haberler\/gundem\/iste-turizm-fakultesinde-turizm-haftasi-coskusu\/\" \/>\n<meta property=\"og:site_name\" content=\"Av. Deniz Can K\u0131z\u0131l\" \/>\n<meta property=\"article:published_time\" content=\"2025-04-17T14:42:15+00:00\" \/>\n<meta name=\"author\" content=\"admin\" \/>\n<meta name=\"twitter:card\" content=\"summary_large_image\" \/>\n<meta name=\"twitter:label1\" content=\"Written by\" \/>\n\t<meta name=\"twitter:data1\" content=\"admin\" \/>\n\t<meta name=\"twitter:label2\" content=\"Estimated reading time\" \/>\n\t<meta name=\"twitter:data2\" content=\"2 minutes\" \/>\n<script type=\"application\/ld+json\" class=\"yoast-schema-graph\">{\"@context\":\"https:\/\/schema.org\",\"@graph\":[{\"@type\":\"Article\",\"@id\":\"https:\/\/denizcankizil.tr\/en\/haberler\/gundem\/iste-turizm-fakultesinde-turizm-haftasi-coskusu\/#article\",\"isPartOf\":{\"@id\":\"https:\/\/denizcankizil.tr\/en\/haberler\/gundem\/iste-turizm-fakultesinde-turizm-haftasi-coskusu\/\"},\"author\":{\"name\":\"admin\",\"@id\":\"https:\/\/denizcankizil.tr\/de\/#\/schema\/person\/be3c05fe6a12686905512445d8185489\"},\"headline\":\"\u0130STE Turizm Fak\u00fcltesi\u2019nde Turizm Haftas\u0131 Co\u015fkusu\",\"datePublished\":\"2025-04-17T14:42:15+00:00\",\"mainEntityOfPage\":{\"@id\":\"https:\/\/denizcankizil.tr\/en\/haberler\/gundem\/iste-turizm-fakultesinde-turizm-haftasi-coskusu\/\"},\"wordCount\":474,\"publisher\":{\"@id\":\"https:\/\/denizcankizil.tr\/de\/#organization\"},\"articleSection\":[\"G\u00fcndem\"],\"inLanguage\":\"en-GB\"},{\"@type\":\"WebPage\",\"@id\":\"https:\/\/denizcankizil.tr\/en\/haberler\/gundem\/iste-turizm-fakultesinde-turizm-haftasi-coskusu\/\",\"url\":\"https:\/\/denizcankizil.tr\/en\/haberler\/gundem\/iste-turizm-fakultesinde-turizm-haftasi-coskusu\/\",\"name\":\"\u0130STE Turizm Fak\u00fcltesi\u2019nde Turizm Haftas\u0131 Co\u015fkusu - Av. Deniz Can K\u0131z\u0131l\",\"isPartOf\":{\"@id\":\"https:\/\/denizcankizil.tr\/de\/#website\"},\"datePublished\":\"2025-04-17T14:42:15+00:00\",\"breadcrumb\":{\"@id\":\"https:\/\/denizcankizil.tr\/en\/haberler\/gundem\/iste-turizm-fakultesinde-turizm-haftasi-coskusu\/#breadcrumb\"},\"inLanguage\":\"en-GB\",\"potentialAction\":[{\"@type\":\"ReadAction\",\"target\":[\"https:\/\/denizcankizil.tr\/en\/haberler\/gundem\/iste-turizm-fakultesinde-turizm-haftasi-coskusu\/\"]}]},{\"@type\":\"BreadcrumbList\",\"@id\":\"https:\/\/denizcankizil.tr\/en\/haberler\/gundem\/iste-turizm-fakultesinde-turizm-haftasi-coskusu\/#breadcrumb\",\"itemListElement\":[{\"@type\":\"ListItem\",\"position\":1,\"name\":\"Home\",\"item\":\"https:\/\/denizcankizil.tr\/de\/\"},{\"@type\":\"ListItem\",\"position\":2,\"name\":\"\u0130STE Turizm Fak\u00fcltesi\u2019nde Turizm Haftas\u0131 Co\u015fkusu\"}]},{\"@type\":\"WebSite\",\"@id\":\"https:\/\/denizcankizil.tr\/de\/#website\",\"url\":\"https:\/\/denizcankizil.tr\/de\/\",\"name\":\"Av. Deniz Can K\u0131z\u0131l\",\"description\":\"Avukat Deniz Can K\u0131z\u0131l Antalya Barosu\",\"publisher\":{\"@id\":\"https:\/\/denizcankizil.tr\/de\/#organization\"},\"potentialAction\":[{\"@type\":\"SearchAction\",\"target\":{\"@type\":\"EntryPoint\",\"urlTemplate\":\"https:\/\/denizcankizil.tr\/de\/?s={search_term_string}\"},\"query-input\":{\"@type\":\"PropertyValueSpecification\",\"valueRequired\":true,\"valueName\":\"search_term_string\"}}],\"inLanguage\":\"en-GB\"},{\"@type\":\"Organization\",\"@id\":\"https:\/\/denizcankizil.tr\/de\/#organization\",\"name\":\"Av. Deniz Can K\u0131z\u0131l\",\"url\":\"https:\/\/denizcankizil.tr\/de\/\",\"logo\":{\"@type\":\"ImageObject\",\"inLanguage\":\"en-GB\",\"@id\":\"https:\/\/denizcankizil.tr\/de\/#\/schema\/logo\/image\/\",\"url\":\"https:\/\/denizcankizil.tr\/wp-content\/uploads\/2024\/10\/siyah-logo-svg.svg\",\"contentUrl\":\"https:\/\/denizcankizil.tr\/wp-content\/uploads\/2024\/10\/siyah-logo-svg.svg\",\"width\":1080,\"height\":1080,\"caption\":\"Av. Deniz Can K\u0131z\u0131l\"},\"image\":{\"@id\":\"https:\/\/denizcankizil.tr\/de\/#\/schema\/logo\/image\/\"}},{\"@type\":\"Person\",\"@id\":\"https:\/\/denizcankizil.tr\/de\/#\/schema\/person\/be3c05fe6a12686905512445d8185489\",\"name\":\"admin\",\"image\":{\"@type\":\"ImageObject\",\"inLanguage\":\"en-GB\",\"@id\":\"https:\/\/denizcankizil.tr\/de\/#\/schema\/person\/image\/\",\"url\":\"https:\/\/secure.gravatar.com\/avatar\/c1fce94c830dc79107e174f890d7210541c4a63e8e5d816341794a2151c9d58c?s=96&d=mm&r=g\",\"contentUrl\":\"https:\/\/secure.gravatar.com\/avatar\/c1fce94c830dc79107e174f890d7210541c4a63e8e5d816341794a2151c9d58c?s=96&d=mm&r=g\",\"caption\":\"admin\"},\"sameAs\":[\"http:\/\/denizcankizil.tr\"],\"url\":\"https:\/\/www.iskenderun.org\/iste-turizm-fakultesinde-turizm-haftasi-coskusu\"}]}<\/script>\n<!-- \/ Yoast SEO Premium plugin. -->","yoast_head_json":{"title":"\u0130STE Turizm Fak\u00fcltesi\u2019nde Turizm Haftas\u0131 Co\u015fkusu - Av. Deniz Can K\u0131z\u0131l","robots":{"index":"index","follow":"follow","max-snippet":"max-snippet:-1","max-image-preview":"max-image-preview:large","max-video-preview":"max-video-preview:-1"},"canonical":"https:\/\/denizcankizil.tr\/en\/haberler\/gundem\/iste-turizm-fakultesinde-turizm-haftasi-coskusu\/","og_locale":"en_GB","og_type":"article","og_title":"\u0130STE Turizm Fak\u00fcltesi\u2019nde Turizm Haftas\u0131 Co\u015fkusu","og_description":"Her y\u0131l 15-22 Nisan tarihleri aras\u0131nda kutlanan Turizm Haftas\u0131 dolay\u0131s\u0131yla \u0130STE Merkez Kamp\u00fcs Turuncu Salon\u2019da d\u00fczenlenen etkinli\u011fe; Rekt\u00f6r Prof. Dr. Mehmet Duruel, Rekt\u00f6r Yard\u0131mc\u0131lar\u0131, Genel Sekreter Y\u0131lmaz Balaman, \u0130skenderun Turizm ve Tan\u0131tma Derne\u011fi Ba\u015fkan\u0131 Sabahattin Uygun, fak\u00fclte dekanlar\u0131, akademisyenler, \u00f6\u011frenciler ve davetliler kat\u0131ld\u0131. Program, Cumhuriyetimizin kurucusu Gazi Mustafa Kemal Atat\u00fcrk ve silah arkada\u015flar\u0131 ile t\u00fcm \u015fehitler an\u0131s\u0131na yap\u0131lan sayg\u0131 duru\u015fu ve \u0130stiklal Mar\u015f\u0131 ile ba\u015flad\u0131. \u201cTurizm \u00e7ok y\u00f6nl\u00fc ve stratejik bir aland\u0131r\u201d Etkinli\u011fin a\u00e7\u0131l\u0131\u015f konu\u015fmas\u0131n\u0131 ger\u00e7ekle\u015ftiren Turizm Fak\u00fcltesi Dekan\u0131 Prof. Dr. Yakup Kutlu, turizmin \u00fclke ve b\u00f6lge ekonomisi i\u00e7in ta\u015f\u0131d\u0131\u011f\u0131 stratejik \u00f6neme dikkat \u00e7ekerek, fak\u00fclte olarak y\u00fcr\u00fct\u00fclen akademik \u00e7al\u0131\u015fmalar ve sekt\u00f6rle kurulan i\u015f birlikleri hakk\u0131nda bilgi verdi. Rekt\u00f6r Prof. Dr. Mehmet Duruel ise konu\u015fmas\u0131nda, Turizm Haftas\u0131\u2019n\u0131n do\u011fal, tarihi ve k\u00fclt\u00fcrel zenginliklerin tan\u0131t\u0131m\u0131 a\u00e7\u0131s\u0131ndan \u00f6nemli bir f\u0131rsat oldu\u011funu belirtti. Turizmi yaln\u0131zca ekonomik bir faaliyet olarak g\u00f6rmediklerini vurgulayan Duruel, \u201cTurizm, k\u00fclt\u00fcrler aras\u0131 etkile\u015fimi te\u015fvik eden, toplumsal kalk\u0131nmaya katk\u0131 sa\u011flayan ve \u00e7evresel fark\u0131ndal\u0131\u011f\u0131 art\u0131ran \u00e7ok y\u00f6nl\u00fc bir aland\u0131r,\u201d dedi. Hatay\u2019\u0131n \u00e7ok k\u00fclt\u00fcrl\u00fc yap\u0131s\u0131, tarihi miras\u0131, e\u015fsiz gastronomisi ve do\u011fal g\u00fczellikleriyle b\u00fcy\u00fck bir turizm potansiyeline sahip oldu\u011funu dile getiren Duruel, e\u011fitimli bireylerin turizmin s\u00fcrd\u00fcr\u00fclebilir kalk\u0131nmas\u0131na sa\u011flayaca\u011f\u0131 katk\u0131n\u0131n alt\u0131n\u0131 \u00e7izdi. Sekt\u00f6rel De\u011ferlendirme Sunumu Yo\u011fun \u0130lgi G\u00f6rd\u00fc Program\u0131n akademik b\u00f6l\u00fcm\u00fcnde, Gaziantep \u00dcniversitesi Turizm Fak\u00fcltesi \u00d6\u011fretim \u00dcyesi &hellip;","og_url":"https:\/\/denizcankizil.tr\/en\/haberler\/gundem\/iste-turizm-fakultesinde-turizm-haftasi-coskusu\/","og_site_name":"Av. Deniz Can K\u0131z\u0131l","article_published_time":"2025-04-17T14:42:15+00:00","author":"admin","twitter_card":"summary_large_image","twitter_misc":{"Written by":"admin","Estimated reading time":"2 minutes"},"schema":{"@context":"https:\/\/schema.org","@graph":[{"@type":"Article","@id":"https:\/\/denizcankizil.tr\/en\/haberler\/gundem\/iste-turizm-fakultesinde-turizm-haftasi-coskusu\/#article","isPartOf":{"@id":"https:\/\/denizcankizil.tr\/en\/haberler\/gundem\/iste-turizm-fakultesinde-turizm-haftasi-coskusu\/"},"author":{"name":"admin","@id":"https:\/\/denizcankizil.tr\/de\/#\/schema\/person\/be3c05fe6a12686905512445d8185489"},"headline":"\u0130STE Turizm Fak\u00fcltesi\u2019nde Turizm Haftas\u0131 Co\u015fkusu","datePublished":"2025-04-17T14:42:15+00:00","mainEntityOfPage":{"@id":"https:\/\/denizcankizil.tr\/en\/haberler\/gundem\/iste-turizm-fakultesinde-turizm-haftasi-coskusu\/"},"wordCount":474,"publisher":{"@id":"https:\/\/denizcankizil.tr\/de\/#organization"},"articleSection":["G\u00fcndem"],"inLanguage":"en-GB"},{"@type":"WebPage","@id":"https:\/\/denizcankizil.tr\/en\/haberler\/gundem\/iste-turizm-fakultesinde-turizm-haftasi-coskusu\/","url":"https:\/\/denizcankizil.tr\/en\/haberler\/gundem\/iste-turizm-fakultesinde-turizm-haftasi-coskusu\/","name":"\u0130STE Turizm Fak\u00fcltesi\u2019nde Turizm Haftas\u0131 Co\u015fkusu - Av. Deniz Can K\u0131z\u0131l","isPartOf":{"@id":"https:\/\/denizcankizil.tr\/de\/#website"},"datePublished":"2025-04-17T14:42:15+00:00","breadcrumb":{"@id":"https:\/\/denizcankizil.tr\/en\/haberler\/gundem\/iste-turizm-fakultesinde-turizm-haftasi-coskusu\/#breadcrumb"},"inLanguage":"en-GB","potentialAction":[{"@type":"ReadAction","target":["https:\/\/denizcankizil.tr\/en\/haberler\/gundem\/iste-turizm-fakultesinde-turizm-haftasi-coskusu\/"]}]},{"@type":"BreadcrumbList","@id":"https:\/\/denizcankizil.tr\/en\/haberler\/gundem\/iste-turizm-fakultesinde-turizm-haftasi-coskusu\/#breadcrumb","itemListElement":[{"@type":"ListItem","position":1,"name":"Home","item":"https:\/\/denizcankizil.tr\/de\/"},{"@type":"ListItem","position":2,"name":"\u0130STE Turizm Fak\u00fcltesi\u2019nde Turizm Haftas\u0131 Co\u015fkusu"}]},{"@type":"WebSite","@id":"https:\/\/denizcankizil.tr\/de\/#website","url":"https:\/\/denizcankizil.tr\/de\/","name":"Av. Deniz Can K\u0131z\u0131l","description":"Avukat Deniz Can K\u0131z\u0131l Antalya Barosu","publisher":{"@id":"https:\/\/denizcankizil.tr\/de\/#organization"},"potentialAction":[{"@type":"SearchAction","target":{"@type":"EntryPoint","urlTemplate":"https:\/\/denizcankizil.tr\/de\/?s={search_term_string}"},"query-input":{"@type":"PropertyValueSpecification","valueRequired":true,"valueName":"search_term_string"}}],"inLanguage":"en-GB"},{"@type":"Organization","@id":"https:\/\/denizcankizil.tr\/de\/#organization","name":"Av. Deniz Can K\u0131z\u0131l","url":"https:\/\/denizcankizil.tr\/de\/","logo":{"@type":"ImageObject","inLanguage":"en-GB","@id":"https:\/\/denizcankizil.tr\/de\/#\/schema\/logo\/image\/","url":"https:\/\/denizcankizil.tr\/wp-content\/uploads\/2024\/10\/siyah-logo-svg.svg","contentUrl":"https:\/\/denizcankizil.tr\/wp-content\/uploads\/2024\/10\/siyah-logo-svg.svg","width":1080,"height":1080,"caption":"Av. Deniz Can K\u0131z\u0131l"},"image":{"@id":"https:\/\/denizcankizil.tr\/de\/#\/schema\/logo\/image\/"}},{"@type":"Person","@id":"https:\/\/denizcankizil.tr\/de\/#\/schema\/person\/be3c05fe6a12686905512445d8185489","name":"admin","image":{"@type":"ImageObject","inLanguage":"en-GB","@id":"https:\/\/denizcankizil.tr\/de\/#\/schema\/person\/image\/","url":"https:\/\/secure.gravatar.com\/avatar\/c1fce94c830dc79107e174f890d7210541c4a63e8e5d816341794a2151c9d58c?s=96&d=mm&r=g","contentUrl":"https:\/\/secure.gravatar.com\/avatar\/c1fce94c830dc79107e174f890d7210541c4a63e8e5d816341794a2151c9d58c?s=96&d=mm&r=g","caption":"admin"},"sameAs":["http:\/\/denizcankizil.tr"],"url":"https:\/\/www.iskenderun.org\/iste-turizm-fakultesinde-turizm-haftasi-coskusu"}]}},"_links":{"self":[{"href":"https:\/\/denizcankizil.tr\/en\/wp-json\/wp\/v2\/posts\/58630","targetHints":{"allow":["GET"]}}],"collection":[{"href":"https:\/\/denizcankizil.tr\/en\/wp-json\/wp\/v2\/posts"}],"about":[{"href":"https:\/\/denizcankizil.tr\/en\/wp-json\/wp\/v2\/types\/post"}],"author":[{"embeddable":true,"href":"https:\/\/denizcankizil.tr\/en\/wp-json\/wp\/v2\/users\/1"}],"replies":[{"embeddable":true,"href":"https:\/\/denizcankizil.tr\/en\/wp-json\/wp\/v2\/comments?post=58630"}],"version-history":[{"count":0,"href":"https:\/\/denizcankizil.tr\/en\/wp-json\/wp\/v2\/posts\/58630\/revisions"}],"wp:attachment":[{"href":"https:\/\/denizcankizil.tr\/en\/wp-json\/wp\/v2\/media?parent=58630"}],"wp:term":[{"taxonomy":"category","embeddable":true,"href":"https:\/\/denizcankizil.tr\/en\/wp-json\/wp\/v2\/categories?post=58630"},{"taxonomy":"post_tag","embeddable":true,"href":"https:\/\/denizcankizil.tr\/en\/wp-json\/wp\/v2\/tags?post=58630"}],"curies":[{"name":"wp","href":"https:\/\/api.w.org\/{rel}","templated":true}]}}