{"id":58603,"date":"2025-04-17T15:01:00","date_gmt":"2025-04-17T12:01:00","guid":{"rendered":"https:\/\/denizcankizil.tr\/uncategorized-tr\/tahliye-edilen-avukat-selcuk-kozagacli-yeniden-tutuklandi\/"},"modified":"2025-04-17T15:01:00","modified_gmt":"2025-04-17T12:01:00","slug":"tahliye-edilen-avukat-selcuk-kozagacli-yeniden-tutuklandi","status":"publish","type":"post","link":"https:\/\/denizcankizil.tr\/en\/hukukihaber\/tahliye-edilen-avukat-selcuk-kozagacli-yeniden-tutuklandi\/","title":{"rendered":"Tahliye edilen Avukat Sel\u00e7uk Koza\u011fa\u00e7l\u0131 yeniden tutukland\u0131"},"content":{"rendered":"<p>\u00c7a\u011fda\u015f Hukuk\u00e7ular Derne\u011fi\u2019nin (\u00c7HD) Onursal Genel Ba\u015fkan\u0131 Sel\u00e7uk Koza\u011fa\u00e7l\u0131, tutuklu oldu\u011fu Silivri&#8217;deki Marmara Ceza \u0130nfaz Kurumu&#8217;ndan 8 y\u0131l sonra d\u00fcn ak\u015fam saatlerinde tahliye edilmi\u015fti. Koza\u011fa\u00e7l\u0131&#8217;n\u0131n tahliyesi \u00c7HD&#8217;nin sosyal medya hesab\u0131ndan, &#8220;Onursal ba\u015fkan\u0131m\u0131z Av. Sel\u00e7uk Koza\u011fa\u00e7l\u0131 tahliye olmu\u015ftur&#8221; notu ile duyurmu\u015ftu. Payla\u015f\u0131lan videoda, cezaevinin \u00f6n\u00fcnde bekleyenlerin Koza\u011fa\u00e7l\u0131\u2019ya \u00e7i\u00e7ek verdi\u011fi g\u00f6r\u00fcld\u00fc.<\/p>\n<p>YEN\u0130DEN G\u00d6ZALTINA ALINDI<\/p>\n<p>Ancak, tahliye karar\u0131na yap\u0131lan bir itirazla Koza\u011fa\u00e7l\u0131 hakk\u0131nda yeniden yakalama karar\u0131 verildi. Savc\u0131l\u0131k yetkililerinden edinilen bilgiye g\u00f6re, Koza\u011fa\u00e7l\u0131 yakalama karar\u0131 do\u011frultusunda yeniden g\u00f6zalt\u0131na al\u0131nd\u0131.<\/p>\n<p>SAVCILIK \u0130T\u0130RAZ ETT\u0130<\/p>\n<p>Edinilen bilgiye g\u00f6re \u00c7a\u011fda\u015f Hukuk\u00e7ular Derne\u011fi (\u00c7HD) Onursal Genel Ba\u015fkan\u0131 Sel\u00e7uk Koza\u011fa\u00e7l\u0131 hakk\u0131nda yeni bir soru\u015fturma a\u00e7\u0131lmad\u0131.<\/p>\n<p>H\u00fckm\u00fcn\u00fc tamamlay\u0131p tahliye edilmesine dair savc\u0131l\u0131k taraf\u0131ndan yap\u0131lan itiraz \u00fczerine yakalama \u00e7\u0131kar\u0131ld\u0131\u011f\u0131 ve sa\u011fl\u0131k muayenesinden sonra \u00c7a\u011flayan Adliyesi&#8217;ne getirilece\u011fi bildirildi.\u00a0<\/p>\n<p>Bak\u0131rk\u00f6y Cumhuriyet Ba\u015fsavc\u0131l\u0131\u011f\u0131 taraf\u0131ndan yap\u0131lan itiraz \u00fczerine Koza\u011fa\u00e7l\u0131&#8217;ya \u015fartl\u0131 tahliye karar\u0131 veren Bak\u0131rk\u00f6y \u0130nfaz Hakimli\u011fi itiraz\u0131 kabul ederek \u015fartl\u0131 tahliye talebinin kabul\u00fc karar\u0131n\u0131 kald\u0131rarak talebin reddi karar\u0131 vermi\u015ftir.<\/p>\n<p>S\u0130L\u0130VR\u0130 CEZAEV\u0130&#8217;NE G\u00d6T\u00dcR\u00dcLD\u00dc<\/p>\n<p>Koza\u011fa\u00e7l\u0131\u2019n\u0131n tahliye karar\u0131n\u0131 veren ard\u0131ndan savc\u0131l\u0131\u011f\u0131n itiraz\u0131 \u00fczerine karar\u0131 kald\u0131ran hakimlik, geli\u015fim puan\u0131n\u0131n d\u00fc\u015f\u00fck olmas\u0131 sebebiyle iyi hal ko\u015fullar\u0131n\u0131n yerine getirilmedi\u011fine h\u00fckmetti.\u00a0<\/p>\n<p>\u00c7HD\u2019li avukatlar, mevcut karara itiraz edilece\u011fini bildirdi.<\/p>\n<p>Koza\u011fa\u00e7l\u0131 yeniden tutuklanarak Silivri Cezaevi&#8217;ne g\u00f6t\u00fcr\u00fcld\u00fc.\u00a0<\/p>\n<p>\u00c7HD&#8217;DEN A\u00c7IKLAMA<\/p>\n<p>\u00c7a\u011fda\u015f Hukuk\u00e7ular Derne\u011fi, Koza\u011fa\u00e7l\u0131&#8217;n\u0131n g\u00f6zalt\u0131na al\u0131nmas\u0131na ili\u015fkin \u015fu a\u00e7\u0131klamay\u0131 yapt\u0131:\u00a0<\/p>\n<p>&#8221;\u00c7HD Onursal Ba\u015fkan\u0131 Av. Sel\u00e7uk Koza\u011fa\u00e7l\u0131 hakk\u0131nda Bak\u0131rk\u00f6y \u0130nfaz Hakimli\u011finin ko\u015fullu sal\u0131verilmesi karar\u0131na Bak\u0131rk\u00f6y Cumhuriyet Ba\u015fsavc\u0131l\u0131\u011f\u0131 taraf\u0131ndan yap\u0131lan itiraz \u00fczerine yine ayn\u0131 hakimlik, itiraz\u0131 kabul ederek ko\u015fullu sal\u0131verilme talebinin kabul\u00fc karar\u0131n\u0131 kald\u0131rm\u0131\u015f ve sal\u0131verilme talebinin reddi y\u00f6n\u00fcnde karar vermi\u015ftir. Sel\u00e7uk Koza\u011fa\u00e7l\u0131 an itibariyle \u00c7a\u011flayan Adliyesine getirilmektedir.<\/p>\n<p>\u00c7a\u011flayan CBS, Sel\u00e7uk Koza\u011fa\u00e7l\u0131 adliyeye getirildikten sonra m\u00fcddetname haz\u0131rlanarak hapishaneye g\u00f6nderilece\u011fi bilgisi verdi.&#8221;<\/p>\n<p>\u200bTutuklu oldu\u011fu Marmara Ceza \u0130nfaz Kurumu&#8217;ndan 8 y\u0131l sonra tahliye edilen \u00c7a\u011fda\u015f Hukuk\u00e7ular Derne\u011fi\u2019nin (\u00c7HD) Onursal Genel Ba\u015fkan\u0131 Avukat Sel\u00e7uk Koza\u011fa\u00e7l\u0131, tahliye karar\u0131na kar\u015f\u0131 yap\u0131lan itiraz \u00fczerine bug\u00fcn yakalanarak g\u00f6zalt\u0131na al\u0131nd\u0131. Koza\u011fa\u00e7l\u0131 yeniden tutuklanarak Silivri Cezaevi&#8217;ne g\u00f6t\u00fcr\u00fcld\u00fc.\u00a0Hukuki Haber<\/p>\n<p>Haberin Al\u0131nt\u0131land\u0131\u011f\u0131 Kaynak: www.hukukihaber.net<\/p>","protected":false},"excerpt":{"rendered":"<p>\u00c7a\u011fda\u015f Hukuk\u00e7ular Derne\u011fi\u2019nin (\u00c7HD) Onursal Genel Ba\u015fkan\u0131 Sel\u00e7uk Koza\u011fa\u00e7l\u0131, tutuklu oldu\u011fu Silivri&#8217;deki Marmara Ceza \u0130nfaz Kurumu&#8217;ndan 8 y\u0131l sonra d\u00fcn ak\u015fam saatlerinde tahliye edilmi\u015fti. Koza\u011fa\u00e7l\u0131&#8217;n\u0131n tahliyesi \u00c7HD&#8217;nin sosyal medya hesab\u0131ndan, &#8220;Onursal ba\u015fkan\u0131m\u0131z Av. Sel\u00e7uk Koza\u011fa\u00e7l\u0131 tahliye olmu\u015ftur&#8221; notu ile duyurmu\u015ftu. Payla\u015f\u0131lan videoda, cezaevinin \u00f6n\u00fcnde bekleyenlerin Koza\u011fa\u00e7l\u0131\u2019ya \u00e7i\u00e7ek verdi\u011fi g\u00f6r\u00fcld\u00fc. YEN\u0130DEN G\u00d6ZALTINA ALINDI Ancak, tahliye karar\u0131na yap\u0131lan bir itirazla Koza\u011fa\u00e7l\u0131 hakk\u0131nda yeniden yakalama karar\u0131 verildi. Savc\u0131l\u0131k yetkililerinden edinilen bilgiye g\u00f6re, Koza\u011fa\u00e7l\u0131 yakalama karar\u0131 do\u011frultusunda yeniden g\u00f6zalt\u0131na al\u0131nd\u0131. SAVCILIK \u0130T\u0130RAZ ETT\u0130 Edinilen bilgiye g\u00f6re \u00c7a\u011fda\u015f Hukuk\u00e7ular Derne\u011fi (\u00c7HD) Onursal Genel Ba\u015fkan\u0131 Sel\u00e7uk Koza\u011fa\u00e7l\u0131 hakk\u0131nda yeni bir soru\u015fturma a\u00e7\u0131lmad\u0131. H\u00fckm\u00fcn\u00fc tamamlay\u0131p tahliye edilmesine dair savc\u0131l\u0131k taraf\u0131ndan yap\u0131lan itiraz \u00fczerine yakalama \u00e7\u0131kar\u0131ld\u0131\u011f\u0131 ve sa\u011fl\u0131k muayenesinden sonra \u00c7a\u011flayan Adliyesi&#8217;ne getirilece\u011fi bildirildi.\u00a0 Bak\u0131rk\u00f6y Cumhuriyet Ba\u015fsavc\u0131l\u0131\u011f\u0131 taraf\u0131ndan yap\u0131lan itiraz \u00fczerine Koza\u011fa\u00e7l\u0131&#8217;ya \u015fartl\u0131 tahliye karar\u0131 veren Bak\u0131rk\u00f6y \u0130nfaz Hakimli\u011fi itiraz\u0131 kabul ederek \u015fartl\u0131 tahliye talebinin kabul\u00fc karar\u0131n\u0131 kald\u0131rarak talebin reddi karar\u0131 vermi\u015ftir. S\u0130L\u0130VR\u0130 CEZAEV\u0130&#8217;NE G\u00d6T\u00dcR\u00dcLD\u00dc Koza\u011fa\u00e7l\u0131\u2019n\u0131n tahliye karar\u0131n\u0131 veren ard\u0131ndan savc\u0131l\u0131\u011f\u0131n itiraz\u0131 \u00fczerine karar\u0131 kald\u0131ran hakimlik, geli\u015fim puan\u0131n\u0131n d\u00fc\u015f\u00fck olmas\u0131 sebebiyle iyi hal ko\u015fullar\u0131n\u0131n yerine getirilmedi\u011fine h\u00fckmetti.\u00a0 \u00c7HD\u2019li avukatlar, mevcut karara itiraz edilece\u011fini bildirdi. Koza\u011fa\u00e7l\u0131 yeniden tutuklanarak Silivri Cezaevi&#8217;ne g\u00f6t\u00fcr\u00fcld\u00fc.\u00a0 \u00c7HD&#8217;DEN A\u00c7IKLAMA \u00c7a\u011fda\u015f Hukuk\u00e7ular Derne\u011fi, Koza\u011fa\u00e7l\u0131&#8217;n\u0131n g\u00f6zalt\u0131na al\u0131nmas\u0131na ili\u015fkin \u015fu a\u00e7\u0131klamay\u0131 yapt\u0131:\u00a0 &#8221;\u00c7HD Onursal Ba\u015fkan\u0131 Av. Sel\u00e7uk Koza\u011fa\u00e7l\u0131 &hellip;<\/p>","protected":false},"author":3,"featured_media":0,"comment_status":"","ping_status":"open","sticky":false,"template":"","format":"standard","meta":{"_acf_changed":false,"footnotes":""},"categories":[27],"tags":[],"class_list":["post-58603","post","type-post","status-publish","format-standard","has-post-thumbnail","hentry","category-hukukihaber"],"acf":[],"yoast_head":"<!-- This site is optimized with the Yoast SEO Premium plugin v26.6 (Yoast SEO v27.1.1) - https:\/\/yoast.com\/product\/yoast-seo-premium-wordpress\/ -->\n<title>Tahliye edilen Avukat Sel\u00e7uk Koza\u011fa\u00e7l\u0131 yeniden tutukland\u0131 - Av. Deniz Can K\u0131z\u0131l<\/title>\n<meta name=\"robots\" content=\"index, follow, max-snippet:-1, max-image-preview:large, max-video-preview:-1\" \/>\n<link rel=\"canonical\" href=\"http:\/\/denizcankizil.tr\/en\/hukukihaber\/tahliye-edilen-avukat-selcuk-kozagacli-yeniden-tutuklandi\/\" \/>\n<meta property=\"og:locale\" content=\"en_GB\" \/>\n<meta property=\"og:type\" content=\"article\" \/>\n<meta property=\"og:title\" content=\"Tahliye edilen Avukat Sel\u00e7uk Koza\u011fa\u00e7l\u0131 yeniden tutukland\u0131\" \/>\n<meta property=\"og:description\" content=\"\u00c7a\u011fda\u015f Hukuk\u00e7ular Derne\u011fi\u2019nin (\u00c7HD) Onursal Genel Ba\u015fkan\u0131 Sel\u00e7uk Koza\u011fa\u00e7l\u0131, tutuklu oldu\u011fu Silivri&#8217;deki Marmara Ceza \u0130nfaz Kurumu&#8217;ndan 8 y\u0131l sonra d\u00fcn ak\u015fam saatlerinde tahliye edilmi\u015fti. Koza\u011fa\u00e7l\u0131&#8217;n\u0131n tahliyesi \u00c7HD&#8217;nin sosyal medya hesab\u0131ndan, &#8220;Onursal ba\u015fkan\u0131m\u0131z Av. Sel\u00e7uk Koza\u011fa\u00e7l\u0131 tahliye olmu\u015ftur&#8221; notu ile duyurmu\u015ftu. Payla\u015f\u0131lan videoda, cezaevinin \u00f6n\u00fcnde bekleyenlerin Koza\u011fa\u00e7l\u0131\u2019ya \u00e7i\u00e7ek verdi\u011fi g\u00f6r\u00fcld\u00fc. YEN\u0130DEN G\u00d6ZALTINA ALINDI Ancak, tahliye karar\u0131na yap\u0131lan bir itirazla Koza\u011fa\u00e7l\u0131 hakk\u0131nda yeniden yakalama karar\u0131 verildi. Savc\u0131l\u0131k yetkililerinden edinilen bilgiye g\u00f6re, Koza\u011fa\u00e7l\u0131 yakalama karar\u0131 do\u011frultusunda yeniden g\u00f6zalt\u0131na al\u0131nd\u0131. SAVCILIK \u0130T\u0130RAZ ETT\u0130 Edinilen bilgiye g\u00f6re \u00c7a\u011fda\u015f Hukuk\u00e7ular Derne\u011fi (\u00c7HD) Onursal Genel Ba\u015fkan\u0131 Sel\u00e7uk Koza\u011fa\u00e7l\u0131 hakk\u0131nda yeni bir soru\u015fturma a\u00e7\u0131lmad\u0131. H\u00fckm\u00fcn\u00fc tamamlay\u0131p tahliye edilmesine dair savc\u0131l\u0131k taraf\u0131ndan yap\u0131lan itiraz \u00fczerine yakalama \u00e7\u0131kar\u0131ld\u0131\u011f\u0131 ve sa\u011fl\u0131k muayenesinden sonra \u00c7a\u011flayan Adliyesi&#8217;ne getirilece\u011fi bildirildi.\u00a0 Bak\u0131rk\u00f6y Cumhuriyet Ba\u015fsavc\u0131l\u0131\u011f\u0131 taraf\u0131ndan yap\u0131lan itiraz \u00fczerine Koza\u011fa\u00e7l\u0131&#8217;ya \u015fartl\u0131 tahliye karar\u0131 veren Bak\u0131rk\u00f6y \u0130nfaz Hakimli\u011fi itiraz\u0131 kabul ederek \u015fartl\u0131 tahliye talebinin kabul\u00fc karar\u0131n\u0131 kald\u0131rarak talebin reddi karar\u0131 vermi\u015ftir. S\u0130L\u0130VR\u0130 CEZAEV\u0130&#8217;NE G\u00d6T\u00dcR\u00dcLD\u00dc Koza\u011fa\u00e7l\u0131\u2019n\u0131n tahliye karar\u0131n\u0131 veren ard\u0131ndan savc\u0131l\u0131\u011f\u0131n itiraz\u0131 \u00fczerine karar\u0131 kald\u0131ran hakimlik, geli\u015fim puan\u0131n\u0131n d\u00fc\u015f\u00fck olmas\u0131 sebebiyle iyi hal ko\u015fullar\u0131n\u0131n yerine getirilmedi\u011fine h\u00fckmetti.\u00a0 \u00c7HD\u2019li avukatlar, mevcut karara itiraz edilece\u011fini bildirdi. Koza\u011fa\u00e7l\u0131 yeniden tutuklanarak Silivri Cezaevi&#8217;ne g\u00f6t\u00fcr\u00fcld\u00fc.\u00a0 \u00c7HD&#8217;DEN A\u00c7IKLAMA \u00c7a\u011fda\u015f Hukuk\u00e7ular Derne\u011fi, Koza\u011fa\u00e7l\u0131&#8217;n\u0131n g\u00f6zalt\u0131na al\u0131nmas\u0131na ili\u015fkin \u015fu a\u00e7\u0131klamay\u0131 yapt\u0131:\u00a0 &#8221;\u00c7HD Onursal Ba\u015fkan\u0131 Av. Sel\u00e7uk Koza\u011fa\u00e7l\u0131 &hellip;\" \/>\n<meta property=\"og:url\" content=\"http:\/\/denizcankizil.tr\/en\/hukukihaber\/tahliye-edilen-avukat-selcuk-kozagacli-yeniden-tutuklandi\/\" \/>\n<meta property=\"og:site_name\" content=\"Av. Deniz Can K\u0131z\u0131l\" \/>\n<meta property=\"article:published_time\" content=\"2025-04-17T12:01:00+00:00\" \/>\n<meta name=\"author\" content=\"Hukuki Haber.net\" \/>\n<meta name=\"twitter:card\" content=\"summary_large_image\" \/>\n<meta name=\"twitter:label1\" content=\"Written by\" \/>\n\t<meta name=\"twitter:data1\" content=\"Hukuki Haber.net\" \/>\n\t<meta name=\"twitter:label2\" content=\"Estimated reading time\" \/>\n\t<meta name=\"twitter:data2\" content=\"2 minutes\" \/>\n<script type=\"application\/ld+json\" class=\"yoast-schema-graph\">{\"@context\":\"https:\/\/schema.org\",\"@graph\":[{\"@type\":\"Article\",\"@id\":\"http:\/\/denizcankizil.tr\/uk\/hukukihaber\/tahliye-edilen-avukat-selcuk-kozagacli-yeniden-tutuklandi\/#article\",\"isPartOf\":{\"@id\":\"http:\/\/denizcankizil.tr\/uk\/hukukihaber\/tahliye-edilen-avukat-selcuk-kozagacli-yeniden-tutuklandi\/\"},\"author\":{\"name\":\"Hukuki Haber.net\",\"@id\":\"https:\/\/denizcankizil.tr\/de\/#\/schema\/person\/001a271de994a0aa3f90eea084424822\"},\"headline\":\"Tahliye edilen Avukat Sel\u00e7uk Koza\u011fa\u00e7l\u0131 yeniden tutukland\u0131\",\"datePublished\":\"2025-04-17T12:01:00+00:00\",\"mainEntityOfPage\":{\"@id\":\"http:\/\/denizcankizil.tr\/uk\/hukukihaber\/tahliye-edilen-avukat-selcuk-kozagacli-yeniden-tutuklandi\/\"},\"wordCount\":509,\"publisher\":{\"@id\":\"https:\/\/denizcankizil.tr\/de\/#organization\"},\"articleSection\":[\"Hukuki Haberler\"],\"inLanguage\":\"en-GB\"},{\"@type\":\"WebPage\",\"@id\":\"http:\/\/denizcankizil.tr\/uk\/hukukihaber\/tahliye-edilen-avukat-selcuk-kozagacli-yeniden-tutuklandi\/\",\"url\":\"http:\/\/denizcankizil.tr\/uk\/hukukihaber\/tahliye-edilen-avukat-selcuk-kozagacli-yeniden-tutuklandi\/\",\"name\":\"Tahliye edilen Avukat Sel\u00e7uk Koza\u011fa\u00e7l\u0131 yeniden tutukland\u0131 - Av. Deniz Can K\u0131z\u0131l\",\"isPartOf\":{\"@id\":\"https:\/\/denizcankizil.tr\/de\/#website\"},\"datePublished\":\"2025-04-17T12:01:00+00:00\",\"breadcrumb\":{\"@id\":\"http:\/\/denizcankizil.tr\/uk\/hukukihaber\/tahliye-edilen-avukat-selcuk-kozagacli-yeniden-tutuklandi\/#breadcrumb\"},\"inLanguage\":\"en-GB\",\"potentialAction\":[{\"@type\":\"ReadAction\",\"target\":[\"http:\/\/denizcankizil.tr\/uk\/hukukihaber\/tahliye-edilen-avukat-selcuk-kozagacli-yeniden-tutuklandi\/\"]}]},{\"@type\":\"BreadcrumbList\",\"@id\":\"http:\/\/denizcankizil.tr\/uk\/hukukihaber\/tahliye-edilen-avukat-selcuk-kozagacli-yeniden-tutuklandi\/#breadcrumb\",\"itemListElement\":[{\"@type\":\"ListItem\",\"position\":1,\"name\":\"Home\",\"item\":\"https:\/\/denizcankizil.tr\/de\/\"},{\"@type\":\"ListItem\",\"position\":2,\"name\":\"Tahliye edilen Avukat Sel\u00e7uk Koza\u011fa\u00e7l\u0131 yeniden tutukland\u0131\"}]},{\"@type\":\"WebSite\",\"@id\":\"https:\/\/denizcankizil.tr\/de\/#website\",\"url\":\"https:\/\/denizcankizil.tr\/de\/\",\"name\":\"Av. Deniz Can K\u0131z\u0131l\",\"description\":\"Avukat Deniz Can K\u0131z\u0131l Antalya Barosu\",\"publisher\":{\"@id\":\"https:\/\/denizcankizil.tr\/de\/#organization\"},\"potentialAction\":[{\"@type\":\"SearchAction\",\"target\":{\"@type\":\"EntryPoint\",\"urlTemplate\":\"https:\/\/denizcankizil.tr\/de\/?s={search_term_string}\"},\"query-input\":{\"@type\":\"PropertyValueSpecification\",\"valueRequired\":true,\"valueName\":\"search_term_string\"}}],\"inLanguage\":\"en-GB\"},{\"@type\":\"Organization\",\"@id\":\"https:\/\/denizcankizil.tr\/de\/#organization\",\"name\":\"Av. Deniz Can K\u0131z\u0131l\",\"url\":\"https:\/\/denizcankizil.tr\/de\/\",\"logo\":{\"@type\":\"ImageObject\",\"inLanguage\":\"en-GB\",\"@id\":\"https:\/\/denizcankizil.tr\/de\/#\/schema\/logo\/image\/\",\"url\":\"https:\/\/denizcankizil.tr\/wp-content\/uploads\/2024\/10\/siyah-logo-svg.svg\",\"contentUrl\":\"https:\/\/denizcankizil.tr\/wp-content\/uploads\/2024\/10\/siyah-logo-svg.svg\",\"width\":1080,\"height\":1080,\"caption\":\"Av. Deniz Can K\u0131z\u0131l\"},\"image\":{\"@id\":\"https:\/\/denizcankizil.tr\/de\/#\/schema\/logo\/image\/\"}},{\"@type\":\"Person\",\"@id\":\"https:\/\/denizcankizil.tr\/de\/#\/schema\/person\/001a271de994a0aa3f90eea084424822\",\"name\":\"Hukuki Haber.net\",\"image\":{\"@type\":\"ImageObject\",\"inLanguage\":\"en-GB\",\"@id\":\"https:\/\/denizcankizil.tr\/de\/#\/schema\/person\/image\/\",\"url\":\"https:\/\/secure.gravatar.com\/avatar\/57d8a49151495586611a149d29fc42865b951dc053a84709a3172ccb5abf3118?s=96&d=mm&r=g\",\"contentUrl\":\"https:\/\/secure.gravatar.com\/avatar\/57d8a49151495586611a149d29fc42865b951dc053a84709a3172ccb5abf3118?s=96&d=mm&r=g\",\"caption\":\"Hukuki Haber.net\"},\"sameAs\":[\"http:\/\/www.hukukihaber.net\"],\"url\":\"https:\/\/www.hukukihaber.net\/tahliye-edilen-avukat-selcuk-kozagacli-yeniden-tutuklandi\"}]}<\/script>\n<!-- \/ Yoast SEO Premium plugin. -->","yoast_head_json":{"title":"Tahliye edilen Avukat Sel\u00e7uk Koza\u011fa\u00e7l\u0131 yeniden tutukland\u0131 - Av. Deniz Can K\u0131z\u0131l","robots":{"index":"index","follow":"follow","max-snippet":"max-snippet:-1","max-image-preview":"max-image-preview:large","max-video-preview":"max-video-preview:-1"},"canonical":"http:\/\/denizcankizil.tr\/en\/hukukihaber\/tahliye-edilen-avukat-selcuk-kozagacli-yeniden-tutuklandi\/","og_locale":"en_GB","og_type":"article","og_title":"Tahliye edilen Avukat Sel\u00e7uk Koza\u011fa\u00e7l\u0131 yeniden tutukland\u0131","og_description":"\u00c7a\u011fda\u015f Hukuk\u00e7ular Derne\u011fi\u2019nin (\u00c7HD) Onursal Genel Ba\u015fkan\u0131 Sel\u00e7uk Koza\u011fa\u00e7l\u0131, tutuklu oldu\u011fu Silivri&#8217;deki Marmara Ceza \u0130nfaz Kurumu&#8217;ndan 8 y\u0131l sonra d\u00fcn ak\u015fam saatlerinde tahliye edilmi\u015fti. Koza\u011fa\u00e7l\u0131&#8217;n\u0131n tahliyesi \u00c7HD&#8217;nin sosyal medya hesab\u0131ndan, &#8220;Onursal ba\u015fkan\u0131m\u0131z Av. Sel\u00e7uk Koza\u011fa\u00e7l\u0131 tahliye olmu\u015ftur&#8221; notu ile duyurmu\u015ftu. Payla\u015f\u0131lan videoda, cezaevinin \u00f6n\u00fcnde bekleyenlerin Koza\u011fa\u00e7l\u0131\u2019ya \u00e7i\u00e7ek verdi\u011fi g\u00f6r\u00fcld\u00fc. YEN\u0130DEN G\u00d6ZALTINA ALINDI Ancak, tahliye karar\u0131na yap\u0131lan bir itirazla Koza\u011fa\u00e7l\u0131 hakk\u0131nda yeniden yakalama karar\u0131 verildi. Savc\u0131l\u0131k yetkililerinden edinilen bilgiye g\u00f6re, Koza\u011fa\u00e7l\u0131 yakalama karar\u0131 do\u011frultusunda yeniden g\u00f6zalt\u0131na al\u0131nd\u0131. SAVCILIK \u0130T\u0130RAZ ETT\u0130 Edinilen bilgiye g\u00f6re \u00c7a\u011fda\u015f Hukuk\u00e7ular Derne\u011fi (\u00c7HD) Onursal Genel Ba\u015fkan\u0131 Sel\u00e7uk Koza\u011fa\u00e7l\u0131 hakk\u0131nda yeni bir soru\u015fturma a\u00e7\u0131lmad\u0131. H\u00fckm\u00fcn\u00fc tamamlay\u0131p tahliye edilmesine dair savc\u0131l\u0131k taraf\u0131ndan yap\u0131lan itiraz \u00fczerine yakalama \u00e7\u0131kar\u0131ld\u0131\u011f\u0131 ve sa\u011fl\u0131k muayenesinden sonra \u00c7a\u011flayan Adliyesi&#8217;ne getirilece\u011fi bildirildi.\u00a0 Bak\u0131rk\u00f6y Cumhuriyet Ba\u015fsavc\u0131l\u0131\u011f\u0131 taraf\u0131ndan yap\u0131lan itiraz \u00fczerine Koza\u011fa\u00e7l\u0131&#8217;ya \u015fartl\u0131 tahliye karar\u0131 veren Bak\u0131rk\u00f6y \u0130nfaz Hakimli\u011fi itiraz\u0131 kabul ederek \u015fartl\u0131 tahliye talebinin kabul\u00fc karar\u0131n\u0131 kald\u0131rarak talebin reddi karar\u0131 vermi\u015ftir. S\u0130L\u0130VR\u0130 CEZAEV\u0130&#8217;NE G\u00d6T\u00dcR\u00dcLD\u00dc Koza\u011fa\u00e7l\u0131\u2019n\u0131n tahliye karar\u0131n\u0131 veren ard\u0131ndan savc\u0131l\u0131\u011f\u0131n itiraz\u0131 \u00fczerine karar\u0131 kald\u0131ran hakimlik, geli\u015fim puan\u0131n\u0131n d\u00fc\u015f\u00fck olmas\u0131 sebebiyle iyi hal ko\u015fullar\u0131n\u0131n yerine getirilmedi\u011fine h\u00fckmetti.\u00a0 \u00c7HD\u2019li avukatlar, mevcut karara itiraz edilece\u011fini bildirdi. Koza\u011fa\u00e7l\u0131 yeniden tutuklanarak Silivri Cezaevi&#8217;ne g\u00f6t\u00fcr\u00fcld\u00fc.\u00a0 \u00c7HD&#8217;DEN A\u00c7IKLAMA \u00c7a\u011fda\u015f Hukuk\u00e7ular Derne\u011fi, Koza\u011fa\u00e7l\u0131&#8217;n\u0131n g\u00f6zalt\u0131na al\u0131nmas\u0131na ili\u015fkin \u015fu a\u00e7\u0131klamay\u0131 yapt\u0131:\u00a0 &#8221;\u00c7HD Onursal Ba\u015fkan\u0131 Av. Sel\u00e7uk Koza\u011fa\u00e7l\u0131 &hellip;","og_url":"http:\/\/denizcankizil.tr\/en\/hukukihaber\/tahliye-edilen-avukat-selcuk-kozagacli-yeniden-tutuklandi\/","og_site_name":"Av. Deniz Can K\u0131z\u0131l","article_published_time":"2025-04-17T12:01:00+00:00","author":"Hukuki Haber.net","twitter_card":"summary_large_image","twitter_misc":{"Written by":"Hukuki Haber.net","Estimated reading time":"2 minutes"},"schema":{"@context":"https:\/\/schema.org","@graph":[{"@type":"Article","@id":"http:\/\/denizcankizil.tr\/uk\/hukukihaber\/tahliye-edilen-avukat-selcuk-kozagacli-yeniden-tutuklandi\/#article","isPartOf":{"@id":"http:\/\/denizcankizil.tr\/uk\/hukukihaber\/tahliye-edilen-avukat-selcuk-kozagacli-yeniden-tutuklandi\/"},"author":{"name":"Hukuki Haber.net","@id":"https:\/\/denizcankizil.tr\/de\/#\/schema\/person\/001a271de994a0aa3f90eea084424822"},"headline":"Tahliye edilen Avukat Sel\u00e7uk Koza\u011fa\u00e7l\u0131 yeniden tutukland\u0131","datePublished":"2025-04-17T12:01:00+00:00","mainEntityOfPage":{"@id":"http:\/\/denizcankizil.tr\/uk\/hukukihaber\/tahliye-edilen-avukat-selcuk-kozagacli-yeniden-tutuklandi\/"},"wordCount":509,"publisher":{"@id":"https:\/\/denizcankizil.tr\/de\/#organization"},"articleSection":["Hukuki Haberler"],"inLanguage":"en-GB"},{"@type":"WebPage","@id":"http:\/\/denizcankizil.tr\/uk\/hukukihaber\/tahliye-edilen-avukat-selcuk-kozagacli-yeniden-tutuklandi\/","url":"http:\/\/denizcankizil.tr\/uk\/hukukihaber\/tahliye-edilen-avukat-selcuk-kozagacli-yeniden-tutuklandi\/","name":"Tahliye edilen Avukat Sel\u00e7uk Koza\u011fa\u00e7l\u0131 yeniden tutukland\u0131 - Av. Deniz Can K\u0131z\u0131l","isPartOf":{"@id":"https:\/\/denizcankizil.tr\/de\/#website"},"datePublished":"2025-04-17T12:01:00+00:00","breadcrumb":{"@id":"http:\/\/denizcankizil.tr\/uk\/hukukihaber\/tahliye-edilen-avukat-selcuk-kozagacli-yeniden-tutuklandi\/#breadcrumb"},"inLanguage":"en-GB","potentialAction":[{"@type":"ReadAction","target":["http:\/\/denizcankizil.tr\/uk\/hukukihaber\/tahliye-edilen-avukat-selcuk-kozagacli-yeniden-tutuklandi\/"]}]},{"@type":"BreadcrumbList","@id":"http:\/\/denizcankizil.tr\/uk\/hukukihaber\/tahliye-edilen-avukat-selcuk-kozagacli-yeniden-tutuklandi\/#breadcrumb","itemListElement":[{"@type":"ListItem","position":1,"name":"Home","item":"https:\/\/denizcankizil.tr\/de\/"},{"@type":"ListItem","position":2,"name":"Tahliye edilen Avukat Sel\u00e7uk Koza\u011fa\u00e7l\u0131 yeniden tutukland\u0131"}]},{"@type":"WebSite","@id":"https:\/\/denizcankizil.tr\/de\/#website","url":"https:\/\/denizcankizil.tr\/de\/","name":"Av. Deniz Can K\u0131z\u0131l","description":"Avukat Deniz Can K\u0131z\u0131l Antalya Barosu","publisher":{"@id":"https:\/\/denizcankizil.tr\/de\/#organization"},"potentialAction":[{"@type":"SearchAction","target":{"@type":"EntryPoint","urlTemplate":"https:\/\/denizcankizil.tr\/de\/?s={search_term_string}"},"query-input":{"@type":"PropertyValueSpecification","valueRequired":true,"valueName":"search_term_string"}}],"inLanguage":"en-GB"},{"@type":"Organization","@id":"https:\/\/denizcankizil.tr\/de\/#organization","name":"Av. Deniz Can K\u0131z\u0131l","url":"https:\/\/denizcankizil.tr\/de\/","logo":{"@type":"ImageObject","inLanguage":"en-GB","@id":"https:\/\/denizcankizil.tr\/de\/#\/schema\/logo\/image\/","url":"https:\/\/denizcankizil.tr\/wp-content\/uploads\/2024\/10\/siyah-logo-svg.svg","contentUrl":"https:\/\/denizcankizil.tr\/wp-content\/uploads\/2024\/10\/siyah-logo-svg.svg","width":1080,"height":1080,"caption":"Av. Deniz Can K\u0131z\u0131l"},"image":{"@id":"https:\/\/denizcankizil.tr\/de\/#\/schema\/logo\/image\/"}},{"@type":"Person","@id":"https:\/\/denizcankizil.tr\/de\/#\/schema\/person\/001a271de994a0aa3f90eea084424822","name":"Hukuki Haber.net","image":{"@type":"ImageObject","inLanguage":"en-GB","@id":"https:\/\/denizcankizil.tr\/de\/#\/schema\/person\/image\/","url":"https:\/\/secure.gravatar.com\/avatar\/57d8a49151495586611a149d29fc42865b951dc053a84709a3172ccb5abf3118?s=96&d=mm&r=g","contentUrl":"https:\/\/secure.gravatar.com\/avatar\/57d8a49151495586611a149d29fc42865b951dc053a84709a3172ccb5abf3118?s=96&d=mm&r=g","caption":"Hukuki Haber.net"},"sameAs":["http:\/\/www.hukukihaber.net"],"url":"https:\/\/www.hukukihaber.net\/tahliye-edilen-avukat-selcuk-kozagacli-yeniden-tutuklandi"}]}},"_links":{"self":[{"href":"https:\/\/denizcankizil.tr\/en\/wp-json\/wp\/v2\/posts\/58603","targetHints":{"allow":["GET"]}}],"collection":[{"href":"https:\/\/denizcankizil.tr\/en\/wp-json\/wp\/v2\/posts"}],"about":[{"href":"https:\/\/denizcankizil.tr\/en\/wp-json\/wp\/v2\/types\/post"}],"author":[{"embeddable":true,"href":"https:\/\/denizcankizil.tr\/en\/wp-json\/wp\/v2\/users\/3"}],"replies":[{"embeddable":true,"href":"https:\/\/denizcankizil.tr\/en\/wp-json\/wp\/v2\/comments?post=58603"}],"version-history":[{"count":0,"href":"https:\/\/denizcankizil.tr\/en\/wp-json\/wp\/v2\/posts\/58603\/revisions"}],"wp:attachment":[{"href":"https:\/\/denizcankizil.tr\/en\/wp-json\/wp\/v2\/media?parent=58603"}],"wp:term":[{"taxonomy":"category","embeddable":true,"href":"https:\/\/denizcankizil.tr\/en\/wp-json\/wp\/v2\/categories?post=58603"},{"taxonomy":"post_tag","embeddable":true,"href":"https:\/\/denizcankizil.tr\/en\/wp-json\/wp\/v2\/tags?post=58603"}],"curies":[{"name":"wp","href":"https:\/\/api.w.org\/{rel}","templated":true}]}}